{"id":575,"date":"2013-05-12T19:27:00","date_gmt":"2013-05-12T17:27:00","guid":{"rendered":"http:\/\/blogg.svenskakyrkan.se\/vandravagen\/2013\/05\/12\/mellby-kyrka-och-dagens-handelser-dar\/"},"modified":"2013-05-12T19:27:00","modified_gmt":"2013-05-12T17:27:00","slug":"mellby-kyrka-och-dagens-handelser-dar","status":"publish","type":"post","link":"https:\/\/blogg.svenskakyrkan.se\/vandravagen\/2013\/05\/12\/mellby-kyrka-och-dagens-handelser-dar\/","title":{"rendered":"Mellby kyrka och dagens h\u00e4ndelser d\u00e4r"},"content":{"rendered":"<table align=\"center\" cellpadding=\"0\" cellspacing=\"0\">\n<tbody>\n<tr>\n<td><a href=\"http:\/\/2.bp.blogspot.com\/-BUEJd8qd9kw\/UY-8CAdQNBI\/AAAAAAAADZs\/9K3RXG8cL3g\/s1600\/mellbytak.jpg\"><img loading=\"lazy\" decoding=\"async\" border=\"0\" height=\"426\" src=\"http:\/\/2.bp.blogspot.com\/-BUEJd8qd9kw\/UY-8CAdQNBI\/AAAAAAAADZs\/9K3RXG8cL3g\/s640\/mellbytak.jpg\" width=\"640\"><\/a><\/td>\n<\/tr>\n<tr>\n<td>H\u00f6gt i tak och l\u00e5ga tr\u00f6sklar<\/td>\n<\/tr>\n<\/tbody>\n<\/table>\n<div>Idag var det konfirmation i Mellby f\u00f6r R\u00e5das konfirmander som jag p\u00e5 m\u00e4rkliga v\u00e4gar blivit konfapr\u00e4st \u00e5t. Det blev en v\u00e4ldigt fin gudstj\u00e4nst och konfirmandernas redovisning och medverkan gick v\u00e4ldigt bra. Roligt och fint, tack alla konfirmander och ledare!<\/div>\n<div><\/div>\n<div>H\u00e4r kommer n\u00e5gra vackra bilder p\u00e5 Mellby kyrka. F\u00f6rst vill jag bara dela tv\u00e5 citat fr\u00e5n dagen:<\/div>\n<div><\/div>\n<div>1, &#8221;Kyrkan!&#8221; -liten flicka n\u00e4r hon kom in genom d\u00f6rren.<\/div>\n<div><\/div>\n<div>2, &#8221;N\u00e4r man \u00e4r med och inte \u00e4r d\u00e4r och tittar p\u00e5 g\u00e5r det ju inte j\u00e4ttel\u00e5ngsamt med konfirmation&#8221; -konfirmand (det d\u00e4r \u00e4r n\u00e5got som g\u00e4ller f\u00f6r pr\u00e4ster, inte en chans att man hinner uppfatta n\u00e5got som segt, sj\u00e4lv har man ju att g\u00f6ra hela tiden!)<\/div>\n<div><\/div>\n<div><\/div>\n<table align=\"center\" cellpadding=\"0\" cellspacing=\"0\">\n<tbody>\n<tr>\n<td><a href=\"http:\/\/3.bp.blogspot.com\/-UUjyNTDtzhs\/UY-8A2GKp2I\/AAAAAAAADZg\/waVb-LJR2pA\/s1600\/a%CC%88ngeltrumpet.jpg\"><img loading=\"lazy\" decoding=\"async\" border=\"0\" height=\"400\" src=\"http:\/\/3.bp.blogspot.com\/-UUjyNTDtzhs\/UY-8A2GKp2I\/AAAAAAAADZg\/waVb-LJR2pA\/s400\/a%CC%88ngeltrumpet.jpg\" width=\"335\"><\/a><\/td>\n<\/tr>\n<tr>\n<td>Snygg och gammal<\/td>\n<\/tr>\n<\/tbody>\n<\/table>\n<div><\/div>\n<div><\/div>\n<\/p>\n<table align=\"center\" cellpadding=\"0\" cellspacing=\"0\">\n<tbody>\n<tr>\n<td><a href=\"http:\/\/1.bp.blogspot.com\/-YAq41WM34VY\/UY-8A8VusaI\/AAAAAAAADZc\/NFNSA3jeU7k\/s1600\/mellbyfo%CC%88nster.jpg\"><img loading=\"lazy\" decoding=\"async\" border=\"0\" height=\"400\" src=\"http:\/\/1.bp.blogspot.com\/-YAq41WM34VY\/UY-8A8VusaI\/AAAAAAAADZc\/NFNSA3jeU7k\/s400\/mellbyfo%CC%88nster.jpg\" width=\"400\"><\/a><\/td>\n<\/tr>\n<tr>\n<td>En v\u00e5ning upp<\/td>\n<\/tr>\n<\/tbody>\n<\/table>\n<div><\/div>\n<div><\/div>\n<div><\/div>\n<div><\/div>\n<div><\/div>\n<div><\/div>\n<div><\/div>\n<table align=\"center\" cellpadding=\"0\" cellspacing=\"0\">\n<tbody>\n<tr>\n<td><a href=\"http:\/\/4.bp.blogspot.com\/-LcteIbd_5sk\/UY-8A3rjsXI\/AAAAAAAADZk\/3x7zmI2F7vc\/s1600\/mellbyfram.jpg\"><img loading=\"lazy\" decoding=\"async\" border=\"0\" height=\"426\" src=\"http:\/\/4.bp.blogspot.com\/-LcteIbd_5sk\/UY-8A3rjsXI\/AAAAAAAADZk\/3x7zmI2F7vc\/s640\/mellbyfram.jpg\" width=\"640\"><\/a><\/td>\n<\/tr>\n<tr>\n<td>Fram\u00e5t inuti<\/td>\n<\/tr>\n<\/tbody>\n<\/table>\n<div><\/div>\n<div><\/div>\n<div><\/div>\n<div><\/div>\n<\/p>\n<table align=\"center\" cellpadding=\"0\" cellspacing=\"0\">\n<tbody>\n<tr>\n<td><a href=\"http:\/\/3.bp.blogspot.com\/-MB6sr_JNvzo\/UY-8B1rdGBI\/AAAAAAAADZw\/kgYsOX1aa0g\/s1600\/mellbyjesus.jpg\"><img loading=\"lazy\" decoding=\"async\" border=\"0\" height=\"400\" src=\"http:\/\/3.bp.blogspot.com\/-MB6sr_JNvzo\/UY-8B1rdGBI\/AAAAAAAADZw\/kgYsOX1aa0g\/s400\/mellbyjesus.jpg\" width=\"266\"><\/a><\/td>\n<\/tr>\n<tr>\n<td>Thorvaldsens Kristus<\/td>\n<\/tr>\n<\/tbody>\n<\/table>\n<div><\/div>\n<\/p>\n<div><a href=\"http:\/\/1.bp.blogspot.com\/-q8-QBjCFTsw\/UY-8Cfp7ydI\/AAAAAAAADZ4\/JQf-iS6odYg\/s1600\/mellbytak2.jpg\"><img loading=\"lazy\" decoding=\"async\" border=\"0\" height=\"640\" src=\"http:\/\/1.bp.blogspot.com\/-q8-QBjCFTsw\/UY-8Cfp7ydI\/AAAAAAAADZ4\/JQf-iS6odYg\/s640\/mellbytak2.jpg\" width=\"425\"><\/a><\/div><\/p>\n","protected":false},"excerpt":{"rendered":"<p>H\u00f6gt i tak och l\u00e5ga tr\u00f6sklar Idag var det konfirmation i Mellby f\u00f6r R\u00e5das konfirmander som jag p\u00e5 m\u00e4rkliga v\u00e4gar blivit konfapr\u00e4st \u00e5t. Det blev en v\u00e4ldigt fin gudstj\u00e4nst och konfirmandernas redovisning och medverkan gick v\u00e4ldigt bra. Roligt och fint, tack alla konfirmander och ledare! H\u00e4r kommer n\u00e5gra vackra bilder p\u00e5 Mellby kyrka. F\u00f6rst vill [&hellip;]<\/p>\n","protected":false},"author":392,"featured_media":0,"comment_status":"open","ping_status":"open","sticky":false,"template":"","format":"standard","meta":{"_acf_changed":false,"footnotes":""},"categories":[56,33574],"tags":[],"class_list":["post-575","post","type-post","status-publish","format-standard","hentry","category-bilder","category-kyrkan"],"acf":[],"yoast_head":"<!-- This site is optimized with the Yoast SEO plugin v27.1.1 - https:\/\/yoast.com\/product\/yoast-seo-wordpress\/ -->\n<title>Mellby kyrka och dagens h\u00e4ndelser d\u00e4r - Vandra V\u00e4gen<\/title>\n<meta name=\"robots\" content=\"index, follow, max-snippet:-1, max-image-preview:large, max-video-preview:-1\" \/>\n<link rel=\"canonical\" href=\"https:\/\/blogg.svenskakyrkan.se\/vandravagen\/2013\/05\/12\/mellby-kyrka-och-dagens-handelser-dar\/\" \/>\n<meta property=\"og:locale\" content=\"sv_SE\" \/>\n<meta property=\"og:type\" content=\"article\" \/>\n<meta property=\"og:title\" content=\"Mellby kyrka och dagens h\u00e4ndelser d\u00e4r - Vandra V\u00e4gen\" \/>\n<meta property=\"og:description\" content=\"H\u00f6gt i tak och l\u00e5ga tr\u00f6sklar Idag var det konfirmation i Mellby f\u00f6r R\u00e5das konfirmander som jag p\u00e5 m\u00e4rkliga v\u00e4gar blivit konfapr\u00e4st \u00e5t. Det blev en v\u00e4ldigt fin gudstj\u00e4nst och konfirmandernas redovisning och medverkan gick v\u00e4ldigt bra. Roligt och fint, tack alla konfirmander och ledare! H\u00e4r kommer n\u00e5gra vackra bilder p\u00e5 Mellby kyrka. F\u00f6rst vill [&hellip;]\" \/>\n<meta property=\"og:url\" content=\"https:\/\/blogg.svenskakyrkan.se\/vandravagen\/2013\/05\/12\/mellby-kyrka-och-dagens-handelser-dar\/\" \/>\n<meta property=\"og:site_name\" content=\"Vandra V\u00e4gen\" \/>\n<meta property=\"article:publisher\" content=\"http:\/\/facebook.com\/vandravagen\" \/>\n<meta property=\"article:published_time\" content=\"2013-05-12T17:27:00+00:00\" \/>\n<meta property=\"og:image\" content=\"http:\/\/2.bp.blogspot.com\/-BUEJd8qd9kw\/UY-8CAdQNBI\/AAAAAAAADZs\/9K3RXG8cL3g\/s640\/mellbytak.jpg\" \/>\n<meta name=\"author\" content=\"Tomas Jarvid\" \/>\n<meta name=\"twitter:card\" content=\"summary_large_image\" \/>\n<meta name=\"twitter:creator\" content=\"@fadertomas\" \/>\n<meta name=\"twitter:site\" content=\"@fadertomas\" \/>\n<meta name=\"twitter:label1\" content=\"Skriven av\" \/>\n\t<meta name=\"twitter:data1\" content=\"Tomas Jarvid\" \/>\n\t<meta name=\"twitter:label2\" content=\"Ber\u00e4knad l\u00e4stid\" \/>\n\t<meta name=\"twitter:data2\" content=\"1 minut\" \/>\n<script type=\"application\/ld+json\" class=\"yoast-schema-graph\">{\"@context\":\"https:\/\/schema.org\",\"@graph\":[{\"@type\":\"Article\",\"@id\":\"https:\/\/blogg.svenskakyrkan.se\/vandravagen\/2013\/05\/12\/mellby-kyrka-och-dagens-handelser-dar\/#article\",\"isPartOf\":{\"@id\":\"https:\/\/blogg.svenskakyrkan.se\/vandravagen\/2013\/05\/12\/mellby-kyrka-och-dagens-handelser-dar\/\"},\"author\":{\"name\":\"Tomas Jarvid\",\"@id\":\"https:\/\/blogg.svenskakyrkan.se\/vandravagen\/#\/schema\/person\/25da02d4f76b137d04291711e2c9fc16\"},\"headline\":\"Mellby kyrka och dagens h\u00e4ndelser d\u00e4r\",\"datePublished\":\"2013-05-12T17:27:00+00:00\",\"mainEntityOfPage\":{\"@id\":\"https:\/\/blogg.svenskakyrkan.se\/vandravagen\/2013\/05\/12\/mellby-kyrka-och-dagens-handelser-dar\/\"},\"wordCount\":166,\"commentCount\":0,\"publisher\":{\"@id\":\"https:\/\/blogg.svenskakyrkan.se\/vandravagen\/#organization\"},\"image\":{\"@id\":\"https:\/\/blogg.svenskakyrkan.se\/vandravagen\/2013\/05\/12\/mellby-kyrka-och-dagens-handelser-dar\/#primaryimage\"},\"thumbnailUrl\":\"http:\/\/2.bp.blogspot.com\/-BUEJd8qd9kw\/UY-8CAdQNBI\/AAAAAAAADZs\/9K3RXG8cL3g\/s640\/mellbytak.jpg\",\"articleSection\":[\"bilder\",\"kyrkan\"],\"inLanguage\":\"sv-SE\",\"potentialAction\":[{\"@type\":\"CommentAction\",\"name\":\"Comment\",\"target\":[\"https:\/\/blogg.svenskakyrkan.se\/vandravagen\/2013\/05\/12\/mellby-kyrka-och-dagens-handelser-dar\/#respond\"]}]},{\"@type\":\"WebPage\",\"@id\":\"https:\/\/blogg.svenskakyrkan.se\/vandravagen\/2013\/05\/12\/mellby-kyrka-och-dagens-handelser-dar\/\",\"url\":\"https:\/\/blogg.svenskakyrkan.se\/vandravagen\/2013\/05\/12\/mellby-kyrka-och-dagens-handelser-dar\/\",\"name\":\"Mellby kyrka och dagens h\u00e4ndelser d\u00e4r - Vandra V\u00e4gen\",\"isPartOf\":{\"@id\":\"https:\/\/blogg.svenskakyrkan.se\/vandravagen\/#website\"},\"primaryImageOfPage\":{\"@id\":\"https:\/\/blogg.svenskakyrkan.se\/vandravagen\/2013\/05\/12\/mellby-kyrka-och-dagens-handelser-dar\/#primaryimage\"},\"image\":{\"@id\":\"https:\/\/blogg.svenskakyrkan.se\/vandravagen\/2013\/05\/12\/mellby-kyrka-och-dagens-handelser-dar\/#primaryimage\"},\"thumbnailUrl\":\"http:\/\/2.bp.blogspot.com\/-BUEJd8qd9kw\/UY-8CAdQNBI\/AAAAAAAADZs\/9K3RXG8cL3g\/s640\/mellbytak.jpg\",\"datePublished\":\"2013-05-12T17:27:00+00:00\",\"breadcrumb\":{\"@id\":\"https:\/\/blogg.svenskakyrkan.se\/vandravagen\/2013\/05\/12\/mellby-kyrka-och-dagens-handelser-dar\/#breadcrumb\"},\"inLanguage\":\"sv-SE\",\"potentialAction\":[{\"@type\":\"ReadAction\",\"target\":[\"https:\/\/blogg.svenskakyrkan.se\/vandravagen\/2013\/05\/12\/mellby-kyrka-och-dagens-handelser-dar\/\"]}]},{\"@type\":\"ImageObject\",\"inLanguage\":\"sv-SE\",\"@id\":\"https:\/\/blogg.svenskakyrkan.se\/vandravagen\/2013\/05\/12\/mellby-kyrka-och-dagens-handelser-dar\/#primaryimage\",\"url\":\"http:\/\/2.bp.blogspot.com\/-BUEJd8qd9kw\/UY-8CAdQNBI\/AAAAAAAADZs\/9K3RXG8cL3g\/s640\/mellbytak.jpg\",\"contentUrl\":\"http:\/\/2.bp.blogspot.com\/-BUEJd8qd9kw\/UY-8CAdQNBI\/AAAAAAAADZs\/9K3RXG8cL3g\/s640\/mellbytak.jpg\"},{\"@type\":\"BreadcrumbList\",\"@id\":\"https:\/\/blogg.svenskakyrkan.se\/vandravagen\/2013\/05\/12\/mellby-kyrka-och-dagens-handelser-dar\/#breadcrumb\",\"itemListElement\":[{\"@type\":\"ListItem\",\"position\":1,\"name\":\"Hem\",\"item\":\"https:\/\/blogg.svenskakyrkan.se\/vandravagen\/\"},{\"@type\":\"ListItem\",\"position\":2,\"name\":\"Mellby kyrka och dagens h\u00e4ndelser d\u00e4r\"}]},{\"@type\":\"WebSite\",\"@id\":\"https:\/\/blogg.svenskakyrkan.se\/vandravagen\/#website\",\"url\":\"https:\/\/blogg.svenskakyrkan.se\/vandravagen\/\",\"name\":\"Vandra V\u00e4gen\",\"description\":\"-Mot en tro f\u00f6r hela livet\",\"publisher\":{\"@id\":\"https:\/\/blogg.svenskakyrkan.se\/vandravagen\/#organization\"},\"potentialAction\":[{\"@type\":\"SearchAction\",\"target\":{\"@type\":\"EntryPoint\",\"urlTemplate\":\"https:\/\/blogg.svenskakyrkan.se\/vandravagen\/?s={search_term_string}\"},\"query-input\":{\"@type\":\"PropertyValueSpecification\",\"valueRequired\":true,\"valueName\":\"search_term_string\"}}],\"inLanguage\":\"sv-SE\"},{\"@type\":\"Organization\",\"@id\":\"https:\/\/blogg.svenskakyrkan.se\/vandravagen\/#organization\",\"name\":\"ulricehamns pastorat\",\"alternateName\":\"ulricehamns pastorat\",\"url\":\"https:\/\/blogg.svenskakyrkan.se\/vandravagen\/\",\"logo\":{\"@type\":\"ImageObject\",\"inLanguage\":\"sv-SE\",\"@id\":\"https:\/\/blogg.svenskakyrkan.se\/vandravagen\/#\/schema\/logo\/image\/\",\"url\":\"https:\/\/blogg.svenskakyrkan.se\/vandravagen\/files\/2023\/05\/Ulr_logo_RGB.png\",\"contentUrl\":\"https:\/\/blogg.svenskakyrkan.se\/vandravagen\/files\/2023\/05\/Ulr_logo_RGB.png\",\"width\":205,\"height\":77,\"caption\":\"ulricehamns pastorat\"},\"image\":{\"@id\":\"https:\/\/blogg.svenskakyrkan.se\/vandravagen\/#\/schema\/logo\/image\/\"},\"sameAs\":[\"http:\/\/facebook.com\/vandravagen\",\"https:\/\/x.com\/fadertomas\",\"http:\/\/www.facebook.com\/svenskakyrkaniulricehamn\"]},{\"@type\":\"Person\",\"@id\":\"https:\/\/blogg.svenskakyrkan.se\/vandravagen\/#\/schema\/person\/25da02d4f76b137d04291711e2c9fc16\",\"name\":\"Tomas Jarvid\",\"image\":{\"@type\":\"ImageObject\",\"inLanguage\":\"sv-SE\",\"@id\":\"https:\/\/blogg.svenskakyrkan.se\/vandravagen\/#\/schema\/person\/image\/\",\"url\":\"https:\/\/secure.gravatar.com\/avatar\/7fa71899795e8f540f615a1f5ab25255dc27aa40f05ee7ddd21aac521e01bf50?s=96&d=identicon&r=g\",\"contentUrl\":\"https:\/\/secure.gravatar.com\/avatar\/7fa71899795e8f540f615a1f5ab25255dc27aa40f05ee7ddd21aac521e01bf50?s=96&d=identicon&r=g\",\"caption\":\"Tomas Jarvid\"},\"description\":\"Jag bor i Ulricehamn i V\u00e4sterg\u00f6tland och \u00e4r f\u00f6rsamlingspr\u00e4st i Svenska Kyrkan f\u00f6r Dalstorps f\u00f6rsamling i Kinds pastorat. P\u00e5 den h\u00e4r bloggen skriver jag ner tankar om vandringen som kristen.\",\"sameAs\":[\"http:\/\/www.vandravagen.se\"],\"url\":\"https:\/\/blogg.svenskakyrkan.se\/vandravagen\/author\/vandravagen\/\"}]}<\/script>\n<!-- \/ Yoast SEO plugin. -->","yoast_head_json":{"title":"Mellby kyrka och dagens h\u00e4ndelser d\u00e4r - Vandra V\u00e4gen","robots":{"index":"index","follow":"follow","max-snippet":"max-snippet:-1","max-image-preview":"max-image-preview:large","max-video-preview":"max-video-preview:-1"},"canonical":"https:\/\/blogg.svenskakyrkan.se\/vandravagen\/2013\/05\/12\/mellby-kyrka-och-dagens-handelser-dar\/","og_locale":"sv_SE","og_type":"article","og_title":"Mellby kyrka och dagens h\u00e4ndelser d\u00e4r - Vandra V\u00e4gen","og_description":"H\u00f6gt i tak och l\u00e5ga tr\u00f6sklar Idag var det konfirmation i Mellby f\u00f6r R\u00e5das konfirmander som jag p\u00e5 m\u00e4rkliga v\u00e4gar blivit konfapr\u00e4st \u00e5t. Det blev en v\u00e4ldigt fin gudstj\u00e4nst och konfirmandernas redovisning och medverkan gick v\u00e4ldigt bra. Roligt och fint, tack alla konfirmander och ledare! H\u00e4r kommer n\u00e5gra vackra bilder p\u00e5 Mellby kyrka. F\u00f6rst vill [&hellip;]","og_url":"https:\/\/blogg.svenskakyrkan.se\/vandravagen\/2013\/05\/12\/mellby-kyrka-och-dagens-handelser-dar\/","og_site_name":"Vandra V\u00e4gen","article_publisher":"http:\/\/facebook.com\/vandravagen","article_published_time":"2013-05-12T17:27:00+00:00","og_image":[{"url":"http:\/\/2.bp.blogspot.com\/-BUEJd8qd9kw\/UY-8CAdQNBI\/AAAAAAAADZs\/9K3RXG8cL3g\/s640\/mellbytak.jpg","type":"","width":"","height":""}],"author":"Tomas Jarvid","twitter_card":"summary_large_image","twitter_creator":"@fadertomas","twitter_site":"@fadertomas","twitter_misc":{"Skriven av":"Tomas Jarvid","Ber\u00e4knad l\u00e4stid":"1 minut"},"schema":{"@context":"https:\/\/schema.org","@graph":[{"@type":"Article","@id":"https:\/\/blogg.svenskakyrkan.se\/vandravagen\/2013\/05\/12\/mellby-kyrka-och-dagens-handelser-dar\/#article","isPartOf":{"@id":"https:\/\/blogg.svenskakyrkan.se\/vandravagen\/2013\/05\/12\/mellby-kyrka-och-dagens-handelser-dar\/"},"author":{"name":"Tomas Jarvid","@id":"https:\/\/blogg.svenskakyrkan.se\/vandravagen\/#\/schema\/person\/25da02d4f76b137d04291711e2c9fc16"},"headline":"Mellby kyrka och dagens h\u00e4ndelser d\u00e4r","datePublished":"2013-05-12T17:27:00+00:00","mainEntityOfPage":{"@id":"https:\/\/blogg.svenskakyrkan.se\/vandravagen\/2013\/05\/12\/mellby-kyrka-och-dagens-handelser-dar\/"},"wordCount":166,"commentCount":0,"publisher":{"@id":"https:\/\/blogg.svenskakyrkan.se\/vandravagen\/#organization"},"image":{"@id":"https:\/\/blogg.svenskakyrkan.se\/vandravagen\/2013\/05\/12\/mellby-kyrka-och-dagens-handelser-dar\/#primaryimage"},"thumbnailUrl":"http:\/\/2.bp.blogspot.com\/-BUEJd8qd9kw\/UY-8CAdQNBI\/AAAAAAAADZs\/9K3RXG8cL3g\/s640\/mellbytak.jpg","articleSection":["bilder","kyrkan"],"inLanguage":"sv-SE","potentialAction":[{"@type":"CommentAction","name":"Comment","target":["https:\/\/blogg.svenskakyrkan.se\/vandravagen\/2013\/05\/12\/mellby-kyrka-och-dagens-handelser-dar\/#respond"]}]},{"@type":"WebPage","@id":"https:\/\/blogg.svenskakyrkan.se\/vandravagen\/2013\/05\/12\/mellby-kyrka-och-dagens-handelser-dar\/","url":"https:\/\/blogg.svenskakyrkan.se\/vandravagen\/2013\/05\/12\/mellby-kyrka-och-dagens-handelser-dar\/","name":"Mellby kyrka och dagens h\u00e4ndelser d\u00e4r - Vandra V\u00e4gen","isPartOf":{"@id":"https:\/\/blogg.svenskakyrkan.se\/vandravagen\/#website"},"primaryImageOfPage":{"@id":"https:\/\/blogg.svenskakyrkan.se\/vandravagen\/2013\/05\/12\/mellby-kyrka-och-dagens-handelser-dar\/#primaryimage"},"image":{"@id":"https:\/\/blogg.svenskakyrkan.se\/vandravagen\/2013\/05\/12\/mellby-kyrka-och-dagens-handelser-dar\/#primaryimage"},"thumbnailUrl":"http:\/\/2.bp.blogspot.com\/-BUEJd8qd9kw\/UY-8CAdQNBI\/AAAAAAAADZs\/9K3RXG8cL3g\/s640\/mellbytak.jpg","datePublished":"2013-05-12T17:27:00+00:00","breadcrumb":{"@id":"https:\/\/blogg.svenskakyrkan.se\/vandravagen\/2013\/05\/12\/mellby-kyrka-och-dagens-handelser-dar\/#breadcrumb"},"inLanguage":"sv-SE","potentialAction":[{"@type":"ReadAction","target":["https:\/\/blogg.svenskakyrkan.se\/vandravagen\/2013\/05\/12\/mellby-kyrka-och-dagens-handelser-dar\/"]}]},{"@type":"ImageObject","inLanguage":"sv-SE","@id":"https:\/\/blogg.svenskakyrkan.se\/vandravagen\/2013\/05\/12\/mellby-kyrka-och-dagens-handelser-dar\/#primaryimage","url":"http:\/\/2.bp.blogspot.com\/-BUEJd8qd9kw\/UY-8CAdQNBI\/AAAAAAAADZs\/9K3RXG8cL3g\/s640\/mellbytak.jpg","contentUrl":"http:\/\/2.bp.blogspot.com\/-BUEJd8qd9kw\/UY-8CAdQNBI\/AAAAAAAADZs\/9K3RXG8cL3g\/s640\/mellbytak.jpg"},{"@type":"BreadcrumbList","@id":"https:\/\/blogg.svenskakyrkan.se\/vandravagen\/2013\/05\/12\/mellby-kyrka-och-dagens-handelser-dar\/#breadcrumb","itemListElement":[{"@type":"ListItem","position":1,"name":"Hem","item":"https:\/\/blogg.svenskakyrkan.se\/vandravagen\/"},{"@type":"ListItem","position":2,"name":"Mellby kyrka och dagens h\u00e4ndelser d\u00e4r"}]},{"@type":"WebSite","@id":"https:\/\/blogg.svenskakyrkan.se\/vandravagen\/#website","url":"https:\/\/blogg.svenskakyrkan.se\/vandravagen\/","name":"Vandra V\u00e4gen","description":"-Mot en tro f\u00f6r hela livet","publisher":{"@id":"https:\/\/blogg.svenskakyrkan.se\/vandravagen\/#organization"},"potentialAction":[{"@type":"SearchAction","target":{"@type":"EntryPoint","urlTemplate":"https:\/\/blogg.svenskakyrkan.se\/vandravagen\/?s={search_term_string}"},"query-input":{"@type":"PropertyValueSpecification","valueRequired":true,"valueName":"search_term_string"}}],"inLanguage":"sv-SE"},{"@type":"Organization","@id":"https:\/\/blogg.svenskakyrkan.se\/vandravagen\/#organization","name":"ulricehamns pastorat","alternateName":"ulricehamns pastorat","url":"https:\/\/blogg.svenskakyrkan.se\/vandravagen\/","logo":{"@type":"ImageObject","inLanguage":"sv-SE","@id":"https:\/\/blogg.svenskakyrkan.se\/vandravagen\/#\/schema\/logo\/image\/","url":"https:\/\/blogg.svenskakyrkan.se\/vandravagen\/files\/2023\/05\/Ulr_logo_RGB.png","contentUrl":"https:\/\/blogg.svenskakyrkan.se\/vandravagen\/files\/2023\/05\/Ulr_logo_RGB.png","width":205,"height":77,"caption":"ulricehamns pastorat"},"image":{"@id":"https:\/\/blogg.svenskakyrkan.se\/vandravagen\/#\/schema\/logo\/image\/"},"sameAs":["http:\/\/facebook.com\/vandravagen","https:\/\/x.com\/fadertomas","http:\/\/www.facebook.com\/svenskakyrkaniulricehamn"]},{"@type":"Person","@id":"https:\/\/blogg.svenskakyrkan.se\/vandravagen\/#\/schema\/person\/25da02d4f76b137d04291711e2c9fc16","name":"Tomas Jarvid","image":{"@type":"ImageObject","inLanguage":"sv-SE","@id":"https:\/\/blogg.svenskakyrkan.se\/vandravagen\/#\/schema\/person\/image\/","url":"https:\/\/secure.gravatar.com\/avatar\/7fa71899795e8f540f615a1f5ab25255dc27aa40f05ee7ddd21aac521e01bf50?s=96&d=identicon&r=g","contentUrl":"https:\/\/secure.gravatar.com\/avatar\/7fa71899795e8f540f615a1f5ab25255dc27aa40f05ee7ddd21aac521e01bf50?s=96&d=identicon&r=g","caption":"Tomas Jarvid"},"description":"Jag bor i Ulricehamn i V\u00e4sterg\u00f6tland och \u00e4r f\u00f6rsamlingspr\u00e4st i Svenska Kyrkan f\u00f6r Dalstorps f\u00f6rsamling i Kinds pastorat. P\u00e5 den h\u00e4r bloggen skriver jag ner tankar om vandringen som kristen.","sameAs":["http:\/\/www.vandravagen.se"],"url":"https:\/\/blogg.svenskakyrkan.se\/vandravagen\/author\/vandravagen\/"}]}},"author_meta":{"ID":"392","user_nicename":"vandravagen","user_url":"http:\/\/www.vandravagen.se","user_registered":"2014-05-19 05:44:52","display_name":"Tomas Jarvid","first_name":"Tomas","last_name":"Jarvid","avatar":"https:\/\/secure.gravatar.com\/avatar\/7fa71899795e8f540f615a1f5ab25255dc27aa40f05ee7ddd21aac521e01bf50?s=96&d=identicon&r=g"},"featured_image":false,"bloginfo":{"name":"Vandra V\u00e4gen","url":"https:\/\/blogg.svenskakyrkan.se\/vandravagen"},"_links":{"self":[{"href":"https:\/\/blogg.svenskakyrkan.se\/vandravagen\/wp-json\/wp\/v2\/posts\/575","targetHints":{"allow":["GET"]}}],"collection":[{"href":"https:\/\/blogg.svenskakyrkan.se\/vandravagen\/wp-json\/wp\/v2\/posts"}],"about":[{"href":"https:\/\/blogg.svenskakyrkan.se\/vandravagen\/wp-json\/wp\/v2\/types\/post"}],"author":[{"embeddable":true,"href":"https:\/\/blogg.svenskakyrkan.se\/vandravagen\/wp-json\/wp\/v2\/users\/392"}],"replies":[{"embeddable":true,"href":"https:\/\/blogg.svenskakyrkan.se\/vandravagen\/wp-json\/wp\/v2\/comments?post=575"}],"version-history":[{"count":0,"href":"https:\/\/blogg.svenskakyrkan.se\/vandravagen\/wp-json\/wp\/v2\/posts\/575\/revisions"}],"wp:attachment":[{"href":"https:\/\/blogg.svenskakyrkan.se\/vandravagen\/wp-json\/wp\/v2\/media?parent=575"}],"wp:term":[{"taxonomy":"category","embeddable":true,"href":"https:\/\/blogg.svenskakyrkan.se\/vandravagen\/wp-json\/wp\/v2\/categories?post=575"},{"taxonomy":"post_tag","embeddable":true,"href":"https:\/\/blogg.svenskakyrkan.se\/vandravagen\/wp-json\/wp\/v2\/tags?post=575"}],"curies":[{"name":"wp","href":"https:\/\/api.w.org\/{rel}","templated":true}]}}