{"id":576,"date":"2013-05-12T07:44:00","date_gmt":"2013-05-12T05:44:00","guid":{"rendered":"http:\/\/blogg.svenskakyrkan.se\/vandravagen\/2013\/05\/12\/blandade-tankar-pa-konfirmationsdagen\/"},"modified":"2013-05-12T07:44:00","modified_gmt":"2013-05-12T05:44:00","slug":"blandade-tankar-pa-konfirmationsdagen","status":"publish","type":"post","link":"https:\/\/blogg.svenskakyrkan.se\/vandravagen\/2013\/05\/12\/blandade-tankar-pa-konfirmationsdagen\/","title":{"rendered":"Blandade tankar p\u00e5 konfirmationsdagen"},"content":{"rendered":"<div>\n<div><a href=\"https:\/\/lh3.googleusercontent.com\/-n-ZpLj6G95A\/UY8_LMNrjOI\/AAAAAAAADYU\/5El70e807nQ\/s640\/blogger-image--1277589871.jpg\"><img loading=\"lazy\" decoding=\"async\" border=\"0\" height=\"400\" src=\"https:\/\/lh3.googleusercontent.com\/-n-ZpLj6G95A\/UY8_LMNrjOI\/AAAAAAAADYU\/5El70e807nQ\/s400\/blogger-image--1277589871.jpg\" width=\"300\"><\/a><\/div>\n<\/div>\n<div><\/div>\n<p>1, H\u00e4r har jag anstr\u00e4ngt mig f\u00f6r att inte g\u00f6ra f\u00f6r konstigt intryck p\u00e5 konfirmanderna -och s\u00e5 kommer jag kl\u00e4dd s\u00e5h\u00e4r?!<\/p>\n<div><\/div>\n<div>2, J\u00f6sses vad den h\u00e4r kaftanen har blivit stor och h\u00e4ngande?<\/div>\n<div><\/div>\n<div>3, Att de inte jobbar lika mycket p\u00e5 Ica p\u00e5 s\u00f6ndagar \u00e4r ju bra. Men just n\u00e4r jag beh\u00f6vde handla p\u00e5 morgonen?<\/div>\n","protected":false},"excerpt":{"rendered":"<p>1, H\u00e4r har jag anstr\u00e4ngt mig f\u00f6r att inte g\u00f6ra f\u00f6r konstigt intryck p\u00e5 konfirmanderna -och s\u00e5 kommer jag kl\u00e4dd s\u00e5h\u00e4r?! 2, J\u00f6sses vad den h\u00e4r kaftanen har blivit stor och h\u00e4ngande? 3, Att de inte jobbar lika mycket p\u00e5 Ica p\u00e5 s\u00f6ndagar \u00e4r ju bra. Men just n\u00e4r jag beh\u00f6vde handla p\u00e5 morgonen?<\/p>\n","protected":false},"author":392,"featured_media":0,"comment_status":"open","ping_status":"open","sticky":false,"template":"","format":"standard","meta":{"_acf_changed":false,"footnotes":""},"categories":[76766],"tags":[],"class_list":["post-576","post","type-post","status-publish","format-standard","hentry","category-blandat"],"acf":[],"yoast_head":"<!-- This site is optimized with the Yoast SEO plugin v27.1.1 - https:\/\/yoast.com\/product\/yoast-seo-wordpress\/ -->\n<title>Blandade tankar p\u00e5 konfirmationsdagen - Vandra V\u00e4gen<\/title>\n<meta name=\"robots\" content=\"index, follow, max-snippet:-1, max-image-preview:large, max-video-preview:-1\" \/>\n<link rel=\"canonical\" href=\"https:\/\/blogg.svenskakyrkan.se\/vandravagen\/2013\/05\/12\/blandade-tankar-pa-konfirmationsdagen\/\" \/>\n<meta property=\"og:locale\" content=\"sv_SE\" \/>\n<meta property=\"og:type\" content=\"article\" \/>\n<meta property=\"og:title\" content=\"Blandade tankar p\u00e5 konfirmationsdagen - Vandra V\u00e4gen\" \/>\n<meta property=\"og:description\" content=\"1, H\u00e4r har jag anstr\u00e4ngt mig f\u00f6r att inte g\u00f6ra f\u00f6r konstigt intryck p\u00e5 konfirmanderna -och s\u00e5 kommer jag kl\u00e4dd s\u00e5h\u00e4r?! 2, J\u00f6sses vad den h\u00e4r kaftanen har blivit stor och h\u00e4ngande? 3, Att de inte jobbar lika mycket p\u00e5 Ica p\u00e5 s\u00f6ndagar \u00e4r ju bra. Men just n\u00e4r jag beh\u00f6vde handla p\u00e5 morgonen?\" \/>\n<meta property=\"og:url\" content=\"https:\/\/blogg.svenskakyrkan.se\/vandravagen\/2013\/05\/12\/blandade-tankar-pa-konfirmationsdagen\/\" \/>\n<meta property=\"og:site_name\" content=\"Vandra V\u00e4gen\" \/>\n<meta property=\"article:publisher\" content=\"http:\/\/facebook.com\/vandravagen\" \/>\n<meta property=\"article:published_time\" content=\"2013-05-12T05:44:00+00:00\" \/>\n<meta property=\"og:image\" content=\"https:\/\/lh3.googleusercontent.com\/-n-ZpLj6G95A\/UY8_LMNrjOI\/AAAAAAAADYU\/5El70e807nQ\/s400\/blogger-image--1277589871.jpg\" \/>\n<meta name=\"author\" content=\"Tomas Jarvid\" \/>\n<meta name=\"twitter:card\" content=\"summary_large_image\" \/>\n<meta name=\"twitter:creator\" content=\"@fadertomas\" \/>\n<meta name=\"twitter:site\" content=\"@fadertomas\" \/>\n<meta name=\"twitter:label1\" content=\"Skriven av\" \/>\n\t<meta name=\"twitter:data1\" content=\"Tomas Jarvid\" \/>\n<script type=\"application\/ld+json\" class=\"yoast-schema-graph\">{\"@context\":\"https:\/\/schema.org\",\"@graph\":[{\"@type\":\"Article\",\"@id\":\"https:\/\/blogg.svenskakyrkan.se\/vandravagen\/2013\/05\/12\/blandade-tankar-pa-konfirmationsdagen\/#article\",\"isPartOf\":{\"@id\":\"https:\/\/blogg.svenskakyrkan.se\/vandravagen\/2013\/05\/12\/blandade-tankar-pa-konfirmationsdagen\/\"},\"author\":{\"name\":\"Tomas Jarvid\",\"@id\":\"https:\/\/blogg.svenskakyrkan.se\/vandravagen\/#\/schema\/person\/25da02d4f76b137d04291711e2c9fc16\"},\"headline\":\"Blandade tankar p\u00e5 konfirmationsdagen\",\"datePublished\":\"2013-05-12T05:44:00+00:00\",\"mainEntityOfPage\":{\"@id\":\"https:\/\/blogg.svenskakyrkan.se\/vandravagen\/2013\/05\/12\/blandade-tankar-pa-konfirmationsdagen\/\"},\"wordCount\":69,\"commentCount\":0,\"publisher\":{\"@id\":\"https:\/\/blogg.svenskakyrkan.se\/vandravagen\/#organization\"},\"image\":{\"@id\":\"https:\/\/blogg.svenskakyrkan.se\/vandravagen\/2013\/05\/12\/blandade-tankar-pa-konfirmationsdagen\/#primaryimage\"},\"thumbnailUrl\":\"https:\/\/lh3.googleusercontent.com\/-n-ZpLj6G95A\/UY8_LMNrjOI\/AAAAAAAADYU\/5El70e807nQ\/s400\/blogger-image--1277589871.jpg\",\"articleSection\":[\"blandat\"],\"inLanguage\":\"sv-SE\",\"potentialAction\":[{\"@type\":\"CommentAction\",\"name\":\"Comment\",\"target\":[\"https:\/\/blogg.svenskakyrkan.se\/vandravagen\/2013\/05\/12\/blandade-tankar-pa-konfirmationsdagen\/#respond\"]}]},{\"@type\":\"WebPage\",\"@id\":\"https:\/\/blogg.svenskakyrkan.se\/vandravagen\/2013\/05\/12\/blandade-tankar-pa-konfirmationsdagen\/\",\"url\":\"https:\/\/blogg.svenskakyrkan.se\/vandravagen\/2013\/05\/12\/blandade-tankar-pa-konfirmationsdagen\/\",\"name\":\"Blandade tankar p\u00e5 konfirmationsdagen - Vandra V\u00e4gen\",\"isPartOf\":{\"@id\":\"https:\/\/blogg.svenskakyrkan.se\/vandravagen\/#website\"},\"primaryImageOfPage\":{\"@id\":\"https:\/\/blogg.svenskakyrkan.se\/vandravagen\/2013\/05\/12\/blandade-tankar-pa-konfirmationsdagen\/#primaryimage\"},\"image\":{\"@id\":\"https:\/\/blogg.svenskakyrkan.se\/vandravagen\/2013\/05\/12\/blandade-tankar-pa-konfirmationsdagen\/#primaryimage\"},\"thumbnailUrl\":\"https:\/\/lh3.googleusercontent.com\/-n-ZpLj6G95A\/UY8_LMNrjOI\/AAAAAAAADYU\/5El70e807nQ\/s400\/blogger-image--1277589871.jpg\",\"datePublished\":\"2013-05-12T05:44:00+00:00\",\"breadcrumb\":{\"@id\":\"https:\/\/blogg.svenskakyrkan.se\/vandravagen\/2013\/05\/12\/blandade-tankar-pa-konfirmationsdagen\/#breadcrumb\"},\"inLanguage\":\"sv-SE\",\"potentialAction\":[{\"@type\":\"ReadAction\",\"target\":[\"https:\/\/blogg.svenskakyrkan.se\/vandravagen\/2013\/05\/12\/blandade-tankar-pa-konfirmationsdagen\/\"]}]},{\"@type\":\"ImageObject\",\"inLanguage\":\"sv-SE\",\"@id\":\"https:\/\/blogg.svenskakyrkan.se\/vandravagen\/2013\/05\/12\/blandade-tankar-pa-konfirmationsdagen\/#primaryimage\",\"url\":\"https:\/\/lh3.googleusercontent.com\/-n-ZpLj6G95A\/UY8_LMNrjOI\/AAAAAAAADYU\/5El70e807nQ\/s400\/blogger-image--1277589871.jpg\",\"contentUrl\":\"https:\/\/lh3.googleusercontent.com\/-n-ZpLj6G95A\/UY8_LMNrjOI\/AAAAAAAADYU\/5El70e807nQ\/s400\/blogger-image--1277589871.jpg\"},{\"@type\":\"BreadcrumbList\",\"@id\":\"https:\/\/blogg.svenskakyrkan.se\/vandravagen\/2013\/05\/12\/blandade-tankar-pa-konfirmationsdagen\/#breadcrumb\",\"itemListElement\":[{\"@type\":\"ListItem\",\"position\":1,\"name\":\"Hem\",\"item\":\"https:\/\/blogg.svenskakyrkan.se\/vandravagen\/\"},{\"@type\":\"ListItem\",\"position\":2,\"name\":\"Blandade tankar p\u00e5 konfirmationsdagen\"}]},{\"@type\":\"WebSite\",\"@id\":\"https:\/\/blogg.svenskakyrkan.se\/vandravagen\/#website\",\"url\":\"https:\/\/blogg.svenskakyrkan.se\/vandravagen\/\",\"name\":\"Vandra V\u00e4gen\",\"description\":\"-Mot en tro f\u00f6r hela livet\",\"publisher\":{\"@id\":\"https:\/\/blogg.svenskakyrkan.se\/vandravagen\/#organization\"},\"potentialAction\":[{\"@type\":\"SearchAction\",\"target\":{\"@type\":\"EntryPoint\",\"urlTemplate\":\"https:\/\/blogg.svenskakyrkan.se\/vandravagen\/?s={search_term_string}\"},\"query-input\":{\"@type\":\"PropertyValueSpecification\",\"valueRequired\":true,\"valueName\":\"search_term_string\"}}],\"inLanguage\":\"sv-SE\"},{\"@type\":\"Organization\",\"@id\":\"https:\/\/blogg.svenskakyrkan.se\/vandravagen\/#organization\",\"name\":\"ulricehamns pastorat\",\"alternateName\":\"ulricehamns pastorat\",\"url\":\"https:\/\/blogg.svenskakyrkan.se\/vandravagen\/\",\"logo\":{\"@type\":\"ImageObject\",\"inLanguage\":\"sv-SE\",\"@id\":\"https:\/\/blogg.svenskakyrkan.se\/vandravagen\/#\/schema\/logo\/image\/\",\"url\":\"https:\/\/blogg.svenskakyrkan.se\/vandravagen\/files\/2023\/05\/Ulr_logo_RGB.png\",\"contentUrl\":\"https:\/\/blogg.svenskakyrkan.se\/vandravagen\/files\/2023\/05\/Ulr_logo_RGB.png\",\"width\":205,\"height\":77,\"caption\":\"ulricehamns pastorat\"},\"image\":{\"@id\":\"https:\/\/blogg.svenskakyrkan.se\/vandravagen\/#\/schema\/logo\/image\/\"},\"sameAs\":[\"http:\/\/facebook.com\/vandravagen\",\"https:\/\/x.com\/fadertomas\",\"http:\/\/www.facebook.com\/svenskakyrkaniulricehamn\"]},{\"@type\":\"Person\",\"@id\":\"https:\/\/blogg.svenskakyrkan.se\/vandravagen\/#\/schema\/person\/25da02d4f76b137d04291711e2c9fc16\",\"name\":\"Tomas Jarvid\",\"image\":{\"@type\":\"ImageObject\",\"inLanguage\":\"sv-SE\",\"@id\":\"https:\/\/blogg.svenskakyrkan.se\/vandravagen\/#\/schema\/person\/image\/\",\"url\":\"https:\/\/secure.gravatar.com\/avatar\/7fa71899795e8f540f615a1f5ab25255dc27aa40f05ee7ddd21aac521e01bf50?s=96&d=identicon&r=g\",\"contentUrl\":\"https:\/\/secure.gravatar.com\/avatar\/7fa71899795e8f540f615a1f5ab25255dc27aa40f05ee7ddd21aac521e01bf50?s=96&d=identicon&r=g\",\"caption\":\"Tomas Jarvid\"},\"description\":\"Jag bor i Ulricehamn i V\u00e4sterg\u00f6tland och \u00e4r f\u00f6rsamlingspr\u00e4st i Svenska Kyrkan f\u00f6r Dalstorps f\u00f6rsamling i Kinds pastorat. P\u00e5 den h\u00e4r bloggen skriver jag ner tankar om vandringen som kristen.\",\"sameAs\":[\"http:\/\/www.vandravagen.se\"],\"url\":\"https:\/\/blogg.svenskakyrkan.se\/vandravagen\/author\/vandravagen\/\"}]}<\/script>\n<!-- \/ Yoast SEO plugin. -->","yoast_head_json":{"title":"Blandade tankar p\u00e5 konfirmationsdagen - Vandra V\u00e4gen","robots":{"index":"index","follow":"follow","max-snippet":"max-snippet:-1","max-image-preview":"max-image-preview:large","max-video-preview":"max-video-preview:-1"},"canonical":"https:\/\/blogg.svenskakyrkan.se\/vandravagen\/2013\/05\/12\/blandade-tankar-pa-konfirmationsdagen\/","og_locale":"sv_SE","og_type":"article","og_title":"Blandade tankar p\u00e5 konfirmationsdagen - Vandra V\u00e4gen","og_description":"1, H\u00e4r har jag anstr\u00e4ngt mig f\u00f6r att inte g\u00f6ra f\u00f6r konstigt intryck p\u00e5 konfirmanderna -och s\u00e5 kommer jag kl\u00e4dd s\u00e5h\u00e4r?! 2, J\u00f6sses vad den h\u00e4r kaftanen har blivit stor och h\u00e4ngande? 3, Att de inte jobbar lika mycket p\u00e5 Ica p\u00e5 s\u00f6ndagar \u00e4r ju bra. Men just n\u00e4r jag beh\u00f6vde handla p\u00e5 morgonen?","og_url":"https:\/\/blogg.svenskakyrkan.se\/vandravagen\/2013\/05\/12\/blandade-tankar-pa-konfirmationsdagen\/","og_site_name":"Vandra V\u00e4gen","article_publisher":"http:\/\/facebook.com\/vandravagen","article_published_time":"2013-05-12T05:44:00+00:00","og_image":[{"url":"https:\/\/lh3.googleusercontent.com\/-n-ZpLj6G95A\/UY8_LMNrjOI\/AAAAAAAADYU\/5El70e807nQ\/s400\/blogger-image--1277589871.jpg","type":"","width":"","height":""}],"author":"Tomas Jarvid","twitter_card":"summary_large_image","twitter_creator":"@fadertomas","twitter_site":"@fadertomas","twitter_misc":{"Skriven av":"Tomas Jarvid"},"schema":{"@context":"https:\/\/schema.org","@graph":[{"@type":"Article","@id":"https:\/\/blogg.svenskakyrkan.se\/vandravagen\/2013\/05\/12\/blandade-tankar-pa-konfirmationsdagen\/#article","isPartOf":{"@id":"https:\/\/blogg.svenskakyrkan.se\/vandravagen\/2013\/05\/12\/blandade-tankar-pa-konfirmationsdagen\/"},"author":{"name":"Tomas Jarvid","@id":"https:\/\/blogg.svenskakyrkan.se\/vandravagen\/#\/schema\/person\/25da02d4f76b137d04291711e2c9fc16"},"headline":"Blandade tankar p\u00e5 konfirmationsdagen","datePublished":"2013-05-12T05:44:00+00:00","mainEntityOfPage":{"@id":"https:\/\/blogg.svenskakyrkan.se\/vandravagen\/2013\/05\/12\/blandade-tankar-pa-konfirmationsdagen\/"},"wordCount":69,"commentCount":0,"publisher":{"@id":"https:\/\/blogg.svenskakyrkan.se\/vandravagen\/#organization"},"image":{"@id":"https:\/\/blogg.svenskakyrkan.se\/vandravagen\/2013\/05\/12\/blandade-tankar-pa-konfirmationsdagen\/#primaryimage"},"thumbnailUrl":"https:\/\/lh3.googleusercontent.com\/-n-ZpLj6G95A\/UY8_LMNrjOI\/AAAAAAAADYU\/5El70e807nQ\/s400\/blogger-image--1277589871.jpg","articleSection":["blandat"],"inLanguage":"sv-SE","potentialAction":[{"@type":"CommentAction","name":"Comment","target":["https:\/\/blogg.svenskakyrkan.se\/vandravagen\/2013\/05\/12\/blandade-tankar-pa-konfirmationsdagen\/#respond"]}]},{"@type":"WebPage","@id":"https:\/\/blogg.svenskakyrkan.se\/vandravagen\/2013\/05\/12\/blandade-tankar-pa-konfirmationsdagen\/","url":"https:\/\/blogg.svenskakyrkan.se\/vandravagen\/2013\/05\/12\/blandade-tankar-pa-konfirmationsdagen\/","name":"Blandade tankar p\u00e5 konfirmationsdagen - Vandra V\u00e4gen","isPartOf":{"@id":"https:\/\/blogg.svenskakyrkan.se\/vandravagen\/#website"},"primaryImageOfPage":{"@id":"https:\/\/blogg.svenskakyrkan.se\/vandravagen\/2013\/05\/12\/blandade-tankar-pa-konfirmationsdagen\/#primaryimage"},"image":{"@id":"https:\/\/blogg.svenskakyrkan.se\/vandravagen\/2013\/05\/12\/blandade-tankar-pa-konfirmationsdagen\/#primaryimage"},"thumbnailUrl":"https:\/\/lh3.googleusercontent.com\/-n-ZpLj6G95A\/UY8_LMNrjOI\/AAAAAAAADYU\/5El70e807nQ\/s400\/blogger-image--1277589871.jpg","datePublished":"2013-05-12T05:44:00+00:00","breadcrumb":{"@id":"https:\/\/blogg.svenskakyrkan.se\/vandravagen\/2013\/05\/12\/blandade-tankar-pa-konfirmationsdagen\/#breadcrumb"},"inLanguage":"sv-SE","potentialAction":[{"@type":"ReadAction","target":["https:\/\/blogg.svenskakyrkan.se\/vandravagen\/2013\/05\/12\/blandade-tankar-pa-konfirmationsdagen\/"]}]},{"@type":"ImageObject","inLanguage":"sv-SE","@id":"https:\/\/blogg.svenskakyrkan.se\/vandravagen\/2013\/05\/12\/blandade-tankar-pa-konfirmationsdagen\/#primaryimage","url":"https:\/\/lh3.googleusercontent.com\/-n-ZpLj6G95A\/UY8_LMNrjOI\/AAAAAAAADYU\/5El70e807nQ\/s400\/blogger-image--1277589871.jpg","contentUrl":"https:\/\/lh3.googleusercontent.com\/-n-ZpLj6G95A\/UY8_LMNrjOI\/AAAAAAAADYU\/5El70e807nQ\/s400\/blogger-image--1277589871.jpg"},{"@type":"BreadcrumbList","@id":"https:\/\/blogg.svenskakyrkan.se\/vandravagen\/2013\/05\/12\/blandade-tankar-pa-konfirmationsdagen\/#breadcrumb","itemListElement":[{"@type":"ListItem","position":1,"name":"Hem","item":"https:\/\/blogg.svenskakyrkan.se\/vandravagen\/"},{"@type":"ListItem","position":2,"name":"Blandade tankar p\u00e5 konfirmationsdagen"}]},{"@type":"WebSite","@id":"https:\/\/blogg.svenskakyrkan.se\/vandravagen\/#website","url":"https:\/\/blogg.svenskakyrkan.se\/vandravagen\/","name":"Vandra V\u00e4gen","description":"-Mot en tro f\u00f6r hela livet","publisher":{"@id":"https:\/\/blogg.svenskakyrkan.se\/vandravagen\/#organization"},"potentialAction":[{"@type":"SearchAction","target":{"@type":"EntryPoint","urlTemplate":"https:\/\/blogg.svenskakyrkan.se\/vandravagen\/?s={search_term_string}"},"query-input":{"@type":"PropertyValueSpecification","valueRequired":true,"valueName":"search_term_string"}}],"inLanguage":"sv-SE"},{"@type":"Organization","@id":"https:\/\/blogg.svenskakyrkan.se\/vandravagen\/#organization","name":"ulricehamns pastorat","alternateName":"ulricehamns pastorat","url":"https:\/\/blogg.svenskakyrkan.se\/vandravagen\/","logo":{"@type":"ImageObject","inLanguage":"sv-SE","@id":"https:\/\/blogg.svenskakyrkan.se\/vandravagen\/#\/schema\/logo\/image\/","url":"https:\/\/blogg.svenskakyrkan.se\/vandravagen\/files\/2023\/05\/Ulr_logo_RGB.png","contentUrl":"https:\/\/blogg.svenskakyrkan.se\/vandravagen\/files\/2023\/05\/Ulr_logo_RGB.png","width":205,"height":77,"caption":"ulricehamns pastorat"},"image":{"@id":"https:\/\/blogg.svenskakyrkan.se\/vandravagen\/#\/schema\/logo\/image\/"},"sameAs":["http:\/\/facebook.com\/vandravagen","https:\/\/x.com\/fadertomas","http:\/\/www.facebook.com\/svenskakyrkaniulricehamn"]},{"@type":"Person","@id":"https:\/\/blogg.svenskakyrkan.se\/vandravagen\/#\/schema\/person\/25da02d4f76b137d04291711e2c9fc16","name":"Tomas Jarvid","image":{"@type":"ImageObject","inLanguage":"sv-SE","@id":"https:\/\/blogg.svenskakyrkan.se\/vandravagen\/#\/schema\/person\/image\/","url":"https:\/\/secure.gravatar.com\/avatar\/7fa71899795e8f540f615a1f5ab25255dc27aa40f05ee7ddd21aac521e01bf50?s=96&d=identicon&r=g","contentUrl":"https:\/\/secure.gravatar.com\/avatar\/7fa71899795e8f540f615a1f5ab25255dc27aa40f05ee7ddd21aac521e01bf50?s=96&d=identicon&r=g","caption":"Tomas Jarvid"},"description":"Jag bor i Ulricehamn i V\u00e4sterg\u00f6tland och \u00e4r f\u00f6rsamlingspr\u00e4st i Svenska Kyrkan f\u00f6r Dalstorps f\u00f6rsamling i Kinds pastorat. P\u00e5 den h\u00e4r bloggen skriver jag ner tankar om vandringen som kristen.","sameAs":["http:\/\/www.vandravagen.se"],"url":"https:\/\/blogg.svenskakyrkan.se\/vandravagen\/author\/vandravagen\/"}]}},"author_meta":{"ID":"392","user_nicename":"vandravagen","user_url":"http:\/\/www.vandravagen.se","user_registered":"2014-05-19 05:44:52","display_name":"Tomas Jarvid","first_name":"Tomas","last_name":"Jarvid","avatar":"https:\/\/secure.gravatar.com\/avatar\/7fa71899795e8f540f615a1f5ab25255dc27aa40f05ee7ddd21aac521e01bf50?s=96&d=identicon&r=g"},"featured_image":false,"bloginfo":{"name":"Vandra V\u00e4gen","url":"https:\/\/blogg.svenskakyrkan.se\/vandravagen"},"_links":{"self":[{"href":"https:\/\/blogg.svenskakyrkan.se\/vandravagen\/wp-json\/wp\/v2\/posts\/576","targetHints":{"allow":["GET"]}}],"collection":[{"href":"https:\/\/blogg.svenskakyrkan.se\/vandravagen\/wp-json\/wp\/v2\/posts"}],"about":[{"href":"https:\/\/blogg.svenskakyrkan.se\/vandravagen\/wp-json\/wp\/v2\/types\/post"}],"author":[{"embeddable":true,"href":"https:\/\/blogg.svenskakyrkan.se\/vandravagen\/wp-json\/wp\/v2\/users\/392"}],"replies":[{"embeddable":true,"href":"https:\/\/blogg.svenskakyrkan.se\/vandravagen\/wp-json\/wp\/v2\/comments?post=576"}],"version-history":[{"count":0,"href":"https:\/\/blogg.svenskakyrkan.se\/vandravagen\/wp-json\/wp\/v2\/posts\/576\/revisions"}],"wp:attachment":[{"href":"https:\/\/blogg.svenskakyrkan.se\/vandravagen\/wp-json\/wp\/v2\/media?parent=576"}],"wp:term":[{"taxonomy":"category","embeddable":true,"href":"https:\/\/blogg.svenskakyrkan.se\/vandravagen\/wp-json\/wp\/v2\/categories?post=576"},{"taxonomy":"post_tag","embeddable":true,"href":"https:\/\/blogg.svenskakyrkan.se\/vandravagen\/wp-json\/wp\/v2\/tags?post=576"}],"curies":[{"name":"wp","href":"https:\/\/api.w.org\/{rel}","templated":true}]}}