{"id":578,"date":"2013-05-11T07:48:00","date_gmt":"2013-05-11T05:48:00","guid":{"rendered":"http:\/\/blogg.svenskakyrkan.se\/vandravagen\/2013\/05\/11\/bli-som-var-katt-felis\/"},"modified":"2013-05-11T07:48:00","modified_gmt":"2013-05-11T05:48:00","slug":"bli-som-var-katt-felis","status":"publish","type":"post","link":"https:\/\/blogg.svenskakyrkan.se\/vandravagen\/2013\/05\/11\/bli-som-var-katt-felis\/","title":{"rendered":"Bli som v\u00e5r katt Felis"},"content":{"rendered":"<table align=\"center\" cellpadding=\"0\" cellspacing=\"0\">\n<tbody>\n<tr>\n<td><a href=\"http:\/\/2.bp.blogspot.com\/-LL5YjnXJWtQ\/T1efOnnHFdI\/AAAAAAAAAGQ\/yhbshOnihBA\/s1600\/P5150039.JPG\"><img loading=\"lazy\" decoding=\"async\" border=\"0\" height=\"300\" src=\"http:\/\/2.bp.blogspot.com\/-LL5YjnXJWtQ\/T1efOnnHFdI\/AAAAAAAAAGQ\/yhbshOnihBA\/s400\/P5150039.JPG\" width=\"400\"><\/a><\/td>\n<\/tr>\n<tr>\n<td>Tar det som det kommer<\/td>\n<\/tr>\n<\/tbody>\n<\/table>\n<p>Nu vet jag inte om det \u00e4r n\u00f6dv\u00e4ndigt att bli som Felis p\u00e5 alla s\u00e4tt, hon \u00e4r r\u00e4tt jobbig emellan\u00e5t. D\u00e4remot kom jag att t\u00e4nka p\u00e5 <a href=\"http:\/\/www.vandravagen.se\/2012\/03\/sankta-felicitas-och-var-katt.html\">den h\u00e4r bloggposten<\/a> som jag skrev f\u00f6r l\u00e4\u00e4\u00e4nge sedan om att, som de sjunger i &#8221;aristocats&#8221;; en katt \u00e4r alltid katt.<\/p>\n<p>Katten \u00e4r n\u00e4stan pl\u00e5gsamt mycket sig sj\u00e4lv. Helt obekymrad om vad omgivningen tycker om hennes beteenden. Sedan tycker jag mig se samma sak hos v\u00e5ra sm\u00e5barn. De har heller inte l\u00e4rt sig att se ifr\u00e5gas\u00e4ttande p\u00e5 sig sj\u00e4lva \u00e4n (tror jag). Kanske \u00e4r det en sida av det d\u00e4r med att bli som ett barn? Att inte j\u00e4mf\u00f6ra sig utan vara just mig och ingen annan?<\/p>\n<p>L\u00e4s g\u00e4rna om <a href=\"http:\/\/www.vandravagen.se\/2012\/03\/sankta-felicitas-och-var-katt.html\">Sankta Felicitas och att vara katt<\/a>. Det \u00e4r viktiga grejer!<\/p>\n","protected":false},"excerpt":{"rendered":"<p>Tar det som det kommer Nu vet jag inte om det \u00e4r n\u00f6dv\u00e4ndigt att bli som Felis p\u00e5 alla s\u00e4tt, hon \u00e4r r\u00e4tt jobbig emellan\u00e5t. D\u00e4remot kom jag att t\u00e4nka p\u00e5 den h\u00e4r bloggposten som jag skrev f\u00f6r l\u00e4\u00e4\u00e4nge sedan om att, som de sjunger i &#8221;aristocats&#8221;; en katt \u00e4r alltid katt. Katten \u00e4r n\u00e4stan [&hellip;]<\/p>\n","protected":false},"author":392,"featured_media":0,"comment_status":"open","ping_status":"open","sticky":false,"template":"","format":"standard","meta":{"_acf_changed":false,"footnotes":""},"categories":[75887,117],"tags":[],"class_list":["post-578","post","type-post","status-publish","format-standard","hentry","category-andlighet","category-teologi"],"acf":[],"yoast_head":"<!-- This site is optimized with the Yoast SEO plugin v27.1.1 - https:\/\/yoast.com\/product\/yoast-seo-wordpress\/ -->\n<title>Bli som v\u00e5r katt Felis - Vandra V\u00e4gen<\/title>\n<meta name=\"robots\" content=\"index, follow, max-snippet:-1, max-image-preview:large, max-video-preview:-1\" \/>\n<link rel=\"canonical\" href=\"https:\/\/blogg.svenskakyrkan.se\/vandravagen\/2013\/05\/11\/bli-som-var-katt-felis\/\" \/>\n<meta property=\"og:locale\" content=\"sv_SE\" \/>\n<meta property=\"og:type\" content=\"article\" \/>\n<meta property=\"og:title\" content=\"Bli som v\u00e5r katt Felis - Vandra V\u00e4gen\" \/>\n<meta property=\"og:description\" content=\"Tar det som det kommer Nu vet jag inte om det \u00e4r n\u00f6dv\u00e4ndigt att bli som Felis p\u00e5 alla s\u00e4tt, hon \u00e4r r\u00e4tt jobbig emellan\u00e5t. D\u00e4remot kom jag att t\u00e4nka p\u00e5 den h\u00e4r bloggposten som jag skrev f\u00f6r l\u00e4\u00e4\u00e4nge sedan om att, som de sjunger i &#8221;aristocats&#8221;; en katt \u00e4r alltid katt. Katten \u00e4r n\u00e4stan [&hellip;]\" \/>\n<meta property=\"og:url\" content=\"https:\/\/blogg.svenskakyrkan.se\/vandravagen\/2013\/05\/11\/bli-som-var-katt-felis\/\" \/>\n<meta property=\"og:site_name\" content=\"Vandra V\u00e4gen\" \/>\n<meta property=\"article:publisher\" content=\"http:\/\/facebook.com\/vandravagen\" \/>\n<meta property=\"article:published_time\" content=\"2013-05-11T05:48:00+00:00\" \/>\n<meta property=\"og:image\" content=\"http:\/\/2.bp.blogspot.com\/-LL5YjnXJWtQ\/T1efOnnHFdI\/AAAAAAAAAGQ\/yhbshOnihBA\/s400\/P5150039.JPG\" \/>\n<meta name=\"author\" content=\"Tomas Jarvid\" \/>\n<meta name=\"twitter:card\" content=\"summary_large_image\" \/>\n<meta name=\"twitter:creator\" content=\"@fadertomas\" \/>\n<meta name=\"twitter:site\" content=\"@fadertomas\" \/>\n<meta name=\"twitter:label1\" content=\"Skriven av\" \/>\n\t<meta name=\"twitter:data1\" content=\"Tomas Jarvid\" \/>\n\t<meta name=\"twitter:label2\" content=\"Ber\u00e4knad l\u00e4stid\" \/>\n\t<meta name=\"twitter:data2\" content=\"1 minut\" \/>\n<script type=\"application\/ld+json\" class=\"yoast-schema-graph\">{\"@context\":\"https:\/\/schema.org\",\"@graph\":[{\"@type\":\"Article\",\"@id\":\"https:\/\/blogg.svenskakyrkan.se\/vandravagen\/2013\/05\/11\/bli-som-var-katt-felis\/#article\",\"isPartOf\":{\"@id\":\"https:\/\/blogg.svenskakyrkan.se\/vandravagen\/2013\/05\/11\/bli-som-var-katt-felis\/\"},\"author\":{\"name\":\"Tomas Jarvid\",\"@id\":\"https:\/\/blogg.svenskakyrkan.se\/vandravagen\/#\/schema\/person\/25da02d4f76b137d04291711e2c9fc16\"},\"headline\":\"Bli som v\u00e5r katt Felis\",\"datePublished\":\"2013-05-11T05:48:00+00:00\",\"mainEntityOfPage\":{\"@id\":\"https:\/\/blogg.svenskakyrkan.se\/vandravagen\/2013\/05\/11\/bli-som-var-katt-felis\/\"},\"wordCount\":161,\"commentCount\":0,\"publisher\":{\"@id\":\"https:\/\/blogg.svenskakyrkan.se\/vandravagen\/#organization\"},\"image\":{\"@id\":\"https:\/\/blogg.svenskakyrkan.se\/vandravagen\/2013\/05\/11\/bli-som-var-katt-felis\/#primaryimage\"},\"thumbnailUrl\":\"http:\/\/2.bp.blogspot.com\/-LL5YjnXJWtQ\/T1efOnnHFdI\/AAAAAAAAAGQ\/yhbshOnihBA\/s400\/P5150039.JPG\",\"articleSection\":[\"andlighet\",\"Teologi\"],\"inLanguage\":\"sv-SE\",\"potentialAction\":[{\"@type\":\"CommentAction\",\"name\":\"Comment\",\"target\":[\"https:\/\/blogg.svenskakyrkan.se\/vandravagen\/2013\/05\/11\/bli-som-var-katt-felis\/#respond\"]}]},{\"@type\":\"WebPage\",\"@id\":\"https:\/\/blogg.svenskakyrkan.se\/vandravagen\/2013\/05\/11\/bli-som-var-katt-felis\/\",\"url\":\"https:\/\/blogg.svenskakyrkan.se\/vandravagen\/2013\/05\/11\/bli-som-var-katt-felis\/\",\"name\":\"Bli som v\u00e5r katt Felis - Vandra V\u00e4gen\",\"isPartOf\":{\"@id\":\"https:\/\/blogg.svenskakyrkan.se\/vandravagen\/#website\"},\"primaryImageOfPage\":{\"@id\":\"https:\/\/blogg.svenskakyrkan.se\/vandravagen\/2013\/05\/11\/bli-som-var-katt-felis\/#primaryimage\"},\"image\":{\"@id\":\"https:\/\/blogg.svenskakyrkan.se\/vandravagen\/2013\/05\/11\/bli-som-var-katt-felis\/#primaryimage\"},\"thumbnailUrl\":\"http:\/\/2.bp.blogspot.com\/-LL5YjnXJWtQ\/T1efOnnHFdI\/AAAAAAAAAGQ\/yhbshOnihBA\/s400\/P5150039.JPG\",\"datePublished\":\"2013-05-11T05:48:00+00:00\",\"breadcrumb\":{\"@id\":\"https:\/\/blogg.svenskakyrkan.se\/vandravagen\/2013\/05\/11\/bli-som-var-katt-felis\/#breadcrumb\"},\"inLanguage\":\"sv-SE\",\"potentialAction\":[{\"@type\":\"ReadAction\",\"target\":[\"https:\/\/blogg.svenskakyrkan.se\/vandravagen\/2013\/05\/11\/bli-som-var-katt-felis\/\"]}]},{\"@type\":\"ImageObject\",\"inLanguage\":\"sv-SE\",\"@id\":\"https:\/\/blogg.svenskakyrkan.se\/vandravagen\/2013\/05\/11\/bli-som-var-katt-felis\/#primaryimage\",\"url\":\"http:\/\/2.bp.blogspot.com\/-LL5YjnXJWtQ\/T1efOnnHFdI\/AAAAAAAAAGQ\/yhbshOnihBA\/s400\/P5150039.JPG\",\"contentUrl\":\"http:\/\/2.bp.blogspot.com\/-LL5YjnXJWtQ\/T1efOnnHFdI\/AAAAAAAAAGQ\/yhbshOnihBA\/s400\/P5150039.JPG\"},{\"@type\":\"BreadcrumbList\",\"@id\":\"https:\/\/blogg.svenskakyrkan.se\/vandravagen\/2013\/05\/11\/bli-som-var-katt-felis\/#breadcrumb\",\"itemListElement\":[{\"@type\":\"ListItem\",\"position\":1,\"name\":\"Hem\",\"item\":\"https:\/\/blogg.svenskakyrkan.se\/vandravagen\/\"},{\"@type\":\"ListItem\",\"position\":2,\"name\":\"Bli som v\u00e5r katt Felis\"}]},{\"@type\":\"WebSite\",\"@id\":\"https:\/\/blogg.svenskakyrkan.se\/vandravagen\/#website\",\"url\":\"https:\/\/blogg.svenskakyrkan.se\/vandravagen\/\",\"name\":\"Vandra V\u00e4gen\",\"description\":\"-Mot en tro f\u00f6r hela livet\",\"publisher\":{\"@id\":\"https:\/\/blogg.svenskakyrkan.se\/vandravagen\/#organization\"},\"potentialAction\":[{\"@type\":\"SearchAction\",\"target\":{\"@type\":\"EntryPoint\",\"urlTemplate\":\"https:\/\/blogg.svenskakyrkan.se\/vandravagen\/?s={search_term_string}\"},\"query-input\":{\"@type\":\"PropertyValueSpecification\",\"valueRequired\":true,\"valueName\":\"search_term_string\"}}],\"inLanguage\":\"sv-SE\"},{\"@type\":\"Organization\",\"@id\":\"https:\/\/blogg.svenskakyrkan.se\/vandravagen\/#organization\",\"name\":\"ulricehamns pastorat\",\"alternateName\":\"ulricehamns pastorat\",\"url\":\"https:\/\/blogg.svenskakyrkan.se\/vandravagen\/\",\"logo\":{\"@type\":\"ImageObject\",\"inLanguage\":\"sv-SE\",\"@id\":\"https:\/\/blogg.svenskakyrkan.se\/vandravagen\/#\/schema\/logo\/image\/\",\"url\":\"https:\/\/blogg.svenskakyrkan.se\/vandravagen\/files\/2023\/05\/Ulr_logo_RGB.png\",\"contentUrl\":\"https:\/\/blogg.svenskakyrkan.se\/vandravagen\/files\/2023\/05\/Ulr_logo_RGB.png\",\"width\":205,\"height\":77,\"caption\":\"ulricehamns pastorat\"},\"image\":{\"@id\":\"https:\/\/blogg.svenskakyrkan.se\/vandravagen\/#\/schema\/logo\/image\/\"},\"sameAs\":[\"http:\/\/facebook.com\/vandravagen\",\"https:\/\/x.com\/fadertomas\",\"http:\/\/www.facebook.com\/svenskakyrkaniulricehamn\"]},{\"@type\":\"Person\",\"@id\":\"https:\/\/blogg.svenskakyrkan.se\/vandravagen\/#\/schema\/person\/25da02d4f76b137d04291711e2c9fc16\",\"name\":\"Tomas Jarvid\",\"image\":{\"@type\":\"ImageObject\",\"inLanguage\":\"sv-SE\",\"@id\":\"https:\/\/blogg.svenskakyrkan.se\/vandravagen\/#\/schema\/person\/image\/\",\"url\":\"https:\/\/secure.gravatar.com\/avatar\/7fa71899795e8f540f615a1f5ab25255dc27aa40f05ee7ddd21aac521e01bf50?s=96&d=identicon&r=g\",\"contentUrl\":\"https:\/\/secure.gravatar.com\/avatar\/7fa71899795e8f540f615a1f5ab25255dc27aa40f05ee7ddd21aac521e01bf50?s=96&d=identicon&r=g\",\"caption\":\"Tomas Jarvid\"},\"description\":\"Jag bor i Ulricehamn i V\u00e4sterg\u00f6tland och \u00e4r f\u00f6rsamlingspr\u00e4st i Svenska Kyrkan f\u00f6r Dalstorps f\u00f6rsamling i Kinds pastorat. P\u00e5 den h\u00e4r bloggen skriver jag ner tankar om vandringen som kristen.\",\"sameAs\":[\"http:\/\/www.vandravagen.se\"],\"url\":\"https:\/\/blogg.svenskakyrkan.se\/vandravagen\/author\/vandravagen\/\"}]}<\/script>\n<!-- \/ Yoast SEO plugin. -->","yoast_head_json":{"title":"Bli som v\u00e5r katt Felis - Vandra V\u00e4gen","robots":{"index":"index","follow":"follow","max-snippet":"max-snippet:-1","max-image-preview":"max-image-preview:large","max-video-preview":"max-video-preview:-1"},"canonical":"https:\/\/blogg.svenskakyrkan.se\/vandravagen\/2013\/05\/11\/bli-som-var-katt-felis\/","og_locale":"sv_SE","og_type":"article","og_title":"Bli som v\u00e5r katt Felis - Vandra V\u00e4gen","og_description":"Tar det som det kommer Nu vet jag inte om det \u00e4r n\u00f6dv\u00e4ndigt att bli som Felis p\u00e5 alla s\u00e4tt, hon \u00e4r r\u00e4tt jobbig emellan\u00e5t. D\u00e4remot kom jag att t\u00e4nka p\u00e5 den h\u00e4r bloggposten som jag skrev f\u00f6r l\u00e4\u00e4\u00e4nge sedan om att, som de sjunger i &#8221;aristocats&#8221;; en katt \u00e4r alltid katt. Katten \u00e4r n\u00e4stan [&hellip;]","og_url":"https:\/\/blogg.svenskakyrkan.se\/vandravagen\/2013\/05\/11\/bli-som-var-katt-felis\/","og_site_name":"Vandra V\u00e4gen","article_publisher":"http:\/\/facebook.com\/vandravagen","article_published_time":"2013-05-11T05:48:00+00:00","og_image":[{"url":"http:\/\/2.bp.blogspot.com\/-LL5YjnXJWtQ\/T1efOnnHFdI\/AAAAAAAAAGQ\/yhbshOnihBA\/s400\/P5150039.JPG","type":"","width":"","height":""}],"author":"Tomas Jarvid","twitter_card":"summary_large_image","twitter_creator":"@fadertomas","twitter_site":"@fadertomas","twitter_misc":{"Skriven av":"Tomas Jarvid","Ber\u00e4knad l\u00e4stid":"1 minut"},"schema":{"@context":"https:\/\/schema.org","@graph":[{"@type":"Article","@id":"https:\/\/blogg.svenskakyrkan.se\/vandravagen\/2013\/05\/11\/bli-som-var-katt-felis\/#article","isPartOf":{"@id":"https:\/\/blogg.svenskakyrkan.se\/vandravagen\/2013\/05\/11\/bli-som-var-katt-felis\/"},"author":{"name":"Tomas Jarvid","@id":"https:\/\/blogg.svenskakyrkan.se\/vandravagen\/#\/schema\/person\/25da02d4f76b137d04291711e2c9fc16"},"headline":"Bli som v\u00e5r katt Felis","datePublished":"2013-05-11T05:48:00+00:00","mainEntityOfPage":{"@id":"https:\/\/blogg.svenskakyrkan.se\/vandravagen\/2013\/05\/11\/bli-som-var-katt-felis\/"},"wordCount":161,"commentCount":0,"publisher":{"@id":"https:\/\/blogg.svenskakyrkan.se\/vandravagen\/#organization"},"image":{"@id":"https:\/\/blogg.svenskakyrkan.se\/vandravagen\/2013\/05\/11\/bli-som-var-katt-felis\/#primaryimage"},"thumbnailUrl":"http:\/\/2.bp.blogspot.com\/-LL5YjnXJWtQ\/T1efOnnHFdI\/AAAAAAAAAGQ\/yhbshOnihBA\/s400\/P5150039.JPG","articleSection":["andlighet","Teologi"],"inLanguage":"sv-SE","potentialAction":[{"@type":"CommentAction","name":"Comment","target":["https:\/\/blogg.svenskakyrkan.se\/vandravagen\/2013\/05\/11\/bli-som-var-katt-felis\/#respond"]}]},{"@type":"WebPage","@id":"https:\/\/blogg.svenskakyrkan.se\/vandravagen\/2013\/05\/11\/bli-som-var-katt-felis\/","url":"https:\/\/blogg.svenskakyrkan.se\/vandravagen\/2013\/05\/11\/bli-som-var-katt-felis\/","name":"Bli som v\u00e5r katt Felis - Vandra V\u00e4gen","isPartOf":{"@id":"https:\/\/blogg.svenskakyrkan.se\/vandravagen\/#website"},"primaryImageOfPage":{"@id":"https:\/\/blogg.svenskakyrkan.se\/vandravagen\/2013\/05\/11\/bli-som-var-katt-felis\/#primaryimage"},"image":{"@id":"https:\/\/blogg.svenskakyrkan.se\/vandravagen\/2013\/05\/11\/bli-som-var-katt-felis\/#primaryimage"},"thumbnailUrl":"http:\/\/2.bp.blogspot.com\/-LL5YjnXJWtQ\/T1efOnnHFdI\/AAAAAAAAAGQ\/yhbshOnihBA\/s400\/P5150039.JPG","datePublished":"2013-05-11T05:48:00+00:00","breadcrumb":{"@id":"https:\/\/blogg.svenskakyrkan.se\/vandravagen\/2013\/05\/11\/bli-som-var-katt-felis\/#breadcrumb"},"inLanguage":"sv-SE","potentialAction":[{"@type":"ReadAction","target":["https:\/\/blogg.svenskakyrkan.se\/vandravagen\/2013\/05\/11\/bli-som-var-katt-felis\/"]}]},{"@type":"ImageObject","inLanguage":"sv-SE","@id":"https:\/\/blogg.svenskakyrkan.se\/vandravagen\/2013\/05\/11\/bli-som-var-katt-felis\/#primaryimage","url":"http:\/\/2.bp.blogspot.com\/-LL5YjnXJWtQ\/T1efOnnHFdI\/AAAAAAAAAGQ\/yhbshOnihBA\/s400\/P5150039.JPG","contentUrl":"http:\/\/2.bp.blogspot.com\/-LL5YjnXJWtQ\/T1efOnnHFdI\/AAAAAAAAAGQ\/yhbshOnihBA\/s400\/P5150039.JPG"},{"@type":"BreadcrumbList","@id":"https:\/\/blogg.svenskakyrkan.se\/vandravagen\/2013\/05\/11\/bli-som-var-katt-felis\/#breadcrumb","itemListElement":[{"@type":"ListItem","position":1,"name":"Hem","item":"https:\/\/blogg.svenskakyrkan.se\/vandravagen\/"},{"@type":"ListItem","position":2,"name":"Bli som v\u00e5r katt Felis"}]},{"@type":"WebSite","@id":"https:\/\/blogg.svenskakyrkan.se\/vandravagen\/#website","url":"https:\/\/blogg.svenskakyrkan.se\/vandravagen\/","name":"Vandra V\u00e4gen","description":"-Mot en tro f\u00f6r hela livet","publisher":{"@id":"https:\/\/blogg.svenskakyrkan.se\/vandravagen\/#organization"},"potentialAction":[{"@type":"SearchAction","target":{"@type":"EntryPoint","urlTemplate":"https:\/\/blogg.svenskakyrkan.se\/vandravagen\/?s={search_term_string}"},"query-input":{"@type":"PropertyValueSpecification","valueRequired":true,"valueName":"search_term_string"}}],"inLanguage":"sv-SE"},{"@type":"Organization","@id":"https:\/\/blogg.svenskakyrkan.se\/vandravagen\/#organization","name":"ulricehamns pastorat","alternateName":"ulricehamns pastorat","url":"https:\/\/blogg.svenskakyrkan.se\/vandravagen\/","logo":{"@type":"ImageObject","inLanguage":"sv-SE","@id":"https:\/\/blogg.svenskakyrkan.se\/vandravagen\/#\/schema\/logo\/image\/","url":"https:\/\/blogg.svenskakyrkan.se\/vandravagen\/files\/2023\/05\/Ulr_logo_RGB.png","contentUrl":"https:\/\/blogg.svenskakyrkan.se\/vandravagen\/files\/2023\/05\/Ulr_logo_RGB.png","width":205,"height":77,"caption":"ulricehamns pastorat"},"image":{"@id":"https:\/\/blogg.svenskakyrkan.se\/vandravagen\/#\/schema\/logo\/image\/"},"sameAs":["http:\/\/facebook.com\/vandravagen","https:\/\/x.com\/fadertomas","http:\/\/www.facebook.com\/svenskakyrkaniulricehamn"]},{"@type":"Person","@id":"https:\/\/blogg.svenskakyrkan.se\/vandravagen\/#\/schema\/person\/25da02d4f76b137d04291711e2c9fc16","name":"Tomas Jarvid","image":{"@type":"ImageObject","inLanguage":"sv-SE","@id":"https:\/\/blogg.svenskakyrkan.se\/vandravagen\/#\/schema\/person\/image\/","url":"https:\/\/secure.gravatar.com\/avatar\/7fa71899795e8f540f615a1f5ab25255dc27aa40f05ee7ddd21aac521e01bf50?s=96&d=identicon&r=g","contentUrl":"https:\/\/secure.gravatar.com\/avatar\/7fa71899795e8f540f615a1f5ab25255dc27aa40f05ee7ddd21aac521e01bf50?s=96&d=identicon&r=g","caption":"Tomas Jarvid"},"description":"Jag bor i Ulricehamn i V\u00e4sterg\u00f6tland och \u00e4r f\u00f6rsamlingspr\u00e4st i Svenska Kyrkan f\u00f6r Dalstorps f\u00f6rsamling i Kinds pastorat. P\u00e5 den h\u00e4r bloggen skriver jag ner tankar om vandringen som kristen.","sameAs":["http:\/\/www.vandravagen.se"],"url":"https:\/\/blogg.svenskakyrkan.se\/vandravagen\/author\/vandravagen\/"}]}},"author_meta":{"ID":"392","user_nicename":"vandravagen","user_url":"http:\/\/www.vandravagen.se","user_registered":"2014-05-19 05:44:52","display_name":"Tomas Jarvid","first_name":"Tomas","last_name":"Jarvid","avatar":"https:\/\/secure.gravatar.com\/avatar\/7fa71899795e8f540f615a1f5ab25255dc27aa40f05ee7ddd21aac521e01bf50?s=96&d=identicon&r=g"},"featured_image":false,"bloginfo":{"name":"Vandra V\u00e4gen","url":"https:\/\/blogg.svenskakyrkan.se\/vandravagen"},"_links":{"self":[{"href":"https:\/\/blogg.svenskakyrkan.se\/vandravagen\/wp-json\/wp\/v2\/posts\/578","targetHints":{"allow":["GET"]}}],"collection":[{"href":"https:\/\/blogg.svenskakyrkan.se\/vandravagen\/wp-json\/wp\/v2\/posts"}],"about":[{"href":"https:\/\/blogg.svenskakyrkan.se\/vandravagen\/wp-json\/wp\/v2\/types\/post"}],"author":[{"embeddable":true,"href":"https:\/\/blogg.svenskakyrkan.se\/vandravagen\/wp-json\/wp\/v2\/users\/392"}],"replies":[{"embeddable":true,"href":"https:\/\/blogg.svenskakyrkan.se\/vandravagen\/wp-json\/wp\/v2\/comments?post=578"}],"version-history":[{"count":0,"href":"https:\/\/blogg.svenskakyrkan.se\/vandravagen\/wp-json\/wp\/v2\/posts\/578\/revisions"}],"wp:attachment":[{"href":"https:\/\/blogg.svenskakyrkan.se\/vandravagen\/wp-json\/wp\/v2\/media?parent=578"}],"wp:term":[{"taxonomy":"category","embeddable":true,"href":"https:\/\/blogg.svenskakyrkan.se\/vandravagen\/wp-json\/wp\/v2\/categories?post=578"},{"taxonomy":"post_tag","embeddable":true,"href":"https:\/\/blogg.svenskakyrkan.se\/vandravagen\/wp-json\/wp\/v2\/tags?post=578"}],"curies":[{"name":"wp","href":"https:\/\/api.w.org\/{rel}","templated":true}]}}