{"id":5793,"date":"2017-08-02T07:00:20","date_gmt":"2017-08-02T05:00:20","guid":{"rendered":"http:\/\/blogg.svenskakyrkan.se\/vandravagen\/?p=5793"},"modified":"2017-08-01T20:12:40","modified_gmt":"2017-08-01T18:12:40","slug":"fler-nya-okanda-bilder-fran-luthers-liv","status":"publish","type":"post","link":"https:\/\/blogg.svenskakyrkan.se\/vandravagen\/2017\/08\/02\/fler-nya-okanda-bilder-fran-luthers-liv\/","title":{"rendered":"Fler nya ok\u00e4nda bilder fr\u00e5n Luthers liv!"},"content":{"rendered":"<blockquote>\n<p>&#8221;-Name is Luther, Martin Luther. I have a license to kill&#8221;<\/p>\n<p>(Historiskt mycket tveksamt och ifr\u00e5gasatt Luthercitat)<\/p>\n<\/blockquote>\n<p>&nbsp;<\/p>\n<p><img loading=\"lazy\" decoding=\"async\" width=\"1280\" height=\"1023\" class=\"aligncenter size-full wp-image-5795\" src=\"http:\/\/blogg.svenskakyrkan.se\/vandravagen\/files\/2017\/07\/Foto-2017-07-28-21-18-16.jpg\" alt=\"\" srcset=\"https:\/\/blogg.svenskakyrkan.se\/vandravagen\/files\/2017\/07\/Foto-2017-07-28-21-18-16.jpg 1280w, https:\/\/blogg.svenskakyrkan.se\/vandravagen\/files\/2017\/07\/Foto-2017-07-28-21-18-16-300x240.jpg 300w, https:\/\/blogg.svenskakyrkan.se\/vandravagen\/files\/2017\/07\/Foto-2017-07-28-21-18-16-768x614.jpg 768w, https:\/\/blogg.svenskakyrkan.se\/vandravagen\/files\/2017\/07\/Foto-2017-07-28-21-18-16-1024x818.jpg 1024w, https:\/\/blogg.svenskakyrkan.se\/vandravagen\/files\/2017\/07\/Foto-2017-07-28-21-18-16-1200x959.jpg 1200w\" sizes=\"auto, (max-width: 1280px) 100vw, 1280px\" \/><\/p>\n<p>Jag har f\u00e5tt en ny figur! Jag har ju bloggat en hel del om Luthers fru Katharina von Bora under &#8221;<a href=\"http:\/\/blogg.svenskakyrkan.se\/vandravagen\/2015\/10\/24\/luther-bildar-familj\/\">Luther bildar familj<\/a>&#8221; s\u00e5 jag har anv\u00e4nt en annan figur f\u00f6r henne men nu har mina f\u00f6r\u00e4ldrar varit p\u00e5 Rijksmuseum i Amsterdam och hemf\u00f6rt ett playmobilkit f\u00f6rest\u00e4llande Jan Vermeers &#8221;Mj\u00f6lkflickan&#8221; fr\u00e5n 1660 (se tavlan p\u00e5 v\u00e4ggen bakom dem). Visst blev det fint? Man kan t\u00e4nka sig att det s\u00e5g ut lite s\u00e5h\u00e4r n\u00e4r Luther gick ut till sin driftiga hustru i k\u00f6ket och st\u00f6ket.<\/p>\n<p>&nbsp;<\/p>\n<p><img loading=\"lazy\" decoding=\"async\" width=\"1280\" height=\"960\" class=\"aligncenter size-full wp-image-5796\" src=\"http:\/\/blogg.svenskakyrkan.se\/vandravagen\/files\/2017\/07\/Foto-2017-07-28-21-07-46.jpg\" alt=\"\" srcset=\"https:\/\/blogg.svenskakyrkan.se\/vandravagen\/files\/2017\/07\/Foto-2017-07-28-21-07-46.jpg 1280w, https:\/\/blogg.svenskakyrkan.se\/vandravagen\/files\/2017\/07\/Foto-2017-07-28-21-07-46-300x225.jpg 300w, https:\/\/blogg.svenskakyrkan.se\/vandravagen\/files\/2017\/07\/Foto-2017-07-28-21-07-46-768x576.jpg 768w, https:\/\/blogg.svenskakyrkan.se\/vandravagen\/files\/2017\/07\/Foto-2017-07-28-21-07-46-1024x768.jpg 1024w, https:\/\/blogg.svenskakyrkan.se\/vandravagen\/files\/2017\/07\/Foto-2017-07-28-21-07-46-1200x900.jpg 1200w\" sizes=\"auto, (max-width: 1280px) 100vw, 1280px\" \/><\/p>\n<p>&nbsp;<\/p>\n<p>Lite mindre tidstypiskt \u00e4r det n\u00e4r Luther vilar ut lite p\u00e5 sin sackos\u00e4ck i biblioteket. Perfekt f\u00f6r att sitta bekv\u00e4mt och l\u00e4sa lite pilgrim i. (jo du har f\u00f6rst\u00e5s r\u00e4tt, det \u00e4r en ballong som b\u00f6rjat skrumpna men s\u00e4g inget f\u00f6r han \u00e4r s\u00e5 glad \u00f6ver sin sitts\u00e4ck).<\/p>\n<p>&nbsp;<\/p>\n<p><img loading=\"lazy\" decoding=\"async\" width=\"1280\" height=\"960\" class=\"aligncenter size-full wp-image-5797\" src=\"http:\/\/blogg.svenskakyrkan.se\/vandravagen\/files\/2017\/07\/Foto-2017-07-28-18-14-52.jpg\" alt=\"\" srcset=\"https:\/\/blogg.svenskakyrkan.se\/vandravagen\/files\/2017\/07\/Foto-2017-07-28-18-14-52.jpg 1280w, https:\/\/blogg.svenskakyrkan.se\/vandravagen\/files\/2017\/07\/Foto-2017-07-28-18-14-52-300x225.jpg 300w, https:\/\/blogg.svenskakyrkan.se\/vandravagen\/files\/2017\/07\/Foto-2017-07-28-18-14-52-768x576.jpg 768w, https:\/\/blogg.svenskakyrkan.se\/vandravagen\/files\/2017\/07\/Foto-2017-07-28-18-14-52-1024x768.jpg 1024w, https:\/\/blogg.svenskakyrkan.se\/vandravagen\/files\/2017\/07\/Foto-2017-07-28-18-14-52-1200x900.jpg 1200w\" sizes=\"auto, (max-width: 1280px) 100vw, 1280px\" \/><\/p>\n<p>En annan vilsam och rekreativ syssla \u00e4r ju att sitta och t\u00e4lja en stund. Luther k\u00f6r med en riktigt stor kniv men lyckas \u00e4nd\u00e5 f\u00e5 till en riktigt n\u00e4tt liten sked. Inte illa gjort!<\/p>\n","protected":false},"excerpt":{"rendered":"<p>&#8221;-Name is Luther, Martin Luther. I have a license to kill&#8221; (Historiskt mycket tveksamt och ifr\u00e5gasatt Luthercitat) &nbsp; Jag har f\u00e5tt en ny figur! Jag har ju bloggat en hel del om Luthers fru Katharina von Bora under &#8221;Luther bildar familj&#8221; s\u00e5 jag har anv\u00e4nt en annan figur f\u00f6r henne men nu har mina f\u00f6r\u00e4ldrar [&hellip;]<\/p>\n","protected":false},"author":392,"featured_media":5794,"comment_status":"open","ping_status":"open","sticky":false,"template":"","format":"standard","meta":{"_acf_changed":false,"footnotes":""},"categories":[56,76189,28732],"tags":[],"class_list":["post-5793","post","type-post","status-publish","format-standard","has-post-thumbnail","hentry","category-bilder","category-dagens-kyrka","category-luther"],"acf":[],"yoast_head":"<!-- This site is optimized with the Yoast SEO plugin v27.1.1 - https:\/\/yoast.com\/product\/yoast-seo-wordpress\/ -->\n<title>Fler nya ok\u00e4nda bilder fr\u00e5n Luthers liv! - Vandra V\u00e4gen<\/title>\n<meta name=\"robots\" content=\"index, follow, max-snippet:-1, max-image-preview:large, max-video-preview:-1\" \/>\n<link rel=\"canonical\" href=\"https:\/\/blogg.svenskakyrkan.se\/vandravagen\/2017\/08\/02\/fler-nya-okanda-bilder-fran-luthers-liv\/\" \/>\n<meta property=\"og:locale\" content=\"sv_SE\" \/>\n<meta property=\"og:type\" content=\"article\" \/>\n<meta property=\"og:title\" content=\"Fler nya ok\u00e4nda bilder fr\u00e5n Luthers liv! - Vandra V\u00e4gen\" \/>\n<meta property=\"og:description\" content=\"&#8221;-Name is Luther, Martin Luther. I have a license to kill&#8221; (Historiskt mycket tveksamt och ifr\u00e5gasatt Luthercitat) &nbsp; Jag har f\u00e5tt en ny figur! Jag har ju bloggat en hel del om Luthers fru Katharina von Bora under &#8221;Luther bildar familj&#8221; s\u00e5 jag har anv\u00e4nt en annan figur f\u00f6r henne men nu har mina f\u00f6r\u00e4ldrar [&hellip;]\" \/>\n<meta property=\"og:url\" content=\"https:\/\/blogg.svenskakyrkan.se\/vandravagen\/2017\/08\/02\/fler-nya-okanda-bilder-fran-luthers-liv\/\" \/>\n<meta property=\"og:site_name\" content=\"Vandra V\u00e4gen\" \/>\n<meta property=\"article:publisher\" content=\"http:\/\/facebook.com\/vandravagen\" \/>\n<meta property=\"article:published_time\" content=\"2017-08-02T05:00:20+00:00\" \/>\n<meta property=\"og:image\" content=\"http:\/\/blogg.svenskakyrkan.se\/vandravagen\/files\/2017\/07\/Foto-2017-07-28-21-18-16.jpg\" \/>\n<meta name=\"author\" content=\"Tomas Jarvid\" \/>\n<meta name=\"twitter:card\" content=\"summary_large_image\" \/>\n<meta name=\"twitter:creator\" content=\"@fadertomas\" \/>\n<meta name=\"twitter:site\" content=\"@fadertomas\" \/>\n<meta name=\"twitter:label1\" content=\"Skriven av\" \/>\n\t<meta name=\"twitter:data1\" content=\"Tomas Jarvid\" \/>\n\t<meta name=\"twitter:label2\" content=\"Ber\u00e4knad l\u00e4stid\" \/>\n\t<meta name=\"twitter:data2\" content=\"1 minut\" \/>\n<script type=\"application\/ld+json\" class=\"yoast-schema-graph\">{\"@context\":\"https:\/\/schema.org\",\"@graph\":[{\"@type\":\"Article\",\"@id\":\"https:\/\/blogg.svenskakyrkan.se\/vandravagen\/2017\/08\/02\/fler-nya-okanda-bilder-fran-luthers-liv\/#article\",\"isPartOf\":{\"@id\":\"https:\/\/blogg.svenskakyrkan.se\/vandravagen\/2017\/08\/02\/fler-nya-okanda-bilder-fran-luthers-liv\/\"},\"author\":{\"name\":\"Tomas Jarvid\",\"@id\":\"https:\/\/blogg.svenskakyrkan.se\/vandravagen\/#\/schema\/person\/25da02d4f76b137d04291711e2c9fc16\"},\"headline\":\"Fler nya ok\u00e4nda bilder fr\u00e5n Luthers liv!\",\"datePublished\":\"2017-08-02T05:00:20+00:00\",\"mainEntityOfPage\":{\"@id\":\"https:\/\/blogg.svenskakyrkan.se\/vandravagen\/2017\/08\/02\/fler-nya-okanda-bilder-fran-luthers-liv\/\"},\"wordCount\":229,\"commentCount\":2,\"publisher\":{\"@id\":\"https:\/\/blogg.svenskakyrkan.se\/vandravagen\/#organization\"},\"image\":{\"@id\":\"https:\/\/blogg.svenskakyrkan.se\/vandravagen\/2017\/08\/02\/fler-nya-okanda-bilder-fran-luthers-liv\/#primaryimage\"},\"thumbnailUrl\":\"https:\/\/blogg.svenskakyrkan.se\/vandravagen\/files\/2017\/07\/Foto-2017-07-28-20-56-47.jpg\",\"articleSection\":[\"bilder\",\"Dagens Kyrka\",\"Luther\"],\"inLanguage\":\"sv-SE\",\"potentialAction\":[{\"@type\":\"CommentAction\",\"name\":\"Comment\",\"target\":[\"https:\/\/blogg.svenskakyrkan.se\/vandravagen\/2017\/08\/02\/fler-nya-okanda-bilder-fran-luthers-liv\/#respond\"]}]},{\"@type\":\"WebPage\",\"@id\":\"https:\/\/blogg.svenskakyrkan.se\/vandravagen\/2017\/08\/02\/fler-nya-okanda-bilder-fran-luthers-liv\/\",\"url\":\"https:\/\/blogg.svenskakyrkan.se\/vandravagen\/2017\/08\/02\/fler-nya-okanda-bilder-fran-luthers-liv\/\",\"name\":\"Fler nya ok\u00e4nda bilder fr\u00e5n Luthers liv! - Vandra V\u00e4gen\",\"isPartOf\":{\"@id\":\"https:\/\/blogg.svenskakyrkan.se\/vandravagen\/#website\"},\"primaryImageOfPage\":{\"@id\":\"https:\/\/blogg.svenskakyrkan.se\/vandravagen\/2017\/08\/02\/fler-nya-okanda-bilder-fran-luthers-liv\/#primaryimage\"},\"image\":{\"@id\":\"https:\/\/blogg.svenskakyrkan.se\/vandravagen\/2017\/08\/02\/fler-nya-okanda-bilder-fran-luthers-liv\/#primaryimage\"},\"thumbnailUrl\":\"https:\/\/blogg.svenskakyrkan.se\/vandravagen\/files\/2017\/07\/Foto-2017-07-28-20-56-47.jpg\",\"datePublished\":\"2017-08-02T05:00:20+00:00\",\"breadcrumb\":{\"@id\":\"https:\/\/blogg.svenskakyrkan.se\/vandravagen\/2017\/08\/02\/fler-nya-okanda-bilder-fran-luthers-liv\/#breadcrumb\"},\"inLanguage\":\"sv-SE\",\"potentialAction\":[{\"@type\":\"ReadAction\",\"target\":[\"https:\/\/blogg.svenskakyrkan.se\/vandravagen\/2017\/08\/02\/fler-nya-okanda-bilder-fran-luthers-liv\/\"]}]},{\"@type\":\"ImageObject\",\"inLanguage\":\"sv-SE\",\"@id\":\"https:\/\/blogg.svenskakyrkan.se\/vandravagen\/2017\/08\/02\/fler-nya-okanda-bilder-fran-luthers-liv\/#primaryimage\",\"url\":\"https:\/\/blogg.svenskakyrkan.se\/vandravagen\/files\/2017\/07\/Foto-2017-07-28-20-56-47.jpg\",\"contentUrl\":\"https:\/\/blogg.svenskakyrkan.se\/vandravagen\/files\/2017\/07\/Foto-2017-07-28-20-56-47.jpg\",\"width\":1024,\"height\":1024},{\"@type\":\"BreadcrumbList\",\"@id\":\"https:\/\/blogg.svenskakyrkan.se\/vandravagen\/2017\/08\/02\/fler-nya-okanda-bilder-fran-luthers-liv\/#breadcrumb\",\"itemListElement\":[{\"@type\":\"ListItem\",\"position\":1,\"name\":\"Hem\",\"item\":\"https:\/\/blogg.svenskakyrkan.se\/vandravagen\/\"},{\"@type\":\"ListItem\",\"position\":2,\"name\":\"Fler nya ok\u00e4nda bilder fr\u00e5n Luthers liv!\"}]},{\"@type\":\"WebSite\",\"@id\":\"https:\/\/blogg.svenskakyrkan.se\/vandravagen\/#website\",\"url\":\"https:\/\/blogg.svenskakyrkan.se\/vandravagen\/\",\"name\":\"Vandra V\u00e4gen\",\"description\":\"-Mot en tro f\u00f6r hela livet\",\"publisher\":{\"@id\":\"https:\/\/blogg.svenskakyrkan.se\/vandravagen\/#organization\"},\"potentialAction\":[{\"@type\":\"SearchAction\",\"target\":{\"@type\":\"EntryPoint\",\"urlTemplate\":\"https:\/\/blogg.svenskakyrkan.se\/vandravagen\/?s={search_term_string}\"},\"query-input\":{\"@type\":\"PropertyValueSpecification\",\"valueRequired\":true,\"valueName\":\"search_term_string\"}}],\"inLanguage\":\"sv-SE\"},{\"@type\":\"Organization\",\"@id\":\"https:\/\/blogg.svenskakyrkan.se\/vandravagen\/#organization\",\"name\":\"ulricehamns pastorat\",\"alternateName\":\"ulricehamns pastorat\",\"url\":\"https:\/\/blogg.svenskakyrkan.se\/vandravagen\/\",\"logo\":{\"@type\":\"ImageObject\",\"inLanguage\":\"sv-SE\",\"@id\":\"https:\/\/blogg.svenskakyrkan.se\/vandravagen\/#\/schema\/logo\/image\/\",\"url\":\"https:\/\/blogg.svenskakyrkan.se\/vandravagen\/files\/2023\/05\/Ulr_logo_RGB.png\",\"contentUrl\":\"https:\/\/blogg.svenskakyrkan.se\/vandravagen\/files\/2023\/05\/Ulr_logo_RGB.png\",\"width\":205,\"height\":77,\"caption\":\"ulricehamns pastorat\"},\"image\":{\"@id\":\"https:\/\/blogg.svenskakyrkan.se\/vandravagen\/#\/schema\/logo\/image\/\"},\"sameAs\":[\"http:\/\/facebook.com\/vandravagen\",\"https:\/\/x.com\/fadertomas\",\"http:\/\/www.facebook.com\/svenskakyrkaniulricehamn\"]},{\"@type\":\"Person\",\"@id\":\"https:\/\/blogg.svenskakyrkan.se\/vandravagen\/#\/schema\/person\/25da02d4f76b137d04291711e2c9fc16\",\"name\":\"Tomas Jarvid\",\"image\":{\"@type\":\"ImageObject\",\"inLanguage\":\"sv-SE\",\"@id\":\"https:\/\/blogg.svenskakyrkan.se\/vandravagen\/#\/schema\/person\/image\/\",\"url\":\"https:\/\/secure.gravatar.com\/avatar\/7fa71899795e8f540f615a1f5ab25255dc27aa40f05ee7ddd21aac521e01bf50?s=96&d=identicon&r=g\",\"contentUrl\":\"https:\/\/secure.gravatar.com\/avatar\/7fa71899795e8f540f615a1f5ab25255dc27aa40f05ee7ddd21aac521e01bf50?s=96&d=identicon&r=g\",\"caption\":\"Tomas Jarvid\"},\"description\":\"Jag bor i Ulricehamn i V\u00e4sterg\u00f6tland och \u00e4r f\u00f6rsamlingspr\u00e4st i Svenska Kyrkan f\u00f6r Dalstorps f\u00f6rsamling i Kinds pastorat. P\u00e5 den h\u00e4r bloggen skriver jag ner tankar om vandringen som kristen.\",\"sameAs\":[\"http:\/\/www.vandravagen.se\"],\"url\":\"https:\/\/blogg.svenskakyrkan.se\/vandravagen\/author\/vandravagen\/\"}]}<\/script>\n<!-- \/ Yoast SEO plugin. -->","yoast_head_json":{"title":"Fler nya ok\u00e4nda bilder fr\u00e5n Luthers liv! - Vandra V\u00e4gen","robots":{"index":"index","follow":"follow","max-snippet":"max-snippet:-1","max-image-preview":"max-image-preview:large","max-video-preview":"max-video-preview:-1"},"canonical":"https:\/\/blogg.svenskakyrkan.se\/vandravagen\/2017\/08\/02\/fler-nya-okanda-bilder-fran-luthers-liv\/","og_locale":"sv_SE","og_type":"article","og_title":"Fler nya ok\u00e4nda bilder fr\u00e5n Luthers liv! - Vandra V\u00e4gen","og_description":"&#8221;-Name is Luther, Martin Luther. I have a license to kill&#8221; (Historiskt mycket tveksamt och ifr\u00e5gasatt Luthercitat) &nbsp; Jag har f\u00e5tt en ny figur! Jag har ju bloggat en hel del om Luthers fru Katharina von Bora under &#8221;Luther bildar familj&#8221; s\u00e5 jag har anv\u00e4nt en annan figur f\u00f6r henne men nu har mina f\u00f6r\u00e4ldrar [&hellip;]","og_url":"https:\/\/blogg.svenskakyrkan.se\/vandravagen\/2017\/08\/02\/fler-nya-okanda-bilder-fran-luthers-liv\/","og_site_name":"Vandra V\u00e4gen","article_publisher":"http:\/\/facebook.com\/vandravagen","article_published_time":"2017-08-02T05:00:20+00:00","og_image":[{"url":"http:\/\/blogg.svenskakyrkan.se\/vandravagen\/files\/2017\/07\/Foto-2017-07-28-21-18-16.jpg","type":"","width":"","height":""}],"author":"Tomas Jarvid","twitter_card":"summary_large_image","twitter_creator":"@fadertomas","twitter_site":"@fadertomas","twitter_misc":{"Skriven av":"Tomas Jarvid","Ber\u00e4knad l\u00e4stid":"1 minut"},"schema":{"@context":"https:\/\/schema.org","@graph":[{"@type":"Article","@id":"https:\/\/blogg.svenskakyrkan.se\/vandravagen\/2017\/08\/02\/fler-nya-okanda-bilder-fran-luthers-liv\/#article","isPartOf":{"@id":"https:\/\/blogg.svenskakyrkan.se\/vandravagen\/2017\/08\/02\/fler-nya-okanda-bilder-fran-luthers-liv\/"},"author":{"name":"Tomas Jarvid","@id":"https:\/\/blogg.svenskakyrkan.se\/vandravagen\/#\/schema\/person\/25da02d4f76b137d04291711e2c9fc16"},"headline":"Fler nya ok\u00e4nda bilder fr\u00e5n Luthers liv!","datePublished":"2017-08-02T05:00:20+00:00","mainEntityOfPage":{"@id":"https:\/\/blogg.svenskakyrkan.se\/vandravagen\/2017\/08\/02\/fler-nya-okanda-bilder-fran-luthers-liv\/"},"wordCount":229,"commentCount":2,"publisher":{"@id":"https:\/\/blogg.svenskakyrkan.se\/vandravagen\/#organization"},"image":{"@id":"https:\/\/blogg.svenskakyrkan.se\/vandravagen\/2017\/08\/02\/fler-nya-okanda-bilder-fran-luthers-liv\/#primaryimage"},"thumbnailUrl":"https:\/\/blogg.svenskakyrkan.se\/vandravagen\/files\/2017\/07\/Foto-2017-07-28-20-56-47.jpg","articleSection":["bilder","Dagens Kyrka","Luther"],"inLanguage":"sv-SE","potentialAction":[{"@type":"CommentAction","name":"Comment","target":["https:\/\/blogg.svenskakyrkan.se\/vandravagen\/2017\/08\/02\/fler-nya-okanda-bilder-fran-luthers-liv\/#respond"]}]},{"@type":"WebPage","@id":"https:\/\/blogg.svenskakyrkan.se\/vandravagen\/2017\/08\/02\/fler-nya-okanda-bilder-fran-luthers-liv\/","url":"https:\/\/blogg.svenskakyrkan.se\/vandravagen\/2017\/08\/02\/fler-nya-okanda-bilder-fran-luthers-liv\/","name":"Fler nya ok\u00e4nda bilder fr\u00e5n Luthers liv! - Vandra V\u00e4gen","isPartOf":{"@id":"https:\/\/blogg.svenskakyrkan.se\/vandravagen\/#website"},"primaryImageOfPage":{"@id":"https:\/\/blogg.svenskakyrkan.se\/vandravagen\/2017\/08\/02\/fler-nya-okanda-bilder-fran-luthers-liv\/#primaryimage"},"image":{"@id":"https:\/\/blogg.svenskakyrkan.se\/vandravagen\/2017\/08\/02\/fler-nya-okanda-bilder-fran-luthers-liv\/#primaryimage"},"thumbnailUrl":"https:\/\/blogg.svenskakyrkan.se\/vandravagen\/files\/2017\/07\/Foto-2017-07-28-20-56-47.jpg","datePublished":"2017-08-02T05:00:20+00:00","breadcrumb":{"@id":"https:\/\/blogg.svenskakyrkan.se\/vandravagen\/2017\/08\/02\/fler-nya-okanda-bilder-fran-luthers-liv\/#breadcrumb"},"inLanguage":"sv-SE","potentialAction":[{"@type":"ReadAction","target":["https:\/\/blogg.svenskakyrkan.se\/vandravagen\/2017\/08\/02\/fler-nya-okanda-bilder-fran-luthers-liv\/"]}]},{"@type":"ImageObject","inLanguage":"sv-SE","@id":"https:\/\/blogg.svenskakyrkan.se\/vandravagen\/2017\/08\/02\/fler-nya-okanda-bilder-fran-luthers-liv\/#primaryimage","url":"https:\/\/blogg.svenskakyrkan.se\/vandravagen\/files\/2017\/07\/Foto-2017-07-28-20-56-47.jpg","contentUrl":"https:\/\/blogg.svenskakyrkan.se\/vandravagen\/files\/2017\/07\/Foto-2017-07-28-20-56-47.jpg","width":1024,"height":1024},{"@type":"BreadcrumbList","@id":"https:\/\/blogg.svenskakyrkan.se\/vandravagen\/2017\/08\/02\/fler-nya-okanda-bilder-fran-luthers-liv\/#breadcrumb","itemListElement":[{"@type":"ListItem","position":1,"name":"Hem","item":"https:\/\/blogg.svenskakyrkan.se\/vandravagen\/"},{"@type":"ListItem","position":2,"name":"Fler nya ok\u00e4nda bilder fr\u00e5n Luthers liv!"}]},{"@type":"WebSite","@id":"https:\/\/blogg.svenskakyrkan.se\/vandravagen\/#website","url":"https:\/\/blogg.svenskakyrkan.se\/vandravagen\/","name":"Vandra V\u00e4gen","description":"-Mot en tro f\u00f6r hela livet","publisher":{"@id":"https:\/\/blogg.svenskakyrkan.se\/vandravagen\/#organization"},"potentialAction":[{"@type":"SearchAction","target":{"@type":"EntryPoint","urlTemplate":"https:\/\/blogg.svenskakyrkan.se\/vandravagen\/?s={search_term_string}"},"query-input":{"@type":"PropertyValueSpecification","valueRequired":true,"valueName":"search_term_string"}}],"inLanguage":"sv-SE"},{"@type":"Organization","@id":"https:\/\/blogg.svenskakyrkan.se\/vandravagen\/#organization","name":"ulricehamns pastorat","alternateName":"ulricehamns pastorat","url":"https:\/\/blogg.svenskakyrkan.se\/vandravagen\/","logo":{"@type":"ImageObject","inLanguage":"sv-SE","@id":"https:\/\/blogg.svenskakyrkan.se\/vandravagen\/#\/schema\/logo\/image\/","url":"https:\/\/blogg.svenskakyrkan.se\/vandravagen\/files\/2023\/05\/Ulr_logo_RGB.png","contentUrl":"https:\/\/blogg.svenskakyrkan.se\/vandravagen\/files\/2023\/05\/Ulr_logo_RGB.png","width":205,"height":77,"caption":"ulricehamns pastorat"},"image":{"@id":"https:\/\/blogg.svenskakyrkan.se\/vandravagen\/#\/schema\/logo\/image\/"},"sameAs":["http:\/\/facebook.com\/vandravagen","https:\/\/x.com\/fadertomas","http:\/\/www.facebook.com\/svenskakyrkaniulricehamn"]},{"@type":"Person","@id":"https:\/\/blogg.svenskakyrkan.se\/vandravagen\/#\/schema\/person\/25da02d4f76b137d04291711e2c9fc16","name":"Tomas Jarvid","image":{"@type":"ImageObject","inLanguage":"sv-SE","@id":"https:\/\/blogg.svenskakyrkan.se\/vandravagen\/#\/schema\/person\/image\/","url":"https:\/\/secure.gravatar.com\/avatar\/7fa71899795e8f540f615a1f5ab25255dc27aa40f05ee7ddd21aac521e01bf50?s=96&d=identicon&r=g","contentUrl":"https:\/\/secure.gravatar.com\/avatar\/7fa71899795e8f540f615a1f5ab25255dc27aa40f05ee7ddd21aac521e01bf50?s=96&d=identicon&r=g","caption":"Tomas Jarvid"},"description":"Jag bor i Ulricehamn i V\u00e4sterg\u00f6tland och \u00e4r f\u00f6rsamlingspr\u00e4st i Svenska Kyrkan f\u00f6r Dalstorps f\u00f6rsamling i Kinds pastorat. P\u00e5 den h\u00e4r bloggen skriver jag ner tankar om vandringen som kristen.","sameAs":["http:\/\/www.vandravagen.se"],"url":"https:\/\/blogg.svenskakyrkan.se\/vandravagen\/author\/vandravagen\/"}]}},"author_meta":{"ID":"392","user_nicename":"vandravagen","user_url":"http:\/\/www.vandravagen.se","user_registered":"2014-05-19 05:44:52","display_name":"Tomas Jarvid","first_name":"Tomas","last_name":"Jarvid","avatar":"https:\/\/secure.gravatar.com\/avatar\/7fa71899795e8f540f615a1f5ab25255dc27aa40f05ee7ddd21aac521e01bf50?s=96&d=identicon&r=g"},"featured_image":["https:\/\/blogg.svenskakyrkan.se\/vandravagen\/files\/2017\/07\/Foto-2017-07-28-20-56-47-1024x1024.jpg",1024,1024,true],"bloginfo":{"name":"Vandra V\u00e4gen","url":"https:\/\/blogg.svenskakyrkan.se\/vandravagen"},"_links":{"self":[{"href":"https:\/\/blogg.svenskakyrkan.se\/vandravagen\/wp-json\/wp\/v2\/posts\/5793","targetHints":{"allow":["GET"]}}],"collection":[{"href":"https:\/\/blogg.svenskakyrkan.se\/vandravagen\/wp-json\/wp\/v2\/posts"}],"about":[{"href":"https:\/\/blogg.svenskakyrkan.se\/vandravagen\/wp-json\/wp\/v2\/types\/post"}],"author":[{"embeddable":true,"href":"https:\/\/blogg.svenskakyrkan.se\/vandravagen\/wp-json\/wp\/v2\/users\/392"}],"replies":[{"embeddable":true,"href":"https:\/\/blogg.svenskakyrkan.se\/vandravagen\/wp-json\/wp\/v2\/comments?post=5793"}],"version-history":[{"count":1,"href":"https:\/\/blogg.svenskakyrkan.se\/vandravagen\/wp-json\/wp\/v2\/posts\/5793\/revisions"}],"predecessor-version":[{"id":5798,"href":"https:\/\/blogg.svenskakyrkan.se\/vandravagen\/wp-json\/wp\/v2\/posts\/5793\/revisions\/5798"}],"wp:featuredmedia":[{"embeddable":true,"href":"https:\/\/blogg.svenskakyrkan.se\/vandravagen\/wp-json\/wp\/v2\/media\/5794"}],"wp:attachment":[{"href":"https:\/\/blogg.svenskakyrkan.se\/vandravagen\/wp-json\/wp\/v2\/media?parent=5793"}],"wp:term":[{"taxonomy":"category","embeddable":true,"href":"https:\/\/blogg.svenskakyrkan.se\/vandravagen\/wp-json\/wp\/v2\/categories?post=5793"},{"taxonomy":"post_tag","embeddable":true,"href":"https:\/\/blogg.svenskakyrkan.se\/vandravagen\/wp-json\/wp\/v2\/tags?post=5793"}],"curies":[{"name":"wp","href":"https:\/\/api.w.org\/{rel}","templated":true}]}}