{"id":582,"date":"2013-05-08T08:24:00","date_gmt":"2013-05-08T06:24:00","guid":{"rendered":"http:\/\/blogg.svenskakyrkan.se\/vandravagen\/2013\/05\/08\/ring-hit-innan-du-tar-livet-av-dig\/"},"modified":"2013-05-08T08:24:00","modified_gmt":"2013-05-08T06:24:00","slug":"ring-hit-innan-du-tar-livet-av-dig","status":"publish","type":"post","link":"https:\/\/blogg.svenskakyrkan.se\/vandravagen\/2013\/05\/08\/ring-hit-innan-du-tar-livet-av-dig\/","title":{"rendered":"Ring hit innan du tar livet av dig!"},"content":{"rendered":"<\/p>\n<table align=\"center\" cellpadding=\"0\" cellspacing=\"0\">\n<tbody>\n<tr>\n<td><a href=\"https:\/\/lh5.googleusercontent.com\/-zyMMZDR6x-c\/UYnvMXImd8I\/AAAAAAAADXc\/L1KO7GSEv6I\/s640\/blogger-image--160963473.jpg\"><img decoding=\"async\" border=\"0\" src=\"https:\/\/lh5.googleusercontent.com\/-zyMMZDR6x-c\/UYnvMXImd8I\/AAAAAAAADXc\/L1KO7GSEv6I\/s640\/blogger-image--160963473.jpg\"><\/a><\/td>\n<\/tr>\n<tr>\n<td>Chatta med sj\u00e4lvmordsupplysningen<\/td>\n<\/tr>\n<\/tbody>\n<\/table>\n<p>Arbetet med <a href=\"https:\/\/www.svenskakyrkan.se\/jourhavandeprast\">jourhavande pr\u00e4st<\/a> l\u00e4r ha b\u00f6rjat med att en pr\u00e4st satte in de orden i en annons i tidningen. Nu \u00e4r det mer utbyggt och m\u00e5nga, m\u00e5nga har f\u00f6ljt r\u00e5det genom \u00e5ren.<\/p>\n<p>Till jourhavande pr\u00e4st kan man ringa p\u00e5 nummer 112 klockan 21-06 varje natt. G\u00f6r det om du beh\u00f6ver, det \u00e4r b\u00e4ttre att ringa en g\u00e5ng f\u00f6r mycket. Sj\u00e4lvklart kan du prata om annat \u00e4n sj\u00e4lvmord ocks\u00e5.<\/p>\n<p>Anledningen till att jag skriver den h\u00e4r bloggposten \u00e4r annars att jag h\u00f6rde p\u00e5 radion om webbsidan &#8221;<a href=\"http:\/\/sjalvmordsupplysningen.se\/\">sjalvmordsupplysningen.se<\/a>&#8221; som organisationen <a href=\"http:\/\/spes.se\/\">spes<\/a> st\u00e5r bakom.<\/p>\n<p>P\u00e5 sj\u00e4lvmordsupplysningen kan man chatta med frivilliga eller l\u00e4sa om sj\u00e4lvmord och andras erfarenheter av att vilja ta sitt liv. Enligt vad de sade p\u00e5 radion var det det som betydde mest f\u00f6r de som h\u00f6rda av sig dit; att f\u00e5 prata \u00f6ppet om hur man k\u00e4nner det och hur man har det utan att f\u00f6rvandlas till patient. Sidan \u00e4r \u00e4ven riktad till skolor, anh\u00f6riga och andra som har fr\u00e5gor kring sj\u00e4lvmord.<\/p>\n<p>S\u00e5 \u00e4r det nog med oss m\u00e4nniskor. Det blir l\u00e4ttare att leva om vi f\u00e5r prata med n\u00e5gon om det vi b\u00e4r p\u00e5. Det beh\u00f6ver inte vara ett proffs, det vi i f\u00f6rsta hand beh\u00f6ver \u00e4r medm\u00e4nniskor! N\u00e4r det g\u00e4ller sj\u00e4lvmord har det l\u00e4nge funnits en inst\u00e4llning att man &#8221;inte ska v\u00e4cka den bj\u00f6rn som sover&#8221; -det vill s\u00e4ga man har t\u00e4nkt att risken f\u00f6r sj\u00e4lvmord \u00f6kar om man talar om sina tankar. Tanken \u00e4r att de p\u00e5 n\u00e5got s\u00e4tt biter sig fast och blir mer verkliga d\u00e5. Men erfarenheten visar att det \u00e4r tv\u00e4rtom. Det \u00e4r farligt att sluta sig in\u00e5t och g\u00e5 sj\u00e4lv med sina tankar. B\u00e4ttre att hitta n\u00e5gon som lyssnar och f\u00f6rs\u00f6ker f\u00f6rst\u00e5. D\u00e5 \u00e4r en anonym chatt ett bra f\u00f6rsta steg t\u00e4nker jag.<\/p><\/p>\n","protected":false},"excerpt":{"rendered":"<p>Chatta med sj\u00e4lvmordsupplysningen Arbetet med jourhavande pr\u00e4st l\u00e4r ha b\u00f6rjat med att en pr\u00e4st satte in de orden i en annons i tidningen. Nu \u00e4r det mer utbyggt och m\u00e5nga, m\u00e5nga har f\u00f6ljt r\u00e5det genom \u00e5ren. Till jourhavande pr\u00e4st kan man ringa p\u00e5 nummer 112 klockan 21-06 varje natt. G\u00f6r det om du beh\u00f6ver, det [&hellip;]<\/p>\n","protected":false},"author":392,"featured_media":0,"comment_status":"open","ping_status":"open","sticky":false,"template":"","format":"standard","meta":{"_acf_changed":false,"footnotes":""},"categories":[77554],"tags":[],"class_list":["post-582","post","type-post","status-publish","format-standard","hentry","category-vara-manniska"],"acf":[],"yoast_head":"<!-- This site is optimized with the Yoast SEO plugin v27.1.1 - https:\/\/yoast.com\/product\/yoast-seo-wordpress\/ -->\n<title>Ring hit innan du tar livet av dig! - Vandra V\u00e4gen<\/title>\n<meta name=\"robots\" content=\"index, follow, max-snippet:-1, max-image-preview:large, max-video-preview:-1\" \/>\n<link rel=\"canonical\" href=\"https:\/\/blogg.svenskakyrkan.se\/vandravagen\/2013\/05\/08\/ring-hit-innan-du-tar-livet-av-dig\/\" \/>\n<meta property=\"og:locale\" content=\"sv_SE\" \/>\n<meta property=\"og:type\" content=\"article\" \/>\n<meta property=\"og:title\" content=\"Ring hit innan du tar livet av dig! - Vandra V\u00e4gen\" \/>\n<meta property=\"og:description\" content=\"Chatta med sj\u00e4lvmordsupplysningen Arbetet med jourhavande pr\u00e4st l\u00e4r ha b\u00f6rjat med att en pr\u00e4st satte in de orden i en annons i tidningen. Nu \u00e4r det mer utbyggt och m\u00e5nga, m\u00e5nga har f\u00f6ljt r\u00e5det genom \u00e5ren. Till jourhavande pr\u00e4st kan man ringa p\u00e5 nummer 112 klockan 21-06 varje natt. G\u00f6r det om du beh\u00f6ver, det [&hellip;]\" \/>\n<meta property=\"og:url\" content=\"https:\/\/blogg.svenskakyrkan.se\/vandravagen\/2013\/05\/08\/ring-hit-innan-du-tar-livet-av-dig\/\" \/>\n<meta property=\"og:site_name\" content=\"Vandra V\u00e4gen\" \/>\n<meta property=\"article:publisher\" content=\"http:\/\/facebook.com\/vandravagen\" \/>\n<meta property=\"article:published_time\" content=\"2013-05-08T06:24:00+00:00\" \/>\n<meta property=\"og:image\" content=\"https:\/\/lh5.googleusercontent.com\/-zyMMZDR6x-c\/UYnvMXImd8I\/AAAAAAAADXc\/L1KO7GSEv6I\/s640\/blogger-image--160963473.jpg\" \/>\n<meta name=\"author\" content=\"Tomas Jarvid\" \/>\n<meta name=\"twitter:card\" content=\"summary_large_image\" \/>\n<meta name=\"twitter:creator\" content=\"@fadertomas\" \/>\n<meta name=\"twitter:site\" content=\"@fadertomas\" \/>\n<meta name=\"twitter:label1\" content=\"Skriven av\" \/>\n\t<meta name=\"twitter:data1\" content=\"Tomas Jarvid\" \/>\n\t<meta name=\"twitter:label2\" content=\"Ber\u00e4knad l\u00e4stid\" \/>\n\t<meta name=\"twitter:data2\" content=\"2 minuter\" \/>\n<script type=\"application\/ld+json\" class=\"yoast-schema-graph\">{\"@context\":\"https:\/\/schema.org\",\"@graph\":[{\"@type\":\"Article\",\"@id\":\"https:\/\/blogg.svenskakyrkan.se\/vandravagen\/2013\/05\/08\/ring-hit-innan-du-tar-livet-av-dig\/#article\",\"isPartOf\":{\"@id\":\"https:\/\/blogg.svenskakyrkan.se\/vandravagen\/2013\/05\/08\/ring-hit-innan-du-tar-livet-av-dig\/\"},\"author\":{\"name\":\"Tomas Jarvid\",\"@id\":\"https:\/\/blogg.svenskakyrkan.se\/vandravagen\/#\/schema\/person\/25da02d4f76b137d04291711e2c9fc16\"},\"headline\":\"Ring hit innan du tar livet av dig!\",\"datePublished\":\"2013-05-08T06:24:00+00:00\",\"mainEntityOfPage\":{\"@id\":\"https:\/\/blogg.svenskakyrkan.se\/vandravagen\/2013\/05\/08\/ring-hit-innan-du-tar-livet-av-dig\/\"},\"wordCount\":365,\"commentCount\":3,\"publisher\":{\"@id\":\"https:\/\/blogg.svenskakyrkan.se\/vandravagen\/#organization\"},\"image\":{\"@id\":\"https:\/\/blogg.svenskakyrkan.se\/vandravagen\/2013\/05\/08\/ring-hit-innan-du-tar-livet-av-dig\/#primaryimage\"},\"thumbnailUrl\":\"https:\/\/lh5.googleusercontent.com\/-zyMMZDR6x-c\/UYnvMXImd8I\/AAAAAAAADXc\/L1KO7GSEv6I\/s640\/blogger-image--160963473.jpg\",\"articleSection\":[\"vara m\u00e4nniska\"],\"inLanguage\":\"sv-SE\",\"potentialAction\":[{\"@type\":\"CommentAction\",\"name\":\"Comment\",\"target\":[\"https:\/\/blogg.svenskakyrkan.se\/vandravagen\/2013\/05\/08\/ring-hit-innan-du-tar-livet-av-dig\/#respond\"]}]},{\"@type\":\"WebPage\",\"@id\":\"https:\/\/blogg.svenskakyrkan.se\/vandravagen\/2013\/05\/08\/ring-hit-innan-du-tar-livet-av-dig\/\",\"url\":\"https:\/\/blogg.svenskakyrkan.se\/vandravagen\/2013\/05\/08\/ring-hit-innan-du-tar-livet-av-dig\/\",\"name\":\"Ring hit innan du tar livet av dig! - Vandra V\u00e4gen\",\"isPartOf\":{\"@id\":\"https:\/\/blogg.svenskakyrkan.se\/vandravagen\/#website\"},\"primaryImageOfPage\":{\"@id\":\"https:\/\/blogg.svenskakyrkan.se\/vandravagen\/2013\/05\/08\/ring-hit-innan-du-tar-livet-av-dig\/#primaryimage\"},\"image\":{\"@id\":\"https:\/\/blogg.svenskakyrkan.se\/vandravagen\/2013\/05\/08\/ring-hit-innan-du-tar-livet-av-dig\/#primaryimage\"},\"thumbnailUrl\":\"https:\/\/lh5.googleusercontent.com\/-zyMMZDR6x-c\/UYnvMXImd8I\/AAAAAAAADXc\/L1KO7GSEv6I\/s640\/blogger-image--160963473.jpg\",\"datePublished\":\"2013-05-08T06:24:00+00:00\",\"breadcrumb\":{\"@id\":\"https:\/\/blogg.svenskakyrkan.se\/vandravagen\/2013\/05\/08\/ring-hit-innan-du-tar-livet-av-dig\/#breadcrumb\"},\"inLanguage\":\"sv-SE\",\"potentialAction\":[{\"@type\":\"ReadAction\",\"target\":[\"https:\/\/blogg.svenskakyrkan.se\/vandravagen\/2013\/05\/08\/ring-hit-innan-du-tar-livet-av-dig\/\"]}]},{\"@type\":\"ImageObject\",\"inLanguage\":\"sv-SE\",\"@id\":\"https:\/\/blogg.svenskakyrkan.se\/vandravagen\/2013\/05\/08\/ring-hit-innan-du-tar-livet-av-dig\/#primaryimage\",\"url\":\"https:\/\/lh5.googleusercontent.com\/-zyMMZDR6x-c\/UYnvMXImd8I\/AAAAAAAADXc\/L1KO7GSEv6I\/s640\/blogger-image--160963473.jpg\",\"contentUrl\":\"https:\/\/lh5.googleusercontent.com\/-zyMMZDR6x-c\/UYnvMXImd8I\/AAAAAAAADXc\/L1KO7GSEv6I\/s640\/blogger-image--160963473.jpg\"},{\"@type\":\"BreadcrumbList\",\"@id\":\"https:\/\/blogg.svenskakyrkan.se\/vandravagen\/2013\/05\/08\/ring-hit-innan-du-tar-livet-av-dig\/#breadcrumb\",\"itemListElement\":[{\"@type\":\"ListItem\",\"position\":1,\"name\":\"Hem\",\"item\":\"https:\/\/blogg.svenskakyrkan.se\/vandravagen\/\"},{\"@type\":\"ListItem\",\"position\":2,\"name\":\"Ring hit innan du tar livet av dig!\"}]},{\"@type\":\"WebSite\",\"@id\":\"https:\/\/blogg.svenskakyrkan.se\/vandravagen\/#website\",\"url\":\"https:\/\/blogg.svenskakyrkan.se\/vandravagen\/\",\"name\":\"Vandra V\u00e4gen\",\"description\":\"-Mot en tro f\u00f6r hela livet\",\"publisher\":{\"@id\":\"https:\/\/blogg.svenskakyrkan.se\/vandravagen\/#organization\"},\"potentialAction\":[{\"@type\":\"SearchAction\",\"target\":{\"@type\":\"EntryPoint\",\"urlTemplate\":\"https:\/\/blogg.svenskakyrkan.se\/vandravagen\/?s={search_term_string}\"},\"query-input\":{\"@type\":\"PropertyValueSpecification\",\"valueRequired\":true,\"valueName\":\"search_term_string\"}}],\"inLanguage\":\"sv-SE\"},{\"@type\":\"Organization\",\"@id\":\"https:\/\/blogg.svenskakyrkan.se\/vandravagen\/#organization\",\"name\":\"ulricehamns pastorat\",\"alternateName\":\"ulricehamns pastorat\",\"url\":\"https:\/\/blogg.svenskakyrkan.se\/vandravagen\/\",\"logo\":{\"@type\":\"ImageObject\",\"inLanguage\":\"sv-SE\",\"@id\":\"https:\/\/blogg.svenskakyrkan.se\/vandravagen\/#\/schema\/logo\/image\/\",\"url\":\"https:\/\/blogg.svenskakyrkan.se\/vandravagen\/files\/2023\/05\/Ulr_logo_RGB.png\",\"contentUrl\":\"https:\/\/blogg.svenskakyrkan.se\/vandravagen\/files\/2023\/05\/Ulr_logo_RGB.png\",\"width\":205,\"height\":77,\"caption\":\"ulricehamns pastorat\"},\"image\":{\"@id\":\"https:\/\/blogg.svenskakyrkan.se\/vandravagen\/#\/schema\/logo\/image\/\"},\"sameAs\":[\"http:\/\/facebook.com\/vandravagen\",\"https:\/\/x.com\/fadertomas\",\"http:\/\/www.facebook.com\/svenskakyrkaniulricehamn\"]},{\"@type\":\"Person\",\"@id\":\"https:\/\/blogg.svenskakyrkan.se\/vandravagen\/#\/schema\/person\/25da02d4f76b137d04291711e2c9fc16\",\"name\":\"Tomas Jarvid\",\"image\":{\"@type\":\"ImageObject\",\"inLanguage\":\"sv-SE\",\"@id\":\"https:\/\/blogg.svenskakyrkan.se\/vandravagen\/#\/schema\/person\/image\/\",\"url\":\"https:\/\/secure.gravatar.com\/avatar\/7fa71899795e8f540f615a1f5ab25255dc27aa40f05ee7ddd21aac521e01bf50?s=96&d=identicon&r=g\",\"contentUrl\":\"https:\/\/secure.gravatar.com\/avatar\/7fa71899795e8f540f615a1f5ab25255dc27aa40f05ee7ddd21aac521e01bf50?s=96&d=identicon&r=g\",\"caption\":\"Tomas Jarvid\"},\"description\":\"Jag bor i Ulricehamn i V\u00e4sterg\u00f6tland och \u00e4r f\u00f6rsamlingspr\u00e4st i Svenska Kyrkan f\u00f6r Dalstorps f\u00f6rsamling i Kinds pastorat. P\u00e5 den h\u00e4r bloggen skriver jag ner tankar om vandringen som kristen.\",\"sameAs\":[\"http:\/\/www.vandravagen.se\"],\"url\":\"https:\/\/blogg.svenskakyrkan.se\/vandravagen\/author\/vandravagen\/\"}]}<\/script>\n<!-- \/ Yoast SEO plugin. -->","yoast_head_json":{"title":"Ring hit innan du tar livet av dig! - Vandra V\u00e4gen","robots":{"index":"index","follow":"follow","max-snippet":"max-snippet:-1","max-image-preview":"max-image-preview:large","max-video-preview":"max-video-preview:-1"},"canonical":"https:\/\/blogg.svenskakyrkan.se\/vandravagen\/2013\/05\/08\/ring-hit-innan-du-tar-livet-av-dig\/","og_locale":"sv_SE","og_type":"article","og_title":"Ring hit innan du tar livet av dig! - Vandra V\u00e4gen","og_description":"Chatta med sj\u00e4lvmordsupplysningen Arbetet med jourhavande pr\u00e4st l\u00e4r ha b\u00f6rjat med att en pr\u00e4st satte in de orden i en annons i tidningen. Nu \u00e4r det mer utbyggt och m\u00e5nga, m\u00e5nga har f\u00f6ljt r\u00e5det genom \u00e5ren. Till jourhavande pr\u00e4st kan man ringa p\u00e5 nummer 112 klockan 21-06 varje natt. G\u00f6r det om du beh\u00f6ver, det [&hellip;]","og_url":"https:\/\/blogg.svenskakyrkan.se\/vandravagen\/2013\/05\/08\/ring-hit-innan-du-tar-livet-av-dig\/","og_site_name":"Vandra V\u00e4gen","article_publisher":"http:\/\/facebook.com\/vandravagen","article_published_time":"2013-05-08T06:24:00+00:00","og_image":[{"url":"https:\/\/lh5.googleusercontent.com\/-zyMMZDR6x-c\/UYnvMXImd8I\/AAAAAAAADXc\/L1KO7GSEv6I\/s640\/blogger-image--160963473.jpg","type":"","width":"","height":""}],"author":"Tomas Jarvid","twitter_card":"summary_large_image","twitter_creator":"@fadertomas","twitter_site":"@fadertomas","twitter_misc":{"Skriven av":"Tomas Jarvid","Ber\u00e4knad l\u00e4stid":"2 minuter"},"schema":{"@context":"https:\/\/schema.org","@graph":[{"@type":"Article","@id":"https:\/\/blogg.svenskakyrkan.se\/vandravagen\/2013\/05\/08\/ring-hit-innan-du-tar-livet-av-dig\/#article","isPartOf":{"@id":"https:\/\/blogg.svenskakyrkan.se\/vandravagen\/2013\/05\/08\/ring-hit-innan-du-tar-livet-av-dig\/"},"author":{"name":"Tomas Jarvid","@id":"https:\/\/blogg.svenskakyrkan.se\/vandravagen\/#\/schema\/person\/25da02d4f76b137d04291711e2c9fc16"},"headline":"Ring hit innan du tar livet av dig!","datePublished":"2013-05-08T06:24:00+00:00","mainEntityOfPage":{"@id":"https:\/\/blogg.svenskakyrkan.se\/vandravagen\/2013\/05\/08\/ring-hit-innan-du-tar-livet-av-dig\/"},"wordCount":365,"commentCount":3,"publisher":{"@id":"https:\/\/blogg.svenskakyrkan.se\/vandravagen\/#organization"},"image":{"@id":"https:\/\/blogg.svenskakyrkan.se\/vandravagen\/2013\/05\/08\/ring-hit-innan-du-tar-livet-av-dig\/#primaryimage"},"thumbnailUrl":"https:\/\/lh5.googleusercontent.com\/-zyMMZDR6x-c\/UYnvMXImd8I\/AAAAAAAADXc\/L1KO7GSEv6I\/s640\/blogger-image--160963473.jpg","articleSection":["vara m\u00e4nniska"],"inLanguage":"sv-SE","potentialAction":[{"@type":"CommentAction","name":"Comment","target":["https:\/\/blogg.svenskakyrkan.se\/vandravagen\/2013\/05\/08\/ring-hit-innan-du-tar-livet-av-dig\/#respond"]}]},{"@type":"WebPage","@id":"https:\/\/blogg.svenskakyrkan.se\/vandravagen\/2013\/05\/08\/ring-hit-innan-du-tar-livet-av-dig\/","url":"https:\/\/blogg.svenskakyrkan.se\/vandravagen\/2013\/05\/08\/ring-hit-innan-du-tar-livet-av-dig\/","name":"Ring hit innan du tar livet av dig! - Vandra V\u00e4gen","isPartOf":{"@id":"https:\/\/blogg.svenskakyrkan.se\/vandravagen\/#website"},"primaryImageOfPage":{"@id":"https:\/\/blogg.svenskakyrkan.se\/vandravagen\/2013\/05\/08\/ring-hit-innan-du-tar-livet-av-dig\/#primaryimage"},"image":{"@id":"https:\/\/blogg.svenskakyrkan.se\/vandravagen\/2013\/05\/08\/ring-hit-innan-du-tar-livet-av-dig\/#primaryimage"},"thumbnailUrl":"https:\/\/lh5.googleusercontent.com\/-zyMMZDR6x-c\/UYnvMXImd8I\/AAAAAAAADXc\/L1KO7GSEv6I\/s640\/blogger-image--160963473.jpg","datePublished":"2013-05-08T06:24:00+00:00","breadcrumb":{"@id":"https:\/\/blogg.svenskakyrkan.se\/vandravagen\/2013\/05\/08\/ring-hit-innan-du-tar-livet-av-dig\/#breadcrumb"},"inLanguage":"sv-SE","potentialAction":[{"@type":"ReadAction","target":["https:\/\/blogg.svenskakyrkan.se\/vandravagen\/2013\/05\/08\/ring-hit-innan-du-tar-livet-av-dig\/"]}]},{"@type":"ImageObject","inLanguage":"sv-SE","@id":"https:\/\/blogg.svenskakyrkan.se\/vandravagen\/2013\/05\/08\/ring-hit-innan-du-tar-livet-av-dig\/#primaryimage","url":"https:\/\/lh5.googleusercontent.com\/-zyMMZDR6x-c\/UYnvMXImd8I\/AAAAAAAADXc\/L1KO7GSEv6I\/s640\/blogger-image--160963473.jpg","contentUrl":"https:\/\/lh5.googleusercontent.com\/-zyMMZDR6x-c\/UYnvMXImd8I\/AAAAAAAADXc\/L1KO7GSEv6I\/s640\/blogger-image--160963473.jpg"},{"@type":"BreadcrumbList","@id":"https:\/\/blogg.svenskakyrkan.se\/vandravagen\/2013\/05\/08\/ring-hit-innan-du-tar-livet-av-dig\/#breadcrumb","itemListElement":[{"@type":"ListItem","position":1,"name":"Hem","item":"https:\/\/blogg.svenskakyrkan.se\/vandravagen\/"},{"@type":"ListItem","position":2,"name":"Ring hit innan du tar livet av dig!"}]},{"@type":"WebSite","@id":"https:\/\/blogg.svenskakyrkan.se\/vandravagen\/#website","url":"https:\/\/blogg.svenskakyrkan.se\/vandravagen\/","name":"Vandra V\u00e4gen","description":"-Mot en tro f\u00f6r hela livet","publisher":{"@id":"https:\/\/blogg.svenskakyrkan.se\/vandravagen\/#organization"},"potentialAction":[{"@type":"SearchAction","target":{"@type":"EntryPoint","urlTemplate":"https:\/\/blogg.svenskakyrkan.se\/vandravagen\/?s={search_term_string}"},"query-input":{"@type":"PropertyValueSpecification","valueRequired":true,"valueName":"search_term_string"}}],"inLanguage":"sv-SE"},{"@type":"Organization","@id":"https:\/\/blogg.svenskakyrkan.se\/vandravagen\/#organization","name":"ulricehamns pastorat","alternateName":"ulricehamns pastorat","url":"https:\/\/blogg.svenskakyrkan.se\/vandravagen\/","logo":{"@type":"ImageObject","inLanguage":"sv-SE","@id":"https:\/\/blogg.svenskakyrkan.se\/vandravagen\/#\/schema\/logo\/image\/","url":"https:\/\/blogg.svenskakyrkan.se\/vandravagen\/files\/2023\/05\/Ulr_logo_RGB.png","contentUrl":"https:\/\/blogg.svenskakyrkan.se\/vandravagen\/files\/2023\/05\/Ulr_logo_RGB.png","width":205,"height":77,"caption":"ulricehamns pastorat"},"image":{"@id":"https:\/\/blogg.svenskakyrkan.se\/vandravagen\/#\/schema\/logo\/image\/"},"sameAs":["http:\/\/facebook.com\/vandravagen","https:\/\/x.com\/fadertomas","http:\/\/www.facebook.com\/svenskakyrkaniulricehamn"]},{"@type":"Person","@id":"https:\/\/blogg.svenskakyrkan.se\/vandravagen\/#\/schema\/person\/25da02d4f76b137d04291711e2c9fc16","name":"Tomas Jarvid","image":{"@type":"ImageObject","inLanguage":"sv-SE","@id":"https:\/\/blogg.svenskakyrkan.se\/vandravagen\/#\/schema\/person\/image\/","url":"https:\/\/secure.gravatar.com\/avatar\/7fa71899795e8f540f615a1f5ab25255dc27aa40f05ee7ddd21aac521e01bf50?s=96&d=identicon&r=g","contentUrl":"https:\/\/secure.gravatar.com\/avatar\/7fa71899795e8f540f615a1f5ab25255dc27aa40f05ee7ddd21aac521e01bf50?s=96&d=identicon&r=g","caption":"Tomas Jarvid"},"description":"Jag bor i Ulricehamn i V\u00e4sterg\u00f6tland och \u00e4r f\u00f6rsamlingspr\u00e4st i Svenska Kyrkan f\u00f6r Dalstorps f\u00f6rsamling i Kinds pastorat. P\u00e5 den h\u00e4r bloggen skriver jag ner tankar om vandringen som kristen.","sameAs":["http:\/\/www.vandravagen.se"],"url":"https:\/\/blogg.svenskakyrkan.se\/vandravagen\/author\/vandravagen\/"}]}},"author_meta":{"ID":"392","user_nicename":"vandravagen","user_url":"http:\/\/www.vandravagen.se","user_registered":"2014-05-19 05:44:52","display_name":"Tomas Jarvid","first_name":"Tomas","last_name":"Jarvid","avatar":"https:\/\/secure.gravatar.com\/avatar\/7fa71899795e8f540f615a1f5ab25255dc27aa40f05ee7ddd21aac521e01bf50?s=96&d=identicon&r=g"},"featured_image":false,"bloginfo":{"name":"Vandra V\u00e4gen","url":"https:\/\/blogg.svenskakyrkan.se\/vandravagen"},"_links":{"self":[{"href":"https:\/\/blogg.svenskakyrkan.se\/vandravagen\/wp-json\/wp\/v2\/posts\/582","targetHints":{"allow":["GET"]}}],"collection":[{"href":"https:\/\/blogg.svenskakyrkan.se\/vandravagen\/wp-json\/wp\/v2\/posts"}],"about":[{"href":"https:\/\/blogg.svenskakyrkan.se\/vandravagen\/wp-json\/wp\/v2\/types\/post"}],"author":[{"embeddable":true,"href":"https:\/\/blogg.svenskakyrkan.se\/vandravagen\/wp-json\/wp\/v2\/users\/392"}],"replies":[{"embeddable":true,"href":"https:\/\/blogg.svenskakyrkan.se\/vandravagen\/wp-json\/wp\/v2\/comments?post=582"}],"version-history":[{"count":0,"href":"https:\/\/blogg.svenskakyrkan.se\/vandravagen\/wp-json\/wp\/v2\/posts\/582\/revisions"}],"wp:attachment":[{"href":"https:\/\/blogg.svenskakyrkan.se\/vandravagen\/wp-json\/wp\/v2\/media?parent=582"}],"wp:term":[{"taxonomy":"category","embeddable":true,"href":"https:\/\/blogg.svenskakyrkan.se\/vandravagen\/wp-json\/wp\/v2\/categories?post=582"},{"taxonomy":"post_tag","embeddable":true,"href":"https:\/\/blogg.svenskakyrkan.se\/vandravagen\/wp-json\/wp\/v2\/tags?post=582"}],"curies":[{"name":"wp","href":"https:\/\/api.w.org\/{rel}","templated":true}]}}