{"id":583,"date":"2013-05-07T08:21:00","date_gmt":"2013-05-07T06:21:00","guid":{"rendered":"http:\/\/blogg.svenskakyrkan.se\/vandravagen\/2013\/05\/07\/veckans-favorittweets-samlade\/"},"modified":"2013-05-07T08:21:00","modified_gmt":"2013-05-07T06:21:00","slug":"veckans-favorittweets-samlade","status":"publish","type":"post","link":"https:\/\/blogg.svenskakyrkan.se\/vandravagen\/2013\/05\/07\/veckans-favorittweets-samlade\/","title":{"rendered":"Veckans favorittweets samlade"},"content":{"rendered":"<div>Det blev visst tisdag igen innan twittersammanfattningen kom. Men den som v\u00e4ntar p\u00e5 n\u00e5got gott brukar ju ofta f\u00e5 v\u00e4nta l\u00e4nge. Det var f\u00f6rresten inte s\u00e5 kul det d\u00e4r ig\u00e5r med de som s\u00f6kt p\u00e5 &#8221;S<a href=\"http:\/\/www.vandravagen.se\/2013\/05\/samsta-prasten-i-sverige.html\">veriges v\u00e4rsta pr\u00e4ster<\/a>&#8221; och kom hit. Det var efter en artikel i aftonbladet. Inte s\u00e5 roligt egentligen allts\u00e5.<\/div>\n<div><\/div>\n<div>Roligt blir det i alla fall nu. Och klokt, och kristetklokt.<\/div>\n<div><\/div>\n<div><\/div>\n<div>&#8221;Kristna&#8221; (eller\u00a0<a href=\"http:\/\/www.vandravagen.se\/2013\/04\/vad-betyder-det-att-vara-from.html\">fromma<\/a>\u2122, whatever&#8230;) tweets<\/div>\n<div><\/div>\n<div><\/div>\n<div><a href=\"http:\/\/4.bp.blogspot.com\/-c26TqgJyN20\/UYgAm97fb6I\/AAAAAAAADTA\/wokJbGZklTY\/s1600\/bojkottaolja.jpg\"><img loading=\"lazy\" decoding=\"async\" border=\"0\" height=\"70\" src=\"http:\/\/4.bp.blogspot.com\/-c26TqgJyN20\/UYgAm97fb6I\/AAAAAAAADTA\/wokJbGZklTY\/s400\/bojkottaolja.jpg\" width=\"400\"><\/a><\/div>\n<div><\/div>\n<div><\/div>\n<div><a href=\"http:\/\/1.bp.blogspot.com\/-vCqiO4ZHPLY\/UYgAn6zUTFI\/AAAAAAAADTM\/svINPyOjHtY\/s1600\/do%CC%88minte.jpg\"><img loading=\"lazy\" decoding=\"async\" border=\"0\" height=\"82\" src=\"http:\/\/1.bp.blogspot.com\/-vCqiO4ZHPLY\/UYgAn6zUTFI\/AAAAAAAADTM\/svINPyOjHtY\/s400\/do%CC%88minte.jpg\" width=\"400\"><\/a><\/div>\n<div><\/div>\n<div><\/div>\n<div>(den ortodoxa p\u00e5sken har b\u00f6rjat. Glad p\u00e5sk alla ortodoxa l\u00e4sare!)<\/div>\n<div><a href=\"http:\/\/1.bp.blogspot.com\/-gRNkBpFQXkU\/UYgBNoy4_YI\/AAAAAAAADV0\/b6z5lAGst_U\/s1600\/uppsta%CC%8Andelse.jpg\"><img loading=\"lazy\" decoding=\"async\" border=\"0\" height=\"85\" src=\"http:\/\/1.bp.blogspot.com\/-gRNkBpFQXkU\/UYgBNoy4_YI\/AAAAAAAADV0\/b6z5lAGst_U\/s400\/uppsta%CC%8Andelse.jpg\" width=\"400\"><\/a><\/div>\n<div><\/div>\n<div><\/div>\n<div><\/div>\n<div><a href=\"http:\/\/3.bp.blogspot.com\/-zv3cJs7K-uo\/UYgAowsq5yI\/AAAAAAAADTk\/kqFBNpuWJjc\/s1600\/faderva%CC%8Ar.jpg\"><img loading=\"lazy\" decoding=\"async\" border=\"0\" height=\"73\" src=\"http:\/\/3.bp.blogspot.com\/-zv3cJs7K-uo\/UYgAowsq5yI\/AAAAAAAADTk\/kqFBNpuWJjc\/s400\/faderva%CC%8Ar.jpg\" width=\"400\"><\/a><\/div>\n<div><\/div>\n<div><\/div>\n<div><a href=\"http:\/\/1.bp.blogspot.com\/-KlohtkaXwKw\/UYgAw3bIgyI\/AAAAAAAADUI\/cJSGMaY7ykc\/s1600\/fro%CC%88etfo%CC%88rblir.jpg\"><img loading=\"lazy\" decoding=\"async\" border=\"0\" height=\"57\" src=\"http:\/\/1.bp.blogspot.com\/-KlohtkaXwKw\/UYgAw3bIgyI\/AAAAAAAADUI\/cJSGMaY7ykc\/s400\/fro%CC%88etfo%CC%88rblir.jpg\" width=\"400\"><\/a><\/div>\n<div><\/div>\n<div><\/div>\n<div>F\u00f6ljande passar ihop med det jag skrev p\u00e5 <a href=\"http:\/\/www.vandravagen.se\/2013\/05\/bonsondagen-och-resten-av-arets-dagar.html\">b\u00f6ns\u00f6ndagen<\/a>:<\/div>\n<div><a href=\"http:\/\/4.bp.blogspot.com\/-DCnPRYuIkP4\/UYgBK7FoXkI\/AAAAAAAADVM\/rF4gHTEUYSI\/s1600\/la%CC%88rasigbe.jpg\"><img loading=\"lazy\" decoding=\"async\" border=\"0\" height=\"68\" src=\"http:\/\/4.bp.blogspot.com\/-DCnPRYuIkP4\/UYgBK7FoXkI\/AAAAAAAADVM\/rF4gHTEUYSI\/s400\/la%CC%88rasigbe.jpg\" width=\"400\"><\/a><\/div>\n<div><\/div>\n<div><\/div>\n<div>Och ett tr\u00f6stens ord fr\u00e5n Tim Keller:<\/div>\n<div><a href=\"http:\/\/4.bp.blogspot.com\/-LaOkx9R6fBQ\/UYgBMea1OSI\/AAAAAAAADVo\/zN3n3zebGZg\/s1600\/ofo%CC%88rtja%CC%88na.jpg\"><img loading=\"lazy\" decoding=\"async\" border=\"0\" height=\"67\" src=\"http:\/\/4.bp.blogspot.com\/-LaOkx9R6fBQ\/UYgBMea1OSI\/AAAAAAAADVo\/zN3n3zebGZg\/s400\/ofo%CC%88rtja%CC%88na.jpg\" width=\"400\"><\/a><\/div>\n<div><\/div>\n<div><\/div>\n<div><\/div>\n<div>Kloka tweets<\/div>\n<div><\/div>\n<\/p>\n<div><a href=\"http:\/\/4.bp.blogspot.com\/-elPacKEQAh4\/UYgAm0oJSpI\/AAAAAAAADUw\/wPadgkpZQG0\/s1600\/demonerga%CC%8Arla%CC%8Angt.jpg\"><img loading=\"lazy\" decoding=\"async\" border=\"0\" height=\"71\" src=\"http:\/\/4.bp.blogspot.com\/-elPacKEQAh4\/UYgAm0oJSpI\/AAAAAAAADUw\/wPadgkpZQG0\/s400\/demonerga%CC%8Arla%CC%8Angt.jpg\" width=\"400\"><\/a><\/div>\n<div><\/div>\n<div><\/div>\n<div><a href=\"http:\/\/2.bp.blogspot.com\/-pvRpZakxqWk\/UYgAnfNuf3I\/AAAAAAAADTQ\/47sbYNV7urE\/s1600\/donator.jpg\"><img loading=\"lazy\" decoding=\"async\" border=\"0\" height=\"82\" src=\"http:\/\/2.bp.blogspot.com\/-pvRpZakxqWk\/UYgAnfNuf3I\/AAAAAAAADTQ\/47sbYNV7urE\/s400\/donator.jpg\" width=\"400\"><\/a><\/div>\n<div><\/div>\n<div><\/div>\n<div><a href=\"http:\/\/3.bp.blogspot.com\/-EaH-SMA_Rqs\/UYgAxkj8JgI\/AAAAAAAADUc\/LZgapGu3OE4\/s1600\/gerfrid.jpg\"><img loading=\"lazy\" decoding=\"async\" border=\"0\" height=\"70\" src=\"http:\/\/3.bp.blogspot.com\/-EaH-SMA_Rqs\/UYgAxkj8JgI\/AAAAAAAADUc\/LZgapGu3OE4\/s400\/gerfrid.jpg\" width=\"400\"><\/a><\/div>\n<div><\/div>\n<div><\/div>\n<div><a href=\"http:\/\/1.bp.blogspot.com\/-94e_QSKPGn8\/UYgAxxwSphI\/AAAAAAAADUY\/34mnIRWzOiI\/s1600\/geaktpa%CC%8A.jpg\"><img loading=\"lazy\" decoding=\"async\" border=\"0\" height=\"83\" src=\"http:\/\/1.bp.blogspot.com\/-94e_QSKPGn8\/UYgAxxwSphI\/AAAAAAAADUY\/34mnIRWzOiI\/s400\/geaktpa%CC%8A.jpg\" width=\"400\"><\/a><\/div>\n<div><\/div>\n<div><\/div>\n<div><a href=\"http:\/\/1.bp.blogspot.com\/-KMBUlnW-GxA\/UYgAp68RCoI\/AAAAAAAADTw\/2g-fYYHoOyk\/s1600\/fldskap.jpg\"><img loading=\"lazy\" decoding=\"async\" border=\"0\" height=\"67\" src=\"http:\/\/1.bp.blogspot.com\/-KMBUlnW-GxA\/UYgAp68RCoI\/AAAAAAAADTw\/2g-fYYHoOyk\/s400\/fldskap.jpg\" width=\"400\"><\/a><\/div>\n<div><\/div>\n<div><\/div>\n<div><a href=\"http:\/\/4.bp.blogspot.com\/-Xw2RREEZ4uo\/UYgAy39mkpI\/AAAAAAAADUk\/sZDZLgC2YZI\/s1600\/godaord.jpg\"><img loading=\"lazy\" decoding=\"async\" border=\"0\" height=\"155\" src=\"http:\/\/4.bp.blogspot.com\/-Xw2RREEZ4uo\/UYgAy39mkpI\/AAAAAAAADUk\/sZDZLgC2YZI\/s400\/godaord.jpg\" width=\"400\"><\/a><\/div>\n<div><\/div>\n<div><\/div>\n<div><a href=\"http:\/\/3.bp.blogspot.com\/-tlxt1uNLDB0\/UYgA0Ynr0oI\/AAAAAAAADUo\/ZtdO2wqxmSA\/s1600\/ha%CC%88rskartekniker.jpg\"><img loading=\"lazy\" decoding=\"async\" border=\"0\" height=\"85\" src=\"http:\/\/3.bp.blogspot.com\/-tlxt1uNLDB0\/UYgA0Ynr0oI\/AAAAAAAADUo\/ZtdO2wqxmSA\/s400\/ha%CC%88rskartekniker.jpg\" width=\"400\"><\/a><\/div>\n<div><\/div>\n<div><\/div>\n<div>T\u00e4nkv\u00e4rt, st\u00e4mmer det? (<a href=\"http:\/\/sunnliden.se\/?p=3067\">l\u00e4s mer h\u00e4r<\/a>)<\/div>\n<div><a href=\"http:\/\/4.bp.blogspot.com\/-A-OznHU6-ho\/UYgBFPhyC5I\/AAAAAAAADVA\/bXHcLWk37hM\/s1600\/ka%CC%88rlekejra%CC%88ttvisa.jpg\"><img loading=\"lazy\" decoding=\"async\" border=\"0\" height=\"67\" src=\"http:\/\/4.bp.blogspot.com\/-A-OznHU6-ho\/UYgBFPhyC5I\/AAAAAAAADVA\/bXHcLWk37hM\/s400\/ka%CC%88rlekejra%CC%88ttvisa.jpg\" width=\"400\"><\/a><\/div>\n<div><\/div>\n<div><\/div>\n<div><a href=\"http:\/\/1.bp.blogspot.com\/-BxVIz1da53s\/UYgBRH-yGGI\/AAAAAAAADVw\/BJB6PlyKF4s\/s1600\/vadvisa%CC%88gerandra.jpg\"><img loading=\"lazy\" decoding=\"async\" border=\"0\" height=\"71\" src=\"http:\/\/1.bp.blogspot.com\/-BxVIz1da53s\/UYgBRH-yGGI\/AAAAAAAADVw\/BJB6PlyKF4s\/s400\/vadvisa%CC%88gerandra.jpg\" width=\"400\"><\/a><\/div>\n<div><\/div>\n<div><\/div>\n<div><\/div>\n<div><a href=\"http:\/\/4.bp.blogspot.com\/-aT9ZGicfpck\/UYgBJrkP3BI\/AAAAAAAADU4\/RukrEBOU6AU\/s1600\/lagomtempo.jpg\"><img loading=\"lazy\" decoding=\"async\" border=\"0\" height=\"141\" src=\"http:\/\/4.bp.blogspot.com\/-aT9ZGicfpck\/UYgBJrkP3BI\/AAAAAAAADU4\/RukrEBOU6AU\/s400\/lagomtempo.jpg\" width=\"400\"><\/a><\/div>\n<div><\/div>\n<div><\/div>\n<div><\/div>\n<div><a href=\"http:\/\/2.bp.blogspot.com\/-sCjJqmvwI-4\/UYgBNjljnoI\/AAAAAAAADVs\/MolElWibfH8\/s1600\/sex.jpg\"><img loading=\"lazy\" decoding=\"async\" border=\"0\" height=\"71\" src=\"http:\/\/2.bp.blogspot.com\/-sCjJqmvwI-4\/UYgBNjljnoI\/AAAAAAAADVs\/MolElWibfH8\/s400\/sex.jpg\" width=\"400\"><\/a><\/div>\n<div><\/div>\n<div><\/div>\n<div>Det h\u00e4r gillar jag. K\u00e4rlek handlar mer \u00e4n n\u00e5got annat om hur vi <i>handlar<\/i> mot varandra!<\/div>\n<div><a href=\"http:\/\/4.bp.blogspot.com\/-kPYbTxCQqf4\/UYgBCqsG5DI\/AAAAAAAADU8\/gH7H49xuh_Q\/s1600\/ka%CC%88rleka%CC%88rhandling.jpg\"><img loading=\"lazy\" decoding=\"async\" border=\"0\" height=\"158\" src=\"http:\/\/4.bp.blogspot.com\/-kPYbTxCQqf4\/UYgBCqsG5DI\/AAAAAAAADU8\/gH7H49xuh_Q\/s320\/ka%CC%88rleka%CC%88rhandling.jpg\" width=\"320\"><\/a><\/div>\n<div><\/div>\n<div><\/div>\n<div>Och det h\u00e4r k\u00e4nner jag igen fr\u00e5n min egen barndom!<\/div>\n<div><a href=\"http:\/\/2.bp.blogspot.com\/-RHL8J1hBUHQ\/UYgAqn8-ncI\/AAAAAAAADUA\/ya88xtN3l8Q\/s1600\/fotbollsplan.jpg\"><img loading=\"lazy\" decoding=\"async\" border=\"0\" height=\"68\" src=\"http:\/\/2.bp.blogspot.com\/-RHL8J1hBUHQ\/UYgAqn8-ncI\/AAAAAAAADUA\/ya88xtN3l8Q\/s400\/fotbollsplan.jpg\" width=\"400\"><\/a><\/div>\n<div><\/div>\n<div><\/div>\n<div><\/div>\n<div><a href=\"http:\/\/2.bp.blogspot.com\/-IqhFd-t0Jho\/UYgBLSUWpzI\/AAAAAAAADVE\/GRzdbX3JDzU\/s1600\/lyckligtgift.jpg\"><img loading=\"lazy\" decoding=\"async\" border=\"0\" height=\"71\" src=\"http:\/\/2.bp.blogspot.com\/-IqhFd-t0Jho\/UYgBLSUWpzI\/AAAAAAAADVE\/GRzdbX3JDzU\/s400\/lyckligtgift.jpg\" width=\"400\"><\/a><\/div>\n<div><\/div>\n<div><\/div>\n<div><\/div>\n<div><\/div>\n<div>Roliga tweets<\/div>\n<div><\/div>\n<\/p>\n<div><a href=\"http:\/\/1.bp.blogspot.com\/-kq_vXUxIK34\/UYgAmwFE_8I\/AAAAAAAADTE\/TLR2z1vObNI\/s1600\/digiloo.jpg\"><img loading=\"lazy\" decoding=\"async\" border=\"0\" height=\"86\" src=\"http:\/\/1.bp.blogspot.com\/-kq_vXUxIK34\/UYgAmwFE_8I\/AAAAAAAADTE\/TLR2z1vObNI\/s400\/digiloo.jpg\" width=\"400\"><\/a><\/div>\n<div><\/div>\n<\/p>\n<div>Varje predikants dr\u00f6m!\u00a0<\/div>\n<div><a href=\"http:\/\/2.bp.blogspot.com\/-6dDjnPZGFvc\/UYgAoD9OO7I\/AAAAAAAADTY\/kqY7IheOkg4\/s1600\/dro%CC%88mla%CC%88ge.jpg\"><img loading=\"lazy\" decoding=\"async\" border=\"0\" height=\"68\" src=\"http:\/\/2.bp.blogspot.com\/-6dDjnPZGFvc\/UYgAoD9OO7I\/AAAAAAAADTY\/kqY7IheOkg4\/s400\/dro%CC%88mla%CC%88ge.jpg\" width=\"400\"><\/a><\/div>\n<div><\/div>\n<\/p>\n<div><\/div>\n<div><a href=\"http:\/\/4.bp.blogspot.com\/-D-cTdztpYrQ\/UYgApgwrM3I\/AAAAAAAADUE\/TTa9USIS1hM\/s1600\/ferrari.jpg\"><img loading=\"lazy\" decoding=\"async\" border=\"0\" height=\"53\" src=\"http:\/\/4.bp.blogspot.com\/-D-cTdztpYrQ\/UYgApgwrM3I\/AAAAAAAADUE\/TTa9USIS1hM\/s400\/ferrari.jpg\" width=\"400\"><\/a><\/div>\n<\/p>\n<div><\/div>\n<\/p>\n<div><a href=\"http:\/\/3.bp.blogspot.com\/-Dx19kdoJjjw\/UYgA3Xb72yI\/AAAAAAAADU0\/jcMry5lakto\/s1600\/hundmat.jpg\"><img loading=\"lazy\" decoding=\"async\" border=\"0\" height=\"81\" src=\"http:\/\/3.bp.blogspot.com\/-Dx19kdoJjjw\/UYgA3Xb72yI\/AAAAAAAADU0\/jcMry5lakto\/s400\/hundmat.jpg\" width=\"400\"><\/a><\/div>\n<\/p>\n<div><a href=\"http:\/\/2.bp.blogspot.com\/-ywL66x0c0-Y\/UYgA7P5JyZI\/AAAAAAAADUs\/eUk3Z5QFlOo\/s1600\/ideclare.jpg\"><img loading=\"lazy\" decoding=\"async\" border=\"0\" height=\"56\" src=\"http:\/\/2.bp.blogspot.com\/-ywL66x0c0-Y\/UYgA7P5JyZI\/AAAAAAAADUs\/eUk3Z5QFlOo\/s400\/ideclare.jpg\" width=\"400\"><\/a><\/div>\n<\/p>\n<div><\/div>\n<div><\/div>\n<div><a href=\"http:\/\/4.bp.blogspot.com\/-ATLhKHm5MgA\/UYgBL7Oe9qI\/AAAAAAAADVI\/01Geh-sSHuo\/s1600\/maythe4s.jpg\"><img loading=\"lazy\" decoding=\"async\" border=\"0\" height=\"55\" src=\"http:\/\/4.bp.blogspot.com\/-ATLhKHm5MgA\/UYgBL7Oe9qI\/AAAAAAAADVI\/01Geh-sSHuo\/s400\/maythe4s.jpg\" width=\"400\"><\/a><\/div>\n<\/p>\n<div><\/div>\n<div><a href=\"http:\/\/1.bp.blogspot.com\/-fGL7Cd75RB0\/UYgBMrNDYtI\/AAAAAAAADVk\/9aZkXIkZzPg\/s1600\/pro%CC%88vning.jpg\"><img loading=\"lazy\" decoding=\"async\" border=\"0\" height=\"68\" src=\"http:\/\/1.bp.blogspot.com\/-fGL7Cd75RB0\/UYgBMrNDYtI\/AAAAAAAADVk\/9aZkXIkZzPg\/s400\/pro%CC%88vning.jpg\" width=\"400\"><\/a><\/div>\n<div><\/div>\n<\/p>\n<div><a href=\"http:\/\/1.bp.blogspot.com\/-fmzgD-J5DuM\/UYgBMyObwtI\/AAAAAAAADVg\/I11VjEFOSGg\/s1600\/ra%CC%88ddaliv.jpg\"><img loading=\"lazy\" decoding=\"async\" border=\"0\" height=\"85\" src=\"http:\/\/1.bp.blogspot.com\/-fmzgD-J5DuM\/UYgBMyObwtI\/AAAAAAAADVg\/I11VjEFOSGg\/s400\/ra%CC%88ddaliv.jpg\" width=\"400\"><\/a><\/div>\n<\/p>\n<div><\/div>\n<\/p>\n<div>Veckans b\u00e4sta tweet<\/div>\n<div>st\u00e5r @Bojklert f\u00f6r!<\/div>\n<\/p>\n<div><\/div>\n<div><a href=\"http:\/\/1.bp.blogspot.com\/-cPLmFezvbmU\/UYgAoVbUUyI\/AAAAAAAADTg\/RCUnZ0M4KUM\/s1600\/enhet.jpg\"><img loading=\"lazy\" decoding=\"async\" border=\"0\" height=\"67\" src=\"http:\/\/1.bp.blogspot.com\/-cPLmFezvbmU\/UYgAoVbUUyI\/AAAAAAAADTg\/RCUnZ0M4KUM\/s400\/enhet.jpg\" width=\"400\"><\/a><\/div>\n<div><\/div>\n<div><\/div><\/p>\n","protected":false},"excerpt":{"rendered":"<p>Det blev visst tisdag igen innan twittersammanfattningen kom. Men den som v\u00e4ntar p\u00e5 n\u00e5got gott brukar ju ofta f\u00e5 v\u00e4nta l\u00e4nge. Det var f\u00f6rresten inte s\u00e5 kul det d\u00e4r ig\u00e5r med de som s\u00f6kt p\u00e5 &#8221;Sveriges v\u00e4rsta pr\u00e4ster&#8221; och kom hit. Det var efter en artikel i aftonbladet. Inte s\u00e5 roligt egentligen allts\u00e5. Roligt blir [&hellip;]<\/p>\n","protected":false},"author":392,"featured_media":0,"comment_status":"open","ping_status":"open","sticky":false,"template":"","format":"standard","meta":{"_acf_changed":false,"footnotes":""},"categories":[76766],"tags":[],"class_list":["post-583","post","type-post","status-publish","format-standard","hentry","category-blandat"],"acf":[],"yoast_head":"<!-- This site is optimized with the Yoast SEO plugin v27.1.1 - https:\/\/yoast.com\/product\/yoast-seo-wordpress\/ -->\n<title>Veckans favorittweets samlade - Vandra V\u00e4gen<\/title>\n<meta name=\"robots\" content=\"index, follow, max-snippet:-1, max-image-preview:large, max-video-preview:-1\" \/>\n<link rel=\"canonical\" href=\"https:\/\/blogg.svenskakyrkan.se\/vandravagen\/2013\/05\/07\/veckans-favorittweets-samlade\/\" \/>\n<meta property=\"og:locale\" content=\"sv_SE\" \/>\n<meta property=\"og:type\" content=\"article\" \/>\n<meta property=\"og:title\" content=\"Veckans favorittweets samlade - Vandra V\u00e4gen\" \/>\n<meta property=\"og:description\" content=\"Det blev visst tisdag igen innan twittersammanfattningen kom. Men den som v\u00e4ntar p\u00e5 n\u00e5got gott brukar ju ofta f\u00e5 v\u00e4nta l\u00e4nge. Det var f\u00f6rresten inte s\u00e5 kul det d\u00e4r ig\u00e5r med de som s\u00f6kt p\u00e5 &#8221;Sveriges v\u00e4rsta pr\u00e4ster&#8221; och kom hit. Det var efter en artikel i aftonbladet. Inte s\u00e5 roligt egentligen allts\u00e5. Roligt blir [&hellip;]\" \/>\n<meta property=\"og:url\" content=\"https:\/\/blogg.svenskakyrkan.se\/vandravagen\/2013\/05\/07\/veckans-favorittweets-samlade\/\" \/>\n<meta property=\"og:site_name\" content=\"Vandra V\u00e4gen\" \/>\n<meta property=\"article:publisher\" content=\"http:\/\/facebook.com\/vandravagen\" \/>\n<meta property=\"article:published_time\" content=\"2013-05-07T06:21:00+00:00\" \/>\n<meta property=\"og:image\" content=\"http:\/\/4.bp.blogspot.com\/-c26TqgJyN20\/UYgAm97fb6I\/AAAAAAAADTA\/wokJbGZklTY\/s400\/bojkottaolja.jpg\" \/>\n<meta name=\"author\" content=\"Tomas Jarvid\" \/>\n<meta name=\"twitter:card\" content=\"summary_large_image\" \/>\n<meta name=\"twitter:creator\" content=\"@fadertomas\" \/>\n<meta name=\"twitter:site\" content=\"@fadertomas\" \/>\n<meta name=\"twitter:label1\" content=\"Skriven av\" \/>\n\t<meta name=\"twitter:data1\" content=\"Tomas Jarvid\" \/>\n\t<meta name=\"twitter:label2\" content=\"Ber\u00e4knad l\u00e4stid\" \/>\n\t<meta name=\"twitter:data2\" content=\"1 minut\" \/>\n<script type=\"application\/ld+json\" class=\"yoast-schema-graph\">{\"@context\":\"https:\/\/schema.org\",\"@graph\":[{\"@type\":\"Article\",\"@id\":\"https:\/\/blogg.svenskakyrkan.se\/vandravagen\/2013\/05\/07\/veckans-favorittweets-samlade\/#article\",\"isPartOf\":{\"@id\":\"https:\/\/blogg.svenskakyrkan.se\/vandravagen\/2013\/05\/07\/veckans-favorittweets-samlade\/\"},\"author\":{\"name\":\"Tomas Jarvid\",\"@id\":\"https:\/\/blogg.svenskakyrkan.se\/vandravagen\/#\/schema\/person\/25da02d4f76b137d04291711e2c9fc16\"},\"headline\":\"Veckans favorittweets samlade\",\"datePublished\":\"2013-05-07T06:21:00+00:00\",\"mainEntityOfPage\":{\"@id\":\"https:\/\/blogg.svenskakyrkan.se\/vandravagen\/2013\/05\/07\/veckans-favorittweets-samlade\/\"},\"wordCount\":177,\"commentCount\":0,\"publisher\":{\"@id\":\"https:\/\/blogg.svenskakyrkan.se\/vandravagen\/#organization\"},\"image\":{\"@id\":\"https:\/\/blogg.svenskakyrkan.se\/vandravagen\/2013\/05\/07\/veckans-favorittweets-samlade\/#primaryimage\"},\"thumbnailUrl\":\"http:\/\/4.bp.blogspot.com\/-c26TqgJyN20\/UYgAm97fb6I\/AAAAAAAADTA\/wokJbGZklTY\/s400\/bojkottaolja.jpg\",\"articleSection\":[\"blandat\"],\"inLanguage\":\"sv-SE\",\"potentialAction\":[{\"@type\":\"CommentAction\",\"name\":\"Comment\",\"target\":[\"https:\/\/blogg.svenskakyrkan.se\/vandravagen\/2013\/05\/07\/veckans-favorittweets-samlade\/#respond\"]}]},{\"@type\":\"WebPage\",\"@id\":\"https:\/\/blogg.svenskakyrkan.se\/vandravagen\/2013\/05\/07\/veckans-favorittweets-samlade\/\",\"url\":\"https:\/\/blogg.svenskakyrkan.se\/vandravagen\/2013\/05\/07\/veckans-favorittweets-samlade\/\",\"name\":\"Veckans favorittweets samlade - Vandra V\u00e4gen\",\"isPartOf\":{\"@id\":\"https:\/\/blogg.svenskakyrkan.se\/vandravagen\/#website\"},\"primaryImageOfPage\":{\"@id\":\"https:\/\/blogg.svenskakyrkan.se\/vandravagen\/2013\/05\/07\/veckans-favorittweets-samlade\/#primaryimage\"},\"image\":{\"@id\":\"https:\/\/blogg.svenskakyrkan.se\/vandravagen\/2013\/05\/07\/veckans-favorittweets-samlade\/#primaryimage\"},\"thumbnailUrl\":\"http:\/\/4.bp.blogspot.com\/-c26TqgJyN20\/UYgAm97fb6I\/AAAAAAAADTA\/wokJbGZklTY\/s400\/bojkottaolja.jpg\",\"datePublished\":\"2013-05-07T06:21:00+00:00\",\"breadcrumb\":{\"@id\":\"https:\/\/blogg.svenskakyrkan.se\/vandravagen\/2013\/05\/07\/veckans-favorittweets-samlade\/#breadcrumb\"},\"inLanguage\":\"sv-SE\",\"potentialAction\":[{\"@type\":\"ReadAction\",\"target\":[\"https:\/\/blogg.svenskakyrkan.se\/vandravagen\/2013\/05\/07\/veckans-favorittweets-samlade\/\"]}]},{\"@type\":\"ImageObject\",\"inLanguage\":\"sv-SE\",\"@id\":\"https:\/\/blogg.svenskakyrkan.se\/vandravagen\/2013\/05\/07\/veckans-favorittweets-samlade\/#primaryimage\",\"url\":\"http:\/\/4.bp.blogspot.com\/-c26TqgJyN20\/UYgAm97fb6I\/AAAAAAAADTA\/wokJbGZklTY\/s400\/bojkottaolja.jpg\",\"contentUrl\":\"http:\/\/4.bp.blogspot.com\/-c26TqgJyN20\/UYgAm97fb6I\/AAAAAAAADTA\/wokJbGZklTY\/s400\/bojkottaolja.jpg\"},{\"@type\":\"BreadcrumbList\",\"@id\":\"https:\/\/blogg.svenskakyrkan.se\/vandravagen\/2013\/05\/07\/veckans-favorittweets-samlade\/#breadcrumb\",\"itemListElement\":[{\"@type\":\"ListItem\",\"position\":1,\"name\":\"Hem\",\"item\":\"https:\/\/blogg.svenskakyrkan.se\/vandravagen\/\"},{\"@type\":\"ListItem\",\"position\":2,\"name\":\"Veckans favorittweets samlade\"}]},{\"@type\":\"WebSite\",\"@id\":\"https:\/\/blogg.svenskakyrkan.se\/vandravagen\/#website\",\"url\":\"https:\/\/blogg.svenskakyrkan.se\/vandravagen\/\",\"name\":\"Vandra V\u00e4gen\",\"description\":\"-Mot en tro f\u00f6r hela livet\",\"publisher\":{\"@id\":\"https:\/\/blogg.svenskakyrkan.se\/vandravagen\/#organization\"},\"potentialAction\":[{\"@type\":\"SearchAction\",\"target\":{\"@type\":\"EntryPoint\",\"urlTemplate\":\"https:\/\/blogg.svenskakyrkan.se\/vandravagen\/?s={search_term_string}\"},\"query-input\":{\"@type\":\"PropertyValueSpecification\",\"valueRequired\":true,\"valueName\":\"search_term_string\"}}],\"inLanguage\":\"sv-SE\"},{\"@type\":\"Organization\",\"@id\":\"https:\/\/blogg.svenskakyrkan.se\/vandravagen\/#organization\",\"name\":\"ulricehamns pastorat\",\"alternateName\":\"ulricehamns pastorat\",\"url\":\"https:\/\/blogg.svenskakyrkan.se\/vandravagen\/\",\"logo\":{\"@type\":\"ImageObject\",\"inLanguage\":\"sv-SE\",\"@id\":\"https:\/\/blogg.svenskakyrkan.se\/vandravagen\/#\/schema\/logo\/image\/\",\"url\":\"https:\/\/blogg.svenskakyrkan.se\/vandravagen\/files\/2023\/05\/Ulr_logo_RGB.png\",\"contentUrl\":\"https:\/\/blogg.svenskakyrkan.se\/vandravagen\/files\/2023\/05\/Ulr_logo_RGB.png\",\"width\":205,\"height\":77,\"caption\":\"ulricehamns pastorat\"},\"image\":{\"@id\":\"https:\/\/blogg.svenskakyrkan.se\/vandravagen\/#\/schema\/logo\/image\/\"},\"sameAs\":[\"http:\/\/facebook.com\/vandravagen\",\"https:\/\/x.com\/fadertomas\",\"http:\/\/www.facebook.com\/svenskakyrkaniulricehamn\"]},{\"@type\":\"Person\",\"@id\":\"https:\/\/blogg.svenskakyrkan.se\/vandravagen\/#\/schema\/person\/25da02d4f76b137d04291711e2c9fc16\",\"name\":\"Tomas Jarvid\",\"image\":{\"@type\":\"ImageObject\",\"inLanguage\":\"sv-SE\",\"@id\":\"https:\/\/blogg.svenskakyrkan.se\/vandravagen\/#\/schema\/person\/image\/\",\"url\":\"https:\/\/secure.gravatar.com\/avatar\/7fa71899795e8f540f615a1f5ab25255dc27aa40f05ee7ddd21aac521e01bf50?s=96&d=identicon&r=g\",\"contentUrl\":\"https:\/\/secure.gravatar.com\/avatar\/7fa71899795e8f540f615a1f5ab25255dc27aa40f05ee7ddd21aac521e01bf50?s=96&d=identicon&r=g\",\"caption\":\"Tomas Jarvid\"},\"description\":\"Jag bor i Ulricehamn i V\u00e4sterg\u00f6tland och \u00e4r f\u00f6rsamlingspr\u00e4st i Svenska Kyrkan f\u00f6r Dalstorps f\u00f6rsamling i Kinds pastorat. P\u00e5 den h\u00e4r bloggen skriver jag ner tankar om vandringen som kristen.\",\"sameAs\":[\"http:\/\/www.vandravagen.se\"],\"url\":\"https:\/\/blogg.svenskakyrkan.se\/vandravagen\/author\/vandravagen\/\"}]}<\/script>\n<!-- \/ Yoast SEO plugin. -->","yoast_head_json":{"title":"Veckans favorittweets samlade - Vandra V\u00e4gen","robots":{"index":"index","follow":"follow","max-snippet":"max-snippet:-1","max-image-preview":"max-image-preview:large","max-video-preview":"max-video-preview:-1"},"canonical":"https:\/\/blogg.svenskakyrkan.se\/vandravagen\/2013\/05\/07\/veckans-favorittweets-samlade\/","og_locale":"sv_SE","og_type":"article","og_title":"Veckans favorittweets samlade - Vandra V\u00e4gen","og_description":"Det blev visst tisdag igen innan twittersammanfattningen kom. Men den som v\u00e4ntar p\u00e5 n\u00e5got gott brukar ju ofta f\u00e5 v\u00e4nta l\u00e4nge. Det var f\u00f6rresten inte s\u00e5 kul det d\u00e4r ig\u00e5r med de som s\u00f6kt p\u00e5 &#8221;Sveriges v\u00e4rsta pr\u00e4ster&#8221; och kom hit. Det var efter en artikel i aftonbladet. Inte s\u00e5 roligt egentligen allts\u00e5. Roligt blir [&hellip;]","og_url":"https:\/\/blogg.svenskakyrkan.se\/vandravagen\/2013\/05\/07\/veckans-favorittweets-samlade\/","og_site_name":"Vandra V\u00e4gen","article_publisher":"http:\/\/facebook.com\/vandravagen","article_published_time":"2013-05-07T06:21:00+00:00","og_image":[{"url":"http:\/\/4.bp.blogspot.com\/-c26TqgJyN20\/UYgAm97fb6I\/AAAAAAAADTA\/wokJbGZklTY\/s400\/bojkottaolja.jpg","type":"","width":"","height":""}],"author":"Tomas Jarvid","twitter_card":"summary_large_image","twitter_creator":"@fadertomas","twitter_site":"@fadertomas","twitter_misc":{"Skriven av":"Tomas Jarvid","Ber\u00e4knad l\u00e4stid":"1 minut"},"schema":{"@context":"https:\/\/schema.org","@graph":[{"@type":"Article","@id":"https:\/\/blogg.svenskakyrkan.se\/vandravagen\/2013\/05\/07\/veckans-favorittweets-samlade\/#article","isPartOf":{"@id":"https:\/\/blogg.svenskakyrkan.se\/vandravagen\/2013\/05\/07\/veckans-favorittweets-samlade\/"},"author":{"name":"Tomas Jarvid","@id":"https:\/\/blogg.svenskakyrkan.se\/vandravagen\/#\/schema\/person\/25da02d4f76b137d04291711e2c9fc16"},"headline":"Veckans favorittweets samlade","datePublished":"2013-05-07T06:21:00+00:00","mainEntityOfPage":{"@id":"https:\/\/blogg.svenskakyrkan.se\/vandravagen\/2013\/05\/07\/veckans-favorittweets-samlade\/"},"wordCount":177,"commentCount":0,"publisher":{"@id":"https:\/\/blogg.svenskakyrkan.se\/vandravagen\/#organization"},"image":{"@id":"https:\/\/blogg.svenskakyrkan.se\/vandravagen\/2013\/05\/07\/veckans-favorittweets-samlade\/#primaryimage"},"thumbnailUrl":"http:\/\/4.bp.blogspot.com\/-c26TqgJyN20\/UYgAm97fb6I\/AAAAAAAADTA\/wokJbGZklTY\/s400\/bojkottaolja.jpg","articleSection":["blandat"],"inLanguage":"sv-SE","potentialAction":[{"@type":"CommentAction","name":"Comment","target":["https:\/\/blogg.svenskakyrkan.se\/vandravagen\/2013\/05\/07\/veckans-favorittweets-samlade\/#respond"]}]},{"@type":"WebPage","@id":"https:\/\/blogg.svenskakyrkan.se\/vandravagen\/2013\/05\/07\/veckans-favorittweets-samlade\/","url":"https:\/\/blogg.svenskakyrkan.se\/vandravagen\/2013\/05\/07\/veckans-favorittweets-samlade\/","name":"Veckans favorittweets samlade - Vandra V\u00e4gen","isPartOf":{"@id":"https:\/\/blogg.svenskakyrkan.se\/vandravagen\/#website"},"primaryImageOfPage":{"@id":"https:\/\/blogg.svenskakyrkan.se\/vandravagen\/2013\/05\/07\/veckans-favorittweets-samlade\/#primaryimage"},"image":{"@id":"https:\/\/blogg.svenskakyrkan.se\/vandravagen\/2013\/05\/07\/veckans-favorittweets-samlade\/#primaryimage"},"thumbnailUrl":"http:\/\/4.bp.blogspot.com\/-c26TqgJyN20\/UYgAm97fb6I\/AAAAAAAADTA\/wokJbGZklTY\/s400\/bojkottaolja.jpg","datePublished":"2013-05-07T06:21:00+00:00","breadcrumb":{"@id":"https:\/\/blogg.svenskakyrkan.se\/vandravagen\/2013\/05\/07\/veckans-favorittweets-samlade\/#breadcrumb"},"inLanguage":"sv-SE","potentialAction":[{"@type":"ReadAction","target":["https:\/\/blogg.svenskakyrkan.se\/vandravagen\/2013\/05\/07\/veckans-favorittweets-samlade\/"]}]},{"@type":"ImageObject","inLanguage":"sv-SE","@id":"https:\/\/blogg.svenskakyrkan.se\/vandravagen\/2013\/05\/07\/veckans-favorittweets-samlade\/#primaryimage","url":"http:\/\/4.bp.blogspot.com\/-c26TqgJyN20\/UYgAm97fb6I\/AAAAAAAADTA\/wokJbGZklTY\/s400\/bojkottaolja.jpg","contentUrl":"http:\/\/4.bp.blogspot.com\/-c26TqgJyN20\/UYgAm97fb6I\/AAAAAAAADTA\/wokJbGZklTY\/s400\/bojkottaolja.jpg"},{"@type":"BreadcrumbList","@id":"https:\/\/blogg.svenskakyrkan.se\/vandravagen\/2013\/05\/07\/veckans-favorittweets-samlade\/#breadcrumb","itemListElement":[{"@type":"ListItem","position":1,"name":"Hem","item":"https:\/\/blogg.svenskakyrkan.se\/vandravagen\/"},{"@type":"ListItem","position":2,"name":"Veckans favorittweets samlade"}]},{"@type":"WebSite","@id":"https:\/\/blogg.svenskakyrkan.se\/vandravagen\/#website","url":"https:\/\/blogg.svenskakyrkan.se\/vandravagen\/","name":"Vandra V\u00e4gen","description":"-Mot en tro f\u00f6r hela livet","publisher":{"@id":"https:\/\/blogg.svenskakyrkan.se\/vandravagen\/#organization"},"potentialAction":[{"@type":"SearchAction","target":{"@type":"EntryPoint","urlTemplate":"https:\/\/blogg.svenskakyrkan.se\/vandravagen\/?s={search_term_string}"},"query-input":{"@type":"PropertyValueSpecification","valueRequired":true,"valueName":"search_term_string"}}],"inLanguage":"sv-SE"},{"@type":"Organization","@id":"https:\/\/blogg.svenskakyrkan.se\/vandravagen\/#organization","name":"ulricehamns pastorat","alternateName":"ulricehamns pastorat","url":"https:\/\/blogg.svenskakyrkan.se\/vandravagen\/","logo":{"@type":"ImageObject","inLanguage":"sv-SE","@id":"https:\/\/blogg.svenskakyrkan.se\/vandravagen\/#\/schema\/logo\/image\/","url":"https:\/\/blogg.svenskakyrkan.se\/vandravagen\/files\/2023\/05\/Ulr_logo_RGB.png","contentUrl":"https:\/\/blogg.svenskakyrkan.se\/vandravagen\/files\/2023\/05\/Ulr_logo_RGB.png","width":205,"height":77,"caption":"ulricehamns pastorat"},"image":{"@id":"https:\/\/blogg.svenskakyrkan.se\/vandravagen\/#\/schema\/logo\/image\/"},"sameAs":["http:\/\/facebook.com\/vandravagen","https:\/\/x.com\/fadertomas","http:\/\/www.facebook.com\/svenskakyrkaniulricehamn"]},{"@type":"Person","@id":"https:\/\/blogg.svenskakyrkan.se\/vandravagen\/#\/schema\/person\/25da02d4f76b137d04291711e2c9fc16","name":"Tomas Jarvid","image":{"@type":"ImageObject","inLanguage":"sv-SE","@id":"https:\/\/blogg.svenskakyrkan.se\/vandravagen\/#\/schema\/person\/image\/","url":"https:\/\/secure.gravatar.com\/avatar\/7fa71899795e8f540f615a1f5ab25255dc27aa40f05ee7ddd21aac521e01bf50?s=96&d=identicon&r=g","contentUrl":"https:\/\/secure.gravatar.com\/avatar\/7fa71899795e8f540f615a1f5ab25255dc27aa40f05ee7ddd21aac521e01bf50?s=96&d=identicon&r=g","caption":"Tomas Jarvid"},"description":"Jag bor i Ulricehamn i V\u00e4sterg\u00f6tland och \u00e4r f\u00f6rsamlingspr\u00e4st i Svenska Kyrkan f\u00f6r Dalstorps f\u00f6rsamling i Kinds pastorat. P\u00e5 den h\u00e4r bloggen skriver jag ner tankar om vandringen som kristen.","sameAs":["http:\/\/www.vandravagen.se"],"url":"https:\/\/blogg.svenskakyrkan.se\/vandravagen\/author\/vandravagen\/"}]}},"author_meta":{"ID":"392","user_nicename":"vandravagen","user_url":"http:\/\/www.vandravagen.se","user_registered":"2014-05-19 05:44:52","display_name":"Tomas Jarvid","first_name":"Tomas","last_name":"Jarvid","avatar":"https:\/\/secure.gravatar.com\/avatar\/7fa71899795e8f540f615a1f5ab25255dc27aa40f05ee7ddd21aac521e01bf50?s=96&d=identicon&r=g"},"featured_image":false,"bloginfo":{"name":"Vandra V\u00e4gen","url":"https:\/\/blogg.svenskakyrkan.se\/vandravagen"},"_links":{"self":[{"href":"https:\/\/blogg.svenskakyrkan.se\/vandravagen\/wp-json\/wp\/v2\/posts\/583","targetHints":{"allow":["GET"]}}],"collection":[{"href":"https:\/\/blogg.svenskakyrkan.se\/vandravagen\/wp-json\/wp\/v2\/posts"}],"about":[{"href":"https:\/\/blogg.svenskakyrkan.se\/vandravagen\/wp-json\/wp\/v2\/types\/post"}],"author":[{"embeddable":true,"href":"https:\/\/blogg.svenskakyrkan.se\/vandravagen\/wp-json\/wp\/v2\/users\/392"}],"replies":[{"embeddable":true,"href":"https:\/\/blogg.svenskakyrkan.se\/vandravagen\/wp-json\/wp\/v2\/comments?post=583"}],"version-history":[{"count":0,"href":"https:\/\/blogg.svenskakyrkan.se\/vandravagen\/wp-json\/wp\/v2\/posts\/583\/revisions"}],"wp:attachment":[{"href":"https:\/\/blogg.svenskakyrkan.se\/vandravagen\/wp-json\/wp\/v2\/media?parent=583"}],"wp:term":[{"taxonomy":"category","embeddable":true,"href":"https:\/\/blogg.svenskakyrkan.se\/vandravagen\/wp-json\/wp\/v2\/categories?post=583"},{"taxonomy":"post_tag","embeddable":true,"href":"https:\/\/blogg.svenskakyrkan.se\/vandravagen\/wp-json\/wp\/v2\/tags?post=583"}],"curies":[{"name":"wp","href":"https:\/\/api.w.org\/{rel}","templated":true}]}}