{"id":5884,"date":"2017-09-04T07:00:33","date_gmt":"2017-09-04T05:00:33","guid":{"rendered":"http:\/\/blogg.svenskakyrkan.se\/vandravagen\/?p=5884"},"modified":"2017-09-03T21:55:34","modified_gmt":"2017-09-03T19:55:34","slug":"friheten-fracken-och-hjalmen","status":"publish","type":"post","link":"https:\/\/blogg.svenskakyrkan.se\/vandravagen\/2017\/09\/04\/friheten-fracken-och-hjalmen\/","title":{"rendered":"Friheten, fracken och hj\u00e4lmen"},"content":{"rendered":"<p>Ig\u00e5r h\u00f6ll jag den h\u00e4r predikan p\u00e5 gudstj\u00e4nsten i Dalstorp. Eller h\u00e4lften i alla fall f\u00f6r jag delade p\u00e5 predikan med min kollega Ulf S\u00f6dahl. Det var ett f\u00f6rs\u00f6k att tala lite enklare eftersom vi hade konfirmandinskrivning och jag f\u00e5r nog s\u00e4ga att det jag verkligen sade i kyrkan f\u00f6rh\u00f6ll sig v\u00e4ldigt fritt till det som st\u00e5r skrivet h\u00e4r men ber\u00e4ttelsen om fracken och om hj\u00e4lmen var i alla fall med. Det \u00e4r m\u00f6jligt att de finns p\u00e5 bloggen sedan f\u00f6rut men i s\u00e5 fall har jag verkligen b\u00f6rjat tappa greppet om vad jag publicerat h\u00e4r eller inte. Hoppas hur som helst att det h\u00e4r kan vara till gl\u00e4dje f\u00f6r dig.<\/p>\n<p>&nbsp;<\/p>\n<p><strong>12 efter tref 2017, Friheten i Kristus<\/strong><\/p>\n<p>N\u00e4r jag h\u00f6r om kristen tro och frihet s\u00e5 t\u00e4nker jag p\u00e5 tv\u00e5 saker jag varit med om. Jag t\u00e4nker p\u00e5 en frack och p\u00e5 en cykelhj\u00e4lm.<\/p>\n<p>N\u00e4r jag var i tjugo\u00e5rs\u00e5ldern h\u00f6rde jag en man fr\u00e5n Frankrike ber\u00e4tta om varf\u00f6r han levde som han levde, han levde n\u00e4mligen i kloster och p\u00e5 ett ganska speciellt s\u00e4tt, och det var han som talade om fracken.<\/p>\n<p>Han hade p\u00e5 n\u00e5got s\u00e4tt blivit bjuden p\u00e5 middag till borgm\u00e4staren, de har visst s\u00e5na i Frankrike. Och han skulle ha p\u00e5 sig frack f\u00f6r det var ett v\u00e4ldigt fint kalas. N\u00e4r han gick till festen fick han se en person som gick r\u00e4tt illa p\u00e5 gatan och ungef\u00e4r d\u00e4r de m\u00f6ttes s\u00e5 var det en stor och lerig vattenp\u00f6l.<\/p>\n<p>Det gick bra och de kom f\u00f6rbi vattenp\u00f6len b\u00e5da tv\u00e5 och egentligen h\u00e4nde inget speciellt men han som ber\u00e4ttade sa att den h\u00e4r h\u00e4ndelsen fick honom att t\u00e4nka mycket. Det hade ju kunnat h\u00e4nda att den lite skraltige mannen hade ramlat ihop r\u00e4tt i vattenp\u00f6len och blivit lerig, och h\u00e4r kom han i sin frack p\u00e5 v\u00e4g till finkalas. Hade han kunnat stanna och hj\u00e4lpa honom d\u00e5? D\u00e5 hade han ju blivit lerig sj\u00e4lv och inte kunnat g\u00e5 p\u00e5 festen sedan.<\/p>\n<p>S\u00e5 f\u00f6r honom var fracken som en symbol f\u00f6r de omst\u00e4ndigheter som vi lever i. Han kom p\u00e5 att han ville ordna sitt liv s\u00e5 att han inte skulle hindras att g\u00f6ra s\u00e5dant han visste var r\u00e4tt och gott av olika saker som band honom. Och n\u00e4r jag lyssnade p\u00e5 honom hade han v\u00e4ldigt enkla kl\u00e4der och levde ett enkelt liv. Han kunde ha tid f\u00f6r de han m\u00f6tte. Han beh\u00f6vde inte bindas av l\u00e5n p\u00e5 huset s\u00e5 han m\u00e5ste jobba mycket eller av att han m\u00e5ste f\u00e5 bra betyg eller s\u00e5 utan det enda han var bunden till var sin tro, och den var en del av honom sj\u00e4lv.<\/p>\n<p>Nu \u00e4r ju inte jag n\u00e5gon munk utan lever i den vanliga v\u00e4rlden men man kan ju inspireras av hur han t\u00e4nkte och \u00f6nska att f\u00e5 leva utifr\u00e5n det man verkligen tycker betyder n\u00e5got.<\/p>\n<p>Jag har en annan historia. Jag var kanske 23 eller n\u00e5t och ledare p\u00e5 ett konfirmandl\u00e4ger p\u00e5 sommaren. Vi skulle ha sj\u00e4lva konfirmationen i en kyrka en bit bort s\u00e5 alla m\u00e5ste cykla n\u00e4r vi skulle dit och \u00f6va till den. Konfirmanderna kom fr\u00e5n olika h\u00e5ll i landet, en tjej som var fr\u00e5n Uppsala var lite sur \u00f6ver att det var tv\u00e5ng p\u00e5 cykelhj\u00e4lm p\u00e5 l\u00e4gret och fr\u00e5gade mig lite surt: Har du verkligen cykelhj\u00e4lm hemma med Tomas? Och d\u00e5, l\u00e4tt som en pl\u00e4tt slank det ut en l\u00f6gn ur mig. Jajamen , det \u00e4r klart jag alltid har sa jag. Men det brukade jag inte alls det.<\/p>\n<p>Sen kom jag p\u00e5 att hon ju bodde i Uppsala precis som jag gjorde d\u00e5. Jag kan ju m\u00f6ta henne d\u00e4r n\u00e4r jag \u00e4r ute och cyklar. Och fr\u00e5n den dagen cyklade jag alltid med hj\u00e4lm i Uppsala. Man kan undra vad det h\u00e4r har med frihet att g\u00f6ra men jag tror att det har det. Man \u00e4r mer fri n\u00e4r man lever efter det man tror p\u00e5 och inte m\u00e5ste h\u00e5lla p\u00e5 med n\u00e5got dubbelspel och luras.<\/p>\n<p>F\u00f6r mig \u00e4r Jesus en hj\u00e4lp med att f\u00e5 ihop mitt liv till den jag vill vara. Jag kan t\u00e4nka p\u00e5 honom och k\u00e4nna det ganska f\u00f6rmanande. Hur tycker Jesus jag skulle g\u00f6ra nu s\u00e5 att jag lever ett gott liv, och samtidigt s\u00e5 \u00e4r han s\u00e5 t\u00e5lmodig och hj\u00e4lper mig n\u00e4r det inte blir s\u00e5.<\/p>\n<p>Idag har vi lyssnat p\u00e5 bibeltexten fr\u00e5n gamla testamentet som handlade om att vila. Gud uppfann helgen kan man s\u00e4ga, vi finns inte bara h\u00e4r f\u00f6r att jobba och gno utan f\u00f6r att ocks\u00e5 f\u00e5 gl\u00e4dja oss \u00f6ver livet och hinna med att ha roligt tillsammans.<\/p>\n<p>Och vi h\u00f6rde om l\u00e4rjungarna som plockade ax p\u00e5 f\u00e4ltet om sabbaten. Det fanns m\u00e5nga regler p\u00e5 Jesu tid om hur man skulle leva och att man inte fick jobba p\u00e5 vilodagen och Jesus s\u00e4ger inte att det \u00e4r d\u00e5ligt men att vi ska komma ih\u00e5g att alla de d\u00e4r grejerna inte finns f\u00f6r sin egen skull utan f\u00f6r att g\u00f6ra livet b\u00e4ttre f\u00f6r oss. Inte f\u00f6r att vi ska beh\u00f6va g\u00e5 hungriga, d\u00e5 blir det fel. S\u00e5 \u00e4r det nog med v\u00e4ldigt m\u00e5nga saker nuf\u00f6rtiden ocks\u00e5. Vi m\u00e5ste h\u00e4nga med i det ena och det andra och vara tr\u00e4nade och smarta och allt och allt det \u00e4r ofta v\u00e4ldigt bra saker men vi kan tappa bort vad det handlade om fr\u00e5n b\u00f6rjan, att det handlar om att ha roligt och njuta av livet och tacka Gud f\u00f6r det.<\/p>\n<p>&nbsp;<\/p>\n","protected":false},"excerpt":{"rendered":"<p>Ig\u00e5r h\u00f6ll jag den h\u00e4r predikan p\u00e5 gudstj\u00e4nsten i Dalstorp. Eller h\u00e4lften i alla fall f\u00f6r jag delade p\u00e5 predikan med min kollega Ulf S\u00f6dahl. Det var ett f\u00f6rs\u00f6k att tala lite enklare eftersom vi hade konfirmandinskrivning och jag f\u00e5r nog s\u00e4ga att det jag verkligen sade i kyrkan f\u00f6rh\u00f6ll sig v\u00e4ldigt fritt till det [&hellip;]<\/p>\n","protected":false},"author":392,"featured_media":5886,"comment_status":"open","ping_status":"open","sticky":false,"template":"","format":"standard","meta":{"_acf_changed":false,"footnotes":""},"categories":[76189,114],"tags":[],"class_list":["post-5884","post","type-post","status-publish","format-standard","has-post-thumbnail","hentry","category-dagens-kyrka","category-predikan"],"acf":[],"yoast_head":"<!-- This site is optimized with the Yoast SEO plugin v27.1.1 - https:\/\/yoast.com\/product\/yoast-seo-wordpress\/ -->\n<title>Friheten, fracken och hj\u00e4lmen - Vandra V\u00e4gen<\/title>\n<meta name=\"robots\" content=\"index, follow, max-snippet:-1, max-image-preview:large, max-video-preview:-1\" \/>\n<link rel=\"canonical\" href=\"https:\/\/blogg.svenskakyrkan.se\/vandravagen\/2017\/09\/04\/friheten-fracken-och-hjalmen\/\" \/>\n<meta property=\"og:locale\" content=\"sv_SE\" \/>\n<meta property=\"og:type\" content=\"article\" \/>\n<meta property=\"og:title\" content=\"Friheten, fracken och hj\u00e4lmen - Vandra V\u00e4gen\" \/>\n<meta property=\"og:description\" content=\"Ig\u00e5r h\u00f6ll jag den h\u00e4r predikan p\u00e5 gudstj\u00e4nsten i Dalstorp. Eller h\u00e4lften i alla fall f\u00f6r jag delade p\u00e5 predikan med min kollega Ulf S\u00f6dahl. Det var ett f\u00f6rs\u00f6k att tala lite enklare eftersom vi hade konfirmandinskrivning och jag f\u00e5r nog s\u00e4ga att det jag verkligen sade i kyrkan f\u00f6rh\u00f6ll sig v\u00e4ldigt fritt till det [&hellip;]\" \/>\n<meta property=\"og:url\" content=\"https:\/\/blogg.svenskakyrkan.se\/vandravagen\/2017\/09\/04\/friheten-fracken-och-hjalmen\/\" \/>\n<meta property=\"og:site_name\" content=\"Vandra V\u00e4gen\" \/>\n<meta property=\"article:publisher\" content=\"http:\/\/facebook.com\/vandravagen\" \/>\n<meta property=\"article:published_time\" content=\"2017-09-04T05:00:33+00:00\" \/>\n<meta name=\"author\" content=\"Tomas Jarvid\" \/>\n<meta name=\"twitter:card\" content=\"summary_large_image\" \/>\n<meta name=\"twitter:creator\" content=\"@fadertomas\" \/>\n<meta name=\"twitter:site\" content=\"@fadertomas\" \/>\n<meta name=\"twitter:label1\" content=\"Skriven av\" \/>\n\t<meta name=\"twitter:data1\" content=\"Tomas Jarvid\" \/>\n\t<meta name=\"twitter:label2\" content=\"Ber\u00e4knad l\u00e4stid\" \/>\n\t<meta name=\"twitter:data2\" content=\"5 minuter\" \/>\n<script type=\"application\/ld+json\" class=\"yoast-schema-graph\">{\"@context\":\"https:\/\/schema.org\",\"@graph\":[{\"@type\":\"Article\",\"@id\":\"https:\/\/blogg.svenskakyrkan.se\/vandravagen\/2017\/09\/04\/friheten-fracken-och-hjalmen\/#article\",\"isPartOf\":{\"@id\":\"https:\/\/blogg.svenskakyrkan.se\/vandravagen\/2017\/09\/04\/friheten-fracken-och-hjalmen\/\"},\"author\":{\"name\":\"Tomas Jarvid\",\"@id\":\"https:\/\/blogg.svenskakyrkan.se\/vandravagen\/#\/schema\/person\/25da02d4f76b137d04291711e2c9fc16\"},\"headline\":\"Friheten, fracken och hj\u00e4lmen\",\"datePublished\":\"2017-09-04T05:00:33+00:00\",\"mainEntityOfPage\":{\"@id\":\"https:\/\/blogg.svenskakyrkan.se\/vandravagen\/2017\/09\/04\/friheten-fracken-och-hjalmen\/\"},\"wordCount\":1052,\"commentCount\":7,\"publisher\":{\"@id\":\"https:\/\/blogg.svenskakyrkan.se\/vandravagen\/#organization\"},\"image\":{\"@id\":\"https:\/\/blogg.svenskakyrkan.se\/vandravagen\/2017\/09\/04\/friheten-fracken-och-hjalmen\/#primaryimage\"},\"thumbnailUrl\":\"https:\/\/blogg.svenskakyrkan.se\/vandravagen\/files\/2017\/09\/IMG_6265.jpg\",\"articleSection\":[\"Dagens Kyrka\",\"predikan\"],\"inLanguage\":\"sv-SE\",\"potentialAction\":[{\"@type\":\"CommentAction\",\"name\":\"Comment\",\"target\":[\"https:\/\/blogg.svenskakyrkan.se\/vandravagen\/2017\/09\/04\/friheten-fracken-och-hjalmen\/#respond\"]}]},{\"@type\":\"WebPage\",\"@id\":\"https:\/\/blogg.svenskakyrkan.se\/vandravagen\/2017\/09\/04\/friheten-fracken-och-hjalmen\/\",\"url\":\"https:\/\/blogg.svenskakyrkan.se\/vandravagen\/2017\/09\/04\/friheten-fracken-och-hjalmen\/\",\"name\":\"Friheten, fracken och hj\u00e4lmen - Vandra V\u00e4gen\",\"isPartOf\":{\"@id\":\"https:\/\/blogg.svenskakyrkan.se\/vandravagen\/#website\"},\"primaryImageOfPage\":{\"@id\":\"https:\/\/blogg.svenskakyrkan.se\/vandravagen\/2017\/09\/04\/friheten-fracken-och-hjalmen\/#primaryimage\"},\"image\":{\"@id\":\"https:\/\/blogg.svenskakyrkan.se\/vandravagen\/2017\/09\/04\/friheten-fracken-och-hjalmen\/#primaryimage\"},\"thumbnailUrl\":\"https:\/\/blogg.svenskakyrkan.se\/vandravagen\/files\/2017\/09\/IMG_6265.jpg\",\"datePublished\":\"2017-09-04T05:00:33+00:00\",\"breadcrumb\":{\"@id\":\"https:\/\/blogg.svenskakyrkan.se\/vandravagen\/2017\/09\/04\/friheten-fracken-och-hjalmen\/#breadcrumb\"},\"inLanguage\":\"sv-SE\",\"potentialAction\":[{\"@type\":\"ReadAction\",\"target\":[\"https:\/\/blogg.svenskakyrkan.se\/vandravagen\/2017\/09\/04\/friheten-fracken-och-hjalmen\/\"]}]},{\"@type\":\"ImageObject\",\"inLanguage\":\"sv-SE\",\"@id\":\"https:\/\/blogg.svenskakyrkan.se\/vandravagen\/2017\/09\/04\/friheten-fracken-och-hjalmen\/#primaryimage\",\"url\":\"https:\/\/blogg.svenskakyrkan.se\/vandravagen\/files\/2017\/09\/IMG_6265.jpg\",\"contentUrl\":\"https:\/\/blogg.svenskakyrkan.se\/vandravagen\/files\/2017\/09\/IMG_6265.jpg\",\"width\":1000,\"height\":756,\"caption\":\"Frihet kan vara olika saker. Br\u00f6d till exempel. Eller mod.\"},{\"@type\":\"BreadcrumbList\",\"@id\":\"https:\/\/blogg.svenskakyrkan.se\/vandravagen\/2017\/09\/04\/friheten-fracken-och-hjalmen\/#breadcrumb\",\"itemListElement\":[{\"@type\":\"ListItem\",\"position\":1,\"name\":\"Hem\",\"item\":\"https:\/\/blogg.svenskakyrkan.se\/vandravagen\/\"},{\"@type\":\"ListItem\",\"position\":2,\"name\":\"Friheten, fracken och hj\u00e4lmen\"}]},{\"@type\":\"WebSite\",\"@id\":\"https:\/\/blogg.svenskakyrkan.se\/vandravagen\/#website\",\"url\":\"https:\/\/blogg.svenskakyrkan.se\/vandravagen\/\",\"name\":\"Vandra V\u00e4gen\",\"description\":\"-Mot en tro f\u00f6r hela livet\",\"publisher\":{\"@id\":\"https:\/\/blogg.svenskakyrkan.se\/vandravagen\/#organization\"},\"potentialAction\":[{\"@type\":\"SearchAction\",\"target\":{\"@type\":\"EntryPoint\",\"urlTemplate\":\"https:\/\/blogg.svenskakyrkan.se\/vandravagen\/?s={search_term_string}\"},\"query-input\":{\"@type\":\"PropertyValueSpecification\",\"valueRequired\":true,\"valueName\":\"search_term_string\"}}],\"inLanguage\":\"sv-SE\"},{\"@type\":\"Organization\",\"@id\":\"https:\/\/blogg.svenskakyrkan.se\/vandravagen\/#organization\",\"name\":\"ulricehamns pastorat\",\"alternateName\":\"ulricehamns pastorat\",\"url\":\"https:\/\/blogg.svenskakyrkan.se\/vandravagen\/\",\"logo\":{\"@type\":\"ImageObject\",\"inLanguage\":\"sv-SE\",\"@id\":\"https:\/\/blogg.svenskakyrkan.se\/vandravagen\/#\/schema\/logo\/image\/\",\"url\":\"https:\/\/blogg.svenskakyrkan.se\/vandravagen\/files\/2023\/05\/Ulr_logo_RGB.png\",\"contentUrl\":\"https:\/\/blogg.svenskakyrkan.se\/vandravagen\/files\/2023\/05\/Ulr_logo_RGB.png\",\"width\":205,\"height\":77,\"caption\":\"ulricehamns pastorat\"},\"image\":{\"@id\":\"https:\/\/blogg.svenskakyrkan.se\/vandravagen\/#\/schema\/logo\/image\/\"},\"sameAs\":[\"http:\/\/facebook.com\/vandravagen\",\"https:\/\/x.com\/fadertomas\",\"http:\/\/www.facebook.com\/svenskakyrkaniulricehamn\"]},{\"@type\":\"Person\",\"@id\":\"https:\/\/blogg.svenskakyrkan.se\/vandravagen\/#\/schema\/person\/25da02d4f76b137d04291711e2c9fc16\",\"name\":\"Tomas Jarvid\",\"image\":{\"@type\":\"ImageObject\",\"inLanguage\":\"sv-SE\",\"@id\":\"https:\/\/blogg.svenskakyrkan.se\/vandravagen\/#\/schema\/person\/image\/\",\"url\":\"https:\/\/secure.gravatar.com\/avatar\/7fa71899795e8f540f615a1f5ab25255dc27aa40f05ee7ddd21aac521e01bf50?s=96&d=identicon&r=g\",\"contentUrl\":\"https:\/\/secure.gravatar.com\/avatar\/7fa71899795e8f540f615a1f5ab25255dc27aa40f05ee7ddd21aac521e01bf50?s=96&d=identicon&r=g\",\"caption\":\"Tomas Jarvid\"},\"description\":\"Jag bor i Ulricehamn i V\u00e4sterg\u00f6tland och \u00e4r f\u00f6rsamlingspr\u00e4st i Svenska Kyrkan f\u00f6r Dalstorps f\u00f6rsamling i Kinds pastorat. P\u00e5 den h\u00e4r bloggen skriver jag ner tankar om vandringen som kristen.\",\"sameAs\":[\"http:\/\/www.vandravagen.se\"],\"url\":\"https:\/\/blogg.svenskakyrkan.se\/vandravagen\/author\/vandravagen\/\"}]}<\/script>\n<!-- \/ Yoast SEO plugin. -->","yoast_head_json":{"title":"Friheten, fracken och hj\u00e4lmen - Vandra V\u00e4gen","robots":{"index":"index","follow":"follow","max-snippet":"max-snippet:-1","max-image-preview":"max-image-preview:large","max-video-preview":"max-video-preview:-1"},"canonical":"https:\/\/blogg.svenskakyrkan.se\/vandravagen\/2017\/09\/04\/friheten-fracken-och-hjalmen\/","og_locale":"sv_SE","og_type":"article","og_title":"Friheten, fracken och hj\u00e4lmen - Vandra V\u00e4gen","og_description":"Ig\u00e5r h\u00f6ll jag den h\u00e4r predikan p\u00e5 gudstj\u00e4nsten i Dalstorp. Eller h\u00e4lften i alla fall f\u00f6r jag delade p\u00e5 predikan med min kollega Ulf S\u00f6dahl. Det var ett f\u00f6rs\u00f6k att tala lite enklare eftersom vi hade konfirmandinskrivning och jag f\u00e5r nog s\u00e4ga att det jag verkligen sade i kyrkan f\u00f6rh\u00f6ll sig v\u00e4ldigt fritt till det [&hellip;]","og_url":"https:\/\/blogg.svenskakyrkan.se\/vandravagen\/2017\/09\/04\/friheten-fracken-och-hjalmen\/","og_site_name":"Vandra V\u00e4gen","article_publisher":"http:\/\/facebook.com\/vandravagen","article_published_time":"2017-09-04T05:00:33+00:00","author":"Tomas Jarvid","twitter_card":"summary_large_image","twitter_creator":"@fadertomas","twitter_site":"@fadertomas","twitter_misc":{"Skriven av":"Tomas Jarvid","Ber\u00e4knad l\u00e4stid":"5 minuter"},"schema":{"@context":"https:\/\/schema.org","@graph":[{"@type":"Article","@id":"https:\/\/blogg.svenskakyrkan.se\/vandravagen\/2017\/09\/04\/friheten-fracken-och-hjalmen\/#article","isPartOf":{"@id":"https:\/\/blogg.svenskakyrkan.se\/vandravagen\/2017\/09\/04\/friheten-fracken-och-hjalmen\/"},"author":{"name":"Tomas Jarvid","@id":"https:\/\/blogg.svenskakyrkan.se\/vandravagen\/#\/schema\/person\/25da02d4f76b137d04291711e2c9fc16"},"headline":"Friheten, fracken och hj\u00e4lmen","datePublished":"2017-09-04T05:00:33+00:00","mainEntityOfPage":{"@id":"https:\/\/blogg.svenskakyrkan.se\/vandravagen\/2017\/09\/04\/friheten-fracken-och-hjalmen\/"},"wordCount":1052,"commentCount":7,"publisher":{"@id":"https:\/\/blogg.svenskakyrkan.se\/vandravagen\/#organization"},"image":{"@id":"https:\/\/blogg.svenskakyrkan.se\/vandravagen\/2017\/09\/04\/friheten-fracken-och-hjalmen\/#primaryimage"},"thumbnailUrl":"https:\/\/blogg.svenskakyrkan.se\/vandravagen\/files\/2017\/09\/IMG_6265.jpg","articleSection":["Dagens Kyrka","predikan"],"inLanguage":"sv-SE","potentialAction":[{"@type":"CommentAction","name":"Comment","target":["https:\/\/blogg.svenskakyrkan.se\/vandravagen\/2017\/09\/04\/friheten-fracken-och-hjalmen\/#respond"]}]},{"@type":"WebPage","@id":"https:\/\/blogg.svenskakyrkan.se\/vandravagen\/2017\/09\/04\/friheten-fracken-och-hjalmen\/","url":"https:\/\/blogg.svenskakyrkan.se\/vandravagen\/2017\/09\/04\/friheten-fracken-och-hjalmen\/","name":"Friheten, fracken och hj\u00e4lmen - Vandra V\u00e4gen","isPartOf":{"@id":"https:\/\/blogg.svenskakyrkan.se\/vandravagen\/#website"},"primaryImageOfPage":{"@id":"https:\/\/blogg.svenskakyrkan.se\/vandravagen\/2017\/09\/04\/friheten-fracken-och-hjalmen\/#primaryimage"},"image":{"@id":"https:\/\/blogg.svenskakyrkan.se\/vandravagen\/2017\/09\/04\/friheten-fracken-och-hjalmen\/#primaryimage"},"thumbnailUrl":"https:\/\/blogg.svenskakyrkan.se\/vandravagen\/files\/2017\/09\/IMG_6265.jpg","datePublished":"2017-09-04T05:00:33+00:00","breadcrumb":{"@id":"https:\/\/blogg.svenskakyrkan.se\/vandravagen\/2017\/09\/04\/friheten-fracken-och-hjalmen\/#breadcrumb"},"inLanguage":"sv-SE","potentialAction":[{"@type":"ReadAction","target":["https:\/\/blogg.svenskakyrkan.se\/vandravagen\/2017\/09\/04\/friheten-fracken-och-hjalmen\/"]}]},{"@type":"ImageObject","inLanguage":"sv-SE","@id":"https:\/\/blogg.svenskakyrkan.se\/vandravagen\/2017\/09\/04\/friheten-fracken-och-hjalmen\/#primaryimage","url":"https:\/\/blogg.svenskakyrkan.se\/vandravagen\/files\/2017\/09\/IMG_6265.jpg","contentUrl":"https:\/\/blogg.svenskakyrkan.se\/vandravagen\/files\/2017\/09\/IMG_6265.jpg","width":1000,"height":756,"caption":"Frihet kan vara olika saker. Br\u00f6d till exempel. Eller mod."},{"@type":"BreadcrumbList","@id":"https:\/\/blogg.svenskakyrkan.se\/vandravagen\/2017\/09\/04\/friheten-fracken-och-hjalmen\/#breadcrumb","itemListElement":[{"@type":"ListItem","position":1,"name":"Hem","item":"https:\/\/blogg.svenskakyrkan.se\/vandravagen\/"},{"@type":"ListItem","position":2,"name":"Friheten, fracken och hj\u00e4lmen"}]},{"@type":"WebSite","@id":"https:\/\/blogg.svenskakyrkan.se\/vandravagen\/#website","url":"https:\/\/blogg.svenskakyrkan.se\/vandravagen\/","name":"Vandra V\u00e4gen","description":"-Mot en tro f\u00f6r hela livet","publisher":{"@id":"https:\/\/blogg.svenskakyrkan.se\/vandravagen\/#organization"},"potentialAction":[{"@type":"SearchAction","target":{"@type":"EntryPoint","urlTemplate":"https:\/\/blogg.svenskakyrkan.se\/vandravagen\/?s={search_term_string}"},"query-input":{"@type":"PropertyValueSpecification","valueRequired":true,"valueName":"search_term_string"}}],"inLanguage":"sv-SE"},{"@type":"Organization","@id":"https:\/\/blogg.svenskakyrkan.se\/vandravagen\/#organization","name":"ulricehamns pastorat","alternateName":"ulricehamns pastorat","url":"https:\/\/blogg.svenskakyrkan.se\/vandravagen\/","logo":{"@type":"ImageObject","inLanguage":"sv-SE","@id":"https:\/\/blogg.svenskakyrkan.se\/vandravagen\/#\/schema\/logo\/image\/","url":"https:\/\/blogg.svenskakyrkan.se\/vandravagen\/files\/2023\/05\/Ulr_logo_RGB.png","contentUrl":"https:\/\/blogg.svenskakyrkan.se\/vandravagen\/files\/2023\/05\/Ulr_logo_RGB.png","width":205,"height":77,"caption":"ulricehamns pastorat"},"image":{"@id":"https:\/\/blogg.svenskakyrkan.se\/vandravagen\/#\/schema\/logo\/image\/"},"sameAs":["http:\/\/facebook.com\/vandravagen","https:\/\/x.com\/fadertomas","http:\/\/www.facebook.com\/svenskakyrkaniulricehamn"]},{"@type":"Person","@id":"https:\/\/blogg.svenskakyrkan.se\/vandravagen\/#\/schema\/person\/25da02d4f76b137d04291711e2c9fc16","name":"Tomas Jarvid","image":{"@type":"ImageObject","inLanguage":"sv-SE","@id":"https:\/\/blogg.svenskakyrkan.se\/vandravagen\/#\/schema\/person\/image\/","url":"https:\/\/secure.gravatar.com\/avatar\/7fa71899795e8f540f615a1f5ab25255dc27aa40f05ee7ddd21aac521e01bf50?s=96&d=identicon&r=g","contentUrl":"https:\/\/secure.gravatar.com\/avatar\/7fa71899795e8f540f615a1f5ab25255dc27aa40f05ee7ddd21aac521e01bf50?s=96&d=identicon&r=g","caption":"Tomas Jarvid"},"description":"Jag bor i Ulricehamn i V\u00e4sterg\u00f6tland och \u00e4r f\u00f6rsamlingspr\u00e4st i Svenska Kyrkan f\u00f6r Dalstorps f\u00f6rsamling i Kinds pastorat. P\u00e5 den h\u00e4r bloggen skriver jag ner tankar om vandringen som kristen.","sameAs":["http:\/\/www.vandravagen.se"],"url":"https:\/\/blogg.svenskakyrkan.se\/vandravagen\/author\/vandravagen\/"}]}},"author_meta":{"ID":"392","user_nicename":"vandravagen","user_url":"http:\/\/www.vandravagen.se","user_registered":"2014-05-19 05:44:52","display_name":"Tomas Jarvid","first_name":"Tomas","last_name":"Jarvid","avatar":"https:\/\/secure.gravatar.com\/avatar\/7fa71899795e8f540f615a1f5ab25255dc27aa40f05ee7ddd21aac521e01bf50?s=96&d=identicon&r=g"},"featured_image":["https:\/\/blogg.svenskakyrkan.se\/vandravagen\/files\/2017\/09\/IMG_6265.jpg",1000,756,false],"bloginfo":{"name":"Vandra V\u00e4gen","url":"https:\/\/blogg.svenskakyrkan.se\/vandravagen"},"_links":{"self":[{"href":"https:\/\/blogg.svenskakyrkan.se\/vandravagen\/wp-json\/wp\/v2\/posts\/5884","targetHints":{"allow":["GET"]}}],"collection":[{"href":"https:\/\/blogg.svenskakyrkan.se\/vandravagen\/wp-json\/wp\/v2\/posts"}],"about":[{"href":"https:\/\/blogg.svenskakyrkan.se\/vandravagen\/wp-json\/wp\/v2\/types\/post"}],"author":[{"embeddable":true,"href":"https:\/\/blogg.svenskakyrkan.se\/vandravagen\/wp-json\/wp\/v2\/users\/392"}],"replies":[{"embeddable":true,"href":"https:\/\/blogg.svenskakyrkan.se\/vandravagen\/wp-json\/wp\/v2\/comments?post=5884"}],"version-history":[{"count":2,"href":"https:\/\/blogg.svenskakyrkan.se\/vandravagen\/wp-json\/wp\/v2\/posts\/5884\/revisions"}],"predecessor-version":[{"id":5887,"href":"https:\/\/blogg.svenskakyrkan.se\/vandravagen\/wp-json\/wp\/v2\/posts\/5884\/revisions\/5887"}],"wp:featuredmedia":[{"embeddable":true,"href":"https:\/\/blogg.svenskakyrkan.se\/vandravagen\/wp-json\/wp\/v2\/media\/5886"}],"wp:attachment":[{"href":"https:\/\/blogg.svenskakyrkan.se\/vandravagen\/wp-json\/wp\/v2\/media?parent=5884"}],"wp:term":[{"taxonomy":"category","embeddable":true,"href":"https:\/\/blogg.svenskakyrkan.se\/vandravagen\/wp-json\/wp\/v2\/categories?post=5884"},{"taxonomy":"post_tag","embeddable":true,"href":"https:\/\/blogg.svenskakyrkan.se\/vandravagen\/wp-json\/wp\/v2\/tags?post=5884"}],"curies":[{"name":"wp","href":"https:\/\/api.w.org\/{rel}","templated":true}]}}