{"id":589,"date":"2013-05-03T07:53:00","date_gmt":"2013-05-03T05:53:00","guid":{"rendered":"http:\/\/blogg.svenskakyrkan.se\/vandravagen\/2013\/05\/03\/biskop-jin-av-shanghai-ar-dod\/"},"modified":"2013-05-03T07:53:00","modified_gmt":"2013-05-03T05:53:00","slug":"biskop-jin-av-shanghai-ar-dod","status":"publish","type":"post","link":"https:\/\/blogg.svenskakyrkan.se\/vandravagen\/2013\/05\/03\/biskop-jin-av-shanghai-ar-dod\/","title":{"rendered":"Biskop Jin av Shanghai \u00e4r d\u00f6d"},"content":{"rendered":"<\/p>\n<table align=\"center\" cellpadding=\"0\" cellspacing=\"0\">\n<tbody>\n<tr>\n<td><a href=\"http:\/\/4.bp.blogspot.com\/-217ArrCn2PI\/UYFiUZsDJvI\/AAAAAAAADQY\/MNKNL-fp2qg\/s1600\/bp+jin.jpg\"><img loading=\"lazy\" decoding=\"async\" border=\"0\" height=\"300\" src=\"http:\/\/4.bp.blogspot.com\/-217ArrCn2PI\/UYFiUZsDJvI\/AAAAAAAADQY\/MNKNL-fp2qg\/s400\/bp+jin.jpg\" width=\"400\"><\/a><\/td>\n<\/tr>\n<tr>\n<td>Per Larsson st\u00e4ller fr\u00e5gor till biskop Jin<\/td>\n<\/tr>\n<\/tbody>\n<\/table>\n<div><\/div>\n<div>Johan Karlemo spred den h\u00e4r l\u00e4nken fr\u00e5n <a href=\"http:\/\/www.dagen.se\/nyheter\/katolsk-biskop-av-shanghai-ar-dod\/\">tidningen Dagen<\/a>\u00a0och p\u00e5 det s\u00e4ttet fick jag veta att den katolske biskopen\u00a0<span>Aloysius Jin Luxian<\/span>\u00a0i Shanghai har d\u00f6tt, 97 \u00e5r gammal.<\/div>\n<div><\/div>\n<div>Som bilden ovan visar har jag (och Johan ocks\u00e5) faktiskt tr\u00e4ffat biskopen personligen p\u00e5 en teologisk studieresa till Kina f\u00f6r n\u00e5gra \u00e5r sedan (l\u00e4s mer i bloggposten &#8221;<a href=\"http:\/\/www.vandravagen.se\/2012\/10\/i-kina-finns-inga-tomma-kyrkor.html\">I Kina finns inga tomma kyrkor<\/a>&#8221;). Jag blev oerh\u00f6rt fascinerad av hans m\u00e4rkliga livs\u00f6de. Jin \u00e4r en av de som f\u00e5tt utst\u00e5 mycket lidande f\u00f6r sin tros skull.<\/div>\n<div><\/div>\n<div>Jin satt f\u00e4ngslad i tv\u00e5 \u00e5rtionden n\u00e4r kommunistregimens f\u00f6rf\u00f6ljelser var som v\u00e4rst. D\u00e4refter fick han 1982 axla ledarskapet f\u00f6r den statligt godk\u00e4nda (och kontrollerade) &#8221;patriotiska katolska f\u00f6reningen&#8221;. Det betyder att han var tillsatt av kommunisterna. Vatikanen erk\u00e4nde honom d\u00e4rf\u00f6r aldrig som biskop. S\u00e5 fick biskop Jin leva i kl\u00e4m mellan att \u00e5 ena sidan bli sedd som kommunistisk vindfl\u00f6jel av Rom, \u00e5 andra sidan suspekt kyrkoman av Peking. Det m\u00e5ste varit ett kors han stod ensam med.<\/div>\n<div><\/div>\n<div>Som det tycktes under mitt bes\u00f6k var Jins k\u00e4rlek till Kyrkan obruten \u00e4ven om han sj\u00e4lv var skr\u00f6plig. Katolska kyrkan, liksom den protestantiska &#8221;tre-sj\u00e4lv-kyrkan&#8221; v\u00e4xte s\u00e5 det knakade och staten hade g\u00e5tt med p\u00e5 att \u00e5terl\u00e4mna och \u00e5terst\u00e4lla kyrkbyggnader. Jag \u00e4r glad att Biskopen fick se ocks\u00e5 det under sin livstid.<\/div>\n<div><\/div>\n<div>Katoliker har utst\u00e5tt \u00e4n v\u00e4rre f\u00f6rf\u00f6ljelser \u00e4n protestanter i Kina (jag har skrivit en del om varf\u00f6r kristna f\u00f6rf\u00f6ljs i <a href=\"http:\/\/www.vandravagen.se\/2012\/10\/3-sorters-forfoljelse-och-ett-skal-till.html\">denna bloggpost<\/a>). Anledningen \u00e4r att de s\u00e5 p\u00e5tagligt st\u00e5r underordnade kyrkliga hierarkier med p\u00e5ven h\u00f6gst upp. Ur kommunisternas synvinkel innebar det att de om\u00f6jligt kunde anses som lojala kinesiska medborgare.<\/div>\n<div><\/div>\n<div>Ett problem f\u00f6r katolska kyrkan idag \u00e4r att det (som iofs p\u00e5 m\u00e5nga h\u00e5ll) \u00e4r sv\u00e5rt att hitta pr\u00e4stkandidater. I Kina \u00e4r det extra sv\u00e5rt eftersom enbarnspolitiken \u00e4nnu \u00e4r i funktion. Att v\u00e4lja att bli pr\u00e4st inneb\u00e4r att besluta att sl\u00e4kten tar slut med mig.<\/div>\n<div><\/div>\n","protected":false},"excerpt":{"rendered":"<p>Per Larsson st\u00e4ller fr\u00e5gor till biskop Jin Johan Karlemo spred den h\u00e4r l\u00e4nken fr\u00e5n tidningen Dagen\u00a0och p\u00e5 det s\u00e4ttet fick jag veta att den katolske biskopen\u00a0Aloysius Jin Luxian\u00a0i Shanghai har d\u00f6tt, 97 \u00e5r gammal. Som bilden ovan visar har jag (och Johan ocks\u00e5) faktiskt tr\u00e4ffat biskopen personligen p\u00e5 en teologisk studieresa till Kina f\u00f6r n\u00e5gra [&hellip;]<\/p>\n","protected":false},"author":392,"featured_media":0,"comment_status":"open","ping_status":"open","sticky":false,"template":"","format":"standard","meta":{"_acf_changed":false,"footnotes":""},"categories":[33574],"tags":[],"class_list":["post-589","post","type-post","status-publish","format-standard","hentry","category-kyrkan"],"acf":[],"yoast_head":"<!-- This site is optimized with the Yoast SEO plugin v27.1.1 - https:\/\/yoast.com\/product\/yoast-seo-wordpress\/ -->\n<title>Biskop Jin av Shanghai \u00e4r d\u00f6d - Vandra V\u00e4gen<\/title>\n<meta name=\"robots\" content=\"index, follow, max-snippet:-1, max-image-preview:large, max-video-preview:-1\" \/>\n<link rel=\"canonical\" href=\"https:\/\/blogg.svenskakyrkan.se\/vandravagen\/2013\/05\/03\/biskop-jin-av-shanghai-ar-dod\/\" \/>\n<meta property=\"og:locale\" content=\"sv_SE\" \/>\n<meta property=\"og:type\" content=\"article\" \/>\n<meta property=\"og:title\" content=\"Biskop Jin av Shanghai \u00e4r d\u00f6d - Vandra V\u00e4gen\" \/>\n<meta property=\"og:description\" content=\"Per Larsson st\u00e4ller fr\u00e5gor till biskop Jin Johan Karlemo spred den h\u00e4r l\u00e4nken fr\u00e5n tidningen Dagen\u00a0och p\u00e5 det s\u00e4ttet fick jag veta att den katolske biskopen\u00a0Aloysius Jin Luxian\u00a0i Shanghai har d\u00f6tt, 97 \u00e5r gammal. Som bilden ovan visar har jag (och Johan ocks\u00e5) faktiskt tr\u00e4ffat biskopen personligen p\u00e5 en teologisk studieresa till Kina f\u00f6r n\u00e5gra [&hellip;]\" \/>\n<meta property=\"og:url\" content=\"https:\/\/blogg.svenskakyrkan.se\/vandravagen\/2013\/05\/03\/biskop-jin-av-shanghai-ar-dod\/\" \/>\n<meta property=\"og:site_name\" content=\"Vandra V\u00e4gen\" \/>\n<meta property=\"article:publisher\" content=\"http:\/\/facebook.com\/vandravagen\" \/>\n<meta property=\"article:published_time\" content=\"2013-05-03T05:53:00+00:00\" \/>\n<meta property=\"og:image\" content=\"http:\/\/4.bp.blogspot.com\/-217ArrCn2PI\/UYFiUZsDJvI\/AAAAAAAADQY\/MNKNL-fp2qg\/s400\/bp+jin.jpg\" \/>\n<meta name=\"author\" content=\"Tomas Jarvid\" \/>\n<meta name=\"twitter:card\" content=\"summary_large_image\" \/>\n<meta name=\"twitter:creator\" content=\"@fadertomas\" \/>\n<meta name=\"twitter:site\" content=\"@fadertomas\" \/>\n<meta name=\"twitter:label1\" content=\"Skriven av\" \/>\n\t<meta name=\"twitter:data1\" content=\"Tomas Jarvid\" \/>\n\t<meta name=\"twitter:label2\" content=\"Ber\u00e4knad l\u00e4stid\" \/>\n\t<meta name=\"twitter:data2\" content=\"2 minuter\" \/>\n<script type=\"application\/ld+json\" class=\"yoast-schema-graph\">{\"@context\":\"https:\/\/schema.org\",\"@graph\":[{\"@type\":\"Article\",\"@id\":\"https:\/\/blogg.svenskakyrkan.se\/vandravagen\/2013\/05\/03\/biskop-jin-av-shanghai-ar-dod\/#article\",\"isPartOf\":{\"@id\":\"https:\/\/blogg.svenskakyrkan.se\/vandravagen\/2013\/05\/03\/biskop-jin-av-shanghai-ar-dod\/\"},\"author\":{\"name\":\"Tomas Jarvid\",\"@id\":\"https:\/\/blogg.svenskakyrkan.se\/vandravagen\/#\/schema\/person\/25da02d4f76b137d04291711e2c9fc16\"},\"headline\":\"Biskop Jin av Shanghai \u00e4r d\u00f6d\",\"datePublished\":\"2013-05-03T05:53:00+00:00\",\"mainEntityOfPage\":{\"@id\":\"https:\/\/blogg.svenskakyrkan.se\/vandravagen\/2013\/05\/03\/biskop-jin-av-shanghai-ar-dod\/\"},\"wordCount\":380,\"commentCount\":0,\"publisher\":{\"@id\":\"https:\/\/blogg.svenskakyrkan.se\/vandravagen\/#organization\"},\"image\":{\"@id\":\"https:\/\/blogg.svenskakyrkan.se\/vandravagen\/2013\/05\/03\/biskop-jin-av-shanghai-ar-dod\/#primaryimage\"},\"thumbnailUrl\":\"http:\/\/4.bp.blogspot.com\/-217ArrCn2PI\/UYFiUZsDJvI\/AAAAAAAADQY\/MNKNL-fp2qg\/s400\/bp+jin.jpg\",\"articleSection\":[\"kyrkan\"],\"inLanguage\":\"sv-SE\",\"potentialAction\":[{\"@type\":\"CommentAction\",\"name\":\"Comment\",\"target\":[\"https:\/\/blogg.svenskakyrkan.se\/vandravagen\/2013\/05\/03\/biskop-jin-av-shanghai-ar-dod\/#respond\"]}]},{\"@type\":\"WebPage\",\"@id\":\"https:\/\/blogg.svenskakyrkan.se\/vandravagen\/2013\/05\/03\/biskop-jin-av-shanghai-ar-dod\/\",\"url\":\"https:\/\/blogg.svenskakyrkan.se\/vandravagen\/2013\/05\/03\/biskop-jin-av-shanghai-ar-dod\/\",\"name\":\"Biskop Jin av Shanghai \u00e4r d\u00f6d - Vandra V\u00e4gen\",\"isPartOf\":{\"@id\":\"https:\/\/blogg.svenskakyrkan.se\/vandravagen\/#website\"},\"primaryImageOfPage\":{\"@id\":\"https:\/\/blogg.svenskakyrkan.se\/vandravagen\/2013\/05\/03\/biskop-jin-av-shanghai-ar-dod\/#primaryimage\"},\"image\":{\"@id\":\"https:\/\/blogg.svenskakyrkan.se\/vandravagen\/2013\/05\/03\/biskop-jin-av-shanghai-ar-dod\/#primaryimage\"},\"thumbnailUrl\":\"http:\/\/4.bp.blogspot.com\/-217ArrCn2PI\/UYFiUZsDJvI\/AAAAAAAADQY\/MNKNL-fp2qg\/s400\/bp+jin.jpg\",\"datePublished\":\"2013-05-03T05:53:00+00:00\",\"breadcrumb\":{\"@id\":\"https:\/\/blogg.svenskakyrkan.se\/vandravagen\/2013\/05\/03\/biskop-jin-av-shanghai-ar-dod\/#breadcrumb\"},\"inLanguage\":\"sv-SE\",\"potentialAction\":[{\"@type\":\"ReadAction\",\"target\":[\"https:\/\/blogg.svenskakyrkan.se\/vandravagen\/2013\/05\/03\/biskop-jin-av-shanghai-ar-dod\/\"]}]},{\"@type\":\"ImageObject\",\"inLanguage\":\"sv-SE\",\"@id\":\"https:\/\/blogg.svenskakyrkan.se\/vandravagen\/2013\/05\/03\/biskop-jin-av-shanghai-ar-dod\/#primaryimage\",\"url\":\"http:\/\/4.bp.blogspot.com\/-217ArrCn2PI\/UYFiUZsDJvI\/AAAAAAAADQY\/MNKNL-fp2qg\/s400\/bp+jin.jpg\",\"contentUrl\":\"http:\/\/4.bp.blogspot.com\/-217ArrCn2PI\/UYFiUZsDJvI\/AAAAAAAADQY\/MNKNL-fp2qg\/s400\/bp+jin.jpg\"},{\"@type\":\"BreadcrumbList\",\"@id\":\"https:\/\/blogg.svenskakyrkan.se\/vandravagen\/2013\/05\/03\/biskop-jin-av-shanghai-ar-dod\/#breadcrumb\",\"itemListElement\":[{\"@type\":\"ListItem\",\"position\":1,\"name\":\"Hem\",\"item\":\"https:\/\/blogg.svenskakyrkan.se\/vandravagen\/\"},{\"@type\":\"ListItem\",\"position\":2,\"name\":\"Biskop Jin av Shanghai \u00e4r d\u00f6d\"}]},{\"@type\":\"WebSite\",\"@id\":\"https:\/\/blogg.svenskakyrkan.se\/vandravagen\/#website\",\"url\":\"https:\/\/blogg.svenskakyrkan.se\/vandravagen\/\",\"name\":\"Vandra V\u00e4gen\",\"description\":\"-Mot en tro f\u00f6r hela livet\",\"publisher\":{\"@id\":\"https:\/\/blogg.svenskakyrkan.se\/vandravagen\/#organization\"},\"potentialAction\":[{\"@type\":\"SearchAction\",\"target\":{\"@type\":\"EntryPoint\",\"urlTemplate\":\"https:\/\/blogg.svenskakyrkan.se\/vandravagen\/?s={search_term_string}\"},\"query-input\":{\"@type\":\"PropertyValueSpecification\",\"valueRequired\":true,\"valueName\":\"search_term_string\"}}],\"inLanguage\":\"sv-SE\"},{\"@type\":\"Organization\",\"@id\":\"https:\/\/blogg.svenskakyrkan.se\/vandravagen\/#organization\",\"name\":\"ulricehamns pastorat\",\"alternateName\":\"ulricehamns pastorat\",\"url\":\"https:\/\/blogg.svenskakyrkan.se\/vandravagen\/\",\"logo\":{\"@type\":\"ImageObject\",\"inLanguage\":\"sv-SE\",\"@id\":\"https:\/\/blogg.svenskakyrkan.se\/vandravagen\/#\/schema\/logo\/image\/\",\"url\":\"https:\/\/blogg.svenskakyrkan.se\/vandravagen\/files\/2023\/05\/Ulr_logo_RGB.png\",\"contentUrl\":\"https:\/\/blogg.svenskakyrkan.se\/vandravagen\/files\/2023\/05\/Ulr_logo_RGB.png\",\"width\":205,\"height\":77,\"caption\":\"ulricehamns pastorat\"},\"image\":{\"@id\":\"https:\/\/blogg.svenskakyrkan.se\/vandravagen\/#\/schema\/logo\/image\/\"},\"sameAs\":[\"http:\/\/facebook.com\/vandravagen\",\"https:\/\/x.com\/fadertomas\",\"http:\/\/www.facebook.com\/svenskakyrkaniulricehamn\"]},{\"@type\":\"Person\",\"@id\":\"https:\/\/blogg.svenskakyrkan.se\/vandravagen\/#\/schema\/person\/25da02d4f76b137d04291711e2c9fc16\",\"name\":\"Tomas Jarvid\",\"image\":{\"@type\":\"ImageObject\",\"inLanguage\":\"sv-SE\",\"@id\":\"https:\/\/blogg.svenskakyrkan.se\/vandravagen\/#\/schema\/person\/image\/\",\"url\":\"https:\/\/secure.gravatar.com\/avatar\/7fa71899795e8f540f615a1f5ab25255dc27aa40f05ee7ddd21aac521e01bf50?s=96&d=identicon&r=g\",\"contentUrl\":\"https:\/\/secure.gravatar.com\/avatar\/7fa71899795e8f540f615a1f5ab25255dc27aa40f05ee7ddd21aac521e01bf50?s=96&d=identicon&r=g\",\"caption\":\"Tomas Jarvid\"},\"description\":\"Jag bor i Ulricehamn i V\u00e4sterg\u00f6tland och \u00e4r f\u00f6rsamlingspr\u00e4st i Svenska Kyrkan f\u00f6r Dalstorps f\u00f6rsamling i Kinds pastorat. P\u00e5 den h\u00e4r bloggen skriver jag ner tankar om vandringen som kristen.\",\"sameAs\":[\"http:\/\/www.vandravagen.se\"],\"url\":\"https:\/\/blogg.svenskakyrkan.se\/vandravagen\/author\/vandravagen\/\"}]}<\/script>\n<!-- \/ Yoast SEO plugin. -->","yoast_head_json":{"title":"Biskop Jin av Shanghai \u00e4r d\u00f6d - Vandra V\u00e4gen","robots":{"index":"index","follow":"follow","max-snippet":"max-snippet:-1","max-image-preview":"max-image-preview:large","max-video-preview":"max-video-preview:-1"},"canonical":"https:\/\/blogg.svenskakyrkan.se\/vandravagen\/2013\/05\/03\/biskop-jin-av-shanghai-ar-dod\/","og_locale":"sv_SE","og_type":"article","og_title":"Biskop Jin av Shanghai \u00e4r d\u00f6d - Vandra V\u00e4gen","og_description":"Per Larsson st\u00e4ller fr\u00e5gor till biskop Jin Johan Karlemo spred den h\u00e4r l\u00e4nken fr\u00e5n tidningen Dagen\u00a0och p\u00e5 det s\u00e4ttet fick jag veta att den katolske biskopen\u00a0Aloysius Jin Luxian\u00a0i Shanghai har d\u00f6tt, 97 \u00e5r gammal. Som bilden ovan visar har jag (och Johan ocks\u00e5) faktiskt tr\u00e4ffat biskopen personligen p\u00e5 en teologisk studieresa till Kina f\u00f6r n\u00e5gra [&hellip;]","og_url":"https:\/\/blogg.svenskakyrkan.se\/vandravagen\/2013\/05\/03\/biskop-jin-av-shanghai-ar-dod\/","og_site_name":"Vandra V\u00e4gen","article_publisher":"http:\/\/facebook.com\/vandravagen","article_published_time":"2013-05-03T05:53:00+00:00","og_image":[{"url":"http:\/\/4.bp.blogspot.com\/-217ArrCn2PI\/UYFiUZsDJvI\/AAAAAAAADQY\/MNKNL-fp2qg\/s400\/bp+jin.jpg","type":"","width":"","height":""}],"author":"Tomas Jarvid","twitter_card":"summary_large_image","twitter_creator":"@fadertomas","twitter_site":"@fadertomas","twitter_misc":{"Skriven av":"Tomas Jarvid","Ber\u00e4knad l\u00e4stid":"2 minuter"},"schema":{"@context":"https:\/\/schema.org","@graph":[{"@type":"Article","@id":"https:\/\/blogg.svenskakyrkan.se\/vandravagen\/2013\/05\/03\/biskop-jin-av-shanghai-ar-dod\/#article","isPartOf":{"@id":"https:\/\/blogg.svenskakyrkan.se\/vandravagen\/2013\/05\/03\/biskop-jin-av-shanghai-ar-dod\/"},"author":{"name":"Tomas Jarvid","@id":"https:\/\/blogg.svenskakyrkan.se\/vandravagen\/#\/schema\/person\/25da02d4f76b137d04291711e2c9fc16"},"headline":"Biskop Jin av Shanghai \u00e4r d\u00f6d","datePublished":"2013-05-03T05:53:00+00:00","mainEntityOfPage":{"@id":"https:\/\/blogg.svenskakyrkan.se\/vandravagen\/2013\/05\/03\/biskop-jin-av-shanghai-ar-dod\/"},"wordCount":380,"commentCount":0,"publisher":{"@id":"https:\/\/blogg.svenskakyrkan.se\/vandravagen\/#organization"},"image":{"@id":"https:\/\/blogg.svenskakyrkan.se\/vandravagen\/2013\/05\/03\/biskop-jin-av-shanghai-ar-dod\/#primaryimage"},"thumbnailUrl":"http:\/\/4.bp.blogspot.com\/-217ArrCn2PI\/UYFiUZsDJvI\/AAAAAAAADQY\/MNKNL-fp2qg\/s400\/bp+jin.jpg","articleSection":["kyrkan"],"inLanguage":"sv-SE","potentialAction":[{"@type":"CommentAction","name":"Comment","target":["https:\/\/blogg.svenskakyrkan.se\/vandravagen\/2013\/05\/03\/biskop-jin-av-shanghai-ar-dod\/#respond"]}]},{"@type":"WebPage","@id":"https:\/\/blogg.svenskakyrkan.se\/vandravagen\/2013\/05\/03\/biskop-jin-av-shanghai-ar-dod\/","url":"https:\/\/blogg.svenskakyrkan.se\/vandravagen\/2013\/05\/03\/biskop-jin-av-shanghai-ar-dod\/","name":"Biskop Jin av Shanghai \u00e4r d\u00f6d - Vandra V\u00e4gen","isPartOf":{"@id":"https:\/\/blogg.svenskakyrkan.se\/vandravagen\/#website"},"primaryImageOfPage":{"@id":"https:\/\/blogg.svenskakyrkan.se\/vandravagen\/2013\/05\/03\/biskop-jin-av-shanghai-ar-dod\/#primaryimage"},"image":{"@id":"https:\/\/blogg.svenskakyrkan.se\/vandravagen\/2013\/05\/03\/biskop-jin-av-shanghai-ar-dod\/#primaryimage"},"thumbnailUrl":"http:\/\/4.bp.blogspot.com\/-217ArrCn2PI\/UYFiUZsDJvI\/AAAAAAAADQY\/MNKNL-fp2qg\/s400\/bp+jin.jpg","datePublished":"2013-05-03T05:53:00+00:00","breadcrumb":{"@id":"https:\/\/blogg.svenskakyrkan.se\/vandravagen\/2013\/05\/03\/biskop-jin-av-shanghai-ar-dod\/#breadcrumb"},"inLanguage":"sv-SE","potentialAction":[{"@type":"ReadAction","target":["https:\/\/blogg.svenskakyrkan.se\/vandravagen\/2013\/05\/03\/biskop-jin-av-shanghai-ar-dod\/"]}]},{"@type":"ImageObject","inLanguage":"sv-SE","@id":"https:\/\/blogg.svenskakyrkan.se\/vandravagen\/2013\/05\/03\/biskop-jin-av-shanghai-ar-dod\/#primaryimage","url":"http:\/\/4.bp.blogspot.com\/-217ArrCn2PI\/UYFiUZsDJvI\/AAAAAAAADQY\/MNKNL-fp2qg\/s400\/bp+jin.jpg","contentUrl":"http:\/\/4.bp.blogspot.com\/-217ArrCn2PI\/UYFiUZsDJvI\/AAAAAAAADQY\/MNKNL-fp2qg\/s400\/bp+jin.jpg"},{"@type":"BreadcrumbList","@id":"https:\/\/blogg.svenskakyrkan.se\/vandravagen\/2013\/05\/03\/biskop-jin-av-shanghai-ar-dod\/#breadcrumb","itemListElement":[{"@type":"ListItem","position":1,"name":"Hem","item":"https:\/\/blogg.svenskakyrkan.se\/vandravagen\/"},{"@type":"ListItem","position":2,"name":"Biskop Jin av Shanghai \u00e4r d\u00f6d"}]},{"@type":"WebSite","@id":"https:\/\/blogg.svenskakyrkan.se\/vandravagen\/#website","url":"https:\/\/blogg.svenskakyrkan.se\/vandravagen\/","name":"Vandra V\u00e4gen","description":"-Mot en tro f\u00f6r hela livet","publisher":{"@id":"https:\/\/blogg.svenskakyrkan.se\/vandravagen\/#organization"},"potentialAction":[{"@type":"SearchAction","target":{"@type":"EntryPoint","urlTemplate":"https:\/\/blogg.svenskakyrkan.se\/vandravagen\/?s={search_term_string}"},"query-input":{"@type":"PropertyValueSpecification","valueRequired":true,"valueName":"search_term_string"}}],"inLanguage":"sv-SE"},{"@type":"Organization","@id":"https:\/\/blogg.svenskakyrkan.se\/vandravagen\/#organization","name":"ulricehamns pastorat","alternateName":"ulricehamns pastorat","url":"https:\/\/blogg.svenskakyrkan.se\/vandravagen\/","logo":{"@type":"ImageObject","inLanguage":"sv-SE","@id":"https:\/\/blogg.svenskakyrkan.se\/vandravagen\/#\/schema\/logo\/image\/","url":"https:\/\/blogg.svenskakyrkan.se\/vandravagen\/files\/2023\/05\/Ulr_logo_RGB.png","contentUrl":"https:\/\/blogg.svenskakyrkan.se\/vandravagen\/files\/2023\/05\/Ulr_logo_RGB.png","width":205,"height":77,"caption":"ulricehamns pastorat"},"image":{"@id":"https:\/\/blogg.svenskakyrkan.se\/vandravagen\/#\/schema\/logo\/image\/"},"sameAs":["http:\/\/facebook.com\/vandravagen","https:\/\/x.com\/fadertomas","http:\/\/www.facebook.com\/svenskakyrkaniulricehamn"]},{"@type":"Person","@id":"https:\/\/blogg.svenskakyrkan.se\/vandravagen\/#\/schema\/person\/25da02d4f76b137d04291711e2c9fc16","name":"Tomas Jarvid","image":{"@type":"ImageObject","inLanguage":"sv-SE","@id":"https:\/\/blogg.svenskakyrkan.se\/vandravagen\/#\/schema\/person\/image\/","url":"https:\/\/secure.gravatar.com\/avatar\/7fa71899795e8f540f615a1f5ab25255dc27aa40f05ee7ddd21aac521e01bf50?s=96&d=identicon&r=g","contentUrl":"https:\/\/secure.gravatar.com\/avatar\/7fa71899795e8f540f615a1f5ab25255dc27aa40f05ee7ddd21aac521e01bf50?s=96&d=identicon&r=g","caption":"Tomas Jarvid"},"description":"Jag bor i Ulricehamn i V\u00e4sterg\u00f6tland och \u00e4r f\u00f6rsamlingspr\u00e4st i Svenska Kyrkan f\u00f6r Dalstorps f\u00f6rsamling i Kinds pastorat. P\u00e5 den h\u00e4r bloggen skriver jag ner tankar om vandringen som kristen.","sameAs":["http:\/\/www.vandravagen.se"],"url":"https:\/\/blogg.svenskakyrkan.se\/vandravagen\/author\/vandravagen\/"}]}},"author_meta":{"ID":"392","user_nicename":"vandravagen","user_url":"http:\/\/www.vandravagen.se","user_registered":"2014-05-19 05:44:52","display_name":"Tomas Jarvid","first_name":"Tomas","last_name":"Jarvid","avatar":"https:\/\/secure.gravatar.com\/avatar\/7fa71899795e8f540f615a1f5ab25255dc27aa40f05ee7ddd21aac521e01bf50?s=96&d=identicon&r=g"},"featured_image":false,"bloginfo":{"name":"Vandra V\u00e4gen","url":"https:\/\/blogg.svenskakyrkan.se\/vandravagen"},"_links":{"self":[{"href":"https:\/\/blogg.svenskakyrkan.se\/vandravagen\/wp-json\/wp\/v2\/posts\/589","targetHints":{"allow":["GET"]}}],"collection":[{"href":"https:\/\/blogg.svenskakyrkan.se\/vandravagen\/wp-json\/wp\/v2\/posts"}],"about":[{"href":"https:\/\/blogg.svenskakyrkan.se\/vandravagen\/wp-json\/wp\/v2\/types\/post"}],"author":[{"embeddable":true,"href":"https:\/\/blogg.svenskakyrkan.se\/vandravagen\/wp-json\/wp\/v2\/users\/392"}],"replies":[{"embeddable":true,"href":"https:\/\/blogg.svenskakyrkan.se\/vandravagen\/wp-json\/wp\/v2\/comments?post=589"}],"version-history":[{"count":0,"href":"https:\/\/blogg.svenskakyrkan.se\/vandravagen\/wp-json\/wp\/v2\/posts\/589\/revisions"}],"wp:attachment":[{"href":"https:\/\/blogg.svenskakyrkan.se\/vandravagen\/wp-json\/wp\/v2\/media?parent=589"}],"wp:term":[{"taxonomy":"category","embeddable":true,"href":"https:\/\/blogg.svenskakyrkan.se\/vandravagen\/wp-json\/wp\/v2\/categories?post=589"},{"taxonomy":"post_tag","embeddable":true,"href":"https:\/\/blogg.svenskakyrkan.se\/vandravagen\/wp-json\/wp\/v2\/tags?post=589"}],"curies":[{"name":"wp","href":"https:\/\/api.w.org\/{rel}","templated":true}]}}