{"id":591,"date":"2013-05-02T08:00:00","date_gmt":"2013-05-02T06:00:00","guid":{"rendered":"http:\/\/blogg.svenskakyrkan.se\/vandravagen\/2013\/05\/02\/missa-inte-gotene-kyrka-pa-varrundan-i-helgen\/"},"modified":"2013-05-02T08:00:00","modified_gmt":"2013-05-02T06:00:00","slug":"missa-inte-gotene-kyrka-pa-varrundan-i-helgen","status":"publish","type":"post","link":"https:\/\/blogg.svenskakyrkan.se\/vandravagen\/2013\/05\/02\/missa-inte-gotene-kyrka-pa-varrundan-i-helgen\/","title":{"rendered":"Missa inte G\u00f6tene kyrka p\u00e5 v\u00e5rrundan i helgen!"},"content":{"rendered":"<\/p>\n<table align=\"center\" cellpadding=\"0\" cellspacing=\"0\">\n<tbody>\n<tr>\n<td><a href=\"http:\/\/1.bp.blogspot.com\/-SEOeU3NcxqM\/UBeDWfXRW7I\/AAAAAAAAAU0\/VSg31hTUiBM\/s1600\/486644_324219307671509_671601325_n.jpg\"><img loading=\"lazy\" decoding=\"async\" border=\"0\" height=\"300\" src=\"http:\/\/1.bp.blogspot.com\/-SEOeU3NcxqM\/UBeDWfXRW7I\/AAAAAAAAAU0\/VSg31hTUiBM\/s400\/486644_324219307671509_671601325_n.jpg\" width=\"400\"><\/a><\/td>\n<\/tr>\n<tr>\n<td>Con dottieri in action, mordet p\u00e5 Helena<\/td>\n<\/tr>\n<\/tbody>\n<\/table>\n<p>P\u00e5 l\u00f6rdag och s\u00f6ndag \u00e4r det &#8221;v\u00e5rrundan&#8221; p\u00e5 Kinnekulle. En m\u00e4ngd konstn\u00e4rer st\u00e4ller ut, caf\u00e9er \u00e4r \u00f6ppna med mera. Det finns v\u00e4ldigt mycket att se och g\u00f6ra, \u00e4ven om du bor lite l\u00e4ngre fr\u00e5n G\u00f6tene kan det vara id\u00e9 att fundera p\u00e5 att \u00e5ka hit och vara med. Hela programmet finns <a href=\"http:\/\/www.gotene.se\/upplevaochgora\/kulturochnojesevenemang\/varrundankinnekulle.388.html\">p\u00e5 kommunens hemsida<\/a>.<\/p>\n<div><\/div>\n<div>Som jag n\u00e4mnt flera g\u00e5nger p\u00e5 bloggen deltar G\u00f6tene f\u00f6rsamling tillsammans med G\u00f6tene kommun och f\u00f6reningsliv i ett projekt f\u00f6r att sprida kunskapen om v\u00e5rt lokala helgon sankta Helena.<\/div>\n<div><\/div>\n<div>P\u00e5 v\u00e5rrundan kommer d\u00e4rf\u00f6r G\u00f6tene kyrka vara \u00f6ppen b\u00e5de l\u00f6rdag och s\u00f6ndag. Nyutbildade Helenaguider kommer ber\u00e4tta om helgonets liv och om kyrkan. Stage fightinggruppen con dottieri kommer att visa sin stridskonst i ett iscens\u00e4ttande av Sta Helenas d\u00f6d.\u00a0<\/div>\n<div><\/div>\n<div>I kyrkan kan du se unika f\u00f6rem\u00e5l. Ett autentiskt avlatsbrev fr\u00e5n det medeltida G\u00f6tene, en relik efter Helena och &#8221;10.000 jungfrur&#8221;, kyrksilver fr\u00e5n 1300-talet, mynt fr\u00e5n Sta Helenas k\u00e4lla samt konstverk av Edna Cers och Martin Hansson.<\/div>\n<div><\/div>\n<div>Dessutom kan man \u00e4ta helenakaka och helenafl\u00e4ta. Bara en s\u00e5n sak! Och s\u00e5 f\u00e5r man chansen att tr\u00e4ffa mig utan sk\u00e4rmar emellan.<\/div>\n<div><\/div>\n<div>Hela programmet \u00e4r h\u00e4r:<\/p>\n<div><\/div>\n<div><\/div>\n<div><a href=\"http:\/\/www.svenskakyrkan.se\/Sve\/Bilder\/Bilder\/41fc19a4-5590-4463-96ad-e67782ed63fd.jpg\"><img loading=\"lazy\" decoding=\"async\" border=\"0\" height=\"400\" src=\"http:\/\/www.svenskakyrkan.se\/Sve\/Bilder\/Bilder\/41fc19a4-5590-4463-96ad-e67782ed63fd.jpg\" width=\"182\"><\/a><\/div>\n<div><\/div>\n<div>P\u00e5 s\u00f6ndagen iscens\u00e4tter vi en medeltidsgudstj\u00e4nst efter gamla nedteckningar. Det \u00e4r helt klart en upplevelse i denna gamla 1100-talskyrka! Missa inte det, klockan 10 p\u00e5 s\u00f6ndag!<\/div>\n<div><\/div>\n<div><\/div>\n<div><\/div>\n<\/div>\n","protected":false},"excerpt":{"rendered":"<p>Con dottieri in action, mordet p\u00e5 Helena P\u00e5 l\u00f6rdag och s\u00f6ndag \u00e4r det &#8221;v\u00e5rrundan&#8221; p\u00e5 Kinnekulle. En m\u00e4ngd konstn\u00e4rer st\u00e4ller ut, caf\u00e9er \u00e4r \u00f6ppna med mera. Det finns v\u00e4ldigt mycket att se och g\u00f6ra, \u00e4ven om du bor lite l\u00e4ngre fr\u00e5n G\u00f6tene kan det vara id\u00e9 att fundera p\u00e5 att \u00e5ka hit och vara med. [&hellip;]<\/p>\n","protected":false},"author":392,"featured_media":0,"comment_status":"open","ping_status":"open","sticky":false,"template":"","format":"standard","meta":{"_acf_changed":false,"footnotes":""},"categories":[76766],"tags":[],"class_list":["post-591","post","type-post","status-publish","format-standard","hentry","category-blandat"],"acf":[],"yoast_head":"<!-- This site is optimized with the Yoast SEO plugin v27.1.1 - https:\/\/yoast.com\/product\/yoast-seo-wordpress\/ -->\n<title>Missa inte G\u00f6tene kyrka p\u00e5 v\u00e5rrundan i helgen! - Vandra V\u00e4gen<\/title>\n<meta name=\"robots\" content=\"index, follow, max-snippet:-1, max-image-preview:large, max-video-preview:-1\" \/>\n<link rel=\"canonical\" href=\"https:\/\/blogg.svenskakyrkan.se\/vandravagen\/2013\/05\/02\/missa-inte-gotene-kyrka-pa-varrundan-i-helgen\/\" \/>\n<meta property=\"og:locale\" content=\"sv_SE\" \/>\n<meta property=\"og:type\" content=\"article\" \/>\n<meta property=\"og:title\" content=\"Missa inte G\u00f6tene kyrka p\u00e5 v\u00e5rrundan i helgen! - Vandra V\u00e4gen\" \/>\n<meta property=\"og:description\" content=\"Con dottieri in action, mordet p\u00e5 Helena P\u00e5 l\u00f6rdag och s\u00f6ndag \u00e4r det &#8221;v\u00e5rrundan&#8221; p\u00e5 Kinnekulle. En m\u00e4ngd konstn\u00e4rer st\u00e4ller ut, caf\u00e9er \u00e4r \u00f6ppna med mera. Det finns v\u00e4ldigt mycket att se och g\u00f6ra, \u00e4ven om du bor lite l\u00e4ngre fr\u00e5n G\u00f6tene kan det vara id\u00e9 att fundera p\u00e5 att \u00e5ka hit och vara med. [&hellip;]\" \/>\n<meta property=\"og:url\" content=\"https:\/\/blogg.svenskakyrkan.se\/vandravagen\/2013\/05\/02\/missa-inte-gotene-kyrka-pa-varrundan-i-helgen\/\" \/>\n<meta property=\"og:site_name\" content=\"Vandra V\u00e4gen\" \/>\n<meta property=\"article:publisher\" content=\"http:\/\/facebook.com\/vandravagen\" \/>\n<meta property=\"article:published_time\" content=\"2013-05-02T06:00:00+00:00\" \/>\n<meta property=\"og:image\" content=\"http:\/\/1.bp.blogspot.com\/-SEOeU3NcxqM\/UBeDWfXRW7I\/AAAAAAAAAU0\/VSg31hTUiBM\/s400\/486644_324219307671509_671601325_n.jpg\" \/>\n<meta name=\"author\" content=\"Tomas Jarvid\" \/>\n<meta name=\"twitter:card\" content=\"summary_large_image\" \/>\n<meta name=\"twitter:creator\" content=\"@fadertomas\" \/>\n<meta name=\"twitter:site\" content=\"@fadertomas\" \/>\n<meta name=\"twitter:label1\" content=\"Skriven av\" \/>\n\t<meta name=\"twitter:data1\" content=\"Tomas Jarvid\" \/>\n\t<meta name=\"twitter:label2\" content=\"Ber\u00e4knad l\u00e4stid\" \/>\n\t<meta name=\"twitter:data2\" content=\"1 minut\" \/>\n<script type=\"application\/ld+json\" class=\"yoast-schema-graph\">{\"@context\":\"https:\/\/schema.org\",\"@graph\":[{\"@type\":\"Article\",\"@id\":\"https:\/\/blogg.svenskakyrkan.se\/vandravagen\/2013\/05\/02\/missa-inte-gotene-kyrka-pa-varrundan-i-helgen\/#article\",\"isPartOf\":{\"@id\":\"https:\/\/blogg.svenskakyrkan.se\/vandravagen\/2013\/05\/02\/missa-inte-gotene-kyrka-pa-varrundan-i-helgen\/\"},\"author\":{\"name\":\"Tomas Jarvid\",\"@id\":\"https:\/\/blogg.svenskakyrkan.se\/vandravagen\/#\/schema\/person\/25da02d4f76b137d04291711e2c9fc16\"},\"headline\":\"Missa inte G\u00f6tene kyrka p\u00e5 v\u00e5rrundan i helgen!\",\"datePublished\":\"2013-05-02T06:00:00+00:00\",\"mainEntityOfPage\":{\"@id\":\"https:\/\/blogg.svenskakyrkan.se\/vandravagen\/2013\/05\/02\/missa-inte-gotene-kyrka-pa-varrundan-i-helgen\/\"},\"wordCount\":272,\"commentCount\":0,\"publisher\":{\"@id\":\"https:\/\/blogg.svenskakyrkan.se\/vandravagen\/#organization\"},\"image\":{\"@id\":\"https:\/\/blogg.svenskakyrkan.se\/vandravagen\/2013\/05\/02\/missa-inte-gotene-kyrka-pa-varrundan-i-helgen\/#primaryimage\"},\"thumbnailUrl\":\"http:\/\/1.bp.blogspot.com\/-SEOeU3NcxqM\/UBeDWfXRW7I\/AAAAAAAAAU0\/VSg31hTUiBM\/s400\/486644_324219307671509_671601325_n.jpg\",\"articleSection\":[\"blandat\"],\"inLanguage\":\"sv-SE\",\"potentialAction\":[{\"@type\":\"CommentAction\",\"name\":\"Comment\",\"target\":[\"https:\/\/blogg.svenskakyrkan.se\/vandravagen\/2013\/05\/02\/missa-inte-gotene-kyrka-pa-varrundan-i-helgen\/#respond\"]}]},{\"@type\":\"WebPage\",\"@id\":\"https:\/\/blogg.svenskakyrkan.se\/vandravagen\/2013\/05\/02\/missa-inte-gotene-kyrka-pa-varrundan-i-helgen\/\",\"url\":\"https:\/\/blogg.svenskakyrkan.se\/vandravagen\/2013\/05\/02\/missa-inte-gotene-kyrka-pa-varrundan-i-helgen\/\",\"name\":\"Missa inte G\u00f6tene kyrka p\u00e5 v\u00e5rrundan i helgen! - Vandra V\u00e4gen\",\"isPartOf\":{\"@id\":\"https:\/\/blogg.svenskakyrkan.se\/vandravagen\/#website\"},\"primaryImageOfPage\":{\"@id\":\"https:\/\/blogg.svenskakyrkan.se\/vandravagen\/2013\/05\/02\/missa-inte-gotene-kyrka-pa-varrundan-i-helgen\/#primaryimage\"},\"image\":{\"@id\":\"https:\/\/blogg.svenskakyrkan.se\/vandravagen\/2013\/05\/02\/missa-inte-gotene-kyrka-pa-varrundan-i-helgen\/#primaryimage\"},\"thumbnailUrl\":\"http:\/\/1.bp.blogspot.com\/-SEOeU3NcxqM\/UBeDWfXRW7I\/AAAAAAAAAU0\/VSg31hTUiBM\/s400\/486644_324219307671509_671601325_n.jpg\",\"datePublished\":\"2013-05-02T06:00:00+00:00\",\"breadcrumb\":{\"@id\":\"https:\/\/blogg.svenskakyrkan.se\/vandravagen\/2013\/05\/02\/missa-inte-gotene-kyrka-pa-varrundan-i-helgen\/#breadcrumb\"},\"inLanguage\":\"sv-SE\",\"potentialAction\":[{\"@type\":\"ReadAction\",\"target\":[\"https:\/\/blogg.svenskakyrkan.se\/vandravagen\/2013\/05\/02\/missa-inte-gotene-kyrka-pa-varrundan-i-helgen\/\"]}]},{\"@type\":\"ImageObject\",\"inLanguage\":\"sv-SE\",\"@id\":\"https:\/\/blogg.svenskakyrkan.se\/vandravagen\/2013\/05\/02\/missa-inte-gotene-kyrka-pa-varrundan-i-helgen\/#primaryimage\",\"url\":\"http:\/\/1.bp.blogspot.com\/-SEOeU3NcxqM\/UBeDWfXRW7I\/AAAAAAAAAU0\/VSg31hTUiBM\/s400\/486644_324219307671509_671601325_n.jpg\",\"contentUrl\":\"http:\/\/1.bp.blogspot.com\/-SEOeU3NcxqM\/UBeDWfXRW7I\/AAAAAAAAAU0\/VSg31hTUiBM\/s400\/486644_324219307671509_671601325_n.jpg\"},{\"@type\":\"BreadcrumbList\",\"@id\":\"https:\/\/blogg.svenskakyrkan.se\/vandravagen\/2013\/05\/02\/missa-inte-gotene-kyrka-pa-varrundan-i-helgen\/#breadcrumb\",\"itemListElement\":[{\"@type\":\"ListItem\",\"position\":1,\"name\":\"Hem\",\"item\":\"https:\/\/blogg.svenskakyrkan.se\/vandravagen\/\"},{\"@type\":\"ListItem\",\"position\":2,\"name\":\"Missa inte G\u00f6tene kyrka p\u00e5 v\u00e5rrundan i helgen!\"}]},{\"@type\":\"WebSite\",\"@id\":\"https:\/\/blogg.svenskakyrkan.se\/vandravagen\/#website\",\"url\":\"https:\/\/blogg.svenskakyrkan.se\/vandravagen\/\",\"name\":\"Vandra V\u00e4gen\",\"description\":\"-Mot en tro f\u00f6r hela livet\",\"publisher\":{\"@id\":\"https:\/\/blogg.svenskakyrkan.se\/vandravagen\/#organization\"},\"potentialAction\":[{\"@type\":\"SearchAction\",\"target\":{\"@type\":\"EntryPoint\",\"urlTemplate\":\"https:\/\/blogg.svenskakyrkan.se\/vandravagen\/?s={search_term_string}\"},\"query-input\":{\"@type\":\"PropertyValueSpecification\",\"valueRequired\":true,\"valueName\":\"search_term_string\"}}],\"inLanguage\":\"sv-SE\"},{\"@type\":\"Organization\",\"@id\":\"https:\/\/blogg.svenskakyrkan.se\/vandravagen\/#organization\",\"name\":\"ulricehamns pastorat\",\"alternateName\":\"ulricehamns pastorat\",\"url\":\"https:\/\/blogg.svenskakyrkan.se\/vandravagen\/\",\"logo\":{\"@type\":\"ImageObject\",\"inLanguage\":\"sv-SE\",\"@id\":\"https:\/\/blogg.svenskakyrkan.se\/vandravagen\/#\/schema\/logo\/image\/\",\"url\":\"https:\/\/blogg.svenskakyrkan.se\/vandravagen\/files\/2023\/05\/Ulr_logo_RGB.png\",\"contentUrl\":\"https:\/\/blogg.svenskakyrkan.se\/vandravagen\/files\/2023\/05\/Ulr_logo_RGB.png\",\"width\":205,\"height\":77,\"caption\":\"ulricehamns pastorat\"},\"image\":{\"@id\":\"https:\/\/blogg.svenskakyrkan.se\/vandravagen\/#\/schema\/logo\/image\/\"},\"sameAs\":[\"http:\/\/facebook.com\/vandravagen\",\"https:\/\/x.com\/fadertomas\",\"http:\/\/www.facebook.com\/svenskakyrkaniulricehamn\"]},{\"@type\":\"Person\",\"@id\":\"https:\/\/blogg.svenskakyrkan.se\/vandravagen\/#\/schema\/person\/25da02d4f76b137d04291711e2c9fc16\",\"name\":\"Tomas Jarvid\",\"image\":{\"@type\":\"ImageObject\",\"inLanguage\":\"sv-SE\",\"@id\":\"https:\/\/blogg.svenskakyrkan.se\/vandravagen\/#\/schema\/person\/image\/\",\"url\":\"https:\/\/secure.gravatar.com\/avatar\/7fa71899795e8f540f615a1f5ab25255dc27aa40f05ee7ddd21aac521e01bf50?s=96&d=identicon&r=g\",\"contentUrl\":\"https:\/\/secure.gravatar.com\/avatar\/7fa71899795e8f540f615a1f5ab25255dc27aa40f05ee7ddd21aac521e01bf50?s=96&d=identicon&r=g\",\"caption\":\"Tomas Jarvid\"},\"description\":\"Jag bor i Ulricehamn i V\u00e4sterg\u00f6tland och \u00e4r f\u00f6rsamlingspr\u00e4st i Svenska Kyrkan f\u00f6r Dalstorps f\u00f6rsamling i Kinds pastorat. P\u00e5 den h\u00e4r bloggen skriver jag ner tankar om vandringen som kristen.\",\"sameAs\":[\"http:\/\/www.vandravagen.se\"],\"url\":\"https:\/\/blogg.svenskakyrkan.se\/vandravagen\/author\/vandravagen\/\"}]}<\/script>\n<!-- \/ Yoast SEO plugin. -->","yoast_head_json":{"title":"Missa inte G\u00f6tene kyrka p\u00e5 v\u00e5rrundan i helgen! - Vandra V\u00e4gen","robots":{"index":"index","follow":"follow","max-snippet":"max-snippet:-1","max-image-preview":"max-image-preview:large","max-video-preview":"max-video-preview:-1"},"canonical":"https:\/\/blogg.svenskakyrkan.se\/vandravagen\/2013\/05\/02\/missa-inte-gotene-kyrka-pa-varrundan-i-helgen\/","og_locale":"sv_SE","og_type":"article","og_title":"Missa inte G\u00f6tene kyrka p\u00e5 v\u00e5rrundan i helgen! - Vandra V\u00e4gen","og_description":"Con dottieri in action, mordet p\u00e5 Helena P\u00e5 l\u00f6rdag och s\u00f6ndag \u00e4r det &#8221;v\u00e5rrundan&#8221; p\u00e5 Kinnekulle. En m\u00e4ngd konstn\u00e4rer st\u00e4ller ut, caf\u00e9er \u00e4r \u00f6ppna med mera. Det finns v\u00e4ldigt mycket att se och g\u00f6ra, \u00e4ven om du bor lite l\u00e4ngre fr\u00e5n G\u00f6tene kan det vara id\u00e9 att fundera p\u00e5 att \u00e5ka hit och vara med. [&hellip;]","og_url":"https:\/\/blogg.svenskakyrkan.se\/vandravagen\/2013\/05\/02\/missa-inte-gotene-kyrka-pa-varrundan-i-helgen\/","og_site_name":"Vandra V\u00e4gen","article_publisher":"http:\/\/facebook.com\/vandravagen","article_published_time":"2013-05-02T06:00:00+00:00","og_image":[{"url":"http:\/\/1.bp.blogspot.com\/-SEOeU3NcxqM\/UBeDWfXRW7I\/AAAAAAAAAU0\/VSg31hTUiBM\/s400\/486644_324219307671509_671601325_n.jpg","type":"","width":"","height":""}],"author":"Tomas Jarvid","twitter_card":"summary_large_image","twitter_creator":"@fadertomas","twitter_site":"@fadertomas","twitter_misc":{"Skriven av":"Tomas Jarvid","Ber\u00e4knad l\u00e4stid":"1 minut"},"schema":{"@context":"https:\/\/schema.org","@graph":[{"@type":"Article","@id":"https:\/\/blogg.svenskakyrkan.se\/vandravagen\/2013\/05\/02\/missa-inte-gotene-kyrka-pa-varrundan-i-helgen\/#article","isPartOf":{"@id":"https:\/\/blogg.svenskakyrkan.se\/vandravagen\/2013\/05\/02\/missa-inte-gotene-kyrka-pa-varrundan-i-helgen\/"},"author":{"name":"Tomas Jarvid","@id":"https:\/\/blogg.svenskakyrkan.se\/vandravagen\/#\/schema\/person\/25da02d4f76b137d04291711e2c9fc16"},"headline":"Missa inte G\u00f6tene kyrka p\u00e5 v\u00e5rrundan i helgen!","datePublished":"2013-05-02T06:00:00+00:00","mainEntityOfPage":{"@id":"https:\/\/blogg.svenskakyrkan.se\/vandravagen\/2013\/05\/02\/missa-inte-gotene-kyrka-pa-varrundan-i-helgen\/"},"wordCount":272,"commentCount":0,"publisher":{"@id":"https:\/\/blogg.svenskakyrkan.se\/vandravagen\/#organization"},"image":{"@id":"https:\/\/blogg.svenskakyrkan.se\/vandravagen\/2013\/05\/02\/missa-inte-gotene-kyrka-pa-varrundan-i-helgen\/#primaryimage"},"thumbnailUrl":"http:\/\/1.bp.blogspot.com\/-SEOeU3NcxqM\/UBeDWfXRW7I\/AAAAAAAAAU0\/VSg31hTUiBM\/s400\/486644_324219307671509_671601325_n.jpg","articleSection":["blandat"],"inLanguage":"sv-SE","potentialAction":[{"@type":"CommentAction","name":"Comment","target":["https:\/\/blogg.svenskakyrkan.se\/vandravagen\/2013\/05\/02\/missa-inte-gotene-kyrka-pa-varrundan-i-helgen\/#respond"]}]},{"@type":"WebPage","@id":"https:\/\/blogg.svenskakyrkan.se\/vandravagen\/2013\/05\/02\/missa-inte-gotene-kyrka-pa-varrundan-i-helgen\/","url":"https:\/\/blogg.svenskakyrkan.se\/vandravagen\/2013\/05\/02\/missa-inte-gotene-kyrka-pa-varrundan-i-helgen\/","name":"Missa inte G\u00f6tene kyrka p\u00e5 v\u00e5rrundan i helgen! - Vandra V\u00e4gen","isPartOf":{"@id":"https:\/\/blogg.svenskakyrkan.se\/vandravagen\/#website"},"primaryImageOfPage":{"@id":"https:\/\/blogg.svenskakyrkan.se\/vandravagen\/2013\/05\/02\/missa-inte-gotene-kyrka-pa-varrundan-i-helgen\/#primaryimage"},"image":{"@id":"https:\/\/blogg.svenskakyrkan.se\/vandravagen\/2013\/05\/02\/missa-inte-gotene-kyrka-pa-varrundan-i-helgen\/#primaryimage"},"thumbnailUrl":"http:\/\/1.bp.blogspot.com\/-SEOeU3NcxqM\/UBeDWfXRW7I\/AAAAAAAAAU0\/VSg31hTUiBM\/s400\/486644_324219307671509_671601325_n.jpg","datePublished":"2013-05-02T06:00:00+00:00","breadcrumb":{"@id":"https:\/\/blogg.svenskakyrkan.se\/vandravagen\/2013\/05\/02\/missa-inte-gotene-kyrka-pa-varrundan-i-helgen\/#breadcrumb"},"inLanguage":"sv-SE","potentialAction":[{"@type":"ReadAction","target":["https:\/\/blogg.svenskakyrkan.se\/vandravagen\/2013\/05\/02\/missa-inte-gotene-kyrka-pa-varrundan-i-helgen\/"]}]},{"@type":"ImageObject","inLanguage":"sv-SE","@id":"https:\/\/blogg.svenskakyrkan.se\/vandravagen\/2013\/05\/02\/missa-inte-gotene-kyrka-pa-varrundan-i-helgen\/#primaryimage","url":"http:\/\/1.bp.blogspot.com\/-SEOeU3NcxqM\/UBeDWfXRW7I\/AAAAAAAAAU0\/VSg31hTUiBM\/s400\/486644_324219307671509_671601325_n.jpg","contentUrl":"http:\/\/1.bp.blogspot.com\/-SEOeU3NcxqM\/UBeDWfXRW7I\/AAAAAAAAAU0\/VSg31hTUiBM\/s400\/486644_324219307671509_671601325_n.jpg"},{"@type":"BreadcrumbList","@id":"https:\/\/blogg.svenskakyrkan.se\/vandravagen\/2013\/05\/02\/missa-inte-gotene-kyrka-pa-varrundan-i-helgen\/#breadcrumb","itemListElement":[{"@type":"ListItem","position":1,"name":"Hem","item":"https:\/\/blogg.svenskakyrkan.se\/vandravagen\/"},{"@type":"ListItem","position":2,"name":"Missa inte G\u00f6tene kyrka p\u00e5 v\u00e5rrundan i helgen!"}]},{"@type":"WebSite","@id":"https:\/\/blogg.svenskakyrkan.se\/vandravagen\/#website","url":"https:\/\/blogg.svenskakyrkan.se\/vandravagen\/","name":"Vandra V\u00e4gen","description":"-Mot en tro f\u00f6r hela livet","publisher":{"@id":"https:\/\/blogg.svenskakyrkan.se\/vandravagen\/#organization"},"potentialAction":[{"@type":"SearchAction","target":{"@type":"EntryPoint","urlTemplate":"https:\/\/blogg.svenskakyrkan.se\/vandravagen\/?s={search_term_string}"},"query-input":{"@type":"PropertyValueSpecification","valueRequired":true,"valueName":"search_term_string"}}],"inLanguage":"sv-SE"},{"@type":"Organization","@id":"https:\/\/blogg.svenskakyrkan.se\/vandravagen\/#organization","name":"ulricehamns pastorat","alternateName":"ulricehamns pastorat","url":"https:\/\/blogg.svenskakyrkan.se\/vandravagen\/","logo":{"@type":"ImageObject","inLanguage":"sv-SE","@id":"https:\/\/blogg.svenskakyrkan.se\/vandravagen\/#\/schema\/logo\/image\/","url":"https:\/\/blogg.svenskakyrkan.se\/vandravagen\/files\/2023\/05\/Ulr_logo_RGB.png","contentUrl":"https:\/\/blogg.svenskakyrkan.se\/vandravagen\/files\/2023\/05\/Ulr_logo_RGB.png","width":205,"height":77,"caption":"ulricehamns pastorat"},"image":{"@id":"https:\/\/blogg.svenskakyrkan.se\/vandravagen\/#\/schema\/logo\/image\/"},"sameAs":["http:\/\/facebook.com\/vandravagen","https:\/\/x.com\/fadertomas","http:\/\/www.facebook.com\/svenskakyrkaniulricehamn"]},{"@type":"Person","@id":"https:\/\/blogg.svenskakyrkan.se\/vandravagen\/#\/schema\/person\/25da02d4f76b137d04291711e2c9fc16","name":"Tomas Jarvid","image":{"@type":"ImageObject","inLanguage":"sv-SE","@id":"https:\/\/blogg.svenskakyrkan.se\/vandravagen\/#\/schema\/person\/image\/","url":"https:\/\/secure.gravatar.com\/avatar\/7fa71899795e8f540f615a1f5ab25255dc27aa40f05ee7ddd21aac521e01bf50?s=96&d=identicon&r=g","contentUrl":"https:\/\/secure.gravatar.com\/avatar\/7fa71899795e8f540f615a1f5ab25255dc27aa40f05ee7ddd21aac521e01bf50?s=96&d=identicon&r=g","caption":"Tomas Jarvid"},"description":"Jag bor i Ulricehamn i V\u00e4sterg\u00f6tland och \u00e4r f\u00f6rsamlingspr\u00e4st i Svenska Kyrkan f\u00f6r Dalstorps f\u00f6rsamling i Kinds pastorat. P\u00e5 den h\u00e4r bloggen skriver jag ner tankar om vandringen som kristen.","sameAs":["http:\/\/www.vandravagen.se"],"url":"https:\/\/blogg.svenskakyrkan.se\/vandravagen\/author\/vandravagen\/"}]}},"author_meta":{"ID":"392","user_nicename":"vandravagen","user_url":"http:\/\/www.vandravagen.se","user_registered":"2014-05-19 05:44:52","display_name":"Tomas Jarvid","first_name":"Tomas","last_name":"Jarvid","avatar":"https:\/\/secure.gravatar.com\/avatar\/7fa71899795e8f540f615a1f5ab25255dc27aa40f05ee7ddd21aac521e01bf50?s=96&d=identicon&r=g"},"featured_image":false,"bloginfo":{"name":"Vandra V\u00e4gen","url":"https:\/\/blogg.svenskakyrkan.se\/vandravagen"},"_links":{"self":[{"href":"https:\/\/blogg.svenskakyrkan.se\/vandravagen\/wp-json\/wp\/v2\/posts\/591","targetHints":{"allow":["GET"]}}],"collection":[{"href":"https:\/\/blogg.svenskakyrkan.se\/vandravagen\/wp-json\/wp\/v2\/posts"}],"about":[{"href":"https:\/\/blogg.svenskakyrkan.se\/vandravagen\/wp-json\/wp\/v2\/types\/post"}],"author":[{"embeddable":true,"href":"https:\/\/blogg.svenskakyrkan.se\/vandravagen\/wp-json\/wp\/v2\/users\/392"}],"replies":[{"embeddable":true,"href":"https:\/\/blogg.svenskakyrkan.se\/vandravagen\/wp-json\/wp\/v2\/comments?post=591"}],"version-history":[{"count":0,"href":"https:\/\/blogg.svenskakyrkan.se\/vandravagen\/wp-json\/wp\/v2\/posts\/591\/revisions"}],"wp:attachment":[{"href":"https:\/\/blogg.svenskakyrkan.se\/vandravagen\/wp-json\/wp\/v2\/media?parent=591"}],"wp:term":[{"taxonomy":"category","embeddable":true,"href":"https:\/\/blogg.svenskakyrkan.se\/vandravagen\/wp-json\/wp\/v2\/categories?post=591"},{"taxonomy":"post_tag","embeddable":true,"href":"https:\/\/blogg.svenskakyrkan.se\/vandravagen\/wp-json\/wp\/v2\/tags?post=591"}],"curies":[{"name":"wp","href":"https:\/\/api.w.org\/{rel}","templated":true}]}}