{"id":5913,"date":"2017-09-18T07:00:59","date_gmt":"2017-09-18T05:00:59","guid":{"rendered":"http:\/\/blogg.svenskakyrkan.se\/vandravagen\/?p=5913"},"modified":"2017-09-17T22:22:19","modified_gmt":"2017-09-17T20:22:19","slug":"narmare-jesus-narmare-varandra","status":"publish","type":"post","link":"https:\/\/blogg.svenskakyrkan.se\/vandravagen\/2017\/09\/18\/narmare-jesus-narmare-varandra\/","title":{"rendered":"N\u00e4rmare Jesus, n\u00e4rmare varandra"},"content":{"rendered":"<p>Jag ber\u00f6r kyrkovalet n\u00e5got i min predikan och har funderat p\u00e5 om det var bra eller d\u00e5ligt. N\u00e5gra st\u00e4llningstaganden f\u00f6r n\u00e5got parti \u00e4r det f\u00f6rst\u00e5s inte tal om, bara en stilla p\u00e5minnelse om att detta med att se p\u00e5 varandra som motst\u00e5ndare snarare \u00e4n som trossyskon inte \u00e4r s\u00e4rskilt kristligt. Sen kom jag in p\u00e5 mer v\u00e4sentliga saker. Hoppas den h\u00e4r predikan kan vara till gl\u00e4dje f\u00f6r dig!<\/p>\n<p>&nbsp;<\/p>\n<p>14e efter tref 2017, Dalstorps kyrka 11.00, kyrkovalsdagen<\/p>\n<p><strong>Enheten i Kristus<\/strong><\/p>\n<p>Idag n\u00e4r det \u00e4r kyrkoval \u00e4r det \u00e4nd\u00e5 r\u00e4tt komiskt att det \u00e4r just den h\u00e4r episteln vi l\u00e4ser, det m\u00e5ste jag bara n\u00e4mna. Paulus har \u201dh\u00f6rt att det finns grupperingar bland er\u201d och det \u00e4r han inte n\u00f6jd med. Inte ens n\u00e4r det verkar som att det finns n\u00e5gon slags Paulusparti d\u00e4r i f\u00f6rsamlingen som menar att de st\u00e5r f\u00f6r hans linje. Det tycker han mest \u00e4r pinsamt. Vi h\u00f6r ju ihop s\u00e4ger han, vi \u00e4r d\u00f6pta med samma dop och vi h\u00f6r ihop f\u00f6r att vi tillh\u00f6r Kristus allihop. Och enheten \u00e4r v\u00e4rdefull, man ska vara r\u00e4dd om den.<\/p>\n<p>Det k\u00e4nns ocks\u00e5 rimligt s\u00e5h\u00e4r p\u00e5 valdagen att tala lite om kyrkan och vad den \u00e4r egentligen, det k\u00e4nns extra f\u00f6rvirrande nu n\u00e4r det kommer partiprogram och s\u00e5nt i kyrkan, problemet med det \u00e4r att det h\u00e4r med att k\u00f6ra \u00f6ver andra f\u00f6r att f\u00e5 igenom sin vilja nog \u00e4r ett r\u00e4tt okristet s\u00e4tt att agera. Med det sagt s\u00e5 ska ni \u00c4ND\u00c5 g\u00e5 och r\u00f6sta h\u00e4r efter\u00e5t. Det h\u00e4r valsystemet \u00e4r det b\u00e4sta vi har just nu men vi kan ju hoppas att det ska komma n\u00e5got b\u00e4ttre n\u00e5gon g\u00e5ng som passar b\u00e4ttre ihop med Kyrkans v\u00e4sen. Dagens texter handlar ju om att s\u00f6ka enhet med varandra. Vi finns h\u00e4r f\u00f6r det som f\u00f6renar oss.<\/p>\n<p>Vill man kan man t\u00e4nka sig ekrarna i ett cykelhjul. De g\u00e5r samman i ett nav och \u00e4ven om de kommer fr\u00e5n olika h\u00e5ll \u00e4r de n\u00e4ra varandra n\u00e4r de \u00e4r n\u00e4ra centrum. Centrum i kyrkan \u00e4r f\u00f6rst\u00e5s Kristus s\u00e5 n\u00e4r vi \u00e4r n\u00e4ra honom n\u00e4rmar vi oss ocks\u00e5 varandra. Jag t\u00e4nker ocks\u00e5 g\u00e4rna p\u00e5 nattvarden d\u00e4r vi kommer fram och b\u00f6jer kn\u00e4 intill varandra och till och med dricker fr\u00e5n samma b\u00e4gare, vare sig vi \u00e4r goda v\u00e4nner annars eller m\u00e5ste k\u00e4mpa med att t\u00e5la av varandra. Jesus ger liksom inte alternativet att vi kan v\u00e4lja att h\u00f6ra ihop med honom men inte med varandra.<\/p>\n<p>Dagens bibeltexter handlar om det h\u00e4r f\u00f6rst\u00e5s. Paulus \u00e4r som jag sa rakt p\u00e5 sak och uppmanar f\u00f6rsamlingen i Korint att h\u00e5lla sams och vara \u00f6verens. I evangelietexten f\u00e5r vi en del av Jesu b\u00f6n f\u00f6r sina l\u00e4rjungar f\u00f6re sin korsf\u00e4stelse. Han ber f\u00f6r att de ska vara ett med varandra liksom han \u00e4r ett med Fadern. Vi beh\u00f6ver knappast tveka p\u00e5 att Jesus vill se oss enade.<\/p>\n<p>Den gammaltestamentliga texten fr\u00e5n Amos sticker av lite fr\u00e5n det h\u00e4r. Det \u00e4r slutorden i boken, efter h\u00e5rda ord om de olyckor som ska drabba folket s\u00e5 kommer l\u00f6ftena om Guds trofasthet och den uppr\u00e4ttelse som ska komma. Amos s\u00e4ger fr\u00e5n Herren att en dag ska det komma b\u00e4ttre tider, det n\u00e4stan f\u00f6rintade folket ska uppr\u00e4ttas och f\u00e5 en ny och b\u00e4ttre kung. De gamla konflikterna ska ligga i det f\u00f6rg\u00e5ngna. Och den som sk\u00f6rdar ska g\u00e5 efter den som s\u00e5r och det \u00e4r som att hela naturen ska f\u00e5 ny livskraft i landet. Det \u00e4r v\u00e4ldigt fint, som kristen kan man ju l\u00e4sa det och t\u00e4nka p\u00e5 Jesus som kungen som skulle komma och som ger nytt liv och uppr\u00e4ttar de fallna och f\u00f6rnedrade.<\/p>\n<p>Men man kan undra hur det h\u00e4nger ihop med de andra texterna om att vara enade?<\/p>\n<p>Jag tror det \u00e4r f\u00f6r att det h\u00e4r med enhet p\u00e5 n\u00e5got s\u00e4tt h\u00e4nger t\u00e4tt ihop med helhet, med helande. Det \u00e4r ett helat land och ett helat folk vi f\u00e5r h\u00f6ra om. T\u00e4nker vi noga efter \u00e4r det inte s\u00e5 konstigt. Strider och oenighet h\u00e4nger f\u00f6rst\u00e5s ihop med att vi gjort varandra illa p\u00e5 olika s\u00e4tt, att f\u00f6rtroenden raserats, p\u00e5 s\u00e5r och skam och skuld. S\u00e5 \u00e4r det in familjer, i samh\u00e4llen, i v\u00e4rlden och i kyrkan. Trasiga relationer river s\u00f6nder helheten. Och det kan se s\u00e5 hemskt om\u00f6jligt ut. Mycket sv\u00e5rare \u00e4n att vi helt enkelt bara beh\u00f6ver bli \u00f6verens och kommunicera b\u00e4ttre eller s\u00e5.<\/p>\n<p>Det hade nog varit hoppl\u00f6st ocks\u00e5 men vi tror inte att det \u00e4r det f\u00f6r att Jesus \u00e4r den d\u00e4r kungen som kan komma med helande.\u00a0 Han \u00e4r f\u00f6rsonaren, och som Amos antyder s\u00e5 har vi alltid ett hopp. Gud har makten och ska en dag lyckas hela allt trasigt.<\/p>\n<p>F\u00f6r oss \u00e4r det f\u00f6rst\u00e5s viktigt att vi tror p\u00e5 Jesus och h\u00e5ller tron vid liv. Det \u00e4r hos honom helandet finns. Det \u00e4r stora ord men \u00e4nd\u00e5 djupt sanna att det trasiga i v\u00e4rlden g\u00e5r \u00e4nda in i varje hj\u00e4rta. Vi kan g\u00f6ra vad vi kan f\u00f6r att stifta fred och f\u00f6rst\u00e5 varandra men vi kommer inte l\u00e5ngt om det inte f\u00f6ds inifr\u00e5n. Att vi visar v\u00e5ra s\u00e5r f\u00f6r Jesus, ber om hj\u00e4lp, ber om f\u00f6rl\u00e5telse, sl\u00e4pper in honom i det som p\u00e5g\u00e5r i v\u00e5ra liv. En helare m\u00e4nniska kan bidra till en helare v\u00e4rld. Och det \u00e4r det som kan k\u00e4nnas som f\u00f6r stora ord ibland f\u00f6r mig, hur hela \u00e4r vi n\u00e5gonsin? \u00c4nd\u00e5 \u00e4r det l\u00e4tt att se m\u00e5nga exempel p\u00e5 v\u00e4ldigt trasiga m\u00e4nniskor som sprider \u00f6del\u00e4ggelse omkring sig. All sm\u00e4rta inombords har blivit olidlig att k\u00e4nnas vid s\u00e5 man tar ut den p\u00e5 andra, tror att det ska k\u00e4nnas b\u00e4ttre om andra lider. S\u00e5 vi m\u00e5ste l\u00e5ta Gud hela oss. Det ber\u00f6r verkligen en v\u00e4ldigt liten del av v\u00e4rlden men f\u00f6r oss var och en \u00e4r det ju en v\u00e4ldigt central del. Och vi kanske kan g\u00f6ra Jesu ord i evangeliet personliga. Han ber f\u00f6r l\u00e4rjungarna att de ska vara enade. Jag tror att vi ocks\u00e5 kan v\u00e5ga l\u00e4sa det som ett l\u00f6fte. Som att vi kunde varit d\u00e4r ensamma med Jesus och vara s\u00e4kra p\u00e5 att hans b\u00f6n skulle vara \u201dFader, jag ber att detta ditt barn ska f\u00e5 vara helt\u201d. Det \u00e4r hans vilja. Han vill oss v\u00e4l. S\u00e5 st\u00e5r det skrivet.<\/p>\n<p>Det \u00e4r viktigt att vi tror och det \u00e4r ocks\u00e5 viktigt att vi f\u00f6ljer honom i hans s\u00e4tt att leva. Jesus levde ut f\u00f6rsoningen. Givetvis f\u00f6r att han sj\u00e4lv \u00e4r den ende verkligt hela m\u00e4nniskan och det \u00e4r ju inte vi som sagt. Vi kan \u00e4nd\u00e5 se p\u00e5 hur han g\u00f6r och f\u00f6rs\u00f6ka ta efter. V\u00e4lja att st\u00e4lla oss p\u00e5 den svagas sida. Avst\u00e5 fr\u00e5n h\u00e4mnden. F\u00f6rs\u00f6ka tala sanning s\u00e5 l\u00e5ngt vi f\u00f6rm\u00e5r samtidigt som vi \u00e4r s\u00e5 barmh\u00e4rtiga som m\u00f6jligt. Det finns massor av s\u00e5dant i evangelierna som vi f\u00e5r f\u00f6rs\u00f6ka ta efter f\u00f6r att Jesus \u00e4r den sanna m\u00e4nniskan som vi en g\u00e5ng ska bli.<\/p>\n<p>S\u00e5 h\u00e4r i kyrkovalstider tycker jag mig ha sett att ordet \u201d\u00f6ppenhet\u201d \u00e4r n\u00e5got av ett slagord. Det st\u00e5r vi f\u00f6r i v\u00e5rat parti men de andra g\u00f6r det inte. Jag vill d\u00e5 ocks\u00e5 s\u00e4ga att detta att kyrkan ska vara \u00f6ppen och v\u00e4lkomnande inte beh\u00f6ver st\u00e5 i n\u00e5got partiprogram f\u00f6r att komma in i kyrkan. Det finns redan i uppdragsbeskrivningen fr\u00e5n v\u00e5r Herre sj\u00e4lv. Den enhet och helhet som Jesus st\u00e5r m\u00e5ste spridas, bjuda in fler, g\u00e5 ut till fler.<\/p>\n<p>Vi har allts\u00e5 att s\u00f6ka oss till Jesus alltmer. Att f\u00f6rs\u00f6ka f\u00f6lja hans v\u00e4g alltmer och uppt\u00e4cka alltmer att den v\u00e4gen g\u00e5r mot att \u00f6ppna f\u00f6r fler. M\u00e5 vi alla f\u00e5 bli helade och enade.<\/p>\n<p>&nbsp;<\/p>\n","protected":false},"excerpt":{"rendered":"<p>Jag ber\u00f6r kyrkovalet n\u00e5got i min predikan och har funderat p\u00e5 om det var bra eller d\u00e5ligt. N\u00e5gra st\u00e4llningstaganden f\u00f6r n\u00e5got parti \u00e4r det f\u00f6rst\u00e5s inte tal om, bara en stilla p\u00e5minnelse om att detta med att se p\u00e5 varandra som motst\u00e5ndare snarare \u00e4n som trossyskon inte \u00e4r s\u00e4rskilt kristligt. Sen kom jag in p\u00e5 [&hellip;]<\/p>\n","protected":false},"author":392,"featured_media":5915,"comment_status":"open","ping_status":"open","sticky":false,"template":"","format":"standard","meta":{"_acf_changed":false,"footnotes":""},"categories":[76189,114],"tags":[],"class_list":["post-5913","post","type-post","status-publish","format-standard","has-post-thumbnail","hentry","category-dagens-kyrka","category-predikan"],"acf":[],"yoast_head":"<!-- This site is optimized with the Yoast SEO plugin v27.1.1 - https:\/\/yoast.com\/product\/yoast-seo-wordpress\/ -->\n<title>N\u00e4rmare Jesus, n\u00e4rmare varandra - Vandra V\u00e4gen<\/title>\n<meta name=\"robots\" content=\"index, follow, max-snippet:-1, max-image-preview:large, max-video-preview:-1\" \/>\n<link rel=\"canonical\" href=\"https:\/\/blogg.svenskakyrkan.se\/vandravagen\/2017\/09\/18\/narmare-jesus-narmare-varandra\/\" \/>\n<meta property=\"og:locale\" content=\"sv_SE\" \/>\n<meta property=\"og:type\" content=\"article\" \/>\n<meta property=\"og:title\" content=\"N\u00e4rmare Jesus, n\u00e4rmare varandra - Vandra V\u00e4gen\" \/>\n<meta property=\"og:description\" content=\"Jag ber\u00f6r kyrkovalet n\u00e5got i min predikan och har funderat p\u00e5 om det var bra eller d\u00e5ligt. N\u00e5gra st\u00e4llningstaganden f\u00f6r n\u00e5got parti \u00e4r det f\u00f6rst\u00e5s inte tal om, bara en stilla p\u00e5minnelse om att detta med att se p\u00e5 varandra som motst\u00e5ndare snarare \u00e4n som trossyskon inte \u00e4r s\u00e4rskilt kristligt. Sen kom jag in p\u00e5 [&hellip;]\" \/>\n<meta property=\"og:url\" content=\"https:\/\/blogg.svenskakyrkan.se\/vandravagen\/2017\/09\/18\/narmare-jesus-narmare-varandra\/\" \/>\n<meta property=\"og:site_name\" content=\"Vandra V\u00e4gen\" \/>\n<meta property=\"article:publisher\" content=\"http:\/\/facebook.com\/vandravagen\" \/>\n<meta property=\"article:published_time\" content=\"2017-09-18T05:00:59+00:00\" \/>\n<meta name=\"author\" content=\"Tomas Jarvid\" \/>\n<meta name=\"twitter:card\" content=\"summary_large_image\" \/>\n<meta name=\"twitter:creator\" content=\"@fadertomas\" \/>\n<meta name=\"twitter:site\" content=\"@fadertomas\" \/>\n<meta name=\"twitter:label1\" content=\"Skriven av\" \/>\n\t<meta name=\"twitter:data1\" content=\"Tomas Jarvid\" \/>\n\t<meta name=\"twitter:label2\" content=\"Ber\u00e4knad l\u00e4stid\" \/>\n\t<meta name=\"twitter:data2\" content=\"8 minuter\" \/>\n<script type=\"application\/ld+json\" class=\"yoast-schema-graph\">{\"@context\":\"https:\/\/schema.org\",\"@graph\":[{\"@type\":\"Article\",\"@id\":\"https:\/\/blogg.svenskakyrkan.se\/vandravagen\/2017\/09\/18\/narmare-jesus-narmare-varandra\/#article\",\"isPartOf\":{\"@id\":\"https:\/\/blogg.svenskakyrkan.se\/vandravagen\/2017\/09\/18\/narmare-jesus-narmare-varandra\/\"},\"author\":{\"name\":\"Tomas Jarvid\",\"@id\":\"https:\/\/blogg.svenskakyrkan.se\/vandravagen\/#\/schema\/person\/25da02d4f76b137d04291711e2c9fc16\"},\"headline\":\"N\u00e4rmare Jesus, n\u00e4rmare varandra\",\"datePublished\":\"2017-09-18T05:00:59+00:00\",\"mainEntityOfPage\":{\"@id\":\"https:\/\/blogg.svenskakyrkan.se\/vandravagen\/2017\/09\/18\/narmare-jesus-narmare-varandra\/\"},\"wordCount\":1514,\"commentCount\":0,\"publisher\":{\"@id\":\"https:\/\/blogg.svenskakyrkan.se\/vandravagen\/#organization\"},\"image\":{\"@id\":\"https:\/\/blogg.svenskakyrkan.se\/vandravagen\/2017\/09\/18\/narmare-jesus-narmare-varandra\/#primaryimage\"},\"thumbnailUrl\":\"https:\/\/blogg.svenskakyrkan.se\/vandravagen\/files\/2017\/09\/IMG_2741.jpg\",\"articleSection\":[\"Dagens Kyrka\",\"predikan\"],\"inLanguage\":\"sv-SE\",\"potentialAction\":[{\"@type\":\"CommentAction\",\"name\":\"Comment\",\"target\":[\"https:\/\/blogg.svenskakyrkan.se\/vandravagen\/2017\/09\/18\/narmare-jesus-narmare-varandra\/#respond\"]}]},{\"@type\":\"WebPage\",\"@id\":\"https:\/\/blogg.svenskakyrkan.se\/vandravagen\/2017\/09\/18\/narmare-jesus-narmare-varandra\/\",\"url\":\"https:\/\/blogg.svenskakyrkan.se\/vandravagen\/2017\/09\/18\/narmare-jesus-narmare-varandra\/\",\"name\":\"N\u00e4rmare Jesus, n\u00e4rmare varandra - Vandra V\u00e4gen\",\"isPartOf\":{\"@id\":\"https:\/\/blogg.svenskakyrkan.se\/vandravagen\/#website\"},\"primaryImageOfPage\":{\"@id\":\"https:\/\/blogg.svenskakyrkan.se\/vandravagen\/2017\/09\/18\/narmare-jesus-narmare-varandra\/#primaryimage\"},\"image\":{\"@id\":\"https:\/\/blogg.svenskakyrkan.se\/vandravagen\/2017\/09\/18\/narmare-jesus-narmare-varandra\/#primaryimage\"},\"thumbnailUrl\":\"https:\/\/blogg.svenskakyrkan.se\/vandravagen\/files\/2017\/09\/IMG_2741.jpg\",\"datePublished\":\"2017-09-18T05:00:59+00:00\",\"breadcrumb\":{\"@id\":\"https:\/\/blogg.svenskakyrkan.se\/vandravagen\/2017\/09\/18\/narmare-jesus-narmare-varandra\/#breadcrumb\"},\"inLanguage\":\"sv-SE\",\"potentialAction\":[{\"@type\":\"ReadAction\",\"target\":[\"https:\/\/blogg.svenskakyrkan.se\/vandravagen\/2017\/09\/18\/narmare-jesus-narmare-varandra\/\"]}]},{\"@type\":\"ImageObject\",\"inLanguage\":\"sv-SE\",\"@id\":\"https:\/\/blogg.svenskakyrkan.se\/vandravagen\/2017\/09\/18\/narmare-jesus-narmare-varandra\/#primaryimage\",\"url\":\"https:\/\/blogg.svenskakyrkan.se\/vandravagen\/files\/2017\/09\/IMG_2741.jpg\",\"contentUrl\":\"https:\/\/blogg.svenskakyrkan.se\/vandravagen\/files\/2017\/09\/IMG_2741.jpg\",\"width\":1584,\"height\":888,\"caption\":\"Samlade kring dopfunten. N\u00e4rmare Jesus \u00e4r vi n\u00e4rmare varandra.\"},{\"@type\":\"BreadcrumbList\",\"@id\":\"https:\/\/blogg.svenskakyrkan.se\/vandravagen\/2017\/09\/18\/narmare-jesus-narmare-varandra\/#breadcrumb\",\"itemListElement\":[{\"@type\":\"ListItem\",\"position\":1,\"name\":\"Hem\",\"item\":\"https:\/\/blogg.svenskakyrkan.se\/vandravagen\/\"},{\"@type\":\"ListItem\",\"position\":2,\"name\":\"N\u00e4rmare Jesus, n\u00e4rmare varandra\"}]},{\"@type\":\"WebSite\",\"@id\":\"https:\/\/blogg.svenskakyrkan.se\/vandravagen\/#website\",\"url\":\"https:\/\/blogg.svenskakyrkan.se\/vandravagen\/\",\"name\":\"Vandra V\u00e4gen\",\"description\":\"-Mot en tro f\u00f6r hela livet\",\"publisher\":{\"@id\":\"https:\/\/blogg.svenskakyrkan.se\/vandravagen\/#organization\"},\"potentialAction\":[{\"@type\":\"SearchAction\",\"target\":{\"@type\":\"EntryPoint\",\"urlTemplate\":\"https:\/\/blogg.svenskakyrkan.se\/vandravagen\/?s={search_term_string}\"},\"query-input\":{\"@type\":\"PropertyValueSpecification\",\"valueRequired\":true,\"valueName\":\"search_term_string\"}}],\"inLanguage\":\"sv-SE\"},{\"@type\":\"Organization\",\"@id\":\"https:\/\/blogg.svenskakyrkan.se\/vandravagen\/#organization\",\"name\":\"ulricehamns pastorat\",\"alternateName\":\"ulricehamns pastorat\",\"url\":\"https:\/\/blogg.svenskakyrkan.se\/vandravagen\/\",\"logo\":{\"@type\":\"ImageObject\",\"inLanguage\":\"sv-SE\",\"@id\":\"https:\/\/blogg.svenskakyrkan.se\/vandravagen\/#\/schema\/logo\/image\/\",\"url\":\"https:\/\/blogg.svenskakyrkan.se\/vandravagen\/files\/2023\/05\/Ulr_logo_RGB.png\",\"contentUrl\":\"https:\/\/blogg.svenskakyrkan.se\/vandravagen\/files\/2023\/05\/Ulr_logo_RGB.png\",\"width\":205,\"height\":77,\"caption\":\"ulricehamns pastorat\"},\"image\":{\"@id\":\"https:\/\/blogg.svenskakyrkan.se\/vandravagen\/#\/schema\/logo\/image\/\"},\"sameAs\":[\"http:\/\/facebook.com\/vandravagen\",\"https:\/\/x.com\/fadertomas\",\"http:\/\/www.facebook.com\/svenskakyrkaniulricehamn\"]},{\"@type\":\"Person\",\"@id\":\"https:\/\/blogg.svenskakyrkan.se\/vandravagen\/#\/schema\/person\/25da02d4f76b137d04291711e2c9fc16\",\"name\":\"Tomas Jarvid\",\"image\":{\"@type\":\"ImageObject\",\"inLanguage\":\"sv-SE\",\"@id\":\"https:\/\/blogg.svenskakyrkan.se\/vandravagen\/#\/schema\/person\/image\/\",\"url\":\"https:\/\/secure.gravatar.com\/avatar\/7fa71899795e8f540f615a1f5ab25255dc27aa40f05ee7ddd21aac521e01bf50?s=96&d=identicon&r=g\",\"contentUrl\":\"https:\/\/secure.gravatar.com\/avatar\/7fa71899795e8f540f615a1f5ab25255dc27aa40f05ee7ddd21aac521e01bf50?s=96&d=identicon&r=g\",\"caption\":\"Tomas Jarvid\"},\"description\":\"Jag bor i Ulricehamn i V\u00e4sterg\u00f6tland och \u00e4r f\u00f6rsamlingspr\u00e4st i Svenska Kyrkan f\u00f6r Dalstorps f\u00f6rsamling i Kinds pastorat. P\u00e5 den h\u00e4r bloggen skriver jag ner tankar om vandringen som kristen.\",\"sameAs\":[\"http:\/\/www.vandravagen.se\"],\"url\":\"https:\/\/blogg.svenskakyrkan.se\/vandravagen\/author\/vandravagen\/\"}]}<\/script>\n<!-- \/ Yoast SEO plugin. -->","yoast_head_json":{"title":"N\u00e4rmare Jesus, n\u00e4rmare varandra - Vandra V\u00e4gen","robots":{"index":"index","follow":"follow","max-snippet":"max-snippet:-1","max-image-preview":"max-image-preview:large","max-video-preview":"max-video-preview:-1"},"canonical":"https:\/\/blogg.svenskakyrkan.se\/vandravagen\/2017\/09\/18\/narmare-jesus-narmare-varandra\/","og_locale":"sv_SE","og_type":"article","og_title":"N\u00e4rmare Jesus, n\u00e4rmare varandra - Vandra V\u00e4gen","og_description":"Jag ber\u00f6r kyrkovalet n\u00e5got i min predikan och har funderat p\u00e5 om det var bra eller d\u00e5ligt. N\u00e5gra st\u00e4llningstaganden f\u00f6r n\u00e5got parti \u00e4r det f\u00f6rst\u00e5s inte tal om, bara en stilla p\u00e5minnelse om att detta med att se p\u00e5 varandra som motst\u00e5ndare snarare \u00e4n som trossyskon inte \u00e4r s\u00e4rskilt kristligt. Sen kom jag in p\u00e5 [&hellip;]","og_url":"https:\/\/blogg.svenskakyrkan.se\/vandravagen\/2017\/09\/18\/narmare-jesus-narmare-varandra\/","og_site_name":"Vandra V\u00e4gen","article_publisher":"http:\/\/facebook.com\/vandravagen","article_published_time":"2017-09-18T05:00:59+00:00","author":"Tomas Jarvid","twitter_card":"summary_large_image","twitter_creator":"@fadertomas","twitter_site":"@fadertomas","twitter_misc":{"Skriven av":"Tomas Jarvid","Ber\u00e4knad l\u00e4stid":"8 minuter"},"schema":{"@context":"https:\/\/schema.org","@graph":[{"@type":"Article","@id":"https:\/\/blogg.svenskakyrkan.se\/vandravagen\/2017\/09\/18\/narmare-jesus-narmare-varandra\/#article","isPartOf":{"@id":"https:\/\/blogg.svenskakyrkan.se\/vandravagen\/2017\/09\/18\/narmare-jesus-narmare-varandra\/"},"author":{"name":"Tomas Jarvid","@id":"https:\/\/blogg.svenskakyrkan.se\/vandravagen\/#\/schema\/person\/25da02d4f76b137d04291711e2c9fc16"},"headline":"N\u00e4rmare Jesus, n\u00e4rmare varandra","datePublished":"2017-09-18T05:00:59+00:00","mainEntityOfPage":{"@id":"https:\/\/blogg.svenskakyrkan.se\/vandravagen\/2017\/09\/18\/narmare-jesus-narmare-varandra\/"},"wordCount":1514,"commentCount":0,"publisher":{"@id":"https:\/\/blogg.svenskakyrkan.se\/vandravagen\/#organization"},"image":{"@id":"https:\/\/blogg.svenskakyrkan.se\/vandravagen\/2017\/09\/18\/narmare-jesus-narmare-varandra\/#primaryimage"},"thumbnailUrl":"https:\/\/blogg.svenskakyrkan.se\/vandravagen\/files\/2017\/09\/IMG_2741.jpg","articleSection":["Dagens Kyrka","predikan"],"inLanguage":"sv-SE","potentialAction":[{"@type":"CommentAction","name":"Comment","target":["https:\/\/blogg.svenskakyrkan.se\/vandravagen\/2017\/09\/18\/narmare-jesus-narmare-varandra\/#respond"]}]},{"@type":"WebPage","@id":"https:\/\/blogg.svenskakyrkan.se\/vandravagen\/2017\/09\/18\/narmare-jesus-narmare-varandra\/","url":"https:\/\/blogg.svenskakyrkan.se\/vandravagen\/2017\/09\/18\/narmare-jesus-narmare-varandra\/","name":"N\u00e4rmare Jesus, n\u00e4rmare varandra - Vandra V\u00e4gen","isPartOf":{"@id":"https:\/\/blogg.svenskakyrkan.se\/vandravagen\/#website"},"primaryImageOfPage":{"@id":"https:\/\/blogg.svenskakyrkan.se\/vandravagen\/2017\/09\/18\/narmare-jesus-narmare-varandra\/#primaryimage"},"image":{"@id":"https:\/\/blogg.svenskakyrkan.se\/vandravagen\/2017\/09\/18\/narmare-jesus-narmare-varandra\/#primaryimage"},"thumbnailUrl":"https:\/\/blogg.svenskakyrkan.se\/vandravagen\/files\/2017\/09\/IMG_2741.jpg","datePublished":"2017-09-18T05:00:59+00:00","breadcrumb":{"@id":"https:\/\/blogg.svenskakyrkan.se\/vandravagen\/2017\/09\/18\/narmare-jesus-narmare-varandra\/#breadcrumb"},"inLanguage":"sv-SE","potentialAction":[{"@type":"ReadAction","target":["https:\/\/blogg.svenskakyrkan.se\/vandravagen\/2017\/09\/18\/narmare-jesus-narmare-varandra\/"]}]},{"@type":"ImageObject","inLanguage":"sv-SE","@id":"https:\/\/blogg.svenskakyrkan.se\/vandravagen\/2017\/09\/18\/narmare-jesus-narmare-varandra\/#primaryimage","url":"https:\/\/blogg.svenskakyrkan.se\/vandravagen\/files\/2017\/09\/IMG_2741.jpg","contentUrl":"https:\/\/blogg.svenskakyrkan.se\/vandravagen\/files\/2017\/09\/IMG_2741.jpg","width":1584,"height":888,"caption":"Samlade kring dopfunten. N\u00e4rmare Jesus \u00e4r vi n\u00e4rmare varandra."},{"@type":"BreadcrumbList","@id":"https:\/\/blogg.svenskakyrkan.se\/vandravagen\/2017\/09\/18\/narmare-jesus-narmare-varandra\/#breadcrumb","itemListElement":[{"@type":"ListItem","position":1,"name":"Hem","item":"https:\/\/blogg.svenskakyrkan.se\/vandravagen\/"},{"@type":"ListItem","position":2,"name":"N\u00e4rmare Jesus, n\u00e4rmare varandra"}]},{"@type":"WebSite","@id":"https:\/\/blogg.svenskakyrkan.se\/vandravagen\/#website","url":"https:\/\/blogg.svenskakyrkan.se\/vandravagen\/","name":"Vandra V\u00e4gen","description":"-Mot en tro f\u00f6r hela livet","publisher":{"@id":"https:\/\/blogg.svenskakyrkan.se\/vandravagen\/#organization"},"potentialAction":[{"@type":"SearchAction","target":{"@type":"EntryPoint","urlTemplate":"https:\/\/blogg.svenskakyrkan.se\/vandravagen\/?s={search_term_string}"},"query-input":{"@type":"PropertyValueSpecification","valueRequired":true,"valueName":"search_term_string"}}],"inLanguage":"sv-SE"},{"@type":"Organization","@id":"https:\/\/blogg.svenskakyrkan.se\/vandravagen\/#organization","name":"ulricehamns pastorat","alternateName":"ulricehamns pastorat","url":"https:\/\/blogg.svenskakyrkan.se\/vandravagen\/","logo":{"@type":"ImageObject","inLanguage":"sv-SE","@id":"https:\/\/blogg.svenskakyrkan.se\/vandravagen\/#\/schema\/logo\/image\/","url":"https:\/\/blogg.svenskakyrkan.se\/vandravagen\/files\/2023\/05\/Ulr_logo_RGB.png","contentUrl":"https:\/\/blogg.svenskakyrkan.se\/vandravagen\/files\/2023\/05\/Ulr_logo_RGB.png","width":205,"height":77,"caption":"ulricehamns pastorat"},"image":{"@id":"https:\/\/blogg.svenskakyrkan.se\/vandravagen\/#\/schema\/logo\/image\/"},"sameAs":["http:\/\/facebook.com\/vandravagen","https:\/\/x.com\/fadertomas","http:\/\/www.facebook.com\/svenskakyrkaniulricehamn"]},{"@type":"Person","@id":"https:\/\/blogg.svenskakyrkan.se\/vandravagen\/#\/schema\/person\/25da02d4f76b137d04291711e2c9fc16","name":"Tomas Jarvid","image":{"@type":"ImageObject","inLanguage":"sv-SE","@id":"https:\/\/blogg.svenskakyrkan.se\/vandravagen\/#\/schema\/person\/image\/","url":"https:\/\/secure.gravatar.com\/avatar\/7fa71899795e8f540f615a1f5ab25255dc27aa40f05ee7ddd21aac521e01bf50?s=96&d=identicon&r=g","contentUrl":"https:\/\/secure.gravatar.com\/avatar\/7fa71899795e8f540f615a1f5ab25255dc27aa40f05ee7ddd21aac521e01bf50?s=96&d=identicon&r=g","caption":"Tomas Jarvid"},"description":"Jag bor i Ulricehamn i V\u00e4sterg\u00f6tland och \u00e4r f\u00f6rsamlingspr\u00e4st i Svenska Kyrkan f\u00f6r Dalstorps f\u00f6rsamling i Kinds pastorat. P\u00e5 den h\u00e4r bloggen skriver jag ner tankar om vandringen som kristen.","sameAs":["http:\/\/www.vandravagen.se"],"url":"https:\/\/blogg.svenskakyrkan.se\/vandravagen\/author\/vandravagen\/"}]}},"author_meta":{"ID":"392","user_nicename":"vandravagen","user_url":"http:\/\/www.vandravagen.se","user_registered":"2014-05-19 05:44:52","display_name":"Tomas Jarvid","first_name":"Tomas","last_name":"Jarvid","avatar":"https:\/\/secure.gravatar.com\/avatar\/7fa71899795e8f540f615a1f5ab25255dc27aa40f05ee7ddd21aac521e01bf50?s=96&d=identicon&r=g"},"featured_image":["https:\/\/blogg.svenskakyrkan.se\/vandravagen\/files\/2017\/09\/IMG_2741-1024x574.jpg",1024,574,true],"bloginfo":{"name":"Vandra V\u00e4gen","url":"https:\/\/blogg.svenskakyrkan.se\/vandravagen"},"_links":{"self":[{"href":"https:\/\/blogg.svenskakyrkan.se\/vandravagen\/wp-json\/wp\/v2\/posts\/5913","targetHints":{"allow":["GET"]}}],"collection":[{"href":"https:\/\/blogg.svenskakyrkan.se\/vandravagen\/wp-json\/wp\/v2\/posts"}],"about":[{"href":"https:\/\/blogg.svenskakyrkan.se\/vandravagen\/wp-json\/wp\/v2\/types\/post"}],"author":[{"embeddable":true,"href":"https:\/\/blogg.svenskakyrkan.se\/vandravagen\/wp-json\/wp\/v2\/users\/392"}],"replies":[{"embeddable":true,"href":"https:\/\/blogg.svenskakyrkan.se\/vandravagen\/wp-json\/wp\/v2\/comments?post=5913"}],"version-history":[{"count":2,"href":"https:\/\/blogg.svenskakyrkan.se\/vandravagen\/wp-json\/wp\/v2\/posts\/5913\/revisions"}],"predecessor-version":[{"id":5916,"href":"https:\/\/blogg.svenskakyrkan.se\/vandravagen\/wp-json\/wp\/v2\/posts\/5913\/revisions\/5916"}],"wp:featuredmedia":[{"embeddable":true,"href":"https:\/\/blogg.svenskakyrkan.se\/vandravagen\/wp-json\/wp\/v2\/media\/5915"}],"wp:attachment":[{"href":"https:\/\/blogg.svenskakyrkan.se\/vandravagen\/wp-json\/wp\/v2\/media?parent=5913"}],"wp:term":[{"taxonomy":"category","embeddable":true,"href":"https:\/\/blogg.svenskakyrkan.se\/vandravagen\/wp-json\/wp\/v2\/categories?post=5913"},{"taxonomy":"post_tag","embeddable":true,"href":"https:\/\/blogg.svenskakyrkan.se\/vandravagen\/wp-json\/wp\/v2\/tags?post=5913"}],"curies":[{"name":"wp","href":"https:\/\/api.w.org\/{rel}","templated":true}]}}