{"id":593,"date":"2013-04-29T08:50:00","date_gmt":"2013-04-29T06:50:00","guid":{"rendered":"http:\/\/blogg.svenskakyrkan.se\/vandravagen\/2013\/04\/29\/veckans-favorittweets-samlade-2\/"},"modified":"2013-04-29T08:50:00","modified_gmt":"2013-04-29T06:50:00","slug":"veckans-favorittweets-samlade-2","status":"publish","type":"post","link":"https:\/\/blogg.svenskakyrkan.se\/vandravagen\/2013\/04\/29\/veckans-favorittweets-samlade-2\/","title":{"rendered":"Veckans favorittweets samlade!"},"content":{"rendered":"<div>\u00c4ntligen m\u00e5ndag! Ledig dag f\u00f6r pr\u00e4sten och dags att se tillbaka p\u00e5 guldkornen fr\u00e5n f\u00f6rra veckans twitterfl\u00f6de<\/div>\n<div><\/div>\n<div><\/div>\n<div><b>Kristna (&#8221;<a href=\"http:\/\/www.vandravagen.se\/2013\/04\/vad-betyder-det-att-vara-from.html\">fromma\u2122<\/a>&#8221;) tweets<\/b><\/div>\n<div><\/div>\n<div><\/div>\n<div>Jesuitenpr\u00e4sten och evolutionsbiologen de Chardin skriver:<\/div>\n<div><a href=\"http:\/\/1.bp.blogspot.com\/-r5zGsT2kToY\/UX4Ia5ezg4I\/AAAAAAAADP0\/BnMxKwiBWAQ\/s1600\/universeprays.jpg\"><img loading=\"lazy\" decoding=\"async\" border=\"0\" height=\"52\" src=\"http:\/\/1.bp.blogspot.com\/-r5zGsT2kToY\/UX4Ia5ezg4I\/AAAAAAAADP0\/BnMxKwiBWAQ\/s400\/universeprays.jpg\" width=\"400\"><\/a><\/div>\n<div><\/div>\n<div><\/div>\n<div><\/div>\n<div><a href=\"http:\/\/2.bp.blogspot.com\/-2z4NbsKMHlc\/UX4INeaIphI\/AAAAAAAADOE\/8ZdhRJUZOao\/s1600\/faith.jpg\"><img loading=\"lazy\" decoding=\"async\" border=\"0\" height=\"110\" src=\"http:\/\/2.bp.blogspot.com\/-2z4NbsKMHlc\/UX4INeaIphI\/AAAAAAAADOE\/8ZdhRJUZOao\/s400\/faith.jpg\" width=\"400\"><\/a><\/div>\n<div><\/div>\n<div><\/div>\n<div><\/div>\n<div><a href=\"http:\/\/1.bp.blogspot.com\/-GzBFUduaJUc\/UX4IFvuUJtI\/AAAAAAAADNY\/IiI7JM-9Fo0\/s1600\/beka%CC%88nna.jpg\"><img loading=\"lazy\" decoding=\"async\" border=\"0\" height=\"70\" src=\"http:\/\/1.bp.blogspot.com\/-GzBFUduaJUc\/UX4IFvuUJtI\/AAAAAAAADNY\/IiI7JM-9Fo0\/s400\/beka%CC%88nna.jpg\" width=\"400\"><\/a><\/div>\n<div><\/div>\n<div><\/div>\n<div><\/div>\n<div><a href=\"http:\/\/1.bp.blogspot.com\/-I4VIt7Dvtso\/UX4IGpjceTI\/AAAAAAAADNc\/IDtBveVoNsQ\/s1600\/deguda%CC%88lskar.jpg\"><img loading=\"lazy\" decoding=\"async\" border=\"0\" height=\"56\" src=\"http:\/\/1.bp.blogspot.com\/-I4VIt7Dvtso\/UX4IGpjceTI\/AAAAAAAADNc\/IDtBveVoNsQ\/s400\/deguda%CC%88lskar.jpg\" width=\"400\"><\/a><\/div>\n<div><\/div>\n<div><\/div>\n<div><\/div>\n<div><a href=\"http:\/\/4.bp.blogspot.com\/-YcTxFsPpdvA\/UX4IRGUEivI\/AAAAAAAADOg\/Kf1740vviuI\/s1600\/ingaflerbo%CC%88rdor.jpg\"><img loading=\"lazy\" decoding=\"async\" border=\"0\" height=\"81\" src=\"http:\/\/4.bp.blogspot.com\/-YcTxFsPpdvA\/UX4IRGUEivI\/AAAAAAAADOg\/Kf1740vviuI\/s400\/ingaflerbo%CC%88rdor.jpg\" width=\"400\"><\/a><\/div>\n<div><\/div>\n<div><\/div>\n<div><a href=\"http:\/\/2.bp.blogspot.com\/-8SLQsQEeMI0\/UX4IQjcuHxI\/AAAAAAAADOY\/9LDwFAHntoQ\/s1600\/opa%CC%8Alitlig.jpg\"><img loading=\"lazy\" decoding=\"async\" border=\"0\" height=\"70\" src=\"http:\/\/2.bp.blogspot.com\/-8SLQsQEeMI0\/UX4IQjcuHxI\/AAAAAAAADOY\/9LDwFAHntoQ\/s400\/opa%CC%8Alitlig.jpg\" width=\"400\"><\/a><\/div>\n<div><\/div>\n<div><\/div>\n<div><a href=\"http:\/\/1.bp.blogspot.com\/-7ya49A4qNiA\/UX4IUYRlorI\/AAAAAAAADO4\/iBPqQh3Jkb4\/s1600\/pra%CC%88stkyrka.jpg\"><img loading=\"lazy\" decoding=\"async\" border=\"0\" height=\"85\" src=\"http:\/\/1.bp.blogspot.com\/-7ya49A4qNiA\/UX4IUYRlorI\/AAAAAAAADO4\/iBPqQh3Jkb4\/s400\/pra%CC%88stkyrka.jpg\" width=\"400\"><\/a><\/div>\n<div>Allm\u00e4nna pr\u00e4stad\u00f6met = att varje d\u00f6pt \u00e4r likv\u00e4rdig medlem i kyrkan<\/div>\n<div><\/div>\n<div><\/div>\n<div><b>Kloka tweets<\/b><\/div>\n<div><b><br \/><\/b><\/div>\n<div><b><br \/><\/b><\/div>\n<div><a href=\"http:\/\/4.bp.blogspot.com\/-dnY-98aaYjs\/UX4ID-zh4RI\/AAAAAAAADNE\/Ws6w7esFfCc\/s1600\/a%CC%88rdetdua%CC%88lskar.jpg\"><img loading=\"lazy\" decoding=\"async\" border=\"0\" height=\"77\" src=\"http:\/\/4.bp.blogspot.com\/-dnY-98aaYjs\/UX4ID-zh4RI\/AAAAAAAADNE\/Ws6w7esFfCc\/s400\/a%CC%88rdetdua%CC%88lskar.jpg\" width=\"400\"><\/a><\/div>\n<div><\/div>\n<div><\/div>\n<div><\/div>\n<div><a href=\"http:\/\/2.bp.blogspot.com\/-QONPGilAIMc\/UX4IG5smnQI\/AAAAAAAADNg\/R2E-8OGx6NY\/s1600\/confidence.jpg\"><img loading=\"lazy\" decoding=\"async\" border=\"0\" height=\"56\" src=\"http:\/\/2.bp.blogspot.com\/-QONPGilAIMc\/UX4IG5smnQI\/AAAAAAAADNg\/R2E-8OGx6NY\/s400\/confidence.jpg\" width=\"400\"><\/a><\/div>\n<div><\/div>\n<div><\/div>\n<div>Och h\u00e4r n\u00e5got utmanande!<\/div>\n<div><a href=\"http:\/\/4.bp.blogspot.com\/-nxsQPqo8xms\/UX4IKhky1AI\/AAAAAAAADN4\/lSx8R3USMkM\/s1600\/egenbetydelse.jpg\"><img loading=\"lazy\" decoding=\"async\" border=\"0\" height=\"81\" src=\"http:\/\/4.bp.blogspot.com\/-nxsQPqo8xms\/UX4IKhky1AI\/AAAAAAAADN4\/lSx8R3USMkM\/s400\/egenbetydelse.jpg\" width=\"400\"><\/a><\/div>\n<div><\/div>\n<div><\/div>\n<div><a href=\"http:\/\/2.bp.blogspot.com\/-moKsxcns_Fw\/UX4IItWBGMI\/AAAAAAAADNw\/8Hr8N_OzAYg\/s1600\/do%CC%88denpushnotis.jpg\"><img loading=\"lazy\" decoding=\"async\" border=\"0\" height=\"73\" src=\"http:\/\/2.bp.blogspot.com\/-moKsxcns_Fw\/UX4IItWBGMI\/AAAAAAAADNw\/8Hr8N_OzAYg\/s400\/do%CC%88denpushnotis.jpg\" width=\"400\"><\/a><\/div>\n<div><\/div>\n<div><\/div>\n<div><a href=\"http:\/\/4.bp.blogspot.com\/-nmQ-kG6up6Y\/UX4INeoJRaI\/AAAAAAAADOI\/kmd55y406fY\/s1600\/felfri.jpg\"><img loading=\"lazy\" decoding=\"async\" border=\"0\" height=\"70\" src=\"http:\/\/4.bp.blogspot.com\/-nmQ-kG6up6Y\/UX4INeoJRaI\/AAAAAAAADOI\/kmd55y406fY\/s400\/felfri.jpg\" width=\"400\"><\/a><\/div>\n<div><\/div>\n<div><\/div>\n<div>Det h\u00e4r kan jag k\u00e4nna igen mig i<\/div>\n<div><a href=\"http:\/\/1.bp.blogspot.com\/-plHsmJ4m-LM\/UX4IUVKJzeI\/AAAAAAAADO8\/hb5JvzvJYPA\/s1600\/pastorsface.jpg\"><img loading=\"lazy\" decoding=\"async\" border=\"0\" height=\"71\" src=\"http:\/\/1.bp.blogspot.com\/-plHsmJ4m-LM\/UX4IUVKJzeI\/AAAAAAAADO8\/hb5JvzvJYPA\/s400\/pastorsface.jpg\" width=\"400\"><\/a><\/div>\n<div><\/div>\n<div><\/div>\n<div><a href=\"http:\/\/4.bp.blogspot.com\/-yx3XaeE_zlY\/UX4IYBgMkII\/AAAAAAAADPY\/VyRsD9z8DC8\/s1600\/slo%CC%88sadtid.jpg\"><img loading=\"lazy\" decoding=\"async\" border=\"0\" height=\"71\" src=\"http:\/\/4.bp.blogspot.com\/-yx3XaeE_zlY\/UX4IYBgMkII\/AAAAAAAADPY\/VyRsD9z8DC8\/s400\/slo%CC%88sadtid.jpg\" width=\"400\"><\/a><\/div>\n<div><\/div>\n<div><\/div>\n<div><a href=\"http:\/\/4.bp.blogspot.com\/-mSiZymM6uE8\/UX4IbpP2XSI\/AAAAAAAADP8\/j8ER4k_NrXg\/s1600\/unnasig.jpg\"><img loading=\"lazy\" decoding=\"async\" border=\"0\" height=\"72\" src=\"http:\/\/4.bp.blogspot.com\/-mSiZymM6uE8\/UX4IbpP2XSI\/AAAAAAAADP8\/j8ER4k_NrXg\/s400\/unnasig.jpg\" width=\"400\"><\/a><\/div>\n<div><\/div>\n<div><\/div>\n<div><a href=\"http:\/\/4.bp.blogspot.com\/-H_I1x7-Qg3s\/UX4IZKZ78qI\/AAAAAAAADPg\/mZFLs4HBBi0\/s1600\/slutatlyssna.jpg\"><img loading=\"lazy\" decoding=\"async\" border=\"0\" height=\"70\" src=\"http:\/\/4.bp.blogspot.com\/-H_I1x7-Qg3s\/UX4IZKZ78qI\/AAAAAAAADPg\/mZFLs4HBBi0\/s400\/slutatlyssna.jpg\" width=\"400\"><\/a><\/div>\n<div><\/div>\n<div><\/div>\n<div><\/div>\n<div><\/div>\n<div><b>F\u00f6r\u00e4ldraskapstweets<\/b><\/div>\n<div><\/div>\n<div><\/div>\n<div><a href=\"http:\/\/1.bp.blogspot.com\/-4XpCLBq_Z-E\/UX4ID8paQWI\/AAAAAAAADNI\/RlVNUQrqF-w\/s1600\/a%CC%88lskadebarn.jpg\"><img loading=\"lazy\" decoding=\"async\" border=\"0\" height=\"95\" src=\"http:\/\/1.bp.blogspot.com\/-4XpCLBq_Z-E\/UX4ID8paQWI\/AAAAAAAADNI\/RlVNUQrqF-w\/s400\/a%CC%88lskadebarn.jpg\" width=\"400\"><\/a><\/div>\n<div>Fint skrivet, f\u00e5r mig att t\u00e4nka p\u00e5 vikten av god <a href=\"http:\/\/www.vandravagen.se\/2013\/02\/ordet-anknytning-en-riktig-ogonoppnare.html\">anknytning<\/a>\u00a0och <a href=\"http:\/\/www.vandravagen.se\/2013\/04\/7-principer-for-barnuppfostran-enligt.html\">Neufelds ideer om barnuppfostran<\/a><\/div>\n<div><\/div>\n<div>Och s\u00e5 h\u00e4r kan det ocks\u00e5 vara&#8230;<\/div>\n<div><a href=\"http:\/\/1.bp.blogspot.com\/-qTIXcZjEg38\/UX4ISsfhdcI\/AAAAAAAADOw\/zT9Bzt4V5dI\/s1600\/parent.jpg\"><img loading=\"lazy\" decoding=\"async\" border=\"0\" height=\"71\" src=\"http:\/\/1.bp.blogspot.com\/-qTIXcZjEg38\/UX4ISsfhdcI\/AAAAAAAADOw\/zT9Bzt4V5dI\/s400\/parent.jpg\" width=\"400\"><\/a><\/div>\n<\/p>\n<div><\/div>\n<\/p>\n<div><b>Roliga tweets!<\/b><\/div>\n<div><\/div>\n<div><\/div>\n<div><a href=\"http:\/\/1.bp.blogspot.com\/-xYTQqjXJEbs\/UX4IQgxhv1I\/AAAAAAAADOc\/Qf9ia_wm0ZU\/s1600\/glass.jpg\"><img loading=\"lazy\" decoding=\"async\" border=\"0\" height=\"61\" src=\"http:\/\/1.bp.blogspot.com\/-xYTQqjXJEbs\/UX4IQgxhv1I\/AAAAAAAADOc\/Qf9ia_wm0ZU\/s400\/glass.jpg\" width=\"400\"><\/a><\/div>\n<div><\/div>\n<div><\/div>\n<div>Roligt och roligt, det h\u00e4r tycker jag var galet roligt. \u00a0Fl\u00e4msl\u00e4tt ligger ju inte l\u00e5ngt h\u00e4rifr\u00e5n:<\/div>\n<div><a href=\"http:\/\/1.bp.blogspot.com\/-3N5U1o0eS5o\/UX4IM4KEqmI\/AAAAAAAADOA\/tLms5JX5Wzk\/s1600\/fla%CC%88msla%CC%88tt.jpg\"><img loading=\"lazy\" decoding=\"async\" border=\"0\" height=\"72\" src=\"http:\/\/1.bp.blogspot.com\/-3N5U1o0eS5o\/UX4IM4KEqmI\/AAAAAAAADOA\/tLms5JX5Wzk\/s400\/fla%CC%88msla%CC%88tt.jpg\" width=\"400\"><\/a><\/div>\n<div><\/div>\n<div><\/div>\n<div>\u00a0Ranelid \u00e4r alltid rolig<\/div>\n<div><a href=\"http:\/\/4.bp.blogspot.com\/-Qnrn0VxX-EY\/UX4IVdURveI\/AAAAAAAADPA\/TRXUVkUk-hI\/s1600\/ranelidsbror.jpg\"><img loading=\"lazy\" decoding=\"async\" border=\"0\" height=\"82\" src=\"http:\/\/4.bp.blogspot.com\/-Qnrn0VxX-EY\/UX4IVdURveI\/AAAAAAAADPA\/TRXUVkUk-hI\/s400\/ranelidsbror.jpg\" width=\"400\"><\/a><\/div>\n<div><\/div>\n<div><\/div>\n<div>\u00a0Och det h\u00e4r&#8230; hur m\u00e5nga av v\u00e5ra principer \u00e4r bara l\u00e4pparnas bek\u00e4nnelse?<\/div>\n<div><a href=\"http:\/\/4.bp.blogspot.com\/-Ds2mke7S9VE\/UX4IWyU923I\/AAAAAAAADPQ\/WCFqW0YvfIY\/s1600\/republikan.jpg\"><img loading=\"lazy\" decoding=\"async\" border=\"0\" height=\"87\" src=\"http:\/\/4.bp.blogspot.com\/-Ds2mke7S9VE\/UX4IWyU923I\/AAAAAAAADPQ\/WCFqW0YvfIY\/s400\/republikan.jpg\" width=\"400\"><\/a><\/div>\n<div><\/div>\n<div>\u00a0Amen!<\/div>\n<div><a href=\"http:\/\/4.bp.blogspot.com\/-9P-t611mnSk\/UX4IX2iBLYI\/AAAAAAAADPc\/UD90Z2FofwY\/s1600\/seriernashelande.jpg\"><img loading=\"lazy\" decoding=\"async\" border=\"0\" height=\"56\" src=\"http:\/\/4.bp.blogspot.com\/-9P-t611mnSk\/UX4IX2iBLYI\/AAAAAAAADPc\/UD90Z2FofwY\/s400\/seriernashelande.jpg\" width=\"400\"><\/a><\/div>\n<\/p>\n<div><\/div>\n<\/p>\n<div><a href=\"http:\/\/4.bp.blogspot.com\/-WBnZeLzHtlc\/UX4IakM9dcI\/AAAAAAAADPw\/HnnhrORi_cQ\/s1600\/tomhet.jpg\"><img loading=\"lazy\" decoding=\"async\" border=\"0\" height=\"85\" src=\"http:\/\/4.bp.blogspot.com\/-WBnZeLzHtlc\/UX4IakM9dcI\/AAAAAAAADPw\/HnnhrORi_cQ\/s400\/tomhet.jpg\" width=\"400\"><\/a><\/div>\n<div><a href=\"http:\/\/3.bp.blogspot.com\/-46FWhc-QySs\/UX4Ic-IksvI\/AAAAAAAADQE\/JDeg9FewWrU\/s1600\/wolltersnusk.jpg\"><img loading=\"lazy\" decoding=\"async\" border=\"0\" height=\"70\" src=\"http:\/\/3.bp.blogspot.com\/-46FWhc-QySs\/UX4Ic-IksvI\/AAAAAAAADQE\/JDeg9FewWrU\/s400\/wolltersnusk.jpg\" width=\"400\"><\/a><\/div>\n<div><\/div>\n<div><\/div>\n<div><\/div>\n<div><\/div>\n<div><b>Veckans b\u00e4sta tweet\u00a0<\/b><\/div>\n<div>st\u00e5r ocks\u00e5 @stinawollter f\u00f6r, oerh\u00f6rt viktigt!<\/div>\n<div><\/div>\n<div><\/div>\n<div><a href=\"http:\/\/2.bp.blogspot.com\/-_dn-zlm9mOg\/UX4IDaHe3lI\/AAAAAAAADNA\/pHBb49L9sEU\/s1600\/barnetinom.jpg\"><img loading=\"lazy\" decoding=\"async\" border=\"0\" height=\"72\" src=\"http:\/\/2.bp.blogspot.com\/-_dn-zlm9mOg\/UX4IDaHe3lI\/AAAAAAAADNA\/pHBb49L9sEU\/s400\/barnetinom.jpg\" width=\"400\"><\/a><\/div><\/p>\n","protected":false},"excerpt":{"rendered":"<p>\u00c4ntligen m\u00e5ndag! Ledig dag f\u00f6r pr\u00e4sten och dags att se tillbaka p\u00e5 guldkornen fr\u00e5n f\u00f6rra veckans twitterfl\u00f6de Kristna (&#8221;fromma\u2122&#8221;) tweets Jesuitenpr\u00e4sten och evolutionsbiologen de Chardin skriver: Allm\u00e4nna pr\u00e4stad\u00f6met = att varje d\u00f6pt \u00e4r likv\u00e4rdig medlem i kyrkan Kloka tweets Och h\u00e4r n\u00e5got utmanande! Det h\u00e4r kan jag k\u00e4nna igen mig i F\u00f6r\u00e4ldraskapstweets Fint skrivet, f\u00e5r [&hellip;]<\/p>\n","protected":false},"author":392,"featured_media":0,"comment_status":"open","ping_status":"open","sticky":false,"template":"","format":"standard","meta":{"_acf_changed":false,"footnotes":""},"categories":[76766],"tags":[],"class_list":["post-593","post","type-post","status-publish","format-standard","hentry","category-blandat"],"acf":[],"yoast_head":"<!-- This site is optimized with the Yoast SEO plugin v27.1.1 - https:\/\/yoast.com\/product\/yoast-seo-wordpress\/ -->\n<title>Veckans favorittweets samlade! - Vandra V\u00e4gen<\/title>\n<meta name=\"robots\" content=\"index, follow, max-snippet:-1, max-image-preview:large, max-video-preview:-1\" \/>\n<link rel=\"canonical\" href=\"https:\/\/blogg.svenskakyrkan.se\/vandravagen\/2013\/04\/29\/veckans-favorittweets-samlade-2\/\" \/>\n<meta property=\"og:locale\" content=\"sv_SE\" \/>\n<meta property=\"og:type\" content=\"article\" \/>\n<meta property=\"og:title\" content=\"Veckans favorittweets samlade! - Vandra V\u00e4gen\" \/>\n<meta property=\"og:description\" content=\"\u00c4ntligen m\u00e5ndag! Ledig dag f\u00f6r pr\u00e4sten och dags att se tillbaka p\u00e5 guldkornen fr\u00e5n f\u00f6rra veckans twitterfl\u00f6de Kristna (&#8221;fromma\u2122&#8221;) tweets Jesuitenpr\u00e4sten och evolutionsbiologen de Chardin skriver: Allm\u00e4nna pr\u00e4stad\u00f6met = att varje d\u00f6pt \u00e4r likv\u00e4rdig medlem i kyrkan Kloka tweets Och h\u00e4r n\u00e5got utmanande! Det h\u00e4r kan jag k\u00e4nna igen mig i F\u00f6r\u00e4ldraskapstweets Fint skrivet, f\u00e5r [&hellip;]\" \/>\n<meta property=\"og:url\" content=\"https:\/\/blogg.svenskakyrkan.se\/vandravagen\/2013\/04\/29\/veckans-favorittweets-samlade-2\/\" \/>\n<meta property=\"og:site_name\" content=\"Vandra V\u00e4gen\" \/>\n<meta property=\"article:publisher\" content=\"http:\/\/facebook.com\/vandravagen\" \/>\n<meta property=\"article:published_time\" content=\"2013-04-29T06:50:00+00:00\" \/>\n<meta property=\"og:image\" content=\"http:\/\/1.bp.blogspot.com\/-r5zGsT2kToY\/UX4Ia5ezg4I\/AAAAAAAADP0\/BnMxKwiBWAQ\/s400\/universeprays.jpg\" \/>\n<meta name=\"author\" content=\"Tomas Jarvid\" \/>\n<meta name=\"twitter:card\" content=\"summary_large_image\" \/>\n<meta name=\"twitter:creator\" content=\"@fadertomas\" \/>\n<meta name=\"twitter:site\" content=\"@fadertomas\" \/>\n<meta name=\"twitter:label1\" content=\"Skriven av\" \/>\n\t<meta name=\"twitter:data1\" content=\"Tomas Jarvid\" \/>\n\t<meta name=\"twitter:label2\" content=\"Ber\u00e4knad l\u00e4stid\" \/>\n\t<meta name=\"twitter:data2\" content=\"1 minut\" \/>\n<script type=\"application\/ld+json\" class=\"yoast-schema-graph\">{\"@context\":\"https:\/\/schema.org\",\"@graph\":[{\"@type\":\"Article\",\"@id\":\"https:\/\/blogg.svenskakyrkan.se\/vandravagen\/2013\/04\/29\/veckans-favorittweets-samlade-2\/#article\",\"isPartOf\":{\"@id\":\"https:\/\/blogg.svenskakyrkan.se\/vandravagen\/2013\/04\/29\/veckans-favorittweets-samlade-2\/\"},\"author\":{\"name\":\"Tomas Jarvid\",\"@id\":\"https:\/\/blogg.svenskakyrkan.se\/vandravagen\/#\/schema\/person\/25da02d4f76b137d04291711e2c9fc16\"},\"headline\":\"Veckans favorittweets samlade!\",\"datePublished\":\"2013-04-29T06:50:00+00:00\",\"mainEntityOfPage\":{\"@id\":\"https:\/\/blogg.svenskakyrkan.se\/vandravagen\/2013\/04\/29\/veckans-favorittweets-samlade-2\/\"},\"wordCount\":157,\"commentCount\":0,\"publisher\":{\"@id\":\"https:\/\/blogg.svenskakyrkan.se\/vandravagen\/#organization\"},\"image\":{\"@id\":\"https:\/\/blogg.svenskakyrkan.se\/vandravagen\/2013\/04\/29\/veckans-favorittweets-samlade-2\/#primaryimage\"},\"thumbnailUrl\":\"http:\/\/1.bp.blogspot.com\/-r5zGsT2kToY\/UX4Ia5ezg4I\/AAAAAAAADP0\/BnMxKwiBWAQ\/s400\/universeprays.jpg\",\"articleSection\":[\"blandat\"],\"inLanguage\":\"sv-SE\",\"potentialAction\":[{\"@type\":\"CommentAction\",\"name\":\"Comment\",\"target\":[\"https:\/\/blogg.svenskakyrkan.se\/vandravagen\/2013\/04\/29\/veckans-favorittweets-samlade-2\/#respond\"]}]},{\"@type\":\"WebPage\",\"@id\":\"https:\/\/blogg.svenskakyrkan.se\/vandravagen\/2013\/04\/29\/veckans-favorittweets-samlade-2\/\",\"url\":\"https:\/\/blogg.svenskakyrkan.se\/vandravagen\/2013\/04\/29\/veckans-favorittweets-samlade-2\/\",\"name\":\"Veckans favorittweets samlade! - Vandra V\u00e4gen\",\"isPartOf\":{\"@id\":\"https:\/\/blogg.svenskakyrkan.se\/vandravagen\/#website\"},\"primaryImageOfPage\":{\"@id\":\"https:\/\/blogg.svenskakyrkan.se\/vandravagen\/2013\/04\/29\/veckans-favorittweets-samlade-2\/#primaryimage\"},\"image\":{\"@id\":\"https:\/\/blogg.svenskakyrkan.se\/vandravagen\/2013\/04\/29\/veckans-favorittweets-samlade-2\/#primaryimage\"},\"thumbnailUrl\":\"http:\/\/1.bp.blogspot.com\/-r5zGsT2kToY\/UX4Ia5ezg4I\/AAAAAAAADP0\/BnMxKwiBWAQ\/s400\/universeprays.jpg\",\"datePublished\":\"2013-04-29T06:50:00+00:00\",\"breadcrumb\":{\"@id\":\"https:\/\/blogg.svenskakyrkan.se\/vandravagen\/2013\/04\/29\/veckans-favorittweets-samlade-2\/#breadcrumb\"},\"inLanguage\":\"sv-SE\",\"potentialAction\":[{\"@type\":\"ReadAction\",\"target\":[\"https:\/\/blogg.svenskakyrkan.se\/vandravagen\/2013\/04\/29\/veckans-favorittweets-samlade-2\/\"]}]},{\"@type\":\"ImageObject\",\"inLanguage\":\"sv-SE\",\"@id\":\"https:\/\/blogg.svenskakyrkan.se\/vandravagen\/2013\/04\/29\/veckans-favorittweets-samlade-2\/#primaryimage\",\"url\":\"http:\/\/1.bp.blogspot.com\/-r5zGsT2kToY\/UX4Ia5ezg4I\/AAAAAAAADP0\/BnMxKwiBWAQ\/s400\/universeprays.jpg\",\"contentUrl\":\"http:\/\/1.bp.blogspot.com\/-r5zGsT2kToY\/UX4Ia5ezg4I\/AAAAAAAADP0\/BnMxKwiBWAQ\/s400\/universeprays.jpg\"},{\"@type\":\"BreadcrumbList\",\"@id\":\"https:\/\/blogg.svenskakyrkan.se\/vandravagen\/2013\/04\/29\/veckans-favorittweets-samlade-2\/#breadcrumb\",\"itemListElement\":[{\"@type\":\"ListItem\",\"position\":1,\"name\":\"Hem\",\"item\":\"https:\/\/blogg.svenskakyrkan.se\/vandravagen\/\"},{\"@type\":\"ListItem\",\"position\":2,\"name\":\"Veckans favorittweets samlade!\"}]},{\"@type\":\"WebSite\",\"@id\":\"https:\/\/blogg.svenskakyrkan.se\/vandravagen\/#website\",\"url\":\"https:\/\/blogg.svenskakyrkan.se\/vandravagen\/\",\"name\":\"Vandra V\u00e4gen\",\"description\":\"-Mot en tro f\u00f6r hela livet\",\"publisher\":{\"@id\":\"https:\/\/blogg.svenskakyrkan.se\/vandravagen\/#organization\"},\"potentialAction\":[{\"@type\":\"SearchAction\",\"target\":{\"@type\":\"EntryPoint\",\"urlTemplate\":\"https:\/\/blogg.svenskakyrkan.se\/vandravagen\/?s={search_term_string}\"},\"query-input\":{\"@type\":\"PropertyValueSpecification\",\"valueRequired\":true,\"valueName\":\"search_term_string\"}}],\"inLanguage\":\"sv-SE\"},{\"@type\":\"Organization\",\"@id\":\"https:\/\/blogg.svenskakyrkan.se\/vandravagen\/#organization\",\"name\":\"ulricehamns pastorat\",\"alternateName\":\"ulricehamns pastorat\",\"url\":\"https:\/\/blogg.svenskakyrkan.se\/vandravagen\/\",\"logo\":{\"@type\":\"ImageObject\",\"inLanguage\":\"sv-SE\",\"@id\":\"https:\/\/blogg.svenskakyrkan.se\/vandravagen\/#\/schema\/logo\/image\/\",\"url\":\"https:\/\/blogg.svenskakyrkan.se\/vandravagen\/files\/2023\/05\/Ulr_logo_RGB.png\",\"contentUrl\":\"https:\/\/blogg.svenskakyrkan.se\/vandravagen\/files\/2023\/05\/Ulr_logo_RGB.png\",\"width\":205,\"height\":77,\"caption\":\"ulricehamns pastorat\"},\"image\":{\"@id\":\"https:\/\/blogg.svenskakyrkan.se\/vandravagen\/#\/schema\/logo\/image\/\"},\"sameAs\":[\"http:\/\/facebook.com\/vandravagen\",\"https:\/\/x.com\/fadertomas\",\"http:\/\/www.facebook.com\/svenskakyrkaniulricehamn\"]},{\"@type\":\"Person\",\"@id\":\"https:\/\/blogg.svenskakyrkan.se\/vandravagen\/#\/schema\/person\/25da02d4f76b137d04291711e2c9fc16\",\"name\":\"Tomas Jarvid\",\"image\":{\"@type\":\"ImageObject\",\"inLanguage\":\"sv-SE\",\"@id\":\"https:\/\/blogg.svenskakyrkan.se\/vandravagen\/#\/schema\/person\/image\/\",\"url\":\"https:\/\/secure.gravatar.com\/avatar\/7fa71899795e8f540f615a1f5ab25255dc27aa40f05ee7ddd21aac521e01bf50?s=96&d=identicon&r=g\",\"contentUrl\":\"https:\/\/secure.gravatar.com\/avatar\/7fa71899795e8f540f615a1f5ab25255dc27aa40f05ee7ddd21aac521e01bf50?s=96&d=identicon&r=g\",\"caption\":\"Tomas Jarvid\"},\"description\":\"Jag bor i Ulricehamn i V\u00e4sterg\u00f6tland och \u00e4r f\u00f6rsamlingspr\u00e4st i Svenska Kyrkan f\u00f6r Dalstorps f\u00f6rsamling i Kinds pastorat. P\u00e5 den h\u00e4r bloggen skriver jag ner tankar om vandringen som kristen.\",\"sameAs\":[\"http:\/\/www.vandravagen.se\"],\"url\":\"https:\/\/blogg.svenskakyrkan.se\/vandravagen\/author\/vandravagen\/\"}]}<\/script>\n<!-- \/ Yoast SEO plugin. -->","yoast_head_json":{"title":"Veckans favorittweets samlade! - Vandra V\u00e4gen","robots":{"index":"index","follow":"follow","max-snippet":"max-snippet:-1","max-image-preview":"max-image-preview:large","max-video-preview":"max-video-preview:-1"},"canonical":"https:\/\/blogg.svenskakyrkan.se\/vandravagen\/2013\/04\/29\/veckans-favorittweets-samlade-2\/","og_locale":"sv_SE","og_type":"article","og_title":"Veckans favorittweets samlade! - Vandra V\u00e4gen","og_description":"\u00c4ntligen m\u00e5ndag! Ledig dag f\u00f6r pr\u00e4sten och dags att se tillbaka p\u00e5 guldkornen fr\u00e5n f\u00f6rra veckans twitterfl\u00f6de Kristna (&#8221;fromma\u2122&#8221;) tweets Jesuitenpr\u00e4sten och evolutionsbiologen de Chardin skriver: Allm\u00e4nna pr\u00e4stad\u00f6met = att varje d\u00f6pt \u00e4r likv\u00e4rdig medlem i kyrkan Kloka tweets Och h\u00e4r n\u00e5got utmanande! Det h\u00e4r kan jag k\u00e4nna igen mig i F\u00f6r\u00e4ldraskapstweets Fint skrivet, f\u00e5r [&hellip;]","og_url":"https:\/\/blogg.svenskakyrkan.se\/vandravagen\/2013\/04\/29\/veckans-favorittweets-samlade-2\/","og_site_name":"Vandra V\u00e4gen","article_publisher":"http:\/\/facebook.com\/vandravagen","article_published_time":"2013-04-29T06:50:00+00:00","og_image":[{"url":"http:\/\/1.bp.blogspot.com\/-r5zGsT2kToY\/UX4Ia5ezg4I\/AAAAAAAADP0\/BnMxKwiBWAQ\/s400\/universeprays.jpg","type":"","width":"","height":""}],"author":"Tomas Jarvid","twitter_card":"summary_large_image","twitter_creator":"@fadertomas","twitter_site":"@fadertomas","twitter_misc":{"Skriven av":"Tomas Jarvid","Ber\u00e4knad l\u00e4stid":"1 minut"},"schema":{"@context":"https:\/\/schema.org","@graph":[{"@type":"Article","@id":"https:\/\/blogg.svenskakyrkan.se\/vandravagen\/2013\/04\/29\/veckans-favorittweets-samlade-2\/#article","isPartOf":{"@id":"https:\/\/blogg.svenskakyrkan.se\/vandravagen\/2013\/04\/29\/veckans-favorittweets-samlade-2\/"},"author":{"name":"Tomas Jarvid","@id":"https:\/\/blogg.svenskakyrkan.se\/vandravagen\/#\/schema\/person\/25da02d4f76b137d04291711e2c9fc16"},"headline":"Veckans favorittweets samlade!","datePublished":"2013-04-29T06:50:00+00:00","mainEntityOfPage":{"@id":"https:\/\/blogg.svenskakyrkan.se\/vandravagen\/2013\/04\/29\/veckans-favorittweets-samlade-2\/"},"wordCount":157,"commentCount":0,"publisher":{"@id":"https:\/\/blogg.svenskakyrkan.se\/vandravagen\/#organization"},"image":{"@id":"https:\/\/blogg.svenskakyrkan.se\/vandravagen\/2013\/04\/29\/veckans-favorittweets-samlade-2\/#primaryimage"},"thumbnailUrl":"http:\/\/1.bp.blogspot.com\/-r5zGsT2kToY\/UX4Ia5ezg4I\/AAAAAAAADP0\/BnMxKwiBWAQ\/s400\/universeprays.jpg","articleSection":["blandat"],"inLanguage":"sv-SE","potentialAction":[{"@type":"CommentAction","name":"Comment","target":["https:\/\/blogg.svenskakyrkan.se\/vandravagen\/2013\/04\/29\/veckans-favorittweets-samlade-2\/#respond"]}]},{"@type":"WebPage","@id":"https:\/\/blogg.svenskakyrkan.se\/vandravagen\/2013\/04\/29\/veckans-favorittweets-samlade-2\/","url":"https:\/\/blogg.svenskakyrkan.se\/vandravagen\/2013\/04\/29\/veckans-favorittweets-samlade-2\/","name":"Veckans favorittweets samlade! - Vandra V\u00e4gen","isPartOf":{"@id":"https:\/\/blogg.svenskakyrkan.se\/vandravagen\/#website"},"primaryImageOfPage":{"@id":"https:\/\/blogg.svenskakyrkan.se\/vandravagen\/2013\/04\/29\/veckans-favorittweets-samlade-2\/#primaryimage"},"image":{"@id":"https:\/\/blogg.svenskakyrkan.se\/vandravagen\/2013\/04\/29\/veckans-favorittweets-samlade-2\/#primaryimage"},"thumbnailUrl":"http:\/\/1.bp.blogspot.com\/-r5zGsT2kToY\/UX4Ia5ezg4I\/AAAAAAAADP0\/BnMxKwiBWAQ\/s400\/universeprays.jpg","datePublished":"2013-04-29T06:50:00+00:00","breadcrumb":{"@id":"https:\/\/blogg.svenskakyrkan.se\/vandravagen\/2013\/04\/29\/veckans-favorittweets-samlade-2\/#breadcrumb"},"inLanguage":"sv-SE","potentialAction":[{"@type":"ReadAction","target":["https:\/\/blogg.svenskakyrkan.se\/vandravagen\/2013\/04\/29\/veckans-favorittweets-samlade-2\/"]}]},{"@type":"ImageObject","inLanguage":"sv-SE","@id":"https:\/\/blogg.svenskakyrkan.se\/vandravagen\/2013\/04\/29\/veckans-favorittweets-samlade-2\/#primaryimage","url":"http:\/\/1.bp.blogspot.com\/-r5zGsT2kToY\/UX4Ia5ezg4I\/AAAAAAAADP0\/BnMxKwiBWAQ\/s400\/universeprays.jpg","contentUrl":"http:\/\/1.bp.blogspot.com\/-r5zGsT2kToY\/UX4Ia5ezg4I\/AAAAAAAADP0\/BnMxKwiBWAQ\/s400\/universeprays.jpg"},{"@type":"BreadcrumbList","@id":"https:\/\/blogg.svenskakyrkan.se\/vandravagen\/2013\/04\/29\/veckans-favorittweets-samlade-2\/#breadcrumb","itemListElement":[{"@type":"ListItem","position":1,"name":"Hem","item":"https:\/\/blogg.svenskakyrkan.se\/vandravagen\/"},{"@type":"ListItem","position":2,"name":"Veckans favorittweets samlade!"}]},{"@type":"WebSite","@id":"https:\/\/blogg.svenskakyrkan.se\/vandravagen\/#website","url":"https:\/\/blogg.svenskakyrkan.se\/vandravagen\/","name":"Vandra V\u00e4gen","description":"-Mot en tro f\u00f6r hela livet","publisher":{"@id":"https:\/\/blogg.svenskakyrkan.se\/vandravagen\/#organization"},"potentialAction":[{"@type":"SearchAction","target":{"@type":"EntryPoint","urlTemplate":"https:\/\/blogg.svenskakyrkan.se\/vandravagen\/?s={search_term_string}"},"query-input":{"@type":"PropertyValueSpecification","valueRequired":true,"valueName":"search_term_string"}}],"inLanguage":"sv-SE"},{"@type":"Organization","@id":"https:\/\/blogg.svenskakyrkan.se\/vandravagen\/#organization","name":"ulricehamns pastorat","alternateName":"ulricehamns pastorat","url":"https:\/\/blogg.svenskakyrkan.se\/vandravagen\/","logo":{"@type":"ImageObject","inLanguage":"sv-SE","@id":"https:\/\/blogg.svenskakyrkan.se\/vandravagen\/#\/schema\/logo\/image\/","url":"https:\/\/blogg.svenskakyrkan.se\/vandravagen\/files\/2023\/05\/Ulr_logo_RGB.png","contentUrl":"https:\/\/blogg.svenskakyrkan.se\/vandravagen\/files\/2023\/05\/Ulr_logo_RGB.png","width":205,"height":77,"caption":"ulricehamns pastorat"},"image":{"@id":"https:\/\/blogg.svenskakyrkan.se\/vandravagen\/#\/schema\/logo\/image\/"},"sameAs":["http:\/\/facebook.com\/vandravagen","https:\/\/x.com\/fadertomas","http:\/\/www.facebook.com\/svenskakyrkaniulricehamn"]},{"@type":"Person","@id":"https:\/\/blogg.svenskakyrkan.se\/vandravagen\/#\/schema\/person\/25da02d4f76b137d04291711e2c9fc16","name":"Tomas Jarvid","image":{"@type":"ImageObject","inLanguage":"sv-SE","@id":"https:\/\/blogg.svenskakyrkan.se\/vandravagen\/#\/schema\/person\/image\/","url":"https:\/\/secure.gravatar.com\/avatar\/7fa71899795e8f540f615a1f5ab25255dc27aa40f05ee7ddd21aac521e01bf50?s=96&d=identicon&r=g","contentUrl":"https:\/\/secure.gravatar.com\/avatar\/7fa71899795e8f540f615a1f5ab25255dc27aa40f05ee7ddd21aac521e01bf50?s=96&d=identicon&r=g","caption":"Tomas Jarvid"},"description":"Jag bor i Ulricehamn i V\u00e4sterg\u00f6tland och \u00e4r f\u00f6rsamlingspr\u00e4st i Svenska Kyrkan f\u00f6r Dalstorps f\u00f6rsamling i Kinds pastorat. P\u00e5 den h\u00e4r bloggen skriver jag ner tankar om vandringen som kristen.","sameAs":["http:\/\/www.vandravagen.se"],"url":"https:\/\/blogg.svenskakyrkan.se\/vandravagen\/author\/vandravagen\/"}]}},"author_meta":{"ID":"392","user_nicename":"vandravagen","user_url":"http:\/\/www.vandravagen.se","user_registered":"2014-05-19 05:44:52","display_name":"Tomas Jarvid","first_name":"Tomas","last_name":"Jarvid","avatar":"https:\/\/secure.gravatar.com\/avatar\/7fa71899795e8f540f615a1f5ab25255dc27aa40f05ee7ddd21aac521e01bf50?s=96&d=identicon&r=g"},"featured_image":false,"bloginfo":{"name":"Vandra V\u00e4gen","url":"https:\/\/blogg.svenskakyrkan.se\/vandravagen"},"_links":{"self":[{"href":"https:\/\/blogg.svenskakyrkan.se\/vandravagen\/wp-json\/wp\/v2\/posts\/593","targetHints":{"allow":["GET"]}}],"collection":[{"href":"https:\/\/blogg.svenskakyrkan.se\/vandravagen\/wp-json\/wp\/v2\/posts"}],"about":[{"href":"https:\/\/blogg.svenskakyrkan.se\/vandravagen\/wp-json\/wp\/v2\/types\/post"}],"author":[{"embeddable":true,"href":"https:\/\/blogg.svenskakyrkan.se\/vandravagen\/wp-json\/wp\/v2\/users\/392"}],"replies":[{"embeddable":true,"href":"https:\/\/blogg.svenskakyrkan.se\/vandravagen\/wp-json\/wp\/v2\/comments?post=593"}],"version-history":[{"count":0,"href":"https:\/\/blogg.svenskakyrkan.se\/vandravagen\/wp-json\/wp\/v2\/posts\/593\/revisions"}],"wp:attachment":[{"href":"https:\/\/blogg.svenskakyrkan.se\/vandravagen\/wp-json\/wp\/v2\/media?parent=593"}],"wp:term":[{"taxonomy":"category","embeddable":true,"href":"https:\/\/blogg.svenskakyrkan.se\/vandravagen\/wp-json\/wp\/v2\/categories?post=593"},{"taxonomy":"post_tag","embeddable":true,"href":"https:\/\/blogg.svenskakyrkan.se\/vandravagen\/wp-json\/wp\/v2\/tags?post=593"}],"curies":[{"name":"wp","href":"https:\/\/api.w.org\/{rel}","templated":true}]}}