{"id":5932,"date":"2017-10-02T07:00:58","date_gmt":"2017-10-02T05:00:58","guid":{"rendered":"http:\/\/blogg.svenskakyrkan.se\/vandravagen\/?p=5932"},"modified":"2017-10-01T21:25:03","modified_gmt":"2017-10-01T19:25:03","slug":"en-stege-i-dalstorps-kyrka-och-himlens-narvaro","status":"publish","type":"post","link":"https:\/\/blogg.svenskakyrkan.se\/vandravagen\/2017\/10\/02\/en-stege-i-dalstorps-kyrka-och-himlens-narvaro\/","title":{"rendered":"En stege i Dalstorps kyrka och himlens n\u00e4rvaro"},"content":{"rendered":"<p>Den uppm\u00e4rksamma l\u00e4saren k\u00e4nner igen det h\u00e4r delvis fr\u00e5n en gammal bloggpost. Ig\u00e5r hade vi en fin ekumenisk gudstj\u00e4nst i \u00d6lsremma och en del av oss kom dit direkt fr\u00e5n konfirmandl\u00e4gret en bit d\u00e4rifr\u00e5n. Konfirmanderna sj\u00f6ng och gjorde allm\u00e4nt bra ifr\u00e5n sig och detta nedan \u00e4r allts\u00e5 mitt bidrag i sammanhanget. Det \u00e4r f\u00f6r \u00f6vrigt glassigt att inte leda gudstj\u00e4nsten utan bara komma fram och sk\u00f6ta en begr\u00e4nsad del. Hoppas det h\u00e4r kan vara till gl\u00e4dje f\u00f6r dig!<\/p>\n<p>&nbsp;<\/p>\n<p><strong>Heliga Mikaels dag 2017, \u00d6lsremma missionskyrka<\/strong><\/p>\n<p>F\u00f6rra vintern var det st\u00e4ngt n\u00e5gon vecka i Dalstorps kyrka. Det var f\u00f6r att det var en firma d\u00e4r och sprutade in isolering i taket och i k\u00e4llaren och s\u00e5 kanske vi kan spara lite pengar och energi p\u00e5 det s\u00e4ttet. I alla fall s\u00e5 var det ju sp\u00e4nnande att g\u00e5 dit ibland och se hur det gick och en dag n\u00e4r jag kom in d\u00e4r s\u00e5 s\u00e5g jag n\u00e5got ovanligt. De hade t\u00e4ckt f\u00f6r den stora altartavlan och ist\u00e4llet s\u00e5 stod det en h\u00f6g stege d\u00e4r framme i mitten mot v\u00e4ggen. Den r\u00e4ckte \u00e4nda upp till taket och jag antar att de kl\u00e4ttrade upp d\u00e4r f\u00f6r att fylla i isolering l\u00e4ngst fram uppe i taket. Som pr\u00e4st kan man ju inte g\u00e4rna bara l\u00e5ta en stege vara en stege utan m\u00e5ste tvunget fundera p\u00e5 om det var en liknelse som kunde vara bra p\u00e5 n\u00e5got s\u00e4tt.<\/p>\n<p>Jakob sover i \u00f6knen. Han har gjort alla besvikna och f\u00e5tt dra hemifr\u00e5n. Han g\u00e5r och g\u00e5r men n\u00e4r det blir natt m\u00e5ste han stanna och d\u00e5 f\u00f6rs\u00f6ker han sova. Han tar en sten som kudde. Har ni testat det n\u00e5gon g\u00e5ng? Konfirmander, det f\u00e5r ni i l\u00e4xa att testa. F\u00f6rmodligen tycker han att det h\u00e4r \u00e4r en r\u00e4tt usel viloplats, h\u00e5rt och el\u00e4ndigt. Och han \u00e4r p\u00e5 ett uselt st\u00e4lle i livet. Ensam och har gjort sig till ov\u00e4n med sin egen familj och vet inte hur det ska g\u00e5 med honom. Men s\u00e5 dr\u00f6mmer han.<\/p>\n<p>Han ser en otrolig syn, \u00e4nglar som g\u00e5r upp p\u00e5 en trappa. Det var den jag kom att t\u00e4nka p\u00e5 n\u00e4r jag s\u00e5g stegen i Dalstorps kyrka. En stege mellan himmel och jord med \u00e4nglar som b\u00e4r budskap s\u00e5 att Gud vet allt som h\u00e4nder p\u00e5 jorden och \u00e4nglar b\u00e4r bud till m\u00e4nniskorna \u00f6verallt. Egentligen tror jag inte att det var n\u00e5gon stege eller trappa Jakob s\u00e5g utan n\u00e5got som liknade en trappstegspyramid, s\u00e5dana hade man d\u00e5 och l\u00e4ngst upp fanns det ett tempel d\u00e4r himmel och jord m\u00f6ttes. Det var nog typ ett s\u00e5dant torn som m\u00e4nniskorna i babel f\u00f6rs\u00f6kte bygga ocks\u00e5 f\u00f6r att ta Guds plats (det \u00e4r en annan historia konfirmander) men de mislyckades. Gud kan d\u00e4remot. Han som \u00e4r h\u00f6g och helig kommer ocks\u00e5 \u00e4nda ner till jorden och finns mitt ibland oss.<\/p>\n<p>Gud talar till Jakob i dr\u00f6mmen och han s\u00e4ger fantastiska saker. Han presenterar sig som Jakobs f\u00e4ders Gud, och som Jakobs framtids Gud som lovar att det ska g\u00e5 bra f\u00f6r Jakob och hans \u00e4ttlingar. Jag ska vara med dig och skydda dig vart du \u00e4n g\u00e5r. Jag ska f\u00f6ra dig tillbaka hem igen en dag, jag kommer inte att \u00f6verge dig, jag ska fullg\u00f6ra det som jag lovat dig.<\/p>\n<p>Och Jakob vaknade ur s\u00f6mnen. Och han sa n\u00e5got som man kan st\u00e4mma in i ibland. \u201dsannerligen (s\u00e5 kanske ni inte brukar brista ut men i alla fall), Herren \u00e4r p\u00e5 denna plats och jag visste det inte\u201d. Han hade ju tyckt att det h\u00e4r var en bedr\u00f6vlig plats men nu ser han den som en helig plats. H\u00e4r \u00e4r himlens port.<\/p>\n<p>Det tycker jag vi ska komma ih\u00e5g. En del har nog ocks\u00e5 gjort den erfarenheten att Gud \u00e4r m\u00e4rkligt n\u00e4ra p\u00e5 en del v\u00e4ldigt ov\u00e4ntade platser. Vid en sjukb\u00e4dd eller p\u00e5 en ensam vandring, eller n\u00e4r man st\u00e5r och diskar. Ibland kan allt \u00f6ppnas upp och Gud k\u00e4nns n\u00e4ra. Herren \u00e4r p\u00e5 denna plats och jag visste det ej f\u00f6r jag v\u00e4ntade mig det inte. Det blir en helig plats f\u00f6r Jakob eller f\u00f6r oss men det betyder v\u00e4l egentligen \u00e4nnu mer. Gud finns n\u00e4ra \u00f6verallt. Hela tiden. Himmelriket finns mitt ibland oss hela tiden men vi ser det s\u00e4llan.<\/p>\n<p>Det h\u00e4r med trappan och \u00e4nglarna kommer tillbaka i evangelietexten. Jesus g\u00e5r runt och kallar till sig l\u00e4rjungar och en som heter Natanael kommer till honom och de talar. \u201dD\u00e4r \u00e4r en sann israelit, sa Jesus, en som \u00e4r utan svek\u201d.(Jakob var ju f\u00f6rresten hur svekfull som helst, i bibeln finns alla m\u00f6jliga sorters m\u00e4nniskor). Natanael undrar hur Jesus kan k\u00e4nna honom och Jesus svarar konstigt att han sett Natanael under fikontr\u00e4det. Och d\u00e5 blir han glad och s\u00e4ger att Jesus \u00e4r Messias. F\u00f6r oss blir det ett v\u00e4ldigt sv\u00e5rbegripligt samtal men p\u00e5 hans tid s\u00e5 betydde det d\u00e4r med att sitta under fikontr\u00e4det att sitta t\u00e5lmodigt och studera de heliga skrifterna, ivrig att l\u00e4ra k\u00e4nna Messias som ska komma. Jesus vet att Natanael \u00e4r en som uth\u00e5lligt k\u00e4mpar p\u00e5 med att s\u00f6ka Gud och f\u00f6rs\u00f6ka f\u00f6lja Guds vilja i sitt liv. Och det har p\u00e5 n\u00e5got s\u00e4tt ocks\u00e5 \u00f6ppnat hans \u00f6gon s\u00e5 att han f\u00f6rst\u00e5r vem Jesus \u00e4r n\u00e4r han kommer dit.<\/p>\n<p>Och Jesus s\u00e4ger att det var v\u00e4l inget mot vad du ska f\u00e5 se. Du ska f\u00e5 se himlen \u00f6ppen och Guds \u00e4nglar stiga upp och stiga ner \u00f6ver m\u00e4nniskosonen. Precis det som Jakob fick se i \u00f6knen allts\u00e5!<\/p>\n<p>Sen \u00e4r det tyv\u00e4rr s\u00e5 att det inte \u00e4r n\u00e5gon som ser n\u00e5gon trappa eller stege eller torn sen i resten av evangeliet. Letar man efter det blir man f\u00f6rvirrad. Evangelierna \u00e4r mycket klurigare gjorda \u00e4n s\u00e5. Jesus syftar p\u00e5 n\u00e5got annat som vi kanske tycker \u00e4r helt annorlunda men som han tycker inneb\u00e4r samma sak. Han talar inte om n\u00e5gon trappa utan om ett kors.<\/p>\n<p>H\u00f6jdpunkten i dramat kring Jesus \u00e4r n\u00e4r Jesus blir korsf\u00e4st och d\u00f6dad och sedan uppst\u00e5r p\u00e5 den tredje dagen. Han stiger upp p\u00e5 korset, han tas ner och n\u00e4r han g\u00f6r det s\u00e5 f\u00f6renar han himmel och jord. Redan p\u00e5 Jakobs tid var det s\u00e5 att Gud var en barmh\u00e4rtig Gud som handlar f\u00f6r v\u00e5rt b\u00e4sta hela tiden, f\u00f6r s\u00e5dan \u00e4r Gud till sitt v\u00e4sen. Sen till vrede och rik p\u00e5 k\u00e4rlek och barmh\u00e4rtighet. Men nu h\u00e4nder n\u00e5got \u00e4nnu st\u00f6rre. Jesus\u00a0 g\u00e5r l\u00e4ngre \u00e4n Jakob. Jakob k\u00e4nde sig \u00f6vergiven och ensam och fann att Gud \u00e4nd\u00e5 var hos honom. Jesus g\u00e5r s\u00e5 l\u00e5ngt ner man kan komma och d\u00f6r pl\u00e5gad och h\u00e5nad p\u00e5 en skamp\u00e5le f\u00f6rr\u00e5dd och \u00f6vergiven av de han levde n\u00e4rmast. I hans rop p\u00e5 korset f\u00f6rst\u00e5r vi att han k\u00e4nner sig fruktansv\u00e4rt \u00f6vergiven av Gud. Ensam. Men han uppst\u00e5r p\u00e5 tredje dagen. Han har besegrat d\u00f6den och v\u00e4rldens ondska och vi f\u00e5r s\u00f6ka oss till honom och uppt\u00e4cka att hos honom finns himlens port.<\/p>\n<p>Den d\u00e4r stegen som stod i dalstorps kyrka och ersatte korset och altartavlan p\u00e5minner d\u00e4rf\u00f6r p\u00e5 ett s\u00e4tt om vad korset \u00e4r f\u00f6r oss. Oavsett hur sv\u00e5rt vi har det och hur om\u00f6jligt det k\u00e4nns att det skulle vara s\u00e5 \u00e4r Guds rike n\u00e4ra, Jesus Kristus \u00e4r n\u00e4ra. Han har delat all n\u00f6d med oss s\u00e5 att han \u00e4r d\u00e4r med oss i n\u00f6den. Himmel och jord f\u00f6renas i honom. Ibland kanske vi m\u00e4rker p\u00e5 n\u00e5got s\u00e4tt att vi \u00e4r p\u00e5 helig mark, ibland kanske vi inte m\u00e4rker det.<\/p>\n<p>Herren talade till Jakob och sade: \u201dJag kommer inte att \u00f6verge dig, jag ska fullg\u00f6ra det som jag har lovat dig\u201d. Jesus har nu aldrig lovat att vi ska slippa bekymmer och problem hela livet men han har lovat att vara med oss alla dagar till tidens slut. Att vi \u00e4r hans vad som \u00e4n h\u00e4nder och att v\u00e4gen till hans rike \u00e4r \u00f6ppen.<\/p>\n<p>Vi ber.<\/p>\n<p>Gud, vi be att vi f\u00e5r upp blicken f\u00f6r din n\u00e4rvaro. Ge ny kraft p\u00e5 v\u00e5r vandring som du gjorde med Jakob. Ge oss tro p\u00e5 att Jesus \u00e4r v\u00e5r r\u00e4ddare, som du gjorde med Natanael. Var n\u00e4ra oss n\u00e4r vi k\u00e4mpar och l\u00e5t oss mitt i kampen f\u00e5 k\u00e4nna att du och ditt rike \u00e4r hos oss. Amen<\/p>\n<p>&nbsp;<\/p>\n<p>&nbsp;<\/p>\n","protected":false},"excerpt":{"rendered":"<p>Den uppm\u00e4rksamma l\u00e4saren k\u00e4nner igen det h\u00e4r delvis fr\u00e5n en gammal bloggpost. Ig\u00e5r hade vi en fin ekumenisk gudstj\u00e4nst i \u00d6lsremma och en del av oss kom dit direkt fr\u00e5n konfirmandl\u00e4gret en bit d\u00e4rifr\u00e5n. Konfirmanderna sj\u00f6ng och gjorde allm\u00e4nt bra ifr\u00e5n sig och detta nedan \u00e4r allts\u00e5 mitt bidrag i sammanhanget. Det \u00e4r f\u00f6r \u00f6vrigt [&hellip;]<\/p>\n","protected":false},"author":392,"featured_media":5933,"comment_status":"open","ping_status":"open","sticky":false,"template":"","format":"standard","meta":{"_acf_changed":false,"footnotes":""},"categories":[76189,114],"tags":[],"class_list":["post-5932","post","type-post","status-publish","format-standard","has-post-thumbnail","hentry","category-dagens-kyrka","category-predikan"],"acf":[],"yoast_head":"<!-- This site is optimized with the Yoast SEO plugin v27.1.1 - https:\/\/yoast.com\/product\/yoast-seo-wordpress\/ -->\n<title>En stege i Dalstorps kyrka och himlens n\u00e4rvaro - Vandra V\u00e4gen<\/title>\n<meta name=\"robots\" content=\"index, follow, max-snippet:-1, max-image-preview:large, max-video-preview:-1\" \/>\n<link rel=\"canonical\" href=\"https:\/\/blogg.svenskakyrkan.se\/vandravagen\/2017\/10\/02\/en-stege-i-dalstorps-kyrka-och-himlens-narvaro\/\" \/>\n<meta property=\"og:locale\" content=\"sv_SE\" \/>\n<meta property=\"og:type\" content=\"article\" \/>\n<meta property=\"og:title\" content=\"En stege i Dalstorps kyrka och himlens n\u00e4rvaro - Vandra V\u00e4gen\" \/>\n<meta property=\"og:description\" content=\"Den uppm\u00e4rksamma l\u00e4saren k\u00e4nner igen det h\u00e4r delvis fr\u00e5n en gammal bloggpost. Ig\u00e5r hade vi en fin ekumenisk gudstj\u00e4nst i \u00d6lsremma och en del av oss kom dit direkt fr\u00e5n konfirmandl\u00e4gret en bit d\u00e4rifr\u00e5n. Konfirmanderna sj\u00f6ng och gjorde allm\u00e4nt bra ifr\u00e5n sig och detta nedan \u00e4r allts\u00e5 mitt bidrag i sammanhanget. Det \u00e4r f\u00f6r \u00f6vrigt [&hellip;]\" \/>\n<meta property=\"og:url\" content=\"https:\/\/blogg.svenskakyrkan.se\/vandravagen\/2017\/10\/02\/en-stege-i-dalstorps-kyrka-och-himlens-narvaro\/\" \/>\n<meta property=\"og:site_name\" content=\"Vandra V\u00e4gen\" \/>\n<meta property=\"article:publisher\" content=\"http:\/\/facebook.com\/vandravagen\" \/>\n<meta property=\"article:published_time\" content=\"2017-10-02T05:00:58+00:00\" \/>\n<meta name=\"author\" content=\"Tomas Jarvid\" \/>\n<meta name=\"twitter:card\" content=\"summary_large_image\" \/>\n<meta name=\"twitter:creator\" content=\"@fadertomas\" \/>\n<meta name=\"twitter:site\" content=\"@fadertomas\" \/>\n<meta name=\"twitter:label1\" content=\"Skriven av\" \/>\n\t<meta name=\"twitter:data1\" content=\"Tomas Jarvid\" \/>\n\t<meta name=\"twitter:label2\" content=\"Ber\u00e4knad l\u00e4stid\" \/>\n\t<meta name=\"twitter:data2\" content=\"8 minuter\" \/>\n<script type=\"application\/ld+json\" class=\"yoast-schema-graph\">{\"@context\":\"https:\/\/schema.org\",\"@graph\":[{\"@type\":\"Article\",\"@id\":\"https:\/\/blogg.svenskakyrkan.se\/vandravagen\/2017\/10\/02\/en-stege-i-dalstorps-kyrka-och-himlens-narvaro\/#article\",\"isPartOf\":{\"@id\":\"https:\/\/blogg.svenskakyrkan.se\/vandravagen\/2017\/10\/02\/en-stege-i-dalstorps-kyrka-och-himlens-narvaro\/\"},\"author\":{\"name\":\"Tomas Jarvid\",\"@id\":\"https:\/\/blogg.svenskakyrkan.se\/vandravagen\/#\/schema\/person\/25da02d4f76b137d04291711e2c9fc16\"},\"headline\":\"En stege i Dalstorps kyrka och himlens n\u00e4rvaro\",\"datePublished\":\"2017-10-02T05:00:58+00:00\",\"mainEntityOfPage\":{\"@id\":\"https:\/\/blogg.svenskakyrkan.se\/vandravagen\/2017\/10\/02\/en-stege-i-dalstorps-kyrka-och-himlens-narvaro\/\"},\"wordCount\":1594,\"commentCount\":0,\"publisher\":{\"@id\":\"https:\/\/blogg.svenskakyrkan.se\/vandravagen\/#organization\"},\"image\":{\"@id\":\"https:\/\/blogg.svenskakyrkan.se\/vandravagen\/2017\/10\/02\/en-stege-i-dalstorps-kyrka-och-himlens-narvaro\/#primaryimage\"},\"thumbnailUrl\":\"https:\/\/blogg.svenskakyrkan.se\/vandravagen\/files\/2017\/10\/06-CATACOMBES-L-ECHELLE-DE-JACOB.jpg\",\"articleSection\":[\"Dagens Kyrka\",\"predikan\"],\"inLanguage\":\"sv-SE\",\"potentialAction\":[{\"@type\":\"CommentAction\",\"name\":\"Comment\",\"target\":[\"https:\/\/blogg.svenskakyrkan.se\/vandravagen\/2017\/10\/02\/en-stege-i-dalstorps-kyrka-och-himlens-narvaro\/#respond\"]}]},{\"@type\":\"WebPage\",\"@id\":\"https:\/\/blogg.svenskakyrkan.se\/vandravagen\/2017\/10\/02\/en-stege-i-dalstorps-kyrka-och-himlens-narvaro\/\",\"url\":\"https:\/\/blogg.svenskakyrkan.se\/vandravagen\/2017\/10\/02\/en-stege-i-dalstorps-kyrka-och-himlens-narvaro\/\",\"name\":\"En stege i Dalstorps kyrka och himlens n\u00e4rvaro - Vandra V\u00e4gen\",\"isPartOf\":{\"@id\":\"https:\/\/blogg.svenskakyrkan.se\/vandravagen\/#website\"},\"primaryImageOfPage\":{\"@id\":\"https:\/\/blogg.svenskakyrkan.se\/vandravagen\/2017\/10\/02\/en-stege-i-dalstorps-kyrka-och-himlens-narvaro\/#primaryimage\"},\"image\":{\"@id\":\"https:\/\/blogg.svenskakyrkan.se\/vandravagen\/2017\/10\/02\/en-stege-i-dalstorps-kyrka-och-himlens-narvaro\/#primaryimage\"},\"thumbnailUrl\":\"https:\/\/blogg.svenskakyrkan.se\/vandravagen\/files\/2017\/10\/06-CATACOMBES-L-ECHELLE-DE-JACOB.jpg\",\"datePublished\":\"2017-10-02T05:00:58+00:00\",\"breadcrumb\":{\"@id\":\"https:\/\/blogg.svenskakyrkan.se\/vandravagen\/2017\/10\/02\/en-stege-i-dalstorps-kyrka-och-himlens-narvaro\/#breadcrumb\"},\"inLanguage\":\"sv-SE\",\"potentialAction\":[{\"@type\":\"ReadAction\",\"target\":[\"https:\/\/blogg.svenskakyrkan.se\/vandravagen\/2017\/10\/02\/en-stege-i-dalstorps-kyrka-och-himlens-narvaro\/\"]}]},{\"@type\":\"ImageObject\",\"inLanguage\":\"sv-SE\",\"@id\":\"https:\/\/blogg.svenskakyrkan.se\/vandravagen\/2017\/10\/02\/en-stege-i-dalstorps-kyrka-och-himlens-narvaro\/#primaryimage\",\"url\":\"https:\/\/blogg.svenskakyrkan.se\/vandravagen\/files\/2017\/10\/06-CATACOMBES-L-ECHELLE-DE-JACOB.jpg\",\"contentUrl\":\"https:\/\/blogg.svenskakyrkan.se\/vandravagen\/files\/2017\/10\/06-CATACOMBES-L-ECHELLE-DE-JACOB.jpg\",\"width\":450,\"height\":354,\"caption\":\"Jakob och stegen.\"},{\"@type\":\"BreadcrumbList\",\"@id\":\"https:\/\/blogg.svenskakyrkan.se\/vandravagen\/2017\/10\/02\/en-stege-i-dalstorps-kyrka-och-himlens-narvaro\/#breadcrumb\",\"itemListElement\":[{\"@type\":\"ListItem\",\"position\":1,\"name\":\"Hem\",\"item\":\"https:\/\/blogg.svenskakyrkan.se\/vandravagen\/\"},{\"@type\":\"ListItem\",\"position\":2,\"name\":\"En stege i Dalstorps kyrka och himlens n\u00e4rvaro\"}]},{\"@type\":\"WebSite\",\"@id\":\"https:\/\/blogg.svenskakyrkan.se\/vandravagen\/#website\",\"url\":\"https:\/\/blogg.svenskakyrkan.se\/vandravagen\/\",\"name\":\"Vandra V\u00e4gen\",\"description\":\"-Mot en tro f\u00f6r hela livet\",\"publisher\":{\"@id\":\"https:\/\/blogg.svenskakyrkan.se\/vandravagen\/#organization\"},\"potentialAction\":[{\"@type\":\"SearchAction\",\"target\":{\"@type\":\"EntryPoint\",\"urlTemplate\":\"https:\/\/blogg.svenskakyrkan.se\/vandravagen\/?s={search_term_string}\"},\"query-input\":{\"@type\":\"PropertyValueSpecification\",\"valueRequired\":true,\"valueName\":\"search_term_string\"}}],\"inLanguage\":\"sv-SE\"},{\"@type\":\"Organization\",\"@id\":\"https:\/\/blogg.svenskakyrkan.se\/vandravagen\/#organization\",\"name\":\"ulricehamns pastorat\",\"alternateName\":\"ulricehamns pastorat\",\"url\":\"https:\/\/blogg.svenskakyrkan.se\/vandravagen\/\",\"logo\":{\"@type\":\"ImageObject\",\"inLanguage\":\"sv-SE\",\"@id\":\"https:\/\/blogg.svenskakyrkan.se\/vandravagen\/#\/schema\/logo\/image\/\",\"url\":\"https:\/\/blogg.svenskakyrkan.se\/vandravagen\/files\/2023\/05\/Ulr_logo_RGB.png\",\"contentUrl\":\"https:\/\/blogg.svenskakyrkan.se\/vandravagen\/files\/2023\/05\/Ulr_logo_RGB.png\",\"width\":205,\"height\":77,\"caption\":\"ulricehamns pastorat\"},\"image\":{\"@id\":\"https:\/\/blogg.svenskakyrkan.se\/vandravagen\/#\/schema\/logo\/image\/\"},\"sameAs\":[\"http:\/\/facebook.com\/vandravagen\",\"https:\/\/x.com\/fadertomas\",\"http:\/\/www.facebook.com\/svenskakyrkaniulricehamn\"]},{\"@type\":\"Person\",\"@id\":\"https:\/\/blogg.svenskakyrkan.se\/vandravagen\/#\/schema\/person\/25da02d4f76b137d04291711e2c9fc16\",\"name\":\"Tomas Jarvid\",\"image\":{\"@type\":\"ImageObject\",\"inLanguage\":\"sv-SE\",\"@id\":\"https:\/\/blogg.svenskakyrkan.se\/vandravagen\/#\/schema\/person\/image\/\",\"url\":\"https:\/\/secure.gravatar.com\/avatar\/7fa71899795e8f540f615a1f5ab25255dc27aa40f05ee7ddd21aac521e01bf50?s=96&d=identicon&r=g\",\"contentUrl\":\"https:\/\/secure.gravatar.com\/avatar\/7fa71899795e8f540f615a1f5ab25255dc27aa40f05ee7ddd21aac521e01bf50?s=96&d=identicon&r=g\",\"caption\":\"Tomas Jarvid\"},\"description\":\"Jag bor i Ulricehamn i V\u00e4sterg\u00f6tland och \u00e4r f\u00f6rsamlingspr\u00e4st i Svenska Kyrkan f\u00f6r Dalstorps f\u00f6rsamling i Kinds pastorat. P\u00e5 den h\u00e4r bloggen skriver jag ner tankar om vandringen som kristen.\",\"sameAs\":[\"http:\/\/www.vandravagen.se\"],\"url\":\"https:\/\/blogg.svenskakyrkan.se\/vandravagen\/author\/vandravagen\/\"}]}<\/script>\n<!-- \/ Yoast SEO plugin. -->","yoast_head_json":{"title":"En stege i Dalstorps kyrka och himlens n\u00e4rvaro - Vandra V\u00e4gen","robots":{"index":"index","follow":"follow","max-snippet":"max-snippet:-1","max-image-preview":"max-image-preview:large","max-video-preview":"max-video-preview:-1"},"canonical":"https:\/\/blogg.svenskakyrkan.se\/vandravagen\/2017\/10\/02\/en-stege-i-dalstorps-kyrka-och-himlens-narvaro\/","og_locale":"sv_SE","og_type":"article","og_title":"En stege i Dalstorps kyrka och himlens n\u00e4rvaro - Vandra V\u00e4gen","og_description":"Den uppm\u00e4rksamma l\u00e4saren k\u00e4nner igen det h\u00e4r delvis fr\u00e5n en gammal bloggpost. Ig\u00e5r hade vi en fin ekumenisk gudstj\u00e4nst i \u00d6lsremma och en del av oss kom dit direkt fr\u00e5n konfirmandl\u00e4gret en bit d\u00e4rifr\u00e5n. Konfirmanderna sj\u00f6ng och gjorde allm\u00e4nt bra ifr\u00e5n sig och detta nedan \u00e4r allts\u00e5 mitt bidrag i sammanhanget. Det \u00e4r f\u00f6r \u00f6vrigt [&hellip;]","og_url":"https:\/\/blogg.svenskakyrkan.se\/vandravagen\/2017\/10\/02\/en-stege-i-dalstorps-kyrka-och-himlens-narvaro\/","og_site_name":"Vandra V\u00e4gen","article_publisher":"http:\/\/facebook.com\/vandravagen","article_published_time":"2017-10-02T05:00:58+00:00","author":"Tomas Jarvid","twitter_card":"summary_large_image","twitter_creator":"@fadertomas","twitter_site":"@fadertomas","twitter_misc":{"Skriven av":"Tomas Jarvid","Ber\u00e4knad l\u00e4stid":"8 minuter"},"schema":{"@context":"https:\/\/schema.org","@graph":[{"@type":"Article","@id":"https:\/\/blogg.svenskakyrkan.se\/vandravagen\/2017\/10\/02\/en-stege-i-dalstorps-kyrka-och-himlens-narvaro\/#article","isPartOf":{"@id":"https:\/\/blogg.svenskakyrkan.se\/vandravagen\/2017\/10\/02\/en-stege-i-dalstorps-kyrka-och-himlens-narvaro\/"},"author":{"name":"Tomas Jarvid","@id":"https:\/\/blogg.svenskakyrkan.se\/vandravagen\/#\/schema\/person\/25da02d4f76b137d04291711e2c9fc16"},"headline":"En stege i Dalstorps kyrka och himlens n\u00e4rvaro","datePublished":"2017-10-02T05:00:58+00:00","mainEntityOfPage":{"@id":"https:\/\/blogg.svenskakyrkan.se\/vandravagen\/2017\/10\/02\/en-stege-i-dalstorps-kyrka-och-himlens-narvaro\/"},"wordCount":1594,"commentCount":0,"publisher":{"@id":"https:\/\/blogg.svenskakyrkan.se\/vandravagen\/#organization"},"image":{"@id":"https:\/\/blogg.svenskakyrkan.se\/vandravagen\/2017\/10\/02\/en-stege-i-dalstorps-kyrka-och-himlens-narvaro\/#primaryimage"},"thumbnailUrl":"https:\/\/blogg.svenskakyrkan.se\/vandravagen\/files\/2017\/10\/06-CATACOMBES-L-ECHELLE-DE-JACOB.jpg","articleSection":["Dagens Kyrka","predikan"],"inLanguage":"sv-SE","potentialAction":[{"@type":"CommentAction","name":"Comment","target":["https:\/\/blogg.svenskakyrkan.se\/vandravagen\/2017\/10\/02\/en-stege-i-dalstorps-kyrka-och-himlens-narvaro\/#respond"]}]},{"@type":"WebPage","@id":"https:\/\/blogg.svenskakyrkan.se\/vandravagen\/2017\/10\/02\/en-stege-i-dalstorps-kyrka-och-himlens-narvaro\/","url":"https:\/\/blogg.svenskakyrkan.se\/vandravagen\/2017\/10\/02\/en-stege-i-dalstorps-kyrka-och-himlens-narvaro\/","name":"En stege i Dalstorps kyrka och himlens n\u00e4rvaro - Vandra V\u00e4gen","isPartOf":{"@id":"https:\/\/blogg.svenskakyrkan.se\/vandravagen\/#website"},"primaryImageOfPage":{"@id":"https:\/\/blogg.svenskakyrkan.se\/vandravagen\/2017\/10\/02\/en-stege-i-dalstorps-kyrka-och-himlens-narvaro\/#primaryimage"},"image":{"@id":"https:\/\/blogg.svenskakyrkan.se\/vandravagen\/2017\/10\/02\/en-stege-i-dalstorps-kyrka-och-himlens-narvaro\/#primaryimage"},"thumbnailUrl":"https:\/\/blogg.svenskakyrkan.se\/vandravagen\/files\/2017\/10\/06-CATACOMBES-L-ECHELLE-DE-JACOB.jpg","datePublished":"2017-10-02T05:00:58+00:00","breadcrumb":{"@id":"https:\/\/blogg.svenskakyrkan.se\/vandravagen\/2017\/10\/02\/en-stege-i-dalstorps-kyrka-och-himlens-narvaro\/#breadcrumb"},"inLanguage":"sv-SE","potentialAction":[{"@type":"ReadAction","target":["https:\/\/blogg.svenskakyrkan.se\/vandravagen\/2017\/10\/02\/en-stege-i-dalstorps-kyrka-och-himlens-narvaro\/"]}]},{"@type":"ImageObject","inLanguage":"sv-SE","@id":"https:\/\/blogg.svenskakyrkan.se\/vandravagen\/2017\/10\/02\/en-stege-i-dalstorps-kyrka-och-himlens-narvaro\/#primaryimage","url":"https:\/\/blogg.svenskakyrkan.se\/vandravagen\/files\/2017\/10\/06-CATACOMBES-L-ECHELLE-DE-JACOB.jpg","contentUrl":"https:\/\/blogg.svenskakyrkan.se\/vandravagen\/files\/2017\/10\/06-CATACOMBES-L-ECHELLE-DE-JACOB.jpg","width":450,"height":354,"caption":"Jakob och stegen."},{"@type":"BreadcrumbList","@id":"https:\/\/blogg.svenskakyrkan.se\/vandravagen\/2017\/10\/02\/en-stege-i-dalstorps-kyrka-och-himlens-narvaro\/#breadcrumb","itemListElement":[{"@type":"ListItem","position":1,"name":"Hem","item":"https:\/\/blogg.svenskakyrkan.se\/vandravagen\/"},{"@type":"ListItem","position":2,"name":"En stege i Dalstorps kyrka och himlens n\u00e4rvaro"}]},{"@type":"WebSite","@id":"https:\/\/blogg.svenskakyrkan.se\/vandravagen\/#website","url":"https:\/\/blogg.svenskakyrkan.se\/vandravagen\/","name":"Vandra V\u00e4gen","description":"-Mot en tro f\u00f6r hela livet","publisher":{"@id":"https:\/\/blogg.svenskakyrkan.se\/vandravagen\/#organization"},"potentialAction":[{"@type":"SearchAction","target":{"@type":"EntryPoint","urlTemplate":"https:\/\/blogg.svenskakyrkan.se\/vandravagen\/?s={search_term_string}"},"query-input":{"@type":"PropertyValueSpecification","valueRequired":true,"valueName":"search_term_string"}}],"inLanguage":"sv-SE"},{"@type":"Organization","@id":"https:\/\/blogg.svenskakyrkan.se\/vandravagen\/#organization","name":"ulricehamns pastorat","alternateName":"ulricehamns pastorat","url":"https:\/\/blogg.svenskakyrkan.se\/vandravagen\/","logo":{"@type":"ImageObject","inLanguage":"sv-SE","@id":"https:\/\/blogg.svenskakyrkan.se\/vandravagen\/#\/schema\/logo\/image\/","url":"https:\/\/blogg.svenskakyrkan.se\/vandravagen\/files\/2023\/05\/Ulr_logo_RGB.png","contentUrl":"https:\/\/blogg.svenskakyrkan.se\/vandravagen\/files\/2023\/05\/Ulr_logo_RGB.png","width":205,"height":77,"caption":"ulricehamns pastorat"},"image":{"@id":"https:\/\/blogg.svenskakyrkan.se\/vandravagen\/#\/schema\/logo\/image\/"},"sameAs":["http:\/\/facebook.com\/vandravagen","https:\/\/x.com\/fadertomas","http:\/\/www.facebook.com\/svenskakyrkaniulricehamn"]},{"@type":"Person","@id":"https:\/\/blogg.svenskakyrkan.se\/vandravagen\/#\/schema\/person\/25da02d4f76b137d04291711e2c9fc16","name":"Tomas Jarvid","image":{"@type":"ImageObject","inLanguage":"sv-SE","@id":"https:\/\/blogg.svenskakyrkan.se\/vandravagen\/#\/schema\/person\/image\/","url":"https:\/\/secure.gravatar.com\/avatar\/7fa71899795e8f540f615a1f5ab25255dc27aa40f05ee7ddd21aac521e01bf50?s=96&d=identicon&r=g","contentUrl":"https:\/\/secure.gravatar.com\/avatar\/7fa71899795e8f540f615a1f5ab25255dc27aa40f05ee7ddd21aac521e01bf50?s=96&d=identicon&r=g","caption":"Tomas Jarvid"},"description":"Jag bor i Ulricehamn i V\u00e4sterg\u00f6tland och \u00e4r f\u00f6rsamlingspr\u00e4st i Svenska Kyrkan f\u00f6r Dalstorps f\u00f6rsamling i Kinds pastorat. P\u00e5 den h\u00e4r bloggen skriver jag ner tankar om vandringen som kristen.","sameAs":["http:\/\/www.vandravagen.se"],"url":"https:\/\/blogg.svenskakyrkan.se\/vandravagen\/author\/vandravagen\/"}]}},"author_meta":{"ID":"392","user_nicename":"vandravagen","user_url":"http:\/\/www.vandravagen.se","user_registered":"2014-05-19 05:44:52","display_name":"Tomas Jarvid","first_name":"Tomas","last_name":"Jarvid","avatar":"https:\/\/secure.gravatar.com\/avatar\/7fa71899795e8f540f615a1f5ab25255dc27aa40f05ee7ddd21aac521e01bf50?s=96&d=identicon&r=g"},"featured_image":["https:\/\/blogg.svenskakyrkan.se\/vandravagen\/files\/2017\/10\/06-CATACOMBES-L-ECHELLE-DE-JACOB.jpg",450,354,false],"bloginfo":{"name":"Vandra V\u00e4gen","url":"https:\/\/blogg.svenskakyrkan.se\/vandravagen"},"_links":{"self":[{"href":"https:\/\/blogg.svenskakyrkan.se\/vandravagen\/wp-json\/wp\/v2\/posts\/5932","targetHints":{"allow":["GET"]}}],"collection":[{"href":"https:\/\/blogg.svenskakyrkan.se\/vandravagen\/wp-json\/wp\/v2\/posts"}],"about":[{"href":"https:\/\/blogg.svenskakyrkan.se\/vandravagen\/wp-json\/wp\/v2\/types\/post"}],"author":[{"embeddable":true,"href":"https:\/\/blogg.svenskakyrkan.se\/vandravagen\/wp-json\/wp\/v2\/users\/392"}],"replies":[{"embeddable":true,"href":"https:\/\/blogg.svenskakyrkan.se\/vandravagen\/wp-json\/wp\/v2\/comments?post=5932"}],"version-history":[{"count":1,"href":"https:\/\/blogg.svenskakyrkan.se\/vandravagen\/wp-json\/wp\/v2\/posts\/5932\/revisions"}],"predecessor-version":[{"id":5934,"href":"https:\/\/blogg.svenskakyrkan.se\/vandravagen\/wp-json\/wp\/v2\/posts\/5932\/revisions\/5934"}],"wp:featuredmedia":[{"embeddable":true,"href":"https:\/\/blogg.svenskakyrkan.se\/vandravagen\/wp-json\/wp\/v2\/media\/5933"}],"wp:attachment":[{"href":"https:\/\/blogg.svenskakyrkan.se\/vandravagen\/wp-json\/wp\/v2\/media?parent=5932"}],"wp:term":[{"taxonomy":"category","embeddable":true,"href":"https:\/\/blogg.svenskakyrkan.se\/vandravagen\/wp-json\/wp\/v2\/categories?post=5932"},{"taxonomy":"post_tag","embeddable":true,"href":"https:\/\/blogg.svenskakyrkan.se\/vandravagen\/wp-json\/wp\/v2\/tags?post=5932"}],"curies":[{"name":"wp","href":"https:\/\/api.w.org\/{rel}","templated":true}]}}