{"id":595,"date":"2013-04-28T09:00:00","date_gmt":"2013-04-28T07:00:00","guid":{"rendered":"http:\/\/blogg.svenskakyrkan.se\/vandravagen\/2013\/04\/28\/nar-kyrkan-inte-ar-himlen-pa-jorden\/"},"modified":"2013-04-28T09:00:00","modified_gmt":"2013-04-28T07:00:00","slug":"nar-kyrkan-inte-ar-himlen-pa-jorden","status":"publish","type":"post","link":"https:\/\/blogg.svenskakyrkan.se\/vandravagen\/2013\/04\/28\/nar-kyrkan-inte-ar-himlen-pa-jorden\/","title":{"rendered":"N\u00e4r Kyrkan inte \u00e4r himlen p\u00e5 jorden&#8230;"},"content":{"rendered":"<div><a href=\"http:\/\/4.bp.blogspot.com\/-8ARZVPsh1Vw\/T7YZA6MlbQI\/AAAAAAAAAMU\/pk5s0VmDLA0\/s1600\/IMG_0993.jpg\"><img loading=\"lazy\" decoding=\"async\" border=\"0\" height=\"400\" src=\"http:\/\/4.bp.blogspot.com\/-8ARZVPsh1Vw\/T7YZA6MlbQI\/AAAAAAAAAMU\/pk5s0VmDLA0\/s400\/IMG_0993.jpg\" width=\"400\"><\/a><\/div>\n<p>Jag fick h\u00f6ra n\u00e5got klokt av en \u00e4ldre pr\u00e4st h\u00e4romdagen. P\u00e5 tal om att (svenska) kyrkan \u00e4r l\u00e5ngt ifr\u00e5n en perfekt gemenskap citerade han n\u00e5gra ord av Olov Hartman. Orden l\u00e4r st\u00e5 i f\u00f6rordet till en bok som heter n\u00e5got i stil med &#8221;m\u00e4nniskor i r\u00f6tt&#8221; och handlar om livet i fr\u00e4lsningsarm\u00e9n.<\/p>\n<p>Fritt \u00e5tergivet skriver Hartman att &#8221;nu kanske ni tror att jag skriver om m\u00e4nniskorna f\u00f6r att man ska kunna f\u00f6rst\u00e5 hurdan Kyrkan (k\u00e5ren i det h\u00e4r fallet) \u00e4r men s\u00e5 \u00e4r det inte. Men genom att beskriva Kyrkan (k\u00e5ren) ser vi mer av hur m\u00e4nniskorna \u00e4r&#8221;.<\/p>\n<p>Allts\u00e5: M\u00e4nniskor kan inte fullt ut visa p\u00e5 hur Kyrkan \u00e4r. D\u00e4remot framtr\u00e4der en m\u00e4ngd m\u00e4nskliga egenskaper, goda som d\u00e5liga, v\u00e4ldigt tydligt n\u00e4r man tittar n\u00e4rmare p\u00e5 kyrkan.<\/p>\n<p>Kyrkan lyckas aldrig med att vara himlen p\u00e5 jorden. De stunder den \u00e4r det beror det i s\u00e5 fall inte p\u00e5 n\u00e5gon m\u00e4nniska&#8230;<\/p>\n<p>\u00c4r det h\u00e4r en sk\u00f6n eller jobbig tanke? Kommentera nedan!<\/p>\n","protected":false},"excerpt":{"rendered":"<p>Jag fick h\u00f6ra n\u00e5got klokt av en \u00e4ldre pr\u00e4st h\u00e4romdagen. P\u00e5 tal om att (svenska) kyrkan \u00e4r l\u00e5ngt ifr\u00e5n en perfekt gemenskap citerade han n\u00e5gra ord av Olov Hartman. Orden l\u00e4r st\u00e5 i f\u00f6rordet till en bok som heter n\u00e5got i stil med &#8221;m\u00e4nniskor i r\u00f6tt&#8221; och handlar om livet i fr\u00e4lsningsarm\u00e9n. Fritt \u00e5tergivet skriver [&hellip;]<\/p>\n","protected":false},"author":392,"featured_media":0,"comment_status":"open","ping_status":"open","sticky":false,"template":"","format":"standard","meta":{"_acf_changed":false,"footnotes":""},"categories":[33574],"tags":[],"class_list":["post-595","post","type-post","status-publish","format-standard","hentry","category-kyrkan"],"acf":[],"yoast_head":"<!-- This site is optimized with the Yoast SEO plugin v27.1.1 - https:\/\/yoast.com\/product\/yoast-seo-wordpress\/ -->\n<title>N\u00e4r Kyrkan inte \u00e4r himlen p\u00e5 jorden... - Vandra V\u00e4gen<\/title>\n<meta name=\"robots\" content=\"index, follow, max-snippet:-1, max-image-preview:large, max-video-preview:-1\" \/>\n<link rel=\"canonical\" href=\"https:\/\/blogg.svenskakyrkan.se\/vandravagen\/2013\/04\/28\/nar-kyrkan-inte-ar-himlen-pa-jorden\/\" \/>\n<meta property=\"og:locale\" content=\"sv_SE\" \/>\n<meta property=\"og:type\" content=\"article\" \/>\n<meta property=\"og:title\" content=\"N\u00e4r Kyrkan inte \u00e4r himlen p\u00e5 jorden... - Vandra V\u00e4gen\" \/>\n<meta property=\"og:description\" content=\"Jag fick h\u00f6ra n\u00e5got klokt av en \u00e4ldre pr\u00e4st h\u00e4romdagen. P\u00e5 tal om att (svenska) kyrkan \u00e4r l\u00e5ngt ifr\u00e5n en perfekt gemenskap citerade han n\u00e5gra ord av Olov Hartman. Orden l\u00e4r st\u00e5 i f\u00f6rordet till en bok som heter n\u00e5got i stil med &#8221;m\u00e4nniskor i r\u00f6tt&#8221; och handlar om livet i fr\u00e4lsningsarm\u00e9n. Fritt \u00e5tergivet skriver [&hellip;]\" \/>\n<meta property=\"og:url\" content=\"https:\/\/blogg.svenskakyrkan.se\/vandravagen\/2013\/04\/28\/nar-kyrkan-inte-ar-himlen-pa-jorden\/\" \/>\n<meta property=\"og:site_name\" content=\"Vandra V\u00e4gen\" \/>\n<meta property=\"article:publisher\" content=\"http:\/\/facebook.com\/vandravagen\" \/>\n<meta property=\"article:published_time\" content=\"2013-04-28T07:00:00+00:00\" \/>\n<meta property=\"og:image\" content=\"http:\/\/4.bp.blogspot.com\/-8ARZVPsh1Vw\/T7YZA6MlbQI\/AAAAAAAAAMU\/pk5s0VmDLA0\/s400\/IMG_0993.jpg\" \/>\n<meta name=\"author\" content=\"Tomas Jarvid\" \/>\n<meta name=\"twitter:card\" content=\"summary_large_image\" \/>\n<meta name=\"twitter:creator\" content=\"@fadertomas\" \/>\n<meta name=\"twitter:site\" content=\"@fadertomas\" \/>\n<meta name=\"twitter:label1\" content=\"Skriven av\" \/>\n\t<meta name=\"twitter:data1\" content=\"Tomas Jarvid\" \/>\n\t<meta name=\"twitter:label2\" content=\"Ber\u00e4knad l\u00e4stid\" \/>\n\t<meta name=\"twitter:data2\" content=\"1 minut\" \/>\n<script type=\"application\/ld+json\" class=\"yoast-schema-graph\">{\"@context\":\"https:\/\/schema.org\",\"@graph\":[{\"@type\":\"Article\",\"@id\":\"https:\/\/blogg.svenskakyrkan.se\/vandravagen\/2013\/04\/28\/nar-kyrkan-inte-ar-himlen-pa-jorden\/#article\",\"isPartOf\":{\"@id\":\"https:\/\/blogg.svenskakyrkan.se\/vandravagen\/2013\/04\/28\/nar-kyrkan-inte-ar-himlen-pa-jorden\/\"},\"author\":{\"name\":\"Tomas Jarvid\",\"@id\":\"https:\/\/blogg.svenskakyrkan.se\/vandravagen\/#\/schema\/person\/25da02d4f76b137d04291711e2c9fc16\"},\"headline\":\"N\u00e4r Kyrkan inte \u00e4r himlen p\u00e5 jorden&#8230;\",\"datePublished\":\"2013-04-28T07:00:00+00:00\",\"mainEntityOfPage\":{\"@id\":\"https:\/\/blogg.svenskakyrkan.se\/vandravagen\/2013\/04\/28\/nar-kyrkan-inte-ar-himlen-pa-jorden\/\"},\"wordCount\":201,\"commentCount\":3,\"publisher\":{\"@id\":\"https:\/\/blogg.svenskakyrkan.se\/vandravagen\/#organization\"},\"image\":{\"@id\":\"https:\/\/blogg.svenskakyrkan.se\/vandravagen\/2013\/04\/28\/nar-kyrkan-inte-ar-himlen-pa-jorden\/#primaryimage\"},\"thumbnailUrl\":\"http:\/\/4.bp.blogspot.com\/-8ARZVPsh1Vw\/T7YZA6MlbQI\/AAAAAAAAAMU\/pk5s0VmDLA0\/s400\/IMG_0993.jpg\",\"articleSection\":[\"kyrkan\"],\"inLanguage\":\"sv-SE\",\"potentialAction\":[{\"@type\":\"CommentAction\",\"name\":\"Comment\",\"target\":[\"https:\/\/blogg.svenskakyrkan.se\/vandravagen\/2013\/04\/28\/nar-kyrkan-inte-ar-himlen-pa-jorden\/#respond\"]}]},{\"@type\":\"WebPage\",\"@id\":\"https:\/\/blogg.svenskakyrkan.se\/vandravagen\/2013\/04\/28\/nar-kyrkan-inte-ar-himlen-pa-jorden\/\",\"url\":\"https:\/\/blogg.svenskakyrkan.se\/vandravagen\/2013\/04\/28\/nar-kyrkan-inte-ar-himlen-pa-jorden\/\",\"name\":\"N\u00e4r Kyrkan inte \u00e4r himlen p\u00e5 jorden... - Vandra V\u00e4gen\",\"isPartOf\":{\"@id\":\"https:\/\/blogg.svenskakyrkan.se\/vandravagen\/#website\"},\"primaryImageOfPage\":{\"@id\":\"https:\/\/blogg.svenskakyrkan.se\/vandravagen\/2013\/04\/28\/nar-kyrkan-inte-ar-himlen-pa-jorden\/#primaryimage\"},\"image\":{\"@id\":\"https:\/\/blogg.svenskakyrkan.se\/vandravagen\/2013\/04\/28\/nar-kyrkan-inte-ar-himlen-pa-jorden\/#primaryimage\"},\"thumbnailUrl\":\"http:\/\/4.bp.blogspot.com\/-8ARZVPsh1Vw\/T7YZA6MlbQI\/AAAAAAAAAMU\/pk5s0VmDLA0\/s400\/IMG_0993.jpg\",\"datePublished\":\"2013-04-28T07:00:00+00:00\",\"breadcrumb\":{\"@id\":\"https:\/\/blogg.svenskakyrkan.se\/vandravagen\/2013\/04\/28\/nar-kyrkan-inte-ar-himlen-pa-jorden\/#breadcrumb\"},\"inLanguage\":\"sv-SE\",\"potentialAction\":[{\"@type\":\"ReadAction\",\"target\":[\"https:\/\/blogg.svenskakyrkan.se\/vandravagen\/2013\/04\/28\/nar-kyrkan-inte-ar-himlen-pa-jorden\/\"]}]},{\"@type\":\"ImageObject\",\"inLanguage\":\"sv-SE\",\"@id\":\"https:\/\/blogg.svenskakyrkan.se\/vandravagen\/2013\/04\/28\/nar-kyrkan-inte-ar-himlen-pa-jorden\/#primaryimage\",\"url\":\"http:\/\/4.bp.blogspot.com\/-8ARZVPsh1Vw\/T7YZA6MlbQI\/AAAAAAAAAMU\/pk5s0VmDLA0\/s400\/IMG_0993.jpg\",\"contentUrl\":\"http:\/\/4.bp.blogspot.com\/-8ARZVPsh1Vw\/T7YZA6MlbQI\/AAAAAAAAAMU\/pk5s0VmDLA0\/s400\/IMG_0993.jpg\"},{\"@type\":\"BreadcrumbList\",\"@id\":\"https:\/\/blogg.svenskakyrkan.se\/vandravagen\/2013\/04\/28\/nar-kyrkan-inte-ar-himlen-pa-jorden\/#breadcrumb\",\"itemListElement\":[{\"@type\":\"ListItem\",\"position\":1,\"name\":\"Hem\",\"item\":\"https:\/\/blogg.svenskakyrkan.se\/vandravagen\/\"},{\"@type\":\"ListItem\",\"position\":2,\"name\":\"N\u00e4r Kyrkan inte \u00e4r himlen p\u00e5 jorden&#8230;\"}]},{\"@type\":\"WebSite\",\"@id\":\"https:\/\/blogg.svenskakyrkan.se\/vandravagen\/#website\",\"url\":\"https:\/\/blogg.svenskakyrkan.se\/vandravagen\/\",\"name\":\"Vandra V\u00e4gen\",\"description\":\"-Mot en tro f\u00f6r hela livet\",\"publisher\":{\"@id\":\"https:\/\/blogg.svenskakyrkan.se\/vandravagen\/#organization\"},\"potentialAction\":[{\"@type\":\"SearchAction\",\"target\":{\"@type\":\"EntryPoint\",\"urlTemplate\":\"https:\/\/blogg.svenskakyrkan.se\/vandravagen\/?s={search_term_string}\"},\"query-input\":{\"@type\":\"PropertyValueSpecification\",\"valueRequired\":true,\"valueName\":\"search_term_string\"}}],\"inLanguage\":\"sv-SE\"},{\"@type\":\"Organization\",\"@id\":\"https:\/\/blogg.svenskakyrkan.se\/vandravagen\/#organization\",\"name\":\"ulricehamns pastorat\",\"alternateName\":\"ulricehamns pastorat\",\"url\":\"https:\/\/blogg.svenskakyrkan.se\/vandravagen\/\",\"logo\":{\"@type\":\"ImageObject\",\"inLanguage\":\"sv-SE\",\"@id\":\"https:\/\/blogg.svenskakyrkan.se\/vandravagen\/#\/schema\/logo\/image\/\",\"url\":\"https:\/\/blogg.svenskakyrkan.se\/vandravagen\/files\/2023\/05\/Ulr_logo_RGB.png\",\"contentUrl\":\"https:\/\/blogg.svenskakyrkan.se\/vandravagen\/files\/2023\/05\/Ulr_logo_RGB.png\",\"width\":205,\"height\":77,\"caption\":\"ulricehamns pastorat\"},\"image\":{\"@id\":\"https:\/\/blogg.svenskakyrkan.se\/vandravagen\/#\/schema\/logo\/image\/\"},\"sameAs\":[\"http:\/\/facebook.com\/vandravagen\",\"https:\/\/x.com\/fadertomas\",\"http:\/\/www.facebook.com\/svenskakyrkaniulricehamn\"]},{\"@type\":\"Person\",\"@id\":\"https:\/\/blogg.svenskakyrkan.se\/vandravagen\/#\/schema\/person\/25da02d4f76b137d04291711e2c9fc16\",\"name\":\"Tomas Jarvid\",\"image\":{\"@type\":\"ImageObject\",\"inLanguage\":\"sv-SE\",\"@id\":\"https:\/\/blogg.svenskakyrkan.se\/vandravagen\/#\/schema\/person\/image\/\",\"url\":\"https:\/\/secure.gravatar.com\/avatar\/7fa71899795e8f540f615a1f5ab25255dc27aa40f05ee7ddd21aac521e01bf50?s=96&d=identicon&r=g\",\"contentUrl\":\"https:\/\/secure.gravatar.com\/avatar\/7fa71899795e8f540f615a1f5ab25255dc27aa40f05ee7ddd21aac521e01bf50?s=96&d=identicon&r=g\",\"caption\":\"Tomas Jarvid\"},\"description\":\"Jag bor i Ulricehamn i V\u00e4sterg\u00f6tland och \u00e4r f\u00f6rsamlingspr\u00e4st i Svenska Kyrkan f\u00f6r Dalstorps f\u00f6rsamling i Kinds pastorat. P\u00e5 den h\u00e4r bloggen skriver jag ner tankar om vandringen som kristen.\",\"sameAs\":[\"http:\/\/www.vandravagen.se\"],\"url\":\"https:\/\/blogg.svenskakyrkan.se\/vandravagen\/author\/vandravagen\/\"}]}<\/script>\n<!-- \/ Yoast SEO plugin. -->","yoast_head_json":{"title":"N\u00e4r Kyrkan inte \u00e4r himlen p\u00e5 jorden... - Vandra V\u00e4gen","robots":{"index":"index","follow":"follow","max-snippet":"max-snippet:-1","max-image-preview":"max-image-preview:large","max-video-preview":"max-video-preview:-1"},"canonical":"https:\/\/blogg.svenskakyrkan.se\/vandravagen\/2013\/04\/28\/nar-kyrkan-inte-ar-himlen-pa-jorden\/","og_locale":"sv_SE","og_type":"article","og_title":"N\u00e4r Kyrkan inte \u00e4r himlen p\u00e5 jorden... - Vandra V\u00e4gen","og_description":"Jag fick h\u00f6ra n\u00e5got klokt av en \u00e4ldre pr\u00e4st h\u00e4romdagen. P\u00e5 tal om att (svenska) kyrkan \u00e4r l\u00e5ngt ifr\u00e5n en perfekt gemenskap citerade han n\u00e5gra ord av Olov Hartman. Orden l\u00e4r st\u00e5 i f\u00f6rordet till en bok som heter n\u00e5got i stil med &#8221;m\u00e4nniskor i r\u00f6tt&#8221; och handlar om livet i fr\u00e4lsningsarm\u00e9n. Fritt \u00e5tergivet skriver [&hellip;]","og_url":"https:\/\/blogg.svenskakyrkan.se\/vandravagen\/2013\/04\/28\/nar-kyrkan-inte-ar-himlen-pa-jorden\/","og_site_name":"Vandra V\u00e4gen","article_publisher":"http:\/\/facebook.com\/vandravagen","article_published_time":"2013-04-28T07:00:00+00:00","og_image":[{"url":"http:\/\/4.bp.blogspot.com\/-8ARZVPsh1Vw\/T7YZA6MlbQI\/AAAAAAAAAMU\/pk5s0VmDLA0\/s400\/IMG_0993.jpg","type":"","width":"","height":""}],"author":"Tomas Jarvid","twitter_card":"summary_large_image","twitter_creator":"@fadertomas","twitter_site":"@fadertomas","twitter_misc":{"Skriven av":"Tomas Jarvid","Ber\u00e4knad l\u00e4stid":"1 minut"},"schema":{"@context":"https:\/\/schema.org","@graph":[{"@type":"Article","@id":"https:\/\/blogg.svenskakyrkan.se\/vandravagen\/2013\/04\/28\/nar-kyrkan-inte-ar-himlen-pa-jorden\/#article","isPartOf":{"@id":"https:\/\/blogg.svenskakyrkan.se\/vandravagen\/2013\/04\/28\/nar-kyrkan-inte-ar-himlen-pa-jorden\/"},"author":{"name":"Tomas Jarvid","@id":"https:\/\/blogg.svenskakyrkan.se\/vandravagen\/#\/schema\/person\/25da02d4f76b137d04291711e2c9fc16"},"headline":"N\u00e4r Kyrkan inte \u00e4r himlen p\u00e5 jorden&#8230;","datePublished":"2013-04-28T07:00:00+00:00","mainEntityOfPage":{"@id":"https:\/\/blogg.svenskakyrkan.se\/vandravagen\/2013\/04\/28\/nar-kyrkan-inte-ar-himlen-pa-jorden\/"},"wordCount":201,"commentCount":3,"publisher":{"@id":"https:\/\/blogg.svenskakyrkan.se\/vandravagen\/#organization"},"image":{"@id":"https:\/\/blogg.svenskakyrkan.se\/vandravagen\/2013\/04\/28\/nar-kyrkan-inte-ar-himlen-pa-jorden\/#primaryimage"},"thumbnailUrl":"http:\/\/4.bp.blogspot.com\/-8ARZVPsh1Vw\/T7YZA6MlbQI\/AAAAAAAAAMU\/pk5s0VmDLA0\/s400\/IMG_0993.jpg","articleSection":["kyrkan"],"inLanguage":"sv-SE","potentialAction":[{"@type":"CommentAction","name":"Comment","target":["https:\/\/blogg.svenskakyrkan.se\/vandravagen\/2013\/04\/28\/nar-kyrkan-inte-ar-himlen-pa-jorden\/#respond"]}]},{"@type":"WebPage","@id":"https:\/\/blogg.svenskakyrkan.se\/vandravagen\/2013\/04\/28\/nar-kyrkan-inte-ar-himlen-pa-jorden\/","url":"https:\/\/blogg.svenskakyrkan.se\/vandravagen\/2013\/04\/28\/nar-kyrkan-inte-ar-himlen-pa-jorden\/","name":"N\u00e4r Kyrkan inte \u00e4r himlen p\u00e5 jorden... - Vandra V\u00e4gen","isPartOf":{"@id":"https:\/\/blogg.svenskakyrkan.se\/vandravagen\/#website"},"primaryImageOfPage":{"@id":"https:\/\/blogg.svenskakyrkan.se\/vandravagen\/2013\/04\/28\/nar-kyrkan-inte-ar-himlen-pa-jorden\/#primaryimage"},"image":{"@id":"https:\/\/blogg.svenskakyrkan.se\/vandravagen\/2013\/04\/28\/nar-kyrkan-inte-ar-himlen-pa-jorden\/#primaryimage"},"thumbnailUrl":"http:\/\/4.bp.blogspot.com\/-8ARZVPsh1Vw\/T7YZA6MlbQI\/AAAAAAAAAMU\/pk5s0VmDLA0\/s400\/IMG_0993.jpg","datePublished":"2013-04-28T07:00:00+00:00","breadcrumb":{"@id":"https:\/\/blogg.svenskakyrkan.se\/vandravagen\/2013\/04\/28\/nar-kyrkan-inte-ar-himlen-pa-jorden\/#breadcrumb"},"inLanguage":"sv-SE","potentialAction":[{"@type":"ReadAction","target":["https:\/\/blogg.svenskakyrkan.se\/vandravagen\/2013\/04\/28\/nar-kyrkan-inte-ar-himlen-pa-jorden\/"]}]},{"@type":"ImageObject","inLanguage":"sv-SE","@id":"https:\/\/blogg.svenskakyrkan.se\/vandravagen\/2013\/04\/28\/nar-kyrkan-inte-ar-himlen-pa-jorden\/#primaryimage","url":"http:\/\/4.bp.blogspot.com\/-8ARZVPsh1Vw\/T7YZA6MlbQI\/AAAAAAAAAMU\/pk5s0VmDLA0\/s400\/IMG_0993.jpg","contentUrl":"http:\/\/4.bp.blogspot.com\/-8ARZVPsh1Vw\/T7YZA6MlbQI\/AAAAAAAAAMU\/pk5s0VmDLA0\/s400\/IMG_0993.jpg"},{"@type":"BreadcrumbList","@id":"https:\/\/blogg.svenskakyrkan.se\/vandravagen\/2013\/04\/28\/nar-kyrkan-inte-ar-himlen-pa-jorden\/#breadcrumb","itemListElement":[{"@type":"ListItem","position":1,"name":"Hem","item":"https:\/\/blogg.svenskakyrkan.se\/vandravagen\/"},{"@type":"ListItem","position":2,"name":"N\u00e4r Kyrkan inte \u00e4r himlen p\u00e5 jorden&#8230;"}]},{"@type":"WebSite","@id":"https:\/\/blogg.svenskakyrkan.se\/vandravagen\/#website","url":"https:\/\/blogg.svenskakyrkan.se\/vandravagen\/","name":"Vandra V\u00e4gen","description":"-Mot en tro f\u00f6r hela livet","publisher":{"@id":"https:\/\/blogg.svenskakyrkan.se\/vandravagen\/#organization"},"potentialAction":[{"@type":"SearchAction","target":{"@type":"EntryPoint","urlTemplate":"https:\/\/blogg.svenskakyrkan.se\/vandravagen\/?s={search_term_string}"},"query-input":{"@type":"PropertyValueSpecification","valueRequired":true,"valueName":"search_term_string"}}],"inLanguage":"sv-SE"},{"@type":"Organization","@id":"https:\/\/blogg.svenskakyrkan.se\/vandravagen\/#organization","name":"ulricehamns pastorat","alternateName":"ulricehamns pastorat","url":"https:\/\/blogg.svenskakyrkan.se\/vandravagen\/","logo":{"@type":"ImageObject","inLanguage":"sv-SE","@id":"https:\/\/blogg.svenskakyrkan.se\/vandravagen\/#\/schema\/logo\/image\/","url":"https:\/\/blogg.svenskakyrkan.se\/vandravagen\/files\/2023\/05\/Ulr_logo_RGB.png","contentUrl":"https:\/\/blogg.svenskakyrkan.se\/vandravagen\/files\/2023\/05\/Ulr_logo_RGB.png","width":205,"height":77,"caption":"ulricehamns pastorat"},"image":{"@id":"https:\/\/blogg.svenskakyrkan.se\/vandravagen\/#\/schema\/logo\/image\/"},"sameAs":["http:\/\/facebook.com\/vandravagen","https:\/\/x.com\/fadertomas","http:\/\/www.facebook.com\/svenskakyrkaniulricehamn"]},{"@type":"Person","@id":"https:\/\/blogg.svenskakyrkan.se\/vandravagen\/#\/schema\/person\/25da02d4f76b137d04291711e2c9fc16","name":"Tomas Jarvid","image":{"@type":"ImageObject","inLanguage":"sv-SE","@id":"https:\/\/blogg.svenskakyrkan.se\/vandravagen\/#\/schema\/person\/image\/","url":"https:\/\/secure.gravatar.com\/avatar\/7fa71899795e8f540f615a1f5ab25255dc27aa40f05ee7ddd21aac521e01bf50?s=96&d=identicon&r=g","contentUrl":"https:\/\/secure.gravatar.com\/avatar\/7fa71899795e8f540f615a1f5ab25255dc27aa40f05ee7ddd21aac521e01bf50?s=96&d=identicon&r=g","caption":"Tomas Jarvid"},"description":"Jag bor i Ulricehamn i V\u00e4sterg\u00f6tland och \u00e4r f\u00f6rsamlingspr\u00e4st i Svenska Kyrkan f\u00f6r Dalstorps f\u00f6rsamling i Kinds pastorat. P\u00e5 den h\u00e4r bloggen skriver jag ner tankar om vandringen som kristen.","sameAs":["http:\/\/www.vandravagen.se"],"url":"https:\/\/blogg.svenskakyrkan.se\/vandravagen\/author\/vandravagen\/"}]}},"author_meta":{"ID":"392","user_nicename":"vandravagen","user_url":"http:\/\/www.vandravagen.se","user_registered":"2014-05-19 05:44:52","display_name":"Tomas Jarvid","first_name":"Tomas","last_name":"Jarvid","avatar":"https:\/\/secure.gravatar.com\/avatar\/7fa71899795e8f540f615a1f5ab25255dc27aa40f05ee7ddd21aac521e01bf50?s=96&d=identicon&r=g"},"featured_image":false,"bloginfo":{"name":"Vandra V\u00e4gen","url":"https:\/\/blogg.svenskakyrkan.se\/vandravagen"},"_links":{"self":[{"href":"https:\/\/blogg.svenskakyrkan.se\/vandravagen\/wp-json\/wp\/v2\/posts\/595","targetHints":{"allow":["GET"]}}],"collection":[{"href":"https:\/\/blogg.svenskakyrkan.se\/vandravagen\/wp-json\/wp\/v2\/posts"}],"about":[{"href":"https:\/\/blogg.svenskakyrkan.se\/vandravagen\/wp-json\/wp\/v2\/types\/post"}],"author":[{"embeddable":true,"href":"https:\/\/blogg.svenskakyrkan.se\/vandravagen\/wp-json\/wp\/v2\/users\/392"}],"replies":[{"embeddable":true,"href":"https:\/\/blogg.svenskakyrkan.se\/vandravagen\/wp-json\/wp\/v2\/comments?post=595"}],"version-history":[{"count":0,"href":"https:\/\/blogg.svenskakyrkan.se\/vandravagen\/wp-json\/wp\/v2\/posts\/595\/revisions"}],"wp:attachment":[{"href":"https:\/\/blogg.svenskakyrkan.se\/vandravagen\/wp-json\/wp\/v2\/media?parent=595"}],"wp:term":[{"taxonomy":"category","embeddable":true,"href":"https:\/\/blogg.svenskakyrkan.se\/vandravagen\/wp-json\/wp\/v2\/categories?post=595"},{"taxonomy":"post_tag","embeddable":true,"href":"https:\/\/blogg.svenskakyrkan.se\/vandravagen\/wp-json\/wp\/v2\/tags?post=595"}],"curies":[{"name":"wp","href":"https:\/\/api.w.org\/{rel}","templated":true}]}}