{"id":5959,"date":"2017-10-24T07:00:18","date_gmt":"2017-10-24T05:00:18","guid":{"rendered":"http:\/\/blogg.svenskakyrkan.se\/vandravagen\/?p=5959"},"modified":"2017-10-23T20:41:53","modified_gmt":"2017-10-23T18:41:53","slug":"tva-hus-som-visar-sig-vara-kyrkor","status":"publish","type":"post","link":"https:\/\/blogg.svenskakyrkan.se\/vandravagen\/2017\/10\/24\/tva-hus-som-visar-sig-vara-kyrkor\/","title":{"rendered":"Tv\u00e5 hus som visar sig vara kyrkor"},"content":{"rendered":"<p>Jag brukar skriva h\u00e4r att predikningarna p\u00e5 pappret och det som verkligen blir sagt ofta blir ganska olika eftersom jag talar ganska fritt. Just i s\u00f6ndags s\u00e5 blev det nog verkligen s\u00e5, och kanske inte till predikans f\u00f6rdel heller utan det som st\u00e5r h\u00e4r nedan h\u00e4nger nog ihop b\u00e4ttre. P\u00e5 f\u00f6rmiddagen hade vi familjegudstj\u00e4nst med en fint litet mindrama som predikan s\u00e5 detta h\u00f6lls enbart i \u00d6lsremma kyrka p\u00e5 eftermiddagen. Sen har jag tagit n\u00e5gon liten dutt av detta och talat om vid de b\u00e5da dopen som ocks\u00e5 var i s\u00f6ndags. Hoppas hur som helst att det h\u00e4r kan vara till gl\u00e4dje f\u00f6r dig!<\/p>\n<p><strong>19 efter tref 2017, trons kraft<\/strong><\/p>\n<p>I v\u00e5ra bibeltexter st\u00e5r det om tv\u00e5 helt vanliga hus, som sedan inte alls \u00e4r n\u00e5gra vanliga hus utan v\u00e4ldigt speciella. Jag tror man skulle kunna s\u00e4ga att b\u00e5da husen \u00e4r kyrkor. Och sen vill jag ber\u00e4tta om hur det \u00e4r att \u00e4ntligen ligga p\u00e5 b\u00e5ren sj\u00e4lv.<\/p>\n<p>I gamla testamentet har vi tv\u00e5 jagade personer. De \u00e4r spioner som kommit in till Jeriko f\u00f6r att unders\u00f6ka hur stark staden \u00e4r, hur man ska kunna er\u00f6vra den. Vi f\u00e5r t\u00e4nka att n\u00e4r vi l\u00e4ser bibeltexten ska vi nog leva oss in i deras situation f\u00f6rst och fr\u00e4mst. De blir jagade d\u00e4r och har fiender \u00f6verallt, och v\u00e4nner ingenstans. Tror de i alla fall f\u00f6r pl\u00f6tsligt f\u00e5r de komma in i ett hus, hos Rachav. Rachav \u00e4r prostituerad, hon har just ingen st\u00e4llning alls i gemenskapen i staden. Hon har h\u00f6rt om storslagna ting om Israels Gud och tycker p\u00e5 n\u00e5got s\u00e4tt att hon vill vara p\u00e5 deras sida, och s\u00e5 tar hon en stor risk och g\u00f6mmer flyktingarna hos sig. Man kan t\u00e4nka sig hur de st\u00e5r d\u00e4r g\u00f6mda bakom en gardin och hoppas att inte f\u00f6tterna sticker ut f\u00f6r mycket, undrar om hon ska f\u00f6rr\u00e5da dem \u00e4nd\u00e5? Och hur de klarar sig och f\u00e5r komma ut ur staden helskinnade nedhissade med ett rep fr\u00e5n muren.<\/p>\n<p>N\u00e4r jag h\u00f6r det s\u00e5 t\u00e4nker jag att det d\u00e4r huset hon har liknar en kyrka, hur illa ansett den annars kan ha varit. D\u00e4r fanns n\u00e4mligen n\u00e5gon som h\u00f6rt om Guds storhet och ville tillh\u00f6ra honom, som k\u00e4nde en inre maning, en handling av tro mot denne Gud, och str\u00e4ckte ut en hand till n\u00e5gon i n\u00f6d. Handlade utifr\u00e5n den tro hon hade, hur nyfunnen och tveksam den \u00e4n var. Hon kunde ju inte ens veta om hon fick r\u00e4knas riktigt eller om hon \u00e4nd\u00e5 skulle bli sedd som fiende n\u00e4r Israels arm\u00e9 kom. Hon trodde i alla fall att de var s\u00e5dana och att deras Gud var s\u00e5dana att de skulle vara barmh\u00e4rtiga mot henne.<\/p>\n<p>Man kan verkligen ocks\u00e5 se det som att Rachav var en f\u00f6rr\u00e4dare som hj\u00e4lpte fienden. En \u00f6verl\u00f6pare. Som med m\u00e5nga s\u00e5na h\u00e4r blodiga ber\u00e4ttelser i gamla testamentet tycker jag att jag f\u00e5r mer gl\u00e4dje av att t\u00e4nka mer bildligt kring dem. Vi kanske bor i Jeriko allihop? I en v\u00e4rld som rymmer en v\u00e4ldig blandning av gott och ont. D\u00e4r m\u00e5nga kanske ocks\u00e5 \u00e4r skeptiska mot Gud, man har h\u00f6rt om Guds stora verk men \u00e4r inte s\u00e5 v\u00e4rst intresserad utan ser helst att de stannar utanf\u00f6r s\u00e5 man f\u00e5r h\u00e5llas med sitt. S\u00e4rskilt om man har ett v\u00e4lordnat liv i Jeriko och en position i samh\u00e4llet som man vill ha i beh\u00e5ll. D\u00e5 kan man blunda f\u00f6r mycket ont ocks\u00e5, man tycker bara det ska vara som vanligt. D\u00e5 blir man orolig n\u00e4r man h\u00f6r talas om Gud f\u00f6r det \u00e4r som att livet i staden, i v\u00e4rlden, blir ifr\u00e5gasatt. Sen finns det s\u00e5na som Rachav som ser avigsidorna mycket mer klart. F\u00f6r henne finns det inte mycket i det h\u00e4r att f\u00f6rsvara, det l\u00e5ter som en bra id\u00e9 att \u00e4ndra p\u00e5 saker. Hon \u00e4r nyfiken p\u00e5 denne Gud. I hebreerbrevet st\u00e5r hon som exempel p\u00e5 n\u00e5gon som handlar i tro, hon v\u00e4ljer Guds sida.<\/p>\n<p>Det \u00e4r det jag menar med att v\u00e5r kyrka h\u00e4r liknar hennes hus. H\u00e4r finns vi som ocks\u00e5 lever i v\u00e4rlden men som h\u00f6rt om Gud och vill ha del i det han har att ge ist\u00e4llet. VI vill samlas h\u00e4r med Guds folk. Ibland p\u00e5 andra platser i v\u00e4rlden kan man beh\u00f6va g\u00f6mma sig f\u00f6r det. Ibland kan man beh\u00f6va g\u00f6ra som Rachav och g\u00f6mma f\u00f6rf\u00f6ljda, det \u00e4r inte ens s\u00e5 ovanligt i v\u00e5rt land d\u00e4r man tr\u00e4ffar flyktingar eller andra som \u00e4r utanf\u00f6r och beh\u00f6ver en fristad. Just bilden av kyrkan som en fristad tycker jag mycket om. D\u00e5 kanske inte mest kyrkobyggnaden som kyrkan som gemenskap av m\u00e4nniskor. H\u00e4r \u00e4r vi samlade p\u00e5 en plats som ska vara v\u00e4lkomnande f\u00f6r alla, oavsett vilka m\u00e5ttstockar som g\u00e4ller i samh\u00e4llet i \u00f6vrigt om hur vi ska vara f\u00f6r att vara n\u00e5gon, och vi v\u00e4ntar p\u00e5 Herren som \u00e4r n\u00e4ra och hela tiden kommer mot oss.<\/p>\n<p>I evangeliet \u00e4r vi i ett annat hus som \u00e4r l\u00e4tt att se som en kyrka, det \u00e4r n\u00e4mligen Jesus hus. Riktigt hur Jesus bodde kanske vi inte har funderat s\u00e5 mycket p\u00e5 men n\u00e4r han verkade i galileen verkar han ha utg\u00e5tt fr\u00e5n staden Kafernaum (det hette f\u00f6rresten kafferummet p\u00e5 pr\u00e4stskolan), och nu st\u00e5r det att Jesus var hemma fr\u00e5n n\u00e5gon vandring i trakten och d\u00e5 samlades m\u00e4ngder med folk f\u00f6r att h\u00f6ra honom. Det blev alldeles fullt \u00e4ven utanf\u00f6r d\u00f6rren. Det \u00e4r inte n\u00e5gon vidare bra liknelse men jag har i alla fall f\u00f6rs\u00f6kt k\u00f6ra barnvagn en del i folkmassor och det \u00e4r j\u00e4ttesv\u00e5rt. N\u00e4stan om\u00f6jligt att komma fram, och \u00e4nnu v\u00e4rre m\u00e5ste det vara om man har en b\u00e5r att b\u00e4ra p\u00e5. Det kom fyra v\u00e4nner och bar p\u00e5 en lam man men de kunde inte komma in. L\u00e5t oss forts\u00e4tta lite med liknelserna s\u00e5 \u00e4r det ju s\u00e5 att det inte alltid \u00e4r s\u00e5 enkelt att komma in i kyrkan heller. Kanske inte f\u00f6r folkmassan nuf\u00f6rtiden men det kan finnas annat som hindrar oss fr\u00e5n att n\u00e4rma oss Jesus. Man kan ha olika uppfattningar om kyrkan och hurdana m\u00e4nniskorna d\u00e4r \u00e4r, man kan som den lame vara of\u00f6rm\u00f6gen att ta sig dit sj\u00e4lv men som tur \u00e4r hade han n\u00e5gra som bar honom. De bar honom s\u00e4kert i b\u00f6n ocks\u00e5 och genom att hj\u00e4lpa honom och hans familj men nu bar de honom rent bokstavligt.<\/p>\n<p>Och v\u00e4nnerna gav inte upp. Det var inte rimligt att huset och allt runtomkring skulle hindra dem utan de b\u00f6rjade riva taket f\u00f6r att komma in. R\u00e4tt tufft gjort \u00e4nd\u00e5 att b\u00f6rja ha s\u00f6nder huset f\u00f6r Jesus, man kunde ju tro han skulle bli arg \u00f6ver det, det hade ju andra gjort. Jag vet att om n\u00e5gon vill \u00e4ndra p\u00e5 saker i kyrkan f\u00f6r att det ska bli l\u00e4ttare f\u00f6r nya att komma n\u00e4ra Jesus s\u00e5 \u00e4r det inte s\u00e5 l\u00e4tt. Jag tycker sj\u00e4lv inte att det \u00e4r l\u00e4tt f\u00f6r jag \u00e4r r\u00e4tt fast i v\u00e5ra former f\u00f6r hur saker ska g\u00e5 till s\u00e5 jag tar varning av den h\u00e4r ber\u00e4ttelsen. Vill n\u00e5gon bryta sig in i kyrkan s\u00e5 ska vi g\u00f6ra som Jesus. Strunt i taket, strunt att de kanske beter sig fel, ta emot med gl\u00e4dje och omtanke.<\/p>\n<p>S\u00e5 t\u00e4nker jag till slut p\u00e5 att ligga p\u00e5 en b\u00e5r sj\u00e4lv som jag sa. Jag minns att jag var p\u00e5 en retreat en g\u00e5ng och fick i uppgift att meditera \u00f6ver den h\u00e4r bibeltexten och t\u00e4nka sig in i ber\u00e4ttelsen, se den framf\u00f6r sig. Fundera p\u00e5 om man k\u00e4nde sig som n\u00e5gon av personerna i ber\u00e4ttelsen. Jag t\u00e4nkte v\u00e4l f\u00f6rst jag var n\u00e5gon som hissade ner med rep fr\u00e5n taket och hj\u00e4lpte n\u00e5gon till Jesus men sedan fick jag en annan tanke. Jag kunde vara personen p\u00e5 b\u00e5ren. Och s\u00e5 f\u00f6rest\u00e4llde jag mig att jag l\u00e5g d\u00e4r och var helt f\u00f6rlamad. Jag brukar f\u00f6rs\u00f6ka vara s\u00e5d\u00e4r duktig annars och klara av saker och i kyrkan ska jag ju ocks\u00e5 g\u00f6ra saker, vi f\u00e5r ju vara med d\u00e4r i teamet och jobba med Jesus och det \u00e4r stort och fantastiskt men det h\u00e4nde n\u00e5got i mig n\u00e4r jag t\u00e4nkte att jag l\u00e5g p\u00e5 b\u00e5ren. Jag \u00e4r ju inte lam i kroppen men nog har jag r\u00e4tt m\u00e5nga knutar i sj\u00e4len. Saker jag \u00e4r r\u00e4dd f\u00f6r, skam jag b\u00e4r p\u00e5, sj\u00e4lvbild och misslyckanden och vad det kan vara. Andra kanske har st\u00f6rre s\u00e5r fr\u00e5n livet, det tror jag s\u00e4kert men vi har alla m\u00e5nga av olika storlek. Det \u00e4r ju ett lite konstigt samtal d\u00e4r, Jesus s\u00e4ger att mannens synder \u00e4r f\u00f6rl\u00e5tna och det betyder m\u00e5nga saker. En sak \u00e4r att det \u00e4r v\u00e4l mellan oss och Gud. Jesus f\u00f6rs\u00e4krar att fr\u00e5n Guds sida s\u00e5 finns det bara k\u00e4rlek till oss. Inte vet jag, kanske var det n\u00e5got helt annat Jesus och den lame mannen hade att tala om, vi f\u00e5r \u00e4nd\u00e5 t\u00e4nka oss att vi finns d\u00e4r inf\u00f6r Jesus, of\u00f6rm\u00f6gna att reda ut v\u00e5ra liv.<\/p>\n<p>Jag pratade med n\u00e5gon som sa att hon nog kunde t\u00e4nka sig att ta in en st\u00e4dfirma hemma men d\u00e5 m\u00e5ste hon nog st\u00e4da f\u00f6rst s\u00e5 det inte \u00e4r f\u00f6r st\u00f6kigt n\u00e4r de kommer. S\u00e5 kan man t\u00e4nka om Jesus, att vi m\u00e5ste f\u00e5 lite ordning p\u00e5 oss sj\u00e4lva innan vi ber om hj\u00e4lp men den kristna tron s\u00e4ger ju inte s\u00e5, den s\u00e4ger att vi ska leva hela v\u00e5ra liv tillsammans med Gud, inte bara bjuda in honom ibland vid h\u00f6gtidliga tillf\u00e4llen eller n\u00e4r vi har koll p\u00e5 l\u00e4get och st\u00e5r med ryggen mot garderoben d\u00e4r allt br\u00f6te ligger. Han finns h\u00e4r f\u00f6r v\u00e5r skull, f\u00f6r att se till att allt blir v\u00e4l mellan oss och Gud, sen kan vi f\u00e5 annat p\u00e5 r\u00e4tt plats ocks\u00e5.<\/p>\n<p>Och sedan forts\u00e4tter han med detta m\u00e4rkliga att mannen g\u00e5r d\u00e4rifr\u00e5n helad. Min \u00f6nskan f\u00f6r Guds hus h\u00e4r \u00e4r att det alltid ska vara s\u00e5. Vi f\u00e5r komma i det skick vi \u00e4r, \u00e5tminstone inf\u00f6r Gud, och n\u00e4r vi f\u00e5tt fira v\u00e5r gudstj\u00e4nst ska vi ha f\u00e5tt bli \u00e5tminstone lite helare. Gud \u00e4lskar dig, det \u00e4r en grund att st\u00e5 p\u00e5 i livet och utifr\u00e5n det kan det h\u00e4nda mycket i v\u00e5ra liv.<\/p>\n<p>Det \u00e4r alltid lite sv\u00e5rt med s\u00e5na h\u00e4r helandeber\u00e4ttelser i bibeln. Sv\u00e5rt att tro p\u00e5. Sv\u00e5rt att se framf\u00f6r sig. Vi f\u00e5r \u00e4nd\u00e5 h\u00e5lla fast vid att\u00a0hos Jesus finns helande och liv. Vi ska alltid s\u00f6ka oss till honom med v\u00e5ra liv, ibland kanske n\u00e5gon m\u00e5ste b\u00e4ra oss f\u00f6r att vi inte orkar sj\u00e4lva. \u201dTrons kraft\u201d \u00e4r inte kraft vi sj\u00e4lva har utan just detta att vi f\u00e5r h\u00e4mta kraft utanf\u00f6r oss sj\u00e4lva.<\/p>\n","protected":false},"excerpt":{"rendered":"<p>Jag brukar skriva h\u00e4r att predikningarna p\u00e5 pappret och det som verkligen blir sagt ofta blir ganska olika eftersom jag talar ganska fritt. Just i s\u00f6ndags s\u00e5 blev det nog verkligen s\u00e5, och kanske inte till predikans f\u00f6rdel heller utan det som st\u00e5r h\u00e4r nedan h\u00e4nger nog ihop b\u00e4ttre. P\u00e5 f\u00f6rmiddagen hade vi familjegudstj\u00e4nst med [&hellip;]<\/p>\n","protected":false},"author":392,"featured_media":5961,"comment_status":"open","ping_status":"open","sticky":false,"template":"","format":"standard","meta":{"_acf_changed":false,"footnotes":""},"categories":[76189,114],"tags":[],"class_list":["post-5959","post","type-post","status-publish","format-standard","has-post-thumbnail","hentry","category-dagens-kyrka","category-predikan"],"acf":[],"yoast_head":"<!-- This site is optimized with the Yoast SEO plugin v27.1.1 - https:\/\/yoast.com\/product\/yoast-seo-wordpress\/ -->\n<title>Tv\u00e5 hus som visar sig vara kyrkor - Vandra V\u00e4gen<\/title>\n<meta name=\"robots\" content=\"index, follow, max-snippet:-1, max-image-preview:large, max-video-preview:-1\" \/>\n<link rel=\"canonical\" href=\"https:\/\/blogg.svenskakyrkan.se\/vandravagen\/2017\/10\/24\/tva-hus-som-visar-sig-vara-kyrkor\/\" \/>\n<meta property=\"og:locale\" content=\"sv_SE\" \/>\n<meta property=\"og:type\" content=\"article\" \/>\n<meta property=\"og:title\" content=\"Tv\u00e5 hus som visar sig vara kyrkor - Vandra V\u00e4gen\" \/>\n<meta property=\"og:description\" content=\"Jag brukar skriva h\u00e4r att predikningarna p\u00e5 pappret och det som verkligen blir sagt ofta blir ganska olika eftersom jag talar ganska fritt. Just i s\u00f6ndags s\u00e5 blev det nog verkligen s\u00e5, och kanske inte till predikans f\u00f6rdel heller utan det som st\u00e5r h\u00e4r nedan h\u00e4nger nog ihop b\u00e4ttre. P\u00e5 f\u00f6rmiddagen hade vi familjegudstj\u00e4nst med [&hellip;]\" \/>\n<meta property=\"og:url\" content=\"https:\/\/blogg.svenskakyrkan.se\/vandravagen\/2017\/10\/24\/tva-hus-som-visar-sig-vara-kyrkor\/\" \/>\n<meta property=\"og:site_name\" content=\"Vandra V\u00e4gen\" \/>\n<meta property=\"article:publisher\" content=\"http:\/\/facebook.com\/vandravagen\" \/>\n<meta property=\"article:published_time\" content=\"2017-10-24T05:00:18+00:00\" \/>\n<meta name=\"author\" content=\"Tomas Jarvid\" \/>\n<meta name=\"twitter:card\" content=\"summary_large_image\" \/>\n<meta name=\"twitter:creator\" content=\"@fadertomas\" \/>\n<meta name=\"twitter:site\" content=\"@fadertomas\" \/>\n<meta name=\"twitter:label1\" content=\"Skriven av\" \/>\n\t<meta name=\"twitter:data1\" content=\"Tomas Jarvid\" \/>\n\t<meta name=\"twitter:label2\" content=\"Ber\u00e4knad l\u00e4stid\" \/>\n\t<meta name=\"twitter:data2\" content=\"10 minuter\" \/>\n<script type=\"application\/ld+json\" class=\"yoast-schema-graph\">{\"@context\":\"https:\/\/schema.org\",\"@graph\":[{\"@type\":\"Article\",\"@id\":\"https:\/\/blogg.svenskakyrkan.se\/vandravagen\/2017\/10\/24\/tva-hus-som-visar-sig-vara-kyrkor\/#article\",\"isPartOf\":{\"@id\":\"https:\/\/blogg.svenskakyrkan.se\/vandravagen\/2017\/10\/24\/tva-hus-som-visar-sig-vara-kyrkor\/\"},\"author\":{\"name\":\"Tomas Jarvid\",\"@id\":\"https:\/\/blogg.svenskakyrkan.se\/vandravagen\/#\/schema\/person\/25da02d4f76b137d04291711e2c9fc16\"},\"headline\":\"Tv\u00e5 hus som visar sig vara kyrkor\",\"datePublished\":\"2017-10-24T05:00:18+00:00\",\"mainEntityOfPage\":{\"@id\":\"https:\/\/blogg.svenskakyrkan.se\/vandravagen\/2017\/10\/24\/tva-hus-som-visar-sig-vara-kyrkor\/\"},\"wordCount\":2091,\"commentCount\":0,\"publisher\":{\"@id\":\"https:\/\/blogg.svenskakyrkan.se\/vandravagen\/#organization\"},\"image\":{\"@id\":\"https:\/\/blogg.svenskakyrkan.se\/vandravagen\/2017\/10\/24\/tva-hus-som-visar-sig-vara-kyrkor\/#primaryimage\"},\"thumbnailUrl\":\"https:\/\/blogg.svenskakyrkan.se\/vandravagen\/files\/2017\/10\/IMG_8066.jpg\",\"articleSection\":[\"Dagens Kyrka\",\"predikan\"],\"inLanguage\":\"sv-SE\",\"potentialAction\":[{\"@type\":\"CommentAction\",\"name\":\"Comment\",\"target\":[\"https:\/\/blogg.svenskakyrkan.se\/vandravagen\/2017\/10\/24\/tva-hus-som-visar-sig-vara-kyrkor\/#respond\"]}]},{\"@type\":\"WebPage\",\"@id\":\"https:\/\/blogg.svenskakyrkan.se\/vandravagen\/2017\/10\/24\/tva-hus-som-visar-sig-vara-kyrkor\/\",\"url\":\"https:\/\/blogg.svenskakyrkan.se\/vandravagen\/2017\/10\/24\/tva-hus-som-visar-sig-vara-kyrkor\/\",\"name\":\"Tv\u00e5 hus som visar sig vara kyrkor - Vandra V\u00e4gen\",\"isPartOf\":{\"@id\":\"https:\/\/blogg.svenskakyrkan.se\/vandravagen\/#website\"},\"primaryImageOfPage\":{\"@id\":\"https:\/\/blogg.svenskakyrkan.se\/vandravagen\/2017\/10\/24\/tva-hus-som-visar-sig-vara-kyrkor\/#primaryimage\"},\"image\":{\"@id\":\"https:\/\/blogg.svenskakyrkan.se\/vandravagen\/2017\/10\/24\/tva-hus-som-visar-sig-vara-kyrkor\/#primaryimage\"},\"thumbnailUrl\":\"https:\/\/blogg.svenskakyrkan.se\/vandravagen\/files\/2017\/10\/IMG_8066.jpg\",\"datePublished\":\"2017-10-24T05:00:18+00:00\",\"breadcrumb\":{\"@id\":\"https:\/\/blogg.svenskakyrkan.se\/vandravagen\/2017\/10\/24\/tva-hus-som-visar-sig-vara-kyrkor\/#breadcrumb\"},\"inLanguage\":\"sv-SE\",\"potentialAction\":[{\"@type\":\"ReadAction\",\"target\":[\"https:\/\/blogg.svenskakyrkan.se\/vandravagen\/2017\/10\/24\/tva-hus-som-visar-sig-vara-kyrkor\/\"]}]},{\"@type\":\"ImageObject\",\"inLanguage\":\"sv-SE\",\"@id\":\"https:\/\/blogg.svenskakyrkan.se\/vandravagen\/2017\/10\/24\/tva-hus-som-visar-sig-vara-kyrkor\/#primaryimage\",\"url\":\"https:\/\/blogg.svenskakyrkan.se\/vandravagen\/files\/2017\/10\/IMG_8066.jpg\",\"contentUrl\":\"https:\/\/blogg.svenskakyrkan.se\/vandravagen\/files\/2017\/10\/IMG_8066.jpg\",\"width\":489,\"height\":380,\"caption\":\"Ibland \u00e4r det bra att bli buren av andra.\"},{\"@type\":\"BreadcrumbList\",\"@id\":\"https:\/\/blogg.svenskakyrkan.se\/vandravagen\/2017\/10\/24\/tva-hus-som-visar-sig-vara-kyrkor\/#breadcrumb\",\"itemListElement\":[{\"@type\":\"ListItem\",\"position\":1,\"name\":\"Hem\",\"item\":\"https:\/\/blogg.svenskakyrkan.se\/vandravagen\/\"},{\"@type\":\"ListItem\",\"position\":2,\"name\":\"Tv\u00e5 hus som visar sig vara kyrkor\"}]},{\"@type\":\"WebSite\",\"@id\":\"https:\/\/blogg.svenskakyrkan.se\/vandravagen\/#website\",\"url\":\"https:\/\/blogg.svenskakyrkan.se\/vandravagen\/\",\"name\":\"Vandra V\u00e4gen\",\"description\":\"-Mot en tro f\u00f6r hela livet\",\"publisher\":{\"@id\":\"https:\/\/blogg.svenskakyrkan.se\/vandravagen\/#organization\"},\"potentialAction\":[{\"@type\":\"SearchAction\",\"target\":{\"@type\":\"EntryPoint\",\"urlTemplate\":\"https:\/\/blogg.svenskakyrkan.se\/vandravagen\/?s={search_term_string}\"},\"query-input\":{\"@type\":\"PropertyValueSpecification\",\"valueRequired\":true,\"valueName\":\"search_term_string\"}}],\"inLanguage\":\"sv-SE\"},{\"@type\":\"Organization\",\"@id\":\"https:\/\/blogg.svenskakyrkan.se\/vandravagen\/#organization\",\"name\":\"ulricehamns pastorat\",\"alternateName\":\"ulricehamns pastorat\",\"url\":\"https:\/\/blogg.svenskakyrkan.se\/vandravagen\/\",\"logo\":{\"@type\":\"ImageObject\",\"inLanguage\":\"sv-SE\",\"@id\":\"https:\/\/blogg.svenskakyrkan.se\/vandravagen\/#\/schema\/logo\/image\/\",\"url\":\"https:\/\/blogg.svenskakyrkan.se\/vandravagen\/files\/2023\/05\/Ulr_logo_RGB.png\",\"contentUrl\":\"https:\/\/blogg.svenskakyrkan.se\/vandravagen\/files\/2023\/05\/Ulr_logo_RGB.png\",\"width\":205,\"height\":77,\"caption\":\"ulricehamns pastorat\"},\"image\":{\"@id\":\"https:\/\/blogg.svenskakyrkan.se\/vandravagen\/#\/schema\/logo\/image\/\"},\"sameAs\":[\"http:\/\/facebook.com\/vandravagen\",\"https:\/\/x.com\/fadertomas\",\"http:\/\/www.facebook.com\/svenskakyrkaniulricehamn\"]},{\"@type\":\"Person\",\"@id\":\"https:\/\/blogg.svenskakyrkan.se\/vandravagen\/#\/schema\/person\/25da02d4f76b137d04291711e2c9fc16\",\"name\":\"Tomas Jarvid\",\"image\":{\"@type\":\"ImageObject\",\"inLanguage\":\"sv-SE\",\"@id\":\"https:\/\/blogg.svenskakyrkan.se\/vandravagen\/#\/schema\/person\/image\/\",\"url\":\"https:\/\/secure.gravatar.com\/avatar\/7fa71899795e8f540f615a1f5ab25255dc27aa40f05ee7ddd21aac521e01bf50?s=96&d=identicon&r=g\",\"contentUrl\":\"https:\/\/secure.gravatar.com\/avatar\/7fa71899795e8f540f615a1f5ab25255dc27aa40f05ee7ddd21aac521e01bf50?s=96&d=identicon&r=g\",\"caption\":\"Tomas Jarvid\"},\"description\":\"Jag bor i Ulricehamn i V\u00e4sterg\u00f6tland och \u00e4r f\u00f6rsamlingspr\u00e4st i Svenska Kyrkan f\u00f6r Dalstorps f\u00f6rsamling i Kinds pastorat. P\u00e5 den h\u00e4r bloggen skriver jag ner tankar om vandringen som kristen.\",\"sameAs\":[\"http:\/\/www.vandravagen.se\"],\"url\":\"https:\/\/blogg.svenskakyrkan.se\/vandravagen\/author\/vandravagen\/\"}]}<\/script>\n<!-- \/ Yoast SEO plugin. -->","yoast_head_json":{"title":"Tv\u00e5 hus som visar sig vara kyrkor - Vandra V\u00e4gen","robots":{"index":"index","follow":"follow","max-snippet":"max-snippet:-1","max-image-preview":"max-image-preview:large","max-video-preview":"max-video-preview:-1"},"canonical":"https:\/\/blogg.svenskakyrkan.se\/vandravagen\/2017\/10\/24\/tva-hus-som-visar-sig-vara-kyrkor\/","og_locale":"sv_SE","og_type":"article","og_title":"Tv\u00e5 hus som visar sig vara kyrkor - Vandra V\u00e4gen","og_description":"Jag brukar skriva h\u00e4r att predikningarna p\u00e5 pappret och det som verkligen blir sagt ofta blir ganska olika eftersom jag talar ganska fritt. Just i s\u00f6ndags s\u00e5 blev det nog verkligen s\u00e5, och kanske inte till predikans f\u00f6rdel heller utan det som st\u00e5r h\u00e4r nedan h\u00e4nger nog ihop b\u00e4ttre. P\u00e5 f\u00f6rmiddagen hade vi familjegudstj\u00e4nst med [&hellip;]","og_url":"https:\/\/blogg.svenskakyrkan.se\/vandravagen\/2017\/10\/24\/tva-hus-som-visar-sig-vara-kyrkor\/","og_site_name":"Vandra V\u00e4gen","article_publisher":"http:\/\/facebook.com\/vandravagen","article_published_time":"2017-10-24T05:00:18+00:00","author":"Tomas Jarvid","twitter_card":"summary_large_image","twitter_creator":"@fadertomas","twitter_site":"@fadertomas","twitter_misc":{"Skriven av":"Tomas Jarvid","Ber\u00e4knad l\u00e4stid":"10 minuter"},"schema":{"@context":"https:\/\/schema.org","@graph":[{"@type":"Article","@id":"https:\/\/blogg.svenskakyrkan.se\/vandravagen\/2017\/10\/24\/tva-hus-som-visar-sig-vara-kyrkor\/#article","isPartOf":{"@id":"https:\/\/blogg.svenskakyrkan.se\/vandravagen\/2017\/10\/24\/tva-hus-som-visar-sig-vara-kyrkor\/"},"author":{"name":"Tomas Jarvid","@id":"https:\/\/blogg.svenskakyrkan.se\/vandravagen\/#\/schema\/person\/25da02d4f76b137d04291711e2c9fc16"},"headline":"Tv\u00e5 hus som visar sig vara kyrkor","datePublished":"2017-10-24T05:00:18+00:00","mainEntityOfPage":{"@id":"https:\/\/blogg.svenskakyrkan.se\/vandravagen\/2017\/10\/24\/tva-hus-som-visar-sig-vara-kyrkor\/"},"wordCount":2091,"commentCount":0,"publisher":{"@id":"https:\/\/blogg.svenskakyrkan.se\/vandravagen\/#organization"},"image":{"@id":"https:\/\/blogg.svenskakyrkan.se\/vandravagen\/2017\/10\/24\/tva-hus-som-visar-sig-vara-kyrkor\/#primaryimage"},"thumbnailUrl":"https:\/\/blogg.svenskakyrkan.se\/vandravagen\/files\/2017\/10\/IMG_8066.jpg","articleSection":["Dagens Kyrka","predikan"],"inLanguage":"sv-SE","potentialAction":[{"@type":"CommentAction","name":"Comment","target":["https:\/\/blogg.svenskakyrkan.se\/vandravagen\/2017\/10\/24\/tva-hus-som-visar-sig-vara-kyrkor\/#respond"]}]},{"@type":"WebPage","@id":"https:\/\/blogg.svenskakyrkan.se\/vandravagen\/2017\/10\/24\/tva-hus-som-visar-sig-vara-kyrkor\/","url":"https:\/\/blogg.svenskakyrkan.se\/vandravagen\/2017\/10\/24\/tva-hus-som-visar-sig-vara-kyrkor\/","name":"Tv\u00e5 hus som visar sig vara kyrkor - Vandra V\u00e4gen","isPartOf":{"@id":"https:\/\/blogg.svenskakyrkan.se\/vandravagen\/#website"},"primaryImageOfPage":{"@id":"https:\/\/blogg.svenskakyrkan.se\/vandravagen\/2017\/10\/24\/tva-hus-som-visar-sig-vara-kyrkor\/#primaryimage"},"image":{"@id":"https:\/\/blogg.svenskakyrkan.se\/vandravagen\/2017\/10\/24\/tva-hus-som-visar-sig-vara-kyrkor\/#primaryimage"},"thumbnailUrl":"https:\/\/blogg.svenskakyrkan.se\/vandravagen\/files\/2017\/10\/IMG_8066.jpg","datePublished":"2017-10-24T05:00:18+00:00","breadcrumb":{"@id":"https:\/\/blogg.svenskakyrkan.se\/vandravagen\/2017\/10\/24\/tva-hus-som-visar-sig-vara-kyrkor\/#breadcrumb"},"inLanguage":"sv-SE","potentialAction":[{"@type":"ReadAction","target":["https:\/\/blogg.svenskakyrkan.se\/vandravagen\/2017\/10\/24\/tva-hus-som-visar-sig-vara-kyrkor\/"]}]},{"@type":"ImageObject","inLanguage":"sv-SE","@id":"https:\/\/blogg.svenskakyrkan.se\/vandravagen\/2017\/10\/24\/tva-hus-som-visar-sig-vara-kyrkor\/#primaryimage","url":"https:\/\/blogg.svenskakyrkan.se\/vandravagen\/files\/2017\/10\/IMG_8066.jpg","contentUrl":"https:\/\/blogg.svenskakyrkan.se\/vandravagen\/files\/2017\/10\/IMG_8066.jpg","width":489,"height":380,"caption":"Ibland \u00e4r det bra att bli buren av andra."},{"@type":"BreadcrumbList","@id":"https:\/\/blogg.svenskakyrkan.se\/vandravagen\/2017\/10\/24\/tva-hus-som-visar-sig-vara-kyrkor\/#breadcrumb","itemListElement":[{"@type":"ListItem","position":1,"name":"Hem","item":"https:\/\/blogg.svenskakyrkan.se\/vandravagen\/"},{"@type":"ListItem","position":2,"name":"Tv\u00e5 hus som visar sig vara kyrkor"}]},{"@type":"WebSite","@id":"https:\/\/blogg.svenskakyrkan.se\/vandravagen\/#website","url":"https:\/\/blogg.svenskakyrkan.se\/vandravagen\/","name":"Vandra V\u00e4gen","description":"-Mot en tro f\u00f6r hela livet","publisher":{"@id":"https:\/\/blogg.svenskakyrkan.se\/vandravagen\/#organization"},"potentialAction":[{"@type":"SearchAction","target":{"@type":"EntryPoint","urlTemplate":"https:\/\/blogg.svenskakyrkan.se\/vandravagen\/?s={search_term_string}"},"query-input":{"@type":"PropertyValueSpecification","valueRequired":true,"valueName":"search_term_string"}}],"inLanguage":"sv-SE"},{"@type":"Organization","@id":"https:\/\/blogg.svenskakyrkan.se\/vandravagen\/#organization","name":"ulricehamns pastorat","alternateName":"ulricehamns pastorat","url":"https:\/\/blogg.svenskakyrkan.se\/vandravagen\/","logo":{"@type":"ImageObject","inLanguage":"sv-SE","@id":"https:\/\/blogg.svenskakyrkan.se\/vandravagen\/#\/schema\/logo\/image\/","url":"https:\/\/blogg.svenskakyrkan.se\/vandravagen\/files\/2023\/05\/Ulr_logo_RGB.png","contentUrl":"https:\/\/blogg.svenskakyrkan.se\/vandravagen\/files\/2023\/05\/Ulr_logo_RGB.png","width":205,"height":77,"caption":"ulricehamns pastorat"},"image":{"@id":"https:\/\/blogg.svenskakyrkan.se\/vandravagen\/#\/schema\/logo\/image\/"},"sameAs":["http:\/\/facebook.com\/vandravagen","https:\/\/x.com\/fadertomas","http:\/\/www.facebook.com\/svenskakyrkaniulricehamn"]},{"@type":"Person","@id":"https:\/\/blogg.svenskakyrkan.se\/vandravagen\/#\/schema\/person\/25da02d4f76b137d04291711e2c9fc16","name":"Tomas Jarvid","image":{"@type":"ImageObject","inLanguage":"sv-SE","@id":"https:\/\/blogg.svenskakyrkan.se\/vandravagen\/#\/schema\/person\/image\/","url":"https:\/\/secure.gravatar.com\/avatar\/7fa71899795e8f540f615a1f5ab25255dc27aa40f05ee7ddd21aac521e01bf50?s=96&d=identicon&r=g","contentUrl":"https:\/\/secure.gravatar.com\/avatar\/7fa71899795e8f540f615a1f5ab25255dc27aa40f05ee7ddd21aac521e01bf50?s=96&d=identicon&r=g","caption":"Tomas Jarvid"},"description":"Jag bor i Ulricehamn i V\u00e4sterg\u00f6tland och \u00e4r f\u00f6rsamlingspr\u00e4st i Svenska Kyrkan f\u00f6r Dalstorps f\u00f6rsamling i Kinds pastorat. P\u00e5 den h\u00e4r bloggen skriver jag ner tankar om vandringen som kristen.","sameAs":["http:\/\/www.vandravagen.se"],"url":"https:\/\/blogg.svenskakyrkan.se\/vandravagen\/author\/vandravagen\/"}]}},"author_meta":{"ID":"392","user_nicename":"vandravagen","user_url":"http:\/\/www.vandravagen.se","user_registered":"2014-05-19 05:44:52","display_name":"Tomas Jarvid","first_name":"Tomas","last_name":"Jarvid","avatar":"https:\/\/secure.gravatar.com\/avatar\/7fa71899795e8f540f615a1f5ab25255dc27aa40f05ee7ddd21aac521e01bf50?s=96&d=identicon&r=g"},"featured_image":["https:\/\/blogg.svenskakyrkan.se\/vandravagen\/files\/2017\/10\/IMG_8066.jpg",489,380,false],"bloginfo":{"name":"Vandra V\u00e4gen","url":"https:\/\/blogg.svenskakyrkan.se\/vandravagen"},"_links":{"self":[{"href":"https:\/\/blogg.svenskakyrkan.se\/vandravagen\/wp-json\/wp\/v2\/posts\/5959","targetHints":{"allow":["GET"]}}],"collection":[{"href":"https:\/\/blogg.svenskakyrkan.se\/vandravagen\/wp-json\/wp\/v2\/posts"}],"about":[{"href":"https:\/\/blogg.svenskakyrkan.se\/vandravagen\/wp-json\/wp\/v2\/types\/post"}],"author":[{"embeddable":true,"href":"https:\/\/blogg.svenskakyrkan.se\/vandravagen\/wp-json\/wp\/v2\/users\/392"}],"replies":[{"embeddable":true,"href":"https:\/\/blogg.svenskakyrkan.se\/vandravagen\/wp-json\/wp\/v2\/comments?post=5959"}],"version-history":[{"count":2,"href":"https:\/\/blogg.svenskakyrkan.se\/vandravagen\/wp-json\/wp\/v2\/posts\/5959\/revisions"}],"predecessor-version":[{"id":5962,"href":"https:\/\/blogg.svenskakyrkan.se\/vandravagen\/wp-json\/wp\/v2\/posts\/5959\/revisions\/5962"}],"wp:featuredmedia":[{"embeddable":true,"href":"https:\/\/blogg.svenskakyrkan.se\/vandravagen\/wp-json\/wp\/v2\/media\/5961"}],"wp:attachment":[{"href":"https:\/\/blogg.svenskakyrkan.se\/vandravagen\/wp-json\/wp\/v2\/media?parent=5959"}],"wp:term":[{"taxonomy":"category","embeddable":true,"href":"https:\/\/blogg.svenskakyrkan.se\/vandravagen\/wp-json\/wp\/v2\/categories?post=5959"},{"taxonomy":"post_tag","embeddable":true,"href":"https:\/\/blogg.svenskakyrkan.se\/vandravagen\/wp-json\/wp\/v2\/tags?post=5959"}],"curies":[{"name":"wp","href":"https:\/\/api.w.org\/{rel}","templated":true}]}}