{"id":597,"date":"2013-04-27T07:38:00","date_gmt":"2013-04-27T05:38:00","guid":{"rendered":"http:\/\/blogg.svenskakyrkan.se\/vandravagen\/2013\/04\/27\/bibellasningsskolan-del-ii-glom-allt-du-vet\/"},"modified":"2013-04-27T07:38:00","modified_gmt":"2013-04-27T05:38:00","slug":"bibellasningsskolan-del-ii-glom-allt-du-vet","status":"publish","type":"post","link":"https:\/\/blogg.svenskakyrkan.se\/vandravagen\/2013\/04\/27\/bibellasningsskolan-del-ii-glom-allt-du-vet\/","title":{"rendered":"Bibell\u00e4sningsskolan del II; gl\u00f6m allt du vet!"},"content":{"rendered":"<div><a href=\"http:\/\/2.bp.blogspot.com\/-2Tgrz-cSG6Y\/UUQxHZOMipI\/AAAAAAAACwQ\/qSCj1XTODd8\/s1600\/21.jpg\"><img loading=\"lazy\" decoding=\"async\" border=\"0\" height=\"213\" src=\"http:\/\/2.bp.blogspot.com\/-2Tgrz-cSG6Y\/UUQxHZOMipI\/AAAAAAAACwQ\/qSCj1XTODd8\/s320\/21.jpg\" width=\"320\"><\/a><\/div>\n<div><\/div>\n<div>Ok, den h\u00e4r delen borde kommit f\u00f6rst. Fast inl\u00e4gget om <a href=\"http:\/\/www.vandravagen.se\/2013\/04\/bibellasningsskolan-del-i-sammanhanget.html\">vikten av att s\u00e4tta in texter i sitt sammanhang <\/a>var det f\u00f6rsta jag kom att t\u00e4nka p\u00e5.<\/div>\n<div><\/div>\n<div><b>Steg ett allts\u00e5; gl\u00f6m allt du vet.<\/b><\/div>\n<div><\/div>\n<div>Vad menar jag med det? Jo, ofta har vi en massa olika f\u00f6rutfattade meningar om personer, texter och s\u00e5 vidare. Vi f\u00f6rst\u00e5r det vi l\u00e4ser utifr\u00e5n oss sj\u00e4lva eftersom vi har n\u00e5gon sorts tidigare relation till varje ord, id\u00e9, ber\u00e4ttelse. Det g\u00e4ller i extra h\u00f6g grad f\u00f6r bibeln eftersom hela den v\u00e4sterl\u00e4ndska historien p\u00e5verkats av olika tolkningar av den. Vi har hela f\u00e4rdiga teologiska system f\u00f6r den kristna tron och risken \u00e4r att vi pressar in texterna i pusselh\u00e5l s\u00e5 att de bekr\u00e4ftar oss i det vi redan tycker vi vet ist\u00e4llet f\u00f6r att leda till ny kunskap.<\/div>\n<div><\/div>\n<div>Ibland \u00e4r det f\u00f6rst\u00e5s inga problem att det \u00e4r s\u00e5h\u00e4r men risken finns att vi egentligen inte l\u00e4ser som det st\u00e5r utan som vi <i>tror<\/i> att det st\u00e5r och som vi <i>tror<\/i> att det \u00e4r t\u00e4nkt att l\u00e4sas utan att det \u00e4r s\u00e5. P\u00e5 teologiskt spr\u00e5k heter bibelvetenskap exegetik, det betyder &#8221;att l\u00e4sa <i>ut<\/i>&#8221; vad en text f\u00f6rs\u00f6ker f\u00f6rmedla. Motsatsen kallas eisegetik och det \u00e4r n\u00e5got fult. Det \u00e4r n\u00e4r vi bara l\u00e4ser <i>in<\/i> v\u00e5ra egna tankar i texten.<\/div>\n<div><\/div>\n<div>Det \u00e4r en ganska stor filosofisk fr\u00e5ga om det \u00f6verhuvudtaget g\u00e5r att f\u00f6rh\u00e5lla sig objektivt till en text men man kommer i alla fall en bit p\u00e5 v\u00e4gen om man anstr\u00e4nger sig lite.\u00a0<\/div>\n<div><\/div>\n<div>N\u00e4r du sl\u00e5r upp en bibeltext; f\u00f6rs\u00f6k att se den som om det var allra f\u00f6rsta g\u00e5ngen. L\u00e4mna det du &#8221;vet&#8221; om den och \u00f6ppna upp f\u00f6r att den kan \u00f6verraska med att handla om n\u00e5got helt annat! Det \u00e4r utmanande men samtidigt s\u00e5 otroligt mycket mer sp\u00e4nnande att l\u00e4sa bibeln s\u00e5!<\/div>\n<div><\/div>\n<div>Vi kan \u00e5terv\u00e4nda till det k\u00e4nda bibelordet 3:16 i Johannesevangeliet; &#8221;S\u00e5 \u00e4lskade Gud v\u00e4rlden att han gav den sin ende son f\u00f6r att var och en som tror p\u00e5 honom inte ska g\u00e5 f\u00f6rlorad utan ha evigt liv&#8221;.\u00a0<\/div>\n<div><\/div>\n<div>Det \u00e4r fint. Och eftersom m\u00e5nga av oss h\u00f6rt det m\u00e5nga g\u00e5nger s\u00e5 har vi redan en mer eller mindre f\u00e4rdig bild av vad det betyder. Det \u00e4r nu man ist\u00e4llet kan st\u00e4lla fr\u00e5gor till sig sj\u00e4lv. Vad betyder &#8221;\u00e4lska&#8221; om man \u00e4r Gud? Vad menas med &#8221;v\u00e4rlden&#8221;? Vad betyder &#8221;evigt liv&#8221;, \u00e4r det harpspelande i himlen? Genast har man att g\u00f6ra hur l\u00e4nge som helst!<\/div>\n<div><\/div>\n<div><\/div>\n<div>Har du kommentarer till detta blir jag v\u00e4ldigt glad om du skriver dem nedan!<\/div>\n","protected":false},"excerpt":{"rendered":"<p>Ok, den h\u00e4r delen borde kommit f\u00f6rst. Fast inl\u00e4gget om vikten av att s\u00e4tta in texter i sitt sammanhang var det f\u00f6rsta jag kom att t\u00e4nka p\u00e5. Steg ett allts\u00e5; gl\u00f6m allt du vet. Vad menar jag med det? Jo, ofta har vi en massa olika f\u00f6rutfattade meningar om personer, texter och s\u00e5 vidare. Vi [&hellip;]<\/p>\n","protected":false},"author":392,"featured_media":0,"comment_status":"open","ping_status":"open","sticky":false,"template":"","format":"standard","meta":{"_acf_changed":false,"footnotes":""},"categories":[14252,8298],"tags":[],"class_list":["post-597","post","type-post","status-publish","format-standard","hentry","category-bibel","category-bibeln"],"acf":[],"yoast_head":"<!-- This site is optimized with the Yoast SEO plugin v27.1.1 - https:\/\/yoast.com\/product\/yoast-seo-wordpress\/ -->\n<title>Bibell\u00e4sningsskolan del II; gl\u00f6m allt du vet! - Vandra V\u00e4gen<\/title>\n<meta name=\"robots\" content=\"index, follow, max-snippet:-1, max-image-preview:large, max-video-preview:-1\" \/>\n<link rel=\"canonical\" href=\"https:\/\/blogg.svenskakyrkan.se\/vandravagen\/2013\/04\/27\/bibellasningsskolan-del-ii-glom-allt-du-vet\/\" \/>\n<meta property=\"og:locale\" content=\"sv_SE\" \/>\n<meta property=\"og:type\" content=\"article\" \/>\n<meta property=\"og:title\" content=\"Bibell\u00e4sningsskolan del II; gl\u00f6m allt du vet! - Vandra V\u00e4gen\" \/>\n<meta property=\"og:description\" content=\"Ok, den h\u00e4r delen borde kommit f\u00f6rst. Fast inl\u00e4gget om vikten av att s\u00e4tta in texter i sitt sammanhang var det f\u00f6rsta jag kom att t\u00e4nka p\u00e5. Steg ett allts\u00e5; gl\u00f6m allt du vet. Vad menar jag med det? Jo, ofta har vi en massa olika f\u00f6rutfattade meningar om personer, texter och s\u00e5 vidare. Vi [&hellip;]\" \/>\n<meta property=\"og:url\" content=\"https:\/\/blogg.svenskakyrkan.se\/vandravagen\/2013\/04\/27\/bibellasningsskolan-del-ii-glom-allt-du-vet\/\" \/>\n<meta property=\"og:site_name\" content=\"Vandra V\u00e4gen\" \/>\n<meta property=\"article:publisher\" content=\"http:\/\/facebook.com\/vandravagen\" \/>\n<meta property=\"article:published_time\" content=\"2013-04-27T05:38:00+00:00\" \/>\n<meta property=\"og:image\" content=\"http:\/\/2.bp.blogspot.com\/-2Tgrz-cSG6Y\/UUQxHZOMipI\/AAAAAAAACwQ\/qSCj1XTODd8\/s320\/21.jpg\" \/>\n<meta name=\"author\" content=\"Tomas Jarvid\" \/>\n<meta name=\"twitter:card\" content=\"summary_large_image\" \/>\n<meta name=\"twitter:creator\" content=\"@fadertomas\" \/>\n<meta name=\"twitter:site\" content=\"@fadertomas\" \/>\n<meta name=\"twitter:label1\" content=\"Skriven av\" \/>\n\t<meta name=\"twitter:data1\" content=\"Tomas Jarvid\" \/>\n\t<meta name=\"twitter:label2\" content=\"Ber\u00e4knad l\u00e4stid\" \/>\n\t<meta name=\"twitter:data2\" content=\"2 minuter\" \/>\n<script type=\"application\/ld+json\" class=\"yoast-schema-graph\">{\"@context\":\"https:\/\/schema.org\",\"@graph\":[{\"@type\":\"Article\",\"@id\":\"https:\/\/blogg.svenskakyrkan.se\/vandravagen\/2013\/04\/27\/bibellasningsskolan-del-ii-glom-allt-du-vet\/#article\",\"isPartOf\":{\"@id\":\"https:\/\/blogg.svenskakyrkan.se\/vandravagen\/2013\/04\/27\/bibellasningsskolan-del-ii-glom-allt-du-vet\/\"},\"author\":{\"name\":\"Tomas Jarvid\",\"@id\":\"https:\/\/blogg.svenskakyrkan.se\/vandravagen\/#\/schema\/person\/25da02d4f76b137d04291711e2c9fc16\"},\"headline\":\"Bibell\u00e4sningsskolan del II; gl\u00f6m allt du vet!\",\"datePublished\":\"2013-04-27T05:38:00+00:00\",\"mainEntityOfPage\":{\"@id\":\"https:\/\/blogg.svenskakyrkan.se\/vandravagen\/2013\/04\/27\/bibellasningsskolan-del-ii-glom-allt-du-vet\/\"},\"wordCount\":502,\"commentCount\":0,\"publisher\":{\"@id\":\"https:\/\/blogg.svenskakyrkan.se\/vandravagen\/#organization\"},\"image\":{\"@id\":\"https:\/\/blogg.svenskakyrkan.se\/vandravagen\/2013\/04\/27\/bibellasningsskolan-del-ii-glom-allt-du-vet\/#primaryimage\"},\"thumbnailUrl\":\"http:\/\/2.bp.blogspot.com\/-2Tgrz-cSG6Y\/UUQxHZOMipI\/AAAAAAAACwQ\/qSCj1XTODd8\/s320\/21.jpg\",\"articleSection\":[\"bibel\",\"Bibeln\"],\"inLanguage\":\"sv-SE\",\"potentialAction\":[{\"@type\":\"CommentAction\",\"name\":\"Comment\",\"target\":[\"https:\/\/blogg.svenskakyrkan.se\/vandravagen\/2013\/04\/27\/bibellasningsskolan-del-ii-glom-allt-du-vet\/#respond\"]}]},{\"@type\":\"WebPage\",\"@id\":\"https:\/\/blogg.svenskakyrkan.se\/vandravagen\/2013\/04\/27\/bibellasningsskolan-del-ii-glom-allt-du-vet\/\",\"url\":\"https:\/\/blogg.svenskakyrkan.se\/vandravagen\/2013\/04\/27\/bibellasningsskolan-del-ii-glom-allt-du-vet\/\",\"name\":\"Bibell\u00e4sningsskolan del II; gl\u00f6m allt du vet! - Vandra V\u00e4gen\",\"isPartOf\":{\"@id\":\"https:\/\/blogg.svenskakyrkan.se\/vandravagen\/#website\"},\"primaryImageOfPage\":{\"@id\":\"https:\/\/blogg.svenskakyrkan.se\/vandravagen\/2013\/04\/27\/bibellasningsskolan-del-ii-glom-allt-du-vet\/#primaryimage\"},\"image\":{\"@id\":\"https:\/\/blogg.svenskakyrkan.se\/vandravagen\/2013\/04\/27\/bibellasningsskolan-del-ii-glom-allt-du-vet\/#primaryimage\"},\"thumbnailUrl\":\"http:\/\/2.bp.blogspot.com\/-2Tgrz-cSG6Y\/UUQxHZOMipI\/AAAAAAAACwQ\/qSCj1XTODd8\/s320\/21.jpg\",\"datePublished\":\"2013-04-27T05:38:00+00:00\",\"breadcrumb\":{\"@id\":\"https:\/\/blogg.svenskakyrkan.se\/vandravagen\/2013\/04\/27\/bibellasningsskolan-del-ii-glom-allt-du-vet\/#breadcrumb\"},\"inLanguage\":\"sv-SE\",\"potentialAction\":[{\"@type\":\"ReadAction\",\"target\":[\"https:\/\/blogg.svenskakyrkan.se\/vandravagen\/2013\/04\/27\/bibellasningsskolan-del-ii-glom-allt-du-vet\/\"]}]},{\"@type\":\"ImageObject\",\"inLanguage\":\"sv-SE\",\"@id\":\"https:\/\/blogg.svenskakyrkan.se\/vandravagen\/2013\/04\/27\/bibellasningsskolan-del-ii-glom-allt-du-vet\/#primaryimage\",\"url\":\"http:\/\/2.bp.blogspot.com\/-2Tgrz-cSG6Y\/UUQxHZOMipI\/AAAAAAAACwQ\/qSCj1XTODd8\/s320\/21.jpg\",\"contentUrl\":\"http:\/\/2.bp.blogspot.com\/-2Tgrz-cSG6Y\/UUQxHZOMipI\/AAAAAAAACwQ\/qSCj1XTODd8\/s320\/21.jpg\"},{\"@type\":\"BreadcrumbList\",\"@id\":\"https:\/\/blogg.svenskakyrkan.se\/vandravagen\/2013\/04\/27\/bibellasningsskolan-del-ii-glom-allt-du-vet\/#breadcrumb\",\"itemListElement\":[{\"@type\":\"ListItem\",\"position\":1,\"name\":\"Hem\",\"item\":\"https:\/\/blogg.svenskakyrkan.se\/vandravagen\/\"},{\"@type\":\"ListItem\",\"position\":2,\"name\":\"Bibell\u00e4sningsskolan del II; gl\u00f6m allt du vet!\"}]},{\"@type\":\"WebSite\",\"@id\":\"https:\/\/blogg.svenskakyrkan.se\/vandravagen\/#website\",\"url\":\"https:\/\/blogg.svenskakyrkan.se\/vandravagen\/\",\"name\":\"Vandra V\u00e4gen\",\"description\":\"-Mot en tro f\u00f6r hela livet\",\"publisher\":{\"@id\":\"https:\/\/blogg.svenskakyrkan.se\/vandravagen\/#organization\"},\"potentialAction\":[{\"@type\":\"SearchAction\",\"target\":{\"@type\":\"EntryPoint\",\"urlTemplate\":\"https:\/\/blogg.svenskakyrkan.se\/vandravagen\/?s={search_term_string}\"},\"query-input\":{\"@type\":\"PropertyValueSpecification\",\"valueRequired\":true,\"valueName\":\"search_term_string\"}}],\"inLanguage\":\"sv-SE\"},{\"@type\":\"Organization\",\"@id\":\"https:\/\/blogg.svenskakyrkan.se\/vandravagen\/#organization\",\"name\":\"ulricehamns pastorat\",\"alternateName\":\"ulricehamns pastorat\",\"url\":\"https:\/\/blogg.svenskakyrkan.se\/vandravagen\/\",\"logo\":{\"@type\":\"ImageObject\",\"inLanguage\":\"sv-SE\",\"@id\":\"https:\/\/blogg.svenskakyrkan.se\/vandravagen\/#\/schema\/logo\/image\/\",\"url\":\"https:\/\/blogg.svenskakyrkan.se\/vandravagen\/files\/2023\/05\/Ulr_logo_RGB.png\",\"contentUrl\":\"https:\/\/blogg.svenskakyrkan.se\/vandravagen\/files\/2023\/05\/Ulr_logo_RGB.png\",\"width\":205,\"height\":77,\"caption\":\"ulricehamns pastorat\"},\"image\":{\"@id\":\"https:\/\/blogg.svenskakyrkan.se\/vandravagen\/#\/schema\/logo\/image\/\"},\"sameAs\":[\"http:\/\/facebook.com\/vandravagen\",\"https:\/\/x.com\/fadertomas\",\"http:\/\/www.facebook.com\/svenskakyrkaniulricehamn\"]},{\"@type\":\"Person\",\"@id\":\"https:\/\/blogg.svenskakyrkan.se\/vandravagen\/#\/schema\/person\/25da02d4f76b137d04291711e2c9fc16\",\"name\":\"Tomas Jarvid\",\"image\":{\"@type\":\"ImageObject\",\"inLanguage\":\"sv-SE\",\"@id\":\"https:\/\/blogg.svenskakyrkan.se\/vandravagen\/#\/schema\/person\/image\/\",\"url\":\"https:\/\/secure.gravatar.com\/avatar\/7fa71899795e8f540f615a1f5ab25255dc27aa40f05ee7ddd21aac521e01bf50?s=96&d=identicon&r=g\",\"contentUrl\":\"https:\/\/secure.gravatar.com\/avatar\/7fa71899795e8f540f615a1f5ab25255dc27aa40f05ee7ddd21aac521e01bf50?s=96&d=identicon&r=g\",\"caption\":\"Tomas Jarvid\"},\"description\":\"Jag bor i Ulricehamn i V\u00e4sterg\u00f6tland och \u00e4r f\u00f6rsamlingspr\u00e4st i Svenska Kyrkan f\u00f6r Dalstorps f\u00f6rsamling i Kinds pastorat. P\u00e5 den h\u00e4r bloggen skriver jag ner tankar om vandringen som kristen.\",\"sameAs\":[\"http:\/\/www.vandravagen.se\"],\"url\":\"https:\/\/blogg.svenskakyrkan.se\/vandravagen\/author\/vandravagen\/\"}]}<\/script>\n<!-- \/ Yoast SEO plugin. -->","yoast_head_json":{"title":"Bibell\u00e4sningsskolan del II; gl\u00f6m allt du vet! - Vandra V\u00e4gen","robots":{"index":"index","follow":"follow","max-snippet":"max-snippet:-1","max-image-preview":"max-image-preview:large","max-video-preview":"max-video-preview:-1"},"canonical":"https:\/\/blogg.svenskakyrkan.se\/vandravagen\/2013\/04\/27\/bibellasningsskolan-del-ii-glom-allt-du-vet\/","og_locale":"sv_SE","og_type":"article","og_title":"Bibell\u00e4sningsskolan del II; gl\u00f6m allt du vet! - Vandra V\u00e4gen","og_description":"Ok, den h\u00e4r delen borde kommit f\u00f6rst. Fast inl\u00e4gget om vikten av att s\u00e4tta in texter i sitt sammanhang var det f\u00f6rsta jag kom att t\u00e4nka p\u00e5. Steg ett allts\u00e5; gl\u00f6m allt du vet. Vad menar jag med det? Jo, ofta har vi en massa olika f\u00f6rutfattade meningar om personer, texter och s\u00e5 vidare. Vi [&hellip;]","og_url":"https:\/\/blogg.svenskakyrkan.se\/vandravagen\/2013\/04\/27\/bibellasningsskolan-del-ii-glom-allt-du-vet\/","og_site_name":"Vandra V\u00e4gen","article_publisher":"http:\/\/facebook.com\/vandravagen","article_published_time":"2013-04-27T05:38:00+00:00","og_image":[{"url":"http:\/\/2.bp.blogspot.com\/-2Tgrz-cSG6Y\/UUQxHZOMipI\/AAAAAAAACwQ\/qSCj1XTODd8\/s320\/21.jpg","type":"","width":"","height":""}],"author":"Tomas Jarvid","twitter_card":"summary_large_image","twitter_creator":"@fadertomas","twitter_site":"@fadertomas","twitter_misc":{"Skriven av":"Tomas Jarvid","Ber\u00e4knad l\u00e4stid":"2 minuter"},"schema":{"@context":"https:\/\/schema.org","@graph":[{"@type":"Article","@id":"https:\/\/blogg.svenskakyrkan.se\/vandravagen\/2013\/04\/27\/bibellasningsskolan-del-ii-glom-allt-du-vet\/#article","isPartOf":{"@id":"https:\/\/blogg.svenskakyrkan.se\/vandravagen\/2013\/04\/27\/bibellasningsskolan-del-ii-glom-allt-du-vet\/"},"author":{"name":"Tomas Jarvid","@id":"https:\/\/blogg.svenskakyrkan.se\/vandravagen\/#\/schema\/person\/25da02d4f76b137d04291711e2c9fc16"},"headline":"Bibell\u00e4sningsskolan del II; gl\u00f6m allt du vet!","datePublished":"2013-04-27T05:38:00+00:00","mainEntityOfPage":{"@id":"https:\/\/blogg.svenskakyrkan.se\/vandravagen\/2013\/04\/27\/bibellasningsskolan-del-ii-glom-allt-du-vet\/"},"wordCount":502,"commentCount":0,"publisher":{"@id":"https:\/\/blogg.svenskakyrkan.se\/vandravagen\/#organization"},"image":{"@id":"https:\/\/blogg.svenskakyrkan.se\/vandravagen\/2013\/04\/27\/bibellasningsskolan-del-ii-glom-allt-du-vet\/#primaryimage"},"thumbnailUrl":"http:\/\/2.bp.blogspot.com\/-2Tgrz-cSG6Y\/UUQxHZOMipI\/AAAAAAAACwQ\/qSCj1XTODd8\/s320\/21.jpg","articleSection":["bibel","Bibeln"],"inLanguage":"sv-SE","potentialAction":[{"@type":"CommentAction","name":"Comment","target":["https:\/\/blogg.svenskakyrkan.se\/vandravagen\/2013\/04\/27\/bibellasningsskolan-del-ii-glom-allt-du-vet\/#respond"]}]},{"@type":"WebPage","@id":"https:\/\/blogg.svenskakyrkan.se\/vandravagen\/2013\/04\/27\/bibellasningsskolan-del-ii-glom-allt-du-vet\/","url":"https:\/\/blogg.svenskakyrkan.se\/vandravagen\/2013\/04\/27\/bibellasningsskolan-del-ii-glom-allt-du-vet\/","name":"Bibell\u00e4sningsskolan del II; gl\u00f6m allt du vet! - Vandra V\u00e4gen","isPartOf":{"@id":"https:\/\/blogg.svenskakyrkan.se\/vandravagen\/#website"},"primaryImageOfPage":{"@id":"https:\/\/blogg.svenskakyrkan.se\/vandravagen\/2013\/04\/27\/bibellasningsskolan-del-ii-glom-allt-du-vet\/#primaryimage"},"image":{"@id":"https:\/\/blogg.svenskakyrkan.se\/vandravagen\/2013\/04\/27\/bibellasningsskolan-del-ii-glom-allt-du-vet\/#primaryimage"},"thumbnailUrl":"http:\/\/2.bp.blogspot.com\/-2Tgrz-cSG6Y\/UUQxHZOMipI\/AAAAAAAACwQ\/qSCj1XTODd8\/s320\/21.jpg","datePublished":"2013-04-27T05:38:00+00:00","breadcrumb":{"@id":"https:\/\/blogg.svenskakyrkan.se\/vandravagen\/2013\/04\/27\/bibellasningsskolan-del-ii-glom-allt-du-vet\/#breadcrumb"},"inLanguage":"sv-SE","potentialAction":[{"@type":"ReadAction","target":["https:\/\/blogg.svenskakyrkan.se\/vandravagen\/2013\/04\/27\/bibellasningsskolan-del-ii-glom-allt-du-vet\/"]}]},{"@type":"ImageObject","inLanguage":"sv-SE","@id":"https:\/\/blogg.svenskakyrkan.se\/vandravagen\/2013\/04\/27\/bibellasningsskolan-del-ii-glom-allt-du-vet\/#primaryimage","url":"http:\/\/2.bp.blogspot.com\/-2Tgrz-cSG6Y\/UUQxHZOMipI\/AAAAAAAACwQ\/qSCj1XTODd8\/s320\/21.jpg","contentUrl":"http:\/\/2.bp.blogspot.com\/-2Tgrz-cSG6Y\/UUQxHZOMipI\/AAAAAAAACwQ\/qSCj1XTODd8\/s320\/21.jpg"},{"@type":"BreadcrumbList","@id":"https:\/\/blogg.svenskakyrkan.se\/vandravagen\/2013\/04\/27\/bibellasningsskolan-del-ii-glom-allt-du-vet\/#breadcrumb","itemListElement":[{"@type":"ListItem","position":1,"name":"Hem","item":"https:\/\/blogg.svenskakyrkan.se\/vandravagen\/"},{"@type":"ListItem","position":2,"name":"Bibell\u00e4sningsskolan del II; gl\u00f6m allt du vet!"}]},{"@type":"WebSite","@id":"https:\/\/blogg.svenskakyrkan.se\/vandravagen\/#website","url":"https:\/\/blogg.svenskakyrkan.se\/vandravagen\/","name":"Vandra V\u00e4gen","description":"-Mot en tro f\u00f6r hela livet","publisher":{"@id":"https:\/\/blogg.svenskakyrkan.se\/vandravagen\/#organization"},"potentialAction":[{"@type":"SearchAction","target":{"@type":"EntryPoint","urlTemplate":"https:\/\/blogg.svenskakyrkan.se\/vandravagen\/?s={search_term_string}"},"query-input":{"@type":"PropertyValueSpecification","valueRequired":true,"valueName":"search_term_string"}}],"inLanguage":"sv-SE"},{"@type":"Organization","@id":"https:\/\/blogg.svenskakyrkan.se\/vandravagen\/#organization","name":"ulricehamns pastorat","alternateName":"ulricehamns pastorat","url":"https:\/\/blogg.svenskakyrkan.se\/vandravagen\/","logo":{"@type":"ImageObject","inLanguage":"sv-SE","@id":"https:\/\/blogg.svenskakyrkan.se\/vandravagen\/#\/schema\/logo\/image\/","url":"https:\/\/blogg.svenskakyrkan.se\/vandravagen\/files\/2023\/05\/Ulr_logo_RGB.png","contentUrl":"https:\/\/blogg.svenskakyrkan.se\/vandravagen\/files\/2023\/05\/Ulr_logo_RGB.png","width":205,"height":77,"caption":"ulricehamns pastorat"},"image":{"@id":"https:\/\/blogg.svenskakyrkan.se\/vandravagen\/#\/schema\/logo\/image\/"},"sameAs":["http:\/\/facebook.com\/vandravagen","https:\/\/x.com\/fadertomas","http:\/\/www.facebook.com\/svenskakyrkaniulricehamn"]},{"@type":"Person","@id":"https:\/\/blogg.svenskakyrkan.se\/vandravagen\/#\/schema\/person\/25da02d4f76b137d04291711e2c9fc16","name":"Tomas Jarvid","image":{"@type":"ImageObject","inLanguage":"sv-SE","@id":"https:\/\/blogg.svenskakyrkan.se\/vandravagen\/#\/schema\/person\/image\/","url":"https:\/\/secure.gravatar.com\/avatar\/7fa71899795e8f540f615a1f5ab25255dc27aa40f05ee7ddd21aac521e01bf50?s=96&d=identicon&r=g","contentUrl":"https:\/\/secure.gravatar.com\/avatar\/7fa71899795e8f540f615a1f5ab25255dc27aa40f05ee7ddd21aac521e01bf50?s=96&d=identicon&r=g","caption":"Tomas Jarvid"},"description":"Jag bor i Ulricehamn i V\u00e4sterg\u00f6tland och \u00e4r f\u00f6rsamlingspr\u00e4st i Svenska Kyrkan f\u00f6r Dalstorps f\u00f6rsamling i Kinds pastorat. P\u00e5 den h\u00e4r bloggen skriver jag ner tankar om vandringen som kristen.","sameAs":["http:\/\/www.vandravagen.se"],"url":"https:\/\/blogg.svenskakyrkan.se\/vandravagen\/author\/vandravagen\/"}]}},"author_meta":{"ID":"392","user_nicename":"vandravagen","user_url":"http:\/\/www.vandravagen.se","user_registered":"2014-05-19 05:44:52","display_name":"Tomas Jarvid","first_name":"Tomas","last_name":"Jarvid","avatar":"https:\/\/secure.gravatar.com\/avatar\/7fa71899795e8f540f615a1f5ab25255dc27aa40f05ee7ddd21aac521e01bf50?s=96&d=identicon&r=g"},"featured_image":false,"bloginfo":{"name":"Vandra V\u00e4gen","url":"https:\/\/blogg.svenskakyrkan.se\/vandravagen"},"_links":{"self":[{"href":"https:\/\/blogg.svenskakyrkan.se\/vandravagen\/wp-json\/wp\/v2\/posts\/597","targetHints":{"allow":["GET"]}}],"collection":[{"href":"https:\/\/blogg.svenskakyrkan.se\/vandravagen\/wp-json\/wp\/v2\/posts"}],"about":[{"href":"https:\/\/blogg.svenskakyrkan.se\/vandravagen\/wp-json\/wp\/v2\/types\/post"}],"author":[{"embeddable":true,"href":"https:\/\/blogg.svenskakyrkan.se\/vandravagen\/wp-json\/wp\/v2\/users\/392"}],"replies":[{"embeddable":true,"href":"https:\/\/blogg.svenskakyrkan.se\/vandravagen\/wp-json\/wp\/v2\/comments?post=597"}],"version-history":[{"count":0,"href":"https:\/\/blogg.svenskakyrkan.se\/vandravagen\/wp-json\/wp\/v2\/posts\/597\/revisions"}],"wp:attachment":[{"href":"https:\/\/blogg.svenskakyrkan.se\/vandravagen\/wp-json\/wp\/v2\/media?parent=597"}],"wp:term":[{"taxonomy":"category","embeddable":true,"href":"https:\/\/blogg.svenskakyrkan.se\/vandravagen\/wp-json\/wp\/v2\/categories?post=597"},{"taxonomy":"post_tag","embeddable":true,"href":"https:\/\/blogg.svenskakyrkan.se\/vandravagen\/wp-json\/wp\/v2\/tags?post=597"}],"curies":[{"name":"wp","href":"https:\/\/api.w.org\/{rel}","templated":true}]}}