{"id":5986,"date":"2017-11-06T07:00:32","date_gmt":"2017-11-06T06:00:32","guid":{"rendered":"http:\/\/blogg.svenskakyrkan.se\/vandravagen\/?p=5986"},"modified":"2017-11-05T22:15:47","modified_gmt":"2017-11-05T21:15:47","slug":"namnet-min-gud-och-for-gud-ar-alla-levande","status":"publish","type":"post","link":"https:\/\/blogg.svenskakyrkan.se\/vandravagen\/2017\/11\/06\/namnet-min-gud-och-for-gud-ar-alla-levande\/","title":{"rendered":"&#8221;Namnet&#8221;, &#8221;min Gud&#8221; och &#8221;f\u00f6r Gud \u00e4r alla levande&#8221;"},"content":{"rendered":"<p>H\u00e4r \u00e4r de ord jag sagt vid minnesgudstj\u00e4nsterna i samtliga v\u00e5ra kyrkor i helgen. Det \u00e4r ovanligt att jag upprepar samma predikan s\u00e5 m\u00e5nga g\u00e5nger och det blir f\u00f6rst\u00e5s r\u00e4tt tjatigt men ocks\u00e5 intressant, det \u00e4r stor skillnad att ha hunnit idissla igenom det s\u00e5 m\u00e5nga g\u00e5nger, man f\u00f6rst\u00e5r liksom b\u00e4ttre sj\u00e4lv vad det man s\u00e4ger handlar om.<\/p>\n<p>Detta \u00e4r egentligen tre helt olika betraktelser som var \u00e5tskilda av s\u00e5nger i sj\u00e4lva gudstj\u00e4nsterna. Sist ligger en dikt jag har lagt upp h\u00e4r tidigare. Jag v\u00e5gade aldrig anv\u00e4nda den d\u00e5 det kom till kritan eftersom jag var r\u00e4dd att det skulle kunna f\u00f6rv\u00e4rra sorgen f\u00f6r n\u00e5gon av misstag. Nu \u00e4r i alla fall allt med. Hoppas att det kan vara till gl\u00e4dje f\u00f6r dig!<\/p>\n<p>&nbsp;<\/p>\n<p>&nbsp;<\/p>\n<p><strong>Betraktelse del 1: Namnet<\/strong><\/p>\n<p>Jag l\u00e4ser fr\u00e5n Jesaja 43:1 i gamla testamentet. Gud talar till sitt folk genom profeten och s\u00e4ger:<\/p>\n<p>&nbsp;<\/p>\n<p>Nu s\u00e4ger Herren,<\/p>\n<p>han som har skapat dig, Jakob,<\/p>\n<p>han som har format dig, Israel:<\/p>\n<p>Var inte r\u00e4dd, jag har frik\u00f6pt dig,<\/p>\n<p>jag har gett dig ditt namn,\u00a0du\u00a0\u00e4r\u00a0min.<\/p>\n<p>jes 43:1<\/p>\n<p>&nbsp;<\/p>\n<p>Jag har gett dig ditt namn, du \u00e4r min. S\u00e5 talar Gud till Israel, till Jakob, till hans folk helt enkelt. Han har gjort dem till det de \u00e4r, eftersom de tillh\u00f6r honom. Vi f\u00e5r r\u00e4kna med oss d\u00e4r.<\/p>\n<p>Namn \u00e4r mycket viktiga i kyrkan och i den kristna tron. Det blir tydligt n\u00e4r man arbetar som pr\u00e4st f\u00f6r detta att h\u00e5lla ordning p\u00e5 namn \u00e4r en viktig sak. Ibland samlas vi kring ett litet barn som blir d\u00f6pt och d\u00e5 \u00e4r namnet viktigt. Namnet som noga valts ut \u00e5t barnet, redan d\u00e4r t\u00e4nker vi oss att namnet s\u00e4ger n\u00e5got om vem vi \u00e4r. Man kan f\u00e5 namn efter sina sl\u00e4ktingar, eller efter n\u00e5gon som \u00e4r viktig f\u00f6r f\u00f6r\u00e4ldrarna, ett s\u00e5 vackert namn de \u00f6ver huvud taget kan komma p\u00e5, och detta m\u00e4rkliga att det p\u00e5 n\u00e5got s\u00e4tt kan k\u00e4nnas att n\u00e5gon f\u00e5tt \u201dr\u00e4tt namn\u201d som passar just den personen. N\u00e4r vi kommer inf\u00f6r Gud med den som ska d\u00f6pas s\u00e5 s\u00e4ger vi det namnet. Och namnet fylls med \u00e4nnu mer inneh\u00e5ll i dopet. Det blir uttalat tillsammans med Fadern, Sonen och den Heliga Anden. F\u00f6r evigt h\u00f6r det samman med dem.<\/p>\n<p>Det s\u00e4gs att inget annat \u00e4r s\u00e5 vackert i v\u00e5ra \u00f6ron som att f\u00e5 h\u00f6ra v\u00e5rt eget namn s\u00e4gas. Med k\u00e4rlek givetvis. Det \u00e4r en inbjudan att vara med och h\u00f6ra till.<\/p>\n<p>Sedan \u00e5terkommer namnet. N\u00e4r man m\u00f6ts i vardagen och vid stora dagar. Vid vigslar \u00e4r pr\u00e4sten extra nerv\u00f6s att f\u00e5 det r\u00e4tt med namnen, nu ska v\u00e5rt namn f\u00f6ras samman med ett annat. En vi ska vara ett med p\u00e5 samma s\u00e4tt som i dopet och d\u00e5 vill man inte missa.<\/p>\n<p>Idag n\u00e4r vi \u00e4r samlade till minnesgudstj\u00e4nst t\u00e4nker jag framf\u00f6rallt p\u00e5 begravning. Gud v\u00e5r Fader, vi \u00f6verl\u00e4mnar (och s\u00e5 den saknades namn) i dina h\u00e4nder. Du gav livet, ta emot i din frid, ge f\u00f6r Kristi skull en gl\u00e4djerik uppst\u00e5ndelse.<\/p>\n<p>D\u00e5 stavar jag p\u00e5 orden fr\u00e5n Jesaja: Var inte r\u00e4dd, jag har frik\u00f6pt dig, jag har kallat dig vid namn, du \u00e4r min.<\/p>\n<p>Vi l\u00e4ser namn h\u00e4r och t\u00e4nder ljus, minns och ber. Vi viskar kanske tyst namnet p\u00e5 fler som vi \u00e4lskar och saknar, och det \u00e4r som att namnet f\u00f6r fram en hel v\u00e4rld av minnen, s\u00e5dant vi f\u00f6rknippar med ljudet av detta namn. Platser, h\u00e4ndelser, k\u00e4nslor. Det kan vara sk\u00f6nt att t\u00e4nka, \u00e4ven Gud k\u00e4nner detta namn, det ska aldrig gl\u00f6mmas bort utan forts\u00e4tta viskas med \u00f6mhet.<\/p>\n<p>&nbsp;<\/p>\n<p><strong>Betraktelse del 2: Min Gud<\/strong><\/p>\n<p>Jag har kallat dig vid namn, du \u00e4r min. Vi v\u00e4nder och vrider p\u00e5 de sista orden. De finns p\u00e5 m\u00e5nga st\u00e4llen i bibeln. I Psaltaren 118:28 st\u00e5r det: Du\u00a0\u00e4r\u00a0min\u00a0Gud, jag vill tacka dig. Min Gud, jag vill h\u00f6ja ditt lov.<\/p>\n<p>Min Gud. Det \u00e4r v\u00e4ldiga ord att f\u00e5 ta i sin mun. Det \u00e4r sv\u00e5rt ibland redan mellan m\u00e4nniskor att s\u00e4ga min. V\u00e5gar jag s\u00e4ga att den h\u00e4r personen \u00e4r min v\u00e4n, st\u00e5r vi varandra s\u00e5 n\u00e4ra eller kommer han tycka att vi ju bara \u00e4r bekanta? Man kan smaka p\u00e5 ordet om den man lever eller levt tillsammans med, vi s\u00e4ger \u201dMin k\u00e4resta\u201d men \u00e4r hon min egentligen, hon \u00e4r ju sin egen? \u201dMin\u201d beh\u00f6ver ju inte betyda att man \u00e4ger n\u00e5gon men det s\u00e4ger ju att fr\u00e5gar du mig s\u00e5 h\u00f6r vi ihop. S\u00e5 s\u00e4ger den som skrivit psalmen om Gud sj\u00e4lv. En del m\u00e4nniskor kanske verkligen har problem med detta och betraktar Gud som en springpojke som jag kan styra \u00f6ver, det f\u00e5r vi f\u00f6rst\u00e5s inte g\u00f6ra, men Gud har inget emot att vara din. Vi f\u00e5r tilltala honom vid namn. Vid m\u00e5nga olika namn genom bibeln som avsl\u00f6jar olika saker om vem Gud \u00e4r, mest av allt f\u00e5r vi tala till Gud vid namnet Jesus. S\u00e5 som han visat sig f\u00f6r oss f\u00f6r att vi ska kunna k\u00e4nna honom p\u00e5 ett s\u00e4tt som \u00e4r begripligt f\u00f6r m\u00e4nniskor.<\/p>\n<p>&nbsp;<\/p>\n<p>Jesus sade ocks\u00e5 \u201dMin\u201d d\u00e4r han gick fram i galileen. \u201dMitt barn, dina synder \u00e4r dig f\u00f6rl\u00e5tna\u201d. Och han s\u00e4ger \u201dMin\u201d om Gud och i detta f\u00e5r vi g\u00f6ra som honom. Jesus \u00e4r garanten f\u00f6r att Gud vet n\u00e5got om hur vi har det, hur det \u00e4r att vara m\u00e4nniska. Han delar v\u00e5ra sv\u00e5ra stunder ocks\u00e5.<\/p>\n<p>Det finns ett annat st\u00e4lle i psaltaren d\u00e4r psalmskrivaren skriver om \u201dMin Gud\u201d, d\u00e5 \u00e4r det inte f\u00f6r att tacka och h\u00f6ja lov utan f\u00f6r att klaga. I psalm 22 skriver n\u00e5gon att han ju vet mycket v\u00e4l att Gud brukar beskrivas som god och som den som r\u00e4ddar och fr\u00e4lser, men s\u00e5 \u00e4r det inte f\u00f6r mig s\u00e4ger han. <strong>Min Gud, min Gud varf\u00f6r har du \u00f6vergivit mig, jag ropar f\u00f6rtvivlat men du \u00e4r l\u00e5ngt borta.<\/strong> Det finns ju olika s\u00e4tt att tro p\u00e5 Gud. Man kan fundera filosofiskt om Guds existens och s\u00e5 men det som betyder n\u00e5got f\u00f6r oss \u00e4r ju \u201dfinns det n\u00e5gon som bryr sig om mig och har kraft och vilja att hj\u00e4lpa mig nu\u201d.<\/p>\n<p>&nbsp;<\/p>\n<p>De orden tar Jesus i sin mun d\u00e5 han h\u00e4nger p\u00e5 korset. Min Gud, min Gud, varf\u00f6r har du \u00f6vergivit mig. Han s\u00e4ger min. Han har l\u00e4rt sig att Gud \u00e4r hans Gud men nu \u00e4r det s\u00e5 hoppl\u00f6st.<\/p>\n<p>&nbsp;<\/p>\n<p>N\u00e4r Jesus s\u00e4ger de orden f\u00f6rvandlar han dem f\u00f6r oss. N\u00e4r vi ropar f\u00f6rtvivlat till Gud om hur \u00f6vergivna vi \u00e4r s\u00e5 g\u00f6r vi det med Jesu egna ord. Tillsammans med honom. Och d\u00e5 \u00e4r han med ens m\u00e4rkligt n\u00e4ra. Delar det sv\u00e5ra vi st\u00e5r i.<\/p>\n<p>Jag har kallat dig vid namn, du \u00e4r min. S\u00e5 f\u00e5r vi g\u00f6ra anspr\u00e5k p\u00e5 att \u00e4ga Gud som v\u00e5r.<\/p>\n<p>&nbsp;<\/p>\n<p>&nbsp;<\/p>\n<p><strong>Betraktelse del 3: F\u00f6r Gud \u00e4r alla levande<\/strong><\/p>\n<p>VI l\u00e4ser i v\u00e5ra l\u00e4sningar idag: Josua s\u00e4ger. L\u00e5t oss g\u00e5 runt i l\u00e4gret och samla proviant, om tre dagar ska ni g\u00e5 \u00f6ver Jordan och komma till det land som Herren, ER Gud ger er och ta det i besittning.<\/p>\n<p>Den l\u00e5nga ber\u00e4ttelsen i bibeln om hur Israels folk blir befriade ur Egypten, blir ledda genom \u00f6knen av Mose och av Gud sj\u00e4lv, forts\u00e4tter i Josuaboken d\u00e5 de ska komma fram. De har hela tiden varit p\u00e5 v\u00e4g fr\u00e5n det v\u00e4lk\u00e4nda mot det ok\u00e4nda. Det var ganska sv\u00e5rt f\u00f6r dem. Sv\u00e5ra stunder i \u00f6knen \u00f6nskade de att de hade varit kvar som slavar ist\u00e4llet men Herren Gud var med dem och ledde dem som en molnpelare om dagen och som en eldpelare om natten, de var inte ensamma och trots allt fortsatte dem. S\u00e5 kan vi se p\u00e5 v\u00e5ra liv ocks\u00e5. P\u00e5 ett s\u00e4tt \u00e4r vi alltid p\u00e5 v\u00e4g in i det ok\u00e4nda, morgondagen vet vi ju inget om. Ofta \u00e4r det sig likt fr\u00e5n dag till dag, men vi vet ju inte. Och m\u00e5nga g\u00e5nger m\u00e5ste vi bryta nya v\u00e4gar. \u00c4ven vi har l\u00f6fte om att Gud \u00e4r med. I dopet l\u00e4stes det f\u00f6r oss \u201d<strong>Jag \u00e4r med dig alla dagar till tidens slut<\/strong>\u201d som l\u00f6fte till oss.<\/p>\n<p>Den kristna tron \u00e4r till f\u00f6r levande m\u00e4nniskor. F\u00f6r oss h\u00e4r och nu som f\u00e5r leva i gemenskap med Gud. Jesus utmanar det i evangeliet idag n\u00e4r han talar om Abrahamns och Isaks och Jakobs Gud. Gud \u00e4r inte en Gud f\u00f6r d\u00f6da utan f\u00f6r levande, f\u00f6r honom \u00e4r alla levande. Det kan se ut som en lek med orden men Jesus om n\u00e5gon borde ju veta, att f\u00f6r Gud \u00e4r alla levande.<\/p>\n<p>Josua \u00e4r den som ska f\u00f6ra folket in i landet de blivit lovade. De ska f\u00f6rbereda sig och g\u00e5 \u00f6ver floden Jordan, i gamla gospel och negro spirituals \u00e4r det en vanlig bild f\u00f6r att l\u00e4mna detta liv och g\u00e5 \u00f6ver till n\u00e5got annat. De har h\u00f6rt mycket om landet p\u00e5 andra sidan men ingen av dem har sett det. Men Josua ska leda dem \u00f6ver dit och ta hand om dem p\u00e5 v\u00e4gen. Josua \u00e4r i sj\u00e4lva verket det hebreiska s\u00e4ttet att s\u00e4ga samma namn som vi brukar s\u00e4ga: Jesus. Jesus \u00e4r den som hittar v\u00e4gen \u00f6ver floden f\u00f6r den andra sidan \u00e4r inte ok\u00e4nd f\u00f6r honom. Vi beh\u00f6ver inte g\u00e5 in i det ok\u00e4nda ensamma. Jesus p\u00e5minner ocks\u00e5 om Gud som ledde in i det ok\u00e4nda som en eldpelare om natten i m\u00f6rkret n\u00e4r han s\u00e4ger oss (ocks\u00e5 detta s\u00e4gs i dopet): Jag \u00e4r v\u00e4rldens ljus. Den som f\u00f6ljer mig ska inte vandra i m\u00f6rker utan ha livets ljus. L\u00e5t oss f\u00f6lja honom varje dag, in i de sm\u00e5 vardagliga h\u00e4ndelserna, ta honom allt fastare i handen ju mer vi m\u00e5ste ut i ok\u00e4nd terr\u00e4ng och lita p\u00e5 att \u00e4ven n\u00e4r vi n\u00e5r gr\u00e4nsen f\u00f6r n\u00e4r ingen annan m\u00e4nniska kan veta vad som v\u00e4ntar oss, n\u00e4r d\u00f6den ligger som en m\u00f6rk flod framf\u00f6r oss. S\u00e5 \u00e4r Jesus fast besluten att leda oss till andra sidan, och ge oss ett hem tillsammans med sig.<\/p>\n<p>&nbsp;<\/p>\n<p><strong>Dikt p\u00e5 hemresedagen fr\u00e5n BB<\/strong><\/p>\n<p>Hemresedagen, ett ord som \u00e4r som poesi<\/p>\n<p>L\u00e4gg all tv\u00e4tt i milj\u00f6rum, soporna ocks\u00e5.<\/p>\n<p>N\u00e5gra f\u00e5\u00a0dagar har detta varit ditt hem<\/p>\n<p>det enda hem du n\u00e5gonsin haft<\/p>\n<p>du som levt ett s\u00e5 kort liv p\u00e5 jorden.<\/p>\n<p>\u00c4nd\u00e5 \u00e4r det nu du reser hem,<\/p>\n<p>till ett st\u00f6rre liv utanf\u00f6r detta hus\u00a0v\u00e4ggar.<\/p>\n<p>Var lugn, du f\u00e5r f\u00f6lja med din mor och far.<\/p>\n<p>Som du reser ska ocks\u00e5 jag resa<\/p>\n<p>efter min korta tid under solen.<\/p>\n","protected":false},"excerpt":{"rendered":"<p>H\u00e4r \u00e4r de ord jag sagt vid minnesgudstj\u00e4nsterna i samtliga v\u00e5ra kyrkor i helgen. Det \u00e4r ovanligt att jag upprepar samma predikan s\u00e5 m\u00e5nga g\u00e5nger och det blir f\u00f6rst\u00e5s r\u00e4tt tjatigt men ocks\u00e5 intressant, det \u00e4r stor skillnad att ha hunnit idissla igenom det s\u00e5 m\u00e5nga g\u00e5nger, man f\u00f6rst\u00e5r liksom b\u00e4ttre sj\u00e4lv vad det man [&hellip;]<\/p>\n","protected":false},"author":392,"featured_media":5988,"comment_status":"open","ping_status":"open","sticky":false,"template":"","format":"standard","meta":{"_acf_changed":false,"footnotes":""},"categories":[76189,8252,114],"tags":[],"class_list":["post-5986","post","type-post","status-publish","format-standard","has-post-thumbnail","hentry","category-dagens-kyrka","category-kyrkoaret","category-predikan"],"acf":[],"yoast_head":"<!-- This site is optimized with the Yoast SEO plugin v27.1.1 - https:\/\/yoast.com\/product\/yoast-seo-wordpress\/ -->\n<title>&quot;Namnet&quot;, &quot;min Gud&quot; och &quot;f\u00f6r Gud \u00e4r alla levande&quot; - Vandra V\u00e4gen<\/title>\n<meta name=\"robots\" content=\"index, follow, max-snippet:-1, max-image-preview:large, max-video-preview:-1\" \/>\n<link rel=\"canonical\" href=\"https:\/\/blogg.svenskakyrkan.se\/vandravagen\/2017\/11\/06\/namnet-min-gud-och-for-gud-ar-alla-levande\/\" \/>\n<meta property=\"og:locale\" content=\"sv_SE\" \/>\n<meta property=\"og:type\" content=\"article\" \/>\n<meta property=\"og:title\" content=\"&quot;Namnet&quot;, &quot;min Gud&quot; och &quot;f\u00f6r Gud \u00e4r alla levande&quot; - Vandra V\u00e4gen\" \/>\n<meta property=\"og:description\" content=\"H\u00e4r \u00e4r de ord jag sagt vid minnesgudstj\u00e4nsterna i samtliga v\u00e5ra kyrkor i helgen. Det \u00e4r ovanligt att jag upprepar samma predikan s\u00e5 m\u00e5nga g\u00e5nger och det blir f\u00f6rst\u00e5s r\u00e4tt tjatigt men ocks\u00e5 intressant, det \u00e4r stor skillnad att ha hunnit idissla igenom det s\u00e5 m\u00e5nga g\u00e5nger, man f\u00f6rst\u00e5r liksom b\u00e4ttre sj\u00e4lv vad det man [&hellip;]\" \/>\n<meta property=\"og:url\" content=\"https:\/\/blogg.svenskakyrkan.se\/vandravagen\/2017\/11\/06\/namnet-min-gud-och-for-gud-ar-alla-levande\/\" \/>\n<meta property=\"og:site_name\" content=\"Vandra V\u00e4gen\" \/>\n<meta property=\"article:publisher\" content=\"http:\/\/facebook.com\/vandravagen\" \/>\n<meta property=\"article:published_time\" content=\"2017-11-06T06:00:32+00:00\" \/>\n<meta name=\"author\" content=\"Tomas Jarvid\" \/>\n<meta name=\"twitter:card\" content=\"summary_large_image\" \/>\n<meta name=\"twitter:creator\" content=\"@fadertomas\" \/>\n<meta name=\"twitter:site\" content=\"@fadertomas\" \/>\n<meta name=\"twitter:label1\" content=\"Skriven av\" \/>\n\t<meta name=\"twitter:data1\" content=\"Tomas Jarvid\" \/>\n\t<meta name=\"twitter:label2\" content=\"Ber\u00e4knad l\u00e4stid\" \/>\n\t<meta name=\"twitter:data2\" content=\"10 minuter\" \/>\n<script type=\"application\/ld+json\" class=\"yoast-schema-graph\">{\"@context\":\"https:\/\/schema.org\",\"@graph\":[{\"@type\":\"Article\",\"@id\":\"https:\/\/blogg.svenskakyrkan.se\/vandravagen\/2017\/11\/06\/namnet-min-gud-och-for-gud-ar-alla-levande\/#article\",\"isPartOf\":{\"@id\":\"https:\/\/blogg.svenskakyrkan.se\/vandravagen\/2017\/11\/06\/namnet-min-gud-och-for-gud-ar-alla-levande\/\"},\"author\":{\"name\":\"Tomas Jarvid\",\"@id\":\"https:\/\/blogg.svenskakyrkan.se\/vandravagen\/#\/schema\/person\/25da02d4f76b137d04291711e2c9fc16\"},\"headline\":\"&#8221;Namnet&#8221;, &#8221;min Gud&#8221; och &#8221;f\u00f6r Gud \u00e4r alla levande&#8221;\",\"datePublished\":\"2017-11-06T06:00:32+00:00\",\"mainEntityOfPage\":{\"@id\":\"https:\/\/blogg.svenskakyrkan.se\/vandravagen\/2017\/11\/06\/namnet-min-gud-och-for-gud-ar-alla-levande\/\"},\"wordCount\":2020,\"commentCount\":2,\"publisher\":{\"@id\":\"https:\/\/blogg.svenskakyrkan.se\/vandravagen\/#organization\"},\"image\":{\"@id\":\"https:\/\/blogg.svenskakyrkan.se\/vandravagen\/2017\/11\/06\/namnet-min-gud-och-for-gud-ar-alla-levande\/#primaryimage\"},\"thumbnailUrl\":\"https:\/\/blogg.svenskakyrkan.se\/vandravagen\/files\/2017\/11\/IMG_3703.jpg\",\"articleSection\":[\"Dagens Kyrka\",\"kyrko\u00e5ret\",\"predikan\"],\"inLanguage\":\"sv-SE\",\"potentialAction\":[{\"@type\":\"CommentAction\",\"name\":\"Comment\",\"target\":[\"https:\/\/blogg.svenskakyrkan.se\/vandravagen\/2017\/11\/06\/namnet-min-gud-och-for-gud-ar-alla-levande\/#respond\"]}]},{\"@type\":\"WebPage\",\"@id\":\"https:\/\/blogg.svenskakyrkan.se\/vandravagen\/2017\/11\/06\/namnet-min-gud-och-for-gud-ar-alla-levande\/\",\"url\":\"https:\/\/blogg.svenskakyrkan.se\/vandravagen\/2017\/11\/06\/namnet-min-gud-och-for-gud-ar-alla-levande\/\",\"name\":\"\\\"Namnet\\\", \\\"min Gud\\\" och \\\"f\u00f6r Gud \u00e4r alla levande\\\" - Vandra V\u00e4gen\",\"isPartOf\":{\"@id\":\"https:\/\/blogg.svenskakyrkan.se\/vandravagen\/#website\"},\"primaryImageOfPage\":{\"@id\":\"https:\/\/blogg.svenskakyrkan.se\/vandravagen\/2017\/11\/06\/namnet-min-gud-och-for-gud-ar-alla-levande\/#primaryimage\"},\"image\":{\"@id\":\"https:\/\/blogg.svenskakyrkan.se\/vandravagen\/2017\/11\/06\/namnet-min-gud-och-for-gud-ar-alla-levande\/#primaryimage\"},\"thumbnailUrl\":\"https:\/\/blogg.svenskakyrkan.se\/vandravagen\/files\/2017\/11\/IMG_3703.jpg\",\"datePublished\":\"2017-11-06T06:00:32+00:00\",\"breadcrumb\":{\"@id\":\"https:\/\/blogg.svenskakyrkan.se\/vandravagen\/2017\/11\/06\/namnet-min-gud-och-for-gud-ar-alla-levande\/#breadcrumb\"},\"inLanguage\":\"sv-SE\",\"potentialAction\":[{\"@type\":\"ReadAction\",\"target\":[\"https:\/\/blogg.svenskakyrkan.se\/vandravagen\/2017\/11\/06\/namnet-min-gud-och-for-gud-ar-alla-levande\/\"]}]},{\"@type\":\"ImageObject\",\"inLanguage\":\"sv-SE\",\"@id\":\"https:\/\/blogg.svenskakyrkan.se\/vandravagen\/2017\/11\/06\/namnet-min-gud-och-for-gud-ar-alla-levande\/#primaryimage\",\"url\":\"https:\/\/blogg.svenskakyrkan.se\/vandravagen\/files\/2017\/11\/IMG_3703.jpg\",\"contentUrl\":\"https:\/\/blogg.svenskakyrkan.se\/vandravagen\/files\/2017\/11\/IMG_3703.jpg\",\"width\":1079,\"height\":1200,\"caption\":\"Uppst\u00e5ndelsen \u00e4r v\u00e5rt hopp.\"},{\"@type\":\"BreadcrumbList\",\"@id\":\"https:\/\/blogg.svenskakyrkan.se\/vandravagen\/2017\/11\/06\/namnet-min-gud-och-for-gud-ar-alla-levande\/#breadcrumb\",\"itemListElement\":[{\"@type\":\"ListItem\",\"position\":1,\"name\":\"Hem\",\"item\":\"https:\/\/blogg.svenskakyrkan.se\/vandravagen\/\"},{\"@type\":\"ListItem\",\"position\":2,\"name\":\"&#8221;Namnet&#8221;, &#8221;min Gud&#8221; och &#8221;f\u00f6r Gud \u00e4r alla levande&#8221;\"}]},{\"@type\":\"WebSite\",\"@id\":\"https:\/\/blogg.svenskakyrkan.se\/vandravagen\/#website\",\"url\":\"https:\/\/blogg.svenskakyrkan.se\/vandravagen\/\",\"name\":\"Vandra V\u00e4gen\",\"description\":\"-Mot en tro f\u00f6r hela livet\",\"publisher\":{\"@id\":\"https:\/\/blogg.svenskakyrkan.se\/vandravagen\/#organization\"},\"potentialAction\":[{\"@type\":\"SearchAction\",\"target\":{\"@type\":\"EntryPoint\",\"urlTemplate\":\"https:\/\/blogg.svenskakyrkan.se\/vandravagen\/?s={search_term_string}\"},\"query-input\":{\"@type\":\"PropertyValueSpecification\",\"valueRequired\":true,\"valueName\":\"search_term_string\"}}],\"inLanguage\":\"sv-SE\"},{\"@type\":\"Organization\",\"@id\":\"https:\/\/blogg.svenskakyrkan.se\/vandravagen\/#organization\",\"name\":\"ulricehamns pastorat\",\"alternateName\":\"ulricehamns pastorat\",\"url\":\"https:\/\/blogg.svenskakyrkan.se\/vandravagen\/\",\"logo\":{\"@type\":\"ImageObject\",\"inLanguage\":\"sv-SE\",\"@id\":\"https:\/\/blogg.svenskakyrkan.se\/vandravagen\/#\/schema\/logo\/image\/\",\"url\":\"https:\/\/blogg.svenskakyrkan.se\/vandravagen\/files\/2023\/05\/Ulr_logo_RGB.png\",\"contentUrl\":\"https:\/\/blogg.svenskakyrkan.se\/vandravagen\/files\/2023\/05\/Ulr_logo_RGB.png\",\"width\":205,\"height\":77,\"caption\":\"ulricehamns pastorat\"},\"image\":{\"@id\":\"https:\/\/blogg.svenskakyrkan.se\/vandravagen\/#\/schema\/logo\/image\/\"},\"sameAs\":[\"http:\/\/facebook.com\/vandravagen\",\"https:\/\/x.com\/fadertomas\",\"http:\/\/www.facebook.com\/svenskakyrkaniulricehamn\"]},{\"@type\":\"Person\",\"@id\":\"https:\/\/blogg.svenskakyrkan.se\/vandravagen\/#\/schema\/person\/25da02d4f76b137d04291711e2c9fc16\",\"name\":\"Tomas Jarvid\",\"image\":{\"@type\":\"ImageObject\",\"inLanguage\":\"sv-SE\",\"@id\":\"https:\/\/blogg.svenskakyrkan.se\/vandravagen\/#\/schema\/person\/image\/\",\"url\":\"https:\/\/secure.gravatar.com\/avatar\/7fa71899795e8f540f615a1f5ab25255dc27aa40f05ee7ddd21aac521e01bf50?s=96&d=identicon&r=g\",\"contentUrl\":\"https:\/\/secure.gravatar.com\/avatar\/7fa71899795e8f540f615a1f5ab25255dc27aa40f05ee7ddd21aac521e01bf50?s=96&d=identicon&r=g\",\"caption\":\"Tomas Jarvid\"},\"description\":\"Jag bor i Ulricehamn i V\u00e4sterg\u00f6tland och \u00e4r f\u00f6rsamlingspr\u00e4st i Svenska Kyrkan f\u00f6r Dalstorps f\u00f6rsamling i Kinds pastorat. P\u00e5 den h\u00e4r bloggen skriver jag ner tankar om vandringen som kristen.\",\"sameAs\":[\"http:\/\/www.vandravagen.se\"],\"url\":\"https:\/\/blogg.svenskakyrkan.se\/vandravagen\/author\/vandravagen\/\"}]}<\/script>\n<!-- \/ Yoast SEO plugin. -->","yoast_head_json":{"title":"\"Namnet\", \"min Gud\" och \"f\u00f6r Gud \u00e4r alla levande\" - Vandra V\u00e4gen","robots":{"index":"index","follow":"follow","max-snippet":"max-snippet:-1","max-image-preview":"max-image-preview:large","max-video-preview":"max-video-preview:-1"},"canonical":"https:\/\/blogg.svenskakyrkan.se\/vandravagen\/2017\/11\/06\/namnet-min-gud-och-for-gud-ar-alla-levande\/","og_locale":"sv_SE","og_type":"article","og_title":"\"Namnet\", \"min Gud\" och \"f\u00f6r Gud \u00e4r alla levande\" - Vandra V\u00e4gen","og_description":"H\u00e4r \u00e4r de ord jag sagt vid minnesgudstj\u00e4nsterna i samtliga v\u00e5ra kyrkor i helgen. Det \u00e4r ovanligt att jag upprepar samma predikan s\u00e5 m\u00e5nga g\u00e5nger och det blir f\u00f6rst\u00e5s r\u00e4tt tjatigt men ocks\u00e5 intressant, det \u00e4r stor skillnad att ha hunnit idissla igenom det s\u00e5 m\u00e5nga g\u00e5nger, man f\u00f6rst\u00e5r liksom b\u00e4ttre sj\u00e4lv vad det man [&hellip;]","og_url":"https:\/\/blogg.svenskakyrkan.se\/vandravagen\/2017\/11\/06\/namnet-min-gud-och-for-gud-ar-alla-levande\/","og_site_name":"Vandra V\u00e4gen","article_publisher":"http:\/\/facebook.com\/vandravagen","article_published_time":"2017-11-06T06:00:32+00:00","author":"Tomas Jarvid","twitter_card":"summary_large_image","twitter_creator":"@fadertomas","twitter_site":"@fadertomas","twitter_misc":{"Skriven av":"Tomas Jarvid","Ber\u00e4knad l\u00e4stid":"10 minuter"},"schema":{"@context":"https:\/\/schema.org","@graph":[{"@type":"Article","@id":"https:\/\/blogg.svenskakyrkan.se\/vandravagen\/2017\/11\/06\/namnet-min-gud-och-for-gud-ar-alla-levande\/#article","isPartOf":{"@id":"https:\/\/blogg.svenskakyrkan.se\/vandravagen\/2017\/11\/06\/namnet-min-gud-och-for-gud-ar-alla-levande\/"},"author":{"name":"Tomas Jarvid","@id":"https:\/\/blogg.svenskakyrkan.se\/vandravagen\/#\/schema\/person\/25da02d4f76b137d04291711e2c9fc16"},"headline":"&#8221;Namnet&#8221;, &#8221;min Gud&#8221; och &#8221;f\u00f6r Gud \u00e4r alla levande&#8221;","datePublished":"2017-11-06T06:00:32+00:00","mainEntityOfPage":{"@id":"https:\/\/blogg.svenskakyrkan.se\/vandravagen\/2017\/11\/06\/namnet-min-gud-och-for-gud-ar-alla-levande\/"},"wordCount":2020,"commentCount":2,"publisher":{"@id":"https:\/\/blogg.svenskakyrkan.se\/vandravagen\/#organization"},"image":{"@id":"https:\/\/blogg.svenskakyrkan.se\/vandravagen\/2017\/11\/06\/namnet-min-gud-och-for-gud-ar-alla-levande\/#primaryimage"},"thumbnailUrl":"https:\/\/blogg.svenskakyrkan.se\/vandravagen\/files\/2017\/11\/IMG_3703.jpg","articleSection":["Dagens Kyrka","kyrko\u00e5ret","predikan"],"inLanguage":"sv-SE","potentialAction":[{"@type":"CommentAction","name":"Comment","target":["https:\/\/blogg.svenskakyrkan.se\/vandravagen\/2017\/11\/06\/namnet-min-gud-och-for-gud-ar-alla-levande\/#respond"]}]},{"@type":"WebPage","@id":"https:\/\/blogg.svenskakyrkan.se\/vandravagen\/2017\/11\/06\/namnet-min-gud-och-for-gud-ar-alla-levande\/","url":"https:\/\/blogg.svenskakyrkan.se\/vandravagen\/2017\/11\/06\/namnet-min-gud-och-for-gud-ar-alla-levande\/","name":"\"Namnet\", \"min Gud\" och \"f\u00f6r Gud \u00e4r alla levande\" - Vandra V\u00e4gen","isPartOf":{"@id":"https:\/\/blogg.svenskakyrkan.se\/vandravagen\/#website"},"primaryImageOfPage":{"@id":"https:\/\/blogg.svenskakyrkan.se\/vandravagen\/2017\/11\/06\/namnet-min-gud-och-for-gud-ar-alla-levande\/#primaryimage"},"image":{"@id":"https:\/\/blogg.svenskakyrkan.se\/vandravagen\/2017\/11\/06\/namnet-min-gud-och-for-gud-ar-alla-levande\/#primaryimage"},"thumbnailUrl":"https:\/\/blogg.svenskakyrkan.se\/vandravagen\/files\/2017\/11\/IMG_3703.jpg","datePublished":"2017-11-06T06:00:32+00:00","breadcrumb":{"@id":"https:\/\/blogg.svenskakyrkan.se\/vandravagen\/2017\/11\/06\/namnet-min-gud-och-for-gud-ar-alla-levande\/#breadcrumb"},"inLanguage":"sv-SE","potentialAction":[{"@type":"ReadAction","target":["https:\/\/blogg.svenskakyrkan.se\/vandravagen\/2017\/11\/06\/namnet-min-gud-och-for-gud-ar-alla-levande\/"]}]},{"@type":"ImageObject","inLanguage":"sv-SE","@id":"https:\/\/blogg.svenskakyrkan.se\/vandravagen\/2017\/11\/06\/namnet-min-gud-och-for-gud-ar-alla-levande\/#primaryimage","url":"https:\/\/blogg.svenskakyrkan.se\/vandravagen\/files\/2017\/11\/IMG_3703.jpg","contentUrl":"https:\/\/blogg.svenskakyrkan.se\/vandravagen\/files\/2017\/11\/IMG_3703.jpg","width":1079,"height":1200,"caption":"Uppst\u00e5ndelsen \u00e4r v\u00e5rt hopp."},{"@type":"BreadcrumbList","@id":"https:\/\/blogg.svenskakyrkan.se\/vandravagen\/2017\/11\/06\/namnet-min-gud-och-for-gud-ar-alla-levande\/#breadcrumb","itemListElement":[{"@type":"ListItem","position":1,"name":"Hem","item":"https:\/\/blogg.svenskakyrkan.se\/vandravagen\/"},{"@type":"ListItem","position":2,"name":"&#8221;Namnet&#8221;, &#8221;min Gud&#8221; och &#8221;f\u00f6r Gud \u00e4r alla levande&#8221;"}]},{"@type":"WebSite","@id":"https:\/\/blogg.svenskakyrkan.se\/vandravagen\/#website","url":"https:\/\/blogg.svenskakyrkan.se\/vandravagen\/","name":"Vandra V\u00e4gen","description":"-Mot en tro f\u00f6r hela livet","publisher":{"@id":"https:\/\/blogg.svenskakyrkan.se\/vandravagen\/#organization"},"potentialAction":[{"@type":"SearchAction","target":{"@type":"EntryPoint","urlTemplate":"https:\/\/blogg.svenskakyrkan.se\/vandravagen\/?s={search_term_string}"},"query-input":{"@type":"PropertyValueSpecification","valueRequired":true,"valueName":"search_term_string"}}],"inLanguage":"sv-SE"},{"@type":"Organization","@id":"https:\/\/blogg.svenskakyrkan.se\/vandravagen\/#organization","name":"ulricehamns pastorat","alternateName":"ulricehamns pastorat","url":"https:\/\/blogg.svenskakyrkan.se\/vandravagen\/","logo":{"@type":"ImageObject","inLanguage":"sv-SE","@id":"https:\/\/blogg.svenskakyrkan.se\/vandravagen\/#\/schema\/logo\/image\/","url":"https:\/\/blogg.svenskakyrkan.se\/vandravagen\/files\/2023\/05\/Ulr_logo_RGB.png","contentUrl":"https:\/\/blogg.svenskakyrkan.se\/vandravagen\/files\/2023\/05\/Ulr_logo_RGB.png","width":205,"height":77,"caption":"ulricehamns pastorat"},"image":{"@id":"https:\/\/blogg.svenskakyrkan.se\/vandravagen\/#\/schema\/logo\/image\/"},"sameAs":["http:\/\/facebook.com\/vandravagen","https:\/\/x.com\/fadertomas","http:\/\/www.facebook.com\/svenskakyrkaniulricehamn"]},{"@type":"Person","@id":"https:\/\/blogg.svenskakyrkan.se\/vandravagen\/#\/schema\/person\/25da02d4f76b137d04291711e2c9fc16","name":"Tomas Jarvid","image":{"@type":"ImageObject","inLanguage":"sv-SE","@id":"https:\/\/blogg.svenskakyrkan.se\/vandravagen\/#\/schema\/person\/image\/","url":"https:\/\/secure.gravatar.com\/avatar\/7fa71899795e8f540f615a1f5ab25255dc27aa40f05ee7ddd21aac521e01bf50?s=96&d=identicon&r=g","contentUrl":"https:\/\/secure.gravatar.com\/avatar\/7fa71899795e8f540f615a1f5ab25255dc27aa40f05ee7ddd21aac521e01bf50?s=96&d=identicon&r=g","caption":"Tomas Jarvid"},"description":"Jag bor i Ulricehamn i V\u00e4sterg\u00f6tland och \u00e4r f\u00f6rsamlingspr\u00e4st i Svenska Kyrkan f\u00f6r Dalstorps f\u00f6rsamling i Kinds pastorat. P\u00e5 den h\u00e4r bloggen skriver jag ner tankar om vandringen som kristen.","sameAs":["http:\/\/www.vandravagen.se"],"url":"https:\/\/blogg.svenskakyrkan.se\/vandravagen\/author\/vandravagen\/"}]}},"author_meta":{"ID":"392","user_nicename":"vandravagen","user_url":"http:\/\/www.vandravagen.se","user_registered":"2014-05-19 05:44:52","display_name":"Tomas Jarvid","first_name":"Tomas","last_name":"Jarvid","avatar":"https:\/\/secure.gravatar.com\/avatar\/7fa71899795e8f540f615a1f5ab25255dc27aa40f05ee7ddd21aac521e01bf50?s=96&d=identicon&r=g"},"featured_image":["https:\/\/blogg.svenskakyrkan.se\/vandravagen\/files\/2017\/11\/IMG_3703-1024x1139.jpg",1024,1139,true],"bloginfo":{"name":"Vandra V\u00e4gen","url":"https:\/\/blogg.svenskakyrkan.se\/vandravagen"},"_links":{"self":[{"href":"https:\/\/blogg.svenskakyrkan.se\/vandravagen\/wp-json\/wp\/v2\/posts\/5986","targetHints":{"allow":["GET"]}}],"collection":[{"href":"https:\/\/blogg.svenskakyrkan.se\/vandravagen\/wp-json\/wp\/v2\/posts"}],"about":[{"href":"https:\/\/blogg.svenskakyrkan.se\/vandravagen\/wp-json\/wp\/v2\/types\/post"}],"author":[{"embeddable":true,"href":"https:\/\/blogg.svenskakyrkan.se\/vandravagen\/wp-json\/wp\/v2\/users\/392"}],"replies":[{"embeddable":true,"href":"https:\/\/blogg.svenskakyrkan.se\/vandravagen\/wp-json\/wp\/v2\/comments?post=5986"}],"version-history":[{"count":2,"href":"https:\/\/blogg.svenskakyrkan.se\/vandravagen\/wp-json\/wp\/v2\/posts\/5986\/revisions"}],"predecessor-version":[{"id":5989,"href":"https:\/\/blogg.svenskakyrkan.se\/vandravagen\/wp-json\/wp\/v2\/posts\/5986\/revisions\/5989"}],"wp:featuredmedia":[{"embeddable":true,"href":"https:\/\/blogg.svenskakyrkan.se\/vandravagen\/wp-json\/wp\/v2\/media\/5988"}],"wp:attachment":[{"href":"https:\/\/blogg.svenskakyrkan.se\/vandravagen\/wp-json\/wp\/v2\/media?parent=5986"}],"wp:term":[{"taxonomy":"category","embeddable":true,"href":"https:\/\/blogg.svenskakyrkan.se\/vandravagen\/wp-json\/wp\/v2\/categories?post=5986"},{"taxonomy":"post_tag","embeddable":true,"href":"https:\/\/blogg.svenskakyrkan.se\/vandravagen\/wp-json\/wp\/v2\/tags?post=5986"}],"curies":[{"name":"wp","href":"https:\/\/api.w.org\/{rel}","templated":true}]}}