{"id":6008,"date":"2017-11-15T07:00:47","date_gmt":"2017-11-15T06:00:47","guid":{"rendered":"http:\/\/blogg.svenskakyrkan.se\/vandravagen\/?p=6008"},"modified":"2017-11-14T21:37:13","modified_gmt":"2017-11-14T20:37:13","slug":"gustav-vasas-bibel-och-jag","status":"publish","type":"post","link":"https:\/\/blogg.svenskakyrkan.se\/vandravagen\/2017\/11\/15\/gustav-vasas-bibel-och-jag\/","title":{"rendered":"Gustav Vasas bibel och jag"},"content":{"rendered":"<p>F\u00f6r en kort tid sedan fick jag vara med om n\u00e5got v\u00e4ldigt speciellt. Jag fick h\u00e5lla och bl\u00e4ddra i en av v\u00e5ra \u00e4ldsta biblar p\u00e5 svenska. Hela bibeln p\u00e5 svenska fr\u00e5n 1540.<\/p>\n<p><img loading=\"lazy\" decoding=\"async\" width=\"480\" height=\"640\" class=\"aligncenter size-full wp-image-6010\" src=\"http:\/\/blogg.svenskakyrkan.se\/vandravagen\/files\/2017\/11\/IMG_4034.jpg\" alt=\"\" srcset=\"https:\/\/blogg.svenskakyrkan.se\/vandravagen\/files\/2017\/11\/IMG_4034.jpg 480w, https:\/\/blogg.svenskakyrkan.se\/vandravagen\/files\/2017\/11\/IMG_4034-300x400.jpg 300w\" sizes=\"auto, (max-width: 480px) 100vw, 480px\" \/><\/p>\n<p>Vackert tryckt, visserligen med ganska sv\u00e5rl\u00e4sta bokst\u00e4ver och underlig stavning men med envishet kan man ta sig fram genom texten. En del sidor, som f\u00f6rs\u00e4ttsbladet ovan, var handskrivna. Ibland fanns det anteckningar i marginalerna men de jag s\u00e5g var tyv\u00e4rr helt otydbara.<\/p>\n<p>&nbsp;<\/p>\n<p><img loading=\"lazy\" decoding=\"async\" width=\"640\" height=\"522\" class=\"aligncenter size-full wp-image-6011\" src=\"http:\/\/blogg.svenskakyrkan.se\/vandravagen\/files\/2017\/11\/IMG_4037.jpg\" alt=\"\" srcset=\"https:\/\/blogg.svenskakyrkan.se\/vandravagen\/files\/2017\/11\/IMG_4037.jpg 640w, https:\/\/blogg.svenskakyrkan.se\/vandravagen\/files\/2017\/11\/IMG_4037-300x245.jpg 300w\" sizes=\"auto, (max-width: 640px) 100vw, 640px\" \/><\/p>\n<p>&nbsp;<\/p>\n<p>Och s\u00e5 ganska m\u00e5nga fina illustrationer. H\u00e4r skapar Gud (som som vanligt ser ut som Jesus, vad annars?) Eva ur Adams sida.<\/p>\n<p><img loading=\"lazy\" decoding=\"async\" width=\"640\" height=\"542\" class=\"aligncenter size-full wp-image-6012\" src=\"http:\/\/blogg.svenskakyrkan.se\/vandravagen\/files\/2017\/11\/IMG_4038.jpg\" alt=\"\" srcset=\"https:\/\/blogg.svenskakyrkan.se\/vandravagen\/files\/2017\/11\/IMG_4038.jpg 640w, https:\/\/blogg.svenskakyrkan.se\/vandravagen\/files\/2017\/11\/IMG_4038-300x254.jpg 300w\" sizes=\"auto, (max-width: 640px) 100vw, 640px\" \/><\/p>\n<p>Bibelb\u00f6ckerna avslutas elegant med kringla och &#8221;Enden p\u00e5 _____boken&#8221;. Det \u00e4r kittlande f\u00f6r tanken vad denna bok varit med om. Tittar man i kyrkoherdel\u00e4ngden p\u00e5 orten s\u00e5 kan man ju ocks\u00e5 med stor s\u00e4kerhet veta n\u00e5gra som h\u00e5llit i den med egna h\u00e4nder!<\/p>\n<p>&nbsp;<\/p>\n<p><img loading=\"lazy\" decoding=\"async\" width=\"640\" height=\"470\" class=\"aligncenter size-full wp-image-6013\" src=\"http:\/\/blogg.svenskakyrkan.se\/vandravagen\/files\/2017\/11\/IMG_4039.jpg\" alt=\"\" srcset=\"https:\/\/blogg.svenskakyrkan.se\/vandravagen\/files\/2017\/11\/IMG_4039.jpg 640w, https:\/\/blogg.svenskakyrkan.se\/vandravagen\/files\/2017\/11\/IMG_4039-300x220.jpg 300w\" sizes=\"auto, (max-width: 640px) 100vw, 640px\" \/><\/p>\n<p>Begynnelsebokst\u00e4ver extra utsirade. Ger en fin medeltida k\u00e4nsla.<\/p>\n<p>&nbsp;<\/p>\n<p><img loading=\"lazy\" decoding=\"async\" width=\"640\" height=\"452\" class=\"aligncenter size-full wp-image-6014\" src=\"http:\/\/blogg.svenskakyrkan.se\/vandravagen\/files\/2017\/11\/IMG_4041.jpg\" alt=\"\" srcset=\"https:\/\/blogg.svenskakyrkan.se\/vandravagen\/files\/2017\/11\/IMG_4041.jpg 640w, https:\/\/blogg.svenskakyrkan.se\/vandravagen\/files\/2017\/11\/IMG_4041-300x212.jpg 300w\" sizes=\"auto, (max-width: 640px) 100vw, 640px\" \/><\/p>\n<p>Enligt uppgift ska det st\u00e5 1540 ocks\u00e5 f\u00f6r hand med romerska siffror n\u00e5gonstans i boken men det hittade jag aldrig.<\/p>\n<p>&nbsp;<\/p>\n<p><img loading=\"lazy\" decoding=\"async\" width=\"640\" height=\"478\" class=\"aligncenter size-full wp-image-6015\" src=\"http:\/\/blogg.svenskakyrkan.se\/vandravagen\/files\/2017\/11\/IMG_4042.jpg\" alt=\"\" srcset=\"https:\/\/blogg.svenskakyrkan.se\/vandravagen\/files\/2017\/11\/IMG_4042.jpg 640w, https:\/\/blogg.svenskakyrkan.se\/vandravagen\/files\/2017\/11\/IMG_4042-300x224.jpg 300w\" sizes=\"auto, (max-width: 640px) 100vw, 640px\" \/><\/p>\n<p>Det h\u00e4r \u00e4r lite h\u00e5rresande. Undrar hur l\u00e4nge sedan det var som n\u00e5got litet barn fick f\u00f6r sig att f\u00e4rgl\u00e4gga en bild i den urgamla boken?<\/p>\n<p>Det finns f\u00f6rst\u00e5s v\u00e4ldigt mycket att s\u00e4ga om Gustav Vasabibeln (Olaus Petris \u00f6vers\u00e4ttning till svenska av Luthers bibel om man ska vara korrekt och inte ge alltf\u00f6r mycket \u00e4ra \u00e5t den d\u00e4r kungen som bestal kyrkan) och jag hann bara ta en kort titt i den. Det jag ville f\u00f6rmedla idag \u00e4r bara blotta gl\u00e4djen \u00f6ver att f\u00e5 st\u00e5 i kontakt med all denna historia som format oss.<\/p>\n<p>N\u00e5got du tycker jag borde till\u00e4gga om &#8221;Gustav Vasas bibel&#8221;? Skriv en kommentar!<\/p>\n","protected":false},"excerpt":{"rendered":"<p>F\u00f6r en kort tid sedan fick jag vara med om n\u00e5got v\u00e4ldigt speciellt. Jag fick h\u00e5lla och bl\u00e4ddra i en av v\u00e5ra \u00e4ldsta biblar p\u00e5 svenska. Hela bibeln p\u00e5 svenska fr\u00e5n 1540. Vackert tryckt, visserligen med ganska sv\u00e5rl\u00e4sta bokst\u00e4ver och underlig stavning men med envishet kan man ta sig fram genom texten. En del sidor, [&hellip;]<\/p>\n","protected":false},"author":392,"featured_media":6009,"comment_status":"open","ping_status":"open","sticky":false,"template":"","format":"standard","meta":{"_acf_changed":false,"footnotes":""},"categories":[14252,8298,76189,8337,28732],"tags":[],"class_list":["post-6008","post","type-post","status-publish","format-standard","has-post-thumbnail","hentry","category-bibel","category-bibeln","category-dagens-kyrka","category-historia","category-luther"],"acf":[],"yoast_head":"<!-- This site is optimized with the Yoast SEO plugin v27.1.1 - https:\/\/yoast.com\/product\/yoast-seo-wordpress\/ -->\n<title>Gustav Vasas bibel och jag - Vandra V\u00e4gen<\/title>\n<meta name=\"robots\" content=\"index, follow, max-snippet:-1, max-image-preview:large, max-video-preview:-1\" \/>\n<link rel=\"canonical\" href=\"https:\/\/blogg.svenskakyrkan.se\/vandravagen\/2017\/11\/15\/gustav-vasas-bibel-och-jag\/\" \/>\n<meta property=\"og:locale\" content=\"sv_SE\" \/>\n<meta property=\"og:type\" content=\"article\" \/>\n<meta property=\"og:title\" content=\"Gustav Vasas bibel och jag - Vandra V\u00e4gen\" \/>\n<meta property=\"og:description\" content=\"F\u00f6r en kort tid sedan fick jag vara med om n\u00e5got v\u00e4ldigt speciellt. Jag fick h\u00e5lla och bl\u00e4ddra i en av v\u00e5ra \u00e4ldsta biblar p\u00e5 svenska. Hela bibeln p\u00e5 svenska fr\u00e5n 1540. Vackert tryckt, visserligen med ganska sv\u00e5rl\u00e4sta bokst\u00e4ver och underlig stavning men med envishet kan man ta sig fram genom texten. En del sidor, [&hellip;]\" \/>\n<meta property=\"og:url\" content=\"https:\/\/blogg.svenskakyrkan.se\/vandravagen\/2017\/11\/15\/gustav-vasas-bibel-och-jag\/\" \/>\n<meta property=\"og:site_name\" content=\"Vandra V\u00e4gen\" \/>\n<meta property=\"article:publisher\" content=\"http:\/\/facebook.com\/vandravagen\" \/>\n<meta property=\"article:published_time\" content=\"2017-11-15T06:00:47+00:00\" \/>\n<meta property=\"og:image\" content=\"http:\/\/blogg.svenskakyrkan.se\/vandravagen\/files\/2017\/11\/IMG_4034.jpg\" \/>\n<meta name=\"author\" content=\"Tomas Jarvid\" \/>\n<meta name=\"twitter:card\" content=\"summary_large_image\" \/>\n<meta name=\"twitter:creator\" content=\"@fadertomas\" \/>\n<meta name=\"twitter:site\" content=\"@fadertomas\" \/>\n<meta name=\"twitter:label1\" content=\"Skriven av\" \/>\n\t<meta name=\"twitter:data1\" content=\"Tomas Jarvid\" \/>\n\t<meta name=\"twitter:label2\" content=\"Ber\u00e4knad l\u00e4stid\" \/>\n\t<meta name=\"twitter:data2\" content=\"2 minuter\" \/>\n<script type=\"application\/ld+json\" class=\"yoast-schema-graph\">{\"@context\":\"https:\/\/schema.org\",\"@graph\":[{\"@type\":\"Article\",\"@id\":\"https:\/\/blogg.svenskakyrkan.se\/vandravagen\/2017\/11\/15\/gustav-vasas-bibel-och-jag\/#article\",\"isPartOf\":{\"@id\":\"https:\/\/blogg.svenskakyrkan.se\/vandravagen\/2017\/11\/15\/gustav-vasas-bibel-och-jag\/\"},\"author\":{\"name\":\"Tomas Jarvid\",\"@id\":\"https:\/\/blogg.svenskakyrkan.se\/vandravagen\/#\/schema\/person\/25da02d4f76b137d04291711e2c9fc16\"},\"headline\":\"Gustav Vasas bibel och jag\",\"datePublished\":\"2017-11-15T06:00:47+00:00\",\"mainEntityOfPage\":{\"@id\":\"https:\/\/blogg.svenskakyrkan.se\/vandravagen\/2017\/11\/15\/gustav-vasas-bibel-och-jag\/\"},\"wordCount\":327,\"commentCount\":5,\"publisher\":{\"@id\":\"https:\/\/blogg.svenskakyrkan.se\/vandravagen\/#organization\"},\"image\":{\"@id\":\"https:\/\/blogg.svenskakyrkan.se\/vandravagen\/2017\/11\/15\/gustav-vasas-bibel-och-jag\/#primaryimage\"},\"thumbnailUrl\":\"https:\/\/blogg.svenskakyrkan.se\/vandravagen\/files\/2017\/11\/IMG_4033.jpg\",\"articleSection\":[\"bibel\",\"Bibeln\",\"Dagens Kyrka\",\"historia\",\"Luther\"],\"inLanguage\":\"sv-SE\",\"potentialAction\":[{\"@type\":\"CommentAction\",\"name\":\"Comment\",\"target\":[\"https:\/\/blogg.svenskakyrkan.se\/vandravagen\/2017\/11\/15\/gustav-vasas-bibel-och-jag\/#respond\"]}]},{\"@type\":\"WebPage\",\"@id\":\"https:\/\/blogg.svenskakyrkan.se\/vandravagen\/2017\/11\/15\/gustav-vasas-bibel-och-jag\/\",\"url\":\"https:\/\/blogg.svenskakyrkan.se\/vandravagen\/2017\/11\/15\/gustav-vasas-bibel-och-jag\/\",\"name\":\"Gustav Vasas bibel och jag - Vandra V\u00e4gen\",\"isPartOf\":{\"@id\":\"https:\/\/blogg.svenskakyrkan.se\/vandravagen\/#website\"},\"primaryImageOfPage\":{\"@id\":\"https:\/\/blogg.svenskakyrkan.se\/vandravagen\/2017\/11\/15\/gustav-vasas-bibel-och-jag\/#primaryimage\"},\"image\":{\"@id\":\"https:\/\/blogg.svenskakyrkan.se\/vandravagen\/2017\/11\/15\/gustav-vasas-bibel-och-jag\/#primaryimage\"},\"thumbnailUrl\":\"https:\/\/blogg.svenskakyrkan.se\/vandravagen\/files\/2017\/11\/IMG_4033.jpg\",\"datePublished\":\"2017-11-15T06:00:47+00:00\",\"breadcrumb\":{\"@id\":\"https:\/\/blogg.svenskakyrkan.se\/vandravagen\/2017\/11\/15\/gustav-vasas-bibel-och-jag\/#breadcrumb\"},\"inLanguage\":\"sv-SE\",\"potentialAction\":[{\"@type\":\"ReadAction\",\"target\":[\"https:\/\/blogg.svenskakyrkan.se\/vandravagen\/2017\/11\/15\/gustav-vasas-bibel-och-jag\/\"]}]},{\"@type\":\"ImageObject\",\"inLanguage\":\"sv-SE\",\"@id\":\"https:\/\/blogg.svenskakyrkan.se\/vandravagen\/2017\/11\/15\/gustav-vasas-bibel-och-jag\/#primaryimage\",\"url\":\"https:\/\/blogg.svenskakyrkan.se\/vandravagen\/files\/2017\/11\/IMG_4033.jpg\",\"contentUrl\":\"https:\/\/blogg.svenskakyrkan.se\/vandravagen\/files\/2017\/11\/IMG_4033.jpg\",\"width\":640,\"height\":480},{\"@type\":\"BreadcrumbList\",\"@id\":\"https:\/\/blogg.svenskakyrkan.se\/vandravagen\/2017\/11\/15\/gustav-vasas-bibel-och-jag\/#breadcrumb\",\"itemListElement\":[{\"@type\":\"ListItem\",\"position\":1,\"name\":\"Hem\",\"item\":\"https:\/\/blogg.svenskakyrkan.se\/vandravagen\/\"},{\"@type\":\"ListItem\",\"position\":2,\"name\":\"Gustav Vasas bibel och jag\"}]},{\"@type\":\"WebSite\",\"@id\":\"https:\/\/blogg.svenskakyrkan.se\/vandravagen\/#website\",\"url\":\"https:\/\/blogg.svenskakyrkan.se\/vandravagen\/\",\"name\":\"Vandra V\u00e4gen\",\"description\":\"-Mot en tro f\u00f6r hela livet\",\"publisher\":{\"@id\":\"https:\/\/blogg.svenskakyrkan.se\/vandravagen\/#organization\"},\"potentialAction\":[{\"@type\":\"SearchAction\",\"target\":{\"@type\":\"EntryPoint\",\"urlTemplate\":\"https:\/\/blogg.svenskakyrkan.se\/vandravagen\/?s={search_term_string}\"},\"query-input\":{\"@type\":\"PropertyValueSpecification\",\"valueRequired\":true,\"valueName\":\"search_term_string\"}}],\"inLanguage\":\"sv-SE\"},{\"@type\":\"Organization\",\"@id\":\"https:\/\/blogg.svenskakyrkan.se\/vandravagen\/#organization\",\"name\":\"ulricehamns pastorat\",\"alternateName\":\"ulricehamns pastorat\",\"url\":\"https:\/\/blogg.svenskakyrkan.se\/vandravagen\/\",\"logo\":{\"@type\":\"ImageObject\",\"inLanguage\":\"sv-SE\",\"@id\":\"https:\/\/blogg.svenskakyrkan.se\/vandravagen\/#\/schema\/logo\/image\/\",\"url\":\"https:\/\/blogg.svenskakyrkan.se\/vandravagen\/files\/2023\/05\/Ulr_logo_RGB.png\",\"contentUrl\":\"https:\/\/blogg.svenskakyrkan.se\/vandravagen\/files\/2023\/05\/Ulr_logo_RGB.png\",\"width\":205,\"height\":77,\"caption\":\"ulricehamns pastorat\"},\"image\":{\"@id\":\"https:\/\/blogg.svenskakyrkan.se\/vandravagen\/#\/schema\/logo\/image\/\"},\"sameAs\":[\"http:\/\/facebook.com\/vandravagen\",\"https:\/\/x.com\/fadertomas\",\"http:\/\/www.facebook.com\/svenskakyrkaniulricehamn\"]},{\"@type\":\"Person\",\"@id\":\"https:\/\/blogg.svenskakyrkan.se\/vandravagen\/#\/schema\/person\/25da02d4f76b137d04291711e2c9fc16\",\"name\":\"Tomas Jarvid\",\"image\":{\"@type\":\"ImageObject\",\"inLanguage\":\"sv-SE\",\"@id\":\"https:\/\/blogg.svenskakyrkan.se\/vandravagen\/#\/schema\/person\/image\/\",\"url\":\"https:\/\/secure.gravatar.com\/avatar\/7fa71899795e8f540f615a1f5ab25255dc27aa40f05ee7ddd21aac521e01bf50?s=96&d=identicon&r=g\",\"contentUrl\":\"https:\/\/secure.gravatar.com\/avatar\/7fa71899795e8f540f615a1f5ab25255dc27aa40f05ee7ddd21aac521e01bf50?s=96&d=identicon&r=g\",\"caption\":\"Tomas Jarvid\"},\"description\":\"Jag bor i Ulricehamn i V\u00e4sterg\u00f6tland och \u00e4r f\u00f6rsamlingspr\u00e4st i Svenska Kyrkan f\u00f6r Dalstorps f\u00f6rsamling i Kinds pastorat. P\u00e5 den h\u00e4r bloggen skriver jag ner tankar om vandringen som kristen.\",\"sameAs\":[\"http:\/\/www.vandravagen.se\"],\"url\":\"https:\/\/blogg.svenskakyrkan.se\/vandravagen\/author\/vandravagen\/\"}]}<\/script>\n<!-- \/ Yoast SEO plugin. -->","yoast_head_json":{"title":"Gustav Vasas bibel och jag - Vandra V\u00e4gen","robots":{"index":"index","follow":"follow","max-snippet":"max-snippet:-1","max-image-preview":"max-image-preview:large","max-video-preview":"max-video-preview:-1"},"canonical":"https:\/\/blogg.svenskakyrkan.se\/vandravagen\/2017\/11\/15\/gustav-vasas-bibel-och-jag\/","og_locale":"sv_SE","og_type":"article","og_title":"Gustav Vasas bibel och jag - Vandra V\u00e4gen","og_description":"F\u00f6r en kort tid sedan fick jag vara med om n\u00e5got v\u00e4ldigt speciellt. Jag fick h\u00e5lla och bl\u00e4ddra i en av v\u00e5ra \u00e4ldsta biblar p\u00e5 svenska. Hela bibeln p\u00e5 svenska fr\u00e5n 1540. Vackert tryckt, visserligen med ganska sv\u00e5rl\u00e4sta bokst\u00e4ver och underlig stavning men med envishet kan man ta sig fram genom texten. En del sidor, [&hellip;]","og_url":"https:\/\/blogg.svenskakyrkan.se\/vandravagen\/2017\/11\/15\/gustav-vasas-bibel-och-jag\/","og_site_name":"Vandra V\u00e4gen","article_publisher":"http:\/\/facebook.com\/vandravagen","article_published_time":"2017-11-15T06:00:47+00:00","og_image":[{"url":"http:\/\/blogg.svenskakyrkan.se\/vandravagen\/files\/2017\/11\/IMG_4034.jpg","type":"","width":"","height":""}],"author":"Tomas Jarvid","twitter_card":"summary_large_image","twitter_creator":"@fadertomas","twitter_site":"@fadertomas","twitter_misc":{"Skriven av":"Tomas Jarvid","Ber\u00e4knad l\u00e4stid":"2 minuter"},"schema":{"@context":"https:\/\/schema.org","@graph":[{"@type":"Article","@id":"https:\/\/blogg.svenskakyrkan.se\/vandravagen\/2017\/11\/15\/gustav-vasas-bibel-och-jag\/#article","isPartOf":{"@id":"https:\/\/blogg.svenskakyrkan.se\/vandravagen\/2017\/11\/15\/gustav-vasas-bibel-och-jag\/"},"author":{"name":"Tomas Jarvid","@id":"https:\/\/blogg.svenskakyrkan.se\/vandravagen\/#\/schema\/person\/25da02d4f76b137d04291711e2c9fc16"},"headline":"Gustav Vasas bibel och jag","datePublished":"2017-11-15T06:00:47+00:00","mainEntityOfPage":{"@id":"https:\/\/blogg.svenskakyrkan.se\/vandravagen\/2017\/11\/15\/gustav-vasas-bibel-och-jag\/"},"wordCount":327,"commentCount":5,"publisher":{"@id":"https:\/\/blogg.svenskakyrkan.se\/vandravagen\/#organization"},"image":{"@id":"https:\/\/blogg.svenskakyrkan.se\/vandravagen\/2017\/11\/15\/gustav-vasas-bibel-och-jag\/#primaryimage"},"thumbnailUrl":"https:\/\/blogg.svenskakyrkan.se\/vandravagen\/files\/2017\/11\/IMG_4033.jpg","articleSection":["bibel","Bibeln","Dagens Kyrka","historia","Luther"],"inLanguage":"sv-SE","potentialAction":[{"@type":"CommentAction","name":"Comment","target":["https:\/\/blogg.svenskakyrkan.se\/vandravagen\/2017\/11\/15\/gustav-vasas-bibel-och-jag\/#respond"]}]},{"@type":"WebPage","@id":"https:\/\/blogg.svenskakyrkan.se\/vandravagen\/2017\/11\/15\/gustav-vasas-bibel-och-jag\/","url":"https:\/\/blogg.svenskakyrkan.se\/vandravagen\/2017\/11\/15\/gustav-vasas-bibel-och-jag\/","name":"Gustav Vasas bibel och jag - Vandra V\u00e4gen","isPartOf":{"@id":"https:\/\/blogg.svenskakyrkan.se\/vandravagen\/#website"},"primaryImageOfPage":{"@id":"https:\/\/blogg.svenskakyrkan.se\/vandravagen\/2017\/11\/15\/gustav-vasas-bibel-och-jag\/#primaryimage"},"image":{"@id":"https:\/\/blogg.svenskakyrkan.se\/vandravagen\/2017\/11\/15\/gustav-vasas-bibel-och-jag\/#primaryimage"},"thumbnailUrl":"https:\/\/blogg.svenskakyrkan.se\/vandravagen\/files\/2017\/11\/IMG_4033.jpg","datePublished":"2017-11-15T06:00:47+00:00","breadcrumb":{"@id":"https:\/\/blogg.svenskakyrkan.se\/vandravagen\/2017\/11\/15\/gustav-vasas-bibel-och-jag\/#breadcrumb"},"inLanguage":"sv-SE","potentialAction":[{"@type":"ReadAction","target":["https:\/\/blogg.svenskakyrkan.se\/vandravagen\/2017\/11\/15\/gustav-vasas-bibel-och-jag\/"]}]},{"@type":"ImageObject","inLanguage":"sv-SE","@id":"https:\/\/blogg.svenskakyrkan.se\/vandravagen\/2017\/11\/15\/gustav-vasas-bibel-och-jag\/#primaryimage","url":"https:\/\/blogg.svenskakyrkan.se\/vandravagen\/files\/2017\/11\/IMG_4033.jpg","contentUrl":"https:\/\/blogg.svenskakyrkan.se\/vandravagen\/files\/2017\/11\/IMG_4033.jpg","width":640,"height":480},{"@type":"BreadcrumbList","@id":"https:\/\/blogg.svenskakyrkan.se\/vandravagen\/2017\/11\/15\/gustav-vasas-bibel-och-jag\/#breadcrumb","itemListElement":[{"@type":"ListItem","position":1,"name":"Hem","item":"https:\/\/blogg.svenskakyrkan.se\/vandravagen\/"},{"@type":"ListItem","position":2,"name":"Gustav Vasas bibel och jag"}]},{"@type":"WebSite","@id":"https:\/\/blogg.svenskakyrkan.se\/vandravagen\/#website","url":"https:\/\/blogg.svenskakyrkan.se\/vandravagen\/","name":"Vandra V\u00e4gen","description":"-Mot en tro f\u00f6r hela livet","publisher":{"@id":"https:\/\/blogg.svenskakyrkan.se\/vandravagen\/#organization"},"potentialAction":[{"@type":"SearchAction","target":{"@type":"EntryPoint","urlTemplate":"https:\/\/blogg.svenskakyrkan.se\/vandravagen\/?s={search_term_string}"},"query-input":{"@type":"PropertyValueSpecification","valueRequired":true,"valueName":"search_term_string"}}],"inLanguage":"sv-SE"},{"@type":"Organization","@id":"https:\/\/blogg.svenskakyrkan.se\/vandravagen\/#organization","name":"ulricehamns pastorat","alternateName":"ulricehamns pastorat","url":"https:\/\/blogg.svenskakyrkan.se\/vandravagen\/","logo":{"@type":"ImageObject","inLanguage":"sv-SE","@id":"https:\/\/blogg.svenskakyrkan.se\/vandravagen\/#\/schema\/logo\/image\/","url":"https:\/\/blogg.svenskakyrkan.se\/vandravagen\/files\/2023\/05\/Ulr_logo_RGB.png","contentUrl":"https:\/\/blogg.svenskakyrkan.se\/vandravagen\/files\/2023\/05\/Ulr_logo_RGB.png","width":205,"height":77,"caption":"ulricehamns pastorat"},"image":{"@id":"https:\/\/blogg.svenskakyrkan.se\/vandravagen\/#\/schema\/logo\/image\/"},"sameAs":["http:\/\/facebook.com\/vandravagen","https:\/\/x.com\/fadertomas","http:\/\/www.facebook.com\/svenskakyrkaniulricehamn"]},{"@type":"Person","@id":"https:\/\/blogg.svenskakyrkan.se\/vandravagen\/#\/schema\/person\/25da02d4f76b137d04291711e2c9fc16","name":"Tomas Jarvid","image":{"@type":"ImageObject","inLanguage":"sv-SE","@id":"https:\/\/blogg.svenskakyrkan.se\/vandravagen\/#\/schema\/person\/image\/","url":"https:\/\/secure.gravatar.com\/avatar\/7fa71899795e8f540f615a1f5ab25255dc27aa40f05ee7ddd21aac521e01bf50?s=96&d=identicon&r=g","contentUrl":"https:\/\/secure.gravatar.com\/avatar\/7fa71899795e8f540f615a1f5ab25255dc27aa40f05ee7ddd21aac521e01bf50?s=96&d=identicon&r=g","caption":"Tomas Jarvid"},"description":"Jag bor i Ulricehamn i V\u00e4sterg\u00f6tland och \u00e4r f\u00f6rsamlingspr\u00e4st i Svenska Kyrkan f\u00f6r Dalstorps f\u00f6rsamling i Kinds pastorat. P\u00e5 den h\u00e4r bloggen skriver jag ner tankar om vandringen som kristen.","sameAs":["http:\/\/www.vandravagen.se"],"url":"https:\/\/blogg.svenskakyrkan.se\/vandravagen\/author\/vandravagen\/"}]}},"author_meta":{"ID":"392","user_nicename":"vandravagen","user_url":"http:\/\/www.vandravagen.se","user_registered":"2014-05-19 05:44:52","display_name":"Tomas Jarvid","first_name":"Tomas","last_name":"Jarvid","avatar":"https:\/\/secure.gravatar.com\/avatar\/7fa71899795e8f540f615a1f5ab25255dc27aa40f05ee7ddd21aac521e01bf50?s=96&d=identicon&r=g"},"featured_image":["https:\/\/blogg.svenskakyrkan.se\/vandravagen\/files\/2017\/11\/IMG_4033.jpg",640,480,false],"bloginfo":{"name":"Vandra V\u00e4gen","url":"https:\/\/blogg.svenskakyrkan.se\/vandravagen"},"_links":{"self":[{"href":"https:\/\/blogg.svenskakyrkan.se\/vandravagen\/wp-json\/wp\/v2\/posts\/6008","targetHints":{"allow":["GET"]}}],"collection":[{"href":"https:\/\/blogg.svenskakyrkan.se\/vandravagen\/wp-json\/wp\/v2\/posts"}],"about":[{"href":"https:\/\/blogg.svenskakyrkan.se\/vandravagen\/wp-json\/wp\/v2\/types\/post"}],"author":[{"embeddable":true,"href":"https:\/\/blogg.svenskakyrkan.se\/vandravagen\/wp-json\/wp\/v2\/users\/392"}],"replies":[{"embeddable":true,"href":"https:\/\/blogg.svenskakyrkan.se\/vandravagen\/wp-json\/wp\/v2\/comments?post=6008"}],"version-history":[{"count":3,"href":"https:\/\/blogg.svenskakyrkan.se\/vandravagen\/wp-json\/wp\/v2\/posts\/6008\/revisions"}],"predecessor-version":[{"id":6018,"href":"https:\/\/blogg.svenskakyrkan.se\/vandravagen\/wp-json\/wp\/v2\/posts\/6008\/revisions\/6018"}],"wp:featuredmedia":[{"embeddable":true,"href":"https:\/\/blogg.svenskakyrkan.se\/vandravagen\/wp-json\/wp\/v2\/media\/6009"}],"wp:attachment":[{"href":"https:\/\/blogg.svenskakyrkan.se\/vandravagen\/wp-json\/wp\/v2\/media?parent=6008"}],"wp:term":[{"taxonomy":"category","embeddable":true,"href":"https:\/\/blogg.svenskakyrkan.se\/vandravagen\/wp-json\/wp\/v2\/categories?post=6008"},{"taxonomy":"post_tag","embeddable":true,"href":"https:\/\/blogg.svenskakyrkan.se\/vandravagen\/wp-json\/wp\/v2\/tags?post=6008"}],"curies":[{"name":"wp","href":"https:\/\/api.w.org\/{rel}","templated":true}]}}