{"id":601,"date":"2013-04-25T08:23:00","date_gmt":"2013-04-25T06:23:00","guid":{"rendered":"http:\/\/blogg.svenskakyrkan.se\/vandravagen\/2013\/04\/25\/bibellasningsskolan-del-i-sammanhanget-spelar-in\/"},"modified":"2013-04-25T08:23:00","modified_gmt":"2013-04-25T06:23:00","slug":"bibellasningsskolan-del-i-sammanhanget-spelar-in","status":"publish","type":"post","link":"https:\/\/blogg.svenskakyrkan.se\/vandravagen\/2013\/04\/25\/bibellasningsskolan-del-i-sammanhanget-spelar-in\/","title":{"rendered":"Bibell\u00e4sningsskolan del I; Sammanhanget spelar in!"},"content":{"rendered":"<div><a href=\"http:\/\/2.bp.blogspot.com\/-2Tgrz-cSG6Y\/UUQxHZOMipI\/AAAAAAAACwQ\/qSCj1XTODd8\/s1600\/21.jpg\"><img loading=\"lazy\" decoding=\"async\" border=\"0\" height=\"266\" src=\"http:\/\/2.bp.blogspot.com\/-2Tgrz-cSG6Y\/UUQxHZOMipI\/AAAAAAAACwQ\/qSCj1XTODd8\/s400\/21.jpg\" width=\"400\"><\/a><\/div>\n<p>Det \u00e4r v\u00e4l dags att jag b\u00f6rjar den d\u00e4r bibell\u00e4sningsskolan som jag flaggade f\u00f6r f\u00f6r&#8230;. r\u00e4tt l\u00e4ngesen. \u00a0&#8221;<a href=\"http:\/\/www.vandravagen.se\/2013\/03\/konsten-att-lasa-bibeln-som-ett-proffs.html\">Konsten att l\u00e4sa bibeln som ett proffs<\/a>&#8221;. I media st\u00f6ter man p\u00e5 m\u00e5nga ytliga f\u00f6rst\u00e5elser av bibelns texter s\u00e5 h\u00e4r vill jag f\u00f6rs\u00f6ka kontra med n\u00e5gra av de verktyg bibelvetenskapen anv\u00e4nder sig av f\u00f6r att f\u00f6rst\u00e5 bibeln p\u00e5.<\/p>\n<p>Idag vill jag skriva om hur sammanhanget p\u00e5verkar f\u00f6rst\u00e5elsen av en text. P\u00e5 fackspr\u00e5k heter sammanhang &#8221;kontext&#8221; och den p\u00e5verkar p\u00e5 tv\u00e5 s\u00e4tt. Dels \u00e4r det viktigt att f\u00f6rst\u00e5 sammanhanget ett textavsnitt st\u00e5r i i f\u00f6rh\u00e5llande till texterna runtomkring, det \u00e4r ju del i en st\u00f6rre helhet. Dels \u00e4r det viktigt att f\u00f6rs\u00f6ka f\u00f6rst\u00e5 hur texten passar in i det kulturella sammanhang d\u00e4r den skrevs ner.<\/p>\n<p><b>1. &#8221;Litter\u00e4r kontext&#8221;<\/b><\/p>\n<p>Om man verkligen vill f\u00f6rst\u00e5 bibeltexter leder det s\u00e4llan n\u00e5gon vart att l\u00e4sa l\u00f6sryckta bibelord (det kan vara bra p\u00e5 andra s\u00e4tt dock). Det \u00e4r viktigt att se st\u00f6rre linjer. Varje vers f\u00f6rst\u00e5s b\u00e4ttre i f\u00f6rh\u00e5llande till resten av kapitlet. Kapitlet f\u00f6rst\u00e5s b\u00e4ttre i f\u00f6rh\u00e5llande till hela bibelboken. Hela bibelboken f\u00f6rst\u00e5s b\u00e4ttre i koppling till resten av bibeln.<\/p>\n<p>Ett exempel p\u00e5 detta kan till exempel vara det oerh\u00f6rt k\u00e4nda bibelordet i Johannes 3:16; &#8221;s\u00e5 \u00e4lskade Gud v\u00e4rlden att han gav den sin ende son, f\u00f6r att var och en som tror p\u00e5 honom inte ska g\u00e5 under utan ha evigt liv&#8221;. Vet du vad det st\u00e5r i f\u00f6r sammanhang? Risken kan bli att vi<i> l\u00e4ser in<\/i> vad vi vill i l\u00f6sryckta bibelord men om vi ser till sammanhanget n\u00e5got st\u00e5r i \u00f6kar chanserna att vi l\u00e4ser som det var t\u00e4nkt av f\u00f6rfattaren!<\/p>\n<p><b>2. &#8221;Kulturell kontext&#8221;<\/b><\/p>\n<p>En annan niv\u00e5 av sammanhang att s\u00e4tta in bibeltexten i f\u00f6r b\u00e4ttre f\u00f6rst\u00e5else \u00e4r kulturell. T\u00e4nk om jag skulle s\u00e4ga till n\u00e5gon p\u00e5 stan i G\u00f6tene att &#8221;Ser ut som att det blir regn&#8221;. D\u00e5 kanske den andre skakar p\u00e5 huvudet och ryser och svarar &#8221;ja usch&#8221;. Skulle man s\u00e4ga samma fras i ett varmt och torrt land som Israel\/Palestina skulle den andra kanske skina upp och se hoppfull ut. Regnet spelar olika roll f\u00f6r olika m\u00e4nniskor. Talas det om regn i bibeln (eller str\u00f6mmar av vatten eller liknande) \u00e4r det en k\u00e4lla till stor gl\u00e4dje p\u00e5 ett s\u00e4tt som vi kanske inte f\u00f6rst\u00e5r n\u00e4r vi l\u00e4ser.<\/p>\n<p>Det var ett enkelt exempel men det finns f\u00f6rst\u00e5s m\u00e4ngder av andra. Konsten \u00e4r att f\u00f6rs\u00f6ka t\u00e4nka sig in i situationen f\u00f6r den f\u00f6rsta \u00e5h\u00f6rarna\/l\u00e4sarna av bibeltexten!<\/p>\n<p>V\u00e4cker detta fr\u00e5gor eller tankar? Kommentera nedan!<\/p>\n","protected":false},"excerpt":{"rendered":"<p>Det \u00e4r v\u00e4l dags att jag b\u00f6rjar den d\u00e4r bibell\u00e4sningsskolan som jag flaggade f\u00f6r f\u00f6r&#8230;. r\u00e4tt l\u00e4ngesen. \u00a0&#8221;Konsten att l\u00e4sa bibeln som ett proffs&#8221;. I media st\u00f6ter man p\u00e5 m\u00e5nga ytliga f\u00f6rst\u00e5elser av bibelns texter s\u00e5 h\u00e4r vill jag f\u00f6rs\u00f6ka kontra med n\u00e5gra av de verktyg bibelvetenskapen anv\u00e4nder sig av f\u00f6r att f\u00f6rst\u00e5 bibeln p\u00e5. [&hellip;]<\/p>\n","protected":false},"author":392,"featured_media":0,"comment_status":"open","ping_status":"open","sticky":false,"template":"","format":"standard","meta":{"_acf_changed":false,"footnotes":""},"categories":[14252,8298],"tags":[],"class_list":["post-601","post","type-post","status-publish","format-standard","hentry","category-bibel","category-bibeln"],"acf":[],"yoast_head":"<!-- This site is optimized with the Yoast SEO plugin v27.1.1 - https:\/\/yoast.com\/product\/yoast-seo-wordpress\/ -->\n<title>Bibell\u00e4sningsskolan del I; Sammanhanget spelar in! - Vandra V\u00e4gen<\/title>\n<meta name=\"robots\" content=\"index, follow, max-snippet:-1, max-image-preview:large, max-video-preview:-1\" \/>\n<link rel=\"canonical\" href=\"https:\/\/blogg.svenskakyrkan.se\/vandravagen\/2013\/04\/25\/bibellasningsskolan-del-i-sammanhanget-spelar-in\/\" \/>\n<meta property=\"og:locale\" content=\"sv_SE\" \/>\n<meta property=\"og:type\" content=\"article\" \/>\n<meta property=\"og:title\" content=\"Bibell\u00e4sningsskolan del I; Sammanhanget spelar in! - Vandra V\u00e4gen\" \/>\n<meta property=\"og:description\" content=\"Det \u00e4r v\u00e4l dags att jag b\u00f6rjar den d\u00e4r bibell\u00e4sningsskolan som jag flaggade f\u00f6r f\u00f6r&#8230;. r\u00e4tt l\u00e4ngesen. \u00a0&#8221;Konsten att l\u00e4sa bibeln som ett proffs&#8221;. I media st\u00f6ter man p\u00e5 m\u00e5nga ytliga f\u00f6rst\u00e5elser av bibelns texter s\u00e5 h\u00e4r vill jag f\u00f6rs\u00f6ka kontra med n\u00e5gra av de verktyg bibelvetenskapen anv\u00e4nder sig av f\u00f6r att f\u00f6rst\u00e5 bibeln p\u00e5. [&hellip;]\" \/>\n<meta property=\"og:url\" content=\"https:\/\/blogg.svenskakyrkan.se\/vandravagen\/2013\/04\/25\/bibellasningsskolan-del-i-sammanhanget-spelar-in\/\" \/>\n<meta property=\"og:site_name\" content=\"Vandra V\u00e4gen\" \/>\n<meta property=\"article:publisher\" content=\"http:\/\/facebook.com\/vandravagen\" \/>\n<meta property=\"article:published_time\" content=\"2013-04-25T06:23:00+00:00\" \/>\n<meta property=\"og:image\" content=\"http:\/\/2.bp.blogspot.com\/-2Tgrz-cSG6Y\/UUQxHZOMipI\/AAAAAAAACwQ\/qSCj1XTODd8\/s400\/21.jpg\" \/>\n<meta name=\"author\" content=\"Tomas Jarvid\" \/>\n<meta name=\"twitter:card\" content=\"summary_large_image\" \/>\n<meta name=\"twitter:creator\" content=\"@fadertomas\" \/>\n<meta name=\"twitter:site\" content=\"@fadertomas\" \/>\n<meta name=\"twitter:label1\" content=\"Skriven av\" \/>\n\t<meta name=\"twitter:data1\" content=\"Tomas Jarvid\" \/>\n\t<meta name=\"twitter:label2\" content=\"Ber\u00e4knad l\u00e4stid\" \/>\n\t<meta name=\"twitter:data2\" content=\"3 minuter\" \/>\n<script type=\"application\/ld+json\" class=\"yoast-schema-graph\">{\"@context\":\"https:\/\/schema.org\",\"@graph\":[{\"@type\":\"Article\",\"@id\":\"https:\/\/blogg.svenskakyrkan.se\/vandravagen\/2013\/04\/25\/bibellasningsskolan-del-i-sammanhanget-spelar-in\/#article\",\"isPartOf\":{\"@id\":\"https:\/\/blogg.svenskakyrkan.se\/vandravagen\/2013\/04\/25\/bibellasningsskolan-del-i-sammanhanget-spelar-in\/\"},\"author\":{\"name\":\"Tomas Jarvid\",\"@id\":\"https:\/\/blogg.svenskakyrkan.se\/vandravagen\/#\/schema\/person\/25da02d4f76b137d04291711e2c9fc16\"},\"headline\":\"Bibell\u00e4sningsskolan del I; Sammanhanget spelar in!\",\"datePublished\":\"2013-04-25T06:23:00+00:00\",\"mainEntityOfPage\":{\"@id\":\"https:\/\/blogg.svenskakyrkan.se\/vandravagen\/2013\/04\/25\/bibellasningsskolan-del-i-sammanhanget-spelar-in\/\"},\"wordCount\":517,\"commentCount\":3,\"publisher\":{\"@id\":\"https:\/\/blogg.svenskakyrkan.se\/vandravagen\/#organization\"},\"image\":{\"@id\":\"https:\/\/blogg.svenskakyrkan.se\/vandravagen\/2013\/04\/25\/bibellasningsskolan-del-i-sammanhanget-spelar-in\/#primaryimage\"},\"thumbnailUrl\":\"http:\/\/2.bp.blogspot.com\/-2Tgrz-cSG6Y\/UUQxHZOMipI\/AAAAAAAACwQ\/qSCj1XTODd8\/s400\/21.jpg\",\"articleSection\":[\"bibel\",\"Bibeln\"],\"inLanguage\":\"sv-SE\",\"potentialAction\":[{\"@type\":\"CommentAction\",\"name\":\"Comment\",\"target\":[\"https:\/\/blogg.svenskakyrkan.se\/vandravagen\/2013\/04\/25\/bibellasningsskolan-del-i-sammanhanget-spelar-in\/#respond\"]}]},{\"@type\":\"WebPage\",\"@id\":\"https:\/\/blogg.svenskakyrkan.se\/vandravagen\/2013\/04\/25\/bibellasningsskolan-del-i-sammanhanget-spelar-in\/\",\"url\":\"https:\/\/blogg.svenskakyrkan.se\/vandravagen\/2013\/04\/25\/bibellasningsskolan-del-i-sammanhanget-spelar-in\/\",\"name\":\"Bibell\u00e4sningsskolan del I; Sammanhanget spelar in! - Vandra V\u00e4gen\",\"isPartOf\":{\"@id\":\"https:\/\/blogg.svenskakyrkan.se\/vandravagen\/#website\"},\"primaryImageOfPage\":{\"@id\":\"https:\/\/blogg.svenskakyrkan.se\/vandravagen\/2013\/04\/25\/bibellasningsskolan-del-i-sammanhanget-spelar-in\/#primaryimage\"},\"image\":{\"@id\":\"https:\/\/blogg.svenskakyrkan.se\/vandravagen\/2013\/04\/25\/bibellasningsskolan-del-i-sammanhanget-spelar-in\/#primaryimage\"},\"thumbnailUrl\":\"http:\/\/2.bp.blogspot.com\/-2Tgrz-cSG6Y\/UUQxHZOMipI\/AAAAAAAACwQ\/qSCj1XTODd8\/s400\/21.jpg\",\"datePublished\":\"2013-04-25T06:23:00+00:00\",\"breadcrumb\":{\"@id\":\"https:\/\/blogg.svenskakyrkan.se\/vandravagen\/2013\/04\/25\/bibellasningsskolan-del-i-sammanhanget-spelar-in\/#breadcrumb\"},\"inLanguage\":\"sv-SE\",\"potentialAction\":[{\"@type\":\"ReadAction\",\"target\":[\"https:\/\/blogg.svenskakyrkan.se\/vandravagen\/2013\/04\/25\/bibellasningsskolan-del-i-sammanhanget-spelar-in\/\"]}]},{\"@type\":\"ImageObject\",\"inLanguage\":\"sv-SE\",\"@id\":\"https:\/\/blogg.svenskakyrkan.se\/vandravagen\/2013\/04\/25\/bibellasningsskolan-del-i-sammanhanget-spelar-in\/#primaryimage\",\"url\":\"http:\/\/2.bp.blogspot.com\/-2Tgrz-cSG6Y\/UUQxHZOMipI\/AAAAAAAACwQ\/qSCj1XTODd8\/s400\/21.jpg\",\"contentUrl\":\"http:\/\/2.bp.blogspot.com\/-2Tgrz-cSG6Y\/UUQxHZOMipI\/AAAAAAAACwQ\/qSCj1XTODd8\/s400\/21.jpg\"},{\"@type\":\"BreadcrumbList\",\"@id\":\"https:\/\/blogg.svenskakyrkan.se\/vandravagen\/2013\/04\/25\/bibellasningsskolan-del-i-sammanhanget-spelar-in\/#breadcrumb\",\"itemListElement\":[{\"@type\":\"ListItem\",\"position\":1,\"name\":\"Hem\",\"item\":\"https:\/\/blogg.svenskakyrkan.se\/vandravagen\/\"},{\"@type\":\"ListItem\",\"position\":2,\"name\":\"Bibell\u00e4sningsskolan del I; Sammanhanget spelar in!\"}]},{\"@type\":\"WebSite\",\"@id\":\"https:\/\/blogg.svenskakyrkan.se\/vandravagen\/#website\",\"url\":\"https:\/\/blogg.svenskakyrkan.se\/vandravagen\/\",\"name\":\"Vandra V\u00e4gen\",\"description\":\"-Mot en tro f\u00f6r hela livet\",\"publisher\":{\"@id\":\"https:\/\/blogg.svenskakyrkan.se\/vandravagen\/#organization\"},\"potentialAction\":[{\"@type\":\"SearchAction\",\"target\":{\"@type\":\"EntryPoint\",\"urlTemplate\":\"https:\/\/blogg.svenskakyrkan.se\/vandravagen\/?s={search_term_string}\"},\"query-input\":{\"@type\":\"PropertyValueSpecification\",\"valueRequired\":true,\"valueName\":\"search_term_string\"}}],\"inLanguage\":\"sv-SE\"},{\"@type\":\"Organization\",\"@id\":\"https:\/\/blogg.svenskakyrkan.se\/vandravagen\/#organization\",\"name\":\"ulricehamns pastorat\",\"alternateName\":\"ulricehamns pastorat\",\"url\":\"https:\/\/blogg.svenskakyrkan.se\/vandravagen\/\",\"logo\":{\"@type\":\"ImageObject\",\"inLanguage\":\"sv-SE\",\"@id\":\"https:\/\/blogg.svenskakyrkan.se\/vandravagen\/#\/schema\/logo\/image\/\",\"url\":\"https:\/\/blogg.svenskakyrkan.se\/vandravagen\/files\/2023\/05\/Ulr_logo_RGB.png\",\"contentUrl\":\"https:\/\/blogg.svenskakyrkan.se\/vandravagen\/files\/2023\/05\/Ulr_logo_RGB.png\",\"width\":205,\"height\":77,\"caption\":\"ulricehamns pastorat\"},\"image\":{\"@id\":\"https:\/\/blogg.svenskakyrkan.se\/vandravagen\/#\/schema\/logo\/image\/\"},\"sameAs\":[\"http:\/\/facebook.com\/vandravagen\",\"https:\/\/x.com\/fadertomas\",\"http:\/\/www.facebook.com\/svenskakyrkaniulricehamn\"]},{\"@type\":\"Person\",\"@id\":\"https:\/\/blogg.svenskakyrkan.se\/vandravagen\/#\/schema\/person\/25da02d4f76b137d04291711e2c9fc16\",\"name\":\"Tomas Jarvid\",\"image\":{\"@type\":\"ImageObject\",\"inLanguage\":\"sv-SE\",\"@id\":\"https:\/\/blogg.svenskakyrkan.se\/vandravagen\/#\/schema\/person\/image\/\",\"url\":\"https:\/\/secure.gravatar.com\/avatar\/7fa71899795e8f540f615a1f5ab25255dc27aa40f05ee7ddd21aac521e01bf50?s=96&d=identicon&r=g\",\"contentUrl\":\"https:\/\/secure.gravatar.com\/avatar\/7fa71899795e8f540f615a1f5ab25255dc27aa40f05ee7ddd21aac521e01bf50?s=96&d=identicon&r=g\",\"caption\":\"Tomas Jarvid\"},\"description\":\"Jag bor i Ulricehamn i V\u00e4sterg\u00f6tland och \u00e4r f\u00f6rsamlingspr\u00e4st i Svenska Kyrkan f\u00f6r Dalstorps f\u00f6rsamling i Kinds pastorat. P\u00e5 den h\u00e4r bloggen skriver jag ner tankar om vandringen som kristen.\",\"sameAs\":[\"http:\/\/www.vandravagen.se\"],\"url\":\"https:\/\/blogg.svenskakyrkan.se\/vandravagen\/author\/vandravagen\/\"}]}<\/script>\n<!-- \/ Yoast SEO plugin. -->","yoast_head_json":{"title":"Bibell\u00e4sningsskolan del I; Sammanhanget spelar in! - Vandra V\u00e4gen","robots":{"index":"index","follow":"follow","max-snippet":"max-snippet:-1","max-image-preview":"max-image-preview:large","max-video-preview":"max-video-preview:-1"},"canonical":"https:\/\/blogg.svenskakyrkan.se\/vandravagen\/2013\/04\/25\/bibellasningsskolan-del-i-sammanhanget-spelar-in\/","og_locale":"sv_SE","og_type":"article","og_title":"Bibell\u00e4sningsskolan del I; Sammanhanget spelar in! - Vandra V\u00e4gen","og_description":"Det \u00e4r v\u00e4l dags att jag b\u00f6rjar den d\u00e4r bibell\u00e4sningsskolan som jag flaggade f\u00f6r f\u00f6r&#8230;. r\u00e4tt l\u00e4ngesen. \u00a0&#8221;Konsten att l\u00e4sa bibeln som ett proffs&#8221;. I media st\u00f6ter man p\u00e5 m\u00e5nga ytliga f\u00f6rst\u00e5elser av bibelns texter s\u00e5 h\u00e4r vill jag f\u00f6rs\u00f6ka kontra med n\u00e5gra av de verktyg bibelvetenskapen anv\u00e4nder sig av f\u00f6r att f\u00f6rst\u00e5 bibeln p\u00e5. [&hellip;]","og_url":"https:\/\/blogg.svenskakyrkan.se\/vandravagen\/2013\/04\/25\/bibellasningsskolan-del-i-sammanhanget-spelar-in\/","og_site_name":"Vandra V\u00e4gen","article_publisher":"http:\/\/facebook.com\/vandravagen","article_published_time":"2013-04-25T06:23:00+00:00","og_image":[{"url":"http:\/\/2.bp.blogspot.com\/-2Tgrz-cSG6Y\/UUQxHZOMipI\/AAAAAAAACwQ\/qSCj1XTODd8\/s400\/21.jpg","type":"","width":"","height":""}],"author":"Tomas Jarvid","twitter_card":"summary_large_image","twitter_creator":"@fadertomas","twitter_site":"@fadertomas","twitter_misc":{"Skriven av":"Tomas Jarvid","Ber\u00e4knad l\u00e4stid":"3 minuter"},"schema":{"@context":"https:\/\/schema.org","@graph":[{"@type":"Article","@id":"https:\/\/blogg.svenskakyrkan.se\/vandravagen\/2013\/04\/25\/bibellasningsskolan-del-i-sammanhanget-spelar-in\/#article","isPartOf":{"@id":"https:\/\/blogg.svenskakyrkan.se\/vandravagen\/2013\/04\/25\/bibellasningsskolan-del-i-sammanhanget-spelar-in\/"},"author":{"name":"Tomas Jarvid","@id":"https:\/\/blogg.svenskakyrkan.se\/vandravagen\/#\/schema\/person\/25da02d4f76b137d04291711e2c9fc16"},"headline":"Bibell\u00e4sningsskolan del I; Sammanhanget spelar in!","datePublished":"2013-04-25T06:23:00+00:00","mainEntityOfPage":{"@id":"https:\/\/blogg.svenskakyrkan.se\/vandravagen\/2013\/04\/25\/bibellasningsskolan-del-i-sammanhanget-spelar-in\/"},"wordCount":517,"commentCount":3,"publisher":{"@id":"https:\/\/blogg.svenskakyrkan.se\/vandravagen\/#organization"},"image":{"@id":"https:\/\/blogg.svenskakyrkan.se\/vandravagen\/2013\/04\/25\/bibellasningsskolan-del-i-sammanhanget-spelar-in\/#primaryimage"},"thumbnailUrl":"http:\/\/2.bp.blogspot.com\/-2Tgrz-cSG6Y\/UUQxHZOMipI\/AAAAAAAACwQ\/qSCj1XTODd8\/s400\/21.jpg","articleSection":["bibel","Bibeln"],"inLanguage":"sv-SE","potentialAction":[{"@type":"CommentAction","name":"Comment","target":["https:\/\/blogg.svenskakyrkan.se\/vandravagen\/2013\/04\/25\/bibellasningsskolan-del-i-sammanhanget-spelar-in\/#respond"]}]},{"@type":"WebPage","@id":"https:\/\/blogg.svenskakyrkan.se\/vandravagen\/2013\/04\/25\/bibellasningsskolan-del-i-sammanhanget-spelar-in\/","url":"https:\/\/blogg.svenskakyrkan.se\/vandravagen\/2013\/04\/25\/bibellasningsskolan-del-i-sammanhanget-spelar-in\/","name":"Bibell\u00e4sningsskolan del I; Sammanhanget spelar in! - Vandra V\u00e4gen","isPartOf":{"@id":"https:\/\/blogg.svenskakyrkan.se\/vandravagen\/#website"},"primaryImageOfPage":{"@id":"https:\/\/blogg.svenskakyrkan.se\/vandravagen\/2013\/04\/25\/bibellasningsskolan-del-i-sammanhanget-spelar-in\/#primaryimage"},"image":{"@id":"https:\/\/blogg.svenskakyrkan.se\/vandravagen\/2013\/04\/25\/bibellasningsskolan-del-i-sammanhanget-spelar-in\/#primaryimage"},"thumbnailUrl":"http:\/\/2.bp.blogspot.com\/-2Tgrz-cSG6Y\/UUQxHZOMipI\/AAAAAAAACwQ\/qSCj1XTODd8\/s400\/21.jpg","datePublished":"2013-04-25T06:23:00+00:00","breadcrumb":{"@id":"https:\/\/blogg.svenskakyrkan.se\/vandravagen\/2013\/04\/25\/bibellasningsskolan-del-i-sammanhanget-spelar-in\/#breadcrumb"},"inLanguage":"sv-SE","potentialAction":[{"@type":"ReadAction","target":["https:\/\/blogg.svenskakyrkan.se\/vandravagen\/2013\/04\/25\/bibellasningsskolan-del-i-sammanhanget-spelar-in\/"]}]},{"@type":"ImageObject","inLanguage":"sv-SE","@id":"https:\/\/blogg.svenskakyrkan.se\/vandravagen\/2013\/04\/25\/bibellasningsskolan-del-i-sammanhanget-spelar-in\/#primaryimage","url":"http:\/\/2.bp.blogspot.com\/-2Tgrz-cSG6Y\/UUQxHZOMipI\/AAAAAAAACwQ\/qSCj1XTODd8\/s400\/21.jpg","contentUrl":"http:\/\/2.bp.blogspot.com\/-2Tgrz-cSG6Y\/UUQxHZOMipI\/AAAAAAAACwQ\/qSCj1XTODd8\/s400\/21.jpg"},{"@type":"BreadcrumbList","@id":"https:\/\/blogg.svenskakyrkan.se\/vandravagen\/2013\/04\/25\/bibellasningsskolan-del-i-sammanhanget-spelar-in\/#breadcrumb","itemListElement":[{"@type":"ListItem","position":1,"name":"Hem","item":"https:\/\/blogg.svenskakyrkan.se\/vandravagen\/"},{"@type":"ListItem","position":2,"name":"Bibell\u00e4sningsskolan del I; Sammanhanget spelar in!"}]},{"@type":"WebSite","@id":"https:\/\/blogg.svenskakyrkan.se\/vandravagen\/#website","url":"https:\/\/blogg.svenskakyrkan.se\/vandravagen\/","name":"Vandra V\u00e4gen","description":"-Mot en tro f\u00f6r hela livet","publisher":{"@id":"https:\/\/blogg.svenskakyrkan.se\/vandravagen\/#organization"},"potentialAction":[{"@type":"SearchAction","target":{"@type":"EntryPoint","urlTemplate":"https:\/\/blogg.svenskakyrkan.se\/vandravagen\/?s={search_term_string}"},"query-input":{"@type":"PropertyValueSpecification","valueRequired":true,"valueName":"search_term_string"}}],"inLanguage":"sv-SE"},{"@type":"Organization","@id":"https:\/\/blogg.svenskakyrkan.se\/vandravagen\/#organization","name":"ulricehamns pastorat","alternateName":"ulricehamns pastorat","url":"https:\/\/blogg.svenskakyrkan.se\/vandravagen\/","logo":{"@type":"ImageObject","inLanguage":"sv-SE","@id":"https:\/\/blogg.svenskakyrkan.se\/vandravagen\/#\/schema\/logo\/image\/","url":"https:\/\/blogg.svenskakyrkan.se\/vandravagen\/files\/2023\/05\/Ulr_logo_RGB.png","contentUrl":"https:\/\/blogg.svenskakyrkan.se\/vandravagen\/files\/2023\/05\/Ulr_logo_RGB.png","width":205,"height":77,"caption":"ulricehamns pastorat"},"image":{"@id":"https:\/\/blogg.svenskakyrkan.se\/vandravagen\/#\/schema\/logo\/image\/"},"sameAs":["http:\/\/facebook.com\/vandravagen","https:\/\/x.com\/fadertomas","http:\/\/www.facebook.com\/svenskakyrkaniulricehamn"]},{"@type":"Person","@id":"https:\/\/blogg.svenskakyrkan.se\/vandravagen\/#\/schema\/person\/25da02d4f76b137d04291711e2c9fc16","name":"Tomas Jarvid","image":{"@type":"ImageObject","inLanguage":"sv-SE","@id":"https:\/\/blogg.svenskakyrkan.se\/vandravagen\/#\/schema\/person\/image\/","url":"https:\/\/secure.gravatar.com\/avatar\/7fa71899795e8f540f615a1f5ab25255dc27aa40f05ee7ddd21aac521e01bf50?s=96&d=identicon&r=g","contentUrl":"https:\/\/secure.gravatar.com\/avatar\/7fa71899795e8f540f615a1f5ab25255dc27aa40f05ee7ddd21aac521e01bf50?s=96&d=identicon&r=g","caption":"Tomas Jarvid"},"description":"Jag bor i Ulricehamn i V\u00e4sterg\u00f6tland och \u00e4r f\u00f6rsamlingspr\u00e4st i Svenska Kyrkan f\u00f6r Dalstorps f\u00f6rsamling i Kinds pastorat. P\u00e5 den h\u00e4r bloggen skriver jag ner tankar om vandringen som kristen.","sameAs":["http:\/\/www.vandravagen.se"],"url":"https:\/\/blogg.svenskakyrkan.se\/vandravagen\/author\/vandravagen\/"}]}},"author_meta":{"ID":"392","user_nicename":"vandravagen","user_url":"http:\/\/www.vandravagen.se","user_registered":"2014-05-19 05:44:52","display_name":"Tomas Jarvid","first_name":"Tomas","last_name":"Jarvid","avatar":"https:\/\/secure.gravatar.com\/avatar\/7fa71899795e8f540f615a1f5ab25255dc27aa40f05ee7ddd21aac521e01bf50?s=96&d=identicon&r=g"},"featured_image":false,"bloginfo":{"name":"Vandra V\u00e4gen","url":"https:\/\/blogg.svenskakyrkan.se\/vandravagen"},"_links":{"self":[{"href":"https:\/\/blogg.svenskakyrkan.se\/vandravagen\/wp-json\/wp\/v2\/posts\/601","targetHints":{"allow":["GET"]}}],"collection":[{"href":"https:\/\/blogg.svenskakyrkan.se\/vandravagen\/wp-json\/wp\/v2\/posts"}],"about":[{"href":"https:\/\/blogg.svenskakyrkan.se\/vandravagen\/wp-json\/wp\/v2\/types\/post"}],"author":[{"embeddable":true,"href":"https:\/\/blogg.svenskakyrkan.se\/vandravagen\/wp-json\/wp\/v2\/users\/392"}],"replies":[{"embeddable":true,"href":"https:\/\/blogg.svenskakyrkan.se\/vandravagen\/wp-json\/wp\/v2\/comments?post=601"}],"version-history":[{"count":0,"href":"https:\/\/blogg.svenskakyrkan.se\/vandravagen\/wp-json\/wp\/v2\/posts\/601\/revisions"}],"wp:attachment":[{"href":"https:\/\/blogg.svenskakyrkan.se\/vandravagen\/wp-json\/wp\/v2\/media?parent=601"}],"wp:term":[{"taxonomy":"category","embeddable":true,"href":"https:\/\/blogg.svenskakyrkan.se\/vandravagen\/wp-json\/wp\/v2\/categories?post=601"},{"taxonomy":"post_tag","embeddable":true,"href":"https:\/\/blogg.svenskakyrkan.se\/vandravagen\/wp-json\/wp\/v2\/tags?post=601"}],"curies":[{"name":"wp","href":"https:\/\/api.w.org\/{rel}","templated":true}]}}