{"id":602,"date":"2013-04-24T08:20:00","date_gmt":"2013-04-24T06:20:00","guid":{"rendered":"http:\/\/blogg.svenskakyrkan.se\/vandravagen\/2013\/04\/24\/7-punkter-om-anknytning-for-ungdomsledaren\/"},"modified":"2013-04-24T08:20:00","modified_gmt":"2013-04-24T06:20:00","slug":"7-punkter-om-anknytning-for-ungdomsledaren","status":"publish","type":"post","link":"https:\/\/blogg.svenskakyrkan.se\/vandravagen\/2013\/04\/24\/7-punkter-om-anknytning-for-ungdomsledaren\/","title":{"rendered":"7 punkter om anknytning f\u00f6r ungdomsledaren"},"content":{"rendered":"<\/p>\n<table align=\"center\" cellpadding=\"0\" cellspacing=\"0\">\n<tbody>\n<tr>\n<td><a href=\"http:\/\/4.bp.blogspot.com\/-_JCKezH6awA\/T2TPs9PBwpI\/AAAAAAAAAHA\/hnzJsLy6kpk\/s1600\/Konfirmander_1940_b.jpg\"><img loading=\"lazy\" decoding=\"async\" border=\"0\" height=\"292\" src=\"http:\/\/4.bp.blogspot.com\/-_JCKezH6awA\/T2TPs9PBwpI\/AAAAAAAAAHA\/hnzJsLy6kpk\/s400\/Konfirmander_1940_b.jpg\" width=\"400\"><\/a><\/td>\n<\/tr>\n<tr>\n<td>Konfirmander f\u00f6rr; annorlunda \u00e4n nu p\u00e5 gott och ont!<\/td>\n<\/tr>\n<\/tbody>\n<\/table>\n<p>N\u00e4r jag l\u00e4ste Gotdon Neufelds bok &#8221;<a href=\"http:\/\/www.vandravagen.se\/2013\/03\/vaga-ta-plats-i-ditt-barns-liv-sager.html\">V\u00e5ga ta plats i dina barns liv<\/a>&#8221; blev jag ocks\u00e5 utmanad i min syn p\u00e5 barn och ungdomsarbete (i f\u00f6rsta hand konfirmandarbete). Nu g\u00f6r jag ett f\u00f6rs\u00f6k att dra lite slutsatser av Gordon Neufeld f\u00f6r ungdomsledare och liknande. H\u00e4ng med!<\/p>\n<p>1,\u00a0Ta plats,  du \u00e4r viktig som vuxen!<\/p>\n<p>Det kan vara ett otacksamt jobb att arbeta med ungdomar. Det \u00e4r inte alltid man k\u00e4nner sig uppskattad. M\u00e5nga ungdomar \u00e4r helt upptagna av sin inb\u00f6rdes rangordning och m\u00f6tet med vuxna blir ibland bara en m\u00f6jlighet att vara tuff inf\u00f6r varandra. Enligt Neufeld ska man inte l\u00e5ta sig nedsl\u00e5s av det. P\u00e5 avg\u00f6rande punkter \u00e4r vuxna (f\u00f6r\u00e4ldrar och andra, som ungdomsledare f\u00e5r man en liknande roll) \u00e4r b\u00e4ttre f\u00f6r ungdomar \u00e4n de \u00e4r f\u00f6r varandra. N\u00e4mligen dessa:<\/p>\n<div><a href=\"http:\/\/4.bp.blogspot.com\/-fPo2oDDYCBk\/UW53WxZ7XrI\/AAAAAAAADKI\/IqDVwE89XeQ\/s1600\/3-0.jpg\"><img decoding=\"async\" border=\"0\" src=\"http:\/\/4.bp.blogspot.com\/-fPo2oDDYCBk\/UW53WxZ7XrI\/AAAAAAAADKI\/IqDVwE89XeQ\/s1600\/3-0.jpg\"><\/a><\/div>\n<div><\/div>\n<div><\/div>\n<p>2, Visa tillr\u00e4tta p\u00e5 ok\u00e4nd mark<\/p>\n<p>Barn och unga beh\u00f6ver vuxna f\u00f6r att kunna orientera sig i tillvaron. Det \u00e4r alltj\u00e4mt v\u00e4ldigt mycket om \u00e4r ok\u00e4nd terr\u00e4ng innan de hunnit samla egen erfarenhet. N\u00e4r vi hamnar p\u00e5 nya st\u00e4llen, i nya roller eller i nya sammanhang (orienteringsvacum) l\u00e4ngtar vi mer \u00e4n n\u00e5got annat efter n\u00e5gon som kan hj\u00e4lpa oss f\u00e5r r\u00e4tsida p\u00e5 det nya. D\u00e4r kan man som vuxen g\u00f6ra stor skillnad genom att ta initiativet.<\/p>\n<p>Exempel: En konfirmand kommer in i kyrkan p\u00e5 gudstj\u00e4nst f\u00f6r f\u00f6rsta g\u00e5ngen. I d\u00f6rren st\u00e5r en av konfirmandledarna och h\u00e4lsar, ser till att konfirmanden har f\u00e5tt psalmbok och hj\u00e4lper honom eller henne till r\u00e4tta. D\u00e5 kan hela upplevelsen av gudstj\u00e4nsten f\u00f6r\u00e4ndras fr\u00e5n otrygg och konstig till trygghet \u00f6ver att n\u00e5gon annan har koll s\u00e5 jag kan vara lugn.<\/p>\n<p>(I parentes sagt \u00e4r det h\u00e4r en v\u00e4ldigt viktig insikt i alla m\u00f6jliga sammanhang, b\u00e5de med barn och vuxna. Pr\u00e4sten ska f\u00f6rmedla trygghet till ovana dopfirare, l\u00e4raren till barnet som kommer nytt i klassen, receptionisten till den lite r\u00e4ddh\u00e5gsne arbetss\u00f6karen. Det handlar inte om n\u00e5gra sv\u00e5ra grejer, bara att ta sig tid att hj\u00e4lpa lite p\u00e5 traven d\u00e4r man \u00e4r mer hemmastadd \u00e4n den andra.)<\/p>\n<p>Po\u00e4ngen \u00e4r att det inte \u00e4r n\u00e5got konstigt i att ett barn \u00e4r beroende av den vuxnes \u00f6verblick och erfarenhet. Bejaka det och se som din uppgift att erbjuda struktur och trygghet.<\/p>\n<p>3, Erbjud famnen<\/p>\n<p>I bildlig mening \u00e4r det viktigt att erbjuda famnen, det vill s\u00e4ga vara den som tar initiativet till kontakt och erbjuder sin v\u00e4nskap. Anknytningsrelationer \u00e4r oj\u00e4mnb\u00f6rdiga till sin karakt\u00e4r. Konfirmanden st\u00e5r i beroendest\u00e4llning inf\u00f6r ledaren. D\u00e4rf\u00f6r \u00e4r det viktigt att ledaren \u00e4r den som tar initiativet till kontakt. Det \u00e4r mycket sv\u00e5rare f\u00f6r barnen. F\u00f6r den vuxne kan det h\u00e4r vara sv\u00e5rt f\u00f6r det verkar ofta som att kontakten \u00e4r o\u00f6nskad. I sj\u00e4lva verket \u00e4r det f\u00f6rmodligen snarare fr\u00e5ga om avvaktande eller av att man inte \u00e4r v\u00e4lkommen p\u00e5 grund av <a href=\"http:\/\/www.vandravagen.se\/2013\/03\/jamnarigorientering-det-ar-farliga.html\">j\u00e4mn\u00e5rigorientering<\/a>. Man kan inte heller tvinga sig p\u00e5 utan f\u00e5r envist forts\u00e4tta att s\u00f6ka kontakt och erbjuda sin n\u00e4rvaro tills barnet eller ungdomen sj\u00e4lv vill acceptera den.<\/p>\n<p>4, L\u00e4ra k\u00e4nna kommer f\u00f6re l\u00e4ra ut<\/p>\n<p>Vi l\u00e4r oss av de som vi litar p\u00e5 och knyter an till, inte till andra. Speciellt f\u00f6r den som vill arbeta med v\u00e4rderingar och personliga f\u00f6rh\u00e5llningss\u00e4tt m\u00e5ste l\u00e4randesituationen utg\u00e5 fr\u00e5n f\u00f6rtroende. Om vi inte har ungdomens hj\u00e4rta har vi inte hans eller hennes \u00f6ra heller.<\/p>\n<p>5, Tid p\u00e5 tu man hand<\/p>\n<p>Nuf\u00f6rtiden \u00e4r det k\u00e4nsliga saker att vara p\u00e5 tu man hand med barn eller ungdomar. Det \u00e4r dock viktigt att se de tillf\u00e4llen som finns som viktiga f\u00f6r relationen och f\u00f6rs\u00f6ka hitta h\u00e5llbara former f\u00f6r det. Kan du som konfirmandpr\u00e4st g\u00e5 en promenad med var och en av konfirmanderna under ett l\u00e4ger? Sk\u00f6ter du disken ihop med n\u00e5got av barnen p\u00e5 fritids? \u00c5terigen kan man inte tvinga sig till att barnet ska \u00f6ppna upp sitt inre men det \u00e4r bra att signalera att de kan g\u00f6ra det om de vill.<\/p>\n<p>6, St\u00e4rk familjerna<\/p>\n<p>Den sista punkten \u00e4r sv\u00e5r. Hur kan jag st\u00e4rka banden mellan barn och unga och deras familjer? H\u00e4r tror jag att det \u00e4r viktigt att vara kreativ och framf\u00f6rallt att inte se sig sj\u00e4lv som konkurrent till f\u00f6r\u00e4ldrar utan som deras kompanjon. P\u00e5 grund av j\u00e4mn\u00e5rigorientering \u00e4r det sv\u00e5ra tider f\u00f6r relationerna mellan f\u00f6r\u00e4ldrar och barn och kan man g\u00f6ra n\u00e5got f\u00f6r att st\u00e4rka dem b\u00f6r man g\u00f6ra det. Jag har inte kommit p\u00e5 s\u00e5 m\u00e5nga s\u00e4tt f\u00f6r detta \u00e4n, men mentalt b\u00f6r man str\u00e4va efter att se barn och unga inte s\u00e5 mycket som individer som delar i en familj med egna utmaningar. F\u00f6r mig har det gjort stor skillnad de g\u00e5nger jag f\u00e5tt inblick i hemsituationen f\u00f6r n\u00e5gon. Kanske kan jag som pr\u00e4st g\u00e5 hem till alla konfirmanderna och fika lite hemma hos dem? Det \u00e4r i alla fall ett f\u00f6rsta steg p\u00e5 att utforska den h\u00e4r punkten.<\/p>\n<p>7, F\u00f6rb\u00e4ttra relationen, inte beteendet<\/p>\n<p>Precis som i <a href=\"http:\/\/www.vandravagen.se\/2013\/04\/7-principer-for-barnuppfostran-enligt.html\">f\u00f6r\u00e4ldraskapet<\/a> \u00e4r en stor utmaning att inte kasta sig hals \u00f6ver huvud in i att korrigera d\u00e5liga beteenden. I alla fall leder det i l\u00e4ngden ingen vart att ta till h\u00f6jt r\u00f6stl\u00e4ge eller vad som helst om det samtidigt f\u00f6rst\u00f6r relationen. Vad hj\u00e4lper det om vi har f\u00e5tt s\u00e4tta ner foten och visa vart sk\u00e5pet st\u00e5r om det inneb\u00e4r att ungdomen bara kommer lyssna \u00e4nnu mindre p\u00e5 oss fram\u00f6ver? D\u00e4rf\u00f6r \u00e4r det viktigt att se som sin <i>huvuduppgift<\/i> (i akutl\u00e4gen kan man beh\u00f6va skjuta det till senare men d\u00e5 \u00e4r det viktigt att man ocks\u00e5 ser till att man verkligen lagar relationen senare) att f\u00f6rb\u00e4ttra relationen och lita p\u00e5 att beteenden f\u00f6ljer med s\u00e5 sm\u00e5ningom. Ett &#8221;vuxet&#8221; exempel p\u00e5 samma sak \u00e4r insikten att det ofta \u00e4r viktigare att vinna <i>personen<\/i> \u00e4n <i>debatten<\/i>.<\/p>\n<p>Det var mina sju punkter utifr\u00e5n Gordon Neufelds tankar. Nu undrar jag hur det h\u00e4r l\u00e5ter i dina \u00f6ron. Har du inv\u00e4ndningar? Kommentera nedan!<\/p>\n","protected":false},"excerpt":{"rendered":"<p>Konfirmander f\u00f6rr; annorlunda \u00e4n nu p\u00e5 gott och ont! N\u00e4r jag l\u00e4ste Gotdon Neufelds bok &#8221;V\u00e5ga ta plats i dina barns liv&#8221; blev jag ocks\u00e5 utmanad i min syn p\u00e5 barn och ungdomsarbete (i f\u00f6rsta hand konfirmandarbete). Nu g\u00f6r jag ett f\u00f6rs\u00f6k att dra lite slutsatser av Gordon Neufeld f\u00f6r ungdomsledare och liknande. H\u00e4ng med! [&hellip;]<\/p>\n","protected":false},"author":392,"featured_media":0,"comment_status":"open","ping_status":"open","sticky":false,"template":"","format":"standard","meta":{"_acf_changed":false,"footnotes":""},"categories":[76766,77554],"tags":[],"class_list":["post-602","post","type-post","status-publish","format-standard","hentry","category-blandat","category-vara-manniska"],"acf":[],"yoast_head":"<!-- This site is optimized with the Yoast SEO plugin v27.1.1 - https:\/\/yoast.com\/product\/yoast-seo-wordpress\/ -->\n<title>7 punkter om anknytning f\u00f6r ungdomsledaren - Vandra V\u00e4gen<\/title>\n<meta name=\"robots\" content=\"index, follow, max-snippet:-1, max-image-preview:large, max-video-preview:-1\" \/>\n<link rel=\"canonical\" href=\"https:\/\/blogg.svenskakyrkan.se\/vandravagen\/2013\/04\/24\/7-punkter-om-anknytning-for-ungdomsledaren\/\" \/>\n<meta property=\"og:locale\" content=\"sv_SE\" \/>\n<meta property=\"og:type\" content=\"article\" \/>\n<meta property=\"og:title\" content=\"7 punkter om anknytning f\u00f6r ungdomsledaren - Vandra V\u00e4gen\" \/>\n<meta property=\"og:description\" content=\"Konfirmander f\u00f6rr; annorlunda \u00e4n nu p\u00e5 gott och ont! N\u00e4r jag l\u00e4ste Gotdon Neufelds bok &#8221;V\u00e5ga ta plats i dina barns liv&#8221; blev jag ocks\u00e5 utmanad i min syn p\u00e5 barn och ungdomsarbete (i f\u00f6rsta hand konfirmandarbete). Nu g\u00f6r jag ett f\u00f6rs\u00f6k att dra lite slutsatser av Gordon Neufeld f\u00f6r ungdomsledare och liknande. H\u00e4ng med! [&hellip;]\" \/>\n<meta property=\"og:url\" content=\"https:\/\/blogg.svenskakyrkan.se\/vandravagen\/2013\/04\/24\/7-punkter-om-anknytning-for-ungdomsledaren\/\" \/>\n<meta property=\"og:site_name\" content=\"Vandra V\u00e4gen\" \/>\n<meta property=\"article:publisher\" content=\"http:\/\/facebook.com\/vandravagen\" \/>\n<meta property=\"article:published_time\" content=\"2013-04-24T06:20:00+00:00\" \/>\n<meta property=\"og:image\" content=\"http:\/\/4.bp.blogspot.com\/-_JCKezH6awA\/T2TPs9PBwpI\/AAAAAAAAAHA\/hnzJsLy6kpk\/s400\/Konfirmander_1940_b.jpg\" \/>\n<meta name=\"author\" content=\"Tomas Jarvid\" \/>\n<meta name=\"twitter:card\" content=\"summary_large_image\" \/>\n<meta name=\"twitter:creator\" content=\"@fadertomas\" \/>\n<meta name=\"twitter:site\" content=\"@fadertomas\" \/>\n<meta name=\"twitter:label1\" content=\"Skriven av\" \/>\n\t<meta name=\"twitter:data1\" content=\"Tomas Jarvid\" \/>\n\t<meta name=\"twitter:label2\" content=\"Ber\u00e4knad l\u00e4stid\" \/>\n\t<meta name=\"twitter:data2\" content=\"6 minuter\" \/>\n<script type=\"application\/ld+json\" class=\"yoast-schema-graph\">{\"@context\":\"https:\/\/schema.org\",\"@graph\":[{\"@type\":\"Article\",\"@id\":\"https:\/\/blogg.svenskakyrkan.se\/vandravagen\/2013\/04\/24\/7-punkter-om-anknytning-for-ungdomsledaren\/#article\",\"isPartOf\":{\"@id\":\"https:\/\/blogg.svenskakyrkan.se\/vandravagen\/2013\/04\/24\/7-punkter-om-anknytning-for-ungdomsledaren\/\"},\"author\":{\"name\":\"Tomas Jarvid\",\"@id\":\"https:\/\/blogg.svenskakyrkan.se\/vandravagen\/#\/schema\/person\/25da02d4f76b137d04291711e2c9fc16\"},\"headline\":\"7 punkter om anknytning f\u00f6r ungdomsledaren\",\"datePublished\":\"2013-04-24T06:20:00+00:00\",\"mainEntityOfPage\":{\"@id\":\"https:\/\/blogg.svenskakyrkan.se\/vandravagen\/2013\/04\/24\/7-punkter-om-anknytning-for-ungdomsledaren\/\"},\"wordCount\":1152,\"commentCount\":2,\"publisher\":{\"@id\":\"https:\/\/blogg.svenskakyrkan.se\/vandravagen\/#organization\"},\"image\":{\"@id\":\"https:\/\/blogg.svenskakyrkan.se\/vandravagen\/2013\/04\/24\/7-punkter-om-anknytning-for-ungdomsledaren\/#primaryimage\"},\"thumbnailUrl\":\"http:\/\/4.bp.blogspot.com\/-_JCKezH6awA\/T2TPs9PBwpI\/AAAAAAAAAHA\/hnzJsLy6kpk\/s400\/Konfirmander_1940_b.jpg\",\"articleSection\":[\"blandat\",\"vara m\u00e4nniska\"],\"inLanguage\":\"sv-SE\",\"potentialAction\":[{\"@type\":\"CommentAction\",\"name\":\"Comment\",\"target\":[\"https:\/\/blogg.svenskakyrkan.se\/vandravagen\/2013\/04\/24\/7-punkter-om-anknytning-for-ungdomsledaren\/#respond\"]}]},{\"@type\":\"WebPage\",\"@id\":\"https:\/\/blogg.svenskakyrkan.se\/vandravagen\/2013\/04\/24\/7-punkter-om-anknytning-for-ungdomsledaren\/\",\"url\":\"https:\/\/blogg.svenskakyrkan.se\/vandravagen\/2013\/04\/24\/7-punkter-om-anknytning-for-ungdomsledaren\/\",\"name\":\"7 punkter om anknytning f\u00f6r ungdomsledaren - Vandra V\u00e4gen\",\"isPartOf\":{\"@id\":\"https:\/\/blogg.svenskakyrkan.se\/vandravagen\/#website\"},\"primaryImageOfPage\":{\"@id\":\"https:\/\/blogg.svenskakyrkan.se\/vandravagen\/2013\/04\/24\/7-punkter-om-anknytning-for-ungdomsledaren\/#primaryimage\"},\"image\":{\"@id\":\"https:\/\/blogg.svenskakyrkan.se\/vandravagen\/2013\/04\/24\/7-punkter-om-anknytning-for-ungdomsledaren\/#primaryimage\"},\"thumbnailUrl\":\"http:\/\/4.bp.blogspot.com\/-_JCKezH6awA\/T2TPs9PBwpI\/AAAAAAAAAHA\/hnzJsLy6kpk\/s400\/Konfirmander_1940_b.jpg\",\"datePublished\":\"2013-04-24T06:20:00+00:00\",\"breadcrumb\":{\"@id\":\"https:\/\/blogg.svenskakyrkan.se\/vandravagen\/2013\/04\/24\/7-punkter-om-anknytning-for-ungdomsledaren\/#breadcrumb\"},\"inLanguage\":\"sv-SE\",\"potentialAction\":[{\"@type\":\"ReadAction\",\"target\":[\"https:\/\/blogg.svenskakyrkan.se\/vandravagen\/2013\/04\/24\/7-punkter-om-anknytning-for-ungdomsledaren\/\"]}]},{\"@type\":\"ImageObject\",\"inLanguage\":\"sv-SE\",\"@id\":\"https:\/\/blogg.svenskakyrkan.se\/vandravagen\/2013\/04\/24\/7-punkter-om-anknytning-for-ungdomsledaren\/#primaryimage\",\"url\":\"http:\/\/4.bp.blogspot.com\/-_JCKezH6awA\/T2TPs9PBwpI\/AAAAAAAAAHA\/hnzJsLy6kpk\/s400\/Konfirmander_1940_b.jpg\",\"contentUrl\":\"http:\/\/4.bp.blogspot.com\/-_JCKezH6awA\/T2TPs9PBwpI\/AAAAAAAAAHA\/hnzJsLy6kpk\/s400\/Konfirmander_1940_b.jpg\"},{\"@type\":\"BreadcrumbList\",\"@id\":\"https:\/\/blogg.svenskakyrkan.se\/vandravagen\/2013\/04\/24\/7-punkter-om-anknytning-for-ungdomsledaren\/#breadcrumb\",\"itemListElement\":[{\"@type\":\"ListItem\",\"position\":1,\"name\":\"Hem\",\"item\":\"https:\/\/blogg.svenskakyrkan.se\/vandravagen\/\"},{\"@type\":\"ListItem\",\"position\":2,\"name\":\"7 punkter om anknytning f\u00f6r ungdomsledaren\"}]},{\"@type\":\"WebSite\",\"@id\":\"https:\/\/blogg.svenskakyrkan.se\/vandravagen\/#website\",\"url\":\"https:\/\/blogg.svenskakyrkan.se\/vandravagen\/\",\"name\":\"Vandra V\u00e4gen\",\"description\":\"-Mot en tro f\u00f6r hela livet\",\"publisher\":{\"@id\":\"https:\/\/blogg.svenskakyrkan.se\/vandravagen\/#organization\"},\"potentialAction\":[{\"@type\":\"SearchAction\",\"target\":{\"@type\":\"EntryPoint\",\"urlTemplate\":\"https:\/\/blogg.svenskakyrkan.se\/vandravagen\/?s={search_term_string}\"},\"query-input\":{\"@type\":\"PropertyValueSpecification\",\"valueRequired\":true,\"valueName\":\"search_term_string\"}}],\"inLanguage\":\"sv-SE\"},{\"@type\":\"Organization\",\"@id\":\"https:\/\/blogg.svenskakyrkan.se\/vandravagen\/#organization\",\"name\":\"ulricehamns pastorat\",\"alternateName\":\"ulricehamns pastorat\",\"url\":\"https:\/\/blogg.svenskakyrkan.se\/vandravagen\/\",\"logo\":{\"@type\":\"ImageObject\",\"inLanguage\":\"sv-SE\",\"@id\":\"https:\/\/blogg.svenskakyrkan.se\/vandravagen\/#\/schema\/logo\/image\/\",\"url\":\"https:\/\/blogg.svenskakyrkan.se\/vandravagen\/files\/2023\/05\/Ulr_logo_RGB.png\",\"contentUrl\":\"https:\/\/blogg.svenskakyrkan.se\/vandravagen\/files\/2023\/05\/Ulr_logo_RGB.png\",\"width\":205,\"height\":77,\"caption\":\"ulricehamns pastorat\"},\"image\":{\"@id\":\"https:\/\/blogg.svenskakyrkan.se\/vandravagen\/#\/schema\/logo\/image\/\"},\"sameAs\":[\"http:\/\/facebook.com\/vandravagen\",\"https:\/\/x.com\/fadertomas\",\"http:\/\/www.facebook.com\/svenskakyrkaniulricehamn\"]},{\"@type\":\"Person\",\"@id\":\"https:\/\/blogg.svenskakyrkan.se\/vandravagen\/#\/schema\/person\/25da02d4f76b137d04291711e2c9fc16\",\"name\":\"Tomas Jarvid\",\"image\":{\"@type\":\"ImageObject\",\"inLanguage\":\"sv-SE\",\"@id\":\"https:\/\/blogg.svenskakyrkan.se\/vandravagen\/#\/schema\/person\/image\/\",\"url\":\"https:\/\/secure.gravatar.com\/avatar\/7fa71899795e8f540f615a1f5ab25255dc27aa40f05ee7ddd21aac521e01bf50?s=96&d=identicon&r=g\",\"contentUrl\":\"https:\/\/secure.gravatar.com\/avatar\/7fa71899795e8f540f615a1f5ab25255dc27aa40f05ee7ddd21aac521e01bf50?s=96&d=identicon&r=g\",\"caption\":\"Tomas Jarvid\"},\"description\":\"Jag bor i Ulricehamn i V\u00e4sterg\u00f6tland och \u00e4r f\u00f6rsamlingspr\u00e4st i Svenska Kyrkan f\u00f6r Dalstorps f\u00f6rsamling i Kinds pastorat. P\u00e5 den h\u00e4r bloggen skriver jag ner tankar om vandringen som kristen.\",\"sameAs\":[\"http:\/\/www.vandravagen.se\"],\"url\":\"https:\/\/blogg.svenskakyrkan.se\/vandravagen\/author\/vandravagen\/\"}]}<\/script>\n<!-- \/ Yoast SEO plugin. -->","yoast_head_json":{"title":"7 punkter om anknytning f\u00f6r ungdomsledaren - Vandra V\u00e4gen","robots":{"index":"index","follow":"follow","max-snippet":"max-snippet:-1","max-image-preview":"max-image-preview:large","max-video-preview":"max-video-preview:-1"},"canonical":"https:\/\/blogg.svenskakyrkan.se\/vandravagen\/2013\/04\/24\/7-punkter-om-anknytning-for-ungdomsledaren\/","og_locale":"sv_SE","og_type":"article","og_title":"7 punkter om anknytning f\u00f6r ungdomsledaren - Vandra V\u00e4gen","og_description":"Konfirmander f\u00f6rr; annorlunda \u00e4n nu p\u00e5 gott och ont! N\u00e4r jag l\u00e4ste Gotdon Neufelds bok &#8221;V\u00e5ga ta plats i dina barns liv&#8221; blev jag ocks\u00e5 utmanad i min syn p\u00e5 barn och ungdomsarbete (i f\u00f6rsta hand konfirmandarbete). Nu g\u00f6r jag ett f\u00f6rs\u00f6k att dra lite slutsatser av Gordon Neufeld f\u00f6r ungdomsledare och liknande. H\u00e4ng med! [&hellip;]","og_url":"https:\/\/blogg.svenskakyrkan.se\/vandravagen\/2013\/04\/24\/7-punkter-om-anknytning-for-ungdomsledaren\/","og_site_name":"Vandra V\u00e4gen","article_publisher":"http:\/\/facebook.com\/vandravagen","article_published_time":"2013-04-24T06:20:00+00:00","og_image":[{"url":"http:\/\/4.bp.blogspot.com\/-_JCKezH6awA\/T2TPs9PBwpI\/AAAAAAAAAHA\/hnzJsLy6kpk\/s400\/Konfirmander_1940_b.jpg","type":"","width":"","height":""}],"author":"Tomas Jarvid","twitter_card":"summary_large_image","twitter_creator":"@fadertomas","twitter_site":"@fadertomas","twitter_misc":{"Skriven av":"Tomas Jarvid","Ber\u00e4knad l\u00e4stid":"6 minuter"},"schema":{"@context":"https:\/\/schema.org","@graph":[{"@type":"Article","@id":"https:\/\/blogg.svenskakyrkan.se\/vandravagen\/2013\/04\/24\/7-punkter-om-anknytning-for-ungdomsledaren\/#article","isPartOf":{"@id":"https:\/\/blogg.svenskakyrkan.se\/vandravagen\/2013\/04\/24\/7-punkter-om-anknytning-for-ungdomsledaren\/"},"author":{"name":"Tomas Jarvid","@id":"https:\/\/blogg.svenskakyrkan.se\/vandravagen\/#\/schema\/person\/25da02d4f76b137d04291711e2c9fc16"},"headline":"7 punkter om anknytning f\u00f6r ungdomsledaren","datePublished":"2013-04-24T06:20:00+00:00","mainEntityOfPage":{"@id":"https:\/\/blogg.svenskakyrkan.se\/vandravagen\/2013\/04\/24\/7-punkter-om-anknytning-for-ungdomsledaren\/"},"wordCount":1152,"commentCount":2,"publisher":{"@id":"https:\/\/blogg.svenskakyrkan.se\/vandravagen\/#organization"},"image":{"@id":"https:\/\/blogg.svenskakyrkan.se\/vandravagen\/2013\/04\/24\/7-punkter-om-anknytning-for-ungdomsledaren\/#primaryimage"},"thumbnailUrl":"http:\/\/4.bp.blogspot.com\/-_JCKezH6awA\/T2TPs9PBwpI\/AAAAAAAAAHA\/hnzJsLy6kpk\/s400\/Konfirmander_1940_b.jpg","articleSection":["blandat","vara m\u00e4nniska"],"inLanguage":"sv-SE","potentialAction":[{"@type":"CommentAction","name":"Comment","target":["https:\/\/blogg.svenskakyrkan.se\/vandravagen\/2013\/04\/24\/7-punkter-om-anknytning-for-ungdomsledaren\/#respond"]}]},{"@type":"WebPage","@id":"https:\/\/blogg.svenskakyrkan.se\/vandravagen\/2013\/04\/24\/7-punkter-om-anknytning-for-ungdomsledaren\/","url":"https:\/\/blogg.svenskakyrkan.se\/vandravagen\/2013\/04\/24\/7-punkter-om-anknytning-for-ungdomsledaren\/","name":"7 punkter om anknytning f\u00f6r ungdomsledaren - Vandra V\u00e4gen","isPartOf":{"@id":"https:\/\/blogg.svenskakyrkan.se\/vandravagen\/#website"},"primaryImageOfPage":{"@id":"https:\/\/blogg.svenskakyrkan.se\/vandravagen\/2013\/04\/24\/7-punkter-om-anknytning-for-ungdomsledaren\/#primaryimage"},"image":{"@id":"https:\/\/blogg.svenskakyrkan.se\/vandravagen\/2013\/04\/24\/7-punkter-om-anknytning-for-ungdomsledaren\/#primaryimage"},"thumbnailUrl":"http:\/\/4.bp.blogspot.com\/-_JCKezH6awA\/T2TPs9PBwpI\/AAAAAAAAAHA\/hnzJsLy6kpk\/s400\/Konfirmander_1940_b.jpg","datePublished":"2013-04-24T06:20:00+00:00","breadcrumb":{"@id":"https:\/\/blogg.svenskakyrkan.se\/vandravagen\/2013\/04\/24\/7-punkter-om-anknytning-for-ungdomsledaren\/#breadcrumb"},"inLanguage":"sv-SE","potentialAction":[{"@type":"ReadAction","target":["https:\/\/blogg.svenskakyrkan.se\/vandravagen\/2013\/04\/24\/7-punkter-om-anknytning-for-ungdomsledaren\/"]}]},{"@type":"ImageObject","inLanguage":"sv-SE","@id":"https:\/\/blogg.svenskakyrkan.se\/vandravagen\/2013\/04\/24\/7-punkter-om-anknytning-for-ungdomsledaren\/#primaryimage","url":"http:\/\/4.bp.blogspot.com\/-_JCKezH6awA\/T2TPs9PBwpI\/AAAAAAAAAHA\/hnzJsLy6kpk\/s400\/Konfirmander_1940_b.jpg","contentUrl":"http:\/\/4.bp.blogspot.com\/-_JCKezH6awA\/T2TPs9PBwpI\/AAAAAAAAAHA\/hnzJsLy6kpk\/s400\/Konfirmander_1940_b.jpg"},{"@type":"BreadcrumbList","@id":"https:\/\/blogg.svenskakyrkan.se\/vandravagen\/2013\/04\/24\/7-punkter-om-anknytning-for-ungdomsledaren\/#breadcrumb","itemListElement":[{"@type":"ListItem","position":1,"name":"Hem","item":"https:\/\/blogg.svenskakyrkan.se\/vandravagen\/"},{"@type":"ListItem","position":2,"name":"7 punkter om anknytning f\u00f6r ungdomsledaren"}]},{"@type":"WebSite","@id":"https:\/\/blogg.svenskakyrkan.se\/vandravagen\/#website","url":"https:\/\/blogg.svenskakyrkan.se\/vandravagen\/","name":"Vandra V\u00e4gen","description":"-Mot en tro f\u00f6r hela livet","publisher":{"@id":"https:\/\/blogg.svenskakyrkan.se\/vandravagen\/#organization"},"potentialAction":[{"@type":"SearchAction","target":{"@type":"EntryPoint","urlTemplate":"https:\/\/blogg.svenskakyrkan.se\/vandravagen\/?s={search_term_string}"},"query-input":{"@type":"PropertyValueSpecification","valueRequired":true,"valueName":"search_term_string"}}],"inLanguage":"sv-SE"},{"@type":"Organization","@id":"https:\/\/blogg.svenskakyrkan.se\/vandravagen\/#organization","name":"ulricehamns pastorat","alternateName":"ulricehamns pastorat","url":"https:\/\/blogg.svenskakyrkan.se\/vandravagen\/","logo":{"@type":"ImageObject","inLanguage":"sv-SE","@id":"https:\/\/blogg.svenskakyrkan.se\/vandravagen\/#\/schema\/logo\/image\/","url":"https:\/\/blogg.svenskakyrkan.se\/vandravagen\/files\/2023\/05\/Ulr_logo_RGB.png","contentUrl":"https:\/\/blogg.svenskakyrkan.se\/vandravagen\/files\/2023\/05\/Ulr_logo_RGB.png","width":205,"height":77,"caption":"ulricehamns pastorat"},"image":{"@id":"https:\/\/blogg.svenskakyrkan.se\/vandravagen\/#\/schema\/logo\/image\/"},"sameAs":["http:\/\/facebook.com\/vandravagen","https:\/\/x.com\/fadertomas","http:\/\/www.facebook.com\/svenskakyrkaniulricehamn"]},{"@type":"Person","@id":"https:\/\/blogg.svenskakyrkan.se\/vandravagen\/#\/schema\/person\/25da02d4f76b137d04291711e2c9fc16","name":"Tomas Jarvid","image":{"@type":"ImageObject","inLanguage":"sv-SE","@id":"https:\/\/blogg.svenskakyrkan.se\/vandravagen\/#\/schema\/person\/image\/","url":"https:\/\/secure.gravatar.com\/avatar\/7fa71899795e8f540f615a1f5ab25255dc27aa40f05ee7ddd21aac521e01bf50?s=96&d=identicon&r=g","contentUrl":"https:\/\/secure.gravatar.com\/avatar\/7fa71899795e8f540f615a1f5ab25255dc27aa40f05ee7ddd21aac521e01bf50?s=96&d=identicon&r=g","caption":"Tomas Jarvid"},"description":"Jag bor i Ulricehamn i V\u00e4sterg\u00f6tland och \u00e4r f\u00f6rsamlingspr\u00e4st i Svenska Kyrkan f\u00f6r Dalstorps f\u00f6rsamling i Kinds pastorat. P\u00e5 den h\u00e4r bloggen skriver jag ner tankar om vandringen som kristen.","sameAs":["http:\/\/www.vandravagen.se"],"url":"https:\/\/blogg.svenskakyrkan.se\/vandravagen\/author\/vandravagen\/"}]}},"author_meta":{"ID":"392","user_nicename":"vandravagen","user_url":"http:\/\/www.vandravagen.se","user_registered":"2014-05-19 05:44:52","display_name":"Tomas Jarvid","first_name":"Tomas","last_name":"Jarvid","avatar":"https:\/\/secure.gravatar.com\/avatar\/7fa71899795e8f540f615a1f5ab25255dc27aa40f05ee7ddd21aac521e01bf50?s=96&d=identicon&r=g"},"featured_image":false,"bloginfo":{"name":"Vandra V\u00e4gen","url":"https:\/\/blogg.svenskakyrkan.se\/vandravagen"},"_links":{"self":[{"href":"https:\/\/blogg.svenskakyrkan.se\/vandravagen\/wp-json\/wp\/v2\/posts\/602","targetHints":{"allow":["GET"]}}],"collection":[{"href":"https:\/\/blogg.svenskakyrkan.se\/vandravagen\/wp-json\/wp\/v2\/posts"}],"about":[{"href":"https:\/\/blogg.svenskakyrkan.se\/vandravagen\/wp-json\/wp\/v2\/types\/post"}],"author":[{"embeddable":true,"href":"https:\/\/blogg.svenskakyrkan.se\/vandravagen\/wp-json\/wp\/v2\/users\/392"}],"replies":[{"embeddable":true,"href":"https:\/\/blogg.svenskakyrkan.se\/vandravagen\/wp-json\/wp\/v2\/comments?post=602"}],"version-history":[{"count":0,"href":"https:\/\/blogg.svenskakyrkan.se\/vandravagen\/wp-json\/wp\/v2\/posts\/602\/revisions"}],"wp:attachment":[{"href":"https:\/\/blogg.svenskakyrkan.se\/vandravagen\/wp-json\/wp\/v2\/media?parent=602"}],"wp:term":[{"taxonomy":"category","embeddable":true,"href":"https:\/\/blogg.svenskakyrkan.se\/vandravagen\/wp-json\/wp\/v2\/categories?post=602"},{"taxonomy":"post_tag","embeddable":true,"href":"https:\/\/blogg.svenskakyrkan.se\/vandravagen\/wp-json\/wp\/v2\/tags?post=602"}],"curies":[{"name":"wp","href":"https:\/\/api.w.org\/{rel}","templated":true}]}}