{"id":603,"date":"2013-04-23T08:21:00","date_gmt":"2013-04-23T06:21:00","guid":{"rendered":"http:\/\/blogg.svenskakyrkan.se\/vandravagen\/2013\/04\/23\/vad-betyder-det-att-vara-from\/"},"modified":"2013-04-23T08:21:00","modified_gmt":"2013-04-23T06:21:00","slug":"vad-betyder-det-att-vara-from","status":"publish","type":"post","link":"https:\/\/blogg.svenskakyrkan.se\/vandravagen\/2013\/04\/23\/vad-betyder-det-att-vara-from\/","title":{"rendered":"Vad betyder det att vara from?"},"content":{"rendered":"<table align=\"center\" cellpadding=\"0\" cellspacing=\"0\">\n<tbody>\n<tr>\n<td><a href=\"http:\/\/2.bp.blogspot.com\/-1hxanF6Cwmw\/UJ4ISA0gluI\/AAAAAAAAA-c\/a9sueV53jFs\/s1600\/IMG_1439.jpg\"><img loading=\"lazy\" decoding=\"async\" border=\"0\" height=\"320\" src=\"http:\/\/2.bp.blogspot.com\/-1hxanF6Cwmw\/UJ4ISA0gluI\/AAAAAAAAA-c\/a9sueV53jFs\/s320\/IMG_1439.jpg\" width=\"240\"><\/a><\/td>\n<\/tr>\n<tr>\n<td>Sj\u00e4lvgod, jag?<\/td>\n<\/tr>\n<\/tbody>\n<\/table>\n<p>I min twittersammanst\u00e4llning varje vecka brukar jag anv\u00e4nda rubriken &#8221;fromma tweets&#8221; f\u00f6r de tweets som har med teologi och kristen tro att g\u00f6ra p\u00e5 ett mer uttalat s\u00e4tt. Varje g\u00e5ng jag skriver den rubriken tvekar jag att g\u00f6ra det eftersom jag inser hur olika ordet l\u00e5ter i olika \u00f6ron, det \u00e4r mest f\u00f6r att jag inte kommit p\u00e5 n\u00e5got b\u00e4ttre ist\u00e4llet som den f\u00e5tt f\u00f6rbli s\u00e5dan.<\/p>\n<p>Vad betyder d\u00e5 ordet from? En titt i\u00a0<a href=\"http:\/\/g3.spraakdata.gu.se\/saob\/\">svenska akademins ordbok<\/a>\u00a0visar att ordet har en v\u00e4ldig m\u00e4ngd betydelser i olika sammanhang. Alltifr\u00e5n stark och k\u00e4ck till godhj\u00e4rtad, hederligt och barmh\u00e4rtig, blid och mild, eftergiven men ocks\u00e5 skenhelig. R\u00e4tt mycket olika nyanser har allts\u00e5 samlats genom tiderna.<\/p>\n<p>F\u00f6r mig har nog ordet i grund och botten en positiv klang. N\u00e4r jag h\u00f6r ordet from t\u00e4nker jag p\u00e5 stillsamma och visa \u00e4ldre m\u00e4nniskor f\u00f6r vilka tron \u00e4r en sj\u00e4lvklar del i livet och som samtidigt utstr\u00e5lar \u00f6dmjukhet.<\/p>\n<p>Men det \u00e4r ju ocks\u00e5 s\u00e5 att det inte finns n\u00e5gra som Jesus \u00e4r s\u00e5 h\u00e5rda emot som just &#8221;de fromma&#8221;, religi\u00f6sa m\u00e4nniskor som blivit alltf\u00f6r stolta \u00f6ver och intresserade av sin egen religi\u00f6sa status. Det g\u00e5r v\u00e4l an att n\u00e5gon \u00e4r from s\u00e5 l\u00e4nge de inte t\u00e4nker det om sig sj\u00e4lva f\u00f6r d\u00e5 blir de odr\u00e4gliga!<\/p>\n<p>M\u00e4nniskans problem \u00e4r ju att vi \u00e4r alltf\u00f6r mycket uppe i oss sj\u00e4lva och i v\u00e5rt eget. Att vandra V\u00e4gen tillsammans med Gud borde leda till att vi blir alltmer lika honom; allt mindre upptagna av hur andra uppfattar oss och allt mer k\u00e4rleksfulla mot andra. Dj\u00e4vulen (hur vi nu t\u00e4nker oss dj\u00e4vulen, det f\u00e5r bli en annan bloggpost) k\u00e4mpar inte emot n\u00e4r vi f\u00f6rs\u00f6ker bli fromma, han utnyttjar det ist\u00e4llet f\u00f6r att h\u00e5lla oss stadigt fast i oss sj\u00e4lva!<\/p>\n<p>Det var inte den religi\u00f6sa eliten som helst f\u00f6ljde Jesus, de hade s\u00e5 mycket eget att ber\u00f6mma sig av och att bevaka, utan de som k\u00e4nde sina egna brister. Det om n\u00e5got \u00e4r otroligt viktigt att g\u00f6ra.<\/p>\n<p>Jag l\u00e4r v\u00e4l forts\u00e4tta anv\u00e4nda ordet from p\u00e5 bloggen \u00e4nd\u00e5 men nu vet du hur jag t\u00e4nker. Och s\u00e5 kan du och jag be tillsammans \u00f6ver internet s\u00e5h\u00e4r:<\/p>\n<p>Gud, led mig p\u00e5 din v\u00e4g,<br \/>ge mig ett mjukt hj\u00e4rta<br \/>och ge mig vishet och sj\u00e4lvinsikt,<br \/>s\u00e5 att jag inte blir bl\u00e4ndad av min egen f\u00f6rtr\u00e4fflighet<br \/>utan s\u00f6ker din goda blick<br \/>Amen<\/p>\n","protected":false},"excerpt":{"rendered":"<p>Sj\u00e4lvgod, jag? I min twittersammanst\u00e4llning varje vecka brukar jag anv\u00e4nda rubriken &#8221;fromma tweets&#8221; f\u00f6r de tweets som har med teologi och kristen tro att g\u00f6ra p\u00e5 ett mer uttalat s\u00e4tt. Varje g\u00e5ng jag skriver den rubriken tvekar jag att g\u00f6ra det eftersom jag inser hur olika ordet l\u00e5ter i olika \u00f6ron, det \u00e4r mest f\u00f6r [&hellip;]<\/p>\n","protected":false},"author":392,"featured_media":0,"comment_status":"open","ping_status":"open","sticky":false,"template":"","format":"standard","meta":{"_acf_changed":false,"footnotes":""},"categories":[75887,45265,77554],"tags":[],"class_list":["post-603","post","type-post","status-publish","format-standard","hentry","category-andlighet","category-ord","category-vara-manniska"],"acf":[],"yoast_head":"<!-- This site is optimized with the Yoast SEO plugin v27.1.1 - https:\/\/yoast.com\/product\/yoast-seo-wordpress\/ -->\n<title>Vad betyder det att vara from? - Vandra V\u00e4gen<\/title>\n<meta name=\"robots\" content=\"index, follow, max-snippet:-1, max-image-preview:large, max-video-preview:-1\" \/>\n<link rel=\"canonical\" href=\"https:\/\/blogg.svenskakyrkan.se\/vandravagen\/2013\/04\/23\/vad-betyder-det-att-vara-from\/\" \/>\n<meta property=\"og:locale\" content=\"sv_SE\" \/>\n<meta property=\"og:type\" content=\"article\" \/>\n<meta property=\"og:title\" content=\"Vad betyder det att vara from? - Vandra V\u00e4gen\" \/>\n<meta property=\"og:description\" content=\"Sj\u00e4lvgod, jag? I min twittersammanst\u00e4llning varje vecka brukar jag anv\u00e4nda rubriken &#8221;fromma tweets&#8221; f\u00f6r de tweets som har med teologi och kristen tro att g\u00f6ra p\u00e5 ett mer uttalat s\u00e4tt. Varje g\u00e5ng jag skriver den rubriken tvekar jag att g\u00f6ra det eftersom jag inser hur olika ordet l\u00e5ter i olika \u00f6ron, det \u00e4r mest f\u00f6r [&hellip;]\" \/>\n<meta property=\"og:url\" content=\"https:\/\/blogg.svenskakyrkan.se\/vandravagen\/2013\/04\/23\/vad-betyder-det-att-vara-from\/\" \/>\n<meta property=\"og:site_name\" content=\"Vandra V\u00e4gen\" \/>\n<meta property=\"article:publisher\" content=\"http:\/\/facebook.com\/vandravagen\" \/>\n<meta property=\"article:published_time\" content=\"2013-04-23T06:21:00+00:00\" \/>\n<meta property=\"og:image\" content=\"http:\/\/2.bp.blogspot.com\/-1hxanF6Cwmw\/UJ4ISA0gluI\/AAAAAAAAA-c\/a9sueV53jFs\/s320\/IMG_1439.jpg\" \/>\n<meta name=\"author\" content=\"Tomas Jarvid\" \/>\n<meta name=\"twitter:card\" content=\"summary_large_image\" \/>\n<meta name=\"twitter:creator\" content=\"@fadertomas\" \/>\n<meta name=\"twitter:site\" content=\"@fadertomas\" \/>\n<meta name=\"twitter:label1\" content=\"Skriven av\" \/>\n\t<meta name=\"twitter:data1\" content=\"Tomas Jarvid\" \/>\n\t<meta name=\"twitter:label2\" content=\"Ber\u00e4knad l\u00e4stid\" \/>\n\t<meta name=\"twitter:data2\" content=\"2 minuter\" \/>\n<script type=\"application\/ld+json\" class=\"yoast-schema-graph\">{\"@context\":\"https:\/\/schema.org\",\"@graph\":[{\"@type\":\"Article\",\"@id\":\"https:\/\/blogg.svenskakyrkan.se\/vandravagen\/2013\/04\/23\/vad-betyder-det-att-vara-from\/#article\",\"isPartOf\":{\"@id\":\"https:\/\/blogg.svenskakyrkan.se\/vandravagen\/2013\/04\/23\/vad-betyder-det-att-vara-from\/\"},\"author\":{\"name\":\"Tomas Jarvid\",\"@id\":\"https:\/\/blogg.svenskakyrkan.se\/vandravagen\/#\/schema\/person\/25da02d4f76b137d04291711e2c9fc16\"},\"headline\":\"Vad betyder det att vara from?\",\"datePublished\":\"2013-04-23T06:21:00+00:00\",\"mainEntityOfPage\":{\"@id\":\"https:\/\/blogg.svenskakyrkan.se\/vandravagen\/2013\/04\/23\/vad-betyder-det-att-vara-from\/\"},\"wordCount\":475,\"commentCount\":4,\"publisher\":{\"@id\":\"https:\/\/blogg.svenskakyrkan.se\/vandravagen\/#organization\"},\"image\":{\"@id\":\"https:\/\/blogg.svenskakyrkan.se\/vandravagen\/2013\/04\/23\/vad-betyder-det-att-vara-from\/#primaryimage\"},\"thumbnailUrl\":\"http:\/\/2.bp.blogspot.com\/-1hxanF6Cwmw\/UJ4ISA0gluI\/AAAAAAAAA-c\/a9sueV53jFs\/s320\/IMG_1439.jpg\",\"articleSection\":[\"andlighet\",\"ord\",\"vara m\u00e4nniska\"],\"inLanguage\":\"sv-SE\",\"potentialAction\":[{\"@type\":\"CommentAction\",\"name\":\"Comment\",\"target\":[\"https:\/\/blogg.svenskakyrkan.se\/vandravagen\/2013\/04\/23\/vad-betyder-det-att-vara-from\/#respond\"]}]},{\"@type\":\"WebPage\",\"@id\":\"https:\/\/blogg.svenskakyrkan.se\/vandravagen\/2013\/04\/23\/vad-betyder-det-att-vara-from\/\",\"url\":\"https:\/\/blogg.svenskakyrkan.se\/vandravagen\/2013\/04\/23\/vad-betyder-det-att-vara-from\/\",\"name\":\"Vad betyder det att vara from? - Vandra V\u00e4gen\",\"isPartOf\":{\"@id\":\"https:\/\/blogg.svenskakyrkan.se\/vandravagen\/#website\"},\"primaryImageOfPage\":{\"@id\":\"https:\/\/blogg.svenskakyrkan.se\/vandravagen\/2013\/04\/23\/vad-betyder-det-att-vara-from\/#primaryimage\"},\"image\":{\"@id\":\"https:\/\/blogg.svenskakyrkan.se\/vandravagen\/2013\/04\/23\/vad-betyder-det-att-vara-from\/#primaryimage\"},\"thumbnailUrl\":\"http:\/\/2.bp.blogspot.com\/-1hxanF6Cwmw\/UJ4ISA0gluI\/AAAAAAAAA-c\/a9sueV53jFs\/s320\/IMG_1439.jpg\",\"datePublished\":\"2013-04-23T06:21:00+00:00\",\"breadcrumb\":{\"@id\":\"https:\/\/blogg.svenskakyrkan.se\/vandravagen\/2013\/04\/23\/vad-betyder-det-att-vara-from\/#breadcrumb\"},\"inLanguage\":\"sv-SE\",\"potentialAction\":[{\"@type\":\"ReadAction\",\"target\":[\"https:\/\/blogg.svenskakyrkan.se\/vandravagen\/2013\/04\/23\/vad-betyder-det-att-vara-from\/\"]}]},{\"@type\":\"ImageObject\",\"inLanguage\":\"sv-SE\",\"@id\":\"https:\/\/blogg.svenskakyrkan.se\/vandravagen\/2013\/04\/23\/vad-betyder-det-att-vara-from\/#primaryimage\",\"url\":\"http:\/\/2.bp.blogspot.com\/-1hxanF6Cwmw\/UJ4ISA0gluI\/AAAAAAAAA-c\/a9sueV53jFs\/s320\/IMG_1439.jpg\",\"contentUrl\":\"http:\/\/2.bp.blogspot.com\/-1hxanF6Cwmw\/UJ4ISA0gluI\/AAAAAAAAA-c\/a9sueV53jFs\/s320\/IMG_1439.jpg\"},{\"@type\":\"BreadcrumbList\",\"@id\":\"https:\/\/blogg.svenskakyrkan.se\/vandravagen\/2013\/04\/23\/vad-betyder-det-att-vara-from\/#breadcrumb\",\"itemListElement\":[{\"@type\":\"ListItem\",\"position\":1,\"name\":\"Hem\",\"item\":\"https:\/\/blogg.svenskakyrkan.se\/vandravagen\/\"},{\"@type\":\"ListItem\",\"position\":2,\"name\":\"Vad betyder det att vara from?\"}]},{\"@type\":\"WebSite\",\"@id\":\"https:\/\/blogg.svenskakyrkan.se\/vandravagen\/#website\",\"url\":\"https:\/\/blogg.svenskakyrkan.se\/vandravagen\/\",\"name\":\"Vandra V\u00e4gen\",\"description\":\"-Mot en tro f\u00f6r hela livet\",\"publisher\":{\"@id\":\"https:\/\/blogg.svenskakyrkan.se\/vandravagen\/#organization\"},\"potentialAction\":[{\"@type\":\"SearchAction\",\"target\":{\"@type\":\"EntryPoint\",\"urlTemplate\":\"https:\/\/blogg.svenskakyrkan.se\/vandravagen\/?s={search_term_string}\"},\"query-input\":{\"@type\":\"PropertyValueSpecification\",\"valueRequired\":true,\"valueName\":\"search_term_string\"}}],\"inLanguage\":\"sv-SE\"},{\"@type\":\"Organization\",\"@id\":\"https:\/\/blogg.svenskakyrkan.se\/vandravagen\/#organization\",\"name\":\"ulricehamns pastorat\",\"alternateName\":\"ulricehamns pastorat\",\"url\":\"https:\/\/blogg.svenskakyrkan.se\/vandravagen\/\",\"logo\":{\"@type\":\"ImageObject\",\"inLanguage\":\"sv-SE\",\"@id\":\"https:\/\/blogg.svenskakyrkan.se\/vandravagen\/#\/schema\/logo\/image\/\",\"url\":\"https:\/\/blogg.svenskakyrkan.se\/vandravagen\/files\/2023\/05\/Ulr_logo_RGB.png\",\"contentUrl\":\"https:\/\/blogg.svenskakyrkan.se\/vandravagen\/files\/2023\/05\/Ulr_logo_RGB.png\",\"width\":205,\"height\":77,\"caption\":\"ulricehamns pastorat\"},\"image\":{\"@id\":\"https:\/\/blogg.svenskakyrkan.se\/vandravagen\/#\/schema\/logo\/image\/\"},\"sameAs\":[\"http:\/\/facebook.com\/vandravagen\",\"https:\/\/x.com\/fadertomas\",\"http:\/\/www.facebook.com\/svenskakyrkaniulricehamn\"]},{\"@type\":\"Person\",\"@id\":\"https:\/\/blogg.svenskakyrkan.se\/vandravagen\/#\/schema\/person\/25da02d4f76b137d04291711e2c9fc16\",\"name\":\"Tomas Jarvid\",\"image\":{\"@type\":\"ImageObject\",\"inLanguage\":\"sv-SE\",\"@id\":\"https:\/\/blogg.svenskakyrkan.se\/vandravagen\/#\/schema\/person\/image\/\",\"url\":\"https:\/\/secure.gravatar.com\/avatar\/7fa71899795e8f540f615a1f5ab25255dc27aa40f05ee7ddd21aac521e01bf50?s=96&d=identicon&r=g\",\"contentUrl\":\"https:\/\/secure.gravatar.com\/avatar\/7fa71899795e8f540f615a1f5ab25255dc27aa40f05ee7ddd21aac521e01bf50?s=96&d=identicon&r=g\",\"caption\":\"Tomas Jarvid\"},\"description\":\"Jag bor i Ulricehamn i V\u00e4sterg\u00f6tland och \u00e4r f\u00f6rsamlingspr\u00e4st i Svenska Kyrkan f\u00f6r Dalstorps f\u00f6rsamling i Kinds pastorat. P\u00e5 den h\u00e4r bloggen skriver jag ner tankar om vandringen som kristen.\",\"sameAs\":[\"http:\/\/www.vandravagen.se\"],\"url\":\"https:\/\/blogg.svenskakyrkan.se\/vandravagen\/author\/vandravagen\/\"}]}<\/script>\n<!-- \/ Yoast SEO plugin. -->","yoast_head_json":{"title":"Vad betyder det att vara from? - Vandra V\u00e4gen","robots":{"index":"index","follow":"follow","max-snippet":"max-snippet:-1","max-image-preview":"max-image-preview:large","max-video-preview":"max-video-preview:-1"},"canonical":"https:\/\/blogg.svenskakyrkan.se\/vandravagen\/2013\/04\/23\/vad-betyder-det-att-vara-from\/","og_locale":"sv_SE","og_type":"article","og_title":"Vad betyder det att vara from? - Vandra V\u00e4gen","og_description":"Sj\u00e4lvgod, jag? I min twittersammanst\u00e4llning varje vecka brukar jag anv\u00e4nda rubriken &#8221;fromma tweets&#8221; f\u00f6r de tweets som har med teologi och kristen tro att g\u00f6ra p\u00e5 ett mer uttalat s\u00e4tt. Varje g\u00e5ng jag skriver den rubriken tvekar jag att g\u00f6ra det eftersom jag inser hur olika ordet l\u00e5ter i olika \u00f6ron, det \u00e4r mest f\u00f6r [&hellip;]","og_url":"https:\/\/blogg.svenskakyrkan.se\/vandravagen\/2013\/04\/23\/vad-betyder-det-att-vara-from\/","og_site_name":"Vandra V\u00e4gen","article_publisher":"http:\/\/facebook.com\/vandravagen","article_published_time":"2013-04-23T06:21:00+00:00","og_image":[{"url":"http:\/\/2.bp.blogspot.com\/-1hxanF6Cwmw\/UJ4ISA0gluI\/AAAAAAAAA-c\/a9sueV53jFs\/s320\/IMG_1439.jpg","type":"","width":"","height":""}],"author":"Tomas Jarvid","twitter_card":"summary_large_image","twitter_creator":"@fadertomas","twitter_site":"@fadertomas","twitter_misc":{"Skriven av":"Tomas Jarvid","Ber\u00e4knad l\u00e4stid":"2 minuter"},"schema":{"@context":"https:\/\/schema.org","@graph":[{"@type":"Article","@id":"https:\/\/blogg.svenskakyrkan.se\/vandravagen\/2013\/04\/23\/vad-betyder-det-att-vara-from\/#article","isPartOf":{"@id":"https:\/\/blogg.svenskakyrkan.se\/vandravagen\/2013\/04\/23\/vad-betyder-det-att-vara-from\/"},"author":{"name":"Tomas Jarvid","@id":"https:\/\/blogg.svenskakyrkan.se\/vandravagen\/#\/schema\/person\/25da02d4f76b137d04291711e2c9fc16"},"headline":"Vad betyder det att vara from?","datePublished":"2013-04-23T06:21:00+00:00","mainEntityOfPage":{"@id":"https:\/\/blogg.svenskakyrkan.se\/vandravagen\/2013\/04\/23\/vad-betyder-det-att-vara-from\/"},"wordCount":475,"commentCount":4,"publisher":{"@id":"https:\/\/blogg.svenskakyrkan.se\/vandravagen\/#organization"},"image":{"@id":"https:\/\/blogg.svenskakyrkan.se\/vandravagen\/2013\/04\/23\/vad-betyder-det-att-vara-from\/#primaryimage"},"thumbnailUrl":"http:\/\/2.bp.blogspot.com\/-1hxanF6Cwmw\/UJ4ISA0gluI\/AAAAAAAAA-c\/a9sueV53jFs\/s320\/IMG_1439.jpg","articleSection":["andlighet","ord","vara m\u00e4nniska"],"inLanguage":"sv-SE","potentialAction":[{"@type":"CommentAction","name":"Comment","target":["https:\/\/blogg.svenskakyrkan.se\/vandravagen\/2013\/04\/23\/vad-betyder-det-att-vara-from\/#respond"]}]},{"@type":"WebPage","@id":"https:\/\/blogg.svenskakyrkan.se\/vandravagen\/2013\/04\/23\/vad-betyder-det-att-vara-from\/","url":"https:\/\/blogg.svenskakyrkan.se\/vandravagen\/2013\/04\/23\/vad-betyder-det-att-vara-from\/","name":"Vad betyder det att vara from? - Vandra V\u00e4gen","isPartOf":{"@id":"https:\/\/blogg.svenskakyrkan.se\/vandravagen\/#website"},"primaryImageOfPage":{"@id":"https:\/\/blogg.svenskakyrkan.se\/vandravagen\/2013\/04\/23\/vad-betyder-det-att-vara-from\/#primaryimage"},"image":{"@id":"https:\/\/blogg.svenskakyrkan.se\/vandravagen\/2013\/04\/23\/vad-betyder-det-att-vara-from\/#primaryimage"},"thumbnailUrl":"http:\/\/2.bp.blogspot.com\/-1hxanF6Cwmw\/UJ4ISA0gluI\/AAAAAAAAA-c\/a9sueV53jFs\/s320\/IMG_1439.jpg","datePublished":"2013-04-23T06:21:00+00:00","breadcrumb":{"@id":"https:\/\/blogg.svenskakyrkan.se\/vandravagen\/2013\/04\/23\/vad-betyder-det-att-vara-from\/#breadcrumb"},"inLanguage":"sv-SE","potentialAction":[{"@type":"ReadAction","target":["https:\/\/blogg.svenskakyrkan.se\/vandravagen\/2013\/04\/23\/vad-betyder-det-att-vara-from\/"]}]},{"@type":"ImageObject","inLanguage":"sv-SE","@id":"https:\/\/blogg.svenskakyrkan.se\/vandravagen\/2013\/04\/23\/vad-betyder-det-att-vara-from\/#primaryimage","url":"http:\/\/2.bp.blogspot.com\/-1hxanF6Cwmw\/UJ4ISA0gluI\/AAAAAAAAA-c\/a9sueV53jFs\/s320\/IMG_1439.jpg","contentUrl":"http:\/\/2.bp.blogspot.com\/-1hxanF6Cwmw\/UJ4ISA0gluI\/AAAAAAAAA-c\/a9sueV53jFs\/s320\/IMG_1439.jpg"},{"@type":"BreadcrumbList","@id":"https:\/\/blogg.svenskakyrkan.se\/vandravagen\/2013\/04\/23\/vad-betyder-det-att-vara-from\/#breadcrumb","itemListElement":[{"@type":"ListItem","position":1,"name":"Hem","item":"https:\/\/blogg.svenskakyrkan.se\/vandravagen\/"},{"@type":"ListItem","position":2,"name":"Vad betyder det att vara from?"}]},{"@type":"WebSite","@id":"https:\/\/blogg.svenskakyrkan.se\/vandravagen\/#website","url":"https:\/\/blogg.svenskakyrkan.se\/vandravagen\/","name":"Vandra V\u00e4gen","description":"-Mot en tro f\u00f6r hela livet","publisher":{"@id":"https:\/\/blogg.svenskakyrkan.se\/vandravagen\/#organization"},"potentialAction":[{"@type":"SearchAction","target":{"@type":"EntryPoint","urlTemplate":"https:\/\/blogg.svenskakyrkan.se\/vandravagen\/?s={search_term_string}"},"query-input":{"@type":"PropertyValueSpecification","valueRequired":true,"valueName":"search_term_string"}}],"inLanguage":"sv-SE"},{"@type":"Organization","@id":"https:\/\/blogg.svenskakyrkan.se\/vandravagen\/#organization","name":"ulricehamns pastorat","alternateName":"ulricehamns pastorat","url":"https:\/\/blogg.svenskakyrkan.se\/vandravagen\/","logo":{"@type":"ImageObject","inLanguage":"sv-SE","@id":"https:\/\/blogg.svenskakyrkan.se\/vandravagen\/#\/schema\/logo\/image\/","url":"https:\/\/blogg.svenskakyrkan.se\/vandravagen\/files\/2023\/05\/Ulr_logo_RGB.png","contentUrl":"https:\/\/blogg.svenskakyrkan.se\/vandravagen\/files\/2023\/05\/Ulr_logo_RGB.png","width":205,"height":77,"caption":"ulricehamns pastorat"},"image":{"@id":"https:\/\/blogg.svenskakyrkan.se\/vandravagen\/#\/schema\/logo\/image\/"},"sameAs":["http:\/\/facebook.com\/vandravagen","https:\/\/x.com\/fadertomas","http:\/\/www.facebook.com\/svenskakyrkaniulricehamn"]},{"@type":"Person","@id":"https:\/\/blogg.svenskakyrkan.se\/vandravagen\/#\/schema\/person\/25da02d4f76b137d04291711e2c9fc16","name":"Tomas Jarvid","image":{"@type":"ImageObject","inLanguage":"sv-SE","@id":"https:\/\/blogg.svenskakyrkan.se\/vandravagen\/#\/schema\/person\/image\/","url":"https:\/\/secure.gravatar.com\/avatar\/7fa71899795e8f540f615a1f5ab25255dc27aa40f05ee7ddd21aac521e01bf50?s=96&d=identicon&r=g","contentUrl":"https:\/\/secure.gravatar.com\/avatar\/7fa71899795e8f540f615a1f5ab25255dc27aa40f05ee7ddd21aac521e01bf50?s=96&d=identicon&r=g","caption":"Tomas Jarvid"},"description":"Jag bor i Ulricehamn i V\u00e4sterg\u00f6tland och \u00e4r f\u00f6rsamlingspr\u00e4st i Svenska Kyrkan f\u00f6r Dalstorps f\u00f6rsamling i Kinds pastorat. P\u00e5 den h\u00e4r bloggen skriver jag ner tankar om vandringen som kristen.","sameAs":["http:\/\/www.vandravagen.se"],"url":"https:\/\/blogg.svenskakyrkan.se\/vandravagen\/author\/vandravagen\/"}]}},"author_meta":{"ID":"392","user_nicename":"vandravagen","user_url":"http:\/\/www.vandravagen.se","user_registered":"2014-05-19 05:44:52","display_name":"Tomas Jarvid","first_name":"Tomas","last_name":"Jarvid","avatar":"https:\/\/secure.gravatar.com\/avatar\/7fa71899795e8f540f615a1f5ab25255dc27aa40f05ee7ddd21aac521e01bf50?s=96&d=identicon&r=g"},"featured_image":false,"bloginfo":{"name":"Vandra V\u00e4gen","url":"https:\/\/blogg.svenskakyrkan.se\/vandravagen"},"_links":{"self":[{"href":"https:\/\/blogg.svenskakyrkan.se\/vandravagen\/wp-json\/wp\/v2\/posts\/603","targetHints":{"allow":["GET"]}}],"collection":[{"href":"https:\/\/blogg.svenskakyrkan.se\/vandravagen\/wp-json\/wp\/v2\/posts"}],"about":[{"href":"https:\/\/blogg.svenskakyrkan.se\/vandravagen\/wp-json\/wp\/v2\/types\/post"}],"author":[{"embeddable":true,"href":"https:\/\/blogg.svenskakyrkan.se\/vandravagen\/wp-json\/wp\/v2\/users\/392"}],"replies":[{"embeddable":true,"href":"https:\/\/blogg.svenskakyrkan.se\/vandravagen\/wp-json\/wp\/v2\/comments?post=603"}],"version-history":[{"count":0,"href":"https:\/\/blogg.svenskakyrkan.se\/vandravagen\/wp-json\/wp\/v2\/posts\/603\/revisions"}],"wp:attachment":[{"href":"https:\/\/blogg.svenskakyrkan.se\/vandravagen\/wp-json\/wp\/v2\/media?parent=603"}],"wp:term":[{"taxonomy":"category","embeddable":true,"href":"https:\/\/blogg.svenskakyrkan.se\/vandravagen\/wp-json\/wp\/v2\/categories?post=603"},{"taxonomy":"post_tag","embeddable":true,"href":"https:\/\/blogg.svenskakyrkan.se\/vandravagen\/wp-json\/wp\/v2\/tags?post=603"}],"curies":[{"name":"wp","href":"https:\/\/api.w.org\/{rel}","templated":true}]}}