{"id":605,"date":"2013-04-21T19:08:00","date_gmt":"2013-04-21T17:08:00","guid":{"rendered":"http:\/\/blogg.svenskakyrkan.se\/vandravagen\/2013\/04\/21\/veckans-basta-pa-vandra-vagen-18\/"},"modified":"2013-04-21T19:08:00","modified_gmt":"2013-04-21T17:08:00","slug":"veckans-basta-pa-vandra-vagen-18","status":"publish","type":"post","link":"https:\/\/blogg.svenskakyrkan.se\/vandravagen\/2013\/04\/21\/veckans-basta-pa-vandra-vagen-18\/","title":{"rendered":"Veckans b\u00e4sta p\u00e5 Vandra V\u00e4gen"},"content":{"rendered":"<table align=\"center\" cellpadding=\"0\" cellspacing=\"0\">\n<tbody>\n<tr>\n<td><a href=\"http:\/\/1.bp.blogspot.com\/-5iLzC361DXQ\/UWj8oy0i-NI\/AAAAAAAADEA\/NsxDR_EcWkk\/s1600\/la%25CC%2588nkarikedje.jpg\"><img loading=\"lazy\" decoding=\"async\" border=\"0\" height=\"400\" src=\"http:\/\/1.bp.blogspot.com\/-5iLzC361DXQ\/UWj8oy0i-NI\/AAAAAAAADEA\/NsxDR_EcWkk\/s400\/la%25CC%2588nkarikedje.jpg\" width=\"266\"><\/a><\/td>\n<\/tr>\n<tr>\n<td>Starka l\u00e4nkar!<\/td>\n<\/tr>\n<\/tbody>\n<\/table>\n<p>S\u00f6ndag kv\u00e4ll och Vandra V\u00e4gen sammanfattar \u00e4nnu en vecka. Lite blandad kompott f\u00e5r man s\u00e4ga. Ikoner, pilgrims-tv, ordet &#8221;Kristus&#8221; och lite serier och poddar&#8230;.<\/p>\n<p>1, Jag tipsade om <a href=\"http:\/\/www.vandravagen.se\/2013\/04\/pilgrims-tv-fran-vastergotland-och-norge.html\">en serie inslag med pilgrims-tv<\/a> som spelats in h\u00e4r intill p\u00e5 Kinnekulle men ocks\u00e5 i Skara och i Norge. Fint f\u00f6r den pilgrimsintresserade!<\/p>\n<p>2, P\u00e5 den gode herdens s\u00f6ndag visade jag ocks\u00e5 <a href=\"http:\/\/www.vandravagen.se\/2013\/04\/den-gode-herdens-ikon.html\">denna fina ikon<\/a> som jag har p\u00e5 arbetsrummet (papper p\u00e5 tr\u00e4).<\/p>\n<p>3, Och ett litet bildreportage till det! <a href=\"http:\/\/www.vandravagen.se\/2013\/04\/pa-studiebesok-i-arlabingen.html\">P\u00e5 studiebes\u00f6k p\u00e5 arla i G\u00f6tene<\/a>. Vilken \u00e4r likheten med Joakim von Ankas pengabinge tror du?<br \/>http:\/\/www.vandravagen.se\/2013\/04\/kristus-vilket-konstigt-namn-vad.html<\/p>\n<p>4, Serien Bibelguiden ger ut l\u00e4ttl\u00e4sta guider till nya testamentets b\u00f6cker. Nu har en ny kommit ut, skriven av min v\u00e4n Johanna Dahl. <a href=\"http:\/\/www.vandravagen.se\/2013\/04\/annu-en-del-i-bibelguiden-johanna-dahl.html\">Om f\u00f6rsta och andra Petrusbrevet<\/a>.<\/p>\n<p>5, Lite tecknat; vad s\u00e4ger en pr\u00e4st efter att ha l\u00e4st den hyllade serien &#8221;preacher&#8221;? &#8221;<a href=\"http:\/\/www.vandravagen.se\/2013\/04\/preacher-en-serie-om-en-pastor.html\">Preacher, en serie om en pastor&#8221;<\/a>.<\/p>\n<p>6, <a href=\"http:\/\/www.vandravagen.se\/2013\/04\/4-podcasts-till-du-borde-lyssna-pa.html\">4 podcasts du borde ge en chans och lyssna p\u00e5<\/a>! Just det!<\/p>\n<p>7, Slutligen; <a href=\"http:\/\/www.vandravagen.se\/2013\/04\/kristus-vilket-konstigt-namn-vad.html\">Vad betyder egentligen &#8221;Kristus&#8221;<\/a>? \u00c4r det ett namn eller vad? Ett inl\u00e4gg som varit liggande bland utkasten hur l\u00e4nge som helst men som jag \u00e4r glad att jag hittade.<\/p>\n","protected":false},"excerpt":{"rendered":"<p>Starka l\u00e4nkar! S\u00f6ndag kv\u00e4ll och Vandra V\u00e4gen sammanfattar \u00e4nnu en vecka. Lite blandad kompott f\u00e5r man s\u00e4ga. Ikoner, pilgrims-tv, ordet &#8221;Kristus&#8221; och lite serier och poddar&#8230;. 1, Jag tipsade om en serie inslag med pilgrims-tv som spelats in h\u00e4r intill p\u00e5 Kinnekulle men ocks\u00e5 i Skara och i Norge. Fint f\u00f6r den pilgrimsintresserade! 2, P\u00e5 [&hellip;]<\/p>\n","protected":false},"author":392,"featured_media":0,"comment_status":"open","ping_status":"open","sticky":false,"template":"","format":"standard","meta":{"_acf_changed":false,"footnotes":""},"categories":[76608],"tags":[],"class_list":["post-605","post","type-post","status-publish","format-standard","hentry","category-bloggen"],"acf":[],"yoast_head":"<!-- This site is optimized with the Yoast SEO plugin v27.1.1 - https:\/\/yoast.com\/product\/yoast-seo-wordpress\/ -->\n<title>Veckans b\u00e4sta p\u00e5 Vandra V\u00e4gen - Vandra V\u00e4gen<\/title>\n<meta name=\"robots\" content=\"index, follow, max-snippet:-1, max-image-preview:large, max-video-preview:-1\" \/>\n<link rel=\"canonical\" href=\"https:\/\/blogg.svenskakyrkan.se\/vandravagen\/2013\/04\/21\/veckans-basta-pa-vandra-vagen-18\/\" \/>\n<meta property=\"og:locale\" content=\"sv_SE\" \/>\n<meta property=\"og:type\" content=\"article\" \/>\n<meta property=\"og:title\" content=\"Veckans b\u00e4sta p\u00e5 Vandra V\u00e4gen - Vandra V\u00e4gen\" \/>\n<meta property=\"og:description\" content=\"Starka l\u00e4nkar! S\u00f6ndag kv\u00e4ll och Vandra V\u00e4gen sammanfattar \u00e4nnu en vecka. Lite blandad kompott f\u00e5r man s\u00e4ga. Ikoner, pilgrims-tv, ordet &#8221;Kristus&#8221; och lite serier och poddar&#8230;. 1, Jag tipsade om en serie inslag med pilgrims-tv som spelats in h\u00e4r intill p\u00e5 Kinnekulle men ocks\u00e5 i Skara och i Norge. Fint f\u00f6r den pilgrimsintresserade! 2, P\u00e5 [&hellip;]\" \/>\n<meta property=\"og:url\" content=\"https:\/\/blogg.svenskakyrkan.se\/vandravagen\/2013\/04\/21\/veckans-basta-pa-vandra-vagen-18\/\" \/>\n<meta property=\"og:site_name\" content=\"Vandra V\u00e4gen\" \/>\n<meta property=\"article:publisher\" content=\"http:\/\/facebook.com\/vandravagen\" \/>\n<meta property=\"article:published_time\" content=\"2013-04-21T17:08:00+00:00\" \/>\n<meta property=\"og:image\" content=\"http:\/\/1.bp.blogspot.com\/-5iLzC361DXQ\/UWj8oy0i-NI\/AAAAAAAADEA\/NsxDR_EcWkk\/s400\/la%25CC%2588nkarikedje.jpg\" \/>\n<meta name=\"author\" content=\"Tomas Jarvid\" \/>\n<meta name=\"twitter:card\" content=\"summary_large_image\" \/>\n<meta name=\"twitter:creator\" content=\"@fadertomas\" \/>\n<meta name=\"twitter:site\" content=\"@fadertomas\" \/>\n<meta name=\"twitter:label1\" content=\"Skriven av\" \/>\n\t<meta name=\"twitter:data1\" content=\"Tomas Jarvid\" \/>\n\t<meta name=\"twitter:label2\" content=\"Ber\u00e4knad l\u00e4stid\" \/>\n\t<meta name=\"twitter:data2\" content=\"1 minut\" \/>\n<script type=\"application\/ld+json\" class=\"yoast-schema-graph\">{\"@context\":\"https:\/\/schema.org\",\"@graph\":[{\"@type\":\"Article\",\"@id\":\"https:\/\/blogg.svenskakyrkan.se\/vandravagen\/2013\/04\/21\/veckans-basta-pa-vandra-vagen-18\/#article\",\"isPartOf\":{\"@id\":\"https:\/\/blogg.svenskakyrkan.se\/vandravagen\/2013\/04\/21\/veckans-basta-pa-vandra-vagen-18\/\"},\"author\":{\"name\":\"Tomas Jarvid\",\"@id\":\"https:\/\/blogg.svenskakyrkan.se\/vandravagen\/#\/schema\/person\/25da02d4f76b137d04291711e2c9fc16\"},\"headline\":\"Veckans b\u00e4sta p\u00e5 Vandra V\u00e4gen\",\"datePublished\":\"2013-04-21T17:08:00+00:00\",\"mainEntityOfPage\":{\"@id\":\"https:\/\/blogg.svenskakyrkan.se\/vandravagen\/2013\/04\/21\/veckans-basta-pa-vandra-vagen-18\/\"},\"wordCount\":215,\"commentCount\":0,\"publisher\":{\"@id\":\"https:\/\/blogg.svenskakyrkan.se\/vandravagen\/#organization\"},\"image\":{\"@id\":\"https:\/\/blogg.svenskakyrkan.se\/vandravagen\/2013\/04\/21\/veckans-basta-pa-vandra-vagen-18\/#primaryimage\"},\"thumbnailUrl\":\"http:\/\/1.bp.blogspot.com\/-5iLzC361DXQ\/UWj8oy0i-NI\/AAAAAAAADEA\/NsxDR_EcWkk\/s400\/la%25CC%2588nkarikedje.jpg\",\"articleSection\":[\"bloggen\"],\"inLanguage\":\"sv-SE\",\"potentialAction\":[{\"@type\":\"CommentAction\",\"name\":\"Comment\",\"target\":[\"https:\/\/blogg.svenskakyrkan.se\/vandravagen\/2013\/04\/21\/veckans-basta-pa-vandra-vagen-18\/#respond\"]}]},{\"@type\":\"WebPage\",\"@id\":\"https:\/\/blogg.svenskakyrkan.se\/vandravagen\/2013\/04\/21\/veckans-basta-pa-vandra-vagen-18\/\",\"url\":\"https:\/\/blogg.svenskakyrkan.se\/vandravagen\/2013\/04\/21\/veckans-basta-pa-vandra-vagen-18\/\",\"name\":\"Veckans b\u00e4sta p\u00e5 Vandra V\u00e4gen - Vandra V\u00e4gen\",\"isPartOf\":{\"@id\":\"https:\/\/blogg.svenskakyrkan.se\/vandravagen\/#website\"},\"primaryImageOfPage\":{\"@id\":\"https:\/\/blogg.svenskakyrkan.se\/vandravagen\/2013\/04\/21\/veckans-basta-pa-vandra-vagen-18\/#primaryimage\"},\"image\":{\"@id\":\"https:\/\/blogg.svenskakyrkan.se\/vandravagen\/2013\/04\/21\/veckans-basta-pa-vandra-vagen-18\/#primaryimage\"},\"thumbnailUrl\":\"http:\/\/1.bp.blogspot.com\/-5iLzC361DXQ\/UWj8oy0i-NI\/AAAAAAAADEA\/NsxDR_EcWkk\/s400\/la%25CC%2588nkarikedje.jpg\",\"datePublished\":\"2013-04-21T17:08:00+00:00\",\"breadcrumb\":{\"@id\":\"https:\/\/blogg.svenskakyrkan.se\/vandravagen\/2013\/04\/21\/veckans-basta-pa-vandra-vagen-18\/#breadcrumb\"},\"inLanguage\":\"sv-SE\",\"potentialAction\":[{\"@type\":\"ReadAction\",\"target\":[\"https:\/\/blogg.svenskakyrkan.se\/vandravagen\/2013\/04\/21\/veckans-basta-pa-vandra-vagen-18\/\"]}]},{\"@type\":\"ImageObject\",\"inLanguage\":\"sv-SE\",\"@id\":\"https:\/\/blogg.svenskakyrkan.se\/vandravagen\/2013\/04\/21\/veckans-basta-pa-vandra-vagen-18\/#primaryimage\",\"url\":\"http:\/\/1.bp.blogspot.com\/-5iLzC361DXQ\/UWj8oy0i-NI\/AAAAAAAADEA\/NsxDR_EcWkk\/s400\/la%25CC%2588nkarikedje.jpg\",\"contentUrl\":\"http:\/\/1.bp.blogspot.com\/-5iLzC361DXQ\/UWj8oy0i-NI\/AAAAAAAADEA\/NsxDR_EcWkk\/s400\/la%25CC%2588nkarikedje.jpg\"},{\"@type\":\"BreadcrumbList\",\"@id\":\"https:\/\/blogg.svenskakyrkan.se\/vandravagen\/2013\/04\/21\/veckans-basta-pa-vandra-vagen-18\/#breadcrumb\",\"itemListElement\":[{\"@type\":\"ListItem\",\"position\":1,\"name\":\"Hem\",\"item\":\"https:\/\/blogg.svenskakyrkan.se\/vandravagen\/\"},{\"@type\":\"ListItem\",\"position\":2,\"name\":\"Veckans b\u00e4sta p\u00e5 Vandra V\u00e4gen\"}]},{\"@type\":\"WebSite\",\"@id\":\"https:\/\/blogg.svenskakyrkan.se\/vandravagen\/#website\",\"url\":\"https:\/\/blogg.svenskakyrkan.se\/vandravagen\/\",\"name\":\"Vandra V\u00e4gen\",\"description\":\"-Mot en tro f\u00f6r hela livet\",\"publisher\":{\"@id\":\"https:\/\/blogg.svenskakyrkan.se\/vandravagen\/#organization\"},\"potentialAction\":[{\"@type\":\"SearchAction\",\"target\":{\"@type\":\"EntryPoint\",\"urlTemplate\":\"https:\/\/blogg.svenskakyrkan.se\/vandravagen\/?s={search_term_string}\"},\"query-input\":{\"@type\":\"PropertyValueSpecification\",\"valueRequired\":true,\"valueName\":\"search_term_string\"}}],\"inLanguage\":\"sv-SE\"},{\"@type\":\"Organization\",\"@id\":\"https:\/\/blogg.svenskakyrkan.se\/vandravagen\/#organization\",\"name\":\"ulricehamns pastorat\",\"alternateName\":\"ulricehamns pastorat\",\"url\":\"https:\/\/blogg.svenskakyrkan.se\/vandravagen\/\",\"logo\":{\"@type\":\"ImageObject\",\"inLanguage\":\"sv-SE\",\"@id\":\"https:\/\/blogg.svenskakyrkan.se\/vandravagen\/#\/schema\/logo\/image\/\",\"url\":\"https:\/\/blogg.svenskakyrkan.se\/vandravagen\/files\/2023\/05\/Ulr_logo_RGB.png\",\"contentUrl\":\"https:\/\/blogg.svenskakyrkan.se\/vandravagen\/files\/2023\/05\/Ulr_logo_RGB.png\",\"width\":205,\"height\":77,\"caption\":\"ulricehamns pastorat\"},\"image\":{\"@id\":\"https:\/\/blogg.svenskakyrkan.se\/vandravagen\/#\/schema\/logo\/image\/\"},\"sameAs\":[\"http:\/\/facebook.com\/vandravagen\",\"https:\/\/x.com\/fadertomas\",\"http:\/\/www.facebook.com\/svenskakyrkaniulricehamn\"]},{\"@type\":\"Person\",\"@id\":\"https:\/\/blogg.svenskakyrkan.se\/vandravagen\/#\/schema\/person\/25da02d4f76b137d04291711e2c9fc16\",\"name\":\"Tomas Jarvid\",\"image\":{\"@type\":\"ImageObject\",\"inLanguage\":\"sv-SE\",\"@id\":\"https:\/\/blogg.svenskakyrkan.se\/vandravagen\/#\/schema\/person\/image\/\",\"url\":\"https:\/\/secure.gravatar.com\/avatar\/7fa71899795e8f540f615a1f5ab25255dc27aa40f05ee7ddd21aac521e01bf50?s=96&d=identicon&r=g\",\"contentUrl\":\"https:\/\/secure.gravatar.com\/avatar\/7fa71899795e8f540f615a1f5ab25255dc27aa40f05ee7ddd21aac521e01bf50?s=96&d=identicon&r=g\",\"caption\":\"Tomas Jarvid\"},\"description\":\"Jag bor i Ulricehamn i V\u00e4sterg\u00f6tland och \u00e4r f\u00f6rsamlingspr\u00e4st i Svenska Kyrkan f\u00f6r Dalstorps f\u00f6rsamling i Kinds pastorat. P\u00e5 den h\u00e4r bloggen skriver jag ner tankar om vandringen som kristen.\",\"sameAs\":[\"http:\/\/www.vandravagen.se\"],\"url\":\"https:\/\/blogg.svenskakyrkan.se\/vandravagen\/author\/vandravagen\/\"}]}<\/script>\n<!-- \/ Yoast SEO plugin. -->","yoast_head_json":{"title":"Veckans b\u00e4sta p\u00e5 Vandra V\u00e4gen - Vandra V\u00e4gen","robots":{"index":"index","follow":"follow","max-snippet":"max-snippet:-1","max-image-preview":"max-image-preview:large","max-video-preview":"max-video-preview:-1"},"canonical":"https:\/\/blogg.svenskakyrkan.se\/vandravagen\/2013\/04\/21\/veckans-basta-pa-vandra-vagen-18\/","og_locale":"sv_SE","og_type":"article","og_title":"Veckans b\u00e4sta p\u00e5 Vandra V\u00e4gen - Vandra V\u00e4gen","og_description":"Starka l\u00e4nkar! S\u00f6ndag kv\u00e4ll och Vandra V\u00e4gen sammanfattar \u00e4nnu en vecka. Lite blandad kompott f\u00e5r man s\u00e4ga. Ikoner, pilgrims-tv, ordet &#8221;Kristus&#8221; och lite serier och poddar&#8230;. 1, Jag tipsade om en serie inslag med pilgrims-tv som spelats in h\u00e4r intill p\u00e5 Kinnekulle men ocks\u00e5 i Skara och i Norge. Fint f\u00f6r den pilgrimsintresserade! 2, P\u00e5 [&hellip;]","og_url":"https:\/\/blogg.svenskakyrkan.se\/vandravagen\/2013\/04\/21\/veckans-basta-pa-vandra-vagen-18\/","og_site_name":"Vandra V\u00e4gen","article_publisher":"http:\/\/facebook.com\/vandravagen","article_published_time":"2013-04-21T17:08:00+00:00","og_image":[{"url":"http:\/\/1.bp.blogspot.com\/-5iLzC361DXQ\/UWj8oy0i-NI\/AAAAAAAADEA\/NsxDR_EcWkk\/s400\/la%25CC%2588nkarikedje.jpg","type":"","width":"","height":""}],"author":"Tomas Jarvid","twitter_card":"summary_large_image","twitter_creator":"@fadertomas","twitter_site":"@fadertomas","twitter_misc":{"Skriven av":"Tomas Jarvid","Ber\u00e4knad l\u00e4stid":"1 minut"},"schema":{"@context":"https:\/\/schema.org","@graph":[{"@type":"Article","@id":"https:\/\/blogg.svenskakyrkan.se\/vandravagen\/2013\/04\/21\/veckans-basta-pa-vandra-vagen-18\/#article","isPartOf":{"@id":"https:\/\/blogg.svenskakyrkan.se\/vandravagen\/2013\/04\/21\/veckans-basta-pa-vandra-vagen-18\/"},"author":{"name":"Tomas Jarvid","@id":"https:\/\/blogg.svenskakyrkan.se\/vandravagen\/#\/schema\/person\/25da02d4f76b137d04291711e2c9fc16"},"headline":"Veckans b\u00e4sta p\u00e5 Vandra V\u00e4gen","datePublished":"2013-04-21T17:08:00+00:00","mainEntityOfPage":{"@id":"https:\/\/blogg.svenskakyrkan.se\/vandravagen\/2013\/04\/21\/veckans-basta-pa-vandra-vagen-18\/"},"wordCount":215,"commentCount":0,"publisher":{"@id":"https:\/\/blogg.svenskakyrkan.se\/vandravagen\/#organization"},"image":{"@id":"https:\/\/blogg.svenskakyrkan.se\/vandravagen\/2013\/04\/21\/veckans-basta-pa-vandra-vagen-18\/#primaryimage"},"thumbnailUrl":"http:\/\/1.bp.blogspot.com\/-5iLzC361DXQ\/UWj8oy0i-NI\/AAAAAAAADEA\/NsxDR_EcWkk\/s400\/la%25CC%2588nkarikedje.jpg","articleSection":["bloggen"],"inLanguage":"sv-SE","potentialAction":[{"@type":"CommentAction","name":"Comment","target":["https:\/\/blogg.svenskakyrkan.se\/vandravagen\/2013\/04\/21\/veckans-basta-pa-vandra-vagen-18\/#respond"]}]},{"@type":"WebPage","@id":"https:\/\/blogg.svenskakyrkan.se\/vandravagen\/2013\/04\/21\/veckans-basta-pa-vandra-vagen-18\/","url":"https:\/\/blogg.svenskakyrkan.se\/vandravagen\/2013\/04\/21\/veckans-basta-pa-vandra-vagen-18\/","name":"Veckans b\u00e4sta p\u00e5 Vandra V\u00e4gen - Vandra V\u00e4gen","isPartOf":{"@id":"https:\/\/blogg.svenskakyrkan.se\/vandravagen\/#website"},"primaryImageOfPage":{"@id":"https:\/\/blogg.svenskakyrkan.se\/vandravagen\/2013\/04\/21\/veckans-basta-pa-vandra-vagen-18\/#primaryimage"},"image":{"@id":"https:\/\/blogg.svenskakyrkan.se\/vandravagen\/2013\/04\/21\/veckans-basta-pa-vandra-vagen-18\/#primaryimage"},"thumbnailUrl":"http:\/\/1.bp.blogspot.com\/-5iLzC361DXQ\/UWj8oy0i-NI\/AAAAAAAADEA\/NsxDR_EcWkk\/s400\/la%25CC%2588nkarikedje.jpg","datePublished":"2013-04-21T17:08:00+00:00","breadcrumb":{"@id":"https:\/\/blogg.svenskakyrkan.se\/vandravagen\/2013\/04\/21\/veckans-basta-pa-vandra-vagen-18\/#breadcrumb"},"inLanguage":"sv-SE","potentialAction":[{"@type":"ReadAction","target":["https:\/\/blogg.svenskakyrkan.se\/vandravagen\/2013\/04\/21\/veckans-basta-pa-vandra-vagen-18\/"]}]},{"@type":"ImageObject","inLanguage":"sv-SE","@id":"https:\/\/blogg.svenskakyrkan.se\/vandravagen\/2013\/04\/21\/veckans-basta-pa-vandra-vagen-18\/#primaryimage","url":"http:\/\/1.bp.blogspot.com\/-5iLzC361DXQ\/UWj8oy0i-NI\/AAAAAAAADEA\/NsxDR_EcWkk\/s400\/la%25CC%2588nkarikedje.jpg","contentUrl":"http:\/\/1.bp.blogspot.com\/-5iLzC361DXQ\/UWj8oy0i-NI\/AAAAAAAADEA\/NsxDR_EcWkk\/s400\/la%25CC%2588nkarikedje.jpg"},{"@type":"BreadcrumbList","@id":"https:\/\/blogg.svenskakyrkan.se\/vandravagen\/2013\/04\/21\/veckans-basta-pa-vandra-vagen-18\/#breadcrumb","itemListElement":[{"@type":"ListItem","position":1,"name":"Hem","item":"https:\/\/blogg.svenskakyrkan.se\/vandravagen\/"},{"@type":"ListItem","position":2,"name":"Veckans b\u00e4sta p\u00e5 Vandra V\u00e4gen"}]},{"@type":"WebSite","@id":"https:\/\/blogg.svenskakyrkan.se\/vandravagen\/#website","url":"https:\/\/blogg.svenskakyrkan.se\/vandravagen\/","name":"Vandra V\u00e4gen","description":"-Mot en tro f\u00f6r hela livet","publisher":{"@id":"https:\/\/blogg.svenskakyrkan.se\/vandravagen\/#organization"},"potentialAction":[{"@type":"SearchAction","target":{"@type":"EntryPoint","urlTemplate":"https:\/\/blogg.svenskakyrkan.se\/vandravagen\/?s={search_term_string}"},"query-input":{"@type":"PropertyValueSpecification","valueRequired":true,"valueName":"search_term_string"}}],"inLanguage":"sv-SE"},{"@type":"Organization","@id":"https:\/\/blogg.svenskakyrkan.se\/vandravagen\/#organization","name":"ulricehamns pastorat","alternateName":"ulricehamns pastorat","url":"https:\/\/blogg.svenskakyrkan.se\/vandravagen\/","logo":{"@type":"ImageObject","inLanguage":"sv-SE","@id":"https:\/\/blogg.svenskakyrkan.se\/vandravagen\/#\/schema\/logo\/image\/","url":"https:\/\/blogg.svenskakyrkan.se\/vandravagen\/files\/2023\/05\/Ulr_logo_RGB.png","contentUrl":"https:\/\/blogg.svenskakyrkan.se\/vandravagen\/files\/2023\/05\/Ulr_logo_RGB.png","width":205,"height":77,"caption":"ulricehamns pastorat"},"image":{"@id":"https:\/\/blogg.svenskakyrkan.se\/vandravagen\/#\/schema\/logo\/image\/"},"sameAs":["http:\/\/facebook.com\/vandravagen","https:\/\/x.com\/fadertomas","http:\/\/www.facebook.com\/svenskakyrkaniulricehamn"]},{"@type":"Person","@id":"https:\/\/blogg.svenskakyrkan.se\/vandravagen\/#\/schema\/person\/25da02d4f76b137d04291711e2c9fc16","name":"Tomas Jarvid","image":{"@type":"ImageObject","inLanguage":"sv-SE","@id":"https:\/\/blogg.svenskakyrkan.se\/vandravagen\/#\/schema\/person\/image\/","url":"https:\/\/secure.gravatar.com\/avatar\/7fa71899795e8f540f615a1f5ab25255dc27aa40f05ee7ddd21aac521e01bf50?s=96&d=identicon&r=g","contentUrl":"https:\/\/secure.gravatar.com\/avatar\/7fa71899795e8f540f615a1f5ab25255dc27aa40f05ee7ddd21aac521e01bf50?s=96&d=identicon&r=g","caption":"Tomas Jarvid"},"description":"Jag bor i Ulricehamn i V\u00e4sterg\u00f6tland och \u00e4r f\u00f6rsamlingspr\u00e4st i Svenska Kyrkan f\u00f6r Dalstorps f\u00f6rsamling i Kinds pastorat. P\u00e5 den h\u00e4r bloggen skriver jag ner tankar om vandringen som kristen.","sameAs":["http:\/\/www.vandravagen.se"],"url":"https:\/\/blogg.svenskakyrkan.se\/vandravagen\/author\/vandravagen\/"}]}},"author_meta":{"ID":"392","user_nicename":"vandravagen","user_url":"http:\/\/www.vandravagen.se","user_registered":"2014-05-19 05:44:52","display_name":"Tomas Jarvid","first_name":"Tomas","last_name":"Jarvid","avatar":"https:\/\/secure.gravatar.com\/avatar\/7fa71899795e8f540f615a1f5ab25255dc27aa40f05ee7ddd21aac521e01bf50?s=96&d=identicon&r=g"},"featured_image":false,"bloginfo":{"name":"Vandra V\u00e4gen","url":"https:\/\/blogg.svenskakyrkan.se\/vandravagen"},"_links":{"self":[{"href":"https:\/\/blogg.svenskakyrkan.se\/vandravagen\/wp-json\/wp\/v2\/posts\/605","targetHints":{"allow":["GET"]}}],"collection":[{"href":"https:\/\/blogg.svenskakyrkan.se\/vandravagen\/wp-json\/wp\/v2\/posts"}],"about":[{"href":"https:\/\/blogg.svenskakyrkan.se\/vandravagen\/wp-json\/wp\/v2\/types\/post"}],"author":[{"embeddable":true,"href":"https:\/\/blogg.svenskakyrkan.se\/vandravagen\/wp-json\/wp\/v2\/users\/392"}],"replies":[{"embeddable":true,"href":"https:\/\/blogg.svenskakyrkan.se\/vandravagen\/wp-json\/wp\/v2\/comments?post=605"}],"version-history":[{"count":0,"href":"https:\/\/blogg.svenskakyrkan.se\/vandravagen\/wp-json\/wp\/v2\/posts\/605\/revisions"}],"wp:attachment":[{"href":"https:\/\/blogg.svenskakyrkan.se\/vandravagen\/wp-json\/wp\/v2\/media?parent=605"}],"wp:term":[{"taxonomy":"category","embeddable":true,"href":"https:\/\/blogg.svenskakyrkan.se\/vandravagen\/wp-json\/wp\/v2\/categories?post=605"},{"taxonomy":"post_tag","embeddable":true,"href":"https:\/\/blogg.svenskakyrkan.se\/vandravagen\/wp-json\/wp\/v2\/tags?post=605"}],"curies":[{"name":"wp","href":"https:\/\/api.w.org\/{rel}","templated":true}]}}