{"id":606,"date":"2013-04-21T08:51:00","date_gmt":"2013-04-21T06:51:00","guid":{"rendered":"http:\/\/blogg.svenskakyrkan.se\/vandravagen\/2013\/04\/21\/forestallningen-vaxtvark-och-min-tro\/"},"modified":"2013-04-21T08:51:00","modified_gmt":"2013-04-21T06:51:00","slug":"forestallningen-vaxtvark-och-min-tro","status":"publish","type":"post","link":"https:\/\/blogg.svenskakyrkan.se\/vandravagen\/2013\/04\/21\/forestallningen-vaxtvark-och-min-tro\/","title":{"rendered":"F\u00f6rest\u00e4llningen &quot;v\u00e4xtv\u00e4rk&quot; och min tro"},"content":{"rendered":"<table align=\"center\" cellpadding=\"0\" cellspacing=\"0\">\n<tbody>\n<tr>\n<td><a href=\"http:\/\/2.bp.blogspot.com\/-cU9rDh_qlrA\/UVYR-WJpaII\/AAAAAAAAC5M\/T_UGiSzGyx0\/s1600\/spa%25CC%258Ang.jpg\"><img loading=\"lazy\" decoding=\"async\" border=\"0\" height=\"266\" src=\"http:\/\/2.bp.blogspot.com\/-cU9rDh_qlrA\/UVYR-WJpaII\/AAAAAAAAC5M\/T_UGiSzGyx0\/s400\/spa%25CC%258Ang.jpg\" width=\"400\"><\/a><\/td>\n<\/tr>\n<tr>\n<td>Hal och sv\u00e5r v\u00e4g?<\/td>\n<\/tr>\n<\/tbody>\n<\/table>\n<p>Ig\u00e5r var jag iv\u00e4g fr\u00e5n hemmet p\u00e5 egen hand utan varken fru eller barn eller jobb att g\u00f6ra. Jag for till Mariestads pingstkyrka d\u00e4r jag s\u00e5g f\u00f6rest\u00e4llningen &#8221;V\u00e4xtv\u00e4rk&#8221; som jag tidigare tipsat om p\u00e5 bloggen.<\/p>\n<p>Carl-Henrik Jaktlund ber\u00e4ttade om sin v\u00e4g fr\u00e5n barnatro till brinnande tro i ton\u00e5ren och sedan den kris som f\u00f6ljde n\u00e4r han blev vuxen. Det \u00e4r ingen erfarenhet han \u00e4r ensam om, tv\u00e4rtom tror jag vi \u00e4r v\u00e4ldigt m\u00e5nga som delar den. Tron p\u00e5 Jesus kan l\u00e4tt bli n\u00e5got som blir liggande i l\u00e5dorna med barndomsminnen men det beh\u00f6ver inte vara s\u00e5. Jesus sa trots allt inte &#8221;jag \u00e4r V\u00e4gen, Sanningen och barn och ton\u00e5rslivet&#8221; (som Jaktlund s\u00e4ger i f\u00f6rest\u00e4llningen).<\/p>\n<p>Jag k\u00e4nner igen mig i ganska mycket i f\u00f6rest\u00e4llningen \u00e4ven om jag inte vuxit upp inom frikyrkan. Det kanske \u00e4r trons sv\u00e5raste utmaning i livet \u00f6ver huvud taget att g\u00e5 fr\u00e5n en tro man f\u00e5tt ta \u00f6ver till en som \u00e4r ens egen. I ton\u00e5ren h\u00e4nger tron s\u00e5 t\u00e4tt ihop med tighta kompisg\u00e4ng och roliga grejer som h\u00e4nder och h\u00e4ftiga ledare att \u00e4ven om man g\u00e4rna tror att tron \u00e4r ens egen kanske man bara bytt auktoritet fr\u00e5n f\u00f6r\u00e4ldrarna till en cool ledare?<\/p>\n<p>F\u00f6r egen del har jag ocks\u00e5 k\u00e4nt p\u00e5 \u00e5ngesten n\u00e4r de tydliga svaren blivit f\u00e4rre. Det var verkligen v\u00e4ldigt jobbigt. D\u00e5 har jag \u00e4nd\u00e5 aldrig varit speciellt r\u00e4dd f\u00f6r att ifr\u00e5gas\u00e4tta och st\u00e4lla fr\u00e5gor. Kanske hade jag ocks\u00e5 tur som l\u00e4ste mycket och fick nya tankar. R\u00e4tt snart b\u00f6rjade jag ocks\u00e5 mina teologistudier och tvingades djupdyka i en hel massa utmanande fr\u00e5gest\u00e4llningar.<\/p>\n<p>V\u00e4gen har inte varit spikrak f\u00f6r mig heller \u00e4ven om andra s\u00e4kert haft det tuffare. Inget konstigt om du ocks\u00e5 haft\/har det s\u00e5 allts\u00e5.<\/p>\n<p>K\u00e4nner du igen dig i att tron inte riktigt lyckats h\u00e4nga med till vuxen \u00e5lder \u00e4ven om du hade velat? H\u00f6r i s\u00e5 fall av dig till mig s\u00e5 lyssnar jag g\u00e4rna. Eller kommentera nedan!<\/p>\n","protected":false},"excerpt":{"rendered":"<p>Hal och sv\u00e5r v\u00e4g? Ig\u00e5r var jag iv\u00e4g fr\u00e5n hemmet p\u00e5 egen hand utan varken fru eller barn eller jobb att g\u00f6ra. Jag for till Mariestads pingstkyrka d\u00e4r jag s\u00e5g f\u00f6rest\u00e4llningen &#8221;V\u00e4xtv\u00e4rk&#8221; som jag tidigare tipsat om p\u00e5 bloggen. Carl-Henrik Jaktlund ber\u00e4ttade om sin v\u00e4g fr\u00e5n barnatro till brinnande tro i ton\u00e5ren och sedan den [&hellip;]<\/p>\n","protected":false},"author":392,"featured_media":0,"comment_status":"open","ping_status":"open","sticky":false,"template":"","format":"standard","meta":{"_acf_changed":false,"footnotes":""},"categories":[75887,77554],"tags":[],"class_list":["post-606","post","type-post","status-publish","format-standard","hentry","category-andlighet","category-vara-manniska"],"acf":[],"yoast_head":"<!-- This site is optimized with the Yoast SEO plugin v27.1.1 - https:\/\/yoast.com\/product\/yoast-seo-wordpress\/ -->\n<title>F\u00f6rest\u00e4llningen &quot;v\u00e4xtv\u00e4rk&quot; och min tro - Vandra V\u00e4gen<\/title>\n<meta name=\"robots\" content=\"index, follow, max-snippet:-1, max-image-preview:large, max-video-preview:-1\" \/>\n<link rel=\"canonical\" href=\"https:\/\/blogg.svenskakyrkan.se\/vandravagen\/2013\/04\/21\/forestallningen-vaxtvark-och-min-tro\/\" \/>\n<meta property=\"og:locale\" content=\"sv_SE\" \/>\n<meta property=\"og:type\" content=\"article\" \/>\n<meta property=\"og:title\" content=\"F\u00f6rest\u00e4llningen &quot;v\u00e4xtv\u00e4rk&quot; och min tro - Vandra V\u00e4gen\" \/>\n<meta property=\"og:description\" content=\"Hal och sv\u00e5r v\u00e4g? Ig\u00e5r var jag iv\u00e4g fr\u00e5n hemmet p\u00e5 egen hand utan varken fru eller barn eller jobb att g\u00f6ra. Jag for till Mariestads pingstkyrka d\u00e4r jag s\u00e5g f\u00f6rest\u00e4llningen &#8221;V\u00e4xtv\u00e4rk&#8221; som jag tidigare tipsat om p\u00e5 bloggen. Carl-Henrik Jaktlund ber\u00e4ttade om sin v\u00e4g fr\u00e5n barnatro till brinnande tro i ton\u00e5ren och sedan den [&hellip;]\" \/>\n<meta property=\"og:url\" content=\"https:\/\/blogg.svenskakyrkan.se\/vandravagen\/2013\/04\/21\/forestallningen-vaxtvark-och-min-tro\/\" \/>\n<meta property=\"og:site_name\" content=\"Vandra V\u00e4gen\" \/>\n<meta property=\"article:publisher\" content=\"http:\/\/facebook.com\/vandravagen\" \/>\n<meta property=\"article:published_time\" content=\"2013-04-21T06:51:00+00:00\" \/>\n<meta property=\"og:image\" content=\"http:\/\/2.bp.blogspot.com\/-cU9rDh_qlrA\/UVYR-WJpaII\/AAAAAAAAC5M\/T_UGiSzGyx0\/s400\/spa%25CC%258Ang.jpg\" \/>\n<meta name=\"author\" content=\"Tomas Jarvid\" \/>\n<meta name=\"twitter:card\" content=\"summary_large_image\" \/>\n<meta name=\"twitter:creator\" content=\"@fadertomas\" \/>\n<meta name=\"twitter:site\" content=\"@fadertomas\" \/>\n<meta name=\"twitter:label1\" content=\"Skriven av\" \/>\n\t<meta name=\"twitter:data1\" content=\"Tomas Jarvid\" \/>\n\t<meta name=\"twitter:label2\" content=\"Ber\u00e4knad l\u00e4stid\" \/>\n\t<meta name=\"twitter:data2\" content=\"2 minuter\" \/>\n<script type=\"application\/ld+json\" class=\"yoast-schema-graph\">{\"@context\":\"https:\/\/schema.org\",\"@graph\":[{\"@type\":\"Article\",\"@id\":\"https:\/\/blogg.svenskakyrkan.se\/vandravagen\/2013\/04\/21\/forestallningen-vaxtvark-och-min-tro\/#article\",\"isPartOf\":{\"@id\":\"https:\/\/blogg.svenskakyrkan.se\/vandravagen\/2013\/04\/21\/forestallningen-vaxtvark-och-min-tro\/\"},\"author\":{\"name\":\"Tomas Jarvid\",\"@id\":\"https:\/\/blogg.svenskakyrkan.se\/vandravagen\/#\/schema\/person\/25da02d4f76b137d04291711e2c9fc16\"},\"headline\":\"F\u00f6rest\u00e4llningen &quot;v\u00e4xtv\u00e4rk&quot; och min tro\",\"datePublished\":\"2013-04-21T06:51:00+00:00\",\"mainEntityOfPage\":{\"@id\":\"https:\/\/blogg.svenskakyrkan.se\/vandravagen\/2013\/04\/21\/forestallningen-vaxtvark-och-min-tro\/\"},\"wordCount\":403,\"commentCount\":0,\"publisher\":{\"@id\":\"https:\/\/blogg.svenskakyrkan.se\/vandravagen\/#organization\"},\"image\":{\"@id\":\"https:\/\/blogg.svenskakyrkan.se\/vandravagen\/2013\/04\/21\/forestallningen-vaxtvark-och-min-tro\/#primaryimage\"},\"thumbnailUrl\":\"http:\/\/2.bp.blogspot.com\/-cU9rDh_qlrA\/UVYR-WJpaII\/AAAAAAAAC5M\/T_UGiSzGyx0\/s400\/spa%25CC%258Ang.jpg\",\"articleSection\":[\"andlighet\",\"vara m\u00e4nniska\"],\"inLanguage\":\"sv-SE\",\"potentialAction\":[{\"@type\":\"CommentAction\",\"name\":\"Comment\",\"target\":[\"https:\/\/blogg.svenskakyrkan.se\/vandravagen\/2013\/04\/21\/forestallningen-vaxtvark-och-min-tro\/#respond\"]}]},{\"@type\":\"WebPage\",\"@id\":\"https:\/\/blogg.svenskakyrkan.se\/vandravagen\/2013\/04\/21\/forestallningen-vaxtvark-och-min-tro\/\",\"url\":\"https:\/\/blogg.svenskakyrkan.se\/vandravagen\/2013\/04\/21\/forestallningen-vaxtvark-och-min-tro\/\",\"name\":\"F\u00f6rest\u00e4llningen &quot;v\u00e4xtv\u00e4rk&quot; och min tro - Vandra V\u00e4gen\",\"isPartOf\":{\"@id\":\"https:\/\/blogg.svenskakyrkan.se\/vandravagen\/#website\"},\"primaryImageOfPage\":{\"@id\":\"https:\/\/blogg.svenskakyrkan.se\/vandravagen\/2013\/04\/21\/forestallningen-vaxtvark-och-min-tro\/#primaryimage\"},\"image\":{\"@id\":\"https:\/\/blogg.svenskakyrkan.se\/vandravagen\/2013\/04\/21\/forestallningen-vaxtvark-och-min-tro\/#primaryimage\"},\"thumbnailUrl\":\"http:\/\/2.bp.blogspot.com\/-cU9rDh_qlrA\/UVYR-WJpaII\/AAAAAAAAC5M\/T_UGiSzGyx0\/s400\/spa%25CC%258Ang.jpg\",\"datePublished\":\"2013-04-21T06:51:00+00:00\",\"breadcrumb\":{\"@id\":\"https:\/\/blogg.svenskakyrkan.se\/vandravagen\/2013\/04\/21\/forestallningen-vaxtvark-och-min-tro\/#breadcrumb\"},\"inLanguage\":\"sv-SE\",\"potentialAction\":[{\"@type\":\"ReadAction\",\"target\":[\"https:\/\/blogg.svenskakyrkan.se\/vandravagen\/2013\/04\/21\/forestallningen-vaxtvark-och-min-tro\/\"]}]},{\"@type\":\"ImageObject\",\"inLanguage\":\"sv-SE\",\"@id\":\"https:\/\/blogg.svenskakyrkan.se\/vandravagen\/2013\/04\/21\/forestallningen-vaxtvark-och-min-tro\/#primaryimage\",\"url\":\"http:\/\/2.bp.blogspot.com\/-cU9rDh_qlrA\/UVYR-WJpaII\/AAAAAAAAC5M\/T_UGiSzGyx0\/s400\/spa%25CC%258Ang.jpg\",\"contentUrl\":\"http:\/\/2.bp.blogspot.com\/-cU9rDh_qlrA\/UVYR-WJpaII\/AAAAAAAAC5M\/T_UGiSzGyx0\/s400\/spa%25CC%258Ang.jpg\"},{\"@type\":\"BreadcrumbList\",\"@id\":\"https:\/\/blogg.svenskakyrkan.se\/vandravagen\/2013\/04\/21\/forestallningen-vaxtvark-och-min-tro\/#breadcrumb\",\"itemListElement\":[{\"@type\":\"ListItem\",\"position\":1,\"name\":\"Hem\",\"item\":\"https:\/\/blogg.svenskakyrkan.se\/vandravagen\/\"},{\"@type\":\"ListItem\",\"position\":2,\"name\":\"F\u00f6rest\u00e4llningen &quot;v\u00e4xtv\u00e4rk&quot; och min tro\"}]},{\"@type\":\"WebSite\",\"@id\":\"https:\/\/blogg.svenskakyrkan.se\/vandravagen\/#website\",\"url\":\"https:\/\/blogg.svenskakyrkan.se\/vandravagen\/\",\"name\":\"Vandra V\u00e4gen\",\"description\":\"-Mot en tro f\u00f6r hela livet\",\"publisher\":{\"@id\":\"https:\/\/blogg.svenskakyrkan.se\/vandravagen\/#organization\"},\"potentialAction\":[{\"@type\":\"SearchAction\",\"target\":{\"@type\":\"EntryPoint\",\"urlTemplate\":\"https:\/\/blogg.svenskakyrkan.se\/vandravagen\/?s={search_term_string}\"},\"query-input\":{\"@type\":\"PropertyValueSpecification\",\"valueRequired\":true,\"valueName\":\"search_term_string\"}}],\"inLanguage\":\"sv-SE\"},{\"@type\":\"Organization\",\"@id\":\"https:\/\/blogg.svenskakyrkan.se\/vandravagen\/#organization\",\"name\":\"ulricehamns pastorat\",\"alternateName\":\"ulricehamns pastorat\",\"url\":\"https:\/\/blogg.svenskakyrkan.se\/vandravagen\/\",\"logo\":{\"@type\":\"ImageObject\",\"inLanguage\":\"sv-SE\",\"@id\":\"https:\/\/blogg.svenskakyrkan.se\/vandravagen\/#\/schema\/logo\/image\/\",\"url\":\"https:\/\/blogg.svenskakyrkan.se\/vandravagen\/files\/2023\/05\/Ulr_logo_RGB.png\",\"contentUrl\":\"https:\/\/blogg.svenskakyrkan.se\/vandravagen\/files\/2023\/05\/Ulr_logo_RGB.png\",\"width\":205,\"height\":77,\"caption\":\"ulricehamns pastorat\"},\"image\":{\"@id\":\"https:\/\/blogg.svenskakyrkan.se\/vandravagen\/#\/schema\/logo\/image\/\"},\"sameAs\":[\"http:\/\/facebook.com\/vandravagen\",\"https:\/\/x.com\/fadertomas\",\"http:\/\/www.facebook.com\/svenskakyrkaniulricehamn\"]},{\"@type\":\"Person\",\"@id\":\"https:\/\/blogg.svenskakyrkan.se\/vandravagen\/#\/schema\/person\/25da02d4f76b137d04291711e2c9fc16\",\"name\":\"Tomas Jarvid\",\"image\":{\"@type\":\"ImageObject\",\"inLanguage\":\"sv-SE\",\"@id\":\"https:\/\/blogg.svenskakyrkan.se\/vandravagen\/#\/schema\/person\/image\/\",\"url\":\"https:\/\/secure.gravatar.com\/avatar\/7fa71899795e8f540f615a1f5ab25255dc27aa40f05ee7ddd21aac521e01bf50?s=96&d=identicon&r=g\",\"contentUrl\":\"https:\/\/secure.gravatar.com\/avatar\/7fa71899795e8f540f615a1f5ab25255dc27aa40f05ee7ddd21aac521e01bf50?s=96&d=identicon&r=g\",\"caption\":\"Tomas Jarvid\"},\"description\":\"Jag bor i Ulricehamn i V\u00e4sterg\u00f6tland och \u00e4r f\u00f6rsamlingspr\u00e4st i Svenska Kyrkan f\u00f6r Dalstorps f\u00f6rsamling i Kinds pastorat. P\u00e5 den h\u00e4r bloggen skriver jag ner tankar om vandringen som kristen.\",\"sameAs\":[\"http:\/\/www.vandravagen.se\"],\"url\":\"https:\/\/blogg.svenskakyrkan.se\/vandravagen\/author\/vandravagen\/\"}]}<\/script>\n<!-- \/ Yoast SEO plugin. -->","yoast_head_json":{"title":"F\u00f6rest\u00e4llningen &quot;v\u00e4xtv\u00e4rk&quot; och min tro - Vandra V\u00e4gen","robots":{"index":"index","follow":"follow","max-snippet":"max-snippet:-1","max-image-preview":"max-image-preview:large","max-video-preview":"max-video-preview:-1"},"canonical":"https:\/\/blogg.svenskakyrkan.se\/vandravagen\/2013\/04\/21\/forestallningen-vaxtvark-och-min-tro\/","og_locale":"sv_SE","og_type":"article","og_title":"F\u00f6rest\u00e4llningen &quot;v\u00e4xtv\u00e4rk&quot; och min tro - Vandra V\u00e4gen","og_description":"Hal och sv\u00e5r v\u00e4g? Ig\u00e5r var jag iv\u00e4g fr\u00e5n hemmet p\u00e5 egen hand utan varken fru eller barn eller jobb att g\u00f6ra. Jag for till Mariestads pingstkyrka d\u00e4r jag s\u00e5g f\u00f6rest\u00e4llningen &#8221;V\u00e4xtv\u00e4rk&#8221; som jag tidigare tipsat om p\u00e5 bloggen. Carl-Henrik Jaktlund ber\u00e4ttade om sin v\u00e4g fr\u00e5n barnatro till brinnande tro i ton\u00e5ren och sedan den [&hellip;]","og_url":"https:\/\/blogg.svenskakyrkan.se\/vandravagen\/2013\/04\/21\/forestallningen-vaxtvark-och-min-tro\/","og_site_name":"Vandra V\u00e4gen","article_publisher":"http:\/\/facebook.com\/vandravagen","article_published_time":"2013-04-21T06:51:00+00:00","og_image":[{"url":"http:\/\/2.bp.blogspot.com\/-cU9rDh_qlrA\/UVYR-WJpaII\/AAAAAAAAC5M\/T_UGiSzGyx0\/s400\/spa%25CC%258Ang.jpg","type":"","width":"","height":""}],"author":"Tomas Jarvid","twitter_card":"summary_large_image","twitter_creator":"@fadertomas","twitter_site":"@fadertomas","twitter_misc":{"Skriven av":"Tomas Jarvid","Ber\u00e4knad l\u00e4stid":"2 minuter"},"schema":{"@context":"https:\/\/schema.org","@graph":[{"@type":"Article","@id":"https:\/\/blogg.svenskakyrkan.se\/vandravagen\/2013\/04\/21\/forestallningen-vaxtvark-och-min-tro\/#article","isPartOf":{"@id":"https:\/\/blogg.svenskakyrkan.se\/vandravagen\/2013\/04\/21\/forestallningen-vaxtvark-och-min-tro\/"},"author":{"name":"Tomas Jarvid","@id":"https:\/\/blogg.svenskakyrkan.se\/vandravagen\/#\/schema\/person\/25da02d4f76b137d04291711e2c9fc16"},"headline":"F\u00f6rest\u00e4llningen &quot;v\u00e4xtv\u00e4rk&quot; och min tro","datePublished":"2013-04-21T06:51:00+00:00","mainEntityOfPage":{"@id":"https:\/\/blogg.svenskakyrkan.se\/vandravagen\/2013\/04\/21\/forestallningen-vaxtvark-och-min-tro\/"},"wordCount":403,"commentCount":0,"publisher":{"@id":"https:\/\/blogg.svenskakyrkan.se\/vandravagen\/#organization"},"image":{"@id":"https:\/\/blogg.svenskakyrkan.se\/vandravagen\/2013\/04\/21\/forestallningen-vaxtvark-och-min-tro\/#primaryimage"},"thumbnailUrl":"http:\/\/2.bp.blogspot.com\/-cU9rDh_qlrA\/UVYR-WJpaII\/AAAAAAAAC5M\/T_UGiSzGyx0\/s400\/spa%25CC%258Ang.jpg","articleSection":["andlighet","vara m\u00e4nniska"],"inLanguage":"sv-SE","potentialAction":[{"@type":"CommentAction","name":"Comment","target":["https:\/\/blogg.svenskakyrkan.se\/vandravagen\/2013\/04\/21\/forestallningen-vaxtvark-och-min-tro\/#respond"]}]},{"@type":"WebPage","@id":"https:\/\/blogg.svenskakyrkan.se\/vandravagen\/2013\/04\/21\/forestallningen-vaxtvark-och-min-tro\/","url":"https:\/\/blogg.svenskakyrkan.se\/vandravagen\/2013\/04\/21\/forestallningen-vaxtvark-och-min-tro\/","name":"F\u00f6rest\u00e4llningen &quot;v\u00e4xtv\u00e4rk&quot; och min tro - Vandra V\u00e4gen","isPartOf":{"@id":"https:\/\/blogg.svenskakyrkan.se\/vandravagen\/#website"},"primaryImageOfPage":{"@id":"https:\/\/blogg.svenskakyrkan.se\/vandravagen\/2013\/04\/21\/forestallningen-vaxtvark-och-min-tro\/#primaryimage"},"image":{"@id":"https:\/\/blogg.svenskakyrkan.se\/vandravagen\/2013\/04\/21\/forestallningen-vaxtvark-och-min-tro\/#primaryimage"},"thumbnailUrl":"http:\/\/2.bp.blogspot.com\/-cU9rDh_qlrA\/UVYR-WJpaII\/AAAAAAAAC5M\/T_UGiSzGyx0\/s400\/spa%25CC%258Ang.jpg","datePublished":"2013-04-21T06:51:00+00:00","breadcrumb":{"@id":"https:\/\/blogg.svenskakyrkan.se\/vandravagen\/2013\/04\/21\/forestallningen-vaxtvark-och-min-tro\/#breadcrumb"},"inLanguage":"sv-SE","potentialAction":[{"@type":"ReadAction","target":["https:\/\/blogg.svenskakyrkan.se\/vandravagen\/2013\/04\/21\/forestallningen-vaxtvark-och-min-tro\/"]}]},{"@type":"ImageObject","inLanguage":"sv-SE","@id":"https:\/\/blogg.svenskakyrkan.se\/vandravagen\/2013\/04\/21\/forestallningen-vaxtvark-och-min-tro\/#primaryimage","url":"http:\/\/2.bp.blogspot.com\/-cU9rDh_qlrA\/UVYR-WJpaII\/AAAAAAAAC5M\/T_UGiSzGyx0\/s400\/spa%25CC%258Ang.jpg","contentUrl":"http:\/\/2.bp.blogspot.com\/-cU9rDh_qlrA\/UVYR-WJpaII\/AAAAAAAAC5M\/T_UGiSzGyx0\/s400\/spa%25CC%258Ang.jpg"},{"@type":"BreadcrumbList","@id":"https:\/\/blogg.svenskakyrkan.se\/vandravagen\/2013\/04\/21\/forestallningen-vaxtvark-och-min-tro\/#breadcrumb","itemListElement":[{"@type":"ListItem","position":1,"name":"Hem","item":"https:\/\/blogg.svenskakyrkan.se\/vandravagen\/"},{"@type":"ListItem","position":2,"name":"F\u00f6rest\u00e4llningen &quot;v\u00e4xtv\u00e4rk&quot; och min tro"}]},{"@type":"WebSite","@id":"https:\/\/blogg.svenskakyrkan.se\/vandravagen\/#website","url":"https:\/\/blogg.svenskakyrkan.se\/vandravagen\/","name":"Vandra V\u00e4gen","description":"-Mot en tro f\u00f6r hela livet","publisher":{"@id":"https:\/\/blogg.svenskakyrkan.se\/vandravagen\/#organization"},"potentialAction":[{"@type":"SearchAction","target":{"@type":"EntryPoint","urlTemplate":"https:\/\/blogg.svenskakyrkan.se\/vandravagen\/?s={search_term_string}"},"query-input":{"@type":"PropertyValueSpecification","valueRequired":true,"valueName":"search_term_string"}}],"inLanguage":"sv-SE"},{"@type":"Organization","@id":"https:\/\/blogg.svenskakyrkan.se\/vandravagen\/#organization","name":"ulricehamns pastorat","alternateName":"ulricehamns pastorat","url":"https:\/\/blogg.svenskakyrkan.se\/vandravagen\/","logo":{"@type":"ImageObject","inLanguage":"sv-SE","@id":"https:\/\/blogg.svenskakyrkan.se\/vandravagen\/#\/schema\/logo\/image\/","url":"https:\/\/blogg.svenskakyrkan.se\/vandravagen\/files\/2023\/05\/Ulr_logo_RGB.png","contentUrl":"https:\/\/blogg.svenskakyrkan.se\/vandravagen\/files\/2023\/05\/Ulr_logo_RGB.png","width":205,"height":77,"caption":"ulricehamns pastorat"},"image":{"@id":"https:\/\/blogg.svenskakyrkan.se\/vandravagen\/#\/schema\/logo\/image\/"},"sameAs":["http:\/\/facebook.com\/vandravagen","https:\/\/x.com\/fadertomas","http:\/\/www.facebook.com\/svenskakyrkaniulricehamn"]},{"@type":"Person","@id":"https:\/\/blogg.svenskakyrkan.se\/vandravagen\/#\/schema\/person\/25da02d4f76b137d04291711e2c9fc16","name":"Tomas Jarvid","image":{"@type":"ImageObject","inLanguage":"sv-SE","@id":"https:\/\/blogg.svenskakyrkan.se\/vandravagen\/#\/schema\/person\/image\/","url":"https:\/\/secure.gravatar.com\/avatar\/7fa71899795e8f540f615a1f5ab25255dc27aa40f05ee7ddd21aac521e01bf50?s=96&d=identicon&r=g","contentUrl":"https:\/\/secure.gravatar.com\/avatar\/7fa71899795e8f540f615a1f5ab25255dc27aa40f05ee7ddd21aac521e01bf50?s=96&d=identicon&r=g","caption":"Tomas Jarvid"},"description":"Jag bor i Ulricehamn i V\u00e4sterg\u00f6tland och \u00e4r f\u00f6rsamlingspr\u00e4st i Svenska Kyrkan f\u00f6r Dalstorps f\u00f6rsamling i Kinds pastorat. P\u00e5 den h\u00e4r bloggen skriver jag ner tankar om vandringen som kristen.","sameAs":["http:\/\/www.vandravagen.se"],"url":"https:\/\/blogg.svenskakyrkan.se\/vandravagen\/author\/vandravagen\/"}]}},"author_meta":{"ID":"392","user_nicename":"vandravagen","user_url":"http:\/\/www.vandravagen.se","user_registered":"2014-05-19 05:44:52","display_name":"Tomas Jarvid","first_name":"Tomas","last_name":"Jarvid","avatar":"https:\/\/secure.gravatar.com\/avatar\/7fa71899795e8f540f615a1f5ab25255dc27aa40f05ee7ddd21aac521e01bf50?s=96&d=identicon&r=g"},"featured_image":false,"bloginfo":{"name":"Vandra V\u00e4gen","url":"https:\/\/blogg.svenskakyrkan.se\/vandravagen"},"_links":{"self":[{"href":"https:\/\/blogg.svenskakyrkan.se\/vandravagen\/wp-json\/wp\/v2\/posts\/606","targetHints":{"allow":["GET"]}}],"collection":[{"href":"https:\/\/blogg.svenskakyrkan.se\/vandravagen\/wp-json\/wp\/v2\/posts"}],"about":[{"href":"https:\/\/blogg.svenskakyrkan.se\/vandravagen\/wp-json\/wp\/v2\/types\/post"}],"author":[{"embeddable":true,"href":"https:\/\/blogg.svenskakyrkan.se\/vandravagen\/wp-json\/wp\/v2\/users\/392"}],"replies":[{"embeddable":true,"href":"https:\/\/blogg.svenskakyrkan.se\/vandravagen\/wp-json\/wp\/v2\/comments?post=606"}],"version-history":[{"count":0,"href":"https:\/\/blogg.svenskakyrkan.se\/vandravagen\/wp-json\/wp\/v2\/posts\/606\/revisions"}],"wp:attachment":[{"href":"https:\/\/blogg.svenskakyrkan.se\/vandravagen\/wp-json\/wp\/v2\/media?parent=606"}],"wp:term":[{"taxonomy":"category","embeddable":true,"href":"https:\/\/blogg.svenskakyrkan.se\/vandravagen\/wp-json\/wp\/v2\/categories?post=606"},{"taxonomy":"post_tag","embeddable":true,"href":"https:\/\/blogg.svenskakyrkan.se\/vandravagen\/wp-json\/wp\/v2\/tags?post=606"}],"curies":[{"name":"wp","href":"https:\/\/api.w.org\/{rel}","templated":true}]}}