{"id":610,"date":"2013-04-18T07:25:00","date_gmt":"2013-04-18T05:25:00","guid":{"rendered":"http:\/\/blogg.svenskakyrkan.se\/vandravagen\/2013\/04\/18\/annu-en-del-i-bibelguiden-johanna-dahl-skriver-om-petrusbreven\/"},"modified":"2013-04-18T07:25:00","modified_gmt":"2013-04-18T05:25:00","slug":"annu-en-del-i-bibelguiden-johanna-dahl-skriver-om-petrusbreven","status":"publish","type":"post","link":"https:\/\/blogg.svenskakyrkan.se\/vandravagen\/2013\/04\/18\/annu-en-del-i-bibelguiden-johanna-dahl-skriver-om-petrusbreven\/","title":{"rendered":"\u00c4nnu en del i Bibelguiden! Johanna Dahl skriver om Petrusbreven!"},"content":{"rendered":"<\/p>\n<div><a href=\"http:\/\/2.bp.blogspot.com\/-TKDW0f4GdZc\/UWsM2zbjkUI\/AAAAAAAADEk\/WXVlah_uOzo\/s1600\/376418_10150954180111482_511666171_n.jpg\"><img loading=\"lazy\" decoding=\"async\" border=\"0\" height=\"320\" src=\"http:\/\/2.bp.blogspot.com\/-TKDW0f4GdZc\/UWsM2zbjkUI\/AAAAAAAADEk\/WXVlah_uOzo\/s320\/376418_10150954180111482_511666171_n.jpg\" width=\"243\"><\/a><\/div>\n<div><\/div>\n<div><\/div>\n<div>Jag har skrivit tidigare om bibelkommentarserien &#8221;bibelguiden&#8221; (<a href=\"http:\/\/www.vandravagen.se\/2012\/04\/dagens-bok.html\">Efesierbrevet<\/a> och\u00a0<a href=\"http:\/\/www.vandravagen.se\/2012\/11\/en-guide-till-uppenbarelseboken-av.html\">uppenbarelseboken<\/a>\u00a0har givits ut tidigare). En l\u00e4ttillg\u00e4nglig serie b\u00f6cker som vill ge hj\u00e4lp att f\u00f6rst\u00e5 olika bibelb\u00f6cker. Nu har den tredje boken kommit ut. Den \u00e4r skriven av Johanna Dahl och handlar om f\u00f6rsta och andra petrusbrevet.\u00a0<\/div>\n<div><\/div>\n<div>Vandra V\u00e4gen har kontaktat Johanna och bett henne svara p\u00e5 n\u00e5gra fr\u00e5gor om sin bok.<\/div>\n<div><\/div>\n<div><\/div>\n<div><b>Hej Johanna! Vem borde l\u00e4sa mer i petrusbreven?<\/b><\/div>\n<div>-Den som l\u00e4ngtar efter att uppt\u00e4cka mer av Gud och Hans avsikter f\u00f6r oss. Den som l\u00e4ngtar efter en tryggare och mer frimodig tro. Den som funderar \u00f6ver v\u00e5r identitet som kristna och som kyrka. Vad \u00e4r vi kallade till? Den som utmanas i att leva som kristen i vardagen.\u00a0<\/div>\n<div><\/div>\n<div><b>Vilka var de f\u00f6rsta l\u00e4sarna?<\/b><\/div>\n<div>-De f\u00f6rsta mottagarna var judekristna i f\u00f6rskingrade fr\u00e5n Israel eller hednakristna som blivit fr\u00e4mlingar f\u00f6r sina landsm\u00e4n genom att be blivit kristna och f\u00e5tt en ny tro, nya v\u00e4rderingar, nya traditioner och nya v\u00e4nner. Petrus skriver till dem f\u00f6r att hj\u00e4lpa dem att hantera det motst\u00e5nd och lidande som de uts\u00e4tts f\u00f6r av de ickekristna.<\/div>\n<div>\n<p><b>Vad handlar f\u00f6rsta och andra petrusbrevet om?<\/b><\/div>\n<div><\/div>\n<div>Huvud\u00e4mnena i F\u00f6rsta Petrusbrevet \u00e4r:<br \/>1) V\u00e5r identitet som kristna<br \/>2) Att vittna om Gud i tro och g\u00e4rningar &#8211; I v\u00e5ra n\u00e4ra relationer, i v\u00e5rt arbete och bland dem som inte tycker om oss<br \/>3) Lidandet och h\u00e4rligheten<\/div>\n<div>De tre grundl\u00e4ggande existentiella fr\u00e5gorna beskriver v\u00e4ldigt v\u00e4l strukturen i huvuddelen av 1 Pet:\u00a0<\/div>\n<div>Vem \u00e4r du? 1:3-2:10<br \/>Varf\u00f6r \u00e4r du h\u00e4r? 2:11-4:11<br \/>Vart \u00e4r du p\u00e5 v\u00e4g? 4:12-5:11<br \/>Allts\u00e5 grundfr\u00e5gor b\u00e5de som m\u00e4nniska och som kristen.\u00a0<\/div>\n<div><\/div>\n<div>Jag skulle s\u00e4rskilt vilja skicka med ett bibelord som p\u00e5 ett s\u00e4tt sammanfattar hela 1 Petrusbrevet, \u00a0n\u00e4mligen detta:\u00a0<\/div>\n<p>Men ni \u00e4r ett utvalt sl\u00e4kte, kungar och pr\u00e4ster, ett heligt folk, Guds eget folk som skall f\u00f6rkunna hans storverk. Han har kallat er fr\u00e5n m\u00f6rkret till sitt underbara ljus. (1 pet 2:9)<\/p>\n<div>\n<table align=\"center\" cellpadding=\"0\" cellspacing=\"0\">\n<tbody>\n<tr>\n<td><a href=\"http:\/\/3.bp.blogspot.com\/-hn6B0NQPKWU\/UW-CQkvOvTI\/AAAAAAAADKU\/zCrJYJKqDVw\/s1600\/petrusbrevguide.jpg\"><img loading=\"lazy\" decoding=\"async\" border=\"0\" height=\"400\" src=\"http:\/\/3.bp.blogspot.com\/-hn6B0NQPKWU\/UW-CQkvOvTI\/AAAAAAAADKU\/zCrJYJKqDVw\/s400\/petrusbrevguide.jpg\" width=\"268\"><\/a><\/td>\n<\/tr>\n<tr>\n<td>Bibelguiden, f\u00f6rsta och andra petrusbrevet<\/td>\n<\/tr>\n<\/tbody>\n<\/table>\n<p><b>Det var inte lite det, hur skulle du beskriva andra petrusbrevets \u00e4rende?<\/b><\/div>\n<div><\/div>\n<div>2 Pet \u00e4r n\u00e5got av Petrus andliga testamente. Han vet att han snart kommer att d\u00f6. Brevet handlar mycket om att hj\u00e4lpa den unga kyrkan att hantera de falska l\u00e4rare som b\u00f6rjat dyka upp och f\u00f6rleder de unga f\u00f6rsamlingarna vid den tid d\u00e5 m\u00e5nga av den f\u00f6rsta generationen kristna d\u00f6tt. Han vill ge dem n\u00e5got sista att h\u00e5lla fast vid f\u00f6r den tid d\u00e5 \u00e4ven Petrus \u00e4r borta. Vad \u00e4r sann respektive falsk kristen tro? En annan del \u00e4r att hj\u00e4lpa dem att hantera att decennierna har g\u00e5tt efter Kristi himmelsf\u00e4rd, men \u00e4nnu har han inte kommit tillbaka. V\u00e4ntar vi f\u00f6rj\u00e4ves? Nej, han kommer! Petrus f\u00f6rs\u00f6ker ocks\u00e5 st\u00e4rka oss i hoppet om den nya skapelsen som ska komma. M\u00e5nga av fr\u00e5gorna som han ber\u00f6r \u00e4r s\u00e5dana som vi kanske upplever ligger en bit fr\u00e5n v\u00e5r vardag som kristna, men som d\u00e4rf\u00f6r ocks\u00e5 kan vara s\u00e4rskilt relevanta f\u00f6r oss att se att de faktiskt \u00e4r meningsfulla \u00e4ven f\u00f6r oss att bearbeta. De kan ge mod \u00e5t oss ibland lite otrygga och r\u00e4dda kristna.<\/div>\n<div>\n<p><b>Vad har det gett dig att \u00e4gna s\u00e5 mycket tid \u00e5t f\u00f6rsta och andra Petrusbrevet?<\/b><\/div>\n<div><span>Dessa brev har f\u00e5tt en ganska undanskymd roll i NT och inte alls l\u00e4sts s\u00e5 mycket som Paulus brev. Jag k\u00e4nde inte till dem s\u00e4rskilt mycket innan jag fick i uppdrag att skriva om dem. Men under de tv\u00e5 \u00e5r som jag mer eller mindre intensivt burit dessa brev med mig \u00e4r det en skatt jag f\u00e5tt uppt\u00e4cka. Framf\u00f6r allt en skatt av urkyrkans frimodiga och trygga tro: i livet h\u00e4r och nu, inf\u00f6r lidande och d\u00f6d och f\u00f6r det eviga livet. S\u00e5dant som jag tror att vi som kyrka idag kan beh\u00f6va \u00e5teruppt\u00e4cka. Men ocks\u00e5 fr\u00e5gorna kring v\u00e5r identitet som kristna och som kyrka. Jag tror att vi som kristenhet idag har mycket att uppt\u00e4cka om vi v\u00e5gar brottas med Petrusbrevens oblyga rakhet och trosvisshet. Jag t\u00e4nker lite p\u00e5 patriarken Jakob i F\u00f6rsta Mosebok som brottades med Gud och sade: Jag sl\u00e4pper dig inte f\u00f6rr\u00e4n du v\u00e4lsignar mig! N\u00e5got av den attityden kan vara v\u00e4rt att ha med sig in i l\u00e4sningen av Petrusbreven. F\u00f6r det finns rika v\u00e4lsignelser som v\u00e4ntar l\u00e4saren. Jag hoppas att Petrusbreven kommer att uppt\u00e4ckas av fler och att denna bibelguide kan bli till hj\u00e4lp i att uppt\u00e4cka Gud och Hans avsikter med oss.<\/span><br \/><span><br \/><\/span><\/p>\n<div><b>Tack Johanna!<\/b><\/div>\n<div><\/div>\n<div>Du kan l\u00e4sa mer om och best\u00e4lla denna och de andra delarna av bibelguiden fr\u00e5n <a href=\"http:\/\/www.bibelguiden.se\/\">www.bibelguiden.se<\/a> det blir \u00e4nnu billigare i st\u00f6rre paket!<\/div>\n<div><\/div>\n<\/div>\n","protected":false},"excerpt":{"rendered":"<p>Jag har skrivit tidigare om bibelkommentarserien &#8221;bibelguiden&#8221; (Efesierbrevet och\u00a0uppenbarelseboken\u00a0har givits ut tidigare). En l\u00e4ttillg\u00e4nglig serie b\u00f6cker som vill ge hj\u00e4lp att f\u00f6rst\u00e5 olika bibelb\u00f6cker. Nu har den tredje boken kommit ut. Den \u00e4r skriven av Johanna Dahl och handlar om f\u00f6rsta och andra petrusbrevet.\u00a0 Vandra V\u00e4gen har kontaktat Johanna och bett henne svara p\u00e5 n\u00e5gra [&hellip;]<\/p>\n","protected":false},"author":392,"featured_media":0,"comment_status":"open","ping_status":"open","sticky":false,"template":"","format":"standard","meta":{"_acf_changed":false,"footnotes":""},"categories":[8298,17359],"tags":[],"class_list":["post-610","post","type-post","status-publish","format-standard","hentry","category-bibeln","category-gastbloggare"],"acf":[],"yoast_head":"<!-- This site is optimized with the Yoast SEO plugin v27.1.1 - https:\/\/yoast.com\/product\/yoast-seo-wordpress\/ -->\n<title>\u00c4nnu en del i Bibelguiden! Johanna Dahl skriver om Petrusbreven! - Vandra V\u00e4gen<\/title>\n<meta name=\"robots\" content=\"index, follow, max-snippet:-1, max-image-preview:large, max-video-preview:-1\" \/>\n<link rel=\"canonical\" href=\"https:\/\/blogg.svenskakyrkan.se\/vandravagen\/2013\/04\/18\/annu-en-del-i-bibelguiden-johanna-dahl-skriver-om-petrusbreven\/\" \/>\n<meta property=\"og:locale\" content=\"sv_SE\" \/>\n<meta property=\"og:type\" content=\"article\" \/>\n<meta property=\"og:title\" content=\"\u00c4nnu en del i Bibelguiden! Johanna Dahl skriver om Petrusbreven! - Vandra V\u00e4gen\" \/>\n<meta property=\"og:description\" content=\"Jag har skrivit tidigare om bibelkommentarserien &#8221;bibelguiden&#8221; (Efesierbrevet och\u00a0uppenbarelseboken\u00a0har givits ut tidigare). En l\u00e4ttillg\u00e4nglig serie b\u00f6cker som vill ge hj\u00e4lp att f\u00f6rst\u00e5 olika bibelb\u00f6cker. Nu har den tredje boken kommit ut. Den \u00e4r skriven av Johanna Dahl och handlar om f\u00f6rsta och andra petrusbrevet.\u00a0 Vandra V\u00e4gen har kontaktat Johanna och bett henne svara p\u00e5 n\u00e5gra [&hellip;]\" \/>\n<meta property=\"og:url\" content=\"https:\/\/blogg.svenskakyrkan.se\/vandravagen\/2013\/04\/18\/annu-en-del-i-bibelguiden-johanna-dahl-skriver-om-petrusbreven\/\" \/>\n<meta property=\"og:site_name\" content=\"Vandra V\u00e4gen\" \/>\n<meta property=\"article:publisher\" content=\"http:\/\/facebook.com\/vandravagen\" \/>\n<meta property=\"article:published_time\" content=\"2013-04-18T05:25:00+00:00\" \/>\n<meta property=\"og:image\" content=\"http:\/\/2.bp.blogspot.com\/-TKDW0f4GdZc\/UWsM2zbjkUI\/AAAAAAAADEk\/WXVlah_uOzo\/s320\/376418_10150954180111482_511666171_n.jpg\" \/>\n<meta name=\"author\" content=\"Tomas Jarvid\" \/>\n<meta name=\"twitter:card\" content=\"summary_large_image\" \/>\n<meta name=\"twitter:creator\" content=\"@fadertomas\" \/>\n<meta name=\"twitter:site\" content=\"@fadertomas\" \/>\n<meta name=\"twitter:label1\" content=\"Skriven av\" \/>\n\t<meta name=\"twitter:data1\" content=\"Tomas Jarvid\" \/>\n\t<meta name=\"twitter:label2\" content=\"Ber\u00e4knad l\u00e4stid\" \/>\n\t<meta name=\"twitter:data2\" content=\"4 minuter\" \/>\n<script type=\"application\/ld+json\" class=\"yoast-schema-graph\">{\"@context\":\"https:\/\/schema.org\",\"@graph\":[{\"@type\":\"Article\",\"@id\":\"https:\/\/blogg.svenskakyrkan.se\/vandravagen\/2013\/04\/18\/annu-en-del-i-bibelguiden-johanna-dahl-skriver-om-petrusbreven\/#article\",\"isPartOf\":{\"@id\":\"https:\/\/blogg.svenskakyrkan.se\/vandravagen\/2013\/04\/18\/annu-en-del-i-bibelguiden-johanna-dahl-skriver-om-petrusbreven\/\"},\"author\":{\"name\":\"Tomas Jarvid\",\"@id\":\"https:\/\/blogg.svenskakyrkan.se\/vandravagen\/#\/schema\/person\/25da02d4f76b137d04291711e2c9fc16\"},\"headline\":\"\u00c4nnu en del i Bibelguiden! Johanna Dahl skriver om Petrusbreven!\",\"datePublished\":\"2013-04-18T05:25:00+00:00\",\"mainEntityOfPage\":{\"@id\":\"https:\/\/blogg.svenskakyrkan.se\/vandravagen\/2013\/04\/18\/annu-en-del-i-bibelguiden-johanna-dahl-skriver-om-petrusbreven\/\"},\"wordCount\":877,\"commentCount\":0,\"publisher\":{\"@id\":\"https:\/\/blogg.svenskakyrkan.se\/vandravagen\/#organization\"},\"image\":{\"@id\":\"https:\/\/blogg.svenskakyrkan.se\/vandravagen\/2013\/04\/18\/annu-en-del-i-bibelguiden-johanna-dahl-skriver-om-petrusbreven\/#primaryimage\"},\"thumbnailUrl\":\"http:\/\/2.bp.blogspot.com\/-TKDW0f4GdZc\/UWsM2zbjkUI\/AAAAAAAADEk\/WXVlah_uOzo\/s320\/376418_10150954180111482_511666171_n.jpg\",\"articleSection\":[\"Bibeln\",\"g\u00e4stbloggare\"],\"inLanguage\":\"sv-SE\",\"potentialAction\":[{\"@type\":\"CommentAction\",\"name\":\"Comment\",\"target\":[\"https:\/\/blogg.svenskakyrkan.se\/vandravagen\/2013\/04\/18\/annu-en-del-i-bibelguiden-johanna-dahl-skriver-om-petrusbreven\/#respond\"]}]},{\"@type\":\"WebPage\",\"@id\":\"https:\/\/blogg.svenskakyrkan.se\/vandravagen\/2013\/04\/18\/annu-en-del-i-bibelguiden-johanna-dahl-skriver-om-petrusbreven\/\",\"url\":\"https:\/\/blogg.svenskakyrkan.se\/vandravagen\/2013\/04\/18\/annu-en-del-i-bibelguiden-johanna-dahl-skriver-om-petrusbreven\/\",\"name\":\"\u00c4nnu en del i Bibelguiden! Johanna Dahl skriver om Petrusbreven! - Vandra V\u00e4gen\",\"isPartOf\":{\"@id\":\"https:\/\/blogg.svenskakyrkan.se\/vandravagen\/#website\"},\"primaryImageOfPage\":{\"@id\":\"https:\/\/blogg.svenskakyrkan.se\/vandravagen\/2013\/04\/18\/annu-en-del-i-bibelguiden-johanna-dahl-skriver-om-petrusbreven\/#primaryimage\"},\"image\":{\"@id\":\"https:\/\/blogg.svenskakyrkan.se\/vandravagen\/2013\/04\/18\/annu-en-del-i-bibelguiden-johanna-dahl-skriver-om-petrusbreven\/#primaryimage\"},\"thumbnailUrl\":\"http:\/\/2.bp.blogspot.com\/-TKDW0f4GdZc\/UWsM2zbjkUI\/AAAAAAAADEk\/WXVlah_uOzo\/s320\/376418_10150954180111482_511666171_n.jpg\",\"datePublished\":\"2013-04-18T05:25:00+00:00\",\"breadcrumb\":{\"@id\":\"https:\/\/blogg.svenskakyrkan.se\/vandravagen\/2013\/04\/18\/annu-en-del-i-bibelguiden-johanna-dahl-skriver-om-petrusbreven\/#breadcrumb\"},\"inLanguage\":\"sv-SE\",\"potentialAction\":[{\"@type\":\"ReadAction\",\"target\":[\"https:\/\/blogg.svenskakyrkan.se\/vandravagen\/2013\/04\/18\/annu-en-del-i-bibelguiden-johanna-dahl-skriver-om-petrusbreven\/\"]}]},{\"@type\":\"ImageObject\",\"inLanguage\":\"sv-SE\",\"@id\":\"https:\/\/blogg.svenskakyrkan.se\/vandravagen\/2013\/04\/18\/annu-en-del-i-bibelguiden-johanna-dahl-skriver-om-petrusbreven\/#primaryimage\",\"url\":\"http:\/\/2.bp.blogspot.com\/-TKDW0f4GdZc\/UWsM2zbjkUI\/AAAAAAAADEk\/WXVlah_uOzo\/s320\/376418_10150954180111482_511666171_n.jpg\",\"contentUrl\":\"http:\/\/2.bp.blogspot.com\/-TKDW0f4GdZc\/UWsM2zbjkUI\/AAAAAAAADEk\/WXVlah_uOzo\/s320\/376418_10150954180111482_511666171_n.jpg\"},{\"@type\":\"BreadcrumbList\",\"@id\":\"https:\/\/blogg.svenskakyrkan.se\/vandravagen\/2013\/04\/18\/annu-en-del-i-bibelguiden-johanna-dahl-skriver-om-petrusbreven\/#breadcrumb\",\"itemListElement\":[{\"@type\":\"ListItem\",\"position\":1,\"name\":\"Hem\",\"item\":\"https:\/\/blogg.svenskakyrkan.se\/vandravagen\/\"},{\"@type\":\"ListItem\",\"position\":2,\"name\":\"\u00c4nnu en del i Bibelguiden! Johanna Dahl skriver om Petrusbreven!\"}]},{\"@type\":\"WebSite\",\"@id\":\"https:\/\/blogg.svenskakyrkan.se\/vandravagen\/#website\",\"url\":\"https:\/\/blogg.svenskakyrkan.se\/vandravagen\/\",\"name\":\"Vandra V\u00e4gen\",\"description\":\"-Mot en tro f\u00f6r hela livet\",\"publisher\":{\"@id\":\"https:\/\/blogg.svenskakyrkan.se\/vandravagen\/#organization\"},\"potentialAction\":[{\"@type\":\"SearchAction\",\"target\":{\"@type\":\"EntryPoint\",\"urlTemplate\":\"https:\/\/blogg.svenskakyrkan.se\/vandravagen\/?s={search_term_string}\"},\"query-input\":{\"@type\":\"PropertyValueSpecification\",\"valueRequired\":true,\"valueName\":\"search_term_string\"}}],\"inLanguage\":\"sv-SE\"},{\"@type\":\"Organization\",\"@id\":\"https:\/\/blogg.svenskakyrkan.se\/vandravagen\/#organization\",\"name\":\"ulricehamns pastorat\",\"alternateName\":\"ulricehamns pastorat\",\"url\":\"https:\/\/blogg.svenskakyrkan.se\/vandravagen\/\",\"logo\":{\"@type\":\"ImageObject\",\"inLanguage\":\"sv-SE\",\"@id\":\"https:\/\/blogg.svenskakyrkan.se\/vandravagen\/#\/schema\/logo\/image\/\",\"url\":\"https:\/\/blogg.svenskakyrkan.se\/vandravagen\/files\/2023\/05\/Ulr_logo_RGB.png\",\"contentUrl\":\"https:\/\/blogg.svenskakyrkan.se\/vandravagen\/files\/2023\/05\/Ulr_logo_RGB.png\",\"width\":205,\"height\":77,\"caption\":\"ulricehamns pastorat\"},\"image\":{\"@id\":\"https:\/\/blogg.svenskakyrkan.se\/vandravagen\/#\/schema\/logo\/image\/\"},\"sameAs\":[\"http:\/\/facebook.com\/vandravagen\",\"https:\/\/x.com\/fadertomas\",\"http:\/\/www.facebook.com\/svenskakyrkaniulricehamn\"]},{\"@type\":\"Person\",\"@id\":\"https:\/\/blogg.svenskakyrkan.se\/vandravagen\/#\/schema\/person\/25da02d4f76b137d04291711e2c9fc16\",\"name\":\"Tomas Jarvid\",\"image\":{\"@type\":\"ImageObject\",\"inLanguage\":\"sv-SE\",\"@id\":\"https:\/\/blogg.svenskakyrkan.se\/vandravagen\/#\/schema\/person\/image\/\",\"url\":\"https:\/\/secure.gravatar.com\/avatar\/7fa71899795e8f540f615a1f5ab25255dc27aa40f05ee7ddd21aac521e01bf50?s=96&d=identicon&r=g\",\"contentUrl\":\"https:\/\/secure.gravatar.com\/avatar\/7fa71899795e8f540f615a1f5ab25255dc27aa40f05ee7ddd21aac521e01bf50?s=96&d=identicon&r=g\",\"caption\":\"Tomas Jarvid\"},\"description\":\"Jag bor i Ulricehamn i V\u00e4sterg\u00f6tland och \u00e4r f\u00f6rsamlingspr\u00e4st i Svenska Kyrkan f\u00f6r Dalstorps f\u00f6rsamling i Kinds pastorat. P\u00e5 den h\u00e4r bloggen skriver jag ner tankar om vandringen som kristen.\",\"sameAs\":[\"http:\/\/www.vandravagen.se\"],\"url\":\"https:\/\/blogg.svenskakyrkan.se\/vandravagen\/author\/vandravagen\/\"}]}<\/script>\n<!-- \/ Yoast SEO plugin. -->","yoast_head_json":{"title":"\u00c4nnu en del i Bibelguiden! Johanna Dahl skriver om Petrusbreven! - Vandra V\u00e4gen","robots":{"index":"index","follow":"follow","max-snippet":"max-snippet:-1","max-image-preview":"max-image-preview:large","max-video-preview":"max-video-preview:-1"},"canonical":"https:\/\/blogg.svenskakyrkan.se\/vandravagen\/2013\/04\/18\/annu-en-del-i-bibelguiden-johanna-dahl-skriver-om-petrusbreven\/","og_locale":"sv_SE","og_type":"article","og_title":"\u00c4nnu en del i Bibelguiden! Johanna Dahl skriver om Petrusbreven! - Vandra V\u00e4gen","og_description":"Jag har skrivit tidigare om bibelkommentarserien &#8221;bibelguiden&#8221; (Efesierbrevet och\u00a0uppenbarelseboken\u00a0har givits ut tidigare). En l\u00e4ttillg\u00e4nglig serie b\u00f6cker som vill ge hj\u00e4lp att f\u00f6rst\u00e5 olika bibelb\u00f6cker. Nu har den tredje boken kommit ut. Den \u00e4r skriven av Johanna Dahl och handlar om f\u00f6rsta och andra petrusbrevet.\u00a0 Vandra V\u00e4gen har kontaktat Johanna och bett henne svara p\u00e5 n\u00e5gra [&hellip;]","og_url":"https:\/\/blogg.svenskakyrkan.se\/vandravagen\/2013\/04\/18\/annu-en-del-i-bibelguiden-johanna-dahl-skriver-om-petrusbreven\/","og_site_name":"Vandra V\u00e4gen","article_publisher":"http:\/\/facebook.com\/vandravagen","article_published_time":"2013-04-18T05:25:00+00:00","og_image":[{"url":"http:\/\/2.bp.blogspot.com\/-TKDW0f4GdZc\/UWsM2zbjkUI\/AAAAAAAADEk\/WXVlah_uOzo\/s320\/376418_10150954180111482_511666171_n.jpg","type":"","width":"","height":""}],"author":"Tomas Jarvid","twitter_card":"summary_large_image","twitter_creator":"@fadertomas","twitter_site":"@fadertomas","twitter_misc":{"Skriven av":"Tomas Jarvid","Ber\u00e4knad l\u00e4stid":"4 minuter"},"schema":{"@context":"https:\/\/schema.org","@graph":[{"@type":"Article","@id":"https:\/\/blogg.svenskakyrkan.se\/vandravagen\/2013\/04\/18\/annu-en-del-i-bibelguiden-johanna-dahl-skriver-om-petrusbreven\/#article","isPartOf":{"@id":"https:\/\/blogg.svenskakyrkan.se\/vandravagen\/2013\/04\/18\/annu-en-del-i-bibelguiden-johanna-dahl-skriver-om-petrusbreven\/"},"author":{"name":"Tomas Jarvid","@id":"https:\/\/blogg.svenskakyrkan.se\/vandravagen\/#\/schema\/person\/25da02d4f76b137d04291711e2c9fc16"},"headline":"\u00c4nnu en del i Bibelguiden! Johanna Dahl skriver om Petrusbreven!","datePublished":"2013-04-18T05:25:00+00:00","mainEntityOfPage":{"@id":"https:\/\/blogg.svenskakyrkan.se\/vandravagen\/2013\/04\/18\/annu-en-del-i-bibelguiden-johanna-dahl-skriver-om-petrusbreven\/"},"wordCount":877,"commentCount":0,"publisher":{"@id":"https:\/\/blogg.svenskakyrkan.se\/vandravagen\/#organization"},"image":{"@id":"https:\/\/blogg.svenskakyrkan.se\/vandravagen\/2013\/04\/18\/annu-en-del-i-bibelguiden-johanna-dahl-skriver-om-petrusbreven\/#primaryimage"},"thumbnailUrl":"http:\/\/2.bp.blogspot.com\/-TKDW0f4GdZc\/UWsM2zbjkUI\/AAAAAAAADEk\/WXVlah_uOzo\/s320\/376418_10150954180111482_511666171_n.jpg","articleSection":["Bibeln","g\u00e4stbloggare"],"inLanguage":"sv-SE","potentialAction":[{"@type":"CommentAction","name":"Comment","target":["https:\/\/blogg.svenskakyrkan.se\/vandravagen\/2013\/04\/18\/annu-en-del-i-bibelguiden-johanna-dahl-skriver-om-petrusbreven\/#respond"]}]},{"@type":"WebPage","@id":"https:\/\/blogg.svenskakyrkan.se\/vandravagen\/2013\/04\/18\/annu-en-del-i-bibelguiden-johanna-dahl-skriver-om-petrusbreven\/","url":"https:\/\/blogg.svenskakyrkan.se\/vandravagen\/2013\/04\/18\/annu-en-del-i-bibelguiden-johanna-dahl-skriver-om-petrusbreven\/","name":"\u00c4nnu en del i Bibelguiden! Johanna Dahl skriver om Petrusbreven! - Vandra V\u00e4gen","isPartOf":{"@id":"https:\/\/blogg.svenskakyrkan.se\/vandravagen\/#website"},"primaryImageOfPage":{"@id":"https:\/\/blogg.svenskakyrkan.se\/vandravagen\/2013\/04\/18\/annu-en-del-i-bibelguiden-johanna-dahl-skriver-om-petrusbreven\/#primaryimage"},"image":{"@id":"https:\/\/blogg.svenskakyrkan.se\/vandravagen\/2013\/04\/18\/annu-en-del-i-bibelguiden-johanna-dahl-skriver-om-petrusbreven\/#primaryimage"},"thumbnailUrl":"http:\/\/2.bp.blogspot.com\/-TKDW0f4GdZc\/UWsM2zbjkUI\/AAAAAAAADEk\/WXVlah_uOzo\/s320\/376418_10150954180111482_511666171_n.jpg","datePublished":"2013-04-18T05:25:00+00:00","breadcrumb":{"@id":"https:\/\/blogg.svenskakyrkan.se\/vandravagen\/2013\/04\/18\/annu-en-del-i-bibelguiden-johanna-dahl-skriver-om-petrusbreven\/#breadcrumb"},"inLanguage":"sv-SE","potentialAction":[{"@type":"ReadAction","target":["https:\/\/blogg.svenskakyrkan.se\/vandravagen\/2013\/04\/18\/annu-en-del-i-bibelguiden-johanna-dahl-skriver-om-petrusbreven\/"]}]},{"@type":"ImageObject","inLanguage":"sv-SE","@id":"https:\/\/blogg.svenskakyrkan.se\/vandravagen\/2013\/04\/18\/annu-en-del-i-bibelguiden-johanna-dahl-skriver-om-petrusbreven\/#primaryimage","url":"http:\/\/2.bp.blogspot.com\/-TKDW0f4GdZc\/UWsM2zbjkUI\/AAAAAAAADEk\/WXVlah_uOzo\/s320\/376418_10150954180111482_511666171_n.jpg","contentUrl":"http:\/\/2.bp.blogspot.com\/-TKDW0f4GdZc\/UWsM2zbjkUI\/AAAAAAAADEk\/WXVlah_uOzo\/s320\/376418_10150954180111482_511666171_n.jpg"},{"@type":"BreadcrumbList","@id":"https:\/\/blogg.svenskakyrkan.se\/vandravagen\/2013\/04\/18\/annu-en-del-i-bibelguiden-johanna-dahl-skriver-om-petrusbreven\/#breadcrumb","itemListElement":[{"@type":"ListItem","position":1,"name":"Hem","item":"https:\/\/blogg.svenskakyrkan.se\/vandravagen\/"},{"@type":"ListItem","position":2,"name":"\u00c4nnu en del i Bibelguiden! Johanna Dahl skriver om Petrusbreven!"}]},{"@type":"WebSite","@id":"https:\/\/blogg.svenskakyrkan.se\/vandravagen\/#website","url":"https:\/\/blogg.svenskakyrkan.se\/vandravagen\/","name":"Vandra V\u00e4gen","description":"-Mot en tro f\u00f6r hela livet","publisher":{"@id":"https:\/\/blogg.svenskakyrkan.se\/vandravagen\/#organization"},"potentialAction":[{"@type":"SearchAction","target":{"@type":"EntryPoint","urlTemplate":"https:\/\/blogg.svenskakyrkan.se\/vandravagen\/?s={search_term_string}"},"query-input":{"@type":"PropertyValueSpecification","valueRequired":true,"valueName":"search_term_string"}}],"inLanguage":"sv-SE"},{"@type":"Organization","@id":"https:\/\/blogg.svenskakyrkan.se\/vandravagen\/#organization","name":"ulricehamns pastorat","alternateName":"ulricehamns pastorat","url":"https:\/\/blogg.svenskakyrkan.se\/vandravagen\/","logo":{"@type":"ImageObject","inLanguage":"sv-SE","@id":"https:\/\/blogg.svenskakyrkan.se\/vandravagen\/#\/schema\/logo\/image\/","url":"https:\/\/blogg.svenskakyrkan.se\/vandravagen\/files\/2023\/05\/Ulr_logo_RGB.png","contentUrl":"https:\/\/blogg.svenskakyrkan.se\/vandravagen\/files\/2023\/05\/Ulr_logo_RGB.png","width":205,"height":77,"caption":"ulricehamns pastorat"},"image":{"@id":"https:\/\/blogg.svenskakyrkan.se\/vandravagen\/#\/schema\/logo\/image\/"},"sameAs":["http:\/\/facebook.com\/vandravagen","https:\/\/x.com\/fadertomas","http:\/\/www.facebook.com\/svenskakyrkaniulricehamn"]},{"@type":"Person","@id":"https:\/\/blogg.svenskakyrkan.se\/vandravagen\/#\/schema\/person\/25da02d4f76b137d04291711e2c9fc16","name":"Tomas Jarvid","image":{"@type":"ImageObject","inLanguage":"sv-SE","@id":"https:\/\/blogg.svenskakyrkan.se\/vandravagen\/#\/schema\/person\/image\/","url":"https:\/\/secure.gravatar.com\/avatar\/7fa71899795e8f540f615a1f5ab25255dc27aa40f05ee7ddd21aac521e01bf50?s=96&d=identicon&r=g","contentUrl":"https:\/\/secure.gravatar.com\/avatar\/7fa71899795e8f540f615a1f5ab25255dc27aa40f05ee7ddd21aac521e01bf50?s=96&d=identicon&r=g","caption":"Tomas Jarvid"},"description":"Jag bor i Ulricehamn i V\u00e4sterg\u00f6tland och \u00e4r f\u00f6rsamlingspr\u00e4st i Svenska Kyrkan f\u00f6r Dalstorps f\u00f6rsamling i Kinds pastorat. P\u00e5 den h\u00e4r bloggen skriver jag ner tankar om vandringen som kristen.","sameAs":["http:\/\/www.vandravagen.se"],"url":"https:\/\/blogg.svenskakyrkan.se\/vandravagen\/author\/vandravagen\/"}]}},"author_meta":{"ID":"392","user_nicename":"vandravagen","user_url":"http:\/\/www.vandravagen.se","user_registered":"2014-05-19 05:44:52","display_name":"Tomas Jarvid","first_name":"Tomas","last_name":"Jarvid","avatar":"https:\/\/secure.gravatar.com\/avatar\/7fa71899795e8f540f615a1f5ab25255dc27aa40f05ee7ddd21aac521e01bf50?s=96&d=identicon&r=g"},"featured_image":false,"bloginfo":{"name":"Vandra V\u00e4gen","url":"https:\/\/blogg.svenskakyrkan.se\/vandravagen"},"_links":{"self":[{"href":"https:\/\/blogg.svenskakyrkan.se\/vandravagen\/wp-json\/wp\/v2\/posts\/610","targetHints":{"allow":["GET"]}}],"collection":[{"href":"https:\/\/blogg.svenskakyrkan.se\/vandravagen\/wp-json\/wp\/v2\/posts"}],"about":[{"href":"https:\/\/blogg.svenskakyrkan.se\/vandravagen\/wp-json\/wp\/v2\/types\/post"}],"author":[{"embeddable":true,"href":"https:\/\/blogg.svenskakyrkan.se\/vandravagen\/wp-json\/wp\/v2\/users\/392"}],"replies":[{"embeddable":true,"href":"https:\/\/blogg.svenskakyrkan.se\/vandravagen\/wp-json\/wp\/v2\/comments?post=610"}],"version-history":[{"count":0,"href":"https:\/\/blogg.svenskakyrkan.se\/vandravagen\/wp-json\/wp\/v2\/posts\/610\/revisions"}],"wp:attachment":[{"href":"https:\/\/blogg.svenskakyrkan.se\/vandravagen\/wp-json\/wp\/v2\/media?parent=610"}],"wp:term":[{"taxonomy":"category","embeddable":true,"href":"https:\/\/blogg.svenskakyrkan.se\/vandravagen\/wp-json\/wp\/v2\/categories?post=610"},{"taxonomy":"post_tag","embeddable":true,"href":"https:\/\/blogg.svenskakyrkan.se\/vandravagen\/wp-json\/wp\/v2\/tags?post=610"}],"curies":[{"name":"wp","href":"https:\/\/api.w.org\/{rel}","templated":true}]}}