{"id":613,"date":"2013-04-17T11:42:00","date_gmt":"2013-04-17T09:42:00","guid":{"rendered":"http:\/\/blogg.svenskakyrkan.se\/vandravagen\/2013\/04\/17\/ratta-svaret-pa-bildgata-xiv\/"},"modified":"2013-04-17T11:42:00","modified_gmt":"2013-04-17T09:42:00","slug":"ratta-svaret-pa-bildgata-xiv","status":"publish","type":"post","link":"https:\/\/blogg.svenskakyrkan.se\/vandravagen\/2013\/04\/17\/ratta-svaret-pa-bildgata-xiv\/","title":{"rendered":"R\u00e4tta svaret p\u00e5 bildg\u00e5ta XIV!"},"content":{"rendered":"<div>Sista bildg\u00e5tan i denna omg\u00e5ng av gissa bilden s\u00e5g ut s\u00e5h\u00e4r.\u00a0<\/div>\n<div><\/div>\n<div><\/div>\n<div><\/div>\n<div><a href=\"http:\/\/3.bp.blogspot.com\/-Qz7kH5fD9vg\/UTegoIlssjI\/AAAAAAAACrk\/DP602dLo94M\/s1600\/IMG_2860.jpg\"><img loading=\"lazy\" decoding=\"async\" border=\"0\" height=\"640\" src=\"http:\/\/3.bp.blogspot.com\/-Qz7kH5fD9vg\/UTegoIlssjI\/AAAAAAAACrk\/DP602dLo94M\/s640\/IMG_2860.jpg\" width=\"476\"><\/a><\/div>\n<div><\/div>\n<div>Den f\u00f6rest\u00e4ller den unge Jesus som blivit kvar i templet (och kommit bort fr\u00e5n Josef och Maria) vid en pilgrimsh\u00f6gtid f\u00f6r att diskutera med de skriftl\u00e4rda. Det st\u00e5r att de h\u00e4pnade \u00f6ver att han kunde s\u00e5 mycket fast han var s\u00e5 ung. Redan mycket unga barn fick b\u00f6rja l\u00e4ra sig moseb\u00f6ckerna och lagarna i dem utantill. Sedan fick man g\u00e5 vidare med att l\u00e4ra sig vad som sagts om dem av andra och hur det tolkats. Till slut hade de kommit s\u00e5 l\u00e5ngt att de kunde f\u00f6rh\u00e5lla sig sj\u00e4lvst\u00e4ndigt till texterna och st\u00e4lla fr\u00e5gor om dem. Tydligen hade Jesus mycket tidigt uppn\u00e5tt en s\u00e5dan k\u00e4nnedom om skrifterna.<\/div>\n<div><\/div>\n<div>Det \u00e4r intressant att evangelierna hela tiden framst\u00e4ller Jesus som en judisk rabbin. Det har man l\u00e4nge inte velat k\u00e4nnas vid i kristendomen men Jesus \u00e4r en som utl\u00e4gger och f\u00f6rklarar moselagen. Jesus s\u00e4ger sj\u00e4lv att han inte kommit f\u00f6r att avskaffa den utan f\u00f6r att uppfylla den och ge en fullst\u00e4ndig f\u00f6rst\u00e5else av den.<\/div>\n<div><\/div>\n<div>N\u00e4r Josef och Maria undrar hur Jesus kunnat g\u00f6ra dem s\u00e5 oroliga \u00e4r han of\u00f6rst\u00e5ende. De borde v\u00e4l letat d\u00e4r f\u00f6rst av alla platser? F\u00f6rst\u00e5r de inte att han m\u00e5ste vara i sin fars hus?<\/div>\n<p>R\u00e4tt svar har inkommit fr\u00e5n Stefan och Simon som g\u00e5r in f\u00f6r detta med liv och lust. Snyggt jobbat.<\/p>\n<p>D\u00e5 \u00e5terst\u00e5r att se n\u00e4r n\u00e4sta runda kommer och hur de bilderna ser ut. Det visar sig med tiden om du vandrar ihop med mig \u00e4ven fram\u00f6ver.<\/p>\n","protected":false},"excerpt":{"rendered":"<p>Sista bildg\u00e5tan i denna omg\u00e5ng av gissa bilden s\u00e5g ut s\u00e5h\u00e4r.\u00a0 Den f\u00f6rest\u00e4ller den unge Jesus som blivit kvar i templet (och kommit bort fr\u00e5n Josef och Maria) vid en pilgrimsh\u00f6gtid f\u00f6r att diskutera med de skriftl\u00e4rda. Det st\u00e5r att de h\u00e4pnade \u00f6ver att han kunde s\u00e5 mycket fast han var s\u00e5 ung. Redan mycket [&hellip;]<\/p>\n","protected":false},"author":392,"featured_media":0,"comment_status":"open","ping_status":"open","sticky":false,"template":"","format":"standard","meta":{"_acf_changed":false,"footnotes":""},"categories":[8298,56],"tags":[],"class_list":["post-613","post","type-post","status-publish","format-standard","hentry","category-bibeln","category-bilder"],"acf":[],"yoast_head":"<!-- This site is optimized with the Yoast SEO plugin v27.1.1 - https:\/\/yoast.com\/product\/yoast-seo-wordpress\/ -->\n<title>R\u00e4tta svaret p\u00e5 bildg\u00e5ta XIV! - Vandra V\u00e4gen<\/title>\n<meta name=\"robots\" content=\"index, follow, max-snippet:-1, max-image-preview:large, max-video-preview:-1\" \/>\n<link rel=\"canonical\" href=\"https:\/\/blogg.svenskakyrkan.se\/vandravagen\/2013\/04\/17\/ratta-svaret-pa-bildgata-xiv\/\" \/>\n<meta property=\"og:locale\" content=\"sv_SE\" \/>\n<meta property=\"og:type\" content=\"article\" \/>\n<meta property=\"og:title\" content=\"R\u00e4tta svaret p\u00e5 bildg\u00e5ta XIV! - Vandra V\u00e4gen\" \/>\n<meta property=\"og:description\" content=\"Sista bildg\u00e5tan i denna omg\u00e5ng av gissa bilden s\u00e5g ut s\u00e5h\u00e4r.\u00a0 Den f\u00f6rest\u00e4ller den unge Jesus som blivit kvar i templet (och kommit bort fr\u00e5n Josef och Maria) vid en pilgrimsh\u00f6gtid f\u00f6r att diskutera med de skriftl\u00e4rda. Det st\u00e5r att de h\u00e4pnade \u00f6ver att han kunde s\u00e5 mycket fast han var s\u00e5 ung. Redan mycket [&hellip;]\" \/>\n<meta property=\"og:url\" content=\"https:\/\/blogg.svenskakyrkan.se\/vandravagen\/2013\/04\/17\/ratta-svaret-pa-bildgata-xiv\/\" \/>\n<meta property=\"og:site_name\" content=\"Vandra V\u00e4gen\" \/>\n<meta property=\"article:publisher\" content=\"http:\/\/facebook.com\/vandravagen\" \/>\n<meta property=\"article:published_time\" content=\"2013-04-17T09:42:00+00:00\" \/>\n<meta property=\"og:image\" content=\"http:\/\/3.bp.blogspot.com\/-Qz7kH5fD9vg\/UTegoIlssjI\/AAAAAAAACrk\/DP602dLo94M\/s640\/IMG_2860.jpg\" \/>\n<meta name=\"author\" content=\"Tomas Jarvid\" \/>\n<meta name=\"twitter:card\" content=\"summary_large_image\" \/>\n<meta name=\"twitter:creator\" content=\"@fadertomas\" \/>\n<meta name=\"twitter:site\" content=\"@fadertomas\" \/>\n<meta name=\"twitter:label1\" content=\"Skriven av\" \/>\n\t<meta name=\"twitter:data1\" content=\"Tomas Jarvid\" \/>\n\t<meta name=\"twitter:label2\" content=\"Ber\u00e4knad l\u00e4stid\" \/>\n\t<meta name=\"twitter:data2\" content=\"2 minuter\" \/>\n<script type=\"application\/ld+json\" class=\"yoast-schema-graph\">{\"@context\":\"https:\/\/schema.org\",\"@graph\":[{\"@type\":\"Article\",\"@id\":\"https:\/\/blogg.svenskakyrkan.se\/vandravagen\/2013\/04\/17\/ratta-svaret-pa-bildgata-xiv\/#article\",\"isPartOf\":{\"@id\":\"https:\/\/blogg.svenskakyrkan.se\/vandravagen\/2013\/04\/17\/ratta-svaret-pa-bildgata-xiv\/\"},\"author\":{\"name\":\"Tomas Jarvid\",\"@id\":\"https:\/\/blogg.svenskakyrkan.se\/vandravagen\/#\/schema\/person\/25da02d4f76b137d04291711e2c9fc16\"},\"headline\":\"R\u00e4tta svaret p\u00e5 bildg\u00e5ta XIV!\",\"datePublished\":\"2013-04-17T09:42:00+00:00\",\"mainEntityOfPage\":{\"@id\":\"https:\/\/blogg.svenskakyrkan.se\/vandravagen\/2013\/04\/17\/ratta-svaret-pa-bildgata-xiv\/\"},\"wordCount\":318,\"commentCount\":0,\"publisher\":{\"@id\":\"https:\/\/blogg.svenskakyrkan.se\/vandravagen\/#organization\"},\"image\":{\"@id\":\"https:\/\/blogg.svenskakyrkan.se\/vandravagen\/2013\/04\/17\/ratta-svaret-pa-bildgata-xiv\/#primaryimage\"},\"thumbnailUrl\":\"http:\/\/3.bp.blogspot.com\/-Qz7kH5fD9vg\/UTegoIlssjI\/AAAAAAAACrk\/DP602dLo94M\/s640\/IMG_2860.jpg\",\"articleSection\":[\"Bibeln\",\"bilder\"],\"inLanguage\":\"sv-SE\",\"potentialAction\":[{\"@type\":\"CommentAction\",\"name\":\"Comment\",\"target\":[\"https:\/\/blogg.svenskakyrkan.se\/vandravagen\/2013\/04\/17\/ratta-svaret-pa-bildgata-xiv\/#respond\"]}]},{\"@type\":\"WebPage\",\"@id\":\"https:\/\/blogg.svenskakyrkan.se\/vandravagen\/2013\/04\/17\/ratta-svaret-pa-bildgata-xiv\/\",\"url\":\"https:\/\/blogg.svenskakyrkan.se\/vandravagen\/2013\/04\/17\/ratta-svaret-pa-bildgata-xiv\/\",\"name\":\"R\u00e4tta svaret p\u00e5 bildg\u00e5ta XIV! - Vandra V\u00e4gen\",\"isPartOf\":{\"@id\":\"https:\/\/blogg.svenskakyrkan.se\/vandravagen\/#website\"},\"primaryImageOfPage\":{\"@id\":\"https:\/\/blogg.svenskakyrkan.se\/vandravagen\/2013\/04\/17\/ratta-svaret-pa-bildgata-xiv\/#primaryimage\"},\"image\":{\"@id\":\"https:\/\/blogg.svenskakyrkan.se\/vandravagen\/2013\/04\/17\/ratta-svaret-pa-bildgata-xiv\/#primaryimage\"},\"thumbnailUrl\":\"http:\/\/3.bp.blogspot.com\/-Qz7kH5fD9vg\/UTegoIlssjI\/AAAAAAAACrk\/DP602dLo94M\/s640\/IMG_2860.jpg\",\"datePublished\":\"2013-04-17T09:42:00+00:00\",\"breadcrumb\":{\"@id\":\"https:\/\/blogg.svenskakyrkan.se\/vandravagen\/2013\/04\/17\/ratta-svaret-pa-bildgata-xiv\/#breadcrumb\"},\"inLanguage\":\"sv-SE\",\"potentialAction\":[{\"@type\":\"ReadAction\",\"target\":[\"https:\/\/blogg.svenskakyrkan.se\/vandravagen\/2013\/04\/17\/ratta-svaret-pa-bildgata-xiv\/\"]}]},{\"@type\":\"ImageObject\",\"inLanguage\":\"sv-SE\",\"@id\":\"https:\/\/blogg.svenskakyrkan.se\/vandravagen\/2013\/04\/17\/ratta-svaret-pa-bildgata-xiv\/#primaryimage\",\"url\":\"http:\/\/3.bp.blogspot.com\/-Qz7kH5fD9vg\/UTegoIlssjI\/AAAAAAAACrk\/DP602dLo94M\/s640\/IMG_2860.jpg\",\"contentUrl\":\"http:\/\/3.bp.blogspot.com\/-Qz7kH5fD9vg\/UTegoIlssjI\/AAAAAAAACrk\/DP602dLo94M\/s640\/IMG_2860.jpg\"},{\"@type\":\"BreadcrumbList\",\"@id\":\"https:\/\/blogg.svenskakyrkan.se\/vandravagen\/2013\/04\/17\/ratta-svaret-pa-bildgata-xiv\/#breadcrumb\",\"itemListElement\":[{\"@type\":\"ListItem\",\"position\":1,\"name\":\"Hem\",\"item\":\"https:\/\/blogg.svenskakyrkan.se\/vandravagen\/\"},{\"@type\":\"ListItem\",\"position\":2,\"name\":\"R\u00e4tta svaret p\u00e5 bildg\u00e5ta XIV!\"}]},{\"@type\":\"WebSite\",\"@id\":\"https:\/\/blogg.svenskakyrkan.se\/vandravagen\/#website\",\"url\":\"https:\/\/blogg.svenskakyrkan.se\/vandravagen\/\",\"name\":\"Vandra V\u00e4gen\",\"description\":\"-Mot en tro f\u00f6r hela livet\",\"publisher\":{\"@id\":\"https:\/\/blogg.svenskakyrkan.se\/vandravagen\/#organization\"},\"potentialAction\":[{\"@type\":\"SearchAction\",\"target\":{\"@type\":\"EntryPoint\",\"urlTemplate\":\"https:\/\/blogg.svenskakyrkan.se\/vandravagen\/?s={search_term_string}\"},\"query-input\":{\"@type\":\"PropertyValueSpecification\",\"valueRequired\":true,\"valueName\":\"search_term_string\"}}],\"inLanguage\":\"sv-SE\"},{\"@type\":\"Organization\",\"@id\":\"https:\/\/blogg.svenskakyrkan.se\/vandravagen\/#organization\",\"name\":\"ulricehamns pastorat\",\"alternateName\":\"ulricehamns pastorat\",\"url\":\"https:\/\/blogg.svenskakyrkan.se\/vandravagen\/\",\"logo\":{\"@type\":\"ImageObject\",\"inLanguage\":\"sv-SE\",\"@id\":\"https:\/\/blogg.svenskakyrkan.se\/vandravagen\/#\/schema\/logo\/image\/\",\"url\":\"https:\/\/blogg.svenskakyrkan.se\/vandravagen\/files\/2023\/05\/Ulr_logo_RGB.png\",\"contentUrl\":\"https:\/\/blogg.svenskakyrkan.se\/vandravagen\/files\/2023\/05\/Ulr_logo_RGB.png\",\"width\":205,\"height\":77,\"caption\":\"ulricehamns pastorat\"},\"image\":{\"@id\":\"https:\/\/blogg.svenskakyrkan.se\/vandravagen\/#\/schema\/logo\/image\/\"},\"sameAs\":[\"http:\/\/facebook.com\/vandravagen\",\"https:\/\/x.com\/fadertomas\",\"http:\/\/www.facebook.com\/svenskakyrkaniulricehamn\"]},{\"@type\":\"Person\",\"@id\":\"https:\/\/blogg.svenskakyrkan.se\/vandravagen\/#\/schema\/person\/25da02d4f76b137d04291711e2c9fc16\",\"name\":\"Tomas Jarvid\",\"image\":{\"@type\":\"ImageObject\",\"inLanguage\":\"sv-SE\",\"@id\":\"https:\/\/blogg.svenskakyrkan.se\/vandravagen\/#\/schema\/person\/image\/\",\"url\":\"https:\/\/secure.gravatar.com\/avatar\/7fa71899795e8f540f615a1f5ab25255dc27aa40f05ee7ddd21aac521e01bf50?s=96&d=identicon&r=g\",\"contentUrl\":\"https:\/\/secure.gravatar.com\/avatar\/7fa71899795e8f540f615a1f5ab25255dc27aa40f05ee7ddd21aac521e01bf50?s=96&d=identicon&r=g\",\"caption\":\"Tomas Jarvid\"},\"description\":\"Jag bor i Ulricehamn i V\u00e4sterg\u00f6tland och \u00e4r f\u00f6rsamlingspr\u00e4st i Svenska Kyrkan f\u00f6r Dalstorps f\u00f6rsamling i Kinds pastorat. P\u00e5 den h\u00e4r bloggen skriver jag ner tankar om vandringen som kristen.\",\"sameAs\":[\"http:\/\/www.vandravagen.se\"],\"url\":\"https:\/\/blogg.svenskakyrkan.se\/vandravagen\/author\/vandravagen\/\"}]}<\/script>\n<!-- \/ Yoast SEO plugin. -->","yoast_head_json":{"title":"R\u00e4tta svaret p\u00e5 bildg\u00e5ta XIV! - Vandra V\u00e4gen","robots":{"index":"index","follow":"follow","max-snippet":"max-snippet:-1","max-image-preview":"max-image-preview:large","max-video-preview":"max-video-preview:-1"},"canonical":"https:\/\/blogg.svenskakyrkan.se\/vandravagen\/2013\/04\/17\/ratta-svaret-pa-bildgata-xiv\/","og_locale":"sv_SE","og_type":"article","og_title":"R\u00e4tta svaret p\u00e5 bildg\u00e5ta XIV! - Vandra V\u00e4gen","og_description":"Sista bildg\u00e5tan i denna omg\u00e5ng av gissa bilden s\u00e5g ut s\u00e5h\u00e4r.\u00a0 Den f\u00f6rest\u00e4ller den unge Jesus som blivit kvar i templet (och kommit bort fr\u00e5n Josef och Maria) vid en pilgrimsh\u00f6gtid f\u00f6r att diskutera med de skriftl\u00e4rda. Det st\u00e5r att de h\u00e4pnade \u00f6ver att han kunde s\u00e5 mycket fast han var s\u00e5 ung. Redan mycket [&hellip;]","og_url":"https:\/\/blogg.svenskakyrkan.se\/vandravagen\/2013\/04\/17\/ratta-svaret-pa-bildgata-xiv\/","og_site_name":"Vandra V\u00e4gen","article_publisher":"http:\/\/facebook.com\/vandravagen","article_published_time":"2013-04-17T09:42:00+00:00","og_image":[{"url":"http:\/\/3.bp.blogspot.com\/-Qz7kH5fD9vg\/UTegoIlssjI\/AAAAAAAACrk\/DP602dLo94M\/s640\/IMG_2860.jpg","type":"","width":"","height":""}],"author":"Tomas Jarvid","twitter_card":"summary_large_image","twitter_creator":"@fadertomas","twitter_site":"@fadertomas","twitter_misc":{"Skriven av":"Tomas Jarvid","Ber\u00e4knad l\u00e4stid":"2 minuter"},"schema":{"@context":"https:\/\/schema.org","@graph":[{"@type":"Article","@id":"https:\/\/blogg.svenskakyrkan.se\/vandravagen\/2013\/04\/17\/ratta-svaret-pa-bildgata-xiv\/#article","isPartOf":{"@id":"https:\/\/blogg.svenskakyrkan.se\/vandravagen\/2013\/04\/17\/ratta-svaret-pa-bildgata-xiv\/"},"author":{"name":"Tomas Jarvid","@id":"https:\/\/blogg.svenskakyrkan.se\/vandravagen\/#\/schema\/person\/25da02d4f76b137d04291711e2c9fc16"},"headline":"R\u00e4tta svaret p\u00e5 bildg\u00e5ta XIV!","datePublished":"2013-04-17T09:42:00+00:00","mainEntityOfPage":{"@id":"https:\/\/blogg.svenskakyrkan.se\/vandravagen\/2013\/04\/17\/ratta-svaret-pa-bildgata-xiv\/"},"wordCount":318,"commentCount":0,"publisher":{"@id":"https:\/\/blogg.svenskakyrkan.se\/vandravagen\/#organization"},"image":{"@id":"https:\/\/blogg.svenskakyrkan.se\/vandravagen\/2013\/04\/17\/ratta-svaret-pa-bildgata-xiv\/#primaryimage"},"thumbnailUrl":"http:\/\/3.bp.blogspot.com\/-Qz7kH5fD9vg\/UTegoIlssjI\/AAAAAAAACrk\/DP602dLo94M\/s640\/IMG_2860.jpg","articleSection":["Bibeln","bilder"],"inLanguage":"sv-SE","potentialAction":[{"@type":"CommentAction","name":"Comment","target":["https:\/\/blogg.svenskakyrkan.se\/vandravagen\/2013\/04\/17\/ratta-svaret-pa-bildgata-xiv\/#respond"]}]},{"@type":"WebPage","@id":"https:\/\/blogg.svenskakyrkan.se\/vandravagen\/2013\/04\/17\/ratta-svaret-pa-bildgata-xiv\/","url":"https:\/\/blogg.svenskakyrkan.se\/vandravagen\/2013\/04\/17\/ratta-svaret-pa-bildgata-xiv\/","name":"R\u00e4tta svaret p\u00e5 bildg\u00e5ta XIV! - Vandra V\u00e4gen","isPartOf":{"@id":"https:\/\/blogg.svenskakyrkan.se\/vandravagen\/#website"},"primaryImageOfPage":{"@id":"https:\/\/blogg.svenskakyrkan.se\/vandravagen\/2013\/04\/17\/ratta-svaret-pa-bildgata-xiv\/#primaryimage"},"image":{"@id":"https:\/\/blogg.svenskakyrkan.se\/vandravagen\/2013\/04\/17\/ratta-svaret-pa-bildgata-xiv\/#primaryimage"},"thumbnailUrl":"http:\/\/3.bp.blogspot.com\/-Qz7kH5fD9vg\/UTegoIlssjI\/AAAAAAAACrk\/DP602dLo94M\/s640\/IMG_2860.jpg","datePublished":"2013-04-17T09:42:00+00:00","breadcrumb":{"@id":"https:\/\/blogg.svenskakyrkan.se\/vandravagen\/2013\/04\/17\/ratta-svaret-pa-bildgata-xiv\/#breadcrumb"},"inLanguage":"sv-SE","potentialAction":[{"@type":"ReadAction","target":["https:\/\/blogg.svenskakyrkan.se\/vandravagen\/2013\/04\/17\/ratta-svaret-pa-bildgata-xiv\/"]}]},{"@type":"ImageObject","inLanguage":"sv-SE","@id":"https:\/\/blogg.svenskakyrkan.se\/vandravagen\/2013\/04\/17\/ratta-svaret-pa-bildgata-xiv\/#primaryimage","url":"http:\/\/3.bp.blogspot.com\/-Qz7kH5fD9vg\/UTegoIlssjI\/AAAAAAAACrk\/DP602dLo94M\/s640\/IMG_2860.jpg","contentUrl":"http:\/\/3.bp.blogspot.com\/-Qz7kH5fD9vg\/UTegoIlssjI\/AAAAAAAACrk\/DP602dLo94M\/s640\/IMG_2860.jpg"},{"@type":"BreadcrumbList","@id":"https:\/\/blogg.svenskakyrkan.se\/vandravagen\/2013\/04\/17\/ratta-svaret-pa-bildgata-xiv\/#breadcrumb","itemListElement":[{"@type":"ListItem","position":1,"name":"Hem","item":"https:\/\/blogg.svenskakyrkan.se\/vandravagen\/"},{"@type":"ListItem","position":2,"name":"R\u00e4tta svaret p\u00e5 bildg\u00e5ta XIV!"}]},{"@type":"WebSite","@id":"https:\/\/blogg.svenskakyrkan.se\/vandravagen\/#website","url":"https:\/\/blogg.svenskakyrkan.se\/vandravagen\/","name":"Vandra V\u00e4gen","description":"-Mot en tro f\u00f6r hela livet","publisher":{"@id":"https:\/\/blogg.svenskakyrkan.se\/vandravagen\/#organization"},"potentialAction":[{"@type":"SearchAction","target":{"@type":"EntryPoint","urlTemplate":"https:\/\/blogg.svenskakyrkan.se\/vandravagen\/?s={search_term_string}"},"query-input":{"@type":"PropertyValueSpecification","valueRequired":true,"valueName":"search_term_string"}}],"inLanguage":"sv-SE"},{"@type":"Organization","@id":"https:\/\/blogg.svenskakyrkan.se\/vandravagen\/#organization","name":"ulricehamns pastorat","alternateName":"ulricehamns pastorat","url":"https:\/\/blogg.svenskakyrkan.se\/vandravagen\/","logo":{"@type":"ImageObject","inLanguage":"sv-SE","@id":"https:\/\/blogg.svenskakyrkan.se\/vandravagen\/#\/schema\/logo\/image\/","url":"https:\/\/blogg.svenskakyrkan.se\/vandravagen\/files\/2023\/05\/Ulr_logo_RGB.png","contentUrl":"https:\/\/blogg.svenskakyrkan.se\/vandravagen\/files\/2023\/05\/Ulr_logo_RGB.png","width":205,"height":77,"caption":"ulricehamns pastorat"},"image":{"@id":"https:\/\/blogg.svenskakyrkan.se\/vandravagen\/#\/schema\/logo\/image\/"},"sameAs":["http:\/\/facebook.com\/vandravagen","https:\/\/x.com\/fadertomas","http:\/\/www.facebook.com\/svenskakyrkaniulricehamn"]},{"@type":"Person","@id":"https:\/\/blogg.svenskakyrkan.se\/vandravagen\/#\/schema\/person\/25da02d4f76b137d04291711e2c9fc16","name":"Tomas Jarvid","image":{"@type":"ImageObject","inLanguage":"sv-SE","@id":"https:\/\/blogg.svenskakyrkan.se\/vandravagen\/#\/schema\/person\/image\/","url":"https:\/\/secure.gravatar.com\/avatar\/7fa71899795e8f540f615a1f5ab25255dc27aa40f05ee7ddd21aac521e01bf50?s=96&d=identicon&r=g","contentUrl":"https:\/\/secure.gravatar.com\/avatar\/7fa71899795e8f540f615a1f5ab25255dc27aa40f05ee7ddd21aac521e01bf50?s=96&d=identicon&r=g","caption":"Tomas Jarvid"},"description":"Jag bor i Ulricehamn i V\u00e4sterg\u00f6tland och \u00e4r f\u00f6rsamlingspr\u00e4st i Svenska Kyrkan f\u00f6r Dalstorps f\u00f6rsamling i Kinds pastorat. P\u00e5 den h\u00e4r bloggen skriver jag ner tankar om vandringen som kristen.","sameAs":["http:\/\/www.vandravagen.se"],"url":"https:\/\/blogg.svenskakyrkan.se\/vandravagen\/author\/vandravagen\/"}]}},"author_meta":{"ID":"392","user_nicename":"vandravagen","user_url":"http:\/\/www.vandravagen.se","user_registered":"2014-05-19 05:44:52","display_name":"Tomas Jarvid","first_name":"Tomas","last_name":"Jarvid","avatar":"https:\/\/secure.gravatar.com\/avatar\/7fa71899795e8f540f615a1f5ab25255dc27aa40f05ee7ddd21aac521e01bf50?s=96&d=identicon&r=g"},"featured_image":false,"bloginfo":{"name":"Vandra V\u00e4gen","url":"https:\/\/blogg.svenskakyrkan.se\/vandravagen"},"_links":{"self":[{"href":"https:\/\/blogg.svenskakyrkan.se\/vandravagen\/wp-json\/wp\/v2\/posts\/613","targetHints":{"allow":["GET"]}}],"collection":[{"href":"https:\/\/blogg.svenskakyrkan.se\/vandravagen\/wp-json\/wp\/v2\/posts"}],"about":[{"href":"https:\/\/blogg.svenskakyrkan.se\/vandravagen\/wp-json\/wp\/v2\/types\/post"}],"author":[{"embeddable":true,"href":"https:\/\/blogg.svenskakyrkan.se\/vandravagen\/wp-json\/wp\/v2\/users\/392"}],"replies":[{"embeddable":true,"href":"https:\/\/blogg.svenskakyrkan.se\/vandravagen\/wp-json\/wp\/v2\/comments?post=613"}],"version-history":[{"count":0,"href":"https:\/\/blogg.svenskakyrkan.se\/vandravagen\/wp-json\/wp\/v2\/posts\/613\/revisions"}],"wp:attachment":[{"href":"https:\/\/blogg.svenskakyrkan.se\/vandravagen\/wp-json\/wp\/v2\/media?parent=613"}],"wp:term":[{"taxonomy":"category","embeddable":true,"href":"https:\/\/blogg.svenskakyrkan.se\/vandravagen\/wp-json\/wp\/v2\/categories?post=613"},{"taxonomy":"post_tag","embeddable":true,"href":"https:\/\/blogg.svenskakyrkan.se\/vandravagen\/wp-json\/wp\/v2\/tags?post=613"}],"curies":[{"name":"wp","href":"https:\/\/api.w.org\/{rel}","templated":true}]}}