{"id":614,"date":"2013-04-17T08:30:00","date_gmt":"2013-04-17T06:30:00","guid":{"rendered":"http:\/\/blogg.svenskakyrkan.se\/vandravagen\/2013\/04\/17\/pa-studiebesok-i-arlabingen\/"},"modified":"2013-04-17T08:30:00","modified_gmt":"2013-04-17T06:30:00","slug":"pa-studiebesok-i-arlabingen","status":"publish","type":"post","link":"https:\/\/blogg.svenskakyrkan.se\/vandravagen\/2013\/04\/17\/pa-studiebesok-i-arlabingen\/","title":{"rendered":"P\u00e5 studiebes\u00f6k i Arlabingen!"},"content":{"rendered":"<div>Tillsammans med en liten delegation av anst\u00e4llda i G\u00f6tene f\u00f6rsamling var jag i f\u00f6rra veckan p\u00e5 studiebes\u00f6k hos en av kommunens verkligt stora arbetsgivare (520 anst\u00e4llda tror jag det var), n\u00e4mligen Arla.<\/div>\n<div><\/div>\n<div><a href=\"http:\/\/4.bp.blogspot.com\/-wwhpVI_c7CQ\/UWz-Hu7mYyI\/AAAAAAAADJY\/26COKfqXR8g\/s1600\/arlaentre.jpg\"><img loading=\"lazy\" decoding=\"async\" border=\"0\" height=\"298\" src=\"http:\/\/4.bp.blogspot.com\/-wwhpVI_c7CQ\/UWz-Hu7mYyI\/AAAAAAAADJY\/26COKfqXR8g\/s400\/arlaentre.jpg\" width=\"400\"><\/a><\/div>\n<div><\/div>\n<div>Det f\u00f6rsta som m\u00f6tte oss var faktiskt en dator. Ordning och reda p\u00e5 bes\u00f6karna har de. Sedan blev det desto mer personligt. V\u00e5ra guider gjorde en str\u00e5lande insats och tog hand om oss v\u00e4l! Tack f\u00f6r det!<\/div>\n<div><\/div>\n<div><\/div>\n<div><\/div>\n<div><a href=\"http:\/\/4.bp.blogspot.com\/-76oHpZob4aA\/UWz99MFxX3I\/AAAAAAAADI4\/-FGoZqAEXZA\/s1600\/IMG_3119.JPG\"><img loading=\"lazy\" decoding=\"async\" border=\"0\" height=\"298\" src=\"http:\/\/4.bp.blogspot.com\/-76oHpZob4aA\/UWz99MFxX3I\/AAAAAAAADI4\/-FGoZqAEXZA\/s400\/IMG_3119.JPG\" width=\"400\"><\/a><\/div>\n<div><\/div>\n<div>Skyddskl\u00e4der fick det bli men&#8230;<\/div>\n<\/p>\n<div><\/div>\n<div><\/div>\n<div><a href=\"http:\/\/3.bp.blogspot.com\/-V9TtJ27CUrk\/UWz9-Kef2gI\/AAAAAAAADI8\/Frz2bzoAa0Q\/s1600\/IMG_3118.JPG\"><img loading=\"lazy\" decoding=\"async\" border=\"0\" height=\"239\" src=\"http:\/\/3.bp.blogspot.com\/-V9TtJ27CUrk\/UWz9-Kef2gI\/AAAAAAAADI8\/Frz2bzoAa0Q\/s320\/IMG_3118.JPG\" width=\"320\"><\/a><\/div>\n<div><\/div>\n<div>&#8230;sk\u00e4ggskydd slapp jag faktiskt. Inte f\u00f6r att sk\u00e4gget bed\u00f6mdes v\u00e4lansat och rent utan f\u00f6r att vi var p\u00e5 andra st\u00e4llen.<\/div>\n<div><\/div>\n<div>V\u00e4l d\u00e4r inne fick vi en grundlig genomg\u00e5ng av sm\u00f6rframst\u00e4llning, ostframst\u00e4llning och hur f\u00f6retaget \u00e4r uppbyggt. Det uppskattade vi alla mycket.<\/div>\n<div><\/div>\n<div>Man har ju h\u00f6rt om att sankta Helenas k\u00e4lla finns inne p\u00e5 omr\u00e5det och mycket riktigt! Precis mitt i alltihop, bland de h\u00f6ga husen finns den!<\/div>\n<div><\/div>\n<div><a href=\"http:\/\/3.bp.blogspot.com\/-dblPftNHnIw\/UWz-IVCWeVI\/AAAAAAAADJg\/I538u_7tigA\/s1600\/ka%CC%88llanpa%CC%8Aarla.jpg\"><img loading=\"lazy\" decoding=\"async\" border=\"0\" height=\"356\" src=\"http:\/\/3.bp.blogspot.com\/-dblPftNHnIw\/UWz-IVCWeVI\/AAAAAAAADJg\/I538u_7tigA\/s400\/ka%CC%88llanpa%CC%8Aarla.jpg\" width=\"400\"><\/a><\/div>\n<div><\/div>\n<div><\/div>\n<div>Och s\u00e5h\u00e4r ser den ut p\u00e5 n\u00e4rmare h\u00e5ll.<\/div>\n<\/p>\n<div><a href=\"http:\/\/4.bp.blogspot.com\/-dKCGHKw1wtM\/UWz-Huvc6wI\/AAAAAAAADJU\/I56yN7q5Srs\/s1600\/IMG_3121.JPG\"><img loading=\"lazy\" decoding=\"async\" border=\"0\" height=\"298\" src=\"http:\/\/4.bp.blogspot.com\/-dKCGHKw1wtM\/UWz-Huvc6wI\/AAAAAAAADJU\/I56yN7q5Srs\/s400\/IMG_3121.JPG\" width=\"400\"><\/a><\/div>\n<div><\/div>\n<div><\/div>\n<div><\/div>\n<div>P\u00e5 h\u00e5ll ger Arla i G\u00f6tene intryck av att likna Joakim von Ankas pengabinge (tycker jag), d\u00f6m sj\u00e4lv av den h\u00e4r m\u00e4ktiga bilden \u00f6ver h\u00f6glagret.<\/div>\n<\/p>\n<div><a href=\"http:\/\/1.bp.blogspot.com\/-FHYJMTySXhc\/UWz-G6XBl_I\/AAAAAAAADJM\/HfxtYUtuz8k\/s1600\/IMG_3124.JPG\"><img loading=\"lazy\" decoding=\"async\" border=\"0\" height=\"298\" src=\"http:\/\/1.bp.blogspot.com\/-FHYJMTySXhc\/UWz-G6XBl_I\/AAAAAAAADJM\/HfxtYUtuz8k\/s400\/IMG_3124.JPG\" width=\"400\"><\/a><\/div>\n<div><\/div>\n<div><\/div>\n<div>Och det var faktiskt ocks\u00e5 s\u00e5 att i denna gigantiska ostbinge fanns en motsvarighet till Joakims turkrona under en glaskupa!<\/div>\n<\/p>\n<div><\/div>\n<\/p>\n<div><a href=\"http:\/\/4.bp.blogspot.com\/-d4VNNEIyEw4\/UWz-GtIFjmI\/AAAAAAAADJI\/WITDCVwXuGc\/s1600\/IMG_3128.jpg\"><img loading=\"lazy\" decoding=\"async\" border=\"0\" height=\"400\" src=\"http:\/\/4.bp.blogspot.com\/-d4VNNEIyEw4\/UWz-GtIFjmI\/AAAAAAAADJI\/WITDCVwXuGc\/s400\/IMG_3128.jpg\" width=\"298\"><\/a><\/div>\n<div><\/div>\n<div>Sveriges \u00e4ldsta ost! Fr\u00e5n 1931!<\/div>\n<div><\/div>\n<div>Tack \u00e4n en g\u00e5ng till Arla f\u00f6r rundturen, det \u00e4r fint att veta mer om vad som p\u00e5g\u00e5r d\u00e4r innanf\u00f6r st\u00e4ngslen!<\/div><\/p>\n","protected":false},"excerpt":{"rendered":"<p>Tillsammans med en liten delegation av anst\u00e4llda i G\u00f6tene f\u00f6rsamling var jag i f\u00f6rra veckan p\u00e5 studiebes\u00f6k hos en av kommunens verkligt stora arbetsgivare (520 anst\u00e4llda tror jag det var), n\u00e4mligen Arla. Det f\u00f6rsta som m\u00f6tte oss var faktiskt en dator. Ordning och reda p\u00e5 bes\u00f6karna har de. Sedan blev det desto mer personligt. V\u00e5ra [&hellip;]<\/p>\n","protected":false},"author":392,"featured_media":0,"comment_status":"open","ping_status":"open","sticky":false,"template":"","format":"standard","meta":{"_acf_changed":false,"footnotes":""},"categories":[56,76766],"tags":[],"class_list":["post-614","post","type-post","status-publish","format-standard","hentry","category-bilder","category-blandat"],"acf":[],"yoast_head":"<!-- This site is optimized with the Yoast SEO plugin v27.1.1 - https:\/\/yoast.com\/product\/yoast-seo-wordpress\/ -->\n<title>P\u00e5 studiebes\u00f6k i Arlabingen! - Vandra V\u00e4gen<\/title>\n<meta name=\"robots\" content=\"index, follow, max-snippet:-1, max-image-preview:large, max-video-preview:-1\" \/>\n<link rel=\"canonical\" href=\"https:\/\/blogg.svenskakyrkan.se\/vandravagen\/2013\/04\/17\/pa-studiebesok-i-arlabingen\/\" \/>\n<meta property=\"og:locale\" content=\"sv_SE\" \/>\n<meta property=\"og:type\" content=\"article\" \/>\n<meta property=\"og:title\" content=\"P\u00e5 studiebes\u00f6k i Arlabingen! - Vandra V\u00e4gen\" \/>\n<meta property=\"og:description\" content=\"Tillsammans med en liten delegation av anst\u00e4llda i G\u00f6tene f\u00f6rsamling var jag i f\u00f6rra veckan p\u00e5 studiebes\u00f6k hos en av kommunens verkligt stora arbetsgivare (520 anst\u00e4llda tror jag det var), n\u00e4mligen Arla. Det f\u00f6rsta som m\u00f6tte oss var faktiskt en dator. Ordning och reda p\u00e5 bes\u00f6karna har de. Sedan blev det desto mer personligt. V\u00e5ra [&hellip;]\" \/>\n<meta property=\"og:url\" content=\"https:\/\/blogg.svenskakyrkan.se\/vandravagen\/2013\/04\/17\/pa-studiebesok-i-arlabingen\/\" \/>\n<meta property=\"og:site_name\" content=\"Vandra V\u00e4gen\" \/>\n<meta property=\"article:publisher\" content=\"http:\/\/facebook.com\/vandravagen\" \/>\n<meta property=\"article:published_time\" content=\"2013-04-17T06:30:00+00:00\" \/>\n<meta property=\"og:image\" content=\"http:\/\/4.bp.blogspot.com\/-wwhpVI_c7CQ\/UWz-Hu7mYyI\/AAAAAAAADJY\/26COKfqXR8g\/s400\/arlaentre.jpg\" \/>\n<meta name=\"author\" content=\"Tomas Jarvid\" \/>\n<meta name=\"twitter:card\" content=\"summary_large_image\" \/>\n<meta name=\"twitter:creator\" content=\"@fadertomas\" \/>\n<meta name=\"twitter:site\" content=\"@fadertomas\" \/>\n<meta name=\"twitter:label1\" content=\"Skriven av\" \/>\n\t<meta name=\"twitter:data1\" content=\"Tomas Jarvid\" \/>\n\t<meta name=\"twitter:label2\" content=\"Ber\u00e4knad l\u00e4stid\" \/>\n\t<meta name=\"twitter:data2\" content=\"1 minut\" \/>\n<script type=\"application\/ld+json\" class=\"yoast-schema-graph\">{\"@context\":\"https:\/\/schema.org\",\"@graph\":[{\"@type\":\"Article\",\"@id\":\"https:\/\/blogg.svenskakyrkan.se\/vandravagen\/2013\/04\/17\/pa-studiebesok-i-arlabingen\/#article\",\"isPartOf\":{\"@id\":\"https:\/\/blogg.svenskakyrkan.se\/vandravagen\/2013\/04\/17\/pa-studiebesok-i-arlabingen\/\"},\"author\":{\"name\":\"Tomas Jarvid\",\"@id\":\"https:\/\/blogg.svenskakyrkan.se\/vandravagen\/#\/schema\/person\/25da02d4f76b137d04291711e2c9fc16\"},\"headline\":\"P\u00e5 studiebes\u00f6k i Arlabingen!\",\"datePublished\":\"2013-04-17T06:30:00+00:00\",\"mainEntityOfPage\":{\"@id\":\"https:\/\/blogg.svenskakyrkan.se\/vandravagen\/2013\/04\/17\/pa-studiebesok-i-arlabingen\/\"},\"wordCount\":275,\"commentCount\":2,\"publisher\":{\"@id\":\"https:\/\/blogg.svenskakyrkan.se\/vandravagen\/#organization\"},\"image\":{\"@id\":\"https:\/\/blogg.svenskakyrkan.se\/vandravagen\/2013\/04\/17\/pa-studiebesok-i-arlabingen\/#primaryimage\"},\"thumbnailUrl\":\"http:\/\/4.bp.blogspot.com\/-wwhpVI_c7CQ\/UWz-Hu7mYyI\/AAAAAAAADJY\/26COKfqXR8g\/s400\/arlaentre.jpg\",\"articleSection\":[\"bilder\",\"blandat\"],\"inLanguage\":\"sv-SE\",\"potentialAction\":[{\"@type\":\"CommentAction\",\"name\":\"Comment\",\"target\":[\"https:\/\/blogg.svenskakyrkan.se\/vandravagen\/2013\/04\/17\/pa-studiebesok-i-arlabingen\/#respond\"]}]},{\"@type\":\"WebPage\",\"@id\":\"https:\/\/blogg.svenskakyrkan.se\/vandravagen\/2013\/04\/17\/pa-studiebesok-i-arlabingen\/\",\"url\":\"https:\/\/blogg.svenskakyrkan.se\/vandravagen\/2013\/04\/17\/pa-studiebesok-i-arlabingen\/\",\"name\":\"P\u00e5 studiebes\u00f6k i Arlabingen! - Vandra V\u00e4gen\",\"isPartOf\":{\"@id\":\"https:\/\/blogg.svenskakyrkan.se\/vandravagen\/#website\"},\"primaryImageOfPage\":{\"@id\":\"https:\/\/blogg.svenskakyrkan.se\/vandravagen\/2013\/04\/17\/pa-studiebesok-i-arlabingen\/#primaryimage\"},\"image\":{\"@id\":\"https:\/\/blogg.svenskakyrkan.se\/vandravagen\/2013\/04\/17\/pa-studiebesok-i-arlabingen\/#primaryimage\"},\"thumbnailUrl\":\"http:\/\/4.bp.blogspot.com\/-wwhpVI_c7CQ\/UWz-Hu7mYyI\/AAAAAAAADJY\/26COKfqXR8g\/s400\/arlaentre.jpg\",\"datePublished\":\"2013-04-17T06:30:00+00:00\",\"breadcrumb\":{\"@id\":\"https:\/\/blogg.svenskakyrkan.se\/vandravagen\/2013\/04\/17\/pa-studiebesok-i-arlabingen\/#breadcrumb\"},\"inLanguage\":\"sv-SE\",\"potentialAction\":[{\"@type\":\"ReadAction\",\"target\":[\"https:\/\/blogg.svenskakyrkan.se\/vandravagen\/2013\/04\/17\/pa-studiebesok-i-arlabingen\/\"]}]},{\"@type\":\"ImageObject\",\"inLanguage\":\"sv-SE\",\"@id\":\"https:\/\/blogg.svenskakyrkan.se\/vandravagen\/2013\/04\/17\/pa-studiebesok-i-arlabingen\/#primaryimage\",\"url\":\"http:\/\/4.bp.blogspot.com\/-wwhpVI_c7CQ\/UWz-Hu7mYyI\/AAAAAAAADJY\/26COKfqXR8g\/s400\/arlaentre.jpg\",\"contentUrl\":\"http:\/\/4.bp.blogspot.com\/-wwhpVI_c7CQ\/UWz-Hu7mYyI\/AAAAAAAADJY\/26COKfqXR8g\/s400\/arlaentre.jpg\"},{\"@type\":\"BreadcrumbList\",\"@id\":\"https:\/\/blogg.svenskakyrkan.se\/vandravagen\/2013\/04\/17\/pa-studiebesok-i-arlabingen\/#breadcrumb\",\"itemListElement\":[{\"@type\":\"ListItem\",\"position\":1,\"name\":\"Hem\",\"item\":\"https:\/\/blogg.svenskakyrkan.se\/vandravagen\/\"},{\"@type\":\"ListItem\",\"position\":2,\"name\":\"P\u00e5 studiebes\u00f6k i Arlabingen!\"}]},{\"@type\":\"WebSite\",\"@id\":\"https:\/\/blogg.svenskakyrkan.se\/vandravagen\/#website\",\"url\":\"https:\/\/blogg.svenskakyrkan.se\/vandravagen\/\",\"name\":\"Vandra V\u00e4gen\",\"description\":\"-Mot en tro f\u00f6r hela livet\",\"publisher\":{\"@id\":\"https:\/\/blogg.svenskakyrkan.se\/vandravagen\/#organization\"},\"potentialAction\":[{\"@type\":\"SearchAction\",\"target\":{\"@type\":\"EntryPoint\",\"urlTemplate\":\"https:\/\/blogg.svenskakyrkan.se\/vandravagen\/?s={search_term_string}\"},\"query-input\":{\"@type\":\"PropertyValueSpecification\",\"valueRequired\":true,\"valueName\":\"search_term_string\"}}],\"inLanguage\":\"sv-SE\"},{\"@type\":\"Organization\",\"@id\":\"https:\/\/blogg.svenskakyrkan.se\/vandravagen\/#organization\",\"name\":\"ulricehamns pastorat\",\"alternateName\":\"ulricehamns pastorat\",\"url\":\"https:\/\/blogg.svenskakyrkan.se\/vandravagen\/\",\"logo\":{\"@type\":\"ImageObject\",\"inLanguage\":\"sv-SE\",\"@id\":\"https:\/\/blogg.svenskakyrkan.se\/vandravagen\/#\/schema\/logo\/image\/\",\"url\":\"https:\/\/blogg.svenskakyrkan.se\/vandravagen\/files\/2023\/05\/Ulr_logo_RGB.png\",\"contentUrl\":\"https:\/\/blogg.svenskakyrkan.se\/vandravagen\/files\/2023\/05\/Ulr_logo_RGB.png\",\"width\":205,\"height\":77,\"caption\":\"ulricehamns pastorat\"},\"image\":{\"@id\":\"https:\/\/blogg.svenskakyrkan.se\/vandravagen\/#\/schema\/logo\/image\/\"},\"sameAs\":[\"http:\/\/facebook.com\/vandravagen\",\"https:\/\/x.com\/fadertomas\",\"http:\/\/www.facebook.com\/svenskakyrkaniulricehamn\"]},{\"@type\":\"Person\",\"@id\":\"https:\/\/blogg.svenskakyrkan.se\/vandravagen\/#\/schema\/person\/25da02d4f76b137d04291711e2c9fc16\",\"name\":\"Tomas Jarvid\",\"image\":{\"@type\":\"ImageObject\",\"inLanguage\":\"sv-SE\",\"@id\":\"https:\/\/blogg.svenskakyrkan.se\/vandravagen\/#\/schema\/person\/image\/\",\"url\":\"https:\/\/secure.gravatar.com\/avatar\/7fa71899795e8f540f615a1f5ab25255dc27aa40f05ee7ddd21aac521e01bf50?s=96&d=identicon&r=g\",\"contentUrl\":\"https:\/\/secure.gravatar.com\/avatar\/7fa71899795e8f540f615a1f5ab25255dc27aa40f05ee7ddd21aac521e01bf50?s=96&d=identicon&r=g\",\"caption\":\"Tomas Jarvid\"},\"description\":\"Jag bor i Ulricehamn i V\u00e4sterg\u00f6tland och \u00e4r f\u00f6rsamlingspr\u00e4st i Svenska Kyrkan f\u00f6r Dalstorps f\u00f6rsamling i Kinds pastorat. P\u00e5 den h\u00e4r bloggen skriver jag ner tankar om vandringen som kristen.\",\"sameAs\":[\"http:\/\/www.vandravagen.se\"],\"url\":\"https:\/\/blogg.svenskakyrkan.se\/vandravagen\/author\/vandravagen\/\"}]}<\/script>\n<!-- \/ Yoast SEO plugin. -->","yoast_head_json":{"title":"P\u00e5 studiebes\u00f6k i Arlabingen! - Vandra V\u00e4gen","robots":{"index":"index","follow":"follow","max-snippet":"max-snippet:-1","max-image-preview":"max-image-preview:large","max-video-preview":"max-video-preview:-1"},"canonical":"https:\/\/blogg.svenskakyrkan.se\/vandravagen\/2013\/04\/17\/pa-studiebesok-i-arlabingen\/","og_locale":"sv_SE","og_type":"article","og_title":"P\u00e5 studiebes\u00f6k i Arlabingen! - Vandra V\u00e4gen","og_description":"Tillsammans med en liten delegation av anst\u00e4llda i G\u00f6tene f\u00f6rsamling var jag i f\u00f6rra veckan p\u00e5 studiebes\u00f6k hos en av kommunens verkligt stora arbetsgivare (520 anst\u00e4llda tror jag det var), n\u00e4mligen Arla. Det f\u00f6rsta som m\u00f6tte oss var faktiskt en dator. Ordning och reda p\u00e5 bes\u00f6karna har de. Sedan blev det desto mer personligt. V\u00e5ra [&hellip;]","og_url":"https:\/\/blogg.svenskakyrkan.se\/vandravagen\/2013\/04\/17\/pa-studiebesok-i-arlabingen\/","og_site_name":"Vandra V\u00e4gen","article_publisher":"http:\/\/facebook.com\/vandravagen","article_published_time":"2013-04-17T06:30:00+00:00","og_image":[{"url":"http:\/\/4.bp.blogspot.com\/-wwhpVI_c7CQ\/UWz-Hu7mYyI\/AAAAAAAADJY\/26COKfqXR8g\/s400\/arlaentre.jpg","type":"","width":"","height":""}],"author":"Tomas Jarvid","twitter_card":"summary_large_image","twitter_creator":"@fadertomas","twitter_site":"@fadertomas","twitter_misc":{"Skriven av":"Tomas Jarvid","Ber\u00e4knad l\u00e4stid":"1 minut"},"schema":{"@context":"https:\/\/schema.org","@graph":[{"@type":"Article","@id":"https:\/\/blogg.svenskakyrkan.se\/vandravagen\/2013\/04\/17\/pa-studiebesok-i-arlabingen\/#article","isPartOf":{"@id":"https:\/\/blogg.svenskakyrkan.se\/vandravagen\/2013\/04\/17\/pa-studiebesok-i-arlabingen\/"},"author":{"name":"Tomas Jarvid","@id":"https:\/\/blogg.svenskakyrkan.se\/vandravagen\/#\/schema\/person\/25da02d4f76b137d04291711e2c9fc16"},"headline":"P\u00e5 studiebes\u00f6k i Arlabingen!","datePublished":"2013-04-17T06:30:00+00:00","mainEntityOfPage":{"@id":"https:\/\/blogg.svenskakyrkan.se\/vandravagen\/2013\/04\/17\/pa-studiebesok-i-arlabingen\/"},"wordCount":275,"commentCount":2,"publisher":{"@id":"https:\/\/blogg.svenskakyrkan.se\/vandravagen\/#organization"},"image":{"@id":"https:\/\/blogg.svenskakyrkan.se\/vandravagen\/2013\/04\/17\/pa-studiebesok-i-arlabingen\/#primaryimage"},"thumbnailUrl":"http:\/\/4.bp.blogspot.com\/-wwhpVI_c7CQ\/UWz-Hu7mYyI\/AAAAAAAADJY\/26COKfqXR8g\/s400\/arlaentre.jpg","articleSection":["bilder","blandat"],"inLanguage":"sv-SE","potentialAction":[{"@type":"CommentAction","name":"Comment","target":["https:\/\/blogg.svenskakyrkan.se\/vandravagen\/2013\/04\/17\/pa-studiebesok-i-arlabingen\/#respond"]}]},{"@type":"WebPage","@id":"https:\/\/blogg.svenskakyrkan.se\/vandravagen\/2013\/04\/17\/pa-studiebesok-i-arlabingen\/","url":"https:\/\/blogg.svenskakyrkan.se\/vandravagen\/2013\/04\/17\/pa-studiebesok-i-arlabingen\/","name":"P\u00e5 studiebes\u00f6k i Arlabingen! - Vandra V\u00e4gen","isPartOf":{"@id":"https:\/\/blogg.svenskakyrkan.se\/vandravagen\/#website"},"primaryImageOfPage":{"@id":"https:\/\/blogg.svenskakyrkan.se\/vandravagen\/2013\/04\/17\/pa-studiebesok-i-arlabingen\/#primaryimage"},"image":{"@id":"https:\/\/blogg.svenskakyrkan.se\/vandravagen\/2013\/04\/17\/pa-studiebesok-i-arlabingen\/#primaryimage"},"thumbnailUrl":"http:\/\/4.bp.blogspot.com\/-wwhpVI_c7CQ\/UWz-Hu7mYyI\/AAAAAAAADJY\/26COKfqXR8g\/s400\/arlaentre.jpg","datePublished":"2013-04-17T06:30:00+00:00","breadcrumb":{"@id":"https:\/\/blogg.svenskakyrkan.se\/vandravagen\/2013\/04\/17\/pa-studiebesok-i-arlabingen\/#breadcrumb"},"inLanguage":"sv-SE","potentialAction":[{"@type":"ReadAction","target":["https:\/\/blogg.svenskakyrkan.se\/vandravagen\/2013\/04\/17\/pa-studiebesok-i-arlabingen\/"]}]},{"@type":"ImageObject","inLanguage":"sv-SE","@id":"https:\/\/blogg.svenskakyrkan.se\/vandravagen\/2013\/04\/17\/pa-studiebesok-i-arlabingen\/#primaryimage","url":"http:\/\/4.bp.blogspot.com\/-wwhpVI_c7CQ\/UWz-Hu7mYyI\/AAAAAAAADJY\/26COKfqXR8g\/s400\/arlaentre.jpg","contentUrl":"http:\/\/4.bp.blogspot.com\/-wwhpVI_c7CQ\/UWz-Hu7mYyI\/AAAAAAAADJY\/26COKfqXR8g\/s400\/arlaentre.jpg"},{"@type":"BreadcrumbList","@id":"https:\/\/blogg.svenskakyrkan.se\/vandravagen\/2013\/04\/17\/pa-studiebesok-i-arlabingen\/#breadcrumb","itemListElement":[{"@type":"ListItem","position":1,"name":"Hem","item":"https:\/\/blogg.svenskakyrkan.se\/vandravagen\/"},{"@type":"ListItem","position":2,"name":"P\u00e5 studiebes\u00f6k i Arlabingen!"}]},{"@type":"WebSite","@id":"https:\/\/blogg.svenskakyrkan.se\/vandravagen\/#website","url":"https:\/\/blogg.svenskakyrkan.se\/vandravagen\/","name":"Vandra V\u00e4gen","description":"-Mot en tro f\u00f6r hela livet","publisher":{"@id":"https:\/\/blogg.svenskakyrkan.se\/vandravagen\/#organization"},"potentialAction":[{"@type":"SearchAction","target":{"@type":"EntryPoint","urlTemplate":"https:\/\/blogg.svenskakyrkan.se\/vandravagen\/?s={search_term_string}"},"query-input":{"@type":"PropertyValueSpecification","valueRequired":true,"valueName":"search_term_string"}}],"inLanguage":"sv-SE"},{"@type":"Organization","@id":"https:\/\/blogg.svenskakyrkan.se\/vandravagen\/#organization","name":"ulricehamns pastorat","alternateName":"ulricehamns pastorat","url":"https:\/\/blogg.svenskakyrkan.se\/vandravagen\/","logo":{"@type":"ImageObject","inLanguage":"sv-SE","@id":"https:\/\/blogg.svenskakyrkan.se\/vandravagen\/#\/schema\/logo\/image\/","url":"https:\/\/blogg.svenskakyrkan.se\/vandravagen\/files\/2023\/05\/Ulr_logo_RGB.png","contentUrl":"https:\/\/blogg.svenskakyrkan.se\/vandravagen\/files\/2023\/05\/Ulr_logo_RGB.png","width":205,"height":77,"caption":"ulricehamns pastorat"},"image":{"@id":"https:\/\/blogg.svenskakyrkan.se\/vandravagen\/#\/schema\/logo\/image\/"},"sameAs":["http:\/\/facebook.com\/vandravagen","https:\/\/x.com\/fadertomas","http:\/\/www.facebook.com\/svenskakyrkaniulricehamn"]},{"@type":"Person","@id":"https:\/\/blogg.svenskakyrkan.se\/vandravagen\/#\/schema\/person\/25da02d4f76b137d04291711e2c9fc16","name":"Tomas Jarvid","image":{"@type":"ImageObject","inLanguage":"sv-SE","@id":"https:\/\/blogg.svenskakyrkan.se\/vandravagen\/#\/schema\/person\/image\/","url":"https:\/\/secure.gravatar.com\/avatar\/7fa71899795e8f540f615a1f5ab25255dc27aa40f05ee7ddd21aac521e01bf50?s=96&d=identicon&r=g","contentUrl":"https:\/\/secure.gravatar.com\/avatar\/7fa71899795e8f540f615a1f5ab25255dc27aa40f05ee7ddd21aac521e01bf50?s=96&d=identicon&r=g","caption":"Tomas Jarvid"},"description":"Jag bor i Ulricehamn i V\u00e4sterg\u00f6tland och \u00e4r f\u00f6rsamlingspr\u00e4st i Svenska Kyrkan f\u00f6r Dalstorps f\u00f6rsamling i Kinds pastorat. P\u00e5 den h\u00e4r bloggen skriver jag ner tankar om vandringen som kristen.","sameAs":["http:\/\/www.vandravagen.se"],"url":"https:\/\/blogg.svenskakyrkan.se\/vandravagen\/author\/vandravagen\/"}]}},"author_meta":{"ID":"392","user_nicename":"vandravagen","user_url":"http:\/\/www.vandravagen.se","user_registered":"2014-05-19 05:44:52","display_name":"Tomas Jarvid","first_name":"Tomas","last_name":"Jarvid","avatar":"https:\/\/secure.gravatar.com\/avatar\/7fa71899795e8f540f615a1f5ab25255dc27aa40f05ee7ddd21aac521e01bf50?s=96&d=identicon&r=g"},"featured_image":false,"bloginfo":{"name":"Vandra V\u00e4gen","url":"https:\/\/blogg.svenskakyrkan.se\/vandravagen"},"_links":{"self":[{"href":"https:\/\/blogg.svenskakyrkan.se\/vandravagen\/wp-json\/wp\/v2\/posts\/614","targetHints":{"allow":["GET"]}}],"collection":[{"href":"https:\/\/blogg.svenskakyrkan.se\/vandravagen\/wp-json\/wp\/v2\/posts"}],"about":[{"href":"https:\/\/blogg.svenskakyrkan.se\/vandravagen\/wp-json\/wp\/v2\/types\/post"}],"author":[{"embeddable":true,"href":"https:\/\/blogg.svenskakyrkan.se\/vandravagen\/wp-json\/wp\/v2\/users\/392"}],"replies":[{"embeddable":true,"href":"https:\/\/blogg.svenskakyrkan.se\/vandravagen\/wp-json\/wp\/v2\/comments?post=614"}],"version-history":[{"count":0,"href":"https:\/\/blogg.svenskakyrkan.se\/vandravagen\/wp-json\/wp\/v2\/posts\/614\/revisions"}],"wp:attachment":[{"href":"https:\/\/blogg.svenskakyrkan.se\/vandravagen\/wp-json\/wp\/v2\/media?parent=614"}],"wp:term":[{"taxonomy":"category","embeddable":true,"href":"https:\/\/blogg.svenskakyrkan.se\/vandravagen\/wp-json\/wp\/v2\/categories?post=614"},{"taxonomy":"post_tag","embeddable":true,"href":"https:\/\/blogg.svenskakyrkan.se\/vandravagen\/wp-json\/wp\/v2\/tags?post=614"}],"curies":[{"name":"wp","href":"https:\/\/api.w.org\/{rel}","templated":true}]}}