{"id":6156,"date":"2018-01-26T16:48:08","date_gmt":"2018-01-26T15:48:08","guid":{"rendered":"http:\/\/blogg.svenskakyrkan.se\/vandravagen\/?p=6156"},"modified":"2018-01-26T16:48:08","modified_gmt":"2018-01-26T15:48:08","slug":"vandra-vagen-6-ar-idag","status":"publish","type":"post","link":"https:\/\/blogg.svenskakyrkan.se\/vandravagen\/2018\/01\/26\/vandra-vagen-6-ar-idag\/","title":{"rendered":"Vandra V\u00e4gen 6 \u00e5r idag!"},"content":{"rendered":"<p>Med denna smakfulla t\u00e5rta med (mer eller mindre) sex ljus som jag f\u00e5tt ritat s\u00e4rskilt till detta tillf\u00e4lle av familjens fem\u00e5ring s\u00e5 f\u00e5r vi nu stanna upp f\u00f6r att uppm\u00e4rksamma och gratulera \u00e5rsdagen av denna bloggs f\u00f6delse samt gl\u00e4dja oss \u00f6ver dess existens!<\/p>\n<p>Det \u00e4r sedan gammalt att jag brukar uppm\u00e4rksamma bloggens \u00e5rsdagar p\u00e5 ett eller annat s\u00e4tt. Det \u00e4r om inte annat en bra v\u00e4gstolpe f\u00f6r mig sj\u00e4lv.<\/p>\n<p>Jag har tittat lite i statistiken och det visar sig att bloggtakten f\u00f6r det g\u00e5ngna \u00e5ret \u00e4nd\u00e5 varit r\u00e4tt h\u00f6g. 160 bloggposter \u00e4r ju \u00e4nd\u00e5 n\u00e4stan tre i veckan i snitt! Det var ocks\u00e5 med f\u00f6rv\u00e5ning som jag s\u00e5g att det h\u00e4r blir bloggpost nummer 1995 p\u00e5 bloggen, det \u00e4r ju faktiskt riktigt mycket det.<\/p>\n<p>&nbsp;<\/p>\n<p>P\u00e5 det stora hela s\u00e5 har jag allts\u00e5 fel n\u00e4r jag brukar t\u00e4nka att bloggen mer eller mindre ligger \u00f6de numera, det \u00e4r f\u00f6rst\u00e5s en stor skillnad mot 365 dagar om \u00e5ret som jag lyckades h\u00e5lla i n\u00e5gra \u00e5r men \u00e4nd\u00e5 l\u00e5ngt ifr\u00e5n illa.<\/p>\n<p>Statistik i \u00f6vrigt p\u00e5 hur m\u00e5nga ni \u00e4r som l\u00e4ser och s\u00e5dant har jag faktiskt inte en aning om sedan jag kom in i Svenska Kyrkans bloggportal och f\u00f6rlorade tillg\u00e5ng till de uppgifterna. Det \u00e4r nog lika bra det, s\u00e4rskilt f\u00f6r en pr\u00e4stblogg. Det \u00e4r klart det \u00e4r v\u00e4rdefullt att skriva om s\u00e5dant som efterfr\u00e5gas av andra men det finns ocks\u00e5 stort v\u00e4rde i att skriva om det jag helt enkelt sj\u00e4lv helst vill ber\u00e4tta.<\/p>\n<p>Den kanske st\u00f6rsta f\u00f6r\u00e4ndringen under \u00e5ret \u00e4r att dikterna blir ett vanligare och vanligare inslag och det tycker jag k\u00e4nns v\u00e4ldigt roligt. Det \u00e4r sk\u00f6nt att sk\u00e4ra ner lite p\u00e5 m\u00e5ngordigheten.<\/p>\n<p>S\u00e5 till slut vill jag tacka dig som l\u00e4ser detta, som l\u00e4st under \u00e5ret och som kommenterat eller uppmuntrat p\u00e5 olika s\u00e4tt.<\/p>\n<p>K\u00e4nn dig fri att gratulera jubilaren i i kommentarsf\u00e4ltet nedan!<\/p>\n","protected":false},"excerpt":{"rendered":"<p>Med denna smakfulla t\u00e5rta med (mer eller mindre) sex ljus som jag f\u00e5tt ritat s\u00e4rskilt till detta tillf\u00e4lle av familjens fem\u00e5ring s\u00e5 f\u00e5r vi nu stanna upp f\u00f6r att uppm\u00e4rksamma och gratulera \u00e5rsdagen av denna bloggs f\u00f6delse samt gl\u00e4dja oss \u00f6ver dess existens! Det \u00e4r sedan gammalt att jag brukar uppm\u00e4rksamma bloggens \u00e5rsdagar p\u00e5 ett [&hellip;]<\/p>\n","protected":false},"author":392,"featured_media":6157,"comment_status":"open","ping_status":"open","sticky":false,"template":"","format":"standard","meta":{"_acf_changed":false,"footnotes":""},"categories":[76608,76189],"tags":[],"class_list":["post-6156","post","type-post","status-publish","format-standard","has-post-thumbnail","hentry","category-bloggen","category-dagens-kyrka"],"acf":[],"yoast_head":"<!-- This site is optimized with the Yoast SEO plugin v27.1.1 - https:\/\/yoast.com\/product\/yoast-seo-wordpress\/ -->\n<title>Vandra V\u00e4gen 6 \u00e5r idag! - Vandra V\u00e4gen<\/title>\n<meta name=\"robots\" content=\"index, follow, max-snippet:-1, max-image-preview:large, max-video-preview:-1\" \/>\n<link rel=\"canonical\" href=\"https:\/\/blogg.svenskakyrkan.se\/vandravagen\/2018\/01\/26\/vandra-vagen-6-ar-idag\/\" \/>\n<meta property=\"og:locale\" content=\"sv_SE\" \/>\n<meta property=\"og:type\" content=\"article\" \/>\n<meta property=\"og:title\" content=\"Vandra V\u00e4gen 6 \u00e5r idag! - Vandra V\u00e4gen\" \/>\n<meta property=\"og:description\" content=\"Med denna smakfulla t\u00e5rta med (mer eller mindre) sex ljus som jag f\u00e5tt ritat s\u00e4rskilt till detta tillf\u00e4lle av familjens fem\u00e5ring s\u00e5 f\u00e5r vi nu stanna upp f\u00f6r att uppm\u00e4rksamma och gratulera \u00e5rsdagen av denna bloggs f\u00f6delse samt gl\u00e4dja oss \u00f6ver dess existens! Det \u00e4r sedan gammalt att jag brukar uppm\u00e4rksamma bloggens \u00e5rsdagar p\u00e5 ett [&hellip;]\" \/>\n<meta property=\"og:url\" content=\"https:\/\/blogg.svenskakyrkan.se\/vandravagen\/2018\/01\/26\/vandra-vagen-6-ar-idag\/\" \/>\n<meta property=\"og:site_name\" content=\"Vandra V\u00e4gen\" \/>\n<meta property=\"article:publisher\" content=\"http:\/\/facebook.com\/vandravagen\" \/>\n<meta property=\"article:published_time\" content=\"2018-01-26T15:48:08+00:00\" \/>\n<meta name=\"author\" content=\"Tomas Jarvid\" \/>\n<meta name=\"twitter:card\" content=\"summary_large_image\" \/>\n<meta name=\"twitter:creator\" content=\"@fadertomas\" \/>\n<meta name=\"twitter:site\" content=\"@fadertomas\" \/>\n<meta name=\"twitter:label1\" content=\"Skriven av\" \/>\n\t<meta name=\"twitter:data1\" content=\"Tomas Jarvid\" \/>\n\t<meta name=\"twitter:label2\" content=\"Ber\u00e4knad l\u00e4stid\" \/>\n\t<meta name=\"twitter:data2\" content=\"2 minuter\" \/>\n<script type=\"application\/ld+json\" class=\"yoast-schema-graph\">{\"@context\":\"https:\/\/schema.org\",\"@graph\":[{\"@type\":\"Article\",\"@id\":\"https:\/\/blogg.svenskakyrkan.se\/vandravagen\/2018\/01\/26\/vandra-vagen-6-ar-idag\/#article\",\"isPartOf\":{\"@id\":\"https:\/\/blogg.svenskakyrkan.se\/vandravagen\/2018\/01\/26\/vandra-vagen-6-ar-idag\/\"},\"author\":{\"name\":\"Tomas Jarvid\",\"@id\":\"https:\/\/blogg.svenskakyrkan.se\/vandravagen\/#\/schema\/person\/25da02d4f76b137d04291711e2c9fc16\"},\"headline\":\"Vandra V\u00e4gen 6 \u00e5r idag!\",\"datePublished\":\"2018-01-26T15:48:08+00:00\",\"mainEntityOfPage\":{\"@id\":\"https:\/\/blogg.svenskakyrkan.se\/vandravagen\/2018\/01\/26\/vandra-vagen-6-ar-idag\/\"},\"wordCount\":368,\"commentCount\":5,\"publisher\":{\"@id\":\"https:\/\/blogg.svenskakyrkan.se\/vandravagen\/#organization\"},\"image\":{\"@id\":\"https:\/\/blogg.svenskakyrkan.se\/vandravagen\/2018\/01\/26\/vandra-vagen-6-ar-idag\/#primaryimage\"},\"thumbnailUrl\":\"https:\/\/blogg.svenskakyrkan.se\/vandravagen\/files\/2018\/01\/IMG_4415.jpg\",\"articleSection\":[\"bloggen\",\"Dagens Kyrka\"],\"inLanguage\":\"sv-SE\",\"potentialAction\":[{\"@type\":\"CommentAction\",\"name\":\"Comment\",\"target\":[\"https:\/\/blogg.svenskakyrkan.se\/vandravagen\/2018\/01\/26\/vandra-vagen-6-ar-idag\/#respond\"]}]},{\"@type\":\"WebPage\",\"@id\":\"https:\/\/blogg.svenskakyrkan.se\/vandravagen\/2018\/01\/26\/vandra-vagen-6-ar-idag\/\",\"url\":\"https:\/\/blogg.svenskakyrkan.se\/vandravagen\/2018\/01\/26\/vandra-vagen-6-ar-idag\/\",\"name\":\"Vandra V\u00e4gen 6 \u00e5r idag! - Vandra V\u00e4gen\",\"isPartOf\":{\"@id\":\"https:\/\/blogg.svenskakyrkan.se\/vandravagen\/#website\"},\"primaryImageOfPage\":{\"@id\":\"https:\/\/blogg.svenskakyrkan.se\/vandravagen\/2018\/01\/26\/vandra-vagen-6-ar-idag\/#primaryimage\"},\"image\":{\"@id\":\"https:\/\/blogg.svenskakyrkan.se\/vandravagen\/2018\/01\/26\/vandra-vagen-6-ar-idag\/#primaryimage\"},\"thumbnailUrl\":\"https:\/\/blogg.svenskakyrkan.se\/vandravagen\/files\/2018\/01\/IMG_4415.jpg\",\"datePublished\":\"2018-01-26T15:48:08+00:00\",\"breadcrumb\":{\"@id\":\"https:\/\/blogg.svenskakyrkan.se\/vandravagen\/2018\/01\/26\/vandra-vagen-6-ar-idag\/#breadcrumb\"},\"inLanguage\":\"sv-SE\",\"potentialAction\":[{\"@type\":\"ReadAction\",\"target\":[\"https:\/\/blogg.svenskakyrkan.se\/vandravagen\/2018\/01\/26\/vandra-vagen-6-ar-idag\/\"]}]},{\"@type\":\"ImageObject\",\"inLanguage\":\"sv-SE\",\"@id\":\"https:\/\/blogg.svenskakyrkan.se\/vandravagen\/2018\/01\/26\/vandra-vagen-6-ar-idag\/#primaryimage\",\"url\":\"https:\/\/blogg.svenskakyrkan.se\/vandravagen\/files\/2018\/01\/IMG_4415.jpg\",\"contentUrl\":\"https:\/\/blogg.svenskakyrkan.se\/vandravagen\/files\/2018\/01\/IMG_4415.jpg\",\"width\":1696,\"height\":1412,\"caption\":\"Hurra!\"},{\"@type\":\"BreadcrumbList\",\"@id\":\"https:\/\/blogg.svenskakyrkan.se\/vandravagen\/2018\/01\/26\/vandra-vagen-6-ar-idag\/#breadcrumb\",\"itemListElement\":[{\"@type\":\"ListItem\",\"position\":1,\"name\":\"Hem\",\"item\":\"https:\/\/blogg.svenskakyrkan.se\/vandravagen\/\"},{\"@type\":\"ListItem\",\"position\":2,\"name\":\"Vandra V\u00e4gen 6 \u00e5r idag!\"}]},{\"@type\":\"WebSite\",\"@id\":\"https:\/\/blogg.svenskakyrkan.se\/vandravagen\/#website\",\"url\":\"https:\/\/blogg.svenskakyrkan.se\/vandravagen\/\",\"name\":\"Vandra V\u00e4gen\",\"description\":\"-Mot en tro f\u00f6r hela livet\",\"publisher\":{\"@id\":\"https:\/\/blogg.svenskakyrkan.se\/vandravagen\/#organization\"},\"potentialAction\":[{\"@type\":\"SearchAction\",\"target\":{\"@type\":\"EntryPoint\",\"urlTemplate\":\"https:\/\/blogg.svenskakyrkan.se\/vandravagen\/?s={search_term_string}\"},\"query-input\":{\"@type\":\"PropertyValueSpecification\",\"valueRequired\":true,\"valueName\":\"search_term_string\"}}],\"inLanguage\":\"sv-SE\"},{\"@type\":\"Organization\",\"@id\":\"https:\/\/blogg.svenskakyrkan.se\/vandravagen\/#organization\",\"name\":\"ulricehamns pastorat\",\"alternateName\":\"ulricehamns pastorat\",\"url\":\"https:\/\/blogg.svenskakyrkan.se\/vandravagen\/\",\"logo\":{\"@type\":\"ImageObject\",\"inLanguage\":\"sv-SE\",\"@id\":\"https:\/\/blogg.svenskakyrkan.se\/vandravagen\/#\/schema\/logo\/image\/\",\"url\":\"https:\/\/blogg.svenskakyrkan.se\/vandravagen\/files\/2023\/05\/Ulr_logo_RGB.png\",\"contentUrl\":\"https:\/\/blogg.svenskakyrkan.se\/vandravagen\/files\/2023\/05\/Ulr_logo_RGB.png\",\"width\":205,\"height\":77,\"caption\":\"ulricehamns pastorat\"},\"image\":{\"@id\":\"https:\/\/blogg.svenskakyrkan.se\/vandravagen\/#\/schema\/logo\/image\/\"},\"sameAs\":[\"http:\/\/facebook.com\/vandravagen\",\"https:\/\/x.com\/fadertomas\",\"http:\/\/www.facebook.com\/svenskakyrkaniulricehamn\"]},{\"@type\":\"Person\",\"@id\":\"https:\/\/blogg.svenskakyrkan.se\/vandravagen\/#\/schema\/person\/25da02d4f76b137d04291711e2c9fc16\",\"name\":\"Tomas Jarvid\",\"image\":{\"@type\":\"ImageObject\",\"inLanguage\":\"sv-SE\",\"@id\":\"https:\/\/blogg.svenskakyrkan.se\/vandravagen\/#\/schema\/person\/image\/\",\"url\":\"https:\/\/secure.gravatar.com\/avatar\/7fa71899795e8f540f615a1f5ab25255dc27aa40f05ee7ddd21aac521e01bf50?s=96&d=identicon&r=g\",\"contentUrl\":\"https:\/\/secure.gravatar.com\/avatar\/7fa71899795e8f540f615a1f5ab25255dc27aa40f05ee7ddd21aac521e01bf50?s=96&d=identicon&r=g\",\"caption\":\"Tomas Jarvid\"},\"description\":\"Jag bor i Ulricehamn i V\u00e4sterg\u00f6tland och \u00e4r f\u00f6rsamlingspr\u00e4st i Svenska Kyrkan f\u00f6r Dalstorps f\u00f6rsamling i Kinds pastorat. P\u00e5 den h\u00e4r bloggen skriver jag ner tankar om vandringen som kristen.\",\"sameAs\":[\"http:\/\/www.vandravagen.se\"],\"url\":\"https:\/\/blogg.svenskakyrkan.se\/vandravagen\/author\/vandravagen\/\"}]}<\/script>\n<!-- \/ Yoast SEO plugin. -->","yoast_head_json":{"title":"Vandra V\u00e4gen 6 \u00e5r idag! - Vandra V\u00e4gen","robots":{"index":"index","follow":"follow","max-snippet":"max-snippet:-1","max-image-preview":"max-image-preview:large","max-video-preview":"max-video-preview:-1"},"canonical":"https:\/\/blogg.svenskakyrkan.se\/vandravagen\/2018\/01\/26\/vandra-vagen-6-ar-idag\/","og_locale":"sv_SE","og_type":"article","og_title":"Vandra V\u00e4gen 6 \u00e5r idag! - Vandra V\u00e4gen","og_description":"Med denna smakfulla t\u00e5rta med (mer eller mindre) sex ljus som jag f\u00e5tt ritat s\u00e4rskilt till detta tillf\u00e4lle av familjens fem\u00e5ring s\u00e5 f\u00e5r vi nu stanna upp f\u00f6r att uppm\u00e4rksamma och gratulera \u00e5rsdagen av denna bloggs f\u00f6delse samt gl\u00e4dja oss \u00f6ver dess existens! Det \u00e4r sedan gammalt att jag brukar uppm\u00e4rksamma bloggens \u00e5rsdagar p\u00e5 ett [&hellip;]","og_url":"https:\/\/blogg.svenskakyrkan.se\/vandravagen\/2018\/01\/26\/vandra-vagen-6-ar-idag\/","og_site_name":"Vandra V\u00e4gen","article_publisher":"http:\/\/facebook.com\/vandravagen","article_published_time":"2018-01-26T15:48:08+00:00","author":"Tomas Jarvid","twitter_card":"summary_large_image","twitter_creator":"@fadertomas","twitter_site":"@fadertomas","twitter_misc":{"Skriven av":"Tomas Jarvid","Ber\u00e4knad l\u00e4stid":"2 minuter"},"schema":{"@context":"https:\/\/schema.org","@graph":[{"@type":"Article","@id":"https:\/\/blogg.svenskakyrkan.se\/vandravagen\/2018\/01\/26\/vandra-vagen-6-ar-idag\/#article","isPartOf":{"@id":"https:\/\/blogg.svenskakyrkan.se\/vandravagen\/2018\/01\/26\/vandra-vagen-6-ar-idag\/"},"author":{"name":"Tomas Jarvid","@id":"https:\/\/blogg.svenskakyrkan.se\/vandravagen\/#\/schema\/person\/25da02d4f76b137d04291711e2c9fc16"},"headline":"Vandra V\u00e4gen 6 \u00e5r idag!","datePublished":"2018-01-26T15:48:08+00:00","mainEntityOfPage":{"@id":"https:\/\/blogg.svenskakyrkan.se\/vandravagen\/2018\/01\/26\/vandra-vagen-6-ar-idag\/"},"wordCount":368,"commentCount":5,"publisher":{"@id":"https:\/\/blogg.svenskakyrkan.se\/vandravagen\/#organization"},"image":{"@id":"https:\/\/blogg.svenskakyrkan.se\/vandravagen\/2018\/01\/26\/vandra-vagen-6-ar-idag\/#primaryimage"},"thumbnailUrl":"https:\/\/blogg.svenskakyrkan.se\/vandravagen\/files\/2018\/01\/IMG_4415.jpg","articleSection":["bloggen","Dagens Kyrka"],"inLanguage":"sv-SE","potentialAction":[{"@type":"CommentAction","name":"Comment","target":["https:\/\/blogg.svenskakyrkan.se\/vandravagen\/2018\/01\/26\/vandra-vagen-6-ar-idag\/#respond"]}]},{"@type":"WebPage","@id":"https:\/\/blogg.svenskakyrkan.se\/vandravagen\/2018\/01\/26\/vandra-vagen-6-ar-idag\/","url":"https:\/\/blogg.svenskakyrkan.se\/vandravagen\/2018\/01\/26\/vandra-vagen-6-ar-idag\/","name":"Vandra V\u00e4gen 6 \u00e5r idag! - Vandra V\u00e4gen","isPartOf":{"@id":"https:\/\/blogg.svenskakyrkan.se\/vandravagen\/#website"},"primaryImageOfPage":{"@id":"https:\/\/blogg.svenskakyrkan.se\/vandravagen\/2018\/01\/26\/vandra-vagen-6-ar-idag\/#primaryimage"},"image":{"@id":"https:\/\/blogg.svenskakyrkan.se\/vandravagen\/2018\/01\/26\/vandra-vagen-6-ar-idag\/#primaryimage"},"thumbnailUrl":"https:\/\/blogg.svenskakyrkan.se\/vandravagen\/files\/2018\/01\/IMG_4415.jpg","datePublished":"2018-01-26T15:48:08+00:00","breadcrumb":{"@id":"https:\/\/blogg.svenskakyrkan.se\/vandravagen\/2018\/01\/26\/vandra-vagen-6-ar-idag\/#breadcrumb"},"inLanguage":"sv-SE","potentialAction":[{"@type":"ReadAction","target":["https:\/\/blogg.svenskakyrkan.se\/vandravagen\/2018\/01\/26\/vandra-vagen-6-ar-idag\/"]}]},{"@type":"ImageObject","inLanguage":"sv-SE","@id":"https:\/\/blogg.svenskakyrkan.se\/vandravagen\/2018\/01\/26\/vandra-vagen-6-ar-idag\/#primaryimage","url":"https:\/\/blogg.svenskakyrkan.se\/vandravagen\/files\/2018\/01\/IMG_4415.jpg","contentUrl":"https:\/\/blogg.svenskakyrkan.se\/vandravagen\/files\/2018\/01\/IMG_4415.jpg","width":1696,"height":1412,"caption":"Hurra!"},{"@type":"BreadcrumbList","@id":"https:\/\/blogg.svenskakyrkan.se\/vandravagen\/2018\/01\/26\/vandra-vagen-6-ar-idag\/#breadcrumb","itemListElement":[{"@type":"ListItem","position":1,"name":"Hem","item":"https:\/\/blogg.svenskakyrkan.se\/vandravagen\/"},{"@type":"ListItem","position":2,"name":"Vandra V\u00e4gen 6 \u00e5r idag!"}]},{"@type":"WebSite","@id":"https:\/\/blogg.svenskakyrkan.se\/vandravagen\/#website","url":"https:\/\/blogg.svenskakyrkan.se\/vandravagen\/","name":"Vandra V\u00e4gen","description":"-Mot en tro f\u00f6r hela livet","publisher":{"@id":"https:\/\/blogg.svenskakyrkan.se\/vandravagen\/#organization"},"potentialAction":[{"@type":"SearchAction","target":{"@type":"EntryPoint","urlTemplate":"https:\/\/blogg.svenskakyrkan.se\/vandravagen\/?s={search_term_string}"},"query-input":{"@type":"PropertyValueSpecification","valueRequired":true,"valueName":"search_term_string"}}],"inLanguage":"sv-SE"},{"@type":"Organization","@id":"https:\/\/blogg.svenskakyrkan.se\/vandravagen\/#organization","name":"ulricehamns pastorat","alternateName":"ulricehamns pastorat","url":"https:\/\/blogg.svenskakyrkan.se\/vandravagen\/","logo":{"@type":"ImageObject","inLanguage":"sv-SE","@id":"https:\/\/blogg.svenskakyrkan.se\/vandravagen\/#\/schema\/logo\/image\/","url":"https:\/\/blogg.svenskakyrkan.se\/vandravagen\/files\/2023\/05\/Ulr_logo_RGB.png","contentUrl":"https:\/\/blogg.svenskakyrkan.se\/vandravagen\/files\/2023\/05\/Ulr_logo_RGB.png","width":205,"height":77,"caption":"ulricehamns pastorat"},"image":{"@id":"https:\/\/blogg.svenskakyrkan.se\/vandravagen\/#\/schema\/logo\/image\/"},"sameAs":["http:\/\/facebook.com\/vandravagen","https:\/\/x.com\/fadertomas","http:\/\/www.facebook.com\/svenskakyrkaniulricehamn"]},{"@type":"Person","@id":"https:\/\/blogg.svenskakyrkan.se\/vandravagen\/#\/schema\/person\/25da02d4f76b137d04291711e2c9fc16","name":"Tomas Jarvid","image":{"@type":"ImageObject","inLanguage":"sv-SE","@id":"https:\/\/blogg.svenskakyrkan.se\/vandravagen\/#\/schema\/person\/image\/","url":"https:\/\/secure.gravatar.com\/avatar\/7fa71899795e8f540f615a1f5ab25255dc27aa40f05ee7ddd21aac521e01bf50?s=96&d=identicon&r=g","contentUrl":"https:\/\/secure.gravatar.com\/avatar\/7fa71899795e8f540f615a1f5ab25255dc27aa40f05ee7ddd21aac521e01bf50?s=96&d=identicon&r=g","caption":"Tomas Jarvid"},"description":"Jag bor i Ulricehamn i V\u00e4sterg\u00f6tland och \u00e4r f\u00f6rsamlingspr\u00e4st i Svenska Kyrkan f\u00f6r Dalstorps f\u00f6rsamling i Kinds pastorat. P\u00e5 den h\u00e4r bloggen skriver jag ner tankar om vandringen som kristen.","sameAs":["http:\/\/www.vandravagen.se"],"url":"https:\/\/blogg.svenskakyrkan.se\/vandravagen\/author\/vandravagen\/"}]}},"author_meta":{"ID":"392","user_nicename":"vandravagen","user_url":"http:\/\/www.vandravagen.se","user_registered":"2014-05-19 05:44:52","display_name":"Tomas Jarvid","first_name":"Tomas","last_name":"Jarvid","avatar":"https:\/\/secure.gravatar.com\/avatar\/7fa71899795e8f540f615a1f5ab25255dc27aa40f05ee7ddd21aac521e01bf50?s=96&d=identicon&r=g"},"featured_image":["https:\/\/blogg.svenskakyrkan.se\/vandravagen\/files\/2018\/01\/IMG_4415-1024x853.jpg",1024,853,true],"bloginfo":{"name":"Vandra V\u00e4gen","url":"https:\/\/blogg.svenskakyrkan.se\/vandravagen"},"_links":{"self":[{"href":"https:\/\/blogg.svenskakyrkan.se\/vandravagen\/wp-json\/wp\/v2\/posts\/6156","targetHints":{"allow":["GET"]}}],"collection":[{"href":"https:\/\/blogg.svenskakyrkan.se\/vandravagen\/wp-json\/wp\/v2\/posts"}],"about":[{"href":"https:\/\/blogg.svenskakyrkan.se\/vandravagen\/wp-json\/wp\/v2\/types\/post"}],"author":[{"embeddable":true,"href":"https:\/\/blogg.svenskakyrkan.se\/vandravagen\/wp-json\/wp\/v2\/users\/392"}],"replies":[{"embeddable":true,"href":"https:\/\/blogg.svenskakyrkan.se\/vandravagen\/wp-json\/wp\/v2\/comments?post=6156"}],"version-history":[{"count":4,"href":"https:\/\/blogg.svenskakyrkan.se\/vandravagen\/wp-json\/wp\/v2\/posts\/6156\/revisions"}],"predecessor-version":[{"id":6161,"href":"https:\/\/blogg.svenskakyrkan.se\/vandravagen\/wp-json\/wp\/v2\/posts\/6156\/revisions\/6161"}],"wp:featuredmedia":[{"embeddable":true,"href":"https:\/\/blogg.svenskakyrkan.se\/vandravagen\/wp-json\/wp\/v2\/media\/6157"}],"wp:attachment":[{"href":"https:\/\/blogg.svenskakyrkan.se\/vandravagen\/wp-json\/wp\/v2\/media?parent=6156"}],"wp:term":[{"taxonomy":"category","embeddable":true,"href":"https:\/\/blogg.svenskakyrkan.se\/vandravagen\/wp-json\/wp\/v2\/categories?post=6156"},{"taxonomy":"post_tag","embeddable":true,"href":"https:\/\/blogg.svenskakyrkan.se\/vandravagen\/wp-json\/wp\/v2\/tags?post=6156"}],"curies":[{"name":"wp","href":"https:\/\/api.w.org\/{rel}","templated":true}]}}