{"id":6187,"date":"2018-02-05T07:00:26","date_gmt":"2018-02-05T06:00:26","guid":{"rendered":"http:\/\/blogg.svenskakyrkan.se\/vandravagen\/?p=6187"},"modified":"2018-02-04T18:34:52","modified_gmt":"2018-02-04T17:34:52","slug":"att-bara-hem-ljus","status":"publish","type":"post","link":"https:\/\/blogg.svenskakyrkan.se\/vandravagen\/2018\/02\/05\/att-bara-hem-ljus\/","title":{"rendered":"Att b\u00e4ra hem ljus"},"content":{"rendered":"<p>H\u00e4r \u00e4r min predikan fr\u00e5n ig\u00e5r. Jag h\u00f6ll den bara i Ljungsarp f\u00f6r i Dalstorp hade vi en mer barnanpassad variant d\u00e4r vi plockade saker ur en stor l\u00e5da. B\u00e5da gudstj\u00e4nsterna var hursomhelst v\u00e4ldigt fina. Hoppas det h\u00e4r kan vara till gl\u00e4dje f\u00f6r dig!<\/p>\n<p>&nbsp;<\/p>\n<p><b>Kyndelsm\u00e4ssodagen 2018 Ljungsarp<\/b><\/p>\n<p>P\u00e5 den m\u00f6rka medeltiden var det v\u00e4ldigt m\u00f6rkt. I alla fall rent bokstavligt att det var d\u00e5ligt med belysningen. S\u00e5 var det egentligen l\u00e4nge, jag har h\u00f6rt att p\u00e5 1700-talet b\u00f6rjade man f\u00e5 ordentliga skorstenar i husen s\u00e5 livet blev dr\u00e4gligt men man satt \u00e4nnu ett tag helt enkelt framf\u00f6r \u00f6ppna spisen d\u00e4r maten lagades om man ville se n\u00e5got p\u00e5 kv\u00e4llen. Man kunde g\u00f6ra ljus av talg n\u00e4r man slaktade n\u00e5got djur men hur m\u00e5nga ljus g\u00e5r det egentligen p\u00e5 en gris? Det g\u00e4llde nog att vara varsam med det man hade. I stort sett var det s\u00e5 ocks\u00e5 i fina hus att man umgicks och levde i stort sett i m\u00f6rker p\u00e5 vintrarna. Och vintrar \u00e4r ju som vi vet l\u00e5nga.<\/p>\n<p>P\u00e5 medeltiden fanns det seder kring den h\u00e4r dagen, kyndelsm\u00e4ssodagen om att man v\u00e4lsignade kyrkans ljus inf\u00f6r \u00e5ret som kom. Ibland fick man, som jag t\u00e4nker vi ska g\u00f6ra idag, ta med sig ett brinnande ljus hem. Det blev v\u00e4ldigt starkt symboliskt att man fick g\u00e5 hit och h\u00f6ra om Kristus som \u00e4r v\u00e4rldens ljus, och sedan fick man b\u00e4ra med sig ljus hem s\u00e5 att det fick forts\u00e4tta lysa i det kompakta m\u00f6rkret.<\/p>\n<p>Nuf\u00f6rtiden har vi ju elbelysning och s\u00e5nt men det ligger \u00e4nd\u00e5 n\u00e4ra tillhands f\u00f6r oss i dessa tider p\u00e5 \u00e5ret d\u00e5 det kan g\u00e5 veckor utan att man ser solen. D\u00e5 k\u00e4nner man hur livgivande ljuset \u00e4r. Att ljuset \u00e4r en v\u00e4ldigt bra bild f\u00f6r Gud som \u00e4r k\u00e4llan till liv, kraft och hopp.<\/p>\n<p>S\u00e5 \u00e4r det ocks\u00e5 f\u00f6r den gamle Symeon och den gamla Hanna n\u00e4r de f\u00e5r se Jesusbarnet. D\u00e5 t\u00e4nds ljuset i deras hj\u00e4rtan. S\u00e5 mycket att Hanna vill ber\u00e4tta f\u00f6r alla, sprida ljuset till s\u00e5 m\u00e5nga som hon kan. Och Symeon utbrister att han kan d\u00f6 lycklig nu.<\/p>\n<p>Det \u00e4r s\u00e5 v\u00e4ldigt vackert uttryckt i psalmen vi nyss sj\u00f6ng. Jungfru Maria, Jungfru Maria bar v\u00e4rldens ljus. Lyfte det i sina h\u00e4nder och bar det till Herrens hus. Man kan se framf\u00f6r sig n\u00e5gon som b\u00e4r ett brinnande ljus p\u00e5 v\u00e4gen. Det fladdrar i l\u00e5gan ibland och hon f\u00e5r b\u00e4ra det f\u00f6rsiktigt s\u00e5 att det inte ska slockna, s\u00e5 kommer hon inomhus och s\u00e5 brinner det stadigt.<\/p>\n<p>Kristus \u00e4r v\u00e4rldens ljus. Den som f\u00f6ljer honom ska inte vandra i m\u00f6rker utan ha livets ljus. Vi har ocks\u00e5 anf\u00f6rtrotts med att b\u00e4ra v\u00e4rldens ljus. Det kan vara sv\u00e5rt ibland och vi kanske tycker att l\u00e5gan, tron hoppet eller k\u00e4rleken fladdrar i vindarna s\u00e5 att vi kan vara oroliga att det ska bl\u00e5sas ut, s\u00e5 f\u00e5r vi komma in h\u00e4r, dela en stund med andra ljusb\u00e4rare och s\u00e5 brinner ljuset klarare en stund, och s\u00e5 f\u00e5r vi b\u00e4ra det vidare. Vart vi \u00e4n kommer.<\/p>\n<p>Vi ska b\u00e4ra detta ljus och det ska b\u00e4ra oss. Lysa upp v\u00e5ra hj\u00e4rtan och v\u00e5ra liv.<\/p>\n<p>Och synas. I barns\u00e5nger finns ofta mycket vishet. Vi har ju \u201ddet lilla ljus jag har, det ska f\u00e5 lysa klart.\u201d Jag s\u00e4tter det ej under sk\u00e4ppan nej! Och Ljuset ska lysa \u00f6verallt f\u00f6r det har Jesus sagt.<\/p>\n<p>S\u00e5 enkelt och s\u00e5 sv\u00e5rt. Det k\u00e4nns r\u00e4tt \u00f6vermodigt att s\u00e4ga s\u00e5 om sin egen tro att den ska f\u00e5 lysa och leda andra p\u00e5 v\u00e4g. Tur d\u00e5 att det inte \u00e4r om v\u00e5r tro det handlar utan om Jesus. Det \u00e4r ju han som \u00e4r v\u00e4rldens ljus. Och \u00e4r det tillr\u00e4ckligt m\u00f6rkt s\u00e5 kan en v\u00e4ldigt liten l\u00e5ga betyda v\u00e4ldigt mycket. Att h\u00e5lla l\u00e5gan brinnande \u00e4r en stor och viktig uppgift vi har, men inte en vi \u00e4r ensamma med. Vi f\u00e5r hj\u00e4lpas \u00e5t, och vi f\u00e5r hj\u00e4lp.<\/p>\n<p>Varje \u00e5r n\u00e4r de ortodoxa kyrkorna firar p\u00e5sk i Jerusalem s\u00e5 sker det ett under. Det \u00e4r ju sv\u00e5rt att kolla vad som h\u00e4nder egentligen men m\u00e4ngder av m\u00e4nniskor samlas i alla fall i gravkyrkan, vid Jesu tomma grav och sedan p\u00e5 p\u00e5sknatten t\u00e4nds ljuset d\u00e4r inne. Oklart hur. Kanske \u00e4r det verkligen ett under. Och det sprider sig sedan fr\u00e5n ljus till ljus tills hela salen \u00e4r upplyst i p\u00e5skens uppst\u00e5ndelseunder.<\/p>\n<p>Vi kan ju k\u00e4mpa med att h\u00e5lla v\u00e5rt ljus brinnande, f\u00f6rs\u00f6ka ge ljus \u00e5t andra, b\u00e4ra hopp till v\u00e4rlden. Men detta ljus \u00e4r fr\u00e5n b\u00f6rjan ett under. Att vi alls har det, att vi har tron \u00e4r Guds g\u00e5va till oss.<\/p>\n<p>I 2 kor skriver Paulus, och han h\u00e4nvisar till Guds varde ljus i skapelsen: Ty Gud som sade: \u201c<b>Ljus\u00a0<\/b>skall\u00a0<b>lysa<\/b>\u00a0fram ur m\u00f6rkret\u201d, han\u00a0<b>har l\u00e5tit ljus lysa<\/b>\u00a0upp v\u00e5ra\u00a0<b>hj\u00e4rtan<\/b><\/p>\n<p>Vi kanske tycker att vi k\u00e4mpar med tron men vi har inte skapat den sj\u00e4lva. Den \u00e4r Guds g\u00e5va. Precis som han en g\u00e5ng skapade v\u00e4rlden \u00e4r det han som skapat tro i oss. Skulle v\u00e5r l\u00e5ga \u00e4nd\u00e5 d\u00f6 s\u00e5 kan han t\u00e4nda den igen. Det \u00e4r en v\u00e4ldig l\u00e4ttnad att t\u00e4nka s\u00e5 om b\u00e5de sin egen och om andras tro, att den faktiskt ligger i Guds h\u00e4nder. Vi g\u00f6r vad vi kan f\u00f6r att v\u00e5r egen och andras tro ska f\u00e5 vara trygg och bra men den \u00e4r ocks\u00e5 ett mysterium.<\/p>\n<p>Och f\u00f6r att forts\u00e4tta p\u00e5 tr\u00f6stens sp\u00e5r. I episteltexten l\u00e4ste vi att detta \u00e4r det budskap vi haft \u00e4nda sedan evangeliets gryning: att Gud \u00e4r ljus och inget m\u00f6rker finns i honom. Det barn som blir framburet i templet, det var bara n\u00e5gra som kunde se d\u00e5 vad det var f\u00f6r ett barn. De hade v\u00e4l f\u00e5tt det i g\u00e5va p\u00e5 n\u00e5got s\u00e4tt att se vad just detta var f\u00f6r litet barn. Vi som f\u00e5tt h\u00f6ra om korset, hur l\u00e5ngt Jesus sedan gick i sin k\u00e4rlek till oss, som f\u00e5tt h\u00f6ra om uppst\u00e5ndelsen fr\u00e5n de d\u00f6da, vi vet mer. Om hans godhet, och om Guds makt. Uppst\u00e5ndelsen \u00e4r k\u00e4rnan i v\u00e5r tro. Vem som helst kan sprida ljus en kort stund och sedan brinna ut men Jesu ljus har redan \u00f6vervunnit d\u00f6den.<\/p>\n<p>Paulus v\u00e4nder alltid s\u00e5dant i en uppmaning p\u00e5 slutet, det kan tydligen johannesbrevet ocks\u00e5. Vandra i ljuset skriver han. Lev i enlighet med det ljus du tillh\u00f6r. P\u00e5 s\u00e5 s\u00e4tt talar ditt liv om det ljus du b\u00e4rs av.<\/p>\n","protected":false},"excerpt":{"rendered":"<p>H\u00e4r \u00e4r min predikan fr\u00e5n ig\u00e5r. Jag h\u00f6ll den bara i Ljungsarp f\u00f6r i Dalstorp hade vi en mer barnanpassad variant d\u00e4r vi plockade saker ur en stor l\u00e5da. B\u00e5da gudstj\u00e4nsterna var hursomhelst v\u00e4ldigt fina. Hoppas det h\u00e4r kan vara till gl\u00e4dje f\u00f6r dig! &nbsp; Kyndelsm\u00e4ssodagen 2018 Ljungsarp P\u00e5 den m\u00f6rka medeltiden var det v\u00e4ldigt [&hellip;]<\/p>\n","protected":false},"author":392,"featured_media":6188,"comment_status":"open","ping_status":"open","sticky":false,"template":"","format":"standard","meta":{"_acf_changed":false,"footnotes":""},"categories":[76189,8252,114],"tags":[],"class_list":["post-6187","post","type-post","status-publish","format-standard","has-post-thumbnail","hentry","category-dagens-kyrka","category-kyrkoaret","category-predikan"],"acf":[],"yoast_head":"<!-- This site is optimized with the Yoast SEO plugin v27.1.1 - https:\/\/yoast.com\/product\/yoast-seo-wordpress\/ -->\n<title>Att b\u00e4ra hem ljus - Vandra V\u00e4gen<\/title>\n<meta name=\"robots\" content=\"index, follow, max-snippet:-1, max-image-preview:large, max-video-preview:-1\" \/>\n<link rel=\"canonical\" href=\"https:\/\/blogg.svenskakyrkan.se\/vandravagen\/2018\/02\/05\/att-bara-hem-ljus\/\" \/>\n<meta property=\"og:locale\" content=\"sv_SE\" \/>\n<meta property=\"og:type\" content=\"article\" \/>\n<meta property=\"og:title\" content=\"Att b\u00e4ra hem ljus - Vandra V\u00e4gen\" \/>\n<meta property=\"og:description\" content=\"H\u00e4r \u00e4r min predikan fr\u00e5n ig\u00e5r. Jag h\u00f6ll den bara i Ljungsarp f\u00f6r i Dalstorp hade vi en mer barnanpassad variant d\u00e4r vi plockade saker ur en stor l\u00e5da. B\u00e5da gudstj\u00e4nsterna var hursomhelst v\u00e4ldigt fina. Hoppas det h\u00e4r kan vara till gl\u00e4dje f\u00f6r dig! &nbsp; Kyndelsm\u00e4ssodagen 2018 Ljungsarp P\u00e5 den m\u00f6rka medeltiden var det v\u00e4ldigt [&hellip;]\" \/>\n<meta property=\"og:url\" content=\"https:\/\/blogg.svenskakyrkan.se\/vandravagen\/2018\/02\/05\/att-bara-hem-ljus\/\" \/>\n<meta property=\"og:site_name\" content=\"Vandra V\u00e4gen\" \/>\n<meta property=\"article:publisher\" content=\"http:\/\/facebook.com\/vandravagen\" \/>\n<meta property=\"article:published_time\" content=\"2018-02-05T06:00:26+00:00\" \/>\n<meta name=\"author\" content=\"Tomas Jarvid\" \/>\n<meta name=\"twitter:card\" content=\"summary_large_image\" \/>\n<meta name=\"twitter:creator\" content=\"@fadertomas\" \/>\n<meta name=\"twitter:site\" content=\"@fadertomas\" \/>\n<meta name=\"twitter:label1\" content=\"Skriven av\" \/>\n\t<meta name=\"twitter:data1\" content=\"Tomas Jarvid\" \/>\n\t<meta name=\"twitter:label2\" content=\"Ber\u00e4knad l\u00e4stid\" \/>\n\t<meta name=\"twitter:data2\" content=\"6 minuter\" \/>\n<script type=\"application\/ld+json\" class=\"yoast-schema-graph\">{\"@context\":\"https:\/\/schema.org\",\"@graph\":[{\"@type\":\"Article\",\"@id\":\"https:\/\/blogg.svenskakyrkan.se\/vandravagen\/2018\/02\/05\/att-bara-hem-ljus\/#article\",\"isPartOf\":{\"@id\":\"https:\/\/blogg.svenskakyrkan.se\/vandravagen\/2018\/02\/05\/att-bara-hem-ljus\/\"},\"author\":{\"name\":\"Tomas Jarvid\",\"@id\":\"https:\/\/blogg.svenskakyrkan.se\/vandravagen\/#\/schema\/person\/25da02d4f76b137d04291711e2c9fc16\"},\"headline\":\"Att b\u00e4ra hem ljus\",\"datePublished\":\"2018-02-05T06:00:26+00:00\",\"mainEntityOfPage\":{\"@id\":\"https:\/\/blogg.svenskakyrkan.se\/vandravagen\/2018\/02\/05\/att-bara-hem-ljus\/\"},\"wordCount\":1246,\"commentCount\":2,\"publisher\":{\"@id\":\"https:\/\/blogg.svenskakyrkan.se\/vandravagen\/#organization\"},\"image\":{\"@id\":\"https:\/\/blogg.svenskakyrkan.se\/vandravagen\/2018\/02\/05\/att-bara-hem-ljus\/#primaryimage\"},\"thumbnailUrl\":\"https:\/\/blogg.svenskakyrkan.se\/vandravagen\/files\/2018\/02\/IMG_4182.jpg\",\"articleSection\":[\"Dagens Kyrka\",\"kyrko\u00e5ret\",\"predikan\"],\"inLanguage\":\"sv-SE\",\"potentialAction\":[{\"@type\":\"CommentAction\",\"name\":\"Comment\",\"target\":[\"https:\/\/blogg.svenskakyrkan.se\/vandravagen\/2018\/02\/05\/att-bara-hem-ljus\/#respond\"]}]},{\"@type\":\"WebPage\",\"@id\":\"https:\/\/blogg.svenskakyrkan.se\/vandravagen\/2018\/02\/05\/att-bara-hem-ljus\/\",\"url\":\"https:\/\/blogg.svenskakyrkan.se\/vandravagen\/2018\/02\/05\/att-bara-hem-ljus\/\",\"name\":\"Att b\u00e4ra hem ljus - Vandra V\u00e4gen\",\"isPartOf\":{\"@id\":\"https:\/\/blogg.svenskakyrkan.se\/vandravagen\/#website\"},\"primaryImageOfPage\":{\"@id\":\"https:\/\/blogg.svenskakyrkan.se\/vandravagen\/2018\/02\/05\/att-bara-hem-ljus\/#primaryimage\"},\"image\":{\"@id\":\"https:\/\/blogg.svenskakyrkan.se\/vandravagen\/2018\/02\/05\/att-bara-hem-ljus\/#primaryimage\"},\"thumbnailUrl\":\"https:\/\/blogg.svenskakyrkan.se\/vandravagen\/files\/2018\/02\/IMG_4182.jpg\",\"datePublished\":\"2018-02-05T06:00:26+00:00\",\"breadcrumb\":{\"@id\":\"https:\/\/blogg.svenskakyrkan.se\/vandravagen\/2018\/02\/05\/att-bara-hem-ljus\/#breadcrumb\"},\"inLanguage\":\"sv-SE\",\"potentialAction\":[{\"@type\":\"ReadAction\",\"target\":[\"https:\/\/blogg.svenskakyrkan.se\/vandravagen\/2018\/02\/05\/att-bara-hem-ljus\/\"]}]},{\"@type\":\"ImageObject\",\"inLanguage\":\"sv-SE\",\"@id\":\"https:\/\/blogg.svenskakyrkan.se\/vandravagen\/2018\/02\/05\/att-bara-hem-ljus\/#primaryimage\",\"url\":\"https:\/\/blogg.svenskakyrkan.se\/vandravagen\/files\/2018\/02\/IMG_4182.jpg\",\"contentUrl\":\"https:\/\/blogg.svenskakyrkan.se\/vandravagen\/files\/2018\/02\/IMG_4182.jpg\",\"width\":895,\"height\":990,\"caption\":\"Bild av Jesus fr\u00e5n Uppenbarelseboken. Den som vandrar kring bland lampst\u00e4ll av Guld med ord som \u00e4r som tveeggade sv\u00e4rd.\"},{\"@type\":\"BreadcrumbList\",\"@id\":\"https:\/\/blogg.svenskakyrkan.se\/vandravagen\/2018\/02\/05\/att-bara-hem-ljus\/#breadcrumb\",\"itemListElement\":[{\"@type\":\"ListItem\",\"position\":1,\"name\":\"Hem\",\"item\":\"https:\/\/blogg.svenskakyrkan.se\/vandravagen\/\"},{\"@type\":\"ListItem\",\"position\":2,\"name\":\"Att b\u00e4ra hem ljus\"}]},{\"@type\":\"WebSite\",\"@id\":\"https:\/\/blogg.svenskakyrkan.se\/vandravagen\/#website\",\"url\":\"https:\/\/blogg.svenskakyrkan.se\/vandravagen\/\",\"name\":\"Vandra V\u00e4gen\",\"description\":\"-Mot en tro f\u00f6r hela livet\",\"publisher\":{\"@id\":\"https:\/\/blogg.svenskakyrkan.se\/vandravagen\/#organization\"},\"potentialAction\":[{\"@type\":\"SearchAction\",\"target\":{\"@type\":\"EntryPoint\",\"urlTemplate\":\"https:\/\/blogg.svenskakyrkan.se\/vandravagen\/?s={search_term_string}\"},\"query-input\":{\"@type\":\"PropertyValueSpecification\",\"valueRequired\":true,\"valueName\":\"search_term_string\"}}],\"inLanguage\":\"sv-SE\"},{\"@type\":\"Organization\",\"@id\":\"https:\/\/blogg.svenskakyrkan.se\/vandravagen\/#organization\",\"name\":\"ulricehamns pastorat\",\"alternateName\":\"ulricehamns pastorat\",\"url\":\"https:\/\/blogg.svenskakyrkan.se\/vandravagen\/\",\"logo\":{\"@type\":\"ImageObject\",\"inLanguage\":\"sv-SE\",\"@id\":\"https:\/\/blogg.svenskakyrkan.se\/vandravagen\/#\/schema\/logo\/image\/\",\"url\":\"https:\/\/blogg.svenskakyrkan.se\/vandravagen\/files\/2023\/05\/Ulr_logo_RGB.png\",\"contentUrl\":\"https:\/\/blogg.svenskakyrkan.se\/vandravagen\/files\/2023\/05\/Ulr_logo_RGB.png\",\"width\":205,\"height\":77,\"caption\":\"ulricehamns pastorat\"},\"image\":{\"@id\":\"https:\/\/blogg.svenskakyrkan.se\/vandravagen\/#\/schema\/logo\/image\/\"},\"sameAs\":[\"http:\/\/facebook.com\/vandravagen\",\"https:\/\/x.com\/fadertomas\",\"http:\/\/www.facebook.com\/svenskakyrkaniulricehamn\"]},{\"@type\":\"Person\",\"@id\":\"https:\/\/blogg.svenskakyrkan.se\/vandravagen\/#\/schema\/person\/25da02d4f76b137d04291711e2c9fc16\",\"name\":\"Tomas Jarvid\",\"image\":{\"@type\":\"ImageObject\",\"inLanguage\":\"sv-SE\",\"@id\":\"https:\/\/blogg.svenskakyrkan.se\/vandravagen\/#\/schema\/person\/image\/\",\"url\":\"https:\/\/secure.gravatar.com\/avatar\/7fa71899795e8f540f615a1f5ab25255dc27aa40f05ee7ddd21aac521e01bf50?s=96&d=identicon&r=g\",\"contentUrl\":\"https:\/\/secure.gravatar.com\/avatar\/7fa71899795e8f540f615a1f5ab25255dc27aa40f05ee7ddd21aac521e01bf50?s=96&d=identicon&r=g\",\"caption\":\"Tomas Jarvid\"},\"description\":\"Jag bor i Ulricehamn i V\u00e4sterg\u00f6tland och \u00e4r f\u00f6rsamlingspr\u00e4st i Svenska Kyrkan f\u00f6r Dalstorps f\u00f6rsamling i Kinds pastorat. P\u00e5 den h\u00e4r bloggen skriver jag ner tankar om vandringen som kristen.\",\"sameAs\":[\"http:\/\/www.vandravagen.se\"],\"url\":\"https:\/\/blogg.svenskakyrkan.se\/vandravagen\/author\/vandravagen\/\"}]}<\/script>\n<!-- \/ Yoast SEO plugin. -->","yoast_head_json":{"title":"Att b\u00e4ra hem ljus - Vandra V\u00e4gen","robots":{"index":"index","follow":"follow","max-snippet":"max-snippet:-1","max-image-preview":"max-image-preview:large","max-video-preview":"max-video-preview:-1"},"canonical":"https:\/\/blogg.svenskakyrkan.se\/vandravagen\/2018\/02\/05\/att-bara-hem-ljus\/","og_locale":"sv_SE","og_type":"article","og_title":"Att b\u00e4ra hem ljus - Vandra V\u00e4gen","og_description":"H\u00e4r \u00e4r min predikan fr\u00e5n ig\u00e5r. Jag h\u00f6ll den bara i Ljungsarp f\u00f6r i Dalstorp hade vi en mer barnanpassad variant d\u00e4r vi plockade saker ur en stor l\u00e5da. B\u00e5da gudstj\u00e4nsterna var hursomhelst v\u00e4ldigt fina. Hoppas det h\u00e4r kan vara till gl\u00e4dje f\u00f6r dig! &nbsp; Kyndelsm\u00e4ssodagen 2018 Ljungsarp P\u00e5 den m\u00f6rka medeltiden var det v\u00e4ldigt [&hellip;]","og_url":"https:\/\/blogg.svenskakyrkan.se\/vandravagen\/2018\/02\/05\/att-bara-hem-ljus\/","og_site_name":"Vandra V\u00e4gen","article_publisher":"http:\/\/facebook.com\/vandravagen","article_published_time":"2018-02-05T06:00:26+00:00","author":"Tomas Jarvid","twitter_card":"summary_large_image","twitter_creator":"@fadertomas","twitter_site":"@fadertomas","twitter_misc":{"Skriven av":"Tomas Jarvid","Ber\u00e4knad l\u00e4stid":"6 minuter"},"schema":{"@context":"https:\/\/schema.org","@graph":[{"@type":"Article","@id":"https:\/\/blogg.svenskakyrkan.se\/vandravagen\/2018\/02\/05\/att-bara-hem-ljus\/#article","isPartOf":{"@id":"https:\/\/blogg.svenskakyrkan.se\/vandravagen\/2018\/02\/05\/att-bara-hem-ljus\/"},"author":{"name":"Tomas Jarvid","@id":"https:\/\/blogg.svenskakyrkan.se\/vandravagen\/#\/schema\/person\/25da02d4f76b137d04291711e2c9fc16"},"headline":"Att b\u00e4ra hem ljus","datePublished":"2018-02-05T06:00:26+00:00","mainEntityOfPage":{"@id":"https:\/\/blogg.svenskakyrkan.se\/vandravagen\/2018\/02\/05\/att-bara-hem-ljus\/"},"wordCount":1246,"commentCount":2,"publisher":{"@id":"https:\/\/blogg.svenskakyrkan.se\/vandravagen\/#organization"},"image":{"@id":"https:\/\/blogg.svenskakyrkan.se\/vandravagen\/2018\/02\/05\/att-bara-hem-ljus\/#primaryimage"},"thumbnailUrl":"https:\/\/blogg.svenskakyrkan.se\/vandravagen\/files\/2018\/02\/IMG_4182.jpg","articleSection":["Dagens Kyrka","kyrko\u00e5ret","predikan"],"inLanguage":"sv-SE","potentialAction":[{"@type":"CommentAction","name":"Comment","target":["https:\/\/blogg.svenskakyrkan.se\/vandravagen\/2018\/02\/05\/att-bara-hem-ljus\/#respond"]}]},{"@type":"WebPage","@id":"https:\/\/blogg.svenskakyrkan.se\/vandravagen\/2018\/02\/05\/att-bara-hem-ljus\/","url":"https:\/\/blogg.svenskakyrkan.se\/vandravagen\/2018\/02\/05\/att-bara-hem-ljus\/","name":"Att b\u00e4ra hem ljus - Vandra V\u00e4gen","isPartOf":{"@id":"https:\/\/blogg.svenskakyrkan.se\/vandravagen\/#website"},"primaryImageOfPage":{"@id":"https:\/\/blogg.svenskakyrkan.se\/vandravagen\/2018\/02\/05\/att-bara-hem-ljus\/#primaryimage"},"image":{"@id":"https:\/\/blogg.svenskakyrkan.se\/vandravagen\/2018\/02\/05\/att-bara-hem-ljus\/#primaryimage"},"thumbnailUrl":"https:\/\/blogg.svenskakyrkan.se\/vandravagen\/files\/2018\/02\/IMG_4182.jpg","datePublished":"2018-02-05T06:00:26+00:00","breadcrumb":{"@id":"https:\/\/blogg.svenskakyrkan.se\/vandravagen\/2018\/02\/05\/att-bara-hem-ljus\/#breadcrumb"},"inLanguage":"sv-SE","potentialAction":[{"@type":"ReadAction","target":["https:\/\/blogg.svenskakyrkan.se\/vandravagen\/2018\/02\/05\/att-bara-hem-ljus\/"]}]},{"@type":"ImageObject","inLanguage":"sv-SE","@id":"https:\/\/blogg.svenskakyrkan.se\/vandravagen\/2018\/02\/05\/att-bara-hem-ljus\/#primaryimage","url":"https:\/\/blogg.svenskakyrkan.se\/vandravagen\/files\/2018\/02\/IMG_4182.jpg","contentUrl":"https:\/\/blogg.svenskakyrkan.se\/vandravagen\/files\/2018\/02\/IMG_4182.jpg","width":895,"height":990,"caption":"Bild av Jesus fr\u00e5n Uppenbarelseboken. Den som vandrar kring bland lampst\u00e4ll av Guld med ord som \u00e4r som tveeggade sv\u00e4rd."},{"@type":"BreadcrumbList","@id":"https:\/\/blogg.svenskakyrkan.se\/vandravagen\/2018\/02\/05\/att-bara-hem-ljus\/#breadcrumb","itemListElement":[{"@type":"ListItem","position":1,"name":"Hem","item":"https:\/\/blogg.svenskakyrkan.se\/vandravagen\/"},{"@type":"ListItem","position":2,"name":"Att b\u00e4ra hem ljus"}]},{"@type":"WebSite","@id":"https:\/\/blogg.svenskakyrkan.se\/vandravagen\/#website","url":"https:\/\/blogg.svenskakyrkan.se\/vandravagen\/","name":"Vandra V\u00e4gen","description":"-Mot en tro f\u00f6r hela livet","publisher":{"@id":"https:\/\/blogg.svenskakyrkan.se\/vandravagen\/#organization"},"potentialAction":[{"@type":"SearchAction","target":{"@type":"EntryPoint","urlTemplate":"https:\/\/blogg.svenskakyrkan.se\/vandravagen\/?s={search_term_string}"},"query-input":{"@type":"PropertyValueSpecification","valueRequired":true,"valueName":"search_term_string"}}],"inLanguage":"sv-SE"},{"@type":"Organization","@id":"https:\/\/blogg.svenskakyrkan.se\/vandravagen\/#organization","name":"ulricehamns pastorat","alternateName":"ulricehamns pastorat","url":"https:\/\/blogg.svenskakyrkan.se\/vandravagen\/","logo":{"@type":"ImageObject","inLanguage":"sv-SE","@id":"https:\/\/blogg.svenskakyrkan.se\/vandravagen\/#\/schema\/logo\/image\/","url":"https:\/\/blogg.svenskakyrkan.se\/vandravagen\/files\/2023\/05\/Ulr_logo_RGB.png","contentUrl":"https:\/\/blogg.svenskakyrkan.se\/vandravagen\/files\/2023\/05\/Ulr_logo_RGB.png","width":205,"height":77,"caption":"ulricehamns pastorat"},"image":{"@id":"https:\/\/blogg.svenskakyrkan.se\/vandravagen\/#\/schema\/logo\/image\/"},"sameAs":["http:\/\/facebook.com\/vandravagen","https:\/\/x.com\/fadertomas","http:\/\/www.facebook.com\/svenskakyrkaniulricehamn"]},{"@type":"Person","@id":"https:\/\/blogg.svenskakyrkan.se\/vandravagen\/#\/schema\/person\/25da02d4f76b137d04291711e2c9fc16","name":"Tomas Jarvid","image":{"@type":"ImageObject","inLanguage":"sv-SE","@id":"https:\/\/blogg.svenskakyrkan.se\/vandravagen\/#\/schema\/person\/image\/","url":"https:\/\/secure.gravatar.com\/avatar\/7fa71899795e8f540f615a1f5ab25255dc27aa40f05ee7ddd21aac521e01bf50?s=96&d=identicon&r=g","contentUrl":"https:\/\/secure.gravatar.com\/avatar\/7fa71899795e8f540f615a1f5ab25255dc27aa40f05ee7ddd21aac521e01bf50?s=96&d=identicon&r=g","caption":"Tomas Jarvid"},"description":"Jag bor i Ulricehamn i V\u00e4sterg\u00f6tland och \u00e4r f\u00f6rsamlingspr\u00e4st i Svenska Kyrkan f\u00f6r Dalstorps f\u00f6rsamling i Kinds pastorat. P\u00e5 den h\u00e4r bloggen skriver jag ner tankar om vandringen som kristen.","sameAs":["http:\/\/www.vandravagen.se"],"url":"https:\/\/blogg.svenskakyrkan.se\/vandravagen\/author\/vandravagen\/"}]}},"author_meta":{"ID":"392","user_nicename":"vandravagen","user_url":"http:\/\/www.vandravagen.se","user_registered":"2014-05-19 05:44:52","display_name":"Tomas Jarvid","first_name":"Tomas","last_name":"Jarvid","avatar":"https:\/\/secure.gravatar.com\/avatar\/7fa71899795e8f540f615a1f5ab25255dc27aa40f05ee7ddd21aac521e01bf50?s=96&d=identicon&r=g"},"featured_image":["https:\/\/blogg.svenskakyrkan.se\/vandravagen\/files\/2018\/02\/IMG_4182.jpg",895,990,false],"bloginfo":{"name":"Vandra V\u00e4gen","url":"https:\/\/blogg.svenskakyrkan.se\/vandravagen"},"_links":{"self":[{"href":"https:\/\/blogg.svenskakyrkan.se\/vandravagen\/wp-json\/wp\/v2\/posts\/6187","targetHints":{"allow":["GET"]}}],"collection":[{"href":"https:\/\/blogg.svenskakyrkan.se\/vandravagen\/wp-json\/wp\/v2\/posts"}],"about":[{"href":"https:\/\/blogg.svenskakyrkan.se\/vandravagen\/wp-json\/wp\/v2\/types\/post"}],"author":[{"embeddable":true,"href":"https:\/\/blogg.svenskakyrkan.se\/vandravagen\/wp-json\/wp\/v2\/users\/392"}],"replies":[{"embeddable":true,"href":"https:\/\/blogg.svenskakyrkan.se\/vandravagen\/wp-json\/wp\/v2\/comments?post=6187"}],"version-history":[{"count":1,"href":"https:\/\/blogg.svenskakyrkan.se\/vandravagen\/wp-json\/wp\/v2\/posts\/6187\/revisions"}],"predecessor-version":[{"id":6189,"href":"https:\/\/blogg.svenskakyrkan.se\/vandravagen\/wp-json\/wp\/v2\/posts\/6187\/revisions\/6189"}],"wp:featuredmedia":[{"embeddable":true,"href":"https:\/\/blogg.svenskakyrkan.se\/vandravagen\/wp-json\/wp\/v2\/media\/6188"}],"wp:attachment":[{"href":"https:\/\/blogg.svenskakyrkan.se\/vandravagen\/wp-json\/wp\/v2\/media?parent=6187"}],"wp:term":[{"taxonomy":"category","embeddable":true,"href":"https:\/\/blogg.svenskakyrkan.se\/vandravagen\/wp-json\/wp\/v2\/categories?post=6187"},{"taxonomy":"post_tag","embeddable":true,"href":"https:\/\/blogg.svenskakyrkan.se\/vandravagen\/wp-json\/wp\/v2\/tags?post=6187"}],"curies":[{"name":"wp","href":"https:\/\/api.w.org\/{rel}","templated":true}]}}