{"id":621,"date":"2013-04-12T18:10:00","date_gmt":"2013-04-12T16:10:00","guid":{"rendered":"http:\/\/blogg.svenskakyrkan.se\/vandravagen\/2013\/04\/12\/vaxtvark-om-att-bli-vuxen-utan-att-forlora-tron\/"},"modified":"2013-04-12T18:10:00","modified_gmt":"2013-04-12T16:10:00","slug":"vaxtvark-om-att-bli-vuxen-utan-att-forlora-tron","status":"publish","type":"post","link":"https:\/\/blogg.svenskakyrkan.se\/vandravagen\/2013\/04\/12\/vaxtvark-om-att-bli-vuxen-utan-att-forlora-tron\/","title":{"rendered":"V\u00e4xtv\u00e4rk -om att bli vuxen utan att f\u00f6rlora tron"},"content":{"rendered":"<div><\/div>\n<div><\/div>\n<div><\/div>\n<div>F\u00f6r m\u00e5nga \u00e4r v\u00e4gen fr\u00e5n barnatro till en egen, vuxen, tro krokig och sv\u00e5r. Det \u00e4r ett \u00e4mne jag t\u00e4nkt skriva om h\u00e4r p\u00e5 Vandra V\u00e4gen n\u00e5gon g\u00e5ng i framtiden och om du som l\u00e4ser vill bidra med n\u00e5gra tankar f\u00e5r du hemskt g\u00e4rna h\u00f6ra av dig.<\/div>\n<div><\/div>\n<div>Den 20 april (p\u00e5 min f\u00f6delsedag f\u00f6r \u00f6vrigt) kommer Carl-Henric Jaktlund och Michael Johnsson att framf\u00f6ra sin musik-och-pratf\u00f6rest\u00e4lling &#8221;V\u00e4xtv\u00e4rk&#8221; i Mariestads pingstkyrka. V\u00e4xtv\u00e4rk handlar just om det sv\u00e5ra i att \u00a0hitta en vuxen tro. Den har framf\u00f6rts p\u00e5 m\u00e5nga st\u00e4llen och s\u00e5vitt jag f\u00f6rst\u00e5r f\u00e5tt fantastiskt mycket lovord. Om du \u00e4r i de sena ton\u00e5ren eller de tidiga 20-\u00e5ren \u00e4r det troligt att de h\u00e4r fr\u00e5gorna \u00e4r br\u00e4nnande (det var de f\u00f6r mig) och bor man i G\u00f6tene \u00e4r det h\u00e4r den n\u00e4rmaste platsen att se den.\u00a0<\/div>\n<div><\/div>\n<div>Jag skulle g\u00e4rna se den sj\u00e4lv hoppas fler tar chansen. Gratis \u00e4r det ocks\u00e5.<\/div>\n<div><\/div>\n<div>Se p\u00e5 filmen ovan och titta p\u00e5 l\u00e4nkarna nedan f\u00f6r mer info.<\/div>\n<p><a href=\"http:\/\/www.blogger.com\/goog_2100547998\">http:\/\/www.facebook.com\/events\/416152731814879\/<\/a><br \/><a href=\"http:\/\/www.blogger.com\/goog_2100547998\"><br \/><\/a><a href=\"http:\/\/www.blogger.com\/goog_2100547998\">http:\/\/lindstromfunderingar.wordpress.com\/2012\/10\/09\/vaxtvark\/<\/a><br \/><a href=\"http:\/\/www.blogger.com\/goog_2100547998\"><br \/><\/a><a href=\"http:\/\/mariestadpingst.se\/blogg\/vaxtvark-20-april-i-mariestad\/\">http:\/\/mariestadpingst.se\/blogg\/vaxtvark-20-april-i-mariestad\/<\/a><\/p>\n","protected":false},"excerpt":{"rendered":"<p>F\u00f6r m\u00e5nga \u00e4r v\u00e4gen fr\u00e5n barnatro till en egen, vuxen, tro krokig och sv\u00e5r. Det \u00e4r ett \u00e4mne jag t\u00e4nkt skriva om h\u00e4r p\u00e5 Vandra V\u00e4gen n\u00e5gon g\u00e5ng i framtiden och om du som l\u00e4ser vill bidra med n\u00e5gra tankar f\u00e5r du hemskt g\u00e4rna h\u00f6ra av dig. Den 20 april (p\u00e5 min f\u00f6delsedag f\u00f6r \u00f6vrigt) [&hellip;]<\/p>\n","protected":false},"author":392,"featured_media":0,"comment_status":"open","ping_status":"open","sticky":false,"template":"","format":"standard","meta":{"_acf_changed":false,"footnotes":""},"categories":[75887,76766,46705,78493],"tags":[],"class_list":["post-621","post","type-post","status-publish","format-standard","hentry","category-andlighet","category-blandat","category-video","category-vittnesbord"],"acf":[],"yoast_head":"<!-- This site is optimized with the Yoast SEO plugin v27.1.1 - https:\/\/yoast.com\/product\/yoast-seo-wordpress\/ -->\n<title>V\u00e4xtv\u00e4rk -om att bli vuxen utan att f\u00f6rlora tron - Vandra V\u00e4gen<\/title>\n<meta name=\"robots\" content=\"index, follow, max-snippet:-1, max-image-preview:large, max-video-preview:-1\" \/>\n<link rel=\"canonical\" href=\"https:\/\/blogg.svenskakyrkan.se\/vandravagen\/2013\/04\/12\/vaxtvark-om-att-bli-vuxen-utan-att-forlora-tron\/\" \/>\n<meta property=\"og:locale\" content=\"sv_SE\" \/>\n<meta property=\"og:type\" content=\"article\" \/>\n<meta property=\"og:title\" content=\"V\u00e4xtv\u00e4rk -om att bli vuxen utan att f\u00f6rlora tron - Vandra V\u00e4gen\" \/>\n<meta property=\"og:description\" content=\"F\u00f6r m\u00e5nga \u00e4r v\u00e4gen fr\u00e5n barnatro till en egen, vuxen, tro krokig och sv\u00e5r. Det \u00e4r ett \u00e4mne jag t\u00e4nkt skriva om h\u00e4r p\u00e5 Vandra V\u00e4gen n\u00e5gon g\u00e5ng i framtiden och om du som l\u00e4ser vill bidra med n\u00e5gra tankar f\u00e5r du hemskt g\u00e4rna h\u00f6ra av dig. Den 20 april (p\u00e5 min f\u00f6delsedag f\u00f6r \u00f6vrigt) [&hellip;]\" \/>\n<meta property=\"og:url\" content=\"https:\/\/blogg.svenskakyrkan.se\/vandravagen\/2013\/04\/12\/vaxtvark-om-att-bli-vuxen-utan-att-forlora-tron\/\" \/>\n<meta property=\"og:site_name\" content=\"Vandra V\u00e4gen\" \/>\n<meta property=\"article:publisher\" content=\"http:\/\/facebook.com\/vandravagen\" \/>\n<meta property=\"article:published_time\" content=\"2013-04-12T16:10:00+00:00\" \/>\n<meta name=\"author\" content=\"Tomas Jarvid\" \/>\n<meta name=\"twitter:card\" content=\"summary_large_image\" \/>\n<meta name=\"twitter:creator\" content=\"@fadertomas\" \/>\n<meta name=\"twitter:site\" content=\"@fadertomas\" \/>\n<meta name=\"twitter:label1\" content=\"Skriven av\" \/>\n\t<meta name=\"twitter:data1\" content=\"Tomas Jarvid\" \/>\n\t<meta name=\"twitter:label2\" content=\"Ber\u00e4knad l\u00e4stid\" \/>\n\t<meta name=\"twitter:data2\" content=\"1 minut\" \/>\n<script type=\"application\/ld+json\" class=\"yoast-schema-graph\">{\"@context\":\"https:\/\/schema.org\",\"@graph\":[{\"@type\":\"Article\",\"@id\":\"https:\/\/blogg.svenskakyrkan.se\/vandravagen\/2013\/04\/12\/vaxtvark-om-att-bli-vuxen-utan-att-forlora-tron\/#article\",\"isPartOf\":{\"@id\":\"https:\/\/blogg.svenskakyrkan.se\/vandravagen\/2013\/04\/12\/vaxtvark-om-att-bli-vuxen-utan-att-forlora-tron\/\"},\"author\":{\"name\":\"Tomas Jarvid\",\"@id\":\"https:\/\/blogg.svenskakyrkan.se\/vandravagen\/#\/schema\/person\/25da02d4f76b137d04291711e2c9fc16\"},\"headline\":\"V\u00e4xtv\u00e4rk -om att bli vuxen utan att f\u00f6rlora tron\",\"datePublished\":\"2013-04-12T16:10:00+00:00\",\"mainEntityOfPage\":{\"@id\":\"https:\/\/blogg.svenskakyrkan.se\/vandravagen\/2013\/04\/12\/vaxtvark-om-att-bli-vuxen-utan-att-forlora-tron\/\"},\"wordCount\":232,\"commentCount\":0,\"publisher\":{\"@id\":\"https:\/\/blogg.svenskakyrkan.se\/vandravagen\/#organization\"},\"articleSection\":[\"andlighet\",\"blandat\",\"video\",\"vittnesb\u00f6rd\"],\"inLanguage\":\"sv-SE\",\"potentialAction\":[{\"@type\":\"CommentAction\",\"name\":\"Comment\",\"target\":[\"https:\/\/blogg.svenskakyrkan.se\/vandravagen\/2013\/04\/12\/vaxtvark-om-att-bli-vuxen-utan-att-forlora-tron\/#respond\"]}]},{\"@type\":\"WebPage\",\"@id\":\"https:\/\/blogg.svenskakyrkan.se\/vandravagen\/2013\/04\/12\/vaxtvark-om-att-bli-vuxen-utan-att-forlora-tron\/\",\"url\":\"https:\/\/blogg.svenskakyrkan.se\/vandravagen\/2013\/04\/12\/vaxtvark-om-att-bli-vuxen-utan-att-forlora-tron\/\",\"name\":\"V\u00e4xtv\u00e4rk -om att bli vuxen utan att f\u00f6rlora tron - Vandra V\u00e4gen\",\"isPartOf\":{\"@id\":\"https:\/\/blogg.svenskakyrkan.se\/vandravagen\/#website\"},\"datePublished\":\"2013-04-12T16:10:00+00:00\",\"breadcrumb\":{\"@id\":\"https:\/\/blogg.svenskakyrkan.se\/vandravagen\/2013\/04\/12\/vaxtvark-om-att-bli-vuxen-utan-att-forlora-tron\/#breadcrumb\"},\"inLanguage\":\"sv-SE\",\"potentialAction\":[{\"@type\":\"ReadAction\",\"target\":[\"https:\/\/blogg.svenskakyrkan.se\/vandravagen\/2013\/04\/12\/vaxtvark-om-att-bli-vuxen-utan-att-forlora-tron\/\"]}]},{\"@type\":\"BreadcrumbList\",\"@id\":\"https:\/\/blogg.svenskakyrkan.se\/vandravagen\/2013\/04\/12\/vaxtvark-om-att-bli-vuxen-utan-att-forlora-tron\/#breadcrumb\",\"itemListElement\":[{\"@type\":\"ListItem\",\"position\":1,\"name\":\"Hem\",\"item\":\"https:\/\/blogg.svenskakyrkan.se\/vandravagen\/\"},{\"@type\":\"ListItem\",\"position\":2,\"name\":\"V\u00e4xtv\u00e4rk -om att bli vuxen utan att f\u00f6rlora tron\"}]},{\"@type\":\"WebSite\",\"@id\":\"https:\/\/blogg.svenskakyrkan.se\/vandravagen\/#website\",\"url\":\"https:\/\/blogg.svenskakyrkan.se\/vandravagen\/\",\"name\":\"Vandra V\u00e4gen\",\"description\":\"-Mot en tro f\u00f6r hela livet\",\"publisher\":{\"@id\":\"https:\/\/blogg.svenskakyrkan.se\/vandravagen\/#organization\"},\"potentialAction\":[{\"@type\":\"SearchAction\",\"target\":{\"@type\":\"EntryPoint\",\"urlTemplate\":\"https:\/\/blogg.svenskakyrkan.se\/vandravagen\/?s={search_term_string}\"},\"query-input\":{\"@type\":\"PropertyValueSpecification\",\"valueRequired\":true,\"valueName\":\"search_term_string\"}}],\"inLanguage\":\"sv-SE\"},{\"@type\":\"Organization\",\"@id\":\"https:\/\/blogg.svenskakyrkan.se\/vandravagen\/#organization\",\"name\":\"ulricehamns pastorat\",\"alternateName\":\"ulricehamns pastorat\",\"url\":\"https:\/\/blogg.svenskakyrkan.se\/vandravagen\/\",\"logo\":{\"@type\":\"ImageObject\",\"inLanguage\":\"sv-SE\",\"@id\":\"https:\/\/blogg.svenskakyrkan.se\/vandravagen\/#\/schema\/logo\/image\/\",\"url\":\"https:\/\/blogg.svenskakyrkan.se\/vandravagen\/files\/2023\/05\/Ulr_logo_RGB.png\",\"contentUrl\":\"https:\/\/blogg.svenskakyrkan.se\/vandravagen\/files\/2023\/05\/Ulr_logo_RGB.png\",\"width\":205,\"height\":77,\"caption\":\"ulricehamns pastorat\"},\"image\":{\"@id\":\"https:\/\/blogg.svenskakyrkan.se\/vandravagen\/#\/schema\/logo\/image\/\"},\"sameAs\":[\"http:\/\/facebook.com\/vandravagen\",\"https:\/\/x.com\/fadertomas\",\"http:\/\/www.facebook.com\/svenskakyrkaniulricehamn\"]},{\"@type\":\"Person\",\"@id\":\"https:\/\/blogg.svenskakyrkan.se\/vandravagen\/#\/schema\/person\/25da02d4f76b137d04291711e2c9fc16\",\"name\":\"Tomas Jarvid\",\"image\":{\"@type\":\"ImageObject\",\"inLanguage\":\"sv-SE\",\"@id\":\"https:\/\/blogg.svenskakyrkan.se\/vandravagen\/#\/schema\/person\/image\/\",\"url\":\"https:\/\/secure.gravatar.com\/avatar\/7fa71899795e8f540f615a1f5ab25255dc27aa40f05ee7ddd21aac521e01bf50?s=96&d=identicon&r=g\",\"contentUrl\":\"https:\/\/secure.gravatar.com\/avatar\/7fa71899795e8f540f615a1f5ab25255dc27aa40f05ee7ddd21aac521e01bf50?s=96&d=identicon&r=g\",\"caption\":\"Tomas Jarvid\"},\"description\":\"Jag bor i Ulricehamn i V\u00e4sterg\u00f6tland och \u00e4r f\u00f6rsamlingspr\u00e4st i Svenska Kyrkan f\u00f6r Dalstorps f\u00f6rsamling i Kinds pastorat. P\u00e5 den h\u00e4r bloggen skriver jag ner tankar om vandringen som kristen.\",\"sameAs\":[\"http:\/\/www.vandravagen.se\"],\"url\":\"https:\/\/blogg.svenskakyrkan.se\/vandravagen\/author\/vandravagen\/\"}]}<\/script>\n<!-- \/ Yoast SEO plugin. -->","yoast_head_json":{"title":"V\u00e4xtv\u00e4rk -om att bli vuxen utan att f\u00f6rlora tron - Vandra V\u00e4gen","robots":{"index":"index","follow":"follow","max-snippet":"max-snippet:-1","max-image-preview":"max-image-preview:large","max-video-preview":"max-video-preview:-1"},"canonical":"https:\/\/blogg.svenskakyrkan.se\/vandravagen\/2013\/04\/12\/vaxtvark-om-att-bli-vuxen-utan-att-forlora-tron\/","og_locale":"sv_SE","og_type":"article","og_title":"V\u00e4xtv\u00e4rk -om att bli vuxen utan att f\u00f6rlora tron - Vandra V\u00e4gen","og_description":"F\u00f6r m\u00e5nga \u00e4r v\u00e4gen fr\u00e5n barnatro till en egen, vuxen, tro krokig och sv\u00e5r. Det \u00e4r ett \u00e4mne jag t\u00e4nkt skriva om h\u00e4r p\u00e5 Vandra V\u00e4gen n\u00e5gon g\u00e5ng i framtiden och om du som l\u00e4ser vill bidra med n\u00e5gra tankar f\u00e5r du hemskt g\u00e4rna h\u00f6ra av dig. Den 20 april (p\u00e5 min f\u00f6delsedag f\u00f6r \u00f6vrigt) [&hellip;]","og_url":"https:\/\/blogg.svenskakyrkan.se\/vandravagen\/2013\/04\/12\/vaxtvark-om-att-bli-vuxen-utan-att-forlora-tron\/","og_site_name":"Vandra V\u00e4gen","article_publisher":"http:\/\/facebook.com\/vandravagen","article_published_time":"2013-04-12T16:10:00+00:00","author":"Tomas Jarvid","twitter_card":"summary_large_image","twitter_creator":"@fadertomas","twitter_site":"@fadertomas","twitter_misc":{"Skriven av":"Tomas Jarvid","Ber\u00e4knad l\u00e4stid":"1 minut"},"schema":{"@context":"https:\/\/schema.org","@graph":[{"@type":"Article","@id":"https:\/\/blogg.svenskakyrkan.se\/vandravagen\/2013\/04\/12\/vaxtvark-om-att-bli-vuxen-utan-att-forlora-tron\/#article","isPartOf":{"@id":"https:\/\/blogg.svenskakyrkan.se\/vandravagen\/2013\/04\/12\/vaxtvark-om-att-bli-vuxen-utan-att-forlora-tron\/"},"author":{"name":"Tomas Jarvid","@id":"https:\/\/blogg.svenskakyrkan.se\/vandravagen\/#\/schema\/person\/25da02d4f76b137d04291711e2c9fc16"},"headline":"V\u00e4xtv\u00e4rk -om att bli vuxen utan att f\u00f6rlora tron","datePublished":"2013-04-12T16:10:00+00:00","mainEntityOfPage":{"@id":"https:\/\/blogg.svenskakyrkan.se\/vandravagen\/2013\/04\/12\/vaxtvark-om-att-bli-vuxen-utan-att-forlora-tron\/"},"wordCount":232,"commentCount":0,"publisher":{"@id":"https:\/\/blogg.svenskakyrkan.se\/vandravagen\/#organization"},"articleSection":["andlighet","blandat","video","vittnesb\u00f6rd"],"inLanguage":"sv-SE","potentialAction":[{"@type":"CommentAction","name":"Comment","target":["https:\/\/blogg.svenskakyrkan.se\/vandravagen\/2013\/04\/12\/vaxtvark-om-att-bli-vuxen-utan-att-forlora-tron\/#respond"]}]},{"@type":"WebPage","@id":"https:\/\/blogg.svenskakyrkan.se\/vandravagen\/2013\/04\/12\/vaxtvark-om-att-bli-vuxen-utan-att-forlora-tron\/","url":"https:\/\/blogg.svenskakyrkan.se\/vandravagen\/2013\/04\/12\/vaxtvark-om-att-bli-vuxen-utan-att-forlora-tron\/","name":"V\u00e4xtv\u00e4rk -om att bli vuxen utan att f\u00f6rlora tron - Vandra V\u00e4gen","isPartOf":{"@id":"https:\/\/blogg.svenskakyrkan.se\/vandravagen\/#website"},"datePublished":"2013-04-12T16:10:00+00:00","breadcrumb":{"@id":"https:\/\/blogg.svenskakyrkan.se\/vandravagen\/2013\/04\/12\/vaxtvark-om-att-bli-vuxen-utan-att-forlora-tron\/#breadcrumb"},"inLanguage":"sv-SE","potentialAction":[{"@type":"ReadAction","target":["https:\/\/blogg.svenskakyrkan.se\/vandravagen\/2013\/04\/12\/vaxtvark-om-att-bli-vuxen-utan-att-forlora-tron\/"]}]},{"@type":"BreadcrumbList","@id":"https:\/\/blogg.svenskakyrkan.se\/vandravagen\/2013\/04\/12\/vaxtvark-om-att-bli-vuxen-utan-att-forlora-tron\/#breadcrumb","itemListElement":[{"@type":"ListItem","position":1,"name":"Hem","item":"https:\/\/blogg.svenskakyrkan.se\/vandravagen\/"},{"@type":"ListItem","position":2,"name":"V\u00e4xtv\u00e4rk -om att bli vuxen utan att f\u00f6rlora tron"}]},{"@type":"WebSite","@id":"https:\/\/blogg.svenskakyrkan.se\/vandravagen\/#website","url":"https:\/\/blogg.svenskakyrkan.se\/vandravagen\/","name":"Vandra V\u00e4gen","description":"-Mot en tro f\u00f6r hela livet","publisher":{"@id":"https:\/\/blogg.svenskakyrkan.se\/vandravagen\/#organization"},"potentialAction":[{"@type":"SearchAction","target":{"@type":"EntryPoint","urlTemplate":"https:\/\/blogg.svenskakyrkan.se\/vandravagen\/?s={search_term_string}"},"query-input":{"@type":"PropertyValueSpecification","valueRequired":true,"valueName":"search_term_string"}}],"inLanguage":"sv-SE"},{"@type":"Organization","@id":"https:\/\/blogg.svenskakyrkan.se\/vandravagen\/#organization","name":"ulricehamns pastorat","alternateName":"ulricehamns pastorat","url":"https:\/\/blogg.svenskakyrkan.se\/vandravagen\/","logo":{"@type":"ImageObject","inLanguage":"sv-SE","@id":"https:\/\/blogg.svenskakyrkan.se\/vandravagen\/#\/schema\/logo\/image\/","url":"https:\/\/blogg.svenskakyrkan.se\/vandravagen\/files\/2023\/05\/Ulr_logo_RGB.png","contentUrl":"https:\/\/blogg.svenskakyrkan.se\/vandravagen\/files\/2023\/05\/Ulr_logo_RGB.png","width":205,"height":77,"caption":"ulricehamns pastorat"},"image":{"@id":"https:\/\/blogg.svenskakyrkan.se\/vandravagen\/#\/schema\/logo\/image\/"},"sameAs":["http:\/\/facebook.com\/vandravagen","https:\/\/x.com\/fadertomas","http:\/\/www.facebook.com\/svenskakyrkaniulricehamn"]},{"@type":"Person","@id":"https:\/\/blogg.svenskakyrkan.se\/vandravagen\/#\/schema\/person\/25da02d4f76b137d04291711e2c9fc16","name":"Tomas Jarvid","image":{"@type":"ImageObject","inLanguage":"sv-SE","@id":"https:\/\/blogg.svenskakyrkan.se\/vandravagen\/#\/schema\/person\/image\/","url":"https:\/\/secure.gravatar.com\/avatar\/7fa71899795e8f540f615a1f5ab25255dc27aa40f05ee7ddd21aac521e01bf50?s=96&d=identicon&r=g","contentUrl":"https:\/\/secure.gravatar.com\/avatar\/7fa71899795e8f540f615a1f5ab25255dc27aa40f05ee7ddd21aac521e01bf50?s=96&d=identicon&r=g","caption":"Tomas Jarvid"},"description":"Jag bor i Ulricehamn i V\u00e4sterg\u00f6tland och \u00e4r f\u00f6rsamlingspr\u00e4st i Svenska Kyrkan f\u00f6r Dalstorps f\u00f6rsamling i Kinds pastorat. P\u00e5 den h\u00e4r bloggen skriver jag ner tankar om vandringen som kristen.","sameAs":["http:\/\/www.vandravagen.se"],"url":"https:\/\/blogg.svenskakyrkan.se\/vandravagen\/author\/vandravagen\/"}]}},"author_meta":{"ID":"392","user_nicename":"vandravagen","user_url":"http:\/\/www.vandravagen.se","user_registered":"2014-05-19 05:44:52","display_name":"Tomas Jarvid","first_name":"Tomas","last_name":"Jarvid","avatar":"https:\/\/secure.gravatar.com\/avatar\/7fa71899795e8f540f615a1f5ab25255dc27aa40f05ee7ddd21aac521e01bf50?s=96&d=identicon&r=g"},"featured_image":false,"bloginfo":{"name":"Vandra V\u00e4gen","url":"https:\/\/blogg.svenskakyrkan.se\/vandravagen"},"_links":{"self":[{"href":"https:\/\/blogg.svenskakyrkan.se\/vandravagen\/wp-json\/wp\/v2\/posts\/621","targetHints":{"allow":["GET"]}}],"collection":[{"href":"https:\/\/blogg.svenskakyrkan.se\/vandravagen\/wp-json\/wp\/v2\/posts"}],"about":[{"href":"https:\/\/blogg.svenskakyrkan.se\/vandravagen\/wp-json\/wp\/v2\/types\/post"}],"author":[{"embeddable":true,"href":"https:\/\/blogg.svenskakyrkan.se\/vandravagen\/wp-json\/wp\/v2\/users\/392"}],"replies":[{"embeddable":true,"href":"https:\/\/blogg.svenskakyrkan.se\/vandravagen\/wp-json\/wp\/v2\/comments?post=621"}],"version-history":[{"count":0,"href":"https:\/\/blogg.svenskakyrkan.se\/vandravagen\/wp-json\/wp\/v2\/posts\/621\/revisions"}],"wp:attachment":[{"href":"https:\/\/blogg.svenskakyrkan.se\/vandravagen\/wp-json\/wp\/v2\/media?parent=621"}],"wp:term":[{"taxonomy":"category","embeddable":true,"href":"https:\/\/blogg.svenskakyrkan.se\/vandravagen\/wp-json\/wp\/v2\/categories?post=621"},{"taxonomy":"post_tag","embeddable":true,"href":"https:\/\/blogg.svenskakyrkan.se\/vandravagen\/wp-json\/wp\/v2\/tags?post=621"}],"curies":[{"name":"wp","href":"https:\/\/api.w.org\/{rel}","templated":true}]}}