{"id":622,"date":"2013-04-12T08:28:00","date_gmt":"2013-04-12T06:28:00","guid":{"rendered":"http:\/\/blogg.svenskakyrkan.se\/vandravagen\/2013\/04\/12\/marcus-gastbloggar-om-gudstjanstens-relationer\/"},"modified":"2013-04-12T08:28:00","modified_gmt":"2013-04-12T06:28:00","slug":"marcus-gastbloggar-om-gudstjanstens-relationer","status":"publish","type":"post","link":"https:\/\/blogg.svenskakyrkan.se\/vandravagen\/2013\/04\/12\/marcus-gastbloggar-om-gudstjanstens-relationer\/","title":{"rendered":"Marcus g\u00e4stbloggar om gudstj\u00e4nstens relationer"},"content":{"rendered":"<div>F\u00f6r ett tag sedan bad jag min v\u00e4n Marcus Landegren Thurfjell att skriva n\u00e5got f\u00f6r Vandra V\u00e4gen. G\u00e4rna om gudstj\u00e4nst. Nu har han gjort det och h\u00e4r \u00e4r nu resultatet! Det handlar om olika relationer som \u00e4r aktuella i gudstj\u00e4nsten, l\u00e4s noga!<\/div>\n<div><\/div>\n<div><\/div>\n<div><a href=\"http:\/\/images-onepick-opensocial.googleusercontent.com\/gadgets\/proxy?container=onepick&amp;gadget=a&amp;rewriteMime=image%2F*&amp;url=http%3A%2F%2Fsphotos-d.ak.fbcdn.net%2Fhphotos-ak-snc7%2F427426_10150587680217045_1582823664_n.jpg\"><img loading=\"lazy\" decoding=\"async\" border=\"0\" height=\"400\" src=\"http:\/\/images-onepick-opensocial.googleusercontent.com\/gadgets\/proxy?container=onepick&amp;gadget=a&amp;rewriteMime=image%2F*&amp;url=http%3A%2F%2Fsphotos-d.ak.fbcdn.net%2Fhphotos-ak-snc7%2F427426_10150587680217045_1582823664_n.jpg\" width=\"297\"><\/a><\/div>\n<p>N\u00e4r jag nu f\u00e5r fr\u00e5gan om gudstj\u00e4nsten \u00e4r f\u00f6r mig s\u00e5 v\u00e4ljer jag att utg\u00e5 ifr\u00e5n gemenskapsdimensionen. Och jag t\u00e4nker mig att man kan se gemenskapen i fem dimensioner. <\/p>\n<p>1. Den f\u00f6rsta \u00e4r min egen gemenskap med Gud. Jag g\u00e5r till en gudstj\u00e4nst\/m\u00e4ssa f\u00f6r att f\u00e5 \u00e4ra Gud, h\u00f6ra ordet predikas och m\u00f6ta Kristus i ordet, br\u00f6det och vinet och p\u00e5 s\u00e5 f\u00f6rdjupa min personliga gemenskap med Gud den Treenige. Gudstj\u00e4nsten ger n\u00e4rning \u00e5t mig att leva ut min tro i vardagen och fokusera p\u00e5 bon, bibell\u00e4sning och helgelse. Det ger mig ocks\u00e5 kraft att f\u00f6rs\u00f6ka h\u00e5lla de bud jag f\u00e5tt, men ocks\u00e5 n\u00e5den d\u00e5 jag faller. <\/p>\n<p>2. I den andra dimensionen s\u00e5 \u00e4r jag del i en gemenskap som tillsammans upph\u00f6jer v\u00e5r Gud. Jag m\u00f6ter andra som \u00e4r mina br\u00f6der och systrar och vi f\u00e5r tillsammans s\u00f6ka Gud i gudstj\u00e4nsten. (D\u00e4r tv\u00e5 eller tre \u00e4r samlade i mitt namn, d\u00e4r \u00e4r ocks\u00e5 jag, s\u00e4ger Jesus) I den gudstj\u00e4nstfirande f\u00f6rsamlingens gemenskap f\u00e5r jag ocks\u00e5 m\u00f6jlighet att tj\u00e4na andra med det som jag har. <\/p>\n<p>3. Att man ocks\u00e5 \u00e4r del av den v\u00e4rldsvida kyrkan. I v\u00e5r Svenska Kyrka s\u00e5 firar alla f\u00f6rsamlingar\/pasotorat oftatst en huvudgudstj\u00e4nst p\u00e5 samma tid. S\u00e5 n\u00e4r vi firar Gudstj\u00e4nst s\u00e5 \u00e4r vi ocks\u00e5 f\u00f6renade med andra m\u00e4nniskor p\u00e5 andra geografiska platser i ett gemensamt m\u00e5l att kommma och leva inf\u00f6r Guds ansikte. Och det \u00e4r inte bara Svenska Kyrkan utan hela den ekumeniska kroppen. H\u00e4r finns m\u00e5nga samfund som delar samma gemenskap. <\/p>\n<p>4. Genom tiderna har det firats tusen och \u00e5ter tusen gudstj\u00e4nster. Vi f\u00e5r \u00e4ven gemenskap med dem som firat l\u00e5ngt f\u00f6re oss. Vi st\u00e5r i en tradition, en historia som forts\u00e4tter. Grundstommen f\u00f6r hur en gudstj\u00e4nst\/m\u00e4ssa \u00e4r uppbyggd har i princip varit densamma i 2000 \u00e5r. Jag upplever att detta ger en kraft och styrka d\u00e5 det s\u00e4tter mig i relation till hela kyrkans historiska uttryck. <\/p>\n<p>5. Den femte och sista \u00e4r den himmelska gudstj\u00e4nsten. F\u00f6r n\u00e4r vi firar gudstj\u00e4nst, d\u00e4r och d\u00e5 f\u00f6renas det himmelska och det jordiska s\u00e5 som det en g\u00e5ng var (innan syndafallet) och s\u00e5 som det en g\u00e5ng skall permanent bli efter Jesu \u00e5terkomst. Det \u00e4r det gudstj\u00e4nsten ger oss styrka till. Att leva p\u00e5 ett s\u00e4tt d\u00e4r vi \u00e4r Guds medarbetare att \u00e5ter f\u00f6rena det himmelska och det jordiska s\u00e5 som det skall vara.<\/p>\n","protected":false},"excerpt":{"rendered":"<p>F\u00f6r ett tag sedan bad jag min v\u00e4n Marcus Landegren Thurfjell att skriva n\u00e5got f\u00f6r Vandra V\u00e4gen. G\u00e4rna om gudstj\u00e4nst. Nu har han gjort det och h\u00e4r \u00e4r nu resultatet! Det handlar om olika relationer som \u00e4r aktuella i gudstj\u00e4nsten, l\u00e4s noga! N\u00e4r jag nu f\u00e5r fr\u00e5gan om gudstj\u00e4nsten \u00e4r f\u00f6r mig s\u00e5 v\u00e4ljer jag [&hellip;]<\/p>\n","protected":false},"author":392,"featured_media":0,"comment_status":"open","ping_status":"open","sticky":false,"template":"","format":"standard","meta":{"_acf_changed":false,"footnotes":""},"categories":[17359,8265],"tags":[],"class_list":["post-622","post","type-post","status-publish","format-standard","hentry","category-gastbloggare","category-gudstjanst"],"acf":[],"yoast_head":"<!-- This site is optimized with the Yoast SEO plugin v27.1.1 - https:\/\/yoast.com\/product\/yoast-seo-wordpress\/ -->\n<title>Marcus g\u00e4stbloggar om gudstj\u00e4nstens relationer - Vandra V\u00e4gen<\/title>\n<meta name=\"robots\" content=\"index, follow, max-snippet:-1, max-image-preview:large, max-video-preview:-1\" \/>\n<link rel=\"canonical\" href=\"https:\/\/blogg.svenskakyrkan.se\/vandravagen\/2013\/04\/12\/marcus-gastbloggar-om-gudstjanstens-relationer\/\" \/>\n<meta property=\"og:locale\" content=\"sv_SE\" \/>\n<meta property=\"og:type\" content=\"article\" \/>\n<meta property=\"og:title\" content=\"Marcus g\u00e4stbloggar om gudstj\u00e4nstens relationer - Vandra V\u00e4gen\" \/>\n<meta property=\"og:description\" content=\"F\u00f6r ett tag sedan bad jag min v\u00e4n Marcus Landegren Thurfjell att skriva n\u00e5got f\u00f6r Vandra V\u00e4gen. G\u00e4rna om gudstj\u00e4nst. Nu har han gjort det och h\u00e4r \u00e4r nu resultatet! Det handlar om olika relationer som \u00e4r aktuella i gudstj\u00e4nsten, l\u00e4s noga! N\u00e4r jag nu f\u00e5r fr\u00e5gan om gudstj\u00e4nsten \u00e4r f\u00f6r mig s\u00e5 v\u00e4ljer jag [&hellip;]\" \/>\n<meta property=\"og:url\" content=\"https:\/\/blogg.svenskakyrkan.se\/vandravagen\/2013\/04\/12\/marcus-gastbloggar-om-gudstjanstens-relationer\/\" \/>\n<meta property=\"og:site_name\" content=\"Vandra V\u00e4gen\" \/>\n<meta property=\"article:publisher\" content=\"http:\/\/facebook.com\/vandravagen\" \/>\n<meta property=\"article:published_time\" content=\"2013-04-12T06:28:00+00:00\" \/>\n<meta property=\"og:image\" content=\"http:\/\/images-onepick-opensocial.googleusercontent.com\/gadgets\/proxy?container=onepick&amp;gadget=a&amp;rewriteMime=image%2F*&amp;url=http%3A%2F%2Fsphotos-d.ak.fbcdn.net%2Fhphotos-ak-snc7%2F427426_10150587680217045_1582823664_n.jpg\" \/>\n<meta name=\"author\" content=\"Tomas Jarvid\" \/>\n<meta name=\"twitter:card\" content=\"summary_large_image\" \/>\n<meta name=\"twitter:creator\" content=\"@fadertomas\" \/>\n<meta name=\"twitter:site\" content=\"@fadertomas\" \/>\n<meta name=\"twitter:label1\" content=\"Skriven av\" \/>\n\t<meta name=\"twitter:data1\" content=\"Tomas Jarvid\" \/>\n\t<meta name=\"twitter:label2\" content=\"Ber\u00e4knad l\u00e4stid\" \/>\n\t<meta name=\"twitter:data2\" content=\"3 minuter\" \/>\n<script type=\"application\/ld+json\" class=\"yoast-schema-graph\">{\"@context\":\"https:\/\/schema.org\",\"@graph\":[{\"@type\":\"Article\",\"@id\":\"https:\/\/blogg.svenskakyrkan.se\/vandravagen\/2013\/04\/12\/marcus-gastbloggar-om-gudstjanstens-relationer\/#article\",\"isPartOf\":{\"@id\":\"https:\/\/blogg.svenskakyrkan.se\/vandravagen\/2013\/04\/12\/marcus-gastbloggar-om-gudstjanstens-relationer\/\"},\"author\":{\"name\":\"Tomas Jarvid\",\"@id\":\"https:\/\/blogg.svenskakyrkan.se\/vandravagen\/#\/schema\/person\/25da02d4f76b137d04291711e2c9fc16\"},\"headline\":\"Marcus g\u00e4stbloggar om gudstj\u00e4nstens relationer\",\"datePublished\":\"2013-04-12T06:28:00+00:00\",\"mainEntityOfPage\":{\"@id\":\"https:\/\/blogg.svenskakyrkan.se\/vandravagen\/2013\/04\/12\/marcus-gastbloggar-om-gudstjanstens-relationer\/\"},\"wordCount\":515,\"commentCount\":0,\"publisher\":{\"@id\":\"https:\/\/blogg.svenskakyrkan.se\/vandravagen\/#organization\"},\"image\":{\"@id\":\"https:\/\/blogg.svenskakyrkan.se\/vandravagen\/2013\/04\/12\/marcus-gastbloggar-om-gudstjanstens-relationer\/#primaryimage\"},\"thumbnailUrl\":\"http:\/\/images-onepick-opensocial.googleusercontent.com\/gadgets\/proxy?container=onepick&amp;gadget=a&amp;rewriteMime=image%2F*&amp;url=http%3A%2F%2Fsphotos-d.ak.fbcdn.net%2Fhphotos-ak-snc7%2F427426_10150587680217045_1582823664_n.jpg\",\"articleSection\":[\"g\u00e4stbloggare\",\"Gudstj\u00e4nst\"],\"inLanguage\":\"sv-SE\",\"potentialAction\":[{\"@type\":\"CommentAction\",\"name\":\"Comment\",\"target\":[\"https:\/\/blogg.svenskakyrkan.se\/vandravagen\/2013\/04\/12\/marcus-gastbloggar-om-gudstjanstens-relationer\/#respond\"]}]},{\"@type\":\"WebPage\",\"@id\":\"https:\/\/blogg.svenskakyrkan.se\/vandravagen\/2013\/04\/12\/marcus-gastbloggar-om-gudstjanstens-relationer\/\",\"url\":\"https:\/\/blogg.svenskakyrkan.se\/vandravagen\/2013\/04\/12\/marcus-gastbloggar-om-gudstjanstens-relationer\/\",\"name\":\"Marcus g\u00e4stbloggar om gudstj\u00e4nstens relationer - Vandra V\u00e4gen\",\"isPartOf\":{\"@id\":\"https:\/\/blogg.svenskakyrkan.se\/vandravagen\/#website\"},\"primaryImageOfPage\":{\"@id\":\"https:\/\/blogg.svenskakyrkan.se\/vandravagen\/2013\/04\/12\/marcus-gastbloggar-om-gudstjanstens-relationer\/#primaryimage\"},\"image\":{\"@id\":\"https:\/\/blogg.svenskakyrkan.se\/vandravagen\/2013\/04\/12\/marcus-gastbloggar-om-gudstjanstens-relationer\/#primaryimage\"},\"thumbnailUrl\":\"http:\/\/images-onepick-opensocial.googleusercontent.com\/gadgets\/proxy?container=onepick&amp;gadget=a&amp;rewriteMime=image%2F*&amp;url=http%3A%2F%2Fsphotos-d.ak.fbcdn.net%2Fhphotos-ak-snc7%2F427426_10150587680217045_1582823664_n.jpg\",\"datePublished\":\"2013-04-12T06:28:00+00:00\",\"breadcrumb\":{\"@id\":\"https:\/\/blogg.svenskakyrkan.se\/vandravagen\/2013\/04\/12\/marcus-gastbloggar-om-gudstjanstens-relationer\/#breadcrumb\"},\"inLanguage\":\"sv-SE\",\"potentialAction\":[{\"@type\":\"ReadAction\",\"target\":[\"https:\/\/blogg.svenskakyrkan.se\/vandravagen\/2013\/04\/12\/marcus-gastbloggar-om-gudstjanstens-relationer\/\"]}]},{\"@type\":\"ImageObject\",\"inLanguage\":\"sv-SE\",\"@id\":\"https:\/\/blogg.svenskakyrkan.se\/vandravagen\/2013\/04\/12\/marcus-gastbloggar-om-gudstjanstens-relationer\/#primaryimage\",\"url\":\"http:\/\/images-onepick-opensocial.googleusercontent.com\/gadgets\/proxy?container=onepick&amp;gadget=a&amp;rewriteMime=image%2F*&amp;url=http%3A%2F%2Fsphotos-d.ak.fbcdn.net%2Fhphotos-ak-snc7%2F427426_10150587680217045_1582823664_n.jpg\",\"contentUrl\":\"http:\/\/images-onepick-opensocial.googleusercontent.com\/gadgets\/proxy?container=onepick&amp;gadget=a&amp;rewriteMime=image%2F*&amp;url=http%3A%2F%2Fsphotos-d.ak.fbcdn.net%2Fhphotos-ak-snc7%2F427426_10150587680217045_1582823664_n.jpg\"},{\"@type\":\"BreadcrumbList\",\"@id\":\"https:\/\/blogg.svenskakyrkan.se\/vandravagen\/2013\/04\/12\/marcus-gastbloggar-om-gudstjanstens-relationer\/#breadcrumb\",\"itemListElement\":[{\"@type\":\"ListItem\",\"position\":1,\"name\":\"Hem\",\"item\":\"https:\/\/blogg.svenskakyrkan.se\/vandravagen\/\"},{\"@type\":\"ListItem\",\"position\":2,\"name\":\"Marcus g\u00e4stbloggar om gudstj\u00e4nstens relationer\"}]},{\"@type\":\"WebSite\",\"@id\":\"https:\/\/blogg.svenskakyrkan.se\/vandravagen\/#website\",\"url\":\"https:\/\/blogg.svenskakyrkan.se\/vandravagen\/\",\"name\":\"Vandra V\u00e4gen\",\"description\":\"-Mot en tro f\u00f6r hela livet\",\"publisher\":{\"@id\":\"https:\/\/blogg.svenskakyrkan.se\/vandravagen\/#organization\"},\"potentialAction\":[{\"@type\":\"SearchAction\",\"target\":{\"@type\":\"EntryPoint\",\"urlTemplate\":\"https:\/\/blogg.svenskakyrkan.se\/vandravagen\/?s={search_term_string}\"},\"query-input\":{\"@type\":\"PropertyValueSpecification\",\"valueRequired\":true,\"valueName\":\"search_term_string\"}}],\"inLanguage\":\"sv-SE\"},{\"@type\":\"Organization\",\"@id\":\"https:\/\/blogg.svenskakyrkan.se\/vandravagen\/#organization\",\"name\":\"ulricehamns pastorat\",\"alternateName\":\"ulricehamns pastorat\",\"url\":\"https:\/\/blogg.svenskakyrkan.se\/vandravagen\/\",\"logo\":{\"@type\":\"ImageObject\",\"inLanguage\":\"sv-SE\",\"@id\":\"https:\/\/blogg.svenskakyrkan.se\/vandravagen\/#\/schema\/logo\/image\/\",\"url\":\"https:\/\/blogg.svenskakyrkan.se\/vandravagen\/files\/2023\/05\/Ulr_logo_RGB.png\",\"contentUrl\":\"https:\/\/blogg.svenskakyrkan.se\/vandravagen\/files\/2023\/05\/Ulr_logo_RGB.png\",\"width\":205,\"height\":77,\"caption\":\"ulricehamns pastorat\"},\"image\":{\"@id\":\"https:\/\/blogg.svenskakyrkan.se\/vandravagen\/#\/schema\/logo\/image\/\"},\"sameAs\":[\"http:\/\/facebook.com\/vandravagen\",\"https:\/\/x.com\/fadertomas\",\"http:\/\/www.facebook.com\/svenskakyrkaniulricehamn\"]},{\"@type\":\"Person\",\"@id\":\"https:\/\/blogg.svenskakyrkan.se\/vandravagen\/#\/schema\/person\/25da02d4f76b137d04291711e2c9fc16\",\"name\":\"Tomas Jarvid\",\"image\":{\"@type\":\"ImageObject\",\"inLanguage\":\"sv-SE\",\"@id\":\"https:\/\/blogg.svenskakyrkan.se\/vandravagen\/#\/schema\/person\/image\/\",\"url\":\"https:\/\/secure.gravatar.com\/avatar\/7fa71899795e8f540f615a1f5ab25255dc27aa40f05ee7ddd21aac521e01bf50?s=96&d=identicon&r=g\",\"contentUrl\":\"https:\/\/secure.gravatar.com\/avatar\/7fa71899795e8f540f615a1f5ab25255dc27aa40f05ee7ddd21aac521e01bf50?s=96&d=identicon&r=g\",\"caption\":\"Tomas Jarvid\"},\"description\":\"Jag bor i Ulricehamn i V\u00e4sterg\u00f6tland och \u00e4r f\u00f6rsamlingspr\u00e4st i Svenska Kyrkan f\u00f6r Dalstorps f\u00f6rsamling i Kinds pastorat. P\u00e5 den h\u00e4r bloggen skriver jag ner tankar om vandringen som kristen.\",\"sameAs\":[\"http:\/\/www.vandravagen.se\"],\"url\":\"https:\/\/blogg.svenskakyrkan.se\/vandravagen\/author\/vandravagen\/\"}]}<\/script>\n<!-- \/ Yoast SEO plugin. -->","yoast_head_json":{"title":"Marcus g\u00e4stbloggar om gudstj\u00e4nstens relationer - Vandra V\u00e4gen","robots":{"index":"index","follow":"follow","max-snippet":"max-snippet:-1","max-image-preview":"max-image-preview:large","max-video-preview":"max-video-preview:-1"},"canonical":"https:\/\/blogg.svenskakyrkan.se\/vandravagen\/2013\/04\/12\/marcus-gastbloggar-om-gudstjanstens-relationer\/","og_locale":"sv_SE","og_type":"article","og_title":"Marcus g\u00e4stbloggar om gudstj\u00e4nstens relationer - Vandra V\u00e4gen","og_description":"F\u00f6r ett tag sedan bad jag min v\u00e4n Marcus Landegren Thurfjell att skriva n\u00e5got f\u00f6r Vandra V\u00e4gen. G\u00e4rna om gudstj\u00e4nst. Nu har han gjort det och h\u00e4r \u00e4r nu resultatet! Det handlar om olika relationer som \u00e4r aktuella i gudstj\u00e4nsten, l\u00e4s noga! N\u00e4r jag nu f\u00e5r fr\u00e5gan om gudstj\u00e4nsten \u00e4r f\u00f6r mig s\u00e5 v\u00e4ljer jag [&hellip;]","og_url":"https:\/\/blogg.svenskakyrkan.se\/vandravagen\/2013\/04\/12\/marcus-gastbloggar-om-gudstjanstens-relationer\/","og_site_name":"Vandra V\u00e4gen","article_publisher":"http:\/\/facebook.com\/vandravagen","article_published_time":"2013-04-12T06:28:00+00:00","og_image":[{"url":"http:\/\/images-onepick-opensocial.googleusercontent.com\/gadgets\/proxy?container=onepick&amp;gadget=a&amp;rewriteMime=image%2F*&amp;url=http%3A%2F%2Fsphotos-d.ak.fbcdn.net%2Fhphotos-ak-snc7%2F427426_10150587680217045_1582823664_n.jpg","type":"","width":"","height":""}],"author":"Tomas Jarvid","twitter_card":"summary_large_image","twitter_creator":"@fadertomas","twitter_site":"@fadertomas","twitter_misc":{"Skriven av":"Tomas Jarvid","Ber\u00e4knad l\u00e4stid":"3 minuter"},"schema":{"@context":"https:\/\/schema.org","@graph":[{"@type":"Article","@id":"https:\/\/blogg.svenskakyrkan.se\/vandravagen\/2013\/04\/12\/marcus-gastbloggar-om-gudstjanstens-relationer\/#article","isPartOf":{"@id":"https:\/\/blogg.svenskakyrkan.se\/vandravagen\/2013\/04\/12\/marcus-gastbloggar-om-gudstjanstens-relationer\/"},"author":{"name":"Tomas Jarvid","@id":"https:\/\/blogg.svenskakyrkan.se\/vandravagen\/#\/schema\/person\/25da02d4f76b137d04291711e2c9fc16"},"headline":"Marcus g\u00e4stbloggar om gudstj\u00e4nstens relationer","datePublished":"2013-04-12T06:28:00+00:00","mainEntityOfPage":{"@id":"https:\/\/blogg.svenskakyrkan.se\/vandravagen\/2013\/04\/12\/marcus-gastbloggar-om-gudstjanstens-relationer\/"},"wordCount":515,"commentCount":0,"publisher":{"@id":"https:\/\/blogg.svenskakyrkan.se\/vandravagen\/#organization"},"image":{"@id":"https:\/\/blogg.svenskakyrkan.se\/vandravagen\/2013\/04\/12\/marcus-gastbloggar-om-gudstjanstens-relationer\/#primaryimage"},"thumbnailUrl":"http:\/\/images-onepick-opensocial.googleusercontent.com\/gadgets\/proxy?container=onepick&amp;gadget=a&amp;rewriteMime=image%2F*&amp;url=http%3A%2F%2Fsphotos-d.ak.fbcdn.net%2Fhphotos-ak-snc7%2F427426_10150587680217045_1582823664_n.jpg","articleSection":["g\u00e4stbloggare","Gudstj\u00e4nst"],"inLanguage":"sv-SE","potentialAction":[{"@type":"CommentAction","name":"Comment","target":["https:\/\/blogg.svenskakyrkan.se\/vandravagen\/2013\/04\/12\/marcus-gastbloggar-om-gudstjanstens-relationer\/#respond"]}]},{"@type":"WebPage","@id":"https:\/\/blogg.svenskakyrkan.se\/vandravagen\/2013\/04\/12\/marcus-gastbloggar-om-gudstjanstens-relationer\/","url":"https:\/\/blogg.svenskakyrkan.se\/vandravagen\/2013\/04\/12\/marcus-gastbloggar-om-gudstjanstens-relationer\/","name":"Marcus g\u00e4stbloggar om gudstj\u00e4nstens relationer - Vandra V\u00e4gen","isPartOf":{"@id":"https:\/\/blogg.svenskakyrkan.se\/vandravagen\/#website"},"primaryImageOfPage":{"@id":"https:\/\/blogg.svenskakyrkan.se\/vandravagen\/2013\/04\/12\/marcus-gastbloggar-om-gudstjanstens-relationer\/#primaryimage"},"image":{"@id":"https:\/\/blogg.svenskakyrkan.se\/vandravagen\/2013\/04\/12\/marcus-gastbloggar-om-gudstjanstens-relationer\/#primaryimage"},"thumbnailUrl":"http:\/\/images-onepick-opensocial.googleusercontent.com\/gadgets\/proxy?container=onepick&amp;gadget=a&amp;rewriteMime=image%2F*&amp;url=http%3A%2F%2Fsphotos-d.ak.fbcdn.net%2Fhphotos-ak-snc7%2F427426_10150587680217045_1582823664_n.jpg","datePublished":"2013-04-12T06:28:00+00:00","breadcrumb":{"@id":"https:\/\/blogg.svenskakyrkan.se\/vandravagen\/2013\/04\/12\/marcus-gastbloggar-om-gudstjanstens-relationer\/#breadcrumb"},"inLanguage":"sv-SE","potentialAction":[{"@type":"ReadAction","target":["https:\/\/blogg.svenskakyrkan.se\/vandravagen\/2013\/04\/12\/marcus-gastbloggar-om-gudstjanstens-relationer\/"]}]},{"@type":"ImageObject","inLanguage":"sv-SE","@id":"https:\/\/blogg.svenskakyrkan.se\/vandravagen\/2013\/04\/12\/marcus-gastbloggar-om-gudstjanstens-relationer\/#primaryimage","url":"http:\/\/images-onepick-opensocial.googleusercontent.com\/gadgets\/proxy?container=onepick&amp;gadget=a&amp;rewriteMime=image%2F*&amp;url=http%3A%2F%2Fsphotos-d.ak.fbcdn.net%2Fhphotos-ak-snc7%2F427426_10150587680217045_1582823664_n.jpg","contentUrl":"http:\/\/images-onepick-opensocial.googleusercontent.com\/gadgets\/proxy?container=onepick&amp;gadget=a&amp;rewriteMime=image%2F*&amp;url=http%3A%2F%2Fsphotos-d.ak.fbcdn.net%2Fhphotos-ak-snc7%2F427426_10150587680217045_1582823664_n.jpg"},{"@type":"BreadcrumbList","@id":"https:\/\/blogg.svenskakyrkan.se\/vandravagen\/2013\/04\/12\/marcus-gastbloggar-om-gudstjanstens-relationer\/#breadcrumb","itemListElement":[{"@type":"ListItem","position":1,"name":"Hem","item":"https:\/\/blogg.svenskakyrkan.se\/vandravagen\/"},{"@type":"ListItem","position":2,"name":"Marcus g\u00e4stbloggar om gudstj\u00e4nstens relationer"}]},{"@type":"WebSite","@id":"https:\/\/blogg.svenskakyrkan.se\/vandravagen\/#website","url":"https:\/\/blogg.svenskakyrkan.se\/vandravagen\/","name":"Vandra V\u00e4gen","description":"-Mot en tro f\u00f6r hela livet","publisher":{"@id":"https:\/\/blogg.svenskakyrkan.se\/vandravagen\/#organization"},"potentialAction":[{"@type":"SearchAction","target":{"@type":"EntryPoint","urlTemplate":"https:\/\/blogg.svenskakyrkan.se\/vandravagen\/?s={search_term_string}"},"query-input":{"@type":"PropertyValueSpecification","valueRequired":true,"valueName":"search_term_string"}}],"inLanguage":"sv-SE"},{"@type":"Organization","@id":"https:\/\/blogg.svenskakyrkan.se\/vandravagen\/#organization","name":"ulricehamns pastorat","alternateName":"ulricehamns pastorat","url":"https:\/\/blogg.svenskakyrkan.se\/vandravagen\/","logo":{"@type":"ImageObject","inLanguage":"sv-SE","@id":"https:\/\/blogg.svenskakyrkan.se\/vandravagen\/#\/schema\/logo\/image\/","url":"https:\/\/blogg.svenskakyrkan.se\/vandravagen\/files\/2023\/05\/Ulr_logo_RGB.png","contentUrl":"https:\/\/blogg.svenskakyrkan.se\/vandravagen\/files\/2023\/05\/Ulr_logo_RGB.png","width":205,"height":77,"caption":"ulricehamns pastorat"},"image":{"@id":"https:\/\/blogg.svenskakyrkan.se\/vandravagen\/#\/schema\/logo\/image\/"},"sameAs":["http:\/\/facebook.com\/vandravagen","https:\/\/x.com\/fadertomas","http:\/\/www.facebook.com\/svenskakyrkaniulricehamn"]},{"@type":"Person","@id":"https:\/\/blogg.svenskakyrkan.se\/vandravagen\/#\/schema\/person\/25da02d4f76b137d04291711e2c9fc16","name":"Tomas Jarvid","image":{"@type":"ImageObject","inLanguage":"sv-SE","@id":"https:\/\/blogg.svenskakyrkan.se\/vandravagen\/#\/schema\/person\/image\/","url":"https:\/\/secure.gravatar.com\/avatar\/7fa71899795e8f540f615a1f5ab25255dc27aa40f05ee7ddd21aac521e01bf50?s=96&d=identicon&r=g","contentUrl":"https:\/\/secure.gravatar.com\/avatar\/7fa71899795e8f540f615a1f5ab25255dc27aa40f05ee7ddd21aac521e01bf50?s=96&d=identicon&r=g","caption":"Tomas Jarvid"},"description":"Jag bor i Ulricehamn i V\u00e4sterg\u00f6tland och \u00e4r f\u00f6rsamlingspr\u00e4st i Svenska Kyrkan f\u00f6r Dalstorps f\u00f6rsamling i Kinds pastorat. P\u00e5 den h\u00e4r bloggen skriver jag ner tankar om vandringen som kristen.","sameAs":["http:\/\/www.vandravagen.se"],"url":"https:\/\/blogg.svenskakyrkan.se\/vandravagen\/author\/vandravagen\/"}]}},"author_meta":{"ID":"392","user_nicename":"vandravagen","user_url":"http:\/\/www.vandravagen.se","user_registered":"2014-05-19 05:44:52","display_name":"Tomas Jarvid","first_name":"Tomas","last_name":"Jarvid","avatar":"https:\/\/secure.gravatar.com\/avatar\/7fa71899795e8f540f615a1f5ab25255dc27aa40f05ee7ddd21aac521e01bf50?s=96&d=identicon&r=g"},"featured_image":false,"bloginfo":{"name":"Vandra V\u00e4gen","url":"https:\/\/blogg.svenskakyrkan.se\/vandravagen"},"_links":{"self":[{"href":"https:\/\/blogg.svenskakyrkan.se\/vandravagen\/wp-json\/wp\/v2\/posts\/622","targetHints":{"allow":["GET"]}}],"collection":[{"href":"https:\/\/blogg.svenskakyrkan.se\/vandravagen\/wp-json\/wp\/v2\/posts"}],"about":[{"href":"https:\/\/blogg.svenskakyrkan.se\/vandravagen\/wp-json\/wp\/v2\/types\/post"}],"author":[{"embeddable":true,"href":"https:\/\/blogg.svenskakyrkan.se\/vandravagen\/wp-json\/wp\/v2\/users\/392"}],"replies":[{"embeddable":true,"href":"https:\/\/blogg.svenskakyrkan.se\/vandravagen\/wp-json\/wp\/v2\/comments?post=622"}],"version-history":[{"count":0,"href":"https:\/\/blogg.svenskakyrkan.se\/vandravagen\/wp-json\/wp\/v2\/posts\/622\/revisions"}],"wp:attachment":[{"href":"https:\/\/blogg.svenskakyrkan.se\/vandravagen\/wp-json\/wp\/v2\/media?parent=622"}],"wp:term":[{"taxonomy":"category","embeddable":true,"href":"https:\/\/blogg.svenskakyrkan.se\/vandravagen\/wp-json\/wp\/v2\/categories?post=622"},{"taxonomy":"post_tag","embeddable":true,"href":"https:\/\/blogg.svenskakyrkan.se\/vandravagen\/wp-json\/wp\/v2\/tags?post=622"}],"curies":[{"name":"wp","href":"https:\/\/api.w.org\/{rel}","templated":true}]}}