{"id":626,"date":"2013-04-09T07:30:00","date_gmt":"2013-04-09T05:30:00","guid":{"rendered":"http:\/\/blogg.svenskakyrkan.se\/vandravagen\/2013\/04\/09\/veckans-favorittweets-2\/"},"modified":"2013-04-09T07:30:00","modified_gmt":"2013-04-09T05:30:00","slug":"veckans-favorittweets-2","status":"publish","type":"post","link":"https:\/\/blogg.svenskakyrkan.se\/vandravagen\/2013\/04\/09\/veckans-favorittweets-2\/","title":{"rendered":"Veckans favorittweets"},"content":{"rendered":"<div>Tisdag visserligen men h\u00e4r \u00e4r veckans twittersammanfattning. Har du twitter? F\u00f6lj g\u00e4rna dessa. Har du <i>inte<\/i> twitter g\u00f6r det inget, du sparar tid genom att bara l\u00e4sa veckosammanst\u00e4llningen&#8230; \ud83d\ude09<\/div>\n<div><\/div>\n<div>H\u00e4r \u00e4r de allts\u00e5. I vanlig ordning n\u00e5gra fromma, n\u00e5gra kloka, n\u00e5gra roliga.<\/div>\n<div><\/div>\n<div><\/div>\n<div><\/div>\n<div>Fromma tweets:<\/div>\n<div><\/div>\n<div><\/div>\n<div><a href=\"http:\/\/2.bp.blogspot.com\/-THIrlCK_x9k\/UWMPIiDkQNI\/AAAAAAAAC_U\/PKSVFr1w2l0\/s1600\/Telhardchardin.jpg\"><img loading=\"lazy\" decoding=\"async\" border=\"0\" height=\"70\" src=\"http:\/\/2.bp.blogspot.com\/-THIrlCK_x9k\/UWMPIiDkQNI\/AAAAAAAAC_U\/PKSVFr1w2l0\/s400\/Telhardchardin.jpg\" width=\"400\"><\/a><\/div>\n<div><\/div>\n<div><\/div>\n<div>Vad \u00e4r en avgud?<\/div>\n<div><a href=\"http:\/\/1.bp.blogspot.com\/-Xx1k89AS_XA\/UWMPJWbm-SI\/AAAAAAAAC_o\/yCB_MM2N3zY\/s1600\/avgud.jpg\"><img loading=\"lazy\" decoding=\"async\" border=\"0\" height=\"85\" src=\"http:\/\/1.bp.blogspot.com\/-Xx1k89AS_XA\/UWMPJWbm-SI\/AAAAAAAAC_o\/yCB_MM2N3zY\/s400\/avgud.jpg\" width=\"400\"><\/a><\/div>\n<div><\/div>\n<div><\/div>\n<div><a href=\"http:\/\/2.bp.blogspot.com\/-ysBKvdjI3SY\/UWMPKNxwx0I\/AAAAAAAAC_4\/Jaa3sMMh4k0\/s1600\/fallen.jpg\"><img loading=\"lazy\" decoding=\"async\" border=\"0\" height=\"70\" src=\"http:\/\/2.bp.blogspot.com\/-ysBKvdjI3SY\/UWMPKNxwx0I\/AAAAAAAAC_4\/Jaa3sMMh4k0\/s400\/fallen.jpg\" width=\"400\"><\/a><\/div>\n<div><\/div>\n<div><\/div>\n<div><\/div>\n<div><a href=\"http:\/\/3.bp.blogspot.com\/-A4C2i1ip8JQ\/UWMPKN8nb7I\/AAAAAAAADAA\/TGNb4gooBOw\/s1600\/gumble.jpg\"><img loading=\"lazy\" decoding=\"async\" border=\"0\" height=\"78\" src=\"http:\/\/3.bp.blogspot.com\/-A4C2i1ip8JQ\/UWMPKN8nb7I\/AAAAAAAADAA\/TGNb4gooBOw\/s400\/gumble.jpg\" width=\"400\"><\/a><\/div>\n<div><\/div>\n<div>Att ha fel \u00e4r inte det v\u00e4rsta t\u00e4nkbara:<\/div>\n<div><a href=\"http:\/\/1.bp.blogspot.com\/-1imnv4OMt1o\/UWMPK6ZG3mI\/AAAAAAAADAQ\/Vns5jF7l7Nc\/s1600\/intesyndhafel.jpg\"><img loading=\"lazy\" decoding=\"async\" border=\"0\" height=\"70\" src=\"http:\/\/1.bp.blogspot.com\/-1imnv4OMt1o\/UWMPK6ZG3mI\/AAAAAAAADAQ\/Vns5jF7l7Nc\/s400\/intesyndhafel.jpg\" width=\"400\"><\/a><\/div>\n<div><\/div>\n<div><\/div>\n<div><a href=\"http:\/\/4.bp.blogspot.com\/-6BpHxOeVq9k\/UWMPLtf7CmI\/AAAAAAAADAk\/we0DgLlF16g\/s1600\/nouwenfrihet.jpg\"><img loading=\"lazy\" decoding=\"async\" border=\"0\" height=\"70\" src=\"http:\/\/4.bp.blogspot.com\/-6BpHxOeVq9k\/UWMPLtf7CmI\/AAAAAAAADAk\/we0DgLlF16g\/s400\/nouwenfrihet.jpg\" width=\"400\"><\/a><\/div>\n<div><\/div>\n<div><\/div>\n<div><a href=\"http:\/\/4.bp.blogspot.com\/-YEOON1Ry8Qw\/UWMPLztf38I\/AAAAAAAADAs\/brjbRuad8OI\/s1600\/nyafo%CC%88rbundet.jpg\"><img loading=\"lazy\" decoding=\"async\" border=\"0\" height=\"70\" src=\"http:\/\/4.bp.blogspot.com\/-YEOON1Ry8Qw\/UWMPLztf38I\/AAAAAAAADAs\/brjbRuad8OI\/s400\/nyafo%CC%88rbundet.jpg\" width=\"400\"><\/a><\/div>\n<div><\/div>\n<div><\/div>\n<div><a href=\"http:\/\/4.bp.blogspot.com\/-hL2BEcnWP0s\/UWMPNe4Pe0I\/AAAAAAAADBI\/_RE1_hVrtgE\/s1600\/thereselisieux.jpg\"><img loading=\"lazy\" decoding=\"async\" border=\"0\" height=\"70\" src=\"http:\/\/4.bp.blogspot.com\/-hL2BEcnWP0s\/UWMPNe4Pe0I\/AAAAAAAADBI\/_RE1_hVrtgE\/s400\/thereselisieux.jpg\" width=\"400\"><\/a><\/div>\n<div><\/div>\n<div><\/div>\n<div>Volf ger ett utmanande perspektiv p\u00e5 det d\u00e4r med att f\u00f6ra andra till tro. Riktig tro \u00e4r en g\u00e5va fr\u00e5n Gud, vi kan bara f\u00f6rs\u00f6ka l\u00e5ta bli att st\u00e5 i v\u00e4gen f\u00f6r honom:<\/div>\n<div><a href=\"http:\/\/1.bp.blogspot.com\/-jfsQoTO_jkQ\/UWMPN5BLxdI\/AAAAAAAADBY\/V6S3q6YOde0\/s1600\/vittna.jpg\"><img loading=\"lazy\" decoding=\"async\" border=\"0\" height=\"72\" src=\"http:\/\/1.bp.blogspot.com\/-jfsQoTO_jkQ\/UWMPN5BLxdI\/AAAAAAAADBY\/V6S3q6YOde0\/s400\/vittna.jpg\" width=\"400\"><\/a><\/div>\n<div><\/div>\n<div><\/div>\n<div><a href=\"http:\/\/3.bp.blogspot.com\/-h1AaKuvg2S8\/UWMPNL9esqI\/AAAAAAAADBM\/qB_F4JTPNbk\/s1600\/svaghetstyrka.jpg\"><img loading=\"lazy\" decoding=\"async\" border=\"0\" height=\"72\" src=\"http:\/\/3.bp.blogspot.com\/-h1AaKuvg2S8\/UWMPNL9esqI\/AAAAAAAADBM\/qB_F4JTPNbk\/s400\/svaghetstyrka.jpg\" width=\"400\"><\/a><\/div>\n<div><\/div>\n<div><\/div>\n<div>Lite knepigt kanske att skojarna i Unvirtuous abbey f\u00e5r plats h\u00e4r men jag tror m\u00e5nga ser p\u00e5 Gud p\u00e5 det h\u00e4r viset:<\/div>\n<div><a href=\"http:\/\/4.bp.blogspot.com\/-T3jZOAM5k68\/UWMPONPVfqI\/AAAAAAAADBg\/qo5UwInlYE8\/s1600\/zuul.jpg\"><img loading=\"lazy\" decoding=\"async\" border=\"0\" height=\"71\" src=\"http:\/\/4.bp.blogspot.com\/-T3jZOAM5k68\/UWMPONPVfqI\/AAAAAAAADBg\/qo5UwInlYE8\/s400\/zuul.jpg\" width=\"400\"><\/a><\/div>\n<div><\/div>\n<div><\/div>\n<div><\/div>\n<div><\/div>\n<div>Kloka tweets:<\/div>\n<div><\/div>\n<div><\/div>\n<div>Svidande och utmanande av TAW.<\/div>\n<div><a href=\"http:\/\/4.bp.blogspot.com\/-E4m1kd3xCXY\/UWMPImCa8XI\/AAAAAAAAC_Q\/zX04SBQMNbk\/s1600\/TAWfo%CC%88ra%CC%88ldraskap.jpg\"><img loading=\"lazy\" decoding=\"async\" border=\"0\" height=\"66\" src=\"http:\/\/4.bp.blogspot.com\/-E4m1kd3xCXY\/UWMPImCa8XI\/AAAAAAAAC_Q\/zX04SBQMNbk\/s400\/TAWfo%CC%88ra%CC%88ldraskap.jpg\" width=\"400\"><\/a><\/div>\n<div><\/div>\n<div><\/div>\n<div><a href=\"http:\/\/2.bp.blogspot.com\/-67jSPqs6v0c\/UWMPM79W-_I\/AAAAAAAADA8\/p8tleuu3_T4\/s1600\/sexdebut.jpg\"><img loading=\"lazy\" decoding=\"async\" border=\"0\" height=\"68\" src=\"http:\/\/2.bp.blogspot.com\/-67jSPqs6v0c\/UWMPM79W-_I\/AAAAAAAADA8\/p8tleuu3_T4\/s400\/sexdebut.jpg\" width=\"400\"><\/a><\/div>\n<div><\/div>\n<div><\/div>\n<div>Det h\u00e4r vet jag inte om det \u00e4r sant men det l\u00e5ter vettigt. T\u00e4nkv\u00e4rt.<\/div>\n<div><a href=\"http:\/\/4.bp.blogspot.com\/-hQTn0SFMdF8\/UWMPLW1xFmI\/AAAAAAAADAc\/jQNJO6WSdiM\/s1600\/liberalism.jpg\"><img loading=\"lazy\" decoding=\"async\" border=\"0\" height=\"86\" src=\"http:\/\/4.bp.blogspot.com\/-hQTn0SFMdF8\/UWMPLW1xFmI\/AAAAAAAADAc\/jQNJO6WSdiM\/s400\/liberalism.jpg\" width=\"400\"><\/a><\/div>\n<div><\/div>\n<div><a href=\"http:\/\/4.bp.blogspot.com\/-1g8wFnSvv9U\/UWMPIrDxizI\/AAAAAAAAC_Y\/7ER30FnsMl0\/s1600\/Thatcher.jpg\"><img loading=\"lazy\" decoding=\"async\" border=\"0\" height=\"68\" src=\"http:\/\/4.bp.blogspot.com\/-1g8wFnSvv9U\/UWMPIrDxizI\/AAAAAAAAC_Y\/7ER30FnsMl0\/s400\/Thatcher.jpg\" width=\"400\"><\/a><\/div>\n<div><\/div>\n<div><\/div>\n<div><a href=\"http:\/\/2.bp.blogspot.com\/-GWgSxP62hFo\/UWMPJ9tHCFI\/AAAAAAAAC_8\/Kg_dCfLTKkg\/s1600\/facket.jpg\"><img loading=\"lazy\" decoding=\"async\" border=\"0\" height=\"83\" src=\"http:\/\/2.bp.blogspot.com\/-GWgSxP62hFo\/UWMPJ9tHCFI\/AAAAAAAAC_8\/Kg_dCfLTKkg\/s400\/facket.jpg\" width=\"400\"><\/a><\/div>\n<div><\/div>\n<div><\/div>\n<div><a href=\"http:\/\/4.bp.blogspot.com\/-WVyzITNg_qE\/UWMPNt0dWNI\/AAAAAAAADBQ\/yeEm6V7JCXg\/s1600\/tjurig.jpg\"><img loading=\"lazy\" decoding=\"async\" border=\"0\" height=\"73\" src=\"http:\/\/4.bp.blogspot.com\/-WVyzITNg_qE\/UWMPNt0dWNI\/AAAAAAAADBQ\/yeEm6V7JCXg\/s400\/tjurig.jpg\" width=\"400\"><\/a><\/div>\n<div><\/div>\n<div><\/div>\n<div><\/div>\n<div><\/div>\n<div>Roliga tweets:<\/div>\n<div><\/div>\n<div><\/div>\n<div>Kom ih\u00e5g det nu Tomas, det h\u00e4r l\u00e5ter s\u00e5 mycket b\u00e4ttre.<\/div>\n<div><a href=\"http:\/\/1.bp.blogspot.com\/-l1rcCYDfO_M\/UWMPJQqiB0I\/AAAAAAAAC_k\/pCZccbfDwGk\/s1600\/annotationsblock.jpg\"><img loading=\"lazy\" decoding=\"async\" border=\"0\" height=\"83\" src=\"http:\/\/1.bp.blogspot.com\/-l1rcCYDfO_M\/UWMPJQqiB0I\/AAAAAAAAC_k\/pCZccbfDwGk\/s400\/annotationsblock.jpg\" width=\"400\"><\/a><\/div>\n<\/p>\n<div><\/div>\n<\/p>\n<div><a href=\"http:\/\/3.bp.blogspot.com\/-sfDI5RNv56U\/UWMPKhYefII\/AAAAAAAADAI\/tCo5NcECOS0\/s1600\/idioter.jpg\"><img loading=\"lazy\" decoding=\"async\" border=\"0\" height=\"72\" src=\"http:\/\/3.bp.blogspot.com\/-sfDI5RNv56U\/UWMPKhYefII\/AAAAAAAADAI\/tCo5NcECOS0\/s400\/idioter.jpg\" width=\"400\"><\/a><\/div>\n<\/p>\n<div><\/div>\n<div>\u00a0Den H\u00c4R situationen att hamna i. Hj\u00e4lp!<\/div>\n<div><a href=\"http:\/\/4.bp.blogspot.com\/-hqWDP2vutDM\/UWMPK0o5HwI\/AAAAAAAADAU\/uCC29Kq3VrQ\/s1600\/kabbala.jpg\"><img loading=\"lazy\" decoding=\"async\" border=\"0\" height=\"87\" src=\"http:\/\/4.bp.blogspot.com\/-hqWDP2vutDM\/UWMPK0o5HwI\/AAAAAAAADAU\/uCC29Kq3VrQ\/s400\/kabbala.jpg\" width=\"400\"><\/a><\/div>\n<\/p>\n<div><\/div>\n<div><a href=\"http:\/\/2.bp.blogspot.com\/--Qo6h-bbSFk\/UWMPLiOdYjI\/AAAAAAAADAg\/wHx4mWC8HVE\/s1600\/ma%CC%88strarnasma%CC%88strare.jpg\"><img loading=\"lazy\" decoding=\"async\" border=\"0\" height=\"68\" src=\"http:\/\/2.bp.blogspot.com\/--Qo6h-bbSFk\/UWMPLiOdYjI\/AAAAAAAADAg\/wHx4mWC8HVE\/s400\/ma%CC%88strarnasma%CC%88strare.jpg\" width=\"400\"><\/a><\/div>\n<\/p>\n<div><\/div>\n<div><a href=\"http:\/\/4.bp.blogspot.com\/--kt4L1At_QA\/UWMPMIZCi3I\/AAAAAAAADAw\/98FzGQ7Bm1s\/s1600\/pastorsfamilj.jpg\"><img loading=\"lazy\" decoding=\"async\" border=\"0\" height=\"75\" src=\"http:\/\/4.bp.blogspot.com\/--kt4L1At_QA\/UWMPMIZCi3I\/AAAAAAAADAw\/98FzGQ7Bm1s\/s400\/pastorsfamilj.jpg\" width=\"400\"><\/a><\/div>\n<div><a href=\"http:\/\/1.bp.blogspot.com\/-BC-QHSR3h1g\/UWMPMWZBrVI\/AAAAAAAADA0\/ocdu98jzo7s\/s1600\/robotdammsugare.jpg\"><img loading=\"lazy\" decoding=\"async\" border=\"0\" height=\"68\" src=\"http:\/\/1.bp.blogspot.com\/-BC-QHSR3h1g\/UWMPMWZBrVI\/AAAAAAAADA0\/ocdu98jzo7s\/s400\/robotdammsugare.jpg\" width=\"400\"><\/a><\/div>\n<div><\/div>\n<div><\/div>\n<div><\/div>\n<div><\/div>\n<div>Veckans b\u00e4sta<\/div>\n<div><\/div>\n<div>Placeringen som veckans b\u00e4sta tweet blir delad idag. Jag hade egentligen t\u00e4nkt s\u00e4tta Nicky Gumble d\u00e4r, det h\u00e4r Alice Coopercitatet br\u00e4cker det mesta!<\/div>\n<div><\/div>\n<div><\/div>\n<div><a href=\"http:\/\/2.bp.blogspot.com\/-I96ODxfHKos\/UWMPJBqyqoI\/AAAAAAAAC_s\/KUis4VstJuY\/s1600\/alicecoopet.jpg\"><img loading=\"lazy\" decoding=\"async\" border=\"0\" height=\"85\" src=\"http:\/\/2.bp.blogspot.com\/-I96ODxfHKos\/UWMPJBqyqoI\/AAAAAAAAC_s\/KUis4VstJuY\/s400\/alicecoopet.jpg\" width=\"400\"><\/a><\/div>\n<div><\/div>\n<div><\/div>\n<div><\/div>\n<div>Men s\u00e5 hittade jag det h\u00e4r ocks\u00e5, av @Kyrkoherden. Tr\u00e4ffs\u00e4kert m\u00e5 jag s\u00e4ga!<\/div>\n<\/p>\n<div><a href=\"http:\/\/4.bp.blogspot.com\/-A_uNixPCJOE\/UWMPM-usLJI\/AAAAAAAADBA\/RSe-8WF6zlg\/s1600\/statenfamiljfo%CC%88retag.jpg\"><img loading=\"lazy\" decoding=\"async\" border=\"0\" height=\"67\" src=\"http:\/\/4.bp.blogspot.com\/-A_uNixPCJOE\/UWMPM-usLJI\/AAAAAAAADBA\/RSe-8WF6zlg\/s400\/statenfamiljfo%CC%88retag.jpg\" width=\"400\"><\/a><\/div>\n<\/p>\n<div><\/div>\n<p>\u00a0Tack allihop, vi ses n\u00e4sta vecka!<\/p>\n<div><\/div>\n<div><\/div>\n<div><\/div>\n","protected":false},"excerpt":{"rendered":"<p>Tisdag visserligen men h\u00e4r \u00e4r veckans twittersammanfattning. Har du twitter? F\u00f6lj g\u00e4rna dessa. Har du inte twitter g\u00f6r det inget, du sparar tid genom att bara l\u00e4sa veckosammanst\u00e4llningen&#8230; \ud83d\ude09 H\u00e4r \u00e4r de allts\u00e5. I vanlig ordning n\u00e5gra fromma, n\u00e5gra kloka, n\u00e5gra roliga. Fromma tweets: Vad \u00e4r en avgud? Att ha fel \u00e4r inte det v\u00e4rsta [&hellip;]<\/p>\n","protected":false},"author":392,"featured_media":0,"comment_status":"open","ping_status":"open","sticky":false,"template":"","format":"standard","meta":{"_acf_changed":false,"footnotes":""},"categories":[56,76766],"tags":[],"class_list":["post-626","post","type-post","status-publish","format-standard","hentry","category-bilder","category-blandat"],"acf":[],"yoast_head":"<!-- This site is optimized with the Yoast SEO plugin v27.1.1 - https:\/\/yoast.com\/product\/yoast-seo-wordpress\/ -->\n<title>Veckans favorittweets - Vandra V\u00e4gen<\/title>\n<meta name=\"robots\" content=\"index, follow, max-snippet:-1, max-image-preview:large, max-video-preview:-1\" \/>\n<link rel=\"canonical\" href=\"https:\/\/blogg.svenskakyrkan.se\/vandravagen\/2013\/04\/09\/veckans-favorittweets-2\/\" \/>\n<meta property=\"og:locale\" content=\"sv_SE\" \/>\n<meta property=\"og:type\" content=\"article\" \/>\n<meta property=\"og:title\" content=\"Veckans favorittweets - Vandra V\u00e4gen\" \/>\n<meta property=\"og:description\" content=\"Tisdag visserligen men h\u00e4r \u00e4r veckans twittersammanfattning. Har du twitter? F\u00f6lj g\u00e4rna dessa. Har du inte twitter g\u00f6r det inget, du sparar tid genom att bara l\u00e4sa veckosammanst\u00e4llningen&#8230; \ud83d\ude09 H\u00e4r \u00e4r de allts\u00e5. I vanlig ordning n\u00e5gra fromma, n\u00e5gra kloka, n\u00e5gra roliga. Fromma tweets: Vad \u00e4r en avgud? Att ha fel \u00e4r inte det v\u00e4rsta [&hellip;]\" \/>\n<meta property=\"og:url\" content=\"https:\/\/blogg.svenskakyrkan.se\/vandravagen\/2013\/04\/09\/veckans-favorittweets-2\/\" \/>\n<meta property=\"og:site_name\" content=\"Vandra V\u00e4gen\" \/>\n<meta property=\"article:publisher\" content=\"http:\/\/facebook.com\/vandravagen\" \/>\n<meta property=\"article:published_time\" content=\"2013-04-09T05:30:00+00:00\" \/>\n<meta property=\"og:image\" content=\"http:\/\/2.bp.blogspot.com\/-THIrlCK_x9k\/UWMPIiDkQNI\/AAAAAAAAC_U\/PKSVFr1w2l0\/s400\/Telhardchardin.jpg\" \/>\n<meta name=\"author\" content=\"Tomas Jarvid\" \/>\n<meta name=\"twitter:card\" content=\"summary_large_image\" \/>\n<meta name=\"twitter:creator\" content=\"@fadertomas\" \/>\n<meta name=\"twitter:site\" content=\"@fadertomas\" \/>\n<meta name=\"twitter:label1\" content=\"Skriven av\" \/>\n\t<meta name=\"twitter:data1\" content=\"Tomas Jarvid\" \/>\n\t<meta name=\"twitter:label2\" content=\"Ber\u00e4knad l\u00e4stid\" \/>\n\t<meta name=\"twitter:data2\" content=\"1 minut\" \/>\n<script type=\"application\/ld+json\" class=\"yoast-schema-graph\">{\"@context\":\"https:\/\/schema.org\",\"@graph\":[{\"@type\":\"Article\",\"@id\":\"https:\/\/blogg.svenskakyrkan.se\/vandravagen\/2013\/04\/09\/veckans-favorittweets-2\/#article\",\"isPartOf\":{\"@id\":\"https:\/\/blogg.svenskakyrkan.se\/vandravagen\/2013\/04\/09\/veckans-favorittweets-2\/\"},\"author\":{\"name\":\"Tomas Jarvid\",\"@id\":\"https:\/\/blogg.svenskakyrkan.se\/vandravagen\/#\/schema\/person\/25da02d4f76b137d04291711e2c9fc16\"},\"headline\":\"Veckans favorittweets\",\"datePublished\":\"2013-04-09T05:30:00+00:00\",\"mainEntityOfPage\":{\"@id\":\"https:\/\/blogg.svenskakyrkan.se\/vandravagen\/2013\/04\/09\/veckans-favorittweets-2\/\"},\"wordCount\":244,\"commentCount\":0,\"publisher\":{\"@id\":\"https:\/\/blogg.svenskakyrkan.se\/vandravagen\/#organization\"},\"image\":{\"@id\":\"https:\/\/blogg.svenskakyrkan.se\/vandravagen\/2013\/04\/09\/veckans-favorittweets-2\/#primaryimage\"},\"thumbnailUrl\":\"http:\/\/2.bp.blogspot.com\/-THIrlCK_x9k\/UWMPIiDkQNI\/AAAAAAAAC_U\/PKSVFr1w2l0\/s400\/Telhardchardin.jpg\",\"articleSection\":[\"bilder\",\"blandat\"],\"inLanguage\":\"sv-SE\",\"potentialAction\":[{\"@type\":\"CommentAction\",\"name\":\"Comment\",\"target\":[\"https:\/\/blogg.svenskakyrkan.se\/vandravagen\/2013\/04\/09\/veckans-favorittweets-2\/#respond\"]}]},{\"@type\":\"WebPage\",\"@id\":\"https:\/\/blogg.svenskakyrkan.se\/vandravagen\/2013\/04\/09\/veckans-favorittweets-2\/\",\"url\":\"https:\/\/blogg.svenskakyrkan.se\/vandravagen\/2013\/04\/09\/veckans-favorittweets-2\/\",\"name\":\"Veckans favorittweets - Vandra V\u00e4gen\",\"isPartOf\":{\"@id\":\"https:\/\/blogg.svenskakyrkan.se\/vandravagen\/#website\"},\"primaryImageOfPage\":{\"@id\":\"https:\/\/blogg.svenskakyrkan.se\/vandravagen\/2013\/04\/09\/veckans-favorittweets-2\/#primaryimage\"},\"image\":{\"@id\":\"https:\/\/blogg.svenskakyrkan.se\/vandravagen\/2013\/04\/09\/veckans-favorittweets-2\/#primaryimage\"},\"thumbnailUrl\":\"http:\/\/2.bp.blogspot.com\/-THIrlCK_x9k\/UWMPIiDkQNI\/AAAAAAAAC_U\/PKSVFr1w2l0\/s400\/Telhardchardin.jpg\",\"datePublished\":\"2013-04-09T05:30:00+00:00\",\"breadcrumb\":{\"@id\":\"https:\/\/blogg.svenskakyrkan.se\/vandravagen\/2013\/04\/09\/veckans-favorittweets-2\/#breadcrumb\"},\"inLanguage\":\"sv-SE\",\"potentialAction\":[{\"@type\":\"ReadAction\",\"target\":[\"https:\/\/blogg.svenskakyrkan.se\/vandravagen\/2013\/04\/09\/veckans-favorittweets-2\/\"]}]},{\"@type\":\"ImageObject\",\"inLanguage\":\"sv-SE\",\"@id\":\"https:\/\/blogg.svenskakyrkan.se\/vandravagen\/2013\/04\/09\/veckans-favorittweets-2\/#primaryimage\",\"url\":\"http:\/\/2.bp.blogspot.com\/-THIrlCK_x9k\/UWMPIiDkQNI\/AAAAAAAAC_U\/PKSVFr1w2l0\/s400\/Telhardchardin.jpg\",\"contentUrl\":\"http:\/\/2.bp.blogspot.com\/-THIrlCK_x9k\/UWMPIiDkQNI\/AAAAAAAAC_U\/PKSVFr1w2l0\/s400\/Telhardchardin.jpg\"},{\"@type\":\"BreadcrumbList\",\"@id\":\"https:\/\/blogg.svenskakyrkan.se\/vandravagen\/2013\/04\/09\/veckans-favorittweets-2\/#breadcrumb\",\"itemListElement\":[{\"@type\":\"ListItem\",\"position\":1,\"name\":\"Hem\",\"item\":\"https:\/\/blogg.svenskakyrkan.se\/vandravagen\/\"},{\"@type\":\"ListItem\",\"position\":2,\"name\":\"Veckans favorittweets\"}]},{\"@type\":\"WebSite\",\"@id\":\"https:\/\/blogg.svenskakyrkan.se\/vandravagen\/#website\",\"url\":\"https:\/\/blogg.svenskakyrkan.se\/vandravagen\/\",\"name\":\"Vandra V\u00e4gen\",\"description\":\"-Mot en tro f\u00f6r hela livet\",\"publisher\":{\"@id\":\"https:\/\/blogg.svenskakyrkan.se\/vandravagen\/#organization\"},\"potentialAction\":[{\"@type\":\"SearchAction\",\"target\":{\"@type\":\"EntryPoint\",\"urlTemplate\":\"https:\/\/blogg.svenskakyrkan.se\/vandravagen\/?s={search_term_string}\"},\"query-input\":{\"@type\":\"PropertyValueSpecification\",\"valueRequired\":true,\"valueName\":\"search_term_string\"}}],\"inLanguage\":\"sv-SE\"},{\"@type\":\"Organization\",\"@id\":\"https:\/\/blogg.svenskakyrkan.se\/vandravagen\/#organization\",\"name\":\"ulricehamns pastorat\",\"alternateName\":\"ulricehamns pastorat\",\"url\":\"https:\/\/blogg.svenskakyrkan.se\/vandravagen\/\",\"logo\":{\"@type\":\"ImageObject\",\"inLanguage\":\"sv-SE\",\"@id\":\"https:\/\/blogg.svenskakyrkan.se\/vandravagen\/#\/schema\/logo\/image\/\",\"url\":\"https:\/\/blogg.svenskakyrkan.se\/vandravagen\/files\/2023\/05\/Ulr_logo_RGB.png\",\"contentUrl\":\"https:\/\/blogg.svenskakyrkan.se\/vandravagen\/files\/2023\/05\/Ulr_logo_RGB.png\",\"width\":205,\"height\":77,\"caption\":\"ulricehamns pastorat\"},\"image\":{\"@id\":\"https:\/\/blogg.svenskakyrkan.se\/vandravagen\/#\/schema\/logo\/image\/\"},\"sameAs\":[\"http:\/\/facebook.com\/vandravagen\",\"https:\/\/x.com\/fadertomas\",\"http:\/\/www.facebook.com\/svenskakyrkaniulricehamn\"]},{\"@type\":\"Person\",\"@id\":\"https:\/\/blogg.svenskakyrkan.se\/vandravagen\/#\/schema\/person\/25da02d4f76b137d04291711e2c9fc16\",\"name\":\"Tomas Jarvid\",\"image\":{\"@type\":\"ImageObject\",\"inLanguage\":\"sv-SE\",\"@id\":\"https:\/\/blogg.svenskakyrkan.se\/vandravagen\/#\/schema\/person\/image\/\",\"url\":\"https:\/\/secure.gravatar.com\/avatar\/7fa71899795e8f540f615a1f5ab25255dc27aa40f05ee7ddd21aac521e01bf50?s=96&d=identicon&r=g\",\"contentUrl\":\"https:\/\/secure.gravatar.com\/avatar\/7fa71899795e8f540f615a1f5ab25255dc27aa40f05ee7ddd21aac521e01bf50?s=96&d=identicon&r=g\",\"caption\":\"Tomas Jarvid\"},\"description\":\"Jag bor i Ulricehamn i V\u00e4sterg\u00f6tland och \u00e4r f\u00f6rsamlingspr\u00e4st i Svenska Kyrkan f\u00f6r Dalstorps f\u00f6rsamling i Kinds pastorat. P\u00e5 den h\u00e4r bloggen skriver jag ner tankar om vandringen som kristen.\",\"sameAs\":[\"http:\/\/www.vandravagen.se\"],\"url\":\"https:\/\/blogg.svenskakyrkan.se\/vandravagen\/author\/vandravagen\/\"}]}<\/script>\n<!-- \/ Yoast SEO plugin. -->","yoast_head_json":{"title":"Veckans favorittweets - Vandra V\u00e4gen","robots":{"index":"index","follow":"follow","max-snippet":"max-snippet:-1","max-image-preview":"max-image-preview:large","max-video-preview":"max-video-preview:-1"},"canonical":"https:\/\/blogg.svenskakyrkan.se\/vandravagen\/2013\/04\/09\/veckans-favorittweets-2\/","og_locale":"sv_SE","og_type":"article","og_title":"Veckans favorittweets - Vandra V\u00e4gen","og_description":"Tisdag visserligen men h\u00e4r \u00e4r veckans twittersammanfattning. Har du twitter? F\u00f6lj g\u00e4rna dessa. Har du inte twitter g\u00f6r det inget, du sparar tid genom att bara l\u00e4sa veckosammanst\u00e4llningen&#8230; \ud83d\ude09 H\u00e4r \u00e4r de allts\u00e5. I vanlig ordning n\u00e5gra fromma, n\u00e5gra kloka, n\u00e5gra roliga. Fromma tweets: Vad \u00e4r en avgud? Att ha fel \u00e4r inte det v\u00e4rsta [&hellip;]","og_url":"https:\/\/blogg.svenskakyrkan.se\/vandravagen\/2013\/04\/09\/veckans-favorittweets-2\/","og_site_name":"Vandra V\u00e4gen","article_publisher":"http:\/\/facebook.com\/vandravagen","article_published_time":"2013-04-09T05:30:00+00:00","og_image":[{"url":"http:\/\/2.bp.blogspot.com\/-THIrlCK_x9k\/UWMPIiDkQNI\/AAAAAAAAC_U\/PKSVFr1w2l0\/s400\/Telhardchardin.jpg","type":"","width":"","height":""}],"author":"Tomas Jarvid","twitter_card":"summary_large_image","twitter_creator":"@fadertomas","twitter_site":"@fadertomas","twitter_misc":{"Skriven av":"Tomas Jarvid","Ber\u00e4knad l\u00e4stid":"1 minut"},"schema":{"@context":"https:\/\/schema.org","@graph":[{"@type":"Article","@id":"https:\/\/blogg.svenskakyrkan.se\/vandravagen\/2013\/04\/09\/veckans-favorittweets-2\/#article","isPartOf":{"@id":"https:\/\/blogg.svenskakyrkan.se\/vandravagen\/2013\/04\/09\/veckans-favorittweets-2\/"},"author":{"name":"Tomas Jarvid","@id":"https:\/\/blogg.svenskakyrkan.se\/vandravagen\/#\/schema\/person\/25da02d4f76b137d04291711e2c9fc16"},"headline":"Veckans favorittweets","datePublished":"2013-04-09T05:30:00+00:00","mainEntityOfPage":{"@id":"https:\/\/blogg.svenskakyrkan.se\/vandravagen\/2013\/04\/09\/veckans-favorittweets-2\/"},"wordCount":244,"commentCount":0,"publisher":{"@id":"https:\/\/blogg.svenskakyrkan.se\/vandravagen\/#organization"},"image":{"@id":"https:\/\/blogg.svenskakyrkan.se\/vandravagen\/2013\/04\/09\/veckans-favorittweets-2\/#primaryimage"},"thumbnailUrl":"http:\/\/2.bp.blogspot.com\/-THIrlCK_x9k\/UWMPIiDkQNI\/AAAAAAAAC_U\/PKSVFr1w2l0\/s400\/Telhardchardin.jpg","articleSection":["bilder","blandat"],"inLanguage":"sv-SE","potentialAction":[{"@type":"CommentAction","name":"Comment","target":["https:\/\/blogg.svenskakyrkan.se\/vandravagen\/2013\/04\/09\/veckans-favorittweets-2\/#respond"]}]},{"@type":"WebPage","@id":"https:\/\/blogg.svenskakyrkan.se\/vandravagen\/2013\/04\/09\/veckans-favorittweets-2\/","url":"https:\/\/blogg.svenskakyrkan.se\/vandravagen\/2013\/04\/09\/veckans-favorittweets-2\/","name":"Veckans favorittweets - Vandra V\u00e4gen","isPartOf":{"@id":"https:\/\/blogg.svenskakyrkan.se\/vandravagen\/#website"},"primaryImageOfPage":{"@id":"https:\/\/blogg.svenskakyrkan.se\/vandravagen\/2013\/04\/09\/veckans-favorittweets-2\/#primaryimage"},"image":{"@id":"https:\/\/blogg.svenskakyrkan.se\/vandravagen\/2013\/04\/09\/veckans-favorittweets-2\/#primaryimage"},"thumbnailUrl":"http:\/\/2.bp.blogspot.com\/-THIrlCK_x9k\/UWMPIiDkQNI\/AAAAAAAAC_U\/PKSVFr1w2l0\/s400\/Telhardchardin.jpg","datePublished":"2013-04-09T05:30:00+00:00","breadcrumb":{"@id":"https:\/\/blogg.svenskakyrkan.se\/vandravagen\/2013\/04\/09\/veckans-favorittweets-2\/#breadcrumb"},"inLanguage":"sv-SE","potentialAction":[{"@type":"ReadAction","target":["https:\/\/blogg.svenskakyrkan.se\/vandravagen\/2013\/04\/09\/veckans-favorittweets-2\/"]}]},{"@type":"ImageObject","inLanguage":"sv-SE","@id":"https:\/\/blogg.svenskakyrkan.se\/vandravagen\/2013\/04\/09\/veckans-favorittweets-2\/#primaryimage","url":"http:\/\/2.bp.blogspot.com\/-THIrlCK_x9k\/UWMPIiDkQNI\/AAAAAAAAC_U\/PKSVFr1w2l0\/s400\/Telhardchardin.jpg","contentUrl":"http:\/\/2.bp.blogspot.com\/-THIrlCK_x9k\/UWMPIiDkQNI\/AAAAAAAAC_U\/PKSVFr1w2l0\/s400\/Telhardchardin.jpg"},{"@type":"BreadcrumbList","@id":"https:\/\/blogg.svenskakyrkan.se\/vandravagen\/2013\/04\/09\/veckans-favorittweets-2\/#breadcrumb","itemListElement":[{"@type":"ListItem","position":1,"name":"Hem","item":"https:\/\/blogg.svenskakyrkan.se\/vandravagen\/"},{"@type":"ListItem","position":2,"name":"Veckans favorittweets"}]},{"@type":"WebSite","@id":"https:\/\/blogg.svenskakyrkan.se\/vandravagen\/#website","url":"https:\/\/blogg.svenskakyrkan.se\/vandravagen\/","name":"Vandra V\u00e4gen","description":"-Mot en tro f\u00f6r hela livet","publisher":{"@id":"https:\/\/blogg.svenskakyrkan.se\/vandravagen\/#organization"},"potentialAction":[{"@type":"SearchAction","target":{"@type":"EntryPoint","urlTemplate":"https:\/\/blogg.svenskakyrkan.se\/vandravagen\/?s={search_term_string}"},"query-input":{"@type":"PropertyValueSpecification","valueRequired":true,"valueName":"search_term_string"}}],"inLanguage":"sv-SE"},{"@type":"Organization","@id":"https:\/\/blogg.svenskakyrkan.se\/vandravagen\/#organization","name":"ulricehamns pastorat","alternateName":"ulricehamns pastorat","url":"https:\/\/blogg.svenskakyrkan.se\/vandravagen\/","logo":{"@type":"ImageObject","inLanguage":"sv-SE","@id":"https:\/\/blogg.svenskakyrkan.se\/vandravagen\/#\/schema\/logo\/image\/","url":"https:\/\/blogg.svenskakyrkan.se\/vandravagen\/files\/2023\/05\/Ulr_logo_RGB.png","contentUrl":"https:\/\/blogg.svenskakyrkan.se\/vandravagen\/files\/2023\/05\/Ulr_logo_RGB.png","width":205,"height":77,"caption":"ulricehamns pastorat"},"image":{"@id":"https:\/\/blogg.svenskakyrkan.se\/vandravagen\/#\/schema\/logo\/image\/"},"sameAs":["http:\/\/facebook.com\/vandravagen","https:\/\/x.com\/fadertomas","http:\/\/www.facebook.com\/svenskakyrkaniulricehamn"]},{"@type":"Person","@id":"https:\/\/blogg.svenskakyrkan.se\/vandravagen\/#\/schema\/person\/25da02d4f76b137d04291711e2c9fc16","name":"Tomas Jarvid","image":{"@type":"ImageObject","inLanguage":"sv-SE","@id":"https:\/\/blogg.svenskakyrkan.se\/vandravagen\/#\/schema\/person\/image\/","url":"https:\/\/secure.gravatar.com\/avatar\/7fa71899795e8f540f615a1f5ab25255dc27aa40f05ee7ddd21aac521e01bf50?s=96&d=identicon&r=g","contentUrl":"https:\/\/secure.gravatar.com\/avatar\/7fa71899795e8f540f615a1f5ab25255dc27aa40f05ee7ddd21aac521e01bf50?s=96&d=identicon&r=g","caption":"Tomas Jarvid"},"description":"Jag bor i Ulricehamn i V\u00e4sterg\u00f6tland och \u00e4r f\u00f6rsamlingspr\u00e4st i Svenska Kyrkan f\u00f6r Dalstorps f\u00f6rsamling i Kinds pastorat. P\u00e5 den h\u00e4r bloggen skriver jag ner tankar om vandringen som kristen.","sameAs":["http:\/\/www.vandravagen.se"],"url":"https:\/\/blogg.svenskakyrkan.se\/vandravagen\/author\/vandravagen\/"}]}},"author_meta":{"ID":"392","user_nicename":"vandravagen","user_url":"http:\/\/www.vandravagen.se","user_registered":"2014-05-19 05:44:52","display_name":"Tomas Jarvid","first_name":"Tomas","last_name":"Jarvid","avatar":"https:\/\/secure.gravatar.com\/avatar\/7fa71899795e8f540f615a1f5ab25255dc27aa40f05ee7ddd21aac521e01bf50?s=96&d=identicon&r=g"},"featured_image":false,"bloginfo":{"name":"Vandra V\u00e4gen","url":"https:\/\/blogg.svenskakyrkan.se\/vandravagen"},"_links":{"self":[{"href":"https:\/\/blogg.svenskakyrkan.se\/vandravagen\/wp-json\/wp\/v2\/posts\/626","targetHints":{"allow":["GET"]}}],"collection":[{"href":"https:\/\/blogg.svenskakyrkan.se\/vandravagen\/wp-json\/wp\/v2\/posts"}],"about":[{"href":"https:\/\/blogg.svenskakyrkan.se\/vandravagen\/wp-json\/wp\/v2\/types\/post"}],"author":[{"embeddable":true,"href":"https:\/\/blogg.svenskakyrkan.se\/vandravagen\/wp-json\/wp\/v2\/users\/392"}],"replies":[{"embeddable":true,"href":"https:\/\/blogg.svenskakyrkan.se\/vandravagen\/wp-json\/wp\/v2\/comments?post=626"}],"version-history":[{"count":0,"href":"https:\/\/blogg.svenskakyrkan.se\/vandravagen\/wp-json\/wp\/v2\/posts\/626\/revisions"}],"wp:attachment":[{"href":"https:\/\/blogg.svenskakyrkan.se\/vandravagen\/wp-json\/wp\/v2\/media?parent=626"}],"wp:term":[{"taxonomy":"category","embeddable":true,"href":"https:\/\/blogg.svenskakyrkan.se\/vandravagen\/wp-json\/wp\/v2\/categories?post=626"},{"taxonomy":"post_tag","embeddable":true,"href":"https:\/\/blogg.svenskakyrkan.se\/vandravagen\/wp-json\/wp\/v2\/tags?post=626"}],"curies":[{"name":"wp","href":"https:\/\/api.w.org\/{rel}","templated":true}]}}