{"id":6276,"date":"2018-03-31T07:00:16","date_gmt":"2018-03-31T05:00:16","guid":{"rendered":"http:\/\/blogg.svenskakyrkan.se\/vandravagen\/?p=6276"},"modified":"2018-03-30T21:03:50","modified_gmt":"2018-03-30T19:03:50","slug":"allt-stralar-samman-pa-korset-2","status":"publish","type":"post","link":"https:\/\/blogg.svenskakyrkan.se\/vandravagen\/2018\/03\/31\/allt-stralar-samman-pa-korset-2\/","title":{"rendered":"Allt str\u00e5lar samman p\u00e5 korset"},"content":{"rendered":"<p>H\u00e4r \u00e4r min predikan fr\u00e5n l\u00e5ngfredagsgudstj\u00e4nsten ig\u00e5r. Som vanligt ganska ungef\u00e4rligt och den h\u00e4ngde nog ihop lite b\u00e4ttre i talad form. Hoppas i alla fall att den kan vara till gl\u00e4dje f\u00f6r dig.<\/p>\n<p>&nbsp;<\/p>\n<p><strong>L\u00e5ngfredag 2018 i Nittorps kyrka<\/strong><\/p>\n<p>&nbsp;<\/p>\n<p><strong>Sk\u00e5da, sk\u00e5da nu h\u00e4r alla, se hur Jesus pl\u00e5gad \u00e4r. Klaga h\u00f6gt, l\u00e5t t\u00e5rar falla. All v\u00e5r syndaskuld han b\u00e4r. S\u00e5som Jesu sm\u00e4rta var, aldrig n\u00e5gons varit har.<\/strong><\/p>\n<p>Idag v\u00e4nder vi blickarna mot Jesu kors. Och vi st\u00e5r inf\u00f6r ett mysterium. Ibland har jag t\u00e4nkt att jag f\u00f6rst\u00e5tt n\u00e5got av vad det var som h\u00e4nde d\u00e4r men det \u00e4r som en s\u00e5n d\u00e4r optisk illusion d\u00e4r n\u00e5got man f\u00e5tt syn p\u00e5 f\u00f6rsvinner n\u00e4r man tittar rakt mot det. Det \u00e4r s\u00e5 mycket som sker p\u00e5 korset. Ju mer jag l\u00e4st i bibeln desto mer anar jag att detta sammanfattar allt. M\u00e4nniskans lott i livet i en trasig v\u00e4rld, ett liv i k\u00e4rlek till sin n\u00e4sta, vem Gud \u00e4r. Hit pekar allt det Jesus sagt och gjort. Och allt det i bibeln f\u00f6re Jesus ocks\u00e5.<\/p>\n<p><strong>Hand och fot man genomborrat, str\u00e4ckt och pl\u00e5gad \u00e4r var led. Huvudet av t\u00f6rnen s\u00e5rat, blekt och blodigt sjunker ned. S\u00e5som Jesu sm\u00e4rta var aldrig n\u00e5gons varit har.<\/strong><\/p>\n<p>Jesus f\u00f6ddes till att vara en av oss. Guds son p\u00e5 jorden \u00e4r en m\u00e4nniskoson. Och denna v\u00e4rld \u00e4r full av s\u00e5 mycket sm\u00e4rta och lidande. Bibeln s\u00e4ger att det \u00e4r onaturligt att det ska vara s\u00e5. Gud gjorde v\u00e4rlden god fr\u00e5n b\u00f6rjan. F\u00f6r bibelns f\u00f6rfattare s\u00e5 t\u00e4nkte man att n\u00e4r sjukdom, ensamhet, lidande, sj\u00e4lviskhet och allt annat ont kom in i v\u00e4rlden s\u00e5 kom d\u00f6den in. Och ofta i svaga doser, som att varje sjukdom \u00e4r en liten skopa av d\u00f6den som kommer och f\u00f6rst\u00f6r livet. Man s\u00e4ger ibland att det \u201djag var bara vid liv, jag levde inte p\u00e5 riktigt\u201d om livet n\u00e4r det \u00e4r sv\u00e5rt och s\u00e5 ungef\u00e4r \u00e4r det i bibeln.<\/p>\n<p>N\u00e4r Jesus g\u00e5tt runt och botat de sjuka har han ocks\u00e5 p\u00e5 ett s\u00e4tt k\u00e4mpat mot d\u00f6dens och ondskans makter, n\u00e4r han har suttit till bords med de ingen ville vara med och sagt att \u201d\u00e4ven ni \u00e4r Guds barn\u201d, d\u00e5 har han arbetat p\u00e5 att uppr\u00e4tta m\u00e4nskligheten, till kropp och sj\u00e4l. \u00a0Innan vi riktigt \u00e4r framme vid korset f\u00e5r vi minnas att \u00e4ven det som h\u00f6r till det dagliga livets sm\u00e4rtor, \u00e4ven det k\u00e4nner han.<\/p>\n<p><strong>Sist han ropar h\u00f6gt och s\u00e4nder upp sin suck till Gud och ber: Fader jag i dina h\u00e4nder nu min ande \u00f6verger. S\u00e5som Jesu sm\u00e4rta var aldrig n\u00e5gons varit har.<\/strong><\/p>\n<p>Men \u00e4ven den som blev botad av Jesus skulle ju en dag d\u00f6, och nya sorger drabbar \u00e4ven om n\u00e5gon tr\u00f6star oss och r\u00e4ddar oss tillbaka till livet. Jesus m\u00e5ste g\u00e5 till k\u00e4rnan med v\u00e4rldens problem. Att vi kommit bort fr\u00e5n Gud och hamnat i fr\u00e4mmande land, han ska f\u00f6ra oss hem. Vi \u00e4r offer f\u00f6r det onda, men vi \u00e4r ocks\u00e5 sj\u00e4lva s\u00e5dana som g\u00f6r det onda. Det bor i oss. Vi misstror Gud. Alltsedan Adam och Eva g\u00f6mde sig f\u00f6r Gud i tr\u00e4dg\u00e5rden tror vi alla att Guds k\u00e4rlek \u00e4r f\u00f6r bra f\u00f6r att vi ska v\u00e5ga tro p\u00e5 den. Vill Gud oss v\u00e4l? Sitter han inte bara l\u00e5ngt borta och d\u00f6mer oss utan att veta p\u00e5 riktigt hur vi har det? D\u00e5 f\u00e5r vi se p\u00e5 korset.<\/p>\n<p><strong>Denna stund \u00e4r Jesu sista templets f\u00f6rl\u00e5t rivs itu, solen m\u00f6rknar, bergen brister. \u00d6ga, hj\u00e4rta vad g\u00f6r du? S\u00e5som Jesu sm\u00e4rta var aldrig n\u00e5gons varit har.<\/strong><\/p>\n<p>Det \u00e4r d\u00e4r, av alla platser i tid och rum som vi verkligen ser hurdan Gud \u00e4r. Djupet i Guds k\u00e4rlek. I den gamla profetian hos profeten kallas Kristus Immanuel, Gud med oss. Han har redan delat s\u00e5 mycket av vad det inneb\u00e4r att vara m\u00e4nniska, men nu t\u00f6mmer han kalken helt, tar \u00e4ven det grumliga i botten.<\/p>\n<p>D\u00e4r finns skulden, den som vi inte kommer ifr\u00e5n. Marianne Fredriksson, f\u00f6rfattaren ska en g\u00e5ng ha blivit intervjuad och talat om synd och hur illa hon tyckte om det ordet, sedan var n\u00e4sta fr\u00e5ga \u201dvad s\u00e4ger du om skulden d\u00e5\u201d. D\u00e5 suckade hon djupt. \u201dJa den k\u00e4mpar vi alla med\u201d. Jesus b\u00e4r v\u00e5r skuld p\u00e5 sig. F\u00f6r att vi inte kan lyfta av oss den sj\u00e4lva. Allt ont som n\u00e5gon g\u00f6r, det g\u00f6r vi ocks\u00e5 mot Gud, som skapat oss f\u00f6r det goda.<\/p>\n<p>D\u00e4r finns skammen. Korset var en skamp\u00e5le. Vi lider ocks\u00e5 s\u00e5 mycket under vad andra gjort mot oss, r\u00f6ster vi h\u00f6rt s\u00e5 mycket att de tr\u00e4ngt in i oss och forts\u00e4tter tala till oss d\u00e4r om hur hemska, eller l\u00f6jliga, eller fula vi \u00e4r. Saker vi borde klara men som vi inte klarar. Vi borde inte vara som vi \u00e4r, det \u00e4r fel p\u00e5 v\u00e5ra kroppar, p\u00e5 v\u00e5ra familjer, p\u00e5 v\u00e5ra liv. Skammen \u00e4r en oerh\u00f6rd b\u00f6rda att b\u00e4ra f\u00f6r m\u00e5nga av oss. Jesus delar den. Naken h\u00e4nger han p\u00e5 korset h\u00e5nad av alla, utom de d\u00e4r vid korset fot men dem har han ju efter vad det ser ut svikit, inte kunnat hj\u00e4lpa. Han f\u00f6ll fr\u00e5n folkets gunst, allt togs ifr\u00e5n honom, en f\u00f6raktad som d\u00f6r en f\u00f6raktad d\u00f6d. Han g\u00f6r det f\u00f6r oss. F\u00f6r att vi under tyngden av skammen i v\u00e5ra liv \u00e4nd\u00e5 ska h\u00e4nga ihop med honom, och som han mitt i allt f\u00f6rbli Guds barn.<\/p>\n<p>D\u00e4r finns den kroppsliga sm\u00e4rtan, d\u00e4r finns r\u00e4dslan f\u00f6r d\u00f6den, d\u00e4r finns varje hoppl\u00f6st nederlag och varje bittert slut i v\u00e5ra liv. P\u00e5 korset str\u00e5lar all v\u00e4rldens lidande och ondska samman. Och Gud \u00e4r d\u00e4r n\u00e4r det sker. Han l\u00e5ter det drabba honom f\u00f6r att skona oss.<\/p>\n<p><strong>Har du m\u00e4nniska ett hj\u00e4rta, \u00e4r din b\u00e4ste v\u00e4n dig k\u00e4r, k\u00e4nn din syndaskuld med sm\u00e4rta ty f\u00f6r den han korsf\u00e4st \u00e4r. S\u00e5 som Jesu k\u00e4rlek var, aldrig n\u00e5gons varit har.<\/strong><\/p>\n<p>&nbsp;<\/p>\n<p>&nbsp;<\/p>\n","protected":false},"excerpt":{"rendered":"<p>H\u00e4r \u00e4r min predikan fr\u00e5n l\u00e5ngfredagsgudstj\u00e4nsten ig\u00e5r. Som vanligt ganska ungef\u00e4rligt och den h\u00e4ngde nog ihop lite b\u00e4ttre i talad form. Hoppas i alla fall att den kan vara till gl\u00e4dje f\u00f6r dig. &nbsp; L\u00e5ngfredag 2018 i Nittorps kyrka &nbsp; Sk\u00e5da, sk\u00e5da nu h\u00e4r alla, se hur Jesus pl\u00e5gad \u00e4r. Klaga h\u00f6gt, l\u00e5t t\u00e5rar falla. [&hellip;]<\/p>\n","protected":false},"author":392,"featured_media":6277,"comment_status":"open","ping_status":"open","sticky":false,"template":"","format":"standard","meta":{"_acf_changed":false,"footnotes":""},"categories":[76189,8252,7964,114],"tags":[],"class_list":["post-6276","post","type-post","status-publish","format-standard","has-post-thumbnail","hentry","category-dagens-kyrka","category-kyrkoaret","category-pask","category-predikan"],"acf":[],"yoast_head":"<!-- This site is optimized with the Yoast SEO plugin v27.1.1 - https:\/\/yoast.com\/product\/yoast-seo-wordpress\/ -->\n<title>Allt str\u00e5lar samman p\u00e5 korset - Vandra V\u00e4gen<\/title>\n<meta name=\"robots\" content=\"index, follow, max-snippet:-1, max-image-preview:large, max-video-preview:-1\" \/>\n<link rel=\"canonical\" href=\"https:\/\/blogg.svenskakyrkan.se\/vandravagen\/2018\/03\/31\/allt-stralar-samman-pa-korset-2\/\" \/>\n<meta property=\"og:locale\" content=\"sv_SE\" \/>\n<meta property=\"og:type\" content=\"article\" \/>\n<meta property=\"og:title\" content=\"Allt str\u00e5lar samman p\u00e5 korset - Vandra V\u00e4gen\" \/>\n<meta property=\"og:description\" content=\"H\u00e4r \u00e4r min predikan fr\u00e5n l\u00e5ngfredagsgudstj\u00e4nsten ig\u00e5r. Som vanligt ganska ungef\u00e4rligt och den h\u00e4ngde nog ihop lite b\u00e4ttre i talad form. Hoppas i alla fall att den kan vara till gl\u00e4dje f\u00f6r dig. &nbsp; L\u00e5ngfredag 2018 i Nittorps kyrka &nbsp; Sk\u00e5da, sk\u00e5da nu h\u00e4r alla, se hur Jesus pl\u00e5gad \u00e4r. Klaga h\u00f6gt, l\u00e5t t\u00e5rar falla. [&hellip;]\" \/>\n<meta property=\"og:url\" content=\"https:\/\/blogg.svenskakyrkan.se\/vandravagen\/2018\/03\/31\/allt-stralar-samman-pa-korset-2\/\" \/>\n<meta property=\"og:site_name\" content=\"Vandra V\u00e4gen\" \/>\n<meta property=\"article:publisher\" content=\"http:\/\/facebook.com\/vandravagen\" \/>\n<meta property=\"article:published_time\" content=\"2018-03-31T05:00:16+00:00\" \/>\n<meta name=\"author\" content=\"Tomas Jarvid\" \/>\n<meta name=\"twitter:card\" content=\"summary_large_image\" \/>\n<meta name=\"twitter:creator\" content=\"@fadertomas\" \/>\n<meta name=\"twitter:site\" content=\"@fadertomas\" \/>\n<meta name=\"twitter:label1\" content=\"Skriven av\" \/>\n\t<meta name=\"twitter:data1\" content=\"Tomas Jarvid\" \/>\n\t<meta name=\"twitter:label2\" content=\"Ber\u00e4knad l\u00e4stid\" \/>\n\t<meta name=\"twitter:data2\" content=\"6 minuter\" \/>\n<script type=\"application\/ld+json\" class=\"yoast-schema-graph\">{\"@context\":\"https:\/\/schema.org\",\"@graph\":[{\"@type\":\"Article\",\"@id\":\"https:\/\/blogg.svenskakyrkan.se\/vandravagen\/2018\/03\/31\/allt-stralar-samman-pa-korset-2\/#article\",\"isPartOf\":{\"@id\":\"https:\/\/blogg.svenskakyrkan.se\/vandravagen\/2018\/03\/31\/allt-stralar-samman-pa-korset-2\/\"},\"author\":{\"name\":\"Tomas Jarvid\",\"@id\":\"https:\/\/blogg.svenskakyrkan.se\/vandravagen\/#\/schema\/person\/25da02d4f76b137d04291711e2c9fc16\"},\"headline\":\"Allt str\u00e5lar samman p\u00e5 korset\",\"datePublished\":\"2018-03-31T05:00:16+00:00\",\"mainEntityOfPage\":{\"@id\":\"https:\/\/blogg.svenskakyrkan.se\/vandravagen\/2018\/03\/31\/allt-stralar-samman-pa-korset-2\/\"},\"wordCount\":1171,\"commentCount\":5,\"publisher\":{\"@id\":\"https:\/\/blogg.svenskakyrkan.se\/vandravagen\/#organization\"},\"image\":{\"@id\":\"https:\/\/blogg.svenskakyrkan.se\/vandravagen\/2018\/03\/31\/allt-stralar-samman-pa-korset-2\/#primaryimage\"},\"thumbnailUrl\":\"https:\/\/blogg.svenskakyrkan.se\/vandravagen\/files\/2018\/03\/lastman_kruisiging_grt.jpg\",\"articleSection\":[\"Dagens Kyrka\",\"kyrko\u00e5ret\",\"p\u00e5sk\",\"predikan\"],\"inLanguage\":\"sv-SE\",\"potentialAction\":[{\"@type\":\"CommentAction\",\"name\":\"Comment\",\"target\":[\"https:\/\/blogg.svenskakyrkan.se\/vandravagen\/2018\/03\/31\/allt-stralar-samman-pa-korset-2\/#respond\"]}]},{\"@type\":\"WebPage\",\"@id\":\"https:\/\/blogg.svenskakyrkan.se\/vandravagen\/2018\/03\/31\/allt-stralar-samman-pa-korset-2\/\",\"url\":\"https:\/\/blogg.svenskakyrkan.se\/vandravagen\/2018\/03\/31\/allt-stralar-samman-pa-korset-2\/\",\"name\":\"Allt str\u00e5lar samman p\u00e5 korset - Vandra V\u00e4gen\",\"isPartOf\":{\"@id\":\"https:\/\/blogg.svenskakyrkan.se\/vandravagen\/#website\"},\"primaryImageOfPage\":{\"@id\":\"https:\/\/blogg.svenskakyrkan.se\/vandravagen\/2018\/03\/31\/allt-stralar-samman-pa-korset-2\/#primaryimage\"},\"image\":{\"@id\":\"https:\/\/blogg.svenskakyrkan.se\/vandravagen\/2018\/03\/31\/allt-stralar-samman-pa-korset-2\/#primaryimage\"},\"thumbnailUrl\":\"https:\/\/blogg.svenskakyrkan.se\/vandravagen\/files\/2018\/03\/lastman_kruisiging_grt.jpg\",\"datePublished\":\"2018-03-31T05:00:16+00:00\",\"breadcrumb\":{\"@id\":\"https:\/\/blogg.svenskakyrkan.se\/vandravagen\/2018\/03\/31\/allt-stralar-samman-pa-korset-2\/#breadcrumb\"},\"inLanguage\":\"sv-SE\",\"potentialAction\":[{\"@type\":\"ReadAction\",\"target\":[\"https:\/\/blogg.svenskakyrkan.se\/vandravagen\/2018\/03\/31\/allt-stralar-samman-pa-korset-2\/\"]}]},{\"@type\":\"ImageObject\",\"inLanguage\":\"sv-SE\",\"@id\":\"https:\/\/blogg.svenskakyrkan.se\/vandravagen\/2018\/03\/31\/allt-stralar-samman-pa-korset-2\/#primaryimage\",\"url\":\"https:\/\/blogg.svenskakyrkan.se\/vandravagen\/files\/2018\/03\/lastman_kruisiging_grt.jpg\",\"contentUrl\":\"https:\/\/blogg.svenskakyrkan.se\/vandravagen\/files\/2018\/03\/lastman_kruisiging_grt.jpg\",\"width\":1024,\"height\":693,\"caption\":\"Jesus p\u00e5 korset. Detta \u00e4r korsets tr\u00e4 som b\u00e4r Herren Jesus, kom l\u00e5t oss tillbedja v\u00e4rldens fr\u00e4lsare.\"},{\"@type\":\"BreadcrumbList\",\"@id\":\"https:\/\/blogg.svenskakyrkan.se\/vandravagen\/2018\/03\/31\/allt-stralar-samman-pa-korset-2\/#breadcrumb\",\"itemListElement\":[{\"@type\":\"ListItem\",\"position\":1,\"name\":\"Hem\",\"item\":\"https:\/\/blogg.svenskakyrkan.se\/vandravagen\/\"},{\"@type\":\"ListItem\",\"position\":2,\"name\":\"Allt str\u00e5lar samman p\u00e5 korset\"}]},{\"@type\":\"WebSite\",\"@id\":\"https:\/\/blogg.svenskakyrkan.se\/vandravagen\/#website\",\"url\":\"https:\/\/blogg.svenskakyrkan.se\/vandravagen\/\",\"name\":\"Vandra V\u00e4gen\",\"description\":\"-Mot en tro f\u00f6r hela livet\",\"publisher\":{\"@id\":\"https:\/\/blogg.svenskakyrkan.se\/vandravagen\/#organization\"},\"potentialAction\":[{\"@type\":\"SearchAction\",\"target\":{\"@type\":\"EntryPoint\",\"urlTemplate\":\"https:\/\/blogg.svenskakyrkan.se\/vandravagen\/?s={search_term_string}\"},\"query-input\":{\"@type\":\"PropertyValueSpecification\",\"valueRequired\":true,\"valueName\":\"search_term_string\"}}],\"inLanguage\":\"sv-SE\"},{\"@type\":\"Organization\",\"@id\":\"https:\/\/blogg.svenskakyrkan.se\/vandravagen\/#organization\",\"name\":\"ulricehamns pastorat\",\"alternateName\":\"ulricehamns pastorat\",\"url\":\"https:\/\/blogg.svenskakyrkan.se\/vandravagen\/\",\"logo\":{\"@type\":\"ImageObject\",\"inLanguage\":\"sv-SE\",\"@id\":\"https:\/\/blogg.svenskakyrkan.se\/vandravagen\/#\/schema\/logo\/image\/\",\"url\":\"https:\/\/blogg.svenskakyrkan.se\/vandravagen\/files\/2023\/05\/Ulr_logo_RGB.png\",\"contentUrl\":\"https:\/\/blogg.svenskakyrkan.se\/vandravagen\/files\/2023\/05\/Ulr_logo_RGB.png\",\"width\":205,\"height\":77,\"caption\":\"ulricehamns pastorat\"},\"image\":{\"@id\":\"https:\/\/blogg.svenskakyrkan.se\/vandravagen\/#\/schema\/logo\/image\/\"},\"sameAs\":[\"http:\/\/facebook.com\/vandravagen\",\"https:\/\/x.com\/fadertomas\",\"http:\/\/www.facebook.com\/svenskakyrkaniulricehamn\"]},{\"@type\":\"Person\",\"@id\":\"https:\/\/blogg.svenskakyrkan.se\/vandravagen\/#\/schema\/person\/25da02d4f76b137d04291711e2c9fc16\",\"name\":\"Tomas Jarvid\",\"image\":{\"@type\":\"ImageObject\",\"inLanguage\":\"sv-SE\",\"@id\":\"https:\/\/blogg.svenskakyrkan.se\/vandravagen\/#\/schema\/person\/image\/\",\"url\":\"https:\/\/secure.gravatar.com\/avatar\/7fa71899795e8f540f615a1f5ab25255dc27aa40f05ee7ddd21aac521e01bf50?s=96&d=identicon&r=g\",\"contentUrl\":\"https:\/\/secure.gravatar.com\/avatar\/7fa71899795e8f540f615a1f5ab25255dc27aa40f05ee7ddd21aac521e01bf50?s=96&d=identicon&r=g\",\"caption\":\"Tomas Jarvid\"},\"description\":\"Jag bor i Ulricehamn i V\u00e4sterg\u00f6tland och \u00e4r f\u00f6rsamlingspr\u00e4st i Svenska Kyrkan f\u00f6r Dalstorps f\u00f6rsamling i Kinds pastorat. P\u00e5 den h\u00e4r bloggen skriver jag ner tankar om vandringen som kristen.\",\"sameAs\":[\"http:\/\/www.vandravagen.se\"],\"url\":\"https:\/\/blogg.svenskakyrkan.se\/vandravagen\/author\/vandravagen\/\"}]}<\/script>\n<!-- \/ Yoast SEO plugin. -->","yoast_head_json":{"title":"Allt str\u00e5lar samman p\u00e5 korset - Vandra V\u00e4gen","robots":{"index":"index","follow":"follow","max-snippet":"max-snippet:-1","max-image-preview":"max-image-preview:large","max-video-preview":"max-video-preview:-1"},"canonical":"https:\/\/blogg.svenskakyrkan.se\/vandravagen\/2018\/03\/31\/allt-stralar-samman-pa-korset-2\/","og_locale":"sv_SE","og_type":"article","og_title":"Allt str\u00e5lar samman p\u00e5 korset - Vandra V\u00e4gen","og_description":"H\u00e4r \u00e4r min predikan fr\u00e5n l\u00e5ngfredagsgudstj\u00e4nsten ig\u00e5r. Som vanligt ganska ungef\u00e4rligt och den h\u00e4ngde nog ihop lite b\u00e4ttre i talad form. Hoppas i alla fall att den kan vara till gl\u00e4dje f\u00f6r dig. &nbsp; L\u00e5ngfredag 2018 i Nittorps kyrka &nbsp; Sk\u00e5da, sk\u00e5da nu h\u00e4r alla, se hur Jesus pl\u00e5gad \u00e4r. Klaga h\u00f6gt, l\u00e5t t\u00e5rar falla. [&hellip;]","og_url":"https:\/\/blogg.svenskakyrkan.se\/vandravagen\/2018\/03\/31\/allt-stralar-samman-pa-korset-2\/","og_site_name":"Vandra V\u00e4gen","article_publisher":"http:\/\/facebook.com\/vandravagen","article_published_time":"2018-03-31T05:00:16+00:00","author":"Tomas Jarvid","twitter_card":"summary_large_image","twitter_creator":"@fadertomas","twitter_site":"@fadertomas","twitter_misc":{"Skriven av":"Tomas Jarvid","Ber\u00e4knad l\u00e4stid":"6 minuter"},"schema":{"@context":"https:\/\/schema.org","@graph":[{"@type":"Article","@id":"https:\/\/blogg.svenskakyrkan.se\/vandravagen\/2018\/03\/31\/allt-stralar-samman-pa-korset-2\/#article","isPartOf":{"@id":"https:\/\/blogg.svenskakyrkan.se\/vandravagen\/2018\/03\/31\/allt-stralar-samman-pa-korset-2\/"},"author":{"name":"Tomas Jarvid","@id":"https:\/\/blogg.svenskakyrkan.se\/vandravagen\/#\/schema\/person\/25da02d4f76b137d04291711e2c9fc16"},"headline":"Allt str\u00e5lar samman p\u00e5 korset","datePublished":"2018-03-31T05:00:16+00:00","mainEntityOfPage":{"@id":"https:\/\/blogg.svenskakyrkan.se\/vandravagen\/2018\/03\/31\/allt-stralar-samman-pa-korset-2\/"},"wordCount":1171,"commentCount":5,"publisher":{"@id":"https:\/\/blogg.svenskakyrkan.se\/vandravagen\/#organization"},"image":{"@id":"https:\/\/blogg.svenskakyrkan.se\/vandravagen\/2018\/03\/31\/allt-stralar-samman-pa-korset-2\/#primaryimage"},"thumbnailUrl":"https:\/\/blogg.svenskakyrkan.se\/vandravagen\/files\/2018\/03\/lastman_kruisiging_grt.jpg","articleSection":["Dagens Kyrka","kyrko\u00e5ret","p\u00e5sk","predikan"],"inLanguage":"sv-SE","potentialAction":[{"@type":"CommentAction","name":"Comment","target":["https:\/\/blogg.svenskakyrkan.se\/vandravagen\/2018\/03\/31\/allt-stralar-samman-pa-korset-2\/#respond"]}]},{"@type":"WebPage","@id":"https:\/\/blogg.svenskakyrkan.se\/vandravagen\/2018\/03\/31\/allt-stralar-samman-pa-korset-2\/","url":"https:\/\/blogg.svenskakyrkan.se\/vandravagen\/2018\/03\/31\/allt-stralar-samman-pa-korset-2\/","name":"Allt str\u00e5lar samman p\u00e5 korset - Vandra V\u00e4gen","isPartOf":{"@id":"https:\/\/blogg.svenskakyrkan.se\/vandravagen\/#website"},"primaryImageOfPage":{"@id":"https:\/\/blogg.svenskakyrkan.se\/vandravagen\/2018\/03\/31\/allt-stralar-samman-pa-korset-2\/#primaryimage"},"image":{"@id":"https:\/\/blogg.svenskakyrkan.se\/vandravagen\/2018\/03\/31\/allt-stralar-samman-pa-korset-2\/#primaryimage"},"thumbnailUrl":"https:\/\/blogg.svenskakyrkan.se\/vandravagen\/files\/2018\/03\/lastman_kruisiging_grt.jpg","datePublished":"2018-03-31T05:00:16+00:00","breadcrumb":{"@id":"https:\/\/blogg.svenskakyrkan.se\/vandravagen\/2018\/03\/31\/allt-stralar-samman-pa-korset-2\/#breadcrumb"},"inLanguage":"sv-SE","potentialAction":[{"@type":"ReadAction","target":["https:\/\/blogg.svenskakyrkan.se\/vandravagen\/2018\/03\/31\/allt-stralar-samman-pa-korset-2\/"]}]},{"@type":"ImageObject","inLanguage":"sv-SE","@id":"https:\/\/blogg.svenskakyrkan.se\/vandravagen\/2018\/03\/31\/allt-stralar-samman-pa-korset-2\/#primaryimage","url":"https:\/\/blogg.svenskakyrkan.se\/vandravagen\/files\/2018\/03\/lastman_kruisiging_grt.jpg","contentUrl":"https:\/\/blogg.svenskakyrkan.se\/vandravagen\/files\/2018\/03\/lastman_kruisiging_grt.jpg","width":1024,"height":693,"caption":"Jesus p\u00e5 korset. Detta \u00e4r korsets tr\u00e4 som b\u00e4r Herren Jesus, kom l\u00e5t oss tillbedja v\u00e4rldens fr\u00e4lsare."},{"@type":"BreadcrumbList","@id":"https:\/\/blogg.svenskakyrkan.se\/vandravagen\/2018\/03\/31\/allt-stralar-samman-pa-korset-2\/#breadcrumb","itemListElement":[{"@type":"ListItem","position":1,"name":"Hem","item":"https:\/\/blogg.svenskakyrkan.se\/vandravagen\/"},{"@type":"ListItem","position":2,"name":"Allt str\u00e5lar samman p\u00e5 korset"}]},{"@type":"WebSite","@id":"https:\/\/blogg.svenskakyrkan.se\/vandravagen\/#website","url":"https:\/\/blogg.svenskakyrkan.se\/vandravagen\/","name":"Vandra V\u00e4gen","description":"-Mot en tro f\u00f6r hela livet","publisher":{"@id":"https:\/\/blogg.svenskakyrkan.se\/vandravagen\/#organization"},"potentialAction":[{"@type":"SearchAction","target":{"@type":"EntryPoint","urlTemplate":"https:\/\/blogg.svenskakyrkan.se\/vandravagen\/?s={search_term_string}"},"query-input":{"@type":"PropertyValueSpecification","valueRequired":true,"valueName":"search_term_string"}}],"inLanguage":"sv-SE"},{"@type":"Organization","@id":"https:\/\/blogg.svenskakyrkan.se\/vandravagen\/#organization","name":"ulricehamns pastorat","alternateName":"ulricehamns pastorat","url":"https:\/\/blogg.svenskakyrkan.se\/vandravagen\/","logo":{"@type":"ImageObject","inLanguage":"sv-SE","@id":"https:\/\/blogg.svenskakyrkan.se\/vandravagen\/#\/schema\/logo\/image\/","url":"https:\/\/blogg.svenskakyrkan.se\/vandravagen\/files\/2023\/05\/Ulr_logo_RGB.png","contentUrl":"https:\/\/blogg.svenskakyrkan.se\/vandravagen\/files\/2023\/05\/Ulr_logo_RGB.png","width":205,"height":77,"caption":"ulricehamns pastorat"},"image":{"@id":"https:\/\/blogg.svenskakyrkan.se\/vandravagen\/#\/schema\/logo\/image\/"},"sameAs":["http:\/\/facebook.com\/vandravagen","https:\/\/x.com\/fadertomas","http:\/\/www.facebook.com\/svenskakyrkaniulricehamn"]},{"@type":"Person","@id":"https:\/\/blogg.svenskakyrkan.se\/vandravagen\/#\/schema\/person\/25da02d4f76b137d04291711e2c9fc16","name":"Tomas Jarvid","image":{"@type":"ImageObject","inLanguage":"sv-SE","@id":"https:\/\/blogg.svenskakyrkan.se\/vandravagen\/#\/schema\/person\/image\/","url":"https:\/\/secure.gravatar.com\/avatar\/7fa71899795e8f540f615a1f5ab25255dc27aa40f05ee7ddd21aac521e01bf50?s=96&d=identicon&r=g","contentUrl":"https:\/\/secure.gravatar.com\/avatar\/7fa71899795e8f540f615a1f5ab25255dc27aa40f05ee7ddd21aac521e01bf50?s=96&d=identicon&r=g","caption":"Tomas Jarvid"},"description":"Jag bor i Ulricehamn i V\u00e4sterg\u00f6tland och \u00e4r f\u00f6rsamlingspr\u00e4st i Svenska Kyrkan f\u00f6r Dalstorps f\u00f6rsamling i Kinds pastorat. P\u00e5 den h\u00e4r bloggen skriver jag ner tankar om vandringen som kristen.","sameAs":["http:\/\/www.vandravagen.se"],"url":"https:\/\/blogg.svenskakyrkan.se\/vandravagen\/author\/vandravagen\/"}]}},"author_meta":{"ID":"392","user_nicename":"vandravagen","user_url":"http:\/\/www.vandravagen.se","user_registered":"2014-05-19 05:44:52","display_name":"Tomas Jarvid","first_name":"Tomas","last_name":"Jarvid","avatar":"https:\/\/secure.gravatar.com\/avatar\/7fa71899795e8f540f615a1f5ab25255dc27aa40f05ee7ddd21aac521e01bf50?s=96&d=identicon&r=g"},"featured_image":["https:\/\/blogg.svenskakyrkan.se\/vandravagen\/files\/2018\/03\/lastman_kruisiging_grt-1024x693.jpg",1024,693,true],"bloginfo":{"name":"Vandra V\u00e4gen","url":"https:\/\/blogg.svenskakyrkan.se\/vandravagen"},"_links":{"self":[{"href":"https:\/\/blogg.svenskakyrkan.se\/vandravagen\/wp-json\/wp\/v2\/posts\/6276","targetHints":{"allow":["GET"]}}],"collection":[{"href":"https:\/\/blogg.svenskakyrkan.se\/vandravagen\/wp-json\/wp\/v2\/posts"}],"about":[{"href":"https:\/\/blogg.svenskakyrkan.se\/vandravagen\/wp-json\/wp\/v2\/types\/post"}],"author":[{"embeddable":true,"href":"https:\/\/blogg.svenskakyrkan.se\/vandravagen\/wp-json\/wp\/v2\/users\/392"}],"replies":[{"embeddable":true,"href":"https:\/\/blogg.svenskakyrkan.se\/vandravagen\/wp-json\/wp\/v2\/comments?post=6276"}],"version-history":[{"count":1,"href":"https:\/\/blogg.svenskakyrkan.se\/vandravagen\/wp-json\/wp\/v2\/posts\/6276\/revisions"}],"predecessor-version":[{"id":6278,"href":"https:\/\/blogg.svenskakyrkan.se\/vandravagen\/wp-json\/wp\/v2\/posts\/6276\/revisions\/6278"}],"wp:featuredmedia":[{"embeddable":true,"href":"https:\/\/blogg.svenskakyrkan.se\/vandravagen\/wp-json\/wp\/v2\/media\/6277"}],"wp:attachment":[{"href":"https:\/\/blogg.svenskakyrkan.se\/vandravagen\/wp-json\/wp\/v2\/media?parent=6276"}],"wp:term":[{"taxonomy":"category","embeddable":true,"href":"https:\/\/blogg.svenskakyrkan.se\/vandravagen\/wp-json\/wp\/v2\/categories?post=6276"},{"taxonomy":"post_tag","embeddable":true,"href":"https:\/\/blogg.svenskakyrkan.se\/vandravagen\/wp-json\/wp\/v2\/tags?post=6276"}],"curies":[{"name":"wp","href":"https:\/\/api.w.org\/{rel}","templated":true}]}}