{"id":632,"date":"2013-04-05T10:14:00","date_gmt":"2013-04-05T08:14:00","guid":{"rendered":"http:\/\/blogg.svenskakyrkan.se\/vandravagen\/2013\/04\/05\/7-principer-for-barnuppfostran-enligt-gordon-neufeld\/"},"modified":"2013-04-05T10:14:00","modified_gmt":"2013-04-05T08:14:00","slug":"7-principer-for-barnuppfostran-enligt-gordon-neufeld","status":"publish","type":"post","link":"https:\/\/blogg.svenskakyrkan.se\/vandravagen\/2013\/04\/05\/7-principer-for-barnuppfostran-enligt-gordon-neufeld\/","title":{"rendered":"7 principer f\u00f6r barnuppfostran enligt Gordon Neufeld"},"content":{"rendered":"<table align=\"center\" cellpadding=\"0\" cellspacing=\"0\">\n<tbody>\n<tr>\n<td><a href=\"http:\/\/2.bp.blogspot.com\/-cU9rDh_qlrA\/UVYR-WJpaII\/AAAAAAAAC5I\/w0RCwVt7w20\/s1600\/spa%CC%8Ang.jpg\"><img loading=\"lazy\" decoding=\"async\" border=\"0\" height=\"265\" src=\"http:\/\/2.bp.blogspot.com\/-cU9rDh_qlrA\/UVYR-WJpaII\/AAAAAAAAC5I\/w0RCwVt7w20\/s400\/spa%CC%8Ang.jpg\" width=\"400\"><\/a><\/td>\n<\/tr>\n<tr>\n<td>Sv\u00e5r balansg\u00e5ng?<\/td>\n<\/tr>\n<\/tbody>\n<\/table>\n<p>Jag forts\u00e4tter serien om <a href=\"http:\/\/www.vandravagen.se\/2013\/02\/ordet-anknytning-en-riktig-ogonoppnare.html\">anknytning<\/a> och Gordon Neufelds tankar med \u00e4nnu en nedbantning av <a href=\"http:\/\/www.vandravagen.se\/2013\/03\/vaga-ta-plats-i-ditt-barns-liv-sager.html\">Neufelds bok<\/a>. L\u00e4s g\u00e4rna boken, d\u00e4r finns ett helt kapitel om detta, men jag r\u00e4knar med att f\u00f6r de flesta \u00e4r det \u00e4nnu en sak som inte blir av. D\u00e5 \u00e4r det bra med snabbsammanfattningar. Jag har ocks\u00e5 samlat <a href=\"http:\/\/www.vandravagen.se\/2013\/05\/allt-om-anknytning-jamarigorientering.html\">alla mina inl\u00e4gg om anknytning<\/a> h\u00e4r.<\/p>\n<p>Hur ska man egentligen t\u00e4nka kring barnuppfostran om det nu \u00e4r relationen som \u00e4r i fokus ist\u00e4llet f\u00f6r olika tekniker? Gordon Neufeld listar sju punkter och de f\u00f6ljer h\u00e4r.<\/p>\n<p><b>1.\u00a0Anv\u00e4nd samh\u00f6righet, inte separation, som verktyg<\/b><br \/><b><br \/><\/b>Vid en konflikt med barn g\u00e4ller det att till varje pris arbeta p\u00e5 att bevara relationen. Det \u00e4r allts\u00e5 inte en bra id\u00e9 att straffa med att dra undan sin k\u00e4rlek och omsorg. G\u00f6r man det signalerar man ju att k\u00e4rleken \u00e4r villkorad och inte villkorsl\u00f6s. Det \u00e4r sj\u00e4lva relationen med en orienteringsperson (f\u00f6r\u00e4lder) som g\u00f6r att barnet v\u00e4xer och mognar, d\u00e4rf\u00f6r \u00e4r det kontraproduktivt att undandra barnet n\u00e4rhet.<\/p>\n<p><b>2. Vid problem, se till relationen, inte till h\u00e4ndelsen. Knyt an f\u00f6rst.<\/b><\/p>\n<p>N\u00e4r barnet g\u00f6r n\u00e5got d\u00e5ligt ligger det n\u00e4ra till hands att man som f\u00f6r\u00e4lder blir alldeles uppfylld av h\u00e4ndelsen och helt och h\u00e5llet g\u00e5r in f\u00f6r att korrigera beteendet, straffa eller annat. Det \u00e4r dock v\u00e4ldigt viktigt att man f\u00f6rst knyter an till barnet med en blick, ord och signaler om att relationen inte \u00e4r hotad av det som skett. Det vet vi ju sj\u00e4lva att det \u00e4r f\u00f6rst n\u00e4r vi k\u00e4nner oss trygga som vi \u00e4r emottagliga f\u00f6r kritik \u00e4nd\u00e5. Barnet \u00e4r i s\u00e5 h\u00f6g grad beroende av den vuxne att det beh\u00f6ver f\u00f6rs\u00e4kras om att den villkorsl\u00f6sa k\u00e4rleken inte rubbats.<\/p>\n<p><b>3. N\u00e4r barnet f\u00f6rs\u00f6ker f\u00f6rg\u00e4ves, s\u00f6k gr\u00e5ten ist\u00e4llet f\u00f6r att l\u00e4xa upp<\/b><br \/><b><br \/><\/b>Det kanske l\u00e5ter m\u00e4rkligt men upplevelsen av att f\u00f6rs\u00f6ka f\u00f6rg\u00e4ves \u00e4r viktig f\u00f6r barnets utveckling. Det \u00e4r s\u00e5 vi l\u00e4r oss mycket om v\u00e5ra begr\u00e4nsningar. Det betyder f\u00f6rst\u00e5s inte att man ska medvetet f\u00f6rsv\u00e5ra f\u00f6r barnet, situationerna uppst\u00e5r \u00e4nd\u00e5. N\u00e4r barnet till exempel f\u00f6rs\u00f6ker \u00e5stadkomma n\u00e5got bortom sin f\u00f6rm\u00e5ga eller n\u00e5got f\u00f6r\u00e4ldern s\u00e4tter stopp f\u00f6r \u00e4r det viktigt att det ocks\u00e5 f\u00e5r ta in k\u00e4nslan av fruktl\u00f6shet ist\u00e4llet f\u00f6r att forts\u00e4tta om och om igen med en d\u00e5res envishet. N\u00e4r n\u00e5got inte fungerar reagerar barn (som vuxna) med frustration och kanske aggressivitet. Den vuxne har l\u00e4rt sig (f\u00f6rhoppningsvis) att \u00f6verge en fruktl\u00f6s metod och antingen prova ett annat s\u00e4tt eller s\u00f6rja \u00f6ver att det var om\u00f6jligt men barn beh\u00f6ver hj\u00e4lp med detta.\u00a0Det kan man hj\u00e4lpa barn med och till exempel s\u00e4tta ord p\u00e5 det upplevda: &#8221;Det var tr\u00e5kig att vi var tvungna att g\u00e5 n\u00e4r du tyckte det var s\u00e5 roligt&#8221; eller &#8221;Nej, det \u00e4r helt s\u00e4kert att du inte kommer f\u00e5 n\u00e5got godis, det \u00e4r l\u00f6nl\u00f6st&#8221; (det viktigaste \u00e4r f\u00f6rst\u00e5s inte sj\u00e4lva orden utan inneb\u00f6rden i det som s\u00e4gs eller signaleras p\u00e5 annat s\u00e4tt).<\/p>\n<p><b>4. Mobilisera goda intentioner ist\u00e4llet f\u00f6r att kr\u00e4va gott uppf\u00f6rande<\/b><\/p>\n<p>Den goda viljan \u00e4r v\u00e4rd mycket. I grund och botten vill vi alla att de som \u00e4r viktiga f\u00f6r oss ska tycka om vad vi g\u00f6r, speciellt barn. D\u00e4rf\u00f6r \u00e4r det bra att ta alla tillf\u00e4llen att ber\u00f6mma och uppm\u00e4rksamma goda avsikter. Om resultatet inte blev bra av n\u00e5got kan man i alla fall s\u00e4ga att &#8221;jag f\u00f6rstod att du gjorde ditt b\u00e4sta&#8221; eller liknande. Man kan ocks\u00e5 mobilisera goda intentioner genom att uppmuntra dem i f\u00f6rv\u00e4g; &#8221;Det brukar ju alltid bli br\u00e5k mellan dej och Kalle, nu undrar jag om du kan g\u00f6ra ditt allra b\u00e4sta f\u00f6r att det inte ska bli s\u00e5 idag?&#8221;.<\/p>\n<p><b>5. Ta fram motstridiga k\u00e4nslor ist\u00e4llet f\u00f6r att bara f\u00f6rs\u00f6ka avl\u00e4gsna impulsbeteenden<\/b><\/p>\n<p>Barn handlar impulsivt. Det \u00e4r sj\u00e4lvklart att de g\u00f6r det, f\u00f6r de har inte l\u00e4rt sig bromsa sig \u00e4n. F\u00f6r att kunna g\u00f6ra det m\u00e5ste de f\u00f6rst f\u00e5 tillg\u00e5ng till motstridiga k\u00e4nslor. \u00c4ven vuxna f\u00e5r impulsen att sl\u00e5 till n\u00e5gon som gjort n\u00e5got dumt eller stj\u00e4la n\u00e5got man vill ha men \u00e4nd\u00e5 g\u00f6r vi n\u00e4stan aldrig det. Vi vill ju ocks\u00e5 vara trevliga, hyggliga typer och d\u00e4rf\u00f6r hejdar vi oss. Den dubbelheten \u00e4r v\u00e4ldigt viktig och n\u00e5got att uppmuntra f\u00f6r mognadens utvecklings skull. Ist\u00e4llet f\u00f6r att bara f\u00f6rs\u00f6ka pr\u00e4nta in vikten av att inte sl\u00e5ss kan f\u00f6r\u00e4ldern ocks\u00e5 f\u00f6rs\u00f6ka frammana bilden av vad som st\u00e5r p\u00e5 spel och som ocks\u00e5 \u00e4r viktigt f\u00f6r barnet. &#8221;Om du sl\u00e5r lillasyster s\u00e5 kommer hon inte vilja leka med dig sedan&#8221; eller n\u00e5got i den stilen. Po\u00e4ngen \u00e4r att s\u00e4tta fingret p\u00e5 vad som st\u00e5r p\u00e5 spel s\u00e5 att barnet till slut sj\u00e4lv utifr\u00e5n motstridiga k\u00e4nslor fattar genomt\u00e4nkta beslut om hur han eller hon <i>vill<\/i> agera ist\u00e4llet f\u00f6r att bara g\u00f6ra det impulsivt.<\/p>\n<p><b>6. Hantera impulsivitet genom att instruera i \u00f6nskade beteenden, inte genom att kr\u00e4va mognad<\/b><\/p>\n<p>Aprop\u00e5 impulser s\u00e5 m\u00e5ste man ocks\u00e5 komma ih\u00e5g att man aldrig kan kr\u00e4va av barn att de ska uppf\u00f6ra sig med en mognad som de inte har \u00e4n. Barn \u00e4r barn och mognad kommer med tiden. Till dess kan man l\u00e4ra dem att agera v\u00e4l i olika situationer, inte utifr\u00e5n sin inlevelse i hur andra vill bli bem\u00f6tta utan utifr\u00e5n sin relation till dig. Instruera d\u00e4rf\u00f6r i hur de b\u00e4st beter sig i olika situationer (h\u00e4lsa ordentligt eller vad som helst som barn kan beh\u00f6va instruktion f\u00f6r att g\u00f6ra v\u00e4l). P\u00e5 det s\u00e4ttet klarar de sig fint tills det blivit dags f\u00f6r dem att sj\u00e4lva ta ansvaret f\u00f6r sitt beteende fullt ut.<\/p>\n<p><b>7. N\u00e4r det inte g\u00e5r att \u00e4ndra p\u00e5 barnet, \u00e4ndra dess tillvaro (f\u00f6r att undvika problemets uppkomst)<\/b><\/p>\n<p>Om man kan undanr\u00f6ja en \u00e5terkommande konfliktsituation eller ett d\u00e5ligt beteendem\u00f6nster genom att se till att situationen inte uppkommer s\u00e5 ofta b\u00f6r man \u00f6verv\u00e4ga att g\u00f6ra det.<\/p>\n<p>Det var de sju punkterna. Vad t\u00e4nker du om dem? Barnuppfostran \u00e4r k\u00e4nsliga grejer s\u00e5 kanske h\u00e5ller du inte med? Eller \u00e4r det otydligt vad n\u00e5gon av punkterna inneb\u00e4r? Skriv i kommentarerna nedan!<\/p>\n","protected":false},"excerpt":{"rendered":"<p>Sv\u00e5r balansg\u00e5ng? Jag forts\u00e4tter serien om anknytning och Gordon Neufelds tankar med \u00e4nnu en nedbantning av Neufelds bok. L\u00e4s g\u00e4rna boken, d\u00e4r finns ett helt kapitel om detta, men jag r\u00e4knar med att f\u00f6r de flesta \u00e4r det \u00e4nnu en sak som inte blir av. D\u00e5 \u00e4r det bra med snabbsammanfattningar. Jag har ocks\u00e5 samlat [&hellip;]<\/p>\n","protected":false},"author":392,"featured_media":0,"comment_status":"open","ping_status":"open","sticky":false,"template":"","format":"standard","meta":{"_acf_changed":false,"footnotes":""},"categories":[8345,77554],"tags":[],"class_list":["post-632","post","type-post","status-publish","format-standard","hentry","category-relationer","category-vara-manniska"],"acf":[],"yoast_head":"<!-- This site is optimized with the Yoast SEO plugin v27.1.1 - https:\/\/yoast.com\/product\/yoast-seo-wordpress\/ -->\n<title>7 principer f\u00f6r barnuppfostran enligt Gordon Neufeld - Vandra V\u00e4gen<\/title>\n<meta name=\"robots\" content=\"index, follow, max-snippet:-1, max-image-preview:large, max-video-preview:-1\" \/>\n<link rel=\"canonical\" href=\"https:\/\/blogg.svenskakyrkan.se\/vandravagen\/2013\/04\/05\/7-principer-for-barnuppfostran-enligt-gordon-neufeld\/\" \/>\n<meta property=\"og:locale\" content=\"sv_SE\" \/>\n<meta property=\"og:type\" content=\"article\" \/>\n<meta property=\"og:title\" content=\"7 principer f\u00f6r barnuppfostran enligt Gordon Neufeld - Vandra V\u00e4gen\" \/>\n<meta property=\"og:description\" content=\"Sv\u00e5r balansg\u00e5ng? Jag forts\u00e4tter serien om anknytning och Gordon Neufelds tankar med \u00e4nnu en nedbantning av Neufelds bok. L\u00e4s g\u00e4rna boken, d\u00e4r finns ett helt kapitel om detta, men jag r\u00e4knar med att f\u00f6r de flesta \u00e4r det \u00e4nnu en sak som inte blir av. D\u00e5 \u00e4r det bra med snabbsammanfattningar. Jag har ocks\u00e5 samlat [&hellip;]\" \/>\n<meta property=\"og:url\" content=\"https:\/\/blogg.svenskakyrkan.se\/vandravagen\/2013\/04\/05\/7-principer-for-barnuppfostran-enligt-gordon-neufeld\/\" \/>\n<meta property=\"og:site_name\" content=\"Vandra V\u00e4gen\" \/>\n<meta property=\"article:publisher\" content=\"http:\/\/facebook.com\/vandravagen\" \/>\n<meta property=\"article:published_time\" content=\"2013-04-05T08:14:00+00:00\" \/>\n<meta property=\"og:image\" content=\"http:\/\/2.bp.blogspot.com\/-cU9rDh_qlrA\/UVYR-WJpaII\/AAAAAAAAC5I\/w0RCwVt7w20\/s400\/spa%CC%8Ang.jpg\" \/>\n<meta name=\"author\" content=\"Tomas Jarvid\" \/>\n<meta name=\"twitter:card\" content=\"summary_large_image\" \/>\n<meta name=\"twitter:creator\" content=\"@fadertomas\" \/>\n<meta name=\"twitter:site\" content=\"@fadertomas\" \/>\n<meta name=\"twitter:label1\" content=\"Skriven av\" \/>\n\t<meta name=\"twitter:data1\" content=\"Tomas Jarvid\" \/>\n\t<meta name=\"twitter:label2\" content=\"Ber\u00e4knad l\u00e4stid\" \/>\n\t<meta name=\"twitter:data2\" content=\"6 minuter\" \/>\n<script type=\"application\/ld+json\" class=\"yoast-schema-graph\">{\"@context\":\"https:\/\/schema.org\",\"@graph\":[{\"@type\":\"Article\",\"@id\":\"https:\/\/blogg.svenskakyrkan.se\/vandravagen\/2013\/04\/05\/7-principer-for-barnuppfostran-enligt-gordon-neufeld\/#article\",\"isPartOf\":{\"@id\":\"https:\/\/blogg.svenskakyrkan.se\/vandravagen\/2013\/04\/05\/7-principer-for-barnuppfostran-enligt-gordon-neufeld\/\"},\"author\":{\"name\":\"Tomas Jarvid\",\"@id\":\"https:\/\/blogg.svenskakyrkan.se\/vandravagen\/#\/schema\/person\/25da02d4f76b137d04291711e2c9fc16\"},\"headline\":\"7 principer f\u00f6r barnuppfostran enligt Gordon Neufeld\",\"datePublished\":\"2013-04-05T08:14:00+00:00\",\"mainEntityOfPage\":{\"@id\":\"https:\/\/blogg.svenskakyrkan.se\/vandravagen\/2013\/04\/05\/7-principer-for-barnuppfostran-enligt-gordon-neufeld\/\"},\"wordCount\":1211,\"commentCount\":9,\"publisher\":{\"@id\":\"https:\/\/blogg.svenskakyrkan.se\/vandravagen\/#organization\"},\"image\":{\"@id\":\"https:\/\/blogg.svenskakyrkan.se\/vandravagen\/2013\/04\/05\/7-principer-for-barnuppfostran-enligt-gordon-neufeld\/#primaryimage\"},\"thumbnailUrl\":\"http:\/\/2.bp.blogspot.com\/-cU9rDh_qlrA\/UVYR-WJpaII\/AAAAAAAAC5I\/w0RCwVt7w20\/s400\/spa%CC%8Ang.jpg\",\"articleSection\":[\"relationer\",\"vara m\u00e4nniska\"],\"inLanguage\":\"sv-SE\",\"potentialAction\":[{\"@type\":\"CommentAction\",\"name\":\"Comment\",\"target\":[\"https:\/\/blogg.svenskakyrkan.se\/vandravagen\/2013\/04\/05\/7-principer-for-barnuppfostran-enligt-gordon-neufeld\/#respond\"]}]},{\"@type\":\"WebPage\",\"@id\":\"https:\/\/blogg.svenskakyrkan.se\/vandravagen\/2013\/04\/05\/7-principer-for-barnuppfostran-enligt-gordon-neufeld\/\",\"url\":\"https:\/\/blogg.svenskakyrkan.se\/vandravagen\/2013\/04\/05\/7-principer-for-barnuppfostran-enligt-gordon-neufeld\/\",\"name\":\"7 principer f\u00f6r barnuppfostran enligt Gordon Neufeld - Vandra V\u00e4gen\",\"isPartOf\":{\"@id\":\"https:\/\/blogg.svenskakyrkan.se\/vandravagen\/#website\"},\"primaryImageOfPage\":{\"@id\":\"https:\/\/blogg.svenskakyrkan.se\/vandravagen\/2013\/04\/05\/7-principer-for-barnuppfostran-enligt-gordon-neufeld\/#primaryimage\"},\"image\":{\"@id\":\"https:\/\/blogg.svenskakyrkan.se\/vandravagen\/2013\/04\/05\/7-principer-for-barnuppfostran-enligt-gordon-neufeld\/#primaryimage\"},\"thumbnailUrl\":\"http:\/\/2.bp.blogspot.com\/-cU9rDh_qlrA\/UVYR-WJpaII\/AAAAAAAAC5I\/w0RCwVt7w20\/s400\/spa%CC%8Ang.jpg\",\"datePublished\":\"2013-04-05T08:14:00+00:00\",\"breadcrumb\":{\"@id\":\"https:\/\/blogg.svenskakyrkan.se\/vandravagen\/2013\/04\/05\/7-principer-for-barnuppfostran-enligt-gordon-neufeld\/#breadcrumb\"},\"inLanguage\":\"sv-SE\",\"potentialAction\":[{\"@type\":\"ReadAction\",\"target\":[\"https:\/\/blogg.svenskakyrkan.se\/vandravagen\/2013\/04\/05\/7-principer-for-barnuppfostran-enligt-gordon-neufeld\/\"]}]},{\"@type\":\"ImageObject\",\"inLanguage\":\"sv-SE\",\"@id\":\"https:\/\/blogg.svenskakyrkan.se\/vandravagen\/2013\/04\/05\/7-principer-for-barnuppfostran-enligt-gordon-neufeld\/#primaryimage\",\"url\":\"http:\/\/2.bp.blogspot.com\/-cU9rDh_qlrA\/UVYR-WJpaII\/AAAAAAAAC5I\/w0RCwVt7w20\/s400\/spa%CC%8Ang.jpg\",\"contentUrl\":\"http:\/\/2.bp.blogspot.com\/-cU9rDh_qlrA\/UVYR-WJpaII\/AAAAAAAAC5I\/w0RCwVt7w20\/s400\/spa%CC%8Ang.jpg\"},{\"@type\":\"BreadcrumbList\",\"@id\":\"https:\/\/blogg.svenskakyrkan.se\/vandravagen\/2013\/04\/05\/7-principer-for-barnuppfostran-enligt-gordon-neufeld\/#breadcrumb\",\"itemListElement\":[{\"@type\":\"ListItem\",\"position\":1,\"name\":\"Hem\",\"item\":\"https:\/\/blogg.svenskakyrkan.se\/vandravagen\/\"},{\"@type\":\"ListItem\",\"position\":2,\"name\":\"7 principer f\u00f6r barnuppfostran enligt Gordon Neufeld\"}]},{\"@type\":\"WebSite\",\"@id\":\"https:\/\/blogg.svenskakyrkan.se\/vandravagen\/#website\",\"url\":\"https:\/\/blogg.svenskakyrkan.se\/vandravagen\/\",\"name\":\"Vandra V\u00e4gen\",\"description\":\"-Mot en tro f\u00f6r hela livet\",\"publisher\":{\"@id\":\"https:\/\/blogg.svenskakyrkan.se\/vandravagen\/#organization\"},\"potentialAction\":[{\"@type\":\"SearchAction\",\"target\":{\"@type\":\"EntryPoint\",\"urlTemplate\":\"https:\/\/blogg.svenskakyrkan.se\/vandravagen\/?s={search_term_string}\"},\"query-input\":{\"@type\":\"PropertyValueSpecification\",\"valueRequired\":true,\"valueName\":\"search_term_string\"}}],\"inLanguage\":\"sv-SE\"},{\"@type\":\"Organization\",\"@id\":\"https:\/\/blogg.svenskakyrkan.se\/vandravagen\/#organization\",\"name\":\"ulricehamns pastorat\",\"alternateName\":\"ulricehamns pastorat\",\"url\":\"https:\/\/blogg.svenskakyrkan.se\/vandravagen\/\",\"logo\":{\"@type\":\"ImageObject\",\"inLanguage\":\"sv-SE\",\"@id\":\"https:\/\/blogg.svenskakyrkan.se\/vandravagen\/#\/schema\/logo\/image\/\",\"url\":\"https:\/\/blogg.svenskakyrkan.se\/vandravagen\/files\/2023\/05\/Ulr_logo_RGB.png\",\"contentUrl\":\"https:\/\/blogg.svenskakyrkan.se\/vandravagen\/files\/2023\/05\/Ulr_logo_RGB.png\",\"width\":205,\"height\":77,\"caption\":\"ulricehamns pastorat\"},\"image\":{\"@id\":\"https:\/\/blogg.svenskakyrkan.se\/vandravagen\/#\/schema\/logo\/image\/\"},\"sameAs\":[\"http:\/\/facebook.com\/vandravagen\",\"https:\/\/x.com\/fadertomas\",\"http:\/\/www.facebook.com\/svenskakyrkaniulricehamn\"]},{\"@type\":\"Person\",\"@id\":\"https:\/\/blogg.svenskakyrkan.se\/vandravagen\/#\/schema\/person\/25da02d4f76b137d04291711e2c9fc16\",\"name\":\"Tomas Jarvid\",\"image\":{\"@type\":\"ImageObject\",\"inLanguage\":\"sv-SE\",\"@id\":\"https:\/\/blogg.svenskakyrkan.se\/vandravagen\/#\/schema\/person\/image\/\",\"url\":\"https:\/\/secure.gravatar.com\/avatar\/7fa71899795e8f540f615a1f5ab25255dc27aa40f05ee7ddd21aac521e01bf50?s=96&d=identicon&r=g\",\"contentUrl\":\"https:\/\/secure.gravatar.com\/avatar\/7fa71899795e8f540f615a1f5ab25255dc27aa40f05ee7ddd21aac521e01bf50?s=96&d=identicon&r=g\",\"caption\":\"Tomas Jarvid\"},\"description\":\"Jag bor i Ulricehamn i V\u00e4sterg\u00f6tland och \u00e4r f\u00f6rsamlingspr\u00e4st i Svenska Kyrkan f\u00f6r Dalstorps f\u00f6rsamling i Kinds pastorat. P\u00e5 den h\u00e4r bloggen skriver jag ner tankar om vandringen som kristen.\",\"sameAs\":[\"http:\/\/www.vandravagen.se\"],\"url\":\"https:\/\/blogg.svenskakyrkan.se\/vandravagen\/author\/vandravagen\/\"}]}<\/script>\n<!-- \/ Yoast SEO plugin. -->","yoast_head_json":{"title":"7 principer f\u00f6r barnuppfostran enligt Gordon Neufeld - Vandra V\u00e4gen","robots":{"index":"index","follow":"follow","max-snippet":"max-snippet:-1","max-image-preview":"max-image-preview:large","max-video-preview":"max-video-preview:-1"},"canonical":"https:\/\/blogg.svenskakyrkan.se\/vandravagen\/2013\/04\/05\/7-principer-for-barnuppfostran-enligt-gordon-neufeld\/","og_locale":"sv_SE","og_type":"article","og_title":"7 principer f\u00f6r barnuppfostran enligt Gordon Neufeld - Vandra V\u00e4gen","og_description":"Sv\u00e5r balansg\u00e5ng? Jag forts\u00e4tter serien om anknytning och Gordon Neufelds tankar med \u00e4nnu en nedbantning av Neufelds bok. L\u00e4s g\u00e4rna boken, d\u00e4r finns ett helt kapitel om detta, men jag r\u00e4knar med att f\u00f6r de flesta \u00e4r det \u00e4nnu en sak som inte blir av. D\u00e5 \u00e4r det bra med snabbsammanfattningar. Jag har ocks\u00e5 samlat [&hellip;]","og_url":"https:\/\/blogg.svenskakyrkan.se\/vandravagen\/2013\/04\/05\/7-principer-for-barnuppfostran-enligt-gordon-neufeld\/","og_site_name":"Vandra V\u00e4gen","article_publisher":"http:\/\/facebook.com\/vandravagen","article_published_time":"2013-04-05T08:14:00+00:00","og_image":[{"url":"http:\/\/2.bp.blogspot.com\/-cU9rDh_qlrA\/UVYR-WJpaII\/AAAAAAAAC5I\/w0RCwVt7w20\/s400\/spa%CC%8Ang.jpg","type":"","width":"","height":""}],"author":"Tomas Jarvid","twitter_card":"summary_large_image","twitter_creator":"@fadertomas","twitter_site":"@fadertomas","twitter_misc":{"Skriven av":"Tomas Jarvid","Ber\u00e4knad l\u00e4stid":"6 minuter"},"schema":{"@context":"https:\/\/schema.org","@graph":[{"@type":"Article","@id":"https:\/\/blogg.svenskakyrkan.se\/vandravagen\/2013\/04\/05\/7-principer-for-barnuppfostran-enligt-gordon-neufeld\/#article","isPartOf":{"@id":"https:\/\/blogg.svenskakyrkan.se\/vandravagen\/2013\/04\/05\/7-principer-for-barnuppfostran-enligt-gordon-neufeld\/"},"author":{"name":"Tomas Jarvid","@id":"https:\/\/blogg.svenskakyrkan.se\/vandravagen\/#\/schema\/person\/25da02d4f76b137d04291711e2c9fc16"},"headline":"7 principer f\u00f6r barnuppfostran enligt Gordon Neufeld","datePublished":"2013-04-05T08:14:00+00:00","mainEntityOfPage":{"@id":"https:\/\/blogg.svenskakyrkan.se\/vandravagen\/2013\/04\/05\/7-principer-for-barnuppfostran-enligt-gordon-neufeld\/"},"wordCount":1211,"commentCount":9,"publisher":{"@id":"https:\/\/blogg.svenskakyrkan.se\/vandravagen\/#organization"},"image":{"@id":"https:\/\/blogg.svenskakyrkan.se\/vandravagen\/2013\/04\/05\/7-principer-for-barnuppfostran-enligt-gordon-neufeld\/#primaryimage"},"thumbnailUrl":"http:\/\/2.bp.blogspot.com\/-cU9rDh_qlrA\/UVYR-WJpaII\/AAAAAAAAC5I\/w0RCwVt7w20\/s400\/spa%CC%8Ang.jpg","articleSection":["relationer","vara m\u00e4nniska"],"inLanguage":"sv-SE","potentialAction":[{"@type":"CommentAction","name":"Comment","target":["https:\/\/blogg.svenskakyrkan.se\/vandravagen\/2013\/04\/05\/7-principer-for-barnuppfostran-enligt-gordon-neufeld\/#respond"]}]},{"@type":"WebPage","@id":"https:\/\/blogg.svenskakyrkan.se\/vandravagen\/2013\/04\/05\/7-principer-for-barnuppfostran-enligt-gordon-neufeld\/","url":"https:\/\/blogg.svenskakyrkan.se\/vandravagen\/2013\/04\/05\/7-principer-for-barnuppfostran-enligt-gordon-neufeld\/","name":"7 principer f\u00f6r barnuppfostran enligt Gordon Neufeld - Vandra V\u00e4gen","isPartOf":{"@id":"https:\/\/blogg.svenskakyrkan.se\/vandravagen\/#website"},"primaryImageOfPage":{"@id":"https:\/\/blogg.svenskakyrkan.se\/vandravagen\/2013\/04\/05\/7-principer-for-barnuppfostran-enligt-gordon-neufeld\/#primaryimage"},"image":{"@id":"https:\/\/blogg.svenskakyrkan.se\/vandravagen\/2013\/04\/05\/7-principer-for-barnuppfostran-enligt-gordon-neufeld\/#primaryimage"},"thumbnailUrl":"http:\/\/2.bp.blogspot.com\/-cU9rDh_qlrA\/UVYR-WJpaII\/AAAAAAAAC5I\/w0RCwVt7w20\/s400\/spa%CC%8Ang.jpg","datePublished":"2013-04-05T08:14:00+00:00","breadcrumb":{"@id":"https:\/\/blogg.svenskakyrkan.se\/vandravagen\/2013\/04\/05\/7-principer-for-barnuppfostran-enligt-gordon-neufeld\/#breadcrumb"},"inLanguage":"sv-SE","potentialAction":[{"@type":"ReadAction","target":["https:\/\/blogg.svenskakyrkan.se\/vandravagen\/2013\/04\/05\/7-principer-for-barnuppfostran-enligt-gordon-neufeld\/"]}]},{"@type":"ImageObject","inLanguage":"sv-SE","@id":"https:\/\/blogg.svenskakyrkan.se\/vandravagen\/2013\/04\/05\/7-principer-for-barnuppfostran-enligt-gordon-neufeld\/#primaryimage","url":"http:\/\/2.bp.blogspot.com\/-cU9rDh_qlrA\/UVYR-WJpaII\/AAAAAAAAC5I\/w0RCwVt7w20\/s400\/spa%CC%8Ang.jpg","contentUrl":"http:\/\/2.bp.blogspot.com\/-cU9rDh_qlrA\/UVYR-WJpaII\/AAAAAAAAC5I\/w0RCwVt7w20\/s400\/spa%CC%8Ang.jpg"},{"@type":"BreadcrumbList","@id":"https:\/\/blogg.svenskakyrkan.se\/vandravagen\/2013\/04\/05\/7-principer-for-barnuppfostran-enligt-gordon-neufeld\/#breadcrumb","itemListElement":[{"@type":"ListItem","position":1,"name":"Hem","item":"https:\/\/blogg.svenskakyrkan.se\/vandravagen\/"},{"@type":"ListItem","position":2,"name":"7 principer f\u00f6r barnuppfostran enligt Gordon Neufeld"}]},{"@type":"WebSite","@id":"https:\/\/blogg.svenskakyrkan.se\/vandravagen\/#website","url":"https:\/\/blogg.svenskakyrkan.se\/vandravagen\/","name":"Vandra V\u00e4gen","description":"-Mot en tro f\u00f6r hela livet","publisher":{"@id":"https:\/\/blogg.svenskakyrkan.se\/vandravagen\/#organization"},"potentialAction":[{"@type":"SearchAction","target":{"@type":"EntryPoint","urlTemplate":"https:\/\/blogg.svenskakyrkan.se\/vandravagen\/?s={search_term_string}"},"query-input":{"@type":"PropertyValueSpecification","valueRequired":true,"valueName":"search_term_string"}}],"inLanguage":"sv-SE"},{"@type":"Organization","@id":"https:\/\/blogg.svenskakyrkan.se\/vandravagen\/#organization","name":"ulricehamns pastorat","alternateName":"ulricehamns pastorat","url":"https:\/\/blogg.svenskakyrkan.se\/vandravagen\/","logo":{"@type":"ImageObject","inLanguage":"sv-SE","@id":"https:\/\/blogg.svenskakyrkan.se\/vandravagen\/#\/schema\/logo\/image\/","url":"https:\/\/blogg.svenskakyrkan.se\/vandravagen\/files\/2023\/05\/Ulr_logo_RGB.png","contentUrl":"https:\/\/blogg.svenskakyrkan.se\/vandravagen\/files\/2023\/05\/Ulr_logo_RGB.png","width":205,"height":77,"caption":"ulricehamns pastorat"},"image":{"@id":"https:\/\/blogg.svenskakyrkan.se\/vandravagen\/#\/schema\/logo\/image\/"},"sameAs":["http:\/\/facebook.com\/vandravagen","https:\/\/x.com\/fadertomas","http:\/\/www.facebook.com\/svenskakyrkaniulricehamn"]},{"@type":"Person","@id":"https:\/\/blogg.svenskakyrkan.se\/vandravagen\/#\/schema\/person\/25da02d4f76b137d04291711e2c9fc16","name":"Tomas Jarvid","image":{"@type":"ImageObject","inLanguage":"sv-SE","@id":"https:\/\/blogg.svenskakyrkan.se\/vandravagen\/#\/schema\/person\/image\/","url":"https:\/\/secure.gravatar.com\/avatar\/7fa71899795e8f540f615a1f5ab25255dc27aa40f05ee7ddd21aac521e01bf50?s=96&d=identicon&r=g","contentUrl":"https:\/\/secure.gravatar.com\/avatar\/7fa71899795e8f540f615a1f5ab25255dc27aa40f05ee7ddd21aac521e01bf50?s=96&d=identicon&r=g","caption":"Tomas Jarvid"},"description":"Jag bor i Ulricehamn i V\u00e4sterg\u00f6tland och \u00e4r f\u00f6rsamlingspr\u00e4st i Svenska Kyrkan f\u00f6r Dalstorps f\u00f6rsamling i Kinds pastorat. P\u00e5 den h\u00e4r bloggen skriver jag ner tankar om vandringen som kristen.","sameAs":["http:\/\/www.vandravagen.se"],"url":"https:\/\/blogg.svenskakyrkan.se\/vandravagen\/author\/vandravagen\/"}]}},"author_meta":{"ID":"392","user_nicename":"vandravagen","user_url":"http:\/\/www.vandravagen.se","user_registered":"2014-05-19 05:44:52","display_name":"Tomas Jarvid","first_name":"Tomas","last_name":"Jarvid","avatar":"https:\/\/secure.gravatar.com\/avatar\/7fa71899795e8f540f615a1f5ab25255dc27aa40f05ee7ddd21aac521e01bf50?s=96&d=identicon&r=g"},"featured_image":false,"bloginfo":{"name":"Vandra V\u00e4gen","url":"https:\/\/blogg.svenskakyrkan.se\/vandravagen"},"_links":{"self":[{"href":"https:\/\/blogg.svenskakyrkan.se\/vandravagen\/wp-json\/wp\/v2\/posts\/632","targetHints":{"allow":["GET"]}}],"collection":[{"href":"https:\/\/blogg.svenskakyrkan.se\/vandravagen\/wp-json\/wp\/v2\/posts"}],"about":[{"href":"https:\/\/blogg.svenskakyrkan.se\/vandravagen\/wp-json\/wp\/v2\/types\/post"}],"author":[{"embeddable":true,"href":"https:\/\/blogg.svenskakyrkan.se\/vandravagen\/wp-json\/wp\/v2\/users\/392"}],"replies":[{"embeddable":true,"href":"https:\/\/blogg.svenskakyrkan.se\/vandravagen\/wp-json\/wp\/v2\/comments?post=632"}],"version-history":[{"count":0,"href":"https:\/\/blogg.svenskakyrkan.se\/vandravagen\/wp-json\/wp\/v2\/posts\/632\/revisions"}],"wp:attachment":[{"href":"https:\/\/blogg.svenskakyrkan.se\/vandravagen\/wp-json\/wp\/v2\/media?parent=632"}],"wp:term":[{"taxonomy":"category","embeddable":true,"href":"https:\/\/blogg.svenskakyrkan.se\/vandravagen\/wp-json\/wp\/v2\/categories?post=632"},{"taxonomy":"post_tag","embeddable":true,"href":"https:\/\/blogg.svenskakyrkan.se\/vandravagen\/wp-json\/wp\/v2\/tags?post=632"}],"curies":[{"name":"wp","href":"https:\/\/api.w.org\/{rel}","templated":true}]}}