{"id":6338,"date":"2018-05-10T07:00:26","date_gmt":"2018-05-10T05:00:26","guid":{"rendered":"http:\/\/blogg.svenskakyrkan.se\/vandravagen\/?p=6338"},"modified":"2018-05-09T22:15:43","modified_gmt":"2018-05-09T20:15:43","slug":"exil-och-doden","status":"publish","type":"post","link":"https:\/\/blogg.svenskakyrkan.se\/vandravagen\/2018\/05\/10\/exil-och-doden\/","title":{"rendered":"Exil och d\u00f6den"},"content":{"rendered":"<div>Vi forts\u00e4tter med \u00e4nnu en bloggpost om exil och flykt som tema i bibeln. Idag blir det v\u00e4ldigt sp\u00e4nnande f\u00f6r h\u00e4r kommer bland annat en viktig koppling till bildspr\u00e5ket i nya testamentet!<\/div>\n<div><\/div>\n<div>Jag har redan skrivit om detta m\u00e4rkliga att Israels folk inte gick under utan lyckades bevara sin identitet och sin tro fast deras ledare blev bortdrivna i exil i Babylon. Ett annat s\u00e4tt att se det \u00e4r att det var som att de dog men \u00e5teruppstod n\u00e4r de fick \u00e5terv\u00e4nda hem.<\/div>\n<div><\/div>\n<div>I Hesekiels bok kapitel 37 kan vi l\u00e4sa om det som vi ser p\u00e5 bilden. Profeten f\u00e5r i uppdrag att predika f\u00f6r en dal full av d\u00f6da ben och n\u00e4r han g\u00f6r det s\u00e5 verkar Guds ande p\u00e5 benen s\u00e5 att de fogas samman och f\u00e5r k\u00f6tt och blir levande p\u00e5 nytt. En m\u00e4ktig text som vi intressant nog l\u00e4ser i p\u00e5sktid i v\u00e5ra kyrkor.<\/div>\n<div><\/div>\n<div>Som jag f\u00f6rst\u00e5tt det \u00e4r detta den \u00e4ldsta texten i bibeln om d\u00f6da som uppst\u00e5r och den g\u00f6r allts\u00e5 det i ett sammanhang som ska f\u00e5 oss att f\u00f6rst\u00e5 att det handlar om hur Israels folk ska f\u00e5 nytt liv och f\u00e5 \u00e5terv\u00e4nda till sitt hemland. Exilen liknas vid d\u00f6den och d\u00f6den liknas vid en exil.<\/div>\n<div><\/div>\n<div>Det kan vi ocks\u00e5 se till exempel i det h\u00e4r stycket om &#8221;Herrens lidande tj\u00e4nare&#8221; i Jesaja:<\/div>\n<div><\/div>\n<blockquote>\n<div class=\"line\">Han blev f\u00e4ngslad och d\u00f6md och f\u00f6rdes bort,<\/div>\n<div class=\"line\">men vem \u00e4gnade hans \u00f6de en tanke?<\/div>\n<div class=\"line\">Han blev utest\u00e4ngd fr\u00e5n\u00a0<strong class=\"match\">de<\/strong>\u00a0<strong class=\"match\">levandes<\/strong>\u00a0<strong class=\"match\">land<\/strong>,<\/div>\n<div class=\"line\">straffad f\u00f6r sitt folks brott.<\/div>\n<div class=\"line\">Han fick sin grav bland\u00a0de\u00a0gudl\u00f6sa,<\/div>\n<div class=\"line\">fick vila bland og\u00e4rningsm\u00e4n,<\/div>\n<div class=\"line\">fast\u00e4n han aldrig hade gjort n\u00e5got or\u00e4tt,<\/div>\n<div class=\"line\">aldrig tagit en l\u00f6gn i sin mun. Jes 53:8<\/div>\n<\/blockquote>\n<div><\/div>\n<div>Att d\u00f6 och hamna i sin grav kallas f\u00f6r att <strong>&#8221;bli utest\u00e4ngd fr\u00e5n de levandes land&#8221;<\/strong>. Jag tycker om uttrycket &#8221;de levandes land&#8221;, det \u00e5terkommer p\u00e5 ganska m\u00e5nga st\u00e4llen i bibeln. Orden kan dels f\u00f6ra tankarna till Adam och Eva som drivs ut ur paradiset men ocks\u00e5 till att f\u00e5 l\u00e4mna detta livet och som d\u00f6d leva i en slags exil. Det \u00e4r f\u00f6rresten ocks\u00e5 troligt att \u00e4ven denna text om tj\u00e4naren p\u00e5 n\u00e5got s\u00e4tt har sitt ursprung i det lidande det innebar f\u00f6r Israels folk att bli f\u00f6rdrivna fr\u00e5n sitt land vilket ju framst\u00e4lls som ett straff f\u00f6r folkets brott.<\/div>\n<div><\/div>\n<div>Men f\u00f6r oss kristna s\u00e5 vet vi ju att b\u00e5da de h\u00e4r texterna brukar l\u00e4sas som att de handlar om Kristus d\u00f6d och uppst\u00e5ndelse. Han \u00e4r den lidande tj\u00e4naren som rent bokstavligt drivs ut ur de levandes land f\u00f6r att sedan f\u00e5 liv p\u00e5 nytt. Och han \u00e4r den som ger det nya uppst\u00e5ndelselivet till all v\u00e4rldens d\u00f6da ben.<\/div>\n<div><\/div>\n<div>Det h\u00e4r f\u00e5r ni fundera vidare p\u00e5 n\u00e4r ni kommer till s\u00e5na h\u00e4r bibelord. Jag tycker det \u00e4r fascinerande att det kanske b\u00f6rjade med en profetsyn d\u00e4r d\u00f6den \u00e4r en bild f\u00f6r exil f\u00f6r att sedan forts\u00e4tta med att rent bokstavligt handla om kroppens uppst\u00e5ndelse (vilken jag tror p\u00e5 och h\u00e5ller fast vid).<\/div>\n<div><\/div>\n<div>Jag har f\u00f6rresten f\u00f6r l\u00e4nge sedan skrivit lite om &#8221;<a href=\"https:\/\/blogg.svenskakyrkan.se\/vandravagen\/2015\/06\/11\/den-lilla-doden-och-uppstandelsen\/\">den lilla d\u00f6den och uppst\u00e5ndelsen<\/a>&#8221;, som handlar om att i gamla testamentet \u00e4r d\u00f6den ett begrepp som rymmer allt som f\u00f6rst\u00f6r livet.<\/div>\n<div><\/div>\n<div>Vad s\u00e4ger du som l\u00e4ser om detta? Skriv en kommentar!<\/div>\n","protected":false},"excerpt":{"rendered":"<p>Vi forts\u00e4tter med \u00e4nnu en bloggpost om exil och flykt som tema i bibeln. Idag blir det v\u00e4ldigt sp\u00e4nnande f\u00f6r h\u00e4r kommer bland annat en viktig koppling till bildspr\u00e5ket i nya testamentet! Jag har redan skrivit om detta m\u00e4rkliga att Israels folk inte gick under utan lyckades bevara sin identitet och sin tro fast deras [&hellip;]<\/p>\n","protected":false},"author":392,"featured_media":6339,"comment_status":"open","ping_status":"open","sticky":false,"template":"","format":"standard","meta":{"_acf_changed":false,"footnotes":""},"categories":[14252,8298,76189,81125,117],"tags":[],"class_list":["post-6338","post","type-post","status-publish","format-standard","has-post-thumbnail","hentry","category-bibel","category-bibeln","category-dagens-kyrka","category-exil","category-teologi"],"acf":[],"yoast_head":"<!-- This site is optimized with the Yoast SEO plugin v27.1.1 - https:\/\/yoast.com\/product\/yoast-seo-wordpress\/ -->\n<title>Exil och d\u00f6den - Vandra V\u00e4gen<\/title>\n<meta name=\"robots\" content=\"index, follow, max-snippet:-1, max-image-preview:large, max-video-preview:-1\" \/>\n<link rel=\"canonical\" href=\"https:\/\/blogg.svenskakyrkan.se\/vandravagen\/2018\/05\/10\/exil-och-doden\/\" \/>\n<meta property=\"og:locale\" content=\"sv_SE\" \/>\n<meta property=\"og:type\" content=\"article\" \/>\n<meta property=\"og:title\" content=\"Exil och d\u00f6den - Vandra V\u00e4gen\" \/>\n<meta property=\"og:description\" content=\"Vi forts\u00e4tter med \u00e4nnu en bloggpost om exil och flykt som tema i bibeln. Idag blir det v\u00e4ldigt sp\u00e4nnande f\u00f6r h\u00e4r kommer bland annat en viktig koppling till bildspr\u00e5ket i nya testamentet! Jag har redan skrivit om detta m\u00e4rkliga att Israels folk inte gick under utan lyckades bevara sin identitet och sin tro fast deras [&hellip;]\" \/>\n<meta property=\"og:url\" content=\"https:\/\/blogg.svenskakyrkan.se\/vandravagen\/2018\/05\/10\/exil-och-doden\/\" \/>\n<meta property=\"og:site_name\" content=\"Vandra V\u00e4gen\" \/>\n<meta property=\"article:publisher\" content=\"http:\/\/facebook.com\/vandravagen\" \/>\n<meta property=\"article:published_time\" content=\"2018-05-10T05:00:26+00:00\" \/>\n<meta name=\"author\" content=\"Tomas Jarvid\" \/>\n<meta name=\"twitter:card\" content=\"summary_large_image\" \/>\n<meta name=\"twitter:creator\" content=\"@fadertomas\" \/>\n<meta name=\"twitter:site\" content=\"@fadertomas\" \/>\n<meta name=\"twitter:label1\" content=\"Skriven av\" \/>\n\t<meta name=\"twitter:data1\" content=\"Tomas Jarvid\" \/>\n\t<meta name=\"twitter:label2\" content=\"Ber\u00e4knad l\u00e4stid\" \/>\n\t<meta name=\"twitter:data2\" content=\"3 minuter\" \/>\n<script type=\"application\/ld+json\" class=\"yoast-schema-graph\">{\"@context\":\"https:\/\/schema.org\",\"@graph\":[{\"@type\":\"Article\",\"@id\":\"https:\/\/blogg.svenskakyrkan.se\/vandravagen\/2018\/05\/10\/exil-och-doden\/#article\",\"isPartOf\":{\"@id\":\"https:\/\/blogg.svenskakyrkan.se\/vandravagen\/2018\/05\/10\/exil-och-doden\/\"},\"author\":{\"name\":\"Tomas Jarvid\",\"@id\":\"https:\/\/blogg.svenskakyrkan.se\/vandravagen\/#\/schema\/person\/25da02d4f76b137d04291711e2c9fc16\"},\"headline\":\"Exil och d\u00f6den\",\"datePublished\":\"2018-05-10T05:00:26+00:00\",\"mainEntityOfPage\":{\"@id\":\"https:\/\/blogg.svenskakyrkan.se\/vandravagen\/2018\/05\/10\/exil-och-doden\/\"},\"wordCount\":628,\"commentCount\":4,\"publisher\":{\"@id\":\"https:\/\/blogg.svenskakyrkan.se\/vandravagen\/#organization\"},\"image\":{\"@id\":\"https:\/\/blogg.svenskakyrkan.se\/vandravagen\/2018\/05\/10\/exil-och-doden\/#primaryimage\"},\"thumbnailUrl\":\"https:\/\/blogg.svenskakyrkan.se\/vandravagen\/files\/2018\/04\/doodsbeen_grt.jpg\",\"articleSection\":[\"bibel\",\"Bibeln\",\"Dagens Kyrka\",\"exil\",\"Teologi\"],\"inLanguage\":\"sv-SE\",\"potentialAction\":[{\"@type\":\"CommentAction\",\"name\":\"Comment\",\"target\":[\"https:\/\/blogg.svenskakyrkan.se\/vandravagen\/2018\/05\/10\/exil-och-doden\/#respond\"]}]},{\"@type\":\"WebPage\",\"@id\":\"https:\/\/blogg.svenskakyrkan.se\/vandravagen\/2018\/05\/10\/exil-och-doden\/\",\"url\":\"https:\/\/blogg.svenskakyrkan.se\/vandravagen\/2018\/05\/10\/exil-och-doden\/\",\"name\":\"Exil och d\u00f6den - Vandra V\u00e4gen\",\"isPartOf\":{\"@id\":\"https:\/\/blogg.svenskakyrkan.se\/vandravagen\/#website\"},\"primaryImageOfPage\":{\"@id\":\"https:\/\/blogg.svenskakyrkan.se\/vandravagen\/2018\/05\/10\/exil-och-doden\/#primaryimage\"},\"image\":{\"@id\":\"https:\/\/blogg.svenskakyrkan.se\/vandravagen\/2018\/05\/10\/exil-och-doden\/#primaryimage\"},\"thumbnailUrl\":\"https:\/\/blogg.svenskakyrkan.se\/vandravagen\/files\/2018\/04\/doodsbeen_grt.jpg\",\"datePublished\":\"2018-05-10T05:00:26+00:00\",\"breadcrumb\":{\"@id\":\"https:\/\/blogg.svenskakyrkan.se\/vandravagen\/2018\/05\/10\/exil-och-doden\/#breadcrumb\"},\"inLanguage\":\"sv-SE\",\"potentialAction\":[{\"@type\":\"ReadAction\",\"target\":[\"https:\/\/blogg.svenskakyrkan.se\/vandravagen\/2018\/05\/10\/exil-och-doden\/\"]}]},{\"@type\":\"ImageObject\",\"inLanguage\":\"sv-SE\",\"@id\":\"https:\/\/blogg.svenskakyrkan.se\/vandravagen\/2018\/05\/10\/exil-och-doden\/#primaryimage\",\"url\":\"https:\/\/blogg.svenskakyrkan.se\/vandravagen\/files\/2018\/04\/doodsbeen_grt.jpg\",\"contentUrl\":\"https:\/\/blogg.svenskakyrkan.se\/vandravagen\/files\/2018\/04\/doodsbeen_grt.jpg\",\"width\":1100,\"height\":943,\"caption\":\"Hesekiel predikar s\u00e5 att de d\u00f6da benen i dalen f\u00e5r liv!\"},{\"@type\":\"BreadcrumbList\",\"@id\":\"https:\/\/blogg.svenskakyrkan.se\/vandravagen\/2018\/05\/10\/exil-och-doden\/#breadcrumb\",\"itemListElement\":[{\"@type\":\"ListItem\",\"position\":1,\"name\":\"Hem\",\"item\":\"https:\/\/blogg.svenskakyrkan.se\/vandravagen\/\"},{\"@type\":\"ListItem\",\"position\":2,\"name\":\"Exil och d\u00f6den\"}]},{\"@type\":\"WebSite\",\"@id\":\"https:\/\/blogg.svenskakyrkan.se\/vandravagen\/#website\",\"url\":\"https:\/\/blogg.svenskakyrkan.se\/vandravagen\/\",\"name\":\"Vandra V\u00e4gen\",\"description\":\"-Mot en tro f\u00f6r hela livet\",\"publisher\":{\"@id\":\"https:\/\/blogg.svenskakyrkan.se\/vandravagen\/#organization\"},\"potentialAction\":[{\"@type\":\"SearchAction\",\"target\":{\"@type\":\"EntryPoint\",\"urlTemplate\":\"https:\/\/blogg.svenskakyrkan.se\/vandravagen\/?s={search_term_string}\"},\"query-input\":{\"@type\":\"PropertyValueSpecification\",\"valueRequired\":true,\"valueName\":\"search_term_string\"}}],\"inLanguage\":\"sv-SE\"},{\"@type\":\"Organization\",\"@id\":\"https:\/\/blogg.svenskakyrkan.se\/vandravagen\/#organization\",\"name\":\"ulricehamns pastorat\",\"alternateName\":\"ulricehamns pastorat\",\"url\":\"https:\/\/blogg.svenskakyrkan.se\/vandravagen\/\",\"logo\":{\"@type\":\"ImageObject\",\"inLanguage\":\"sv-SE\",\"@id\":\"https:\/\/blogg.svenskakyrkan.se\/vandravagen\/#\/schema\/logo\/image\/\",\"url\":\"https:\/\/blogg.svenskakyrkan.se\/vandravagen\/files\/2023\/05\/Ulr_logo_RGB.png\",\"contentUrl\":\"https:\/\/blogg.svenskakyrkan.se\/vandravagen\/files\/2023\/05\/Ulr_logo_RGB.png\",\"width\":205,\"height\":77,\"caption\":\"ulricehamns pastorat\"},\"image\":{\"@id\":\"https:\/\/blogg.svenskakyrkan.se\/vandravagen\/#\/schema\/logo\/image\/\"},\"sameAs\":[\"http:\/\/facebook.com\/vandravagen\",\"https:\/\/x.com\/fadertomas\",\"http:\/\/www.facebook.com\/svenskakyrkaniulricehamn\"]},{\"@type\":\"Person\",\"@id\":\"https:\/\/blogg.svenskakyrkan.se\/vandravagen\/#\/schema\/person\/25da02d4f76b137d04291711e2c9fc16\",\"name\":\"Tomas Jarvid\",\"image\":{\"@type\":\"ImageObject\",\"inLanguage\":\"sv-SE\",\"@id\":\"https:\/\/blogg.svenskakyrkan.se\/vandravagen\/#\/schema\/person\/image\/\",\"url\":\"https:\/\/secure.gravatar.com\/avatar\/7fa71899795e8f540f615a1f5ab25255dc27aa40f05ee7ddd21aac521e01bf50?s=96&d=identicon&r=g\",\"contentUrl\":\"https:\/\/secure.gravatar.com\/avatar\/7fa71899795e8f540f615a1f5ab25255dc27aa40f05ee7ddd21aac521e01bf50?s=96&d=identicon&r=g\",\"caption\":\"Tomas Jarvid\"},\"description\":\"Jag bor i Ulricehamn i V\u00e4sterg\u00f6tland och \u00e4r f\u00f6rsamlingspr\u00e4st i Svenska Kyrkan f\u00f6r Dalstorps f\u00f6rsamling i Kinds pastorat. P\u00e5 den h\u00e4r bloggen skriver jag ner tankar om vandringen som kristen.\",\"sameAs\":[\"http:\/\/www.vandravagen.se\"],\"url\":\"https:\/\/blogg.svenskakyrkan.se\/vandravagen\/author\/vandravagen\/\"}]}<\/script>\n<!-- \/ Yoast SEO plugin. -->","yoast_head_json":{"title":"Exil och d\u00f6den - Vandra V\u00e4gen","robots":{"index":"index","follow":"follow","max-snippet":"max-snippet:-1","max-image-preview":"max-image-preview:large","max-video-preview":"max-video-preview:-1"},"canonical":"https:\/\/blogg.svenskakyrkan.se\/vandravagen\/2018\/05\/10\/exil-och-doden\/","og_locale":"sv_SE","og_type":"article","og_title":"Exil och d\u00f6den - Vandra V\u00e4gen","og_description":"Vi forts\u00e4tter med \u00e4nnu en bloggpost om exil och flykt som tema i bibeln. Idag blir det v\u00e4ldigt sp\u00e4nnande f\u00f6r h\u00e4r kommer bland annat en viktig koppling till bildspr\u00e5ket i nya testamentet! Jag har redan skrivit om detta m\u00e4rkliga att Israels folk inte gick under utan lyckades bevara sin identitet och sin tro fast deras [&hellip;]","og_url":"https:\/\/blogg.svenskakyrkan.se\/vandravagen\/2018\/05\/10\/exil-och-doden\/","og_site_name":"Vandra V\u00e4gen","article_publisher":"http:\/\/facebook.com\/vandravagen","article_published_time":"2018-05-10T05:00:26+00:00","author":"Tomas Jarvid","twitter_card":"summary_large_image","twitter_creator":"@fadertomas","twitter_site":"@fadertomas","twitter_misc":{"Skriven av":"Tomas Jarvid","Ber\u00e4knad l\u00e4stid":"3 minuter"},"schema":{"@context":"https:\/\/schema.org","@graph":[{"@type":"Article","@id":"https:\/\/blogg.svenskakyrkan.se\/vandravagen\/2018\/05\/10\/exil-och-doden\/#article","isPartOf":{"@id":"https:\/\/blogg.svenskakyrkan.se\/vandravagen\/2018\/05\/10\/exil-och-doden\/"},"author":{"name":"Tomas Jarvid","@id":"https:\/\/blogg.svenskakyrkan.se\/vandravagen\/#\/schema\/person\/25da02d4f76b137d04291711e2c9fc16"},"headline":"Exil och d\u00f6den","datePublished":"2018-05-10T05:00:26+00:00","mainEntityOfPage":{"@id":"https:\/\/blogg.svenskakyrkan.se\/vandravagen\/2018\/05\/10\/exil-och-doden\/"},"wordCount":628,"commentCount":4,"publisher":{"@id":"https:\/\/blogg.svenskakyrkan.se\/vandravagen\/#organization"},"image":{"@id":"https:\/\/blogg.svenskakyrkan.se\/vandravagen\/2018\/05\/10\/exil-och-doden\/#primaryimage"},"thumbnailUrl":"https:\/\/blogg.svenskakyrkan.se\/vandravagen\/files\/2018\/04\/doodsbeen_grt.jpg","articleSection":["bibel","Bibeln","Dagens Kyrka","exil","Teologi"],"inLanguage":"sv-SE","potentialAction":[{"@type":"CommentAction","name":"Comment","target":["https:\/\/blogg.svenskakyrkan.se\/vandravagen\/2018\/05\/10\/exil-och-doden\/#respond"]}]},{"@type":"WebPage","@id":"https:\/\/blogg.svenskakyrkan.se\/vandravagen\/2018\/05\/10\/exil-och-doden\/","url":"https:\/\/blogg.svenskakyrkan.se\/vandravagen\/2018\/05\/10\/exil-och-doden\/","name":"Exil och d\u00f6den - Vandra V\u00e4gen","isPartOf":{"@id":"https:\/\/blogg.svenskakyrkan.se\/vandravagen\/#website"},"primaryImageOfPage":{"@id":"https:\/\/blogg.svenskakyrkan.se\/vandravagen\/2018\/05\/10\/exil-och-doden\/#primaryimage"},"image":{"@id":"https:\/\/blogg.svenskakyrkan.se\/vandravagen\/2018\/05\/10\/exil-och-doden\/#primaryimage"},"thumbnailUrl":"https:\/\/blogg.svenskakyrkan.se\/vandravagen\/files\/2018\/04\/doodsbeen_grt.jpg","datePublished":"2018-05-10T05:00:26+00:00","breadcrumb":{"@id":"https:\/\/blogg.svenskakyrkan.se\/vandravagen\/2018\/05\/10\/exil-och-doden\/#breadcrumb"},"inLanguage":"sv-SE","potentialAction":[{"@type":"ReadAction","target":["https:\/\/blogg.svenskakyrkan.se\/vandravagen\/2018\/05\/10\/exil-och-doden\/"]}]},{"@type":"ImageObject","inLanguage":"sv-SE","@id":"https:\/\/blogg.svenskakyrkan.se\/vandravagen\/2018\/05\/10\/exil-och-doden\/#primaryimage","url":"https:\/\/blogg.svenskakyrkan.se\/vandravagen\/files\/2018\/04\/doodsbeen_grt.jpg","contentUrl":"https:\/\/blogg.svenskakyrkan.se\/vandravagen\/files\/2018\/04\/doodsbeen_grt.jpg","width":1100,"height":943,"caption":"Hesekiel predikar s\u00e5 att de d\u00f6da benen i dalen f\u00e5r liv!"},{"@type":"BreadcrumbList","@id":"https:\/\/blogg.svenskakyrkan.se\/vandravagen\/2018\/05\/10\/exil-och-doden\/#breadcrumb","itemListElement":[{"@type":"ListItem","position":1,"name":"Hem","item":"https:\/\/blogg.svenskakyrkan.se\/vandravagen\/"},{"@type":"ListItem","position":2,"name":"Exil och d\u00f6den"}]},{"@type":"WebSite","@id":"https:\/\/blogg.svenskakyrkan.se\/vandravagen\/#website","url":"https:\/\/blogg.svenskakyrkan.se\/vandravagen\/","name":"Vandra V\u00e4gen","description":"-Mot en tro f\u00f6r hela livet","publisher":{"@id":"https:\/\/blogg.svenskakyrkan.se\/vandravagen\/#organization"},"potentialAction":[{"@type":"SearchAction","target":{"@type":"EntryPoint","urlTemplate":"https:\/\/blogg.svenskakyrkan.se\/vandravagen\/?s={search_term_string}"},"query-input":{"@type":"PropertyValueSpecification","valueRequired":true,"valueName":"search_term_string"}}],"inLanguage":"sv-SE"},{"@type":"Organization","@id":"https:\/\/blogg.svenskakyrkan.se\/vandravagen\/#organization","name":"ulricehamns pastorat","alternateName":"ulricehamns pastorat","url":"https:\/\/blogg.svenskakyrkan.se\/vandravagen\/","logo":{"@type":"ImageObject","inLanguage":"sv-SE","@id":"https:\/\/blogg.svenskakyrkan.se\/vandravagen\/#\/schema\/logo\/image\/","url":"https:\/\/blogg.svenskakyrkan.se\/vandravagen\/files\/2023\/05\/Ulr_logo_RGB.png","contentUrl":"https:\/\/blogg.svenskakyrkan.se\/vandravagen\/files\/2023\/05\/Ulr_logo_RGB.png","width":205,"height":77,"caption":"ulricehamns pastorat"},"image":{"@id":"https:\/\/blogg.svenskakyrkan.se\/vandravagen\/#\/schema\/logo\/image\/"},"sameAs":["http:\/\/facebook.com\/vandravagen","https:\/\/x.com\/fadertomas","http:\/\/www.facebook.com\/svenskakyrkaniulricehamn"]},{"@type":"Person","@id":"https:\/\/blogg.svenskakyrkan.se\/vandravagen\/#\/schema\/person\/25da02d4f76b137d04291711e2c9fc16","name":"Tomas Jarvid","image":{"@type":"ImageObject","inLanguage":"sv-SE","@id":"https:\/\/blogg.svenskakyrkan.se\/vandravagen\/#\/schema\/person\/image\/","url":"https:\/\/secure.gravatar.com\/avatar\/7fa71899795e8f540f615a1f5ab25255dc27aa40f05ee7ddd21aac521e01bf50?s=96&d=identicon&r=g","contentUrl":"https:\/\/secure.gravatar.com\/avatar\/7fa71899795e8f540f615a1f5ab25255dc27aa40f05ee7ddd21aac521e01bf50?s=96&d=identicon&r=g","caption":"Tomas Jarvid"},"description":"Jag bor i Ulricehamn i V\u00e4sterg\u00f6tland och \u00e4r f\u00f6rsamlingspr\u00e4st i Svenska Kyrkan f\u00f6r Dalstorps f\u00f6rsamling i Kinds pastorat. P\u00e5 den h\u00e4r bloggen skriver jag ner tankar om vandringen som kristen.","sameAs":["http:\/\/www.vandravagen.se"],"url":"https:\/\/blogg.svenskakyrkan.se\/vandravagen\/author\/vandravagen\/"}]}},"author_meta":{"ID":"392","user_nicename":"vandravagen","user_url":"http:\/\/www.vandravagen.se","user_registered":"2014-05-19 05:44:52","display_name":"Tomas Jarvid","first_name":"Tomas","last_name":"Jarvid","avatar":"https:\/\/secure.gravatar.com\/avatar\/7fa71899795e8f540f615a1f5ab25255dc27aa40f05ee7ddd21aac521e01bf50?s=96&d=identicon&r=g"},"featured_image":["https:\/\/blogg.svenskakyrkan.se\/vandravagen\/files\/2018\/04\/doodsbeen_grt-1024x878.jpg",1024,878,true],"bloginfo":{"name":"Vandra V\u00e4gen","url":"https:\/\/blogg.svenskakyrkan.se\/vandravagen"},"_links":{"self":[{"href":"https:\/\/blogg.svenskakyrkan.se\/vandravagen\/wp-json\/wp\/v2\/posts\/6338","targetHints":{"allow":["GET"]}}],"collection":[{"href":"https:\/\/blogg.svenskakyrkan.se\/vandravagen\/wp-json\/wp\/v2\/posts"}],"about":[{"href":"https:\/\/blogg.svenskakyrkan.se\/vandravagen\/wp-json\/wp\/v2\/types\/post"}],"author":[{"embeddable":true,"href":"https:\/\/blogg.svenskakyrkan.se\/vandravagen\/wp-json\/wp\/v2\/users\/392"}],"replies":[{"embeddable":true,"href":"https:\/\/blogg.svenskakyrkan.se\/vandravagen\/wp-json\/wp\/v2\/comments?post=6338"}],"version-history":[{"count":2,"href":"https:\/\/blogg.svenskakyrkan.se\/vandravagen\/wp-json\/wp\/v2\/posts\/6338\/revisions"}],"predecessor-version":[{"id":6342,"href":"https:\/\/blogg.svenskakyrkan.se\/vandravagen\/wp-json\/wp\/v2\/posts\/6338\/revisions\/6342"}],"wp:featuredmedia":[{"embeddable":true,"href":"https:\/\/blogg.svenskakyrkan.se\/vandravagen\/wp-json\/wp\/v2\/media\/6339"}],"wp:attachment":[{"href":"https:\/\/blogg.svenskakyrkan.se\/vandravagen\/wp-json\/wp\/v2\/media?parent=6338"}],"wp:term":[{"taxonomy":"category","embeddable":true,"href":"https:\/\/blogg.svenskakyrkan.se\/vandravagen\/wp-json\/wp\/v2\/categories?post=6338"},{"taxonomy":"post_tag","embeddable":true,"href":"https:\/\/blogg.svenskakyrkan.se\/vandravagen\/wp-json\/wp\/v2\/tags?post=6338"}],"curies":[{"name":"wp","href":"https:\/\/api.w.org\/{rel}","templated":true}]}}