{"id":636,"date":"2013-04-03T08:13:00","date_gmt":"2013-04-03T06:13:00","guid":{"rendered":"http:\/\/blogg.svenskakyrkan.se\/vandravagen\/2013\/04\/03\/jesu-uppstandelse-trendade-evangeliet-som-rykte\/"},"modified":"2013-04-03T08:13:00","modified_gmt":"2013-04-03T06:13:00","slug":"jesu-uppstandelse-trendade-evangeliet-som-rykte","status":"publish","type":"post","link":"https:\/\/blogg.svenskakyrkan.se\/vandravagen\/2013\/04\/03\/jesu-uppstandelse-trendade-evangeliet-som-rykte\/","title":{"rendered":"Jesu uppst\u00e5ndelse trendade, evangeliet som rykte&#8230;"},"content":{"rendered":"<p>En av Vandra V\u00e4gens l\u00e4sare tog initativ till att f\u00f6rs\u00f6ka f\u00e5 &#8221;kristusropet&#8221; fr\u00e5n p\u00e5sknatten att trenda (det vill s\u00e4ga rankas som st\u00f6rsta samtals\u00e4mne) p\u00e5 twitter. Jag var sj\u00e4lv glatt engagerad i att sprida inl\u00e4gg med hashtaggen #Kristus\u00e4ruppst\u00e5nden (Ja, han \u00e4r sannerligen uppst\u00e5nden).<\/p>\n<p>Det verkar ocks\u00e5 ha funkat. Taggen l\u00e5g p\u00e5 trendlistan ett bra tag. H\u00e4r ser listan bara ut som sm\u00e5 fluglortar men den ligger d\u00e4r i toppen i alla fall!<\/p>\n<\/p>\n<div><a href=\"https:\/\/lh3.googleusercontent.com\/-O_oBC9KNVbc\/UVvIDTQeUUI\/AAAAAAAAC9M\/v1geipGNsxo\/s640\/blogger-image-339006755.jpg\"><img loading=\"lazy\" decoding=\"async\" border=\"0\" height=\"320\" src=\"https:\/\/lh3.googleusercontent.com\/-O_oBC9KNVbc\/UVvIDTQeUUI\/AAAAAAAAC9M\/v1geipGNsxo\/s320\/blogger-image-339006755.jpg\" width=\"240\"><\/a><\/div>\n<p>Det s\u00e5g till och med ut s\u00e5h\u00e4r med tiden:<\/p>\n<\/p>\n<div><a href=\"http:\/\/2.bp.blogspot.com\/-n_VQPsYtzac\/UVtJAyHOWqI\/AAAAAAAAC9A\/cLQT6ccL6Gg\/s1600\/trendar1.jpg\"><img loading=\"lazy\" decoding=\"async\" border=\"0\" height=\"56\" src=\"http:\/\/2.bp.blogspot.com\/-n_VQPsYtzac\/UVtJAyHOWqI\/AAAAAAAAC9A\/cLQT6ccL6Gg\/s400\/trendar1.jpg\" width=\"400\"><\/a><\/div>\n<p>Det var vackert att se detta koncentrerade kristna budskap spridas p\u00e5 facebook och twitter och gillas och delas och kommenteras. Det p\u00e5minner om hur m\u00e5nga vi faktiskt \u00e4r som hittar kraft i det.<\/p>\n<p>Dessutom ger det i all sin enkelhet en bild av vad evangeliet, det kristna budskapet, i grund och botten \u00e4r.<\/p>\n<p>Det \u00e4r ett rykte. Ordet rykte brukar inte vara s\u00e5 positivt men i det h\u00e4r fallet menar jag p\u00e5 ett neutralt s\u00e4tt, n\u00e5got som sprids.<\/p>\n<p>\u00c4nda sedan kvinnorna hittade graven tom p\u00e5 p\u00e5skdagsmorgonen har evangeliet spridits fr\u00e5n mun till mun. Ibland har makten f\u00f6rs\u00f6kt anv\u00e4nda evangeliet f\u00f6r sina syften men d\u00e4r det verkligen f\u00e5tt fart och spridits \u00e4r det nog \u00e4nd\u00e5 f\u00f6r att det g\u00e5tt fr\u00e5n mun till mun p\u00e5 m\u00e4nniskor som blivit gripna av budskapet. S\u00e5 gripna och fascinerade att de inte kunnat l\u00e5ta bli att tala om vad de f\u00e5tt erfara.<\/p>\n","protected":false},"excerpt":{"rendered":"<p>En av Vandra V\u00e4gens l\u00e4sare tog initativ till att f\u00f6rs\u00f6ka f\u00e5 &#8221;kristusropet&#8221; fr\u00e5n p\u00e5sknatten att trenda (det vill s\u00e4ga rankas som st\u00f6rsta samtals\u00e4mne) p\u00e5 twitter. Jag var sj\u00e4lv glatt engagerad i att sprida inl\u00e4gg med hashtaggen #Kristus\u00e4ruppst\u00e5nden (Ja, han \u00e4r sannerligen uppst\u00e5nden). Det verkar ocks\u00e5 ha funkat. Taggen l\u00e5g p\u00e5 trendlistan ett bra tag. H\u00e4r [&hellip;]<\/p>\n","protected":false},"author":392,"featured_media":0,"comment_status":"open","ping_status":"open","sticky":false,"template":"","format":"standard","meta":{"_acf_changed":false,"footnotes":""},"categories":[76766,117,78493],"tags":[],"class_list":["post-636","post","type-post","status-publish","format-standard","hentry","category-blandat","category-teologi","category-vittnesbord"],"acf":[],"yoast_head":"<!-- This site is optimized with the Yoast SEO plugin v27.1.1 - https:\/\/yoast.com\/product\/yoast-seo-wordpress\/ -->\n<title>Jesu uppst\u00e5ndelse trendade, evangeliet som rykte... - Vandra V\u00e4gen<\/title>\n<meta name=\"robots\" content=\"index, follow, max-snippet:-1, max-image-preview:large, max-video-preview:-1\" \/>\n<link rel=\"canonical\" href=\"https:\/\/blogg.svenskakyrkan.se\/vandravagen\/2013\/04\/03\/jesu-uppstandelse-trendade-evangeliet-som-rykte\/\" \/>\n<meta property=\"og:locale\" content=\"sv_SE\" \/>\n<meta property=\"og:type\" content=\"article\" \/>\n<meta property=\"og:title\" content=\"Jesu uppst\u00e5ndelse trendade, evangeliet som rykte... - Vandra V\u00e4gen\" \/>\n<meta property=\"og:description\" content=\"En av Vandra V\u00e4gens l\u00e4sare tog initativ till att f\u00f6rs\u00f6ka f\u00e5 &#8221;kristusropet&#8221; fr\u00e5n p\u00e5sknatten att trenda (det vill s\u00e4ga rankas som st\u00f6rsta samtals\u00e4mne) p\u00e5 twitter. Jag var sj\u00e4lv glatt engagerad i att sprida inl\u00e4gg med hashtaggen #Kristus\u00e4ruppst\u00e5nden (Ja, han \u00e4r sannerligen uppst\u00e5nden). Det verkar ocks\u00e5 ha funkat. Taggen l\u00e5g p\u00e5 trendlistan ett bra tag. H\u00e4r [&hellip;]\" \/>\n<meta property=\"og:url\" content=\"https:\/\/blogg.svenskakyrkan.se\/vandravagen\/2013\/04\/03\/jesu-uppstandelse-trendade-evangeliet-som-rykte\/\" \/>\n<meta property=\"og:site_name\" content=\"Vandra V\u00e4gen\" \/>\n<meta property=\"article:publisher\" content=\"http:\/\/facebook.com\/vandravagen\" \/>\n<meta property=\"article:published_time\" content=\"2013-04-03T06:13:00+00:00\" \/>\n<meta property=\"og:image\" content=\"https:\/\/lh3.googleusercontent.com\/-O_oBC9KNVbc\/UVvIDTQeUUI\/AAAAAAAAC9M\/v1geipGNsxo\/s320\/blogger-image-339006755.jpg\" \/>\n<meta name=\"author\" content=\"Tomas Jarvid\" \/>\n<meta name=\"twitter:card\" content=\"summary_large_image\" \/>\n<meta name=\"twitter:creator\" content=\"@fadertomas\" \/>\n<meta name=\"twitter:site\" content=\"@fadertomas\" \/>\n<meta name=\"twitter:label1\" content=\"Skriven av\" \/>\n\t<meta name=\"twitter:data1\" content=\"Tomas Jarvid\" \/>\n\t<meta name=\"twitter:label2\" content=\"Ber\u00e4knad l\u00e4stid\" \/>\n\t<meta name=\"twitter:data2\" content=\"1 minut\" \/>\n<script type=\"application\/ld+json\" class=\"yoast-schema-graph\">{\"@context\":\"https:\/\/schema.org\",\"@graph\":[{\"@type\":\"Article\",\"@id\":\"https:\/\/blogg.svenskakyrkan.se\/vandravagen\/2013\/04\/03\/jesu-uppstandelse-trendade-evangeliet-som-rykte\/#article\",\"isPartOf\":{\"@id\":\"https:\/\/blogg.svenskakyrkan.se\/vandravagen\/2013\/04\/03\/jesu-uppstandelse-trendade-evangeliet-som-rykte\/\"},\"author\":{\"name\":\"Tomas Jarvid\",\"@id\":\"https:\/\/blogg.svenskakyrkan.se\/vandravagen\/#\/schema\/person\/25da02d4f76b137d04291711e2c9fc16\"},\"headline\":\"Jesu uppst\u00e5ndelse trendade, evangeliet som rykte&#8230;\",\"datePublished\":\"2013-04-03T06:13:00+00:00\",\"mainEntityOfPage\":{\"@id\":\"https:\/\/blogg.svenskakyrkan.se\/vandravagen\/2013\/04\/03\/jesu-uppstandelse-trendade-evangeliet-som-rykte\/\"},\"wordCount\":272,\"commentCount\":0,\"publisher\":{\"@id\":\"https:\/\/blogg.svenskakyrkan.se\/vandravagen\/#organization\"},\"image\":{\"@id\":\"https:\/\/blogg.svenskakyrkan.se\/vandravagen\/2013\/04\/03\/jesu-uppstandelse-trendade-evangeliet-som-rykte\/#primaryimage\"},\"thumbnailUrl\":\"https:\/\/lh3.googleusercontent.com\/-O_oBC9KNVbc\/UVvIDTQeUUI\/AAAAAAAAC9M\/v1geipGNsxo\/s320\/blogger-image-339006755.jpg\",\"articleSection\":[\"blandat\",\"Teologi\",\"vittnesb\u00f6rd\"],\"inLanguage\":\"sv-SE\",\"potentialAction\":[{\"@type\":\"CommentAction\",\"name\":\"Comment\",\"target\":[\"https:\/\/blogg.svenskakyrkan.se\/vandravagen\/2013\/04\/03\/jesu-uppstandelse-trendade-evangeliet-som-rykte\/#respond\"]}]},{\"@type\":\"WebPage\",\"@id\":\"https:\/\/blogg.svenskakyrkan.se\/vandravagen\/2013\/04\/03\/jesu-uppstandelse-trendade-evangeliet-som-rykte\/\",\"url\":\"https:\/\/blogg.svenskakyrkan.se\/vandravagen\/2013\/04\/03\/jesu-uppstandelse-trendade-evangeliet-som-rykte\/\",\"name\":\"Jesu uppst\u00e5ndelse trendade, evangeliet som rykte... - Vandra V\u00e4gen\",\"isPartOf\":{\"@id\":\"https:\/\/blogg.svenskakyrkan.se\/vandravagen\/#website\"},\"primaryImageOfPage\":{\"@id\":\"https:\/\/blogg.svenskakyrkan.se\/vandravagen\/2013\/04\/03\/jesu-uppstandelse-trendade-evangeliet-som-rykte\/#primaryimage\"},\"image\":{\"@id\":\"https:\/\/blogg.svenskakyrkan.se\/vandravagen\/2013\/04\/03\/jesu-uppstandelse-trendade-evangeliet-som-rykte\/#primaryimage\"},\"thumbnailUrl\":\"https:\/\/lh3.googleusercontent.com\/-O_oBC9KNVbc\/UVvIDTQeUUI\/AAAAAAAAC9M\/v1geipGNsxo\/s320\/blogger-image-339006755.jpg\",\"datePublished\":\"2013-04-03T06:13:00+00:00\",\"breadcrumb\":{\"@id\":\"https:\/\/blogg.svenskakyrkan.se\/vandravagen\/2013\/04\/03\/jesu-uppstandelse-trendade-evangeliet-som-rykte\/#breadcrumb\"},\"inLanguage\":\"sv-SE\",\"potentialAction\":[{\"@type\":\"ReadAction\",\"target\":[\"https:\/\/blogg.svenskakyrkan.se\/vandravagen\/2013\/04\/03\/jesu-uppstandelse-trendade-evangeliet-som-rykte\/\"]}]},{\"@type\":\"ImageObject\",\"inLanguage\":\"sv-SE\",\"@id\":\"https:\/\/blogg.svenskakyrkan.se\/vandravagen\/2013\/04\/03\/jesu-uppstandelse-trendade-evangeliet-som-rykte\/#primaryimage\",\"url\":\"https:\/\/lh3.googleusercontent.com\/-O_oBC9KNVbc\/UVvIDTQeUUI\/AAAAAAAAC9M\/v1geipGNsxo\/s320\/blogger-image-339006755.jpg\",\"contentUrl\":\"https:\/\/lh3.googleusercontent.com\/-O_oBC9KNVbc\/UVvIDTQeUUI\/AAAAAAAAC9M\/v1geipGNsxo\/s320\/blogger-image-339006755.jpg\"},{\"@type\":\"BreadcrumbList\",\"@id\":\"https:\/\/blogg.svenskakyrkan.se\/vandravagen\/2013\/04\/03\/jesu-uppstandelse-trendade-evangeliet-som-rykte\/#breadcrumb\",\"itemListElement\":[{\"@type\":\"ListItem\",\"position\":1,\"name\":\"Hem\",\"item\":\"https:\/\/blogg.svenskakyrkan.se\/vandravagen\/\"},{\"@type\":\"ListItem\",\"position\":2,\"name\":\"Jesu uppst\u00e5ndelse trendade, evangeliet som rykte&#8230;\"}]},{\"@type\":\"WebSite\",\"@id\":\"https:\/\/blogg.svenskakyrkan.se\/vandravagen\/#website\",\"url\":\"https:\/\/blogg.svenskakyrkan.se\/vandravagen\/\",\"name\":\"Vandra V\u00e4gen\",\"description\":\"-Mot en tro f\u00f6r hela livet\",\"publisher\":{\"@id\":\"https:\/\/blogg.svenskakyrkan.se\/vandravagen\/#organization\"},\"potentialAction\":[{\"@type\":\"SearchAction\",\"target\":{\"@type\":\"EntryPoint\",\"urlTemplate\":\"https:\/\/blogg.svenskakyrkan.se\/vandravagen\/?s={search_term_string}\"},\"query-input\":{\"@type\":\"PropertyValueSpecification\",\"valueRequired\":true,\"valueName\":\"search_term_string\"}}],\"inLanguage\":\"sv-SE\"},{\"@type\":\"Organization\",\"@id\":\"https:\/\/blogg.svenskakyrkan.se\/vandravagen\/#organization\",\"name\":\"ulricehamns pastorat\",\"alternateName\":\"ulricehamns pastorat\",\"url\":\"https:\/\/blogg.svenskakyrkan.se\/vandravagen\/\",\"logo\":{\"@type\":\"ImageObject\",\"inLanguage\":\"sv-SE\",\"@id\":\"https:\/\/blogg.svenskakyrkan.se\/vandravagen\/#\/schema\/logo\/image\/\",\"url\":\"https:\/\/blogg.svenskakyrkan.se\/vandravagen\/files\/2023\/05\/Ulr_logo_RGB.png\",\"contentUrl\":\"https:\/\/blogg.svenskakyrkan.se\/vandravagen\/files\/2023\/05\/Ulr_logo_RGB.png\",\"width\":205,\"height\":77,\"caption\":\"ulricehamns pastorat\"},\"image\":{\"@id\":\"https:\/\/blogg.svenskakyrkan.se\/vandravagen\/#\/schema\/logo\/image\/\"},\"sameAs\":[\"http:\/\/facebook.com\/vandravagen\",\"https:\/\/x.com\/fadertomas\",\"http:\/\/www.facebook.com\/svenskakyrkaniulricehamn\"]},{\"@type\":\"Person\",\"@id\":\"https:\/\/blogg.svenskakyrkan.se\/vandravagen\/#\/schema\/person\/25da02d4f76b137d04291711e2c9fc16\",\"name\":\"Tomas Jarvid\",\"image\":{\"@type\":\"ImageObject\",\"inLanguage\":\"sv-SE\",\"@id\":\"https:\/\/blogg.svenskakyrkan.se\/vandravagen\/#\/schema\/person\/image\/\",\"url\":\"https:\/\/secure.gravatar.com\/avatar\/7fa71899795e8f540f615a1f5ab25255dc27aa40f05ee7ddd21aac521e01bf50?s=96&d=identicon&r=g\",\"contentUrl\":\"https:\/\/secure.gravatar.com\/avatar\/7fa71899795e8f540f615a1f5ab25255dc27aa40f05ee7ddd21aac521e01bf50?s=96&d=identicon&r=g\",\"caption\":\"Tomas Jarvid\"},\"description\":\"Jag bor i Ulricehamn i V\u00e4sterg\u00f6tland och \u00e4r f\u00f6rsamlingspr\u00e4st i Svenska Kyrkan f\u00f6r Dalstorps f\u00f6rsamling i Kinds pastorat. P\u00e5 den h\u00e4r bloggen skriver jag ner tankar om vandringen som kristen.\",\"sameAs\":[\"http:\/\/www.vandravagen.se\"],\"url\":\"https:\/\/blogg.svenskakyrkan.se\/vandravagen\/author\/vandravagen\/\"}]}<\/script>\n<!-- \/ Yoast SEO plugin. -->","yoast_head_json":{"title":"Jesu uppst\u00e5ndelse trendade, evangeliet som rykte... - Vandra V\u00e4gen","robots":{"index":"index","follow":"follow","max-snippet":"max-snippet:-1","max-image-preview":"max-image-preview:large","max-video-preview":"max-video-preview:-1"},"canonical":"https:\/\/blogg.svenskakyrkan.se\/vandravagen\/2013\/04\/03\/jesu-uppstandelse-trendade-evangeliet-som-rykte\/","og_locale":"sv_SE","og_type":"article","og_title":"Jesu uppst\u00e5ndelse trendade, evangeliet som rykte... - Vandra V\u00e4gen","og_description":"En av Vandra V\u00e4gens l\u00e4sare tog initativ till att f\u00f6rs\u00f6ka f\u00e5 &#8221;kristusropet&#8221; fr\u00e5n p\u00e5sknatten att trenda (det vill s\u00e4ga rankas som st\u00f6rsta samtals\u00e4mne) p\u00e5 twitter. Jag var sj\u00e4lv glatt engagerad i att sprida inl\u00e4gg med hashtaggen #Kristus\u00e4ruppst\u00e5nden (Ja, han \u00e4r sannerligen uppst\u00e5nden). Det verkar ocks\u00e5 ha funkat. Taggen l\u00e5g p\u00e5 trendlistan ett bra tag. H\u00e4r [&hellip;]","og_url":"https:\/\/blogg.svenskakyrkan.se\/vandravagen\/2013\/04\/03\/jesu-uppstandelse-trendade-evangeliet-som-rykte\/","og_site_name":"Vandra V\u00e4gen","article_publisher":"http:\/\/facebook.com\/vandravagen","article_published_time":"2013-04-03T06:13:00+00:00","og_image":[{"url":"https:\/\/lh3.googleusercontent.com\/-O_oBC9KNVbc\/UVvIDTQeUUI\/AAAAAAAAC9M\/v1geipGNsxo\/s320\/blogger-image-339006755.jpg","type":"","width":"","height":""}],"author":"Tomas Jarvid","twitter_card":"summary_large_image","twitter_creator":"@fadertomas","twitter_site":"@fadertomas","twitter_misc":{"Skriven av":"Tomas Jarvid","Ber\u00e4knad l\u00e4stid":"1 minut"},"schema":{"@context":"https:\/\/schema.org","@graph":[{"@type":"Article","@id":"https:\/\/blogg.svenskakyrkan.se\/vandravagen\/2013\/04\/03\/jesu-uppstandelse-trendade-evangeliet-som-rykte\/#article","isPartOf":{"@id":"https:\/\/blogg.svenskakyrkan.se\/vandravagen\/2013\/04\/03\/jesu-uppstandelse-trendade-evangeliet-som-rykte\/"},"author":{"name":"Tomas Jarvid","@id":"https:\/\/blogg.svenskakyrkan.se\/vandravagen\/#\/schema\/person\/25da02d4f76b137d04291711e2c9fc16"},"headline":"Jesu uppst\u00e5ndelse trendade, evangeliet som rykte&#8230;","datePublished":"2013-04-03T06:13:00+00:00","mainEntityOfPage":{"@id":"https:\/\/blogg.svenskakyrkan.se\/vandravagen\/2013\/04\/03\/jesu-uppstandelse-trendade-evangeliet-som-rykte\/"},"wordCount":272,"commentCount":0,"publisher":{"@id":"https:\/\/blogg.svenskakyrkan.se\/vandravagen\/#organization"},"image":{"@id":"https:\/\/blogg.svenskakyrkan.se\/vandravagen\/2013\/04\/03\/jesu-uppstandelse-trendade-evangeliet-som-rykte\/#primaryimage"},"thumbnailUrl":"https:\/\/lh3.googleusercontent.com\/-O_oBC9KNVbc\/UVvIDTQeUUI\/AAAAAAAAC9M\/v1geipGNsxo\/s320\/blogger-image-339006755.jpg","articleSection":["blandat","Teologi","vittnesb\u00f6rd"],"inLanguage":"sv-SE","potentialAction":[{"@type":"CommentAction","name":"Comment","target":["https:\/\/blogg.svenskakyrkan.se\/vandravagen\/2013\/04\/03\/jesu-uppstandelse-trendade-evangeliet-som-rykte\/#respond"]}]},{"@type":"WebPage","@id":"https:\/\/blogg.svenskakyrkan.se\/vandravagen\/2013\/04\/03\/jesu-uppstandelse-trendade-evangeliet-som-rykte\/","url":"https:\/\/blogg.svenskakyrkan.se\/vandravagen\/2013\/04\/03\/jesu-uppstandelse-trendade-evangeliet-som-rykte\/","name":"Jesu uppst\u00e5ndelse trendade, evangeliet som rykte... - Vandra V\u00e4gen","isPartOf":{"@id":"https:\/\/blogg.svenskakyrkan.se\/vandravagen\/#website"},"primaryImageOfPage":{"@id":"https:\/\/blogg.svenskakyrkan.se\/vandravagen\/2013\/04\/03\/jesu-uppstandelse-trendade-evangeliet-som-rykte\/#primaryimage"},"image":{"@id":"https:\/\/blogg.svenskakyrkan.se\/vandravagen\/2013\/04\/03\/jesu-uppstandelse-trendade-evangeliet-som-rykte\/#primaryimage"},"thumbnailUrl":"https:\/\/lh3.googleusercontent.com\/-O_oBC9KNVbc\/UVvIDTQeUUI\/AAAAAAAAC9M\/v1geipGNsxo\/s320\/blogger-image-339006755.jpg","datePublished":"2013-04-03T06:13:00+00:00","breadcrumb":{"@id":"https:\/\/blogg.svenskakyrkan.se\/vandravagen\/2013\/04\/03\/jesu-uppstandelse-trendade-evangeliet-som-rykte\/#breadcrumb"},"inLanguage":"sv-SE","potentialAction":[{"@type":"ReadAction","target":["https:\/\/blogg.svenskakyrkan.se\/vandravagen\/2013\/04\/03\/jesu-uppstandelse-trendade-evangeliet-som-rykte\/"]}]},{"@type":"ImageObject","inLanguage":"sv-SE","@id":"https:\/\/blogg.svenskakyrkan.se\/vandravagen\/2013\/04\/03\/jesu-uppstandelse-trendade-evangeliet-som-rykte\/#primaryimage","url":"https:\/\/lh3.googleusercontent.com\/-O_oBC9KNVbc\/UVvIDTQeUUI\/AAAAAAAAC9M\/v1geipGNsxo\/s320\/blogger-image-339006755.jpg","contentUrl":"https:\/\/lh3.googleusercontent.com\/-O_oBC9KNVbc\/UVvIDTQeUUI\/AAAAAAAAC9M\/v1geipGNsxo\/s320\/blogger-image-339006755.jpg"},{"@type":"BreadcrumbList","@id":"https:\/\/blogg.svenskakyrkan.se\/vandravagen\/2013\/04\/03\/jesu-uppstandelse-trendade-evangeliet-som-rykte\/#breadcrumb","itemListElement":[{"@type":"ListItem","position":1,"name":"Hem","item":"https:\/\/blogg.svenskakyrkan.se\/vandravagen\/"},{"@type":"ListItem","position":2,"name":"Jesu uppst\u00e5ndelse trendade, evangeliet som rykte&#8230;"}]},{"@type":"WebSite","@id":"https:\/\/blogg.svenskakyrkan.se\/vandravagen\/#website","url":"https:\/\/blogg.svenskakyrkan.se\/vandravagen\/","name":"Vandra V\u00e4gen","description":"-Mot en tro f\u00f6r hela livet","publisher":{"@id":"https:\/\/blogg.svenskakyrkan.se\/vandravagen\/#organization"},"potentialAction":[{"@type":"SearchAction","target":{"@type":"EntryPoint","urlTemplate":"https:\/\/blogg.svenskakyrkan.se\/vandravagen\/?s={search_term_string}"},"query-input":{"@type":"PropertyValueSpecification","valueRequired":true,"valueName":"search_term_string"}}],"inLanguage":"sv-SE"},{"@type":"Organization","@id":"https:\/\/blogg.svenskakyrkan.se\/vandravagen\/#organization","name":"ulricehamns pastorat","alternateName":"ulricehamns pastorat","url":"https:\/\/blogg.svenskakyrkan.se\/vandravagen\/","logo":{"@type":"ImageObject","inLanguage":"sv-SE","@id":"https:\/\/blogg.svenskakyrkan.se\/vandravagen\/#\/schema\/logo\/image\/","url":"https:\/\/blogg.svenskakyrkan.se\/vandravagen\/files\/2023\/05\/Ulr_logo_RGB.png","contentUrl":"https:\/\/blogg.svenskakyrkan.se\/vandravagen\/files\/2023\/05\/Ulr_logo_RGB.png","width":205,"height":77,"caption":"ulricehamns pastorat"},"image":{"@id":"https:\/\/blogg.svenskakyrkan.se\/vandravagen\/#\/schema\/logo\/image\/"},"sameAs":["http:\/\/facebook.com\/vandravagen","https:\/\/x.com\/fadertomas","http:\/\/www.facebook.com\/svenskakyrkaniulricehamn"]},{"@type":"Person","@id":"https:\/\/blogg.svenskakyrkan.se\/vandravagen\/#\/schema\/person\/25da02d4f76b137d04291711e2c9fc16","name":"Tomas Jarvid","image":{"@type":"ImageObject","inLanguage":"sv-SE","@id":"https:\/\/blogg.svenskakyrkan.se\/vandravagen\/#\/schema\/person\/image\/","url":"https:\/\/secure.gravatar.com\/avatar\/7fa71899795e8f540f615a1f5ab25255dc27aa40f05ee7ddd21aac521e01bf50?s=96&d=identicon&r=g","contentUrl":"https:\/\/secure.gravatar.com\/avatar\/7fa71899795e8f540f615a1f5ab25255dc27aa40f05ee7ddd21aac521e01bf50?s=96&d=identicon&r=g","caption":"Tomas Jarvid"},"description":"Jag bor i Ulricehamn i V\u00e4sterg\u00f6tland och \u00e4r f\u00f6rsamlingspr\u00e4st i Svenska Kyrkan f\u00f6r Dalstorps f\u00f6rsamling i Kinds pastorat. P\u00e5 den h\u00e4r bloggen skriver jag ner tankar om vandringen som kristen.","sameAs":["http:\/\/www.vandravagen.se"],"url":"https:\/\/blogg.svenskakyrkan.se\/vandravagen\/author\/vandravagen\/"}]}},"author_meta":{"ID":"392","user_nicename":"vandravagen","user_url":"http:\/\/www.vandravagen.se","user_registered":"2014-05-19 05:44:52","display_name":"Tomas Jarvid","first_name":"Tomas","last_name":"Jarvid","avatar":"https:\/\/secure.gravatar.com\/avatar\/7fa71899795e8f540f615a1f5ab25255dc27aa40f05ee7ddd21aac521e01bf50?s=96&d=identicon&r=g"},"featured_image":false,"bloginfo":{"name":"Vandra V\u00e4gen","url":"https:\/\/blogg.svenskakyrkan.se\/vandravagen"},"_links":{"self":[{"href":"https:\/\/blogg.svenskakyrkan.se\/vandravagen\/wp-json\/wp\/v2\/posts\/636","targetHints":{"allow":["GET"]}}],"collection":[{"href":"https:\/\/blogg.svenskakyrkan.se\/vandravagen\/wp-json\/wp\/v2\/posts"}],"about":[{"href":"https:\/\/blogg.svenskakyrkan.se\/vandravagen\/wp-json\/wp\/v2\/types\/post"}],"author":[{"embeddable":true,"href":"https:\/\/blogg.svenskakyrkan.se\/vandravagen\/wp-json\/wp\/v2\/users\/392"}],"replies":[{"embeddable":true,"href":"https:\/\/blogg.svenskakyrkan.se\/vandravagen\/wp-json\/wp\/v2\/comments?post=636"}],"version-history":[{"count":0,"href":"https:\/\/blogg.svenskakyrkan.se\/vandravagen\/wp-json\/wp\/v2\/posts\/636\/revisions"}],"wp:attachment":[{"href":"https:\/\/blogg.svenskakyrkan.se\/vandravagen\/wp-json\/wp\/v2\/media?parent=636"}],"wp:term":[{"taxonomy":"category","embeddable":true,"href":"https:\/\/blogg.svenskakyrkan.se\/vandravagen\/wp-json\/wp\/v2\/categories?post=636"},{"taxonomy":"post_tag","embeddable":true,"href":"https:\/\/blogg.svenskakyrkan.se\/vandravagen\/wp-json\/wp\/v2\/tags?post=636"}],"curies":[{"name":"wp","href":"https:\/\/api.w.org\/{rel}","templated":true}]}}