{"id":637,"date":"2013-04-02T08:17:00","date_gmt":"2013-04-02T06:17:00","guid":{"rendered":"http:\/\/blogg.svenskakyrkan.se\/vandravagen\/2013\/04\/02\/veckans-samlade-favorittweets-11\/"},"modified":"2013-04-02T08:17:00","modified_gmt":"2013-04-02T06:17:00","slug":"veckans-samlade-favorittweets-11","status":"publish","type":"post","link":"https:\/\/blogg.svenskakyrkan.se\/vandravagen\/2013\/04\/02\/veckans-samlade-favorittweets-11\/","title":{"rendered":"Veckans samlade favorittweets"},"content":{"rendered":"<div>Ojoj vad mycket twittrande folk har tid med under p\u00e5skhelgen. Det var en p\u00e4rs att samla ihop dem den h\u00e4r g\u00e5ngen. H\u00e4r \u00e4r de i alla fall. N\u00e5gra fromma (och p\u00e5skanknutna), n\u00e5gra kloka och n\u00e5gra roliga.\u00a0<\/div>\n<div><\/div>\n<div>Fromma (n\u00e5ja) tweets:<\/div>\n<div><\/div>\n<div><a href=\"http:\/\/1.bp.blogspot.com\/-WdyoMB5cO2Q\/UVm6ltnAOFI\/AAAAAAAAC8Q\/JLk_eXqgDi8\/s1600\/tillbaka.jpg\"><img loading=\"lazy\" decoding=\"async\" border=\"0\" height=\"56\" src=\"http:\/\/1.bp.blogspot.com\/-WdyoMB5cO2Q\/UVm6ltnAOFI\/AAAAAAAAC8Q\/JLk_eXqgDi8\/s400\/tillbaka.jpg\" width=\"400\"><\/a><\/div>\n<div><\/div>\n<div>(och aprop\u00e5 den:)<\/div>\n<div><\/div>\n<div><a href=\"http:\/\/1.bp.blogspot.com\/-djMXJunfk7c\/UVm6h-i63FI\/AAAAAAAAC5o\/kAAfnQ0tOZM\/s1600\/do%CC%88den.jpg\"><img loading=\"lazy\" decoding=\"async\" border=\"0\" height=\"53\" src=\"http:\/\/1.bp.blogspot.com\/-djMXJunfk7c\/UVm6h-i63FI\/AAAAAAAAC5o\/kAAfnQ0tOZM\/s400\/do%CC%88den.jpg\" width=\"400\"><\/a><\/div>\n<div><\/div>\n<div>Serien &#8221;The Bible&#8221; p\u00e5 TV har jag inte sett men jag har sett hur den s\u00e5gats av samtliga som n\u00e4mnt den, utom&#8230;<\/div>\n<div><\/div>\n<div><a href=\"http:\/\/4.bp.blogspot.com\/-Q7YY_UYCLjk\/UVm6i7r_DNI\/AAAAAAAAC6Y\/bWyKLGhxvmc\/s1600\/humbibel1.jpg\"><img loading=\"lazy\" decoding=\"async\" border=\"0\" height=\"71\" src=\"http:\/\/4.bp.blogspot.com\/-Q7YY_UYCLjk\/UVm6i7r_DNI\/AAAAAAAAC6Y\/bWyKLGhxvmc\/s400\/humbibel1.jpg\" width=\"400\"><\/a><\/div>\n<div><\/div>\n<div>Mycket riktigt:<\/div>\n<div><\/div>\n<div><a href=\"http:\/\/1.bp.blogspot.com\/-OSRn02g_ciU\/UVm6lsphzUI\/AAAAAAAAC8I\/xiuwTbA9huo\/s1600\/thebible2.jpg\"><img loading=\"lazy\" decoding=\"async\" border=\"0\" height=\"68\" src=\"http:\/\/1.bp.blogspot.com\/-OSRn02g_ciU\/UVm6lsphzUI\/AAAAAAAAC8I\/xiuwTbA9huo\/s400\/thebible2.jpg\" width=\"400\"><\/a><\/div>\n<div><\/div>\n<div>Och s\u00e5 n\u00e5gra tunga teologiska:<\/div>\n<div><\/div>\n<div><a href=\"http:\/\/1.bp.blogspot.com\/-hptjW8tobYA\/UVm6jjCsmZI\/AAAAAAAAC6o\/9etEp7QEnRE\/s1600\/lewispa%CC%8Ask.jpg\"><img loading=\"lazy\" decoding=\"async\" border=\"0\" height=\"71\" src=\"http:\/\/1.bp.blogspot.com\/-hptjW8tobYA\/UVm6jjCsmZI\/AAAAAAAAC6o\/9etEp7QEnRE\/s400\/lewispa%CC%8Ask.jpg\" width=\"400\"><\/a><\/div>\n<div><\/div>\n<div><a href=\"http:\/\/1.bp.blogspot.com\/-3QQlkGdssD4\/UVm6l3s1RvI\/AAAAAAAAC8c\/Zm_pIp8em3s\/s1600\/uppstbevis.jpg\"><img loading=\"lazy\" decoding=\"async\" border=\"0\" height=\"75\" src=\"http:\/\/1.bp.blogspot.com\/-3QQlkGdssD4\/UVm6l3s1RvI\/AAAAAAAAC8c\/Zm_pIp8em3s\/s400\/uppstbevis.jpg\" width=\"400\"><\/a><\/div>\n<div><\/div>\n<div>Och&#8230; n\u00e5gra lite k\u00e4rvt uttryckta:<\/div>\n<div><\/div>\n<div><a href=\"http:\/\/2.bp.blogspot.com\/-WbVKQYcdKa4\/UVm6lDLye2I\/AAAAAAAAC70\/KG8icuFRoN0\/s1600\/profan.jpg\"><img loading=\"lazy\" decoding=\"async\" border=\"0\" height=\"55\" src=\"http:\/\/2.bp.blogspot.com\/-WbVKQYcdKa4\/UVm6lDLye2I\/AAAAAAAAC70\/KG8icuFRoN0\/s400\/profan.jpg\" width=\"400\"><\/a><\/div>\n<div><\/div>\n<div><\/div>\n<div><a href=\"http:\/\/2.bp.blogspot.com\/-x3j3bYca9do\/UVm6h3Y5qMI\/AAAAAAAAC5k\/BOvMhdOGiVo\/s1600\/ateistkyrka.jpg\"><img loading=\"lazy\" decoding=\"async\" border=\"0\" height=\"71\" src=\"http:\/\/2.bp.blogspot.com\/-x3j3bYca9do\/UVm6h3Y5qMI\/AAAAAAAAC5k\/BOvMhdOGiVo\/s400\/ateistkyrka.jpg\" width=\"400\"><\/a><\/div>\n<div><\/div>\n<div><\/div>\n<div><\/div>\n<div><\/div>\n<div>Kloka tweets:<\/div>\n<div><\/div>\n<div><a href=\"http:\/\/1.bp.blogspot.com\/-oBGCHAZrxOI\/UVm6h9nLtnI\/AAAAAAAAC5g\/ZVeaNZr9pHU\/s1600\/enva%CC%88n.jpg\"><img loading=\"lazy\" decoding=\"async\" border=\"0\" height=\"58\" src=\"http:\/\/1.bp.blogspot.com\/-oBGCHAZrxOI\/UVm6h9nLtnI\/AAAAAAAAC5g\/ZVeaNZr9pHU\/s400\/enva%CC%88n.jpg\" width=\"400\"><\/a><\/div>\n<div><\/div>\n<div><\/div>\n<div><\/div>\n<div><a href=\"http:\/\/3.bp.blogspot.com\/-YMRSlol0h_Q\/UVm6kAhpTEI\/AAAAAAAAC7A\/PfVQ8KZXrFE\/s1600\/lysande.jpg\"><img loading=\"lazy\" decoding=\"async\" border=\"0\" height=\"72\" src=\"http:\/\/3.bp.blogspot.com\/-YMRSlol0h_Q\/UVm6kAhpTEI\/AAAAAAAAC7A\/PfVQ8KZXrFE\/s400\/lysande.jpg\" width=\"400\"><\/a><\/div>\n<div><a href=\"http:\/\/1.bp.blogspot.com\/-Rj5pkOh1DEE\/UVm6iSTvFWI\/AAAAAAAAC54\/VzBIoiD_Q-M\/s1600\/go%CC%88rafel.jpg\"><img loading=\"lazy\" decoding=\"async\" border=\"0\" height=\"66\" src=\"http:\/\/1.bp.blogspot.com\/-Rj5pkOh1DEE\/UVm6iSTvFWI\/AAAAAAAAC54\/VzBIoiD_Q-M\/s400\/go%CC%88rafel.jpg\" width=\"400\"><\/a><\/div>\n<div><\/div>\n<div>Jag ska memorera den h\u00e4r:<\/div>\n<div><a href=\"http:\/\/3.bp.blogspot.com\/-a4PhD0pcCx0\/UVm6irc9ScI\/AAAAAAAAC58\/k0Gh6g72Ytk\/s1600\/hieronymus.jpg\"><img loading=\"lazy\" decoding=\"async\" border=\"0\" height=\"82\" src=\"http:\/\/3.bp.blogspot.com\/-a4PhD0pcCx0\/UVm6irc9ScI\/AAAAAAAAC58\/k0Gh6g72Ytk\/s400\/hieronymus.jpg\" width=\"400\"><\/a><\/div>\n<div><\/div>\n<div>@mymlan skrev om problemen med positivt t\u00e4nkande, ibland kan det l\u00e5ta s\u00e5h\u00e4r:<\/div>\n<div><a href=\"http:\/\/4.bp.blogspot.com\/-Te7PTLK9xM4\/UVm6kNnNGsI\/AAAAAAAAC7M\/9fw84VPGmk8\/s1600\/offer.jpg\"><img loading=\"lazy\" decoding=\"async\" border=\"0\" height=\"68\" src=\"http:\/\/4.bp.blogspot.com\/-Te7PTLK9xM4\/UVm6kNnNGsI\/AAAAAAAAC7M\/9fw84VPGmk8\/s400\/offer.jpg\" width=\"400\"><\/a><\/div>\n<div><\/div>\n<div><\/div>\n<div><a href=\"http:\/\/3.bp.blogspot.com\/-XM43hiaexGE\/UVm6kNK7Z5I\/AAAAAAAAC7E\/fGMDoYMHO7o\/s1600\/neutral.jpg\"><img loading=\"lazy\" decoding=\"async\" border=\"0\" height=\"70\" src=\"http:\/\/3.bp.blogspot.com\/-XM43hiaexGE\/UVm6kNK7Z5I\/AAAAAAAAC7E\/fGMDoYMHO7o\/s400\/neutral.jpg\" width=\"400\"><\/a><\/div>\n<div><\/div>\n<div><\/div>\n<div><\/div>\n<div>Roliga tweets:<\/div>\n<\/p>\n<div><a href=\"http:\/\/4.bp.blogspot.com\/-cfr1uh_2cN8\/UVm6ilxcdXI\/AAAAAAAAC6A\/UffcTywggrE\/s1600\/ho%CC%88rtpa%CC%8Amaken.jpg\"><img loading=\"lazy\" decoding=\"async\" border=\"0\" height=\"66\" src=\"http:\/\/4.bp.blogspot.com\/-cfr1uh_2cN8\/UVm6ilxcdXI\/AAAAAAAAC6A\/UffcTywggrE\/s400\/ho%CC%88rtpa%CC%8Amaken.jpg\" width=\"400\"><\/a><\/div>\n<div><\/div>\n<\/p>\n<div><a href=\"http:\/\/3.bp.blogspot.com\/-PkdwQeemNRU\/UVm6i-6QN0I\/AAAAAAAAC6Q\/fpMD2m3ewjE\/s1600\/isbjo%CC%88rn.jpg\"><img loading=\"lazy\" decoding=\"async\" border=\"0\" height=\"56\" src=\"http:\/\/3.bp.blogspot.com\/-PkdwQeemNRU\/UVm6i-6QN0I\/AAAAAAAAC6Q\/fpMD2m3ewjE\/s400\/isbjo%CC%88rn.jpg\" width=\"400\"><\/a><\/div>\n<div><\/div>\n<\/p>\n<div><a href=\"http:\/\/4.bp.blogspot.com\/-cnMABG2Uq2s\/UVm6jMbD9SI\/AAAAAAAAC6U\/bhhQnLzjOXU\/s1600\/kallelse.jpg\"><img loading=\"lazy\" decoding=\"async\" border=\"0\" height=\"66\" src=\"http:\/\/4.bp.blogspot.com\/-cnMABG2Uq2s\/UVm6jMbD9SI\/AAAAAAAAC6U\/bhhQnLzjOXU\/s400\/kallelse.jpg\" width=\"400\"><\/a><\/div>\n<\/p>\n<div><\/div>\n<div><a href=\"http:\/\/3.bp.blogspot.com\/-5_6axwSLmZk\/UVm6j1MWUuI\/AAAAAAAAC6w\/BW-sOUDwIfM\/s1600\/lo%CC%88n.jpg\"><img loading=\"lazy\" decoding=\"async\" border=\"0\" height=\"72\" src=\"http:\/\/3.bp.blogspot.com\/-5_6axwSLmZk\/UVm6j1MWUuI\/AAAAAAAAC6w\/BW-sOUDwIfM\/s400\/lo%CC%88n.jpg\" width=\"400\"><\/a><\/div>\n<div><\/div>\n<\/p>\n<div><a href=\"http:\/\/4.bp.blogspot.com\/-3XIRzVKnYpg\/UVm6kQdvnQI\/AAAAAAAAC7Y\/WLLRr6gNZR0\/s1600\/palmis.jpg\"><img loading=\"lazy\" decoding=\"async\" border=\"0\" height=\"55\" src=\"http:\/\/4.bp.blogspot.com\/-3XIRzVKnYpg\/UVm6kQdvnQI\/AAAAAAAAC7Y\/WLLRr6gNZR0\/s400\/palmis.jpg\" width=\"400\"><\/a><\/div>\n<div><\/div>\n<div>(f\u00f6rsta april ig\u00e5r)<\/div>\n<div><a href=\"http:\/\/4.bp.blogspot.com\/-8NPsu-MWPGY\/UVm6kd6oCdI\/AAAAAAAAC7c\/irRI6KqVbM8\/s1600\/parkvakt.jpg\"><img loading=\"lazy\" decoding=\"async\" border=\"0\" height=\"87\" src=\"http:\/\/4.bp.blogspot.com\/-8NPsu-MWPGY\/UVm6kd6oCdI\/AAAAAAAAC7c\/irRI6KqVbM8\/s400\/parkvakt.jpg\" width=\"400\"><\/a><\/div>\n<div><\/div>\n<div><a href=\"http:\/\/2.bp.blogspot.com\/-BJr1ngdMzJs\/UVm6k0886aI\/AAAAAAAAC7k\/FIW9BtIlqC4\/s1600\/polisska%CC%88mt.jpg\"><img loading=\"lazy\" decoding=\"async\" border=\"0\" height=\"71\" src=\"http:\/\/2.bp.blogspot.com\/-BJr1ngdMzJs\/UVm6k0886aI\/AAAAAAAAC7k\/FIW9BtIlqC4\/s400\/polisska%CC%88mt.jpg\" width=\"400\"><\/a><\/div>\n<div><\/div>\n<\/p>\n<div><a href=\"http:\/\/4.bp.blogspot.com\/-s9Q6TUhf3so\/UVm6ki_QZaI\/AAAAAAAAC7g\/w1QgS2eVLVA\/s1600\/pa%CC%8Askpred.jpg\"><img loading=\"lazy\" decoding=\"async\" border=\"0\" height=\"138\" src=\"http:\/\/4.bp.blogspot.com\/-s9Q6TUhf3so\/UVm6ki_QZaI\/AAAAAAAAC7g\/w1QgS2eVLVA\/s400\/pa%CC%8Askpred.jpg\" width=\"400\"><\/a><\/div>\n<\/p>\n<div><\/div>\n<div><a href=\"http:\/\/4.bp.blogspot.com\/-x5WTFTceTCA\/UVm6lPa4EWI\/AAAAAAAAC74\/csDyPPvoWew\/s1600\/rsv.jpg\"><img loading=\"lazy\" decoding=\"async\" border=\"0\" height=\"66\" src=\"http:\/\/4.bp.blogspot.com\/-x5WTFTceTCA\/UVm6lPa4EWI\/AAAAAAAAC74\/csDyPPvoWew\/s400\/rsv.jpg\" width=\"400\"><\/a><\/div>\n<div><\/div>\n<\/p>\n<div><a href=\"http:\/\/3.bp.blogspot.com\/-O8Eepu_DK7M\/UVm6lQx01VI\/AAAAAAAAC8A\/s-1Fvgi-YPA\/s1600\/sta%CC%8Alisjesus.jpg\"><img loading=\"lazy\" decoding=\"async\" border=\"0\" height=\"70\" src=\"http:\/\/3.bp.blogspot.com\/-O8Eepu_DK7M\/UVm6lQx01VI\/AAAAAAAAC8A\/s-1Fvgi-YPA\/s400\/sta%CC%8Alisjesus.jpg\" width=\"400\"><\/a><\/div>\n<div><a href=\"http:\/\/2.bp.blogspot.com\/-ZYLuGRLHV74\/UVm6l4t-Z7I\/AAAAAAAAC8g\/s_am2lfDCxI\/s1600\/will.jpg\"><img loading=\"lazy\" decoding=\"async\" border=\"0\" height=\"76\" src=\"http:\/\/2.bp.blogspot.com\/-ZYLuGRLHV74\/UVm6l4t-Z7I\/AAAAAAAAC8g\/s_am2lfDCxI\/s400\/will.jpg\" width=\"400\"><\/a><\/div>\n<div>Veckans b\u00e4sta<\/div>\n<div><\/div>\n<div>st\u00e5r Jonas Helgesson f\u00f6r, han platsar i alla kategorierna!<\/div>\n<div><\/div>\n<div><\/div>\n<div><\/div>\n<div><a href=\"http:\/\/1.bp.blogspot.com\/-9NZBdtD1hME\/UVm6jn0dREI\/AAAAAAAAC6k\/2404SjFeowE\/s1600\/letsdance.jpg\"><img loading=\"lazy\" decoding=\"async\" border=\"0\" height=\"70\" src=\"http:\/\/1.bp.blogspot.com\/-9NZBdtD1hME\/UVm6jn0dREI\/AAAAAAAAC6k\/2404SjFeowE\/s400\/letsdance.jpg\" width=\"400\"><\/a><\/div><\/p>\n","protected":false},"excerpt":{"rendered":"<p>Ojoj vad mycket twittrande folk har tid med under p\u00e5skhelgen. Det var en p\u00e4rs att samla ihop dem den h\u00e4r g\u00e5ngen. H\u00e4r \u00e4r de i alla fall. N\u00e5gra fromma (och p\u00e5skanknutna), n\u00e5gra kloka och n\u00e5gra roliga.\u00a0 Fromma (n\u00e5ja) tweets: (och aprop\u00e5 den:) Serien &#8221;The Bible&#8221; p\u00e5 TV har jag inte sett men jag har sett [&hellip;]<\/p>\n","protected":false},"author":392,"featured_media":0,"comment_status":"open","ping_status":"open","sticky":false,"template":"","format":"standard","meta":{"_acf_changed":false,"footnotes":""},"categories":[76766],"tags":[],"class_list":["post-637","post","type-post","status-publish","format-standard","hentry","category-blandat"],"acf":[],"yoast_head":"<!-- This site is optimized with the Yoast SEO plugin v27.1.1 - https:\/\/yoast.com\/product\/yoast-seo-wordpress\/ -->\n<title>Veckans samlade favorittweets - Vandra V\u00e4gen<\/title>\n<meta name=\"robots\" content=\"index, follow, max-snippet:-1, max-image-preview:large, max-video-preview:-1\" \/>\n<link rel=\"canonical\" href=\"https:\/\/blogg.svenskakyrkan.se\/vandravagen\/2013\/04\/02\/veckans-samlade-favorittweets-11\/\" \/>\n<meta property=\"og:locale\" content=\"sv_SE\" \/>\n<meta property=\"og:type\" content=\"article\" \/>\n<meta property=\"og:title\" content=\"Veckans samlade favorittweets - Vandra V\u00e4gen\" \/>\n<meta property=\"og:description\" content=\"Ojoj vad mycket twittrande folk har tid med under p\u00e5skhelgen. Det var en p\u00e4rs att samla ihop dem den h\u00e4r g\u00e5ngen. H\u00e4r \u00e4r de i alla fall. N\u00e5gra fromma (och p\u00e5skanknutna), n\u00e5gra kloka och n\u00e5gra roliga.\u00a0 Fromma (n\u00e5ja) tweets: (och aprop\u00e5 den:) Serien &#8221;The Bible&#8221; p\u00e5 TV har jag inte sett men jag har sett [&hellip;]\" \/>\n<meta property=\"og:url\" content=\"https:\/\/blogg.svenskakyrkan.se\/vandravagen\/2013\/04\/02\/veckans-samlade-favorittweets-11\/\" \/>\n<meta property=\"og:site_name\" content=\"Vandra V\u00e4gen\" \/>\n<meta property=\"article:publisher\" content=\"http:\/\/facebook.com\/vandravagen\" \/>\n<meta property=\"article:published_time\" content=\"2013-04-02T06:17:00+00:00\" \/>\n<meta property=\"og:image\" content=\"http:\/\/1.bp.blogspot.com\/-WdyoMB5cO2Q\/UVm6ltnAOFI\/AAAAAAAAC8Q\/JLk_eXqgDi8\/s400\/tillbaka.jpg\" \/>\n<meta name=\"author\" content=\"Tomas Jarvid\" \/>\n<meta name=\"twitter:card\" content=\"summary_large_image\" \/>\n<meta name=\"twitter:creator\" content=\"@fadertomas\" \/>\n<meta name=\"twitter:site\" content=\"@fadertomas\" \/>\n<meta name=\"twitter:label1\" content=\"Skriven av\" \/>\n\t<meta name=\"twitter:data1\" content=\"Tomas Jarvid\" \/>\n\t<meta name=\"twitter:label2\" content=\"Ber\u00e4knad l\u00e4stid\" \/>\n\t<meta name=\"twitter:data2\" content=\"1 minut\" \/>\n<script type=\"application\/ld+json\" class=\"yoast-schema-graph\">{\"@context\":\"https:\/\/schema.org\",\"@graph\":[{\"@type\":\"Article\",\"@id\":\"https:\/\/blogg.svenskakyrkan.se\/vandravagen\/2013\/04\/02\/veckans-samlade-favorittweets-11\/#article\",\"isPartOf\":{\"@id\":\"https:\/\/blogg.svenskakyrkan.se\/vandravagen\/2013\/04\/02\/veckans-samlade-favorittweets-11\/\"},\"author\":{\"name\":\"Tomas Jarvid\",\"@id\":\"https:\/\/blogg.svenskakyrkan.se\/vandravagen\/#\/schema\/person\/25da02d4f76b137d04291711e2c9fc16\"},\"headline\":\"Veckans samlade favorittweets\",\"datePublished\":\"2013-04-02T06:17:00+00:00\",\"mainEntityOfPage\":{\"@id\":\"https:\/\/blogg.svenskakyrkan.se\/vandravagen\/2013\/04\/02\/veckans-samlade-favorittweets-11\/\"},\"wordCount\":139,\"commentCount\":0,\"publisher\":{\"@id\":\"https:\/\/blogg.svenskakyrkan.se\/vandravagen\/#organization\"},\"image\":{\"@id\":\"https:\/\/blogg.svenskakyrkan.se\/vandravagen\/2013\/04\/02\/veckans-samlade-favorittweets-11\/#primaryimage\"},\"thumbnailUrl\":\"http:\/\/1.bp.blogspot.com\/-WdyoMB5cO2Q\/UVm6ltnAOFI\/AAAAAAAAC8Q\/JLk_eXqgDi8\/s400\/tillbaka.jpg\",\"articleSection\":[\"blandat\"],\"inLanguage\":\"sv-SE\",\"potentialAction\":[{\"@type\":\"CommentAction\",\"name\":\"Comment\",\"target\":[\"https:\/\/blogg.svenskakyrkan.se\/vandravagen\/2013\/04\/02\/veckans-samlade-favorittweets-11\/#respond\"]}]},{\"@type\":\"WebPage\",\"@id\":\"https:\/\/blogg.svenskakyrkan.se\/vandravagen\/2013\/04\/02\/veckans-samlade-favorittweets-11\/\",\"url\":\"https:\/\/blogg.svenskakyrkan.se\/vandravagen\/2013\/04\/02\/veckans-samlade-favorittweets-11\/\",\"name\":\"Veckans samlade favorittweets - Vandra V\u00e4gen\",\"isPartOf\":{\"@id\":\"https:\/\/blogg.svenskakyrkan.se\/vandravagen\/#website\"},\"primaryImageOfPage\":{\"@id\":\"https:\/\/blogg.svenskakyrkan.se\/vandravagen\/2013\/04\/02\/veckans-samlade-favorittweets-11\/#primaryimage\"},\"image\":{\"@id\":\"https:\/\/blogg.svenskakyrkan.se\/vandravagen\/2013\/04\/02\/veckans-samlade-favorittweets-11\/#primaryimage\"},\"thumbnailUrl\":\"http:\/\/1.bp.blogspot.com\/-WdyoMB5cO2Q\/UVm6ltnAOFI\/AAAAAAAAC8Q\/JLk_eXqgDi8\/s400\/tillbaka.jpg\",\"datePublished\":\"2013-04-02T06:17:00+00:00\",\"breadcrumb\":{\"@id\":\"https:\/\/blogg.svenskakyrkan.se\/vandravagen\/2013\/04\/02\/veckans-samlade-favorittweets-11\/#breadcrumb\"},\"inLanguage\":\"sv-SE\",\"potentialAction\":[{\"@type\":\"ReadAction\",\"target\":[\"https:\/\/blogg.svenskakyrkan.se\/vandravagen\/2013\/04\/02\/veckans-samlade-favorittweets-11\/\"]}]},{\"@type\":\"ImageObject\",\"inLanguage\":\"sv-SE\",\"@id\":\"https:\/\/blogg.svenskakyrkan.se\/vandravagen\/2013\/04\/02\/veckans-samlade-favorittweets-11\/#primaryimage\",\"url\":\"http:\/\/1.bp.blogspot.com\/-WdyoMB5cO2Q\/UVm6ltnAOFI\/AAAAAAAAC8Q\/JLk_eXqgDi8\/s400\/tillbaka.jpg\",\"contentUrl\":\"http:\/\/1.bp.blogspot.com\/-WdyoMB5cO2Q\/UVm6ltnAOFI\/AAAAAAAAC8Q\/JLk_eXqgDi8\/s400\/tillbaka.jpg\"},{\"@type\":\"BreadcrumbList\",\"@id\":\"https:\/\/blogg.svenskakyrkan.se\/vandravagen\/2013\/04\/02\/veckans-samlade-favorittweets-11\/#breadcrumb\",\"itemListElement\":[{\"@type\":\"ListItem\",\"position\":1,\"name\":\"Hem\",\"item\":\"https:\/\/blogg.svenskakyrkan.se\/vandravagen\/\"},{\"@type\":\"ListItem\",\"position\":2,\"name\":\"Veckans samlade favorittweets\"}]},{\"@type\":\"WebSite\",\"@id\":\"https:\/\/blogg.svenskakyrkan.se\/vandravagen\/#website\",\"url\":\"https:\/\/blogg.svenskakyrkan.se\/vandravagen\/\",\"name\":\"Vandra V\u00e4gen\",\"description\":\"-Mot en tro f\u00f6r hela livet\",\"publisher\":{\"@id\":\"https:\/\/blogg.svenskakyrkan.se\/vandravagen\/#organization\"},\"potentialAction\":[{\"@type\":\"SearchAction\",\"target\":{\"@type\":\"EntryPoint\",\"urlTemplate\":\"https:\/\/blogg.svenskakyrkan.se\/vandravagen\/?s={search_term_string}\"},\"query-input\":{\"@type\":\"PropertyValueSpecification\",\"valueRequired\":true,\"valueName\":\"search_term_string\"}}],\"inLanguage\":\"sv-SE\"},{\"@type\":\"Organization\",\"@id\":\"https:\/\/blogg.svenskakyrkan.se\/vandravagen\/#organization\",\"name\":\"ulricehamns pastorat\",\"alternateName\":\"ulricehamns pastorat\",\"url\":\"https:\/\/blogg.svenskakyrkan.se\/vandravagen\/\",\"logo\":{\"@type\":\"ImageObject\",\"inLanguage\":\"sv-SE\",\"@id\":\"https:\/\/blogg.svenskakyrkan.se\/vandravagen\/#\/schema\/logo\/image\/\",\"url\":\"https:\/\/blogg.svenskakyrkan.se\/vandravagen\/files\/2023\/05\/Ulr_logo_RGB.png\",\"contentUrl\":\"https:\/\/blogg.svenskakyrkan.se\/vandravagen\/files\/2023\/05\/Ulr_logo_RGB.png\",\"width\":205,\"height\":77,\"caption\":\"ulricehamns pastorat\"},\"image\":{\"@id\":\"https:\/\/blogg.svenskakyrkan.se\/vandravagen\/#\/schema\/logo\/image\/\"},\"sameAs\":[\"http:\/\/facebook.com\/vandravagen\",\"https:\/\/x.com\/fadertomas\",\"http:\/\/www.facebook.com\/svenskakyrkaniulricehamn\"]},{\"@type\":\"Person\",\"@id\":\"https:\/\/blogg.svenskakyrkan.se\/vandravagen\/#\/schema\/person\/25da02d4f76b137d04291711e2c9fc16\",\"name\":\"Tomas Jarvid\",\"image\":{\"@type\":\"ImageObject\",\"inLanguage\":\"sv-SE\",\"@id\":\"https:\/\/blogg.svenskakyrkan.se\/vandravagen\/#\/schema\/person\/image\/\",\"url\":\"https:\/\/secure.gravatar.com\/avatar\/7fa71899795e8f540f615a1f5ab25255dc27aa40f05ee7ddd21aac521e01bf50?s=96&d=identicon&r=g\",\"contentUrl\":\"https:\/\/secure.gravatar.com\/avatar\/7fa71899795e8f540f615a1f5ab25255dc27aa40f05ee7ddd21aac521e01bf50?s=96&d=identicon&r=g\",\"caption\":\"Tomas Jarvid\"},\"description\":\"Jag bor i Ulricehamn i V\u00e4sterg\u00f6tland och \u00e4r f\u00f6rsamlingspr\u00e4st i Svenska Kyrkan f\u00f6r Dalstorps f\u00f6rsamling i Kinds pastorat. P\u00e5 den h\u00e4r bloggen skriver jag ner tankar om vandringen som kristen.\",\"sameAs\":[\"http:\/\/www.vandravagen.se\"],\"url\":\"https:\/\/blogg.svenskakyrkan.se\/vandravagen\/author\/vandravagen\/\"}]}<\/script>\n<!-- \/ Yoast SEO plugin. -->","yoast_head_json":{"title":"Veckans samlade favorittweets - Vandra V\u00e4gen","robots":{"index":"index","follow":"follow","max-snippet":"max-snippet:-1","max-image-preview":"max-image-preview:large","max-video-preview":"max-video-preview:-1"},"canonical":"https:\/\/blogg.svenskakyrkan.se\/vandravagen\/2013\/04\/02\/veckans-samlade-favorittweets-11\/","og_locale":"sv_SE","og_type":"article","og_title":"Veckans samlade favorittweets - Vandra V\u00e4gen","og_description":"Ojoj vad mycket twittrande folk har tid med under p\u00e5skhelgen. Det var en p\u00e4rs att samla ihop dem den h\u00e4r g\u00e5ngen. H\u00e4r \u00e4r de i alla fall. N\u00e5gra fromma (och p\u00e5skanknutna), n\u00e5gra kloka och n\u00e5gra roliga.\u00a0 Fromma (n\u00e5ja) tweets: (och aprop\u00e5 den:) Serien &#8221;The Bible&#8221; p\u00e5 TV har jag inte sett men jag har sett [&hellip;]","og_url":"https:\/\/blogg.svenskakyrkan.se\/vandravagen\/2013\/04\/02\/veckans-samlade-favorittweets-11\/","og_site_name":"Vandra V\u00e4gen","article_publisher":"http:\/\/facebook.com\/vandravagen","article_published_time":"2013-04-02T06:17:00+00:00","og_image":[{"url":"http:\/\/1.bp.blogspot.com\/-WdyoMB5cO2Q\/UVm6ltnAOFI\/AAAAAAAAC8Q\/JLk_eXqgDi8\/s400\/tillbaka.jpg","type":"","width":"","height":""}],"author":"Tomas Jarvid","twitter_card":"summary_large_image","twitter_creator":"@fadertomas","twitter_site":"@fadertomas","twitter_misc":{"Skriven av":"Tomas Jarvid","Ber\u00e4knad l\u00e4stid":"1 minut"},"schema":{"@context":"https:\/\/schema.org","@graph":[{"@type":"Article","@id":"https:\/\/blogg.svenskakyrkan.se\/vandravagen\/2013\/04\/02\/veckans-samlade-favorittweets-11\/#article","isPartOf":{"@id":"https:\/\/blogg.svenskakyrkan.se\/vandravagen\/2013\/04\/02\/veckans-samlade-favorittweets-11\/"},"author":{"name":"Tomas Jarvid","@id":"https:\/\/blogg.svenskakyrkan.se\/vandravagen\/#\/schema\/person\/25da02d4f76b137d04291711e2c9fc16"},"headline":"Veckans samlade favorittweets","datePublished":"2013-04-02T06:17:00+00:00","mainEntityOfPage":{"@id":"https:\/\/blogg.svenskakyrkan.se\/vandravagen\/2013\/04\/02\/veckans-samlade-favorittweets-11\/"},"wordCount":139,"commentCount":0,"publisher":{"@id":"https:\/\/blogg.svenskakyrkan.se\/vandravagen\/#organization"},"image":{"@id":"https:\/\/blogg.svenskakyrkan.se\/vandravagen\/2013\/04\/02\/veckans-samlade-favorittweets-11\/#primaryimage"},"thumbnailUrl":"http:\/\/1.bp.blogspot.com\/-WdyoMB5cO2Q\/UVm6ltnAOFI\/AAAAAAAAC8Q\/JLk_eXqgDi8\/s400\/tillbaka.jpg","articleSection":["blandat"],"inLanguage":"sv-SE","potentialAction":[{"@type":"CommentAction","name":"Comment","target":["https:\/\/blogg.svenskakyrkan.se\/vandravagen\/2013\/04\/02\/veckans-samlade-favorittweets-11\/#respond"]}]},{"@type":"WebPage","@id":"https:\/\/blogg.svenskakyrkan.se\/vandravagen\/2013\/04\/02\/veckans-samlade-favorittweets-11\/","url":"https:\/\/blogg.svenskakyrkan.se\/vandravagen\/2013\/04\/02\/veckans-samlade-favorittweets-11\/","name":"Veckans samlade favorittweets - Vandra V\u00e4gen","isPartOf":{"@id":"https:\/\/blogg.svenskakyrkan.se\/vandravagen\/#website"},"primaryImageOfPage":{"@id":"https:\/\/blogg.svenskakyrkan.se\/vandravagen\/2013\/04\/02\/veckans-samlade-favorittweets-11\/#primaryimage"},"image":{"@id":"https:\/\/blogg.svenskakyrkan.se\/vandravagen\/2013\/04\/02\/veckans-samlade-favorittweets-11\/#primaryimage"},"thumbnailUrl":"http:\/\/1.bp.blogspot.com\/-WdyoMB5cO2Q\/UVm6ltnAOFI\/AAAAAAAAC8Q\/JLk_eXqgDi8\/s400\/tillbaka.jpg","datePublished":"2013-04-02T06:17:00+00:00","breadcrumb":{"@id":"https:\/\/blogg.svenskakyrkan.se\/vandravagen\/2013\/04\/02\/veckans-samlade-favorittweets-11\/#breadcrumb"},"inLanguage":"sv-SE","potentialAction":[{"@type":"ReadAction","target":["https:\/\/blogg.svenskakyrkan.se\/vandravagen\/2013\/04\/02\/veckans-samlade-favorittweets-11\/"]}]},{"@type":"ImageObject","inLanguage":"sv-SE","@id":"https:\/\/blogg.svenskakyrkan.se\/vandravagen\/2013\/04\/02\/veckans-samlade-favorittweets-11\/#primaryimage","url":"http:\/\/1.bp.blogspot.com\/-WdyoMB5cO2Q\/UVm6ltnAOFI\/AAAAAAAAC8Q\/JLk_eXqgDi8\/s400\/tillbaka.jpg","contentUrl":"http:\/\/1.bp.blogspot.com\/-WdyoMB5cO2Q\/UVm6ltnAOFI\/AAAAAAAAC8Q\/JLk_eXqgDi8\/s400\/tillbaka.jpg"},{"@type":"BreadcrumbList","@id":"https:\/\/blogg.svenskakyrkan.se\/vandravagen\/2013\/04\/02\/veckans-samlade-favorittweets-11\/#breadcrumb","itemListElement":[{"@type":"ListItem","position":1,"name":"Hem","item":"https:\/\/blogg.svenskakyrkan.se\/vandravagen\/"},{"@type":"ListItem","position":2,"name":"Veckans samlade favorittweets"}]},{"@type":"WebSite","@id":"https:\/\/blogg.svenskakyrkan.se\/vandravagen\/#website","url":"https:\/\/blogg.svenskakyrkan.se\/vandravagen\/","name":"Vandra V\u00e4gen","description":"-Mot en tro f\u00f6r hela livet","publisher":{"@id":"https:\/\/blogg.svenskakyrkan.se\/vandravagen\/#organization"},"potentialAction":[{"@type":"SearchAction","target":{"@type":"EntryPoint","urlTemplate":"https:\/\/blogg.svenskakyrkan.se\/vandravagen\/?s={search_term_string}"},"query-input":{"@type":"PropertyValueSpecification","valueRequired":true,"valueName":"search_term_string"}}],"inLanguage":"sv-SE"},{"@type":"Organization","@id":"https:\/\/blogg.svenskakyrkan.se\/vandravagen\/#organization","name":"ulricehamns pastorat","alternateName":"ulricehamns pastorat","url":"https:\/\/blogg.svenskakyrkan.se\/vandravagen\/","logo":{"@type":"ImageObject","inLanguage":"sv-SE","@id":"https:\/\/blogg.svenskakyrkan.se\/vandravagen\/#\/schema\/logo\/image\/","url":"https:\/\/blogg.svenskakyrkan.se\/vandravagen\/files\/2023\/05\/Ulr_logo_RGB.png","contentUrl":"https:\/\/blogg.svenskakyrkan.se\/vandravagen\/files\/2023\/05\/Ulr_logo_RGB.png","width":205,"height":77,"caption":"ulricehamns pastorat"},"image":{"@id":"https:\/\/blogg.svenskakyrkan.se\/vandravagen\/#\/schema\/logo\/image\/"},"sameAs":["http:\/\/facebook.com\/vandravagen","https:\/\/x.com\/fadertomas","http:\/\/www.facebook.com\/svenskakyrkaniulricehamn"]},{"@type":"Person","@id":"https:\/\/blogg.svenskakyrkan.se\/vandravagen\/#\/schema\/person\/25da02d4f76b137d04291711e2c9fc16","name":"Tomas Jarvid","image":{"@type":"ImageObject","inLanguage":"sv-SE","@id":"https:\/\/blogg.svenskakyrkan.se\/vandravagen\/#\/schema\/person\/image\/","url":"https:\/\/secure.gravatar.com\/avatar\/7fa71899795e8f540f615a1f5ab25255dc27aa40f05ee7ddd21aac521e01bf50?s=96&d=identicon&r=g","contentUrl":"https:\/\/secure.gravatar.com\/avatar\/7fa71899795e8f540f615a1f5ab25255dc27aa40f05ee7ddd21aac521e01bf50?s=96&d=identicon&r=g","caption":"Tomas Jarvid"},"description":"Jag bor i Ulricehamn i V\u00e4sterg\u00f6tland och \u00e4r f\u00f6rsamlingspr\u00e4st i Svenska Kyrkan f\u00f6r Dalstorps f\u00f6rsamling i Kinds pastorat. P\u00e5 den h\u00e4r bloggen skriver jag ner tankar om vandringen som kristen.","sameAs":["http:\/\/www.vandravagen.se"],"url":"https:\/\/blogg.svenskakyrkan.se\/vandravagen\/author\/vandravagen\/"}]}},"author_meta":{"ID":"392","user_nicename":"vandravagen","user_url":"http:\/\/www.vandravagen.se","user_registered":"2014-05-19 05:44:52","display_name":"Tomas Jarvid","first_name":"Tomas","last_name":"Jarvid","avatar":"https:\/\/secure.gravatar.com\/avatar\/7fa71899795e8f540f615a1f5ab25255dc27aa40f05ee7ddd21aac521e01bf50?s=96&d=identicon&r=g"},"featured_image":false,"bloginfo":{"name":"Vandra V\u00e4gen","url":"https:\/\/blogg.svenskakyrkan.se\/vandravagen"},"_links":{"self":[{"href":"https:\/\/blogg.svenskakyrkan.se\/vandravagen\/wp-json\/wp\/v2\/posts\/637","targetHints":{"allow":["GET"]}}],"collection":[{"href":"https:\/\/blogg.svenskakyrkan.se\/vandravagen\/wp-json\/wp\/v2\/posts"}],"about":[{"href":"https:\/\/blogg.svenskakyrkan.se\/vandravagen\/wp-json\/wp\/v2\/types\/post"}],"author":[{"embeddable":true,"href":"https:\/\/blogg.svenskakyrkan.se\/vandravagen\/wp-json\/wp\/v2\/users\/392"}],"replies":[{"embeddable":true,"href":"https:\/\/blogg.svenskakyrkan.se\/vandravagen\/wp-json\/wp\/v2\/comments?post=637"}],"version-history":[{"count":0,"href":"https:\/\/blogg.svenskakyrkan.se\/vandravagen\/wp-json\/wp\/v2\/posts\/637\/revisions"}],"wp:attachment":[{"href":"https:\/\/blogg.svenskakyrkan.se\/vandravagen\/wp-json\/wp\/v2\/media?parent=637"}],"wp:term":[{"taxonomy":"category","embeddable":true,"href":"https:\/\/blogg.svenskakyrkan.se\/vandravagen\/wp-json\/wp\/v2\/categories?post=637"},{"taxonomy":"post_tag","embeddable":true,"href":"https:\/\/blogg.svenskakyrkan.se\/vandravagen\/wp-json\/wp\/v2\/tags?post=637"}],"curies":[{"name":"wp","href":"https:\/\/api.w.org\/{rel}","templated":true}]}}