{"id":638,"date":"2013-04-01T09:34:00","date_gmt":"2013-04-01T07:34:00","guid":{"rendered":"http:\/\/blogg.svenskakyrkan.se\/vandravagen\/2013\/04\/01\/annandagens-ikoner-vagen-till-emmaus\/"},"modified":"2013-04-01T09:34:00","modified_gmt":"2013-04-01T07:34:00","slug":"annandagens-ikoner-vagen-till-emmaus","status":"publish","type":"post","link":"https:\/\/blogg.svenskakyrkan.se\/vandravagen\/2013\/04\/01\/annandagens-ikoner-vagen-till-emmaus\/","title":{"rendered":"Annandagens ikoner, v\u00e4gen till Emmaus"},"content":{"rendered":"<div><a href=\"http:\/\/3.bp.blogspot.com\/-OHlboa5ivM4\/UVk0yTIYiTI\/AAAAAAAAC5U\/sckcQvGaDGU\/s1600\/emmauskristus.jpg\"><img loading=\"lazy\" decoding=\"async\" border=\"0\" height=\"464\" src=\"http:\/\/3.bp.blogspot.com\/-OHlboa5ivM4\/UVk0yTIYiTI\/AAAAAAAAC5U\/sckcQvGaDGU\/s640\/emmauskristus.jpg\" width=\"640\"><\/a><\/div>\n<div><\/div>\n<div>Annandagens l\u00e4sningar handlar om m\u00f6ten med den uppst\u00e5ndne Jesus. Evangeliet handlar om l\u00e4rjungarna som vandrar hem mot Emmaus, bedr\u00f6vade \u00f6ver det som h\u00e4nt p\u00e5 l\u00e5ngfredagen. Men s\u00e5 m\u00f6ter de en fr\u00e4mling som l\u00e4gger ut gamla testamentets profeter f\u00f6r dem och f\u00f6rklarar att det var detta som m\u00e5ste ske med Messias.\u00a0<\/div>\n<div><\/div>\n<div>F\u00f6rst\u00e5 n\u00e4r de bryter br\u00f6d tillsammans med honom k\u00e4nner de igen honom. Det \u00e4r ju Jesus sj\u00e4lv!<\/div>\n<div><\/div>\n<div>Den \u00f6versta tavlan \u00e4r m\u00e5lad p\u00e5 Filippinerna f\u00f6r utst\u00e4llningen &#8221;v\u00e4rldens Kristus&#8221;. Kvinnan i r\u00f6tt (en s\u00e4llskapsflicka, v\u00e4ldigt illa ansedd) har s\u00e4rm\u00e4rken i h\u00e4nderna. Hon har brutit br\u00f6det och m\u00e4nnen k\u00e4nner igen henne som Kristus. Generade skrattar de \u00e5t att de inte f\u00f6rst\u00e5tt innan.<\/div>\n<div><\/div>\n<div>Bilden talar starkt om m\u00e5nga saker. Om att vi m\u00f6ter Jesus i v\u00e5r n\u00e4sta. Om att Jesus alltid finns hos de minsta och l\u00e4gsta. Att vi kanske k\u00e4nner igen honom i v\u00e5ra minsta syskon f\u00f6rst n\u00e4r vi bryter br\u00f6det och delar gemenskap med dem?<\/div>\n<div><\/div>\n<div><\/div>\n<div><\/div>\n<div><a href=\"http:\/\/www.archangelsbooks.com\/prodimages\/Large\/Icons\/a-346.jpg\"><img loading=\"lazy\" decoding=\"async\" border=\"0\" height=\"400\" src=\"http:\/\/www.archangelsbooks.com\/prodimages\/Large\/Icons\/a-346.jpg\" width=\"335\"><\/a><\/div>\n<div><\/div>\n<div>Jag har inte sett dem tidigare men tydligen finns det n\u00e5gra klassiska ikonmotiv f\u00f6r Emmausvandrarna. En som ovan, d\u00e4r de bjuder Jesus att stanna hos dem. En som nedan d\u00e4r de (som p\u00e5 den \u00f6versta bilden) k\u00e4nner igen den uppst\u00e5ndne d\u00e5 han bryter br\u00f6det. Ibland ser man b\u00e5da motiven bredvid varandra p\u00e5 samma ikon.<\/div>\n<div><a href=\"http:\/\/www.biblesearchers.com\/hebrewchurch\/primitive\/primitive16_files\/image001.jpg\"><img loading=\"lazy\" decoding=\"async\" border=\"0\" height=\"640\" src=\"http:\/\/www.biblesearchers.com\/hebrewchurch\/primitive\/primitive16_files\/image001.jpg\" width=\"468\"><\/a><\/div>\n<div><\/div>\n<div>Annandagen p\u00e5minner om att uppst\u00e5ndelsen har sin forts\u00e4ttning i Kyrkans gemenskap. D\u00e4r ska vi f\u00f6rs\u00f6ka forma v\u00e5ra liv efter p\u00e5skens budskap!<\/div>\n<div><\/div>\n<div>Har du sett bilderna innan? Kommentera nedan!<\/div>\n<div><\/div>\n<div><\/div><\/p>\n","protected":false},"excerpt":{"rendered":"<p>Annandagens l\u00e4sningar handlar om m\u00f6ten med den uppst\u00e5ndne Jesus. Evangeliet handlar om l\u00e4rjungarna som vandrar hem mot Emmaus, bedr\u00f6vade \u00f6ver det som h\u00e4nt p\u00e5 l\u00e5ngfredagen. Men s\u00e5 m\u00f6ter de en fr\u00e4mling som l\u00e4gger ut gamla testamentets profeter f\u00f6r dem och f\u00f6rklarar att det var detta som m\u00e5ste ske med Messias.\u00a0 F\u00f6rst\u00e5 n\u00e4r de bryter br\u00f6d [&hellip;]<\/p>\n","protected":false},"author":392,"featured_media":0,"comment_status":"open","ping_status":"open","sticky":false,"template":"","format":"standard","meta":{"_acf_changed":false,"footnotes":""},"categories":[56,8252,117],"tags":[],"class_list":["post-638","post","type-post","status-publish","format-standard","hentry","category-bilder","category-kyrkoaret","category-teologi"],"acf":[],"yoast_head":"<!-- This site is optimized with the Yoast SEO plugin v27.1.1 - https:\/\/yoast.com\/product\/yoast-seo-wordpress\/ -->\n<title>Annandagens ikoner, v\u00e4gen till Emmaus - Vandra V\u00e4gen<\/title>\n<meta name=\"robots\" content=\"index, follow, max-snippet:-1, max-image-preview:large, max-video-preview:-1\" \/>\n<link rel=\"canonical\" href=\"https:\/\/blogg.svenskakyrkan.se\/vandravagen\/2013\/04\/01\/annandagens-ikoner-vagen-till-emmaus\/\" \/>\n<meta property=\"og:locale\" content=\"sv_SE\" \/>\n<meta property=\"og:type\" content=\"article\" \/>\n<meta property=\"og:title\" content=\"Annandagens ikoner, v\u00e4gen till Emmaus - Vandra V\u00e4gen\" \/>\n<meta property=\"og:description\" content=\"Annandagens l\u00e4sningar handlar om m\u00f6ten med den uppst\u00e5ndne Jesus. Evangeliet handlar om l\u00e4rjungarna som vandrar hem mot Emmaus, bedr\u00f6vade \u00f6ver det som h\u00e4nt p\u00e5 l\u00e5ngfredagen. Men s\u00e5 m\u00f6ter de en fr\u00e4mling som l\u00e4gger ut gamla testamentets profeter f\u00f6r dem och f\u00f6rklarar att det var detta som m\u00e5ste ske med Messias.\u00a0 F\u00f6rst\u00e5 n\u00e4r de bryter br\u00f6d [&hellip;]\" \/>\n<meta property=\"og:url\" content=\"https:\/\/blogg.svenskakyrkan.se\/vandravagen\/2013\/04\/01\/annandagens-ikoner-vagen-till-emmaus\/\" \/>\n<meta property=\"og:site_name\" content=\"Vandra V\u00e4gen\" \/>\n<meta property=\"article:publisher\" content=\"http:\/\/facebook.com\/vandravagen\" \/>\n<meta property=\"article:published_time\" content=\"2013-04-01T07:34:00+00:00\" \/>\n<meta property=\"og:image\" content=\"http:\/\/3.bp.blogspot.com\/-OHlboa5ivM4\/UVk0yTIYiTI\/AAAAAAAAC5U\/sckcQvGaDGU\/s640\/emmauskristus.jpg\" \/>\n<meta name=\"author\" content=\"Tomas Jarvid\" \/>\n<meta name=\"twitter:card\" content=\"summary_large_image\" \/>\n<meta name=\"twitter:creator\" content=\"@fadertomas\" \/>\n<meta name=\"twitter:site\" content=\"@fadertomas\" \/>\n<meta name=\"twitter:label1\" content=\"Skriven av\" \/>\n\t<meta name=\"twitter:data1\" content=\"Tomas Jarvid\" \/>\n\t<meta name=\"twitter:label2\" content=\"Ber\u00e4knad l\u00e4stid\" \/>\n\t<meta name=\"twitter:data2\" content=\"1 minut\" \/>\n<script type=\"application\/ld+json\" class=\"yoast-schema-graph\">{\"@context\":\"https:\/\/schema.org\",\"@graph\":[{\"@type\":\"Article\",\"@id\":\"https:\/\/blogg.svenskakyrkan.se\/vandravagen\/2013\/04\/01\/annandagens-ikoner-vagen-till-emmaus\/#article\",\"isPartOf\":{\"@id\":\"https:\/\/blogg.svenskakyrkan.se\/vandravagen\/2013\/04\/01\/annandagens-ikoner-vagen-till-emmaus\/\"},\"author\":{\"name\":\"Tomas Jarvid\",\"@id\":\"https:\/\/blogg.svenskakyrkan.se\/vandravagen\/#\/schema\/person\/25da02d4f76b137d04291711e2c9fc16\"},\"headline\":\"Annandagens ikoner, v\u00e4gen till Emmaus\",\"datePublished\":\"2013-04-01T07:34:00+00:00\",\"mainEntityOfPage\":{\"@id\":\"https:\/\/blogg.svenskakyrkan.se\/vandravagen\/2013\/04\/01\/annandagens-ikoner-vagen-till-emmaus\/\"},\"wordCount\":301,\"commentCount\":0,\"publisher\":{\"@id\":\"https:\/\/blogg.svenskakyrkan.se\/vandravagen\/#organization\"},\"image\":{\"@id\":\"https:\/\/blogg.svenskakyrkan.se\/vandravagen\/2013\/04\/01\/annandagens-ikoner-vagen-till-emmaus\/#primaryimage\"},\"thumbnailUrl\":\"http:\/\/3.bp.blogspot.com\/-OHlboa5ivM4\/UVk0yTIYiTI\/AAAAAAAAC5U\/sckcQvGaDGU\/s640\/emmauskristus.jpg\",\"articleSection\":[\"bilder\",\"kyrko\u00e5ret\",\"Teologi\"],\"inLanguage\":\"sv-SE\",\"potentialAction\":[{\"@type\":\"CommentAction\",\"name\":\"Comment\",\"target\":[\"https:\/\/blogg.svenskakyrkan.se\/vandravagen\/2013\/04\/01\/annandagens-ikoner-vagen-till-emmaus\/#respond\"]}]},{\"@type\":\"WebPage\",\"@id\":\"https:\/\/blogg.svenskakyrkan.se\/vandravagen\/2013\/04\/01\/annandagens-ikoner-vagen-till-emmaus\/\",\"url\":\"https:\/\/blogg.svenskakyrkan.se\/vandravagen\/2013\/04\/01\/annandagens-ikoner-vagen-till-emmaus\/\",\"name\":\"Annandagens ikoner, v\u00e4gen till Emmaus - Vandra V\u00e4gen\",\"isPartOf\":{\"@id\":\"https:\/\/blogg.svenskakyrkan.se\/vandravagen\/#website\"},\"primaryImageOfPage\":{\"@id\":\"https:\/\/blogg.svenskakyrkan.se\/vandravagen\/2013\/04\/01\/annandagens-ikoner-vagen-till-emmaus\/#primaryimage\"},\"image\":{\"@id\":\"https:\/\/blogg.svenskakyrkan.se\/vandravagen\/2013\/04\/01\/annandagens-ikoner-vagen-till-emmaus\/#primaryimage\"},\"thumbnailUrl\":\"http:\/\/3.bp.blogspot.com\/-OHlboa5ivM4\/UVk0yTIYiTI\/AAAAAAAAC5U\/sckcQvGaDGU\/s640\/emmauskristus.jpg\",\"datePublished\":\"2013-04-01T07:34:00+00:00\",\"breadcrumb\":{\"@id\":\"https:\/\/blogg.svenskakyrkan.se\/vandravagen\/2013\/04\/01\/annandagens-ikoner-vagen-till-emmaus\/#breadcrumb\"},\"inLanguage\":\"sv-SE\",\"potentialAction\":[{\"@type\":\"ReadAction\",\"target\":[\"https:\/\/blogg.svenskakyrkan.se\/vandravagen\/2013\/04\/01\/annandagens-ikoner-vagen-till-emmaus\/\"]}]},{\"@type\":\"ImageObject\",\"inLanguage\":\"sv-SE\",\"@id\":\"https:\/\/blogg.svenskakyrkan.se\/vandravagen\/2013\/04\/01\/annandagens-ikoner-vagen-till-emmaus\/#primaryimage\",\"url\":\"http:\/\/3.bp.blogspot.com\/-OHlboa5ivM4\/UVk0yTIYiTI\/AAAAAAAAC5U\/sckcQvGaDGU\/s640\/emmauskristus.jpg\",\"contentUrl\":\"http:\/\/3.bp.blogspot.com\/-OHlboa5ivM4\/UVk0yTIYiTI\/AAAAAAAAC5U\/sckcQvGaDGU\/s640\/emmauskristus.jpg\"},{\"@type\":\"BreadcrumbList\",\"@id\":\"https:\/\/blogg.svenskakyrkan.se\/vandravagen\/2013\/04\/01\/annandagens-ikoner-vagen-till-emmaus\/#breadcrumb\",\"itemListElement\":[{\"@type\":\"ListItem\",\"position\":1,\"name\":\"Hem\",\"item\":\"https:\/\/blogg.svenskakyrkan.se\/vandravagen\/\"},{\"@type\":\"ListItem\",\"position\":2,\"name\":\"Annandagens ikoner, v\u00e4gen till Emmaus\"}]},{\"@type\":\"WebSite\",\"@id\":\"https:\/\/blogg.svenskakyrkan.se\/vandravagen\/#website\",\"url\":\"https:\/\/blogg.svenskakyrkan.se\/vandravagen\/\",\"name\":\"Vandra V\u00e4gen\",\"description\":\"-Mot en tro f\u00f6r hela livet\",\"publisher\":{\"@id\":\"https:\/\/blogg.svenskakyrkan.se\/vandravagen\/#organization\"},\"potentialAction\":[{\"@type\":\"SearchAction\",\"target\":{\"@type\":\"EntryPoint\",\"urlTemplate\":\"https:\/\/blogg.svenskakyrkan.se\/vandravagen\/?s={search_term_string}\"},\"query-input\":{\"@type\":\"PropertyValueSpecification\",\"valueRequired\":true,\"valueName\":\"search_term_string\"}}],\"inLanguage\":\"sv-SE\"},{\"@type\":\"Organization\",\"@id\":\"https:\/\/blogg.svenskakyrkan.se\/vandravagen\/#organization\",\"name\":\"ulricehamns pastorat\",\"alternateName\":\"ulricehamns pastorat\",\"url\":\"https:\/\/blogg.svenskakyrkan.se\/vandravagen\/\",\"logo\":{\"@type\":\"ImageObject\",\"inLanguage\":\"sv-SE\",\"@id\":\"https:\/\/blogg.svenskakyrkan.se\/vandravagen\/#\/schema\/logo\/image\/\",\"url\":\"https:\/\/blogg.svenskakyrkan.se\/vandravagen\/files\/2023\/05\/Ulr_logo_RGB.png\",\"contentUrl\":\"https:\/\/blogg.svenskakyrkan.se\/vandravagen\/files\/2023\/05\/Ulr_logo_RGB.png\",\"width\":205,\"height\":77,\"caption\":\"ulricehamns pastorat\"},\"image\":{\"@id\":\"https:\/\/blogg.svenskakyrkan.se\/vandravagen\/#\/schema\/logo\/image\/\"},\"sameAs\":[\"http:\/\/facebook.com\/vandravagen\",\"https:\/\/x.com\/fadertomas\",\"http:\/\/www.facebook.com\/svenskakyrkaniulricehamn\"]},{\"@type\":\"Person\",\"@id\":\"https:\/\/blogg.svenskakyrkan.se\/vandravagen\/#\/schema\/person\/25da02d4f76b137d04291711e2c9fc16\",\"name\":\"Tomas Jarvid\",\"image\":{\"@type\":\"ImageObject\",\"inLanguage\":\"sv-SE\",\"@id\":\"https:\/\/blogg.svenskakyrkan.se\/vandravagen\/#\/schema\/person\/image\/\",\"url\":\"https:\/\/secure.gravatar.com\/avatar\/7fa71899795e8f540f615a1f5ab25255dc27aa40f05ee7ddd21aac521e01bf50?s=96&d=identicon&r=g\",\"contentUrl\":\"https:\/\/secure.gravatar.com\/avatar\/7fa71899795e8f540f615a1f5ab25255dc27aa40f05ee7ddd21aac521e01bf50?s=96&d=identicon&r=g\",\"caption\":\"Tomas Jarvid\"},\"description\":\"Jag bor i Ulricehamn i V\u00e4sterg\u00f6tland och \u00e4r f\u00f6rsamlingspr\u00e4st i Svenska Kyrkan f\u00f6r Dalstorps f\u00f6rsamling i Kinds pastorat. P\u00e5 den h\u00e4r bloggen skriver jag ner tankar om vandringen som kristen.\",\"sameAs\":[\"http:\/\/www.vandravagen.se\"],\"url\":\"https:\/\/blogg.svenskakyrkan.se\/vandravagen\/author\/vandravagen\/\"}]}<\/script>\n<!-- \/ Yoast SEO plugin. -->","yoast_head_json":{"title":"Annandagens ikoner, v\u00e4gen till Emmaus - Vandra V\u00e4gen","robots":{"index":"index","follow":"follow","max-snippet":"max-snippet:-1","max-image-preview":"max-image-preview:large","max-video-preview":"max-video-preview:-1"},"canonical":"https:\/\/blogg.svenskakyrkan.se\/vandravagen\/2013\/04\/01\/annandagens-ikoner-vagen-till-emmaus\/","og_locale":"sv_SE","og_type":"article","og_title":"Annandagens ikoner, v\u00e4gen till Emmaus - Vandra V\u00e4gen","og_description":"Annandagens l\u00e4sningar handlar om m\u00f6ten med den uppst\u00e5ndne Jesus. Evangeliet handlar om l\u00e4rjungarna som vandrar hem mot Emmaus, bedr\u00f6vade \u00f6ver det som h\u00e4nt p\u00e5 l\u00e5ngfredagen. Men s\u00e5 m\u00f6ter de en fr\u00e4mling som l\u00e4gger ut gamla testamentets profeter f\u00f6r dem och f\u00f6rklarar att det var detta som m\u00e5ste ske med Messias.\u00a0 F\u00f6rst\u00e5 n\u00e4r de bryter br\u00f6d [&hellip;]","og_url":"https:\/\/blogg.svenskakyrkan.se\/vandravagen\/2013\/04\/01\/annandagens-ikoner-vagen-till-emmaus\/","og_site_name":"Vandra V\u00e4gen","article_publisher":"http:\/\/facebook.com\/vandravagen","article_published_time":"2013-04-01T07:34:00+00:00","og_image":[{"url":"http:\/\/3.bp.blogspot.com\/-OHlboa5ivM4\/UVk0yTIYiTI\/AAAAAAAAC5U\/sckcQvGaDGU\/s640\/emmauskristus.jpg","type":"","width":"","height":""}],"author":"Tomas Jarvid","twitter_card":"summary_large_image","twitter_creator":"@fadertomas","twitter_site":"@fadertomas","twitter_misc":{"Skriven av":"Tomas Jarvid","Ber\u00e4knad l\u00e4stid":"1 minut"},"schema":{"@context":"https:\/\/schema.org","@graph":[{"@type":"Article","@id":"https:\/\/blogg.svenskakyrkan.se\/vandravagen\/2013\/04\/01\/annandagens-ikoner-vagen-till-emmaus\/#article","isPartOf":{"@id":"https:\/\/blogg.svenskakyrkan.se\/vandravagen\/2013\/04\/01\/annandagens-ikoner-vagen-till-emmaus\/"},"author":{"name":"Tomas Jarvid","@id":"https:\/\/blogg.svenskakyrkan.se\/vandravagen\/#\/schema\/person\/25da02d4f76b137d04291711e2c9fc16"},"headline":"Annandagens ikoner, v\u00e4gen till Emmaus","datePublished":"2013-04-01T07:34:00+00:00","mainEntityOfPage":{"@id":"https:\/\/blogg.svenskakyrkan.se\/vandravagen\/2013\/04\/01\/annandagens-ikoner-vagen-till-emmaus\/"},"wordCount":301,"commentCount":0,"publisher":{"@id":"https:\/\/blogg.svenskakyrkan.se\/vandravagen\/#organization"},"image":{"@id":"https:\/\/blogg.svenskakyrkan.se\/vandravagen\/2013\/04\/01\/annandagens-ikoner-vagen-till-emmaus\/#primaryimage"},"thumbnailUrl":"http:\/\/3.bp.blogspot.com\/-OHlboa5ivM4\/UVk0yTIYiTI\/AAAAAAAAC5U\/sckcQvGaDGU\/s640\/emmauskristus.jpg","articleSection":["bilder","kyrko\u00e5ret","Teologi"],"inLanguage":"sv-SE","potentialAction":[{"@type":"CommentAction","name":"Comment","target":["https:\/\/blogg.svenskakyrkan.se\/vandravagen\/2013\/04\/01\/annandagens-ikoner-vagen-till-emmaus\/#respond"]}]},{"@type":"WebPage","@id":"https:\/\/blogg.svenskakyrkan.se\/vandravagen\/2013\/04\/01\/annandagens-ikoner-vagen-till-emmaus\/","url":"https:\/\/blogg.svenskakyrkan.se\/vandravagen\/2013\/04\/01\/annandagens-ikoner-vagen-till-emmaus\/","name":"Annandagens ikoner, v\u00e4gen till Emmaus - Vandra V\u00e4gen","isPartOf":{"@id":"https:\/\/blogg.svenskakyrkan.se\/vandravagen\/#website"},"primaryImageOfPage":{"@id":"https:\/\/blogg.svenskakyrkan.se\/vandravagen\/2013\/04\/01\/annandagens-ikoner-vagen-till-emmaus\/#primaryimage"},"image":{"@id":"https:\/\/blogg.svenskakyrkan.se\/vandravagen\/2013\/04\/01\/annandagens-ikoner-vagen-till-emmaus\/#primaryimage"},"thumbnailUrl":"http:\/\/3.bp.blogspot.com\/-OHlboa5ivM4\/UVk0yTIYiTI\/AAAAAAAAC5U\/sckcQvGaDGU\/s640\/emmauskristus.jpg","datePublished":"2013-04-01T07:34:00+00:00","breadcrumb":{"@id":"https:\/\/blogg.svenskakyrkan.se\/vandravagen\/2013\/04\/01\/annandagens-ikoner-vagen-till-emmaus\/#breadcrumb"},"inLanguage":"sv-SE","potentialAction":[{"@type":"ReadAction","target":["https:\/\/blogg.svenskakyrkan.se\/vandravagen\/2013\/04\/01\/annandagens-ikoner-vagen-till-emmaus\/"]}]},{"@type":"ImageObject","inLanguage":"sv-SE","@id":"https:\/\/blogg.svenskakyrkan.se\/vandravagen\/2013\/04\/01\/annandagens-ikoner-vagen-till-emmaus\/#primaryimage","url":"http:\/\/3.bp.blogspot.com\/-OHlboa5ivM4\/UVk0yTIYiTI\/AAAAAAAAC5U\/sckcQvGaDGU\/s640\/emmauskristus.jpg","contentUrl":"http:\/\/3.bp.blogspot.com\/-OHlboa5ivM4\/UVk0yTIYiTI\/AAAAAAAAC5U\/sckcQvGaDGU\/s640\/emmauskristus.jpg"},{"@type":"BreadcrumbList","@id":"https:\/\/blogg.svenskakyrkan.se\/vandravagen\/2013\/04\/01\/annandagens-ikoner-vagen-till-emmaus\/#breadcrumb","itemListElement":[{"@type":"ListItem","position":1,"name":"Hem","item":"https:\/\/blogg.svenskakyrkan.se\/vandravagen\/"},{"@type":"ListItem","position":2,"name":"Annandagens ikoner, v\u00e4gen till Emmaus"}]},{"@type":"WebSite","@id":"https:\/\/blogg.svenskakyrkan.se\/vandravagen\/#website","url":"https:\/\/blogg.svenskakyrkan.se\/vandravagen\/","name":"Vandra V\u00e4gen","description":"-Mot en tro f\u00f6r hela livet","publisher":{"@id":"https:\/\/blogg.svenskakyrkan.se\/vandravagen\/#organization"},"potentialAction":[{"@type":"SearchAction","target":{"@type":"EntryPoint","urlTemplate":"https:\/\/blogg.svenskakyrkan.se\/vandravagen\/?s={search_term_string}"},"query-input":{"@type":"PropertyValueSpecification","valueRequired":true,"valueName":"search_term_string"}}],"inLanguage":"sv-SE"},{"@type":"Organization","@id":"https:\/\/blogg.svenskakyrkan.se\/vandravagen\/#organization","name":"ulricehamns pastorat","alternateName":"ulricehamns pastorat","url":"https:\/\/blogg.svenskakyrkan.se\/vandravagen\/","logo":{"@type":"ImageObject","inLanguage":"sv-SE","@id":"https:\/\/blogg.svenskakyrkan.se\/vandravagen\/#\/schema\/logo\/image\/","url":"https:\/\/blogg.svenskakyrkan.se\/vandravagen\/files\/2023\/05\/Ulr_logo_RGB.png","contentUrl":"https:\/\/blogg.svenskakyrkan.se\/vandravagen\/files\/2023\/05\/Ulr_logo_RGB.png","width":205,"height":77,"caption":"ulricehamns pastorat"},"image":{"@id":"https:\/\/blogg.svenskakyrkan.se\/vandravagen\/#\/schema\/logo\/image\/"},"sameAs":["http:\/\/facebook.com\/vandravagen","https:\/\/x.com\/fadertomas","http:\/\/www.facebook.com\/svenskakyrkaniulricehamn"]},{"@type":"Person","@id":"https:\/\/blogg.svenskakyrkan.se\/vandravagen\/#\/schema\/person\/25da02d4f76b137d04291711e2c9fc16","name":"Tomas Jarvid","image":{"@type":"ImageObject","inLanguage":"sv-SE","@id":"https:\/\/blogg.svenskakyrkan.se\/vandravagen\/#\/schema\/person\/image\/","url":"https:\/\/secure.gravatar.com\/avatar\/7fa71899795e8f540f615a1f5ab25255dc27aa40f05ee7ddd21aac521e01bf50?s=96&d=identicon&r=g","contentUrl":"https:\/\/secure.gravatar.com\/avatar\/7fa71899795e8f540f615a1f5ab25255dc27aa40f05ee7ddd21aac521e01bf50?s=96&d=identicon&r=g","caption":"Tomas Jarvid"},"description":"Jag bor i Ulricehamn i V\u00e4sterg\u00f6tland och \u00e4r f\u00f6rsamlingspr\u00e4st i Svenska Kyrkan f\u00f6r Dalstorps f\u00f6rsamling i Kinds pastorat. P\u00e5 den h\u00e4r bloggen skriver jag ner tankar om vandringen som kristen.","sameAs":["http:\/\/www.vandravagen.se"],"url":"https:\/\/blogg.svenskakyrkan.se\/vandravagen\/author\/vandravagen\/"}]}},"author_meta":{"ID":"392","user_nicename":"vandravagen","user_url":"http:\/\/www.vandravagen.se","user_registered":"2014-05-19 05:44:52","display_name":"Tomas Jarvid","first_name":"Tomas","last_name":"Jarvid","avatar":"https:\/\/secure.gravatar.com\/avatar\/7fa71899795e8f540f615a1f5ab25255dc27aa40f05ee7ddd21aac521e01bf50?s=96&d=identicon&r=g"},"featured_image":false,"bloginfo":{"name":"Vandra V\u00e4gen","url":"https:\/\/blogg.svenskakyrkan.se\/vandravagen"},"_links":{"self":[{"href":"https:\/\/blogg.svenskakyrkan.se\/vandravagen\/wp-json\/wp\/v2\/posts\/638","targetHints":{"allow":["GET"]}}],"collection":[{"href":"https:\/\/blogg.svenskakyrkan.se\/vandravagen\/wp-json\/wp\/v2\/posts"}],"about":[{"href":"https:\/\/blogg.svenskakyrkan.se\/vandravagen\/wp-json\/wp\/v2\/types\/post"}],"author":[{"embeddable":true,"href":"https:\/\/blogg.svenskakyrkan.se\/vandravagen\/wp-json\/wp\/v2\/users\/392"}],"replies":[{"embeddable":true,"href":"https:\/\/blogg.svenskakyrkan.se\/vandravagen\/wp-json\/wp\/v2\/comments?post=638"}],"version-history":[{"count":0,"href":"https:\/\/blogg.svenskakyrkan.se\/vandravagen\/wp-json\/wp\/v2\/posts\/638\/revisions"}],"wp:attachment":[{"href":"https:\/\/blogg.svenskakyrkan.se\/vandravagen\/wp-json\/wp\/v2\/media?parent=638"}],"wp:term":[{"taxonomy":"category","embeddable":true,"href":"https:\/\/blogg.svenskakyrkan.se\/vandravagen\/wp-json\/wp\/v2\/categories?post=638"},{"taxonomy":"post_tag","embeddable":true,"href":"https:\/\/blogg.svenskakyrkan.se\/vandravagen\/wp-json\/wp\/v2\/tags?post=638"}],"curies":[{"name":"wp","href":"https:\/\/api.w.org\/{rel}","templated":true}]}}