{"id":6381,"date":"2018-05-29T07:00:59","date_gmt":"2018-05-29T05:00:59","guid":{"rendered":"http:\/\/blogg.svenskakyrkan.se\/vandravagen\/?p=6381"},"modified":"2018-05-28T22:38:23","modified_gmt":"2018-05-28T20:38:23","slug":"bitterhet-ett-liv-i-exil-darhemma","status":"publish","type":"post","link":"https:\/\/blogg.svenskakyrkan.se\/vandravagen\/2018\/05\/29\/bitterhet-ett-liv-i-exil-darhemma\/","title":{"rendered":"Bitterhet, ett liv i exil d\u00e4rhemma"},"content":{"rendered":"<p>Jag har skrivit flera bloggposter om exil eller flykt som tema i bibeln. H\u00e4r \u00e4r en tanke som jag tycker h\u00f6r ihop med det.<\/p>\n<p>I en av b\u00f6ckerna jag l\u00e4ser (mycket l\u00e5ngsamt m\u00e5ste medges) om exiltanken i bibeln s\u00e5 tar Walter Br\u00fceggemann upp en annan aspekt av livet i exil. Detta att r\u00f6ra sig i ok\u00e4nda landskap \u00e4ven om man egentligen lever p\u00e5 samma st\u00e4lle rent geografiskt.<\/p>\n<p>Han menar att exil ocks\u00e5 \u00e4r en kraftfull bild f\u00f6r hur man till exempel uppfattar sin tillvaro om samh\u00e4llet f\u00f6r\u00e4ndrats v\u00e4ldigt mycket under ens liv s\u00e5 att man knappt kan k\u00e4nna igen sig. Han menar ocks\u00e5 att s\u00e5dant som att ha blivit av med jobbet eller varit med om en skilsm\u00e4ssa \u00e4r s\u00e5dant som g\u00f6r att v\u00e5rt inre landskap inte l\u00e4ngre st\u00e4mmer \u00f6verens med det yttre. Vi blir fr\u00e4mlingar i fr\u00e4mmande land.<\/p>\n<p>S\u00e5 h\u00e4r i tider av #metoo och j\u00e4mst\u00e4lldhetskamp (och f\u00f6r den delen rena terrord\u00e5d av &#8221;incels&#8221;, m\u00e4n som hatar kvinnor f\u00f6r att de mot sin vilja f\u00e5r leva ensamma) kan jag inte heller l\u00e5ta bli att t\u00e4nka att <strong>f\u00f6rlorade privilegier<\/strong> \u00e4r en slags exil, jag f\u00e5r pl\u00f6tsligt inte det jag tycker jag har r\u00e4tt till (f\u00f6r att det f\u00f6rmodligen till dels var p\u00e5 andras bekostnad som fick f\u00f6r lite). Det kan g\u00e4lla f\u00f6r n\u00e4r kvinnor eller olika minoriteter pl\u00f6tsligt g\u00f6r sig g\u00e4llande d\u00e4r de inte gjort det tidigare.<\/p>\n<p>Jag fick den h\u00e4r l\u00e4nken &#8221;<a href=\"https:\/\/www.hbl.fi\/artikel\/forskare-bittra-manniskor-oroar-sig-mer-over-invandring\/\">Forskare: bittra m\u00e4nniskor oroar sig mer \u00f6ver invandring<\/a>&#8221; och den g\u00e5r v\u00e4ldigt n\u00e4ra ihop med de h\u00e4r tankarna. Forskare har konstaterat att bitterhet (en sammansatt k\u00e4nsla av ilska och hoppl\u00f6shet, att man inte f\u00e5tt uppn\u00e5 s\u00e5dant man tycker sig ha r\u00e4tt till, \u00e4r en viktig gemensam n\u00e4mnare bakom fr\u00e4mlingsfientlighet.<\/p>\n<p>Br\u00fceggemann skulle s\u00e4ga att den artikeln handlar om m\u00e4nniskor som k\u00e4nslom\u00e4ssigt \u00e4r i exil. Som f\u00e5tt sin tillvaro, kanske sina livsl\u00f6gner ocks\u00e5, omkullkastad och \u00e4r i ett k\u00e4nslom\u00e4ssigt sv\u00e5rt tillst\u00e5nd. I fr\u00e4mmande land.<\/p>\n<p>F\u00f6rdelen med att applicera s\u00e5na h\u00e4r bibliska m\u00f6nster p\u00e5 v\u00e5ra liv \u00e4r ju att vi ocks\u00e5 f\u00e5r fundera p\u00e5 vad bibeln ger f\u00f6r l\u00f6sningar p\u00e5 problemet.<\/p>\n<p>Utifr\u00e5n allt som jag redan skrivit om exil kan man till exempel konstatera:<\/p>\n<p>&nbsp;<\/p>\n<ul>\n<li>-Det inneb\u00e4r stor sm\u00e4rta att leva i fr\u00e4mmande land. Det kan bli en kris som f\u00e5r oss att v\u00e4nda oss till Gud eller n\u00e5got som f\u00f6rbittrar oss och bryter ner oss.<\/li>\n<li>-Gud har inte \u00f6vergett de som \u00e4r i exil \u00e4ven om det k\u00e4nns s\u00e5. Man f\u00e5r v\u00e4nda sig till honom med sin sm\u00e4rta och sina klagos\u00e5nger.<\/li>\n<li>-Det f\u00f6rlorade \u00e4r b\u00e5de f\u00f6rlorat och inte. Det g\u00e5r inte att backa tillbaka till paradiset men det kan finnas i den framtid Gud bereder.<\/li>\n<li>-Det g\u00e4ller att kl\u00e4nga sig fast vid Guds l\u00f6ften n\u00e4r k\u00e4nslan \u00e4r hoppl\u00f6shet. I det h\u00e4r fallet att vi f\u00e5r g\u00e5 tillsammans med Gud mot en annan framtid f\u00f6r allt ligger trots allt i hans hand. L\u00f6ftet \u00e4r inte att det ska bli som f\u00f6rr utan att han \u00e4r med oss i framtiden ocks\u00e5.<\/li>\n<li>-Kristus har delat din sm\u00e4rta och vet hur du har det, du \u00e4r inte ensam i den.<\/li>\n<li>-Folket i exil f\u00e5r i brev fr\u00e5n Jeremia veta att de ska be f\u00f6r det samh\u00e4lle de hamnat i och verka f\u00f6r dess v\u00e4lg\u00e5ng. Det \u00e4r det som \u00e4r v\u00e4gen fram\u00e5t.<\/li>\n<\/ul>\n<p>&nbsp;<\/p>\n<p>Vad t\u00e4nker du om det h\u00e4r? Skriv en kommentar!<\/p>\n","protected":false},"excerpt":{"rendered":"<p>Jag har skrivit flera bloggposter om exil eller flykt som tema i bibeln. H\u00e4r \u00e4r en tanke som jag tycker h\u00f6r ihop med det. I en av b\u00f6ckerna jag l\u00e4ser (mycket l\u00e5ngsamt m\u00e5ste medges) om exiltanken i bibeln s\u00e5 tar Walter Br\u00fceggemann upp en annan aspekt av livet i exil. Detta att r\u00f6ra sig i [&hellip;]<\/p>\n","protected":false},"author":392,"featured_media":6382,"comment_status":"open","ping_status":"open","sticky":false,"template":"","format":"standard","meta":{"_acf_changed":false,"footnotes":""},"categories":[76189,81125,117,77554],"tags":[],"class_list":["post-6381","post","type-post","status-publish","format-standard","has-post-thumbnail","hentry","category-dagens-kyrka","category-exil","category-teologi","category-vara-manniska"],"acf":[],"yoast_head":"<!-- This site is optimized with the Yoast SEO plugin v27.1.1 - https:\/\/yoast.com\/product\/yoast-seo-wordpress\/ -->\n<title>Bitterhet, ett liv i exil d\u00e4rhemma - Vandra V\u00e4gen<\/title>\n<meta name=\"robots\" content=\"index, follow, max-snippet:-1, max-image-preview:large, max-video-preview:-1\" \/>\n<link rel=\"canonical\" href=\"https:\/\/blogg.svenskakyrkan.se\/vandravagen\/2018\/05\/29\/bitterhet-ett-liv-i-exil-darhemma\/\" \/>\n<meta property=\"og:locale\" content=\"sv_SE\" \/>\n<meta property=\"og:type\" content=\"article\" \/>\n<meta property=\"og:title\" content=\"Bitterhet, ett liv i exil d\u00e4rhemma - Vandra V\u00e4gen\" \/>\n<meta property=\"og:description\" content=\"Jag har skrivit flera bloggposter om exil eller flykt som tema i bibeln. H\u00e4r \u00e4r en tanke som jag tycker h\u00f6r ihop med det. I en av b\u00f6ckerna jag l\u00e4ser (mycket l\u00e5ngsamt m\u00e5ste medges) om exiltanken i bibeln s\u00e5 tar Walter Br\u00fceggemann upp en annan aspekt av livet i exil. Detta att r\u00f6ra sig i [&hellip;]\" \/>\n<meta property=\"og:url\" content=\"https:\/\/blogg.svenskakyrkan.se\/vandravagen\/2018\/05\/29\/bitterhet-ett-liv-i-exil-darhemma\/\" \/>\n<meta property=\"og:site_name\" content=\"Vandra V\u00e4gen\" \/>\n<meta property=\"article:publisher\" content=\"http:\/\/facebook.com\/vandravagen\" \/>\n<meta property=\"article:published_time\" content=\"2018-05-29T05:00:59+00:00\" \/>\n<meta name=\"author\" content=\"Tomas Jarvid\" \/>\n<meta name=\"twitter:card\" content=\"summary_large_image\" \/>\n<meta name=\"twitter:creator\" content=\"@fadertomas\" \/>\n<meta name=\"twitter:site\" content=\"@fadertomas\" \/>\n<meta name=\"twitter:label1\" content=\"Skriven av\" \/>\n\t<meta name=\"twitter:data1\" content=\"Tomas Jarvid\" \/>\n\t<meta name=\"twitter:label2\" content=\"Ber\u00e4knad l\u00e4stid\" \/>\n\t<meta name=\"twitter:data2\" content=\"3 minuter\" \/>\n<script type=\"application\/ld+json\" class=\"yoast-schema-graph\">{\"@context\":\"https:\/\/schema.org\",\"@graph\":[{\"@type\":\"Article\",\"@id\":\"https:\/\/blogg.svenskakyrkan.se\/vandravagen\/2018\/05\/29\/bitterhet-ett-liv-i-exil-darhemma\/#article\",\"isPartOf\":{\"@id\":\"https:\/\/blogg.svenskakyrkan.se\/vandravagen\/2018\/05\/29\/bitterhet-ett-liv-i-exil-darhemma\/\"},\"author\":{\"name\":\"Tomas Jarvid\",\"@id\":\"https:\/\/blogg.svenskakyrkan.se\/vandravagen\/#\/schema\/person\/25da02d4f76b137d04291711e2c9fc16\"},\"headline\":\"Bitterhet, ett liv i exil d\u00e4rhemma\",\"datePublished\":\"2018-05-29T05:00:59+00:00\",\"mainEntityOfPage\":{\"@id\":\"https:\/\/blogg.svenskakyrkan.se\/vandravagen\/2018\/05\/29\/bitterhet-ett-liv-i-exil-darhemma\/\"},\"wordCount\":677,\"commentCount\":3,\"publisher\":{\"@id\":\"https:\/\/blogg.svenskakyrkan.se\/vandravagen\/#organization\"},\"image\":{\"@id\":\"https:\/\/blogg.svenskakyrkan.se\/vandravagen\/2018\/05\/29\/bitterhet-ett-liv-i-exil-darhemma\/#primaryimage\"},\"thumbnailUrl\":\"https:\/\/blogg.svenskakyrkan.se\/vandravagen\/files\/2018\/05\/prof_jeremia_grt.jpg\",\"articleSection\":[\"Dagens Kyrka\",\"exil\",\"Teologi\",\"vara m\u00e4nniska\"],\"inLanguage\":\"sv-SE\",\"potentialAction\":[{\"@type\":\"CommentAction\",\"name\":\"Comment\",\"target\":[\"https:\/\/blogg.svenskakyrkan.se\/vandravagen\/2018\/05\/29\/bitterhet-ett-liv-i-exil-darhemma\/#respond\"]}]},{\"@type\":\"WebPage\",\"@id\":\"https:\/\/blogg.svenskakyrkan.se\/vandravagen\/2018\/05\/29\/bitterhet-ett-liv-i-exil-darhemma\/\",\"url\":\"https:\/\/blogg.svenskakyrkan.se\/vandravagen\/2018\/05\/29\/bitterhet-ett-liv-i-exil-darhemma\/\",\"name\":\"Bitterhet, ett liv i exil d\u00e4rhemma - Vandra V\u00e4gen\",\"isPartOf\":{\"@id\":\"https:\/\/blogg.svenskakyrkan.se\/vandravagen\/#website\"},\"primaryImageOfPage\":{\"@id\":\"https:\/\/blogg.svenskakyrkan.se\/vandravagen\/2018\/05\/29\/bitterhet-ett-liv-i-exil-darhemma\/#primaryimage\"},\"image\":{\"@id\":\"https:\/\/blogg.svenskakyrkan.se\/vandravagen\/2018\/05\/29\/bitterhet-ett-liv-i-exil-darhemma\/#primaryimage\"},\"thumbnailUrl\":\"https:\/\/blogg.svenskakyrkan.se\/vandravagen\/files\/2018\/05\/prof_jeremia_grt.jpg\",\"datePublished\":\"2018-05-29T05:00:59+00:00\",\"breadcrumb\":{\"@id\":\"https:\/\/blogg.svenskakyrkan.se\/vandravagen\/2018\/05\/29\/bitterhet-ett-liv-i-exil-darhemma\/#breadcrumb\"},\"inLanguage\":\"sv-SE\",\"potentialAction\":[{\"@type\":\"ReadAction\",\"target\":[\"https:\/\/blogg.svenskakyrkan.se\/vandravagen\/2018\/05\/29\/bitterhet-ett-liv-i-exil-darhemma\/\"]}]},{\"@type\":\"ImageObject\",\"inLanguage\":\"sv-SE\",\"@id\":\"https:\/\/blogg.svenskakyrkan.se\/vandravagen\/2018\/05\/29\/bitterhet-ett-liv-i-exil-darhemma\/#primaryimage\",\"url\":\"https:\/\/blogg.svenskakyrkan.se\/vandravagen\/files\/2018\/05\/prof_jeremia_grt.jpg\",\"contentUrl\":\"https:\/\/blogg.svenskakyrkan.se\/vandravagen\/files\/2018\/05\/prof_jeremia_grt.jpg\",\"width\":418,\"height\":550,\"caption\":\"Jeremia s\u00f6rjer \u00f6ver att den v\u00e4rld han \u00e4lskar \u00e4r f\u00f6rlorad, man han skriver till folket och s\u00e4ger \u00e5t dem att verka f\u00f6r babylons v\u00e4lg\u00e5ng.\"},{\"@type\":\"BreadcrumbList\",\"@id\":\"https:\/\/blogg.svenskakyrkan.se\/vandravagen\/2018\/05\/29\/bitterhet-ett-liv-i-exil-darhemma\/#breadcrumb\",\"itemListElement\":[{\"@type\":\"ListItem\",\"position\":1,\"name\":\"Hem\",\"item\":\"https:\/\/blogg.svenskakyrkan.se\/vandravagen\/\"},{\"@type\":\"ListItem\",\"position\":2,\"name\":\"Bitterhet, ett liv i exil d\u00e4rhemma\"}]},{\"@type\":\"WebSite\",\"@id\":\"https:\/\/blogg.svenskakyrkan.se\/vandravagen\/#website\",\"url\":\"https:\/\/blogg.svenskakyrkan.se\/vandravagen\/\",\"name\":\"Vandra V\u00e4gen\",\"description\":\"-Mot en tro f\u00f6r hela livet\",\"publisher\":{\"@id\":\"https:\/\/blogg.svenskakyrkan.se\/vandravagen\/#organization\"},\"potentialAction\":[{\"@type\":\"SearchAction\",\"target\":{\"@type\":\"EntryPoint\",\"urlTemplate\":\"https:\/\/blogg.svenskakyrkan.se\/vandravagen\/?s={search_term_string}\"},\"query-input\":{\"@type\":\"PropertyValueSpecification\",\"valueRequired\":true,\"valueName\":\"search_term_string\"}}],\"inLanguage\":\"sv-SE\"},{\"@type\":\"Organization\",\"@id\":\"https:\/\/blogg.svenskakyrkan.se\/vandravagen\/#organization\",\"name\":\"ulricehamns pastorat\",\"alternateName\":\"ulricehamns pastorat\",\"url\":\"https:\/\/blogg.svenskakyrkan.se\/vandravagen\/\",\"logo\":{\"@type\":\"ImageObject\",\"inLanguage\":\"sv-SE\",\"@id\":\"https:\/\/blogg.svenskakyrkan.se\/vandravagen\/#\/schema\/logo\/image\/\",\"url\":\"https:\/\/blogg.svenskakyrkan.se\/vandravagen\/files\/2023\/05\/Ulr_logo_RGB.png\",\"contentUrl\":\"https:\/\/blogg.svenskakyrkan.se\/vandravagen\/files\/2023\/05\/Ulr_logo_RGB.png\",\"width\":205,\"height\":77,\"caption\":\"ulricehamns pastorat\"},\"image\":{\"@id\":\"https:\/\/blogg.svenskakyrkan.se\/vandravagen\/#\/schema\/logo\/image\/\"},\"sameAs\":[\"http:\/\/facebook.com\/vandravagen\",\"https:\/\/x.com\/fadertomas\",\"http:\/\/www.facebook.com\/svenskakyrkaniulricehamn\"]},{\"@type\":\"Person\",\"@id\":\"https:\/\/blogg.svenskakyrkan.se\/vandravagen\/#\/schema\/person\/25da02d4f76b137d04291711e2c9fc16\",\"name\":\"Tomas Jarvid\",\"image\":{\"@type\":\"ImageObject\",\"inLanguage\":\"sv-SE\",\"@id\":\"https:\/\/blogg.svenskakyrkan.se\/vandravagen\/#\/schema\/person\/image\/\",\"url\":\"https:\/\/secure.gravatar.com\/avatar\/7fa71899795e8f540f615a1f5ab25255dc27aa40f05ee7ddd21aac521e01bf50?s=96&d=identicon&r=g\",\"contentUrl\":\"https:\/\/secure.gravatar.com\/avatar\/7fa71899795e8f540f615a1f5ab25255dc27aa40f05ee7ddd21aac521e01bf50?s=96&d=identicon&r=g\",\"caption\":\"Tomas Jarvid\"},\"description\":\"Jag bor i Ulricehamn i V\u00e4sterg\u00f6tland och \u00e4r f\u00f6rsamlingspr\u00e4st i Svenska Kyrkan f\u00f6r Dalstorps f\u00f6rsamling i Kinds pastorat. P\u00e5 den h\u00e4r bloggen skriver jag ner tankar om vandringen som kristen.\",\"sameAs\":[\"http:\/\/www.vandravagen.se\"],\"url\":\"https:\/\/blogg.svenskakyrkan.se\/vandravagen\/author\/vandravagen\/\"}]}<\/script>\n<!-- \/ Yoast SEO plugin. -->","yoast_head_json":{"title":"Bitterhet, ett liv i exil d\u00e4rhemma - Vandra V\u00e4gen","robots":{"index":"index","follow":"follow","max-snippet":"max-snippet:-1","max-image-preview":"max-image-preview:large","max-video-preview":"max-video-preview:-1"},"canonical":"https:\/\/blogg.svenskakyrkan.se\/vandravagen\/2018\/05\/29\/bitterhet-ett-liv-i-exil-darhemma\/","og_locale":"sv_SE","og_type":"article","og_title":"Bitterhet, ett liv i exil d\u00e4rhemma - Vandra V\u00e4gen","og_description":"Jag har skrivit flera bloggposter om exil eller flykt som tema i bibeln. H\u00e4r \u00e4r en tanke som jag tycker h\u00f6r ihop med det. I en av b\u00f6ckerna jag l\u00e4ser (mycket l\u00e5ngsamt m\u00e5ste medges) om exiltanken i bibeln s\u00e5 tar Walter Br\u00fceggemann upp en annan aspekt av livet i exil. Detta att r\u00f6ra sig i [&hellip;]","og_url":"https:\/\/blogg.svenskakyrkan.se\/vandravagen\/2018\/05\/29\/bitterhet-ett-liv-i-exil-darhemma\/","og_site_name":"Vandra V\u00e4gen","article_publisher":"http:\/\/facebook.com\/vandravagen","article_published_time":"2018-05-29T05:00:59+00:00","author":"Tomas Jarvid","twitter_card":"summary_large_image","twitter_creator":"@fadertomas","twitter_site":"@fadertomas","twitter_misc":{"Skriven av":"Tomas Jarvid","Ber\u00e4knad l\u00e4stid":"3 minuter"},"schema":{"@context":"https:\/\/schema.org","@graph":[{"@type":"Article","@id":"https:\/\/blogg.svenskakyrkan.se\/vandravagen\/2018\/05\/29\/bitterhet-ett-liv-i-exil-darhemma\/#article","isPartOf":{"@id":"https:\/\/blogg.svenskakyrkan.se\/vandravagen\/2018\/05\/29\/bitterhet-ett-liv-i-exil-darhemma\/"},"author":{"name":"Tomas Jarvid","@id":"https:\/\/blogg.svenskakyrkan.se\/vandravagen\/#\/schema\/person\/25da02d4f76b137d04291711e2c9fc16"},"headline":"Bitterhet, ett liv i exil d\u00e4rhemma","datePublished":"2018-05-29T05:00:59+00:00","mainEntityOfPage":{"@id":"https:\/\/blogg.svenskakyrkan.se\/vandravagen\/2018\/05\/29\/bitterhet-ett-liv-i-exil-darhemma\/"},"wordCount":677,"commentCount":3,"publisher":{"@id":"https:\/\/blogg.svenskakyrkan.se\/vandravagen\/#organization"},"image":{"@id":"https:\/\/blogg.svenskakyrkan.se\/vandravagen\/2018\/05\/29\/bitterhet-ett-liv-i-exil-darhemma\/#primaryimage"},"thumbnailUrl":"https:\/\/blogg.svenskakyrkan.se\/vandravagen\/files\/2018\/05\/prof_jeremia_grt.jpg","articleSection":["Dagens Kyrka","exil","Teologi","vara m\u00e4nniska"],"inLanguage":"sv-SE","potentialAction":[{"@type":"CommentAction","name":"Comment","target":["https:\/\/blogg.svenskakyrkan.se\/vandravagen\/2018\/05\/29\/bitterhet-ett-liv-i-exil-darhemma\/#respond"]}]},{"@type":"WebPage","@id":"https:\/\/blogg.svenskakyrkan.se\/vandravagen\/2018\/05\/29\/bitterhet-ett-liv-i-exil-darhemma\/","url":"https:\/\/blogg.svenskakyrkan.se\/vandravagen\/2018\/05\/29\/bitterhet-ett-liv-i-exil-darhemma\/","name":"Bitterhet, ett liv i exil d\u00e4rhemma - Vandra V\u00e4gen","isPartOf":{"@id":"https:\/\/blogg.svenskakyrkan.se\/vandravagen\/#website"},"primaryImageOfPage":{"@id":"https:\/\/blogg.svenskakyrkan.se\/vandravagen\/2018\/05\/29\/bitterhet-ett-liv-i-exil-darhemma\/#primaryimage"},"image":{"@id":"https:\/\/blogg.svenskakyrkan.se\/vandravagen\/2018\/05\/29\/bitterhet-ett-liv-i-exil-darhemma\/#primaryimage"},"thumbnailUrl":"https:\/\/blogg.svenskakyrkan.se\/vandravagen\/files\/2018\/05\/prof_jeremia_grt.jpg","datePublished":"2018-05-29T05:00:59+00:00","breadcrumb":{"@id":"https:\/\/blogg.svenskakyrkan.se\/vandravagen\/2018\/05\/29\/bitterhet-ett-liv-i-exil-darhemma\/#breadcrumb"},"inLanguage":"sv-SE","potentialAction":[{"@type":"ReadAction","target":["https:\/\/blogg.svenskakyrkan.se\/vandravagen\/2018\/05\/29\/bitterhet-ett-liv-i-exil-darhemma\/"]}]},{"@type":"ImageObject","inLanguage":"sv-SE","@id":"https:\/\/blogg.svenskakyrkan.se\/vandravagen\/2018\/05\/29\/bitterhet-ett-liv-i-exil-darhemma\/#primaryimage","url":"https:\/\/blogg.svenskakyrkan.se\/vandravagen\/files\/2018\/05\/prof_jeremia_grt.jpg","contentUrl":"https:\/\/blogg.svenskakyrkan.se\/vandravagen\/files\/2018\/05\/prof_jeremia_grt.jpg","width":418,"height":550,"caption":"Jeremia s\u00f6rjer \u00f6ver att den v\u00e4rld han \u00e4lskar \u00e4r f\u00f6rlorad, man han skriver till folket och s\u00e4ger \u00e5t dem att verka f\u00f6r babylons v\u00e4lg\u00e5ng."},{"@type":"BreadcrumbList","@id":"https:\/\/blogg.svenskakyrkan.se\/vandravagen\/2018\/05\/29\/bitterhet-ett-liv-i-exil-darhemma\/#breadcrumb","itemListElement":[{"@type":"ListItem","position":1,"name":"Hem","item":"https:\/\/blogg.svenskakyrkan.se\/vandravagen\/"},{"@type":"ListItem","position":2,"name":"Bitterhet, ett liv i exil d\u00e4rhemma"}]},{"@type":"WebSite","@id":"https:\/\/blogg.svenskakyrkan.se\/vandravagen\/#website","url":"https:\/\/blogg.svenskakyrkan.se\/vandravagen\/","name":"Vandra V\u00e4gen","description":"-Mot en tro f\u00f6r hela livet","publisher":{"@id":"https:\/\/blogg.svenskakyrkan.se\/vandravagen\/#organization"},"potentialAction":[{"@type":"SearchAction","target":{"@type":"EntryPoint","urlTemplate":"https:\/\/blogg.svenskakyrkan.se\/vandravagen\/?s={search_term_string}"},"query-input":{"@type":"PropertyValueSpecification","valueRequired":true,"valueName":"search_term_string"}}],"inLanguage":"sv-SE"},{"@type":"Organization","@id":"https:\/\/blogg.svenskakyrkan.se\/vandravagen\/#organization","name":"ulricehamns pastorat","alternateName":"ulricehamns pastorat","url":"https:\/\/blogg.svenskakyrkan.se\/vandravagen\/","logo":{"@type":"ImageObject","inLanguage":"sv-SE","@id":"https:\/\/blogg.svenskakyrkan.se\/vandravagen\/#\/schema\/logo\/image\/","url":"https:\/\/blogg.svenskakyrkan.se\/vandravagen\/files\/2023\/05\/Ulr_logo_RGB.png","contentUrl":"https:\/\/blogg.svenskakyrkan.se\/vandravagen\/files\/2023\/05\/Ulr_logo_RGB.png","width":205,"height":77,"caption":"ulricehamns pastorat"},"image":{"@id":"https:\/\/blogg.svenskakyrkan.se\/vandravagen\/#\/schema\/logo\/image\/"},"sameAs":["http:\/\/facebook.com\/vandravagen","https:\/\/x.com\/fadertomas","http:\/\/www.facebook.com\/svenskakyrkaniulricehamn"]},{"@type":"Person","@id":"https:\/\/blogg.svenskakyrkan.se\/vandravagen\/#\/schema\/person\/25da02d4f76b137d04291711e2c9fc16","name":"Tomas Jarvid","image":{"@type":"ImageObject","inLanguage":"sv-SE","@id":"https:\/\/blogg.svenskakyrkan.se\/vandravagen\/#\/schema\/person\/image\/","url":"https:\/\/secure.gravatar.com\/avatar\/7fa71899795e8f540f615a1f5ab25255dc27aa40f05ee7ddd21aac521e01bf50?s=96&d=identicon&r=g","contentUrl":"https:\/\/secure.gravatar.com\/avatar\/7fa71899795e8f540f615a1f5ab25255dc27aa40f05ee7ddd21aac521e01bf50?s=96&d=identicon&r=g","caption":"Tomas Jarvid"},"description":"Jag bor i Ulricehamn i V\u00e4sterg\u00f6tland och \u00e4r f\u00f6rsamlingspr\u00e4st i Svenska Kyrkan f\u00f6r Dalstorps f\u00f6rsamling i Kinds pastorat. P\u00e5 den h\u00e4r bloggen skriver jag ner tankar om vandringen som kristen.","sameAs":["http:\/\/www.vandravagen.se"],"url":"https:\/\/blogg.svenskakyrkan.se\/vandravagen\/author\/vandravagen\/"}]}},"author_meta":{"ID":"392","user_nicename":"vandravagen","user_url":"http:\/\/www.vandravagen.se","user_registered":"2014-05-19 05:44:52","display_name":"Tomas Jarvid","first_name":"Tomas","last_name":"Jarvid","avatar":"https:\/\/secure.gravatar.com\/avatar\/7fa71899795e8f540f615a1f5ab25255dc27aa40f05ee7ddd21aac521e01bf50?s=96&d=identicon&r=g"},"featured_image":["https:\/\/blogg.svenskakyrkan.se\/vandravagen\/files\/2018\/05\/prof_jeremia_grt.jpg",418,550,false],"bloginfo":{"name":"Vandra V\u00e4gen","url":"https:\/\/blogg.svenskakyrkan.se\/vandravagen"},"_links":{"self":[{"href":"https:\/\/blogg.svenskakyrkan.se\/vandravagen\/wp-json\/wp\/v2\/posts\/6381","targetHints":{"allow":["GET"]}}],"collection":[{"href":"https:\/\/blogg.svenskakyrkan.se\/vandravagen\/wp-json\/wp\/v2\/posts"}],"about":[{"href":"https:\/\/blogg.svenskakyrkan.se\/vandravagen\/wp-json\/wp\/v2\/types\/post"}],"author":[{"embeddable":true,"href":"https:\/\/blogg.svenskakyrkan.se\/vandravagen\/wp-json\/wp\/v2\/users\/392"}],"replies":[{"embeddable":true,"href":"https:\/\/blogg.svenskakyrkan.se\/vandravagen\/wp-json\/wp\/v2\/comments?post=6381"}],"version-history":[{"count":1,"href":"https:\/\/blogg.svenskakyrkan.se\/vandravagen\/wp-json\/wp\/v2\/posts\/6381\/revisions"}],"predecessor-version":[{"id":6383,"href":"https:\/\/blogg.svenskakyrkan.se\/vandravagen\/wp-json\/wp\/v2\/posts\/6381\/revisions\/6383"}],"wp:featuredmedia":[{"embeddable":true,"href":"https:\/\/blogg.svenskakyrkan.se\/vandravagen\/wp-json\/wp\/v2\/media\/6382"}],"wp:attachment":[{"href":"https:\/\/blogg.svenskakyrkan.se\/vandravagen\/wp-json\/wp\/v2\/media?parent=6381"}],"wp:term":[{"taxonomy":"category","embeddable":true,"href":"https:\/\/blogg.svenskakyrkan.se\/vandravagen\/wp-json\/wp\/v2\/categories?post=6381"},{"taxonomy":"post_tag","embeddable":true,"href":"https:\/\/blogg.svenskakyrkan.se\/vandravagen\/wp-json\/wp\/v2\/tags?post=6381"}],"curies":[{"name":"wp","href":"https:\/\/api.w.org\/{rel}","templated":true}]}}