{"id":6384,"date":"2018-05-23T07:00:54","date_gmt":"2018-05-23T05:00:54","guid":{"rendered":"http:\/\/blogg.svenskakyrkan.se\/vandravagen\/?p=6384"},"modified":"2018-05-22T22:23:09","modified_gmt":"2018-05-22T20:23:09","slug":"andlig-ovning-las-en-barnbok-om-naturen","status":"publish","type":"post","link":"https:\/\/blogg.svenskakyrkan.se\/vandravagen\/2018\/05\/23\/andlig-ovning-las-en-barnbok-om-naturen\/","title":{"rendered":"Andlig \u00f6vning: l\u00e4s en barnbok om naturen"},"content":{"rendered":"<p>Jag har den senaste tiden haft v\u00e4ldigt stor beh\u00e5llning av att l\u00e4sa naturb\u00f6cker fr\u00e5n bibliotekets barnavdelning. D\u00e4r finns det n\u00e5got som faktiskt gr\u00e4nsar fint mot ett teologiskt s\u00e4tt att n\u00e4rma sig naturen.<\/p>\n<p>Den som skriver b\u00f6cker f\u00f6r barn om naturen vill f\u00f6rst\u00e5s v\u00e4cka f\u00f6rundran och intresse p\u00e5 ett l\u00e4ttillg\u00e4ngligt s\u00e4tt. Det \u00e4r ju ocks\u00e5 ett l\u00e4mpligt utg\u00e5ngsl\u00e4ge f\u00f6r den kristne som unders\u00f6ker Guds skapelse.<\/p>\n<p>S\u00e5 nu har jag l\u00e4st om tr\u00e4dknoppar i v\u00e4ntan p\u00e5 l\u00f6vsprickningen (och g\u00e5tt runt och letat efter dem i skogsbacken utanf\u00f6r f\u00f6rst\u00e5s, ett roligt steg vidare mot att k\u00e4nna igen alla tr\u00e4d \u00e5ret runt), jag har l\u00e4st om v\u00e4lk\u00e4nda blommor och f\u00e5tt veta h\u00e4pnadsv\u00e4ckande saker (som att midsommarblomstret skjuter iv\u00e4g sina fr\u00f6n med katapult eller att tall\u00f6rten saknar klorofyll utan &#8221;l\u00e5nar&#8221; det av tallen VIA EN SVAMP). L\u00e4rt mig mer om Guckuskon (som jag ju bloggat om: <a href=\"https:\/\/blogg.svenskakyrkan.se\/vandravagen\/2014\/06\/02\/guckusko-djavulens-toffel\/\">DJ\u00c4VULENS TOFFEL<\/a>) och Kabbelekan, tagit del av den helt otroliga uppgiften att en vanlig bl\u00e5sippa kan bli m\u00e5nga hundra \u00e5r gammal och s\u00e5 vidare och s\u00e5 vidare.<\/p>\n<p>F\u00f6rundran och k\u00e4rlek till naturen \u00e4r viktig som p\u00e5minnelse om att den faktiskt \u00e4r v\u00e5rt hem, och f\u00f6rmodligen av avg\u00f6rande betydelse f\u00f6r hur vi ska lyckas ta hand om den i framtiden.<\/p>\n<p>S\u00e5 g\u00f6r som jag, se det som en andlig \u00f6vning att l\u00e5na hem n\u00e5gra enkla men fantastiska naturb\u00f6cker och se med nya \u00f6gon p\u00e5 blommorna omkring dig!<\/p>\n","protected":false},"excerpt":{"rendered":"<p>Jag har den senaste tiden haft v\u00e4ldigt stor beh\u00e5llning av att l\u00e4sa naturb\u00f6cker fr\u00e5n bibliotekets barnavdelning. D\u00e4r finns det n\u00e5got som faktiskt gr\u00e4nsar fint mot ett teologiskt s\u00e4tt att n\u00e4rma sig naturen. Den som skriver b\u00f6cker f\u00f6r barn om naturen vill f\u00f6rst\u00e5s v\u00e4cka f\u00f6rundran och intresse p\u00e5 ett l\u00e4ttillg\u00e4ngligt s\u00e4tt. Det \u00e4r ju ocks\u00e5 ett [&hellip;]<\/p>\n","protected":false},"author":392,"featured_media":6392,"comment_status":"open","ping_status":"open","sticky":false,"template":"","format":"standard","meta":{"_acf_changed":false,"footnotes":""},"categories":[76369,76189,80734,81117],"tags":[],"class_list":["post-6384","post","type-post","status-publish","format-standard","has-post-thumbnail","hentry","category-andlig-ovning","category-dagens-kyrka","category-helande","category-skapelseteologi"],"acf":[],"yoast_head":"<!-- This site is optimized with the Yoast SEO plugin v27.1.1 - https:\/\/yoast.com\/product\/yoast-seo-wordpress\/ -->\n<title>Andlig \u00f6vning: l\u00e4s en barnbok om naturen - Vandra V\u00e4gen<\/title>\n<meta name=\"robots\" content=\"index, follow, max-snippet:-1, max-image-preview:large, max-video-preview:-1\" \/>\n<link rel=\"canonical\" href=\"https:\/\/blogg.svenskakyrkan.se\/vandravagen\/2018\/05\/23\/andlig-ovning-las-en-barnbok-om-naturen\/\" \/>\n<meta property=\"og:locale\" content=\"sv_SE\" \/>\n<meta property=\"og:type\" content=\"article\" \/>\n<meta property=\"og:title\" content=\"Andlig \u00f6vning: l\u00e4s en barnbok om naturen - Vandra V\u00e4gen\" \/>\n<meta property=\"og:description\" content=\"Jag har den senaste tiden haft v\u00e4ldigt stor beh\u00e5llning av att l\u00e4sa naturb\u00f6cker fr\u00e5n bibliotekets barnavdelning. D\u00e4r finns det n\u00e5got som faktiskt gr\u00e4nsar fint mot ett teologiskt s\u00e4tt att n\u00e4rma sig naturen. Den som skriver b\u00f6cker f\u00f6r barn om naturen vill f\u00f6rst\u00e5s v\u00e4cka f\u00f6rundran och intresse p\u00e5 ett l\u00e4ttillg\u00e4ngligt s\u00e4tt. Det \u00e4r ju ocks\u00e5 ett [&hellip;]\" \/>\n<meta property=\"og:url\" content=\"https:\/\/blogg.svenskakyrkan.se\/vandravagen\/2018\/05\/23\/andlig-ovning-las-en-barnbok-om-naturen\/\" \/>\n<meta property=\"og:site_name\" content=\"Vandra V\u00e4gen\" \/>\n<meta property=\"article:publisher\" content=\"http:\/\/facebook.com\/vandravagen\" \/>\n<meta property=\"article:published_time\" content=\"2018-05-23T05:00:54+00:00\" \/>\n<meta name=\"author\" content=\"Tomas Jarvid\" \/>\n<meta name=\"twitter:card\" content=\"summary_large_image\" \/>\n<meta name=\"twitter:creator\" content=\"@fadertomas\" \/>\n<meta name=\"twitter:site\" content=\"@fadertomas\" \/>\n<meta name=\"twitter:label1\" content=\"Skriven av\" \/>\n\t<meta name=\"twitter:data1\" content=\"Tomas Jarvid\" \/>\n\t<meta name=\"twitter:label2\" content=\"Ber\u00e4knad l\u00e4stid\" \/>\n\t<meta name=\"twitter:data2\" content=\"1 minut\" \/>\n<script type=\"application\/ld+json\" class=\"yoast-schema-graph\">{\"@context\":\"https:\/\/schema.org\",\"@graph\":[{\"@type\":\"Article\",\"@id\":\"https:\/\/blogg.svenskakyrkan.se\/vandravagen\/2018\/05\/23\/andlig-ovning-las-en-barnbok-om-naturen\/#article\",\"isPartOf\":{\"@id\":\"https:\/\/blogg.svenskakyrkan.se\/vandravagen\/2018\/05\/23\/andlig-ovning-las-en-barnbok-om-naturen\/\"},\"author\":{\"name\":\"Tomas Jarvid\",\"@id\":\"https:\/\/blogg.svenskakyrkan.se\/vandravagen\/#\/schema\/person\/25da02d4f76b137d04291711e2c9fc16\"},\"headline\":\"Andlig \u00f6vning: l\u00e4s en barnbok om naturen\",\"datePublished\":\"2018-05-23T05:00:54+00:00\",\"mainEntityOfPage\":{\"@id\":\"https:\/\/blogg.svenskakyrkan.se\/vandravagen\/2018\/05\/23\/andlig-ovning-las-en-barnbok-om-naturen\/\"},\"wordCount\":294,\"commentCount\":2,\"publisher\":{\"@id\":\"https:\/\/blogg.svenskakyrkan.se\/vandravagen\/#organization\"},\"image\":{\"@id\":\"https:\/\/blogg.svenskakyrkan.se\/vandravagen\/2018\/05\/23\/andlig-ovning-las-en-barnbok-om-naturen\/#primaryimage\"},\"thumbnailUrl\":\"https:\/\/blogg.svenskakyrkan.se\/vandravagen\/files\/2018\/05\/IMG_4969.jpg\",\"articleSection\":[\"andlig \u00f6vning\",\"Dagens Kyrka\",\"helande\",\"skapelseteologi\"],\"inLanguage\":\"sv-SE\",\"potentialAction\":[{\"@type\":\"CommentAction\",\"name\":\"Comment\",\"target\":[\"https:\/\/blogg.svenskakyrkan.se\/vandravagen\/2018\/05\/23\/andlig-ovning-las-en-barnbok-om-naturen\/#respond\"]}]},{\"@type\":\"WebPage\",\"@id\":\"https:\/\/blogg.svenskakyrkan.se\/vandravagen\/2018\/05\/23\/andlig-ovning-las-en-barnbok-om-naturen\/\",\"url\":\"https:\/\/blogg.svenskakyrkan.se\/vandravagen\/2018\/05\/23\/andlig-ovning-las-en-barnbok-om-naturen\/\",\"name\":\"Andlig \u00f6vning: l\u00e4s en barnbok om naturen - Vandra V\u00e4gen\",\"isPartOf\":{\"@id\":\"https:\/\/blogg.svenskakyrkan.se\/vandravagen\/#website\"},\"primaryImageOfPage\":{\"@id\":\"https:\/\/blogg.svenskakyrkan.se\/vandravagen\/2018\/05\/23\/andlig-ovning-las-en-barnbok-om-naturen\/#primaryimage\"},\"image\":{\"@id\":\"https:\/\/blogg.svenskakyrkan.se\/vandravagen\/2018\/05\/23\/andlig-ovning-las-en-barnbok-om-naturen\/#primaryimage\"},\"thumbnailUrl\":\"https:\/\/blogg.svenskakyrkan.se\/vandravagen\/files\/2018\/05\/IMG_4969.jpg\",\"datePublished\":\"2018-05-23T05:00:54+00:00\",\"breadcrumb\":{\"@id\":\"https:\/\/blogg.svenskakyrkan.se\/vandravagen\/2018\/05\/23\/andlig-ovning-las-en-barnbok-om-naturen\/#breadcrumb\"},\"inLanguage\":\"sv-SE\",\"potentialAction\":[{\"@type\":\"ReadAction\",\"target\":[\"https:\/\/blogg.svenskakyrkan.se\/vandravagen\/2018\/05\/23\/andlig-ovning-las-en-barnbok-om-naturen\/\"]}]},{\"@type\":\"ImageObject\",\"inLanguage\":\"sv-SE\",\"@id\":\"https:\/\/blogg.svenskakyrkan.se\/vandravagen\/2018\/05\/23\/andlig-ovning-las-en-barnbok-om-naturen\/#primaryimage\",\"url\":\"https:\/\/blogg.svenskakyrkan.se\/vandravagen\/files\/2018\/05\/IMG_4969.jpg\",\"contentUrl\":\"https:\/\/blogg.svenskakyrkan.se\/vandravagen\/files\/2018\/05\/IMG_4969.jpg\",\"width\":2016,\"height\":1512,\"caption\":\"Fina b\u00f6cker om naturen. Bra f\u00f6r sj\u00e4len.\"},{\"@type\":\"BreadcrumbList\",\"@id\":\"https:\/\/blogg.svenskakyrkan.se\/vandravagen\/2018\/05\/23\/andlig-ovning-las-en-barnbok-om-naturen\/#breadcrumb\",\"itemListElement\":[{\"@type\":\"ListItem\",\"position\":1,\"name\":\"Hem\",\"item\":\"https:\/\/blogg.svenskakyrkan.se\/vandravagen\/\"},{\"@type\":\"ListItem\",\"position\":2,\"name\":\"Andlig \u00f6vning: l\u00e4s en barnbok om naturen\"}]},{\"@type\":\"WebSite\",\"@id\":\"https:\/\/blogg.svenskakyrkan.se\/vandravagen\/#website\",\"url\":\"https:\/\/blogg.svenskakyrkan.se\/vandravagen\/\",\"name\":\"Vandra V\u00e4gen\",\"description\":\"-Mot en tro f\u00f6r hela livet\",\"publisher\":{\"@id\":\"https:\/\/blogg.svenskakyrkan.se\/vandravagen\/#organization\"},\"potentialAction\":[{\"@type\":\"SearchAction\",\"target\":{\"@type\":\"EntryPoint\",\"urlTemplate\":\"https:\/\/blogg.svenskakyrkan.se\/vandravagen\/?s={search_term_string}\"},\"query-input\":{\"@type\":\"PropertyValueSpecification\",\"valueRequired\":true,\"valueName\":\"search_term_string\"}}],\"inLanguage\":\"sv-SE\"},{\"@type\":\"Organization\",\"@id\":\"https:\/\/blogg.svenskakyrkan.se\/vandravagen\/#organization\",\"name\":\"ulricehamns pastorat\",\"alternateName\":\"ulricehamns pastorat\",\"url\":\"https:\/\/blogg.svenskakyrkan.se\/vandravagen\/\",\"logo\":{\"@type\":\"ImageObject\",\"inLanguage\":\"sv-SE\",\"@id\":\"https:\/\/blogg.svenskakyrkan.se\/vandravagen\/#\/schema\/logo\/image\/\",\"url\":\"https:\/\/blogg.svenskakyrkan.se\/vandravagen\/files\/2023\/05\/Ulr_logo_RGB.png\",\"contentUrl\":\"https:\/\/blogg.svenskakyrkan.se\/vandravagen\/files\/2023\/05\/Ulr_logo_RGB.png\",\"width\":205,\"height\":77,\"caption\":\"ulricehamns pastorat\"},\"image\":{\"@id\":\"https:\/\/blogg.svenskakyrkan.se\/vandravagen\/#\/schema\/logo\/image\/\"},\"sameAs\":[\"http:\/\/facebook.com\/vandravagen\",\"https:\/\/x.com\/fadertomas\",\"http:\/\/www.facebook.com\/svenskakyrkaniulricehamn\"]},{\"@type\":\"Person\",\"@id\":\"https:\/\/blogg.svenskakyrkan.se\/vandravagen\/#\/schema\/person\/25da02d4f76b137d04291711e2c9fc16\",\"name\":\"Tomas Jarvid\",\"image\":{\"@type\":\"ImageObject\",\"inLanguage\":\"sv-SE\",\"@id\":\"https:\/\/blogg.svenskakyrkan.se\/vandravagen\/#\/schema\/person\/image\/\",\"url\":\"https:\/\/secure.gravatar.com\/avatar\/7fa71899795e8f540f615a1f5ab25255dc27aa40f05ee7ddd21aac521e01bf50?s=96&d=identicon&r=g\",\"contentUrl\":\"https:\/\/secure.gravatar.com\/avatar\/7fa71899795e8f540f615a1f5ab25255dc27aa40f05ee7ddd21aac521e01bf50?s=96&d=identicon&r=g\",\"caption\":\"Tomas Jarvid\"},\"description\":\"Jag bor i Ulricehamn i V\u00e4sterg\u00f6tland och \u00e4r f\u00f6rsamlingspr\u00e4st i Svenska Kyrkan f\u00f6r Dalstorps f\u00f6rsamling i Kinds pastorat. P\u00e5 den h\u00e4r bloggen skriver jag ner tankar om vandringen som kristen.\",\"sameAs\":[\"http:\/\/www.vandravagen.se\"],\"url\":\"https:\/\/blogg.svenskakyrkan.se\/vandravagen\/author\/vandravagen\/\"}]}<\/script>\n<!-- \/ Yoast SEO plugin. -->","yoast_head_json":{"title":"Andlig \u00f6vning: l\u00e4s en barnbok om naturen - Vandra V\u00e4gen","robots":{"index":"index","follow":"follow","max-snippet":"max-snippet:-1","max-image-preview":"max-image-preview:large","max-video-preview":"max-video-preview:-1"},"canonical":"https:\/\/blogg.svenskakyrkan.se\/vandravagen\/2018\/05\/23\/andlig-ovning-las-en-barnbok-om-naturen\/","og_locale":"sv_SE","og_type":"article","og_title":"Andlig \u00f6vning: l\u00e4s en barnbok om naturen - Vandra V\u00e4gen","og_description":"Jag har den senaste tiden haft v\u00e4ldigt stor beh\u00e5llning av att l\u00e4sa naturb\u00f6cker fr\u00e5n bibliotekets barnavdelning. D\u00e4r finns det n\u00e5got som faktiskt gr\u00e4nsar fint mot ett teologiskt s\u00e4tt att n\u00e4rma sig naturen. Den som skriver b\u00f6cker f\u00f6r barn om naturen vill f\u00f6rst\u00e5s v\u00e4cka f\u00f6rundran och intresse p\u00e5 ett l\u00e4ttillg\u00e4ngligt s\u00e4tt. Det \u00e4r ju ocks\u00e5 ett [&hellip;]","og_url":"https:\/\/blogg.svenskakyrkan.se\/vandravagen\/2018\/05\/23\/andlig-ovning-las-en-barnbok-om-naturen\/","og_site_name":"Vandra V\u00e4gen","article_publisher":"http:\/\/facebook.com\/vandravagen","article_published_time":"2018-05-23T05:00:54+00:00","author":"Tomas Jarvid","twitter_card":"summary_large_image","twitter_creator":"@fadertomas","twitter_site":"@fadertomas","twitter_misc":{"Skriven av":"Tomas Jarvid","Ber\u00e4knad l\u00e4stid":"1 minut"},"schema":{"@context":"https:\/\/schema.org","@graph":[{"@type":"Article","@id":"https:\/\/blogg.svenskakyrkan.se\/vandravagen\/2018\/05\/23\/andlig-ovning-las-en-barnbok-om-naturen\/#article","isPartOf":{"@id":"https:\/\/blogg.svenskakyrkan.se\/vandravagen\/2018\/05\/23\/andlig-ovning-las-en-barnbok-om-naturen\/"},"author":{"name":"Tomas Jarvid","@id":"https:\/\/blogg.svenskakyrkan.se\/vandravagen\/#\/schema\/person\/25da02d4f76b137d04291711e2c9fc16"},"headline":"Andlig \u00f6vning: l\u00e4s en barnbok om naturen","datePublished":"2018-05-23T05:00:54+00:00","mainEntityOfPage":{"@id":"https:\/\/blogg.svenskakyrkan.se\/vandravagen\/2018\/05\/23\/andlig-ovning-las-en-barnbok-om-naturen\/"},"wordCount":294,"commentCount":2,"publisher":{"@id":"https:\/\/blogg.svenskakyrkan.se\/vandravagen\/#organization"},"image":{"@id":"https:\/\/blogg.svenskakyrkan.se\/vandravagen\/2018\/05\/23\/andlig-ovning-las-en-barnbok-om-naturen\/#primaryimage"},"thumbnailUrl":"https:\/\/blogg.svenskakyrkan.se\/vandravagen\/files\/2018\/05\/IMG_4969.jpg","articleSection":["andlig \u00f6vning","Dagens Kyrka","helande","skapelseteologi"],"inLanguage":"sv-SE","potentialAction":[{"@type":"CommentAction","name":"Comment","target":["https:\/\/blogg.svenskakyrkan.se\/vandravagen\/2018\/05\/23\/andlig-ovning-las-en-barnbok-om-naturen\/#respond"]}]},{"@type":"WebPage","@id":"https:\/\/blogg.svenskakyrkan.se\/vandravagen\/2018\/05\/23\/andlig-ovning-las-en-barnbok-om-naturen\/","url":"https:\/\/blogg.svenskakyrkan.se\/vandravagen\/2018\/05\/23\/andlig-ovning-las-en-barnbok-om-naturen\/","name":"Andlig \u00f6vning: l\u00e4s en barnbok om naturen - Vandra V\u00e4gen","isPartOf":{"@id":"https:\/\/blogg.svenskakyrkan.se\/vandravagen\/#website"},"primaryImageOfPage":{"@id":"https:\/\/blogg.svenskakyrkan.se\/vandravagen\/2018\/05\/23\/andlig-ovning-las-en-barnbok-om-naturen\/#primaryimage"},"image":{"@id":"https:\/\/blogg.svenskakyrkan.se\/vandravagen\/2018\/05\/23\/andlig-ovning-las-en-barnbok-om-naturen\/#primaryimage"},"thumbnailUrl":"https:\/\/blogg.svenskakyrkan.se\/vandravagen\/files\/2018\/05\/IMG_4969.jpg","datePublished":"2018-05-23T05:00:54+00:00","breadcrumb":{"@id":"https:\/\/blogg.svenskakyrkan.se\/vandravagen\/2018\/05\/23\/andlig-ovning-las-en-barnbok-om-naturen\/#breadcrumb"},"inLanguage":"sv-SE","potentialAction":[{"@type":"ReadAction","target":["https:\/\/blogg.svenskakyrkan.se\/vandravagen\/2018\/05\/23\/andlig-ovning-las-en-barnbok-om-naturen\/"]}]},{"@type":"ImageObject","inLanguage":"sv-SE","@id":"https:\/\/blogg.svenskakyrkan.se\/vandravagen\/2018\/05\/23\/andlig-ovning-las-en-barnbok-om-naturen\/#primaryimage","url":"https:\/\/blogg.svenskakyrkan.se\/vandravagen\/files\/2018\/05\/IMG_4969.jpg","contentUrl":"https:\/\/blogg.svenskakyrkan.se\/vandravagen\/files\/2018\/05\/IMG_4969.jpg","width":2016,"height":1512,"caption":"Fina b\u00f6cker om naturen. Bra f\u00f6r sj\u00e4len."},{"@type":"BreadcrumbList","@id":"https:\/\/blogg.svenskakyrkan.se\/vandravagen\/2018\/05\/23\/andlig-ovning-las-en-barnbok-om-naturen\/#breadcrumb","itemListElement":[{"@type":"ListItem","position":1,"name":"Hem","item":"https:\/\/blogg.svenskakyrkan.se\/vandravagen\/"},{"@type":"ListItem","position":2,"name":"Andlig \u00f6vning: l\u00e4s en barnbok om naturen"}]},{"@type":"WebSite","@id":"https:\/\/blogg.svenskakyrkan.se\/vandravagen\/#website","url":"https:\/\/blogg.svenskakyrkan.se\/vandravagen\/","name":"Vandra V\u00e4gen","description":"-Mot en tro f\u00f6r hela livet","publisher":{"@id":"https:\/\/blogg.svenskakyrkan.se\/vandravagen\/#organization"},"potentialAction":[{"@type":"SearchAction","target":{"@type":"EntryPoint","urlTemplate":"https:\/\/blogg.svenskakyrkan.se\/vandravagen\/?s={search_term_string}"},"query-input":{"@type":"PropertyValueSpecification","valueRequired":true,"valueName":"search_term_string"}}],"inLanguage":"sv-SE"},{"@type":"Organization","@id":"https:\/\/blogg.svenskakyrkan.se\/vandravagen\/#organization","name":"ulricehamns pastorat","alternateName":"ulricehamns pastorat","url":"https:\/\/blogg.svenskakyrkan.se\/vandravagen\/","logo":{"@type":"ImageObject","inLanguage":"sv-SE","@id":"https:\/\/blogg.svenskakyrkan.se\/vandravagen\/#\/schema\/logo\/image\/","url":"https:\/\/blogg.svenskakyrkan.se\/vandravagen\/files\/2023\/05\/Ulr_logo_RGB.png","contentUrl":"https:\/\/blogg.svenskakyrkan.se\/vandravagen\/files\/2023\/05\/Ulr_logo_RGB.png","width":205,"height":77,"caption":"ulricehamns pastorat"},"image":{"@id":"https:\/\/blogg.svenskakyrkan.se\/vandravagen\/#\/schema\/logo\/image\/"},"sameAs":["http:\/\/facebook.com\/vandravagen","https:\/\/x.com\/fadertomas","http:\/\/www.facebook.com\/svenskakyrkaniulricehamn"]},{"@type":"Person","@id":"https:\/\/blogg.svenskakyrkan.se\/vandravagen\/#\/schema\/person\/25da02d4f76b137d04291711e2c9fc16","name":"Tomas Jarvid","image":{"@type":"ImageObject","inLanguage":"sv-SE","@id":"https:\/\/blogg.svenskakyrkan.se\/vandravagen\/#\/schema\/person\/image\/","url":"https:\/\/secure.gravatar.com\/avatar\/7fa71899795e8f540f615a1f5ab25255dc27aa40f05ee7ddd21aac521e01bf50?s=96&d=identicon&r=g","contentUrl":"https:\/\/secure.gravatar.com\/avatar\/7fa71899795e8f540f615a1f5ab25255dc27aa40f05ee7ddd21aac521e01bf50?s=96&d=identicon&r=g","caption":"Tomas Jarvid"},"description":"Jag bor i Ulricehamn i V\u00e4sterg\u00f6tland och \u00e4r f\u00f6rsamlingspr\u00e4st i Svenska Kyrkan f\u00f6r Dalstorps f\u00f6rsamling i Kinds pastorat. P\u00e5 den h\u00e4r bloggen skriver jag ner tankar om vandringen som kristen.","sameAs":["http:\/\/www.vandravagen.se"],"url":"https:\/\/blogg.svenskakyrkan.se\/vandravagen\/author\/vandravagen\/"}]}},"author_meta":{"ID":"392","user_nicename":"vandravagen","user_url":"http:\/\/www.vandravagen.se","user_registered":"2014-05-19 05:44:52","display_name":"Tomas Jarvid","first_name":"Tomas","last_name":"Jarvid","avatar":"https:\/\/secure.gravatar.com\/avatar\/7fa71899795e8f540f615a1f5ab25255dc27aa40f05ee7ddd21aac521e01bf50?s=96&d=identicon&r=g"},"featured_image":["https:\/\/blogg.svenskakyrkan.se\/vandravagen\/files\/2018\/05\/IMG_4969-1024x768.jpg",1024,768,true],"bloginfo":{"name":"Vandra V\u00e4gen","url":"https:\/\/blogg.svenskakyrkan.se\/vandravagen"},"_links":{"self":[{"href":"https:\/\/blogg.svenskakyrkan.se\/vandravagen\/wp-json\/wp\/v2\/posts\/6384","targetHints":{"allow":["GET"]}}],"collection":[{"href":"https:\/\/blogg.svenskakyrkan.se\/vandravagen\/wp-json\/wp\/v2\/posts"}],"about":[{"href":"https:\/\/blogg.svenskakyrkan.se\/vandravagen\/wp-json\/wp\/v2\/types\/post"}],"author":[{"embeddable":true,"href":"https:\/\/blogg.svenskakyrkan.se\/vandravagen\/wp-json\/wp\/v2\/users\/392"}],"replies":[{"embeddable":true,"href":"https:\/\/blogg.svenskakyrkan.se\/vandravagen\/wp-json\/wp\/v2\/comments?post=6384"}],"version-history":[{"count":3,"href":"https:\/\/blogg.svenskakyrkan.se\/vandravagen\/wp-json\/wp\/v2\/posts\/6384\/revisions"}],"predecessor-version":[{"id":6399,"href":"https:\/\/blogg.svenskakyrkan.se\/vandravagen\/wp-json\/wp\/v2\/posts\/6384\/revisions\/6399"}],"wp:featuredmedia":[{"embeddable":true,"href":"https:\/\/blogg.svenskakyrkan.se\/vandravagen\/wp-json\/wp\/v2\/media\/6392"}],"wp:attachment":[{"href":"https:\/\/blogg.svenskakyrkan.se\/vandravagen\/wp-json\/wp\/v2\/media?parent=6384"}],"wp:term":[{"taxonomy":"category","embeddable":true,"href":"https:\/\/blogg.svenskakyrkan.se\/vandravagen\/wp-json\/wp\/v2\/categories?post=6384"},{"taxonomy":"post_tag","embeddable":true,"href":"https:\/\/blogg.svenskakyrkan.se\/vandravagen\/wp-json\/wp\/v2\/tags?post=6384"}],"curies":[{"name":"wp","href":"https:\/\/api.w.org\/{rel}","templated":true}]}}