{"id":641,"date":"2013-03-30T19:11:00","date_gmt":"2013-03-30T18:11:00","guid":{"rendered":"http:\/\/blogg.svenskakyrkan.se\/vandravagen\/2013\/03\/30\/paskafton-och-vantan-i-gotene-kyrka\/"},"modified":"2013-03-30T19:11:00","modified_gmt":"2013-03-30T18:11:00","slug":"paskafton-och-vantan-i-gotene-kyrka","status":"publish","type":"post","link":"https:\/\/blogg.svenskakyrkan.se\/vandravagen\/2013\/03\/30\/paskafton-och-vantan-i-gotene-kyrka\/","title":{"rendered":"P\u00e5skafton och v\u00e4ntan i G\u00f6tene kyrka"},"content":{"rendered":"<div>I v\u00e4ntan p\u00e5 p\u00e5sknattsm\u00e4ssan \u00e4r det v\u00e4ldigt avskalat i de flesta kyrkor just nu. Traditionen s\u00e4ger att altarsk\u00e5pet ska st\u00e4ngas, ikoner t\u00e4ckas \u00f6ver och altare kl\u00e4s av efter sk\u00e4rtorsdagsm\u00e4ssan d\u00e5 Jesus utl\u00e4mnas och grips.<\/div>\n<div><\/div>\n<div><a href=\"http:\/\/1.bp.blogspot.com\/-8ZF1zmh4OKU\/UVXW4npmiOI\/AAAAAAAAC40\/49IW8KcPtHg\/s1600\/altarska%CC%8Apsta%CC%88ngt.jpg\"><img loading=\"lazy\" decoding=\"async\" border=\"0\" height=\"320\" src=\"http:\/\/1.bp.blogspot.com\/-8ZF1zmh4OKU\/UVXW4npmiOI\/AAAAAAAAC40\/49IW8KcPtHg\/s320\/altarska%CC%8Apsta%CC%88ngt.jpg\" width=\"320\"><\/a><\/div>\n<div><\/div>\n<div>Altarsk\u00e5pet st\u00e5r st\u00e4ngt, fem rosor p\u00e5 altaret f\u00f6r Jesu fem s\u00e5r i h\u00e4nder, f\u00f6tter och sida. Han som vandrat med oss ligger i graven.<\/div>\n<\/p>\n<div><a href=\"http:\/\/1.bp.blogspot.com\/-JPnrwYpFajM\/UVXW5AAxStI\/AAAAAAAAC48\/FhooUXnyjns\/s1600\/na%CC%8Adastolgo%CC%88tene.jpg\"><img loading=\"lazy\" decoding=\"async\" border=\"0\" height=\"266\" src=\"http:\/\/1.bp.blogspot.com\/-JPnrwYpFajM\/UVXW5AAxStI\/AAAAAAAAC48\/FhooUXnyjns\/s400\/na%CC%8Adastolgo%CC%88tene.jpg\" width=\"400\"><\/a><\/div>\n<div><\/div>\n<div><\/div>\n<div>H\u00e4r \u00e4r en bild i repris fr\u00e5n f\u00f6rra \u00e5rets l\u00e5ngfredagsinl\u00e4gg. Nu med betydligt b\u00e4ttre kvalitet. Vi ser den s\u00e5 kallade &#8221;n\u00e5dastolen&#8221; d\u00e4r Gud Fader r\u00e4cker fram Jesus p\u00e5 korset och Anden i duvans skepnad \u00e4r med.\u00a0<\/div>\n<div><\/div>\n<div>Man kan tycka att p\u00e5sken \u00e4r grym om den handlar om att en m\u00e4nniska m\u00e5ste offras f\u00f6r att Gud ska bli n\u00f6jd med m\u00e4nskligheten men p\u00e5 den h\u00e4r bilden ser vi att det \u00e4r tv\u00e4rtom. Det \u00e4r Gud sj\u00e4lv som r\u00e4cker fram sig sj\u00e4lv som r\u00e4ddning \u00e5t v\u00e4rlden. Han offrar sig f\u00f6r oss.\u00a0<\/div>\n<div><\/div>\n<div>Den som tittar noga p\u00e5 m\u00e5lningarna i G\u00f6tene kyrka ser att det f\u00f6r ovanlighetens skull finns en hel del bilder som f\u00f6rest\u00e4ller Gud Fadern. Tittar man \u00e4nnu mer kanske man noterar att Fadern ser v\u00e4ldigt, v\u00e4ldigt mycket ut som Jesus g\u00f6r p\u00e5 bilderna p\u00e5 honom. Det p\u00e5minner om det Jesus s\u00e4ger, den som sett honom har sett Fadern. S\u00e5dan som Jesus \u00e4r, s\u00e5dan \u00e4r Gud. Genom Jesus l\u00e4r vi k\u00e4nna Guds r\u00e4tta ansikte. Och allra b\u00e4st l\u00e4r vi k\u00e4nna Gud p\u00e5 korset.<\/div>\n<div><\/div>\n","protected":false},"excerpt":{"rendered":"<p>I v\u00e4ntan p\u00e5 p\u00e5sknattsm\u00e4ssan \u00e4r det v\u00e4ldigt avskalat i de flesta kyrkor just nu. Traditionen s\u00e4ger att altarsk\u00e5pet ska st\u00e4ngas, ikoner t\u00e4ckas \u00f6ver och altare kl\u00e4s av efter sk\u00e4rtorsdagsm\u00e4ssan d\u00e5 Jesus utl\u00e4mnas och grips. Altarsk\u00e5pet st\u00e5r st\u00e4ngt, fem rosor p\u00e5 altaret f\u00f6r Jesu fem s\u00e5r i h\u00e4nder, f\u00f6tter och sida. Han som vandrat med oss [&hellip;]<\/p>\n","protected":false},"author":392,"featured_media":0,"comment_status":"open","ping_status":"open","sticky":false,"template":"","format":"standard","meta":{"_acf_changed":false,"footnotes":""},"categories":[56,8252,117],"tags":[],"class_list":["post-641","post","type-post","status-publish","format-standard","hentry","category-bilder","category-kyrkoaret","category-teologi"],"acf":[],"yoast_head":"<!-- This site is optimized with the Yoast SEO plugin v27.1.1 - https:\/\/yoast.com\/product\/yoast-seo-wordpress\/ -->\n<title>P\u00e5skafton och v\u00e4ntan i G\u00f6tene kyrka - Vandra V\u00e4gen<\/title>\n<meta name=\"robots\" content=\"index, follow, max-snippet:-1, max-image-preview:large, max-video-preview:-1\" \/>\n<link rel=\"canonical\" href=\"https:\/\/blogg.svenskakyrkan.se\/vandravagen\/2013\/03\/30\/paskafton-och-vantan-i-gotene-kyrka\/\" \/>\n<meta property=\"og:locale\" content=\"sv_SE\" \/>\n<meta property=\"og:type\" content=\"article\" \/>\n<meta property=\"og:title\" content=\"P\u00e5skafton och v\u00e4ntan i G\u00f6tene kyrka - Vandra V\u00e4gen\" \/>\n<meta property=\"og:description\" content=\"I v\u00e4ntan p\u00e5 p\u00e5sknattsm\u00e4ssan \u00e4r det v\u00e4ldigt avskalat i de flesta kyrkor just nu. Traditionen s\u00e4ger att altarsk\u00e5pet ska st\u00e4ngas, ikoner t\u00e4ckas \u00f6ver och altare kl\u00e4s av efter sk\u00e4rtorsdagsm\u00e4ssan d\u00e5 Jesus utl\u00e4mnas och grips. Altarsk\u00e5pet st\u00e5r st\u00e4ngt, fem rosor p\u00e5 altaret f\u00f6r Jesu fem s\u00e5r i h\u00e4nder, f\u00f6tter och sida. Han som vandrat med oss [&hellip;]\" \/>\n<meta property=\"og:url\" content=\"https:\/\/blogg.svenskakyrkan.se\/vandravagen\/2013\/03\/30\/paskafton-och-vantan-i-gotene-kyrka\/\" \/>\n<meta property=\"og:site_name\" content=\"Vandra V\u00e4gen\" \/>\n<meta property=\"article:publisher\" content=\"http:\/\/facebook.com\/vandravagen\" \/>\n<meta property=\"article:published_time\" content=\"2013-03-30T18:11:00+00:00\" \/>\n<meta property=\"og:image\" content=\"http:\/\/1.bp.blogspot.com\/-8ZF1zmh4OKU\/UVXW4npmiOI\/AAAAAAAAC40\/49IW8KcPtHg\/s320\/altarska%CC%8Apsta%CC%88ngt.jpg\" \/>\n<meta name=\"author\" content=\"Tomas Jarvid\" \/>\n<meta name=\"twitter:card\" content=\"summary_large_image\" \/>\n<meta name=\"twitter:creator\" content=\"@fadertomas\" \/>\n<meta name=\"twitter:site\" content=\"@fadertomas\" \/>\n<meta name=\"twitter:label1\" content=\"Skriven av\" \/>\n\t<meta name=\"twitter:data1\" content=\"Tomas Jarvid\" \/>\n\t<meta name=\"twitter:label2\" content=\"Ber\u00e4knad l\u00e4stid\" \/>\n\t<meta name=\"twitter:data2\" content=\"1 minut\" \/>\n<script type=\"application\/ld+json\" class=\"yoast-schema-graph\">{\"@context\":\"https:\/\/schema.org\",\"@graph\":[{\"@type\":\"Article\",\"@id\":\"https:\/\/blogg.svenskakyrkan.se\/vandravagen\/2013\/03\/30\/paskafton-och-vantan-i-gotene-kyrka\/#article\",\"isPartOf\":{\"@id\":\"https:\/\/blogg.svenskakyrkan.se\/vandravagen\/2013\/03\/30\/paskafton-och-vantan-i-gotene-kyrka\/\"},\"author\":{\"name\":\"Tomas Jarvid\",\"@id\":\"https:\/\/blogg.svenskakyrkan.se\/vandravagen\/#\/schema\/person\/25da02d4f76b137d04291711e2c9fc16\"},\"headline\":\"P\u00e5skafton och v\u00e4ntan i G\u00f6tene kyrka\",\"datePublished\":\"2013-03-30T18:11:00+00:00\",\"mainEntityOfPage\":{\"@id\":\"https:\/\/blogg.svenskakyrkan.se\/vandravagen\/2013\/03\/30\/paskafton-och-vantan-i-gotene-kyrka\/\"},\"wordCount\":298,\"commentCount\":0,\"publisher\":{\"@id\":\"https:\/\/blogg.svenskakyrkan.se\/vandravagen\/#organization\"},\"image\":{\"@id\":\"https:\/\/blogg.svenskakyrkan.se\/vandravagen\/2013\/03\/30\/paskafton-och-vantan-i-gotene-kyrka\/#primaryimage\"},\"thumbnailUrl\":\"http:\/\/1.bp.blogspot.com\/-8ZF1zmh4OKU\/UVXW4npmiOI\/AAAAAAAAC40\/49IW8KcPtHg\/s320\/altarska%CC%8Apsta%CC%88ngt.jpg\",\"articleSection\":[\"bilder\",\"kyrko\u00e5ret\",\"Teologi\"],\"inLanguage\":\"sv-SE\",\"potentialAction\":[{\"@type\":\"CommentAction\",\"name\":\"Comment\",\"target\":[\"https:\/\/blogg.svenskakyrkan.se\/vandravagen\/2013\/03\/30\/paskafton-och-vantan-i-gotene-kyrka\/#respond\"]}]},{\"@type\":\"WebPage\",\"@id\":\"https:\/\/blogg.svenskakyrkan.se\/vandravagen\/2013\/03\/30\/paskafton-och-vantan-i-gotene-kyrka\/\",\"url\":\"https:\/\/blogg.svenskakyrkan.se\/vandravagen\/2013\/03\/30\/paskafton-och-vantan-i-gotene-kyrka\/\",\"name\":\"P\u00e5skafton och v\u00e4ntan i G\u00f6tene kyrka - Vandra V\u00e4gen\",\"isPartOf\":{\"@id\":\"https:\/\/blogg.svenskakyrkan.se\/vandravagen\/#website\"},\"primaryImageOfPage\":{\"@id\":\"https:\/\/blogg.svenskakyrkan.se\/vandravagen\/2013\/03\/30\/paskafton-och-vantan-i-gotene-kyrka\/#primaryimage\"},\"image\":{\"@id\":\"https:\/\/blogg.svenskakyrkan.se\/vandravagen\/2013\/03\/30\/paskafton-och-vantan-i-gotene-kyrka\/#primaryimage\"},\"thumbnailUrl\":\"http:\/\/1.bp.blogspot.com\/-8ZF1zmh4OKU\/UVXW4npmiOI\/AAAAAAAAC40\/49IW8KcPtHg\/s320\/altarska%CC%8Apsta%CC%88ngt.jpg\",\"datePublished\":\"2013-03-30T18:11:00+00:00\",\"breadcrumb\":{\"@id\":\"https:\/\/blogg.svenskakyrkan.se\/vandravagen\/2013\/03\/30\/paskafton-och-vantan-i-gotene-kyrka\/#breadcrumb\"},\"inLanguage\":\"sv-SE\",\"potentialAction\":[{\"@type\":\"ReadAction\",\"target\":[\"https:\/\/blogg.svenskakyrkan.se\/vandravagen\/2013\/03\/30\/paskafton-och-vantan-i-gotene-kyrka\/\"]}]},{\"@type\":\"ImageObject\",\"inLanguage\":\"sv-SE\",\"@id\":\"https:\/\/blogg.svenskakyrkan.se\/vandravagen\/2013\/03\/30\/paskafton-och-vantan-i-gotene-kyrka\/#primaryimage\",\"url\":\"http:\/\/1.bp.blogspot.com\/-8ZF1zmh4OKU\/UVXW4npmiOI\/AAAAAAAAC40\/49IW8KcPtHg\/s320\/altarska%CC%8Apsta%CC%88ngt.jpg\",\"contentUrl\":\"http:\/\/1.bp.blogspot.com\/-8ZF1zmh4OKU\/UVXW4npmiOI\/AAAAAAAAC40\/49IW8KcPtHg\/s320\/altarska%CC%8Apsta%CC%88ngt.jpg\"},{\"@type\":\"BreadcrumbList\",\"@id\":\"https:\/\/blogg.svenskakyrkan.se\/vandravagen\/2013\/03\/30\/paskafton-och-vantan-i-gotene-kyrka\/#breadcrumb\",\"itemListElement\":[{\"@type\":\"ListItem\",\"position\":1,\"name\":\"Hem\",\"item\":\"https:\/\/blogg.svenskakyrkan.se\/vandravagen\/\"},{\"@type\":\"ListItem\",\"position\":2,\"name\":\"P\u00e5skafton och v\u00e4ntan i G\u00f6tene kyrka\"}]},{\"@type\":\"WebSite\",\"@id\":\"https:\/\/blogg.svenskakyrkan.se\/vandravagen\/#website\",\"url\":\"https:\/\/blogg.svenskakyrkan.se\/vandravagen\/\",\"name\":\"Vandra V\u00e4gen\",\"description\":\"-Mot en tro f\u00f6r hela livet\",\"publisher\":{\"@id\":\"https:\/\/blogg.svenskakyrkan.se\/vandravagen\/#organization\"},\"potentialAction\":[{\"@type\":\"SearchAction\",\"target\":{\"@type\":\"EntryPoint\",\"urlTemplate\":\"https:\/\/blogg.svenskakyrkan.se\/vandravagen\/?s={search_term_string}\"},\"query-input\":{\"@type\":\"PropertyValueSpecification\",\"valueRequired\":true,\"valueName\":\"search_term_string\"}}],\"inLanguage\":\"sv-SE\"},{\"@type\":\"Organization\",\"@id\":\"https:\/\/blogg.svenskakyrkan.se\/vandravagen\/#organization\",\"name\":\"ulricehamns pastorat\",\"alternateName\":\"ulricehamns pastorat\",\"url\":\"https:\/\/blogg.svenskakyrkan.se\/vandravagen\/\",\"logo\":{\"@type\":\"ImageObject\",\"inLanguage\":\"sv-SE\",\"@id\":\"https:\/\/blogg.svenskakyrkan.se\/vandravagen\/#\/schema\/logo\/image\/\",\"url\":\"https:\/\/blogg.svenskakyrkan.se\/vandravagen\/files\/2023\/05\/Ulr_logo_RGB.png\",\"contentUrl\":\"https:\/\/blogg.svenskakyrkan.se\/vandravagen\/files\/2023\/05\/Ulr_logo_RGB.png\",\"width\":205,\"height\":77,\"caption\":\"ulricehamns pastorat\"},\"image\":{\"@id\":\"https:\/\/blogg.svenskakyrkan.se\/vandravagen\/#\/schema\/logo\/image\/\"},\"sameAs\":[\"http:\/\/facebook.com\/vandravagen\",\"https:\/\/x.com\/fadertomas\",\"http:\/\/www.facebook.com\/svenskakyrkaniulricehamn\"]},{\"@type\":\"Person\",\"@id\":\"https:\/\/blogg.svenskakyrkan.se\/vandravagen\/#\/schema\/person\/25da02d4f76b137d04291711e2c9fc16\",\"name\":\"Tomas Jarvid\",\"image\":{\"@type\":\"ImageObject\",\"inLanguage\":\"sv-SE\",\"@id\":\"https:\/\/blogg.svenskakyrkan.se\/vandravagen\/#\/schema\/person\/image\/\",\"url\":\"https:\/\/secure.gravatar.com\/avatar\/7fa71899795e8f540f615a1f5ab25255dc27aa40f05ee7ddd21aac521e01bf50?s=96&d=identicon&r=g\",\"contentUrl\":\"https:\/\/secure.gravatar.com\/avatar\/7fa71899795e8f540f615a1f5ab25255dc27aa40f05ee7ddd21aac521e01bf50?s=96&d=identicon&r=g\",\"caption\":\"Tomas Jarvid\"},\"description\":\"Jag bor i Ulricehamn i V\u00e4sterg\u00f6tland och \u00e4r f\u00f6rsamlingspr\u00e4st i Svenska Kyrkan f\u00f6r Dalstorps f\u00f6rsamling i Kinds pastorat. P\u00e5 den h\u00e4r bloggen skriver jag ner tankar om vandringen som kristen.\",\"sameAs\":[\"http:\/\/www.vandravagen.se\"],\"url\":\"https:\/\/blogg.svenskakyrkan.se\/vandravagen\/author\/vandravagen\/\"}]}<\/script>\n<!-- \/ Yoast SEO plugin. -->","yoast_head_json":{"title":"P\u00e5skafton och v\u00e4ntan i G\u00f6tene kyrka - Vandra V\u00e4gen","robots":{"index":"index","follow":"follow","max-snippet":"max-snippet:-1","max-image-preview":"max-image-preview:large","max-video-preview":"max-video-preview:-1"},"canonical":"https:\/\/blogg.svenskakyrkan.se\/vandravagen\/2013\/03\/30\/paskafton-och-vantan-i-gotene-kyrka\/","og_locale":"sv_SE","og_type":"article","og_title":"P\u00e5skafton och v\u00e4ntan i G\u00f6tene kyrka - Vandra V\u00e4gen","og_description":"I v\u00e4ntan p\u00e5 p\u00e5sknattsm\u00e4ssan \u00e4r det v\u00e4ldigt avskalat i de flesta kyrkor just nu. Traditionen s\u00e4ger att altarsk\u00e5pet ska st\u00e4ngas, ikoner t\u00e4ckas \u00f6ver och altare kl\u00e4s av efter sk\u00e4rtorsdagsm\u00e4ssan d\u00e5 Jesus utl\u00e4mnas och grips. Altarsk\u00e5pet st\u00e5r st\u00e4ngt, fem rosor p\u00e5 altaret f\u00f6r Jesu fem s\u00e5r i h\u00e4nder, f\u00f6tter och sida. Han som vandrat med oss [&hellip;]","og_url":"https:\/\/blogg.svenskakyrkan.se\/vandravagen\/2013\/03\/30\/paskafton-och-vantan-i-gotene-kyrka\/","og_site_name":"Vandra V\u00e4gen","article_publisher":"http:\/\/facebook.com\/vandravagen","article_published_time":"2013-03-30T18:11:00+00:00","og_image":[{"url":"http:\/\/1.bp.blogspot.com\/-8ZF1zmh4OKU\/UVXW4npmiOI\/AAAAAAAAC40\/49IW8KcPtHg\/s320\/altarska%CC%8Apsta%CC%88ngt.jpg","type":"","width":"","height":""}],"author":"Tomas Jarvid","twitter_card":"summary_large_image","twitter_creator":"@fadertomas","twitter_site":"@fadertomas","twitter_misc":{"Skriven av":"Tomas Jarvid","Ber\u00e4knad l\u00e4stid":"1 minut"},"schema":{"@context":"https:\/\/schema.org","@graph":[{"@type":"Article","@id":"https:\/\/blogg.svenskakyrkan.se\/vandravagen\/2013\/03\/30\/paskafton-och-vantan-i-gotene-kyrka\/#article","isPartOf":{"@id":"https:\/\/blogg.svenskakyrkan.se\/vandravagen\/2013\/03\/30\/paskafton-och-vantan-i-gotene-kyrka\/"},"author":{"name":"Tomas Jarvid","@id":"https:\/\/blogg.svenskakyrkan.se\/vandravagen\/#\/schema\/person\/25da02d4f76b137d04291711e2c9fc16"},"headline":"P\u00e5skafton och v\u00e4ntan i G\u00f6tene kyrka","datePublished":"2013-03-30T18:11:00+00:00","mainEntityOfPage":{"@id":"https:\/\/blogg.svenskakyrkan.se\/vandravagen\/2013\/03\/30\/paskafton-och-vantan-i-gotene-kyrka\/"},"wordCount":298,"commentCount":0,"publisher":{"@id":"https:\/\/blogg.svenskakyrkan.se\/vandravagen\/#organization"},"image":{"@id":"https:\/\/blogg.svenskakyrkan.se\/vandravagen\/2013\/03\/30\/paskafton-och-vantan-i-gotene-kyrka\/#primaryimage"},"thumbnailUrl":"http:\/\/1.bp.blogspot.com\/-8ZF1zmh4OKU\/UVXW4npmiOI\/AAAAAAAAC40\/49IW8KcPtHg\/s320\/altarska%CC%8Apsta%CC%88ngt.jpg","articleSection":["bilder","kyrko\u00e5ret","Teologi"],"inLanguage":"sv-SE","potentialAction":[{"@type":"CommentAction","name":"Comment","target":["https:\/\/blogg.svenskakyrkan.se\/vandravagen\/2013\/03\/30\/paskafton-och-vantan-i-gotene-kyrka\/#respond"]}]},{"@type":"WebPage","@id":"https:\/\/blogg.svenskakyrkan.se\/vandravagen\/2013\/03\/30\/paskafton-och-vantan-i-gotene-kyrka\/","url":"https:\/\/blogg.svenskakyrkan.se\/vandravagen\/2013\/03\/30\/paskafton-och-vantan-i-gotene-kyrka\/","name":"P\u00e5skafton och v\u00e4ntan i G\u00f6tene kyrka - Vandra V\u00e4gen","isPartOf":{"@id":"https:\/\/blogg.svenskakyrkan.se\/vandravagen\/#website"},"primaryImageOfPage":{"@id":"https:\/\/blogg.svenskakyrkan.se\/vandravagen\/2013\/03\/30\/paskafton-och-vantan-i-gotene-kyrka\/#primaryimage"},"image":{"@id":"https:\/\/blogg.svenskakyrkan.se\/vandravagen\/2013\/03\/30\/paskafton-och-vantan-i-gotene-kyrka\/#primaryimage"},"thumbnailUrl":"http:\/\/1.bp.blogspot.com\/-8ZF1zmh4OKU\/UVXW4npmiOI\/AAAAAAAAC40\/49IW8KcPtHg\/s320\/altarska%CC%8Apsta%CC%88ngt.jpg","datePublished":"2013-03-30T18:11:00+00:00","breadcrumb":{"@id":"https:\/\/blogg.svenskakyrkan.se\/vandravagen\/2013\/03\/30\/paskafton-och-vantan-i-gotene-kyrka\/#breadcrumb"},"inLanguage":"sv-SE","potentialAction":[{"@type":"ReadAction","target":["https:\/\/blogg.svenskakyrkan.se\/vandravagen\/2013\/03\/30\/paskafton-och-vantan-i-gotene-kyrka\/"]}]},{"@type":"ImageObject","inLanguage":"sv-SE","@id":"https:\/\/blogg.svenskakyrkan.se\/vandravagen\/2013\/03\/30\/paskafton-och-vantan-i-gotene-kyrka\/#primaryimage","url":"http:\/\/1.bp.blogspot.com\/-8ZF1zmh4OKU\/UVXW4npmiOI\/AAAAAAAAC40\/49IW8KcPtHg\/s320\/altarska%CC%8Apsta%CC%88ngt.jpg","contentUrl":"http:\/\/1.bp.blogspot.com\/-8ZF1zmh4OKU\/UVXW4npmiOI\/AAAAAAAAC40\/49IW8KcPtHg\/s320\/altarska%CC%8Apsta%CC%88ngt.jpg"},{"@type":"BreadcrumbList","@id":"https:\/\/blogg.svenskakyrkan.se\/vandravagen\/2013\/03\/30\/paskafton-och-vantan-i-gotene-kyrka\/#breadcrumb","itemListElement":[{"@type":"ListItem","position":1,"name":"Hem","item":"https:\/\/blogg.svenskakyrkan.se\/vandravagen\/"},{"@type":"ListItem","position":2,"name":"P\u00e5skafton och v\u00e4ntan i G\u00f6tene kyrka"}]},{"@type":"WebSite","@id":"https:\/\/blogg.svenskakyrkan.se\/vandravagen\/#website","url":"https:\/\/blogg.svenskakyrkan.se\/vandravagen\/","name":"Vandra V\u00e4gen","description":"-Mot en tro f\u00f6r hela livet","publisher":{"@id":"https:\/\/blogg.svenskakyrkan.se\/vandravagen\/#organization"},"potentialAction":[{"@type":"SearchAction","target":{"@type":"EntryPoint","urlTemplate":"https:\/\/blogg.svenskakyrkan.se\/vandravagen\/?s={search_term_string}"},"query-input":{"@type":"PropertyValueSpecification","valueRequired":true,"valueName":"search_term_string"}}],"inLanguage":"sv-SE"},{"@type":"Organization","@id":"https:\/\/blogg.svenskakyrkan.se\/vandravagen\/#organization","name":"ulricehamns pastorat","alternateName":"ulricehamns pastorat","url":"https:\/\/blogg.svenskakyrkan.se\/vandravagen\/","logo":{"@type":"ImageObject","inLanguage":"sv-SE","@id":"https:\/\/blogg.svenskakyrkan.se\/vandravagen\/#\/schema\/logo\/image\/","url":"https:\/\/blogg.svenskakyrkan.se\/vandravagen\/files\/2023\/05\/Ulr_logo_RGB.png","contentUrl":"https:\/\/blogg.svenskakyrkan.se\/vandravagen\/files\/2023\/05\/Ulr_logo_RGB.png","width":205,"height":77,"caption":"ulricehamns pastorat"},"image":{"@id":"https:\/\/blogg.svenskakyrkan.se\/vandravagen\/#\/schema\/logo\/image\/"},"sameAs":["http:\/\/facebook.com\/vandravagen","https:\/\/x.com\/fadertomas","http:\/\/www.facebook.com\/svenskakyrkaniulricehamn"]},{"@type":"Person","@id":"https:\/\/blogg.svenskakyrkan.se\/vandravagen\/#\/schema\/person\/25da02d4f76b137d04291711e2c9fc16","name":"Tomas Jarvid","image":{"@type":"ImageObject","inLanguage":"sv-SE","@id":"https:\/\/blogg.svenskakyrkan.se\/vandravagen\/#\/schema\/person\/image\/","url":"https:\/\/secure.gravatar.com\/avatar\/7fa71899795e8f540f615a1f5ab25255dc27aa40f05ee7ddd21aac521e01bf50?s=96&d=identicon&r=g","contentUrl":"https:\/\/secure.gravatar.com\/avatar\/7fa71899795e8f540f615a1f5ab25255dc27aa40f05ee7ddd21aac521e01bf50?s=96&d=identicon&r=g","caption":"Tomas Jarvid"},"description":"Jag bor i Ulricehamn i V\u00e4sterg\u00f6tland och \u00e4r f\u00f6rsamlingspr\u00e4st i Svenska Kyrkan f\u00f6r Dalstorps f\u00f6rsamling i Kinds pastorat. P\u00e5 den h\u00e4r bloggen skriver jag ner tankar om vandringen som kristen.","sameAs":["http:\/\/www.vandravagen.se"],"url":"https:\/\/blogg.svenskakyrkan.se\/vandravagen\/author\/vandravagen\/"}]}},"author_meta":{"ID":"392","user_nicename":"vandravagen","user_url":"http:\/\/www.vandravagen.se","user_registered":"2014-05-19 05:44:52","display_name":"Tomas Jarvid","first_name":"Tomas","last_name":"Jarvid","avatar":"https:\/\/secure.gravatar.com\/avatar\/7fa71899795e8f540f615a1f5ab25255dc27aa40f05ee7ddd21aac521e01bf50?s=96&d=identicon&r=g"},"featured_image":false,"bloginfo":{"name":"Vandra V\u00e4gen","url":"https:\/\/blogg.svenskakyrkan.se\/vandravagen"},"_links":{"self":[{"href":"https:\/\/blogg.svenskakyrkan.se\/vandravagen\/wp-json\/wp\/v2\/posts\/641","targetHints":{"allow":["GET"]}}],"collection":[{"href":"https:\/\/blogg.svenskakyrkan.se\/vandravagen\/wp-json\/wp\/v2\/posts"}],"about":[{"href":"https:\/\/blogg.svenskakyrkan.se\/vandravagen\/wp-json\/wp\/v2\/types\/post"}],"author":[{"embeddable":true,"href":"https:\/\/blogg.svenskakyrkan.se\/vandravagen\/wp-json\/wp\/v2\/users\/392"}],"replies":[{"embeddable":true,"href":"https:\/\/blogg.svenskakyrkan.se\/vandravagen\/wp-json\/wp\/v2\/comments?post=641"}],"version-history":[{"count":0,"href":"https:\/\/blogg.svenskakyrkan.se\/vandravagen\/wp-json\/wp\/v2\/posts\/641\/revisions"}],"wp:attachment":[{"href":"https:\/\/blogg.svenskakyrkan.se\/vandravagen\/wp-json\/wp\/v2\/media?parent=641"}],"wp:term":[{"taxonomy":"category","embeddable":true,"href":"https:\/\/blogg.svenskakyrkan.se\/vandravagen\/wp-json\/wp\/v2\/categories?post=641"},{"taxonomy":"post_tag","embeddable":true,"href":"https:\/\/blogg.svenskakyrkan.se\/vandravagen\/wp-json\/wp\/v2\/tags?post=641"}],"curies":[{"name":"wp","href":"https:\/\/api.w.org\/{rel}","templated":true}]}}