{"id":6417,"date":"2018-06-04T09:34:51","date_gmt":"2018-06-04T07:34:51","guid":{"rendered":"http:\/\/blogg.svenskakyrkan.se\/vandravagen\/?p=6417"},"modified":"2018-06-04T09:34:51","modified_gmt":"2018-06-04T07:34:51","slug":"tva-predikningar-om-ett-liv-med-anden-grundat-pa-dopet","status":"publish","type":"post","link":"https:\/\/blogg.svenskakyrkan.se\/vandravagen\/2018\/06\/04\/tva-predikningar-om-ett-liv-med-anden-grundat-pa-dopet\/","title":{"rendered":"TV\u00c5 predikningar om ett liv med Anden grundat p\u00e5 dopet"},"content":{"rendered":"<p>H\u00e4r \u00e4r nu som utlovat mina tv\u00e5 (!) predikningar fr\u00e5n ig\u00e5r. S\u00e5 f\u00e5r det bli n\u00e4r det \u00e4r tillr\u00e4ckligt olika omst\u00e4ndigheter. Det var v\u00e4ldigt fint p\u00e5 b\u00e5da st\u00e4llena, f\u00f6rst med dop av en liten ett\u00e5ring i \u00d6lsremma med k\u00f6rbes\u00f6k av min k\u00e4ra Husabyk\u00f6r, sedan p\u00e5 kv\u00e4llen gospelmusikgudstj\u00e4nst d\u00e4r jag ocks\u00e5 sade n\u00e5gra ord. Hoppas det h\u00e4r kan vara till gl\u00e4dje f\u00f6r dig!<\/p>\n<p><strong>Predikan f\u00f6rsta efter tref 2018, \u00d6lsremma kl 11 med dop\u00a0<\/strong><\/p>\n<p>Det \u00e4r en bra dag att d\u00f6pas p\u00e5 idag. F\u00f6r det \u00e4r det som \u00e4r \u00f6verskriften f\u00f6r dagen i v\u00e5r psalmbok, \u201dv\u00e5rt dop\u201d. Idag ska lilla Inez d\u00f6pas och vi andra som d\u00f6ptes n\u00e5gon g\u00e5ng f\u00f6r l\u00e5ng eller kort tid sedan f\u00e5r t\u00e4nka extra p\u00e5 det idag. Var och n\u00e4r d\u00f6ptes du? Sj\u00e4lv har jag blivit utsatt f\u00f6r sk\u00e4mt i min familj hela min barndom f\u00f6r att jag d\u00f6ptes i Brunn. Det tyckte de var roligt. Men det g\u00f6r i alla fall att jag alltid kommer ih\u00e5g var jag d\u00f6ptes.<\/p>\n<p>Det \u00e4r r\u00e4tt bra att p\u00e5minna sig detaljerna i sitt dop. Jag fick ocks\u00e5 en p\u00e5minnelse n\u00e4r jag vari M\u00e5nstad och pl\u00f6tsligt fick jag h\u00e5lla min dopdr\u00e4kt som jag hade en g\u00e5ng. De d\u00e4r yttre sakerna \u00e4r bra att t\u00e4nka p\u00e5 s\u00e5 blir det lite mer p\u00e5tagligt \u00e4n om man bara talar i allm\u00e4nhet.<\/p>\n<p>Idag fick vi l\u00e4sa en favoritbibeltext jag har. Hesekiel skriver att Gud ska ge oss ett nytt hj\u00e4rta och fylla oss med Guds Ande. Det \u00e4r som att vi har ett hj\u00e4rta av sten men vi ska f\u00e5 ett hj\u00e4rta av k\u00f6tt. Det \u00e4r f\u00f6rst\u00e5s bildligt talat. Vi har ju de hj\u00e4rtan vi har men det finns s\u00e5 mycket h\u00e5rt i v\u00e5ra hj\u00e4rtan. Det kommer en h\u00f6jdare till Jesus om natten och s\u00e4ger lite f\u00f6rsiktigt, som nog kanske m\u00e5nga n\u00e4rmar sig Jesus ocks\u00e5 idag, att han b\u00f6rjat f\u00f6rst\u00e5 att Jesus \u00e4r s\u00e4nd av Gud som l\u00e4rare. Jesus svarar att man m\u00e5ste f\u00f6das p\u00e5 nytt f\u00f6r att se Guds rike och s\u00e5 kommer ett l\u00e5ngt samtal om det. Om Anden som en vind.<\/p>\n<p>Man m\u00e5ste f\u00f6das p\u00e5 nytt. Det s\u00e4ger han till den gamle r\u00e5dsherren och han tycker det l\u00e5ter konstigt. Och idag firar vi ju dop h\u00e4r och det \u00e4r ocks\u00e5 som en ny f\u00f6delse, fast livet bara precis b\u00f6rjat f\u00f6r Inez. Det \u00e4r m\u00e5nga sidor i det d\u00e4r. Det viktigaste att komma ih\u00e5g om sin dopdag \u00e4r att den \u00e4r Guds l\u00f6fte om att jag tillh\u00f6r Gud och har ett hem hos Gud i liv och d\u00f6d. Att vi aldrig beh\u00f6ver tvivla p\u00e5 om vi \u00e4r \u00e4lskade av Gud och att han verkar f\u00f6r v\u00e5rt b\u00e4sta hela tiden. Det kan k\u00e4nnas s\u00e5 olika dag fr\u00e5n dag men det handlar inte om det utan om att den d\u00e4r dagen i Brunn s\u00e5 blev det liksom klargjort objektivt att Gud \u00e4r min Gud och vill vara det.<\/p>\n<p>P\u00e5 ett s\u00e4tt \u00e4r det klart s\u00e5. Men p\u00e5 ett annat s\u00e4tt \u00e4r det d\u00e5 det b\u00f6rjar! Man f\u00e5r leva sitt liv utifr\u00e5n dopet. Och det \u00e4r det b\u00e4sta s\u00e4ttet att leva sitt liv. Grundat p\u00e5 att vad som \u00e4n h\u00e4nder och hur man \u00e4n har det och vad man \u00e4n g\u00f6r s\u00e5 \u00e4r man sedd, k\u00e4nd och \u00e4lskad. N\u00e4r man s\u00e5 sm\u00e5ningom uppt\u00e4cker mer och mer av att man nog \u00e4nd\u00e5 har ett v\u00e4ldigt h\u00e5rt hj\u00e4rta p\u00e5 m\u00e5nga s\u00e4tt. Inte klarar av att \u00e4lska sina medm\u00e4nniskor, bry sig om skapelsen och undviker Gud f\u00f6r att man kanske tror Gud \u00e4r missn\u00f6jd med en. D\u00e5 f\u00e5r man p\u00e5minna sig om dopet och att inget kan rubba den relation man har, och s\u00e5 beh\u00f6ver man inte tycka det \u00e4r s\u00e5 hemskt utan man f\u00e5r be om hj\u00e4lp med sitt h\u00e5rda hj\u00e4rta.<\/p>\n<p>Jag var i koptiska kyrkan i G\u00f6teborg med konfirmanderna och d\u00e4r fick vi se stora fina ikoner. Och de ser alltid lite konstiga ut, de har stora \u00f6gon f\u00f6r att helgonen \u00e4r s\u00e5na som l\u00e4rt sig att se Guds rike som man inte kan se med \u00f6gonen annars utan med hj\u00e4rtat. Och s\u00e5 hade de INGA NAGLAR. Och det verkar ju opraktiskt om man ska skrapa lotter eller s\u00e5. Det var ett s\u00e4tt att visa att de inte hade n\u00e5got h\u00e5rt kvar i sitt hj\u00e4rta. Det vill Gud hj\u00e4lpa oss med.<\/p>\n<p>Dopet har mycket med den heliga Anden att g\u00f6ra. Livsanden. Nya testamentets viktigaste bud \u00e4r \u201dl\u00e5t er uppfyllas av den heliga Anden\u201d, det skriver Paulus. L\u00e5t Gud verka i ditt liv. Be och tala om det som blivit fel, tala med Gud om det som g\u00f6r ont f\u00f6r det g\u00f6r gott, be om hj\u00e4lp, tacka f\u00f6r det goda. Be om kraft. Be om att hitta v\u00e4gen i livet. Be om t\u00e5lamod med de jobbiga. Och s\u00e5 vidare. Gud vill vara inblandad i v\u00e5ra liv. Och d\u00e5 h\u00e4nder det m\u00e4rkliga saker. Det \u00e4r ett annat liv, ett s\u00e4tt att leva som vi m\u00e5ste f\u00f6das in i. Och som vi sedan f\u00e5r b\u00f6rja om i m\u00e5nga m\u00e5nga g\u00e5nger genom livet.<\/p>\n<p>&nbsp;<\/p>\n<p>&nbsp;<\/p>\n<p>Jesus s\u00e4ger att vinden bl\u00e5ser vart den vill, det \u00e4r ett \u00e4ventyr att leva med vinden. N\u00e4r vi v\u00e4nder oss till Gud med v\u00e5ra liv s\u00e5 \u00f6ppnar vi upp f\u00f6r mysteriet, mot ett liv som Gud kan fylla med allt det han har att ge.<\/p>\n<p>Vi ber kort<\/p>\n<p>Kom helige Ande, fyll oss med din kraft, med k\u00e4rlek och med livsmod. Led oss p\u00e5 v\u00e5r v\u00e4g i livet. Amen.<\/p>\n<p>&nbsp;<\/p>\n<p>&nbsp;<\/p>\n<p>&nbsp;<\/p>\n<p><strong>I Nittorp p\u00e5 gospelgudstj\u00e4nst:<\/strong><\/p>\n<p>Om man \u00e4r pr\u00e4st kan man r\u00e5ka p\u00e5 att folk menar att man inte kan tro p\u00e5 s\u00e5dant man inte kan se eller ta p\u00e5. D\u00e5 kan man t\u00e4nka p\u00e5 det Jesus s\u00e4ger om vinden. Vi ser inte vinden, kan inte h\u00e5lla den i handen. Vi kan se hur den ruskar om i bladen eller i h\u00e5ret men sj\u00e4lva vinden ser vi inte. En osynlig drivkraft.<\/p>\n<p>D\u00e5 kan man ju s\u00e4ga att vi kan ju i alla fall k\u00e4nna vinden och m\u00e4ta den och f\u00f6rklara med vetenskap vad som h\u00e4nder. Och s\u00e5 \u00e4r det ju. F\u00f6r m\u00e4nniskorna f\u00f6r l\u00e4nge sedan var det ju mer mystiskt. Man kunde se att saker r\u00f6rde sig och fundera p\u00e5 den osynliga kraften bakom allt.<\/p>\n<p>Och det kommer vi ju inte ifr\u00e5n nu heller faktiskt. Vi kan f\u00f6rklara vinden (en del av oss i alla fall) men det finns s\u00e5 mycket annat som \u00e4r m\u00e4rkligt. Vi kan inte heller se en tanke i hj\u00e4rnan. Vi kan inte se en k\u00e4nsla. Vi kan inte se och ta p\u00e5 k\u00e4rlek. Och man kan nog f\u00f6rklara tankar med elektricitet i hj\u00e4rnan och s\u00e5 vidare men jag tror att vi alla drar oss f\u00f6r det. Det b\u00e4r emot att reducera k\u00e4rlek, den kraft som skyddar livet och f\u00f6r det vidare, till bara kemiska \u00e4mnen i kroppen. Vi vet att det \u00e4r s\u00e5 mycket mer \u00e4n s\u00e5, eller hur?<\/p>\n<p>Jesus talar om vinden i dagens bibeltext. Vi h\u00f6r vinden bl\u00e5sa men vi kan inte veta varifr\u00e5n den kommer eller vart den \u00e4r p\u00e5 v\u00e4g. Vi f\u00e5r t\u00e4nka p\u00e5 att vi \u00e4r h\u00e4r nu men att vi har ett ursprung som vi inte kan se, varifr\u00e5n \u00e4r vi egentligen? Vad m\u00e4rkligt att vi finns h\u00e4r i v\u00e4rlden! Och ett m\u00e5l vi inte kan se. Vart \u00e4r vi p\u00e5 v\u00e4g? Slutar det lyckligt?<\/p>\n<p>Det finns mer \u00e4n det vi ser, det bygger vi hela v\u00e5ra liv p\u00e5 faktiskt. Vare sig man tror eller inte. Men idag f\u00e5r vi ta till oss att Gud hela tiden \u00e4r med oss, verkar i denna v\u00e4rld och i ditt och mitt liv. Osynligt s\u00e5 att vi kanske bara kan se sp\u00e5ren, effekterna d\u00e4r vinden g\u00e5tt fram, och g\u00e5tfullt men verkligt och med kraft.<\/p>\n<p>Och idag n\u00e4r vi f\u00e5r h\u00f6ra och ta del i all denna musik, gospel, s\u00e5ng om evangeliet, om fr\u00e4lsaren, om hur vi f\u00e5r l\u00e4ra k\u00e4nna Guds k\u00e4rlek till oss genom Jesus och det han gjort och g\u00f6r, d\u00e5 f\u00e5r vi ocks\u00e5 ta del av vindens sp\u00e5r. D\u00e4r Guds Ande g\u00e5r fram m\u00e4rker man det p\u00e5 gl\u00e4djen, p\u00e5 tr\u00f6st, p\u00e5 livsmod, p\u00e5 ny kraft, n\u00e4r vi tar till oss evangeliet och n\u00e4r vi f\u00f6rst\u00e5r att det g\u00e4ller oss h\u00e4r och nu ocks\u00e5. Det \u00e4r inte bara det att det finns n\u00e5got mer \u00e4n det vi ser, det finns ett v\u00e4nligt ansikte, en god vilja, en k\u00e4rlekens Ande som b\u00e4r allt i denna v\u00e4rld.<\/p>\n<p>Och till dig som inte alls \u00e4r ledsen eller tr\u00f6stad eller som saknar kraft just nu s\u00e5 kan det verkligen vara s\u00e5 ocks\u00e5. Tron handlar inte om att det sv\u00e5ra i v\u00e4rlden inte skulle finnas eller vara pl\u00e5gsamt men den s\u00e4ger att det inte kommer fr\u00e5n Gud. Att vi lider \u00e4r inte ett tecken p\u00e5 att Gud \u00e4r l\u00e5ngt borta och det f\u00e5r vi veta best\u00e4mt f\u00f6r att Jesus ocks\u00e5 lidit som vi. Han \u00e4r n\u00e4ra oss i lidandet. Och vi f\u00e5r h\u00e5lla fast vid honom och lita p\u00e5 att han p\u00e5 ett m\u00e4rkligt vis besegrat allt ont.<\/p>\n<p>N\u00e4r vi k\u00e4nner vinden bl\u00e5sa ute den h\u00e4r sommaren s\u00e5 f\u00e5r vi l\u00e5ta det bli en b\u00f6n.<\/p>\n<p>Gud bl\u00e5s med din Andes vind genom mitt hj\u00e4rta och mitt liv. Bl\u00e5s bort skr\u00e4p och damm och g\u00f6r allt nytt, bl\u00e5s in frisk luft, framtidshopp, livsmod, gl\u00e4dje, frid, k\u00e4rlek till min n\u00e4sta. Bl\u00e5s mig dit jag ska, till dem jag beh\u00f6ver f\u00f6r att leva, och bl\u00e5s mig till dem som beh\u00f6ver mig. F\u00f6r mig n\u00e4ra Gud, n\u00e4ra livets k\u00e4lla, bl\u00e5s p\u00e5 mina s\u00e5r till kropp och sj\u00e4l, kom med helande. Bl\u00e5s p\u00e5 mitt hj\u00e4rta s\u00e5 att det mjuknar och blir varmt p\u00e5 nytt. Bl\u00e5s p\u00e5 mina \u00f6gon, mina \u00f6ron, min hud och \u00f6ppna mig f\u00f6r skapelsens sk\u00f6nhet, bl\u00e5s s\u00e5 starkt att jag m\u00e4rker det, och s\u00e5 att livet v\u00e4xer i mig. Lovad vare du skaparvind som \u00e4r verksam genom tid och rum, fr\u00e5n urtid till evig tid. Amen<\/p>\n<p>&nbsp;<\/p>\n","protected":false},"excerpt":{"rendered":"<p>H\u00e4r \u00e4r nu som utlovat mina tv\u00e5 (!) predikningar fr\u00e5n ig\u00e5r. S\u00e5 f\u00e5r det bli n\u00e4r det \u00e4r tillr\u00e4ckligt olika omst\u00e4ndigheter. Det var v\u00e4ldigt fint p\u00e5 b\u00e5da st\u00e4llena, f\u00f6rst med dop av en liten ett\u00e5ring i \u00d6lsremma med k\u00f6rbes\u00f6k av min k\u00e4ra Husabyk\u00f6r, sedan p\u00e5 kv\u00e4llen gospelmusikgudstj\u00e4nst d\u00e4r jag ocks\u00e5 sade n\u00e5gra ord. Hoppas det [&hellip;]<\/p>\n","protected":false},"author":392,"featured_media":6418,"comment_status":"open","ping_status":"open","sticky":false,"template":"","format":"standard","meta":{"_acf_changed":false,"footnotes":""},"categories":[76189,114],"tags":[],"class_list":["post-6417","post","type-post","status-publish","format-standard","has-post-thumbnail","hentry","category-dagens-kyrka","category-predikan"],"acf":[],"yoast_head":"<!-- This site is optimized with the Yoast SEO plugin v27.1.1 - https:\/\/yoast.com\/product\/yoast-seo-wordpress\/ -->\n<title>TV\u00c5 predikningar om ett liv med Anden grundat p\u00e5 dopet - Vandra V\u00e4gen<\/title>\n<meta name=\"robots\" content=\"index, follow, max-snippet:-1, max-image-preview:large, max-video-preview:-1\" \/>\n<link rel=\"canonical\" href=\"https:\/\/blogg.svenskakyrkan.se\/vandravagen\/2018\/06\/04\/tva-predikningar-om-ett-liv-med-anden-grundat-pa-dopet\/\" \/>\n<meta property=\"og:locale\" content=\"sv_SE\" \/>\n<meta property=\"og:type\" content=\"article\" \/>\n<meta property=\"og:title\" content=\"TV\u00c5 predikningar om ett liv med Anden grundat p\u00e5 dopet - Vandra V\u00e4gen\" \/>\n<meta property=\"og:description\" content=\"H\u00e4r \u00e4r nu som utlovat mina tv\u00e5 (!) predikningar fr\u00e5n ig\u00e5r. S\u00e5 f\u00e5r det bli n\u00e4r det \u00e4r tillr\u00e4ckligt olika omst\u00e4ndigheter. Det var v\u00e4ldigt fint p\u00e5 b\u00e5da st\u00e4llena, f\u00f6rst med dop av en liten ett\u00e5ring i \u00d6lsremma med k\u00f6rbes\u00f6k av min k\u00e4ra Husabyk\u00f6r, sedan p\u00e5 kv\u00e4llen gospelmusikgudstj\u00e4nst d\u00e4r jag ocks\u00e5 sade n\u00e5gra ord. Hoppas det [&hellip;]\" \/>\n<meta property=\"og:url\" content=\"https:\/\/blogg.svenskakyrkan.se\/vandravagen\/2018\/06\/04\/tva-predikningar-om-ett-liv-med-anden-grundat-pa-dopet\/\" \/>\n<meta property=\"og:site_name\" content=\"Vandra V\u00e4gen\" \/>\n<meta property=\"article:publisher\" content=\"http:\/\/facebook.com\/vandravagen\" \/>\n<meta property=\"article:published_time\" content=\"2018-06-04T07:34:51+00:00\" \/>\n<meta name=\"author\" content=\"Tomas Jarvid\" \/>\n<meta name=\"twitter:card\" content=\"summary_large_image\" \/>\n<meta name=\"twitter:creator\" content=\"@fadertomas\" \/>\n<meta name=\"twitter:site\" content=\"@fadertomas\" \/>\n<meta name=\"twitter:label1\" content=\"Skriven av\" \/>\n\t<meta name=\"twitter:data1\" content=\"Tomas Jarvid\" \/>\n\t<meta name=\"twitter:label2\" content=\"Ber\u00e4knad l\u00e4stid\" \/>\n\t<meta name=\"twitter:data2\" content=\"10 minuter\" \/>\n<script type=\"application\/ld+json\" class=\"yoast-schema-graph\">{\"@context\":\"https:\/\/schema.org\",\"@graph\":[{\"@type\":\"Article\",\"@id\":\"https:\/\/blogg.svenskakyrkan.se\/vandravagen\/2018\/06\/04\/tva-predikningar-om-ett-liv-med-anden-grundat-pa-dopet\/#article\",\"isPartOf\":{\"@id\":\"https:\/\/blogg.svenskakyrkan.se\/vandravagen\/2018\/06\/04\/tva-predikningar-om-ett-liv-med-anden-grundat-pa-dopet\/\"},\"author\":{\"name\":\"Tomas Jarvid\",\"@id\":\"https:\/\/blogg.svenskakyrkan.se\/vandravagen\/#\/schema\/person\/25da02d4f76b137d04291711e2c9fc16\"},\"headline\":\"TV\u00c5 predikningar om ett liv med Anden grundat p\u00e5 dopet\",\"datePublished\":\"2018-06-04T07:34:51+00:00\",\"mainEntityOfPage\":{\"@id\":\"https:\/\/blogg.svenskakyrkan.se\/vandravagen\/2018\/06\/04\/tva-predikningar-om-ett-liv-med-anden-grundat-pa-dopet\/\"},\"wordCount\":1935,\"commentCount\":2,\"publisher\":{\"@id\":\"https:\/\/blogg.svenskakyrkan.se\/vandravagen\/#organization\"},\"image\":{\"@id\":\"https:\/\/blogg.svenskakyrkan.se\/vandravagen\/2018\/06\/04\/tva-predikningar-om-ett-liv-med-anden-grundat-pa-dopet\/#primaryimage\"},\"thumbnailUrl\":\"https:\/\/blogg.svenskakyrkan.se\/vandravagen\/files\/2018\/06\/anoniem-jezus-nicodemus_grt.jpg\",\"articleSection\":[\"Dagens Kyrka\",\"predikan\"],\"inLanguage\":\"sv-SE\",\"potentialAction\":[{\"@type\":\"CommentAction\",\"name\":\"Comment\",\"target\":[\"https:\/\/blogg.svenskakyrkan.se\/vandravagen\/2018\/06\/04\/tva-predikningar-om-ett-liv-med-anden-grundat-pa-dopet\/#respond\"]}]},{\"@type\":\"WebPage\",\"@id\":\"https:\/\/blogg.svenskakyrkan.se\/vandravagen\/2018\/06\/04\/tva-predikningar-om-ett-liv-med-anden-grundat-pa-dopet\/\",\"url\":\"https:\/\/blogg.svenskakyrkan.se\/vandravagen\/2018\/06\/04\/tva-predikningar-om-ett-liv-med-anden-grundat-pa-dopet\/\",\"name\":\"TV\u00c5 predikningar om ett liv med Anden grundat p\u00e5 dopet - Vandra V\u00e4gen\",\"isPartOf\":{\"@id\":\"https:\/\/blogg.svenskakyrkan.se\/vandravagen\/#website\"},\"primaryImageOfPage\":{\"@id\":\"https:\/\/blogg.svenskakyrkan.se\/vandravagen\/2018\/06\/04\/tva-predikningar-om-ett-liv-med-anden-grundat-pa-dopet\/#primaryimage\"},\"image\":{\"@id\":\"https:\/\/blogg.svenskakyrkan.se\/vandravagen\/2018\/06\/04\/tva-predikningar-om-ett-liv-med-anden-grundat-pa-dopet\/#primaryimage\"},\"thumbnailUrl\":\"https:\/\/blogg.svenskakyrkan.se\/vandravagen\/files\/2018\/06\/anoniem-jezus-nicodemus_grt.jpg\",\"datePublished\":\"2018-06-04T07:34:51+00:00\",\"breadcrumb\":{\"@id\":\"https:\/\/blogg.svenskakyrkan.se\/vandravagen\/2018\/06\/04\/tva-predikningar-om-ett-liv-med-anden-grundat-pa-dopet\/#breadcrumb\"},\"inLanguage\":\"sv-SE\",\"potentialAction\":[{\"@type\":\"ReadAction\",\"target\":[\"https:\/\/blogg.svenskakyrkan.se\/vandravagen\/2018\/06\/04\/tva-predikningar-om-ett-liv-med-anden-grundat-pa-dopet\/\"]}]},{\"@type\":\"ImageObject\",\"inLanguage\":\"sv-SE\",\"@id\":\"https:\/\/blogg.svenskakyrkan.se\/vandravagen\/2018\/06\/04\/tva-predikningar-om-ett-liv-med-anden-grundat-pa-dopet\/#primaryimage\",\"url\":\"https:\/\/blogg.svenskakyrkan.se\/vandravagen\/files\/2018\/06\/anoniem-jezus-nicodemus_grt.jpg\",\"contentUrl\":\"https:\/\/blogg.svenskakyrkan.se\/vandravagen\/files\/2018\/06\/anoniem-jezus-nicodemus_grt.jpg\",\"width\":1180,\"height\":887,\"caption\":\"Nattligt samtal mellan Jesus och Nikodemos.\"},{\"@type\":\"BreadcrumbList\",\"@id\":\"https:\/\/blogg.svenskakyrkan.se\/vandravagen\/2018\/06\/04\/tva-predikningar-om-ett-liv-med-anden-grundat-pa-dopet\/#breadcrumb\",\"itemListElement\":[{\"@type\":\"ListItem\",\"position\":1,\"name\":\"Hem\",\"item\":\"https:\/\/blogg.svenskakyrkan.se\/vandravagen\/\"},{\"@type\":\"ListItem\",\"position\":2,\"name\":\"TV\u00c5 predikningar om ett liv med Anden grundat p\u00e5 dopet\"}]},{\"@type\":\"WebSite\",\"@id\":\"https:\/\/blogg.svenskakyrkan.se\/vandravagen\/#website\",\"url\":\"https:\/\/blogg.svenskakyrkan.se\/vandravagen\/\",\"name\":\"Vandra V\u00e4gen\",\"description\":\"-Mot en tro f\u00f6r hela livet\",\"publisher\":{\"@id\":\"https:\/\/blogg.svenskakyrkan.se\/vandravagen\/#organization\"},\"potentialAction\":[{\"@type\":\"SearchAction\",\"target\":{\"@type\":\"EntryPoint\",\"urlTemplate\":\"https:\/\/blogg.svenskakyrkan.se\/vandravagen\/?s={search_term_string}\"},\"query-input\":{\"@type\":\"PropertyValueSpecification\",\"valueRequired\":true,\"valueName\":\"search_term_string\"}}],\"inLanguage\":\"sv-SE\"},{\"@type\":\"Organization\",\"@id\":\"https:\/\/blogg.svenskakyrkan.se\/vandravagen\/#organization\",\"name\":\"ulricehamns pastorat\",\"alternateName\":\"ulricehamns pastorat\",\"url\":\"https:\/\/blogg.svenskakyrkan.se\/vandravagen\/\",\"logo\":{\"@type\":\"ImageObject\",\"inLanguage\":\"sv-SE\",\"@id\":\"https:\/\/blogg.svenskakyrkan.se\/vandravagen\/#\/schema\/logo\/image\/\",\"url\":\"https:\/\/blogg.svenskakyrkan.se\/vandravagen\/files\/2023\/05\/Ulr_logo_RGB.png\",\"contentUrl\":\"https:\/\/blogg.svenskakyrkan.se\/vandravagen\/files\/2023\/05\/Ulr_logo_RGB.png\",\"width\":205,\"height\":77,\"caption\":\"ulricehamns pastorat\"},\"image\":{\"@id\":\"https:\/\/blogg.svenskakyrkan.se\/vandravagen\/#\/schema\/logo\/image\/\"},\"sameAs\":[\"http:\/\/facebook.com\/vandravagen\",\"https:\/\/x.com\/fadertomas\",\"http:\/\/www.facebook.com\/svenskakyrkaniulricehamn\"]},{\"@type\":\"Person\",\"@id\":\"https:\/\/blogg.svenskakyrkan.se\/vandravagen\/#\/schema\/person\/25da02d4f76b137d04291711e2c9fc16\",\"name\":\"Tomas Jarvid\",\"image\":{\"@type\":\"ImageObject\",\"inLanguage\":\"sv-SE\",\"@id\":\"https:\/\/blogg.svenskakyrkan.se\/vandravagen\/#\/schema\/person\/image\/\",\"url\":\"https:\/\/secure.gravatar.com\/avatar\/7fa71899795e8f540f615a1f5ab25255dc27aa40f05ee7ddd21aac521e01bf50?s=96&d=identicon&r=g\",\"contentUrl\":\"https:\/\/secure.gravatar.com\/avatar\/7fa71899795e8f540f615a1f5ab25255dc27aa40f05ee7ddd21aac521e01bf50?s=96&d=identicon&r=g\",\"caption\":\"Tomas Jarvid\"},\"description\":\"Jag bor i Ulricehamn i V\u00e4sterg\u00f6tland och \u00e4r f\u00f6rsamlingspr\u00e4st i Svenska Kyrkan f\u00f6r Dalstorps f\u00f6rsamling i Kinds pastorat. P\u00e5 den h\u00e4r bloggen skriver jag ner tankar om vandringen som kristen.\",\"sameAs\":[\"http:\/\/www.vandravagen.se\"],\"url\":\"https:\/\/blogg.svenskakyrkan.se\/vandravagen\/author\/vandravagen\/\"}]}<\/script>\n<!-- \/ Yoast SEO plugin. -->","yoast_head_json":{"title":"TV\u00c5 predikningar om ett liv med Anden grundat p\u00e5 dopet - Vandra V\u00e4gen","robots":{"index":"index","follow":"follow","max-snippet":"max-snippet:-1","max-image-preview":"max-image-preview:large","max-video-preview":"max-video-preview:-1"},"canonical":"https:\/\/blogg.svenskakyrkan.se\/vandravagen\/2018\/06\/04\/tva-predikningar-om-ett-liv-med-anden-grundat-pa-dopet\/","og_locale":"sv_SE","og_type":"article","og_title":"TV\u00c5 predikningar om ett liv med Anden grundat p\u00e5 dopet - Vandra V\u00e4gen","og_description":"H\u00e4r \u00e4r nu som utlovat mina tv\u00e5 (!) predikningar fr\u00e5n ig\u00e5r. S\u00e5 f\u00e5r det bli n\u00e4r det \u00e4r tillr\u00e4ckligt olika omst\u00e4ndigheter. Det var v\u00e4ldigt fint p\u00e5 b\u00e5da st\u00e4llena, f\u00f6rst med dop av en liten ett\u00e5ring i \u00d6lsremma med k\u00f6rbes\u00f6k av min k\u00e4ra Husabyk\u00f6r, sedan p\u00e5 kv\u00e4llen gospelmusikgudstj\u00e4nst d\u00e4r jag ocks\u00e5 sade n\u00e5gra ord. Hoppas det [&hellip;]","og_url":"https:\/\/blogg.svenskakyrkan.se\/vandravagen\/2018\/06\/04\/tva-predikningar-om-ett-liv-med-anden-grundat-pa-dopet\/","og_site_name":"Vandra V\u00e4gen","article_publisher":"http:\/\/facebook.com\/vandravagen","article_published_time":"2018-06-04T07:34:51+00:00","author":"Tomas Jarvid","twitter_card":"summary_large_image","twitter_creator":"@fadertomas","twitter_site":"@fadertomas","twitter_misc":{"Skriven av":"Tomas Jarvid","Ber\u00e4knad l\u00e4stid":"10 minuter"},"schema":{"@context":"https:\/\/schema.org","@graph":[{"@type":"Article","@id":"https:\/\/blogg.svenskakyrkan.se\/vandravagen\/2018\/06\/04\/tva-predikningar-om-ett-liv-med-anden-grundat-pa-dopet\/#article","isPartOf":{"@id":"https:\/\/blogg.svenskakyrkan.se\/vandravagen\/2018\/06\/04\/tva-predikningar-om-ett-liv-med-anden-grundat-pa-dopet\/"},"author":{"name":"Tomas Jarvid","@id":"https:\/\/blogg.svenskakyrkan.se\/vandravagen\/#\/schema\/person\/25da02d4f76b137d04291711e2c9fc16"},"headline":"TV\u00c5 predikningar om ett liv med Anden grundat p\u00e5 dopet","datePublished":"2018-06-04T07:34:51+00:00","mainEntityOfPage":{"@id":"https:\/\/blogg.svenskakyrkan.se\/vandravagen\/2018\/06\/04\/tva-predikningar-om-ett-liv-med-anden-grundat-pa-dopet\/"},"wordCount":1935,"commentCount":2,"publisher":{"@id":"https:\/\/blogg.svenskakyrkan.se\/vandravagen\/#organization"},"image":{"@id":"https:\/\/blogg.svenskakyrkan.se\/vandravagen\/2018\/06\/04\/tva-predikningar-om-ett-liv-med-anden-grundat-pa-dopet\/#primaryimage"},"thumbnailUrl":"https:\/\/blogg.svenskakyrkan.se\/vandravagen\/files\/2018\/06\/anoniem-jezus-nicodemus_grt.jpg","articleSection":["Dagens Kyrka","predikan"],"inLanguage":"sv-SE","potentialAction":[{"@type":"CommentAction","name":"Comment","target":["https:\/\/blogg.svenskakyrkan.se\/vandravagen\/2018\/06\/04\/tva-predikningar-om-ett-liv-med-anden-grundat-pa-dopet\/#respond"]}]},{"@type":"WebPage","@id":"https:\/\/blogg.svenskakyrkan.se\/vandravagen\/2018\/06\/04\/tva-predikningar-om-ett-liv-med-anden-grundat-pa-dopet\/","url":"https:\/\/blogg.svenskakyrkan.se\/vandravagen\/2018\/06\/04\/tva-predikningar-om-ett-liv-med-anden-grundat-pa-dopet\/","name":"TV\u00c5 predikningar om ett liv med Anden grundat p\u00e5 dopet - Vandra V\u00e4gen","isPartOf":{"@id":"https:\/\/blogg.svenskakyrkan.se\/vandravagen\/#website"},"primaryImageOfPage":{"@id":"https:\/\/blogg.svenskakyrkan.se\/vandravagen\/2018\/06\/04\/tva-predikningar-om-ett-liv-med-anden-grundat-pa-dopet\/#primaryimage"},"image":{"@id":"https:\/\/blogg.svenskakyrkan.se\/vandravagen\/2018\/06\/04\/tva-predikningar-om-ett-liv-med-anden-grundat-pa-dopet\/#primaryimage"},"thumbnailUrl":"https:\/\/blogg.svenskakyrkan.se\/vandravagen\/files\/2018\/06\/anoniem-jezus-nicodemus_grt.jpg","datePublished":"2018-06-04T07:34:51+00:00","breadcrumb":{"@id":"https:\/\/blogg.svenskakyrkan.se\/vandravagen\/2018\/06\/04\/tva-predikningar-om-ett-liv-med-anden-grundat-pa-dopet\/#breadcrumb"},"inLanguage":"sv-SE","potentialAction":[{"@type":"ReadAction","target":["https:\/\/blogg.svenskakyrkan.se\/vandravagen\/2018\/06\/04\/tva-predikningar-om-ett-liv-med-anden-grundat-pa-dopet\/"]}]},{"@type":"ImageObject","inLanguage":"sv-SE","@id":"https:\/\/blogg.svenskakyrkan.se\/vandravagen\/2018\/06\/04\/tva-predikningar-om-ett-liv-med-anden-grundat-pa-dopet\/#primaryimage","url":"https:\/\/blogg.svenskakyrkan.se\/vandravagen\/files\/2018\/06\/anoniem-jezus-nicodemus_grt.jpg","contentUrl":"https:\/\/blogg.svenskakyrkan.se\/vandravagen\/files\/2018\/06\/anoniem-jezus-nicodemus_grt.jpg","width":1180,"height":887,"caption":"Nattligt samtal mellan Jesus och Nikodemos."},{"@type":"BreadcrumbList","@id":"https:\/\/blogg.svenskakyrkan.se\/vandravagen\/2018\/06\/04\/tva-predikningar-om-ett-liv-med-anden-grundat-pa-dopet\/#breadcrumb","itemListElement":[{"@type":"ListItem","position":1,"name":"Hem","item":"https:\/\/blogg.svenskakyrkan.se\/vandravagen\/"},{"@type":"ListItem","position":2,"name":"TV\u00c5 predikningar om ett liv med Anden grundat p\u00e5 dopet"}]},{"@type":"WebSite","@id":"https:\/\/blogg.svenskakyrkan.se\/vandravagen\/#website","url":"https:\/\/blogg.svenskakyrkan.se\/vandravagen\/","name":"Vandra V\u00e4gen","description":"-Mot en tro f\u00f6r hela livet","publisher":{"@id":"https:\/\/blogg.svenskakyrkan.se\/vandravagen\/#organization"},"potentialAction":[{"@type":"SearchAction","target":{"@type":"EntryPoint","urlTemplate":"https:\/\/blogg.svenskakyrkan.se\/vandravagen\/?s={search_term_string}"},"query-input":{"@type":"PropertyValueSpecification","valueRequired":true,"valueName":"search_term_string"}}],"inLanguage":"sv-SE"},{"@type":"Organization","@id":"https:\/\/blogg.svenskakyrkan.se\/vandravagen\/#organization","name":"ulricehamns pastorat","alternateName":"ulricehamns pastorat","url":"https:\/\/blogg.svenskakyrkan.se\/vandravagen\/","logo":{"@type":"ImageObject","inLanguage":"sv-SE","@id":"https:\/\/blogg.svenskakyrkan.se\/vandravagen\/#\/schema\/logo\/image\/","url":"https:\/\/blogg.svenskakyrkan.se\/vandravagen\/files\/2023\/05\/Ulr_logo_RGB.png","contentUrl":"https:\/\/blogg.svenskakyrkan.se\/vandravagen\/files\/2023\/05\/Ulr_logo_RGB.png","width":205,"height":77,"caption":"ulricehamns pastorat"},"image":{"@id":"https:\/\/blogg.svenskakyrkan.se\/vandravagen\/#\/schema\/logo\/image\/"},"sameAs":["http:\/\/facebook.com\/vandravagen","https:\/\/x.com\/fadertomas","http:\/\/www.facebook.com\/svenskakyrkaniulricehamn"]},{"@type":"Person","@id":"https:\/\/blogg.svenskakyrkan.se\/vandravagen\/#\/schema\/person\/25da02d4f76b137d04291711e2c9fc16","name":"Tomas Jarvid","image":{"@type":"ImageObject","inLanguage":"sv-SE","@id":"https:\/\/blogg.svenskakyrkan.se\/vandravagen\/#\/schema\/person\/image\/","url":"https:\/\/secure.gravatar.com\/avatar\/7fa71899795e8f540f615a1f5ab25255dc27aa40f05ee7ddd21aac521e01bf50?s=96&d=identicon&r=g","contentUrl":"https:\/\/secure.gravatar.com\/avatar\/7fa71899795e8f540f615a1f5ab25255dc27aa40f05ee7ddd21aac521e01bf50?s=96&d=identicon&r=g","caption":"Tomas Jarvid"},"description":"Jag bor i Ulricehamn i V\u00e4sterg\u00f6tland och \u00e4r f\u00f6rsamlingspr\u00e4st i Svenska Kyrkan f\u00f6r Dalstorps f\u00f6rsamling i Kinds pastorat. P\u00e5 den h\u00e4r bloggen skriver jag ner tankar om vandringen som kristen.","sameAs":["http:\/\/www.vandravagen.se"],"url":"https:\/\/blogg.svenskakyrkan.se\/vandravagen\/author\/vandravagen\/"}]}},"author_meta":{"ID":"392","user_nicename":"vandravagen","user_url":"http:\/\/www.vandravagen.se","user_registered":"2014-05-19 05:44:52","display_name":"Tomas Jarvid","first_name":"Tomas","last_name":"Jarvid","avatar":"https:\/\/secure.gravatar.com\/avatar\/7fa71899795e8f540f615a1f5ab25255dc27aa40f05ee7ddd21aac521e01bf50?s=96&d=identicon&r=g"},"featured_image":["https:\/\/blogg.svenskakyrkan.se\/vandravagen\/files\/2018\/06\/anoniem-jezus-nicodemus_grt-1024x770.jpg",1024,770,true],"bloginfo":{"name":"Vandra V\u00e4gen","url":"https:\/\/blogg.svenskakyrkan.se\/vandravagen"},"_links":{"self":[{"href":"https:\/\/blogg.svenskakyrkan.se\/vandravagen\/wp-json\/wp\/v2\/posts\/6417","targetHints":{"allow":["GET"]}}],"collection":[{"href":"https:\/\/blogg.svenskakyrkan.se\/vandravagen\/wp-json\/wp\/v2\/posts"}],"about":[{"href":"https:\/\/blogg.svenskakyrkan.se\/vandravagen\/wp-json\/wp\/v2\/types\/post"}],"author":[{"embeddable":true,"href":"https:\/\/blogg.svenskakyrkan.se\/vandravagen\/wp-json\/wp\/v2\/users\/392"}],"replies":[{"embeddable":true,"href":"https:\/\/blogg.svenskakyrkan.se\/vandravagen\/wp-json\/wp\/v2\/comments?post=6417"}],"version-history":[{"count":1,"href":"https:\/\/blogg.svenskakyrkan.se\/vandravagen\/wp-json\/wp\/v2\/posts\/6417\/revisions"}],"predecessor-version":[{"id":6419,"href":"https:\/\/blogg.svenskakyrkan.se\/vandravagen\/wp-json\/wp\/v2\/posts\/6417\/revisions\/6419"}],"wp:featuredmedia":[{"embeddable":true,"href":"https:\/\/blogg.svenskakyrkan.se\/vandravagen\/wp-json\/wp\/v2\/media\/6418"}],"wp:attachment":[{"href":"https:\/\/blogg.svenskakyrkan.se\/vandravagen\/wp-json\/wp\/v2\/media?parent=6417"}],"wp:term":[{"taxonomy":"category","embeddable":true,"href":"https:\/\/blogg.svenskakyrkan.se\/vandravagen\/wp-json\/wp\/v2\/categories?post=6417"},{"taxonomy":"post_tag","embeddable":true,"href":"https:\/\/blogg.svenskakyrkan.se\/vandravagen\/wp-json\/wp\/v2\/tags?post=6417"}],"curies":[{"name":"wp","href":"https:\/\/api.w.org\/{rel}","templated":true}]}}