{"id":643,"date":"2013-03-29T09:35:00","date_gmt":"2013-03-29T08:35:00","guid":{"rendered":"http:\/\/blogg.svenskakyrkan.se\/vandravagen\/2013\/03\/29\/korsfastelsens-ikon\/"},"modified":"2013-03-29T09:35:00","modified_gmt":"2013-03-29T08:35:00","slug":"korsfastelsens-ikon","status":"publish","type":"post","link":"https:\/\/blogg.svenskakyrkan.se\/vandravagen\/2013\/03\/29\/korsfastelsens-ikon\/","title":{"rendered":"Korsf\u00e4stelsens ikon"},"content":{"rendered":"<div><a href=\"http:\/\/holy-icons.com\/site\/wp-content\/uploads\/2009\/08\/crucifixionlarge.jpg\"><img loading=\"lazy\" decoding=\"async\" border=\"0\" height=\"640\" src=\"http:\/\/holy-icons.com\/site\/wp-content\/uploads\/2009\/08\/crucifixionlarge.jpg\" width=\"528\"><\/a><\/div>\n<div><\/div>\n<div>Korsf\u00e4stelsen \u00e4r ett vanligare motiv i v\u00e4stkyrkan \u00e4n i \u00f6st. P\u00e5 ikonerna ser man inte heller det utm\u00e4rglade och pl\u00e5gade sm\u00e4rtomannen eftersom ikonen alltid visar m\u00e4nniskan f\u00f6rh\u00e4rligad. Redan p\u00e5 korset pekar ikonen vidare mot uppst\u00e5ndelsen. Dock h\u00e4nger Jesus med huvudet och har blivit avkl\u00e4dd sina kl\u00e4der, ber\u00f6vad allt. \u00c4ven sitt liv.<\/div>\n<div><\/div>\n<div>Vid korset st\u00e5r Maria och en annan kvinna, Johannes och en romersk soldat. Han som s\u00e4ger &#8221;den mannen m\u00e5ste ha varit Guds son&#8221;.<\/div>\n<div><\/div>\n<div>I bakgrunden ser vi Jerusalems murar (eller templet?) och under korset ser vi den gamle Adams skalle. Det \u00e4r m\u00e4nskligheten, d\u00f6d i sina synder, som f\u00e5r nytt liv genom Jesus. Adams huvud ligger i n\u00e5got som p\u00e5minner om Jesu grav. Jesus g\u00e5r in i d\u00f6den f\u00f6r att sk\u00e4nka oss livet \u00e5ter.<\/div>\n<div><\/div>\n<div>Det \u00e4r inte m\u00e5nga som stannar vid korset. De flesta \u00e4r r\u00e4dda eller tycker att det \u00e4r obehagligt. S\u00e5 \u00e4r det nog ocks\u00e5 idag men p\u00e5skens v\u00e4g \u00e4r v\u00e4gen fr\u00e5n d\u00f6d till liv. Ju djupare vi v\u00e5gar se m\u00f6rkret desto mer inser vi kraften i uppst\u00e5ndelsen.<\/div><\/p>\n","protected":false},"excerpt":{"rendered":"<p>Korsf\u00e4stelsen \u00e4r ett vanligare motiv i v\u00e4stkyrkan \u00e4n i \u00f6st. P\u00e5 ikonerna ser man inte heller det utm\u00e4rglade och pl\u00e5gade sm\u00e4rtomannen eftersom ikonen alltid visar m\u00e4nniskan f\u00f6rh\u00e4rligad. Redan p\u00e5 korset pekar ikonen vidare mot uppst\u00e5ndelsen. Dock h\u00e4nger Jesus med huvudet och har blivit avkl\u00e4dd sina kl\u00e4der, ber\u00f6vad allt. \u00c4ven sitt liv. Vid korset st\u00e5r Maria [&hellip;]<\/p>\n","protected":false},"author":392,"featured_media":0,"comment_status":"open","ping_status":"open","sticky":false,"template":"","format":"standard","meta":{"_acf_changed":false,"footnotes":""},"categories":[56,8252,117],"tags":[],"class_list":["post-643","post","type-post","status-publish","format-standard","hentry","category-bilder","category-kyrkoaret","category-teologi"],"acf":[],"yoast_head":"<!-- This site is optimized with the Yoast SEO plugin v27.1.1 - https:\/\/yoast.com\/product\/yoast-seo-wordpress\/ -->\n<title>Korsf\u00e4stelsens ikon - Vandra V\u00e4gen<\/title>\n<meta name=\"robots\" content=\"index, follow, max-snippet:-1, max-image-preview:large, max-video-preview:-1\" \/>\n<link rel=\"canonical\" href=\"https:\/\/blogg.svenskakyrkan.se\/vandravagen\/2013\/03\/29\/korsfastelsens-ikon\/\" \/>\n<meta property=\"og:locale\" content=\"sv_SE\" \/>\n<meta property=\"og:type\" content=\"article\" \/>\n<meta property=\"og:title\" content=\"Korsf\u00e4stelsens ikon - Vandra V\u00e4gen\" \/>\n<meta property=\"og:description\" content=\"Korsf\u00e4stelsen \u00e4r ett vanligare motiv i v\u00e4stkyrkan \u00e4n i \u00f6st. P\u00e5 ikonerna ser man inte heller det utm\u00e4rglade och pl\u00e5gade sm\u00e4rtomannen eftersom ikonen alltid visar m\u00e4nniskan f\u00f6rh\u00e4rligad. Redan p\u00e5 korset pekar ikonen vidare mot uppst\u00e5ndelsen. Dock h\u00e4nger Jesus med huvudet och har blivit avkl\u00e4dd sina kl\u00e4der, ber\u00f6vad allt. \u00c4ven sitt liv. Vid korset st\u00e5r Maria [&hellip;]\" \/>\n<meta property=\"og:url\" content=\"https:\/\/blogg.svenskakyrkan.se\/vandravagen\/2013\/03\/29\/korsfastelsens-ikon\/\" \/>\n<meta property=\"og:site_name\" content=\"Vandra V\u00e4gen\" \/>\n<meta property=\"article:publisher\" content=\"http:\/\/facebook.com\/vandravagen\" \/>\n<meta property=\"article:published_time\" content=\"2013-03-29T08:35:00+00:00\" \/>\n<meta property=\"og:image\" content=\"http:\/\/holy-icons.com\/site\/wp-content\/uploads\/2009\/08\/crucifixionlarge.jpg\" \/>\n<meta name=\"author\" content=\"Tomas Jarvid\" \/>\n<meta name=\"twitter:card\" content=\"summary_large_image\" \/>\n<meta name=\"twitter:creator\" content=\"@fadertomas\" \/>\n<meta name=\"twitter:site\" content=\"@fadertomas\" \/>\n<meta name=\"twitter:label1\" content=\"Skriven av\" \/>\n\t<meta name=\"twitter:data1\" content=\"Tomas Jarvid\" \/>\n\t<meta name=\"twitter:label2\" content=\"Ber\u00e4knad l\u00e4stid\" \/>\n\t<meta name=\"twitter:data2\" content=\"1 minut\" \/>\n<script type=\"application\/ld+json\" class=\"yoast-schema-graph\">{\"@context\":\"https:\/\/schema.org\",\"@graph\":[{\"@type\":\"Article\",\"@id\":\"https:\/\/blogg.svenskakyrkan.se\/vandravagen\/2013\/03\/29\/korsfastelsens-ikon\/#article\",\"isPartOf\":{\"@id\":\"https:\/\/blogg.svenskakyrkan.se\/vandravagen\/2013\/03\/29\/korsfastelsens-ikon\/\"},\"author\":{\"name\":\"Tomas Jarvid\",\"@id\":\"https:\/\/blogg.svenskakyrkan.se\/vandravagen\/#\/schema\/person\/25da02d4f76b137d04291711e2c9fc16\"},\"headline\":\"Korsf\u00e4stelsens ikon\",\"datePublished\":\"2013-03-29T08:35:00+00:00\",\"mainEntityOfPage\":{\"@id\":\"https:\/\/blogg.svenskakyrkan.se\/vandravagen\/2013\/03\/29\/korsfastelsens-ikon\/\"},\"wordCount\":209,\"commentCount\":2,\"publisher\":{\"@id\":\"https:\/\/blogg.svenskakyrkan.se\/vandravagen\/#organization\"},\"image\":{\"@id\":\"https:\/\/blogg.svenskakyrkan.se\/vandravagen\/2013\/03\/29\/korsfastelsens-ikon\/#primaryimage\"},\"thumbnailUrl\":\"http:\/\/holy-icons.com\/site\/wp-content\/uploads\/2009\/08\/crucifixionlarge.jpg\",\"articleSection\":[\"bilder\",\"kyrko\u00e5ret\",\"Teologi\"],\"inLanguage\":\"sv-SE\",\"potentialAction\":[{\"@type\":\"CommentAction\",\"name\":\"Comment\",\"target\":[\"https:\/\/blogg.svenskakyrkan.se\/vandravagen\/2013\/03\/29\/korsfastelsens-ikon\/#respond\"]}]},{\"@type\":\"WebPage\",\"@id\":\"https:\/\/blogg.svenskakyrkan.se\/vandravagen\/2013\/03\/29\/korsfastelsens-ikon\/\",\"url\":\"https:\/\/blogg.svenskakyrkan.se\/vandravagen\/2013\/03\/29\/korsfastelsens-ikon\/\",\"name\":\"Korsf\u00e4stelsens ikon - Vandra V\u00e4gen\",\"isPartOf\":{\"@id\":\"https:\/\/blogg.svenskakyrkan.se\/vandravagen\/#website\"},\"primaryImageOfPage\":{\"@id\":\"https:\/\/blogg.svenskakyrkan.se\/vandravagen\/2013\/03\/29\/korsfastelsens-ikon\/#primaryimage\"},\"image\":{\"@id\":\"https:\/\/blogg.svenskakyrkan.se\/vandravagen\/2013\/03\/29\/korsfastelsens-ikon\/#primaryimage\"},\"thumbnailUrl\":\"http:\/\/holy-icons.com\/site\/wp-content\/uploads\/2009\/08\/crucifixionlarge.jpg\",\"datePublished\":\"2013-03-29T08:35:00+00:00\",\"breadcrumb\":{\"@id\":\"https:\/\/blogg.svenskakyrkan.se\/vandravagen\/2013\/03\/29\/korsfastelsens-ikon\/#breadcrumb\"},\"inLanguage\":\"sv-SE\",\"potentialAction\":[{\"@type\":\"ReadAction\",\"target\":[\"https:\/\/blogg.svenskakyrkan.se\/vandravagen\/2013\/03\/29\/korsfastelsens-ikon\/\"]}]},{\"@type\":\"ImageObject\",\"inLanguage\":\"sv-SE\",\"@id\":\"https:\/\/blogg.svenskakyrkan.se\/vandravagen\/2013\/03\/29\/korsfastelsens-ikon\/#primaryimage\",\"url\":\"http:\/\/holy-icons.com\/site\/wp-content\/uploads\/2009\/08\/crucifixionlarge.jpg\",\"contentUrl\":\"http:\/\/holy-icons.com\/site\/wp-content\/uploads\/2009\/08\/crucifixionlarge.jpg\"},{\"@type\":\"BreadcrumbList\",\"@id\":\"https:\/\/blogg.svenskakyrkan.se\/vandravagen\/2013\/03\/29\/korsfastelsens-ikon\/#breadcrumb\",\"itemListElement\":[{\"@type\":\"ListItem\",\"position\":1,\"name\":\"Hem\",\"item\":\"https:\/\/blogg.svenskakyrkan.se\/vandravagen\/\"},{\"@type\":\"ListItem\",\"position\":2,\"name\":\"Korsf\u00e4stelsens ikon\"}]},{\"@type\":\"WebSite\",\"@id\":\"https:\/\/blogg.svenskakyrkan.se\/vandravagen\/#website\",\"url\":\"https:\/\/blogg.svenskakyrkan.se\/vandravagen\/\",\"name\":\"Vandra V\u00e4gen\",\"description\":\"-Mot en tro f\u00f6r hela livet\",\"publisher\":{\"@id\":\"https:\/\/blogg.svenskakyrkan.se\/vandravagen\/#organization\"},\"potentialAction\":[{\"@type\":\"SearchAction\",\"target\":{\"@type\":\"EntryPoint\",\"urlTemplate\":\"https:\/\/blogg.svenskakyrkan.se\/vandravagen\/?s={search_term_string}\"},\"query-input\":{\"@type\":\"PropertyValueSpecification\",\"valueRequired\":true,\"valueName\":\"search_term_string\"}}],\"inLanguage\":\"sv-SE\"},{\"@type\":\"Organization\",\"@id\":\"https:\/\/blogg.svenskakyrkan.se\/vandravagen\/#organization\",\"name\":\"ulricehamns pastorat\",\"alternateName\":\"ulricehamns pastorat\",\"url\":\"https:\/\/blogg.svenskakyrkan.se\/vandravagen\/\",\"logo\":{\"@type\":\"ImageObject\",\"inLanguage\":\"sv-SE\",\"@id\":\"https:\/\/blogg.svenskakyrkan.se\/vandravagen\/#\/schema\/logo\/image\/\",\"url\":\"https:\/\/blogg.svenskakyrkan.se\/vandravagen\/files\/2023\/05\/Ulr_logo_RGB.png\",\"contentUrl\":\"https:\/\/blogg.svenskakyrkan.se\/vandravagen\/files\/2023\/05\/Ulr_logo_RGB.png\",\"width\":205,\"height\":77,\"caption\":\"ulricehamns pastorat\"},\"image\":{\"@id\":\"https:\/\/blogg.svenskakyrkan.se\/vandravagen\/#\/schema\/logo\/image\/\"},\"sameAs\":[\"http:\/\/facebook.com\/vandravagen\",\"https:\/\/x.com\/fadertomas\",\"http:\/\/www.facebook.com\/svenskakyrkaniulricehamn\"]},{\"@type\":\"Person\",\"@id\":\"https:\/\/blogg.svenskakyrkan.se\/vandravagen\/#\/schema\/person\/25da02d4f76b137d04291711e2c9fc16\",\"name\":\"Tomas Jarvid\",\"image\":{\"@type\":\"ImageObject\",\"inLanguage\":\"sv-SE\",\"@id\":\"https:\/\/blogg.svenskakyrkan.se\/vandravagen\/#\/schema\/person\/image\/\",\"url\":\"https:\/\/secure.gravatar.com\/avatar\/7fa71899795e8f540f615a1f5ab25255dc27aa40f05ee7ddd21aac521e01bf50?s=96&d=identicon&r=g\",\"contentUrl\":\"https:\/\/secure.gravatar.com\/avatar\/7fa71899795e8f540f615a1f5ab25255dc27aa40f05ee7ddd21aac521e01bf50?s=96&d=identicon&r=g\",\"caption\":\"Tomas Jarvid\"},\"description\":\"Jag bor i Ulricehamn i V\u00e4sterg\u00f6tland och \u00e4r f\u00f6rsamlingspr\u00e4st i Svenska Kyrkan f\u00f6r Dalstorps f\u00f6rsamling i Kinds pastorat. P\u00e5 den h\u00e4r bloggen skriver jag ner tankar om vandringen som kristen.\",\"sameAs\":[\"http:\/\/www.vandravagen.se\"],\"url\":\"https:\/\/blogg.svenskakyrkan.se\/vandravagen\/author\/vandravagen\/\"}]}<\/script>\n<!-- \/ Yoast SEO plugin. -->","yoast_head_json":{"title":"Korsf\u00e4stelsens ikon - Vandra V\u00e4gen","robots":{"index":"index","follow":"follow","max-snippet":"max-snippet:-1","max-image-preview":"max-image-preview:large","max-video-preview":"max-video-preview:-1"},"canonical":"https:\/\/blogg.svenskakyrkan.se\/vandravagen\/2013\/03\/29\/korsfastelsens-ikon\/","og_locale":"sv_SE","og_type":"article","og_title":"Korsf\u00e4stelsens ikon - Vandra V\u00e4gen","og_description":"Korsf\u00e4stelsen \u00e4r ett vanligare motiv i v\u00e4stkyrkan \u00e4n i \u00f6st. P\u00e5 ikonerna ser man inte heller det utm\u00e4rglade och pl\u00e5gade sm\u00e4rtomannen eftersom ikonen alltid visar m\u00e4nniskan f\u00f6rh\u00e4rligad. Redan p\u00e5 korset pekar ikonen vidare mot uppst\u00e5ndelsen. Dock h\u00e4nger Jesus med huvudet och har blivit avkl\u00e4dd sina kl\u00e4der, ber\u00f6vad allt. \u00c4ven sitt liv. Vid korset st\u00e5r Maria [&hellip;]","og_url":"https:\/\/blogg.svenskakyrkan.se\/vandravagen\/2013\/03\/29\/korsfastelsens-ikon\/","og_site_name":"Vandra V\u00e4gen","article_publisher":"http:\/\/facebook.com\/vandravagen","article_published_time":"2013-03-29T08:35:00+00:00","og_image":[{"url":"http:\/\/holy-icons.com\/site\/wp-content\/uploads\/2009\/08\/crucifixionlarge.jpg","type":"","width":"","height":""}],"author":"Tomas Jarvid","twitter_card":"summary_large_image","twitter_creator":"@fadertomas","twitter_site":"@fadertomas","twitter_misc":{"Skriven av":"Tomas Jarvid","Ber\u00e4knad l\u00e4stid":"1 minut"},"schema":{"@context":"https:\/\/schema.org","@graph":[{"@type":"Article","@id":"https:\/\/blogg.svenskakyrkan.se\/vandravagen\/2013\/03\/29\/korsfastelsens-ikon\/#article","isPartOf":{"@id":"https:\/\/blogg.svenskakyrkan.se\/vandravagen\/2013\/03\/29\/korsfastelsens-ikon\/"},"author":{"name":"Tomas Jarvid","@id":"https:\/\/blogg.svenskakyrkan.se\/vandravagen\/#\/schema\/person\/25da02d4f76b137d04291711e2c9fc16"},"headline":"Korsf\u00e4stelsens ikon","datePublished":"2013-03-29T08:35:00+00:00","mainEntityOfPage":{"@id":"https:\/\/blogg.svenskakyrkan.se\/vandravagen\/2013\/03\/29\/korsfastelsens-ikon\/"},"wordCount":209,"commentCount":2,"publisher":{"@id":"https:\/\/blogg.svenskakyrkan.se\/vandravagen\/#organization"},"image":{"@id":"https:\/\/blogg.svenskakyrkan.se\/vandravagen\/2013\/03\/29\/korsfastelsens-ikon\/#primaryimage"},"thumbnailUrl":"http:\/\/holy-icons.com\/site\/wp-content\/uploads\/2009\/08\/crucifixionlarge.jpg","articleSection":["bilder","kyrko\u00e5ret","Teologi"],"inLanguage":"sv-SE","potentialAction":[{"@type":"CommentAction","name":"Comment","target":["https:\/\/blogg.svenskakyrkan.se\/vandravagen\/2013\/03\/29\/korsfastelsens-ikon\/#respond"]}]},{"@type":"WebPage","@id":"https:\/\/blogg.svenskakyrkan.se\/vandravagen\/2013\/03\/29\/korsfastelsens-ikon\/","url":"https:\/\/blogg.svenskakyrkan.se\/vandravagen\/2013\/03\/29\/korsfastelsens-ikon\/","name":"Korsf\u00e4stelsens ikon - Vandra V\u00e4gen","isPartOf":{"@id":"https:\/\/blogg.svenskakyrkan.se\/vandravagen\/#website"},"primaryImageOfPage":{"@id":"https:\/\/blogg.svenskakyrkan.se\/vandravagen\/2013\/03\/29\/korsfastelsens-ikon\/#primaryimage"},"image":{"@id":"https:\/\/blogg.svenskakyrkan.se\/vandravagen\/2013\/03\/29\/korsfastelsens-ikon\/#primaryimage"},"thumbnailUrl":"http:\/\/holy-icons.com\/site\/wp-content\/uploads\/2009\/08\/crucifixionlarge.jpg","datePublished":"2013-03-29T08:35:00+00:00","breadcrumb":{"@id":"https:\/\/blogg.svenskakyrkan.se\/vandravagen\/2013\/03\/29\/korsfastelsens-ikon\/#breadcrumb"},"inLanguage":"sv-SE","potentialAction":[{"@type":"ReadAction","target":["https:\/\/blogg.svenskakyrkan.se\/vandravagen\/2013\/03\/29\/korsfastelsens-ikon\/"]}]},{"@type":"ImageObject","inLanguage":"sv-SE","@id":"https:\/\/blogg.svenskakyrkan.se\/vandravagen\/2013\/03\/29\/korsfastelsens-ikon\/#primaryimage","url":"http:\/\/holy-icons.com\/site\/wp-content\/uploads\/2009\/08\/crucifixionlarge.jpg","contentUrl":"http:\/\/holy-icons.com\/site\/wp-content\/uploads\/2009\/08\/crucifixionlarge.jpg"},{"@type":"BreadcrumbList","@id":"https:\/\/blogg.svenskakyrkan.se\/vandravagen\/2013\/03\/29\/korsfastelsens-ikon\/#breadcrumb","itemListElement":[{"@type":"ListItem","position":1,"name":"Hem","item":"https:\/\/blogg.svenskakyrkan.se\/vandravagen\/"},{"@type":"ListItem","position":2,"name":"Korsf\u00e4stelsens ikon"}]},{"@type":"WebSite","@id":"https:\/\/blogg.svenskakyrkan.se\/vandravagen\/#website","url":"https:\/\/blogg.svenskakyrkan.se\/vandravagen\/","name":"Vandra V\u00e4gen","description":"-Mot en tro f\u00f6r hela livet","publisher":{"@id":"https:\/\/blogg.svenskakyrkan.se\/vandravagen\/#organization"},"potentialAction":[{"@type":"SearchAction","target":{"@type":"EntryPoint","urlTemplate":"https:\/\/blogg.svenskakyrkan.se\/vandravagen\/?s={search_term_string}"},"query-input":{"@type":"PropertyValueSpecification","valueRequired":true,"valueName":"search_term_string"}}],"inLanguage":"sv-SE"},{"@type":"Organization","@id":"https:\/\/blogg.svenskakyrkan.se\/vandravagen\/#organization","name":"ulricehamns pastorat","alternateName":"ulricehamns pastorat","url":"https:\/\/blogg.svenskakyrkan.se\/vandravagen\/","logo":{"@type":"ImageObject","inLanguage":"sv-SE","@id":"https:\/\/blogg.svenskakyrkan.se\/vandravagen\/#\/schema\/logo\/image\/","url":"https:\/\/blogg.svenskakyrkan.se\/vandravagen\/files\/2023\/05\/Ulr_logo_RGB.png","contentUrl":"https:\/\/blogg.svenskakyrkan.se\/vandravagen\/files\/2023\/05\/Ulr_logo_RGB.png","width":205,"height":77,"caption":"ulricehamns pastorat"},"image":{"@id":"https:\/\/blogg.svenskakyrkan.se\/vandravagen\/#\/schema\/logo\/image\/"},"sameAs":["http:\/\/facebook.com\/vandravagen","https:\/\/x.com\/fadertomas","http:\/\/www.facebook.com\/svenskakyrkaniulricehamn"]},{"@type":"Person","@id":"https:\/\/blogg.svenskakyrkan.se\/vandravagen\/#\/schema\/person\/25da02d4f76b137d04291711e2c9fc16","name":"Tomas Jarvid","image":{"@type":"ImageObject","inLanguage":"sv-SE","@id":"https:\/\/blogg.svenskakyrkan.se\/vandravagen\/#\/schema\/person\/image\/","url":"https:\/\/secure.gravatar.com\/avatar\/7fa71899795e8f540f615a1f5ab25255dc27aa40f05ee7ddd21aac521e01bf50?s=96&d=identicon&r=g","contentUrl":"https:\/\/secure.gravatar.com\/avatar\/7fa71899795e8f540f615a1f5ab25255dc27aa40f05ee7ddd21aac521e01bf50?s=96&d=identicon&r=g","caption":"Tomas Jarvid"},"description":"Jag bor i Ulricehamn i V\u00e4sterg\u00f6tland och \u00e4r f\u00f6rsamlingspr\u00e4st i Svenska Kyrkan f\u00f6r Dalstorps f\u00f6rsamling i Kinds pastorat. P\u00e5 den h\u00e4r bloggen skriver jag ner tankar om vandringen som kristen.","sameAs":["http:\/\/www.vandravagen.se"],"url":"https:\/\/blogg.svenskakyrkan.se\/vandravagen\/author\/vandravagen\/"}]}},"author_meta":{"ID":"392","user_nicename":"vandravagen","user_url":"http:\/\/www.vandravagen.se","user_registered":"2014-05-19 05:44:52","display_name":"Tomas Jarvid","first_name":"Tomas","last_name":"Jarvid","avatar":"https:\/\/secure.gravatar.com\/avatar\/7fa71899795e8f540f615a1f5ab25255dc27aa40f05ee7ddd21aac521e01bf50?s=96&d=identicon&r=g"},"featured_image":false,"bloginfo":{"name":"Vandra V\u00e4gen","url":"https:\/\/blogg.svenskakyrkan.se\/vandravagen"},"_links":{"self":[{"href":"https:\/\/blogg.svenskakyrkan.se\/vandravagen\/wp-json\/wp\/v2\/posts\/643","targetHints":{"allow":["GET"]}}],"collection":[{"href":"https:\/\/blogg.svenskakyrkan.se\/vandravagen\/wp-json\/wp\/v2\/posts"}],"about":[{"href":"https:\/\/blogg.svenskakyrkan.se\/vandravagen\/wp-json\/wp\/v2\/types\/post"}],"author":[{"embeddable":true,"href":"https:\/\/blogg.svenskakyrkan.se\/vandravagen\/wp-json\/wp\/v2\/users\/392"}],"replies":[{"embeddable":true,"href":"https:\/\/blogg.svenskakyrkan.se\/vandravagen\/wp-json\/wp\/v2\/comments?post=643"}],"version-history":[{"count":0,"href":"https:\/\/blogg.svenskakyrkan.se\/vandravagen\/wp-json\/wp\/v2\/posts\/643\/revisions"}],"wp:attachment":[{"href":"https:\/\/blogg.svenskakyrkan.se\/vandravagen\/wp-json\/wp\/v2\/media?parent=643"}],"wp:term":[{"taxonomy":"category","embeddable":true,"href":"https:\/\/blogg.svenskakyrkan.se\/vandravagen\/wp-json\/wp\/v2\/categories?post=643"},{"taxonomy":"post_tag","embeddable":true,"href":"https:\/\/blogg.svenskakyrkan.se\/vandravagen\/wp-json\/wp\/v2\/tags?post=643"}],"curies":[{"name":"wp","href":"https:\/\/api.w.org\/{rel}","templated":true}]}}