{"id":6431,"date":"2018-06-18T07:00:24","date_gmt":"2018-06-18T05:00:24","guid":{"rendered":"http:\/\/blogg.svenskakyrkan.se\/vandravagen\/?p=6431"},"modified":"2018-06-17T21:48:15","modified_gmt":"2018-06-17T19:48:15","slug":"att-vara-forlorad-hitta-hem-till-sig-sjalv-och-till-gud","status":"publish","type":"post","link":"https:\/\/blogg.svenskakyrkan.se\/vandravagen\/2018\/06\/18\/att-vara-forlorad-hitta-hem-till-sig-sjalv-och-till-gud\/","title":{"rendered":"Att vara f\u00f6rlorad, hitta hem till sig sj\u00e4lv och till Gud"},"content":{"rendered":"<p>Ig\u00e5r predikade jag om &#8221;f\u00f6rlorad och \u00e5terfunnen&#8221; i gudstj\u00e4nsten i Hulared. Jag hade f\u00e5tt n\u00e5gon slags k\u00e4nsla av att jag borde tala om k\u00e4nslor den h\u00e4r g\u00e5ngen, kanske var det f\u00f6r din skull? Hoppas hur som helst att det h\u00e4r \u00e4r till gl\u00e4dje f\u00f6r dig.<\/p>\n<p>&nbsp;<\/p>\n<p>Predikan 17 juni 2018, 3e efter tref, f\u00f6rlorad och \u00e5terfunnen<\/p>\n<p>&nbsp;<\/p>\n<p>P\u00e5 samma s\u00e4tt blir det st\u00f6rre gl\u00e4dje \u00f6ver en syndare som omv\u00e4nder sig. \u00c4n \u00f6ver 99 r\u00e4ttf\u00e4rdiga som inte beh\u00f6ver omv\u00e4nda sig.<\/p>\n<p>S\u00e5 s\u00e4ger Jesus i slutet av sin liknelse. N\u00e5got s\u00e4ger mig att det \u00e4r ord som \u00e4r riktade \u00e5t alla m\u00f6jliga olika h\u00e5ll. Han \u00e4r ju anklagad f\u00f6r att \u00e4gna sig \u00e5t tullindrivare och syndare, och f\u00f6r dem \u00e4r det ju h\u00e4rligt att h\u00f6ra att v\u00e4gen till Gud \u00e4r \u00f6ppen och att det gl\u00e4der Gud att \u00e5terknyta banden med dem s\u00e5 v\u00e4ldigt.<\/p>\n<p>Sen \u00e4r det de d\u00e4r som Jesus ger svar p\u00e5 tal. 99 r\u00e4ttf\u00e4rdiga som inte beh\u00f6ver omv\u00e4nda sig. Det skavde nog i deras \u00f6ron f\u00f6r de skulle nog \u00e4nd\u00e5 ha sv\u00e5rt var och en att s\u00e4ga att \u201djojomen, jag \u00e4r r\u00e4ttf\u00e4rdig, inga fel med mitt liv inte\u201d. Det var inte det de hade menat (men kanske \u00e4nd\u00e5 menat djupt i sitt hj\u00e4rta just i den stunden, s\u00e5 kan det ju vara med oss n\u00e4r vi tycker vi kan j\u00e4mf\u00f6ra oss med andra och vara b\u00e4ttre i j\u00e4mf\u00f6relsen). De fick ju verkligen n\u00e5got att t\u00e4nka p\u00e5. Syndaren som omv\u00e4nder sig gl\u00e4der Gud mer \u00e4n den som vil p\u00e5skina att allt \u00e4r v\u00e4l med mig. Eller om man s\u00e4ger s\u00e5: det s\u00e4tt jag kan gl\u00e4dja Gud mest p\u00e5 \u00e4r att erk\u00e4nna att jag p\u00e5 m\u00e5nga s\u00e4tt \u00e4r bortsprungen jag ocks\u00e5. Ofta \u00e4r det ju fariseerna vi ska j\u00e4mf\u00f6ra oss med, vi som \u00e4r r\u00e4tt sk\u00f6tsamma och hemmastadda i kyrkan och allt.<\/p>\n<p>Det talas om syndare en hel del i texten. Det \u00e4r ord som man kanske inte g\u00e4rna t\u00e4nker om sig sj\u00e4lv f\u00f6r det l\u00e5ter som att man bara \u00e4r d\u00e5lig och underk\u00e4nd och v\u00e4rdel\u00f6s som person men det beror nog mer p\u00e5 vilken klang ordet f\u00e5tt n\u00e4r m\u00e4nniskor anv\u00e4nt det mot varandra. I bibeln s\u00e5 har ordet synd en ganska odramatisk betydelse. Det handlar om att \u201dha missat m\u00e5let\u201d. Ordet \u201dr\u00e4ttf\u00e4rdig\u201d \u00e4r f\u00f6rresten p\u00e5 samma s\u00e4tt ungef\u00e4r. I v\u00e5rt dagliga tal s\u00e5 handlar det om att uppf\u00f6ra sig \u00f6verl\u00e4gset och kanske egenr\u00e4ttf\u00e4rdigt eller bara drygt men i bibeln s\u00e5 \u00e4r man alltid r\u00e4ttf\u00e4rdig i ett sammanhang. Man \u00e4r r\u00e4ttf\u00e4rdig i f\u00f6rh\u00e5llande till Gud om man f\u00f6ljer hans bud, man \u00e4r r\u00e4ttf\u00e4rdig mot fr\u00e4mlingen om man visar g\u00e4stfrihet, man \u00e4r r\u00e4ttf\u00e4rdig mot sin make eller maka om man hedrar och har omsorg om den och s\u00e5 vidare. Men s\u00e5 kan man ju d\u00e5 missa m\u00e5let. Inte vara en god make, inte vara g\u00e4stfri och inte f\u00f6lja Guds bud. Det \u00e4r inte s\u00e5 sv\u00e5rt f\u00f6r vem som helst att erk\u00e4nna att s\u00e5 \u00e4r det nog faktiskt med mig. N\u00e4r man ser ordet syndare s\u00e5 kan man f\u00f6rs\u00f6ka att inte dras ner av det utan snabbt skriva om det i huvudet till \u201dJesus umgicks med tullindrivare och med de som hade missat m\u00e5let med sina liv, som inte levde utifr\u00e5n k\u00e4rleken till Gud och sin n\u00e4sta utan utifr\u00e5n konstiga m\u00e5l och saker de trodde skulle g\u00f6ra dem lyckliga\u201d och s\u00e5 vidare. S\u00e5 \u00e4r det ju med oss.<\/p>\n<p>Och den goda sidan med att vara en syndare \u00e4r att det \u00e4r f\u00f6r s\u00e5dana som Jesus kommer. Han \u00e4r den som letar efter de f\u00f6rlorade tills de inte \u00e4r f\u00f6rlorade mer. Att han \u00e4lskar oss med s\u00e5dan k\u00e4rlek att den bryter igenom allt vi f\u00f6rst\u00f6r livet med och ger nytt liv d\u00e4r vi f\u00f6rst\u00f6rt allt.<\/p>\n<p>Jag t\u00e4nkte jag skulle tala en del om k\u00e4nslor och om att vara f\u00f6rlorad. Och hur man hittar hem.<\/p>\n<p>Egentligen ska jag ju tala om f\u00e5ret som \u00e4r borta nu och inte om den f\u00f6rlorade sonen men det kan inte hj\u00e4lpas. Det st\u00e5r s\u00e5 fint om den f\u00f6rlorade sonen i fr\u00e4mmande land att han \u201dkom till besinning\u201d, eller \u201dkom till sig sj\u00e4lv\u201d som det kan \u00f6vers\u00e4ttas. Han kom till insikt. Och vi kan inte t\u00e4nka oss annat \u00e4n att Gud har ett finger med i spelet redan d\u00e4r, n\u00e4r vi b\u00f6rjar komma ih\u00e5g att vi \u00e4r mer \u00e4n soppan vi hamnat i.<\/p>\n<p>Jag har en lapp i fickan h\u00e4r. Det \u00e4r ett tillst\u00e5nd. \u201dTillst\u00e5nd att vara arg\u201d, jag har ett till, \u201dtillst\u00e5nd att vara glad och visa det ut\u00e5t\u201d, det \u00e4r bra att ha tillst\u00e5nd till s\u00e5nt. Det finns helt s\u00e4kert s\u00e5na h\u00e4r lappar f\u00f6r oss var och en som vi skulle beh\u00f6va. M\u00e5nga av oss lever r\u00e4tt l\u00e5ngt fr\u00e5n m\u00e5nga av v\u00e5ra k\u00e4nslor och det \u00e4r nog ett slags fr\u00e4mmande land att leva i. All f\u00f6r\u00e4ndring i oss h\u00e4nger ihop med v\u00e5ra k\u00e4nslor s\u00e5 vi beh\u00f6ver dem. Den f\u00f6rlorade sonen h\u00f6ll nog ifr\u00e5n sig i det l\u00e4ngsta att han hade fattat dumma och taskiga val f\u00f6r att han var sj\u00e4lvisk (hade missat m\u00e5let) och dessutom var ju skammen stor \u00f6ver att det g\u00e5tt s\u00e5 illa f\u00f6r honom men det var n\u00e4r insikten trillade ner som han kunde b\u00f6rja g\u00e5 hem. S\u00e5 jag tror det \u00e4r av stor betydelse f\u00f6r oss som kristna att vi l\u00e4r k\u00e4nna v\u00e5ra k\u00e4nslor. De \u00e4r v\u00e5r v\u00e4n. \u00c4ven de \u201dfula\u201d k\u00e4nslorna, som ilska, eller avundsjuka, eller f\u00f6r den delen f\u00f6rundran eller ta in n\u00e4r n\u00e5got g\u00f6r oss glada. K\u00e4nslor kan inte vara r\u00e4tt eller fel, vi k\u00e4nner ju det vi k\u00e4nner. Det som kan vara r\u00e4tt eller fel kommer sedan, n\u00e4r vi best\u00e4mmer vad vi ska g\u00f6ra av det vi k\u00e4nner. Ilska \u00e4r bra som ett skydd n\u00e4r n\u00e5gon trampar p\u00e5 oss men det betyder f\u00f6rst\u00e5s inte att den som \u00e4r arg f\u00e5r g\u00f6ra vad som helst. Och avundsjukan \u00e4r inte s\u00e5 trevlig eller uppbygglig men den kan ju ber\u00e4tta mycket f\u00f6r oss sj\u00e4lva om vi funderar p\u00e5 den \u201dvarf\u00f6r blir jag s\u00e5 avundsjuk just p\u00e5 honom? Tror jag verkligen att en h\u00e4ftigare bil \u00e4r det som skulle g\u00f6ra mig lycklig?\u201d och om vi blir uppm\u00e4rksamma p\u00e5 det som verkligen g\u00f6r oss glada s\u00e5 att vi g\u00f6r mer av det s\u00e5 \u00e4r det viktiga steg mot att bli de vi \u00e4r skapade till att vara. Om vi l\u00e4r k\u00e4nna v\u00e5ra k\u00e4nslor kanske vi inte m\u00e5ste vandra vilse s\u00e5 l\u00e4nge i fr\u00e4mlingslandet varje g\u00e5ng vi kommer vilse, att ha n\u00e4rmare till sig sj\u00e4lv \u00e4r nog ett s\u00e4tt att ha n\u00e4rmare till Gud, det blir l\u00e4ttare att finna oss.<\/p>\n<p>S\u00e5 ta g\u00e4rna en k\u00e4nslolapp h\u00e4r.<\/p>\n<p>Ett annat s\u00e4tt vi kan g\u00e5 vilse och vara f\u00f6rlorade p\u00e5 \u00e4r i en l\u00f6gn om oss sj\u00e4lva.<\/p>\n<p>Vi beh\u00f6ver ber\u00e4ttelser f\u00f6r att f\u00f6rst\u00e5 oss sj\u00e4lva vi m\u00e4nniskor och p\u00e5 n\u00e5got s\u00e4tt skriver vi hela tiden p\u00e5 ber\u00e4ttelsen om oss sj\u00e4lva. N\u00e4r det g\u00e5r bra f\u00f6r oss s\u00e5 kan vi t\u00e4nka att det \u00e4r en framg\u00e5ngssaga eller s\u00e5 men i de m\u00f6rka stunderna s\u00e5 \u00e4r det som att ber\u00e4ttelsen handlar om att vi \u00e4r r\u00e4tt hoppl\u00f6sa fall som ingen egentligen kan tycka om. Och n\u00e4r n\u00e5gon \u00e4r dum mot oss s\u00e5 kan vi b\u00f6rja t\u00e4nka antingen att den som gjort n\u00e5got dumt gjorde det f\u00f6r att pl\u00e5ga oss (vilket r\u00e4tt s\u00e4llan st\u00e4mmer) eller att det drabbar oss f\u00f6r att vi f\u00f6rtj\u00e4nat det p\u00e5 n\u00e5got s\u00e4tt eller vad vi nu hittar p\u00e5. Vi f\u00f6rs\u00f6ker f\u00f6rklara s\u00e5nt som h\u00e4nder f\u00f6r oss sj\u00e4lva.<\/p>\n<p>Vi m\u00e5ste bota det genom att l\u00e4ra k\u00e4nna ber\u00e4ttelsen om oss sj\u00e4lva fr\u00e5n Guds perspektiv. Vi \u00c4R s\u00e5na som n\u00e5gon kan tycka om, Jesus har d\u00f6tt f\u00f6r v\u00e5r skull. Livet HAR mening om vi s\u00f6ker Guds mening med v\u00e5ra liv. Det \u00c4R aldrig l\u00f6nl\u00f6st att k\u00e4mpa vidare f\u00f6r v\u00e4rlden ligger i Guds hand.<\/p>\n<p>Ber\u00e4ttelsen om v\u00e5rt liv sattes ihop med den bibliska ber\u00e4ttelsen vid dopet. Ditt och mitt liv \u00e4r sm\u00e5 delar i den stora ber\u00e4ttelsen om Gud och v\u00e4rlden. Och det \u00e4r en ber\u00e4ttelse om m\u00e4nniskor som missar m\u00e5let hela tiden och f\u00f6rst\u00f6r f\u00f6r sig men det \u00e4r ocks\u00e5 ber\u00e4ttelsen om hur Gud hela tiden s\u00f6ker gemenskap med syndare och r\u00e4ddar oss. Och om hur hans vilja en dag ska bli allt i alla.<\/p>\n<p>&nbsp;<\/p>\n","protected":false},"excerpt":{"rendered":"<p>Ig\u00e5r predikade jag om &#8221;f\u00f6rlorad och \u00e5terfunnen&#8221; i gudstj\u00e4nsten i Hulared. Jag hade f\u00e5tt n\u00e5gon slags k\u00e4nsla av att jag borde tala om k\u00e4nslor den h\u00e4r g\u00e5ngen, kanske var det f\u00f6r din skull? Hoppas hur som helst att det h\u00e4r \u00e4r till gl\u00e4dje f\u00f6r dig. &nbsp; Predikan 17 juni 2018, 3e efter tref, f\u00f6rlorad och [&hellip;]<\/p>\n","protected":false},"author":392,"featured_media":6432,"comment_status":"open","ping_status":"open","sticky":false,"template":"","format":"standard","meta":{"_acf_changed":false,"footnotes":""},"categories":[76189,114],"tags":[],"class_list":["post-6431","post","type-post","status-publish","format-standard","has-post-thumbnail","hentry","category-dagens-kyrka","category-predikan"],"acf":[],"yoast_head":"<!-- This site is optimized with the Yoast SEO plugin v27.1.1 - https:\/\/yoast.com\/product\/yoast-seo-wordpress\/ -->\n<title>Att vara f\u00f6rlorad, hitta hem till sig sj\u00e4lv och till Gud - Vandra V\u00e4gen<\/title>\n<meta name=\"robots\" content=\"index, follow, max-snippet:-1, max-image-preview:large, max-video-preview:-1\" \/>\n<link rel=\"canonical\" href=\"https:\/\/blogg.svenskakyrkan.se\/vandravagen\/2018\/06\/18\/att-vara-forlorad-hitta-hem-till-sig-sjalv-och-till-gud\/\" \/>\n<meta property=\"og:locale\" content=\"sv_SE\" \/>\n<meta property=\"og:type\" content=\"article\" \/>\n<meta property=\"og:title\" content=\"Att vara f\u00f6rlorad, hitta hem till sig sj\u00e4lv och till Gud - Vandra V\u00e4gen\" \/>\n<meta property=\"og:description\" content=\"Ig\u00e5r predikade jag om &#8221;f\u00f6rlorad och \u00e5terfunnen&#8221; i gudstj\u00e4nsten i Hulared. Jag hade f\u00e5tt n\u00e5gon slags k\u00e4nsla av att jag borde tala om k\u00e4nslor den h\u00e4r g\u00e5ngen, kanske var det f\u00f6r din skull? Hoppas hur som helst att det h\u00e4r \u00e4r till gl\u00e4dje f\u00f6r dig. &nbsp; Predikan 17 juni 2018, 3e efter tref, f\u00f6rlorad och [&hellip;]\" \/>\n<meta property=\"og:url\" content=\"https:\/\/blogg.svenskakyrkan.se\/vandravagen\/2018\/06\/18\/att-vara-forlorad-hitta-hem-till-sig-sjalv-och-till-gud\/\" \/>\n<meta property=\"og:site_name\" content=\"Vandra V\u00e4gen\" \/>\n<meta property=\"article:publisher\" content=\"http:\/\/facebook.com\/vandravagen\" \/>\n<meta property=\"article:published_time\" content=\"2018-06-18T05:00:24+00:00\" \/>\n<meta name=\"author\" content=\"Tomas Jarvid\" \/>\n<meta name=\"twitter:card\" content=\"summary_large_image\" \/>\n<meta name=\"twitter:creator\" content=\"@fadertomas\" \/>\n<meta name=\"twitter:site\" content=\"@fadertomas\" \/>\n<meta name=\"twitter:label1\" content=\"Skriven av\" \/>\n\t<meta name=\"twitter:data1\" content=\"Tomas Jarvid\" \/>\n\t<meta name=\"twitter:label2\" content=\"Ber\u00e4knad l\u00e4stid\" \/>\n\t<meta name=\"twitter:data2\" content=\"8 minuter\" \/>\n<script type=\"application\/ld+json\" class=\"yoast-schema-graph\">{\"@context\":\"https:\/\/schema.org\",\"@graph\":[{\"@type\":\"Article\",\"@id\":\"https:\/\/blogg.svenskakyrkan.se\/vandravagen\/2018\/06\/18\/att-vara-forlorad-hitta-hem-till-sig-sjalv-och-till-gud\/#article\",\"isPartOf\":{\"@id\":\"https:\/\/blogg.svenskakyrkan.se\/vandravagen\/2018\/06\/18\/att-vara-forlorad-hitta-hem-till-sig-sjalv-och-till-gud\/\"},\"author\":{\"name\":\"Tomas Jarvid\",\"@id\":\"https:\/\/blogg.svenskakyrkan.se\/vandravagen\/#\/schema\/person\/25da02d4f76b137d04291711e2c9fc16\"},\"headline\":\"Att vara f\u00f6rlorad, hitta hem till sig sj\u00e4lv och till Gud\",\"datePublished\":\"2018-06-18T05:00:24+00:00\",\"mainEntityOfPage\":{\"@id\":\"https:\/\/blogg.svenskakyrkan.se\/vandravagen\/2018\/06\/18\/att-vara-forlorad-hitta-hem-till-sig-sjalv-och-till-gud\/\"},\"wordCount\":1668,\"commentCount\":4,\"publisher\":{\"@id\":\"https:\/\/blogg.svenskakyrkan.se\/vandravagen\/#organization\"},\"image\":{\"@id\":\"https:\/\/blogg.svenskakyrkan.se\/vandravagen\/2018\/06\/18\/att-vara-forlorad-hitta-hem-till-sig-sjalv-och-till-gud\/#primaryimage\"},\"thumbnailUrl\":\"https:\/\/blogg.svenskakyrkan.se\/vandravagen\/files\/2018\/06\/Friendship-Awesome-Bright-Certificate.jpg\",\"articleSection\":[\"Dagens Kyrka\",\"predikan\"],\"inLanguage\":\"sv-SE\",\"potentialAction\":[{\"@type\":\"CommentAction\",\"name\":\"Comment\",\"target\":[\"https:\/\/blogg.svenskakyrkan.se\/vandravagen\/2018\/06\/18\/att-vara-forlorad-hitta-hem-till-sig-sjalv-och-till-gud\/#respond\"]}]},{\"@type\":\"WebPage\",\"@id\":\"https:\/\/blogg.svenskakyrkan.se\/vandravagen\/2018\/06\/18\/att-vara-forlorad-hitta-hem-till-sig-sjalv-och-till-gud\/\",\"url\":\"https:\/\/blogg.svenskakyrkan.se\/vandravagen\/2018\/06\/18\/att-vara-forlorad-hitta-hem-till-sig-sjalv-och-till-gud\/\",\"name\":\"Att vara f\u00f6rlorad, hitta hem till sig sj\u00e4lv och till Gud - Vandra V\u00e4gen\",\"isPartOf\":{\"@id\":\"https:\/\/blogg.svenskakyrkan.se\/vandravagen\/#website\"},\"primaryImageOfPage\":{\"@id\":\"https:\/\/blogg.svenskakyrkan.se\/vandravagen\/2018\/06\/18\/att-vara-forlorad-hitta-hem-till-sig-sjalv-och-till-gud\/#primaryimage\"},\"image\":{\"@id\":\"https:\/\/blogg.svenskakyrkan.se\/vandravagen\/2018\/06\/18\/att-vara-forlorad-hitta-hem-till-sig-sjalv-och-till-gud\/#primaryimage\"},\"thumbnailUrl\":\"https:\/\/blogg.svenskakyrkan.se\/vandravagen\/files\/2018\/06\/Friendship-Awesome-Bright-Certificate.jpg\",\"datePublished\":\"2018-06-18T05:00:24+00:00\",\"breadcrumb\":{\"@id\":\"https:\/\/blogg.svenskakyrkan.se\/vandravagen\/2018\/06\/18\/att-vara-forlorad-hitta-hem-till-sig-sjalv-och-till-gud\/#breadcrumb\"},\"inLanguage\":\"sv-SE\",\"potentialAction\":[{\"@type\":\"ReadAction\",\"target\":[\"https:\/\/blogg.svenskakyrkan.se\/vandravagen\/2018\/06\/18\/att-vara-forlorad-hitta-hem-till-sig-sjalv-och-till-gud\/\"]}]},{\"@type\":\"ImageObject\",\"inLanguage\":\"sv-SE\",\"@id\":\"https:\/\/blogg.svenskakyrkan.se\/vandravagen\/2018\/06\/18\/att-vara-forlorad-hitta-hem-till-sig-sjalv-och-till-gud\/#primaryimage\",\"url\":\"https:\/\/blogg.svenskakyrkan.se\/vandravagen\/files\/2018\/06\/Friendship-Awesome-Bright-Certificate.jpg\",\"contentUrl\":\"https:\/\/blogg.svenskakyrkan.se\/vandravagen\/files\/2018\/06\/Friendship-Awesome-Bright-Certificate.jpg\",\"width\":1056,\"height\":816,\"caption\":\"Tur jag har tillst\u00e5nd.\"},{\"@type\":\"BreadcrumbList\",\"@id\":\"https:\/\/blogg.svenskakyrkan.se\/vandravagen\/2018\/06\/18\/att-vara-forlorad-hitta-hem-till-sig-sjalv-och-till-gud\/#breadcrumb\",\"itemListElement\":[{\"@type\":\"ListItem\",\"position\":1,\"name\":\"Hem\",\"item\":\"https:\/\/blogg.svenskakyrkan.se\/vandravagen\/\"},{\"@type\":\"ListItem\",\"position\":2,\"name\":\"Att vara f\u00f6rlorad, hitta hem till sig sj\u00e4lv och till Gud\"}]},{\"@type\":\"WebSite\",\"@id\":\"https:\/\/blogg.svenskakyrkan.se\/vandravagen\/#website\",\"url\":\"https:\/\/blogg.svenskakyrkan.se\/vandravagen\/\",\"name\":\"Vandra V\u00e4gen\",\"description\":\"-Mot en tro f\u00f6r hela livet\",\"publisher\":{\"@id\":\"https:\/\/blogg.svenskakyrkan.se\/vandravagen\/#organization\"},\"potentialAction\":[{\"@type\":\"SearchAction\",\"target\":{\"@type\":\"EntryPoint\",\"urlTemplate\":\"https:\/\/blogg.svenskakyrkan.se\/vandravagen\/?s={search_term_string}\"},\"query-input\":{\"@type\":\"PropertyValueSpecification\",\"valueRequired\":true,\"valueName\":\"search_term_string\"}}],\"inLanguage\":\"sv-SE\"},{\"@type\":\"Organization\",\"@id\":\"https:\/\/blogg.svenskakyrkan.se\/vandravagen\/#organization\",\"name\":\"ulricehamns pastorat\",\"alternateName\":\"ulricehamns pastorat\",\"url\":\"https:\/\/blogg.svenskakyrkan.se\/vandravagen\/\",\"logo\":{\"@type\":\"ImageObject\",\"inLanguage\":\"sv-SE\",\"@id\":\"https:\/\/blogg.svenskakyrkan.se\/vandravagen\/#\/schema\/logo\/image\/\",\"url\":\"https:\/\/blogg.svenskakyrkan.se\/vandravagen\/files\/2023\/05\/Ulr_logo_RGB.png\",\"contentUrl\":\"https:\/\/blogg.svenskakyrkan.se\/vandravagen\/files\/2023\/05\/Ulr_logo_RGB.png\",\"width\":205,\"height\":77,\"caption\":\"ulricehamns pastorat\"},\"image\":{\"@id\":\"https:\/\/blogg.svenskakyrkan.se\/vandravagen\/#\/schema\/logo\/image\/\"},\"sameAs\":[\"http:\/\/facebook.com\/vandravagen\",\"https:\/\/x.com\/fadertomas\",\"http:\/\/www.facebook.com\/svenskakyrkaniulricehamn\"]},{\"@type\":\"Person\",\"@id\":\"https:\/\/blogg.svenskakyrkan.se\/vandravagen\/#\/schema\/person\/25da02d4f76b137d04291711e2c9fc16\",\"name\":\"Tomas Jarvid\",\"image\":{\"@type\":\"ImageObject\",\"inLanguage\":\"sv-SE\",\"@id\":\"https:\/\/blogg.svenskakyrkan.se\/vandravagen\/#\/schema\/person\/image\/\",\"url\":\"https:\/\/secure.gravatar.com\/avatar\/7fa71899795e8f540f615a1f5ab25255dc27aa40f05ee7ddd21aac521e01bf50?s=96&d=identicon&r=g\",\"contentUrl\":\"https:\/\/secure.gravatar.com\/avatar\/7fa71899795e8f540f615a1f5ab25255dc27aa40f05ee7ddd21aac521e01bf50?s=96&d=identicon&r=g\",\"caption\":\"Tomas Jarvid\"},\"description\":\"Jag bor i Ulricehamn i V\u00e4sterg\u00f6tland och \u00e4r f\u00f6rsamlingspr\u00e4st i Svenska Kyrkan f\u00f6r Dalstorps f\u00f6rsamling i Kinds pastorat. P\u00e5 den h\u00e4r bloggen skriver jag ner tankar om vandringen som kristen.\",\"sameAs\":[\"http:\/\/www.vandravagen.se\"],\"url\":\"https:\/\/blogg.svenskakyrkan.se\/vandravagen\/author\/vandravagen\/\"}]}<\/script>\n<!-- \/ Yoast SEO plugin. -->","yoast_head_json":{"title":"Att vara f\u00f6rlorad, hitta hem till sig sj\u00e4lv och till Gud - Vandra V\u00e4gen","robots":{"index":"index","follow":"follow","max-snippet":"max-snippet:-1","max-image-preview":"max-image-preview:large","max-video-preview":"max-video-preview:-1"},"canonical":"https:\/\/blogg.svenskakyrkan.se\/vandravagen\/2018\/06\/18\/att-vara-forlorad-hitta-hem-till-sig-sjalv-och-till-gud\/","og_locale":"sv_SE","og_type":"article","og_title":"Att vara f\u00f6rlorad, hitta hem till sig sj\u00e4lv och till Gud - Vandra V\u00e4gen","og_description":"Ig\u00e5r predikade jag om &#8221;f\u00f6rlorad och \u00e5terfunnen&#8221; i gudstj\u00e4nsten i Hulared. Jag hade f\u00e5tt n\u00e5gon slags k\u00e4nsla av att jag borde tala om k\u00e4nslor den h\u00e4r g\u00e5ngen, kanske var det f\u00f6r din skull? Hoppas hur som helst att det h\u00e4r \u00e4r till gl\u00e4dje f\u00f6r dig. &nbsp; Predikan 17 juni 2018, 3e efter tref, f\u00f6rlorad och [&hellip;]","og_url":"https:\/\/blogg.svenskakyrkan.se\/vandravagen\/2018\/06\/18\/att-vara-forlorad-hitta-hem-till-sig-sjalv-och-till-gud\/","og_site_name":"Vandra V\u00e4gen","article_publisher":"http:\/\/facebook.com\/vandravagen","article_published_time":"2018-06-18T05:00:24+00:00","author":"Tomas Jarvid","twitter_card":"summary_large_image","twitter_creator":"@fadertomas","twitter_site":"@fadertomas","twitter_misc":{"Skriven av":"Tomas Jarvid","Ber\u00e4knad l\u00e4stid":"8 minuter"},"schema":{"@context":"https:\/\/schema.org","@graph":[{"@type":"Article","@id":"https:\/\/blogg.svenskakyrkan.se\/vandravagen\/2018\/06\/18\/att-vara-forlorad-hitta-hem-till-sig-sjalv-och-till-gud\/#article","isPartOf":{"@id":"https:\/\/blogg.svenskakyrkan.se\/vandravagen\/2018\/06\/18\/att-vara-forlorad-hitta-hem-till-sig-sjalv-och-till-gud\/"},"author":{"name":"Tomas Jarvid","@id":"https:\/\/blogg.svenskakyrkan.se\/vandravagen\/#\/schema\/person\/25da02d4f76b137d04291711e2c9fc16"},"headline":"Att vara f\u00f6rlorad, hitta hem till sig sj\u00e4lv och till Gud","datePublished":"2018-06-18T05:00:24+00:00","mainEntityOfPage":{"@id":"https:\/\/blogg.svenskakyrkan.se\/vandravagen\/2018\/06\/18\/att-vara-forlorad-hitta-hem-till-sig-sjalv-och-till-gud\/"},"wordCount":1668,"commentCount":4,"publisher":{"@id":"https:\/\/blogg.svenskakyrkan.se\/vandravagen\/#organization"},"image":{"@id":"https:\/\/blogg.svenskakyrkan.se\/vandravagen\/2018\/06\/18\/att-vara-forlorad-hitta-hem-till-sig-sjalv-och-till-gud\/#primaryimage"},"thumbnailUrl":"https:\/\/blogg.svenskakyrkan.se\/vandravagen\/files\/2018\/06\/Friendship-Awesome-Bright-Certificate.jpg","articleSection":["Dagens Kyrka","predikan"],"inLanguage":"sv-SE","potentialAction":[{"@type":"CommentAction","name":"Comment","target":["https:\/\/blogg.svenskakyrkan.se\/vandravagen\/2018\/06\/18\/att-vara-forlorad-hitta-hem-till-sig-sjalv-och-till-gud\/#respond"]}]},{"@type":"WebPage","@id":"https:\/\/blogg.svenskakyrkan.se\/vandravagen\/2018\/06\/18\/att-vara-forlorad-hitta-hem-till-sig-sjalv-och-till-gud\/","url":"https:\/\/blogg.svenskakyrkan.se\/vandravagen\/2018\/06\/18\/att-vara-forlorad-hitta-hem-till-sig-sjalv-och-till-gud\/","name":"Att vara f\u00f6rlorad, hitta hem till sig sj\u00e4lv och till Gud - Vandra V\u00e4gen","isPartOf":{"@id":"https:\/\/blogg.svenskakyrkan.se\/vandravagen\/#website"},"primaryImageOfPage":{"@id":"https:\/\/blogg.svenskakyrkan.se\/vandravagen\/2018\/06\/18\/att-vara-forlorad-hitta-hem-till-sig-sjalv-och-till-gud\/#primaryimage"},"image":{"@id":"https:\/\/blogg.svenskakyrkan.se\/vandravagen\/2018\/06\/18\/att-vara-forlorad-hitta-hem-till-sig-sjalv-och-till-gud\/#primaryimage"},"thumbnailUrl":"https:\/\/blogg.svenskakyrkan.se\/vandravagen\/files\/2018\/06\/Friendship-Awesome-Bright-Certificate.jpg","datePublished":"2018-06-18T05:00:24+00:00","breadcrumb":{"@id":"https:\/\/blogg.svenskakyrkan.se\/vandravagen\/2018\/06\/18\/att-vara-forlorad-hitta-hem-till-sig-sjalv-och-till-gud\/#breadcrumb"},"inLanguage":"sv-SE","potentialAction":[{"@type":"ReadAction","target":["https:\/\/blogg.svenskakyrkan.se\/vandravagen\/2018\/06\/18\/att-vara-forlorad-hitta-hem-till-sig-sjalv-och-till-gud\/"]}]},{"@type":"ImageObject","inLanguage":"sv-SE","@id":"https:\/\/blogg.svenskakyrkan.se\/vandravagen\/2018\/06\/18\/att-vara-forlorad-hitta-hem-till-sig-sjalv-och-till-gud\/#primaryimage","url":"https:\/\/blogg.svenskakyrkan.se\/vandravagen\/files\/2018\/06\/Friendship-Awesome-Bright-Certificate.jpg","contentUrl":"https:\/\/blogg.svenskakyrkan.se\/vandravagen\/files\/2018\/06\/Friendship-Awesome-Bright-Certificate.jpg","width":1056,"height":816,"caption":"Tur jag har tillst\u00e5nd."},{"@type":"BreadcrumbList","@id":"https:\/\/blogg.svenskakyrkan.se\/vandravagen\/2018\/06\/18\/att-vara-forlorad-hitta-hem-till-sig-sjalv-och-till-gud\/#breadcrumb","itemListElement":[{"@type":"ListItem","position":1,"name":"Hem","item":"https:\/\/blogg.svenskakyrkan.se\/vandravagen\/"},{"@type":"ListItem","position":2,"name":"Att vara f\u00f6rlorad, hitta hem till sig sj\u00e4lv och till Gud"}]},{"@type":"WebSite","@id":"https:\/\/blogg.svenskakyrkan.se\/vandravagen\/#website","url":"https:\/\/blogg.svenskakyrkan.se\/vandravagen\/","name":"Vandra V\u00e4gen","description":"-Mot en tro f\u00f6r hela livet","publisher":{"@id":"https:\/\/blogg.svenskakyrkan.se\/vandravagen\/#organization"},"potentialAction":[{"@type":"SearchAction","target":{"@type":"EntryPoint","urlTemplate":"https:\/\/blogg.svenskakyrkan.se\/vandravagen\/?s={search_term_string}"},"query-input":{"@type":"PropertyValueSpecification","valueRequired":true,"valueName":"search_term_string"}}],"inLanguage":"sv-SE"},{"@type":"Organization","@id":"https:\/\/blogg.svenskakyrkan.se\/vandravagen\/#organization","name":"ulricehamns pastorat","alternateName":"ulricehamns pastorat","url":"https:\/\/blogg.svenskakyrkan.se\/vandravagen\/","logo":{"@type":"ImageObject","inLanguage":"sv-SE","@id":"https:\/\/blogg.svenskakyrkan.se\/vandravagen\/#\/schema\/logo\/image\/","url":"https:\/\/blogg.svenskakyrkan.se\/vandravagen\/files\/2023\/05\/Ulr_logo_RGB.png","contentUrl":"https:\/\/blogg.svenskakyrkan.se\/vandravagen\/files\/2023\/05\/Ulr_logo_RGB.png","width":205,"height":77,"caption":"ulricehamns pastorat"},"image":{"@id":"https:\/\/blogg.svenskakyrkan.se\/vandravagen\/#\/schema\/logo\/image\/"},"sameAs":["http:\/\/facebook.com\/vandravagen","https:\/\/x.com\/fadertomas","http:\/\/www.facebook.com\/svenskakyrkaniulricehamn"]},{"@type":"Person","@id":"https:\/\/blogg.svenskakyrkan.se\/vandravagen\/#\/schema\/person\/25da02d4f76b137d04291711e2c9fc16","name":"Tomas Jarvid","image":{"@type":"ImageObject","inLanguage":"sv-SE","@id":"https:\/\/blogg.svenskakyrkan.se\/vandravagen\/#\/schema\/person\/image\/","url":"https:\/\/secure.gravatar.com\/avatar\/7fa71899795e8f540f615a1f5ab25255dc27aa40f05ee7ddd21aac521e01bf50?s=96&d=identicon&r=g","contentUrl":"https:\/\/secure.gravatar.com\/avatar\/7fa71899795e8f540f615a1f5ab25255dc27aa40f05ee7ddd21aac521e01bf50?s=96&d=identicon&r=g","caption":"Tomas Jarvid"},"description":"Jag bor i Ulricehamn i V\u00e4sterg\u00f6tland och \u00e4r f\u00f6rsamlingspr\u00e4st i Svenska Kyrkan f\u00f6r Dalstorps f\u00f6rsamling i Kinds pastorat. P\u00e5 den h\u00e4r bloggen skriver jag ner tankar om vandringen som kristen.","sameAs":["http:\/\/www.vandravagen.se"],"url":"https:\/\/blogg.svenskakyrkan.se\/vandravagen\/author\/vandravagen\/"}]}},"author_meta":{"ID":"392","user_nicename":"vandravagen","user_url":"http:\/\/www.vandravagen.se","user_registered":"2014-05-19 05:44:52","display_name":"Tomas Jarvid","first_name":"Tomas","last_name":"Jarvid","avatar":"https:\/\/secure.gravatar.com\/avatar\/7fa71899795e8f540f615a1f5ab25255dc27aa40f05ee7ddd21aac521e01bf50?s=96&d=identicon&r=g"},"featured_image":["https:\/\/blogg.svenskakyrkan.se\/vandravagen\/files\/2018\/06\/Friendship-Awesome-Bright-Certificate-1024x791.jpg",1024,791,true],"bloginfo":{"name":"Vandra V\u00e4gen","url":"https:\/\/blogg.svenskakyrkan.se\/vandravagen"},"_links":{"self":[{"href":"https:\/\/blogg.svenskakyrkan.se\/vandravagen\/wp-json\/wp\/v2\/posts\/6431","targetHints":{"allow":["GET"]}}],"collection":[{"href":"https:\/\/blogg.svenskakyrkan.se\/vandravagen\/wp-json\/wp\/v2\/posts"}],"about":[{"href":"https:\/\/blogg.svenskakyrkan.se\/vandravagen\/wp-json\/wp\/v2\/types\/post"}],"author":[{"embeddable":true,"href":"https:\/\/blogg.svenskakyrkan.se\/vandravagen\/wp-json\/wp\/v2\/users\/392"}],"replies":[{"embeddable":true,"href":"https:\/\/blogg.svenskakyrkan.se\/vandravagen\/wp-json\/wp\/v2\/comments?post=6431"}],"version-history":[{"count":1,"href":"https:\/\/blogg.svenskakyrkan.se\/vandravagen\/wp-json\/wp\/v2\/posts\/6431\/revisions"}],"predecessor-version":[{"id":6433,"href":"https:\/\/blogg.svenskakyrkan.se\/vandravagen\/wp-json\/wp\/v2\/posts\/6431\/revisions\/6433"}],"wp:featuredmedia":[{"embeddable":true,"href":"https:\/\/blogg.svenskakyrkan.se\/vandravagen\/wp-json\/wp\/v2\/media\/6432"}],"wp:attachment":[{"href":"https:\/\/blogg.svenskakyrkan.se\/vandravagen\/wp-json\/wp\/v2\/media?parent=6431"}],"wp:term":[{"taxonomy":"category","embeddable":true,"href":"https:\/\/blogg.svenskakyrkan.se\/vandravagen\/wp-json\/wp\/v2\/categories?post=6431"},{"taxonomy":"post_tag","embeddable":true,"href":"https:\/\/blogg.svenskakyrkan.se\/vandravagen\/wp-json\/wp\/v2\/tags?post=6431"}],"curies":[{"name":"wp","href":"https:\/\/api.w.org\/{rel}","templated":true}]}}