{"id":645,"date":"2013-03-28T09:41:00","date_gmt":"2013-03-28T08:41:00","guid":{"rendered":"http:\/\/blogg.svenskakyrkan.se\/vandravagen\/2013\/03\/28\/kristus-i-snosmaltningen-i-eahagen\/"},"modified":"2013-03-28T09:41:00","modified_gmt":"2013-03-28T08:41:00","slug":"kristus-i-snosmaltningen-i-eahagen","status":"publish","type":"post","link":"https:\/\/blogg.svenskakyrkan.se\/vandravagen\/2013\/03\/28\/kristus-i-snosmaltningen-i-eahagen\/","title":{"rendered":"Kristus i sn\u00f6sm\u00e4ltningen i Eahagen"},"content":{"rendered":"<div>Ig\u00e5r var jag med familjen i Eahagen n\u00e4ra Fl\u00e4msl\u00e4tts stiftsg\u00e5rd. V\u00e5ren har kommit med stora steg till skaraborg de senaste dagarna men i naturreservatet l\u00e5g det tjockt med sn\u00f6 kvar. Utom p\u00e5 vissa platser d\u00e4r solen f\u00e5tt verka mer.\u00a0<\/div>\n<div><\/div>\n<div>D\u00e4r det sticker upp n\u00e5got som solen kan f\u00e5 f\u00e4ste p\u00e5 g\u00e5r det fortare. Den h\u00e4r lilla busken till exempel:<\/div>\n<div><\/div>\n<div><\/div>\n<div><\/div>\n<div><a href=\"http:\/\/1.bp.blogspot.com\/-fQykCPFPdKY\/UVPwNG_zFPI\/AAAAAAAAC4I\/oW1i8tvusg0\/s1600\/buske.jpg\"><img loading=\"lazy\" decoding=\"async\" border=\"0\" height=\"266\" src=\"http:\/\/1.bp.blogspot.com\/-fQykCPFPdKY\/UVPwNG_zFPI\/AAAAAAAAC4I\/oW1i8tvusg0\/s400\/buske.jpg\" width=\"400\"><\/a><\/div>\n<div><\/div>\n<div><\/div>\n<div>Eller den h\u00e4r vissna gamla tisteln.<\/div>\n<div><\/div>\n<div><\/div>\n<div><a href=\"http:\/\/4.bp.blogspot.com\/-PJYcbAaeaCY\/UVPwMygKjvI\/AAAAAAAAC4E\/wP67XvjoFOg\/s1600\/kvist.jpg\"><img loading=\"lazy\" decoding=\"async\" border=\"0\" height=\"266\" src=\"http:\/\/4.bp.blogspot.com\/-PJYcbAaeaCY\/UVPwMygKjvI\/AAAAAAAAC4E\/wP67XvjoFOg\/s400\/kvist.jpg\" width=\"400\"><\/a><\/div>\n<div><\/div>\n<div><\/div>\n<div>Teologiskadad som jag \u00e4r har jag funderat en del p\u00e5 om det kan rymmas n\u00e5gon slags liknelse i de d\u00e4r str\u00e5na det sm\u00e4lter kring? F\u00f6rsta tanken \u00e4r att i en kall v\u00e4rld \u00e4r livet \u00e4nd\u00e5 lite l\u00e4ttare och varmare n\u00e4r vi kommer n\u00e4ra n\u00e5gon annan, om s\u00e5 bara en gammal vissen tistel. Ensamheten \u00e4r ofta \u00e4nnu v\u00e4rre?<\/div>\n<div><\/div>\n<div>Kanske kan man ta ut sv\u00e4ngarna och t\u00e4nka sig pinnen som en m\u00e4nniska som tar emot och \u00e4r beroende av Guds omsorg (solljuset). N\u00e4ra en s\u00e5dan \u00e4r det alltid l\u00e4ttare, varmare och kravl\u00f6sare att leva.<\/div>\n<div><\/div>\n<div>Den som mer \u00e4n n\u00e5gon annan f\u00f6rmedlar Guds n\u00e5d in i v\u00e4rlden \u00e4r Jesus Kristus. I den m\u00e5n vi g\u00f6r det \u00e4r det som efterf\u00f6ljare till honom.\u00a0<\/div>\n<div><\/div>\n<div>Visst \u00e4r det lite ov\u00e4ntat att man kan likna en vissen tistel i sn\u00f6n vid Jesus men s\u00e5 \u00e4r det ocks\u00e5 i Bibeln. Jesus \u00e4r den som utarmat sig sj\u00e4lv p\u00e5 all h\u00e4rlighet f\u00f6r att finnas n\u00e4ra oss och ta sig an oss.<\/div>\n<div><a href=\"http:\/\/4.bp.blogspot.com\/-zP0hn-y8_uo\/UVPwNGq-AeI\/AAAAAAAAC4Q\/GuXiST5wA84\/s1600\/jagute.jpg\"><img loading=\"lazy\" decoding=\"async\" border=\"0\" height=\"266\" src=\"http:\/\/4.bp.blogspot.com\/-zP0hn-y8_uo\/UVPwNGq-AeI\/AAAAAAAAC4Q\/GuXiST5wA84\/s400\/jagute.jpg\" width=\"400\"><\/a><\/div>\n<div><\/div>\n<div>Och h\u00e4r \u00e4r jag. Tar emot solens str\u00e5lar och hoppas det kan komma n\u00e5gon annan till del.<\/div>\n<div><\/div>\n<div><\/div><\/p>\n","protected":false},"excerpt":{"rendered":"<p>Ig\u00e5r var jag med familjen i Eahagen n\u00e4ra Fl\u00e4msl\u00e4tts stiftsg\u00e5rd. V\u00e5ren har kommit med stora steg till skaraborg de senaste dagarna men i naturreservatet l\u00e5g det tjockt med sn\u00f6 kvar. Utom p\u00e5 vissa platser d\u00e4r solen f\u00e5tt verka mer.\u00a0 D\u00e4r det sticker upp n\u00e5got som solen kan f\u00e5 f\u00e4ste p\u00e5 g\u00e5r det fortare. Den h\u00e4r [&hellip;]<\/p>\n","protected":false},"author":392,"featured_media":0,"comment_status":"open","ping_status":"open","sticky":false,"template":"","format":"standard","meta":{"_acf_changed":false,"footnotes":""},"categories":[56,117],"tags":[],"class_list":["post-645","post","type-post","status-publish","format-standard","hentry","category-bilder","category-teologi"],"acf":[],"yoast_head":"<!-- This site is optimized with the Yoast SEO plugin v27.1.1 - https:\/\/yoast.com\/product\/yoast-seo-wordpress\/ -->\n<title>Kristus i sn\u00f6sm\u00e4ltningen i Eahagen - Vandra V\u00e4gen<\/title>\n<meta name=\"robots\" content=\"index, follow, max-snippet:-1, max-image-preview:large, max-video-preview:-1\" \/>\n<link rel=\"canonical\" href=\"https:\/\/blogg.svenskakyrkan.se\/vandravagen\/2013\/03\/28\/kristus-i-snosmaltningen-i-eahagen\/\" \/>\n<meta property=\"og:locale\" content=\"sv_SE\" \/>\n<meta property=\"og:type\" content=\"article\" \/>\n<meta property=\"og:title\" content=\"Kristus i sn\u00f6sm\u00e4ltningen i Eahagen - Vandra V\u00e4gen\" \/>\n<meta property=\"og:description\" content=\"Ig\u00e5r var jag med familjen i Eahagen n\u00e4ra Fl\u00e4msl\u00e4tts stiftsg\u00e5rd. V\u00e5ren har kommit med stora steg till skaraborg de senaste dagarna men i naturreservatet l\u00e5g det tjockt med sn\u00f6 kvar. Utom p\u00e5 vissa platser d\u00e4r solen f\u00e5tt verka mer.\u00a0 D\u00e4r det sticker upp n\u00e5got som solen kan f\u00e5 f\u00e4ste p\u00e5 g\u00e5r det fortare. Den h\u00e4r [&hellip;]\" \/>\n<meta property=\"og:url\" content=\"https:\/\/blogg.svenskakyrkan.se\/vandravagen\/2013\/03\/28\/kristus-i-snosmaltningen-i-eahagen\/\" \/>\n<meta property=\"og:site_name\" content=\"Vandra V\u00e4gen\" \/>\n<meta property=\"article:publisher\" content=\"http:\/\/facebook.com\/vandravagen\" \/>\n<meta property=\"article:published_time\" content=\"2013-03-28T08:41:00+00:00\" \/>\n<meta property=\"og:image\" content=\"http:\/\/1.bp.blogspot.com\/-fQykCPFPdKY\/UVPwNG_zFPI\/AAAAAAAAC4I\/oW1i8tvusg0\/s400\/buske.jpg\" \/>\n<meta name=\"author\" content=\"Tomas Jarvid\" \/>\n<meta name=\"twitter:card\" content=\"summary_large_image\" \/>\n<meta name=\"twitter:creator\" content=\"@fadertomas\" \/>\n<meta name=\"twitter:site\" content=\"@fadertomas\" \/>\n<meta name=\"twitter:label1\" content=\"Skriven av\" \/>\n\t<meta name=\"twitter:data1\" content=\"Tomas Jarvid\" \/>\n\t<meta name=\"twitter:label2\" content=\"Ber\u00e4knad l\u00e4stid\" \/>\n\t<meta name=\"twitter:data2\" content=\"1 minut\" \/>\n<script type=\"application\/ld+json\" class=\"yoast-schema-graph\">{\"@context\":\"https:\/\/schema.org\",\"@graph\":[{\"@type\":\"Article\",\"@id\":\"https:\/\/blogg.svenskakyrkan.se\/vandravagen\/2013\/03\/28\/kristus-i-snosmaltningen-i-eahagen\/#article\",\"isPartOf\":{\"@id\":\"https:\/\/blogg.svenskakyrkan.se\/vandravagen\/2013\/03\/28\/kristus-i-snosmaltningen-i-eahagen\/\"},\"author\":{\"name\":\"Tomas Jarvid\",\"@id\":\"https:\/\/blogg.svenskakyrkan.se\/vandravagen\/#\/schema\/person\/25da02d4f76b137d04291711e2c9fc16\"},\"headline\":\"Kristus i sn\u00f6sm\u00e4ltningen i Eahagen\",\"datePublished\":\"2013-03-28T08:41:00+00:00\",\"mainEntityOfPage\":{\"@id\":\"https:\/\/blogg.svenskakyrkan.se\/vandravagen\/2013\/03\/28\/kristus-i-snosmaltningen-i-eahagen\/\"},\"wordCount\":300,\"commentCount\":0,\"publisher\":{\"@id\":\"https:\/\/blogg.svenskakyrkan.se\/vandravagen\/#organization\"},\"image\":{\"@id\":\"https:\/\/blogg.svenskakyrkan.se\/vandravagen\/2013\/03\/28\/kristus-i-snosmaltningen-i-eahagen\/#primaryimage\"},\"thumbnailUrl\":\"http:\/\/1.bp.blogspot.com\/-fQykCPFPdKY\/UVPwNG_zFPI\/AAAAAAAAC4I\/oW1i8tvusg0\/s400\/buske.jpg\",\"articleSection\":[\"bilder\",\"Teologi\"],\"inLanguage\":\"sv-SE\",\"potentialAction\":[{\"@type\":\"CommentAction\",\"name\":\"Comment\",\"target\":[\"https:\/\/blogg.svenskakyrkan.se\/vandravagen\/2013\/03\/28\/kristus-i-snosmaltningen-i-eahagen\/#respond\"]}]},{\"@type\":\"WebPage\",\"@id\":\"https:\/\/blogg.svenskakyrkan.se\/vandravagen\/2013\/03\/28\/kristus-i-snosmaltningen-i-eahagen\/\",\"url\":\"https:\/\/blogg.svenskakyrkan.se\/vandravagen\/2013\/03\/28\/kristus-i-snosmaltningen-i-eahagen\/\",\"name\":\"Kristus i sn\u00f6sm\u00e4ltningen i Eahagen - Vandra V\u00e4gen\",\"isPartOf\":{\"@id\":\"https:\/\/blogg.svenskakyrkan.se\/vandravagen\/#website\"},\"primaryImageOfPage\":{\"@id\":\"https:\/\/blogg.svenskakyrkan.se\/vandravagen\/2013\/03\/28\/kristus-i-snosmaltningen-i-eahagen\/#primaryimage\"},\"image\":{\"@id\":\"https:\/\/blogg.svenskakyrkan.se\/vandravagen\/2013\/03\/28\/kristus-i-snosmaltningen-i-eahagen\/#primaryimage\"},\"thumbnailUrl\":\"http:\/\/1.bp.blogspot.com\/-fQykCPFPdKY\/UVPwNG_zFPI\/AAAAAAAAC4I\/oW1i8tvusg0\/s400\/buske.jpg\",\"datePublished\":\"2013-03-28T08:41:00+00:00\",\"breadcrumb\":{\"@id\":\"https:\/\/blogg.svenskakyrkan.se\/vandravagen\/2013\/03\/28\/kristus-i-snosmaltningen-i-eahagen\/#breadcrumb\"},\"inLanguage\":\"sv-SE\",\"potentialAction\":[{\"@type\":\"ReadAction\",\"target\":[\"https:\/\/blogg.svenskakyrkan.se\/vandravagen\/2013\/03\/28\/kristus-i-snosmaltningen-i-eahagen\/\"]}]},{\"@type\":\"ImageObject\",\"inLanguage\":\"sv-SE\",\"@id\":\"https:\/\/blogg.svenskakyrkan.se\/vandravagen\/2013\/03\/28\/kristus-i-snosmaltningen-i-eahagen\/#primaryimage\",\"url\":\"http:\/\/1.bp.blogspot.com\/-fQykCPFPdKY\/UVPwNG_zFPI\/AAAAAAAAC4I\/oW1i8tvusg0\/s400\/buske.jpg\",\"contentUrl\":\"http:\/\/1.bp.blogspot.com\/-fQykCPFPdKY\/UVPwNG_zFPI\/AAAAAAAAC4I\/oW1i8tvusg0\/s400\/buske.jpg\"},{\"@type\":\"BreadcrumbList\",\"@id\":\"https:\/\/blogg.svenskakyrkan.se\/vandravagen\/2013\/03\/28\/kristus-i-snosmaltningen-i-eahagen\/#breadcrumb\",\"itemListElement\":[{\"@type\":\"ListItem\",\"position\":1,\"name\":\"Hem\",\"item\":\"https:\/\/blogg.svenskakyrkan.se\/vandravagen\/\"},{\"@type\":\"ListItem\",\"position\":2,\"name\":\"Kristus i sn\u00f6sm\u00e4ltningen i Eahagen\"}]},{\"@type\":\"WebSite\",\"@id\":\"https:\/\/blogg.svenskakyrkan.se\/vandravagen\/#website\",\"url\":\"https:\/\/blogg.svenskakyrkan.se\/vandravagen\/\",\"name\":\"Vandra V\u00e4gen\",\"description\":\"-Mot en tro f\u00f6r hela livet\",\"publisher\":{\"@id\":\"https:\/\/blogg.svenskakyrkan.se\/vandravagen\/#organization\"},\"potentialAction\":[{\"@type\":\"SearchAction\",\"target\":{\"@type\":\"EntryPoint\",\"urlTemplate\":\"https:\/\/blogg.svenskakyrkan.se\/vandravagen\/?s={search_term_string}\"},\"query-input\":{\"@type\":\"PropertyValueSpecification\",\"valueRequired\":true,\"valueName\":\"search_term_string\"}}],\"inLanguage\":\"sv-SE\"},{\"@type\":\"Organization\",\"@id\":\"https:\/\/blogg.svenskakyrkan.se\/vandravagen\/#organization\",\"name\":\"ulricehamns pastorat\",\"alternateName\":\"ulricehamns pastorat\",\"url\":\"https:\/\/blogg.svenskakyrkan.se\/vandravagen\/\",\"logo\":{\"@type\":\"ImageObject\",\"inLanguage\":\"sv-SE\",\"@id\":\"https:\/\/blogg.svenskakyrkan.se\/vandravagen\/#\/schema\/logo\/image\/\",\"url\":\"https:\/\/blogg.svenskakyrkan.se\/vandravagen\/files\/2023\/05\/Ulr_logo_RGB.png\",\"contentUrl\":\"https:\/\/blogg.svenskakyrkan.se\/vandravagen\/files\/2023\/05\/Ulr_logo_RGB.png\",\"width\":205,\"height\":77,\"caption\":\"ulricehamns pastorat\"},\"image\":{\"@id\":\"https:\/\/blogg.svenskakyrkan.se\/vandravagen\/#\/schema\/logo\/image\/\"},\"sameAs\":[\"http:\/\/facebook.com\/vandravagen\",\"https:\/\/x.com\/fadertomas\",\"http:\/\/www.facebook.com\/svenskakyrkaniulricehamn\"]},{\"@type\":\"Person\",\"@id\":\"https:\/\/blogg.svenskakyrkan.se\/vandravagen\/#\/schema\/person\/25da02d4f76b137d04291711e2c9fc16\",\"name\":\"Tomas Jarvid\",\"image\":{\"@type\":\"ImageObject\",\"inLanguage\":\"sv-SE\",\"@id\":\"https:\/\/blogg.svenskakyrkan.se\/vandravagen\/#\/schema\/person\/image\/\",\"url\":\"https:\/\/secure.gravatar.com\/avatar\/7fa71899795e8f540f615a1f5ab25255dc27aa40f05ee7ddd21aac521e01bf50?s=96&d=identicon&r=g\",\"contentUrl\":\"https:\/\/secure.gravatar.com\/avatar\/7fa71899795e8f540f615a1f5ab25255dc27aa40f05ee7ddd21aac521e01bf50?s=96&d=identicon&r=g\",\"caption\":\"Tomas Jarvid\"},\"description\":\"Jag bor i Ulricehamn i V\u00e4sterg\u00f6tland och \u00e4r f\u00f6rsamlingspr\u00e4st i Svenska Kyrkan f\u00f6r Dalstorps f\u00f6rsamling i Kinds pastorat. P\u00e5 den h\u00e4r bloggen skriver jag ner tankar om vandringen som kristen.\",\"sameAs\":[\"http:\/\/www.vandravagen.se\"],\"url\":\"https:\/\/blogg.svenskakyrkan.se\/vandravagen\/author\/vandravagen\/\"}]}<\/script>\n<!-- \/ Yoast SEO plugin. -->","yoast_head_json":{"title":"Kristus i sn\u00f6sm\u00e4ltningen i Eahagen - Vandra V\u00e4gen","robots":{"index":"index","follow":"follow","max-snippet":"max-snippet:-1","max-image-preview":"max-image-preview:large","max-video-preview":"max-video-preview:-1"},"canonical":"https:\/\/blogg.svenskakyrkan.se\/vandravagen\/2013\/03\/28\/kristus-i-snosmaltningen-i-eahagen\/","og_locale":"sv_SE","og_type":"article","og_title":"Kristus i sn\u00f6sm\u00e4ltningen i Eahagen - Vandra V\u00e4gen","og_description":"Ig\u00e5r var jag med familjen i Eahagen n\u00e4ra Fl\u00e4msl\u00e4tts stiftsg\u00e5rd. V\u00e5ren har kommit med stora steg till skaraborg de senaste dagarna men i naturreservatet l\u00e5g det tjockt med sn\u00f6 kvar. Utom p\u00e5 vissa platser d\u00e4r solen f\u00e5tt verka mer.\u00a0 D\u00e4r det sticker upp n\u00e5got som solen kan f\u00e5 f\u00e4ste p\u00e5 g\u00e5r det fortare. Den h\u00e4r [&hellip;]","og_url":"https:\/\/blogg.svenskakyrkan.se\/vandravagen\/2013\/03\/28\/kristus-i-snosmaltningen-i-eahagen\/","og_site_name":"Vandra V\u00e4gen","article_publisher":"http:\/\/facebook.com\/vandravagen","article_published_time":"2013-03-28T08:41:00+00:00","og_image":[{"url":"http:\/\/1.bp.blogspot.com\/-fQykCPFPdKY\/UVPwNG_zFPI\/AAAAAAAAC4I\/oW1i8tvusg0\/s400\/buske.jpg","type":"","width":"","height":""}],"author":"Tomas Jarvid","twitter_card":"summary_large_image","twitter_creator":"@fadertomas","twitter_site":"@fadertomas","twitter_misc":{"Skriven av":"Tomas Jarvid","Ber\u00e4knad l\u00e4stid":"1 minut"},"schema":{"@context":"https:\/\/schema.org","@graph":[{"@type":"Article","@id":"https:\/\/blogg.svenskakyrkan.se\/vandravagen\/2013\/03\/28\/kristus-i-snosmaltningen-i-eahagen\/#article","isPartOf":{"@id":"https:\/\/blogg.svenskakyrkan.se\/vandravagen\/2013\/03\/28\/kristus-i-snosmaltningen-i-eahagen\/"},"author":{"name":"Tomas Jarvid","@id":"https:\/\/blogg.svenskakyrkan.se\/vandravagen\/#\/schema\/person\/25da02d4f76b137d04291711e2c9fc16"},"headline":"Kristus i sn\u00f6sm\u00e4ltningen i Eahagen","datePublished":"2013-03-28T08:41:00+00:00","mainEntityOfPage":{"@id":"https:\/\/blogg.svenskakyrkan.se\/vandravagen\/2013\/03\/28\/kristus-i-snosmaltningen-i-eahagen\/"},"wordCount":300,"commentCount":0,"publisher":{"@id":"https:\/\/blogg.svenskakyrkan.se\/vandravagen\/#organization"},"image":{"@id":"https:\/\/blogg.svenskakyrkan.se\/vandravagen\/2013\/03\/28\/kristus-i-snosmaltningen-i-eahagen\/#primaryimage"},"thumbnailUrl":"http:\/\/1.bp.blogspot.com\/-fQykCPFPdKY\/UVPwNG_zFPI\/AAAAAAAAC4I\/oW1i8tvusg0\/s400\/buske.jpg","articleSection":["bilder","Teologi"],"inLanguage":"sv-SE","potentialAction":[{"@type":"CommentAction","name":"Comment","target":["https:\/\/blogg.svenskakyrkan.se\/vandravagen\/2013\/03\/28\/kristus-i-snosmaltningen-i-eahagen\/#respond"]}]},{"@type":"WebPage","@id":"https:\/\/blogg.svenskakyrkan.se\/vandravagen\/2013\/03\/28\/kristus-i-snosmaltningen-i-eahagen\/","url":"https:\/\/blogg.svenskakyrkan.se\/vandravagen\/2013\/03\/28\/kristus-i-snosmaltningen-i-eahagen\/","name":"Kristus i sn\u00f6sm\u00e4ltningen i Eahagen - Vandra V\u00e4gen","isPartOf":{"@id":"https:\/\/blogg.svenskakyrkan.se\/vandravagen\/#website"},"primaryImageOfPage":{"@id":"https:\/\/blogg.svenskakyrkan.se\/vandravagen\/2013\/03\/28\/kristus-i-snosmaltningen-i-eahagen\/#primaryimage"},"image":{"@id":"https:\/\/blogg.svenskakyrkan.se\/vandravagen\/2013\/03\/28\/kristus-i-snosmaltningen-i-eahagen\/#primaryimage"},"thumbnailUrl":"http:\/\/1.bp.blogspot.com\/-fQykCPFPdKY\/UVPwNG_zFPI\/AAAAAAAAC4I\/oW1i8tvusg0\/s400\/buske.jpg","datePublished":"2013-03-28T08:41:00+00:00","breadcrumb":{"@id":"https:\/\/blogg.svenskakyrkan.se\/vandravagen\/2013\/03\/28\/kristus-i-snosmaltningen-i-eahagen\/#breadcrumb"},"inLanguage":"sv-SE","potentialAction":[{"@type":"ReadAction","target":["https:\/\/blogg.svenskakyrkan.se\/vandravagen\/2013\/03\/28\/kristus-i-snosmaltningen-i-eahagen\/"]}]},{"@type":"ImageObject","inLanguage":"sv-SE","@id":"https:\/\/blogg.svenskakyrkan.se\/vandravagen\/2013\/03\/28\/kristus-i-snosmaltningen-i-eahagen\/#primaryimage","url":"http:\/\/1.bp.blogspot.com\/-fQykCPFPdKY\/UVPwNG_zFPI\/AAAAAAAAC4I\/oW1i8tvusg0\/s400\/buske.jpg","contentUrl":"http:\/\/1.bp.blogspot.com\/-fQykCPFPdKY\/UVPwNG_zFPI\/AAAAAAAAC4I\/oW1i8tvusg0\/s400\/buske.jpg"},{"@type":"BreadcrumbList","@id":"https:\/\/blogg.svenskakyrkan.se\/vandravagen\/2013\/03\/28\/kristus-i-snosmaltningen-i-eahagen\/#breadcrumb","itemListElement":[{"@type":"ListItem","position":1,"name":"Hem","item":"https:\/\/blogg.svenskakyrkan.se\/vandravagen\/"},{"@type":"ListItem","position":2,"name":"Kristus i sn\u00f6sm\u00e4ltningen i Eahagen"}]},{"@type":"WebSite","@id":"https:\/\/blogg.svenskakyrkan.se\/vandravagen\/#website","url":"https:\/\/blogg.svenskakyrkan.se\/vandravagen\/","name":"Vandra V\u00e4gen","description":"-Mot en tro f\u00f6r hela livet","publisher":{"@id":"https:\/\/blogg.svenskakyrkan.se\/vandravagen\/#organization"},"potentialAction":[{"@type":"SearchAction","target":{"@type":"EntryPoint","urlTemplate":"https:\/\/blogg.svenskakyrkan.se\/vandravagen\/?s={search_term_string}"},"query-input":{"@type":"PropertyValueSpecification","valueRequired":true,"valueName":"search_term_string"}}],"inLanguage":"sv-SE"},{"@type":"Organization","@id":"https:\/\/blogg.svenskakyrkan.se\/vandravagen\/#organization","name":"ulricehamns pastorat","alternateName":"ulricehamns pastorat","url":"https:\/\/blogg.svenskakyrkan.se\/vandravagen\/","logo":{"@type":"ImageObject","inLanguage":"sv-SE","@id":"https:\/\/blogg.svenskakyrkan.se\/vandravagen\/#\/schema\/logo\/image\/","url":"https:\/\/blogg.svenskakyrkan.se\/vandravagen\/files\/2023\/05\/Ulr_logo_RGB.png","contentUrl":"https:\/\/blogg.svenskakyrkan.se\/vandravagen\/files\/2023\/05\/Ulr_logo_RGB.png","width":205,"height":77,"caption":"ulricehamns pastorat"},"image":{"@id":"https:\/\/blogg.svenskakyrkan.se\/vandravagen\/#\/schema\/logo\/image\/"},"sameAs":["http:\/\/facebook.com\/vandravagen","https:\/\/x.com\/fadertomas","http:\/\/www.facebook.com\/svenskakyrkaniulricehamn"]},{"@type":"Person","@id":"https:\/\/blogg.svenskakyrkan.se\/vandravagen\/#\/schema\/person\/25da02d4f76b137d04291711e2c9fc16","name":"Tomas Jarvid","image":{"@type":"ImageObject","inLanguage":"sv-SE","@id":"https:\/\/blogg.svenskakyrkan.se\/vandravagen\/#\/schema\/person\/image\/","url":"https:\/\/secure.gravatar.com\/avatar\/7fa71899795e8f540f615a1f5ab25255dc27aa40f05ee7ddd21aac521e01bf50?s=96&d=identicon&r=g","contentUrl":"https:\/\/secure.gravatar.com\/avatar\/7fa71899795e8f540f615a1f5ab25255dc27aa40f05ee7ddd21aac521e01bf50?s=96&d=identicon&r=g","caption":"Tomas Jarvid"},"description":"Jag bor i Ulricehamn i V\u00e4sterg\u00f6tland och \u00e4r f\u00f6rsamlingspr\u00e4st i Svenska Kyrkan f\u00f6r Dalstorps f\u00f6rsamling i Kinds pastorat. P\u00e5 den h\u00e4r bloggen skriver jag ner tankar om vandringen som kristen.","sameAs":["http:\/\/www.vandravagen.se"],"url":"https:\/\/blogg.svenskakyrkan.se\/vandravagen\/author\/vandravagen\/"}]}},"author_meta":{"ID":"392","user_nicename":"vandravagen","user_url":"http:\/\/www.vandravagen.se","user_registered":"2014-05-19 05:44:52","display_name":"Tomas Jarvid","first_name":"Tomas","last_name":"Jarvid","avatar":"https:\/\/secure.gravatar.com\/avatar\/7fa71899795e8f540f615a1f5ab25255dc27aa40f05ee7ddd21aac521e01bf50?s=96&d=identicon&r=g"},"featured_image":false,"bloginfo":{"name":"Vandra V\u00e4gen","url":"https:\/\/blogg.svenskakyrkan.se\/vandravagen"},"_links":{"self":[{"href":"https:\/\/blogg.svenskakyrkan.se\/vandravagen\/wp-json\/wp\/v2\/posts\/645","targetHints":{"allow":["GET"]}}],"collection":[{"href":"https:\/\/blogg.svenskakyrkan.se\/vandravagen\/wp-json\/wp\/v2\/posts"}],"about":[{"href":"https:\/\/blogg.svenskakyrkan.se\/vandravagen\/wp-json\/wp\/v2\/types\/post"}],"author":[{"embeddable":true,"href":"https:\/\/blogg.svenskakyrkan.se\/vandravagen\/wp-json\/wp\/v2\/users\/392"}],"replies":[{"embeddable":true,"href":"https:\/\/blogg.svenskakyrkan.se\/vandravagen\/wp-json\/wp\/v2\/comments?post=645"}],"version-history":[{"count":0,"href":"https:\/\/blogg.svenskakyrkan.se\/vandravagen\/wp-json\/wp\/v2\/posts\/645\/revisions"}],"wp:attachment":[{"href":"https:\/\/blogg.svenskakyrkan.se\/vandravagen\/wp-json\/wp\/v2\/media?parent=645"}],"wp:term":[{"taxonomy":"category","embeddable":true,"href":"https:\/\/blogg.svenskakyrkan.se\/vandravagen\/wp-json\/wp\/v2\/categories?post=645"},{"taxonomy":"post_tag","embeddable":true,"href":"https:\/\/blogg.svenskakyrkan.se\/vandravagen\/wp-json\/wp\/v2\/tags?post=645"}],"curies":[{"name":"wp","href":"https:\/\/api.w.org\/{rel}","templated":true}]}}