{"id":646,"date":"2013-03-27T09:19:00","date_gmt":"2013-03-27T08:19:00","guid":{"rendered":"http:\/\/blogg.svenskakyrkan.se\/vandravagen\/2013\/03\/27\/dores-bibel-och-torgny-lindgren\/"},"modified":"2013-03-27T09:19:00","modified_gmt":"2013-03-27T08:19:00","slug":"dores-bibel-och-torgny-lindgren","status":"publish","type":"post","link":"https:\/\/blogg.svenskakyrkan.se\/vandravagen\/2013\/03\/27\/dores-bibel-och-torgny-lindgren\/","title":{"rendered":"Dor\u00e9s bibel och Torgny Lindgren"},"content":{"rendered":"<table align=\"center\" cellpadding=\"0\" cellspacing=\"0\">\n<tbody>\n<tr>\n<td><a href=\"http:\/\/upload.wikimedia.org\/wikipedia\/commons\/thumb\/b\/b5\/Dore_Bible_Sermon_on_the_Mount.jpg\/444px-Dore_Bible_Sermon_on_the_Mount.jpg\"><img loading=\"lazy\" decoding=\"async\" border=\"0\" height=\"400\" src=\"http:\/\/upload.wikimedia.org\/wikipedia\/commons\/thumb\/b\/b5\/Dore_Bible_Sermon_on_the_Mount.jpg\/444px-Dore_Bible_Sermon_on_the_Mount.jpg\" width=\"296\"><\/a><\/td>\n<\/tr>\n<tr>\n<td>Bergspredikan av Gustav Dor\u00e9<\/td>\n<\/tr>\n<\/tbody>\n<\/table>\n<p>Nu har jag lyssnat p\u00e5 ljudbok igen. Den h\u00e4r g\u00e5ngen har jag h\u00f6rt &#8221;<a href=\"http:\/\/www.adlibris.com\/se\/product.aspx?isbn=9172637668\">Dor\u00e9s bibel<\/a>&#8221; av Torgny Lindgren. Torgny \u00e4r en stor favorit hos mig och min fru och det har dessutom varit ett plus att h\u00f6ra honom l\u00e4sa sj\u00e4lv och glida in och ut ur v\u00e4sterbottniska dialekten.<\/p>\n<p>Som teolog har man en och annan yrkesskada. En s\u00e5dan \u00e4r att hela tiden leta efter betydelsen i det man l\u00e4ser, och det \u00e4r sannerligen inte l\u00e4tt. Lindgren har ocks\u00e5 sj\u00e4lv sagt att han tycker det \u00e4r sv\u00e5rt varje g\u00e5ng n\u00e5gon fr\u00e5gar vad en av hans b\u00f6cker &#8221;handlar om&#8221;.<\/p>\n<p>&#8221;Dor\u00e9s bibel&#8221; handlar i alla fall om en man som inte kan l\u00e4sa men som fr\u00e5n sin allra tidigaste barndom l\u00e4st en inbunden upplaga av Dor\u00e9s bibelillustrationer. Sedan har han med den som tolkningsbakgrund i livet han lever. Han har ett oerh\u00f6rt minne och har reflekterat bakom varje streck.<\/p>\n<p>Det \u00e4r oklart om boken \u00f6verhuvudtaget \u00e4r t\u00e4nkt att handla om bibell\u00e4sning men om den g\u00f6r det kanske det just \u00e4r detta som \u00e4r en po\u00e4ng; att bibell\u00e4sning bildar n\u00e5gon slags f\u00f6rr\u00e5d i minnet som man kan anv\u00e4nda sig av f\u00f6r att f\u00f6rst\u00e5 livet. Ju mer man l\u00e4st i bibeln, desto oftare l\u00e4ser man vardagen utifr\u00e5n den. Det \u00e4r helt klart s\u00e5 med Torgny Lindgren sj\u00e4lv. Hans spr\u00e5k kryllar av bibelh\u00e4nvisningar f\u00f6r den som har \u00f6gon att se dem.<\/p>\n<p>Bra bok. L\u00e4s den.<\/p>\n<p>Har du l\u00e4st boken? Eller har du en relation till Dor\u00e9s bilder? Ber\u00e4tta i kommentarsf\u00e4ltet!<\/p>\n","protected":false},"excerpt":{"rendered":"<p>Bergspredikan av Gustav Dor\u00e9 Nu har jag lyssnat p\u00e5 ljudbok igen. Den h\u00e4r g\u00e5ngen har jag h\u00f6rt &#8221;Dor\u00e9s bibel&#8221; av Torgny Lindgren. Torgny \u00e4r en stor favorit hos mig och min fru och det har dessutom varit ett plus att h\u00f6ra honom l\u00e4sa sj\u00e4lv och glida in och ut ur v\u00e4sterbottniska dialekten. Som teolog har [&hellip;]<\/p>\n","protected":false},"author":392,"featured_media":0,"comment_status":"open","ping_status":"open","sticky":false,"template":"","format":"standard","meta":{"_acf_changed":false,"footnotes":""},"categories":[14252,8298,8253,42374],"tags":[],"class_list":["post-646","post","type-post","status-publish","format-standard","hentry","category-bibel","category-bibeln","category-bocker","category-boktips"],"acf":[],"yoast_head":"<!-- This site is optimized with the Yoast SEO plugin v27.1.1 - https:\/\/yoast.com\/product\/yoast-seo-wordpress\/ -->\n<title>Dor\u00e9s bibel och Torgny Lindgren - Vandra V\u00e4gen<\/title>\n<meta name=\"robots\" content=\"index, follow, max-snippet:-1, max-image-preview:large, max-video-preview:-1\" \/>\n<link rel=\"canonical\" href=\"https:\/\/blogg.svenskakyrkan.se\/vandravagen\/2013\/03\/27\/dores-bibel-och-torgny-lindgren\/\" \/>\n<meta property=\"og:locale\" content=\"sv_SE\" \/>\n<meta property=\"og:type\" content=\"article\" \/>\n<meta property=\"og:title\" content=\"Dor\u00e9s bibel och Torgny Lindgren - Vandra V\u00e4gen\" \/>\n<meta property=\"og:description\" content=\"Bergspredikan av Gustav Dor\u00e9 Nu har jag lyssnat p\u00e5 ljudbok igen. Den h\u00e4r g\u00e5ngen har jag h\u00f6rt &#8221;Dor\u00e9s bibel&#8221; av Torgny Lindgren. Torgny \u00e4r en stor favorit hos mig och min fru och det har dessutom varit ett plus att h\u00f6ra honom l\u00e4sa sj\u00e4lv och glida in och ut ur v\u00e4sterbottniska dialekten. Som teolog har [&hellip;]\" \/>\n<meta property=\"og:url\" content=\"https:\/\/blogg.svenskakyrkan.se\/vandravagen\/2013\/03\/27\/dores-bibel-och-torgny-lindgren\/\" \/>\n<meta property=\"og:site_name\" content=\"Vandra V\u00e4gen\" \/>\n<meta property=\"article:publisher\" content=\"http:\/\/facebook.com\/vandravagen\" \/>\n<meta property=\"article:published_time\" content=\"2013-03-27T08:19:00+00:00\" \/>\n<meta property=\"og:image\" content=\"http:\/\/upload.wikimedia.org\/wikipedia\/commons\/thumb\/b\/b5\/Dore_Bible_Sermon_on_the_Mount.jpg\/444px-Dore_Bible_Sermon_on_the_Mount.jpg\" \/>\n<meta name=\"author\" content=\"Tomas Jarvid\" \/>\n<meta name=\"twitter:card\" content=\"summary_large_image\" \/>\n<meta name=\"twitter:creator\" content=\"@fadertomas\" \/>\n<meta name=\"twitter:site\" content=\"@fadertomas\" \/>\n<meta name=\"twitter:label1\" content=\"Skriven av\" \/>\n\t<meta name=\"twitter:data1\" content=\"Tomas Jarvid\" \/>\n\t<meta name=\"twitter:label2\" content=\"Ber\u00e4knad l\u00e4stid\" \/>\n\t<meta name=\"twitter:data2\" content=\"1 minut\" \/>\n<script type=\"application\/ld+json\" class=\"yoast-schema-graph\">{\"@context\":\"https:\/\/schema.org\",\"@graph\":[{\"@type\":\"Article\",\"@id\":\"https:\/\/blogg.svenskakyrkan.se\/vandravagen\/2013\/03\/27\/dores-bibel-och-torgny-lindgren\/#article\",\"isPartOf\":{\"@id\":\"https:\/\/blogg.svenskakyrkan.se\/vandravagen\/2013\/03\/27\/dores-bibel-och-torgny-lindgren\/\"},\"author\":{\"name\":\"Tomas Jarvid\",\"@id\":\"https:\/\/blogg.svenskakyrkan.se\/vandravagen\/#\/schema\/person\/25da02d4f76b137d04291711e2c9fc16\"},\"headline\":\"Dor\u00e9s bibel och Torgny Lindgren\",\"datePublished\":\"2013-03-27T08:19:00+00:00\",\"mainEntityOfPage\":{\"@id\":\"https:\/\/blogg.svenskakyrkan.se\/vandravagen\/2013\/03\/27\/dores-bibel-och-torgny-lindgren\/\"},\"wordCount\":300,\"commentCount\":2,\"publisher\":{\"@id\":\"https:\/\/blogg.svenskakyrkan.se\/vandravagen\/#organization\"},\"image\":{\"@id\":\"https:\/\/blogg.svenskakyrkan.se\/vandravagen\/2013\/03\/27\/dores-bibel-och-torgny-lindgren\/#primaryimage\"},\"thumbnailUrl\":\"http:\/\/upload.wikimedia.org\/wikipedia\/commons\/thumb\/b\/b5\/Dore_Bible_Sermon_on_the_Mount.jpg\/444px-Dore_Bible_Sermon_on_the_Mount.jpg\",\"articleSection\":[\"bibel\",\"Bibeln\",\"b\u00f6cker\",\"boktips\"],\"inLanguage\":\"sv-SE\",\"potentialAction\":[{\"@type\":\"CommentAction\",\"name\":\"Comment\",\"target\":[\"https:\/\/blogg.svenskakyrkan.se\/vandravagen\/2013\/03\/27\/dores-bibel-och-torgny-lindgren\/#respond\"]}]},{\"@type\":\"WebPage\",\"@id\":\"https:\/\/blogg.svenskakyrkan.se\/vandravagen\/2013\/03\/27\/dores-bibel-och-torgny-lindgren\/\",\"url\":\"https:\/\/blogg.svenskakyrkan.se\/vandravagen\/2013\/03\/27\/dores-bibel-och-torgny-lindgren\/\",\"name\":\"Dor\u00e9s bibel och Torgny Lindgren - Vandra V\u00e4gen\",\"isPartOf\":{\"@id\":\"https:\/\/blogg.svenskakyrkan.se\/vandravagen\/#website\"},\"primaryImageOfPage\":{\"@id\":\"https:\/\/blogg.svenskakyrkan.se\/vandravagen\/2013\/03\/27\/dores-bibel-och-torgny-lindgren\/#primaryimage\"},\"image\":{\"@id\":\"https:\/\/blogg.svenskakyrkan.se\/vandravagen\/2013\/03\/27\/dores-bibel-och-torgny-lindgren\/#primaryimage\"},\"thumbnailUrl\":\"http:\/\/upload.wikimedia.org\/wikipedia\/commons\/thumb\/b\/b5\/Dore_Bible_Sermon_on_the_Mount.jpg\/444px-Dore_Bible_Sermon_on_the_Mount.jpg\",\"datePublished\":\"2013-03-27T08:19:00+00:00\",\"breadcrumb\":{\"@id\":\"https:\/\/blogg.svenskakyrkan.se\/vandravagen\/2013\/03\/27\/dores-bibel-och-torgny-lindgren\/#breadcrumb\"},\"inLanguage\":\"sv-SE\",\"potentialAction\":[{\"@type\":\"ReadAction\",\"target\":[\"https:\/\/blogg.svenskakyrkan.se\/vandravagen\/2013\/03\/27\/dores-bibel-och-torgny-lindgren\/\"]}]},{\"@type\":\"ImageObject\",\"inLanguage\":\"sv-SE\",\"@id\":\"https:\/\/blogg.svenskakyrkan.se\/vandravagen\/2013\/03\/27\/dores-bibel-och-torgny-lindgren\/#primaryimage\",\"url\":\"http:\/\/upload.wikimedia.org\/wikipedia\/commons\/thumb\/b\/b5\/Dore_Bible_Sermon_on_the_Mount.jpg\/444px-Dore_Bible_Sermon_on_the_Mount.jpg\",\"contentUrl\":\"http:\/\/upload.wikimedia.org\/wikipedia\/commons\/thumb\/b\/b5\/Dore_Bible_Sermon_on_the_Mount.jpg\/444px-Dore_Bible_Sermon_on_the_Mount.jpg\"},{\"@type\":\"BreadcrumbList\",\"@id\":\"https:\/\/blogg.svenskakyrkan.se\/vandravagen\/2013\/03\/27\/dores-bibel-och-torgny-lindgren\/#breadcrumb\",\"itemListElement\":[{\"@type\":\"ListItem\",\"position\":1,\"name\":\"Hem\",\"item\":\"https:\/\/blogg.svenskakyrkan.se\/vandravagen\/\"},{\"@type\":\"ListItem\",\"position\":2,\"name\":\"Dor\u00e9s bibel och Torgny Lindgren\"}]},{\"@type\":\"WebSite\",\"@id\":\"https:\/\/blogg.svenskakyrkan.se\/vandravagen\/#website\",\"url\":\"https:\/\/blogg.svenskakyrkan.se\/vandravagen\/\",\"name\":\"Vandra V\u00e4gen\",\"description\":\"-Mot en tro f\u00f6r hela livet\",\"publisher\":{\"@id\":\"https:\/\/blogg.svenskakyrkan.se\/vandravagen\/#organization\"},\"potentialAction\":[{\"@type\":\"SearchAction\",\"target\":{\"@type\":\"EntryPoint\",\"urlTemplate\":\"https:\/\/blogg.svenskakyrkan.se\/vandravagen\/?s={search_term_string}\"},\"query-input\":{\"@type\":\"PropertyValueSpecification\",\"valueRequired\":true,\"valueName\":\"search_term_string\"}}],\"inLanguage\":\"sv-SE\"},{\"@type\":\"Organization\",\"@id\":\"https:\/\/blogg.svenskakyrkan.se\/vandravagen\/#organization\",\"name\":\"ulricehamns pastorat\",\"alternateName\":\"ulricehamns pastorat\",\"url\":\"https:\/\/blogg.svenskakyrkan.se\/vandravagen\/\",\"logo\":{\"@type\":\"ImageObject\",\"inLanguage\":\"sv-SE\",\"@id\":\"https:\/\/blogg.svenskakyrkan.se\/vandravagen\/#\/schema\/logo\/image\/\",\"url\":\"https:\/\/blogg.svenskakyrkan.se\/vandravagen\/files\/2023\/05\/Ulr_logo_RGB.png\",\"contentUrl\":\"https:\/\/blogg.svenskakyrkan.se\/vandravagen\/files\/2023\/05\/Ulr_logo_RGB.png\",\"width\":205,\"height\":77,\"caption\":\"ulricehamns pastorat\"},\"image\":{\"@id\":\"https:\/\/blogg.svenskakyrkan.se\/vandravagen\/#\/schema\/logo\/image\/\"},\"sameAs\":[\"http:\/\/facebook.com\/vandravagen\",\"https:\/\/x.com\/fadertomas\",\"http:\/\/www.facebook.com\/svenskakyrkaniulricehamn\"]},{\"@type\":\"Person\",\"@id\":\"https:\/\/blogg.svenskakyrkan.se\/vandravagen\/#\/schema\/person\/25da02d4f76b137d04291711e2c9fc16\",\"name\":\"Tomas Jarvid\",\"image\":{\"@type\":\"ImageObject\",\"inLanguage\":\"sv-SE\",\"@id\":\"https:\/\/blogg.svenskakyrkan.se\/vandravagen\/#\/schema\/person\/image\/\",\"url\":\"https:\/\/secure.gravatar.com\/avatar\/7fa71899795e8f540f615a1f5ab25255dc27aa40f05ee7ddd21aac521e01bf50?s=96&d=identicon&r=g\",\"contentUrl\":\"https:\/\/secure.gravatar.com\/avatar\/7fa71899795e8f540f615a1f5ab25255dc27aa40f05ee7ddd21aac521e01bf50?s=96&d=identicon&r=g\",\"caption\":\"Tomas Jarvid\"},\"description\":\"Jag bor i Ulricehamn i V\u00e4sterg\u00f6tland och \u00e4r f\u00f6rsamlingspr\u00e4st i Svenska Kyrkan f\u00f6r Dalstorps f\u00f6rsamling i Kinds pastorat. P\u00e5 den h\u00e4r bloggen skriver jag ner tankar om vandringen som kristen.\",\"sameAs\":[\"http:\/\/www.vandravagen.se\"],\"url\":\"https:\/\/blogg.svenskakyrkan.se\/vandravagen\/author\/vandravagen\/\"}]}<\/script>\n<!-- \/ Yoast SEO plugin. -->","yoast_head_json":{"title":"Dor\u00e9s bibel och Torgny Lindgren - Vandra V\u00e4gen","robots":{"index":"index","follow":"follow","max-snippet":"max-snippet:-1","max-image-preview":"max-image-preview:large","max-video-preview":"max-video-preview:-1"},"canonical":"https:\/\/blogg.svenskakyrkan.se\/vandravagen\/2013\/03\/27\/dores-bibel-och-torgny-lindgren\/","og_locale":"sv_SE","og_type":"article","og_title":"Dor\u00e9s bibel och Torgny Lindgren - Vandra V\u00e4gen","og_description":"Bergspredikan av Gustav Dor\u00e9 Nu har jag lyssnat p\u00e5 ljudbok igen. Den h\u00e4r g\u00e5ngen har jag h\u00f6rt &#8221;Dor\u00e9s bibel&#8221; av Torgny Lindgren. Torgny \u00e4r en stor favorit hos mig och min fru och det har dessutom varit ett plus att h\u00f6ra honom l\u00e4sa sj\u00e4lv och glida in och ut ur v\u00e4sterbottniska dialekten. Som teolog har [&hellip;]","og_url":"https:\/\/blogg.svenskakyrkan.se\/vandravagen\/2013\/03\/27\/dores-bibel-och-torgny-lindgren\/","og_site_name":"Vandra V\u00e4gen","article_publisher":"http:\/\/facebook.com\/vandravagen","article_published_time":"2013-03-27T08:19:00+00:00","og_image":[{"url":"http:\/\/upload.wikimedia.org\/wikipedia\/commons\/thumb\/b\/b5\/Dore_Bible_Sermon_on_the_Mount.jpg\/444px-Dore_Bible_Sermon_on_the_Mount.jpg","type":"","width":"","height":""}],"author":"Tomas Jarvid","twitter_card":"summary_large_image","twitter_creator":"@fadertomas","twitter_site":"@fadertomas","twitter_misc":{"Skriven av":"Tomas Jarvid","Ber\u00e4knad l\u00e4stid":"1 minut"},"schema":{"@context":"https:\/\/schema.org","@graph":[{"@type":"Article","@id":"https:\/\/blogg.svenskakyrkan.se\/vandravagen\/2013\/03\/27\/dores-bibel-och-torgny-lindgren\/#article","isPartOf":{"@id":"https:\/\/blogg.svenskakyrkan.se\/vandravagen\/2013\/03\/27\/dores-bibel-och-torgny-lindgren\/"},"author":{"name":"Tomas Jarvid","@id":"https:\/\/blogg.svenskakyrkan.se\/vandravagen\/#\/schema\/person\/25da02d4f76b137d04291711e2c9fc16"},"headline":"Dor\u00e9s bibel och Torgny Lindgren","datePublished":"2013-03-27T08:19:00+00:00","mainEntityOfPage":{"@id":"https:\/\/blogg.svenskakyrkan.se\/vandravagen\/2013\/03\/27\/dores-bibel-och-torgny-lindgren\/"},"wordCount":300,"commentCount":2,"publisher":{"@id":"https:\/\/blogg.svenskakyrkan.se\/vandravagen\/#organization"},"image":{"@id":"https:\/\/blogg.svenskakyrkan.se\/vandravagen\/2013\/03\/27\/dores-bibel-och-torgny-lindgren\/#primaryimage"},"thumbnailUrl":"http:\/\/upload.wikimedia.org\/wikipedia\/commons\/thumb\/b\/b5\/Dore_Bible_Sermon_on_the_Mount.jpg\/444px-Dore_Bible_Sermon_on_the_Mount.jpg","articleSection":["bibel","Bibeln","b\u00f6cker","boktips"],"inLanguage":"sv-SE","potentialAction":[{"@type":"CommentAction","name":"Comment","target":["https:\/\/blogg.svenskakyrkan.se\/vandravagen\/2013\/03\/27\/dores-bibel-och-torgny-lindgren\/#respond"]}]},{"@type":"WebPage","@id":"https:\/\/blogg.svenskakyrkan.se\/vandravagen\/2013\/03\/27\/dores-bibel-och-torgny-lindgren\/","url":"https:\/\/blogg.svenskakyrkan.se\/vandravagen\/2013\/03\/27\/dores-bibel-och-torgny-lindgren\/","name":"Dor\u00e9s bibel och Torgny Lindgren - Vandra V\u00e4gen","isPartOf":{"@id":"https:\/\/blogg.svenskakyrkan.se\/vandravagen\/#website"},"primaryImageOfPage":{"@id":"https:\/\/blogg.svenskakyrkan.se\/vandravagen\/2013\/03\/27\/dores-bibel-och-torgny-lindgren\/#primaryimage"},"image":{"@id":"https:\/\/blogg.svenskakyrkan.se\/vandravagen\/2013\/03\/27\/dores-bibel-och-torgny-lindgren\/#primaryimage"},"thumbnailUrl":"http:\/\/upload.wikimedia.org\/wikipedia\/commons\/thumb\/b\/b5\/Dore_Bible_Sermon_on_the_Mount.jpg\/444px-Dore_Bible_Sermon_on_the_Mount.jpg","datePublished":"2013-03-27T08:19:00+00:00","breadcrumb":{"@id":"https:\/\/blogg.svenskakyrkan.se\/vandravagen\/2013\/03\/27\/dores-bibel-och-torgny-lindgren\/#breadcrumb"},"inLanguage":"sv-SE","potentialAction":[{"@type":"ReadAction","target":["https:\/\/blogg.svenskakyrkan.se\/vandravagen\/2013\/03\/27\/dores-bibel-och-torgny-lindgren\/"]}]},{"@type":"ImageObject","inLanguage":"sv-SE","@id":"https:\/\/blogg.svenskakyrkan.se\/vandravagen\/2013\/03\/27\/dores-bibel-och-torgny-lindgren\/#primaryimage","url":"http:\/\/upload.wikimedia.org\/wikipedia\/commons\/thumb\/b\/b5\/Dore_Bible_Sermon_on_the_Mount.jpg\/444px-Dore_Bible_Sermon_on_the_Mount.jpg","contentUrl":"http:\/\/upload.wikimedia.org\/wikipedia\/commons\/thumb\/b\/b5\/Dore_Bible_Sermon_on_the_Mount.jpg\/444px-Dore_Bible_Sermon_on_the_Mount.jpg"},{"@type":"BreadcrumbList","@id":"https:\/\/blogg.svenskakyrkan.se\/vandravagen\/2013\/03\/27\/dores-bibel-och-torgny-lindgren\/#breadcrumb","itemListElement":[{"@type":"ListItem","position":1,"name":"Hem","item":"https:\/\/blogg.svenskakyrkan.se\/vandravagen\/"},{"@type":"ListItem","position":2,"name":"Dor\u00e9s bibel och Torgny Lindgren"}]},{"@type":"WebSite","@id":"https:\/\/blogg.svenskakyrkan.se\/vandravagen\/#website","url":"https:\/\/blogg.svenskakyrkan.se\/vandravagen\/","name":"Vandra V\u00e4gen","description":"-Mot en tro f\u00f6r hela livet","publisher":{"@id":"https:\/\/blogg.svenskakyrkan.se\/vandravagen\/#organization"},"potentialAction":[{"@type":"SearchAction","target":{"@type":"EntryPoint","urlTemplate":"https:\/\/blogg.svenskakyrkan.se\/vandravagen\/?s={search_term_string}"},"query-input":{"@type":"PropertyValueSpecification","valueRequired":true,"valueName":"search_term_string"}}],"inLanguage":"sv-SE"},{"@type":"Organization","@id":"https:\/\/blogg.svenskakyrkan.se\/vandravagen\/#organization","name":"ulricehamns pastorat","alternateName":"ulricehamns pastorat","url":"https:\/\/blogg.svenskakyrkan.se\/vandravagen\/","logo":{"@type":"ImageObject","inLanguage":"sv-SE","@id":"https:\/\/blogg.svenskakyrkan.se\/vandravagen\/#\/schema\/logo\/image\/","url":"https:\/\/blogg.svenskakyrkan.se\/vandravagen\/files\/2023\/05\/Ulr_logo_RGB.png","contentUrl":"https:\/\/blogg.svenskakyrkan.se\/vandravagen\/files\/2023\/05\/Ulr_logo_RGB.png","width":205,"height":77,"caption":"ulricehamns pastorat"},"image":{"@id":"https:\/\/blogg.svenskakyrkan.se\/vandravagen\/#\/schema\/logo\/image\/"},"sameAs":["http:\/\/facebook.com\/vandravagen","https:\/\/x.com\/fadertomas","http:\/\/www.facebook.com\/svenskakyrkaniulricehamn"]},{"@type":"Person","@id":"https:\/\/blogg.svenskakyrkan.se\/vandravagen\/#\/schema\/person\/25da02d4f76b137d04291711e2c9fc16","name":"Tomas Jarvid","image":{"@type":"ImageObject","inLanguage":"sv-SE","@id":"https:\/\/blogg.svenskakyrkan.se\/vandravagen\/#\/schema\/person\/image\/","url":"https:\/\/secure.gravatar.com\/avatar\/7fa71899795e8f540f615a1f5ab25255dc27aa40f05ee7ddd21aac521e01bf50?s=96&d=identicon&r=g","contentUrl":"https:\/\/secure.gravatar.com\/avatar\/7fa71899795e8f540f615a1f5ab25255dc27aa40f05ee7ddd21aac521e01bf50?s=96&d=identicon&r=g","caption":"Tomas Jarvid"},"description":"Jag bor i Ulricehamn i V\u00e4sterg\u00f6tland och \u00e4r f\u00f6rsamlingspr\u00e4st i Svenska Kyrkan f\u00f6r Dalstorps f\u00f6rsamling i Kinds pastorat. P\u00e5 den h\u00e4r bloggen skriver jag ner tankar om vandringen som kristen.","sameAs":["http:\/\/www.vandravagen.se"],"url":"https:\/\/blogg.svenskakyrkan.se\/vandravagen\/author\/vandravagen\/"}]}},"author_meta":{"ID":"392","user_nicename":"vandravagen","user_url":"http:\/\/www.vandravagen.se","user_registered":"2014-05-19 05:44:52","display_name":"Tomas Jarvid","first_name":"Tomas","last_name":"Jarvid","avatar":"https:\/\/secure.gravatar.com\/avatar\/7fa71899795e8f540f615a1f5ab25255dc27aa40f05ee7ddd21aac521e01bf50?s=96&d=identicon&r=g"},"featured_image":false,"bloginfo":{"name":"Vandra V\u00e4gen","url":"https:\/\/blogg.svenskakyrkan.se\/vandravagen"},"_links":{"self":[{"href":"https:\/\/blogg.svenskakyrkan.se\/vandravagen\/wp-json\/wp\/v2\/posts\/646","targetHints":{"allow":["GET"]}}],"collection":[{"href":"https:\/\/blogg.svenskakyrkan.se\/vandravagen\/wp-json\/wp\/v2\/posts"}],"about":[{"href":"https:\/\/blogg.svenskakyrkan.se\/vandravagen\/wp-json\/wp\/v2\/types\/post"}],"author":[{"embeddable":true,"href":"https:\/\/blogg.svenskakyrkan.se\/vandravagen\/wp-json\/wp\/v2\/users\/392"}],"replies":[{"embeddable":true,"href":"https:\/\/blogg.svenskakyrkan.se\/vandravagen\/wp-json\/wp\/v2\/comments?post=646"}],"version-history":[{"count":0,"href":"https:\/\/blogg.svenskakyrkan.se\/vandravagen\/wp-json\/wp\/v2\/posts\/646\/revisions"}],"wp:attachment":[{"href":"https:\/\/blogg.svenskakyrkan.se\/vandravagen\/wp-json\/wp\/v2\/media?parent=646"}],"wp:term":[{"taxonomy":"category","embeddable":true,"href":"https:\/\/blogg.svenskakyrkan.se\/vandravagen\/wp-json\/wp\/v2\/categories?post=646"},{"taxonomy":"post_tag","embeddable":true,"href":"https:\/\/blogg.svenskakyrkan.se\/vandravagen\/wp-json\/wp\/v2\/tags?post=646"}],"curies":[{"name":"wp","href":"https:\/\/api.w.org\/{rel}","templated":true}]}}