{"id":647,"date":"2013-03-26T18:32:00","date_gmt":"2013-03-26T17:32:00","guid":{"rendered":"http:\/\/blogg.svenskakyrkan.se\/vandravagen\/2013\/03\/26\/maktiga-inlagg-om-makt\/"},"modified":"2013-03-26T18:32:00","modified_gmt":"2013-03-26T17:32:00","slug":"maktiga-inlagg-om-makt","status":"publish","type":"post","link":"https:\/\/blogg.svenskakyrkan.se\/vandravagen\/2013\/03\/26\/maktiga-inlagg-om-makt\/","title":{"rendered":"M\u00e4ktiga inl\u00e4gg om makt"},"content":{"rendered":"<table align=\"center\" cellpadding=\"0\" cellspacing=\"0\">\n<tbody>\n<tr>\n<td><a href=\"http:\/\/4.bp.blogspot.com\/-WzYwHjfWm7g\/TyPZ5nP4YnI\/AAAAAAAAADo\/1gNXAfZSUU0\/s1600\/blogger-image--91870851.jpg\"><img loading=\"lazy\" decoding=\"async\" border=\"0\" height=\"400\" src=\"http:\/\/4.bp.blogspot.com\/-WzYwHjfWm7g\/TyPZ5nP4YnI\/AAAAAAAAADo\/1gNXAfZSUU0\/s400\/blogger-image--91870851.jpg\" width=\"300\"><\/a><\/td>\n<\/tr>\n<tr>\n<td>Jesus allh\u00e4rskaren<\/td>\n<\/tr>\n<\/tbody>\n<\/table>\n<p>I bloggens ringa begynnelse skrev jag en hel del bloggposter om makt fr\u00e5n olika perspektiv. Det hade f\u00f6rst\u00e5s varit roligt om jag haft s\u00e5 m\u00e5nga l\u00e4sare d\u00e5 som jag har nu s\u00e5 att de hade kunnat f\u00e5 ta del av dessa inl\u00e4gg&#8230; Jo, det kan de f\u00f6rst\u00e5s! F\u00f6r h\u00e4r kommer de i repris!<\/p>\n<p>1, Det allra f\u00f6rsta &#8221;riktiga&#8221; blogginl\u00e4gget handlade om Gud, den allsm\u00e4ktige. Det \u00e4r med n\u00e5gra l\u00e5nga sv\u00e5rstavade tyska teolognamn men l\u00e5t dig inte avskr\u00e4ckas av det! L\u00e4s ist\u00e4llet h\u00e4r om <a href=\"http:\/\/www.vandravagen.se\/2012\/01\/allharskaren.html\">allh\u00e4rskaren<\/a>!<\/p>\n<p>2. Var g\u00e5r gr\u00e4nsen mellan att tj\u00e4na och h\u00e4rska med den makt vi har tillg\u00e5ng till? Det handlade ett annat inl\u00e4gg (jag hade visst inte s\u00e5 s\u00f6kmotorv\u00e4nliga inl\u00e4ggstitlar d\u00e5): &#8221;<a href=\"http:\/\/www.vandravagen.se\/2012\/01\/mer-om-makt.html\">Mer om makt&#8221;<\/a><\/p>\n<p>3. Har jag n\u00e5gon makt, och vill jag k\u00e4nnas vid det i s\u00e5 fall? Det handlar n\u00e4sta post om: <a href=\"http:\/\/www.vandravagen.se\/2012\/02\/makthavare-jag.html\">makthavare, jag<\/a>?<\/p>\n<p>4. Jo, du \u00c4R intresserad av makt. L\u00e4s det h\u00e4r och fundera: <a href=\"http:\/\/www.vandravagen.se\/2012\/02\/hellre-radlos-maktlos.html\">Hellre r\u00e5dl\u00f6s \u00e4n maktl\u00f6s<\/a>.<\/p>\n<p>5. Ett inl\u00e4gg om maktspr\u00e5k och hur man g\u00e4rna d\u00f6ljer det &#8221;fula&#8221; faktum att man anv\u00e4nder makt. &#8221;<a href=\"http:\/\/www.vandravagen.se\/2012\/04\/vem-har-makten.html\">Vem har makten?<\/a>&#8221;<\/p>\n<p>6. N\u00e5got som ofta blir beskyllt f\u00f6r maktmissbruk \u00e4r den kristna missionen. Hur \u00e4r det med det? H\u00e4r \u00e4r n\u00e5got som talar emot! &#8221;<a href=\"http:\/\/www.vandravagen.se\/2012\/07\/langt-fran-maktens-korridorer-missionen.html\">L\u00e5ngt fr\u00e5n maktens korridorer<\/a>&#8221;<\/p>\n<p>7. Och till slut en bloggpost om <a href=\"http:\/\/www.vandravagen.se\/2012\/09\/makt-och-tjanande.html\">makt och tj\u00e4nande<\/a>.<\/p>\n","protected":false},"excerpt":{"rendered":"<p>Jesus allh\u00e4rskaren I bloggens ringa begynnelse skrev jag en hel del bloggposter om makt fr\u00e5n olika perspektiv. Det hade f\u00f6rst\u00e5s varit roligt om jag haft s\u00e5 m\u00e5nga l\u00e4sare d\u00e5 som jag har nu s\u00e5 att de hade kunnat f\u00e5 ta del av dessa inl\u00e4gg&#8230; Jo, det kan de f\u00f6rst\u00e5s! F\u00f6r h\u00e4r kommer de i repris! [&hellip;]<\/p>\n","protected":false},"author":392,"featured_media":0,"comment_status":"open","ping_status":"open","sticky":false,"template":"","format":"standard","meta":{"_acf_changed":false,"footnotes":""},"categories":[76608,11394],"tags":[],"class_list":["post-647","post","type-post","status-publish","format-standard","hentry","category-bloggen","category-makt"],"acf":[],"yoast_head":"<!-- This site is optimized with the Yoast SEO plugin v27.1.1 - https:\/\/yoast.com\/product\/yoast-seo-wordpress\/ -->\n<title>M\u00e4ktiga inl\u00e4gg om makt - Vandra V\u00e4gen<\/title>\n<meta name=\"robots\" content=\"index, follow, max-snippet:-1, max-image-preview:large, max-video-preview:-1\" \/>\n<link rel=\"canonical\" href=\"https:\/\/blogg.svenskakyrkan.se\/vandravagen\/2013\/03\/26\/maktiga-inlagg-om-makt\/\" \/>\n<meta property=\"og:locale\" content=\"sv_SE\" \/>\n<meta property=\"og:type\" content=\"article\" \/>\n<meta property=\"og:title\" content=\"M\u00e4ktiga inl\u00e4gg om makt - Vandra V\u00e4gen\" \/>\n<meta property=\"og:description\" content=\"Jesus allh\u00e4rskaren I bloggens ringa begynnelse skrev jag en hel del bloggposter om makt fr\u00e5n olika perspektiv. Det hade f\u00f6rst\u00e5s varit roligt om jag haft s\u00e5 m\u00e5nga l\u00e4sare d\u00e5 som jag har nu s\u00e5 att de hade kunnat f\u00e5 ta del av dessa inl\u00e4gg&#8230; Jo, det kan de f\u00f6rst\u00e5s! F\u00f6r h\u00e4r kommer de i repris! [&hellip;]\" \/>\n<meta property=\"og:url\" content=\"https:\/\/blogg.svenskakyrkan.se\/vandravagen\/2013\/03\/26\/maktiga-inlagg-om-makt\/\" \/>\n<meta property=\"og:site_name\" content=\"Vandra V\u00e4gen\" \/>\n<meta property=\"article:publisher\" content=\"http:\/\/facebook.com\/vandravagen\" \/>\n<meta property=\"article:published_time\" content=\"2013-03-26T17:32:00+00:00\" \/>\n<meta property=\"og:image\" content=\"http:\/\/4.bp.blogspot.com\/-WzYwHjfWm7g\/TyPZ5nP4YnI\/AAAAAAAAADo\/1gNXAfZSUU0\/s400\/blogger-image--91870851.jpg\" \/>\n<meta name=\"author\" content=\"Tomas Jarvid\" \/>\n<meta name=\"twitter:card\" content=\"summary_large_image\" \/>\n<meta name=\"twitter:creator\" content=\"@fadertomas\" \/>\n<meta name=\"twitter:site\" content=\"@fadertomas\" \/>\n<meta name=\"twitter:label1\" content=\"Skriven av\" \/>\n\t<meta name=\"twitter:data1\" content=\"Tomas Jarvid\" \/>\n\t<meta name=\"twitter:label2\" content=\"Ber\u00e4knad l\u00e4stid\" \/>\n\t<meta name=\"twitter:data2\" content=\"1 minut\" \/>\n<script type=\"application\/ld+json\" class=\"yoast-schema-graph\">{\"@context\":\"https:\/\/schema.org\",\"@graph\":[{\"@type\":\"Article\",\"@id\":\"https:\/\/blogg.svenskakyrkan.se\/vandravagen\/2013\/03\/26\/maktiga-inlagg-om-makt\/#article\",\"isPartOf\":{\"@id\":\"https:\/\/blogg.svenskakyrkan.se\/vandravagen\/2013\/03\/26\/maktiga-inlagg-om-makt\/\"},\"author\":{\"name\":\"Tomas Jarvid\",\"@id\":\"https:\/\/blogg.svenskakyrkan.se\/vandravagen\/#\/schema\/person\/25da02d4f76b137d04291711e2c9fc16\"},\"headline\":\"M\u00e4ktiga inl\u00e4gg om makt\",\"datePublished\":\"2013-03-26T17:32:00+00:00\",\"mainEntityOfPage\":{\"@id\":\"https:\/\/blogg.svenskakyrkan.se\/vandravagen\/2013\/03\/26\/maktiga-inlagg-om-makt\/\"},\"wordCount\":263,\"commentCount\":7,\"publisher\":{\"@id\":\"https:\/\/blogg.svenskakyrkan.se\/vandravagen\/#organization\"},\"image\":{\"@id\":\"https:\/\/blogg.svenskakyrkan.se\/vandravagen\/2013\/03\/26\/maktiga-inlagg-om-makt\/#primaryimage\"},\"thumbnailUrl\":\"http:\/\/4.bp.blogspot.com\/-WzYwHjfWm7g\/TyPZ5nP4YnI\/AAAAAAAAADo\/1gNXAfZSUU0\/s400\/blogger-image--91870851.jpg\",\"articleSection\":[\"bloggen\",\"makt\"],\"inLanguage\":\"sv-SE\",\"potentialAction\":[{\"@type\":\"CommentAction\",\"name\":\"Comment\",\"target\":[\"https:\/\/blogg.svenskakyrkan.se\/vandravagen\/2013\/03\/26\/maktiga-inlagg-om-makt\/#respond\"]}]},{\"@type\":\"WebPage\",\"@id\":\"https:\/\/blogg.svenskakyrkan.se\/vandravagen\/2013\/03\/26\/maktiga-inlagg-om-makt\/\",\"url\":\"https:\/\/blogg.svenskakyrkan.se\/vandravagen\/2013\/03\/26\/maktiga-inlagg-om-makt\/\",\"name\":\"M\u00e4ktiga inl\u00e4gg om makt - Vandra V\u00e4gen\",\"isPartOf\":{\"@id\":\"https:\/\/blogg.svenskakyrkan.se\/vandravagen\/#website\"},\"primaryImageOfPage\":{\"@id\":\"https:\/\/blogg.svenskakyrkan.se\/vandravagen\/2013\/03\/26\/maktiga-inlagg-om-makt\/#primaryimage\"},\"image\":{\"@id\":\"https:\/\/blogg.svenskakyrkan.se\/vandravagen\/2013\/03\/26\/maktiga-inlagg-om-makt\/#primaryimage\"},\"thumbnailUrl\":\"http:\/\/4.bp.blogspot.com\/-WzYwHjfWm7g\/TyPZ5nP4YnI\/AAAAAAAAADo\/1gNXAfZSUU0\/s400\/blogger-image--91870851.jpg\",\"datePublished\":\"2013-03-26T17:32:00+00:00\",\"breadcrumb\":{\"@id\":\"https:\/\/blogg.svenskakyrkan.se\/vandravagen\/2013\/03\/26\/maktiga-inlagg-om-makt\/#breadcrumb\"},\"inLanguage\":\"sv-SE\",\"potentialAction\":[{\"@type\":\"ReadAction\",\"target\":[\"https:\/\/blogg.svenskakyrkan.se\/vandravagen\/2013\/03\/26\/maktiga-inlagg-om-makt\/\"]}]},{\"@type\":\"ImageObject\",\"inLanguage\":\"sv-SE\",\"@id\":\"https:\/\/blogg.svenskakyrkan.se\/vandravagen\/2013\/03\/26\/maktiga-inlagg-om-makt\/#primaryimage\",\"url\":\"http:\/\/4.bp.blogspot.com\/-WzYwHjfWm7g\/TyPZ5nP4YnI\/AAAAAAAAADo\/1gNXAfZSUU0\/s400\/blogger-image--91870851.jpg\",\"contentUrl\":\"http:\/\/4.bp.blogspot.com\/-WzYwHjfWm7g\/TyPZ5nP4YnI\/AAAAAAAAADo\/1gNXAfZSUU0\/s400\/blogger-image--91870851.jpg\"},{\"@type\":\"BreadcrumbList\",\"@id\":\"https:\/\/blogg.svenskakyrkan.se\/vandravagen\/2013\/03\/26\/maktiga-inlagg-om-makt\/#breadcrumb\",\"itemListElement\":[{\"@type\":\"ListItem\",\"position\":1,\"name\":\"Hem\",\"item\":\"https:\/\/blogg.svenskakyrkan.se\/vandravagen\/\"},{\"@type\":\"ListItem\",\"position\":2,\"name\":\"M\u00e4ktiga inl\u00e4gg om makt\"}]},{\"@type\":\"WebSite\",\"@id\":\"https:\/\/blogg.svenskakyrkan.se\/vandravagen\/#website\",\"url\":\"https:\/\/blogg.svenskakyrkan.se\/vandravagen\/\",\"name\":\"Vandra V\u00e4gen\",\"description\":\"-Mot en tro f\u00f6r hela livet\",\"publisher\":{\"@id\":\"https:\/\/blogg.svenskakyrkan.se\/vandravagen\/#organization\"},\"potentialAction\":[{\"@type\":\"SearchAction\",\"target\":{\"@type\":\"EntryPoint\",\"urlTemplate\":\"https:\/\/blogg.svenskakyrkan.se\/vandravagen\/?s={search_term_string}\"},\"query-input\":{\"@type\":\"PropertyValueSpecification\",\"valueRequired\":true,\"valueName\":\"search_term_string\"}}],\"inLanguage\":\"sv-SE\"},{\"@type\":\"Organization\",\"@id\":\"https:\/\/blogg.svenskakyrkan.se\/vandravagen\/#organization\",\"name\":\"ulricehamns pastorat\",\"alternateName\":\"ulricehamns pastorat\",\"url\":\"https:\/\/blogg.svenskakyrkan.se\/vandravagen\/\",\"logo\":{\"@type\":\"ImageObject\",\"inLanguage\":\"sv-SE\",\"@id\":\"https:\/\/blogg.svenskakyrkan.se\/vandravagen\/#\/schema\/logo\/image\/\",\"url\":\"https:\/\/blogg.svenskakyrkan.se\/vandravagen\/files\/2023\/05\/Ulr_logo_RGB.png\",\"contentUrl\":\"https:\/\/blogg.svenskakyrkan.se\/vandravagen\/files\/2023\/05\/Ulr_logo_RGB.png\",\"width\":205,\"height\":77,\"caption\":\"ulricehamns pastorat\"},\"image\":{\"@id\":\"https:\/\/blogg.svenskakyrkan.se\/vandravagen\/#\/schema\/logo\/image\/\"},\"sameAs\":[\"http:\/\/facebook.com\/vandravagen\",\"https:\/\/x.com\/fadertomas\",\"http:\/\/www.facebook.com\/svenskakyrkaniulricehamn\"]},{\"@type\":\"Person\",\"@id\":\"https:\/\/blogg.svenskakyrkan.se\/vandravagen\/#\/schema\/person\/25da02d4f76b137d04291711e2c9fc16\",\"name\":\"Tomas Jarvid\",\"image\":{\"@type\":\"ImageObject\",\"inLanguage\":\"sv-SE\",\"@id\":\"https:\/\/blogg.svenskakyrkan.se\/vandravagen\/#\/schema\/person\/image\/\",\"url\":\"https:\/\/secure.gravatar.com\/avatar\/7fa71899795e8f540f615a1f5ab25255dc27aa40f05ee7ddd21aac521e01bf50?s=96&d=identicon&r=g\",\"contentUrl\":\"https:\/\/secure.gravatar.com\/avatar\/7fa71899795e8f540f615a1f5ab25255dc27aa40f05ee7ddd21aac521e01bf50?s=96&d=identicon&r=g\",\"caption\":\"Tomas Jarvid\"},\"description\":\"Jag bor i Ulricehamn i V\u00e4sterg\u00f6tland och \u00e4r f\u00f6rsamlingspr\u00e4st i Svenska Kyrkan f\u00f6r Dalstorps f\u00f6rsamling i Kinds pastorat. P\u00e5 den h\u00e4r bloggen skriver jag ner tankar om vandringen som kristen.\",\"sameAs\":[\"http:\/\/www.vandravagen.se\"],\"url\":\"https:\/\/blogg.svenskakyrkan.se\/vandravagen\/author\/vandravagen\/\"}]}<\/script>\n<!-- \/ Yoast SEO plugin. -->","yoast_head_json":{"title":"M\u00e4ktiga inl\u00e4gg om makt - Vandra V\u00e4gen","robots":{"index":"index","follow":"follow","max-snippet":"max-snippet:-1","max-image-preview":"max-image-preview:large","max-video-preview":"max-video-preview:-1"},"canonical":"https:\/\/blogg.svenskakyrkan.se\/vandravagen\/2013\/03\/26\/maktiga-inlagg-om-makt\/","og_locale":"sv_SE","og_type":"article","og_title":"M\u00e4ktiga inl\u00e4gg om makt - Vandra V\u00e4gen","og_description":"Jesus allh\u00e4rskaren I bloggens ringa begynnelse skrev jag en hel del bloggposter om makt fr\u00e5n olika perspektiv. Det hade f\u00f6rst\u00e5s varit roligt om jag haft s\u00e5 m\u00e5nga l\u00e4sare d\u00e5 som jag har nu s\u00e5 att de hade kunnat f\u00e5 ta del av dessa inl\u00e4gg&#8230; Jo, det kan de f\u00f6rst\u00e5s! F\u00f6r h\u00e4r kommer de i repris! [&hellip;]","og_url":"https:\/\/blogg.svenskakyrkan.se\/vandravagen\/2013\/03\/26\/maktiga-inlagg-om-makt\/","og_site_name":"Vandra V\u00e4gen","article_publisher":"http:\/\/facebook.com\/vandravagen","article_published_time":"2013-03-26T17:32:00+00:00","og_image":[{"url":"http:\/\/4.bp.blogspot.com\/-WzYwHjfWm7g\/TyPZ5nP4YnI\/AAAAAAAAADo\/1gNXAfZSUU0\/s400\/blogger-image--91870851.jpg","type":"","width":"","height":""}],"author":"Tomas Jarvid","twitter_card":"summary_large_image","twitter_creator":"@fadertomas","twitter_site":"@fadertomas","twitter_misc":{"Skriven av":"Tomas Jarvid","Ber\u00e4knad l\u00e4stid":"1 minut"},"schema":{"@context":"https:\/\/schema.org","@graph":[{"@type":"Article","@id":"https:\/\/blogg.svenskakyrkan.se\/vandravagen\/2013\/03\/26\/maktiga-inlagg-om-makt\/#article","isPartOf":{"@id":"https:\/\/blogg.svenskakyrkan.se\/vandravagen\/2013\/03\/26\/maktiga-inlagg-om-makt\/"},"author":{"name":"Tomas Jarvid","@id":"https:\/\/blogg.svenskakyrkan.se\/vandravagen\/#\/schema\/person\/25da02d4f76b137d04291711e2c9fc16"},"headline":"M\u00e4ktiga inl\u00e4gg om makt","datePublished":"2013-03-26T17:32:00+00:00","mainEntityOfPage":{"@id":"https:\/\/blogg.svenskakyrkan.se\/vandravagen\/2013\/03\/26\/maktiga-inlagg-om-makt\/"},"wordCount":263,"commentCount":7,"publisher":{"@id":"https:\/\/blogg.svenskakyrkan.se\/vandravagen\/#organization"},"image":{"@id":"https:\/\/blogg.svenskakyrkan.se\/vandravagen\/2013\/03\/26\/maktiga-inlagg-om-makt\/#primaryimage"},"thumbnailUrl":"http:\/\/4.bp.blogspot.com\/-WzYwHjfWm7g\/TyPZ5nP4YnI\/AAAAAAAAADo\/1gNXAfZSUU0\/s400\/blogger-image--91870851.jpg","articleSection":["bloggen","makt"],"inLanguage":"sv-SE","potentialAction":[{"@type":"CommentAction","name":"Comment","target":["https:\/\/blogg.svenskakyrkan.se\/vandravagen\/2013\/03\/26\/maktiga-inlagg-om-makt\/#respond"]}]},{"@type":"WebPage","@id":"https:\/\/blogg.svenskakyrkan.se\/vandravagen\/2013\/03\/26\/maktiga-inlagg-om-makt\/","url":"https:\/\/blogg.svenskakyrkan.se\/vandravagen\/2013\/03\/26\/maktiga-inlagg-om-makt\/","name":"M\u00e4ktiga inl\u00e4gg om makt - Vandra V\u00e4gen","isPartOf":{"@id":"https:\/\/blogg.svenskakyrkan.se\/vandravagen\/#website"},"primaryImageOfPage":{"@id":"https:\/\/blogg.svenskakyrkan.se\/vandravagen\/2013\/03\/26\/maktiga-inlagg-om-makt\/#primaryimage"},"image":{"@id":"https:\/\/blogg.svenskakyrkan.se\/vandravagen\/2013\/03\/26\/maktiga-inlagg-om-makt\/#primaryimage"},"thumbnailUrl":"http:\/\/4.bp.blogspot.com\/-WzYwHjfWm7g\/TyPZ5nP4YnI\/AAAAAAAAADo\/1gNXAfZSUU0\/s400\/blogger-image--91870851.jpg","datePublished":"2013-03-26T17:32:00+00:00","breadcrumb":{"@id":"https:\/\/blogg.svenskakyrkan.se\/vandravagen\/2013\/03\/26\/maktiga-inlagg-om-makt\/#breadcrumb"},"inLanguage":"sv-SE","potentialAction":[{"@type":"ReadAction","target":["https:\/\/blogg.svenskakyrkan.se\/vandravagen\/2013\/03\/26\/maktiga-inlagg-om-makt\/"]}]},{"@type":"ImageObject","inLanguage":"sv-SE","@id":"https:\/\/blogg.svenskakyrkan.se\/vandravagen\/2013\/03\/26\/maktiga-inlagg-om-makt\/#primaryimage","url":"http:\/\/4.bp.blogspot.com\/-WzYwHjfWm7g\/TyPZ5nP4YnI\/AAAAAAAAADo\/1gNXAfZSUU0\/s400\/blogger-image--91870851.jpg","contentUrl":"http:\/\/4.bp.blogspot.com\/-WzYwHjfWm7g\/TyPZ5nP4YnI\/AAAAAAAAADo\/1gNXAfZSUU0\/s400\/blogger-image--91870851.jpg"},{"@type":"BreadcrumbList","@id":"https:\/\/blogg.svenskakyrkan.se\/vandravagen\/2013\/03\/26\/maktiga-inlagg-om-makt\/#breadcrumb","itemListElement":[{"@type":"ListItem","position":1,"name":"Hem","item":"https:\/\/blogg.svenskakyrkan.se\/vandravagen\/"},{"@type":"ListItem","position":2,"name":"M\u00e4ktiga inl\u00e4gg om makt"}]},{"@type":"WebSite","@id":"https:\/\/blogg.svenskakyrkan.se\/vandravagen\/#website","url":"https:\/\/blogg.svenskakyrkan.se\/vandravagen\/","name":"Vandra V\u00e4gen","description":"-Mot en tro f\u00f6r hela livet","publisher":{"@id":"https:\/\/blogg.svenskakyrkan.se\/vandravagen\/#organization"},"potentialAction":[{"@type":"SearchAction","target":{"@type":"EntryPoint","urlTemplate":"https:\/\/blogg.svenskakyrkan.se\/vandravagen\/?s={search_term_string}"},"query-input":{"@type":"PropertyValueSpecification","valueRequired":true,"valueName":"search_term_string"}}],"inLanguage":"sv-SE"},{"@type":"Organization","@id":"https:\/\/blogg.svenskakyrkan.se\/vandravagen\/#organization","name":"ulricehamns pastorat","alternateName":"ulricehamns pastorat","url":"https:\/\/blogg.svenskakyrkan.se\/vandravagen\/","logo":{"@type":"ImageObject","inLanguage":"sv-SE","@id":"https:\/\/blogg.svenskakyrkan.se\/vandravagen\/#\/schema\/logo\/image\/","url":"https:\/\/blogg.svenskakyrkan.se\/vandravagen\/files\/2023\/05\/Ulr_logo_RGB.png","contentUrl":"https:\/\/blogg.svenskakyrkan.se\/vandravagen\/files\/2023\/05\/Ulr_logo_RGB.png","width":205,"height":77,"caption":"ulricehamns pastorat"},"image":{"@id":"https:\/\/blogg.svenskakyrkan.se\/vandravagen\/#\/schema\/logo\/image\/"},"sameAs":["http:\/\/facebook.com\/vandravagen","https:\/\/x.com\/fadertomas","http:\/\/www.facebook.com\/svenskakyrkaniulricehamn"]},{"@type":"Person","@id":"https:\/\/blogg.svenskakyrkan.se\/vandravagen\/#\/schema\/person\/25da02d4f76b137d04291711e2c9fc16","name":"Tomas Jarvid","image":{"@type":"ImageObject","inLanguage":"sv-SE","@id":"https:\/\/blogg.svenskakyrkan.se\/vandravagen\/#\/schema\/person\/image\/","url":"https:\/\/secure.gravatar.com\/avatar\/7fa71899795e8f540f615a1f5ab25255dc27aa40f05ee7ddd21aac521e01bf50?s=96&d=identicon&r=g","contentUrl":"https:\/\/secure.gravatar.com\/avatar\/7fa71899795e8f540f615a1f5ab25255dc27aa40f05ee7ddd21aac521e01bf50?s=96&d=identicon&r=g","caption":"Tomas Jarvid"},"description":"Jag bor i Ulricehamn i V\u00e4sterg\u00f6tland och \u00e4r f\u00f6rsamlingspr\u00e4st i Svenska Kyrkan f\u00f6r Dalstorps f\u00f6rsamling i Kinds pastorat. P\u00e5 den h\u00e4r bloggen skriver jag ner tankar om vandringen som kristen.","sameAs":["http:\/\/www.vandravagen.se"],"url":"https:\/\/blogg.svenskakyrkan.se\/vandravagen\/author\/vandravagen\/"}]}},"author_meta":{"ID":"392","user_nicename":"vandravagen","user_url":"http:\/\/www.vandravagen.se","user_registered":"2014-05-19 05:44:52","display_name":"Tomas Jarvid","first_name":"Tomas","last_name":"Jarvid","avatar":"https:\/\/secure.gravatar.com\/avatar\/7fa71899795e8f540f615a1f5ab25255dc27aa40f05ee7ddd21aac521e01bf50?s=96&d=identicon&r=g"},"featured_image":false,"bloginfo":{"name":"Vandra V\u00e4gen","url":"https:\/\/blogg.svenskakyrkan.se\/vandravagen"},"_links":{"self":[{"href":"https:\/\/blogg.svenskakyrkan.se\/vandravagen\/wp-json\/wp\/v2\/posts\/647","targetHints":{"allow":["GET"]}}],"collection":[{"href":"https:\/\/blogg.svenskakyrkan.se\/vandravagen\/wp-json\/wp\/v2\/posts"}],"about":[{"href":"https:\/\/blogg.svenskakyrkan.se\/vandravagen\/wp-json\/wp\/v2\/types\/post"}],"author":[{"embeddable":true,"href":"https:\/\/blogg.svenskakyrkan.se\/vandravagen\/wp-json\/wp\/v2\/users\/392"}],"replies":[{"embeddable":true,"href":"https:\/\/blogg.svenskakyrkan.se\/vandravagen\/wp-json\/wp\/v2\/comments?post=647"}],"version-history":[{"count":0,"href":"https:\/\/blogg.svenskakyrkan.se\/vandravagen\/wp-json\/wp\/v2\/posts\/647\/revisions"}],"wp:attachment":[{"href":"https:\/\/blogg.svenskakyrkan.se\/vandravagen\/wp-json\/wp\/v2\/media?parent=647"}],"wp:term":[{"taxonomy":"category","embeddable":true,"href":"https:\/\/blogg.svenskakyrkan.se\/vandravagen\/wp-json\/wp\/v2\/categories?post=647"},{"taxonomy":"post_tag","embeddable":true,"href":"https:\/\/blogg.svenskakyrkan.se\/vandravagen\/wp-json\/wp\/v2\/tags?post=647"}],"curies":[{"name":"wp","href":"https:\/\/api.w.org\/{rel}","templated":true}]}}