{"id":648,"date":"2013-03-26T10:01:00","date_gmt":"2013-03-26T09:01:00","guid":{"rendered":"http:\/\/blogg.svenskakyrkan.se\/vandravagen\/2013\/03\/26\/x-men-kallelsen-och-guds-folk\/"},"modified":"2013-03-26T10:01:00","modified_gmt":"2013-03-26T09:01:00","slug":"x-men-kallelsen-och-guds-folk","status":"publish","type":"post","link":"https:\/\/blogg.svenskakyrkan.se\/vandravagen\/2013\/03\/26\/x-men-kallelsen-och-guds-folk\/","title":{"rendered":"X-men, kallelsen och Guds folk"},"content":{"rendered":"<div><a href=\"http:\/\/3.bp.blogspot.com\/-zx3nkuZqApk\/UUzM7k0as_I\/AAAAAAAAC0E\/m7zExFxl3W4\/s1600\/xmen2.jpg\"><img loading=\"lazy\" decoding=\"async\" alt=\"\" border=\"0\" height=\"400\" src=\"http:\/\/3.bp.blogspot.com\/-zx3nkuZqApk\/UUzM7k0as_I\/AAAAAAAAC0E\/m7zExFxl3W4\/s400\/xmen2.jpg\" title=\"x-men days of future past\" width=\"356\"><\/a><\/div>\n<p>Jag har med god timing l\u00e4st den gamla klassiska x-menserien &#8221;days of future past&#8221; fr\u00e5n 1980. Den utspelar sig ocks\u00e5 i den fj\u00e4rran framtiden&#8230; 2013, vilket f\u00e5r en att t\u00e4nka att hur illa det \u00e4n \u00e4r i v\u00e4rlden s\u00e5 har det faktiskt inte blivit S\u00c5 illa \u00e4n.<\/p>\n<p>Jag brukar skriva om olika tecknade hj\u00e4ltar p\u00e5 Vandra V\u00e4gen. L\u00e4s det jag skrivit om <a href=\"http:\/\/www.vandravagen.se\/2012\/09\/vandra-vagens-batmantrilogi.html\">Batman<\/a>, <a href=\"http:\/\/www.vandravagen.se\/2012\/04\/stalmannen-vs-jesus.html\">St\u00e5lmannen<\/a> och <a href=\"http:\/\/www.vandravagen.se\/2012\/06\/avengers-assemble.html\">Avengers<\/a> vet jag. Men vad \u00e4r det d\u00e5 som g\u00f6r att x-men platsar i en pr\u00e4stblogg?<\/p>\n<p>F\u00f6r den som sett n\u00e5gon av x-menfilmerna \u00e4r det r\u00e4tt tydligt att mutanterna framst\u00e4lls s\u00e5 att de liknar judiska folket. S\u00e5 \u00e4r det ocks\u00e5 i serien p\u00e5 bilden. X-men representerar en grupp som \u00e4r fruktade och hatade, som anv\u00e4nds som syndabockar och som vissa tycker borde utrotas.<\/p>\n<p>Jag tycker ocks\u00e5 det finns likheter mellan x-men och den kallelse man har som kristen. T\u00e4nk till exempel p\u00e5 f\u00f6ljande:<\/p>\n<p>Precis som de f\u00f6rsta l\u00e4rjungarna blir de kallade av en &#8221;rabbi&#8221; -Professor X. I Bibeln st\u00e5r det att det som inte var n\u00e5got i v\u00e4rldens \u00f6gon, det valde Gud ut. Varje kristen \u00e4r p\u00e5 samma s\u00e4tt kallad till att tillh\u00f6ra en ny gemenskap med Kristus i centrum.<\/p>\n<p>Varje individ i X-men \u00e4r unik med unika f\u00f6rm\u00e5gor. Dessa f\u00e5r de nu \u00f6va sig i att anv\u00e4nda f\u00f6r att r\u00e4dda v\u00e4rlden fr\u00e5n faror. F\u00f6r att det ska bli bra m\u00e5ste de arbeta tillsammans och inte se varandra som konkurrenter. S\u00e5 \u00e4r det f\u00f6rst\u00e5s ocks\u00e5 med kristen tro. Paulus beskriver Kyrkan som en kropp med m\u00e5nga kroppsdelar som tillsammans har att f\u00f6rs\u00f6ka f\u00f6lja Jesus och arbeta f\u00f6r Guds rike. Det st\u00e4mmer ocks\u00e5 med vad man i kyrkans v\u00e4rld brukar kalla f\u00f6r &#8221;g\u00e5vouppt\u00e4ckande&#8221;, det vill s\u00e4ga att l\u00e4ra k\u00e4nna och utveckla de speciella g\u00e5vor Gud lagt ned i mig s\u00e5 att de kommer andra till del.<\/p>\n<p>De \u00e4r r\u00e4tt f\u00e4rgstarka ocks\u00e5, x-men. S\u00e5 vill jag ocks\u00e5 f\u00f6rest\u00e4lla mig Kyrkan. Ju mer befriade vi blir till att leva som de vi \u00e4r skapade till, desto mer av personlighet b\u00f6r vi ocks\u00e5 f\u00e5. Kyrkan \u00e4r inte t\u00e4nkt att vara n\u00e5gon gr\u00e5 massa utan en gemenskap som visar p\u00e5 den kreativitet och m\u00e5ngfald som har Gud som upphov.<\/p>\n<p>UPPDATERING<br \/>Jag fick de h\u00e4r kommentarerna p\u00e5 twitter av @standupmackan, l\u00e4s och begrunda<\/p>\n<div><a href=\"http:\/\/2.bp.blogspot.com\/-7vrLFLwU_Z0\/UV0aCg8w4ZI\/AAAAAAAAC9g\/zXkbegQnQx4\/s1600\/tilla%CC%88ggxmen.jpg\"><img loading=\"lazy\" decoding=\"async\" border=\"0\" height=\"142\" src=\"http:\/\/2.bp.blogspot.com\/-7vrLFLwU_Z0\/UV0aCg8w4ZI\/AAAAAAAAC9g\/zXkbegQnQx4\/s400\/tilla%CC%88ggxmen.jpg\" width=\"400\"><\/a><\/div>\n<p>Har du l\u00e4st x-men eller sett n\u00e5gra av filmerna? Kan du se fler paralleller mellan Kyrkan och mutanterna?<\/p>\n","protected":false},"excerpt":{"rendered":"<p>Jag har med god timing l\u00e4st den gamla klassiska x-menserien &#8221;days of future past&#8221; fr\u00e5n 1980. Den utspelar sig ocks\u00e5 i den fj\u00e4rran framtiden&#8230; 2013, vilket f\u00e5r en att t\u00e4nka att hur illa det \u00e4n \u00e4r i v\u00e4rlden s\u00e5 har det faktiskt inte blivit S\u00c5 illa \u00e4n. Jag brukar skriva om olika tecknade hj\u00e4ltar p\u00e5 [&hellip;]<\/p>\n","protected":false},"author":392,"featured_media":0,"comment_status":"open","ping_status":"open","sticky":false,"template":"","format":"standard","meta":{"_acf_changed":false,"footnotes":""},"categories":[33574,117],"tags":[],"class_list":["post-648","post","type-post","status-publish","format-standard","hentry","category-kyrkan","category-teologi"],"acf":[],"yoast_head":"<!-- This site is optimized with the Yoast SEO plugin v27.1.1 - https:\/\/yoast.com\/product\/yoast-seo-wordpress\/ -->\n<title>X-men, kallelsen och Guds folk - Vandra V\u00e4gen<\/title>\n<meta name=\"robots\" content=\"index, follow, max-snippet:-1, max-image-preview:large, max-video-preview:-1\" \/>\n<link rel=\"canonical\" href=\"https:\/\/blogg.svenskakyrkan.se\/vandravagen\/2013\/03\/26\/x-men-kallelsen-och-guds-folk\/\" \/>\n<meta property=\"og:locale\" content=\"sv_SE\" \/>\n<meta property=\"og:type\" content=\"article\" \/>\n<meta property=\"og:title\" content=\"X-men, kallelsen och Guds folk - Vandra V\u00e4gen\" \/>\n<meta property=\"og:description\" content=\"Jag har med god timing l\u00e4st den gamla klassiska x-menserien &#8221;days of future past&#8221; fr\u00e5n 1980. Den utspelar sig ocks\u00e5 i den fj\u00e4rran framtiden&#8230; 2013, vilket f\u00e5r en att t\u00e4nka att hur illa det \u00e4n \u00e4r i v\u00e4rlden s\u00e5 har det faktiskt inte blivit S\u00c5 illa \u00e4n. Jag brukar skriva om olika tecknade hj\u00e4ltar p\u00e5 [&hellip;]\" \/>\n<meta property=\"og:url\" content=\"https:\/\/blogg.svenskakyrkan.se\/vandravagen\/2013\/03\/26\/x-men-kallelsen-och-guds-folk\/\" \/>\n<meta property=\"og:site_name\" content=\"Vandra V\u00e4gen\" \/>\n<meta property=\"article:publisher\" content=\"http:\/\/facebook.com\/vandravagen\" \/>\n<meta property=\"article:published_time\" content=\"2013-03-26T09:01:00+00:00\" \/>\n<meta property=\"og:image\" content=\"http:\/\/3.bp.blogspot.com\/-zx3nkuZqApk\/UUzM7k0as_I\/AAAAAAAAC0E\/m7zExFxl3W4\/s400\/xmen2.jpg\" \/>\n<meta name=\"author\" content=\"Tomas Jarvid\" \/>\n<meta name=\"twitter:card\" content=\"summary_large_image\" \/>\n<meta name=\"twitter:creator\" content=\"@fadertomas\" \/>\n<meta name=\"twitter:site\" content=\"@fadertomas\" \/>\n<meta name=\"twitter:label1\" content=\"Skriven av\" \/>\n\t<meta name=\"twitter:data1\" content=\"Tomas Jarvid\" \/>\n\t<meta name=\"twitter:label2\" content=\"Ber\u00e4knad l\u00e4stid\" \/>\n\t<meta name=\"twitter:data2\" content=\"2 minuter\" \/>\n<script type=\"application\/ld+json\" class=\"yoast-schema-graph\">{\"@context\":\"https:\/\/schema.org\",\"@graph\":[{\"@type\":\"Article\",\"@id\":\"https:\/\/blogg.svenskakyrkan.se\/vandravagen\/2013\/03\/26\/x-men-kallelsen-och-guds-folk\/#article\",\"isPartOf\":{\"@id\":\"https:\/\/blogg.svenskakyrkan.se\/vandravagen\/2013\/03\/26\/x-men-kallelsen-och-guds-folk\/\"},\"author\":{\"name\":\"Tomas Jarvid\",\"@id\":\"https:\/\/blogg.svenskakyrkan.se\/vandravagen\/#\/schema\/person\/25da02d4f76b137d04291711e2c9fc16\"},\"headline\":\"X-men, kallelsen och Guds folk\",\"datePublished\":\"2013-03-26T09:01:00+00:00\",\"mainEntityOfPage\":{\"@id\":\"https:\/\/blogg.svenskakyrkan.se\/vandravagen\/2013\/03\/26\/x-men-kallelsen-och-guds-folk\/\"},\"wordCount\":456,\"commentCount\":2,\"publisher\":{\"@id\":\"https:\/\/blogg.svenskakyrkan.se\/vandravagen\/#organization\"},\"image\":{\"@id\":\"https:\/\/blogg.svenskakyrkan.se\/vandravagen\/2013\/03\/26\/x-men-kallelsen-och-guds-folk\/#primaryimage\"},\"thumbnailUrl\":\"http:\/\/3.bp.blogspot.com\/-zx3nkuZqApk\/UUzM7k0as_I\/AAAAAAAAC0E\/m7zExFxl3W4\/s400\/xmen2.jpg\",\"articleSection\":[\"kyrkan\",\"Teologi\"],\"inLanguage\":\"sv-SE\",\"potentialAction\":[{\"@type\":\"CommentAction\",\"name\":\"Comment\",\"target\":[\"https:\/\/blogg.svenskakyrkan.se\/vandravagen\/2013\/03\/26\/x-men-kallelsen-och-guds-folk\/#respond\"]}]},{\"@type\":\"WebPage\",\"@id\":\"https:\/\/blogg.svenskakyrkan.se\/vandravagen\/2013\/03\/26\/x-men-kallelsen-och-guds-folk\/\",\"url\":\"https:\/\/blogg.svenskakyrkan.se\/vandravagen\/2013\/03\/26\/x-men-kallelsen-och-guds-folk\/\",\"name\":\"X-men, kallelsen och Guds folk - Vandra V\u00e4gen\",\"isPartOf\":{\"@id\":\"https:\/\/blogg.svenskakyrkan.se\/vandravagen\/#website\"},\"primaryImageOfPage\":{\"@id\":\"https:\/\/blogg.svenskakyrkan.se\/vandravagen\/2013\/03\/26\/x-men-kallelsen-och-guds-folk\/#primaryimage\"},\"image\":{\"@id\":\"https:\/\/blogg.svenskakyrkan.se\/vandravagen\/2013\/03\/26\/x-men-kallelsen-och-guds-folk\/#primaryimage\"},\"thumbnailUrl\":\"http:\/\/3.bp.blogspot.com\/-zx3nkuZqApk\/UUzM7k0as_I\/AAAAAAAAC0E\/m7zExFxl3W4\/s400\/xmen2.jpg\",\"datePublished\":\"2013-03-26T09:01:00+00:00\",\"breadcrumb\":{\"@id\":\"https:\/\/blogg.svenskakyrkan.se\/vandravagen\/2013\/03\/26\/x-men-kallelsen-och-guds-folk\/#breadcrumb\"},\"inLanguage\":\"sv-SE\",\"potentialAction\":[{\"@type\":\"ReadAction\",\"target\":[\"https:\/\/blogg.svenskakyrkan.se\/vandravagen\/2013\/03\/26\/x-men-kallelsen-och-guds-folk\/\"]}]},{\"@type\":\"ImageObject\",\"inLanguage\":\"sv-SE\",\"@id\":\"https:\/\/blogg.svenskakyrkan.se\/vandravagen\/2013\/03\/26\/x-men-kallelsen-och-guds-folk\/#primaryimage\",\"url\":\"http:\/\/3.bp.blogspot.com\/-zx3nkuZqApk\/UUzM7k0as_I\/AAAAAAAAC0E\/m7zExFxl3W4\/s400\/xmen2.jpg\",\"contentUrl\":\"http:\/\/3.bp.blogspot.com\/-zx3nkuZqApk\/UUzM7k0as_I\/AAAAAAAAC0E\/m7zExFxl3W4\/s400\/xmen2.jpg\"},{\"@type\":\"BreadcrumbList\",\"@id\":\"https:\/\/blogg.svenskakyrkan.se\/vandravagen\/2013\/03\/26\/x-men-kallelsen-och-guds-folk\/#breadcrumb\",\"itemListElement\":[{\"@type\":\"ListItem\",\"position\":1,\"name\":\"Hem\",\"item\":\"https:\/\/blogg.svenskakyrkan.se\/vandravagen\/\"},{\"@type\":\"ListItem\",\"position\":2,\"name\":\"X-men, kallelsen och Guds folk\"}]},{\"@type\":\"WebSite\",\"@id\":\"https:\/\/blogg.svenskakyrkan.se\/vandravagen\/#website\",\"url\":\"https:\/\/blogg.svenskakyrkan.se\/vandravagen\/\",\"name\":\"Vandra V\u00e4gen\",\"description\":\"-Mot en tro f\u00f6r hela livet\",\"publisher\":{\"@id\":\"https:\/\/blogg.svenskakyrkan.se\/vandravagen\/#organization\"},\"potentialAction\":[{\"@type\":\"SearchAction\",\"target\":{\"@type\":\"EntryPoint\",\"urlTemplate\":\"https:\/\/blogg.svenskakyrkan.se\/vandravagen\/?s={search_term_string}\"},\"query-input\":{\"@type\":\"PropertyValueSpecification\",\"valueRequired\":true,\"valueName\":\"search_term_string\"}}],\"inLanguage\":\"sv-SE\"},{\"@type\":\"Organization\",\"@id\":\"https:\/\/blogg.svenskakyrkan.se\/vandravagen\/#organization\",\"name\":\"ulricehamns pastorat\",\"alternateName\":\"ulricehamns pastorat\",\"url\":\"https:\/\/blogg.svenskakyrkan.se\/vandravagen\/\",\"logo\":{\"@type\":\"ImageObject\",\"inLanguage\":\"sv-SE\",\"@id\":\"https:\/\/blogg.svenskakyrkan.se\/vandravagen\/#\/schema\/logo\/image\/\",\"url\":\"https:\/\/blogg.svenskakyrkan.se\/vandravagen\/files\/2023\/05\/Ulr_logo_RGB.png\",\"contentUrl\":\"https:\/\/blogg.svenskakyrkan.se\/vandravagen\/files\/2023\/05\/Ulr_logo_RGB.png\",\"width\":205,\"height\":77,\"caption\":\"ulricehamns pastorat\"},\"image\":{\"@id\":\"https:\/\/blogg.svenskakyrkan.se\/vandravagen\/#\/schema\/logo\/image\/\"},\"sameAs\":[\"http:\/\/facebook.com\/vandravagen\",\"https:\/\/x.com\/fadertomas\",\"http:\/\/www.facebook.com\/svenskakyrkaniulricehamn\"]},{\"@type\":\"Person\",\"@id\":\"https:\/\/blogg.svenskakyrkan.se\/vandravagen\/#\/schema\/person\/25da02d4f76b137d04291711e2c9fc16\",\"name\":\"Tomas Jarvid\",\"image\":{\"@type\":\"ImageObject\",\"inLanguage\":\"sv-SE\",\"@id\":\"https:\/\/blogg.svenskakyrkan.se\/vandravagen\/#\/schema\/person\/image\/\",\"url\":\"https:\/\/secure.gravatar.com\/avatar\/7fa71899795e8f540f615a1f5ab25255dc27aa40f05ee7ddd21aac521e01bf50?s=96&d=identicon&r=g\",\"contentUrl\":\"https:\/\/secure.gravatar.com\/avatar\/7fa71899795e8f540f615a1f5ab25255dc27aa40f05ee7ddd21aac521e01bf50?s=96&d=identicon&r=g\",\"caption\":\"Tomas Jarvid\"},\"description\":\"Jag bor i Ulricehamn i V\u00e4sterg\u00f6tland och \u00e4r f\u00f6rsamlingspr\u00e4st i Svenska Kyrkan f\u00f6r Dalstorps f\u00f6rsamling i Kinds pastorat. P\u00e5 den h\u00e4r bloggen skriver jag ner tankar om vandringen som kristen.\",\"sameAs\":[\"http:\/\/www.vandravagen.se\"],\"url\":\"https:\/\/blogg.svenskakyrkan.se\/vandravagen\/author\/vandravagen\/\"}]}<\/script>\n<!-- \/ Yoast SEO plugin. -->","yoast_head_json":{"title":"X-men, kallelsen och Guds folk - Vandra V\u00e4gen","robots":{"index":"index","follow":"follow","max-snippet":"max-snippet:-1","max-image-preview":"max-image-preview:large","max-video-preview":"max-video-preview:-1"},"canonical":"https:\/\/blogg.svenskakyrkan.se\/vandravagen\/2013\/03\/26\/x-men-kallelsen-och-guds-folk\/","og_locale":"sv_SE","og_type":"article","og_title":"X-men, kallelsen och Guds folk - Vandra V\u00e4gen","og_description":"Jag har med god timing l\u00e4st den gamla klassiska x-menserien &#8221;days of future past&#8221; fr\u00e5n 1980. Den utspelar sig ocks\u00e5 i den fj\u00e4rran framtiden&#8230; 2013, vilket f\u00e5r en att t\u00e4nka att hur illa det \u00e4n \u00e4r i v\u00e4rlden s\u00e5 har det faktiskt inte blivit S\u00c5 illa \u00e4n. Jag brukar skriva om olika tecknade hj\u00e4ltar p\u00e5 [&hellip;]","og_url":"https:\/\/blogg.svenskakyrkan.se\/vandravagen\/2013\/03\/26\/x-men-kallelsen-och-guds-folk\/","og_site_name":"Vandra V\u00e4gen","article_publisher":"http:\/\/facebook.com\/vandravagen","article_published_time":"2013-03-26T09:01:00+00:00","og_image":[{"url":"http:\/\/3.bp.blogspot.com\/-zx3nkuZqApk\/UUzM7k0as_I\/AAAAAAAAC0E\/m7zExFxl3W4\/s400\/xmen2.jpg","type":"","width":"","height":""}],"author":"Tomas Jarvid","twitter_card":"summary_large_image","twitter_creator":"@fadertomas","twitter_site":"@fadertomas","twitter_misc":{"Skriven av":"Tomas Jarvid","Ber\u00e4knad l\u00e4stid":"2 minuter"},"schema":{"@context":"https:\/\/schema.org","@graph":[{"@type":"Article","@id":"https:\/\/blogg.svenskakyrkan.se\/vandravagen\/2013\/03\/26\/x-men-kallelsen-och-guds-folk\/#article","isPartOf":{"@id":"https:\/\/blogg.svenskakyrkan.se\/vandravagen\/2013\/03\/26\/x-men-kallelsen-och-guds-folk\/"},"author":{"name":"Tomas Jarvid","@id":"https:\/\/blogg.svenskakyrkan.se\/vandravagen\/#\/schema\/person\/25da02d4f76b137d04291711e2c9fc16"},"headline":"X-men, kallelsen och Guds folk","datePublished":"2013-03-26T09:01:00+00:00","mainEntityOfPage":{"@id":"https:\/\/blogg.svenskakyrkan.se\/vandravagen\/2013\/03\/26\/x-men-kallelsen-och-guds-folk\/"},"wordCount":456,"commentCount":2,"publisher":{"@id":"https:\/\/blogg.svenskakyrkan.se\/vandravagen\/#organization"},"image":{"@id":"https:\/\/blogg.svenskakyrkan.se\/vandravagen\/2013\/03\/26\/x-men-kallelsen-och-guds-folk\/#primaryimage"},"thumbnailUrl":"http:\/\/3.bp.blogspot.com\/-zx3nkuZqApk\/UUzM7k0as_I\/AAAAAAAAC0E\/m7zExFxl3W4\/s400\/xmen2.jpg","articleSection":["kyrkan","Teologi"],"inLanguage":"sv-SE","potentialAction":[{"@type":"CommentAction","name":"Comment","target":["https:\/\/blogg.svenskakyrkan.se\/vandravagen\/2013\/03\/26\/x-men-kallelsen-och-guds-folk\/#respond"]}]},{"@type":"WebPage","@id":"https:\/\/blogg.svenskakyrkan.se\/vandravagen\/2013\/03\/26\/x-men-kallelsen-och-guds-folk\/","url":"https:\/\/blogg.svenskakyrkan.se\/vandravagen\/2013\/03\/26\/x-men-kallelsen-och-guds-folk\/","name":"X-men, kallelsen och Guds folk - Vandra V\u00e4gen","isPartOf":{"@id":"https:\/\/blogg.svenskakyrkan.se\/vandravagen\/#website"},"primaryImageOfPage":{"@id":"https:\/\/blogg.svenskakyrkan.se\/vandravagen\/2013\/03\/26\/x-men-kallelsen-och-guds-folk\/#primaryimage"},"image":{"@id":"https:\/\/blogg.svenskakyrkan.se\/vandravagen\/2013\/03\/26\/x-men-kallelsen-och-guds-folk\/#primaryimage"},"thumbnailUrl":"http:\/\/3.bp.blogspot.com\/-zx3nkuZqApk\/UUzM7k0as_I\/AAAAAAAAC0E\/m7zExFxl3W4\/s400\/xmen2.jpg","datePublished":"2013-03-26T09:01:00+00:00","breadcrumb":{"@id":"https:\/\/blogg.svenskakyrkan.se\/vandravagen\/2013\/03\/26\/x-men-kallelsen-och-guds-folk\/#breadcrumb"},"inLanguage":"sv-SE","potentialAction":[{"@type":"ReadAction","target":["https:\/\/blogg.svenskakyrkan.se\/vandravagen\/2013\/03\/26\/x-men-kallelsen-och-guds-folk\/"]}]},{"@type":"ImageObject","inLanguage":"sv-SE","@id":"https:\/\/blogg.svenskakyrkan.se\/vandravagen\/2013\/03\/26\/x-men-kallelsen-och-guds-folk\/#primaryimage","url":"http:\/\/3.bp.blogspot.com\/-zx3nkuZqApk\/UUzM7k0as_I\/AAAAAAAAC0E\/m7zExFxl3W4\/s400\/xmen2.jpg","contentUrl":"http:\/\/3.bp.blogspot.com\/-zx3nkuZqApk\/UUzM7k0as_I\/AAAAAAAAC0E\/m7zExFxl3W4\/s400\/xmen2.jpg"},{"@type":"BreadcrumbList","@id":"https:\/\/blogg.svenskakyrkan.se\/vandravagen\/2013\/03\/26\/x-men-kallelsen-och-guds-folk\/#breadcrumb","itemListElement":[{"@type":"ListItem","position":1,"name":"Hem","item":"https:\/\/blogg.svenskakyrkan.se\/vandravagen\/"},{"@type":"ListItem","position":2,"name":"X-men, kallelsen och Guds folk"}]},{"@type":"WebSite","@id":"https:\/\/blogg.svenskakyrkan.se\/vandravagen\/#website","url":"https:\/\/blogg.svenskakyrkan.se\/vandravagen\/","name":"Vandra V\u00e4gen","description":"-Mot en tro f\u00f6r hela livet","publisher":{"@id":"https:\/\/blogg.svenskakyrkan.se\/vandravagen\/#organization"},"potentialAction":[{"@type":"SearchAction","target":{"@type":"EntryPoint","urlTemplate":"https:\/\/blogg.svenskakyrkan.se\/vandravagen\/?s={search_term_string}"},"query-input":{"@type":"PropertyValueSpecification","valueRequired":true,"valueName":"search_term_string"}}],"inLanguage":"sv-SE"},{"@type":"Organization","@id":"https:\/\/blogg.svenskakyrkan.se\/vandravagen\/#organization","name":"ulricehamns pastorat","alternateName":"ulricehamns pastorat","url":"https:\/\/blogg.svenskakyrkan.se\/vandravagen\/","logo":{"@type":"ImageObject","inLanguage":"sv-SE","@id":"https:\/\/blogg.svenskakyrkan.se\/vandravagen\/#\/schema\/logo\/image\/","url":"https:\/\/blogg.svenskakyrkan.se\/vandravagen\/files\/2023\/05\/Ulr_logo_RGB.png","contentUrl":"https:\/\/blogg.svenskakyrkan.se\/vandravagen\/files\/2023\/05\/Ulr_logo_RGB.png","width":205,"height":77,"caption":"ulricehamns pastorat"},"image":{"@id":"https:\/\/blogg.svenskakyrkan.se\/vandravagen\/#\/schema\/logo\/image\/"},"sameAs":["http:\/\/facebook.com\/vandravagen","https:\/\/x.com\/fadertomas","http:\/\/www.facebook.com\/svenskakyrkaniulricehamn"]},{"@type":"Person","@id":"https:\/\/blogg.svenskakyrkan.se\/vandravagen\/#\/schema\/person\/25da02d4f76b137d04291711e2c9fc16","name":"Tomas Jarvid","image":{"@type":"ImageObject","inLanguage":"sv-SE","@id":"https:\/\/blogg.svenskakyrkan.se\/vandravagen\/#\/schema\/person\/image\/","url":"https:\/\/secure.gravatar.com\/avatar\/7fa71899795e8f540f615a1f5ab25255dc27aa40f05ee7ddd21aac521e01bf50?s=96&d=identicon&r=g","contentUrl":"https:\/\/secure.gravatar.com\/avatar\/7fa71899795e8f540f615a1f5ab25255dc27aa40f05ee7ddd21aac521e01bf50?s=96&d=identicon&r=g","caption":"Tomas Jarvid"},"description":"Jag bor i Ulricehamn i V\u00e4sterg\u00f6tland och \u00e4r f\u00f6rsamlingspr\u00e4st i Svenska Kyrkan f\u00f6r Dalstorps f\u00f6rsamling i Kinds pastorat. P\u00e5 den h\u00e4r bloggen skriver jag ner tankar om vandringen som kristen.","sameAs":["http:\/\/www.vandravagen.se"],"url":"https:\/\/blogg.svenskakyrkan.se\/vandravagen\/author\/vandravagen\/"}]}},"author_meta":{"ID":"392","user_nicename":"vandravagen","user_url":"http:\/\/www.vandravagen.se","user_registered":"2014-05-19 05:44:52","display_name":"Tomas Jarvid","first_name":"Tomas","last_name":"Jarvid","avatar":"https:\/\/secure.gravatar.com\/avatar\/7fa71899795e8f540f615a1f5ab25255dc27aa40f05ee7ddd21aac521e01bf50?s=96&d=identicon&r=g"},"featured_image":false,"bloginfo":{"name":"Vandra V\u00e4gen","url":"https:\/\/blogg.svenskakyrkan.se\/vandravagen"},"_links":{"self":[{"href":"https:\/\/blogg.svenskakyrkan.se\/vandravagen\/wp-json\/wp\/v2\/posts\/648","targetHints":{"allow":["GET"]}}],"collection":[{"href":"https:\/\/blogg.svenskakyrkan.se\/vandravagen\/wp-json\/wp\/v2\/posts"}],"about":[{"href":"https:\/\/blogg.svenskakyrkan.se\/vandravagen\/wp-json\/wp\/v2\/types\/post"}],"author":[{"embeddable":true,"href":"https:\/\/blogg.svenskakyrkan.se\/vandravagen\/wp-json\/wp\/v2\/users\/392"}],"replies":[{"embeddable":true,"href":"https:\/\/blogg.svenskakyrkan.se\/vandravagen\/wp-json\/wp\/v2\/comments?post=648"}],"version-history":[{"count":0,"href":"https:\/\/blogg.svenskakyrkan.se\/vandravagen\/wp-json\/wp\/v2\/posts\/648\/revisions"}],"wp:attachment":[{"href":"https:\/\/blogg.svenskakyrkan.se\/vandravagen\/wp-json\/wp\/v2\/media?parent=648"}],"wp:term":[{"taxonomy":"category","embeddable":true,"href":"https:\/\/blogg.svenskakyrkan.se\/vandravagen\/wp-json\/wp\/v2\/categories?post=648"},{"taxonomy":"post_tag","embeddable":true,"href":"https:\/\/blogg.svenskakyrkan.se\/vandravagen\/wp-json\/wp\/v2\/tags?post=648"}],"curies":[{"name":"wp","href":"https:\/\/api.w.org\/{rel}","templated":true}]}}