{"id":649,"date":"2013-03-25T10:09:00","date_gmt":"2013-03-25T09:09:00","guid":{"rendered":"http:\/\/blogg.svenskakyrkan.se\/vandravagen\/2013\/03\/25\/veckans-favorittweets-3\/"},"modified":"2013-03-25T10:09:00","modified_gmt":"2013-03-25T09:09:00","slug":"veckans-favorittweets-3","status":"publish","type":"post","link":"https:\/\/blogg.svenskakyrkan.se\/vandravagen\/2013\/03\/25\/veckans-favorittweets-3\/","title":{"rendered":"Veckans favorittweets"},"content":{"rendered":"<div>S\u00e5 var det m\u00e5ndagmorgon och bloggen vaknar sakta upp efter g\u00e5rdagens helvila (det var ist\u00e4llet dop f\u00f6r min dotter ig\u00e5r). H\u00e4r kommer den traditionella sammanst\u00e4llningen av f\u00f6rra veckans twitter. M\u00e5nga bra den h\u00e4r g\u00e5ngen tycker jag.<\/div>\n<div><\/div>\n<div><\/div>\n<div>Fromma tweet<\/div>\n<div><\/div>\n<div><\/div>\n<div><a href=\"http:\/\/2.bp.blogspot.com\/-ABCQYwg7ib8\/UVADA2_bY9I\/AAAAAAAAC1E\/UFQOKaYm-JA\/s1600\/allainvandrare.jpg\"><img loading=\"lazy\" decoding=\"async\" border=\"0\" height=\"71\" src=\"http:\/\/2.bp.blogspot.com\/-ABCQYwg7ib8\/UVADA2_bY9I\/AAAAAAAAC1E\/UFQOKaYm-JA\/s400\/allainvandrare.jpg\" width=\"400\"><\/a><\/div>\n<div><\/div>\n<div><\/div>\n<div><a href=\"http:\/\/1.bp.blogspot.com\/-UgpXYbGy98o\/UVADE7kM6nI\/AAAAAAAAC1o\/4EQ72TcpLqo\/s1600\/beastnumber.jpg\"><img loading=\"lazy\" decoding=\"async\" border=\"0\" height=\"67\" src=\"http:\/\/1.bp.blogspot.com\/-UgpXYbGy98o\/UVADE7kM6nI\/AAAAAAAAC1o\/4EQ72TcpLqo\/s400\/beastnumber.jpg\" width=\"400\"><\/a><\/div>\n<div><\/div>\n<div><\/div>\n<div><a href=\"http:\/\/4.bp.blogspot.com\/-IUFWRExNu1E\/UVADQ9U5D9I\/AAAAAAAAC3k\/N43lwRM-bcg\/s1600\/tropolitik.jpg\"><img loading=\"lazy\" decoding=\"async\" border=\"0\" height=\"85\" src=\"http:\/\/4.bp.blogspot.com\/-IUFWRExNu1E\/UVADQ9U5D9I\/AAAAAAAAC3k\/N43lwRM-bcg\/s400\/tropolitik.jpg\" width=\"400\"><\/a><\/div>\n<div><\/div>\n<div><\/div>\n<div><a href=\"http:\/\/1.bp.blogspot.com\/-r29CZ0AQxZU\/UVADNIYq5BI\/AAAAAAAAC3A\/20-xAzk2Gtc\/s1600\/stateresa.jpg\"><img loading=\"lazy\" decoding=\"async\" border=\"0\" height=\"70\" src=\"http:\/\/1.bp.blogspot.com\/-r29CZ0AQxZU\/UVADNIYq5BI\/AAAAAAAAC3A\/20-xAzk2Gtc\/s400\/stateresa.jpg\" width=\"400\"><\/a><\/div>\n<div><\/div>\n<div><\/div>\n<div><a href=\"http:\/\/2.bp.blogspot.com\/-DdMjJS67sVo\/UVADJwvyxZI\/AAAAAAAAC2Y\/2moycgcm40A\/s1600\/kyrkan.jpg\"><img loading=\"lazy\" decoding=\"async\" border=\"0\" height=\"71\" src=\"http:\/\/2.bp.blogspot.com\/-DdMjJS67sVo\/UVADJwvyxZI\/AAAAAAAAC2Y\/2moycgcm40A\/s400\/kyrkan.jpg\" width=\"400\"><\/a><\/div>\n<div><\/div>\n<div>Bra av gamle Origenes!<\/div>\n<div><a href=\"http:\/\/2.bp.blogspot.com\/-Pas0jgpCBIk\/UVADKRaNt5I\/AAAAAAAAC2g\/oJDqFgrbanQ\/s1600\/origenes.jpg\"><img loading=\"lazy\" decoding=\"async\" border=\"0\" height=\"93\" src=\"http:\/\/2.bp.blogspot.com\/-Pas0jgpCBIk\/UVADKRaNt5I\/AAAAAAAAC2g\/oJDqFgrbanQ\/s400\/origenes.jpg\" width=\"400\"><\/a><\/div>\n<div><\/div>\n<div>Och viktigt att komma ih\u00e5g i samh\u00e4llsdebatten!<\/div>\n<div><a href=\"http:\/\/4.bp.blogspot.com\/-4LnDUpNfXeE\/UVADO7XGk0I\/AAAAAAAAC3M\/gHXrzx-q_OQ\/s1600\/sekulsamha%CC%88lle.jpg\"><img loading=\"lazy\" decoding=\"async\" border=\"0\" height=\"72\" src=\"http:\/\/4.bp.blogspot.com\/-4LnDUpNfXeE\/UVADO7XGk0I\/AAAAAAAAC3M\/gHXrzx-q_OQ\/s400\/sekulsamha%CC%88lle.jpg\" width=\"400\"><\/a><\/div>\n<div><\/div>\n<\/p>\n<div>\u00a0<a href=\"http:\/\/1.bp.blogspot.com\/-CkGCr3P8Bug\/UVADGpAS0ZI\/AAAAAAAAC18\/hgy_iSDjiQ0\/s1600\/evigtliv.jpg\"><img loading=\"lazy\" decoding=\"async\" border=\"0\" height=\"72\" src=\"http:\/\/1.bp.blogspot.com\/-CkGCr3P8Bug\/UVADGpAS0ZI\/AAAAAAAAC18\/hgy_iSDjiQ0\/s400\/evigtliv.jpg\" width=\"400\"><\/a><\/div>\n<div><\/div>\n<div>Min ok\u00e4nde twitteridol Brian Zahnd n\u00e5gonstans i USA har omv\u00e4rderat den kristna attityden till v\u00e5ld sedan Irakkriget b\u00f6rjade:<\/div>\n<div><a href=\"http:\/\/3.bp.blogspot.com\/-SnQqNNOzaDI\/UVADCJdQpiI\/AAAAAAAAC1Q\/N1gUZGHqyxc\/s1600\/a%CC%88ndeamedmakt.jpg\"><img loading=\"lazy\" decoding=\"async\" border=\"0\" height=\"71\" src=\"http:\/\/3.bp.blogspot.com\/-SnQqNNOzaDI\/UVADCJdQpiI\/AAAAAAAAC1Q\/N1gUZGHqyxc\/s400\/a%CC%88ndeamedmakt.jpg\" width=\"400\"><\/a><\/div>\n<div><\/div>\n<div><\/div>\n<div>Kloka tweets<\/div>\n<div><\/div>\n<div><\/div>\n<div><a href=\"http:\/\/1.bp.blogspot.com\/-ZoRHQ3Wgc3c\/UVADPYsRRXI\/AAAAAAAAC3Q\/Ea8M8m__GQA\/s1600\/stolthetvsgla%CC%88dje.jpg\"><img loading=\"lazy\" decoding=\"async\" border=\"0\" height=\"70\" src=\"http:\/\/1.bp.blogspot.com\/-ZoRHQ3Wgc3c\/UVADPYsRRXI\/AAAAAAAAC3Q\/Ea8M8m__GQA\/s400\/stolthetvsgla%CC%88dje.jpg\" width=\"400\"><\/a><\/div>\n<div><\/div>\n<\/p>\n<div><a href=\"http:\/\/2.bp.blogspot.com\/-LYJcONzzBVE\/UVADClc92VI\/AAAAAAAAC1Y\/9PpPpuS_RPM\/s1600\/a%CC%88rmigsja%CC%88lv.jpg\"><img loading=\"lazy\" decoding=\"async\" border=\"0\" height=\"67\" src=\"http:\/\/2.bp.blogspot.com\/-LYJcONzzBVE\/UVADClc92VI\/AAAAAAAAC1Y\/9PpPpuS_RPM\/s400\/a%CC%88rmigsja%CC%88lv.jpg\" width=\"400\"><\/a><\/div>\n<div><\/div>\n<div><\/div>\n<div><a href=\"http:\/\/4.bp.blogspot.com\/-H1DSq9LVS9s\/UVADRxByyNI\/AAAAAAAAC3w\/oqojiAbyaaY\/s1600\/vadserdu.jpg\"><img loading=\"lazy\" decoding=\"async\" border=\"0\" height=\"85\" src=\"http:\/\/4.bp.blogspot.com\/-H1DSq9LVS9s\/UVADRxByyNI\/AAAAAAAAC3w\/oqojiAbyaaY\/s400\/vadserdu.jpg\" width=\"400\"><\/a><\/div>\n<div><\/div>\n<div><\/div>\n<div><a href=\"http:\/\/1.bp.blogspot.com\/-p-__hS3vK4Y\/UVADPoEf_pI\/AAAAAAAAC3U\/MG_jxAS8OFU\/s1600\/tolerans.jpg\"><img loading=\"lazy\" decoding=\"async\" border=\"0\" height=\"72\" src=\"http:\/\/1.bp.blogspot.com\/-p-__hS3vK4Y\/UVADPoEf_pI\/AAAAAAAAC3U\/MG_jxAS8OFU\/s400\/tolerans.jpg\" width=\"400\"><\/a><\/div>\n<div><\/div>\n<div><\/div>\n<div><a href=\"http:\/\/3.bp.blogspot.com\/-ZR8VZLbWHfw\/UVADRtXp-ZI\/AAAAAAAAC3s\/EvasCIPDLH4\/s1600\/viochjag.jpg\"><img loading=\"lazy\" decoding=\"async\" border=\"0\" height=\"56\" src=\"http:\/\/3.bp.blogspot.com\/-ZR8VZLbWHfw\/UVADRtXp-ZI\/AAAAAAAAC3s\/EvasCIPDLH4\/s400\/viochjag.jpg\" width=\"400\"><\/a><\/div>\n<div><\/div>\n<div><\/div>\n<div>\u00a0Och det h\u00e4r&#8230; tror jag \u00e4r klokt? Det t\u00e5l i alla fall att t\u00e4nkas p\u00e5 vad det betyder.<\/div>\n<div><a href=\"http:\/\/4.bp.blogspot.com\/-BLw8x6BMMX0\/UVADEW1k6rI\/AAAAAAAAC1k\/kMkvkNqVyyI\/s1600\/brottasmgris.jpg\"><img loading=\"lazy\" decoding=\"async\" border=\"0\" height=\"68\" src=\"http:\/\/4.bp.blogspot.com\/-BLw8x6BMMX0\/UVADEW1k6rI\/AAAAAAAAC1k\/kMkvkNqVyyI\/s400\/brottasmgris.jpg\" width=\"400\"><\/a><\/div>\n<div>Roliga tweets<\/div>\n<div>(det blev n\u00e5gra den h\u00e4r veckan)<\/div>\n<div><\/div>\n<div><\/div>\n<div><a href=\"http:\/\/2.bp.blogspot.com\/-G-7Vf11h51Y\/UVADFGcOrXI\/AAAAAAAAC1s\/ZDcZjEfHyVU\/s1600\/cantata.jpg\"><img loading=\"lazy\" decoding=\"async\" border=\"0\" height=\"57\" src=\"http:\/\/2.bp.blogspot.com\/-G-7Vf11h51Y\/UVADFGcOrXI\/AAAAAAAAC1s\/ZDcZjEfHyVU\/s400\/cantata.jpg\" width=\"400\"><\/a><\/div>\n<\/p>\n<div><\/div>\n<\/p>\n<div><a href=\"http:\/\/3.bp.blogspot.com\/-UusoP0lsQJ0\/UVADHULQp5I\/AAAAAAAAC2E\/0ORENuWQi8s\/s1600\/koncern.jpg\"><img loading=\"lazy\" decoding=\"async\" border=\"0\" height=\"72\" src=\"http:\/\/3.bp.blogspot.com\/-UusoP0lsQJ0\/UVADHULQp5I\/AAAAAAAAC2E\/0ORENuWQi8s\/s400\/koncern.jpg\" width=\"400\"><\/a><\/div>\n<div><\/div>\n<\/p>\n<div><a href=\"http:\/\/4.bp.blogspot.com\/-L3na8ZqApfU\/UVADIcsc2TI\/AAAAAAAAC2M\/7ExsilGSodM\/s1600\/kanibal.jpg\"><img loading=\"lazy\" decoding=\"async\" border=\"0\" height=\"82\" src=\"http:\/\/4.bp.blogspot.com\/-L3na8ZqApfU\/UVADIcsc2TI\/AAAAAAAAC2M\/7ExsilGSodM\/s400\/kanibal.jpg\" width=\"400\"><\/a><\/div>\n<div><\/div>\n<\/p>\n<div><a href=\"http:\/\/2.bp.blogspot.com\/-hlqNbjgpbiw\/UVADJhIjg1I\/AAAAAAAAC2U\/R8kimc2tLk0\/s1600\/ono%CC%88digtjobb.jpg\"><img loading=\"lazy\" decoding=\"async\" border=\"0\" height=\"72\" src=\"http:\/\/2.bp.blogspot.com\/-hlqNbjgpbiw\/UVADJhIjg1I\/AAAAAAAAC2U\/R8kimc2tLk0\/s400\/ono%CC%88digtjobb.jpg\" width=\"400\"><\/a><\/div>\n<\/p>\n<div><\/div>\n<div><a href=\"http:\/\/2.bp.blogspot.com\/-y7TyB0qdTj8\/UVADLa0RMwI\/AAAAAAAAC2s\/1d8URn3o5yU\/s1600\/partiledarnamn.jpg\"><img loading=\"lazy\" decoding=\"async\" border=\"0\" height=\"65\" src=\"http:\/\/2.bp.blogspot.com\/-y7TyB0qdTj8\/UVADLa0RMwI\/AAAAAAAAC2s\/1d8URn3o5yU\/s400\/partiledarnamn.jpg\" width=\"400\"><\/a><\/div>\n<div><\/div>\n<\/p>\n<div><a href=\"http:\/\/3.bp.blogspot.com\/-VDrH69qLltY\/UVADLjegnyI\/AAAAAAAAC2w\/2TY0xTlc2Nk\/s1600\/pa%CC%8Aveinstall.jpg\"><img loading=\"lazy\" decoding=\"async\" border=\"0\" height=\"70\" src=\"http:\/\/3.bp.blogspot.com\/-VDrH69qLltY\/UVADLjegnyI\/AAAAAAAAC2w\/2TY0xTlc2Nk\/s400\/pa%CC%8Aveinstall.jpg\" width=\"400\"><\/a><\/div>\n<div><\/div>\n<\/p>\n<div><a href=\"http:\/\/3.bp.blogspot.com\/-SjQ727q9e9Y\/UVADMyKfYhI\/AAAAAAAAC28\/rOUBnvRKMzg\/s1600\/sno%CC%88imars.jpg\"><img loading=\"lazy\" decoding=\"async\" border=\"0\" height=\"65\" src=\"http:\/\/3.bp.blogspot.com\/-SjQ727q9e9Y\/UVADMyKfYhI\/AAAAAAAAC28\/rOUBnvRKMzg\/s400\/sno%CC%88imars.jpg\" width=\"400\"><\/a><\/div>\n<div><\/div>\n<div><\/div>\n<div>Och Veckans b\u00e4sta tweet \u00e4r ett citat som @Mammahelatiden bjuder p\u00e5:<\/div>\n<div><\/div>\n<div><\/div>\n<div><a href=\"http:\/\/3.bp.blogspot.com\/-blvRPvKBq9U\/UVADB56sC_I\/AAAAAAAAC1M\/71I4rT9zCAg\/s1600\/a%CC%88lskadfo%CC%88rst.jpg\"><img loading=\"lazy\" decoding=\"async\" border=\"0\" height=\"78\" src=\"http:\/\/3.bp.blogspot.com\/-blvRPvKBq9U\/UVADB56sC_I\/AAAAAAAAC1M\/71I4rT9zCAg\/s400\/a%CC%88lskadfo%CC%88rst.jpg\" width=\"400\"><\/a><\/div>\n<\/p>\n<div><\/div>\n<\/p>\n<div><\/div>\n<\/p>\n<div><\/div>\n<\/p>\n<div><\/div>\n<\/p>\n<div><\/div>\n<\/p>\n<div><\/div>\n<\/p>\n<div><\/div>\n<\/p>\n<div><\/div>\n<div><\/div>\n<div><\/div>\n","protected":false},"excerpt":{"rendered":"<p>S\u00e5 var det m\u00e5ndagmorgon och bloggen vaknar sakta upp efter g\u00e5rdagens helvila (det var ist\u00e4llet dop f\u00f6r min dotter ig\u00e5r). H\u00e4r kommer den traditionella sammanst\u00e4llningen av f\u00f6rra veckans twitter. M\u00e5nga bra den h\u00e4r g\u00e5ngen tycker jag. Fromma tweet Bra av gamle Origenes! Och viktigt att komma ih\u00e5g i samh\u00e4llsdebatten! \u00a0 Min ok\u00e4nde twitteridol Brian Zahnd [&hellip;]<\/p>\n","protected":false},"author":392,"featured_media":0,"comment_status":"open","ping_status":"open","sticky":false,"template":"","format":"standard","meta":{"_acf_changed":false,"footnotes":""},"categories":[76766],"tags":[],"class_list":["post-649","post","type-post","status-publish","format-standard","hentry","category-blandat"],"acf":[],"yoast_head":"<!-- This site is optimized with the Yoast SEO plugin v27.1.1 - https:\/\/yoast.com\/product\/yoast-seo-wordpress\/ -->\n<title>Veckans favorittweets - Vandra V\u00e4gen<\/title>\n<meta name=\"robots\" content=\"index, follow, max-snippet:-1, max-image-preview:large, max-video-preview:-1\" \/>\n<link rel=\"canonical\" href=\"https:\/\/blogg.svenskakyrkan.se\/vandravagen\/2013\/03\/25\/veckans-favorittweets-3\/\" \/>\n<meta property=\"og:locale\" content=\"sv_SE\" \/>\n<meta property=\"og:type\" content=\"article\" \/>\n<meta property=\"og:title\" content=\"Veckans favorittweets - Vandra V\u00e4gen\" \/>\n<meta property=\"og:description\" content=\"S\u00e5 var det m\u00e5ndagmorgon och bloggen vaknar sakta upp efter g\u00e5rdagens helvila (det var ist\u00e4llet dop f\u00f6r min dotter ig\u00e5r). H\u00e4r kommer den traditionella sammanst\u00e4llningen av f\u00f6rra veckans twitter. M\u00e5nga bra den h\u00e4r g\u00e5ngen tycker jag. Fromma tweet Bra av gamle Origenes! Och viktigt att komma ih\u00e5g i samh\u00e4llsdebatten! \u00a0 Min ok\u00e4nde twitteridol Brian Zahnd [&hellip;]\" \/>\n<meta property=\"og:url\" content=\"https:\/\/blogg.svenskakyrkan.se\/vandravagen\/2013\/03\/25\/veckans-favorittweets-3\/\" \/>\n<meta property=\"og:site_name\" content=\"Vandra V\u00e4gen\" \/>\n<meta property=\"article:publisher\" content=\"http:\/\/facebook.com\/vandravagen\" \/>\n<meta property=\"article:published_time\" content=\"2013-03-25T09:09:00+00:00\" \/>\n<meta property=\"og:image\" content=\"http:\/\/2.bp.blogspot.com\/-ABCQYwg7ib8\/UVADA2_bY9I\/AAAAAAAAC1E\/UFQOKaYm-JA\/s400\/allainvandrare.jpg\" \/>\n<meta name=\"author\" content=\"Tomas Jarvid\" \/>\n<meta name=\"twitter:card\" content=\"summary_large_image\" \/>\n<meta name=\"twitter:creator\" content=\"@fadertomas\" \/>\n<meta name=\"twitter:site\" content=\"@fadertomas\" \/>\n<meta name=\"twitter:label1\" content=\"Skriven av\" \/>\n\t<meta name=\"twitter:data1\" content=\"Tomas Jarvid\" \/>\n\t<meta name=\"twitter:label2\" content=\"Ber\u00e4knad l\u00e4stid\" \/>\n\t<meta name=\"twitter:data2\" content=\"1 minut\" \/>\n<script type=\"application\/ld+json\" class=\"yoast-schema-graph\">{\"@context\":\"https:\/\/schema.org\",\"@graph\":[{\"@type\":\"Article\",\"@id\":\"https:\/\/blogg.svenskakyrkan.se\/vandravagen\/2013\/03\/25\/veckans-favorittweets-3\/#article\",\"isPartOf\":{\"@id\":\"https:\/\/blogg.svenskakyrkan.se\/vandravagen\/2013\/03\/25\/veckans-favorittweets-3\/\"},\"author\":{\"name\":\"Tomas Jarvid\",\"@id\":\"https:\/\/blogg.svenskakyrkan.se\/vandravagen\/#\/schema\/person\/25da02d4f76b137d04291711e2c9fc16\"},\"headline\":\"Veckans favorittweets\",\"datePublished\":\"2013-03-25T09:09:00+00:00\",\"mainEntityOfPage\":{\"@id\":\"https:\/\/blogg.svenskakyrkan.se\/vandravagen\/2013\/03\/25\/veckans-favorittweets-3\/\"},\"wordCount\":132,\"commentCount\":0,\"publisher\":{\"@id\":\"https:\/\/blogg.svenskakyrkan.se\/vandravagen\/#organization\"},\"image\":{\"@id\":\"https:\/\/blogg.svenskakyrkan.se\/vandravagen\/2013\/03\/25\/veckans-favorittweets-3\/#primaryimage\"},\"thumbnailUrl\":\"http:\/\/2.bp.blogspot.com\/-ABCQYwg7ib8\/UVADA2_bY9I\/AAAAAAAAC1E\/UFQOKaYm-JA\/s400\/allainvandrare.jpg\",\"articleSection\":[\"blandat\"],\"inLanguage\":\"sv-SE\",\"potentialAction\":[{\"@type\":\"CommentAction\",\"name\":\"Comment\",\"target\":[\"https:\/\/blogg.svenskakyrkan.se\/vandravagen\/2013\/03\/25\/veckans-favorittweets-3\/#respond\"]}]},{\"@type\":\"WebPage\",\"@id\":\"https:\/\/blogg.svenskakyrkan.se\/vandravagen\/2013\/03\/25\/veckans-favorittweets-3\/\",\"url\":\"https:\/\/blogg.svenskakyrkan.se\/vandravagen\/2013\/03\/25\/veckans-favorittweets-3\/\",\"name\":\"Veckans favorittweets - Vandra V\u00e4gen\",\"isPartOf\":{\"@id\":\"https:\/\/blogg.svenskakyrkan.se\/vandravagen\/#website\"},\"primaryImageOfPage\":{\"@id\":\"https:\/\/blogg.svenskakyrkan.se\/vandravagen\/2013\/03\/25\/veckans-favorittweets-3\/#primaryimage\"},\"image\":{\"@id\":\"https:\/\/blogg.svenskakyrkan.se\/vandravagen\/2013\/03\/25\/veckans-favorittweets-3\/#primaryimage\"},\"thumbnailUrl\":\"http:\/\/2.bp.blogspot.com\/-ABCQYwg7ib8\/UVADA2_bY9I\/AAAAAAAAC1E\/UFQOKaYm-JA\/s400\/allainvandrare.jpg\",\"datePublished\":\"2013-03-25T09:09:00+00:00\",\"breadcrumb\":{\"@id\":\"https:\/\/blogg.svenskakyrkan.se\/vandravagen\/2013\/03\/25\/veckans-favorittweets-3\/#breadcrumb\"},\"inLanguage\":\"sv-SE\",\"potentialAction\":[{\"@type\":\"ReadAction\",\"target\":[\"https:\/\/blogg.svenskakyrkan.se\/vandravagen\/2013\/03\/25\/veckans-favorittweets-3\/\"]}]},{\"@type\":\"ImageObject\",\"inLanguage\":\"sv-SE\",\"@id\":\"https:\/\/blogg.svenskakyrkan.se\/vandravagen\/2013\/03\/25\/veckans-favorittweets-3\/#primaryimage\",\"url\":\"http:\/\/2.bp.blogspot.com\/-ABCQYwg7ib8\/UVADA2_bY9I\/AAAAAAAAC1E\/UFQOKaYm-JA\/s400\/allainvandrare.jpg\",\"contentUrl\":\"http:\/\/2.bp.blogspot.com\/-ABCQYwg7ib8\/UVADA2_bY9I\/AAAAAAAAC1E\/UFQOKaYm-JA\/s400\/allainvandrare.jpg\"},{\"@type\":\"BreadcrumbList\",\"@id\":\"https:\/\/blogg.svenskakyrkan.se\/vandravagen\/2013\/03\/25\/veckans-favorittweets-3\/#breadcrumb\",\"itemListElement\":[{\"@type\":\"ListItem\",\"position\":1,\"name\":\"Hem\",\"item\":\"https:\/\/blogg.svenskakyrkan.se\/vandravagen\/\"},{\"@type\":\"ListItem\",\"position\":2,\"name\":\"Veckans favorittweets\"}]},{\"@type\":\"WebSite\",\"@id\":\"https:\/\/blogg.svenskakyrkan.se\/vandravagen\/#website\",\"url\":\"https:\/\/blogg.svenskakyrkan.se\/vandravagen\/\",\"name\":\"Vandra V\u00e4gen\",\"description\":\"-Mot en tro f\u00f6r hela livet\",\"publisher\":{\"@id\":\"https:\/\/blogg.svenskakyrkan.se\/vandravagen\/#organization\"},\"potentialAction\":[{\"@type\":\"SearchAction\",\"target\":{\"@type\":\"EntryPoint\",\"urlTemplate\":\"https:\/\/blogg.svenskakyrkan.se\/vandravagen\/?s={search_term_string}\"},\"query-input\":{\"@type\":\"PropertyValueSpecification\",\"valueRequired\":true,\"valueName\":\"search_term_string\"}}],\"inLanguage\":\"sv-SE\"},{\"@type\":\"Organization\",\"@id\":\"https:\/\/blogg.svenskakyrkan.se\/vandravagen\/#organization\",\"name\":\"ulricehamns pastorat\",\"alternateName\":\"ulricehamns pastorat\",\"url\":\"https:\/\/blogg.svenskakyrkan.se\/vandravagen\/\",\"logo\":{\"@type\":\"ImageObject\",\"inLanguage\":\"sv-SE\",\"@id\":\"https:\/\/blogg.svenskakyrkan.se\/vandravagen\/#\/schema\/logo\/image\/\",\"url\":\"https:\/\/blogg.svenskakyrkan.se\/vandravagen\/files\/2023\/05\/Ulr_logo_RGB.png\",\"contentUrl\":\"https:\/\/blogg.svenskakyrkan.se\/vandravagen\/files\/2023\/05\/Ulr_logo_RGB.png\",\"width\":205,\"height\":77,\"caption\":\"ulricehamns pastorat\"},\"image\":{\"@id\":\"https:\/\/blogg.svenskakyrkan.se\/vandravagen\/#\/schema\/logo\/image\/\"},\"sameAs\":[\"http:\/\/facebook.com\/vandravagen\",\"https:\/\/x.com\/fadertomas\",\"http:\/\/www.facebook.com\/svenskakyrkaniulricehamn\"]},{\"@type\":\"Person\",\"@id\":\"https:\/\/blogg.svenskakyrkan.se\/vandravagen\/#\/schema\/person\/25da02d4f76b137d04291711e2c9fc16\",\"name\":\"Tomas Jarvid\",\"image\":{\"@type\":\"ImageObject\",\"inLanguage\":\"sv-SE\",\"@id\":\"https:\/\/blogg.svenskakyrkan.se\/vandravagen\/#\/schema\/person\/image\/\",\"url\":\"https:\/\/secure.gravatar.com\/avatar\/7fa71899795e8f540f615a1f5ab25255dc27aa40f05ee7ddd21aac521e01bf50?s=96&d=identicon&r=g\",\"contentUrl\":\"https:\/\/secure.gravatar.com\/avatar\/7fa71899795e8f540f615a1f5ab25255dc27aa40f05ee7ddd21aac521e01bf50?s=96&d=identicon&r=g\",\"caption\":\"Tomas Jarvid\"},\"description\":\"Jag bor i Ulricehamn i V\u00e4sterg\u00f6tland och \u00e4r f\u00f6rsamlingspr\u00e4st i Svenska Kyrkan f\u00f6r Dalstorps f\u00f6rsamling i Kinds pastorat. P\u00e5 den h\u00e4r bloggen skriver jag ner tankar om vandringen som kristen.\",\"sameAs\":[\"http:\/\/www.vandravagen.se\"],\"url\":\"https:\/\/blogg.svenskakyrkan.se\/vandravagen\/author\/vandravagen\/\"}]}<\/script>\n<!-- \/ Yoast SEO plugin. -->","yoast_head_json":{"title":"Veckans favorittweets - Vandra V\u00e4gen","robots":{"index":"index","follow":"follow","max-snippet":"max-snippet:-1","max-image-preview":"max-image-preview:large","max-video-preview":"max-video-preview:-1"},"canonical":"https:\/\/blogg.svenskakyrkan.se\/vandravagen\/2013\/03\/25\/veckans-favorittweets-3\/","og_locale":"sv_SE","og_type":"article","og_title":"Veckans favorittweets - Vandra V\u00e4gen","og_description":"S\u00e5 var det m\u00e5ndagmorgon och bloggen vaknar sakta upp efter g\u00e5rdagens helvila (det var ist\u00e4llet dop f\u00f6r min dotter ig\u00e5r). H\u00e4r kommer den traditionella sammanst\u00e4llningen av f\u00f6rra veckans twitter. M\u00e5nga bra den h\u00e4r g\u00e5ngen tycker jag. Fromma tweet Bra av gamle Origenes! Och viktigt att komma ih\u00e5g i samh\u00e4llsdebatten! \u00a0 Min ok\u00e4nde twitteridol Brian Zahnd [&hellip;]","og_url":"https:\/\/blogg.svenskakyrkan.se\/vandravagen\/2013\/03\/25\/veckans-favorittweets-3\/","og_site_name":"Vandra V\u00e4gen","article_publisher":"http:\/\/facebook.com\/vandravagen","article_published_time":"2013-03-25T09:09:00+00:00","og_image":[{"url":"http:\/\/2.bp.blogspot.com\/-ABCQYwg7ib8\/UVADA2_bY9I\/AAAAAAAAC1E\/UFQOKaYm-JA\/s400\/allainvandrare.jpg","type":"","width":"","height":""}],"author":"Tomas Jarvid","twitter_card":"summary_large_image","twitter_creator":"@fadertomas","twitter_site":"@fadertomas","twitter_misc":{"Skriven av":"Tomas Jarvid","Ber\u00e4knad l\u00e4stid":"1 minut"},"schema":{"@context":"https:\/\/schema.org","@graph":[{"@type":"Article","@id":"https:\/\/blogg.svenskakyrkan.se\/vandravagen\/2013\/03\/25\/veckans-favorittweets-3\/#article","isPartOf":{"@id":"https:\/\/blogg.svenskakyrkan.se\/vandravagen\/2013\/03\/25\/veckans-favorittweets-3\/"},"author":{"name":"Tomas Jarvid","@id":"https:\/\/blogg.svenskakyrkan.se\/vandravagen\/#\/schema\/person\/25da02d4f76b137d04291711e2c9fc16"},"headline":"Veckans favorittweets","datePublished":"2013-03-25T09:09:00+00:00","mainEntityOfPage":{"@id":"https:\/\/blogg.svenskakyrkan.se\/vandravagen\/2013\/03\/25\/veckans-favorittweets-3\/"},"wordCount":132,"commentCount":0,"publisher":{"@id":"https:\/\/blogg.svenskakyrkan.se\/vandravagen\/#organization"},"image":{"@id":"https:\/\/blogg.svenskakyrkan.se\/vandravagen\/2013\/03\/25\/veckans-favorittweets-3\/#primaryimage"},"thumbnailUrl":"http:\/\/2.bp.blogspot.com\/-ABCQYwg7ib8\/UVADA2_bY9I\/AAAAAAAAC1E\/UFQOKaYm-JA\/s400\/allainvandrare.jpg","articleSection":["blandat"],"inLanguage":"sv-SE","potentialAction":[{"@type":"CommentAction","name":"Comment","target":["https:\/\/blogg.svenskakyrkan.se\/vandravagen\/2013\/03\/25\/veckans-favorittweets-3\/#respond"]}]},{"@type":"WebPage","@id":"https:\/\/blogg.svenskakyrkan.se\/vandravagen\/2013\/03\/25\/veckans-favorittweets-3\/","url":"https:\/\/blogg.svenskakyrkan.se\/vandravagen\/2013\/03\/25\/veckans-favorittweets-3\/","name":"Veckans favorittweets - Vandra V\u00e4gen","isPartOf":{"@id":"https:\/\/blogg.svenskakyrkan.se\/vandravagen\/#website"},"primaryImageOfPage":{"@id":"https:\/\/blogg.svenskakyrkan.se\/vandravagen\/2013\/03\/25\/veckans-favorittweets-3\/#primaryimage"},"image":{"@id":"https:\/\/blogg.svenskakyrkan.se\/vandravagen\/2013\/03\/25\/veckans-favorittweets-3\/#primaryimage"},"thumbnailUrl":"http:\/\/2.bp.blogspot.com\/-ABCQYwg7ib8\/UVADA2_bY9I\/AAAAAAAAC1E\/UFQOKaYm-JA\/s400\/allainvandrare.jpg","datePublished":"2013-03-25T09:09:00+00:00","breadcrumb":{"@id":"https:\/\/blogg.svenskakyrkan.se\/vandravagen\/2013\/03\/25\/veckans-favorittweets-3\/#breadcrumb"},"inLanguage":"sv-SE","potentialAction":[{"@type":"ReadAction","target":["https:\/\/blogg.svenskakyrkan.se\/vandravagen\/2013\/03\/25\/veckans-favorittweets-3\/"]}]},{"@type":"ImageObject","inLanguage":"sv-SE","@id":"https:\/\/blogg.svenskakyrkan.se\/vandravagen\/2013\/03\/25\/veckans-favorittweets-3\/#primaryimage","url":"http:\/\/2.bp.blogspot.com\/-ABCQYwg7ib8\/UVADA2_bY9I\/AAAAAAAAC1E\/UFQOKaYm-JA\/s400\/allainvandrare.jpg","contentUrl":"http:\/\/2.bp.blogspot.com\/-ABCQYwg7ib8\/UVADA2_bY9I\/AAAAAAAAC1E\/UFQOKaYm-JA\/s400\/allainvandrare.jpg"},{"@type":"BreadcrumbList","@id":"https:\/\/blogg.svenskakyrkan.se\/vandravagen\/2013\/03\/25\/veckans-favorittweets-3\/#breadcrumb","itemListElement":[{"@type":"ListItem","position":1,"name":"Hem","item":"https:\/\/blogg.svenskakyrkan.se\/vandravagen\/"},{"@type":"ListItem","position":2,"name":"Veckans favorittweets"}]},{"@type":"WebSite","@id":"https:\/\/blogg.svenskakyrkan.se\/vandravagen\/#website","url":"https:\/\/blogg.svenskakyrkan.se\/vandravagen\/","name":"Vandra V\u00e4gen","description":"-Mot en tro f\u00f6r hela livet","publisher":{"@id":"https:\/\/blogg.svenskakyrkan.se\/vandravagen\/#organization"},"potentialAction":[{"@type":"SearchAction","target":{"@type":"EntryPoint","urlTemplate":"https:\/\/blogg.svenskakyrkan.se\/vandravagen\/?s={search_term_string}"},"query-input":{"@type":"PropertyValueSpecification","valueRequired":true,"valueName":"search_term_string"}}],"inLanguage":"sv-SE"},{"@type":"Organization","@id":"https:\/\/blogg.svenskakyrkan.se\/vandravagen\/#organization","name":"ulricehamns pastorat","alternateName":"ulricehamns pastorat","url":"https:\/\/blogg.svenskakyrkan.se\/vandravagen\/","logo":{"@type":"ImageObject","inLanguage":"sv-SE","@id":"https:\/\/blogg.svenskakyrkan.se\/vandravagen\/#\/schema\/logo\/image\/","url":"https:\/\/blogg.svenskakyrkan.se\/vandravagen\/files\/2023\/05\/Ulr_logo_RGB.png","contentUrl":"https:\/\/blogg.svenskakyrkan.se\/vandravagen\/files\/2023\/05\/Ulr_logo_RGB.png","width":205,"height":77,"caption":"ulricehamns pastorat"},"image":{"@id":"https:\/\/blogg.svenskakyrkan.se\/vandravagen\/#\/schema\/logo\/image\/"},"sameAs":["http:\/\/facebook.com\/vandravagen","https:\/\/x.com\/fadertomas","http:\/\/www.facebook.com\/svenskakyrkaniulricehamn"]},{"@type":"Person","@id":"https:\/\/blogg.svenskakyrkan.se\/vandravagen\/#\/schema\/person\/25da02d4f76b137d04291711e2c9fc16","name":"Tomas Jarvid","image":{"@type":"ImageObject","inLanguage":"sv-SE","@id":"https:\/\/blogg.svenskakyrkan.se\/vandravagen\/#\/schema\/person\/image\/","url":"https:\/\/secure.gravatar.com\/avatar\/7fa71899795e8f540f615a1f5ab25255dc27aa40f05ee7ddd21aac521e01bf50?s=96&d=identicon&r=g","contentUrl":"https:\/\/secure.gravatar.com\/avatar\/7fa71899795e8f540f615a1f5ab25255dc27aa40f05ee7ddd21aac521e01bf50?s=96&d=identicon&r=g","caption":"Tomas Jarvid"},"description":"Jag bor i Ulricehamn i V\u00e4sterg\u00f6tland och \u00e4r f\u00f6rsamlingspr\u00e4st i Svenska Kyrkan f\u00f6r Dalstorps f\u00f6rsamling i Kinds pastorat. P\u00e5 den h\u00e4r bloggen skriver jag ner tankar om vandringen som kristen.","sameAs":["http:\/\/www.vandravagen.se"],"url":"https:\/\/blogg.svenskakyrkan.se\/vandravagen\/author\/vandravagen\/"}]}},"author_meta":{"ID":"392","user_nicename":"vandravagen","user_url":"http:\/\/www.vandravagen.se","user_registered":"2014-05-19 05:44:52","display_name":"Tomas Jarvid","first_name":"Tomas","last_name":"Jarvid","avatar":"https:\/\/secure.gravatar.com\/avatar\/7fa71899795e8f540f615a1f5ab25255dc27aa40f05ee7ddd21aac521e01bf50?s=96&d=identicon&r=g"},"featured_image":false,"bloginfo":{"name":"Vandra V\u00e4gen","url":"https:\/\/blogg.svenskakyrkan.se\/vandravagen"},"_links":{"self":[{"href":"https:\/\/blogg.svenskakyrkan.se\/vandravagen\/wp-json\/wp\/v2\/posts\/649","targetHints":{"allow":["GET"]}}],"collection":[{"href":"https:\/\/blogg.svenskakyrkan.se\/vandravagen\/wp-json\/wp\/v2\/posts"}],"about":[{"href":"https:\/\/blogg.svenskakyrkan.se\/vandravagen\/wp-json\/wp\/v2\/types\/post"}],"author":[{"embeddable":true,"href":"https:\/\/blogg.svenskakyrkan.se\/vandravagen\/wp-json\/wp\/v2\/users\/392"}],"replies":[{"embeddable":true,"href":"https:\/\/blogg.svenskakyrkan.se\/vandravagen\/wp-json\/wp\/v2\/comments?post=649"}],"version-history":[{"count":0,"href":"https:\/\/blogg.svenskakyrkan.se\/vandravagen\/wp-json\/wp\/v2\/posts\/649\/revisions"}],"wp:attachment":[{"href":"https:\/\/blogg.svenskakyrkan.se\/vandravagen\/wp-json\/wp\/v2\/media?parent=649"}],"wp:term":[{"taxonomy":"category","embeddable":true,"href":"https:\/\/blogg.svenskakyrkan.se\/vandravagen\/wp-json\/wp\/v2\/categories?post=649"},{"taxonomy":"post_tag","embeddable":true,"href":"https:\/\/blogg.svenskakyrkan.se\/vandravagen\/wp-json\/wp\/v2\/tags?post=649"}],"curies":[{"name":"wp","href":"https:\/\/api.w.org\/{rel}","templated":true}]}}