{"id":650,"date":"2013-03-23T20:17:00","date_gmt":"2013-03-23T19:17:00","guid":{"rendered":"http:\/\/blogg.svenskakyrkan.se\/vandravagen\/2013\/03\/23\/veckans-snabbgenomgang-6\/"},"modified":"2013-03-23T20:17:00","modified_gmt":"2013-03-23T19:17:00","slug":"veckans-snabbgenomgang-6","status":"publish","type":"post","link":"https:\/\/blogg.svenskakyrkan.se\/vandravagen\/2013\/03\/23\/veckans-snabbgenomgang-6\/","title":{"rendered":"Veckans snabbgenomg\u00e5ng"},"content":{"rendered":"<table align=\"center\" cellpadding=\"0\" cellspacing=\"0\">\n<tbody>\n<tr>\n<td><a href=\"http:\/\/4.bp.blogspot.com\/-bdxujLDqTPc\/T1tfTM0M6PI\/AAAAAAAAAGg\/V5vUak4UBAc\/s1600\/links_iStock_000005060560XSmall.jpg\"><img loading=\"lazy\" decoding=\"async\" border=\"0\" height=\"240\" src=\"http:\/\/4.bp.blogspot.com\/-bdxujLDqTPc\/T1tfTM0M6PI\/AAAAAAAAAGg\/V5vUak4UBAc\/s320\/links_iStock_000005060560XSmall.jpg\" width=\"320\"><\/a><\/td>\n<\/tr>\n<tr>\n<td>Veckans starkaste kort!<\/td>\n<\/tr>\n<\/tbody>\n<\/table>\n<p>S\u00e5 var det helgsm\u00e5l och mer \u00e4nd\u00e5 och dags att sammanfatta veckan. Om du missat n\u00e5got av dessa inl\u00e4gg under dagen tycker jag gott du kan ta en titt nu i efterskott!<\/p>\n<p>1, Det st\u00e5r en hel del viktigt om h\u00e4rskartekniker i <a href=\"http:\/\/www.vandravagen.se\/2013\/03\/harskarteknik-enligt-elaine-bergqvist.html\">det h\u00e4r inl\u00e4gget om Elaine Bergqvists bok<\/a>.<\/p>\n<p>2. Och h\u00e4r \u00e4r <a href=\"http:\/\/www.vandravagen.se\/2013\/03\/till-alla-praster.html\">en samlarbild till alla pr\u00e4ster<\/a> att s\u00e4tta upp p\u00e5 v\u00e4l valt st\u00e4lle och p\u00e5minna sig om ofta.<\/p>\n<p>3. Serien om anknytning och Gordon Neufelds tankar fortsatte s\u00e5 med n\u00e4sta viktiga begrepp: <a href=\"http:\/\/www.vandravagen.se\/2013\/03\/jamnarigorientering-det-ar-farliga.html\">j\u00e4mn\u00e5rigorientering.<\/a> L\u00e4s det h\u00e4r om du inte vet vad det \u00e4r!<\/p>\n<p>4. Och s\u00e5 till slut n\u00e5gra ord <a href=\"http:\/\/www.vandravagen.se\/2013\/03\/vad-sjalvkansla-ar-och-inte-ar.html\">om vad sj\u00e4lvk\u00e4nsla \u00e4r och inte \u00e4r<\/a>. Ocks\u00e5 r\u00e4tt viktigt f\u00e5r jag s\u00e4ga.<\/p>\n","protected":false},"excerpt":{"rendered":"<p>Veckans starkaste kort! S\u00e5 var det helgsm\u00e5l och mer \u00e4nd\u00e5 och dags att sammanfatta veckan. Om du missat n\u00e5got av dessa inl\u00e4gg under dagen tycker jag gott du kan ta en titt nu i efterskott! 1, Det st\u00e5r en hel del viktigt om h\u00e4rskartekniker i det h\u00e4r inl\u00e4gget om Elaine Bergqvists bok. 2. Och h\u00e4r [&hellip;]<\/p>\n","protected":false},"author":392,"featured_media":0,"comment_status":"open","ping_status":"open","sticky":false,"template":"","format":"standard","meta":{"_acf_changed":false,"footnotes":""},"categories":[76608],"tags":[],"class_list":["post-650","post","type-post","status-publish","format-standard","hentry","category-bloggen"],"acf":[],"yoast_head":"<!-- This site is optimized with the Yoast SEO plugin v27.1.1 - https:\/\/yoast.com\/product\/yoast-seo-wordpress\/ -->\n<title>Veckans snabbgenomg\u00e5ng - Vandra V\u00e4gen<\/title>\n<meta name=\"robots\" content=\"index, follow, max-snippet:-1, max-image-preview:large, max-video-preview:-1\" \/>\n<link rel=\"canonical\" href=\"https:\/\/blogg.svenskakyrkan.se\/vandravagen\/2013\/03\/23\/veckans-snabbgenomgang-6\/\" \/>\n<meta property=\"og:locale\" content=\"sv_SE\" \/>\n<meta property=\"og:type\" content=\"article\" \/>\n<meta property=\"og:title\" content=\"Veckans snabbgenomg\u00e5ng - Vandra V\u00e4gen\" \/>\n<meta property=\"og:description\" content=\"Veckans starkaste kort! S\u00e5 var det helgsm\u00e5l och mer \u00e4nd\u00e5 och dags att sammanfatta veckan. Om du missat n\u00e5got av dessa inl\u00e4gg under dagen tycker jag gott du kan ta en titt nu i efterskott! 1, Det st\u00e5r en hel del viktigt om h\u00e4rskartekniker i det h\u00e4r inl\u00e4gget om Elaine Bergqvists bok. 2. Och h\u00e4r [&hellip;]\" \/>\n<meta property=\"og:url\" content=\"https:\/\/blogg.svenskakyrkan.se\/vandravagen\/2013\/03\/23\/veckans-snabbgenomgang-6\/\" \/>\n<meta property=\"og:site_name\" content=\"Vandra V\u00e4gen\" \/>\n<meta property=\"article:publisher\" content=\"http:\/\/facebook.com\/vandravagen\" \/>\n<meta property=\"article:published_time\" content=\"2013-03-23T19:17:00+00:00\" \/>\n<meta property=\"og:image\" content=\"http:\/\/4.bp.blogspot.com\/-bdxujLDqTPc\/T1tfTM0M6PI\/AAAAAAAAAGg\/V5vUak4UBAc\/s320\/links_iStock_000005060560XSmall.jpg\" \/>\n<meta name=\"author\" content=\"Tomas Jarvid\" \/>\n<meta name=\"twitter:card\" content=\"summary_large_image\" \/>\n<meta name=\"twitter:creator\" content=\"@fadertomas\" \/>\n<meta name=\"twitter:site\" content=\"@fadertomas\" \/>\n<meta name=\"twitter:label1\" content=\"Skriven av\" \/>\n\t<meta name=\"twitter:data1\" content=\"Tomas Jarvid\" \/>\n\t<meta name=\"twitter:label2\" content=\"Ber\u00e4knad l\u00e4stid\" \/>\n\t<meta name=\"twitter:data2\" content=\"1 minut\" \/>\n<script type=\"application\/ld+json\" class=\"yoast-schema-graph\">{\"@context\":\"https:\/\/schema.org\",\"@graph\":[{\"@type\":\"Article\",\"@id\":\"https:\/\/blogg.svenskakyrkan.se\/vandravagen\/2013\/03\/23\/veckans-snabbgenomgang-6\/#article\",\"isPartOf\":{\"@id\":\"https:\/\/blogg.svenskakyrkan.se\/vandravagen\/2013\/03\/23\/veckans-snabbgenomgang-6\/\"},\"author\":{\"name\":\"Tomas Jarvid\",\"@id\":\"https:\/\/blogg.svenskakyrkan.se\/vandravagen\/#\/schema\/person\/25da02d4f76b137d04291711e2c9fc16\"},\"headline\":\"Veckans snabbgenomg\u00e5ng\",\"datePublished\":\"2013-03-23T19:17:00+00:00\",\"mainEntityOfPage\":{\"@id\":\"https:\/\/blogg.svenskakyrkan.se\/vandravagen\/2013\/03\/23\/veckans-snabbgenomgang-6\/\"},\"wordCount\":141,\"commentCount\":0,\"publisher\":{\"@id\":\"https:\/\/blogg.svenskakyrkan.se\/vandravagen\/#organization\"},\"image\":{\"@id\":\"https:\/\/blogg.svenskakyrkan.se\/vandravagen\/2013\/03\/23\/veckans-snabbgenomgang-6\/#primaryimage\"},\"thumbnailUrl\":\"http:\/\/4.bp.blogspot.com\/-bdxujLDqTPc\/T1tfTM0M6PI\/AAAAAAAAAGg\/V5vUak4UBAc\/s320\/links_iStock_000005060560XSmall.jpg\",\"articleSection\":[\"bloggen\"],\"inLanguage\":\"sv-SE\",\"potentialAction\":[{\"@type\":\"CommentAction\",\"name\":\"Comment\",\"target\":[\"https:\/\/blogg.svenskakyrkan.se\/vandravagen\/2013\/03\/23\/veckans-snabbgenomgang-6\/#respond\"]}]},{\"@type\":\"WebPage\",\"@id\":\"https:\/\/blogg.svenskakyrkan.se\/vandravagen\/2013\/03\/23\/veckans-snabbgenomgang-6\/\",\"url\":\"https:\/\/blogg.svenskakyrkan.se\/vandravagen\/2013\/03\/23\/veckans-snabbgenomgang-6\/\",\"name\":\"Veckans snabbgenomg\u00e5ng - Vandra V\u00e4gen\",\"isPartOf\":{\"@id\":\"https:\/\/blogg.svenskakyrkan.se\/vandravagen\/#website\"},\"primaryImageOfPage\":{\"@id\":\"https:\/\/blogg.svenskakyrkan.se\/vandravagen\/2013\/03\/23\/veckans-snabbgenomgang-6\/#primaryimage\"},\"image\":{\"@id\":\"https:\/\/blogg.svenskakyrkan.se\/vandravagen\/2013\/03\/23\/veckans-snabbgenomgang-6\/#primaryimage\"},\"thumbnailUrl\":\"http:\/\/4.bp.blogspot.com\/-bdxujLDqTPc\/T1tfTM0M6PI\/AAAAAAAAAGg\/V5vUak4UBAc\/s320\/links_iStock_000005060560XSmall.jpg\",\"datePublished\":\"2013-03-23T19:17:00+00:00\",\"breadcrumb\":{\"@id\":\"https:\/\/blogg.svenskakyrkan.se\/vandravagen\/2013\/03\/23\/veckans-snabbgenomgang-6\/#breadcrumb\"},\"inLanguage\":\"sv-SE\",\"potentialAction\":[{\"@type\":\"ReadAction\",\"target\":[\"https:\/\/blogg.svenskakyrkan.se\/vandravagen\/2013\/03\/23\/veckans-snabbgenomgang-6\/\"]}]},{\"@type\":\"ImageObject\",\"inLanguage\":\"sv-SE\",\"@id\":\"https:\/\/blogg.svenskakyrkan.se\/vandravagen\/2013\/03\/23\/veckans-snabbgenomgang-6\/#primaryimage\",\"url\":\"http:\/\/4.bp.blogspot.com\/-bdxujLDqTPc\/T1tfTM0M6PI\/AAAAAAAAAGg\/V5vUak4UBAc\/s320\/links_iStock_000005060560XSmall.jpg\",\"contentUrl\":\"http:\/\/4.bp.blogspot.com\/-bdxujLDqTPc\/T1tfTM0M6PI\/AAAAAAAAAGg\/V5vUak4UBAc\/s320\/links_iStock_000005060560XSmall.jpg\"},{\"@type\":\"BreadcrumbList\",\"@id\":\"https:\/\/blogg.svenskakyrkan.se\/vandravagen\/2013\/03\/23\/veckans-snabbgenomgang-6\/#breadcrumb\",\"itemListElement\":[{\"@type\":\"ListItem\",\"position\":1,\"name\":\"Hem\",\"item\":\"https:\/\/blogg.svenskakyrkan.se\/vandravagen\/\"},{\"@type\":\"ListItem\",\"position\":2,\"name\":\"Veckans snabbgenomg\u00e5ng\"}]},{\"@type\":\"WebSite\",\"@id\":\"https:\/\/blogg.svenskakyrkan.se\/vandravagen\/#website\",\"url\":\"https:\/\/blogg.svenskakyrkan.se\/vandravagen\/\",\"name\":\"Vandra V\u00e4gen\",\"description\":\"-Mot en tro f\u00f6r hela livet\",\"publisher\":{\"@id\":\"https:\/\/blogg.svenskakyrkan.se\/vandravagen\/#organization\"},\"potentialAction\":[{\"@type\":\"SearchAction\",\"target\":{\"@type\":\"EntryPoint\",\"urlTemplate\":\"https:\/\/blogg.svenskakyrkan.se\/vandravagen\/?s={search_term_string}\"},\"query-input\":{\"@type\":\"PropertyValueSpecification\",\"valueRequired\":true,\"valueName\":\"search_term_string\"}}],\"inLanguage\":\"sv-SE\"},{\"@type\":\"Organization\",\"@id\":\"https:\/\/blogg.svenskakyrkan.se\/vandravagen\/#organization\",\"name\":\"ulricehamns pastorat\",\"alternateName\":\"ulricehamns pastorat\",\"url\":\"https:\/\/blogg.svenskakyrkan.se\/vandravagen\/\",\"logo\":{\"@type\":\"ImageObject\",\"inLanguage\":\"sv-SE\",\"@id\":\"https:\/\/blogg.svenskakyrkan.se\/vandravagen\/#\/schema\/logo\/image\/\",\"url\":\"https:\/\/blogg.svenskakyrkan.se\/vandravagen\/files\/2023\/05\/Ulr_logo_RGB.png\",\"contentUrl\":\"https:\/\/blogg.svenskakyrkan.se\/vandravagen\/files\/2023\/05\/Ulr_logo_RGB.png\",\"width\":205,\"height\":77,\"caption\":\"ulricehamns pastorat\"},\"image\":{\"@id\":\"https:\/\/blogg.svenskakyrkan.se\/vandravagen\/#\/schema\/logo\/image\/\"},\"sameAs\":[\"http:\/\/facebook.com\/vandravagen\",\"https:\/\/x.com\/fadertomas\",\"http:\/\/www.facebook.com\/svenskakyrkaniulricehamn\"]},{\"@type\":\"Person\",\"@id\":\"https:\/\/blogg.svenskakyrkan.se\/vandravagen\/#\/schema\/person\/25da02d4f76b137d04291711e2c9fc16\",\"name\":\"Tomas Jarvid\",\"image\":{\"@type\":\"ImageObject\",\"inLanguage\":\"sv-SE\",\"@id\":\"https:\/\/blogg.svenskakyrkan.se\/vandravagen\/#\/schema\/person\/image\/\",\"url\":\"https:\/\/secure.gravatar.com\/avatar\/7fa71899795e8f540f615a1f5ab25255dc27aa40f05ee7ddd21aac521e01bf50?s=96&d=identicon&r=g\",\"contentUrl\":\"https:\/\/secure.gravatar.com\/avatar\/7fa71899795e8f540f615a1f5ab25255dc27aa40f05ee7ddd21aac521e01bf50?s=96&d=identicon&r=g\",\"caption\":\"Tomas Jarvid\"},\"description\":\"Jag bor i Ulricehamn i V\u00e4sterg\u00f6tland och \u00e4r f\u00f6rsamlingspr\u00e4st i Svenska Kyrkan f\u00f6r Dalstorps f\u00f6rsamling i Kinds pastorat. P\u00e5 den h\u00e4r bloggen skriver jag ner tankar om vandringen som kristen.\",\"sameAs\":[\"http:\/\/www.vandravagen.se\"],\"url\":\"https:\/\/blogg.svenskakyrkan.se\/vandravagen\/author\/vandravagen\/\"}]}<\/script>\n<!-- \/ Yoast SEO plugin. -->","yoast_head_json":{"title":"Veckans snabbgenomg\u00e5ng - Vandra V\u00e4gen","robots":{"index":"index","follow":"follow","max-snippet":"max-snippet:-1","max-image-preview":"max-image-preview:large","max-video-preview":"max-video-preview:-1"},"canonical":"https:\/\/blogg.svenskakyrkan.se\/vandravagen\/2013\/03\/23\/veckans-snabbgenomgang-6\/","og_locale":"sv_SE","og_type":"article","og_title":"Veckans snabbgenomg\u00e5ng - Vandra V\u00e4gen","og_description":"Veckans starkaste kort! S\u00e5 var det helgsm\u00e5l och mer \u00e4nd\u00e5 och dags att sammanfatta veckan. Om du missat n\u00e5got av dessa inl\u00e4gg under dagen tycker jag gott du kan ta en titt nu i efterskott! 1, Det st\u00e5r en hel del viktigt om h\u00e4rskartekniker i det h\u00e4r inl\u00e4gget om Elaine Bergqvists bok. 2. Och h\u00e4r [&hellip;]","og_url":"https:\/\/blogg.svenskakyrkan.se\/vandravagen\/2013\/03\/23\/veckans-snabbgenomgang-6\/","og_site_name":"Vandra V\u00e4gen","article_publisher":"http:\/\/facebook.com\/vandravagen","article_published_time":"2013-03-23T19:17:00+00:00","og_image":[{"url":"http:\/\/4.bp.blogspot.com\/-bdxujLDqTPc\/T1tfTM0M6PI\/AAAAAAAAAGg\/V5vUak4UBAc\/s320\/links_iStock_000005060560XSmall.jpg","type":"","width":"","height":""}],"author":"Tomas Jarvid","twitter_card":"summary_large_image","twitter_creator":"@fadertomas","twitter_site":"@fadertomas","twitter_misc":{"Skriven av":"Tomas Jarvid","Ber\u00e4knad l\u00e4stid":"1 minut"},"schema":{"@context":"https:\/\/schema.org","@graph":[{"@type":"Article","@id":"https:\/\/blogg.svenskakyrkan.se\/vandravagen\/2013\/03\/23\/veckans-snabbgenomgang-6\/#article","isPartOf":{"@id":"https:\/\/blogg.svenskakyrkan.se\/vandravagen\/2013\/03\/23\/veckans-snabbgenomgang-6\/"},"author":{"name":"Tomas Jarvid","@id":"https:\/\/blogg.svenskakyrkan.se\/vandravagen\/#\/schema\/person\/25da02d4f76b137d04291711e2c9fc16"},"headline":"Veckans snabbgenomg\u00e5ng","datePublished":"2013-03-23T19:17:00+00:00","mainEntityOfPage":{"@id":"https:\/\/blogg.svenskakyrkan.se\/vandravagen\/2013\/03\/23\/veckans-snabbgenomgang-6\/"},"wordCount":141,"commentCount":0,"publisher":{"@id":"https:\/\/blogg.svenskakyrkan.se\/vandravagen\/#organization"},"image":{"@id":"https:\/\/blogg.svenskakyrkan.se\/vandravagen\/2013\/03\/23\/veckans-snabbgenomgang-6\/#primaryimage"},"thumbnailUrl":"http:\/\/4.bp.blogspot.com\/-bdxujLDqTPc\/T1tfTM0M6PI\/AAAAAAAAAGg\/V5vUak4UBAc\/s320\/links_iStock_000005060560XSmall.jpg","articleSection":["bloggen"],"inLanguage":"sv-SE","potentialAction":[{"@type":"CommentAction","name":"Comment","target":["https:\/\/blogg.svenskakyrkan.se\/vandravagen\/2013\/03\/23\/veckans-snabbgenomgang-6\/#respond"]}]},{"@type":"WebPage","@id":"https:\/\/blogg.svenskakyrkan.se\/vandravagen\/2013\/03\/23\/veckans-snabbgenomgang-6\/","url":"https:\/\/blogg.svenskakyrkan.se\/vandravagen\/2013\/03\/23\/veckans-snabbgenomgang-6\/","name":"Veckans snabbgenomg\u00e5ng - Vandra V\u00e4gen","isPartOf":{"@id":"https:\/\/blogg.svenskakyrkan.se\/vandravagen\/#website"},"primaryImageOfPage":{"@id":"https:\/\/blogg.svenskakyrkan.se\/vandravagen\/2013\/03\/23\/veckans-snabbgenomgang-6\/#primaryimage"},"image":{"@id":"https:\/\/blogg.svenskakyrkan.se\/vandravagen\/2013\/03\/23\/veckans-snabbgenomgang-6\/#primaryimage"},"thumbnailUrl":"http:\/\/4.bp.blogspot.com\/-bdxujLDqTPc\/T1tfTM0M6PI\/AAAAAAAAAGg\/V5vUak4UBAc\/s320\/links_iStock_000005060560XSmall.jpg","datePublished":"2013-03-23T19:17:00+00:00","breadcrumb":{"@id":"https:\/\/blogg.svenskakyrkan.se\/vandravagen\/2013\/03\/23\/veckans-snabbgenomgang-6\/#breadcrumb"},"inLanguage":"sv-SE","potentialAction":[{"@type":"ReadAction","target":["https:\/\/blogg.svenskakyrkan.se\/vandravagen\/2013\/03\/23\/veckans-snabbgenomgang-6\/"]}]},{"@type":"ImageObject","inLanguage":"sv-SE","@id":"https:\/\/blogg.svenskakyrkan.se\/vandravagen\/2013\/03\/23\/veckans-snabbgenomgang-6\/#primaryimage","url":"http:\/\/4.bp.blogspot.com\/-bdxujLDqTPc\/T1tfTM0M6PI\/AAAAAAAAAGg\/V5vUak4UBAc\/s320\/links_iStock_000005060560XSmall.jpg","contentUrl":"http:\/\/4.bp.blogspot.com\/-bdxujLDqTPc\/T1tfTM0M6PI\/AAAAAAAAAGg\/V5vUak4UBAc\/s320\/links_iStock_000005060560XSmall.jpg"},{"@type":"BreadcrumbList","@id":"https:\/\/blogg.svenskakyrkan.se\/vandravagen\/2013\/03\/23\/veckans-snabbgenomgang-6\/#breadcrumb","itemListElement":[{"@type":"ListItem","position":1,"name":"Hem","item":"https:\/\/blogg.svenskakyrkan.se\/vandravagen\/"},{"@type":"ListItem","position":2,"name":"Veckans snabbgenomg\u00e5ng"}]},{"@type":"WebSite","@id":"https:\/\/blogg.svenskakyrkan.se\/vandravagen\/#website","url":"https:\/\/blogg.svenskakyrkan.se\/vandravagen\/","name":"Vandra V\u00e4gen","description":"-Mot en tro f\u00f6r hela livet","publisher":{"@id":"https:\/\/blogg.svenskakyrkan.se\/vandravagen\/#organization"},"potentialAction":[{"@type":"SearchAction","target":{"@type":"EntryPoint","urlTemplate":"https:\/\/blogg.svenskakyrkan.se\/vandravagen\/?s={search_term_string}"},"query-input":{"@type":"PropertyValueSpecification","valueRequired":true,"valueName":"search_term_string"}}],"inLanguage":"sv-SE"},{"@type":"Organization","@id":"https:\/\/blogg.svenskakyrkan.se\/vandravagen\/#organization","name":"ulricehamns pastorat","alternateName":"ulricehamns pastorat","url":"https:\/\/blogg.svenskakyrkan.se\/vandravagen\/","logo":{"@type":"ImageObject","inLanguage":"sv-SE","@id":"https:\/\/blogg.svenskakyrkan.se\/vandravagen\/#\/schema\/logo\/image\/","url":"https:\/\/blogg.svenskakyrkan.se\/vandravagen\/files\/2023\/05\/Ulr_logo_RGB.png","contentUrl":"https:\/\/blogg.svenskakyrkan.se\/vandravagen\/files\/2023\/05\/Ulr_logo_RGB.png","width":205,"height":77,"caption":"ulricehamns pastorat"},"image":{"@id":"https:\/\/blogg.svenskakyrkan.se\/vandravagen\/#\/schema\/logo\/image\/"},"sameAs":["http:\/\/facebook.com\/vandravagen","https:\/\/x.com\/fadertomas","http:\/\/www.facebook.com\/svenskakyrkaniulricehamn"]},{"@type":"Person","@id":"https:\/\/blogg.svenskakyrkan.se\/vandravagen\/#\/schema\/person\/25da02d4f76b137d04291711e2c9fc16","name":"Tomas Jarvid","image":{"@type":"ImageObject","inLanguage":"sv-SE","@id":"https:\/\/blogg.svenskakyrkan.se\/vandravagen\/#\/schema\/person\/image\/","url":"https:\/\/secure.gravatar.com\/avatar\/7fa71899795e8f540f615a1f5ab25255dc27aa40f05ee7ddd21aac521e01bf50?s=96&d=identicon&r=g","contentUrl":"https:\/\/secure.gravatar.com\/avatar\/7fa71899795e8f540f615a1f5ab25255dc27aa40f05ee7ddd21aac521e01bf50?s=96&d=identicon&r=g","caption":"Tomas Jarvid"},"description":"Jag bor i Ulricehamn i V\u00e4sterg\u00f6tland och \u00e4r f\u00f6rsamlingspr\u00e4st i Svenska Kyrkan f\u00f6r Dalstorps f\u00f6rsamling i Kinds pastorat. P\u00e5 den h\u00e4r bloggen skriver jag ner tankar om vandringen som kristen.","sameAs":["http:\/\/www.vandravagen.se"],"url":"https:\/\/blogg.svenskakyrkan.se\/vandravagen\/author\/vandravagen\/"}]}},"author_meta":{"ID":"392","user_nicename":"vandravagen","user_url":"http:\/\/www.vandravagen.se","user_registered":"2014-05-19 05:44:52","display_name":"Tomas Jarvid","first_name":"Tomas","last_name":"Jarvid","avatar":"https:\/\/secure.gravatar.com\/avatar\/7fa71899795e8f540f615a1f5ab25255dc27aa40f05ee7ddd21aac521e01bf50?s=96&d=identicon&r=g"},"featured_image":false,"bloginfo":{"name":"Vandra V\u00e4gen","url":"https:\/\/blogg.svenskakyrkan.se\/vandravagen"},"_links":{"self":[{"href":"https:\/\/blogg.svenskakyrkan.se\/vandravagen\/wp-json\/wp\/v2\/posts\/650","targetHints":{"allow":["GET"]}}],"collection":[{"href":"https:\/\/blogg.svenskakyrkan.se\/vandravagen\/wp-json\/wp\/v2\/posts"}],"about":[{"href":"https:\/\/blogg.svenskakyrkan.se\/vandravagen\/wp-json\/wp\/v2\/types\/post"}],"author":[{"embeddable":true,"href":"https:\/\/blogg.svenskakyrkan.se\/vandravagen\/wp-json\/wp\/v2\/users\/392"}],"replies":[{"embeddable":true,"href":"https:\/\/blogg.svenskakyrkan.se\/vandravagen\/wp-json\/wp\/v2\/comments?post=650"}],"version-history":[{"count":0,"href":"https:\/\/blogg.svenskakyrkan.se\/vandravagen\/wp-json\/wp\/v2\/posts\/650\/revisions"}],"wp:attachment":[{"href":"https:\/\/blogg.svenskakyrkan.se\/vandravagen\/wp-json\/wp\/v2\/media?parent=650"}],"wp:term":[{"taxonomy":"category","embeddable":true,"href":"https:\/\/blogg.svenskakyrkan.se\/vandravagen\/wp-json\/wp\/v2\/categories?post=650"},{"taxonomy":"post_tag","embeddable":true,"href":"https:\/\/blogg.svenskakyrkan.se\/vandravagen\/wp-json\/wp\/v2\/tags?post=650"}],"curies":[{"name":"wp","href":"https:\/\/api.w.org\/{rel}","templated":true}]}}