{"id":652,"date":"2013-03-22T09:50:00","date_gmt":"2013-03-22T08:50:00","guid":{"rendered":"http:\/\/blogg.svenskakyrkan.se\/vandravagen\/2013\/03\/22\/vad-sjalvkansla-ar-och-inte-ar\/"},"modified":"2013-03-22T09:50:00","modified_gmt":"2013-03-22T08:50:00","slug":"vad-sjalvkansla-ar-och-inte-ar","status":"publish","type":"post","link":"https:\/\/blogg.svenskakyrkan.se\/vandravagen\/2013\/03\/22\/vad-sjalvkansla-ar-och-inte-ar\/","title":{"rendered":"Vad sj\u00e4lvk\u00e4nsla \u00e4r och inte \u00e4r"},"content":{"rendered":"<table align=\"center\" cellpadding=\"0\" cellspacing=\"0\">\n<tbody>\n<tr>\n<td><a href=\"http:\/\/1.bp.blogspot.com\/-Qf_zA_7T7yA\/UAfLskIHUeI\/AAAAAAAAATA\/Ehtbn9nA_Bw\/s1600\/P7180070.JPG\"><img loading=\"lazy\" decoding=\"async\" border=\"0\" height=\"300\" src=\"http:\/\/1.bp.blogspot.com\/-Qf_zA_7T7yA\/UAfLskIHUeI\/AAAAAAAAATA\/Ehtbn9nA_Bw\/s400\/P7180070.JPG\" width=\"400\"><\/a><\/td>\n<\/tr>\n<tr>\n<td>H\u00e4r ligger jag och duger\u00a0<\/td>\n<\/tr>\n<\/tbody>\n<\/table>\n<p>N\u00e4r jag \u00e4nd\u00e5 \u00e4r ig\u00e5ng och skriver inl\u00e4gg utifr\u00e5n inneh\u00e5llet i <a href=\"http:\/\/www.vandravagen.se\/2013\/03\/vaga-ta-plats-i-ditt-barns-liv-sager.html\">Gordon Neufelds bok<\/a> vill jag ocks\u00e5 dela med mig av det han skriver om sj\u00e4lvk\u00e4nsla.<\/p>\n<p>I reklamens v\u00e4rld h\u00e4nger sj\u00e4lvk\u00e4nsla ofta ihop med yttre attribut. Den som \u00e4r inne och snygg kan k\u00e4nna sig bra och trygg och n\u00f6jd med sig sj\u00e4lv. Det \u00e4r det l\u00f6ftet som v\u00e4ldigt m\u00e5nga produkter s\u00e4ljs.<\/p>\n<p>Problemet \u00e4r att det har v\u00e4ldigt lite med verklig sj\u00e4lvk\u00e4nsla att g\u00f6ra, det vet vi ocks\u00e5 av erfarenhet lite till mans. Men varf\u00f6r funkar det inte att bygga upp sin sj\u00e4lvk\u00e4nsla p\u00e5 det s\u00e4ttet?<\/p>\n<p>Det fungerar inte eftersom sj\u00e4lvk\u00e4nsla inte bygger p\u00e5 hur andra uppfattar mig. Sj\u00e4lvk\u00e4nsla \u00e4r, som det l\u00e5ter, baserad p\u00e5 hur jag sj\u00e4lv uppfattar mig. Den som har god sj\u00e4lvk\u00e4nsla bryr sig helt enkelt inte lika mycket om vad andra t\u00e4nker och tycker om honom eller henne utan \u00e4r trygg i sig sj\u00e4lv. Det betyder att om jag skaffar h\u00e4ftiga kl\u00e4der eller prylar f\u00f6r att se bra ut i andras \u00f6gon s\u00e5 kan det m\u00f6jligen hj\u00e4lpa ett \u00f6gonblick men det kan inte f\u00f6r\u00e4ndra min sj\u00e4lvk\u00e4nsla l\u00e5ngsiktigt.<\/p>\n<p>Verklig sj\u00e4lvk\u00e4nsla kommer av personlig mognad och personlig mognad v\u00e4xer fram i relation till orienteringspersoner (f\u00f6r\u00e4ldrar och andra) som erbjuder villkorsl\u00f6s k\u00e4rlek. Det \u00e4r allts\u00e5 mycket viktigare att v\u00e4nda sig till de som \u00e4lskar en oavsett \u00e4n att f\u00f6rs\u00f6ka tillfredsst\u00e4lla s\u00e5na som inte tycker om oss utan f\u00f6r\u00e4ndring.<\/p>\n<p>Det h\u00e4r gav mig en hel del att t\u00e4nka p\u00e5. Hur \u00e4r det med dig?<\/p>\n","protected":false},"excerpt":{"rendered":"<p>H\u00e4r ligger jag och duger\u00a0 N\u00e4r jag \u00e4nd\u00e5 \u00e4r ig\u00e5ng och skriver inl\u00e4gg utifr\u00e5n inneh\u00e5llet i Gordon Neufelds bok vill jag ocks\u00e5 dela med mig av det han skriver om sj\u00e4lvk\u00e4nsla. I reklamens v\u00e4rld h\u00e4nger sj\u00e4lvk\u00e4nsla ofta ihop med yttre attribut. Den som \u00e4r inne och snygg kan k\u00e4nna sig bra och trygg och n\u00f6jd [&hellip;]<\/p>\n","protected":false},"author":392,"featured_media":0,"comment_status":"open","ping_status":"open","sticky":false,"template":"","format":"standard","meta":{"_acf_changed":false,"footnotes":""},"categories":[77554],"tags":[],"class_list":["post-652","post","type-post","status-publish","format-standard","hentry","category-vara-manniska"],"acf":[],"yoast_head":"<!-- This site is optimized with the Yoast SEO plugin v27.1.1 - https:\/\/yoast.com\/product\/yoast-seo-wordpress\/ -->\n<title>Vad sj\u00e4lvk\u00e4nsla \u00e4r och inte \u00e4r - Vandra V\u00e4gen<\/title>\n<meta name=\"robots\" content=\"index, follow, max-snippet:-1, max-image-preview:large, max-video-preview:-1\" \/>\n<link rel=\"canonical\" href=\"https:\/\/blogg.svenskakyrkan.se\/vandravagen\/2013\/03\/22\/vad-sjalvkansla-ar-och-inte-ar\/\" \/>\n<meta property=\"og:locale\" content=\"sv_SE\" \/>\n<meta property=\"og:type\" content=\"article\" \/>\n<meta property=\"og:title\" content=\"Vad sj\u00e4lvk\u00e4nsla \u00e4r och inte \u00e4r - Vandra V\u00e4gen\" \/>\n<meta property=\"og:description\" content=\"H\u00e4r ligger jag och duger\u00a0 N\u00e4r jag \u00e4nd\u00e5 \u00e4r ig\u00e5ng och skriver inl\u00e4gg utifr\u00e5n inneh\u00e5llet i Gordon Neufelds bok vill jag ocks\u00e5 dela med mig av det han skriver om sj\u00e4lvk\u00e4nsla. I reklamens v\u00e4rld h\u00e4nger sj\u00e4lvk\u00e4nsla ofta ihop med yttre attribut. Den som \u00e4r inne och snygg kan k\u00e4nna sig bra och trygg och n\u00f6jd [&hellip;]\" \/>\n<meta property=\"og:url\" content=\"https:\/\/blogg.svenskakyrkan.se\/vandravagen\/2013\/03\/22\/vad-sjalvkansla-ar-och-inte-ar\/\" \/>\n<meta property=\"og:site_name\" content=\"Vandra V\u00e4gen\" \/>\n<meta property=\"article:publisher\" content=\"http:\/\/facebook.com\/vandravagen\" \/>\n<meta property=\"article:published_time\" content=\"2013-03-22T08:50:00+00:00\" \/>\n<meta property=\"og:image\" content=\"http:\/\/1.bp.blogspot.com\/-Qf_zA_7T7yA\/UAfLskIHUeI\/AAAAAAAAATA\/Ehtbn9nA_Bw\/s400\/P7180070.JPG\" \/>\n<meta name=\"author\" content=\"Tomas Jarvid\" \/>\n<meta name=\"twitter:card\" content=\"summary_large_image\" \/>\n<meta name=\"twitter:creator\" content=\"@fadertomas\" \/>\n<meta name=\"twitter:site\" content=\"@fadertomas\" \/>\n<meta name=\"twitter:label1\" content=\"Skriven av\" \/>\n\t<meta name=\"twitter:data1\" content=\"Tomas Jarvid\" \/>\n\t<meta name=\"twitter:label2\" content=\"Ber\u00e4knad l\u00e4stid\" \/>\n\t<meta name=\"twitter:data2\" content=\"2 minuter\" \/>\n<script type=\"application\/ld+json\" class=\"yoast-schema-graph\">{\"@context\":\"https:\/\/schema.org\",\"@graph\":[{\"@type\":\"Article\",\"@id\":\"https:\/\/blogg.svenskakyrkan.se\/vandravagen\/2013\/03\/22\/vad-sjalvkansla-ar-och-inte-ar\/#article\",\"isPartOf\":{\"@id\":\"https:\/\/blogg.svenskakyrkan.se\/vandravagen\/2013\/03\/22\/vad-sjalvkansla-ar-och-inte-ar\/\"},\"author\":{\"name\":\"Tomas Jarvid\",\"@id\":\"https:\/\/blogg.svenskakyrkan.se\/vandravagen\/#\/schema\/person\/25da02d4f76b137d04291711e2c9fc16\"},\"headline\":\"Vad sj\u00e4lvk\u00e4nsla \u00e4r och inte \u00e4r\",\"datePublished\":\"2013-03-22T08:50:00+00:00\",\"mainEntityOfPage\":{\"@id\":\"https:\/\/blogg.svenskakyrkan.se\/vandravagen\/2013\/03\/22\/vad-sjalvkansla-ar-och-inte-ar\/\"},\"wordCount\":320,\"commentCount\":1,\"publisher\":{\"@id\":\"https:\/\/blogg.svenskakyrkan.se\/vandravagen\/#organization\"},\"image\":{\"@id\":\"https:\/\/blogg.svenskakyrkan.se\/vandravagen\/2013\/03\/22\/vad-sjalvkansla-ar-och-inte-ar\/#primaryimage\"},\"thumbnailUrl\":\"http:\/\/1.bp.blogspot.com\/-Qf_zA_7T7yA\/UAfLskIHUeI\/AAAAAAAAATA\/Ehtbn9nA_Bw\/s400\/P7180070.JPG\",\"articleSection\":[\"vara m\u00e4nniska\"],\"inLanguage\":\"sv-SE\",\"potentialAction\":[{\"@type\":\"CommentAction\",\"name\":\"Comment\",\"target\":[\"https:\/\/blogg.svenskakyrkan.se\/vandravagen\/2013\/03\/22\/vad-sjalvkansla-ar-och-inte-ar\/#respond\"]}]},{\"@type\":\"WebPage\",\"@id\":\"https:\/\/blogg.svenskakyrkan.se\/vandravagen\/2013\/03\/22\/vad-sjalvkansla-ar-och-inte-ar\/\",\"url\":\"https:\/\/blogg.svenskakyrkan.se\/vandravagen\/2013\/03\/22\/vad-sjalvkansla-ar-och-inte-ar\/\",\"name\":\"Vad sj\u00e4lvk\u00e4nsla \u00e4r och inte \u00e4r - Vandra V\u00e4gen\",\"isPartOf\":{\"@id\":\"https:\/\/blogg.svenskakyrkan.se\/vandravagen\/#website\"},\"primaryImageOfPage\":{\"@id\":\"https:\/\/blogg.svenskakyrkan.se\/vandravagen\/2013\/03\/22\/vad-sjalvkansla-ar-och-inte-ar\/#primaryimage\"},\"image\":{\"@id\":\"https:\/\/blogg.svenskakyrkan.se\/vandravagen\/2013\/03\/22\/vad-sjalvkansla-ar-och-inte-ar\/#primaryimage\"},\"thumbnailUrl\":\"http:\/\/1.bp.blogspot.com\/-Qf_zA_7T7yA\/UAfLskIHUeI\/AAAAAAAAATA\/Ehtbn9nA_Bw\/s400\/P7180070.JPG\",\"datePublished\":\"2013-03-22T08:50:00+00:00\",\"breadcrumb\":{\"@id\":\"https:\/\/blogg.svenskakyrkan.se\/vandravagen\/2013\/03\/22\/vad-sjalvkansla-ar-och-inte-ar\/#breadcrumb\"},\"inLanguage\":\"sv-SE\",\"potentialAction\":[{\"@type\":\"ReadAction\",\"target\":[\"https:\/\/blogg.svenskakyrkan.se\/vandravagen\/2013\/03\/22\/vad-sjalvkansla-ar-och-inte-ar\/\"]}]},{\"@type\":\"ImageObject\",\"inLanguage\":\"sv-SE\",\"@id\":\"https:\/\/blogg.svenskakyrkan.se\/vandravagen\/2013\/03\/22\/vad-sjalvkansla-ar-och-inte-ar\/#primaryimage\",\"url\":\"http:\/\/1.bp.blogspot.com\/-Qf_zA_7T7yA\/UAfLskIHUeI\/AAAAAAAAATA\/Ehtbn9nA_Bw\/s400\/P7180070.JPG\",\"contentUrl\":\"http:\/\/1.bp.blogspot.com\/-Qf_zA_7T7yA\/UAfLskIHUeI\/AAAAAAAAATA\/Ehtbn9nA_Bw\/s400\/P7180070.JPG\"},{\"@type\":\"BreadcrumbList\",\"@id\":\"https:\/\/blogg.svenskakyrkan.se\/vandravagen\/2013\/03\/22\/vad-sjalvkansla-ar-och-inte-ar\/#breadcrumb\",\"itemListElement\":[{\"@type\":\"ListItem\",\"position\":1,\"name\":\"Hem\",\"item\":\"https:\/\/blogg.svenskakyrkan.se\/vandravagen\/\"},{\"@type\":\"ListItem\",\"position\":2,\"name\":\"Vad sj\u00e4lvk\u00e4nsla \u00e4r och inte \u00e4r\"}]},{\"@type\":\"WebSite\",\"@id\":\"https:\/\/blogg.svenskakyrkan.se\/vandravagen\/#website\",\"url\":\"https:\/\/blogg.svenskakyrkan.se\/vandravagen\/\",\"name\":\"Vandra V\u00e4gen\",\"description\":\"-Mot en tro f\u00f6r hela livet\",\"publisher\":{\"@id\":\"https:\/\/blogg.svenskakyrkan.se\/vandravagen\/#organization\"},\"potentialAction\":[{\"@type\":\"SearchAction\",\"target\":{\"@type\":\"EntryPoint\",\"urlTemplate\":\"https:\/\/blogg.svenskakyrkan.se\/vandravagen\/?s={search_term_string}\"},\"query-input\":{\"@type\":\"PropertyValueSpecification\",\"valueRequired\":true,\"valueName\":\"search_term_string\"}}],\"inLanguage\":\"sv-SE\"},{\"@type\":\"Organization\",\"@id\":\"https:\/\/blogg.svenskakyrkan.se\/vandravagen\/#organization\",\"name\":\"ulricehamns pastorat\",\"alternateName\":\"ulricehamns pastorat\",\"url\":\"https:\/\/blogg.svenskakyrkan.se\/vandravagen\/\",\"logo\":{\"@type\":\"ImageObject\",\"inLanguage\":\"sv-SE\",\"@id\":\"https:\/\/blogg.svenskakyrkan.se\/vandravagen\/#\/schema\/logo\/image\/\",\"url\":\"https:\/\/blogg.svenskakyrkan.se\/vandravagen\/files\/2023\/05\/Ulr_logo_RGB.png\",\"contentUrl\":\"https:\/\/blogg.svenskakyrkan.se\/vandravagen\/files\/2023\/05\/Ulr_logo_RGB.png\",\"width\":205,\"height\":77,\"caption\":\"ulricehamns pastorat\"},\"image\":{\"@id\":\"https:\/\/blogg.svenskakyrkan.se\/vandravagen\/#\/schema\/logo\/image\/\"},\"sameAs\":[\"http:\/\/facebook.com\/vandravagen\",\"https:\/\/x.com\/fadertomas\",\"http:\/\/www.facebook.com\/svenskakyrkaniulricehamn\"]},{\"@type\":\"Person\",\"@id\":\"https:\/\/blogg.svenskakyrkan.se\/vandravagen\/#\/schema\/person\/25da02d4f76b137d04291711e2c9fc16\",\"name\":\"Tomas Jarvid\",\"image\":{\"@type\":\"ImageObject\",\"inLanguage\":\"sv-SE\",\"@id\":\"https:\/\/blogg.svenskakyrkan.se\/vandravagen\/#\/schema\/person\/image\/\",\"url\":\"https:\/\/secure.gravatar.com\/avatar\/7fa71899795e8f540f615a1f5ab25255dc27aa40f05ee7ddd21aac521e01bf50?s=96&d=identicon&r=g\",\"contentUrl\":\"https:\/\/secure.gravatar.com\/avatar\/7fa71899795e8f540f615a1f5ab25255dc27aa40f05ee7ddd21aac521e01bf50?s=96&d=identicon&r=g\",\"caption\":\"Tomas Jarvid\"},\"description\":\"Jag bor i Ulricehamn i V\u00e4sterg\u00f6tland och \u00e4r f\u00f6rsamlingspr\u00e4st i Svenska Kyrkan f\u00f6r Dalstorps f\u00f6rsamling i Kinds pastorat. P\u00e5 den h\u00e4r bloggen skriver jag ner tankar om vandringen som kristen.\",\"sameAs\":[\"http:\/\/www.vandravagen.se\"],\"url\":\"https:\/\/blogg.svenskakyrkan.se\/vandravagen\/author\/vandravagen\/\"}]}<\/script>\n<!-- \/ Yoast SEO plugin. -->","yoast_head_json":{"title":"Vad sj\u00e4lvk\u00e4nsla \u00e4r och inte \u00e4r - Vandra V\u00e4gen","robots":{"index":"index","follow":"follow","max-snippet":"max-snippet:-1","max-image-preview":"max-image-preview:large","max-video-preview":"max-video-preview:-1"},"canonical":"https:\/\/blogg.svenskakyrkan.se\/vandravagen\/2013\/03\/22\/vad-sjalvkansla-ar-och-inte-ar\/","og_locale":"sv_SE","og_type":"article","og_title":"Vad sj\u00e4lvk\u00e4nsla \u00e4r och inte \u00e4r - Vandra V\u00e4gen","og_description":"H\u00e4r ligger jag och duger\u00a0 N\u00e4r jag \u00e4nd\u00e5 \u00e4r ig\u00e5ng och skriver inl\u00e4gg utifr\u00e5n inneh\u00e5llet i Gordon Neufelds bok vill jag ocks\u00e5 dela med mig av det han skriver om sj\u00e4lvk\u00e4nsla. I reklamens v\u00e4rld h\u00e4nger sj\u00e4lvk\u00e4nsla ofta ihop med yttre attribut. Den som \u00e4r inne och snygg kan k\u00e4nna sig bra och trygg och n\u00f6jd [&hellip;]","og_url":"https:\/\/blogg.svenskakyrkan.se\/vandravagen\/2013\/03\/22\/vad-sjalvkansla-ar-och-inte-ar\/","og_site_name":"Vandra V\u00e4gen","article_publisher":"http:\/\/facebook.com\/vandravagen","article_published_time":"2013-03-22T08:50:00+00:00","og_image":[{"url":"http:\/\/1.bp.blogspot.com\/-Qf_zA_7T7yA\/UAfLskIHUeI\/AAAAAAAAATA\/Ehtbn9nA_Bw\/s400\/P7180070.JPG","type":"","width":"","height":""}],"author":"Tomas Jarvid","twitter_card":"summary_large_image","twitter_creator":"@fadertomas","twitter_site":"@fadertomas","twitter_misc":{"Skriven av":"Tomas Jarvid","Ber\u00e4knad l\u00e4stid":"2 minuter"},"schema":{"@context":"https:\/\/schema.org","@graph":[{"@type":"Article","@id":"https:\/\/blogg.svenskakyrkan.se\/vandravagen\/2013\/03\/22\/vad-sjalvkansla-ar-och-inte-ar\/#article","isPartOf":{"@id":"https:\/\/blogg.svenskakyrkan.se\/vandravagen\/2013\/03\/22\/vad-sjalvkansla-ar-och-inte-ar\/"},"author":{"name":"Tomas Jarvid","@id":"https:\/\/blogg.svenskakyrkan.se\/vandravagen\/#\/schema\/person\/25da02d4f76b137d04291711e2c9fc16"},"headline":"Vad sj\u00e4lvk\u00e4nsla \u00e4r och inte \u00e4r","datePublished":"2013-03-22T08:50:00+00:00","mainEntityOfPage":{"@id":"https:\/\/blogg.svenskakyrkan.se\/vandravagen\/2013\/03\/22\/vad-sjalvkansla-ar-och-inte-ar\/"},"wordCount":320,"commentCount":1,"publisher":{"@id":"https:\/\/blogg.svenskakyrkan.se\/vandravagen\/#organization"},"image":{"@id":"https:\/\/blogg.svenskakyrkan.se\/vandravagen\/2013\/03\/22\/vad-sjalvkansla-ar-och-inte-ar\/#primaryimage"},"thumbnailUrl":"http:\/\/1.bp.blogspot.com\/-Qf_zA_7T7yA\/UAfLskIHUeI\/AAAAAAAAATA\/Ehtbn9nA_Bw\/s400\/P7180070.JPG","articleSection":["vara m\u00e4nniska"],"inLanguage":"sv-SE","potentialAction":[{"@type":"CommentAction","name":"Comment","target":["https:\/\/blogg.svenskakyrkan.se\/vandravagen\/2013\/03\/22\/vad-sjalvkansla-ar-och-inte-ar\/#respond"]}]},{"@type":"WebPage","@id":"https:\/\/blogg.svenskakyrkan.se\/vandravagen\/2013\/03\/22\/vad-sjalvkansla-ar-och-inte-ar\/","url":"https:\/\/blogg.svenskakyrkan.se\/vandravagen\/2013\/03\/22\/vad-sjalvkansla-ar-och-inte-ar\/","name":"Vad sj\u00e4lvk\u00e4nsla \u00e4r och inte \u00e4r - Vandra V\u00e4gen","isPartOf":{"@id":"https:\/\/blogg.svenskakyrkan.se\/vandravagen\/#website"},"primaryImageOfPage":{"@id":"https:\/\/blogg.svenskakyrkan.se\/vandravagen\/2013\/03\/22\/vad-sjalvkansla-ar-och-inte-ar\/#primaryimage"},"image":{"@id":"https:\/\/blogg.svenskakyrkan.se\/vandravagen\/2013\/03\/22\/vad-sjalvkansla-ar-och-inte-ar\/#primaryimage"},"thumbnailUrl":"http:\/\/1.bp.blogspot.com\/-Qf_zA_7T7yA\/UAfLskIHUeI\/AAAAAAAAATA\/Ehtbn9nA_Bw\/s400\/P7180070.JPG","datePublished":"2013-03-22T08:50:00+00:00","breadcrumb":{"@id":"https:\/\/blogg.svenskakyrkan.se\/vandravagen\/2013\/03\/22\/vad-sjalvkansla-ar-och-inte-ar\/#breadcrumb"},"inLanguage":"sv-SE","potentialAction":[{"@type":"ReadAction","target":["https:\/\/blogg.svenskakyrkan.se\/vandravagen\/2013\/03\/22\/vad-sjalvkansla-ar-och-inte-ar\/"]}]},{"@type":"ImageObject","inLanguage":"sv-SE","@id":"https:\/\/blogg.svenskakyrkan.se\/vandravagen\/2013\/03\/22\/vad-sjalvkansla-ar-och-inte-ar\/#primaryimage","url":"http:\/\/1.bp.blogspot.com\/-Qf_zA_7T7yA\/UAfLskIHUeI\/AAAAAAAAATA\/Ehtbn9nA_Bw\/s400\/P7180070.JPG","contentUrl":"http:\/\/1.bp.blogspot.com\/-Qf_zA_7T7yA\/UAfLskIHUeI\/AAAAAAAAATA\/Ehtbn9nA_Bw\/s400\/P7180070.JPG"},{"@type":"BreadcrumbList","@id":"https:\/\/blogg.svenskakyrkan.se\/vandravagen\/2013\/03\/22\/vad-sjalvkansla-ar-och-inte-ar\/#breadcrumb","itemListElement":[{"@type":"ListItem","position":1,"name":"Hem","item":"https:\/\/blogg.svenskakyrkan.se\/vandravagen\/"},{"@type":"ListItem","position":2,"name":"Vad sj\u00e4lvk\u00e4nsla \u00e4r och inte \u00e4r"}]},{"@type":"WebSite","@id":"https:\/\/blogg.svenskakyrkan.se\/vandravagen\/#website","url":"https:\/\/blogg.svenskakyrkan.se\/vandravagen\/","name":"Vandra V\u00e4gen","description":"-Mot en tro f\u00f6r hela livet","publisher":{"@id":"https:\/\/blogg.svenskakyrkan.se\/vandravagen\/#organization"},"potentialAction":[{"@type":"SearchAction","target":{"@type":"EntryPoint","urlTemplate":"https:\/\/blogg.svenskakyrkan.se\/vandravagen\/?s={search_term_string}"},"query-input":{"@type":"PropertyValueSpecification","valueRequired":true,"valueName":"search_term_string"}}],"inLanguage":"sv-SE"},{"@type":"Organization","@id":"https:\/\/blogg.svenskakyrkan.se\/vandravagen\/#organization","name":"ulricehamns pastorat","alternateName":"ulricehamns pastorat","url":"https:\/\/blogg.svenskakyrkan.se\/vandravagen\/","logo":{"@type":"ImageObject","inLanguage":"sv-SE","@id":"https:\/\/blogg.svenskakyrkan.se\/vandravagen\/#\/schema\/logo\/image\/","url":"https:\/\/blogg.svenskakyrkan.se\/vandravagen\/files\/2023\/05\/Ulr_logo_RGB.png","contentUrl":"https:\/\/blogg.svenskakyrkan.se\/vandravagen\/files\/2023\/05\/Ulr_logo_RGB.png","width":205,"height":77,"caption":"ulricehamns pastorat"},"image":{"@id":"https:\/\/blogg.svenskakyrkan.se\/vandravagen\/#\/schema\/logo\/image\/"},"sameAs":["http:\/\/facebook.com\/vandravagen","https:\/\/x.com\/fadertomas","http:\/\/www.facebook.com\/svenskakyrkaniulricehamn"]},{"@type":"Person","@id":"https:\/\/blogg.svenskakyrkan.se\/vandravagen\/#\/schema\/person\/25da02d4f76b137d04291711e2c9fc16","name":"Tomas Jarvid","image":{"@type":"ImageObject","inLanguage":"sv-SE","@id":"https:\/\/blogg.svenskakyrkan.se\/vandravagen\/#\/schema\/person\/image\/","url":"https:\/\/secure.gravatar.com\/avatar\/7fa71899795e8f540f615a1f5ab25255dc27aa40f05ee7ddd21aac521e01bf50?s=96&d=identicon&r=g","contentUrl":"https:\/\/secure.gravatar.com\/avatar\/7fa71899795e8f540f615a1f5ab25255dc27aa40f05ee7ddd21aac521e01bf50?s=96&d=identicon&r=g","caption":"Tomas Jarvid"},"description":"Jag bor i Ulricehamn i V\u00e4sterg\u00f6tland och \u00e4r f\u00f6rsamlingspr\u00e4st i Svenska Kyrkan f\u00f6r Dalstorps f\u00f6rsamling i Kinds pastorat. P\u00e5 den h\u00e4r bloggen skriver jag ner tankar om vandringen som kristen.","sameAs":["http:\/\/www.vandravagen.se"],"url":"https:\/\/blogg.svenskakyrkan.se\/vandravagen\/author\/vandravagen\/"}]}},"author_meta":{"ID":"392","user_nicename":"vandravagen","user_url":"http:\/\/www.vandravagen.se","user_registered":"2014-05-19 05:44:52","display_name":"Tomas Jarvid","first_name":"Tomas","last_name":"Jarvid","avatar":"https:\/\/secure.gravatar.com\/avatar\/7fa71899795e8f540f615a1f5ab25255dc27aa40f05ee7ddd21aac521e01bf50?s=96&d=identicon&r=g"},"featured_image":false,"bloginfo":{"name":"Vandra V\u00e4gen","url":"https:\/\/blogg.svenskakyrkan.se\/vandravagen"},"_links":{"self":[{"href":"https:\/\/blogg.svenskakyrkan.se\/vandravagen\/wp-json\/wp\/v2\/posts\/652","targetHints":{"allow":["GET"]}}],"collection":[{"href":"https:\/\/blogg.svenskakyrkan.se\/vandravagen\/wp-json\/wp\/v2\/posts"}],"about":[{"href":"https:\/\/blogg.svenskakyrkan.se\/vandravagen\/wp-json\/wp\/v2\/types\/post"}],"author":[{"embeddable":true,"href":"https:\/\/blogg.svenskakyrkan.se\/vandravagen\/wp-json\/wp\/v2\/users\/392"}],"replies":[{"embeddable":true,"href":"https:\/\/blogg.svenskakyrkan.se\/vandravagen\/wp-json\/wp\/v2\/comments?post=652"}],"version-history":[{"count":0,"href":"https:\/\/blogg.svenskakyrkan.se\/vandravagen\/wp-json\/wp\/v2\/posts\/652\/revisions"}],"wp:attachment":[{"href":"https:\/\/blogg.svenskakyrkan.se\/vandravagen\/wp-json\/wp\/v2\/media?parent=652"}],"wp:term":[{"taxonomy":"category","embeddable":true,"href":"https:\/\/blogg.svenskakyrkan.se\/vandravagen\/wp-json\/wp\/v2\/categories?post=652"},{"taxonomy":"post_tag","embeddable":true,"href":"https:\/\/blogg.svenskakyrkan.se\/vandravagen\/wp-json\/wp\/v2\/tags?post=652"}],"curies":[{"name":"wp","href":"https:\/\/api.w.org\/{rel}","templated":true}]}}