{"id":653,"date":"2013-03-21T11:04:00","date_gmt":"2013-03-21T10:04:00","guid":{"rendered":"http:\/\/blogg.svenskakyrkan.se\/vandravagen\/2013\/03\/21\/jamnarigorientering-det-ar-farliga-grejer\/"},"modified":"2013-03-21T11:04:00","modified_gmt":"2013-03-21T10:04:00","slug":"jamnarigorientering-det-ar-farliga-grejer","status":"publish","type":"post","link":"https:\/\/blogg.svenskakyrkan.se\/vandravagen\/2013\/03\/21\/jamnarigorientering-det-ar-farliga-grejer\/","title":{"rendered":"&quot;J\u00e4mn\u00e5rigorientering&quot;, det \u00e4r farliga grejer!"},"content":{"rendered":"<table align=\"center\" cellpadding=\"0\" cellspacing=\"0\">\n<tbody>\n<tr>\n<td><a href=\"http:\/\/4.bp.blogspot.com\/-vBbpQs8V--w\/T0U9XS547iI\/AAAAAAAAAFQ\/M2rCt23E6Cw\/s1600\/IMG_0450.JPG\"><img loading=\"lazy\" decoding=\"async\" border=\"0\" height=\"300\" src=\"http:\/\/4.bp.blogspot.com\/-vBbpQs8V--w\/T0U9XS547iI\/AAAAAAAAAFQ\/M2rCt23E6Cw\/s400\/IMG_0450.JPG\" width=\"400\"><\/a><\/td>\n<\/tr>\n<tr>\n<td>Barn som har roligt ihop.\u00a0<\/td>\n<\/tr>\n<\/tbody>\n<\/table>\n<p>Jag skrev nyligen om <a href=\"http:\/\/www.vandravagen.se\/2013\/03\/vaga-ta-plats-i-ditt-barns-liv-sager.html\">Gordon Neufelds bok om anknytning och barnuppfostran<\/a>. Sj\u00e4lva huvud\u00e4mnet f\u00f6r boken fanns det bara plats att n\u00e4mna i f\u00f6rbig\u00e5ende s\u00e5 h\u00e4r kommer forts\u00e4ttningen. \u00c4mnet f\u00f6r dagen \u00e4r &#8221;j\u00e4mn\u00e5rigorientering&#8221;, anledningen till v\u00e4ldigt m\u00e5nga problem bland unga idag. Det som f\u00f6ljer \u00e5terger i korthet Neufelds resonemang. L\u00e4s boken f\u00f6r en mer grundlig och korrekt genomg\u00e5ng. Det h\u00e4r blir bara skum p\u00e5 ytan s\u00e5 det \u00e4r m\u00f6jligt att mycket l\u00e5ter konstigt i denna kortfattade form.<\/p>\n<p>Som jag skrivit tidigare (<a href=\"http:\/\/www.vandravagen.se\/2013\/02\/ordet-anknytning-en-riktig-ogonoppnare.html\">om begreppet anknytning<\/a>) s\u00e5 knyter alla barn an psykiskt till sina f\u00f6r\u00e4ldrar eller andra v\u00e5rdnadshavare som en ren \u00f6verlevnadsdrift. Det tar ju m\u00e5nga \u00e5r innan vi m\u00e4nniskor klarar att st\u00e5 p\u00e5 egna ben b\u00e5de psykiskt och socialt. Det \u00e4r till och med s\u00e5 att det \u00e4r i samspelet med k\u00e4rleksfulla vuxna vi v\u00e4xer och mognar. Vi <i>orienterar oss<\/i> i livet utifr\u00e5n vad vi l\u00e4r oss av de som har hand om oss. F\u00e5r v\u00e5r anknytning f\u00e4ste hos n\u00e5gon p\u00e5litlig st\u00e4ller vi om fr\u00e5n att bara s\u00f6ka anknytning till att utforska och v\u00e4xa men om orienteringspersonen f\u00f6rsvinner avbryts \u00e5terigen alla andra processer \u00e4n s\u00f6kandet efter en trygg anknytning.<\/p>\n<p>Vad h\u00e4nder d\u00e5 om barnet pl\u00f6tsligt blir \u00f6vergivet? Det l\u00e5ter v\u00e4l dramatiskt men faktum \u00e4r att just det h\u00e4nder p\u00e5 m\u00e5nga s\u00e4tt i barns liv, oftast bara tillf\u00e4lligt. Det kan ske i samband med en jobbig skilsm\u00e4ssa eller om en f\u00f6r\u00e4lder \u00e4r sjuk s\u00e5 att ingen (tillf\u00e4lligt) orkar med att ta hand om barnet. Det sker ocks\u00e5 i miniatyr n\u00e4r barnet hamnar i nya situationer d\u00e4r det inte vet vem det ska s\u00f6ka skydd hos (som till exempel en ny skolklass, d\u00e4r den uppgiften rimligtvis b\u00f6r vara l\u00e4rarens). F\u00f6r det barn som hamnar i ett s\u00e5dant anknytningstomrum blir det otroligt angel\u00e4get att hitta n\u00e5gon att knyta an till och om det inte finns n\u00e5gon vuxen till hands blir det j\u00e4mn\u00e5riga som f\u00e5r fylla den funktionen.<\/p>\n<p>En vuxen m\u00e5 vara bristf\u00e4llig som f\u00f6r\u00e4lder p\u00e5 m\u00e5nga s\u00e4tt men brukar \u00e4nd\u00e5 lyckas r\u00e4tt bra med att ge barn villkorsl\u00f6s k\u00e4rlek och se till att dess behov blir fyllda. Det kan inte andra barn. De \u00e4r fortfarande helt upptagna av sig sj\u00e4lva. Ist\u00e4llet knyter barn an till varandra genom att undertrycka sin egen personlighet f\u00f6r att passa in till varje pris.<\/p>\n<p>V\u00e4rt att g\u00f6ra det klart och tydligt. Det \u00e4r roligt och bra f\u00f6r barn att ha lekkamrater och kompisar. Det h\u00e4r handlar om att barn inte kan fylla samma funktion f\u00f6r andra barn som vuxna kan och ska g\u00f6ra.<\/p>\n<p>N\u00e4r v\u00e4l j\u00e4mn\u00e5rigorienteringen f\u00e5tt f\u00e4ste upptar den snart det mesta av barnets energi. P\u00e5 grund av anknytningsmekanismens natur blir barnen dessutom alltmer avst\u00e5ndstagande gentemot f\u00f6r\u00e4ldrarna som uppfattas som konkurrenter.<\/p>\n<p>Eftersom andra barn inte kan ge den k\u00e4rlek barn beh\u00f6ver kommer barnen ocks\u00e5 att skydda sina \u00f6mt\u00e5liga sidor, k\u00e4nslor och tankar efter b\u00e4sta f\u00f6rm\u00e5ga med psykologiska f\u00f6rsvar. Det leder i l\u00e4ngden till att barnen eller ungdomarna blir k\u00e4nslom\u00e4ssigt avst\u00e4ngda f\u00f6r att fly sm\u00e4rtan i en h\u00e5rd ungdomskultur.<\/p>\n<p>Vad kan man g\u00f6ra \u00e5t det h\u00e4r?<\/p>\n<p>Neufeld skriver att det viktigaste \u00e4r att f\u00f6rebygga och minska risken f\u00f6r j\u00e4mn\u00e5rigorientering genom att v\u00e4rna kontakten med sina barn och utveckla rutiner d\u00e4r man umg\u00e5s i familjen. Det \u00e4r ett misstag att dra sig tillbaka som f\u00f6r\u00e4lder f\u00f6r tidigt vilket ofta sker. I sj\u00e4lva verket ska en f\u00f6r\u00e4lder inte dra sig tillbaka \u00f6ver huvud taget, det \u00e4r barnet som ska s\u00f6ka sig ut i v\u00e4rlden n\u00e4r det \u00e4r redo (och det \u00e4r man inte f\u00f6rr\u00e4n sent i ton\u00e5ren eller s\u00e5).<\/p>\n<p>Om skadan redan \u00e4r skedd m\u00e5ste man str\u00e4va efter att vinna tillbaka sitt barn hj\u00e4rta. Ofta \u00e4r barnet d\u00e5 v\u00e4ldigt oregerligt och som f\u00f6r\u00e4lder \u00e4r man i full f\u00e4rd med att f\u00f6rs\u00f6ka h\u00e5lla efter negativa beteenden. N\u00e4r barnet knyter an genom j\u00e4mn\u00e5rigorientering b\u00f6rjar det n\u00e4mligen se vuxna med stor misst\u00e4nksamhet. I det h\u00e4r l\u00e4get \u00e4r dock relationen viktigast av allt, att skapa situationer d\u00e5 man umg\u00e5s p\u00e5 tu man hand och erbjuder (tyst) sin uppm\u00e4rksamhet och omsorg. Man m\u00e5ste samtidigt begr\u00e4nsa tillg\u00e5ngen barnet har till de andra barn som blivit ens konkurrenter. Det d\u00e4r \u00e4r sv\u00e5rt s\u00e5 l\u00e4s g\u00e4rna i boken f\u00f6r utf\u00f6rlig ledning.<\/p>\n<p>F\u00f6r var och en som har barn \u00e4r det framf\u00f6rallt viktigt att komma ih\u00e5g att barn beh\u00f6ver f\u00f6r\u00e4ldrar s\u00e5 mycket mer \u00e4n de beh\u00f6ver kompisar. Det \u00e4r roligt med kompisar men det \u00e4r med vuxna barn utvecklas. N\u00e4r vi \u00e4r i en trygg anknytning baserad p\u00e5 villkorsl\u00f6s k\u00e4rlek utvecklas v\u00e5r egen vilja och personlighet (ist\u00e4llet f\u00f6r en \u00e4ngslig str\u00e4van att passa in), vi l\u00e4r oss moral och sociala f\u00e4rdigheter. Allt utg\u00e5r fr\u00e5n detta vilket antyder att v\u00e5r kultur \u00f6verdriver enormt i fr\u00e5ga om barns behov av j\u00e4mn\u00e5rigt umg\u00e4nge.<\/p>\n<p>Vad s\u00e4gs om det h\u00e4r? Visst g\u00e5r det emot mycket av hur tankebanorna g\u00e5r i v\u00e5r kultur?<\/p><\/p>\n","protected":false},"excerpt":{"rendered":"<p>Barn som har roligt ihop.\u00a0 Jag skrev nyligen om Gordon Neufelds bok om anknytning och barnuppfostran. Sj\u00e4lva huvud\u00e4mnet f\u00f6r boken fanns det bara plats att n\u00e4mna i f\u00f6rbig\u00e5ende s\u00e5 h\u00e4r kommer forts\u00e4ttningen. \u00c4mnet f\u00f6r dagen \u00e4r &#8221;j\u00e4mn\u00e5rigorientering&#8221;, anledningen till v\u00e4ldigt m\u00e5nga problem bland unga idag. Det som f\u00f6ljer \u00e5terger i korthet Neufelds resonemang. L\u00e4s boken [&hellip;]<\/p>\n","protected":false},"author":392,"featured_media":0,"comment_status":"open","ping_status":"open","sticky":false,"template":"","format":"standard","meta":{"_acf_changed":false,"footnotes":""},"categories":[77554],"tags":[],"class_list":["post-653","post","type-post","status-publish","format-standard","hentry","category-vara-manniska"],"acf":[],"yoast_head":"<!-- This site is optimized with the Yoast SEO plugin v27.1.1 - https:\/\/yoast.com\/product\/yoast-seo-wordpress\/ -->\n<title>&quot;J\u00e4mn\u00e5rigorientering&quot;, det \u00e4r farliga grejer! - Vandra V\u00e4gen<\/title>\n<meta name=\"robots\" content=\"index, follow, max-snippet:-1, max-image-preview:large, max-video-preview:-1\" \/>\n<link rel=\"canonical\" href=\"https:\/\/blogg.svenskakyrkan.se\/vandravagen\/2013\/03\/21\/jamnarigorientering-det-ar-farliga-grejer\/\" \/>\n<meta property=\"og:locale\" content=\"sv_SE\" \/>\n<meta property=\"og:type\" content=\"article\" \/>\n<meta property=\"og:title\" content=\"&quot;J\u00e4mn\u00e5rigorientering&quot;, det \u00e4r farliga grejer! - Vandra V\u00e4gen\" \/>\n<meta property=\"og:description\" content=\"Barn som har roligt ihop.\u00a0 Jag skrev nyligen om Gordon Neufelds bok om anknytning och barnuppfostran. Sj\u00e4lva huvud\u00e4mnet f\u00f6r boken fanns det bara plats att n\u00e4mna i f\u00f6rbig\u00e5ende s\u00e5 h\u00e4r kommer forts\u00e4ttningen. \u00c4mnet f\u00f6r dagen \u00e4r &#8221;j\u00e4mn\u00e5rigorientering&#8221;, anledningen till v\u00e4ldigt m\u00e5nga problem bland unga idag. Det som f\u00f6ljer \u00e5terger i korthet Neufelds resonemang. L\u00e4s boken [&hellip;]\" \/>\n<meta property=\"og:url\" content=\"https:\/\/blogg.svenskakyrkan.se\/vandravagen\/2013\/03\/21\/jamnarigorientering-det-ar-farliga-grejer\/\" \/>\n<meta property=\"og:site_name\" content=\"Vandra V\u00e4gen\" \/>\n<meta property=\"article:publisher\" content=\"http:\/\/facebook.com\/vandravagen\" \/>\n<meta property=\"article:published_time\" content=\"2013-03-21T10:04:00+00:00\" \/>\n<meta property=\"og:image\" content=\"http:\/\/4.bp.blogspot.com\/-vBbpQs8V--w\/T0U9XS547iI\/AAAAAAAAAFQ\/M2rCt23E6Cw\/s400\/IMG_0450.JPG\" \/>\n<meta name=\"author\" content=\"Tomas Jarvid\" \/>\n<meta name=\"twitter:card\" content=\"summary_large_image\" \/>\n<meta name=\"twitter:creator\" content=\"@fadertomas\" \/>\n<meta name=\"twitter:site\" content=\"@fadertomas\" \/>\n<meta name=\"twitter:label1\" content=\"Skriven av\" \/>\n\t<meta name=\"twitter:data1\" content=\"Tomas Jarvid\" \/>\n\t<meta name=\"twitter:label2\" content=\"Ber\u00e4knad l\u00e4stid\" \/>\n\t<meta name=\"twitter:data2\" content=\"5 minuter\" \/>\n<script type=\"application\/ld+json\" class=\"yoast-schema-graph\">{\"@context\":\"https:\/\/schema.org\",\"@graph\":[{\"@type\":\"Article\",\"@id\":\"https:\/\/blogg.svenskakyrkan.se\/vandravagen\/2013\/03\/21\/jamnarigorientering-det-ar-farliga-grejer\/#article\",\"isPartOf\":{\"@id\":\"https:\/\/blogg.svenskakyrkan.se\/vandravagen\/2013\/03\/21\/jamnarigorientering-det-ar-farliga-grejer\/\"},\"author\":{\"name\":\"Tomas Jarvid\",\"@id\":\"https:\/\/blogg.svenskakyrkan.se\/vandravagen\/#\/schema\/person\/25da02d4f76b137d04291711e2c9fc16\"},\"headline\":\"&quot;J\u00e4mn\u00e5rigorientering&quot;, det \u00e4r farliga grejer!\",\"datePublished\":\"2013-03-21T10:04:00+00:00\",\"mainEntityOfPage\":{\"@id\":\"https:\/\/blogg.svenskakyrkan.se\/vandravagen\/2013\/03\/21\/jamnarigorientering-det-ar-farliga-grejer\/\"},\"wordCount\":986,\"commentCount\":2,\"publisher\":{\"@id\":\"https:\/\/blogg.svenskakyrkan.se\/vandravagen\/#organization\"},\"image\":{\"@id\":\"https:\/\/blogg.svenskakyrkan.se\/vandravagen\/2013\/03\/21\/jamnarigorientering-det-ar-farliga-grejer\/#primaryimage\"},\"thumbnailUrl\":\"http:\/\/4.bp.blogspot.com\/-vBbpQs8V--w\/T0U9XS547iI\/AAAAAAAAAFQ\/M2rCt23E6Cw\/s400\/IMG_0450.JPG\",\"articleSection\":[\"vara m\u00e4nniska\"],\"inLanguage\":\"sv-SE\",\"potentialAction\":[{\"@type\":\"CommentAction\",\"name\":\"Comment\",\"target\":[\"https:\/\/blogg.svenskakyrkan.se\/vandravagen\/2013\/03\/21\/jamnarigorientering-det-ar-farliga-grejer\/#respond\"]}]},{\"@type\":\"WebPage\",\"@id\":\"https:\/\/blogg.svenskakyrkan.se\/vandravagen\/2013\/03\/21\/jamnarigorientering-det-ar-farliga-grejer\/\",\"url\":\"https:\/\/blogg.svenskakyrkan.se\/vandravagen\/2013\/03\/21\/jamnarigorientering-det-ar-farliga-grejer\/\",\"name\":\"&quot;J\u00e4mn\u00e5rigorientering&quot;, det \u00e4r farliga grejer! - Vandra V\u00e4gen\",\"isPartOf\":{\"@id\":\"https:\/\/blogg.svenskakyrkan.se\/vandravagen\/#website\"},\"primaryImageOfPage\":{\"@id\":\"https:\/\/blogg.svenskakyrkan.se\/vandravagen\/2013\/03\/21\/jamnarigorientering-det-ar-farliga-grejer\/#primaryimage\"},\"image\":{\"@id\":\"https:\/\/blogg.svenskakyrkan.se\/vandravagen\/2013\/03\/21\/jamnarigorientering-det-ar-farliga-grejer\/#primaryimage\"},\"thumbnailUrl\":\"http:\/\/4.bp.blogspot.com\/-vBbpQs8V--w\/T0U9XS547iI\/AAAAAAAAAFQ\/M2rCt23E6Cw\/s400\/IMG_0450.JPG\",\"datePublished\":\"2013-03-21T10:04:00+00:00\",\"breadcrumb\":{\"@id\":\"https:\/\/blogg.svenskakyrkan.se\/vandravagen\/2013\/03\/21\/jamnarigorientering-det-ar-farliga-grejer\/#breadcrumb\"},\"inLanguage\":\"sv-SE\",\"potentialAction\":[{\"@type\":\"ReadAction\",\"target\":[\"https:\/\/blogg.svenskakyrkan.se\/vandravagen\/2013\/03\/21\/jamnarigorientering-det-ar-farliga-grejer\/\"]}]},{\"@type\":\"ImageObject\",\"inLanguage\":\"sv-SE\",\"@id\":\"https:\/\/blogg.svenskakyrkan.se\/vandravagen\/2013\/03\/21\/jamnarigorientering-det-ar-farliga-grejer\/#primaryimage\",\"url\":\"http:\/\/4.bp.blogspot.com\/-vBbpQs8V--w\/T0U9XS547iI\/AAAAAAAAAFQ\/M2rCt23E6Cw\/s400\/IMG_0450.JPG\",\"contentUrl\":\"http:\/\/4.bp.blogspot.com\/-vBbpQs8V--w\/T0U9XS547iI\/AAAAAAAAAFQ\/M2rCt23E6Cw\/s400\/IMG_0450.JPG\"},{\"@type\":\"BreadcrumbList\",\"@id\":\"https:\/\/blogg.svenskakyrkan.se\/vandravagen\/2013\/03\/21\/jamnarigorientering-det-ar-farliga-grejer\/#breadcrumb\",\"itemListElement\":[{\"@type\":\"ListItem\",\"position\":1,\"name\":\"Hem\",\"item\":\"https:\/\/blogg.svenskakyrkan.se\/vandravagen\/\"},{\"@type\":\"ListItem\",\"position\":2,\"name\":\"&quot;J\u00e4mn\u00e5rigorientering&quot;, det \u00e4r farliga grejer!\"}]},{\"@type\":\"WebSite\",\"@id\":\"https:\/\/blogg.svenskakyrkan.se\/vandravagen\/#website\",\"url\":\"https:\/\/blogg.svenskakyrkan.se\/vandravagen\/\",\"name\":\"Vandra V\u00e4gen\",\"description\":\"-Mot en tro f\u00f6r hela livet\",\"publisher\":{\"@id\":\"https:\/\/blogg.svenskakyrkan.se\/vandravagen\/#organization\"},\"potentialAction\":[{\"@type\":\"SearchAction\",\"target\":{\"@type\":\"EntryPoint\",\"urlTemplate\":\"https:\/\/blogg.svenskakyrkan.se\/vandravagen\/?s={search_term_string}\"},\"query-input\":{\"@type\":\"PropertyValueSpecification\",\"valueRequired\":true,\"valueName\":\"search_term_string\"}}],\"inLanguage\":\"sv-SE\"},{\"@type\":\"Organization\",\"@id\":\"https:\/\/blogg.svenskakyrkan.se\/vandravagen\/#organization\",\"name\":\"ulricehamns pastorat\",\"alternateName\":\"ulricehamns pastorat\",\"url\":\"https:\/\/blogg.svenskakyrkan.se\/vandravagen\/\",\"logo\":{\"@type\":\"ImageObject\",\"inLanguage\":\"sv-SE\",\"@id\":\"https:\/\/blogg.svenskakyrkan.se\/vandravagen\/#\/schema\/logo\/image\/\",\"url\":\"https:\/\/blogg.svenskakyrkan.se\/vandravagen\/files\/2023\/05\/Ulr_logo_RGB.png\",\"contentUrl\":\"https:\/\/blogg.svenskakyrkan.se\/vandravagen\/files\/2023\/05\/Ulr_logo_RGB.png\",\"width\":205,\"height\":77,\"caption\":\"ulricehamns pastorat\"},\"image\":{\"@id\":\"https:\/\/blogg.svenskakyrkan.se\/vandravagen\/#\/schema\/logo\/image\/\"},\"sameAs\":[\"http:\/\/facebook.com\/vandravagen\",\"https:\/\/x.com\/fadertomas\",\"http:\/\/www.facebook.com\/svenskakyrkaniulricehamn\"]},{\"@type\":\"Person\",\"@id\":\"https:\/\/blogg.svenskakyrkan.se\/vandravagen\/#\/schema\/person\/25da02d4f76b137d04291711e2c9fc16\",\"name\":\"Tomas Jarvid\",\"image\":{\"@type\":\"ImageObject\",\"inLanguage\":\"sv-SE\",\"@id\":\"https:\/\/blogg.svenskakyrkan.se\/vandravagen\/#\/schema\/person\/image\/\",\"url\":\"https:\/\/secure.gravatar.com\/avatar\/7fa71899795e8f540f615a1f5ab25255dc27aa40f05ee7ddd21aac521e01bf50?s=96&d=identicon&r=g\",\"contentUrl\":\"https:\/\/secure.gravatar.com\/avatar\/7fa71899795e8f540f615a1f5ab25255dc27aa40f05ee7ddd21aac521e01bf50?s=96&d=identicon&r=g\",\"caption\":\"Tomas Jarvid\"},\"description\":\"Jag bor i Ulricehamn i V\u00e4sterg\u00f6tland och \u00e4r f\u00f6rsamlingspr\u00e4st i Svenska Kyrkan f\u00f6r Dalstorps f\u00f6rsamling i Kinds pastorat. P\u00e5 den h\u00e4r bloggen skriver jag ner tankar om vandringen som kristen.\",\"sameAs\":[\"http:\/\/www.vandravagen.se\"],\"url\":\"https:\/\/blogg.svenskakyrkan.se\/vandravagen\/author\/vandravagen\/\"}]}<\/script>\n<!-- \/ Yoast SEO plugin. -->","yoast_head_json":{"title":"&quot;J\u00e4mn\u00e5rigorientering&quot;, det \u00e4r farliga grejer! - Vandra V\u00e4gen","robots":{"index":"index","follow":"follow","max-snippet":"max-snippet:-1","max-image-preview":"max-image-preview:large","max-video-preview":"max-video-preview:-1"},"canonical":"https:\/\/blogg.svenskakyrkan.se\/vandravagen\/2013\/03\/21\/jamnarigorientering-det-ar-farliga-grejer\/","og_locale":"sv_SE","og_type":"article","og_title":"&quot;J\u00e4mn\u00e5rigorientering&quot;, det \u00e4r farliga grejer! - Vandra V\u00e4gen","og_description":"Barn som har roligt ihop.\u00a0 Jag skrev nyligen om Gordon Neufelds bok om anknytning och barnuppfostran. Sj\u00e4lva huvud\u00e4mnet f\u00f6r boken fanns det bara plats att n\u00e4mna i f\u00f6rbig\u00e5ende s\u00e5 h\u00e4r kommer forts\u00e4ttningen. \u00c4mnet f\u00f6r dagen \u00e4r &#8221;j\u00e4mn\u00e5rigorientering&#8221;, anledningen till v\u00e4ldigt m\u00e5nga problem bland unga idag. Det som f\u00f6ljer \u00e5terger i korthet Neufelds resonemang. L\u00e4s boken [&hellip;]","og_url":"https:\/\/blogg.svenskakyrkan.se\/vandravagen\/2013\/03\/21\/jamnarigorientering-det-ar-farliga-grejer\/","og_site_name":"Vandra V\u00e4gen","article_publisher":"http:\/\/facebook.com\/vandravagen","article_published_time":"2013-03-21T10:04:00+00:00","og_image":[{"url":"http:\/\/4.bp.blogspot.com\/-vBbpQs8V--w\/T0U9XS547iI\/AAAAAAAAAFQ\/M2rCt23E6Cw\/s400\/IMG_0450.JPG","type":"","width":"","height":""}],"author":"Tomas Jarvid","twitter_card":"summary_large_image","twitter_creator":"@fadertomas","twitter_site":"@fadertomas","twitter_misc":{"Skriven av":"Tomas Jarvid","Ber\u00e4knad l\u00e4stid":"5 minuter"},"schema":{"@context":"https:\/\/schema.org","@graph":[{"@type":"Article","@id":"https:\/\/blogg.svenskakyrkan.se\/vandravagen\/2013\/03\/21\/jamnarigorientering-det-ar-farliga-grejer\/#article","isPartOf":{"@id":"https:\/\/blogg.svenskakyrkan.se\/vandravagen\/2013\/03\/21\/jamnarigorientering-det-ar-farliga-grejer\/"},"author":{"name":"Tomas Jarvid","@id":"https:\/\/blogg.svenskakyrkan.se\/vandravagen\/#\/schema\/person\/25da02d4f76b137d04291711e2c9fc16"},"headline":"&quot;J\u00e4mn\u00e5rigorientering&quot;, det \u00e4r farliga grejer!","datePublished":"2013-03-21T10:04:00+00:00","mainEntityOfPage":{"@id":"https:\/\/blogg.svenskakyrkan.se\/vandravagen\/2013\/03\/21\/jamnarigorientering-det-ar-farliga-grejer\/"},"wordCount":986,"commentCount":2,"publisher":{"@id":"https:\/\/blogg.svenskakyrkan.se\/vandravagen\/#organization"},"image":{"@id":"https:\/\/blogg.svenskakyrkan.se\/vandravagen\/2013\/03\/21\/jamnarigorientering-det-ar-farliga-grejer\/#primaryimage"},"thumbnailUrl":"http:\/\/4.bp.blogspot.com\/-vBbpQs8V--w\/T0U9XS547iI\/AAAAAAAAAFQ\/M2rCt23E6Cw\/s400\/IMG_0450.JPG","articleSection":["vara m\u00e4nniska"],"inLanguage":"sv-SE","potentialAction":[{"@type":"CommentAction","name":"Comment","target":["https:\/\/blogg.svenskakyrkan.se\/vandravagen\/2013\/03\/21\/jamnarigorientering-det-ar-farliga-grejer\/#respond"]}]},{"@type":"WebPage","@id":"https:\/\/blogg.svenskakyrkan.se\/vandravagen\/2013\/03\/21\/jamnarigorientering-det-ar-farliga-grejer\/","url":"https:\/\/blogg.svenskakyrkan.se\/vandravagen\/2013\/03\/21\/jamnarigorientering-det-ar-farliga-grejer\/","name":"&quot;J\u00e4mn\u00e5rigorientering&quot;, det \u00e4r farliga grejer! - Vandra V\u00e4gen","isPartOf":{"@id":"https:\/\/blogg.svenskakyrkan.se\/vandravagen\/#website"},"primaryImageOfPage":{"@id":"https:\/\/blogg.svenskakyrkan.se\/vandravagen\/2013\/03\/21\/jamnarigorientering-det-ar-farliga-grejer\/#primaryimage"},"image":{"@id":"https:\/\/blogg.svenskakyrkan.se\/vandravagen\/2013\/03\/21\/jamnarigorientering-det-ar-farliga-grejer\/#primaryimage"},"thumbnailUrl":"http:\/\/4.bp.blogspot.com\/-vBbpQs8V--w\/T0U9XS547iI\/AAAAAAAAAFQ\/M2rCt23E6Cw\/s400\/IMG_0450.JPG","datePublished":"2013-03-21T10:04:00+00:00","breadcrumb":{"@id":"https:\/\/blogg.svenskakyrkan.se\/vandravagen\/2013\/03\/21\/jamnarigorientering-det-ar-farliga-grejer\/#breadcrumb"},"inLanguage":"sv-SE","potentialAction":[{"@type":"ReadAction","target":["https:\/\/blogg.svenskakyrkan.se\/vandravagen\/2013\/03\/21\/jamnarigorientering-det-ar-farliga-grejer\/"]}]},{"@type":"ImageObject","inLanguage":"sv-SE","@id":"https:\/\/blogg.svenskakyrkan.se\/vandravagen\/2013\/03\/21\/jamnarigorientering-det-ar-farliga-grejer\/#primaryimage","url":"http:\/\/4.bp.blogspot.com\/-vBbpQs8V--w\/T0U9XS547iI\/AAAAAAAAAFQ\/M2rCt23E6Cw\/s400\/IMG_0450.JPG","contentUrl":"http:\/\/4.bp.blogspot.com\/-vBbpQs8V--w\/T0U9XS547iI\/AAAAAAAAAFQ\/M2rCt23E6Cw\/s400\/IMG_0450.JPG"},{"@type":"BreadcrumbList","@id":"https:\/\/blogg.svenskakyrkan.se\/vandravagen\/2013\/03\/21\/jamnarigorientering-det-ar-farliga-grejer\/#breadcrumb","itemListElement":[{"@type":"ListItem","position":1,"name":"Hem","item":"https:\/\/blogg.svenskakyrkan.se\/vandravagen\/"},{"@type":"ListItem","position":2,"name":"&quot;J\u00e4mn\u00e5rigorientering&quot;, det \u00e4r farliga grejer!"}]},{"@type":"WebSite","@id":"https:\/\/blogg.svenskakyrkan.se\/vandravagen\/#website","url":"https:\/\/blogg.svenskakyrkan.se\/vandravagen\/","name":"Vandra V\u00e4gen","description":"-Mot en tro f\u00f6r hela livet","publisher":{"@id":"https:\/\/blogg.svenskakyrkan.se\/vandravagen\/#organization"},"potentialAction":[{"@type":"SearchAction","target":{"@type":"EntryPoint","urlTemplate":"https:\/\/blogg.svenskakyrkan.se\/vandravagen\/?s={search_term_string}"},"query-input":{"@type":"PropertyValueSpecification","valueRequired":true,"valueName":"search_term_string"}}],"inLanguage":"sv-SE"},{"@type":"Organization","@id":"https:\/\/blogg.svenskakyrkan.se\/vandravagen\/#organization","name":"ulricehamns pastorat","alternateName":"ulricehamns pastorat","url":"https:\/\/blogg.svenskakyrkan.se\/vandravagen\/","logo":{"@type":"ImageObject","inLanguage":"sv-SE","@id":"https:\/\/blogg.svenskakyrkan.se\/vandravagen\/#\/schema\/logo\/image\/","url":"https:\/\/blogg.svenskakyrkan.se\/vandravagen\/files\/2023\/05\/Ulr_logo_RGB.png","contentUrl":"https:\/\/blogg.svenskakyrkan.se\/vandravagen\/files\/2023\/05\/Ulr_logo_RGB.png","width":205,"height":77,"caption":"ulricehamns pastorat"},"image":{"@id":"https:\/\/blogg.svenskakyrkan.se\/vandravagen\/#\/schema\/logo\/image\/"},"sameAs":["http:\/\/facebook.com\/vandravagen","https:\/\/x.com\/fadertomas","http:\/\/www.facebook.com\/svenskakyrkaniulricehamn"]},{"@type":"Person","@id":"https:\/\/blogg.svenskakyrkan.se\/vandravagen\/#\/schema\/person\/25da02d4f76b137d04291711e2c9fc16","name":"Tomas Jarvid","image":{"@type":"ImageObject","inLanguage":"sv-SE","@id":"https:\/\/blogg.svenskakyrkan.se\/vandravagen\/#\/schema\/person\/image\/","url":"https:\/\/secure.gravatar.com\/avatar\/7fa71899795e8f540f615a1f5ab25255dc27aa40f05ee7ddd21aac521e01bf50?s=96&d=identicon&r=g","contentUrl":"https:\/\/secure.gravatar.com\/avatar\/7fa71899795e8f540f615a1f5ab25255dc27aa40f05ee7ddd21aac521e01bf50?s=96&d=identicon&r=g","caption":"Tomas Jarvid"},"description":"Jag bor i Ulricehamn i V\u00e4sterg\u00f6tland och \u00e4r f\u00f6rsamlingspr\u00e4st i Svenska Kyrkan f\u00f6r Dalstorps f\u00f6rsamling i Kinds pastorat. P\u00e5 den h\u00e4r bloggen skriver jag ner tankar om vandringen som kristen.","sameAs":["http:\/\/www.vandravagen.se"],"url":"https:\/\/blogg.svenskakyrkan.se\/vandravagen\/author\/vandravagen\/"}]}},"author_meta":{"ID":"392","user_nicename":"vandravagen","user_url":"http:\/\/www.vandravagen.se","user_registered":"2014-05-19 05:44:52","display_name":"Tomas Jarvid","first_name":"Tomas","last_name":"Jarvid","avatar":"https:\/\/secure.gravatar.com\/avatar\/7fa71899795e8f540f615a1f5ab25255dc27aa40f05ee7ddd21aac521e01bf50?s=96&d=identicon&r=g"},"featured_image":false,"bloginfo":{"name":"Vandra V\u00e4gen","url":"https:\/\/blogg.svenskakyrkan.se\/vandravagen"},"_links":{"self":[{"href":"https:\/\/blogg.svenskakyrkan.se\/vandravagen\/wp-json\/wp\/v2\/posts\/653","targetHints":{"allow":["GET"]}}],"collection":[{"href":"https:\/\/blogg.svenskakyrkan.se\/vandravagen\/wp-json\/wp\/v2\/posts"}],"about":[{"href":"https:\/\/blogg.svenskakyrkan.se\/vandravagen\/wp-json\/wp\/v2\/types\/post"}],"author":[{"embeddable":true,"href":"https:\/\/blogg.svenskakyrkan.se\/vandravagen\/wp-json\/wp\/v2\/users\/392"}],"replies":[{"embeddable":true,"href":"https:\/\/blogg.svenskakyrkan.se\/vandravagen\/wp-json\/wp\/v2\/comments?post=653"}],"version-history":[{"count":0,"href":"https:\/\/blogg.svenskakyrkan.se\/vandravagen\/wp-json\/wp\/v2\/posts\/653\/revisions"}],"wp:attachment":[{"href":"https:\/\/blogg.svenskakyrkan.se\/vandravagen\/wp-json\/wp\/v2\/media?parent=653"}],"wp:term":[{"taxonomy":"category","embeddable":true,"href":"https:\/\/blogg.svenskakyrkan.se\/vandravagen\/wp-json\/wp\/v2\/categories?post=653"},{"taxonomy":"post_tag","embeddable":true,"href":"https:\/\/blogg.svenskakyrkan.se\/vandravagen\/wp-json\/wp\/v2\/tags?post=653"}],"curies":[{"name":"wp","href":"https:\/\/api.w.org\/{rel}","templated":true}]}}